{"id":9988,"date":"2022-06-10T12:07:00","date_gmt":"2022-06-10T12:07:00","guid":{"rendered":"https:\/\/www.deutsche-glasfaser.de\/blog\/?p=9988"},"modified":"2022-06-10T12:07:02","modified_gmt":"2022-06-10T12:07:02","slug":"digitale-orte-im-land-der-ideen-gewinner-2022","status":"publish","type":"post","link":"https:\/\/www.deutsche-glasfaser.de\/blog\/digitale-orte-im-land-der-ideen-gewinner-2022\/","title":{"rendered":"Digitaler Fortschritt wird sichtbar: Zehn \u201eDigitale Orte im Land der Ideen\u201c ausgezeichnet"},"content":{"rendered":"\t\t<div data-elementor-type=\"wp-post\" data-elementor-id=\"9988\" class=\"elementor elementor-9988\">\n\t\t\t\t\t\t<section class=\"elementor-section elementor-top-section elementor-element elementor-element-9c6e1eb elementor-section-boxed elementor-section-height-default elementor-section-height-default\" data-id=\"9c6e1eb\" data-element_type=\"section\" data-e-type=\"section\">\n\t\t\t\t\t\t<div class=\"elementor-container elementor-column-gap-default\">\n\t\t\t\t\t<div class=\"elementor-column elementor-col-100 elementor-top-column elementor-element elementor-element-942002c\" data-id=\"942002c\" data-element_type=\"column\" data-e-type=\"column\">\n\t\t\t<div class=\"elementor-widget-wrap elementor-element-populated\">\n\t\t\t\t\t\t<div class=\"elementor-element elementor-element-6eb496c elementor-widget elementor-widget-text-editor\" data-id=\"6eb496c\" data-element_type=\"widget\" data-e-type=\"widget\" data-widget_type=\"text-editor.default\">\n\t\t\t\t<div class=\"elementor-widget-container\">\n\t\t\t\t\t\t\t\t\t<p><span style=\"font-weight: 400;\">Gruppenfoto: Die Macherinnen und Macher hinter den zehn ausgezeichneten Projekten bei der Preisverleihung im EWerk. \u00a9 Deutschland \u2013 Land der Ideen\/Bernd Brundert<\/span><\/p>\t\t\t\t\t\t\t\t<\/div>\n\t\t\t\t<\/div>\n\t\t\t\t\t<\/div>\n\t\t<\/div>\n\t\t\t\t\t<\/div>\n\t\t<\/section>\n\t\t\t\t<section class=\"elementor-section elementor-top-section elementor-element elementor-element-50a811b elementor-section-boxed elementor-section-height-default elementor-section-height-default\" data-id=\"50a811b\" data-element_type=\"section\" data-e-type=\"section\">\n\t\t\t\t\t\t<div class=\"elementor-container elementor-column-gap-default\">\n\t\t\t\t\t<div class=\"elementor-column elementor-col-100 elementor-top-column elementor-element elementor-element-51b771e\" data-id=\"51b771e\" data-element_type=\"column\" data-e-type=\"column\">\n\t\t\t<div class=\"elementor-widget-wrap elementor-element-populated\">\n\t\t\t\t\t\t<div class=\"elementor-element elementor-element-ec8791d elementor-widget elementor-widget-text-editor\" data-id=\"ec8791d\" data-element_type=\"widget\" data-e-type=\"widget\" data-widget_type=\"text-editor.default\">\n\t\t\t\t<div class=\"elementor-widget-container\">\n\t\t\t\t\t\t\t\t\t<p><span style=\"font-weight: 400;\">Zeigen, welche Innovationskraft gerade im l\u00e4ndlichen Raum steckt \u2013 und welche Chance die Digitalisierung f\u00fcr die Entwicklung abseits der Metropolen bietet: Darum ging es beim Wettbewerb \u201eDigitale Orte im Land der Ideen\u201c, den Deutsche Glasfaser und \u201eDeutschland \u2013 Land der Ideen\u201c zum ersten Mal ausgerufen hatten. Mit gro\u00dfer Resonanz: Mehr als 200 Projekte haben sich um die Auszeichnung beworben. Die Bandbreite dieser Einreichungen zeige, \u201edass die Digitalisierung im l\u00e4ndlichen Raum in allen Lebensbereichen angekommen ist \u2013 wenn die n\u00f6tige Infrastruktur vorhanden ist\u201c, sagte Gastgeberin Ute Weiland, Gesch\u00e4ftsf\u00fchrerin der Initiative \u201eDeutschland \u2013 Land der Ideen\u201c, bei der feierlichen Preisverleihung in Berlin vor rund 200 G\u00e4sten.<\/span><\/p>\t\t\t\t\t\t\t\t<\/div>\n\t\t\t\t<\/div>\n\t\t\t\t<div class=\"elementor-element elementor-element-421b5ba elementor-widget elementor-widget-spacer\" data-id=\"421b5ba\" data-element_type=\"widget\" data-e-type=\"widget\" data-widget_type=\"spacer.default\">\n\t\t\t\t<div class=\"elementor-widget-container\">\n\t\t\t\t\t\t\t<div class=\"elementor-spacer\">\n\t\t\t<div class=\"elementor-spacer-inner\"><\/div>\n\t\t<\/div>\n\t\t\t\t\t\t<\/div>\n\t\t\t\t<\/div>\n\t\t\t\t<div class=\"elementor-element elementor-element-222ea10 elementor-widget elementor-widget-image\" data-id=\"222ea10\" data-element_type=\"widget\" data-e-type=\"widget\" data-widget_type=\"image.default\">\n\t\t\t\t<div class=\"elementor-widget-container\">\n\t\t\t\t\t\t\t\t\t\t\t\t<figure class=\"wp-caption\">\n\t\t\t\t\t\t\t\t\t\t<img fetchpriority=\"high\" decoding=\"async\" width=\"768\" height=\"507\" src=\"https:\/\/www.deutsche-glasfaser.de\/blog\/wp-content\/uploads\/2022\/06\/blog_preisverleihung1-768x507.jpg\" class=\"attachment-medium_large size-medium_large wp-image-9993\" alt=\"Eine Frau und ein Mann unterhalten sich vor beleuchteten Ausstellungstafel\" srcset=\"https:\/\/www.deutsche-glasfaser.de\/blog\/wp-content\/uploads\/2022\/06\/blog_preisverleihung1-768x507.jpg 768w, https:\/\/www.deutsche-glasfaser.de\/blog\/wp-content\/uploads\/2022\/06\/blog_preisverleihung1-300x198.jpg 300w, https:\/\/www.deutsche-glasfaser.de\/blog\/wp-content\/uploads\/2022\/06\/blog_preisverleihung1.jpg 788w\" sizes=\"(max-width: 768px) 100vw, 768px\" \/>\t\t\t\t\t\t\t\t\t\t\t<figcaption class=\"widget-image-caption wp-caption-text\">Kleine Ausstellung: Auf beleuchteten Stelen wurden die Gewinnerprojekte vorgestellt.\n\u00a9 Deutschland \u2013 Land der Ideen\/Bernd Brundert<\/figcaption>\n\t\t\t\t\t\t\t\t\t\t<\/figure>\n\t\t\t\t\t\t\t\t\t<\/div>\n\t\t\t\t<\/div>\n\t\t\t\t<div class=\"elementor-element elementor-element-e564e38 elementor-widget elementor-widget-spacer\" data-id=\"e564e38\" data-element_type=\"widget\" data-e-type=\"widget\" data-widget_type=\"spacer.default\">\n\t\t\t\t<div class=\"elementor-widget-container\">\n\t\t\t\t\t\t\t<div class=\"elementor-spacer\">\n\t\t\t<div class=\"elementor-spacer-inner\"><\/div>\n\t\t<\/div>\n\t\t\t\t\t\t<\/div>\n\t\t\t\t<\/div>\n\t\t\t\t<div class=\"elementor-element elementor-element-db9dd00 elementor-widget elementor-widget-text-editor\" data-id=\"db9dd00\" data-element_type=\"widget\" data-e-type=\"widget\" data-widget_type=\"text-editor.default\">\n\t\t\t\t<div class=\"elementor-widget-container\">\n\t\t\t\t\t\t\t\t\t<p><span style=\"font-weight: 400;\">In mehreren Runden habe die<\/span><strong><a href=\"https:\/\/land-der-ideen.de\/wettbewerbe\/digitale-orte\/jury\"> Jury<\/a><\/strong><span style=\"font-weight: 400;\"> diskutiert, um aus den Bewerbungen schlie\u00dflich die zehn Gewinnerprojekte auszuw\u00e4hlen, berichtete Thorsten Dirks, CEO von Deutsche Glasfaser. Dabei habe sich gezeigt, dass \u201edigitale Innovationen in Deutschland insbesondere vom Land kommen. Das ist ein Ansporn f\u00fcr uns, mit dem Ausrollen unserer Netze das digitale Potenzial im l\u00e4ndlichen Raum weiter zu steigern \u2013 denn Ideenreichtum und Machermentalit\u00e4t der Menschen kommen nicht nur ihrer eigenen Kommune zugute, sondern sind Vorbild f\u00fcr ganz Deutschland.\u201c Das bekr\u00e4ftigte auch die Staatssekret\u00e4rin im Bundesministerium f\u00fcr Digitales und Verkehr, Susanne Henckel, in ihrer Keynote. Der Ausbau der Glasfaserinfrastruktur sei ein nachhaltiger Beitrag f\u00fcr die Zukunft des l\u00e4ndlichen Raums \u2013 sie sei die Basis f\u00fcr digitalen Fortschritt und Innovation. Die ausgezeichneten Projekte spiegeln genau diese Innovationskraft wider: \u201eSie sind die digitalen Vordenker. Sie bringen mit ihren Ideen und ihrem Engagement die digitale Transformation voran\u201c, richtete sich Henckel an die Gewinnerteams, die aus ganz Deutschland angereist waren.<\/span><\/p>\t\t\t\t\t\t\t\t<\/div>\n\t\t\t\t<\/div>\n\t\t\t\t<div class=\"elementor-element elementor-element-9cd1e75 elementor-widget elementor-widget-spacer\" data-id=\"9cd1e75\" data-element_type=\"widget\" data-e-type=\"widget\" data-widget_type=\"spacer.default\">\n\t\t\t\t<div class=\"elementor-widget-container\">\n\t\t\t\t\t\t\t<div class=\"elementor-spacer\">\n\t\t\t<div class=\"elementor-spacer-inner\"><\/div>\n\t\t<\/div>\n\t\t\t\t\t\t<\/div>\n\t\t\t\t<\/div>\n\t\t\t\t<div class=\"elementor-element elementor-element-cf23164 elementor-widget elementor-widget-image\" data-id=\"cf23164\" data-element_type=\"widget\" data-e-type=\"widget\" data-widget_type=\"image.default\">\n\t\t\t\t<div class=\"elementor-widget-container\">\n\t\t\t\t\t\t\t\t\t\t\t\t<figure class=\"wp-caption\">\n\t\t\t\t\t\t\t\t\t\t<img decoding=\"async\" width=\"768\" height=\"507\" src=\"https:\/\/www.deutsche-glasfaser.de\/blog\/wp-content\/uploads\/2022\/06\/blog_preisverleihung4-768x507.jpg\" class=\"attachment-medium_large size-medium_large wp-image-9992\" alt=\"vier Menschen sitzen auf St\u00fchlen und schauen auf ein Blatt.\" srcset=\"https:\/\/www.deutsche-glasfaser.de\/blog\/wp-content\/uploads\/2022\/06\/blog_preisverleihung4-768x507.jpg 768w, https:\/\/www.deutsche-glasfaser.de\/blog\/wp-content\/uploads\/2022\/06\/blog_preisverleihung4-300x198.jpg 300w, https:\/\/www.deutsche-glasfaser.de\/blog\/wp-content\/uploads\/2022\/06\/blog_preisverleihung4.jpg 788w\" sizes=\"(max-width: 768px) 100vw, 768px\" \/>\t\t\t\t\t\t\t\t\t\t\t<figcaption class=\"widget-image-caption wp-caption-text\">Erste Reihe: Die Keynotespeakerin, Staatssekret\u00e4rin Susanne Henckel mit den Gastgebern Thorsten Dirks, CEO Deutsche Glasfaser und Ute Weiland, Gesch\u00e4ftsf\u00fchrerin Deutschland \u2013 Land der Ideen \n\u00a9 Deutschland \u2013 Land der Ideen\/Bernd Brundert<\/figcaption>\n\t\t\t\t\t\t\t\t\t\t<\/figure>\n\t\t\t\t\t\t\t\t\t<\/div>\n\t\t\t\t<\/div>\n\t\t\t\t<div class=\"elementor-element elementor-element-6fd2394 elementor-widget elementor-widget-spacer\" data-id=\"6fd2394\" data-element_type=\"widget\" data-e-type=\"widget\" data-widget_type=\"spacer.default\">\n\t\t\t\t<div class=\"elementor-widget-container\">\n\t\t\t\t\t\t\t<div class=\"elementor-spacer\">\n\t\t\t<div class=\"elementor-spacer-inner\"><\/div>\n\t\t<\/div>\n\t\t\t\t\t\t<\/div>\n\t\t\t\t<\/div>\n\t\t\t\t<div class=\"elementor-element elementor-element-d07c2a8 elementor-widget elementor-widget-text-editor\" data-id=\"d07c2a8\" data-element_type=\"widget\" data-e-type=\"widget\" data-widget_type=\"text-editor.default\">\n\t\t\t\t<div class=\"elementor-widget-container\">\n\t\t\t\t\t\t\t\t\t<p><span style=\"font-weight: 400;\">Auf gro\u00dffl\u00e4chigen beleuchteten Stelen im Berliner EWerk wurden die zehn Projektideen pr\u00e4sentiert \u2013 und den Gewinnern anschlie\u00dfend auch die gro\u00dfe B\u00fchne bereitet. Gemeinsam mit Ute Weiland und Thorsten Dirks gratulierte Staatssekret\u00e4rin Susanne Henckel den Preistr\u00e4gern, \u00fcberreichte die Urkunden und Preise aus Glas und Birkenholz. Ausgezeichnet wurden die Projekte in alphabetischer Reihenfolge:<\/span><\/p>\t\t\t\t\t\t\t\t<\/div>\n\t\t\t\t<\/div>\n\t\t\t\t<div class=\"elementor-element elementor-element-6f56817 elementor-widget elementor-widget-spacer\" data-id=\"6f56817\" data-element_type=\"widget\" data-e-type=\"widget\" data-widget_type=\"spacer.default\">\n\t\t\t\t<div class=\"elementor-widget-container\">\n\t\t\t\t\t\t\t<div class=\"elementor-spacer\">\n\t\t\t<div class=\"elementor-spacer-inner\"><\/div>\n\t\t<\/div>\n\t\t\t\t\t\t<\/div>\n\t\t\t\t<\/div>\n\t\t\t\t<div class=\"elementor-element elementor-element-75ed6c6 elementor-widget elementor-widget-heading\" data-id=\"75ed6c6\" data-element_type=\"widget\" data-e-type=\"widget\" data-widget_type=\"heading.default\">\n\t\t\t\t<div class=\"elementor-widget-container\">\n\t\t\t\t\t<h2 class=\"elementor-heading-title elementor-size-xl\">Nachhaltige Planung mit Smartdemography <\/h2>\t\t\t\t<\/div>\n\t\t\t\t<\/div>\n\t\t\t\t<div class=\"elementor-element elementor-element-616235a elementor-widget elementor-widget-spacer\" data-id=\"616235a\" data-element_type=\"widget\" data-e-type=\"widget\" data-widget_type=\"spacer.default\">\n\t\t\t\t<div class=\"elementor-widget-container\">\n\t\t\t\t\t\t\t<div class=\"elementor-spacer\">\n\t\t\t<div class=\"elementor-spacer-inner\"><\/div>\n\t\t<\/div>\n\t\t\t\t\t\t<\/div>\n\t\t\t\t<\/div>\n\t\t\t\t<div class=\"elementor-element elementor-element-b9aae96 elementor-widget elementor-widget-text-editor\" data-id=\"b9aae96\" data-element_type=\"widget\" data-e-type=\"widget\" data-widget_type=\"text-editor.default\">\n\t\t\t\t<div class=\"elementor-widget-container\">\n\t\t\t\t\t\t\t\t\t<p><span style=\"font-weight: 400;\">Der Kreis Recklinghausen begegnet den Herausforderungen des demografischen Wandels mit einem innovativen digitalen L\u00f6sungsansatz: dem zentralen Demografieportal Smartdemography. Es verkn\u00fcpft Informationen zur Bev\u00f6lkerungsentwicklung, die bislang nur gedruckt vorlagen, online mit Infos zur nahr\u00e4umlichen Versorgung. Das hilft bei langfristigen Planungen und Entscheidungen \u2013 zum Beispiel, wenn es um Kitas, den \u00d6PNV, Standorte f\u00fcr Superm\u00e4rkte oder neue Elektro-Ladestationen geht.<\/span><\/p><p><strong><a href=\"https:\/\/land-der-ideen.de\/wettbewerbe\/digitale-orte\/preistraegerinnen\/2022\/bessere-planung-laendlicher-raum\">Mehr erfahren<\/a><\/strong><\/p>\t\t\t\t\t\t\t\t<\/div>\n\t\t\t\t<\/div>\n\t\t\t\t<div class=\"elementor-element elementor-element-217dbfc elementor-widget elementor-widget-spacer\" data-id=\"217dbfc\" data-element_type=\"widget\" data-e-type=\"widget\" data-widget_type=\"spacer.default\">\n\t\t\t\t<div class=\"elementor-widget-container\">\n\t\t\t\t\t\t\t<div class=\"elementor-spacer\">\n\t\t\t<div class=\"elementor-spacer-inner\"><\/div>\n\t\t<\/div>\n\t\t\t\t\t\t<\/div>\n\t\t\t\t<\/div>\n\t\t\t\t<div class=\"elementor-element elementor-element-7a9bc80 elementor-widget elementor-widget-heading\" data-id=\"7a9bc80\" data-element_type=\"widget\" data-e-type=\"widget\" data-widget_type=\"heading.default\">\n\t\t\t\t<div class=\"elementor-widget-container\">\n\t\t\t\t\t<h2 class=\"elementor-heading-title elementor-size-xl\">KI-Hub Kronach: KI f\u00fcr KMU<\/h2>\t\t\t\t<\/div>\n\t\t\t\t<\/div>\n\t\t\t\t<div class=\"elementor-element elementor-element-b4a6126 elementor-widget elementor-widget-spacer\" data-id=\"b4a6126\" data-element_type=\"widget\" data-e-type=\"widget\" data-widget_type=\"spacer.default\">\n\t\t\t\t<div class=\"elementor-widget-container\">\n\t\t\t\t\t\t\t<div class=\"elementor-spacer\">\n\t\t\t<div class=\"elementor-spacer-inner\"><\/div>\n\t\t<\/div>\n\t\t\t\t\t\t<\/div>\n\t\t\t\t<\/div>\n\t\t\t\t<div class=\"elementor-element elementor-element-ed4d761 elementor-widget elementor-widget-text-editor\" data-id=\"ed4d761\" data-element_type=\"widget\" data-e-type=\"widget\" data-widget_type=\"text-editor.default\">\n\t\t\t\t<div class=\"elementor-widget-container\">\n\t\t\t\t\t\t\t\t\t<p><span style=\"font-weight: 400;\">Die Potenziale von Digitalisierung und K\u00fcnstlicher Intelligenz (KI) auch f\u00fcr Mittelst\u00e4ndler greifbar machen \u2013 darum k\u00fcmmert sich der KI-Hub am Lucas-Cranach-Campus Kronach der TH N\u00fcrnberg. Die wissenschaftlichen Mitarbeiter lassen die abstrakte Technologie bei Unternehmensbesuchen konkret werden und vermitteln so die Vorteile von KI. Die Erfolge sind in der Region bereits sp\u00fcrbar. L\u00f6sungen, die auf Maschinelles Lernen, neuronale Netze oder KI setzen, sind in der Praxis angekommen: etwa bei einem Werkzeugmacher, in einer B\u00e4ckerei und bei einem Weltmarktf\u00fchrer von Z\u00fcndsystemen f\u00fcr Heizungsanlagen.<\/span><\/p><p><strong><a href=\"https:\/\/land-der-ideen.de\/wettbewerbe\/digitale-orte\/preistraegerinnen\/2022\/ki-hub\">Mehr erfahren<\/a><\/strong><\/p>\t\t\t\t\t\t\t\t<\/div>\n\t\t\t\t<\/div>\n\t\t\t\t<div class=\"elementor-element elementor-element-c32d4e2 elementor-widget elementor-widget-spacer\" data-id=\"c32d4e2\" data-element_type=\"widget\" data-e-type=\"widget\" data-widget_type=\"spacer.default\">\n\t\t\t\t<div class=\"elementor-widget-container\">\n\t\t\t\t\t\t\t<div class=\"elementor-spacer\">\n\t\t\t<div class=\"elementor-spacer-inner\"><\/div>\n\t\t<\/div>\n\t\t\t\t\t\t<\/div>\n\t\t\t\t<\/div>\n\t\t\t\t<div class=\"elementor-element elementor-element-de85fc0 elementor-widget elementor-widget-heading\" data-id=\"de85fc0\" data-element_type=\"widget\" data-e-type=\"widget\" data-widget_type=\"heading.default\">\n\t\t\t\t<div class=\"elementor-widget-container\">\n\t\t\t\t\t<h2 class=\"elementor-heading-title elementor-size-xl\">Schloss Blumenfeld: kreativ, digital, zukunftsweisend<\/h2>\t\t\t\t<\/div>\n\t\t\t\t<\/div>\n\t\t\t\t<div class=\"elementor-element elementor-element-26afc7d elementor-widget elementor-widget-spacer\" data-id=\"26afc7d\" data-element_type=\"widget\" data-e-type=\"widget\" data-widget_type=\"spacer.default\">\n\t\t\t\t<div class=\"elementor-widget-container\">\n\t\t\t\t\t\t\t<div class=\"elementor-spacer\">\n\t\t\t<div class=\"elementor-spacer-inner\"><\/div>\n\t\t<\/div>\n\t\t\t\t\t\t<\/div>\n\t\t\t\t<\/div>\n\t\t\t\t<div class=\"elementor-element elementor-element-84831f7 elementor-widget elementor-widget-text-editor\" data-id=\"84831f7\" data-element_type=\"widget\" data-e-type=\"widget\" data-widget_type=\"text-editor.default\">\n\t\t\t\t<div class=\"elementor-widget-container\">\n\t\t\t\t\t\t\t\t\t<p><span style=\"font-weight: 400;\">W\u00e4hrend des<\/span><strong><a href=\"https:\/\/www.deutsche-glasfaser.de\/blog\/neue-sehnsuchtsorte-der-summer-of-pioneers-in-homberg\/\"> Summer of Pioneers<\/a><\/strong><span style=\"font-weight: 400;\"> in Tengen weckten neugierige St\u00e4dter das leerstehende Schloss Blumenfeld wieder zum Leben \u2013 es wurde nicht nur Wohnraum und Coworking-Space f\u00fcr die Zugezogenen, sondern auch Treffpunkt f\u00fcr B\u00fcrgerinnen und B\u00fcrger aus der Region. Im Sommer 2022 geht es nun mit neuen Pionieren in die n\u00e4chste Runde: Schloss Blumenfeld soll sich als l\u00e4ndlicher Zukunftsort etablieren und Tengen als Wohn- und Arbeitsort f\u00fcr Digital- und Kreativarbeiterinnen und -arbeiter attraktiv wird.<\/span><\/p><p><strong><a href=\"https:\/\/land-der-ideen.de\/wettbewerbe\/digitale-orte\/preistraegerinnen\/2022\/digitaler-zukunftsort\">Mehr erfahren <\/a><\/strong><\/p>\t\t\t\t\t\t\t\t<\/div>\n\t\t\t\t<\/div>\n\t\t\t\t<div class=\"elementor-element elementor-element-c31a4f7 elementor-widget elementor-widget-spacer\" data-id=\"c31a4f7\" data-element_type=\"widget\" data-e-type=\"widget\" data-widget_type=\"spacer.default\">\n\t\t\t\t<div class=\"elementor-widget-container\">\n\t\t\t\t\t\t\t<div class=\"elementor-spacer\">\n\t\t\t<div class=\"elementor-spacer-inner\"><\/div>\n\t\t<\/div>\n\t\t\t\t\t\t<\/div>\n\t\t\t\t<\/div>\n\t\t\t\t<div class=\"elementor-element elementor-element-e117fad elementor-widget elementor-widget-heading\" data-id=\"e117fad\" data-element_type=\"widget\" data-e-type=\"widget\" data-widget_type=\"heading.default\">\n\t\t\t\t<div class=\"elementor-widget-container\">\n\t\t\t\t\t<h2 class=\"elementor-heading-title elementor-size-xl\">Der Verstehbahnhof in F\u00fcrstenberg\/Havel<\/h2>\t\t\t\t<\/div>\n\t\t\t\t<\/div>\n\t\t\t\t<div class=\"elementor-element elementor-element-db21992 elementor-widget elementor-widget-spacer\" data-id=\"db21992\" data-element_type=\"widget\" data-e-type=\"widget\" data-widget_type=\"spacer.default\">\n\t\t\t\t<div class=\"elementor-widget-container\">\n\t\t\t\t\t\t\t<div class=\"elementor-spacer\">\n\t\t\t<div class=\"elementor-spacer-inner\"><\/div>\n\t\t<\/div>\n\t\t\t\t\t\t<\/div>\n\t\t\t\t<\/div>\n\t\t\t\t<div class=\"elementor-element elementor-element-ec23fa9 elementor-widget elementor-widget-text-editor\" data-id=\"ec23fa9\" data-element_type=\"widget\" data-e-type=\"widget\" data-widget_type=\"text-editor.default\">\n\t\t\t\t<div class=\"elementor-widget-container\">\n\t\t\t\t\t\t\t\t\t<p><span style=\"font-weight: 400;\">Aus einem leerstehenden Bahnhofsgeb\u00e4ude in F\u00fcrstenberg\/Havel wurde ein Makerspace und Bildungsort, ein Raum f\u00fcr lebenslanges Lernen: Der Verstehbahnhof des havel:lab e. V. zeigt vor allem jungen Menschen die digitale Zukunft und macht sie neugierig auf die damit verbundenen Technologien. Zum Programm z\u00e4hlen Aktivit\u00e4ten wie Roboter bauen, programmieren lernen oder 3D-Druck. \u201eEs geht darum, Digitales zu kreieren und nicht nur zu konsumieren\u201c, sagte Initiator Daniel Domscheit-Berg bei der Preisverleihung. Das Angebot richte sich an alle \u201eneugierigen Geister und lebenslangen Lerner\u201c. <\/span><\/p><p><strong><a href=\"https:\/\/land-der-ideen.de\/wettbewerbe\/digitale-orte\/preistraegerinnen\/2022\/digitaler-verstehbahnhof\">Mehr erfahren<\/a><\/strong><\/p>\t\t\t\t\t\t\t\t<\/div>\n\t\t\t\t<\/div>\n\t\t\t\t<div class=\"elementor-element elementor-element-e40bbcf elementor-widget elementor-widget-spacer\" data-id=\"e40bbcf\" data-element_type=\"widget\" data-e-type=\"widget\" data-widget_type=\"spacer.default\">\n\t\t\t\t<div class=\"elementor-widget-container\">\n\t\t\t\t\t\t\t<div class=\"elementor-spacer\">\n\t\t\t<div class=\"elementor-spacer-inner\"><\/div>\n\t\t<\/div>\n\t\t\t\t\t\t<\/div>\n\t\t\t\t<\/div>\n\t\t\t\t<div class=\"elementor-element elementor-element-020e4fe elementor-widget elementor-widget-image\" data-id=\"020e4fe\" data-element_type=\"widget\" data-e-type=\"widget\" data-widget_type=\"image.default\">\n\t\t\t\t<div class=\"elementor-widget-container\">\n\t\t\t\t\t\t\t\t\t\t\t\t<figure class=\"wp-caption\">\n\t\t\t\t\t\t\t\t\t\t<img decoding=\"async\" width=\"768\" height=\"507\" src=\"https:\/\/www.deutsche-glasfaser.de\/blog\/wp-content\/uploads\/2022\/06\/blog_preisverleihung5-768x507.jpg\" class=\"attachment-medium_large size-medium_large wp-image-9996\" alt=\"\" srcset=\"https:\/\/www.deutsche-glasfaser.de\/blog\/wp-content\/uploads\/2022\/06\/blog_preisverleihung5-768x507.jpg 768w, https:\/\/www.deutsche-glasfaser.de\/blog\/wp-content\/uploads\/2022\/06\/blog_preisverleihung5-300x198.jpg 300w, https:\/\/www.deutsche-glasfaser.de\/blog\/wp-content\/uploads\/2022\/06\/blog_preisverleihung5.jpg 788w\" sizes=\"(max-width: 768px) 100vw, 768px\" \/>\t\t\t\t\t\t\t\t\t\t\t<figcaption class=\"widget-image-caption wp-caption-text\">Teamgeist: Wenn man gemeinsam an Ideen arbeitet, entsteht die beste L\u00f6sung, zeigte sich bei der Kreativ\u00fcbung.\n\u00a9 Deutschland \u2013 Land der Ideen\/Bernd Brundert<\/figcaption>\n\t\t\t\t\t\t\t\t\t\t<\/figure>\n\t\t\t\t\t\t\t\t\t<\/div>\n\t\t\t\t<\/div>\n\t\t\t\t<div class=\"elementor-element elementor-element-57a6837 elementor-widget elementor-widget-spacer\" data-id=\"57a6837\" data-element_type=\"widget\" data-e-type=\"widget\" data-widget_type=\"spacer.default\">\n\t\t\t\t<div class=\"elementor-widget-container\">\n\t\t\t\t\t\t\t<div class=\"elementor-spacer\">\n\t\t\t<div class=\"elementor-spacer-inner\"><\/div>\n\t\t<\/div>\n\t\t\t\t\t\t<\/div>\n\t\t\t\t<\/div>\n\t\t\t\t<div class=\"elementor-element elementor-element-1978560 elementor-widget elementor-widget-heading\" data-id=\"1978560\" data-element_type=\"widget\" data-e-type=\"widget\" data-widget_type=\"heading.default\">\n\t\t\t\t<div class=\"elementor-widget-container\">\n\t\t\t\t\t<h2 class=\"elementor-heading-title elementor-size-xl\">DeinHaus 4.0: Im Alter zuhause leben<\/h2>\t\t\t\t<\/div>\n\t\t\t\t<\/div>\n\t\t\t\t<div class=\"elementor-element elementor-element-a45a1d3 elementor-widget elementor-widget-spacer\" data-id=\"a45a1d3\" data-element_type=\"widget\" data-e-type=\"widget\" data-widget_type=\"spacer.default\">\n\t\t\t\t<div class=\"elementor-widget-container\">\n\t\t\t\t\t\t\t<div class=\"elementor-spacer\">\n\t\t\t<div class=\"elementor-spacer-inner\"><\/div>\n\t\t<\/div>\n\t\t\t\t\t\t<\/div>\n\t\t\t\t<\/div>\n\t\t\t\t<div class=\"elementor-element elementor-element-632d5d7 elementor-widget elementor-widget-text-editor\" data-id=\"632d5d7\" data-element_type=\"widget\" data-e-type=\"widget\" data-widget_type=\"text-editor.default\">\n\t\t\t\t<div class=\"elementor-widget-container\">\n\t\t\t\t\t\t\t\t\t<p><span style=\"font-weight: 400;\">Pflegebed\u00fcrftige und \u00e4ltere Menschen sollen m\u00f6glichst lange eigenst\u00e4ndig, selbstbestimmt und sicher in den eigenen vier W\u00e4nden wohnen k\u00f6nnen: Das ist die Idee von \u201eDeinHaus 4.0\u201c der Technischen Hochschule Deggendorf, gef\u00f6rdert vom Bayerischen Staatsministerium f\u00fcr Gesundheit und Pflege. Erforscht werden technisch-digital gest\u00fctzte L\u00f6sungen, die hilfsbed\u00fcrftige Menschen in ihrem Wohnumfeld bedarfsgerecht unterst\u00fctzen \u2013 etwa die sich automatisch abschaltende Herdplatte oder ein digitaler Medikamentenspender. In zwei Mustereinrichtungen k\u00f6nnen Interessierte die digitalen Assistenzsysteme ausprobieren, au\u00dferdem machen 75 Probandenhaushalte mit Menschen zwischen 65 und 90 Jahren bei \u201eDeinHaus 4.0\u201c mit. <\/span><\/p><p><a href=\"https:\/\/land-der-ideen.de\/cache\/thumbs\/content\/4-wettbewerbe\/1-digitale-orte\/2-preistraegerinnen\/1-2022\/deinhaus40_grafik-20220519173729.1024-0-90.jpg\"><span style=\"font-weight: 400;\"><strong>Mehr erfahren<\/strong><\/span><\/a><\/p>\t\t\t\t\t\t\t\t<\/div>\n\t\t\t\t<\/div>\n\t\t\t\t<div class=\"elementor-element elementor-element-c0b1366 elementor-widget elementor-widget-spacer\" data-id=\"c0b1366\" data-element_type=\"widget\" data-e-type=\"widget\" data-widget_type=\"spacer.default\">\n\t\t\t\t<div class=\"elementor-widget-container\">\n\t\t\t\t\t\t\t<div class=\"elementor-spacer\">\n\t\t\t<div class=\"elementor-spacer-inner\"><\/div>\n\t\t<\/div>\n\t\t\t\t\t\t<\/div>\n\t\t\t\t<\/div>\n\t\t\t\t<div class=\"elementor-element elementor-element-a0d3678 elementor-widget elementor-widget-heading\" data-id=\"a0d3678\" data-element_type=\"widget\" data-e-type=\"widget\" data-widget_type=\"heading.default\">\n\t\t\t\t<div class=\"elementor-widget-container\">\n\t\t\t\t\t<h2 class=\"elementor-heading-title elementor-size-xl\">Match Rider macht B\u00fcrgerbusse flexibler<\/h2>\t\t\t\t<\/div>\n\t\t\t\t<\/div>\n\t\t\t\t<div class=\"elementor-element elementor-element-4a21c86 elementor-widget elementor-widget-spacer\" data-id=\"4a21c86\" data-element_type=\"widget\" data-e-type=\"widget\" data-widget_type=\"spacer.default\">\n\t\t\t\t<div class=\"elementor-widget-container\">\n\t\t\t\t\t\t\t<div class=\"elementor-spacer\">\n\t\t\t<div class=\"elementor-spacer-inner\"><\/div>\n\t\t<\/div>\n\t\t\t\t\t\t<\/div>\n\t\t\t\t<\/div>\n\t\t\t\t<div class=\"elementor-element elementor-element-aa53b6e elementor-widget elementor-widget-text-editor\" data-id=\"aa53b6e\" data-element_type=\"widget\" data-e-type=\"widget\" data-widget_type=\"text-editor.default\">\n\t\t\t\t<div class=\"elementor-widget-container\">\n\t\t\t\t\t\t\t\t\t<p><span style=\"font-weight: 400;\">Eine smarte und kosteng\u00fcnstige Software mit benutzerfreundlicher Oberfl\u00e4che: Match Rider unterst\u00fctzt B\u00fcrgerbusvereine dabei, Routen und Haltestellen selbst\u00e4ndig, effizient und digital zu verwalten. Dadurch werden Abl\u00e4ufe vereinfacht und Kosten gespart. Neben dem digitalen Fahrplantool wird auch eine spezielle App (MatchRiderGO-App) angeboten, \u00fcber die die Fahrten koordiniert werden k\u00f6nnen. Fahrer und Mitfahrer der B\u00fcrgerbusse profitieren von dieser neuen Flexibilit\u00e4t.<\/span><\/p><p><strong><a href=\"https:\/\/land-der-ideen.de\/wettbewerbe\/digitale-orte\/preistraegerinnen\/2022\/digitalisierte-buergerbusse\">Mehr erfahren<\/a> <\/strong><\/p>\t\t\t\t\t\t\t\t<\/div>\n\t\t\t\t<\/div>\n\t\t\t\t<div class=\"elementor-element elementor-element-2941a2d elementor-widget elementor-widget-spacer\" data-id=\"2941a2d\" data-element_type=\"widget\" data-e-type=\"widget\" data-widget_type=\"spacer.default\">\n\t\t\t\t<div class=\"elementor-widget-container\">\n\t\t\t\t\t\t\t<div class=\"elementor-spacer\">\n\t\t\t<div class=\"elementor-spacer-inner\"><\/div>\n\t\t<\/div>\n\t\t\t\t\t\t<\/div>\n\t\t\t\t<\/div>\n\t\t\t\t<div class=\"elementor-element elementor-element-6c2f802 elementor-widget elementor-widget-heading\" data-id=\"6c2f802\" data-element_type=\"widget\" data-e-type=\"widget\" data-widget_type=\"heading.default\">\n\t\t\t\t<div class=\"elementor-widget-container\">\n\t\t\t\t\t<h2 class=\"elementor-heading-title elementor-size-xl\">Hochwasserschutz digital: Rettet die Schlei<\/h2>\t\t\t\t<\/div>\n\t\t\t\t<\/div>\n\t\t\t\t<div class=\"elementor-element elementor-element-a142cf8 elementor-widget elementor-widget-spacer\" data-id=\"a142cf8\" data-element_type=\"widget\" data-e-type=\"widget\" data-widget_type=\"spacer.default\">\n\t\t\t\t<div class=\"elementor-widget-container\">\n\t\t\t\t\t\t\t<div class=\"elementor-spacer\">\n\t\t\t<div class=\"elementor-spacer-inner\"><\/div>\n\t\t<\/div>\n\t\t\t\t\t\t<\/div>\n\t\t\t\t<\/div>\n\t\t\t\t<div class=\"elementor-element elementor-element-49277a8 elementor-widget elementor-widget-text-editor\" data-id=\"49277a8\" data-element_type=\"widget\" data-e-type=\"widget\" data-widget_type=\"text-editor.default\">\n\t\t\t\t<div class=\"elementor-widget-container\">\n\t\t\t\t\t\t\t\t\t<p><span style=\"font-weight: 400;\">Der Klimawandel macht auch vor der Ostsee nicht Halt: Um vor Sturmfluten im Bereich Schleim\u00fcnde, vor steigenden Wasserpegeln, Hochwasser und \u00fcberfluteten Ufern zu warnen, haben sich IT-begeisterte Ehrenamtliche im Verein Nucleon e. V. zusammengeschlossen. Mit Pegel-Messsensoren, einer LoRaWAN-Infrastruktur und einem Online-Portal haben sie so ein digitales Hochwasser-Fr\u00fcherkennungssystem geschaffen. Bahnt sich Gefahr an, benachrichtigt das Portal automatisch Ansprechpartner wie zum Beispiel B\u00fcrgermeister und die Feuerwehr. <\/span><\/p><p><strong><a href=\"https:\/\/land-der-ideen.de\/wettbewerbe\/digitale-orte\/preistraegerinnen\/2022\/rettet-die-schlei\">Mehr erfahren<\/a> <\/strong><\/p>\t\t\t\t\t\t\t\t<\/div>\n\t\t\t\t<\/div>\n\t\t\t\t<div class=\"elementor-element elementor-element-7ad98d1 elementor-widget elementor-widget-spacer\" data-id=\"7ad98d1\" data-element_type=\"widget\" data-e-type=\"widget\" data-widget_type=\"spacer.default\">\n\t\t\t\t<div class=\"elementor-widget-container\">\n\t\t\t\t\t\t\t<div class=\"elementor-spacer\">\n\t\t\t<div class=\"elementor-spacer-inner\"><\/div>\n\t\t<\/div>\n\t\t\t\t\t\t<\/div>\n\t\t\t\t<\/div>\n\t\t\t\t<div class=\"elementor-element elementor-element-41c0124 elementor-widget elementor-widget-image\" data-id=\"41c0124\" data-element_type=\"widget\" data-e-type=\"widget\" data-widget_type=\"image.default\">\n\t\t\t\t<div class=\"elementor-widget-container\">\n\t\t\t\t\t\t\t\t\t\t\t\t<figure class=\"wp-caption\">\n\t\t\t\t\t\t\t\t\t\t<img loading=\"lazy\" decoding=\"async\" width=\"768\" height=\"507\" src=\"https:\/\/www.deutsche-glasfaser.de\/blog\/wp-content\/uploads\/2022\/06\/blog_preisverleihung6-768x507.jpg\" class=\"attachment-medium_large size-medium_large wp-image-9994\" alt=\"In einer gro\u00dfen Halle sitzen Menschen auf St\u00fchlen und eine Frau steht auf einer B\u00fchne.\" srcset=\"https:\/\/www.deutsche-glasfaser.de\/blog\/wp-content\/uploads\/2022\/06\/blog_preisverleihung6-768x507.jpg 768w, https:\/\/www.deutsche-glasfaser.de\/blog\/wp-content\/uploads\/2022\/06\/blog_preisverleihung6-300x198.jpg 300w, https:\/\/www.deutsche-glasfaser.de\/blog\/wp-content\/uploads\/2022\/06\/blog_preisverleihung6.jpg 788w\" sizes=\"(max-width: 768px) 100vw, 768px\" \/>\t\t\t\t\t\t\t\t\t\t\t<figcaption class=\"widget-image-caption wp-caption-text\">Volles Haus: Die Preisverleihung fand im gut besuchten EWerk in Berlin statt. \n\u00a9 Deutschland \u2013 Land der Ideen\/Bernd Brundert<\/figcaption>\n\t\t\t\t\t\t\t\t\t\t<\/figure>\n\t\t\t\t\t\t\t\t\t<\/div>\n\t\t\t\t<\/div>\n\t\t\t\t<div class=\"elementor-element elementor-element-7b5621a elementor-widget elementor-widget-spacer\" data-id=\"7b5621a\" data-element_type=\"widget\" data-e-type=\"widget\" data-widget_type=\"spacer.default\">\n\t\t\t\t<div class=\"elementor-widget-container\">\n\t\t\t\t\t\t\t<div class=\"elementor-spacer\">\n\t\t\t<div class=\"elementor-spacer-inner\"><\/div>\n\t\t<\/div>\n\t\t\t\t\t\t<\/div>\n\t\t\t\t<\/div>\n\t\t\t\t<div class=\"elementor-element elementor-element-d72aa0f elementor-widget elementor-widget-heading\" data-id=\"d72aa0f\" data-element_type=\"widget\" data-e-type=\"widget\" data-widget_type=\"heading.default\">\n\t\t\t\t<div class=\"elementor-widget-container\">\n\t\t\t\t\t<h2 class=\"elementor-heading-title elementor-size-xl\">Smart Village App f\u00fcr St\u00e4dte und Gemeinden<\/h2>\t\t\t\t<\/div>\n\t\t\t\t<\/div>\n\t\t\t\t<div class=\"elementor-element elementor-element-1eaaa6f elementor-widget elementor-widget-spacer\" data-id=\"1eaaa6f\" data-element_type=\"widget\" data-e-type=\"widget\" data-widget_type=\"spacer.default\">\n\t\t\t\t<div class=\"elementor-widget-container\">\n\t\t\t\t\t\t\t<div class=\"elementor-spacer\">\n\t\t\t<div class=\"elementor-spacer-inner\"><\/div>\n\t\t<\/div>\n\t\t\t\t\t\t<\/div>\n\t\t\t\t<\/div>\n\t\t\t\t<div class=\"elementor-element elementor-element-51bb342 elementor-widget elementor-widget-text-editor\" data-id=\"51bb342\" data-element_type=\"widget\" data-e-type=\"widget\" data-widget_type=\"text-editor.default\">\n\t\t\t\t<div class=\"elementor-widget-container\">\n\t\t\t\t\t\t\t\t\t<p><span style=\"font-weight: 400;\">Ob Abfallkalender, Mobilit\u00e4tsinfos oder der Austausch mit der Verwaltung \u2013 viele Kommunen kommunizieren per App mit ihren B\u00fcrgerinnen und B\u00fcrgern. Doch die Entwicklung einer individuellen L\u00f6sung ist zeit- und kostenintensiv. Die Erfinder der Smart Village App haben daher einen Open-Source-App-Baukasten entwickelt, damit der Aufwand f\u00fcr St\u00e4dte und Gemeinden \u00fcberschaubar bleibt. Durch das Open Source-Konzept k\u00f6nnen die Kommunen sich gegenseitig neue Funktionen zur Verf\u00fcgung stellen und so ebenfalls Kosten und Zeit sparen. Die Smart Village App versteht sich als Knotenpunkt, als digitaler Ort, wo sich die Gemeinschaft trifft. <\/span><\/p><p><strong><a href=\"https:\/\/land-der-ideen.de\/wettbewerbe\/digitale-orte\/preistraegerinnen\/2022\/smart-village-app\">Mehr erfahren<\/a> <\/strong><\/p>\t\t\t\t\t\t\t\t<\/div>\n\t\t\t\t<\/div>\n\t\t\t\t<div class=\"elementor-element elementor-element-3cfe371 elementor-widget elementor-widget-spacer\" data-id=\"3cfe371\" data-element_type=\"widget\" data-e-type=\"widget\" data-widget_type=\"spacer.default\">\n\t\t\t\t<div class=\"elementor-widget-container\">\n\t\t\t\t\t\t\t<div class=\"elementor-spacer\">\n\t\t\t<div class=\"elementor-spacer-inner\"><\/div>\n\t\t<\/div>\n\t\t\t\t\t\t<\/div>\n\t\t\t\t<\/div>\n\t\t\t\t<div class=\"elementor-element elementor-element-0cfa755 elementor-widget elementor-widget-heading\" data-id=\"0cfa755\" data-element_type=\"widget\" data-e-type=\"widget\" data-widget_type=\"heading.default\">\n\t\t\t\t<div class=\"elementor-widget-container\">\n\t\t\t\t\t<h2 class=\"elementor-heading-title elementor-size-xl\">Sch\u00fcler f\u00fcr Sch\u00fcler: TRAUMJOB CAMPUS <\/h2>\t\t\t\t<\/div>\n\t\t\t\t<\/div>\n\t\t\t\t<div class=\"elementor-element elementor-element-62d7ca6 elementor-widget elementor-widget-spacer\" data-id=\"62d7ca6\" data-element_type=\"widget\" data-e-type=\"widget\" data-widget_type=\"spacer.default\">\n\t\t\t\t<div class=\"elementor-widget-container\">\n\t\t\t\t\t\t\t<div class=\"elementor-spacer\">\n\t\t\t<div class=\"elementor-spacer-inner\"><\/div>\n\t\t<\/div>\n\t\t\t\t\t\t<\/div>\n\t\t\t\t<\/div>\n\t\t\t\t<div class=\"elementor-element elementor-element-2c163df elementor-widget elementor-widget-text-editor\" data-id=\"2c163df\" data-element_type=\"widget\" data-e-type=\"widget\" data-widget_type=\"text-editor.default\">\n\t\t\t\t<div class=\"elementor-widget-container\">\n\t\t\t\t\t\t\t\t\t<p><span style=\"font-weight: 400;\">Wie stelle ich mir meine berufliche Zukunft vor? Welche Interessen und St\u00e4rken will ich einbringen, welche M\u00f6glichkeiten habe ich \u00fcberhaupt? Das Start-up \u201eMein mutiger Weg\u201c will Jugendliche dazu bringen, sich mit der Gestaltung ihrer beruflichen Zukunft zu befassen und hat daf\u00fcr TRAUMJOB CAMPUS entwickelt: die deutschlandweit erste digitale Plattform f\u00fcr sch\u00fclergerechte Berufsorientierung \u2013 von Sch\u00fclern f\u00fcr Sch\u00fcler des Landkreises S\u00fcdwestpfalz. Zum Angebot geh\u00f6ren neben Erkl\u00e4rvideos auch regelm\u00e4\u00dfige Coaching-Calls, ein individuelles Mentor-Matching und Schnittstellen zu lokalen Berufsberatungen.<\/span><\/p><p><strong><a href=\"https:\/\/land-der-ideen.de\/wettbewerbe\/digitale-orte\/preistraegerinnen\/2022\/traumjob-campus\">Mehr erfahren<\/a> <\/strong><\/p>\t\t\t\t\t\t\t\t<\/div>\n\t\t\t\t<\/div>\n\t\t\t\t<div class=\"elementor-element elementor-element-a2ba2ee elementor-widget elementor-widget-spacer\" data-id=\"a2ba2ee\" data-element_type=\"widget\" data-e-type=\"widget\" data-widget_type=\"spacer.default\">\n\t\t\t\t<div class=\"elementor-widget-container\">\n\t\t\t\t\t\t\t<div class=\"elementor-spacer\">\n\t\t\t<div class=\"elementor-spacer-inner\"><\/div>\n\t\t<\/div>\n\t\t\t\t\t\t<\/div>\n\t\t\t\t<\/div>\n\t\t\t\t<div class=\"elementor-element elementor-element-adc804b elementor-widget elementor-widget-heading\" data-id=\"adc804b\" data-element_type=\"widget\" data-e-type=\"widget\" data-widget_type=\"heading.default\">\n\t\t\t\t<div class=\"elementor-widget-container\">\n\t\t\t\t\t<h2 class=\"elementor-heading-title elementor-size-xl\">Spontanes Ehrenamt mit der VoluMap <\/h2>\t\t\t\t<\/div>\n\t\t\t\t<\/div>\n\t\t\t\t<div class=\"elementor-element elementor-element-0114cdd elementor-widget elementor-widget-spacer\" data-id=\"0114cdd\" data-element_type=\"widget\" data-e-type=\"widget\" data-widget_type=\"spacer.default\">\n\t\t\t\t<div class=\"elementor-widget-container\">\n\t\t\t\t\t\t\t<div class=\"elementor-spacer\">\n\t\t\t<div class=\"elementor-spacer-inner\"><\/div>\n\t\t<\/div>\n\t\t\t\t\t\t<\/div>\n\t\t\t\t<\/div>\n\t\t\t\t<div class=\"elementor-element elementor-element-b9f2e04 elementor-widget elementor-widget-text-editor\" data-id=\"b9f2e04\" data-element_type=\"widget\" data-e-type=\"widget\" data-widget_type=\"text-editor.default\">\n\t\t\t\t<div class=\"elementor-widget-container\">\n\t\t\t\t\t\t\t\t\t<p><span style=\"font-weight: 400;\">Ehrenamtliche helfen \u2013 da wo sie gebraucht werden: Dabei unterst\u00fctzt die VoluMap der Stadt G\u00fctersloh. Die digitale L\u00f6sung bringt Helfer und gemeinn\u00fctzige Initiativen unkompliziert zusammen. Das funktioniert so: Die Kommune vergibt Admin-Accounts an lokale Organisationen, die \u00fcber die Plattform ihre Gesuche platzieren k\u00f6nnen. So werden auch Menschen angesprochen, die sich nicht regelm\u00e4\u00dfig, sondern nur spontan oder zeitlich begrenzt engagieren k\u00f6nnen. <\/span><\/p><p><strong><a href=\"https:\/\/land-der-ideen.de\/wettbewerbe\/digitale-orte\/preistraegerinnen\/2022\/volumap\">Mehr erfahren<\/a><\/strong><\/p>\t\t\t\t\t\t\t\t<\/div>\n\t\t\t\t<\/div>\n\t\t\t\t<div class=\"elementor-element elementor-element-7ef7d39 elementor-widget elementor-widget-spacer\" data-id=\"7ef7d39\" data-element_type=\"widget\" data-e-type=\"widget\" data-widget_type=\"spacer.default\">\n\t\t\t\t<div class=\"elementor-widget-container\">\n\t\t\t\t\t\t\t<div class=\"elementor-spacer\">\n\t\t\t<div class=\"elementor-spacer-inner\"><\/div>\n\t\t<\/div>\n\t\t\t\t\t\t<\/div>\n\t\t\t\t<\/div>\n\t\t\t\t<div class=\"elementor-element elementor-element-8d494b4 elementor-widget elementor-widget-text-editor\" data-id=\"8d494b4\" data-element_type=\"widget\" data-e-type=\"widget\" data-widget_type=\"text-editor.default\">\n\t\t\t\t<div class=\"elementor-widget-container\">\n\t\t\t\t\t\t\t\t\t<p><span style=\"font-weight: 400;\">In ihrer Vielfalt decken die ausgezeichneten Projekte viele Aspekte des (digitalen) Alltags ab \u2013 von Mobilit\u00e4t bis Hochwasser- und Umweltschutz, vom Ehrenamt bis zur Modernisierung im Mittelstand. Eines haben sie aber gemeinsam: Sie zeigen, wie viel Innovationskraft im l\u00e4ndlichen Raum steckt, eine wichtige Grundlage, um digitale Antworten auf aktuelle Herausforderungen zu finden. Hier setzte auch Dr. Frederik G. Pferdt, Chief Innovation Evangelist bei Google, an. \u201eMeine Mission ist es, Innovationskraft und Kreativit\u00e4t in Menschen freizusetzen\u201c, so Pferdt. Gelassenheit und Ruhe seien daf\u00fcr eine wichtige Voraussetzung. Zwischen der Auszeichnung der Projekte lud er das Publikum daher nicht nur zu einer kleinen Meditationsreise ein, sondern auch zu einem interaktiven Experiment \u2013 n\u00e4mlich selbst zum Stift zu greifen und ganz analog auf Papier zusammen mit der Sitznachbarin oder dem Sitznachbarn einen Roboter entstehen zu lassen. Nicht ohne Hintergedanken: \u201eInnovation ist ein Teamsport\u201c, so sein Fazit. \u201eWenn man gemeinsam an Ideen arbeitet, entsteht die beste L\u00f6sung.\u201c <\/span><\/p>\t\t\t\t\t\t\t\t<\/div>\n\t\t\t\t<\/div>\n\t\t\t\t<div class=\"elementor-element elementor-element-d2a0dc6 elementor-widget elementor-widget-spacer\" data-id=\"d2a0dc6\" data-element_type=\"widget\" data-e-type=\"widget\" data-widget_type=\"spacer.default\">\n\t\t\t\t<div class=\"elementor-widget-container\">\n\t\t\t\t\t\t\t<div class=\"elementor-spacer\">\n\t\t\t<div class=\"elementor-spacer-inner\"><\/div>\n\t\t<\/div>\n\t\t\t\t\t\t<\/div>\n\t\t\t\t<\/div>\n\t\t\t\t<div class=\"elementor-element elementor-element-b6ce5b3 elementor-widget elementor-widget-image\" data-id=\"b6ce5b3\" data-element_type=\"widget\" data-e-type=\"widget\" data-widget_type=\"image.default\">\n\t\t\t\t<div class=\"elementor-widget-container\">\n\t\t\t\t\t\t\t\t\t\t\t\t<figure class=\"wp-caption\">\n\t\t\t\t\t\t\t\t\t\t<img loading=\"lazy\" decoding=\"async\" width=\"768\" height=\"507\" src=\"https:\/\/www.deutsche-glasfaser.de\/blog\/wp-content\/uploads\/2022\/06\/blog_preisverleihung3-768x507.jpg\" class=\"attachment-medium_large size-medium_large wp-image-9997\" alt=\"\" srcset=\"https:\/\/www.deutsche-glasfaser.de\/blog\/wp-content\/uploads\/2022\/06\/blog_preisverleihung3-768x507.jpg 768w, https:\/\/www.deutsche-glasfaser.de\/blog\/wp-content\/uploads\/2022\/06\/blog_preisverleihung3-300x198.jpg 300w, https:\/\/www.deutsche-glasfaser.de\/blog\/wp-content\/uploads\/2022\/06\/blog_preisverleihung3.jpg 788w\" sizes=\"(max-width: 768px) 100vw, 768px\" \/>\t\t\t\t\t\t\t\t\t\t\t<figcaption class=\"widget-image-caption wp-caption-text\">Innovationsgeist: Dr. Frederik G. Pferdt, Chief Innovation Evangelist bei Google, auf der B\u00fchne mit Moderatorin Eva-Maria Lemke.\n\u00a9 Deutschland \u2013 Land der Ideen\/Bernd Brundert\n<\/figcaption>\n\t\t\t\t\t\t\t\t\t\t<\/figure>\n\t\t\t\t\t\t\t\t\t<\/div>\n\t\t\t\t<\/div>\n\t\t\t\t<div class=\"elementor-element elementor-element-095fa99 elementor-widget elementor-widget-spacer\" data-id=\"095fa99\" data-element_type=\"widget\" data-e-type=\"widget\" data-widget_type=\"spacer.default\">\n\t\t\t\t<div class=\"elementor-widget-container\">\n\t\t\t\t\t\t\t<div class=\"elementor-spacer\">\n\t\t\t<div class=\"elementor-spacer-inner\"><\/div>\n\t\t<\/div>\n\t\t\t\t\t\t<\/div>\n\t\t\t\t<\/div>\n\t\t\t\t<div class=\"elementor-element elementor-element-91ebb30 elementor-widget elementor-widget-text-editor\" data-id=\"91ebb30\" data-element_type=\"widget\" data-e-type=\"widget\" data-widget_type=\"text-editor.default\">\n\t\t\t\t<div class=\"elementor-widget-container\">\n\t\t\t\t\t\t\t\t\t<p><span style=\"font-weight: 400;\">Schauspielerin und Produzentin Natalia W\u00f6rner gab anschlie\u00dfend im Dialog mit Moderatorin Eva-Maria Lemke einen Einblick in ihren digitalen Alltag zwischen Stadt und Land. Gerade in der Pandemie habe sich dieses Pendeln als ideal erwiesen. Der l\u00e4ndliche Raum sei f\u00fcr sie \u201eein Ort zum Auftanken\u201d. Und auch Schauspielerinnen k\u00f6nnen aus dem Home-Office arbeiten, verriet sie \u2013 wenn denn die Anbindung stimmt. \u201eSich digital zu treffen und digital kreativ zu sein, hat auch in meinem Beruf mehr Bedeutung bekommen.\u201d<\/span><\/p><p><span style=\"font-weight: 400;\">Der gemeinsame Abend im EWerk bot dann den Rahmen, sich live und direkt auszutauschen und zu vernetzen. Beim abschlie\u00dfenden Barbecue auf der Dachterrasse wurde der Grundstein gelegt, um vielleicht auch in Zukunft zusammen kreativ zu sein und an spannenden digitalen Ideen zu arbeiten.<\/span><\/p><p><span style=\"font-weight: 400;\">Alle ausgezeichneten Projekte werden in den n\u00e4chsten Wochen hier im Digitalen B\u00fcrgernetz ausf\u00fchrlich vorgestellt. Alle Informationen zum Wettbewerb finden Sie <\/span><a href=\"http:\/\/www.digitale-orte.de\"><span style=\"font-weight: 400;\"><strong>hier<\/strong><\/span><\/a><span style=\"font-weight: 400;\">.<\/span><\/p>\t\t\t\t\t\t\t\t<\/div>\n\t\t\t\t<\/div>\n\t\t\t\t\t<\/div>\n\t\t<\/div>\n\t\t\t\t\t<\/div>\n\t\t<\/section>\n\t\t\t\t<\/div>\n\t\t","protected":false},"excerpt":{"rendered":"<p>Die Gewinner des Wettbewerbs \u201eDigitale Orte im Land der Ideen\u201c stehen fest: Deutsche Glasfaser und \u201eDeutschland \u2013 Land der Ideen\u201c haben in Berlin zehn Siegerprojekte ausgezeichnet \u2013 und damit zehn digitale Ans\u00e4tze, um das Miteinander abseits der gro\u00dfen Metropolen verbessern. <\/p>\n","protected":false},"author":5,"featured_media":9991,"comment_status":"open","ping_status":"open","sticky":false,"template":"","format":"standard","meta":{"footnotes":""},"categories":[71],"tags":[],"class_list":["post-9988","post","type-post","status-publish","format-standard","has-post-thumbnail","hentry","category-gemeinschaft"],"yoast_head":"<!-- This site is optimized with the Yoast SEO plugin v27.5 - https:\/\/yoast.com\/product\/yoast-seo-wordpress\/ -->\n<title>Preistr\u00e4ger des Wettbewerbs \u201eDigitale Orte im Land der Ideen\u201c - Digitales B\u00fcrgernetz<\/title>\n<meta name=\"description\" content=\"Digitales Leben auf dem Land: Beim Wettbewerb \u201eDigitale Orte im Land der Ideen\u201c wurden zehn Projekte aus ganz Deutschland ausgezeichnet\" \/>\n<meta name=\"robots\" content=\"index, follow, max-snippet:-1, max-image-preview:large, max-video-preview:-1\" \/>\n<link rel=\"canonical\" href=\"https:\/\/www.deutsche-glasfaser.de\/blog\/digitale-orte-im-land-der-ideen-gewinner-2022\/\" \/>\n<meta property=\"og:locale\" content=\"de_DE\" \/>\n<meta property=\"og:type\" content=\"article\" \/>\n<meta property=\"og:title\" content=\"Preistr\u00e4ger des Wettbewerbs \u201eDigitale Orte im Land der Ideen\u201c - Digitales B\u00fcrgernetz\" \/>\n<meta property=\"og:description\" content=\"Digitales Leben auf dem Land: Beim Wettbewerb \u201eDigitale Orte im Land der Ideen\u201c wurden zehn Projekte aus ganz Deutschland ausgezeichnet\" \/>\n<meta property=\"og:url\" content=\"https:\/\/www.deutsche-glasfaser.de\/blog\/digitale-orte-im-land-der-ideen-gewinner-2022\/\" \/>\n<meta property=\"og:site_name\" content=\"Digitales B\u00fcrgernetz\" \/>\n<meta property=\"article:published_time\" content=\"2022-06-10T12:07:00+00:00\" \/>\n<meta property=\"article:modified_time\" content=\"2022-06-10T12:07:02+00:00\" \/>\n<meta property=\"og:image\" content=\"https:\/\/www.deutsche-glasfaser.de\/blog\/wp-content\/uploads\/2022\/06\/header_preisverleihung.jpg\" \/>\n\t<meta property=\"og:image:width\" content=\"1500\" \/>\n\t<meta property=\"og:image:height\" content=\"705\" \/>\n\t<meta property=\"og:image:type\" content=\"image\/jpeg\" \/>\n<meta name=\"author\" content=\"Deutsche Glasfaser\" \/>\n<meta name=\"twitter:card\" content=\"summary_large_image\" \/>\n<meta name=\"twitter:label1\" content=\"Verfasst von\" \/>\n\t<meta name=\"twitter:data1\" content=\"Deutsche Glasfaser\" \/>\n\t<meta name=\"twitter:label2\" content=\"Gesch\u00e4tzte Lesezeit\" \/>\n\t<meta name=\"twitter:data2\" content=\"10\u00a0Minuten\" \/>\n<script type=\"application\/ld+json\" class=\"yoast-schema-graph\">{\"@context\":\"https:\\\/\\\/schema.org\",\"@graph\":[{\"@type\":\"Article\",\"@id\":\"https:\\\/\\\/www.deutsche-glasfaser.de\\\/blog\\\/digitale-orte-im-land-der-ideen-gewinner-2022\\\/#article\",\"isPartOf\":{\"@id\":\"https:\\\/\\\/www.deutsche-glasfaser.de\\\/blog\\\/digitale-orte-im-land-der-ideen-gewinner-2022\\\/\"},\"author\":{\"name\":\"Deutsche Glasfaser\",\"@id\":\"https:\\\/\\\/www.deutsche-glasfaser.de\\\/blog\\\/#\\\/schema\\\/person\\\/9380a6dc7443d77143d0c66c409f574b\"},\"headline\":\"Digitaler Fortschritt wird sichtbar: Zehn \u201eDigitale Orte im Land der Ideen\u201c ausgezeichnet\",\"datePublished\":\"2022-06-10T12:07:00+00:00\",\"dateModified\":\"2022-06-10T12:07:02+00:00\",\"mainEntityOfPage\":{\"@id\":\"https:\\\/\\\/www.deutsche-glasfaser.de\\\/blog\\\/digitale-orte-im-land-der-ideen-gewinner-2022\\\/\"},\"wordCount\":1648,\"commentCount\":0,\"publisher\":{\"@id\":\"https:\\\/\\\/www.deutsche-glasfaser.de\\\/blog\\\/#organization\"},\"image\":{\"@id\":\"https:\\\/\\\/www.deutsche-glasfaser.de\\\/blog\\\/digitale-orte-im-land-der-ideen-gewinner-2022\\\/#primaryimage\"},\"thumbnailUrl\":\"https:\\\/\\\/www.deutsche-glasfaser.de\\\/blog\\\/wp-content\\\/uploads\\\/2022\\\/06\\\/header_preisverleihung.jpg\",\"articleSection\":[\"#Gemeinschaft\"],\"inLanguage\":\"de\",\"potentialAction\":[{\"@type\":\"CommentAction\",\"name\":\"Comment\",\"target\":[\"https:\\\/\\\/www.deutsche-glasfaser.de\\\/blog\\\/digitale-orte-im-land-der-ideen-gewinner-2022\\\/#respond\"]}]},{\"@type\":\"WebPage\",\"@id\":\"https:\\\/\\\/www.deutsche-glasfaser.de\\\/blog\\\/digitale-orte-im-land-der-ideen-gewinner-2022\\\/\",\"url\":\"https:\\\/\\\/www.deutsche-glasfaser.de\\\/blog\\\/digitale-orte-im-land-der-ideen-gewinner-2022\\\/\",\"name\":\"Preistr\u00e4ger des Wettbewerbs \u201eDigitale Orte im Land der Ideen\u201c - Digitales B\u00fcrgernetz\",\"isPartOf\":{\"@id\":\"https:\\\/\\\/www.deutsche-glasfaser.de\\\/blog\\\/#website\"},\"primaryImageOfPage\":{\"@id\":\"https:\\\/\\\/www.deutsche-glasfaser.de\\\/blog\\\/digitale-orte-im-land-der-ideen-gewinner-2022\\\/#primaryimage\"},\"image\":{\"@id\":\"https:\\\/\\\/www.deutsche-glasfaser.de\\\/blog\\\/digitale-orte-im-land-der-ideen-gewinner-2022\\\/#primaryimage\"},\"thumbnailUrl\":\"https:\\\/\\\/www.deutsche-glasfaser.de\\\/blog\\\/wp-content\\\/uploads\\\/2022\\\/06\\\/header_preisverleihung.jpg\",\"datePublished\":\"2022-06-10T12:07:00+00:00\",\"dateModified\":\"2022-06-10T12:07:02+00:00\",\"description\":\"Digitales Leben auf dem Land: Beim Wettbewerb \u201eDigitale Orte im Land der Ideen\u201c wurden zehn Projekte aus ganz Deutschland ausgezeichnet\",\"inLanguage\":\"de\",\"potentialAction\":[{\"@type\":\"ReadAction\",\"target\":[\"https:\\\/\\\/www.deutsche-glasfaser.de\\\/blog\\\/digitale-orte-im-land-der-ideen-gewinner-2022\\\/\"]}]},{\"@type\":\"ImageObject\",\"inLanguage\":\"de\",\"@id\":\"https:\\\/\\\/www.deutsche-glasfaser.de\\\/blog\\\/digitale-orte-im-land-der-ideen-gewinner-2022\\\/#primaryimage\",\"url\":\"https:\\\/\\\/www.deutsche-glasfaser.de\\\/blog\\\/wp-content\\\/uploads\\\/2022\\\/06\\\/header_preisverleihung.jpg\",\"contentUrl\":\"https:\\\/\\\/www.deutsche-glasfaser.de\\\/blog\\\/wp-content\\\/uploads\\\/2022\\\/06\\\/header_preisverleihung.jpg\",\"width\":1500,\"height\":705,\"caption\":\"Gruppenfoto: Die Macherinnen und Macher hinter den zehn ausgezeichneten Projekten bei der Preisverleihung im EWerk. \u00a9 Deutschland \u2013 Land der Ideen\\\/Bernd Brundert\"},{\"@type\":\"WebSite\",\"@id\":\"https:\\\/\\\/www.deutsche-glasfaser.de\\\/blog\\\/#website\",\"url\":\"https:\\\/\\\/www.deutsche-glasfaser.de\\\/blog\\\/\",\"name\":\"Digitales B\u00fcrgernetz\",\"description\":\"Deutsche Glasfaser Blog\",\"publisher\":{\"@id\":\"https:\\\/\\\/www.deutsche-glasfaser.de\\\/blog\\\/#organization\"},\"potentialAction\":[{\"@type\":\"SearchAction\",\"target\":{\"@type\":\"EntryPoint\",\"urlTemplate\":\"https:\\\/\\\/www.deutsche-glasfaser.de\\\/blog\\\/?s={search_term_string}\"},\"query-input\":{\"@type\":\"PropertyValueSpecification\",\"valueRequired\":true,\"valueName\":\"search_term_string\"}}],\"inLanguage\":\"de\"},{\"@type\":\"Organization\",\"@id\":\"https:\\\/\\\/www.deutsche-glasfaser.de\\\/blog\\\/#organization\",\"name\":\"Digitales B\u00fcrgernetz\",\"url\":\"https:\\\/\\\/www.deutsche-glasfaser.de\\\/blog\\\/\",\"logo\":{\"@type\":\"ImageObject\",\"inLanguage\":\"de\",\"@id\":\"https:\\\/\\\/www.deutsche-glasfaser.de\\\/blog\\\/#\\\/schema\\\/logo\\\/image\\\/\",\"url\":\"https:\\\/\\\/www.deutsche-glasfaser.de\\\/blog\\\/wp-content\\\/uploads\\\/2021\\\/08\\\/DGF_Logo_Basis_RGB-Large@2x.png\",\"contentUrl\":\"https:\\\/\\\/www.deutsche-glasfaser.de\\\/blog\\\/wp-content\\\/uploads\\\/2021\\\/08\\\/DGF_Logo_Basis_RGB-Large@2x.png\",\"width\":312,\"height\":104,\"caption\":\"Digitales B\u00fcrgernetz\"},\"image\":{\"@id\":\"https:\\\/\\\/www.deutsche-glasfaser.de\\\/blog\\\/#\\\/schema\\\/logo\\\/image\\\/\"}},{\"@type\":\"Person\",\"@id\":\"https:\\\/\\\/www.deutsche-glasfaser.de\\\/blog\\\/#\\\/schema\\\/person\\\/9380a6dc7443d77143d0c66c409f574b\",\"name\":\"Deutsche Glasfaser\"}]}<\/script>\n<!-- \/ Yoast SEO plugin. -->","yoast_head_json":{"title":"Preistr\u00e4ger des Wettbewerbs \u201eDigitale Orte im Land der Ideen\u201c - Digitales B\u00fcrgernetz","description":"Digitales Leben auf dem Land: Beim Wettbewerb \u201eDigitale Orte im Land der Ideen\u201c wurden zehn Projekte aus ganz Deutschland ausgezeichnet","robots":{"index":"index","follow":"follow","max-snippet":"max-snippet:-1","max-image-preview":"max-image-preview:large","max-video-preview":"max-video-preview:-1"},"canonical":"https:\/\/www.deutsche-glasfaser.de\/blog\/digitale-orte-im-land-der-ideen-gewinner-2022\/","og_locale":"de_DE","og_type":"article","og_title":"Preistr\u00e4ger des Wettbewerbs \u201eDigitale Orte im Land der Ideen\u201c - Digitales B\u00fcrgernetz","og_description":"Digitales Leben auf dem Land: Beim Wettbewerb \u201eDigitale Orte im Land der Ideen\u201c wurden zehn Projekte aus ganz Deutschland ausgezeichnet","og_url":"https:\/\/www.deutsche-glasfaser.de\/blog\/digitale-orte-im-land-der-ideen-gewinner-2022\/","og_site_name":"Digitales B\u00fcrgernetz","article_published_time":"2022-06-10T12:07:00+00:00","article_modified_time":"2022-06-10T12:07:02+00:00","og_image":[{"width":1500,"height":705,"url":"https:\/\/www.deutsche-glasfaser.de\/blog\/wp-content\/uploads\/2022\/06\/header_preisverleihung.jpg","type":"image\/jpeg"}],"author":"Deutsche Glasfaser","twitter_card":"summary_large_image","twitter_misc":{"Verfasst von":"Deutsche Glasfaser","Gesch\u00e4tzte Lesezeit":"10\u00a0Minuten"},"schema":{"@context":"https:\/\/schema.org","@graph":[{"@type":"Article","@id":"https:\/\/www.deutsche-glasfaser.de\/blog\/digitale-orte-im-land-der-ideen-gewinner-2022\/#article","isPartOf":{"@id":"https:\/\/www.deutsche-glasfaser.de\/blog\/digitale-orte-im-land-der-ideen-gewinner-2022\/"},"author":{"name":"Deutsche Glasfaser","@id":"https:\/\/www.deutsche-glasfaser.de\/blog\/#\/schema\/person\/9380a6dc7443d77143d0c66c409f574b"},"headline":"Digitaler Fortschritt wird sichtbar: Zehn \u201eDigitale Orte im Land der Ideen\u201c ausgezeichnet","datePublished":"2022-06-10T12:07:00+00:00","dateModified":"2022-06-10T12:07:02+00:00","mainEntityOfPage":{"@id":"https:\/\/www.deutsche-glasfaser.de\/blog\/digitale-orte-im-land-der-ideen-gewinner-2022\/"},"wordCount":1648,"commentCount":0,"publisher":{"@id":"https:\/\/www.deutsche-glasfaser.de\/blog\/#organization"},"image":{"@id":"https:\/\/www.deutsche-glasfaser.de\/blog\/digitale-orte-im-land-der-ideen-gewinner-2022\/#primaryimage"},"thumbnailUrl":"https:\/\/www.deutsche-glasfaser.de\/blog\/wp-content\/uploads\/2022\/06\/header_preisverleihung.jpg","articleSection":["#Gemeinschaft"],"inLanguage":"de","potentialAction":[{"@type":"CommentAction","name":"Comment","target":["https:\/\/www.deutsche-glasfaser.de\/blog\/digitale-orte-im-land-der-ideen-gewinner-2022\/#respond"]}]},{"@type":"WebPage","@id":"https:\/\/www.deutsche-glasfaser.de\/blog\/digitale-orte-im-land-der-ideen-gewinner-2022\/","url":"https:\/\/www.deutsche-glasfaser.de\/blog\/digitale-orte-im-land-der-ideen-gewinner-2022\/","name":"Preistr\u00e4ger des Wettbewerbs \u201eDigitale Orte im Land der Ideen\u201c - Digitales B\u00fcrgernetz","isPartOf":{"@id":"https:\/\/www.deutsche-glasfaser.de\/blog\/#website"},"primaryImageOfPage":{"@id":"https:\/\/www.deutsche-glasfaser.de\/blog\/digitale-orte-im-land-der-ideen-gewinner-2022\/#primaryimage"},"image":{"@id":"https:\/\/www.deutsche-glasfaser.de\/blog\/digitale-orte-im-land-der-ideen-gewinner-2022\/#primaryimage"},"thumbnailUrl":"https:\/\/www.deutsche-glasfaser.de\/blog\/wp-content\/uploads\/2022\/06\/header_preisverleihung.jpg","datePublished":"2022-06-10T12:07:00+00:00","dateModified":"2022-06-10T12:07:02+00:00","description":"Digitales Leben auf dem Land: Beim Wettbewerb \u201eDigitale Orte im Land der Ideen\u201c wurden zehn Projekte aus ganz Deutschland ausgezeichnet","inLanguage":"de","potentialAction":[{"@type":"ReadAction","target":["https:\/\/www.deutsche-glasfaser.de\/blog\/digitale-orte-im-land-der-ideen-gewinner-2022\/"]}]},{"@type":"ImageObject","inLanguage":"de","@id":"https:\/\/www.deutsche-glasfaser.de\/blog\/digitale-orte-im-land-der-ideen-gewinner-2022\/#primaryimage","url":"https:\/\/www.deutsche-glasfaser.de\/blog\/wp-content\/uploads\/2022\/06\/header_preisverleihung.jpg","contentUrl":"https:\/\/www.deutsche-glasfaser.de\/blog\/wp-content\/uploads\/2022\/06\/header_preisverleihung.jpg","width":1500,"height":705,"caption":"Gruppenfoto: Die Macherinnen und Macher hinter den zehn ausgezeichneten Projekten bei der Preisverleihung im EWerk. \u00a9 Deutschland \u2013 Land der Ideen\/Bernd Brundert"},{"@type":"WebSite","@id":"https:\/\/www.deutsche-glasfaser.de\/blog\/#website","url":"https:\/\/www.deutsche-glasfaser.de\/blog\/","name":"Digitales B\u00fcrgernetz","description":"Deutsche Glasfaser Blog","publisher":{"@id":"https:\/\/www.deutsche-glasfaser.de\/blog\/#organization"},"potentialAction":[{"@type":"SearchAction","target":{"@type":"EntryPoint","urlTemplate":"https:\/\/www.deutsche-glasfaser.de\/blog\/?s={search_term_string}"},"query-input":{"@type":"PropertyValueSpecification","valueRequired":true,"valueName":"search_term_string"}}],"inLanguage":"de"},{"@type":"Organization","@id":"https:\/\/www.deutsche-glasfaser.de\/blog\/#organization","name":"Digitales B\u00fcrgernetz","url":"https:\/\/www.deutsche-glasfaser.de\/blog\/","logo":{"@type":"ImageObject","inLanguage":"de","@id":"https:\/\/www.deutsche-glasfaser.de\/blog\/#\/schema\/logo\/image\/","url":"https:\/\/www.deutsche-glasfaser.de\/blog\/wp-content\/uploads\/2021\/08\/DGF_Logo_Basis_RGB-Large@2x.png","contentUrl":"https:\/\/www.deutsche-glasfaser.de\/blog\/wp-content\/uploads\/2021\/08\/DGF_Logo_Basis_RGB-Large@2x.png","width":312,"height":104,"caption":"Digitales B\u00fcrgernetz"},"image":{"@id":"https:\/\/www.deutsche-glasfaser.de\/blog\/#\/schema\/logo\/image\/"}},{"@type":"Person","@id":"https:\/\/www.deutsche-glasfaser.de\/blog\/#\/schema\/person\/9380a6dc7443d77143d0c66c409f574b","name":"Deutsche Glasfaser"}]}},"_links":{"self":[{"href":"https:\/\/www.deutsche-glasfaser.de\/blog\/wp-json\/wp\/v2\/posts\/9988","targetHints":{"allow":["GET"]}}],"collection":[{"href":"https:\/\/www.deutsche-glasfaser.de\/blog\/wp-json\/wp\/v2\/posts"}],"about":[{"href":"https:\/\/www.deutsche-glasfaser.de\/blog\/wp-json\/wp\/v2\/types\/post"}],"author":[{"embeddable":true,"href":"https:\/\/www.deutsche-glasfaser.de\/blog\/wp-json\/wp\/v2\/users\/5"}],"replies":[{"embeddable":true,"href":"https:\/\/www.deutsche-glasfaser.de\/blog\/wp-json\/wp\/v2\/comments?post=9988"}],"version-history":[{"count":6,"href":"https:\/\/www.deutsche-glasfaser.de\/blog\/wp-json\/wp\/v2\/posts\/9988\/revisions"}],"predecessor-version":[{"id":10002,"href":"https:\/\/www.deutsche-glasfaser.de\/blog\/wp-json\/wp\/v2\/posts\/9988\/revisions\/10002"}],"wp:featuredmedia":[{"embeddable":true,"href":"https:\/\/www.deutsche-glasfaser.de\/blog\/wp-json\/wp\/v2\/media\/9991"}],"wp:attachment":[{"href":"https:\/\/www.deutsche-glasfaser.de\/blog\/wp-json\/wp\/v2\/media?parent=9988"}],"wp:term":[{"taxonomy":"category","embeddable":true,"href":"https:\/\/www.deutsche-glasfaser.de\/blog\/wp-json\/wp\/v2\/categories?post=9988"},{"taxonomy":"post_tag","embeddable":true,"href":"https:\/\/www.deutsche-glasfaser.de\/blog\/wp-json\/wp\/v2\/tags?post=9988"}],"curies":[{"name":"wp","href":"https:\/\/api.w.org\/{rel}","templated":true}]}}