{"id":9958,"date":"2022-06-02T08:25:31","date_gmt":"2022-06-02T08:25:31","guid":{"rendered":"https:\/\/www.deutsche-glasfaser.de\/blog\/?p=9958"},"modified":"2022-06-02T14:43:54","modified_gmt":"2022-06-02T14:43:54","slug":"vom-meeting-zum-gipfeltreffen-coworkationalps%ef%bf%bc","status":"publish","type":"post","link":"https:\/\/www.deutsche-glasfaser.de\/blog\/vom-meeting-zum-gipfeltreffen-coworkationalps%ef%bf%bc\/","title":{"rendered":"Vom Meeting zum Gipfeltreffen: CoworkationALPS"},"content":{"rendered":"\t\t<div data-elementor-type=\"wp-post\" data-elementor-id=\"9958\" class=\"elementor elementor-9958\">\n\t\t\t\t\t\t<section class=\"elementor-section elementor-top-section elementor-element elementor-element-83861fe elementor-section-boxed elementor-section-height-default elementor-section-height-default\" data-id=\"83861fe\" data-element_type=\"section\" data-e-type=\"section\">\n\t\t\t\t\t\t<div class=\"elementor-container elementor-column-gap-default\">\n\t\t\t\t\t<div class=\"elementor-column elementor-col-100 elementor-top-column elementor-element elementor-element-f48bd00\" data-id=\"f48bd00\" data-element_type=\"column\" data-e-type=\"column\">\n\t\t\t<div class=\"elementor-widget-wrap elementor-element-populated\">\n\t\t\t\t\t\t<div class=\"elementor-element elementor-element-1430f8c elementor-widget elementor-widget-text-editor\" data-id=\"1430f8c\" data-element_type=\"widget\" data-e-type=\"widget\" data-widget_type=\"text-editor.default\">\n\t\t\t\t<div class=\"elementor-widget-container\">\n\t\t\t\t\t\t\t\t\t<p><span style=\"font-weight: 400;\">Remote-Arbeit muss nicht am heimischen Schreibtisch stattfinden. \u00a9 Mesnerhof-C<\/span><\/p>\t\t\t\t\t\t\t\t<\/div>\n\t\t\t\t<\/div>\n\t\t\t\t\t<\/div>\n\t\t<\/div>\n\t\t\t\t\t<\/div>\n\t\t<\/section>\n\t\t\t\t<section class=\"elementor-section elementor-top-section elementor-element elementor-element-5453c9f elementor-section-boxed elementor-section-height-default elementor-section-height-default\" data-id=\"5453c9f\" data-element_type=\"section\" data-e-type=\"section\">\n\t\t\t\t\t\t<div class=\"elementor-container elementor-column-gap-default\">\n\t\t\t\t\t<div class=\"elementor-column elementor-col-100 elementor-top-column elementor-element elementor-element-93dd32e\" data-id=\"93dd32e\" data-element_type=\"column\" data-e-type=\"column\">\n\t\t\t<div class=\"elementor-widget-wrap elementor-element-populated\">\n\t\t\t\t\t\t<div class=\"elementor-element elementor-element-90e29ca elementor-widget elementor-widget-text-editor\" data-id=\"90e29ca\" data-element_type=\"widget\" data-e-type=\"widget\" data-widget_type=\"text-editor.default\">\n\t\t\t\t<div class=\"elementor-widget-container\">\n\t\t\t\t\t\t\t\t\t<p><span style=\"font-weight: 400;\">Viele St\u00e4dter tr\u00e4umen von der Flucht ins Gr\u00fcne, doch der Jahresurlaub ist endlich. Wie w\u00e4re es also, mal von einem Bauernhof aus zu arbeiten? Hier kommt CoworkationALPS e. V. ins Spiel: Das Netzwerk b\u00fcndelt Gastgeber im Alpenraum, die Urlaub mit Coworking verbinden. F\u00fcr unsere Reihe \u00fcber besondere Coworking-Orte abseits der Metropolen sprechen wir mit Veronika Engel, Vorstandsvorsitzende des Vereins.\u00a0<\/span><\/p><p>\u00a0<\/p><p><b>Frau Engel, CoworkationALPS verbindet Coworking mit Urlaub. An wen richten Sie sich mit dem Konzept?<\/b><\/p><p><span style=\"font-weight: 400;\">Zum einen an bestehende Teams oder Firmen. Sie reisen meistens gemeinsam an und verbringen ein oder zwei Wochen vor Ort. Zum anderen an Alleinreisende, die unabh\u00e4ngig zu einer Coworkation zusammenkommen und sich dort erst kennenlernen. Anstatt auf dem Zimmer mit WLAN zu arbeiten, entscheiden sie sich bewusst f\u00fcr den Anschluss an die Gemeinschaft im professionell ausgestatteten Coworking-Space \u2013 entweder direkt im Hotel oder ganz in der N\u00e4he. So k\u00f6nnen sie sich austauschen, auf neue Ideen kommen und Synergien nutzen.\u00a0<\/span><\/p><p><span style=\"font-weight: 400;\">\u00a0<\/span><\/p><p><b>Das ist also der \u201eWork\u201c-Anteil. Und wie sieht es mit \u201eVacation\u201c aus?<\/b><\/p><p><span style=\"font-weight: 400;\">Auch der Freizeitaspekt kommt nicht zu kurz. Daf\u00fcr sorgen schon allein die Alpen mit ihrer Naturkulisse. Au\u00dferdem werden gemeinsame Aktivit\u00e4ten wie Sport, Wanderungen, Gasthofbesuche oder Koch-Events organisiert. Je nach den W\u00fcnschen und Bed\u00fcrfnissen der Gruppe k\u00f6nnen diese Veranstaltungen eher gelegentlich stattfinden oder voll durchgetaktet sein, sodass es schon morgens um 7 Uhr mit Yoga losgeht. Wenn alles optimal l\u00e4uft, sind die Grenzen zwischen Arbeit und Urlaub so flie\u00dfend, dass man sie gar nicht mehr wahrnimmt.<\/span><\/p>\t\t\t\t\t\t\t\t<\/div>\n\t\t\t\t<\/div>\n\t\t\t\t<div class=\"elementor-element elementor-element-b2de956 elementor-widget elementor-widget-spacer\" data-id=\"b2de956\" data-element_type=\"widget\" data-e-type=\"widget\" data-widget_type=\"spacer.default\">\n\t\t\t\t<div class=\"elementor-widget-container\">\n\t\t\t\t\t\t\t<div class=\"elementor-spacer\">\n\t\t\t<div class=\"elementor-spacer-inner\"><\/div>\n\t\t<\/div>\n\t\t\t\t\t\t<\/div>\n\t\t\t\t<\/div>\n\t\t\t\t<div class=\"elementor-element elementor-element-10ec5db elementor-widget elementor-widget-image\" data-id=\"10ec5db\" data-element_type=\"widget\" data-e-type=\"widget\" data-widget_type=\"image.default\">\n\t\t\t\t<div class=\"elementor-widget-container\">\n\t\t\t\t\t\t\t\t\t\t\t\t<figure class=\"wp-caption\">\n\t\t\t\t\t\t\t\t\t\t<img fetchpriority=\"high\" decoding=\"async\" width=\"768\" height=\"532\" src=\"https:\/\/www.deutsche-glasfaser.de\/blog\/wp-content\/uploads\/2022\/06\/coworkation_alps_blog1-1-768x532.jpg\" class=\"attachment-medium_large size-medium_large wp-image-9961\" alt=\"Auf dem Tisch vor einer Holzh\u00fctte steht ein Laptop. Im Hintergrund weiden K\u00fche.\" srcset=\"https:\/\/www.deutsche-glasfaser.de\/blog\/wp-content\/uploads\/2022\/06\/coworkation_alps_blog1-1-768x532.jpg 768w, https:\/\/www.deutsche-glasfaser.de\/blog\/wp-content\/uploads\/2022\/06\/coworkation_alps_blog1-1-300x208.jpg 300w, https:\/\/www.deutsche-glasfaser.de\/blog\/wp-content\/uploads\/2022\/06\/coworkation_alps_blog1-1.jpg 788w\" sizes=\"(max-width: 768px) 100vw, 768px\" \/>\t\t\t\t\t\t\t\t\t\t\t<figcaption class=\"widget-image-caption wp-caption-text\">Coworkation verbindet Coworking und Urlaub \u2013 hier in idyllischer Alpenkulisse. \u00a9 CoworkationALPS<\/figcaption>\n\t\t\t\t\t\t\t\t\t\t<\/figure>\n\t\t\t\t\t\t\t\t\t<\/div>\n\t\t\t\t<\/div>\n\t\t\t\t<div class=\"elementor-element elementor-element-78cb307 elementor-widget elementor-widget-spacer\" data-id=\"78cb307\" data-element_type=\"widget\" data-e-type=\"widget\" data-widget_type=\"spacer.default\">\n\t\t\t\t<div class=\"elementor-widget-container\">\n\t\t\t\t\t\t\t<div class=\"elementor-spacer\">\n\t\t\t<div class=\"elementor-spacer-inner\"><\/div>\n\t\t<\/div>\n\t\t\t\t\t\t<\/div>\n\t\t\t\t<\/div>\n\t\t\t\t<div class=\"elementor-element elementor-element-012dd02 elementor-widget elementor-widget-text-editor\" data-id=\"012dd02\" data-element_type=\"widget\" data-e-type=\"widget\" data-widget_type=\"text-editor.default\">\n\t\t\t\t<div class=\"elementor-widget-container\">\n\t\t\t\t\t\t\t\t\t<p><b>Wie kostspielig ist diese Form des Reisens?<\/b><\/p><p><span style=\"font-weight: 400;\">Das h\u00e4lt sich eigentlich im Rahmen. Die teilnehmenden Hotels berechnen f\u00fcr Ihr Coworking-Angebot f\u00fcr gew\u00f6hnlich keinen Aufschlag. Sie sehen es eher als M\u00f6glichkeit, ihre Betriebe zu bestimmten Zeiten besser auszulasten und G\u00e4ste zu einem l\u00e4ngeren Aufenthalt zu motivieren. Wird dagegen ein externer Coworking-Space genutzt, entstehen zus\u00e4tzliche Kosten zwischen ca. 15 und 40 Euro pro Tag. Die reduzieren sich oft aber noch, weil manche Unterk\u00fcnfte auch Kooperationsvereinbarungen geschlossen haben.<\/span><\/p>\t\t\t\t\t\t\t\t<\/div>\n\t\t\t\t<\/div>\n\t\t\t\t<div class=\"elementor-element elementor-element-b9d78eb elementor-widget elementor-widget-blockquote\" data-id=\"b9d78eb\" data-element_type=\"widget\" data-e-type=\"widget\" data-widget_type=\"blockquote.default\">\n\t\t\t\t<div class=\"elementor-widget-container\">\n\t\t\t\t\t \t\t\t\t<\/div>\n\t\t\t\t<\/div>\n\t\t\t\t<div class=\"elementor-element elementor-element-e33ad5d elementor-widget elementor-widget-spacer\" data-id=\"e33ad5d\" data-element_type=\"widget\" data-e-type=\"widget\" data-widget_type=\"spacer.default\">\n\t\t\t\t<div class=\"elementor-widget-container\">\n\t\t\t\t\t\t\t<div class=\"elementor-spacer\">\n\t\t\t<div class=\"elementor-spacer-inner\"><\/div>\n\t\t<\/div>\n\t\t\t\t\t\t<\/div>\n\t\t\t\t<\/div>\n\t\t\t\t<div class=\"elementor-element elementor-element-b437ec7 elementor-widget elementor-widget-text-editor\" data-id=\"b437ec7\" data-element_type=\"widget\" data-e-type=\"widget\" data-widget_type=\"text-editor.default\">\n\t\t\t\t<div class=\"elementor-widget-container\">\n\t\t\t\t\t\t\t\t\t<p><b>Welche Branchen oder Berufstypen locken Sie mit Ihrem Angebot an?<\/b><\/p><p><span style=\"font-weight: 400;\">Das hat sich sehr diversifiziert. Vor der Pandemie waren es haupts\u00e4chlich Gruppen, Freelancerinnen oder Selbstst\u00e4ndige aus kreativen Berufen. Mittlerweile f\u00fchlen sich auch Angestellte, Anw\u00e4ltinnen oder Projektmanager angezogen.<\/span><\/p><p><span style=\"font-weight: 400;\">\u00a0<\/span><\/p><p><b>Ziehen auch deren Arbeitgeber mit?<\/b><\/p><p><span style=\"font-weight: 400;\">In zunehmendem Ma\u00dfe. Aus Arbeitgebersicht kann es das \u00fcberzeugende Argument sein, um gute Leute zu bekommen oder zu halten. Durch Corona ist Remote-Arbeit zur neuen Normalit\u00e4t geworden. Ebenso W\u00fcnsche wie: &#8218;Einmal im Jahr m\u00f6chte ich vom Bauernhof in Osttirol aus arbeiten&#8216;. So manche Gesch\u00e4fts- und Personalf\u00fchrung hat bemerkt, dass die Arbeitsleistung bei mehr Freiheit sehr oft nicht schlechter, sondern besser wird. Was noch nicht immer ganz klar ist, sind Fragen wie: Wer zahlt was? Wie ist das arbeitsrechtlich geregelt? Wie viel Urlaub muss man gegebenenfalls einreichen? Aber da kann man sich einigen.<\/span><\/p><p><span style=\"font-weight: 400;\">\u00a0<\/span><\/p><p><b>Was macht CoworkationALPS einzigartig \u2013 au\u00dfer der Bergwelt?<\/b><\/p><p><span style=\"font-weight: 400;\">Vielleicht, dass wir uns vom klassischen Hotel- und Tourismusdenken l\u00f6sen. Ich komme selbst aus der Regionalentwicklung und wir schauen schon aufs gro\u00dfe Ganze. Uns ist wichtig, dass l\u00e4ndliche Regionen von unseren Konzepten nachhaltig profitieren und ihr Image verbessern k\u00f6nnen. So m\u00f6chten wir auch kleinen Gemeinden, die von Abwanderung betroffen sind, neue Impulse geben. Mit anderen Worten: langfristig bessere Lebensqualit\u00e4t statt kurzfristig h\u00f6herer \u00dcbernachtungszahlen. Das zeigt sich auch bei der Auswahl unserer Locations. Es sind authentische und liebevolle Orte mit eigener Pers\u00f6nlichkeit.<\/span><\/p><p>\u00a0<\/p><p><b>Wie finanziert sich der Verein?<\/b><\/p><p><span style=\"font-weight: 400;\">\u00dcber die Mitgliedsbeitr\u00e4ge der Hosts und Regionen und \u00fcber Beratungs- und Informationsangebote bzw. Workshops, demn\u00e4chst auch \u00fcber die Zertifizierung mit einem speziellen G\u00fctesiegel der CoworkationALPS. Zudem gibt es eine befristete F\u00f6rderung durch die EU f\u00fcr \u201eNeue Arbeitsformen im l\u00e4ndlichen Raum\u201c, die wir \u00fcber die regionale Wirtschaftsf\u00f6rderung bekommen haben.<\/span><\/p><p>\u00a0<\/p><p><b>Was gef\u00e4llt Ihnen an Ihrer Arbeit am meisten?<\/b><\/p><p><span style=\"font-weight: 400;\">Am sch\u00f6nsten ist es, Projekte zu begleiten und zu sehen, wie sie wachsen. Von der ersten Idee mit Fotos von einem alten Hof \u00fcber die Besichtigung und Baustelle bis hin zur Er\u00f6ffnung. Und am Ende stehen zufriedene G\u00e4ste aus den coolsten Unternehmen der Welt. Das ist immer wieder eine tolle und spannende Entwicklung.<\/span><\/p>\t\t\t\t\t\t\t\t<\/div>\n\t\t\t\t<\/div>\n\t\t\t\t<div class=\"elementor-element elementor-element-65e8b2a elementor-widget elementor-widget-spacer\" data-id=\"65e8b2a\" data-element_type=\"widget\" data-e-type=\"widget\" data-widget_type=\"spacer.default\">\n\t\t\t\t<div class=\"elementor-widget-container\">\n\t\t\t\t\t\t\t<div class=\"elementor-spacer\">\n\t\t\t<div class=\"elementor-spacer-inner\"><\/div>\n\t\t<\/div>\n\t\t\t\t\t\t<\/div>\n\t\t\t\t<\/div>\n\t\t\t\t<div class=\"elementor-element elementor-element-72f889a elementor-widget elementor-widget-image\" data-id=\"72f889a\" data-element_type=\"widget\" data-e-type=\"widget\" data-widget_type=\"image.default\">\n\t\t\t\t<div class=\"elementor-widget-container\">\n\t\t\t\t\t\t\t\t\t\t\t\t<figure class=\"wp-caption\">\n\t\t\t\t\t\t\t\t\t\t<img decoding=\"async\" width=\"768\" height=\"532\" src=\"https:\/\/www.deutsche-glasfaser.de\/blog\/wp-content\/uploads\/2022\/06\/coworkation_alps_blog2-1-768x532.jpg\" class=\"attachment-medium_large size-medium_large wp-image-9959\" alt=\"In einem gro\u00dfz\u00fcgigen Innenraum mit unverputzten W\u00e4nden sitzen Menschengruppen an Tischen zusammen und unterhalten sich. Die Sonne scheint durch die T\u00fcr.\" srcset=\"https:\/\/www.deutsche-glasfaser.de\/blog\/wp-content\/uploads\/2022\/06\/coworkation_alps_blog2-1-768x532.jpg 768w, https:\/\/www.deutsche-glasfaser.de\/blog\/wp-content\/uploads\/2022\/06\/coworkation_alps_blog2-1-300x208.jpg 300w, https:\/\/www.deutsche-glasfaser.de\/blog\/wp-content\/uploads\/2022\/06\/coworkation_alps_blog2-1.jpg 788w\" sizes=\"(max-width: 768px) 100vw, 768px\" \/>\t\t\t\t\t\t\t\t\t\t\t<figcaption class=\"widget-image-caption wp-caption-text\">Manche Gruppen reisen zusammen an, andere lernen sich erst durchs Coworking kennen. \n\u00a9 CoworkationALPS<\/figcaption>\n\t\t\t\t\t\t\t\t\t\t<\/figure>\n\t\t\t\t\t\t\t\t\t<\/div>\n\t\t\t\t<\/div>\n\t\t\t\t<div class=\"elementor-element elementor-element-8523593 elementor-widget elementor-widget-spacer\" data-id=\"8523593\" data-element_type=\"widget\" data-e-type=\"widget\" data-widget_type=\"spacer.default\">\n\t\t\t\t<div class=\"elementor-widget-container\">\n\t\t\t\t\t\t\t<div class=\"elementor-spacer\">\n\t\t\t<div class=\"elementor-spacer-inner\"><\/div>\n\t\t<\/div>\n\t\t\t\t\t\t<\/div>\n\t\t\t\t<\/div>\n\t\t\t\t<div class=\"elementor-element elementor-element-f987c8d elementor-widget elementor-widget-text-editor\" data-id=\"f987c8d\" data-element_type=\"widget\" data-e-type=\"widget\" data-widget_type=\"text-editor.default\">\n\t\t\t\t<div class=\"elementor-widget-container\">\n\t\t\t\t\t\t\t\t\t<p><b>Wo liegen eventuelle Schwierigkeiten?<\/b><\/p><p><span style=\"font-weight: 400;\">Sagen wir mal so: Alteingesessenen B\u00fcrgermeistern Konzepte zum Thema Coworkation erstens verst\u00e4ndlich zu machen und sie zweitens auch noch daf\u00fcr zu begeistern, ist nicht gerade die leichteste Aufgabe. Je niedriger der Handlungsdruck ist, desto weniger sind Regionen, Gemeinden und Tourismusverb\u00e4nde in der Regel dazu bereit, etwas zu \u00e4ndern.<\/span><\/p><p><b>\u00a0<\/b><\/p><p><b>Was ist Ihr wichtigster Tipp f\u00fcr andere, die ein Coworkation-Konzept umsetzen wollen?<\/b><\/p><p><span style=\"font-weight: 400;\">Sie sollten sich aktiv mit den Themen Community und Neues Arbeiten auseinandersetzen und diese Prinzipien auch selbst vorleben. Und man sollte flexibel sein bei den Konzepten, also sich zum Beispiel nicht zu sehr auf einen Plan A versteifen, ohne einen Plan B, C, und D in der Tasche zu haben.<\/span><\/p><p><span style=\"font-weight: 400;\">\u00a0<\/span><\/p><p><b>Welchen Gipfel m\u00f6chten Sie mit CoworkationALPS als n\u00e4chstes erklimmen?<\/b><span style=\"font-weight: 400;\">\u00a0<\/span><\/p><p><span style=\"font-weight: 400;\">Konkret steht die Einf\u00fchrung des erw\u00e4hnten G\u00fctesiegels an. Damit folgen wir unserer Vision, den gro\u00dfen Hotelketten und Reiseanbietern, die einfach nur auf den Trend Workation aufspringen, etwas Eigenes und Authentisches entgegenzusetzen.<\/span> <span style=\"font-weight: 400;\">Die gro\u00dfe Nachfrage, die wir t\u00e4glich erleben, best\u00e4tigt uns in diesem Weg.<\/span><\/p><p><b>\u00a0<\/b><\/p><p><b>\u00dcber CoworkationALPS<\/b><\/p><p><span style=\"font-weight: 400;\">CoworkationALPS e.V. ist ein 2019 gegr\u00fcndeter eingetragener Verein mit Sitz in Miesbach, s\u00fcdlich von M\u00fcnchen gelegen. Das stetig wachsende Netzwerk versammelt Hosts aus Deutschland, \u00d6sterreich und Italien, die Locations f\u00fcr eine Kombination aus Erholungsurlaub und Coworking anbieten. <\/span><strong><a href=\"https:\/\/www.coworkation-alps.eu\/\">Mehr erfahren<\/a><\/strong><\/p>\t\t\t\t\t\t\t\t<\/div>\n\t\t\t\t<\/div>\n\t\t\t\t\t<\/div>\n\t\t<\/div>\n\t\t\t\t\t<\/div>\n\t\t<\/section>\n\t\t\t\t<\/div>\n\t\t","protected":false},"excerpt":{"rendered":"<p>Viele St\u00e4dter tr\u00e4umen von der Flucht ins Gr\u00fcne, doch der Jahresurlaub ist endlich. Hier kommt CoworkationALPS ins Spiel: Das Netzwerk b\u00fcndelt Gastgeber im Alpenraum, die Urlaub mit Coworking verbinden. F\u00fcr sie eine Option, ihre Betriebe besser auszulasten.<\/p>\n","protected":false},"author":5,"featured_media":9960,"comment_status":"open","ping_status":"open","sticky":false,"template":"","format":"standard","meta":{"footnotes":""},"categories":[69],"tags":[],"class_list":["post-9958","post","type-post","status-publish","format-standard","has-post-thumbnail","hentry","category-arbeit"],"yoast_head":"<!-- This site is optimized with the Yoast SEO plugin v27.5 - https:\/\/yoast.com\/product\/yoast-seo-wordpress\/ -->\n<title>CoworkationALPS bietet Coworking und Erholung - Digitales B\u00fcrgernetz<\/title>\n<meta name=\"description\" content=\"Gemeinsames Arbeiten in der Natur: CoworkationALPS bietet Coworking auf dem Land \u2013 inklusive Erholung in idyllischer Landschaft.\" \/>\n<meta name=\"robots\" content=\"index, follow, max-snippet:-1, max-image-preview:large, max-video-preview:-1\" \/>\n<link rel=\"canonical\" href=\"https:\/\/www.deutsche-glasfaser.de\/blog\/vom-meeting-zum-gipfeltreffen-coworkationalps\ufffc\/\" \/>\n<meta property=\"og:locale\" content=\"de_DE\" \/>\n<meta property=\"og:type\" content=\"article\" \/>\n<meta property=\"og:title\" content=\"CoworkationALPS bietet Coworking und Erholung - Digitales B\u00fcrgernetz\" \/>\n<meta property=\"og:description\" content=\"Gemeinsames Arbeiten in der Natur: CoworkationALPS bietet Coworking auf dem Land \u2013 inklusive Erholung in idyllischer Landschaft.\" \/>\n<meta property=\"og:url\" content=\"https:\/\/www.deutsche-glasfaser.de\/blog\/vom-meeting-zum-gipfeltreffen-coworkationalps\ufffc\/\" \/>\n<meta property=\"og:site_name\" content=\"Digitales B\u00fcrgernetz\" \/>\n<meta property=\"article:published_time\" content=\"2022-06-02T08:25:31+00:00\" \/>\n<meta property=\"article:modified_time\" content=\"2022-06-02T14:43:54+00:00\" \/>\n<meta property=\"og:image\" content=\"https:\/\/www.deutsche-glasfaser.de\/blog\/wp-content\/uploads\/2022\/06\/coworkation_alps_header-1.jpg\" \/>\n\t<meta property=\"og:image:width\" content=\"1500\" \/>\n\t<meta property=\"og:image:height\" content=\"705\" \/>\n\t<meta property=\"og:image:type\" content=\"image\/jpeg\" \/>\n<meta name=\"author\" content=\"Deutsche Glasfaser\" \/>\n<meta name=\"twitter:card\" content=\"summary_large_image\" \/>\n<meta name=\"twitter:label1\" content=\"Verfasst von\" \/>\n\t<meta name=\"twitter:data1\" content=\"Deutsche Glasfaser\" \/>\n\t<meta name=\"twitter:label2\" content=\"Gesch\u00e4tzte Lesezeit\" \/>\n\t<meta name=\"twitter:data2\" content=\"6\u00a0Minuten\" \/>\n<script type=\"application\/ld+json\" class=\"yoast-schema-graph\">{\"@context\":\"https:\\\/\\\/schema.org\",\"@graph\":[{\"@type\":\"Article\",\"@id\":\"https:\\\/\\\/www.deutsche-glasfaser.de\\\/blog\\\/vom-meeting-zum-gipfeltreffen-coworkationalps%ef%bf%bc\\\/#article\",\"isPartOf\":{\"@id\":\"https:\\\/\\\/www.deutsche-glasfaser.de\\\/blog\\\/vom-meeting-zum-gipfeltreffen-coworkationalps%ef%bf%bc\\\/\"},\"author\":{\"name\":\"Deutsche Glasfaser\",\"@id\":\"https:\\\/\\\/www.deutsche-glasfaser.de\\\/blog\\\/#\\\/schema\\\/person\\\/9380a6dc7443d77143d0c66c409f574b\"},\"headline\":\"Vom Meeting zum Gipfeltreffen: CoworkationALPS\",\"datePublished\":\"2022-06-02T08:25:31+00:00\",\"dateModified\":\"2022-06-02T14:43:54+00:00\",\"mainEntityOfPage\":{\"@id\":\"https:\\\/\\\/www.deutsche-glasfaser.de\\\/blog\\\/vom-meeting-zum-gipfeltreffen-coworkationalps%ef%bf%bc\\\/\"},\"wordCount\":1004,\"commentCount\":0,\"publisher\":{\"@id\":\"https:\\\/\\\/www.deutsche-glasfaser.de\\\/blog\\\/#organization\"},\"image\":{\"@id\":\"https:\\\/\\\/www.deutsche-glasfaser.de\\\/blog\\\/vom-meeting-zum-gipfeltreffen-coworkationalps%ef%bf%bc\\\/#primaryimage\"},\"thumbnailUrl\":\"https:\\\/\\\/www.deutsche-glasfaser.de\\\/blog\\\/wp-content\\\/uploads\\\/2022\\\/06\\\/coworkation_alps_header-1.jpg\",\"articleSection\":[\"#Arbeit\"],\"inLanguage\":\"de\",\"potentialAction\":[{\"@type\":\"CommentAction\",\"name\":\"Comment\",\"target\":[\"https:\\\/\\\/www.deutsche-glasfaser.de\\\/blog\\\/vom-meeting-zum-gipfeltreffen-coworkationalps%ef%bf%bc\\\/#respond\"]}]},{\"@type\":\"WebPage\",\"@id\":\"https:\\\/\\\/www.deutsche-glasfaser.de\\\/blog\\\/vom-meeting-zum-gipfeltreffen-coworkationalps%ef%bf%bc\\\/\",\"url\":\"https:\\\/\\\/www.deutsche-glasfaser.de\\\/blog\\\/vom-meeting-zum-gipfeltreffen-coworkationalps%ef%bf%bc\\\/\",\"name\":\"CoworkationALPS bietet Coworking und Erholung - Digitales B\u00fcrgernetz\",\"isPartOf\":{\"@id\":\"https:\\\/\\\/www.deutsche-glasfaser.de\\\/blog\\\/#website\"},\"primaryImageOfPage\":{\"@id\":\"https:\\\/\\\/www.deutsche-glasfaser.de\\\/blog\\\/vom-meeting-zum-gipfeltreffen-coworkationalps%ef%bf%bc\\\/#primaryimage\"},\"image\":{\"@id\":\"https:\\\/\\\/www.deutsche-glasfaser.de\\\/blog\\\/vom-meeting-zum-gipfeltreffen-coworkationalps%ef%bf%bc\\\/#primaryimage\"},\"thumbnailUrl\":\"https:\\\/\\\/www.deutsche-glasfaser.de\\\/blog\\\/wp-content\\\/uploads\\\/2022\\\/06\\\/coworkation_alps_header-1.jpg\",\"datePublished\":\"2022-06-02T08:25:31+00:00\",\"dateModified\":\"2022-06-02T14:43:54+00:00\",\"description\":\"Gemeinsames Arbeiten in der Natur: CoworkationALPS bietet Coworking auf dem Land \u2013 inklusive Erholung in idyllischer Landschaft.\",\"inLanguage\":\"de\",\"potentialAction\":[{\"@type\":\"ReadAction\",\"target\":[\"https:\\\/\\\/www.deutsche-glasfaser.de\\\/blog\\\/vom-meeting-zum-gipfeltreffen-coworkationalps%ef%bf%bc\\\/\"]}]},{\"@type\":\"ImageObject\",\"inLanguage\":\"de\",\"@id\":\"https:\\\/\\\/www.deutsche-glasfaser.de\\\/blog\\\/vom-meeting-zum-gipfeltreffen-coworkationalps%ef%bf%bc\\\/#primaryimage\",\"url\":\"https:\\\/\\\/www.deutsche-glasfaser.de\\\/blog\\\/wp-content\\\/uploads\\\/2022\\\/06\\\/coworkation_alps_header-1.jpg\",\"contentUrl\":\"https:\\\/\\\/www.deutsche-glasfaser.de\\\/blog\\\/wp-content\\\/uploads\\\/2022\\\/06\\\/coworkation_alps_header-1.jpg\",\"width\":1500,\"height\":705,\"caption\":\"Remote-Arbeit muss nicht am heimischen Schreibtisch stattfinden. \u00a9 Mesnerhof-C\"},{\"@type\":\"WebSite\",\"@id\":\"https:\\\/\\\/www.deutsche-glasfaser.de\\\/blog\\\/#website\",\"url\":\"https:\\\/\\\/www.deutsche-glasfaser.de\\\/blog\\\/\",\"name\":\"Digitales B\u00fcrgernetz\",\"description\":\"Deutsche Glasfaser Blog\",\"publisher\":{\"@id\":\"https:\\\/\\\/www.deutsche-glasfaser.de\\\/blog\\\/#organization\"},\"potentialAction\":[{\"@type\":\"SearchAction\",\"target\":{\"@type\":\"EntryPoint\",\"urlTemplate\":\"https:\\\/\\\/www.deutsche-glasfaser.de\\\/blog\\\/?s={search_term_string}\"},\"query-input\":{\"@type\":\"PropertyValueSpecification\",\"valueRequired\":true,\"valueName\":\"search_term_string\"}}],\"inLanguage\":\"de\"},{\"@type\":\"Organization\",\"@id\":\"https:\\\/\\\/www.deutsche-glasfaser.de\\\/blog\\\/#organization\",\"name\":\"Digitales B\u00fcrgernetz\",\"url\":\"https:\\\/\\\/www.deutsche-glasfaser.de\\\/blog\\\/\",\"logo\":{\"@type\":\"ImageObject\",\"inLanguage\":\"de\",\"@id\":\"https:\\\/\\\/www.deutsche-glasfaser.de\\\/blog\\\/#\\\/schema\\\/logo\\\/image\\\/\",\"url\":\"https:\\\/\\\/www.deutsche-glasfaser.de\\\/blog\\\/wp-content\\\/uploads\\\/2021\\\/08\\\/DGF_Logo_Basis_RGB-Large@2x.png\",\"contentUrl\":\"https:\\\/\\\/www.deutsche-glasfaser.de\\\/blog\\\/wp-content\\\/uploads\\\/2021\\\/08\\\/DGF_Logo_Basis_RGB-Large@2x.png\",\"width\":312,\"height\":104,\"caption\":\"Digitales B\u00fcrgernetz\"},\"image\":{\"@id\":\"https:\\\/\\\/www.deutsche-glasfaser.de\\\/blog\\\/#\\\/schema\\\/logo\\\/image\\\/\"}},{\"@type\":\"Person\",\"@id\":\"https:\\\/\\\/www.deutsche-glasfaser.de\\\/blog\\\/#\\\/schema\\\/person\\\/9380a6dc7443d77143d0c66c409f574b\",\"name\":\"Deutsche Glasfaser\"}]}<\/script>\n<!-- \/ Yoast SEO plugin. -->","yoast_head_json":{"title":"CoworkationALPS bietet Coworking und Erholung - Digitales B\u00fcrgernetz","description":"Gemeinsames Arbeiten in der Natur: CoworkationALPS bietet Coworking auf dem Land \u2013 inklusive Erholung in idyllischer Landschaft.","robots":{"index":"index","follow":"follow","max-snippet":"max-snippet:-1","max-image-preview":"max-image-preview:large","max-video-preview":"max-video-preview:-1"},"canonical":"https:\/\/www.deutsche-glasfaser.de\/blog\/vom-meeting-zum-gipfeltreffen-coworkationalps\ufffc\/","og_locale":"de_DE","og_type":"article","og_title":"CoworkationALPS bietet Coworking und Erholung - Digitales B\u00fcrgernetz","og_description":"Gemeinsames Arbeiten in der Natur: CoworkationALPS bietet Coworking auf dem Land \u2013 inklusive Erholung in idyllischer Landschaft.","og_url":"https:\/\/www.deutsche-glasfaser.de\/blog\/vom-meeting-zum-gipfeltreffen-coworkationalps\ufffc\/","og_site_name":"Digitales B\u00fcrgernetz","article_published_time":"2022-06-02T08:25:31+00:00","article_modified_time":"2022-06-02T14:43:54+00:00","og_image":[{"width":1500,"height":705,"url":"https:\/\/www.deutsche-glasfaser.de\/blog\/wp-content\/uploads\/2022\/06\/coworkation_alps_header-1.jpg","type":"image\/jpeg"}],"author":"Deutsche Glasfaser","twitter_card":"summary_large_image","twitter_misc":{"Verfasst von":"Deutsche Glasfaser","Gesch\u00e4tzte Lesezeit":"6\u00a0Minuten"},"schema":{"@context":"https:\/\/schema.org","@graph":[{"@type":"Article","@id":"https:\/\/www.deutsche-glasfaser.de\/blog\/vom-meeting-zum-gipfeltreffen-coworkationalps%ef%bf%bc\/#article","isPartOf":{"@id":"https:\/\/www.deutsche-glasfaser.de\/blog\/vom-meeting-zum-gipfeltreffen-coworkationalps%ef%bf%bc\/"},"author":{"name":"Deutsche Glasfaser","@id":"https:\/\/www.deutsche-glasfaser.de\/blog\/#\/schema\/person\/9380a6dc7443d77143d0c66c409f574b"},"headline":"Vom Meeting zum Gipfeltreffen: CoworkationALPS","datePublished":"2022-06-02T08:25:31+00:00","dateModified":"2022-06-02T14:43:54+00:00","mainEntityOfPage":{"@id":"https:\/\/www.deutsche-glasfaser.de\/blog\/vom-meeting-zum-gipfeltreffen-coworkationalps%ef%bf%bc\/"},"wordCount":1004,"commentCount":0,"publisher":{"@id":"https:\/\/www.deutsche-glasfaser.de\/blog\/#organization"},"image":{"@id":"https:\/\/www.deutsche-glasfaser.de\/blog\/vom-meeting-zum-gipfeltreffen-coworkationalps%ef%bf%bc\/#primaryimage"},"thumbnailUrl":"https:\/\/www.deutsche-glasfaser.de\/blog\/wp-content\/uploads\/2022\/06\/coworkation_alps_header-1.jpg","articleSection":["#Arbeit"],"inLanguage":"de","potentialAction":[{"@type":"CommentAction","name":"Comment","target":["https:\/\/www.deutsche-glasfaser.de\/blog\/vom-meeting-zum-gipfeltreffen-coworkationalps%ef%bf%bc\/#respond"]}]},{"@type":"WebPage","@id":"https:\/\/www.deutsche-glasfaser.de\/blog\/vom-meeting-zum-gipfeltreffen-coworkationalps%ef%bf%bc\/","url":"https:\/\/www.deutsche-glasfaser.de\/blog\/vom-meeting-zum-gipfeltreffen-coworkationalps%ef%bf%bc\/","name":"CoworkationALPS bietet Coworking und Erholung - Digitales B\u00fcrgernetz","isPartOf":{"@id":"https:\/\/www.deutsche-glasfaser.de\/blog\/#website"},"primaryImageOfPage":{"@id":"https:\/\/www.deutsche-glasfaser.de\/blog\/vom-meeting-zum-gipfeltreffen-coworkationalps%ef%bf%bc\/#primaryimage"},"image":{"@id":"https:\/\/www.deutsche-glasfaser.de\/blog\/vom-meeting-zum-gipfeltreffen-coworkationalps%ef%bf%bc\/#primaryimage"},"thumbnailUrl":"https:\/\/www.deutsche-glasfaser.de\/blog\/wp-content\/uploads\/2022\/06\/coworkation_alps_header-1.jpg","datePublished":"2022-06-02T08:25:31+00:00","dateModified":"2022-06-02T14:43:54+00:00","description":"Gemeinsames Arbeiten in der Natur: CoworkationALPS bietet Coworking auf dem Land \u2013 inklusive Erholung in idyllischer Landschaft.","inLanguage":"de","potentialAction":[{"@type":"ReadAction","target":["https:\/\/www.deutsche-glasfaser.de\/blog\/vom-meeting-zum-gipfeltreffen-coworkationalps%ef%bf%bc\/"]}]},{"@type":"ImageObject","inLanguage":"de","@id":"https:\/\/www.deutsche-glasfaser.de\/blog\/vom-meeting-zum-gipfeltreffen-coworkationalps%ef%bf%bc\/#primaryimage","url":"https:\/\/www.deutsche-glasfaser.de\/blog\/wp-content\/uploads\/2022\/06\/coworkation_alps_header-1.jpg","contentUrl":"https:\/\/www.deutsche-glasfaser.de\/blog\/wp-content\/uploads\/2022\/06\/coworkation_alps_header-1.jpg","width":1500,"height":705,"caption":"Remote-Arbeit muss nicht am heimischen Schreibtisch stattfinden. \u00a9 Mesnerhof-C"},{"@type":"WebSite","@id":"https:\/\/www.deutsche-glasfaser.de\/blog\/#website","url":"https:\/\/www.deutsche-glasfaser.de\/blog\/","name":"Digitales B\u00fcrgernetz","description":"Deutsche Glasfaser Blog","publisher":{"@id":"https:\/\/www.deutsche-glasfaser.de\/blog\/#organization"},"potentialAction":[{"@type":"SearchAction","target":{"@type":"EntryPoint","urlTemplate":"https:\/\/www.deutsche-glasfaser.de\/blog\/?s={search_term_string}"},"query-input":{"@type":"PropertyValueSpecification","valueRequired":true,"valueName":"search_term_string"}}],"inLanguage":"de"},{"@type":"Organization","@id":"https:\/\/www.deutsche-glasfaser.de\/blog\/#organization","name":"Digitales B\u00fcrgernetz","url":"https:\/\/www.deutsche-glasfaser.de\/blog\/","logo":{"@type":"ImageObject","inLanguage":"de","@id":"https:\/\/www.deutsche-glasfaser.de\/blog\/#\/schema\/logo\/image\/","url":"https:\/\/www.deutsche-glasfaser.de\/blog\/wp-content\/uploads\/2021\/08\/DGF_Logo_Basis_RGB-Large@2x.png","contentUrl":"https:\/\/www.deutsche-glasfaser.de\/blog\/wp-content\/uploads\/2021\/08\/DGF_Logo_Basis_RGB-Large@2x.png","width":312,"height":104,"caption":"Digitales B\u00fcrgernetz"},"image":{"@id":"https:\/\/www.deutsche-glasfaser.de\/blog\/#\/schema\/logo\/image\/"}},{"@type":"Person","@id":"https:\/\/www.deutsche-glasfaser.de\/blog\/#\/schema\/person\/9380a6dc7443d77143d0c66c409f574b","name":"Deutsche Glasfaser"}]}},"_links":{"self":[{"href":"https:\/\/www.deutsche-glasfaser.de\/blog\/wp-json\/wp\/v2\/posts\/9958","targetHints":{"allow":["GET"]}}],"collection":[{"href":"https:\/\/www.deutsche-glasfaser.de\/blog\/wp-json\/wp\/v2\/posts"}],"about":[{"href":"https:\/\/www.deutsche-glasfaser.de\/blog\/wp-json\/wp\/v2\/types\/post"}],"author":[{"embeddable":true,"href":"https:\/\/www.deutsche-glasfaser.de\/blog\/wp-json\/wp\/v2\/users\/5"}],"replies":[{"embeddable":true,"href":"https:\/\/www.deutsche-glasfaser.de\/blog\/wp-json\/wp\/v2\/comments?post=9958"}],"version-history":[{"count":9,"href":"https:\/\/www.deutsche-glasfaser.de\/blog\/wp-json\/wp\/v2\/posts\/9958\/revisions"}],"predecessor-version":[{"id":9974,"href":"https:\/\/www.deutsche-glasfaser.de\/blog\/wp-json\/wp\/v2\/posts\/9958\/revisions\/9974"}],"wp:featuredmedia":[{"embeddable":true,"href":"https:\/\/www.deutsche-glasfaser.de\/blog\/wp-json\/wp\/v2\/media\/9960"}],"wp:attachment":[{"href":"https:\/\/www.deutsche-glasfaser.de\/blog\/wp-json\/wp\/v2\/media?parent=9958"}],"wp:term":[{"taxonomy":"category","embeddable":true,"href":"https:\/\/www.deutsche-glasfaser.de\/blog\/wp-json\/wp\/v2\/categories?post=9958"},{"taxonomy":"post_tag","embeddable":true,"href":"https:\/\/www.deutsche-glasfaser.de\/blog\/wp-json\/wp\/v2\/tags?post=9958"}],"curies":[{"name":"wp","href":"https:\/\/api.w.org\/{rel}","templated":true}]}}