{"id":9947,"date":"2022-05-31T07:30:30","date_gmt":"2022-05-31T07:30:30","guid":{"rendered":"https:\/\/www.deutsche-glasfaser.de\/blog\/?p=9947"},"modified":"2022-05-31T07:30:32","modified_gmt":"2022-05-31T07:30:32","slug":"tea-time-einmal-online-digitale-staedtepartnerschaften","status":"publish","type":"post","link":"https:\/\/www.deutsche-glasfaser.de\/blog\/tea-time-einmal-online-digitale-staedtepartnerschaften\/","title":{"rendered":"Tea time einmal online: Digitale St\u00e4dtepartnerschaften"},"content":{"rendered":"\t\t<div data-elementor-type=\"wp-post\" data-elementor-id=\"9947\" class=\"elementor elementor-9947\">\n\t\t\t\t\t\t<section class=\"elementor-section elementor-top-section elementor-element elementor-element-43dcdac elementor-section-boxed elementor-section-height-default elementor-section-height-default\" data-id=\"43dcdac\" data-element_type=\"section\" data-e-type=\"section\">\n\t\t\t\t\t\t<div class=\"elementor-container elementor-column-gap-default\">\n\t\t\t\t\t<div class=\"elementor-column elementor-col-100 elementor-top-column elementor-element elementor-element-357a217\" data-id=\"357a217\" data-element_type=\"column\" data-e-type=\"column\">\n\t\t\t<div class=\"elementor-widget-wrap elementor-element-populated\">\n\t\t\t\t\t\t<div class=\"elementor-element elementor-element-af0465b elementor-widget elementor-widget-text-editor\" data-id=\"af0465b\" data-element_type=\"widget\" data-e-type=\"widget\" data-widget_type=\"text-editor.default\">\n\t\t\t\t<div class=\"elementor-widget-container\">\n\t\t\t\t\t\t\t\t\t<p><span style=\"font-weight: 400;\">\u00a9 Markus Spiske\/Unsplash<\/span><\/p>\t\t\t\t\t\t\t\t<\/div>\n\t\t\t\t<\/div>\n\t\t\t\t\t<\/div>\n\t\t<\/div>\n\t\t\t\t\t<\/div>\n\t\t<\/section>\n\t\t\t\t<section class=\"elementor-section elementor-top-section elementor-element elementor-element-4a104b3 elementor-section-boxed elementor-section-height-default elementor-section-height-default\" data-id=\"4a104b3\" data-element_type=\"section\" data-e-type=\"section\">\n\t\t\t\t\t\t<div class=\"elementor-container elementor-column-gap-default\">\n\t\t\t\t\t<div class=\"elementor-column elementor-col-100 elementor-top-column elementor-element elementor-element-109489a\" data-id=\"109489a\" data-element_type=\"column\" data-e-type=\"column\">\n\t\t\t<div class=\"elementor-widget-wrap elementor-element-populated\">\n\t\t\t\t\t\t<div class=\"elementor-element elementor-element-bf87d1c elementor-widget elementor-widget-text-editor\" data-id=\"bf87d1c\" data-element_type=\"widget\" data-e-type=\"widget\" data-widget_type=\"text-editor.default\">\n\t\t\t\t<div class=\"elementor-widget-container\">\n\t\t\t\t\t\t\t\t\t<p><span style=\"font-weight: 400;\">Sich kennenlernen, den anderen verstehen und einander mit Respekt begegnen: Das ist die Idee der St\u00e4dtepartnerschaften. Sie bieten eine gute M\u00f6glichkeit, andere L\u00e4nder, Kulturen und Sprachen kennenzulernen und Freundschaften \u00fcber Grenzen hinweg zu kn\u00fcpfen. Und sie leben von pers\u00f6nlichen Begegnungen: Sch\u00fclerinnen und Sch\u00fcler reisen zu ihrer Partnerschule ins Ausland, Familien nehmen <\/span><span style=\"font-weight: 400;\">G\u00e4ste aus der Partnerstadt auf, Ch\u00f6re kommen von weit her zum Stadtfest angereist, B\u00fcrgermeisterinnen und B\u00fcrgermeister tauschen sich \u00fcber Projekte aus. Durch die Corona-Pandemie fielen viele dieser Besuche jedoch aus \u2013 auch in Bocholt. Seit Jahrzehnten hat die Kommune aus dem Kreis Borken<\/span> <span style=\"font-weight: 400;\">Partnerst\u00e4dte in Frankreich, Belgien und England. Sich digital zu treffen, war und ist daher eine willkommene Alternative. Statt pers\u00f6nlich kommen die Menschen nun in Videokonferenzen zusammen. Very british treffen sie sich online zum Tee oder lernen zusammen. \u201e<\/span><span style=\"font-weight: 400;\">Wir versuchen so, den Kontakt aufrechtzuerhalten. Mit Escape-Games f\u00fcr Jugendliche oder einem virtuellen Kaffeetrinken f\u00fcr \u00e4ltere Menschen. Man muss aber immer einen Partner finden, der dazu bereit ist\u201c, erz\u00e4hlt Petra Taubach, Partnerschaftsbeauftragte der Stadt Bocholt. \u201eDie Initiative geht oft von uns aus.\u201c<\/span><\/p>\t\t\t\t\t\t\t\t<\/div>\n\t\t\t\t<\/div>\n\t\t\t\t<div class=\"elementor-element elementor-element-fa62efc elementor-widget elementor-widget-spacer\" data-id=\"fa62efc\" data-element_type=\"widget\" data-e-type=\"widget\" data-widget_type=\"spacer.default\">\n\t\t\t\t<div class=\"elementor-widget-container\">\n\t\t\t\t\t\t\t<div class=\"elementor-spacer\">\n\t\t\t<div class=\"elementor-spacer-inner\"><\/div>\n\t\t<\/div>\n\t\t\t\t\t\t<\/div>\n\t\t\t\t<\/div>\n\t\t\t\t<div class=\"elementor-element elementor-element-738d5d6 elementor-widget elementor-widget-heading\" data-id=\"738d5d6\" data-element_type=\"widget\" data-e-type=\"widget\" data-widget_type=\"heading.default\">\n\t\t\t\t<div class=\"elementor-widget-container\">\n\t\t\t\t\t<h2 class=\"elementor-heading-title elementor-size-xl\">Online finden sich schneller L\u00f6sungen<\/h2>\t\t\t\t<\/div>\n\t\t\t\t<\/div>\n\t\t\t\t<div class=\"elementor-element elementor-element-d291299 elementor-widget elementor-widget-spacer\" data-id=\"d291299\" data-element_type=\"widget\" data-e-type=\"widget\" data-widget_type=\"spacer.default\">\n\t\t\t\t<div class=\"elementor-widget-container\">\n\t\t\t\t\t\t\t<div class=\"elementor-spacer\">\n\t\t\t<div class=\"elementor-spacer-inner\"><\/div>\n\t\t<\/div>\n\t\t\t\t\t\t<\/div>\n\t\t\t\t<\/div>\n\t\t\t\t<div class=\"elementor-element elementor-element-f88bed2 elementor-widget elementor-widget-text-editor\" data-id=\"f88bed2\" data-element_type=\"widget\" data-e-type=\"widget\" data-widget_type=\"text-editor.default\">\n\t\t\t\t<div class=\"elementor-widget-container\">\n\t\t\t\t\t\t\t\t\t<p><span style=\"font-weight: 400;\">Seit beinah 70 Jahren ist das deutsche Bocholt im westlichen M\u00fcnsterland, einer l\u00e4ndlich gepr\u00e4gten Region nahe der niederl\u00e4ndischen Grenze, mit dem Namensvetter Bocholt in Belgien befreundet. \u201eDie Stadt ist zwar viel kleiner, aber digital sehr gut aufgestellt. Da k\u00f6nnen wir viel lernen\u201c, so Petra Taubach. Weitere Partnerst\u00e4dte sind das franz\u00f6sische Aurillac und Rossendale in der englischen Grafschaft Lancashire. Anfang Mai 2022 ist eine weitere dazugekommen: Akmene in Litauen. Urkunden sind ausgetauscht und ein offizieller Partnerschaftsvertrag unterschrieben. Daneben gibt es befreundete St\u00e4dte in China, Albanien und Kolumbien sowie Kontakte zu sieben Nachbargemeinden in den Niederlanden.<\/span><\/p>\t\t\t\t\t\t\t\t<\/div>\n\t\t\t\t<\/div>\n\t\t\t\t<div class=\"elementor-element elementor-element-414d898 elementor-widget elementor-widget-blockquote\" data-id=\"414d898\" data-element_type=\"widget\" data-e-type=\"widget\" data-widget_type=\"blockquote.default\">\n\t\t\t\t<div class=\"elementor-widget-container\">\n\t\t\t\t\t \t\t\t\t<\/div>\n\t\t\t\t<\/div>\n\t\t\t\t<div class=\"elementor-element elementor-element-b6e8b55 elementor-widget elementor-widget-spacer\" data-id=\"b6e8b55\" data-element_type=\"widget\" data-e-type=\"widget\" data-widget_type=\"spacer.default\">\n\t\t\t\t<div class=\"elementor-widget-container\">\n\t\t\t\t\t\t\t<div class=\"elementor-spacer\">\n\t\t\t<div class=\"elementor-spacer-inner\"><\/div>\n\t\t<\/div>\n\t\t\t\t\t\t<\/div>\n\t\t\t\t<\/div>\n\t\t\t\t<div class=\"elementor-element elementor-element-3957d43 elementor-widget elementor-widget-text-editor\" data-id=\"3957d43\" data-element_type=\"widget\" data-e-type=\"widget\" data-widget_type=\"text-editor.default\">\n\t\t\t\t<div class=\"elementor-widget-container\">\n\t\t\t\t\t\t\t\t\t<p><span style=\"font-weight: 400;\">Bocholt zeichnet eine Besonderheit aus: Der Stadtteil Suderwick grenzt unmittelbar an die niederl\u00e4ndische Ortschaft Dinxperlo, beide teilen sich sogar einen Stra\u00dfenzug. Auf der einen Seite stehen die deutschen H\u00e4user und auf der anderen die niederl\u00e4ndischen. Das klingt ungew\u00f6hnlich, ist im Alltag jedoch kein gro\u00dfes Thema. Kurios geht es nur manchmal zu. So wie im vergangenen Jahr, als es pl\u00f6tzlich eine Anordnung der Niederlande gab, dass niemand mehr die niederl\u00e4ndische Grenze ungeimpft ungetestet \u00fcberschreiten darf. \u201eDamit war es f\u00fcr die Menschen in Suderwick nicht mehr m\u00f6glich, auf das eigene Grundst\u00fcck zu kommen, ohne das Gesetz zu verletzen. Denn die Stra\u00dfe ist niederl\u00e4ndisch und der B\u00fcrgersteig deutsch. Das musste sofort besprochen und eine L\u00f6sung gefunden werden. Online geht der deutsch-niederl\u00e4ndische Austausch viel schneller\u201c, erz\u00e4hlt Petra Taubach. Auch in der kommunalen Verwaltung haben sich digitale Formate im europ\u00e4ischen Dialog also durchgesetzt.<\/span><\/p>\t\t\t\t\t\t\t\t<\/div>\n\t\t\t\t<\/div>\n\t\t\t\t<div class=\"elementor-element elementor-element-488ac7e elementor-widget elementor-widget-spacer\" data-id=\"488ac7e\" data-element_type=\"widget\" data-e-type=\"widget\" data-widget_type=\"spacer.default\">\n\t\t\t\t<div class=\"elementor-widget-container\">\n\t\t\t\t\t\t\t<div class=\"elementor-spacer\">\n\t\t\t<div class=\"elementor-spacer-inner\"><\/div>\n\t\t<\/div>\n\t\t\t\t\t\t<\/div>\n\t\t\t\t<\/div>\n\t\t\t\t<div class=\"elementor-element elementor-element-0963c17 elementor-widget elementor-widget-image\" data-id=\"0963c17\" data-element_type=\"widget\" data-e-type=\"widget\" data-widget_type=\"image.default\">\n\t\t\t\t<div class=\"elementor-widget-container\">\n\t\t\t\t\t\t\t\t\t\t\t\t<figure class=\"wp-caption\">\n\t\t\t\t\t\t\t\t\t\t<img fetchpriority=\"high\" decoding=\"async\" width=\"768\" height=\"584\" src=\"https:\/\/www.deutsche-glasfaser.de\/blog\/wp-content\/uploads\/2022\/05\/staedtepartnerschaften_blog_3-768x584.jpg\" class=\"attachment-medium_large size-medium_large wp-image-9949\" alt=\"Alt: Zwei junge Fahrradfahrer treffen sich an einem Wegweiser und halten Zettel mit der Aufschrift \u201etogether\u201c in die H\u00f6he\" srcset=\"https:\/\/www.deutsche-glasfaser.de\/blog\/wp-content\/uploads\/2022\/05\/staedtepartnerschaften_blog_3-768x584.jpg 768w, https:\/\/www.deutsche-glasfaser.de\/blog\/wp-content\/uploads\/2022\/05\/staedtepartnerschaften_blog_3-300x228.jpg 300w, https:\/\/www.deutsche-glasfaser.de\/blog\/wp-content\/uploads\/2022\/05\/staedtepartnerschaften_blog_3.jpg 788w\" sizes=\"(max-width: 768px) 100vw, 768px\" \/>\t\t\t\t\t\t\t\t\t\t\t<figcaption class=\"widget-image-caption wp-caption-text\">Der Bocholter Stadtteil Suderwick grenzt unmittelbar ans niederl\u00e4ndische Dinxperlo. Die zwei Radfahrer demonstrieren Zusammenhalt in Corona-Zeiten. \n\u00a9 Christa van Dee\n<\/figcaption>\n\t\t\t\t\t\t\t\t\t\t<\/figure>\n\t\t\t\t\t\t\t\t\t<\/div>\n\t\t\t\t<\/div>\n\t\t\t\t<div class=\"elementor-element elementor-element-9cd33a2 elementor-widget elementor-widget-spacer\" data-id=\"9cd33a2\" data-element_type=\"widget\" data-e-type=\"widget\" data-widget_type=\"spacer.default\">\n\t\t\t\t<div class=\"elementor-widget-container\">\n\t\t\t\t\t\t\t<div class=\"elementor-spacer\">\n\t\t\t<div class=\"elementor-spacer-inner\"><\/div>\n\t\t<\/div>\n\t\t\t\t\t\t<\/div>\n\t\t\t\t<\/div>\n\t\t\t\t<div class=\"elementor-element elementor-element-a53088d elementor-widget elementor-widget-heading\" data-id=\"a53088d\" data-element_type=\"widget\" data-e-type=\"widget\" data-widget_type=\"heading.default\">\n\t\t\t\t<div class=\"elementor-widget-container\">\n\t\t\t\t\t<h2 class=\"elementor-heading-title elementor-size-xl\">Austausch am virtuellen Tisch<\/h2>\t\t\t\t<\/div>\n\t\t\t\t<\/div>\n\t\t\t\t<div class=\"elementor-element elementor-element-1da49ed elementor-widget elementor-widget-spacer\" data-id=\"1da49ed\" data-element_type=\"widget\" data-e-type=\"widget\" data-widget_type=\"spacer.default\">\n\t\t\t\t<div class=\"elementor-widget-container\">\n\t\t\t\t\t\t\t<div class=\"elementor-spacer\">\n\t\t\t<div class=\"elementor-spacer-inner\"><\/div>\n\t\t<\/div>\n\t\t\t\t\t\t<\/div>\n\t\t\t\t<\/div>\n\t\t\t\t<div class=\"elementor-element elementor-element-85b9c14 elementor-widget elementor-widget-text-editor\" data-id=\"85b9c14\" data-element_type=\"widget\" data-e-type=\"widget\" data-widget_type=\"text-editor.default\">\n\t\t\t\t<div class=\"elementor-widget-container\">\n\t\t\t\t\t\t\t\t\t<p><span style=\"font-weight: 400;\">Schon vor einigen Jahren hat sich in dem Grenzgebiet ein B\u00fcrgerforum gegr\u00fcndet, das sich vor der Pandemie auch regelm\u00e4\u00dfig getroffen hat. Nun tagt es online. Durch die Videokonferenzen hat sich die Zahl derjenigen, die sich in dem Forum grenz\u00fcberschreitend engagieren, nahezu verdoppelt. Petra Taubach: \u201eMan muss nicht mehr irgendwo hinfahren, sondern kann sich dazuschalten und seine Ideen einbringen. Das ist ein niederschwelliges Angebot und er\u00f6ffnet mehr Menschen den Zugang. F\u00fcr die \u00c4lteren sind Videokonferenzen inzwischen auch kein Neuland mehr und Jugendliche k\u00f6nnen am Computer mal etwas anderes machen\u201c, so die Partnerschaftsbeauftragte. Auch f\u00fcr die Verwaltung bringt es manchen Vorteil, um Informationen auszutauschen und zu h\u00f6ren, was sich die Menschen diesseits und jenseits der Grenze w\u00fcnschen. \u201eDas setzt nat\u00fcrlich die Bereitschaft voraus, dass sich die Fachbereiche, so hei\u00dfen bei uns die \u00c4mter, auch mal abends mit an den virtuellen Tisch setzen\u201c, sagt Petra Taubach. <\/span><\/p>\t\t\t\t\t\t\t\t<\/div>\n\t\t\t\t<\/div>\n\t\t\t\t<div class=\"elementor-element elementor-element-10bdf46 elementor-widget elementor-widget-spacer\" data-id=\"10bdf46\" data-element_type=\"widget\" data-e-type=\"widget\" data-widget_type=\"spacer.default\">\n\t\t\t\t<div class=\"elementor-widget-container\">\n\t\t\t\t\t\t\t<div class=\"elementor-spacer\">\n\t\t\t<div class=\"elementor-spacer-inner\"><\/div>\n\t\t<\/div>\n\t\t\t\t\t\t<\/div>\n\t\t\t\t<\/div>\n\t\t\t\t<div class=\"elementor-element elementor-element-b697b16 elementor-widget elementor-widget-heading\" data-id=\"b697b16\" data-element_type=\"widget\" data-e-type=\"widget\" data-widget_type=\"heading.default\">\n\t\t\t\t<div class=\"elementor-widget-container\">\n\t\t\t\t\t<h2 class=\"elementor-heading-title elementor-size-xl\">Die \u201egr\u00f6\u00dfte Friedensbewegung der Welt\u201c<\/h2>\t\t\t\t<\/div>\n\t\t\t\t<\/div>\n\t\t\t\t<div class=\"elementor-element elementor-element-0b30382 elementor-widget elementor-widget-spacer\" data-id=\"0b30382\" data-element_type=\"widget\" data-e-type=\"widget\" data-widget_type=\"spacer.default\">\n\t\t\t\t<div class=\"elementor-widget-container\">\n\t\t\t\t\t\t\t<div class=\"elementor-spacer\">\n\t\t\t<div class=\"elementor-spacer-inner\"><\/div>\n\t\t<\/div>\n\t\t\t\t\t\t<\/div>\n\t\t\t\t<\/div>\n\t\t\t\t<div class=\"elementor-element elementor-element-845c82e elementor-widget elementor-widget-text-editor\" data-id=\"845c82e\" data-element_type=\"widget\" data-e-type=\"widget\" data-widget_type=\"text-editor.default\">\n\t\t\t\t<div class=\"elementor-widget-container\">\n\t\t\t\t\t\t\t\t\t<p><span style=\"font-weight: 400;\">St\u00e4dtepartnerschaften galten einst als \u201egr\u00f6\u00dfte Friedensbewegung der Welt\u201c. Viele stammen aus der Zeit nach dem Zweiten Weltkrieg, als es <\/span><span style=\"font-weight: 400;\">darum ging, sich wieder miteinander zu vers\u00f6hnen. <\/span><span style=\"font-weight: 400;\">Engl\u00e4nder, Amerikaner, Kanadier und Belgier luden Deutsche in ihre Heimatl\u00e4nder ein, um ihnen vor Ort zu zeigen, wie eine demokratische Verwaltung funktioniert. Aus diesen Besuchen entstanden sp\u00e4ter die St\u00e4dtepartnerschaften. In Bocholt gaben britische Soldaten den Ansto\u00df dazu, sich eine Partnergemeinde in England zu suchen. <\/span><span style=\"font-weight: 400;\">1952 fand der erste offizielle Jugendaustausch zwischen Bocholt und Rossendale statt. Doch erst 1980 wurde die offizielle Urkunde unterzeichnet und die St\u00e4dtepartnerschaft besiegelt. \u201eDass es so lange dauert, ist in Bocholt \u00fcblich. Vielleicht liegt es daran, dass die \u2018sturen<\/span> <span style=\"font-weight: 400;\">Westfalen\u2019 so lange \u00fcberlegen\u201c, sagt Petra Taubach \u2013 selbst geb\u00fcrtige Westf\u00e4lin \u2013 und<\/span> <span style=\"font-weight: 400;\">lacht. Tats\u00e4chlich ist der Grund ein anderer: Die Stadt m\u00f6chte \u00fcber eine Generation pr\u00fcfen, ob die Partnerschaften \u00fcber die vielen Jahre weiterhin funktionieren.<\/span><\/p>\t\t\t\t\t\t\t\t<\/div>\n\t\t\t\t<\/div>\n\t\t\t\t<div class=\"elementor-element elementor-element-ed3f75e elementor-widget elementor-widget-spacer\" data-id=\"ed3f75e\" data-element_type=\"widget\" data-e-type=\"widget\" data-widget_type=\"spacer.default\">\n\t\t\t\t<div class=\"elementor-widget-container\">\n\t\t\t\t\t\t\t<div class=\"elementor-spacer\">\n\t\t\t<div class=\"elementor-spacer-inner\"><\/div>\n\t\t<\/div>\n\t\t\t\t\t\t<\/div>\n\t\t\t\t<\/div>\n\t\t\t\t<div class=\"elementor-element elementor-element-39678bb elementor-widget elementor-widget-image\" data-id=\"39678bb\" data-element_type=\"widget\" data-e-type=\"widget\" data-widget_type=\"image.default\">\n\t\t\t\t<div class=\"elementor-widget-container\">\n\t\t\t\t\t\t\t\t\t\t\t\t<figure class=\"wp-caption\">\n\t\t\t\t\t\t\t\t\t\t<img decoding=\"async\" width=\"768\" height=\"651\" src=\"https:\/\/www.deutsche-glasfaser.de\/blog\/wp-content\/uploads\/2022\/05\/staedtepartnerschaften_blog-768x651.jpg\" class=\"attachment-medium_large size-medium_large wp-image-9950\" alt=\"Vier Personen stehen vor einem wei\u00dfen Geb\u00e4ude und halten eine gro\u00dfe Europafahne.\" srcset=\"https:\/\/www.deutsche-glasfaser.de\/blog\/wp-content\/uploads\/2022\/05\/staedtepartnerschaften_blog-768x651.jpg 768w, https:\/\/www.deutsche-glasfaser.de\/blog\/wp-content\/uploads\/2022\/05\/staedtepartnerschaften_blog-300x254.jpg 300w, https:\/\/www.deutsche-glasfaser.de\/blog\/wp-content\/uploads\/2022\/05\/staedtepartnerschaften_blog.jpg 788w\" sizes=\"(max-width: 768px) 100vw, 768px\" \/>\t\t\t\t\t\t\t\t\t\t\t<figcaption class=\"widget-image-caption wp-caption-text\">2020 fand das europ\u00e4ische Jugendcamp der Stadt Bocholt online statt. Vorne links: Petra Taubach, daneben Sebastian Borgert (EUROPE Direct Bocholt). \u00a9 Stadt Bocholt, Musikschule<\/figcaption>\n\t\t\t\t\t\t\t\t\t\t<\/figure>\n\t\t\t\t\t\t\t\t\t<\/div>\n\t\t\t\t<\/div>\n\t\t\t\t<div class=\"elementor-element elementor-element-4f70cd9 elementor-widget elementor-widget-spacer\" data-id=\"4f70cd9\" data-element_type=\"widget\" data-e-type=\"widget\" data-widget_type=\"spacer.default\">\n\t\t\t\t<div class=\"elementor-widget-container\">\n\t\t\t\t\t\t\t<div class=\"elementor-spacer\">\n\t\t\t<div class=\"elementor-spacer-inner\"><\/div>\n\t\t<\/div>\n\t\t\t\t\t\t<\/div>\n\t\t\t\t<\/div>\n\t\t\t\t<div class=\"elementor-element elementor-element-9cbd03a elementor-widget elementor-widget-heading\" data-id=\"9cbd03a\" data-element_type=\"widget\" data-e-type=\"widget\" data-widget_type=\"heading.default\">\n\t\t\t\t<div class=\"elementor-widget-container\">\n\t\t\t\t\t<h2 class=\"elementor-heading-title elementor-size-xl\">Vereine beleben den Austausch<\/h2>\t\t\t\t<\/div>\n\t\t\t\t<\/div>\n\t\t\t\t<div class=\"elementor-element elementor-element-e76b916 elementor-widget elementor-widget-spacer\" data-id=\"e76b916\" data-element_type=\"widget\" data-e-type=\"widget\" data-widget_type=\"spacer.default\">\n\t\t\t\t<div class=\"elementor-widget-container\">\n\t\t\t\t\t\t\t<div class=\"elementor-spacer\">\n\t\t\t<div class=\"elementor-spacer-inner\"><\/div>\n\t\t<\/div>\n\t\t\t\t\t\t<\/div>\n\t\t\t\t<\/div>\n\t\t\t\t<div class=\"elementor-element elementor-element-009f303 elementor-widget elementor-widget-text-editor\" data-id=\"009f303\" data-element_type=\"widget\" data-e-type=\"widget\" data-widget_type=\"text-editor.default\">\n\t\t\t\t<div class=\"elementor-widget-container\">\n\t\t\t\t\t\t\t\t\t<p><span style=\"font-weight: 400;\">Bundesweit gibt es etwa 6.000 Partnerschaften zwischen deutschen und europ\u00e4ischen Kommunen. <\/span><span style=\"font-weight: 400;\">Vereine sind wichtige Akteure, die sie mit Leben f\u00fcllen. Auch in Bocholt beteiligen sich Sport-, Musik- und Kulturvereine am Austausch mit den Partnerst\u00e4dten. \u201eDa h\u00f6re ich inzwischen immer wieder: \u201aIch mache schon so viele digitale Meetings auf der Arbeit, da m\u00f6chte ich keine mehr in der Freizeit haben\u2018. Eine digitale St\u00e4dtepartnerschaft hat durchaus Vorteile, aber wenn man das noch zehn Jahre machen m\u00fcsste, w\u00fcrde einiges auf der Strecke bleiben. Ohne pers\u00f6nliche Begegnungen funktioniert es nicht\u201c, res\u00fcmiert Petra Taubach.<\/span><\/p>\t\t\t\t\t\t\t\t<\/div>\n\t\t\t\t<\/div>\n\t\t\t\t<div class=\"elementor-element elementor-element-3978921 elementor-widget elementor-widget-spacer\" data-id=\"3978921\" data-element_type=\"widget\" data-e-type=\"widget\" data-widget_type=\"spacer.default\">\n\t\t\t\t<div class=\"elementor-widget-container\">\n\t\t\t\t\t\t\t<div class=\"elementor-spacer\">\n\t\t\t<div class=\"elementor-spacer-inner\"><\/div>\n\t\t<\/div>\n\t\t\t\t\t\t<\/div>\n\t\t\t\t<\/div>\n\t\t\t\t<div class=\"elementor-element elementor-element-00fc6cc elementor-widget elementor-widget-heading\" data-id=\"00fc6cc\" data-element_type=\"widget\" data-e-type=\"widget\" data-widget_type=\"heading.default\">\n\t\t\t\t<div class=\"elementor-widget-container\">\n\t\t\t\t\t<h2 class=\"elementor-heading-title elementor-size-xl\">Mehr zum Thema<\/h2>\t\t\t\t<\/div>\n\t\t\t\t<\/div>\n\t\t\t\t<div class=\"elementor-element elementor-element-aeb7e59 elementor-widget elementor-widget-spacer\" data-id=\"aeb7e59\" data-element_type=\"widget\" data-e-type=\"widget\" data-widget_type=\"spacer.default\">\n\t\t\t\t<div class=\"elementor-widget-container\">\n\t\t\t\t\t\t\t<div class=\"elementor-spacer\">\n\t\t\t<div class=\"elementor-spacer-inner\"><\/div>\n\t\t<\/div>\n\t\t\t\t\t\t<\/div>\n\t\t\t\t<\/div>\n\t\t\t\t<div class=\"elementor-element elementor-element-c5fb373 elementor-widget elementor-widget-text-editor\" data-id=\"c5fb373\" data-element_type=\"widget\" data-e-type=\"widget\" data-widget_type=\"text-editor.default\">\n\t\t\t\t<div class=\"elementor-widget-container\">\n\t\t\t\t\t\t\t\t\t<ul><li style=\"font-weight: 400;\" aria-level=\"1\"><span style=\"font-weight: 400;\">Mehr Informationen zu den internationalen Beziehungen der Stadt Bocholt finden Sie<\/span><a href=\"https:\/\/www.bocholt.de\/rathaus\/europabuero\/internationale-beziehungen\/\"> <span style=\"font-weight: 400;\"><strong>hier<\/strong><\/span><\/a><span style=\"font-weight: 400;\">. <\/span><span style=\"font-weight: 400;\">Hier erfahren Sie mehr \u00fcber die <\/span><strong><a href=\"https:\/\/www.bocholt.de\/rathaus\/europastadt-bocholt\/\">Europastadt Bocholt<\/a><\/strong><\/li><\/ul><ul><li style=\"font-weight: 400;\" aria-level=\"1\"><span style=\"font-weight: 400;\">Das Deutsche Polen Institut hat im September 2020 eine Umfrage gemacht. Sie zeigt, dass die Corona-Pandemie f\u00fcr viele St\u00e4dtepartnerschaften einen tiefen Einschnitt bedeutet.<\/span><strong><a href=\"https:\/\/www.deutsches-polen-institut.de\/blog\/staedtepartnerschaften-in-zeiten-von-corona\/\"> Mehr \u00fcber die Ergebnisse<\/a><\/strong><\/li><li><span style=\"font-weight: 400;\">Das Partnerstadtportal \u201eFriends in Europe\u201c der Stadt Rheine zeigt, was St\u00e4dtepartnerschaften leisten. Es informiert \u00fcber die Zusammenarbeit mit den <\/span><span style=\"font-weight: 400;\">Partnerst\u00e4dten <\/span><span style=\"font-weight: 400;\">Bernburg in Deutschland, Borne in den Niederlanden, Leira in Portugal und Trakai in Litauen.<\/span><strong><a href=\"https:\/\/friendsineurope.com\/\"> Mehr erfahren<\/a><\/strong><\/li><\/ul>\t\t\t\t\t\t\t\t<\/div>\n\t\t\t\t<\/div>\n\t\t\t\t\t<\/div>\n\t\t<\/div>\n\t\t\t\t\t<\/div>\n\t\t<\/section>\n\t\t\t\t<\/div>\n\t\t","protected":false},"excerpt":{"rendered":"<p>Frankreich, Belgien. England: Die Stadt Bocholt pflegt seit vielen Jahren Kontakte und Partnerschaften in Europa und in aller Welt. Durch die Corona-Pandemie waren gegenseitige Besuche nicht m\u00f6glich. Eine Alternative ist die digitale St\u00e4dtepartnerschaft.<\/p>\n","protected":false},"author":5,"featured_media":9948,"comment_status":"open","ping_status":"open","sticky":false,"template":"","format":"standard","meta":{"footnotes":""},"categories":[71],"tags":[],"class_list":["post-9947","post","type-post","status-publish","format-standard","has-post-thumbnail","hentry","category-gemeinschaft"],"yoast_head":"<!-- This site is optimized with the Yoast SEO plugin v27.5 - https:\/\/yoast.com\/product\/yoast-seo-wordpress\/ -->\n<title>St\u00e4dtepartnerschaften digital: Wie sich Partnerst\u00e4dte vernetzen - Digitales B\u00fcrgernetz<\/title>\n<meta name=\"description\" content=\"Die Stadt Bocholt hat Partnerst\u00e4dte in Europa und dar\u00fcber hinaus. In Pandemiezeiten wurden diese St\u00e4dtepartnerschaften digital gepflegt.\" \/>\n<meta name=\"robots\" content=\"index, follow, max-snippet:-1, max-image-preview:large, max-video-preview:-1\" \/>\n<link rel=\"canonical\" href=\"https:\/\/www.deutsche-glasfaser.de\/blog\/tea-time-einmal-online-digitale-staedtepartnerschaften\/\" \/>\n<meta property=\"og:locale\" content=\"de_DE\" \/>\n<meta property=\"og:type\" content=\"article\" \/>\n<meta property=\"og:title\" content=\"St\u00e4dtepartnerschaften digital: Wie sich Partnerst\u00e4dte vernetzen - Digitales B\u00fcrgernetz\" \/>\n<meta property=\"og:description\" content=\"Die Stadt Bocholt hat Partnerst\u00e4dte in Europa und dar\u00fcber hinaus. In Pandemiezeiten wurden diese St\u00e4dtepartnerschaften digital gepflegt.\" \/>\n<meta property=\"og:url\" content=\"https:\/\/www.deutsche-glasfaser.de\/blog\/tea-time-einmal-online-digitale-staedtepartnerschaften\/\" \/>\n<meta property=\"og:site_name\" content=\"Digitales B\u00fcrgernetz\" \/>\n<meta property=\"article:published_time\" content=\"2022-05-31T07:30:30+00:00\" \/>\n<meta property=\"article:modified_time\" content=\"2022-05-31T07:30:32+00:00\" \/>\n<meta property=\"og:image\" content=\"https:\/\/www.deutsche-glasfaser.de\/blog\/wp-content\/uploads\/2022\/05\/Stdaedtepartenerchaft_header_2.jpg\" \/>\n\t<meta property=\"og:image:width\" content=\"1500\" \/>\n\t<meta property=\"og:image:height\" content=\"705\" \/>\n\t<meta property=\"og:image:type\" content=\"image\/jpeg\" \/>\n<meta name=\"author\" content=\"Deutsche Glasfaser\" \/>\n<meta name=\"twitter:card\" content=\"summary_large_image\" \/>\n<meta name=\"twitter:label1\" content=\"Verfasst von\" \/>\n\t<meta name=\"twitter:data1\" content=\"Deutsche Glasfaser\" \/>\n\t<meta name=\"twitter:label2\" content=\"Gesch\u00e4tzte Lesezeit\" \/>\n\t<meta name=\"twitter:data2\" content=\"7\u00a0Minuten\" \/>\n<script type=\"application\/ld+json\" class=\"yoast-schema-graph\">{\"@context\":\"https:\\\/\\\/schema.org\",\"@graph\":[{\"@type\":\"Article\",\"@id\":\"https:\\\/\\\/www.deutsche-glasfaser.de\\\/blog\\\/tea-time-einmal-online-digitale-staedtepartnerschaften\\\/#article\",\"isPartOf\":{\"@id\":\"https:\\\/\\\/www.deutsche-glasfaser.de\\\/blog\\\/tea-time-einmal-online-digitale-staedtepartnerschaften\\\/\"},\"author\":{\"name\":\"Deutsche Glasfaser\",\"@id\":\"https:\\\/\\\/www.deutsche-glasfaser.de\\\/blog\\\/#\\\/schema\\\/person\\\/9380a6dc7443d77143d0c66c409f574b\"},\"headline\":\"Tea time einmal online: Digitale St\u00e4dtepartnerschaften\",\"datePublished\":\"2022-05-31T07:30:30+00:00\",\"dateModified\":\"2022-05-31T07:30:32+00:00\",\"mainEntityOfPage\":{\"@id\":\"https:\\\/\\\/www.deutsche-glasfaser.de\\\/blog\\\/tea-time-einmal-online-digitale-staedtepartnerschaften\\\/\"},\"wordCount\":1039,\"commentCount\":0,\"publisher\":{\"@id\":\"https:\\\/\\\/www.deutsche-glasfaser.de\\\/blog\\\/#organization\"},\"image\":{\"@id\":\"https:\\\/\\\/www.deutsche-glasfaser.de\\\/blog\\\/tea-time-einmal-online-digitale-staedtepartnerschaften\\\/#primaryimage\"},\"thumbnailUrl\":\"https:\\\/\\\/www.deutsche-glasfaser.de\\\/blog\\\/wp-content\\\/uploads\\\/2022\\\/05\\\/Stdaedtepartenerchaft_header_2.jpg\",\"articleSection\":[\"#Gemeinschaft\"],\"inLanguage\":\"de\",\"potentialAction\":[{\"@type\":\"CommentAction\",\"name\":\"Comment\",\"target\":[\"https:\\\/\\\/www.deutsche-glasfaser.de\\\/blog\\\/tea-time-einmal-online-digitale-staedtepartnerschaften\\\/#respond\"]}]},{\"@type\":\"WebPage\",\"@id\":\"https:\\\/\\\/www.deutsche-glasfaser.de\\\/blog\\\/tea-time-einmal-online-digitale-staedtepartnerschaften\\\/\",\"url\":\"https:\\\/\\\/www.deutsche-glasfaser.de\\\/blog\\\/tea-time-einmal-online-digitale-staedtepartnerschaften\\\/\",\"name\":\"St\u00e4dtepartnerschaften digital: Wie sich Partnerst\u00e4dte vernetzen - Digitales B\u00fcrgernetz\",\"isPartOf\":{\"@id\":\"https:\\\/\\\/www.deutsche-glasfaser.de\\\/blog\\\/#website\"},\"primaryImageOfPage\":{\"@id\":\"https:\\\/\\\/www.deutsche-glasfaser.de\\\/blog\\\/tea-time-einmal-online-digitale-staedtepartnerschaften\\\/#primaryimage\"},\"image\":{\"@id\":\"https:\\\/\\\/www.deutsche-glasfaser.de\\\/blog\\\/tea-time-einmal-online-digitale-staedtepartnerschaften\\\/#primaryimage\"},\"thumbnailUrl\":\"https:\\\/\\\/www.deutsche-glasfaser.de\\\/blog\\\/wp-content\\\/uploads\\\/2022\\\/05\\\/Stdaedtepartenerchaft_header_2.jpg\",\"datePublished\":\"2022-05-31T07:30:30+00:00\",\"dateModified\":\"2022-05-31T07:30:32+00:00\",\"description\":\"Die Stadt Bocholt hat Partnerst\u00e4dte in Europa und dar\u00fcber hinaus. In Pandemiezeiten wurden diese St\u00e4dtepartnerschaften digital gepflegt.\",\"inLanguage\":\"de\",\"potentialAction\":[{\"@type\":\"ReadAction\",\"target\":[\"https:\\\/\\\/www.deutsche-glasfaser.de\\\/blog\\\/tea-time-einmal-online-digitale-staedtepartnerschaften\\\/\"]}]},{\"@type\":\"ImageObject\",\"inLanguage\":\"de\",\"@id\":\"https:\\\/\\\/www.deutsche-glasfaser.de\\\/blog\\\/tea-time-einmal-online-digitale-staedtepartnerschaften\\\/#primaryimage\",\"url\":\"https:\\\/\\\/www.deutsche-glasfaser.de\\\/blog\\\/wp-content\\\/uploads\\\/2022\\\/05\\\/Stdaedtepartenerchaft_header_2.jpg\",\"contentUrl\":\"https:\\\/\\\/www.deutsche-glasfaser.de\\\/blog\\\/wp-content\\\/uploads\\\/2022\\\/05\\\/Stdaedtepartenerchaft_header_2.jpg\",\"width\":1500,\"height\":705,\"caption\":\"\u00a9 Markus Spiske\\\/Unsplash\"},{\"@type\":\"WebSite\",\"@id\":\"https:\\\/\\\/www.deutsche-glasfaser.de\\\/blog\\\/#website\",\"url\":\"https:\\\/\\\/www.deutsche-glasfaser.de\\\/blog\\\/\",\"name\":\"Digitales B\u00fcrgernetz\",\"description\":\"Deutsche Glasfaser Blog\",\"publisher\":{\"@id\":\"https:\\\/\\\/www.deutsche-glasfaser.de\\\/blog\\\/#organization\"},\"potentialAction\":[{\"@type\":\"SearchAction\",\"target\":{\"@type\":\"EntryPoint\",\"urlTemplate\":\"https:\\\/\\\/www.deutsche-glasfaser.de\\\/blog\\\/?s={search_term_string}\"},\"query-input\":{\"@type\":\"PropertyValueSpecification\",\"valueRequired\":true,\"valueName\":\"search_term_string\"}}],\"inLanguage\":\"de\"},{\"@type\":\"Organization\",\"@id\":\"https:\\\/\\\/www.deutsche-glasfaser.de\\\/blog\\\/#organization\",\"name\":\"Digitales B\u00fcrgernetz\",\"url\":\"https:\\\/\\\/www.deutsche-glasfaser.de\\\/blog\\\/\",\"logo\":{\"@type\":\"ImageObject\",\"inLanguage\":\"de\",\"@id\":\"https:\\\/\\\/www.deutsche-glasfaser.de\\\/blog\\\/#\\\/schema\\\/logo\\\/image\\\/\",\"url\":\"https:\\\/\\\/www.deutsche-glasfaser.de\\\/blog\\\/wp-content\\\/uploads\\\/2021\\\/08\\\/DGF_Logo_Basis_RGB-Large@2x.png\",\"contentUrl\":\"https:\\\/\\\/www.deutsche-glasfaser.de\\\/blog\\\/wp-content\\\/uploads\\\/2021\\\/08\\\/DGF_Logo_Basis_RGB-Large@2x.png\",\"width\":312,\"height\":104,\"caption\":\"Digitales B\u00fcrgernetz\"},\"image\":{\"@id\":\"https:\\\/\\\/www.deutsche-glasfaser.de\\\/blog\\\/#\\\/schema\\\/logo\\\/image\\\/\"}},{\"@type\":\"Person\",\"@id\":\"https:\\\/\\\/www.deutsche-glasfaser.de\\\/blog\\\/#\\\/schema\\\/person\\\/9380a6dc7443d77143d0c66c409f574b\",\"name\":\"Deutsche Glasfaser\"}]}<\/script>\n<!-- \/ Yoast SEO plugin. -->","yoast_head_json":{"title":"St\u00e4dtepartnerschaften digital: Wie sich Partnerst\u00e4dte vernetzen - Digitales B\u00fcrgernetz","description":"Die Stadt Bocholt hat Partnerst\u00e4dte in Europa und dar\u00fcber hinaus. In Pandemiezeiten wurden diese St\u00e4dtepartnerschaften digital gepflegt.","robots":{"index":"index","follow":"follow","max-snippet":"max-snippet:-1","max-image-preview":"max-image-preview:large","max-video-preview":"max-video-preview:-1"},"canonical":"https:\/\/www.deutsche-glasfaser.de\/blog\/tea-time-einmal-online-digitale-staedtepartnerschaften\/","og_locale":"de_DE","og_type":"article","og_title":"St\u00e4dtepartnerschaften digital: Wie sich Partnerst\u00e4dte vernetzen - Digitales B\u00fcrgernetz","og_description":"Die Stadt Bocholt hat Partnerst\u00e4dte in Europa und dar\u00fcber hinaus. In Pandemiezeiten wurden diese St\u00e4dtepartnerschaften digital gepflegt.","og_url":"https:\/\/www.deutsche-glasfaser.de\/blog\/tea-time-einmal-online-digitale-staedtepartnerschaften\/","og_site_name":"Digitales B\u00fcrgernetz","article_published_time":"2022-05-31T07:30:30+00:00","article_modified_time":"2022-05-31T07:30:32+00:00","og_image":[{"width":1500,"height":705,"url":"https:\/\/www.deutsche-glasfaser.de\/blog\/wp-content\/uploads\/2022\/05\/Stdaedtepartenerchaft_header_2.jpg","type":"image\/jpeg"}],"author":"Deutsche Glasfaser","twitter_card":"summary_large_image","twitter_misc":{"Verfasst von":"Deutsche Glasfaser","Gesch\u00e4tzte Lesezeit":"7\u00a0Minuten"},"schema":{"@context":"https:\/\/schema.org","@graph":[{"@type":"Article","@id":"https:\/\/www.deutsche-glasfaser.de\/blog\/tea-time-einmal-online-digitale-staedtepartnerschaften\/#article","isPartOf":{"@id":"https:\/\/www.deutsche-glasfaser.de\/blog\/tea-time-einmal-online-digitale-staedtepartnerschaften\/"},"author":{"name":"Deutsche Glasfaser","@id":"https:\/\/www.deutsche-glasfaser.de\/blog\/#\/schema\/person\/9380a6dc7443d77143d0c66c409f574b"},"headline":"Tea time einmal online: Digitale St\u00e4dtepartnerschaften","datePublished":"2022-05-31T07:30:30+00:00","dateModified":"2022-05-31T07:30:32+00:00","mainEntityOfPage":{"@id":"https:\/\/www.deutsche-glasfaser.de\/blog\/tea-time-einmal-online-digitale-staedtepartnerschaften\/"},"wordCount":1039,"commentCount":0,"publisher":{"@id":"https:\/\/www.deutsche-glasfaser.de\/blog\/#organization"},"image":{"@id":"https:\/\/www.deutsche-glasfaser.de\/blog\/tea-time-einmal-online-digitale-staedtepartnerschaften\/#primaryimage"},"thumbnailUrl":"https:\/\/www.deutsche-glasfaser.de\/blog\/wp-content\/uploads\/2022\/05\/Stdaedtepartenerchaft_header_2.jpg","articleSection":["#Gemeinschaft"],"inLanguage":"de","potentialAction":[{"@type":"CommentAction","name":"Comment","target":["https:\/\/www.deutsche-glasfaser.de\/blog\/tea-time-einmal-online-digitale-staedtepartnerschaften\/#respond"]}]},{"@type":"WebPage","@id":"https:\/\/www.deutsche-glasfaser.de\/blog\/tea-time-einmal-online-digitale-staedtepartnerschaften\/","url":"https:\/\/www.deutsche-glasfaser.de\/blog\/tea-time-einmal-online-digitale-staedtepartnerschaften\/","name":"St\u00e4dtepartnerschaften digital: Wie sich Partnerst\u00e4dte vernetzen - Digitales B\u00fcrgernetz","isPartOf":{"@id":"https:\/\/www.deutsche-glasfaser.de\/blog\/#website"},"primaryImageOfPage":{"@id":"https:\/\/www.deutsche-glasfaser.de\/blog\/tea-time-einmal-online-digitale-staedtepartnerschaften\/#primaryimage"},"image":{"@id":"https:\/\/www.deutsche-glasfaser.de\/blog\/tea-time-einmal-online-digitale-staedtepartnerschaften\/#primaryimage"},"thumbnailUrl":"https:\/\/www.deutsche-glasfaser.de\/blog\/wp-content\/uploads\/2022\/05\/Stdaedtepartenerchaft_header_2.jpg","datePublished":"2022-05-31T07:30:30+00:00","dateModified":"2022-05-31T07:30:32+00:00","description":"Die Stadt Bocholt hat Partnerst\u00e4dte in Europa und dar\u00fcber hinaus. In Pandemiezeiten wurden diese St\u00e4dtepartnerschaften digital gepflegt.","inLanguage":"de","potentialAction":[{"@type":"ReadAction","target":["https:\/\/www.deutsche-glasfaser.de\/blog\/tea-time-einmal-online-digitale-staedtepartnerschaften\/"]}]},{"@type":"ImageObject","inLanguage":"de","@id":"https:\/\/www.deutsche-glasfaser.de\/blog\/tea-time-einmal-online-digitale-staedtepartnerschaften\/#primaryimage","url":"https:\/\/www.deutsche-glasfaser.de\/blog\/wp-content\/uploads\/2022\/05\/Stdaedtepartenerchaft_header_2.jpg","contentUrl":"https:\/\/www.deutsche-glasfaser.de\/blog\/wp-content\/uploads\/2022\/05\/Stdaedtepartenerchaft_header_2.jpg","width":1500,"height":705,"caption":"\u00a9 Markus Spiske\/Unsplash"},{"@type":"WebSite","@id":"https:\/\/www.deutsche-glasfaser.de\/blog\/#website","url":"https:\/\/www.deutsche-glasfaser.de\/blog\/","name":"Digitales B\u00fcrgernetz","description":"Deutsche Glasfaser Blog","publisher":{"@id":"https:\/\/www.deutsche-glasfaser.de\/blog\/#organization"},"potentialAction":[{"@type":"SearchAction","target":{"@type":"EntryPoint","urlTemplate":"https:\/\/www.deutsche-glasfaser.de\/blog\/?s={search_term_string}"},"query-input":{"@type":"PropertyValueSpecification","valueRequired":true,"valueName":"search_term_string"}}],"inLanguage":"de"},{"@type":"Organization","@id":"https:\/\/www.deutsche-glasfaser.de\/blog\/#organization","name":"Digitales B\u00fcrgernetz","url":"https:\/\/www.deutsche-glasfaser.de\/blog\/","logo":{"@type":"ImageObject","inLanguage":"de","@id":"https:\/\/www.deutsche-glasfaser.de\/blog\/#\/schema\/logo\/image\/","url":"https:\/\/www.deutsche-glasfaser.de\/blog\/wp-content\/uploads\/2021\/08\/DGF_Logo_Basis_RGB-Large@2x.png","contentUrl":"https:\/\/www.deutsche-glasfaser.de\/blog\/wp-content\/uploads\/2021\/08\/DGF_Logo_Basis_RGB-Large@2x.png","width":312,"height":104,"caption":"Digitales B\u00fcrgernetz"},"image":{"@id":"https:\/\/www.deutsche-glasfaser.de\/blog\/#\/schema\/logo\/image\/"}},{"@type":"Person","@id":"https:\/\/www.deutsche-glasfaser.de\/blog\/#\/schema\/person\/9380a6dc7443d77143d0c66c409f574b","name":"Deutsche Glasfaser"}]}},"_links":{"self":[{"href":"https:\/\/www.deutsche-glasfaser.de\/blog\/wp-json\/wp\/v2\/posts\/9947","targetHints":{"allow":["GET"]}}],"collection":[{"href":"https:\/\/www.deutsche-glasfaser.de\/blog\/wp-json\/wp\/v2\/posts"}],"about":[{"href":"https:\/\/www.deutsche-glasfaser.de\/blog\/wp-json\/wp\/v2\/types\/post"}],"author":[{"embeddable":true,"href":"https:\/\/www.deutsche-glasfaser.de\/blog\/wp-json\/wp\/v2\/users\/5"}],"replies":[{"embeddable":true,"href":"https:\/\/www.deutsche-glasfaser.de\/blog\/wp-json\/wp\/v2\/comments?post=9947"}],"version-history":[{"count":6,"href":"https:\/\/www.deutsche-glasfaser.de\/blog\/wp-json\/wp\/v2\/posts\/9947\/revisions"}],"predecessor-version":[{"id":9956,"href":"https:\/\/www.deutsche-glasfaser.de\/blog\/wp-json\/wp\/v2\/posts\/9947\/revisions\/9956"}],"wp:featuredmedia":[{"embeddable":true,"href":"https:\/\/www.deutsche-glasfaser.de\/blog\/wp-json\/wp\/v2\/media\/9948"}],"wp:attachment":[{"href":"https:\/\/www.deutsche-glasfaser.de\/blog\/wp-json\/wp\/v2\/media?parent=9947"}],"wp:term":[{"taxonomy":"category","embeddable":true,"href":"https:\/\/www.deutsche-glasfaser.de\/blog\/wp-json\/wp\/v2\/categories?post=9947"},{"taxonomy":"post_tag","embeddable":true,"href":"https:\/\/www.deutsche-glasfaser.de\/blog\/wp-json\/wp\/v2\/tags?post=9947"}],"curies":[{"name":"wp","href":"https:\/\/api.w.org\/{rel}","templated":true}]}}