{"id":9924,"date":"2022-05-23T14:09:19","date_gmt":"2022-05-23T14:09:19","guid":{"rendered":"https:\/\/www.deutsche-glasfaser.de\/blog\/?p=9924"},"modified":"2022-06-02T08:56:56","modified_gmt":"2022-06-02T08:56:56","slug":"kosten-sparen-ressourcen-schonen-wissen-sichern-dank-digitalisierung","status":"publish","type":"post","link":"https:\/\/www.deutsche-glasfaser.de\/blog\/kosten-sparen-ressourcen-schonen-wissen-sichern-dank-digitalisierung\/","title":{"rendered":"Kosten sparen, Ressourcen schonen, Wissen sichern \u2013 dank Digitalisierung"},"content":{"rendered":"\t\t<div data-elementor-type=\"wp-post\" data-elementor-id=\"9924\" class=\"elementor elementor-9924\">\n\t\t\t\t\t\t<section class=\"elementor-section elementor-top-section elementor-element elementor-element-3383951 elementor-section-boxed elementor-section-height-default elementor-section-height-default\" data-id=\"3383951\" data-element_type=\"section\" data-e-type=\"section\">\n\t\t\t\t\t\t<div class=\"elementor-container elementor-column-gap-default\">\n\t\t\t\t\t<div class=\"elementor-column elementor-col-100 elementor-top-column elementor-element elementor-element-439f833\" data-id=\"439f833\" data-element_type=\"column\" data-e-type=\"column\">\n\t\t\t<div class=\"elementor-widget-wrap elementor-element-populated\">\n\t\t\t\t\t\t<div class=\"elementor-element elementor-element-f392410 elementor-widget elementor-widget-text-editor\" data-id=\"f392410\" data-element_type=\"widget\" data-e-type=\"widget\" data-widget_type=\"text-editor.default\">\n\t\t\t\t<div class=\"elementor-widget-container\">\n\t\t\t\t\t\t\t\t\t<p>Das Mittelstand-Digital Zentrum Augsburg unterst\u00fctzt KMU und Handwerksbetriebe.<\/p><p><span style=\"font-weight: 400;\">\u00a9 <\/span><span style=\"font-weight: 400;\">Christoph Hoppenbrock\/ <\/span><a href=\"http:\/\/www.bildbauer.de\"><span style=\"font-weight: 400;\">www.bildbauer.de<\/span><\/a><\/p>\t\t\t\t\t\t\t\t<\/div>\n\t\t\t\t<\/div>\n\t\t\t\t\t<\/div>\n\t\t<\/div>\n\t\t\t\t\t<\/div>\n\t\t<\/section>\n\t\t\t\t<section class=\"elementor-section elementor-top-section elementor-element elementor-element-2c95b4b elementor-section-boxed elementor-section-height-default elementor-section-height-default\" data-id=\"2c95b4b\" data-element_type=\"section\" data-e-type=\"section\">\n\t\t\t\t\t\t<div class=\"elementor-container elementor-column-gap-default\">\n\t\t\t\t\t<div class=\"elementor-column elementor-col-100 elementor-top-column elementor-element elementor-element-c307c44\" data-id=\"c307c44\" data-element_type=\"column\" data-e-type=\"column\">\n\t\t\t<div class=\"elementor-widget-wrap elementor-element-populated\">\n\t\t\t\t\t\t<div class=\"elementor-element elementor-element-3a7f11a elementor-widget elementor-widget-text-editor\" data-id=\"3a7f11a\" data-element_type=\"widget\" data-e-type=\"widget\" data-widget_type=\"text-editor.default\">\n\t\t\t\t<div class=\"elementor-widget-container\">\n\t\t\t\t\t\t\t\t\t<p><span style=\"font-weight: 400;\">Die Digitalisierung betrifft alle Branchen: die kleine Schreinerei auf dem Land genauso wie den mittelst\u00e4ndischen Landmaschinenh\u00e4ndler oder das gemeinn\u00fctzige Unternehmen. Viele stehen jedoch vor der Frage, wo sie anfangen sollen \u2013 und wie sie das Vorhaben ganz allein stemmen k\u00f6nnen. Unterst\u00fctzung finden sie bei den Mittelstand-Digital Zentren, die vom Bundesministerium f\u00fcr Wirtschaft und Klimaschutz gef\u00f6rdert werden. Bundesweit gibt es <\/span><a href=\"https:\/\/www.mittelstand-digital.de\/MD\/Redaktion\/DE\/Artikel\/Mittelstand-4-0\/mittelstand-40-kompetenzzentren.html\"><span style=\"font-weight: 400;\"><strong>knapp 30 solcher Zentren<\/strong><\/span><\/a><span style=\"font-weight: 400;\">. Sie sind miteinander vernetzt und tauschen sich aus. Eines davon ist das Mittelstand-Digital Zentrum Augsburg, das kleine und mittlere Unternehmen, KMU, sowie Handwerksbetriebe bei der Digitalisierung unterst\u00fctzt, insbesondere auch in entlegenen Regionen auf dem Land. \u201eIn einem Betrieb mit f\u00fcnf Besch\u00e4ftigten, der mit Auftr\u00e4gen schon sehr gut ausgelastet ist, kommt die Einf\u00fchrung einer neuen Technologie auf die eigentliche Arbeitszeit noch drauf. F\u00fcr gr\u00f6\u00dfere Unternehmen ist das in der Regel kein Problem. Sie k\u00f6nnen einen Besch\u00e4ftigten oder mehrere Mitarbeiter daf\u00fcr abstellen\u201c, sagt der Leiter des Augsburger Zentrums, Andreas Johannes Estner. \u201eAu\u00dferdem ist die Digitalisierung mit Kosten verbunden. Und das schreckt manche ab.\u201c<\/span><\/p>\t\t\t\t\t\t\t\t<\/div>\n\t\t\t\t<\/div>\n\t\t\t\t\t<\/div>\n\t\t<\/div>\n\t\t\t\t\t<\/div>\n\t\t<\/section>\n\t\t\t\t<section class=\"elementor-section elementor-top-section elementor-element elementor-element-8d748d1 elementor-section-boxed elementor-section-height-default elementor-section-height-default\" data-id=\"8d748d1\" data-element_type=\"section\" data-e-type=\"section\">\n\t\t\t\t\t\t<div class=\"elementor-container elementor-column-gap-default\">\n\t\t\t\t\t<div class=\"elementor-column elementor-col-100 elementor-top-column elementor-element elementor-element-506c214\" data-id=\"506c214\" data-element_type=\"column\" data-e-type=\"column\">\n\t\t\t<div class=\"elementor-widget-wrap elementor-element-populated\">\n\t\t\t\t\t\t<div class=\"elementor-element elementor-element-8c1a22a elementor-widget elementor-widget-spacer\" data-id=\"8c1a22a\" data-element_type=\"widget\" data-e-type=\"widget\" data-widget_type=\"spacer.default\">\n\t\t\t\t<div class=\"elementor-widget-container\">\n\t\t\t\t\t\t\t<div class=\"elementor-spacer\">\n\t\t\t<div class=\"elementor-spacer-inner\"><\/div>\n\t\t<\/div>\n\t\t\t\t\t\t<\/div>\n\t\t\t\t<\/div>\n\t\t\t\t<div class=\"elementor-element elementor-element-398a5bc elementor-widget elementor-widget-heading\" data-id=\"398a5bc\" data-element_type=\"widget\" data-e-type=\"widget\" data-widget_type=\"heading.default\">\n\t\t\t\t<div class=\"elementor-widget-container\">\n\t\t\t\t\t<h2 class=\"elementor-heading-title elementor-size-xl\">Informieren, qualifizieren, umsetzen, vernetzen<\/h2>\t\t\t\t<\/div>\n\t\t\t\t<\/div>\n\t\t\t\t<div class=\"elementor-element elementor-element-d3d1c4c elementor-widget elementor-widget-spacer\" data-id=\"d3d1c4c\" data-element_type=\"widget\" data-e-type=\"widget\" data-widget_type=\"spacer.default\">\n\t\t\t\t<div class=\"elementor-widget-container\">\n\t\t\t\t\t\t\t<div class=\"elementor-spacer\">\n\t\t\t<div class=\"elementor-spacer-inner\"><\/div>\n\t\t<\/div>\n\t\t\t\t\t\t<\/div>\n\t\t\t\t<\/div>\n\t\t\t\t<div class=\"elementor-element elementor-element-d2bb0bb elementor-widget elementor-widget-text-editor\" data-id=\"d2bb0bb\" data-element_type=\"widget\" data-e-type=\"widget\" data-widget_type=\"text-editor.default\">\n\t\t\t\t<div class=\"elementor-widget-container\">\n\t\t\t\t\t\t\t\t\t<p><span style=\"font-weight: 400;\">Das Mittelstand-Digital Zentrum Augsburg ist im M\u00e4rz 2022 gestartet und aus dem Mittelstand 4.0-Kompetenzzentrum Augsburg hervorgegangen. Neben den Themen Digitale Strategien, K\u00fcnstliche Intelligenz, Arbeit 4.0 und Finanzen 4.0 ist \u201eNachhaltigkeit und vernetzte Produktion und Logistik\u201c als neuer Schwerpunkt hinzugekommen. \u201eEs geht darum, Energie zu sparen, m\u00f6glichst wenig Ressourcen zu verschwenden und Produkte zu entwickeln, die langlebig sind oder recycelt werden k\u00f6nnen. Und es ist wichtig, die Besch\u00e4ftigten eines Unternehmens zu qualifizieren und sie zu halten\u201c, so Estner. Zum Angebot des Mittelstand-Digital Zentrum Augsburg z\u00e4hlen Informationsveranstaltungen, Workshops, Onlinekurse, Lab-Touren durch Forschungsinstitute sowie Besuche in Unternehmen, die ihre digitalen L\u00f6sungen anderen vorstellen. Fachleute unterst\u00fctzen die Betriebe bei einer Potenzialanalyse und entwickeln gemeinsam mit ihnen Ideen, um Prozesse effizienter zu gestalten oder Wissen, das bisher nur in den K\u00f6pfen der Besch\u00e4ftigten vorhanden ist, in Datenbanken zu sichern. Die Expertinnen und Experten begleiten auch die ersten Schritte der Umsetzung \u2013 das kann durchaus Wochen oder Monate dauern. Au\u00dferdem ist ein Ausstellungsraum auf R\u00e4dern unterwegs: In dem speziell ausgebauten LKW werden zum Beispiel Werkzeuge f\u00fcr eine smarte Werkbank, ein intelligentes Lagermanagement oder Assistenzsysteme f\u00fcr die Produktion vorgestellt. Mit dem Mittelstand-Digital Mobil k\u00f6nnen auch entlegene Regionen in Bayern erreicht werden. \u201eInformieren, qualifizieren, umsetzen und vernetzen, das sind unsere vier S\u00e4ulen\u201c, erz\u00e4hlt Andreas Johannes Estner. Unternehmen und Handwerksbetriebe k\u00f6nnen die Angebote kostenlos nutzen. <\/span><\/p>\t\t\t\t\t\t\t\t<\/div>\n\t\t\t\t<\/div>\n\t\t\t\t<div class=\"elementor-element elementor-element-9da92a8 elementor-widget elementor-widget-blockquote\" data-id=\"9da92a8\" data-element_type=\"widget\" data-e-type=\"widget\" data-widget_type=\"blockquote.default\">\n\t\t\t\t<div class=\"elementor-widget-container\">\n\t\t\t\t\t \t\t\t\t<\/div>\n\t\t\t\t<\/div>\n\t\t\t\t<div class=\"elementor-element elementor-element-61eeffd elementor-widget elementor-widget-spacer\" data-id=\"61eeffd\" data-element_type=\"widget\" data-e-type=\"widget\" data-widget_type=\"spacer.default\">\n\t\t\t\t<div class=\"elementor-widget-container\">\n\t\t\t\t\t\t\t<div class=\"elementor-spacer\">\n\t\t\t<div class=\"elementor-spacer-inner\"><\/div>\n\t\t<\/div>\n\t\t\t\t\t\t<\/div>\n\t\t\t\t<\/div>\n\t\t\t\t<div class=\"elementor-element elementor-element-ca06dbc elementor-widget elementor-widget-heading\" data-id=\"ca06dbc\" data-element_type=\"widget\" data-e-type=\"widget\" data-widget_type=\"heading.default\">\n\t\t\t\t<div class=\"elementor-widget-container\">\n\t\t\t\t\t<h2 class=\"elementor-heading-title elementor-size-xl\">Von der Tracking-App bis zum Funketikett<\/h2>\t\t\t\t<\/div>\n\t\t\t\t<\/div>\n\t\t\t\t<div class=\"elementor-element elementor-element-18ec9be elementor-widget elementor-widget-spacer\" data-id=\"18ec9be\" data-element_type=\"widget\" data-e-type=\"widget\" data-widget_type=\"spacer.default\">\n\t\t\t\t<div class=\"elementor-widget-container\">\n\t\t\t\t\t\t\t<div class=\"elementor-spacer\">\n\t\t\t<div class=\"elementor-spacer-inner\"><\/div>\n\t\t<\/div>\n\t\t\t\t\t\t<\/div>\n\t\t\t\t<\/div>\n\t\t\t\t<div class=\"elementor-element elementor-element-8486800 elementor-widget elementor-widget-text-editor\" data-id=\"8486800\" data-element_type=\"widget\" data-e-type=\"widget\" data-widget_type=\"text-editor.default\">\n\t\t\t\t<div class=\"elementor-widget-container\">\n\t\t\t\t\t\t\t\t\t<p><span style=\"font-weight: 400;\">\u201eDie Anfragen werden immer vielf\u00e4ltiger und kommen inzwischen aus vielen Branchen\u201c, so der Leiter des Augsburger Zentrums. Unterst\u00fctzt werden auch gemeinn\u00fctzige Unternehmen wie die Tafel in M\u00fcnchen. Jede Woche liefert sie 125.000 Kilogramm Lebensmittel in Kisten aus. Doch viele Kisten gehen verloren und m\u00fcssen neu beschafft werden. Das ist f\u00fcr den Verein ein erheblicher Kostenfaktor. Gemeinsam mit der Tafel <\/span><a href=\"https:\/\/digitalzentrum-augsburg.de\/muenchner-tafel-transportkisten-management\/\"><span style=\"font-weight: 400;\">wurde nach einer L\u00f6sung gesucht<\/span><\/a><span style=\"font-weight: 400;\">. Zuerst wurden Transponder an die Kisten angebracht, um zu erfassen, welche rausgehen und welche wieder zur\u00fcckkommen. \u201eDoch dieses System hat sich nicht bew\u00e4hrt, weil es zu teuer ist. Als Alternative haben wir vorgeschlagen, eine Tracking-App zu nutzen. Dar\u00fcber tragen die Fahrerinnen und Fahrer ein, an welchem Ort sie wie viele Kisten verladen und wo sie diese danach hingebracht haben\u201c, erz\u00e4hlt Estner. Ein anderes Unternehmen wurde dabei unterst\u00fctzt, einen Online-Shop aufzubauen, um <\/span><a href=\"https:\/\/digitalzentrum-augsburg.de\/kunststoffbecher-absatzkanal\/\"><span style=\"font-weight: 400;\"><strong>Kunststoffbecher f\u00fcr Kinder zu verkaufen<\/strong><\/span><\/a><span style=\"font-weight: 400;\">. Die Auszubildenden des Unternehmens hatten zuvor die Idee gehabt, solche Becher f\u00fcr Kitas, Schulen und Vereine herzustellen und sie zu individualisieren, indem mit einem Laser auf jeden Becher der Name und ein Motiv aufgedruckt wird. F\u00fcr einen Handwerksbetrieb wurden au\u00dferdem <\/span><strong><a href=\"https:\/\/digitalzentrum-augsburg.de\/werkzeug-spricht-mit-auto-handwerksbetriebe-teilen-sich-ausgaben-fuer-digitale-funkloesung\/\">Funketiketten f\u00fcr einzelne Werkzeuge<\/a><\/strong><span style=\"font-weight: 400;\"> entwickelt. Denn das Problem war, dass die Monteure h\u00e4ufig erst auf der Baustelle feststellten, wenn ein bestimmtes Teil fehlte. Empfohlen wurde daher, den Fuhrpark mit einer Technologie zur automatischen Identifikation der Werkzeuge auszustatten. So meldet das Auto dann vor der Abfahrt zum Beispiel: \u201eDas Presswerkzeug fehlt.\u201c \u00a0 \u00a0 \u00a0 \u00a0 <\/span><\/p>\t\t\t\t\t\t\t\t<\/div>\n\t\t\t\t<\/div>\n\t\t\t\t<div class=\"elementor-element elementor-element-6f8ada8 elementor-widget elementor-widget-spacer\" data-id=\"6f8ada8\" data-element_type=\"widget\" data-e-type=\"widget\" data-widget_type=\"spacer.default\">\n\t\t\t\t<div class=\"elementor-widget-container\">\n\t\t\t\t\t\t\t<div class=\"elementor-spacer\">\n\t\t\t<div class=\"elementor-spacer-inner\"><\/div>\n\t\t<\/div>\n\t\t\t\t\t\t<\/div>\n\t\t\t\t<\/div>\n\t\t\t\t<div class=\"elementor-element elementor-element-ebf22d5 elementor-widget elementor-widget-image\" data-id=\"ebf22d5\" data-element_type=\"widget\" data-e-type=\"widget\" data-widget_type=\"image.default\">\n\t\t\t\t<div class=\"elementor-widget-container\">\n\t\t\t\t\t\t\t\t\t\t\t\t<figure class=\"wp-caption\">\n\t\t\t\t\t\t\t\t\t\t<img fetchpriority=\"high\" decoding=\"async\" width=\"768\" height=\"602\" src=\"https:\/\/www.deutsche-glasfaser.de\/blog\/wp-content\/uploads\/2022\/05\/Digitalzentrum_blog-768x602.png\" class=\"attachment-medium_large size-medium_large wp-image-9926\" alt=\"n und um einen ausgebauten wei\u00dfen Truck haben sich viele Menschen versammelt.\" srcset=\"https:\/\/www.deutsche-glasfaser.de\/blog\/wp-content\/uploads\/2022\/05\/Digitalzentrum_blog-768x602.png 768w, https:\/\/www.deutsche-glasfaser.de\/blog\/wp-content\/uploads\/2022\/05\/Digitalzentrum_blog-300x235.png 300w, https:\/\/www.deutsche-glasfaser.de\/blog\/wp-content\/uploads\/2022\/05\/Digitalzentrum_blog.png 788w\" sizes=\"(max-width: 768px) 100vw, 768px\" \/>\t\t\t\t\t\t\t\t\t\t\t<figcaption class=\"widget-image-caption wp-caption-text\">Das Mittelstand-Digital Mobil tourt auch durch l\u00e4ndliche Regionen. \n\u00a9 Christoph Hoppenbrock\/ www.bildbauer.de<\/figcaption>\n\t\t\t\t\t\t\t\t\t\t<\/figure>\n\t\t\t\t\t\t\t\t\t<\/div>\n\t\t\t\t<\/div>\n\t\t\t\t<div class=\"elementor-element elementor-element-c903d29 elementor-widget elementor-widget-spacer\" data-id=\"c903d29\" data-element_type=\"widget\" data-e-type=\"widget\" data-widget_type=\"spacer.default\">\n\t\t\t\t<div class=\"elementor-widget-container\">\n\t\t\t\t\t\t\t<div class=\"elementor-spacer\">\n\t\t\t<div class=\"elementor-spacer-inner\"><\/div>\n\t\t<\/div>\n\t\t\t\t\t\t<\/div>\n\t\t\t\t<\/div>\n\t\t\t\t<div class=\"elementor-element elementor-element-ea71b3b elementor-widget elementor-widget-heading\" data-id=\"ea71b3b\" data-element_type=\"widget\" data-e-type=\"widget\" data-widget_type=\"heading.default\">\n\t\t\t\t<div class=\"elementor-widget-container\">\n\t\t\t\t\t<h2 class=\"elementor-heading-title elementor-size-xl\">F\u00fcnf Partner geh\u00f6ren zum Projekt<\/h2>\t\t\t\t<\/div>\n\t\t\t\t<\/div>\n\t\t\t\t<div class=\"elementor-element elementor-element-e274ea4 elementor-widget elementor-widget-spacer\" data-id=\"e274ea4\" data-element_type=\"widget\" data-e-type=\"widget\" data-widget_type=\"spacer.default\">\n\t\t\t\t<div class=\"elementor-widget-container\">\n\t\t\t\t\t\t\t<div class=\"elementor-spacer\">\n\t\t\t<div class=\"elementor-spacer-inner\"><\/div>\n\t\t<\/div>\n\t\t\t\t\t\t<\/div>\n\t\t\t\t<\/div>\n\t\t\t\t<div class=\"elementor-element elementor-element-6ed17be elementor-widget elementor-widget-text-editor\" data-id=\"6ed17be\" data-element_type=\"widget\" data-e-type=\"widget\" data-widget_type=\"text-editor.default\">\n\t\t\t\t<div class=\"elementor-widget-container\">\n\t\t\t\t\t\t\t\t\t<p><span style=\"font-weight: 400;\">Das Mittelstand-Digital Zentrum Augsburg hat Partner in N\u00fcrnberg, Regensburg, M\u00fcnchen und Augsburg. \u201eWir sind kein Unternehmen, sondern ein Projekt, das drei Jahre lang vom Bundesministerium f\u00fcr Wirtschaft und Klimaschutz mit etwa f\u00fcnf Millionen Euro gef\u00f6rdert wird\u201c, sagt Andreas Johannes Estner. Partner sind der VDMA Bayern, die Technische Universit\u00e4t M\u00fcnchen mit zwei Lehrst\u00fchlen, das Fraunhofer IGCV in Augsburg und das Fraunhofer IIS in N\u00fcrnberg, die fortiss GmbH in M\u00fcnchen und die ibi research an der Universit\u00e4t Regensburg GmbH. Sie stellen jeweils ihre Expertise zur Verf\u00fcgung.\u00a0\u00a0<\/span><\/p><p><br \/><span style=\"font-weight: 400;\">Hier finden Sie weitere Informationen zum <\/span><strong><a href=\"https:\/\/digitalzentrum-augsburg.de\/\">Mittelstand-Digital Zentrum Augsburg<\/a><\/strong><\/p>\t\t\t\t\t\t\t\t<\/div>\n\t\t\t\t<\/div>\n\t\t\t\t<div class=\"elementor-element elementor-element-647584b elementor-widget elementor-widget-spacer\" data-id=\"647584b\" data-element_type=\"widget\" data-e-type=\"widget\" data-widget_type=\"spacer.default\">\n\t\t\t\t<div class=\"elementor-widget-container\">\n\t\t\t\t\t\t\t<div class=\"elementor-spacer\">\n\t\t\t<div class=\"elementor-spacer-inner\"><\/div>\n\t\t<\/div>\n\t\t\t\t\t\t<\/div>\n\t\t\t\t<\/div>\n\t\t\t\t<div class=\"elementor-element elementor-element-730878c elementor-position-top elementor-widget elementor-widget-image-box\" data-id=\"730878c\" data-element_type=\"widget\" data-e-type=\"widget\" data-widget_type=\"image-box.default\">\n\t\t\t\t<div class=\"elementor-widget-container\">\n\t\t\t\t\t<div class=\"elementor-image-box-wrapper\"><figure class=\"elementor-image-box-img\"><a href=\"https:\/\/www.instagram.com\/digitales_buergernetz\/\" tabindex=\"-1\"><img decoding=\"async\" width=\"150\" height=\"150\" src=\"https:\/\/www.deutsche-glasfaser.de\/blog\/wp-content\/uploads\/2021\/11\/instagram-logo_himmel-150x150.png\" class=\"attachment-thumbnail size-thumbnail wp-image-9197\" alt=\"\" srcset=\"https:\/\/www.deutsche-glasfaser.de\/blog\/wp-content\/uploads\/2021\/11\/instagram-logo_himmel-150x150.png 150w, https:\/\/www.deutsche-glasfaser.de\/blog\/wp-content\/uploads\/2021\/11\/instagram-logo_himmel-300x300.png 300w, https:\/\/www.deutsche-glasfaser.de\/blog\/wp-content\/uploads\/2021\/11\/instagram-logo_himmel.png 600w\" sizes=\"(max-width: 150px) 100vw, 150px\" \/><\/a><\/figure><div class=\"elementor-image-box-content\"><h3 class=\"elementor-image-box-title\"><a href=\"https:\/\/www.instagram.com\/digitales_buergernetz\/\">Neues aus dem Digitalen B\u00fcrgernetz<\/a><\/h3><\/div><\/div>\t\t\t\t<\/div>\n\t\t\t\t<\/div>\n\t\t\t\t\t<\/div>\n\t\t<\/div>\n\t\t\t\t\t<\/div>\n\t\t<\/section>\n\t\t\t\t<\/div>\n\t\t","protected":false},"excerpt":{"rendered":"<p>Der Bund unterst\u00fctzt mit Mittelstand-Digital Zentren kleine und mittlere Unternehmen sowie das Handwerk deutschlandweit bei der Digitalisierung. Sie k\u00f6nnen die Angebote kostenfrei nutzen. Anlaufstelle in Bayern ist das Mittelstand-Digital Zentrum Augsburg.<\/p>\n","protected":false},"author":5,"featured_media":9927,"comment_status":"open","ping_status":"open","sticky":false,"template":"","format":"standard","meta":{"footnotes":""},"categories":[69],"tags":[],"class_list":["post-9924","post","type-post","status-publish","format-standard","has-post-thumbnail","hentry","category-arbeit"],"yoast_head":"<!-- This site is optimized with the Yoast SEO plugin v27.5 - https:\/\/yoast.com\/product\/yoast-seo-wordpress\/ -->\n<title>Wie KMU dank Digitalisierung Kosten sparen &amp; Ressourcen schonen - Digitales B\u00fcrgernetz<\/title>\n<meta name=\"description\" content=\"Der Bund unterst\u00fctzt KMU und das Handwerk bei der Digitalisierung. Eine wichtige Anlaufstelle: das Mittelstand-Digital Zentrum Augsburg.\" \/>\n<meta name=\"robots\" content=\"index, follow, max-snippet:-1, max-image-preview:large, max-video-preview:-1\" \/>\n<link rel=\"canonical\" href=\"https:\/\/www.deutsche-glasfaser.de\/blog\/kosten-sparen-ressourcen-schonen-wissen-sichern-dank-digitalisierung\/\" \/>\n<meta property=\"og:locale\" content=\"de_DE\" \/>\n<meta property=\"og:type\" content=\"article\" \/>\n<meta property=\"og:title\" content=\"Wie KMU dank Digitalisierung Kosten sparen &amp; Ressourcen schonen - Digitales B\u00fcrgernetz\" \/>\n<meta property=\"og:description\" content=\"Der Bund unterst\u00fctzt KMU und das Handwerk bei der Digitalisierung. Eine wichtige Anlaufstelle: das Mittelstand-Digital Zentrum Augsburg.\" \/>\n<meta property=\"og:url\" content=\"https:\/\/www.deutsche-glasfaser.de\/blog\/kosten-sparen-ressourcen-schonen-wissen-sichern-dank-digitalisierung\/\" \/>\n<meta property=\"og:site_name\" content=\"Digitales B\u00fcrgernetz\" \/>\n<meta property=\"article:published_time\" content=\"2022-05-23T14:09:19+00:00\" \/>\n<meta property=\"article:modified_time\" content=\"2022-06-02T08:56:56+00:00\" \/>\n<meta property=\"og:image\" content=\"https:\/\/www.deutsche-glasfaser.de\/blog\/wp-content\/uploads\/2022\/05\/digitalzentrum_Augsburg_header_2.jpg\" \/>\n\t<meta property=\"og:image:width\" content=\"1500\" \/>\n\t<meta property=\"og:image:height\" content=\"705\" \/>\n\t<meta property=\"og:image:type\" content=\"image\/jpeg\" \/>\n<meta name=\"author\" content=\"Deutsche Glasfaser\" \/>\n<meta name=\"twitter:card\" content=\"summary_large_image\" \/>\n<meta name=\"twitter:label1\" content=\"Verfasst von\" \/>\n\t<meta name=\"twitter:data1\" content=\"Deutsche Glasfaser\" \/>\n\t<meta name=\"twitter:label2\" content=\"Gesch\u00e4tzte Lesezeit\" \/>\n\t<meta name=\"twitter:data2\" content=\"5\u00a0Minuten\" \/>\n<script type=\"application\/ld+json\" class=\"yoast-schema-graph\">{\"@context\":\"https:\\\/\\\/schema.org\",\"@graph\":[{\"@type\":\"Article\",\"@id\":\"https:\\\/\\\/www.deutsche-glasfaser.de\\\/blog\\\/kosten-sparen-ressourcen-schonen-wissen-sichern-dank-digitalisierung\\\/#article\",\"isPartOf\":{\"@id\":\"https:\\\/\\\/www.deutsche-glasfaser.de\\\/blog\\\/kosten-sparen-ressourcen-schonen-wissen-sichern-dank-digitalisierung\\\/\"},\"author\":{\"name\":\"Deutsche Glasfaser\",\"@id\":\"https:\\\/\\\/www.deutsche-glasfaser.de\\\/blog\\\/#\\\/schema\\\/person\\\/9380a6dc7443d77143d0c66c409f574b\"},\"headline\":\"Kosten sparen, Ressourcen schonen, Wissen sichern \u2013 dank Digitalisierung\",\"datePublished\":\"2022-05-23T14:09:19+00:00\",\"dateModified\":\"2022-06-02T08:56:56+00:00\",\"mainEntityOfPage\":{\"@id\":\"https:\\\/\\\/www.deutsche-glasfaser.de\\\/blog\\\/kosten-sparen-ressourcen-schonen-wissen-sichern-dank-digitalisierung\\\/\"},\"wordCount\":854,\"commentCount\":0,\"publisher\":{\"@id\":\"https:\\\/\\\/www.deutsche-glasfaser.de\\\/blog\\\/#organization\"},\"image\":{\"@id\":\"https:\\\/\\\/www.deutsche-glasfaser.de\\\/blog\\\/kosten-sparen-ressourcen-schonen-wissen-sichern-dank-digitalisierung\\\/#primaryimage\"},\"thumbnailUrl\":\"https:\\\/\\\/www.deutsche-glasfaser.de\\\/blog\\\/wp-content\\\/uploads\\\/2022\\\/05\\\/digitalzentrum_Augsburg_header_2.jpg\",\"articleSection\":[\"#Arbeit\"],\"inLanguage\":\"de\",\"potentialAction\":[{\"@type\":\"CommentAction\",\"name\":\"Comment\",\"target\":[\"https:\\\/\\\/www.deutsche-glasfaser.de\\\/blog\\\/kosten-sparen-ressourcen-schonen-wissen-sichern-dank-digitalisierung\\\/#respond\"]}]},{\"@type\":\"WebPage\",\"@id\":\"https:\\\/\\\/www.deutsche-glasfaser.de\\\/blog\\\/kosten-sparen-ressourcen-schonen-wissen-sichern-dank-digitalisierung\\\/\",\"url\":\"https:\\\/\\\/www.deutsche-glasfaser.de\\\/blog\\\/kosten-sparen-ressourcen-schonen-wissen-sichern-dank-digitalisierung\\\/\",\"name\":\"Wie KMU dank Digitalisierung Kosten sparen & Ressourcen schonen - Digitales B\u00fcrgernetz\",\"isPartOf\":{\"@id\":\"https:\\\/\\\/www.deutsche-glasfaser.de\\\/blog\\\/#website\"},\"primaryImageOfPage\":{\"@id\":\"https:\\\/\\\/www.deutsche-glasfaser.de\\\/blog\\\/kosten-sparen-ressourcen-schonen-wissen-sichern-dank-digitalisierung\\\/#primaryimage\"},\"image\":{\"@id\":\"https:\\\/\\\/www.deutsche-glasfaser.de\\\/blog\\\/kosten-sparen-ressourcen-schonen-wissen-sichern-dank-digitalisierung\\\/#primaryimage\"},\"thumbnailUrl\":\"https:\\\/\\\/www.deutsche-glasfaser.de\\\/blog\\\/wp-content\\\/uploads\\\/2022\\\/05\\\/digitalzentrum_Augsburg_header_2.jpg\",\"datePublished\":\"2022-05-23T14:09:19+00:00\",\"dateModified\":\"2022-06-02T08:56:56+00:00\",\"description\":\"Der Bund unterst\u00fctzt KMU und das Handwerk bei der Digitalisierung. Eine wichtige Anlaufstelle: das Mittelstand-Digital Zentrum Augsburg.\",\"inLanguage\":\"de\",\"potentialAction\":[{\"@type\":\"ReadAction\",\"target\":[\"https:\\\/\\\/www.deutsche-glasfaser.de\\\/blog\\\/kosten-sparen-ressourcen-schonen-wissen-sichern-dank-digitalisierung\\\/\"]}]},{\"@type\":\"ImageObject\",\"inLanguage\":\"de\",\"@id\":\"https:\\\/\\\/www.deutsche-glasfaser.de\\\/blog\\\/kosten-sparen-ressourcen-schonen-wissen-sichern-dank-digitalisierung\\\/#primaryimage\",\"url\":\"https:\\\/\\\/www.deutsche-glasfaser.de\\\/blog\\\/wp-content\\\/uploads\\\/2022\\\/05\\\/digitalzentrum_Augsburg_header_2.jpg\",\"contentUrl\":\"https:\\\/\\\/www.deutsche-glasfaser.de\\\/blog\\\/wp-content\\\/uploads\\\/2022\\\/05\\\/digitalzentrum_Augsburg_header_2.jpg\",\"width\":1500,\"height\":705,\"caption\":\"Das Mittelstand-Digital Zentrum Augsburg ber\u00e4t KMU und Handwerksbetriebe. \u00a9 Christoph Hoppenbrock\\\/ www.bildbauer.de\"},{\"@type\":\"WebSite\",\"@id\":\"https:\\\/\\\/www.deutsche-glasfaser.de\\\/blog\\\/#website\",\"url\":\"https:\\\/\\\/www.deutsche-glasfaser.de\\\/blog\\\/\",\"name\":\"Digitales B\u00fcrgernetz\",\"description\":\"Deutsche Glasfaser Blog\",\"publisher\":{\"@id\":\"https:\\\/\\\/www.deutsche-glasfaser.de\\\/blog\\\/#organization\"},\"potentialAction\":[{\"@type\":\"SearchAction\",\"target\":{\"@type\":\"EntryPoint\",\"urlTemplate\":\"https:\\\/\\\/www.deutsche-glasfaser.de\\\/blog\\\/?s={search_term_string}\"},\"query-input\":{\"@type\":\"PropertyValueSpecification\",\"valueRequired\":true,\"valueName\":\"search_term_string\"}}],\"inLanguage\":\"de\"},{\"@type\":\"Organization\",\"@id\":\"https:\\\/\\\/www.deutsche-glasfaser.de\\\/blog\\\/#organization\",\"name\":\"Digitales B\u00fcrgernetz\",\"url\":\"https:\\\/\\\/www.deutsche-glasfaser.de\\\/blog\\\/\",\"logo\":{\"@type\":\"ImageObject\",\"inLanguage\":\"de\",\"@id\":\"https:\\\/\\\/www.deutsche-glasfaser.de\\\/blog\\\/#\\\/schema\\\/logo\\\/image\\\/\",\"url\":\"https:\\\/\\\/www.deutsche-glasfaser.de\\\/blog\\\/wp-content\\\/uploads\\\/2021\\\/08\\\/DGF_Logo_Basis_RGB-Large@2x.png\",\"contentUrl\":\"https:\\\/\\\/www.deutsche-glasfaser.de\\\/blog\\\/wp-content\\\/uploads\\\/2021\\\/08\\\/DGF_Logo_Basis_RGB-Large@2x.png\",\"width\":312,\"height\":104,\"caption\":\"Digitales B\u00fcrgernetz\"},\"image\":{\"@id\":\"https:\\\/\\\/www.deutsche-glasfaser.de\\\/blog\\\/#\\\/schema\\\/logo\\\/image\\\/\"}},{\"@type\":\"Person\",\"@id\":\"https:\\\/\\\/www.deutsche-glasfaser.de\\\/blog\\\/#\\\/schema\\\/person\\\/9380a6dc7443d77143d0c66c409f574b\",\"name\":\"Deutsche Glasfaser\"}]}<\/script>\n<!-- \/ Yoast SEO plugin. -->","yoast_head_json":{"title":"Wie KMU dank Digitalisierung Kosten sparen & Ressourcen schonen - Digitales B\u00fcrgernetz","description":"Der Bund unterst\u00fctzt KMU und das Handwerk bei der Digitalisierung. Eine wichtige Anlaufstelle: das Mittelstand-Digital Zentrum Augsburg.","robots":{"index":"index","follow":"follow","max-snippet":"max-snippet:-1","max-image-preview":"max-image-preview:large","max-video-preview":"max-video-preview:-1"},"canonical":"https:\/\/www.deutsche-glasfaser.de\/blog\/kosten-sparen-ressourcen-schonen-wissen-sichern-dank-digitalisierung\/","og_locale":"de_DE","og_type":"article","og_title":"Wie KMU dank Digitalisierung Kosten sparen & Ressourcen schonen - Digitales B\u00fcrgernetz","og_description":"Der Bund unterst\u00fctzt KMU und das Handwerk bei der Digitalisierung. Eine wichtige Anlaufstelle: das Mittelstand-Digital Zentrum Augsburg.","og_url":"https:\/\/www.deutsche-glasfaser.de\/blog\/kosten-sparen-ressourcen-schonen-wissen-sichern-dank-digitalisierung\/","og_site_name":"Digitales B\u00fcrgernetz","article_published_time":"2022-05-23T14:09:19+00:00","article_modified_time":"2022-06-02T08:56:56+00:00","og_image":[{"width":1500,"height":705,"url":"https:\/\/www.deutsche-glasfaser.de\/blog\/wp-content\/uploads\/2022\/05\/digitalzentrum_Augsburg_header_2.jpg","type":"image\/jpeg"}],"author":"Deutsche Glasfaser","twitter_card":"summary_large_image","twitter_misc":{"Verfasst von":"Deutsche Glasfaser","Gesch\u00e4tzte Lesezeit":"5\u00a0Minuten"},"schema":{"@context":"https:\/\/schema.org","@graph":[{"@type":"Article","@id":"https:\/\/www.deutsche-glasfaser.de\/blog\/kosten-sparen-ressourcen-schonen-wissen-sichern-dank-digitalisierung\/#article","isPartOf":{"@id":"https:\/\/www.deutsche-glasfaser.de\/blog\/kosten-sparen-ressourcen-schonen-wissen-sichern-dank-digitalisierung\/"},"author":{"name":"Deutsche Glasfaser","@id":"https:\/\/www.deutsche-glasfaser.de\/blog\/#\/schema\/person\/9380a6dc7443d77143d0c66c409f574b"},"headline":"Kosten sparen, Ressourcen schonen, Wissen sichern \u2013 dank Digitalisierung","datePublished":"2022-05-23T14:09:19+00:00","dateModified":"2022-06-02T08:56:56+00:00","mainEntityOfPage":{"@id":"https:\/\/www.deutsche-glasfaser.de\/blog\/kosten-sparen-ressourcen-schonen-wissen-sichern-dank-digitalisierung\/"},"wordCount":854,"commentCount":0,"publisher":{"@id":"https:\/\/www.deutsche-glasfaser.de\/blog\/#organization"},"image":{"@id":"https:\/\/www.deutsche-glasfaser.de\/blog\/kosten-sparen-ressourcen-schonen-wissen-sichern-dank-digitalisierung\/#primaryimage"},"thumbnailUrl":"https:\/\/www.deutsche-glasfaser.de\/blog\/wp-content\/uploads\/2022\/05\/digitalzentrum_Augsburg_header_2.jpg","articleSection":["#Arbeit"],"inLanguage":"de","potentialAction":[{"@type":"CommentAction","name":"Comment","target":["https:\/\/www.deutsche-glasfaser.de\/blog\/kosten-sparen-ressourcen-schonen-wissen-sichern-dank-digitalisierung\/#respond"]}]},{"@type":"WebPage","@id":"https:\/\/www.deutsche-glasfaser.de\/blog\/kosten-sparen-ressourcen-schonen-wissen-sichern-dank-digitalisierung\/","url":"https:\/\/www.deutsche-glasfaser.de\/blog\/kosten-sparen-ressourcen-schonen-wissen-sichern-dank-digitalisierung\/","name":"Wie KMU dank Digitalisierung Kosten sparen & Ressourcen schonen - Digitales B\u00fcrgernetz","isPartOf":{"@id":"https:\/\/www.deutsche-glasfaser.de\/blog\/#website"},"primaryImageOfPage":{"@id":"https:\/\/www.deutsche-glasfaser.de\/blog\/kosten-sparen-ressourcen-schonen-wissen-sichern-dank-digitalisierung\/#primaryimage"},"image":{"@id":"https:\/\/www.deutsche-glasfaser.de\/blog\/kosten-sparen-ressourcen-schonen-wissen-sichern-dank-digitalisierung\/#primaryimage"},"thumbnailUrl":"https:\/\/www.deutsche-glasfaser.de\/blog\/wp-content\/uploads\/2022\/05\/digitalzentrum_Augsburg_header_2.jpg","datePublished":"2022-05-23T14:09:19+00:00","dateModified":"2022-06-02T08:56:56+00:00","description":"Der Bund unterst\u00fctzt KMU und das Handwerk bei der Digitalisierung. Eine wichtige Anlaufstelle: das Mittelstand-Digital Zentrum Augsburg.","inLanguage":"de","potentialAction":[{"@type":"ReadAction","target":["https:\/\/www.deutsche-glasfaser.de\/blog\/kosten-sparen-ressourcen-schonen-wissen-sichern-dank-digitalisierung\/"]}]},{"@type":"ImageObject","inLanguage":"de","@id":"https:\/\/www.deutsche-glasfaser.de\/blog\/kosten-sparen-ressourcen-schonen-wissen-sichern-dank-digitalisierung\/#primaryimage","url":"https:\/\/www.deutsche-glasfaser.de\/blog\/wp-content\/uploads\/2022\/05\/digitalzentrum_Augsburg_header_2.jpg","contentUrl":"https:\/\/www.deutsche-glasfaser.de\/blog\/wp-content\/uploads\/2022\/05\/digitalzentrum_Augsburg_header_2.jpg","width":1500,"height":705,"caption":"Das Mittelstand-Digital Zentrum Augsburg ber\u00e4t KMU und Handwerksbetriebe. \u00a9 Christoph Hoppenbrock\/ www.bildbauer.de"},{"@type":"WebSite","@id":"https:\/\/www.deutsche-glasfaser.de\/blog\/#website","url":"https:\/\/www.deutsche-glasfaser.de\/blog\/","name":"Digitales B\u00fcrgernetz","description":"Deutsche Glasfaser Blog","publisher":{"@id":"https:\/\/www.deutsche-glasfaser.de\/blog\/#organization"},"potentialAction":[{"@type":"SearchAction","target":{"@type":"EntryPoint","urlTemplate":"https:\/\/www.deutsche-glasfaser.de\/blog\/?s={search_term_string}"},"query-input":{"@type":"PropertyValueSpecification","valueRequired":true,"valueName":"search_term_string"}}],"inLanguage":"de"},{"@type":"Organization","@id":"https:\/\/www.deutsche-glasfaser.de\/blog\/#organization","name":"Digitales B\u00fcrgernetz","url":"https:\/\/www.deutsche-glasfaser.de\/blog\/","logo":{"@type":"ImageObject","inLanguage":"de","@id":"https:\/\/www.deutsche-glasfaser.de\/blog\/#\/schema\/logo\/image\/","url":"https:\/\/www.deutsche-glasfaser.de\/blog\/wp-content\/uploads\/2021\/08\/DGF_Logo_Basis_RGB-Large@2x.png","contentUrl":"https:\/\/www.deutsche-glasfaser.de\/blog\/wp-content\/uploads\/2021\/08\/DGF_Logo_Basis_RGB-Large@2x.png","width":312,"height":104,"caption":"Digitales B\u00fcrgernetz"},"image":{"@id":"https:\/\/www.deutsche-glasfaser.de\/blog\/#\/schema\/logo\/image\/"}},{"@type":"Person","@id":"https:\/\/www.deutsche-glasfaser.de\/blog\/#\/schema\/person\/9380a6dc7443d77143d0c66c409f574b","name":"Deutsche Glasfaser"}]}},"_links":{"self":[{"href":"https:\/\/www.deutsche-glasfaser.de\/blog\/wp-json\/wp\/v2\/posts\/9924","targetHints":{"allow":["GET"]}}],"collection":[{"href":"https:\/\/www.deutsche-glasfaser.de\/blog\/wp-json\/wp\/v2\/posts"}],"about":[{"href":"https:\/\/www.deutsche-glasfaser.de\/blog\/wp-json\/wp\/v2\/types\/post"}],"author":[{"embeddable":true,"href":"https:\/\/www.deutsche-glasfaser.de\/blog\/wp-json\/wp\/v2\/users\/5"}],"replies":[{"embeddable":true,"href":"https:\/\/www.deutsche-glasfaser.de\/blog\/wp-json\/wp\/v2\/comments?post=9924"}],"version-history":[{"count":9,"href":"https:\/\/www.deutsche-glasfaser.de\/blog\/wp-json\/wp\/v2\/posts\/9924\/revisions"}],"predecessor-version":[{"id":9973,"href":"https:\/\/www.deutsche-glasfaser.de\/blog\/wp-json\/wp\/v2\/posts\/9924\/revisions\/9973"}],"wp:featuredmedia":[{"embeddable":true,"href":"https:\/\/www.deutsche-glasfaser.de\/blog\/wp-json\/wp\/v2\/media\/9927"}],"wp:attachment":[{"href":"https:\/\/www.deutsche-glasfaser.de\/blog\/wp-json\/wp\/v2\/media?parent=9924"}],"wp:term":[{"taxonomy":"category","embeddable":true,"href":"https:\/\/www.deutsche-glasfaser.de\/blog\/wp-json\/wp\/v2\/categories?post=9924"},{"taxonomy":"post_tag","embeddable":true,"href":"https:\/\/www.deutsche-glasfaser.de\/blog\/wp-json\/wp\/v2\/tags?post=9924"}],"curies":[{"name":"wp","href":"https:\/\/api.w.org\/{rel}","templated":true}]}}