{"id":9871,"date":"2022-05-12T07:52:00","date_gmt":"2022-05-12T07:52:00","guid":{"rendered":"https:\/\/www.deutsche-glasfaser.de\/blog\/?p=9871"},"modified":"2022-05-12T07:52:02","modified_gmt":"2022-05-12T07:52:02","slug":"colabora-ideen-fuer-coworking-im-laendlichen-europa","status":"publish","type":"post","link":"https:\/\/www.deutsche-glasfaser.de\/blog\/colabora-ideen-fuer-coworking-im-laendlichen-europa\/","title":{"rendered":"CoLabora: Ideen f\u00fcr Coworking im l\u00e4ndlichen Europa"},"content":{"rendered":"\t\t<div data-elementor-type=\"wp-post\" data-elementor-id=\"9871\" class=\"elementor elementor-9871\">\n\t\t\t\t\t\t<section class=\"elementor-section elementor-top-section elementor-element elementor-element-824d6bb elementor-section-boxed elementor-section-height-default elementor-section-height-default\" data-id=\"824d6bb\" data-element_type=\"section\" data-e-type=\"section\">\n\t\t\t\t\t\t<div class=\"elementor-container elementor-column-gap-default\">\n\t\t\t\t\t<div class=\"elementor-column elementor-col-100 elementor-top-column elementor-element elementor-element-1f44e35\" data-id=\"1f44e35\" data-element_type=\"column\" data-e-type=\"column\">\n\t\t\t<div class=\"elementor-widget-wrap elementor-element-populated\">\n\t\t\t\t\t\t<div class=\"elementor-element elementor-element-8a5b5a2 elementor-widget elementor-widget-text-editor\" data-id=\"8a5b5a2\" data-element_type=\"widget\" data-e-type=\"widget\" data-widget_type=\"text-editor.default\">\n\t\t\t\t<div class=\"elementor-widget-container\">\n\t\t\t\t\t\t\t\t\t<p><span style=\"font-weight: 400;\">Gemeinsam arbeiten im l\u00e4ndlichen Europa: Der Leitfaden von CoLabora enth\u00e4lt daf\u00fcr viele n\u00fctzliche Tipps. \u00a9 CoLabora<\/span><\/p>\t\t\t\t\t\t\t\t<\/div>\n\t\t\t\t<\/div>\n\t\t\t\t\t<\/div>\n\t\t<\/div>\n\t\t\t\t\t<\/div>\n\t\t<\/section>\n\t\t\t\t<section class=\"elementor-section elementor-top-section elementor-element elementor-element-7c5bb6b elementor-section-boxed elementor-section-height-default elementor-section-height-default\" data-id=\"7c5bb6b\" data-element_type=\"section\" data-e-type=\"section\">\n\t\t\t\t\t\t<div class=\"elementor-container elementor-column-gap-default\">\n\t\t\t\t\t<div class=\"elementor-column elementor-col-100 elementor-top-column elementor-element elementor-element-955f2b2\" data-id=\"955f2b2\" data-element_type=\"column\" data-e-type=\"column\">\n\t\t\t<div class=\"elementor-widget-wrap elementor-element-populated\">\n\t\t\t\t\t\t<div class=\"elementor-element elementor-element-fb2f862 elementor-widget elementor-widget-text-editor\" data-id=\"fb2f862\" data-element_type=\"widget\" data-e-type=\"widget\" data-widget_type=\"text-editor.default\">\n\t\t\t\t<div class=\"elementor-widget-container\">\n\t\t\t\t\t\t\t\t\t<p><span style=\"font-weight: 400;\">R\u00f6cknitz ist eine kleine Ortschaft in Sachsen mit etwa 750 Einwohnerinnen und Einwohnern. Sie ist idyllisch gelegen in einer Landschaft, die bekannt ist f\u00fcr ihre besonderen geologischen Formationen \u2013 ein Erbe des Supervulkanismus. Von Leipzig ist R\u00f6cknitz mit der Regionalbahn und dem Bus in 40 Minuten zu erreichen. In den kommenden Jahren wird der ehemalige Rennpferdestall am <\/span><a href=\"https:\/\/www.gemeinde-thallwitz.de\/verzeichnis\/objekt.php?mandat=76981&amp;browser=1\"><span style=\"font-weight: 400;\"><strong>Herrenhaus R\u00f6cknitz<\/strong><\/span><\/a><span style=\"font-weight: 400;\">,<\/span><span style=\"font-weight: 400;\"> einem Wasserschlossbau aus dem 15. Jahrhundert, zum Coworking-Space umgebaut. Kreative K\u00f6pfe sollen dort ihre Laptops aufschlagen und mobil arbeiten. Das Besondere: \u00dcbernachtungsm\u00f6glichkeiten, ein barrierefreies Selbstbedienungscaf\u00e9 und eine Ausstellung \u00fcber Supervulkane entstehen gleich mit. Daf\u00fcr flie\u00dfen 4,1 Millionen Euro aus Mitteln des <\/span><a href=\"https:\/\/www.bundesregierung.de\/breg-de\/themen\/klimaschutz\/kohleausstieg-1664496\"><span style=\"font-weight: 400;\"><strong>Investitionsgesetzes Kohleregion<\/strong><\/span><\/a><span style=\"font-weight: 400;\"> in die Gemeinde. Insgesamt stellt der Bund f\u00fcr die betroffenen L\u00e4nder in diesem Rahmen 40 Milliarden Euro bereit, um aus der Kohle auszusteigen. Was derzeit noch eine Vision in R\u00f6cknitz ist, l\u00e4sst sich ab dem 1. Juli 2022 auch direkt ausprobieren. Im Herrenhaus, das zurzeit als Veranstaltungsort und f\u00fcr Ausstellungen genutzt wird, er\u00f6ffnet dann f\u00fcr drei Monate ein Pop-up-Coworking-Space. Die Weichen daf\u00fcr hat CoLabora gestellt: Im Rahmen des europ\u00e4ischen LEADER-Projekts sind in der Region um Leipzig Konzepte entstanden, wie sich leerstehende Geb\u00e4ude f\u00fcr Coworking nutzen lassen.<\/span><\/p>\t\t\t\t\t\t\t\t<\/div>\n\t\t\t\t<\/div>\n\t\t\t\t<div class=\"elementor-element elementor-element-efe12d4 elementor-widget elementor-widget-spacer\" data-id=\"efe12d4\" data-element_type=\"widget\" data-e-type=\"widget\" data-widget_type=\"spacer.default\">\n\t\t\t\t<div class=\"elementor-widget-container\">\n\t\t\t\t\t\t\t<div class=\"elementor-spacer\">\n\t\t\t<div class=\"elementor-spacer-inner\"><\/div>\n\t\t<\/div>\n\t\t\t\t\t\t<\/div>\n\t\t\t\t<\/div>\n\t\t\t\t<div class=\"elementor-element elementor-element-8c5cd71 elementor-widget elementor-widget-image\" data-id=\"8c5cd71\" data-element_type=\"widget\" data-e-type=\"widget\" data-widget_type=\"image.default\">\n\t\t\t\t<div class=\"elementor-widget-container\">\n\t\t\t\t\t\t\t\t\t\t\t\t<figure class=\"wp-caption\">\n\t\t\t\t\t\t\t\t\t\t<img fetchpriority=\"high\" decoding=\"async\" width=\"768\" height=\"701\" src=\"https:\/\/www.deutsche-glasfaser.de\/blog\/wp-content\/uploads\/2022\/05\/colabora_blog1-768x701.jpg\" class=\"attachment-medium_large size-medium_large wp-image-9873\" alt=\"Vor zwei \u00e4lteren Geb\u00e4uden mit br\u00fcchiger Fassade steht eine kleine Menschengruppe auf einer Kiesfl\u00e4che.\" srcset=\"https:\/\/www.deutsche-glasfaser.de\/blog\/wp-content\/uploads\/2022\/05\/colabora_blog1-768x701.jpg 768w, https:\/\/www.deutsche-glasfaser.de\/blog\/wp-content\/uploads\/2022\/05\/colabora_blog1-300x274.jpg 300w, https:\/\/www.deutsche-glasfaser.de\/blog\/wp-content\/uploads\/2022\/05\/colabora_blog1.jpg 788w\" sizes=\"(max-width: 768px) 100vw, 768px\" \/>\t\t\t\t\t\t\t\t\t\t\t<figcaption class=\"widget-image-caption wp-caption-text\">Im Leipziger Muldenland wird aus Leerstand Zukunft:. Im Sommer 2022 entstehen in Kooperation mit   CoWorkLand sieben Pop-up-Coworking-Spaces in der Region. Hier wird ein potenzieller Standort besichtigt. \u00a9 LAG Leipziger Muldenland.<\/figcaption>\n\t\t\t\t\t\t\t\t\t\t<\/figure>\n\t\t\t\t\t\t\t\t\t<\/div>\n\t\t\t\t<\/div>\n\t\t\t\t<div class=\"elementor-element elementor-element-179447d elementor-widget elementor-widget-spacer\" data-id=\"179447d\" data-element_type=\"widget\" data-e-type=\"widget\" data-widget_type=\"spacer.default\">\n\t\t\t\t<div class=\"elementor-widget-container\">\n\t\t\t\t\t\t\t<div class=\"elementor-spacer\">\n\t\t\t<div class=\"elementor-spacer-inner\"><\/div>\n\t\t<\/div>\n\t\t\t\t\t\t<\/div>\n\t\t\t\t<\/div>\n\t\t\t\t<div class=\"elementor-element elementor-element-10f5807 elementor-widget elementor-widget-heading\" data-id=\"10f5807\" data-element_type=\"widget\" data-e-type=\"widget\" data-widget_type=\"heading.default\">\n\t\t\t\t<div class=\"elementor-widget-container\">\n\t\t\t\t\t<h2 class=\"elementor-heading-title elementor-size-xl\">Leitfaden f\u00fcr l\u00e4ndliches Coworking<\/h2>\t\t\t\t<\/div>\n\t\t\t\t<\/div>\n\t\t\t\t<div class=\"elementor-element elementor-element-a726e47 elementor-widget elementor-widget-spacer\" data-id=\"a726e47\" data-element_type=\"widget\" data-e-type=\"widget\" data-widget_type=\"spacer.default\">\n\t\t\t\t<div class=\"elementor-widget-container\">\n\t\t\t\t\t\t\t<div class=\"elementor-spacer\">\n\t\t\t<div class=\"elementor-spacer-inner\"><\/div>\n\t\t<\/div>\n\t\t\t\t\t\t<\/div>\n\t\t\t\t<\/div>\n\t\t\t\t<div class=\"elementor-element elementor-element-96b2394 elementor-widget elementor-widget-text-editor\" data-id=\"96b2394\" data-element_type=\"widget\" data-e-type=\"widget\" data-widget_type=\"text-editor.default\">\n\t\t\t\t<div class=\"elementor-widget-container\">\n\t\t\t\t\t\t\t\t\t<p><span style=\"font-weight: 400;\">Sieben Lokale Aktionsgruppen (LAG) aus Wales, Irland, Spanien, Lettland, Deutschland und Frankreich schlossen sich f\u00fcr das Projekt CoLabora 2018 zusammen, um sich dar\u00fcber auszutauschen, wie Coworking die Lebensqualit\u00e4t im l\u00e4ndlichen Raum verbessern kann und wie junge Menschen zum Bleiben oder zum Zuzug aus der Stadt bewegt werden k\u00f6nnen. Anfang 2022 wurde CoLabora abgeschlossen. Aus Deutschland nimmt die <\/span><a href=\"https:\/\/www.leipzigermuldenland.de\/\"><span style=\"font-weight: 400;\"><strong>LEADER-Region Leipziger Muldenland<\/strong><\/span><\/a><span style=\"font-weight: 400;\"> daran teil. In den zur\u00fcckliegenden Jahren wurden gemeinsam gute Beispiele gesammelt, ein Netzwerk von Coworking-Spaces aufgebaut und <\/span><a href=\"https:\/\/www.leipzigermuldenland.de\/_project\/media\/uploads\/files\/Rural%20Coworking%20Guide%20(DE).pdf\"><span style=\"font-weight: 400;\"><strong>ein Leitfaden f\u00fcr l\u00e4ndliches Coworking<\/strong><\/span><\/a><span style=\"font-weight: 400;\"> entwickelt. Dieser enth\u00e4lt Tipps f\u00fcr Organisationen, Initiativen oder Einzelpersonen, die einen Coworking-Space auf dem Land aufbauen und betreiben wollen. Bevor sie solch ein Projekt starten, sollten sie zum Beispiel kl\u00e4ren, ob sie damit Geld verdienen oder etwas f\u00fcr die \u00f6rtliche Gemeinschaft tun wollen. Genauso wichtig ist, sich die Gemeinde oder die Region vorher genau anschauen. \u201eWas wird gebraucht? Was wollen die Menschen? Was akzeptieren sie? Man kann nicht einfach in ein Dorf gehen, einen Coworking-Space aufbauen und hoffen, dass es l\u00e4uft. Denn die Bev\u00f6lkerung, die Verwaltung, die B\u00fcrgermeisterin oder der B\u00fcrgermeister m\u00fcssen dahinterstehen. Man darf da nicht als Ufo irgendwo landen\u201c, sagt Kay Schm\u00f6lter, Mitarbeiter im Regionalmanagement bei der LAG Leipziger Muldenland e.V. <\/span><\/p>\t\t\t\t\t\t\t\t<\/div>\n\t\t\t\t<\/div>\n\t\t\t\t<div class=\"elementor-element elementor-element-614c846 elementor-widget elementor-widget-spacer\" data-id=\"614c846\" data-element_type=\"widget\" data-e-type=\"widget\" data-widget_type=\"spacer.default\">\n\t\t\t\t<div class=\"elementor-widget-container\">\n\t\t\t\t\t\t\t<div class=\"elementor-spacer\">\n\t\t\t<div class=\"elementor-spacer-inner\"><\/div>\n\t\t<\/div>\n\t\t\t\t\t\t<\/div>\n\t\t\t\t<\/div>\n\t\t\t\t<div class=\"elementor-element elementor-element-c532df1 elementor-position-top elementor-widget elementor-widget-image-box\" data-id=\"c532df1\" data-element_type=\"widget\" data-e-type=\"widget\" data-widget_type=\"image-box.default\">\n\t\t\t\t<div class=\"elementor-widget-container\">\n\t\t\t\t\t<div class=\"elementor-image-box-wrapper\"><figure class=\"elementor-image-box-img\"><a href=\"https:\/\/www.instagram.com\/digitales_buergernetz\/\" tabindex=\"-1\"><img decoding=\"async\" width=\"150\" height=\"150\" src=\"https:\/\/www.deutsche-glasfaser.de\/blog\/wp-content\/uploads\/2021\/11\/instagram-logo_bluete-150x150.png\" class=\"attachment-thumbnail size-thumbnail wp-image-9186\" alt=\"\" srcset=\"https:\/\/www.deutsche-glasfaser.de\/blog\/wp-content\/uploads\/2021\/11\/instagram-logo_bluete-150x150.png 150w, https:\/\/www.deutsche-glasfaser.de\/blog\/wp-content\/uploads\/2021\/11\/instagram-logo_bluete-300x300.png 300w, https:\/\/www.deutsche-glasfaser.de\/blog\/wp-content\/uploads\/2021\/11\/instagram-logo_bluete.png 600w\" sizes=\"(max-width: 150px) 100vw, 150px\" \/><\/a><\/figure><div class=\"elementor-image-box-content\"><h3 class=\"elementor-image-box-title\"><a href=\"https:\/\/www.instagram.com\/digitales_buergernetz\/\">Neues aus dem Digitalen B\u00fcrgernetz<\/a><\/h3><\/div><\/div>\t\t\t\t<\/div>\n\t\t\t\t<\/div>\n\t\t\t\t<div class=\"elementor-element elementor-element-566dda6 elementor-widget elementor-widget-spacer\" data-id=\"566dda6\" data-element_type=\"widget\" data-e-type=\"widget\" data-widget_type=\"spacer.default\">\n\t\t\t\t<div class=\"elementor-widget-container\">\n\t\t\t\t\t\t\t<div class=\"elementor-spacer\">\n\t\t\t<div class=\"elementor-spacer-inner\"><\/div>\n\t\t<\/div>\n\t\t\t\t\t\t<\/div>\n\t\t\t\t<\/div>\n\t\t\t\t<div class=\"elementor-element elementor-element-7468966 elementor-widget elementor-widget-heading\" data-id=\"7468966\" data-element_type=\"widget\" data-e-type=\"widget\" data-widget_type=\"heading.default\">\n\t\t\t\t<div class=\"elementor-widget-container\">\n\t\t\t\t\t<h2 class=\"elementor-heading-title elementor-size-xl\">Das Konzept muss zum Ort passen<\/h2>\t\t\t\t<\/div>\n\t\t\t\t<\/div>\n\t\t\t\t<div class=\"elementor-element elementor-element-fa370f1 elementor-widget elementor-widget-spacer\" data-id=\"fa370f1\" data-element_type=\"widget\" data-e-type=\"widget\" data-widget_type=\"spacer.default\">\n\t\t\t\t<div class=\"elementor-widget-container\">\n\t\t\t\t\t\t\t<div class=\"elementor-spacer\">\n\t\t\t<div class=\"elementor-spacer-inner\"><\/div>\n\t\t<\/div>\n\t\t\t\t\t\t<\/div>\n\t\t\t\t<\/div>\n\t\t\t\t<div class=\"elementor-element elementor-element-26f098c elementor-widget elementor-widget-text-editor\" data-id=\"26f098c\" data-element_type=\"widget\" data-e-type=\"widget\" data-widget_type=\"text-editor.default\">\n\t\t\t\t<div class=\"elementor-widget-container\">\n\t\t\t\t\t\t\t\t\t<p><span style=\"font-weight: 400;\">In allen Regionen, die am Projekt CoLabora teilnehmen, zeigt sich, dass so ein gemeinsames B\u00fcro nicht einfach am Rei\u00dfbrett geplant werden kann. \u201eDas Konzept muss zum Ort und zu den Menschen passen. Gerade auf dem Land hat Coworking viele Facetten: als Dorfzentrum, f\u00fcr Pendlerinnen und Pendler oder als touristisches Coworking. Man f\u00e4hrt in einen Ort, um dort vormittags zu arbeiten und genie\u00dft nachmittags die sch\u00f6ne Umgebung\u201c, erkl\u00e4rt Kay Schm\u00f6lter. Auch eine gute Internetverbindung und die Lage spielen eine wichtige Rolle. Ein Coworking-Space muss gut erreichbar sein, im Zentrum des Ortes oder in der N\u00e4he eines Bahnhofes liegen und nicht in einem Gewerbegebiet oder irgendwo in der Peripherie. Eine Ausnahme bilden die touristischen Coworking- Spaces. Au\u00dferdem muss es jemanden geben, der das Projekt betreut, also einen Community-Manager, der die Menschen zusammenbringt und ihnen erkl\u00e4rt, was gerade passiert oder geplant ist. Zudem sollte die Gestaltung der R\u00e4ume nicht vernachl\u00e4ssigt werden. \u201eWenn man nur einen B\u00fcrokomplex schafft, sind Menschen, die zum ersten Mal gemeinsames Arbeiten ausprobieren, sofort wieder weg, weil sie sagen: \u201aDas habe ich auch bei mir im B\u00fcro.\u2018 Ein Coworking-Space lebt von einer offenen Atmosph\u00e4re. Es muss ein Ort sein, der inspiriert und wo viele Dinge passieren\u201c, so Kay Schm\u00f6lter. Und es braucht eine Gemeinschaft, weil ein Coworking-Space weit mehr ist als nur ein Ort zum Arbeiten. In der Stadt nutzen vor allem Freischaffende, Selbstst\u00e4ndige und Start-ups solche Angebote; auf dem Land wird eine viel breitere Bev\u00f6lkerungsschicht angesprochen. Darunter auch \u00e4ltere Menschen und Handwerker, die einen Raum brauchen, um eine Rechnung oder ein Angebot zu schreiben. <\/span><\/p>\t\t\t\t\t\t\t\t<\/div>\n\t\t\t\t<\/div>\n\t\t\t\t<div class=\"elementor-element elementor-element-23136ae elementor-widget elementor-widget-blockquote\" data-id=\"23136ae\" data-element_type=\"widget\" data-e-type=\"widget\" data-widget_type=\"blockquote.default\">\n\t\t\t\t<div class=\"elementor-widget-container\">\n\t\t\t\t\t \t\t\t\t<\/div>\n\t\t\t\t<\/div>\n\t\t\t\t<div class=\"elementor-element elementor-element-6a09af0 elementor-widget elementor-widget-spacer\" data-id=\"6a09af0\" data-element_type=\"widget\" data-e-type=\"widget\" data-widget_type=\"spacer.default\">\n\t\t\t\t<div class=\"elementor-widget-container\">\n\t\t\t\t\t\t\t<div class=\"elementor-spacer\">\n\t\t\t<div class=\"elementor-spacer-inner\"><\/div>\n\t\t<\/div>\n\t\t\t\t\t\t<\/div>\n\t\t\t\t<\/div>\n\t\t\t\t<div class=\"elementor-element elementor-element-873fb25 elementor-widget elementor-widget-heading\" data-id=\"873fb25\" data-element_type=\"widget\" data-e-type=\"widget\" data-widget_type=\"heading.default\">\n\t\t\t\t<div class=\"elementor-widget-container\">\n\t\t\t\t\t<h2 class=\"elementor-heading-title elementor-size-xl\">Coworking wird nun getestet<\/h2>\t\t\t\t<\/div>\n\t\t\t\t<\/div>\n\t\t\t\t<div class=\"elementor-element elementor-element-41b9e28 elementor-widget elementor-widget-spacer\" data-id=\"41b9e28\" data-element_type=\"widget\" data-e-type=\"widget\" data-widget_type=\"spacer.default\">\n\t\t\t\t<div class=\"elementor-widget-container\">\n\t\t\t\t\t\t\t<div class=\"elementor-spacer\">\n\t\t\t<div class=\"elementor-spacer-inner\"><\/div>\n\t\t<\/div>\n\t\t\t\t\t\t<\/div>\n\t\t\t\t<\/div>\n\t\t\t\t<div class=\"elementor-element elementor-element-e26b381 elementor-widget elementor-widget-text-editor\" data-id=\"e26b381\" data-element_type=\"widget\" data-e-type=\"widget\" data-widget_type=\"text-editor.default\">\n\t\t\t\t<div class=\"elementor-widget-container\">\n\t\t\t\t\t\t\t\t\t<p><span style=\"font-weight: 400;\">Als CoLabora vor vier Jahren startete, war Coworking in der Region Leipziger Muldenland noch v\u00f6llig unbekannt. Mit Ausstellungen und Veranstaltungen wurde zun\u00e4chst dar\u00fcber informiert, was sich dahinter verbirgt und welche Vorteile l\u00e4ndliches Coworking bietet. In Zusammenarbeit mit Architekturstudierenden der TU Dresden entwickelte die LAG Leipziger Muldenland e.V. Konzepte f\u00fcr leerstehende Geb\u00e4ude in kleinen St\u00e4dten und D\u00f6rfern. Denn es geht auch darum, ihren historischen Charakter zu bewahren und ein St\u00fcck regionaler Geschichte zu erhalten. Die Kommunen konnten mit den Konzepten F\u00f6rdergelder beantragen, um die Geb\u00e4ude zu sanieren. Von April bis Ende September 2022 <\/span><strong><a href=\"https:\/\/coworkland.de\/de\/popup-muldenland\">wird nun an sieben Standorten<\/a><\/strong><span style=\"font-weight: 400;\"> im Leipziger Muldenland getestet, ob Coworking tats\u00e4chlich funktioniert. F\u00fcr kurze Zeit zieht nicht nur in R\u00f6cknitz, sondern zum Beispiel auch in das Kulturhaus in Beucha und das Pfarrhaus in Colditz wieder neues Leben ein.<\/span><\/p>\t\t\t\t\t\t\t\t<\/div>\n\t\t\t\t<\/div>\n\t\t\t\t<div class=\"elementor-element elementor-element-933560c elementor-widget elementor-widget-spacer\" data-id=\"933560c\" data-element_type=\"widget\" data-e-type=\"widget\" data-widget_type=\"spacer.default\">\n\t\t\t\t<div class=\"elementor-widget-container\">\n\t\t\t\t\t\t\t<div class=\"elementor-spacer\">\n\t\t\t<div class=\"elementor-spacer-inner\"><\/div>\n\t\t<\/div>\n\t\t\t\t\t\t<\/div>\n\t\t\t\t<\/div>\n\t\t\t\t<div class=\"elementor-element elementor-element-a5638cc elementor-widget elementor-widget-image\" data-id=\"a5638cc\" data-element_type=\"widget\" data-e-type=\"widget\" data-widget_type=\"image.default\">\n\t\t\t\t<div class=\"elementor-widget-container\">\n\t\t\t\t\t\t\t\t\t\t\t\t<figure class=\"wp-caption\">\n\t\t\t\t\t\t\t\t\t\t<img decoding=\"async\" width=\"768\" height=\"535\" src=\"https:\/\/www.deutsche-glasfaser.de\/blog\/wp-content\/uploads\/2022\/05\/colabora_blog2-768x535.jpg\" class=\"attachment-medium_large size-medium_large wp-image-9874\" alt=\"Im Inneren eines alten Geb\u00e4udes sind Stellw\u00e4nde mit Textpostern aufgestellt. Daneben ist ein kleines Architektenmodell eines Hauses platziert.\" srcset=\"https:\/\/www.deutsche-glasfaser.de\/blog\/wp-content\/uploads\/2022\/05\/colabora_blog2-768x535.jpg 768w, https:\/\/www.deutsche-glasfaser.de\/blog\/wp-content\/uploads\/2022\/05\/colabora_blog2-300x209.jpg 300w, https:\/\/www.deutsche-glasfaser.de\/blog\/wp-content\/uploads\/2022\/05\/colabora_blog2.jpg 788w\" sizes=\"(max-width: 768px) 100vw, 768px\" \/>\t\t\t\t\t\t\t\t\t\t\t<figcaption class=\"widget-image-caption wp-caption-text\">Ein neuer Coworking-Space muss gut geplant sein \u2013 und nicht jedes leerstehende Geb\u00e4ude ist geeignet. Im Leipziger Muldenland wurden die Konzepte gemeinsam mit Architekturstudierenden entwickelt. \u00a9 LAG Leipziger Muldenland<\/figcaption>\n\t\t\t\t\t\t\t\t\t\t<\/figure>\n\t\t\t\t\t\t\t\t\t<\/div>\n\t\t\t\t<\/div>\n\t\t\t\t<div class=\"elementor-element elementor-element-b6a344f elementor-widget elementor-widget-spacer\" data-id=\"b6a344f\" data-element_type=\"widget\" data-e-type=\"widget\" data-widget_type=\"spacer.default\">\n\t\t\t\t<div class=\"elementor-widget-container\">\n\t\t\t\t\t\t\t<div class=\"elementor-spacer\">\n\t\t\t<div class=\"elementor-spacer-inner\"><\/div>\n\t\t<\/div>\n\t\t\t\t\t\t<\/div>\n\t\t\t\t<\/div>\n\t\t\t\t<div class=\"elementor-element elementor-element-9c449fa elementor-widget elementor-widget-heading\" data-id=\"9c449fa\" data-element_type=\"widget\" data-e-type=\"widget\" data-widget_type=\"heading.default\">\n\t\t\t\t<div class=\"elementor-widget-container\">\n\t\t\t\t\t<h2 class=\"elementor-heading-title elementor-size-xl\">Neues Leben in alten Mauern<\/h2>\t\t\t\t<\/div>\n\t\t\t\t<\/div>\n\t\t\t\t<div class=\"elementor-element elementor-element-7a878eb elementor-widget elementor-widget-spacer\" data-id=\"7a878eb\" data-element_type=\"widget\" data-e-type=\"widget\" data-widget_type=\"spacer.default\">\n\t\t\t\t<div class=\"elementor-widget-container\">\n\t\t\t\t\t\t\t<div class=\"elementor-spacer\">\n\t\t\t<div class=\"elementor-spacer-inner\"><\/div>\n\t\t<\/div>\n\t\t\t\t\t\t<\/div>\n\t\t\t\t<\/div>\n\t\t\t\t<div class=\"elementor-element elementor-element-6e50520 elementor-widget elementor-widget-text-editor\" data-id=\"6e50520\" data-element_type=\"widget\" data-e-type=\"widget\" data-widget_type=\"text-editor.default\">\n\t\t\t\t<div class=\"elementor-widget-container\">\n\t\t\t\t\t\t\t\t\t<p><span style=\"font-weight: 400;\">Das Leipziger Muldenland ist eine Region, die von der Mulde gepr\u00e4gt wird, einem Fluss, der jahrhundertelang ein wichtiger Wirtschaftsfaktor war. Viele Schl\u00f6sser, Ritterg\u00fcter, Herrenh\u00e4user, Fabrikgeb\u00e4ude und alte Kornspeicher zeugen von dieser Vergangenheit \u2013 heute stehen sie meist leer. Coworking kann eine M\u00f6glichkeit sein, die Geb\u00e4ude wieder zu nutzen. Doch nicht jedes eignet sich daf\u00fcr. \u201eEine alte Fabrik kann nicht komplett f\u00fcr gemeinsames Arbeiten genutzt werden, sondern nur in Verbindung mit anderen Nutzungen, die f\u00fcr den Ort oder die Region relevant sind. Das kann ein Caf\u00e9 sein, eine Poststelle oder ein Veranstaltungsraum f\u00fcr Vereine\u201c, so Kay Schm\u00f6lter. Die Bereitschaft und der Wille, die alten Geb\u00e4ude nicht weiter verfallen zu lassen, sind gro\u00df und viele Menschen freuen sich, dass endlich etwas passiert. Doch sie wollen auch ihre Ideen einbringen. \u201eStart-ups brauchen wir hier nicht. Aber einen Raum f\u00fcr B\u00e4lle und kulturelle Veranstaltungen, eine Gemeinschaftsk\u00fcche f\u00fcr das Dorf oder ein kleines Kino\u201c, h\u00f6rt Kay Schm\u00f6lter immer wieder.<\/span><\/p>\t\t\t\t\t\t\t\t<\/div>\n\t\t\t\t<\/div>\n\t\t\t\t<div class=\"elementor-element elementor-element-d823c58 elementor-widget elementor-widget-spacer\" data-id=\"d823c58\" data-element_type=\"widget\" data-e-type=\"widget\" data-widget_type=\"spacer.default\">\n\t\t\t\t<div class=\"elementor-widget-container\">\n\t\t\t\t\t\t\t<div class=\"elementor-spacer\">\n\t\t\t<div class=\"elementor-spacer-inner\"><\/div>\n\t\t<\/div>\n\t\t\t\t\t\t<\/div>\n\t\t\t\t<\/div>\n\t\t\t\t<div class=\"elementor-element elementor-element-e5e1f9d elementor-widget elementor-widget-heading\" data-id=\"e5e1f9d\" data-element_type=\"widget\" data-e-type=\"widget\" data-widget_type=\"heading.default\">\n\t\t\t\t<div class=\"elementor-widget-container\">\n\t\t\t\t\t<h2 class=\"elementor-heading-title elementor-size-xl\">\u00dcber Grenzen hinweg austauschen <\/h2>\t\t\t\t<\/div>\n\t\t\t\t<\/div>\n\t\t\t\t<div class=\"elementor-element elementor-element-6b786e7 elementor-widget elementor-widget-spacer\" data-id=\"6b786e7\" data-element_type=\"widget\" data-e-type=\"widget\" data-widget_type=\"spacer.default\">\n\t\t\t\t<div class=\"elementor-widget-container\">\n\t\t\t\t\t\t\t<div class=\"elementor-spacer\">\n\t\t\t<div class=\"elementor-spacer-inner\"><\/div>\n\t\t<\/div>\n\t\t\t\t\t\t<\/div>\n\t\t\t\t<\/div>\n\t\t\t\t<div class=\"elementor-element elementor-element-b79b38e elementor-widget elementor-widget-text-editor\" data-id=\"b79b38e\" data-element_type=\"widget\" data-e-type=\"widget\" data-widget_type=\"text-editor.default\">\n\t\t\t\t<div class=\"elementor-widget-container\">\n\t\t\t\t\t\t\t\t\t<p><span style=\"font-weight: 400;\">Wie das Leipziger Muldenland haben auch andere Regionen in Europa mit Leerstand, Abwanderung und \u00dcberalterung zu tun. Au\u00dferdem fehlen Fachkr\u00e4fte, weil junge Leute f\u00fcrs Studium oder die Ausbildung wegziehen und meist nicht zur\u00fcckkommen. Durch CoLabora und den Austausch \u00fcber Grenzen hinweg sind viele neue Ideen entstanden, die vor Ort in die Beratung einflie\u00dfen k\u00f6nnen. Kay Schm\u00f6lter nennt zwei Beispiele: \u201eIn Irland verbinden sie Coworking mit sozialen Einrichtungen, mit \u201acommunity centern\u2018, die sich um die Kinderbetreuung k\u00fcmmern oder die Pflege \u00e4lterer Menschen. Auch der Treff der Anonymen Alkoholiker ist eingebunden, Vereine und Jugendgruppen k\u00f6nnen sich dort engagieren. In Katalonien funktionieren Coworking-Spaces selbst in ganz kleinen Ortschaften mit nur 100 Einwohnerinnen und Einwohnern. Das hat uns sehr beeindruckt.\u201c Jede Region hat zwar ihre eigene Kultur und geht anders an das Thema heran, aber von anderen Sichtweisen l\u00e4sst sich durchaus profitieren. \u201eUm am Ende nicht in einer Sackgasse zu landen\u201c, so Schm\u00f6lter.<\/span><\/p><p><br \/><span style=\"font-weight: 400;\">Hier erfahren Sie mehr \u00fcber <\/span><strong><a href=\"https:\/\/www.colaboracoworking.eu\/\">CoLabora<\/a><\/strong><span style=\"font-weight: 400;\">. <\/span><span style=\"font-weight: 400;\">Hier geht es direkt<\/span> <a href=\"https:\/\/www.leipzigermuldenland.de\/_project\/media\/uploads\/files\/Rural%20Coworking%20Guide%20(DE).pdf\"><span style=\"font-weight: 400;\"><strong>zum Leitfaden<\/strong><\/span><\/a><span style=\"font-weight: 400;\">.<\/span><\/p>\t\t\t\t\t\t\t\t<\/div>\n\t\t\t\t<\/div>\n\t\t\t\t\t<\/div>\n\t\t<\/div>\n\t\t\t\t\t<\/div>\n\t\t<\/section>\n\t\t\t\t<\/div>\n\t\t","protected":false},"excerpt":{"rendered":"<p>Das europ\u00e4ische LEADER-Projekt CoLabora will eine Perspektive f\u00fcr l\u00e4ndliche Regionen entwickeln \u2013 indem Menschen ermutigt werden, dort Coworking-Spaces aufzubauen. Die LEADER-Region Leipziger Muldenland ist einer der Partner. Ein Blick in die Praxis. <\/p>\n","protected":false},"author":5,"featured_media":9872,"comment_status":"open","ping_status":"open","sticky":false,"template":"","format":"standard","meta":{"footnotes":""},"categories":[69],"tags":[],"class_list":["post-9871","post","type-post","status-publish","format-standard","has-post-thumbnail","hentry","category-arbeit"],"yoast_head":"<!-- This site is optimized with the Yoast SEO plugin v27.5 - https:\/\/yoast.com\/product\/yoast-seo-wordpress\/ -->\n<title>CoLabora: Coworking im l\u00e4ndlichen Europa - Digitales B\u00fcrgernetz<\/title>\n<meta name=\"description\" content=\"Das LEADER-Projekt CoLabora vernetzt: Wie die Coworking-Idee im l\u00e4ndlichen Europa w\u00e4chst und wie sich Coworking-Spaces etablieren.\" \/>\n<meta name=\"robots\" content=\"index, follow, max-snippet:-1, max-image-preview:large, max-video-preview:-1\" \/>\n<link rel=\"canonical\" href=\"https:\/\/www.deutsche-glasfaser.de\/blog\/colabora-ideen-fuer-coworking-im-laendlichen-europa\/\" \/>\n<meta property=\"og:locale\" content=\"de_DE\" \/>\n<meta property=\"og:type\" content=\"article\" \/>\n<meta property=\"og:title\" content=\"CoLabora: Coworking im l\u00e4ndlichen Europa - Digitales B\u00fcrgernetz\" \/>\n<meta property=\"og:description\" content=\"Das LEADER-Projekt CoLabora vernetzt: Wie die Coworking-Idee im l\u00e4ndlichen Europa w\u00e4chst und wie sich Coworking-Spaces etablieren.\" \/>\n<meta property=\"og:url\" content=\"https:\/\/www.deutsche-glasfaser.de\/blog\/colabora-ideen-fuer-coworking-im-laendlichen-europa\/\" \/>\n<meta property=\"og:site_name\" content=\"Digitales B\u00fcrgernetz\" \/>\n<meta property=\"article:published_time\" content=\"2022-05-12T07:52:00+00:00\" \/>\n<meta property=\"article:modified_time\" content=\"2022-05-12T07:52:02+00:00\" \/>\n<meta property=\"og:image\" content=\"https:\/\/www.deutsche-glasfaser.de\/blog\/wp-content\/uploads\/2022\/05\/Header_Colabora.jpg\" \/>\n\t<meta property=\"og:image:width\" content=\"1500\" \/>\n\t<meta property=\"og:image:height\" content=\"705\" \/>\n\t<meta property=\"og:image:type\" content=\"image\/jpeg\" \/>\n<meta name=\"author\" content=\"Deutsche Glasfaser\" \/>\n<meta name=\"twitter:card\" content=\"summary_large_image\" \/>\n<meta name=\"twitter:label1\" content=\"Verfasst von\" \/>\n\t<meta name=\"twitter:data1\" content=\"Deutsche Glasfaser\" \/>\n\t<meta name=\"twitter:label2\" content=\"Gesch\u00e4tzte Lesezeit\" \/>\n\t<meta name=\"twitter:data2\" content=\"8\u00a0Minuten\" \/>\n<script type=\"application\/ld+json\" class=\"yoast-schema-graph\">{\"@context\":\"https:\\\/\\\/schema.org\",\"@graph\":[{\"@type\":\"Article\",\"@id\":\"https:\\\/\\\/www.deutsche-glasfaser.de\\\/blog\\\/colabora-ideen-fuer-coworking-im-laendlichen-europa\\\/#article\",\"isPartOf\":{\"@id\":\"https:\\\/\\\/www.deutsche-glasfaser.de\\\/blog\\\/colabora-ideen-fuer-coworking-im-laendlichen-europa\\\/\"},\"author\":{\"name\":\"Deutsche Glasfaser\",\"@id\":\"https:\\\/\\\/www.deutsche-glasfaser.de\\\/blog\\\/#\\\/schema\\\/person\\\/9380a6dc7443d77143d0c66c409f574b\"},\"headline\":\"CoLabora: Ideen f\u00fcr Coworking im l\u00e4ndlichen Europa\",\"datePublished\":\"2022-05-12T07:52:00+00:00\",\"dateModified\":\"2022-05-12T07:52:02+00:00\",\"mainEntityOfPage\":{\"@id\":\"https:\\\/\\\/www.deutsche-glasfaser.de\\\/blog\\\/colabora-ideen-fuer-coworking-im-laendlichen-europa\\\/\"},\"wordCount\":1316,\"commentCount\":0,\"publisher\":{\"@id\":\"https:\\\/\\\/www.deutsche-glasfaser.de\\\/blog\\\/#organization\"},\"image\":{\"@id\":\"https:\\\/\\\/www.deutsche-glasfaser.de\\\/blog\\\/colabora-ideen-fuer-coworking-im-laendlichen-europa\\\/#primaryimage\"},\"thumbnailUrl\":\"https:\\\/\\\/www.deutsche-glasfaser.de\\\/blog\\\/wp-content\\\/uploads\\\/2022\\\/05\\\/Header_Colabora.jpg\",\"articleSection\":[\"#Arbeit\"],\"inLanguage\":\"de\",\"potentialAction\":[{\"@type\":\"CommentAction\",\"name\":\"Comment\",\"target\":[\"https:\\\/\\\/www.deutsche-glasfaser.de\\\/blog\\\/colabora-ideen-fuer-coworking-im-laendlichen-europa\\\/#respond\"]}]},{\"@type\":\"WebPage\",\"@id\":\"https:\\\/\\\/www.deutsche-glasfaser.de\\\/blog\\\/colabora-ideen-fuer-coworking-im-laendlichen-europa\\\/\",\"url\":\"https:\\\/\\\/www.deutsche-glasfaser.de\\\/blog\\\/colabora-ideen-fuer-coworking-im-laendlichen-europa\\\/\",\"name\":\"CoLabora: Coworking im l\u00e4ndlichen Europa - Digitales B\u00fcrgernetz\",\"isPartOf\":{\"@id\":\"https:\\\/\\\/www.deutsche-glasfaser.de\\\/blog\\\/#website\"},\"primaryImageOfPage\":{\"@id\":\"https:\\\/\\\/www.deutsche-glasfaser.de\\\/blog\\\/colabora-ideen-fuer-coworking-im-laendlichen-europa\\\/#primaryimage\"},\"image\":{\"@id\":\"https:\\\/\\\/www.deutsche-glasfaser.de\\\/blog\\\/colabora-ideen-fuer-coworking-im-laendlichen-europa\\\/#primaryimage\"},\"thumbnailUrl\":\"https:\\\/\\\/www.deutsche-glasfaser.de\\\/blog\\\/wp-content\\\/uploads\\\/2022\\\/05\\\/Header_Colabora.jpg\",\"datePublished\":\"2022-05-12T07:52:00+00:00\",\"dateModified\":\"2022-05-12T07:52:02+00:00\",\"description\":\"Das LEADER-Projekt CoLabora vernetzt: Wie die Coworking-Idee im l\u00e4ndlichen Europa w\u00e4chst und wie sich Coworking-Spaces etablieren.\",\"inLanguage\":\"de\",\"potentialAction\":[{\"@type\":\"ReadAction\",\"target\":[\"https:\\\/\\\/www.deutsche-glasfaser.de\\\/blog\\\/colabora-ideen-fuer-coworking-im-laendlichen-europa\\\/\"]}]},{\"@type\":\"ImageObject\",\"inLanguage\":\"de\",\"@id\":\"https:\\\/\\\/www.deutsche-glasfaser.de\\\/blog\\\/colabora-ideen-fuer-coworking-im-laendlichen-europa\\\/#primaryimage\",\"url\":\"https:\\\/\\\/www.deutsche-glasfaser.de\\\/blog\\\/wp-content\\\/uploads\\\/2022\\\/05\\\/Header_Colabora.jpg\",\"contentUrl\":\"https:\\\/\\\/www.deutsche-glasfaser.de\\\/blog\\\/wp-content\\\/uploads\\\/2022\\\/05\\\/Header_Colabora.jpg\",\"width\":1500,\"height\":705,\"caption\":\"Gemeinsam arbeiten im l\u00e4ndlichen Europa: Der Leitfaden von CoLabora enth\u00e4lt daf\u00fcr viele n\u00fctzliche Tipps. \u00a9 CoLabora\"},{\"@type\":\"WebSite\",\"@id\":\"https:\\\/\\\/www.deutsche-glasfaser.de\\\/blog\\\/#website\",\"url\":\"https:\\\/\\\/www.deutsche-glasfaser.de\\\/blog\\\/\",\"name\":\"Digitales B\u00fcrgernetz\",\"description\":\"Deutsche Glasfaser Blog\",\"publisher\":{\"@id\":\"https:\\\/\\\/www.deutsche-glasfaser.de\\\/blog\\\/#organization\"},\"potentialAction\":[{\"@type\":\"SearchAction\",\"target\":{\"@type\":\"EntryPoint\",\"urlTemplate\":\"https:\\\/\\\/www.deutsche-glasfaser.de\\\/blog\\\/?s={search_term_string}\"},\"query-input\":{\"@type\":\"PropertyValueSpecification\",\"valueRequired\":true,\"valueName\":\"search_term_string\"}}],\"inLanguage\":\"de\"},{\"@type\":\"Organization\",\"@id\":\"https:\\\/\\\/www.deutsche-glasfaser.de\\\/blog\\\/#organization\",\"name\":\"Digitales B\u00fcrgernetz\",\"url\":\"https:\\\/\\\/www.deutsche-glasfaser.de\\\/blog\\\/\",\"logo\":{\"@type\":\"ImageObject\",\"inLanguage\":\"de\",\"@id\":\"https:\\\/\\\/www.deutsche-glasfaser.de\\\/blog\\\/#\\\/schema\\\/logo\\\/image\\\/\",\"url\":\"https:\\\/\\\/www.deutsche-glasfaser.de\\\/blog\\\/wp-content\\\/uploads\\\/2021\\\/08\\\/DGF_Logo_Basis_RGB-Large@2x.png\",\"contentUrl\":\"https:\\\/\\\/www.deutsche-glasfaser.de\\\/blog\\\/wp-content\\\/uploads\\\/2021\\\/08\\\/DGF_Logo_Basis_RGB-Large@2x.png\",\"width\":312,\"height\":104,\"caption\":\"Digitales B\u00fcrgernetz\"},\"image\":{\"@id\":\"https:\\\/\\\/www.deutsche-glasfaser.de\\\/blog\\\/#\\\/schema\\\/logo\\\/image\\\/\"}},{\"@type\":\"Person\",\"@id\":\"https:\\\/\\\/www.deutsche-glasfaser.de\\\/blog\\\/#\\\/schema\\\/person\\\/9380a6dc7443d77143d0c66c409f574b\",\"name\":\"Deutsche Glasfaser\"}]}<\/script>\n<!-- \/ Yoast SEO plugin. -->","yoast_head_json":{"title":"CoLabora: Coworking im l\u00e4ndlichen Europa - Digitales B\u00fcrgernetz","description":"Das LEADER-Projekt CoLabora vernetzt: Wie die Coworking-Idee im l\u00e4ndlichen Europa w\u00e4chst und wie sich Coworking-Spaces etablieren.","robots":{"index":"index","follow":"follow","max-snippet":"max-snippet:-1","max-image-preview":"max-image-preview:large","max-video-preview":"max-video-preview:-1"},"canonical":"https:\/\/www.deutsche-glasfaser.de\/blog\/colabora-ideen-fuer-coworking-im-laendlichen-europa\/","og_locale":"de_DE","og_type":"article","og_title":"CoLabora: Coworking im l\u00e4ndlichen Europa - Digitales B\u00fcrgernetz","og_description":"Das LEADER-Projekt CoLabora vernetzt: Wie die Coworking-Idee im l\u00e4ndlichen Europa w\u00e4chst und wie sich Coworking-Spaces etablieren.","og_url":"https:\/\/www.deutsche-glasfaser.de\/blog\/colabora-ideen-fuer-coworking-im-laendlichen-europa\/","og_site_name":"Digitales B\u00fcrgernetz","article_published_time":"2022-05-12T07:52:00+00:00","article_modified_time":"2022-05-12T07:52:02+00:00","og_image":[{"width":1500,"height":705,"url":"https:\/\/www.deutsche-glasfaser.de\/blog\/wp-content\/uploads\/2022\/05\/Header_Colabora.jpg","type":"image\/jpeg"}],"author":"Deutsche Glasfaser","twitter_card":"summary_large_image","twitter_misc":{"Verfasst von":"Deutsche Glasfaser","Gesch\u00e4tzte Lesezeit":"8\u00a0Minuten"},"schema":{"@context":"https:\/\/schema.org","@graph":[{"@type":"Article","@id":"https:\/\/www.deutsche-glasfaser.de\/blog\/colabora-ideen-fuer-coworking-im-laendlichen-europa\/#article","isPartOf":{"@id":"https:\/\/www.deutsche-glasfaser.de\/blog\/colabora-ideen-fuer-coworking-im-laendlichen-europa\/"},"author":{"name":"Deutsche Glasfaser","@id":"https:\/\/www.deutsche-glasfaser.de\/blog\/#\/schema\/person\/9380a6dc7443d77143d0c66c409f574b"},"headline":"CoLabora: Ideen f\u00fcr Coworking im l\u00e4ndlichen Europa","datePublished":"2022-05-12T07:52:00+00:00","dateModified":"2022-05-12T07:52:02+00:00","mainEntityOfPage":{"@id":"https:\/\/www.deutsche-glasfaser.de\/blog\/colabora-ideen-fuer-coworking-im-laendlichen-europa\/"},"wordCount":1316,"commentCount":0,"publisher":{"@id":"https:\/\/www.deutsche-glasfaser.de\/blog\/#organization"},"image":{"@id":"https:\/\/www.deutsche-glasfaser.de\/blog\/colabora-ideen-fuer-coworking-im-laendlichen-europa\/#primaryimage"},"thumbnailUrl":"https:\/\/www.deutsche-glasfaser.de\/blog\/wp-content\/uploads\/2022\/05\/Header_Colabora.jpg","articleSection":["#Arbeit"],"inLanguage":"de","potentialAction":[{"@type":"CommentAction","name":"Comment","target":["https:\/\/www.deutsche-glasfaser.de\/blog\/colabora-ideen-fuer-coworking-im-laendlichen-europa\/#respond"]}]},{"@type":"WebPage","@id":"https:\/\/www.deutsche-glasfaser.de\/blog\/colabora-ideen-fuer-coworking-im-laendlichen-europa\/","url":"https:\/\/www.deutsche-glasfaser.de\/blog\/colabora-ideen-fuer-coworking-im-laendlichen-europa\/","name":"CoLabora: Coworking im l\u00e4ndlichen Europa - Digitales B\u00fcrgernetz","isPartOf":{"@id":"https:\/\/www.deutsche-glasfaser.de\/blog\/#website"},"primaryImageOfPage":{"@id":"https:\/\/www.deutsche-glasfaser.de\/blog\/colabora-ideen-fuer-coworking-im-laendlichen-europa\/#primaryimage"},"image":{"@id":"https:\/\/www.deutsche-glasfaser.de\/blog\/colabora-ideen-fuer-coworking-im-laendlichen-europa\/#primaryimage"},"thumbnailUrl":"https:\/\/www.deutsche-glasfaser.de\/blog\/wp-content\/uploads\/2022\/05\/Header_Colabora.jpg","datePublished":"2022-05-12T07:52:00+00:00","dateModified":"2022-05-12T07:52:02+00:00","description":"Das LEADER-Projekt CoLabora vernetzt: Wie die Coworking-Idee im l\u00e4ndlichen Europa w\u00e4chst und wie sich Coworking-Spaces etablieren.","inLanguage":"de","potentialAction":[{"@type":"ReadAction","target":["https:\/\/www.deutsche-glasfaser.de\/blog\/colabora-ideen-fuer-coworking-im-laendlichen-europa\/"]}]},{"@type":"ImageObject","inLanguage":"de","@id":"https:\/\/www.deutsche-glasfaser.de\/blog\/colabora-ideen-fuer-coworking-im-laendlichen-europa\/#primaryimage","url":"https:\/\/www.deutsche-glasfaser.de\/blog\/wp-content\/uploads\/2022\/05\/Header_Colabora.jpg","contentUrl":"https:\/\/www.deutsche-glasfaser.de\/blog\/wp-content\/uploads\/2022\/05\/Header_Colabora.jpg","width":1500,"height":705,"caption":"Gemeinsam arbeiten im l\u00e4ndlichen Europa: Der Leitfaden von CoLabora enth\u00e4lt daf\u00fcr viele n\u00fctzliche Tipps. \u00a9 CoLabora"},{"@type":"WebSite","@id":"https:\/\/www.deutsche-glasfaser.de\/blog\/#website","url":"https:\/\/www.deutsche-glasfaser.de\/blog\/","name":"Digitales B\u00fcrgernetz","description":"Deutsche Glasfaser Blog","publisher":{"@id":"https:\/\/www.deutsche-glasfaser.de\/blog\/#organization"},"potentialAction":[{"@type":"SearchAction","target":{"@type":"EntryPoint","urlTemplate":"https:\/\/www.deutsche-glasfaser.de\/blog\/?s={search_term_string}"},"query-input":{"@type":"PropertyValueSpecification","valueRequired":true,"valueName":"search_term_string"}}],"inLanguage":"de"},{"@type":"Organization","@id":"https:\/\/www.deutsche-glasfaser.de\/blog\/#organization","name":"Digitales B\u00fcrgernetz","url":"https:\/\/www.deutsche-glasfaser.de\/blog\/","logo":{"@type":"ImageObject","inLanguage":"de","@id":"https:\/\/www.deutsche-glasfaser.de\/blog\/#\/schema\/logo\/image\/","url":"https:\/\/www.deutsche-glasfaser.de\/blog\/wp-content\/uploads\/2021\/08\/DGF_Logo_Basis_RGB-Large@2x.png","contentUrl":"https:\/\/www.deutsche-glasfaser.de\/blog\/wp-content\/uploads\/2021\/08\/DGF_Logo_Basis_RGB-Large@2x.png","width":312,"height":104,"caption":"Digitales B\u00fcrgernetz"},"image":{"@id":"https:\/\/www.deutsche-glasfaser.de\/blog\/#\/schema\/logo\/image\/"}},{"@type":"Person","@id":"https:\/\/www.deutsche-glasfaser.de\/blog\/#\/schema\/person\/9380a6dc7443d77143d0c66c409f574b","name":"Deutsche Glasfaser"}]}},"_links":{"self":[{"href":"https:\/\/www.deutsche-glasfaser.de\/blog\/wp-json\/wp\/v2\/posts\/9871","targetHints":{"allow":["GET"]}}],"collection":[{"href":"https:\/\/www.deutsche-glasfaser.de\/blog\/wp-json\/wp\/v2\/posts"}],"about":[{"href":"https:\/\/www.deutsche-glasfaser.de\/blog\/wp-json\/wp\/v2\/types\/post"}],"author":[{"embeddable":true,"href":"https:\/\/www.deutsche-glasfaser.de\/blog\/wp-json\/wp\/v2\/users\/5"}],"replies":[{"embeddable":true,"href":"https:\/\/www.deutsche-glasfaser.de\/blog\/wp-json\/wp\/v2\/comments?post=9871"}],"version-history":[{"count":5,"href":"https:\/\/www.deutsche-glasfaser.de\/blog\/wp-json\/wp\/v2\/posts\/9871\/revisions"}],"predecessor-version":[{"id":9879,"href":"https:\/\/www.deutsche-glasfaser.de\/blog\/wp-json\/wp\/v2\/posts\/9871\/revisions\/9879"}],"wp:featuredmedia":[{"embeddable":true,"href":"https:\/\/www.deutsche-glasfaser.de\/blog\/wp-json\/wp\/v2\/media\/9872"}],"wp:attachment":[{"href":"https:\/\/www.deutsche-glasfaser.de\/blog\/wp-json\/wp\/v2\/media?parent=9871"}],"wp:term":[{"taxonomy":"category","embeddable":true,"href":"https:\/\/www.deutsche-glasfaser.de\/blog\/wp-json\/wp\/v2\/categories?post=9871"},{"taxonomy":"post_tag","embeddable":true,"href":"https:\/\/www.deutsche-glasfaser.de\/blog\/wp-json\/wp\/v2\/tags?post=9871"}],"curies":[{"name":"wp","href":"https:\/\/api.w.org\/{rel}","templated":true}]}}