{"id":9816,"date":"2022-05-03T09:02:47","date_gmt":"2022-05-03T09:02:47","guid":{"rendered":"https:\/\/www.deutsche-glasfaser.de\/blog\/?p=9816"},"modified":"2022-05-03T10:17:20","modified_gmt":"2022-05-03T10:17:20","slug":"wurstehimmel-2-0-digitalisierung-im-metzgerhandwerk","status":"publish","type":"post","link":"https:\/\/www.deutsche-glasfaser.de\/blog\/wurstehimmel-2-0-digitalisierung-im-metzgerhandwerk\/","title":{"rendered":"Traditionelles Handwerk trifft moderne Technik: Die \u201eAhle Wurst\u201d wird digital"},"content":{"rendered":"\t\t<div data-elementor-type=\"wp-post\" data-elementor-id=\"9816\" class=\"elementor elementor-9816\">\n\t\t\t\t\t\t<section class=\"elementor-section elementor-top-section elementor-element elementor-element-2b5b4d6 elementor-section-boxed elementor-section-height-default elementor-section-height-default\" data-id=\"2b5b4d6\" data-element_type=\"section\" data-e-type=\"section\">\n\t\t\t\t\t\t<div class=\"elementor-container elementor-column-gap-default\">\n\t\t\t\t\t<div class=\"elementor-column elementor-col-100 elementor-top-column elementor-element elementor-element-d171a6e\" data-id=\"d171a6e\" data-element_type=\"column\" data-e-type=\"column\">\n\t\t\t<div class=\"elementor-widget-wrap elementor-element-populated\">\n\t\t\t\t\t\t<div class=\"elementor-element elementor-element-369b479 elementor-widget elementor-widget-text-editor\" data-id=\"369b479\" data-element_type=\"widget\" data-e-type=\"widget\" data-widget_type=\"text-editor.default\">\n\t\t\t\t<div class=\"elementor-widget-container\">\n\t\t\t\t\t\t\t\t\t<p><span style=\"font-weight: 400;\">Katharina Koch in ihrem Wurstehimmel \u2013 hier reift die \u201eAhle Wurst\u201c. \u00a9 Landmetzgerei Koch<\/span><\/p>\t\t\t\t\t\t\t\t<\/div>\n\t\t\t\t<\/div>\n\t\t\t\t\t<\/div>\n\t\t<\/div>\n\t\t\t\t\t<\/div>\n\t\t<\/section>\n\t\t\t\t<section class=\"elementor-section elementor-top-section elementor-element elementor-element-aa8e3c8 elementor-section-boxed elementor-section-height-default elementor-section-height-default\" data-id=\"aa8e3c8\" data-element_type=\"section\" data-e-type=\"section\">\n\t\t\t\t\t\t<div class=\"elementor-container elementor-column-gap-default\">\n\t\t\t\t\t<div class=\"elementor-column elementor-col-100 elementor-top-column elementor-element elementor-element-41b133c\" data-id=\"41b133c\" data-element_type=\"column\" data-e-type=\"column\">\n\t\t\t<div class=\"elementor-widget-wrap elementor-element-populated\">\n\t\t\t\t\t\t<div class=\"elementor-element elementor-element-30dacfb elementor-widget elementor-widget-text-editor\" data-id=\"30dacfb\" data-element_type=\"widget\" data-e-type=\"widget\" data-widget_type=\"text-editor.default\">\n\t\t\t\t<div class=\"elementor-widget-container\">\n\t\t\t\t\t\t\t\t\t<p><span style=\"font-weight: 400;\">Der Ruf aus der Heimat ereilte Katharina Koch 2013 in Amerika. Genauer gesagt war es ein Anruf. Am anderen Ende der Leitung: Vater Thomas Koch. Im gut 6.000 Kilometer entfernten Calden bei Kassel machte er sich sich Gedanken \u00fcber die Zukunft seines Fleischereibetriebs, den er mittelfristig an die f\u00fcnfte Generation \u00fcbergeben wollte. Seither ist viel passiert: Tochter Katharina hat nicht nur die Landfleischerei \u00fcbernommen, sondern auch einen Onlineshop aufgebaut. Ein F\u00fcnftel ihres Umsatzes macht sie mittlerweile im Netz. Und sie macht sich daran, das Herzst\u00fcck des Familienbetriebs zu digitalisieren \u2013 den Wurstehimmel.\u00a0 <\/span><\/p>\t\t\t\t\t\t\t\t<\/div>\n\t\t\t\t<\/div>\n\t\t\t\t<div class=\"elementor-element elementor-element-3c7e701 elementor-widget elementor-widget-spacer\" data-id=\"3c7e701\" data-element_type=\"widget\" data-e-type=\"widget\" data-widget_type=\"spacer.default\">\n\t\t\t\t<div class=\"elementor-widget-container\">\n\t\t\t\t\t\t\t<div class=\"elementor-spacer\">\n\t\t\t<div class=\"elementor-spacer-inner\"><\/div>\n\t\t<\/div>\n\t\t\t\t\t\t<\/div>\n\t\t\t\t<\/div>\n\t\t\t\t<div class=\"elementor-element elementor-element-fc18ae3 elementor-widget elementor-widget-heading\" data-id=\"fc18ae3\" data-element_type=\"widget\" data-e-type=\"widget\" data-widget_type=\"heading.default\">\n\t\t\t\t<div class=\"elementor-widget-container\">\n\t\t\t\t\t<h2 class=\"elementor-heading-title elementor-size-xl\">Unternehmertum als Erf\u00fcllung<\/h2>\t\t\t\t<\/div>\n\t\t\t\t<\/div>\n\t\t\t\t<div class=\"elementor-element elementor-element-3bc2eb5 elementor-widget elementor-widget-spacer\" data-id=\"3bc2eb5\" data-element_type=\"widget\" data-e-type=\"widget\" data-widget_type=\"spacer.default\">\n\t\t\t\t<div class=\"elementor-widget-container\">\n\t\t\t\t\t\t\t<div class=\"elementor-spacer\">\n\t\t\t<div class=\"elementor-spacer-inner\"><\/div>\n\t\t<\/div>\n\t\t\t\t\t\t<\/div>\n\t\t\t\t<\/div>\n\t\t\t\t<div class=\"elementor-element elementor-element-b4a051a elementor-widget elementor-widget-text-editor\" data-id=\"b4a051a\" data-element_type=\"widget\" data-e-type=\"widget\" data-widget_type=\"text-editor.default\">\n\t\t\t\t<div class=\"elementor-widget-container\">\n\t\t\t\t\t\t\t\t\t<p><span style=\"font-weight: 400;\">Von Calden aus hatte sich auch Katharina Koch auf den Weg in die weite Welt gemacht. Nach einem Politikstudium, einer Anstellung in einem Bundestagsb\u00fcro und einem Masterabschluss in Paris arbeitete sie f\u00fcr die Vereinten Nationen in New York. Ein verhei\u00dfungsvoller Karrierebeginn. Doch der Anruf ihres Vaters brachte sie ins Gr\u00fcbeln. \u201eIn meiner Lebensplanung hatte die Option, Fleischerin zu werden und den Familienbetrieb zu \u00fcbernehmen, nie eine Rolle gespielt\u201c, blickt Katharina Koch heute zur\u00fcck. \u201eAls Nachfolger w\u00e4ren viel eher meine \u00e4lteren Br\u00fcder in Frage gekommen.\u201c Doch auch die hatten Calden verlassen und sp\u00fcrten keinen Drang zur\u00fcckzukehren. Das ging der Schwester anders: \u201eIch bin in einer Familie aufgewachsen und erzogen worden, in der Selbstst\u00e4ndigkeit und Unternehmertum jeden Tag gelebt wurden. Dort wurden Entscheidungen getroffen, Ideen schnell umgesetzt, und immer konnte man recht bald sehen: Dies funktioniert gut, jenes weniger. Das ist in der Politik v\u00f6llig anders \u2013 und das ist auch richtig und wichtig. Aber mich f\u00fcllten die Arbeit und die Prozesse nicht wirklich aus.\u201c So kehrte sie schlie\u00dflich nach Hessen zur\u00fcck. Der Vater wurde zum Ausbilder, der das \u00fcber Generationen weitergegebene Wissen mit ihr teilte. 2018 h\u00e4ngte Katharina Koch ihren Meisterbrief an die Wand. Und sie \u00fcbernahm die Landfleischerei Henry Koch.<\/span><\/p>\t\t\t\t\t\t\t\t<\/div>\n\t\t\t\t<\/div>\n\t\t\t\t<div class=\"elementor-element elementor-element-6c5ed29 elementor-widget elementor-widget-spacer\" data-id=\"6c5ed29\" data-element_type=\"widget\" data-e-type=\"widget\" data-widget_type=\"spacer.default\">\n\t\t\t\t<div class=\"elementor-widget-container\">\n\t\t\t\t\t\t\t<div class=\"elementor-spacer\">\n\t\t\t<div class=\"elementor-spacer-inner\"><\/div>\n\t\t<\/div>\n\t\t\t\t\t\t<\/div>\n\t\t\t\t<\/div>\n\t\t\t\t<div class=\"elementor-element elementor-element-b888da6 elementor-widget elementor-widget-image\" data-id=\"b888da6\" data-element_type=\"widget\" data-e-type=\"widget\" data-widget_type=\"image.default\">\n\t\t\t\t<div class=\"elementor-widget-container\">\n\t\t\t\t\t\t\t\t\t\t\t\t<figure class=\"wp-caption\">\n\t\t\t\t\t\t\t\t\t\t<img fetchpriority=\"high\" decoding=\"async\" width=\"768\" height=\"532\" src=\"https:\/\/www.deutsche-glasfaser.de\/blog\/wp-content\/uploads\/2022\/05\/wurstehimmel_Blog_3-768x532.jpg\" class=\"attachment-medium_large size-medium_large wp-image-9818\" alt=\"Eine angeschnittene Schweinewurst liegt auf einem Holzbrett.\" srcset=\"https:\/\/www.deutsche-glasfaser.de\/blog\/wp-content\/uploads\/2022\/05\/wurstehimmel_Blog_3-768x532.jpg 768w, https:\/\/www.deutsche-glasfaser.de\/blog\/wp-content\/uploads\/2022\/05\/wurstehimmel_Blog_3-300x208.jpg 300w, https:\/\/www.deutsche-glasfaser.de\/blog\/wp-content\/uploads\/2022\/05\/wurstehimmel_Blog_3.jpg 788w\" sizes=\"(max-width: 768px) 100vw, 768px\" \/>\t\t\t\t\t\t\t\t\t\t\t<figcaption class=\"widget-image-caption wp-caption-text\">Die \u201eAhle Wurst\u201c wird auch online vertrieben. Heimatkranke Exilhessen bestellen die Spezialit\u00e4t gern. \u00a9 Landfleischerei Koch<\/figcaption>\n\t\t\t\t\t\t\t\t\t\t<\/figure>\n\t\t\t\t\t\t\t\t\t<\/div>\n\t\t\t\t<\/div>\n\t\t\t\t<div class=\"elementor-element elementor-element-6f881f4 elementor-widget elementor-widget-spacer\" data-id=\"6f881f4\" data-element_type=\"widget\" data-e-type=\"widget\" data-widget_type=\"spacer.default\">\n\t\t\t\t<div class=\"elementor-widget-container\">\n\t\t\t\t\t\t\t<div class=\"elementor-spacer\">\n\t\t\t<div class=\"elementor-spacer-inner\"><\/div>\n\t\t<\/div>\n\t\t\t\t\t\t<\/div>\n\t\t\t\t<\/div>\n\t\t\t\t<div class=\"elementor-element elementor-element-780d73f elementor-widget elementor-widget-heading\" data-id=\"780d73f\" data-element_type=\"widget\" data-e-type=\"widget\" data-widget_type=\"heading.default\">\n\t\t\t\t<div class=\"elementor-widget-container\">\n\t\t\t\t\t<h2 class=\"elementor-heading-title elementor-size-xl\">Der Vertrieb wandert ins Netz<\/h2>\t\t\t\t<\/div>\n\t\t\t\t<\/div>\n\t\t\t\t<div class=\"elementor-element elementor-element-869f737 elementor-widget elementor-widget-spacer\" data-id=\"869f737\" data-element_type=\"widget\" data-e-type=\"widget\" data-widget_type=\"spacer.default\">\n\t\t\t\t<div class=\"elementor-widget-container\">\n\t\t\t\t\t\t\t<div class=\"elementor-spacer\">\n\t\t\t<div class=\"elementor-spacer-inner\"><\/div>\n\t\t<\/div>\n\t\t\t\t\t\t<\/div>\n\t\t\t\t<\/div>\n\t\t\t\t<div class=\"elementor-element elementor-element-76d28a2 elementor-widget elementor-widget-text-editor\" data-id=\"76d28a2\" data-element_type=\"widget\" data-e-type=\"widget\" data-widget_type=\"text-editor.default\">\n\t\t\t\t<div class=\"elementor-widget-container\">\n\t\t\t\t\t\t\t\t\t<p><span style=\"font-weight: 400;\">Die Spezialit\u00e4t des Betriebes wie der gesamten Region ist die \u201eAhle Wurst\u201c, eine aromatische, lange gereifte Rohwurst. An deren traditioneller Zubereitung \u00e4nderte die neue Chefin nichts. Aber nat\u00fcrlich war sie nicht nach Calden zur\u00fcckgekehrt, um alles so weiterzumachen wie bisher. \u201eAuch das hat mir mein Vater mitgegeben und vorgelebt: Man muss sich und Dinge immer weiterentwickeln und kreativ sein \u2013 Bew\u00e4hrtes bewahren und gleichzeitig neue Wege finden und gehen\u201c, sagt sie. Heute vertreibt sie ihre Spezialit\u00e4ten daher nicht nur \u00fcber das eigene Ladengesch\u00e4ft und ausgew\u00e4hlte Einzelh\u00e4ndler. Unter Katharina Kochs Leitung wurde die Ahle Wurst auch digital: Im Onlineshop unter <\/span><strong><a href=\"http:\/\/www.wurstehimmel.de\">www.wurstehimmel.de<\/a><\/strong><span style=\"font-weight: 400;\"> k\u00f6nnen sich Kundinnen und Kunden wie etwa heimwehkranke Exilhessen mit Waren aus Calden versorgen. Flankiert wird der Onlineauftritt durch Accounts auf Instagram, Twitter und Facebook. \u201eDer seit Jahren anhaltende Trend zum Online-Einkauf erfasst immer mehr auch den Lebensmittelbereich. Schon heute mache ich etwa 20 Prozent meiner Ums\u00e4tze im Netz. Und der Anteil wird weiter zunehmen, auch weil bei uns wie in anderen Branchen der station\u00e4re Handel an Bedeutung einb\u00fc\u00dfen wird. F\u00fcr spezialisierte kleinere und mittelst\u00e4ndische Betriebe auf dem Land liegen hier gro\u00dfe Chancen \u2013 wenn denn die Anbindung stimmt\u201c, erkl\u00e4rt Katharina Koch. <\/span><\/p>\t\t\t\t\t\t\t\t<\/div>\n\t\t\t\t<\/div>\n\t\t\t\t<div class=\"elementor-element elementor-element-0a470e7 elementor-widget elementor-widget-spacer\" data-id=\"0a470e7\" data-element_type=\"widget\" data-e-type=\"widget\" data-widget_type=\"spacer.default\">\n\t\t\t\t<div class=\"elementor-widget-container\">\n\t\t\t\t\t\t\t<div class=\"elementor-spacer\">\n\t\t\t<div class=\"elementor-spacer-inner\"><\/div>\n\t\t<\/div>\n\t\t\t\t\t\t<\/div>\n\t\t\t\t<\/div>\n\t\t\t\t<div class=\"elementor-element elementor-element-8c3e272 elementor-widget elementor-widget-spacer\" data-id=\"8c3e272\" data-element_type=\"widget\" data-e-type=\"widget\" data-widget_type=\"spacer.default\">\n\t\t\t\t<div class=\"elementor-widget-container\">\n\t\t\t\t\t\t\t<div class=\"elementor-spacer\">\n\t\t\t<div class=\"elementor-spacer-inner\"><\/div>\n\t\t<\/div>\n\t\t\t\t\t\t<\/div>\n\t\t\t\t<\/div>\n\t\t\t\t<section class=\"elementor-section elementor-inner-section elementor-element elementor-element-406068f elementor-section-boxed elementor-section-height-default elementor-section-height-default\" data-id=\"406068f\" data-element_type=\"section\" data-e-type=\"section\">\n\t\t\t\t\t\t<div class=\"elementor-container elementor-column-gap-default\">\n\t\t\t\t\t<div class=\"elementor-column elementor-col-50 elementor-inner-column elementor-element elementor-element-521f9da\" data-id=\"521f9da\" data-element_type=\"column\" data-e-type=\"column\">\n\t\t\t<div class=\"elementor-widget-wrap elementor-element-populated\">\n\t\t\t\t\t\t<div class=\"elementor-element elementor-element-a1ea266 elementor-widget elementor-widget-heading\" data-id=\"a1ea266\" data-element_type=\"widget\" data-e-type=\"widget\" data-widget_type=\"heading.default\">\n\t\t\t\t<div class=\"elementor-widget-container\">\n\t\t\t\t\t<h2 class=\"elementor-heading-title elementor-size-xl\">Bew\u00e4hrtes bleibt, Neues kommt<\/h2>\t\t\t\t<\/div>\n\t\t\t\t<\/div>\n\t\t\t\t<div class=\"elementor-element elementor-element-b9a632c elementor-widget elementor-widget-image\" data-id=\"b9a632c\" data-element_type=\"widget\" data-e-type=\"widget\" data-widget_type=\"image.default\">\n\t\t\t\t<div class=\"elementor-widget-container\">\n\t\t\t\t\t\t\t\t\t\t\t\t<figure class=\"wp-caption\">\n\t\t\t\t\t\t\t\t\t\t<img decoding=\"async\" width=\"788\" height=\"963\" src=\"https:\/\/www.deutsche-glasfaser.de\/blog\/wp-content\/uploads\/2022\/05\/wurstehimmel_Blog1.jpg\" class=\"attachment-large size-large wp-image-9820\" alt=\"in einem Raum h\u00e4ngen W\u00fcrste von der Decke. Vor dem Fenster steht ein Stuhl.\" srcset=\"https:\/\/www.deutsche-glasfaser.de\/blog\/wp-content\/uploads\/2022\/05\/wurstehimmel_Blog1.jpg 788w, https:\/\/www.deutsche-glasfaser.de\/blog\/wp-content\/uploads\/2022\/05\/wurstehimmel_Blog1-245x300.jpg 245w, https:\/\/www.deutsche-glasfaser.de\/blog\/wp-content\/uploads\/2022\/05\/wurstehimmel_Blog1-768x939.jpg 768w\" sizes=\"(max-width: 788px) 100vw, 788px\" \/>\t\t\t\t\t\t\t\t\t\t\t<figcaption class=\"widget-image-caption wp-caption-text\">Der Wurstehimmel soll k\u00fcnftig mit digitaler Technik gesteuert werden. \u00a9 Landfleischerei Koch<\/figcaption>\n\t\t\t\t\t\t\t\t\t\t<\/figure>\n\t\t\t\t\t\t\t\t\t<\/div>\n\t\t\t\t<\/div>\n\t\t\t\t\t<\/div>\n\t\t<\/div>\n\t\t\t\t<div class=\"elementor-column elementor-col-50 elementor-inner-column elementor-element elementor-element-0ec84e3\" data-id=\"0ec84e3\" data-element_type=\"column\" data-e-type=\"column\">\n\t\t\t<div class=\"elementor-widget-wrap elementor-element-populated\">\n\t\t\t\t\t\t<div class=\"elementor-element elementor-element-ca4b598 elementor-widget elementor-widget-text-editor\" data-id=\"ca4b598\" data-element_type=\"widget\" data-e-type=\"widget\" data-widget_type=\"text-editor.default\">\n\t\t\t\t<div class=\"elementor-widget-container\">\n\t\t\t\t\t\t\t\t\t<p><span style=\"font-weight: 400;\">Nach der handwerklichen Herstellung aus schlachtwarmem Schweinefleisch wandert die \u201eAhle Wurst\u201d bei den Kochs in den ziemlich irdischen \u201eWurstehimmel\u201c. Die Lehmw\u00e4nde der vor fast 150 Jahren gebauten Kammer sorgen f\u00fcr ein optimales Klima; W\u00fcrste und Schinken reifen darin zu Delikatessen heran. Doch auch hier macht die moderne Technik nicht halt. \u201eGemeinsam mit der Universit\u00e4t Kassel werden wir unseren Wurstehimmel digitalisieren\u201c, erkl\u00e4rt Katharina Koch. \u201eZun\u00e4chst geht es darum, einen automatischen \u00dcberblick \u00fcber die Reifeprozesse zu haben, also per Computer zu erfassen, wie viele W\u00fcrste von welcher Sorte dort wie lange h\u00e4ngen und noch h\u00e4ngen m\u00fcssen. Das machen wir bisher noch per Hand.\u201c Angesichts der langen Zeit zwischen Produktion und Verkauf ist ein \u00dcberblick \u00fcber die Best\u00e4nde sehr wichtig: \u201eUnsere kleinste und d\u00fcnnste Wurst hat eine Reifedauer von mindestens sechs Wochen, bei den anderen Sorten kann das bis zu einem Jahr dauern. Da ist es wichtig, rechtzeitig daran zu denken, Nachschub herzustellen.\u201c Ein weiterer Aspekt ist das Raumklima. \u201eWir haben nat\u00fcrlich ein Thermometer und ein Hygrometer an der Wand und wissen aus Erfahrung, bei welchen Werten wir mal ein Fenster aufmachen oder die Luft ein bisschen be- oder entfeuchten sollten. Aber da kann digitale Technik uns auch weiterhelfen. Ich bin gespannt, was sich die Leute von der Uni da Schlaues f\u00fcr uns ausdenken.\u201c <\/span><\/p>\t\t\t\t\t\t\t\t<\/div>\n\t\t\t\t<\/div>\n\t\t\t\t\t<\/div>\n\t\t<\/div>\n\t\t\t\t\t<\/div>\n\t\t<\/section>\n\t\t\t\t<div class=\"elementor-element elementor-element-e026d3d elementor-widget elementor-widget-spacer\" data-id=\"e026d3d\" data-element_type=\"widget\" data-e-type=\"widget\" data-widget_type=\"spacer.default\">\n\t\t\t\t<div class=\"elementor-widget-container\">\n\t\t\t\t\t\t\t<div class=\"elementor-spacer\">\n\t\t\t<div class=\"elementor-spacer-inner\"><\/div>\n\t\t<\/div>\n\t\t\t\t\t\t<\/div>\n\t\t\t\t<\/div>\n\t\t\t\t<div class=\"elementor-element elementor-element-e496cba elementor-widget elementor-widget-image\" data-id=\"e496cba\" data-element_type=\"widget\" data-e-type=\"widget\" data-widget_type=\"image.default\">\n\t\t\t\t<div class=\"elementor-widget-container\">\n\t\t\t\t\t\t\t\t\t\t\t\t\t\t\t<img decoding=\"async\" width=\"788\" height=\"546\" src=\"https:\/\/www.deutsche-glasfaser.de\/blog\/wp-content\/uploads\/2022\/05\/wurstehimmel_Blog_2.jpg\" class=\"attachment-large size-large wp-image-9819\" alt=\"Eine Frau steht in einem Schweinestall.\" srcset=\"https:\/\/www.deutsche-glasfaser.de\/blog\/wp-content\/uploads\/2022\/05\/wurstehimmel_Blog_2.jpg 788w, https:\/\/www.deutsche-glasfaser.de\/blog\/wp-content\/uploads\/2022\/05\/wurstehimmel_Blog_2-300x208.jpg 300w, https:\/\/www.deutsche-glasfaser.de\/blog\/wp-content\/uploads\/2022\/05\/wurstehimmel_Blog_2-768x532.jpg 768w\" sizes=\"(max-width: 788px) 100vw, 788px\" \/>\t\t\t\t\t\t\t\t\t\t\t\t\t\t\t<\/div>\n\t\t\t\t<\/div>\n\t\t\t\t<div class=\"elementor-element elementor-element-57f3d74 elementor-widget elementor-widget-spacer\" data-id=\"57f3d74\" data-element_type=\"widget\" data-e-type=\"widget\" data-widget_type=\"spacer.default\">\n\t\t\t\t<div class=\"elementor-widget-container\">\n\t\t\t\t\t\t\t<div class=\"elementor-spacer\">\n\t\t\t<div class=\"elementor-spacer-inner\"><\/div>\n\t\t<\/div>\n\t\t\t\t\t\t<\/div>\n\t\t\t\t<\/div>\n\t\t\t\t<div class=\"elementor-element elementor-element-43fd4d8 elementor-widget elementor-widget-heading\" data-id=\"43fd4d8\" data-element_type=\"widget\" data-e-type=\"widget\" data-widget_type=\"heading.default\">\n\t\t\t\t<div class=\"elementor-widget-container\">\n\t\t\t\t\t<h2 class=\"elementor-heading-title elementor-size-xl\">\u201eBleiben ein traditioneller Betrieb\u201d<\/h2>\t\t\t\t<\/div>\n\t\t\t\t<\/div>\n\t\t\t\t<div class=\"elementor-element elementor-element-e0bb6c9 elementor-widget elementor-widget-spacer\" data-id=\"e0bb6c9\" data-element_type=\"widget\" data-e-type=\"widget\" data-widget_type=\"spacer.default\">\n\t\t\t\t<div class=\"elementor-widget-container\">\n\t\t\t\t\t\t\t<div class=\"elementor-spacer\">\n\t\t\t<div class=\"elementor-spacer-inner\"><\/div>\n\t\t<\/div>\n\t\t\t\t\t\t<\/div>\n\t\t\t\t<\/div>\n\t\t\t\t<div class=\"elementor-element elementor-element-a3ca098 elementor-widget elementor-widget-text-editor\" data-id=\"a3ca098\" data-element_type=\"widget\" data-e-type=\"widget\" data-widget_type=\"text-editor.default\">\n\t\t\t\t<div class=\"elementor-widget-container\">\n\t\t\t\t\t\t\t\t\t<p><span style=\"font-weight: 400;\">Gab es fr\u00fcher nur drei traditionelle Sorten, so zogen und ziehen nach Katharina Kochs \u00dcbernahme auch neue Varianten der \u201cAhlen Wurst\u201d ins Sortiment der Landfleischerei ein: etwa eine toskanisch angehauchte und mit Fenchelsaat gew\u00fcrzte Sorte, eine scharfe, die an eine spanische Chorizo erinnert, und eine Wurst aus Wildschweinfleisch. Das Wild daf\u00fcr jagt die Chefin selbst. Und auch die im Betrieb geschlachteten und verarbeiteten Tiere kommen aus Calden und Umgebung. \u201eBei uns ist alles seit f\u00fcnf Generationen nachhaltig und regional\u201c, stellt Katharina Koch selbstbewusst fest, \u201ewas seit einigen Jahren bei immer mehr Verbraucherinnen und Verbrauchern im Trend liegt, machen wir schon seit weit \u00fcber hundert Jahren so.\u201c Daran wird auch die digitale Technik am Ende nicht r\u00fctteln. Katharina Koch ist sich sicher, dass das Wissen und K\u00f6nnen der Fleischerinnen und Fleischer am Ende nicht zu ersetzen ist: \u201eWir f\u00fchlen und riechen unsere Produkte, sehen, wie sie sich entwickeln und wie wir sie behandeln m\u00fcssen. Die Technik kann f\u00fcr uns ein wichtiges Hilfsmittel sein. Aber wir wollen und werden ein traditioneller Betrieb bleiben, in dem wir mit unseren H\u00e4nden und unserem Wissen aus guten Rohstoffen hochwertige und schmackhafte Lebensmittel herstellen\u201c, stellt sie klar und f\u00fcgt hinzu: \u201eDas ist f\u00fcr mich die sch\u00f6nste Arbeit der Welt.\u201c\u00a0<\/span><\/p><p><br \/><span style=\"font-weight: 400;\">Mehr \u00fcber die <\/span><strong><a href=\"https:\/\/www.landfleischerei-koch.de\/\">Landfleischerei Koch<\/a><\/strong> <\/p>\t\t\t\t\t\t\t\t<\/div>\n\t\t\t\t<\/div>\n\t\t\t\t\t<\/div>\n\t\t<\/div>\n\t\t\t\t\t<\/div>\n\t\t<\/section>\n\t\t\t\t<\/div>\n\t\t","protected":false},"excerpt":{"rendered":"<p>Katharina Koch kehrte aus New York in ihre alte Heimat Nordhessen zur\u00fcck, um die Landfleischerei ihrer Familie in Calden zu \u00fcbernehmen. Sie sch\u00e4tzt das traditionelle Handwerk \u2013 und sie setzt auf Digitalisierung und den Online-Vertrieb.<\/p>\n","protected":false},"author":5,"featured_media":9817,"comment_status":"open","ping_status":"open","sticky":false,"template":"","format":"standard","meta":{"footnotes":""},"categories":[69],"tags":[],"class_list":["post-9816","post","type-post","status-publish","format-standard","has-post-thumbnail","hentry","category-arbeit"],"yoast_head":"<!-- This site is optimized with the Yoast SEO plugin v27.5 - https:\/\/yoast.com\/product\/yoast-seo-wordpress\/ -->\n<title>Wurstehimmel 2.0: Digitalisierung im Metzgerhandwerk - Digitales B\u00fcrgernetz<\/title>\n<meta name=\"description\" content=\"Wurstehimmel 2.0: Katharina Koch hat die Landmetzgerei der Familie \u00fcbernommen \u2013 und setzt auf Digitalisierung und Online-Vertrieb.\" \/>\n<meta name=\"robots\" content=\"index, follow, max-snippet:-1, max-image-preview:large, max-video-preview:-1\" \/>\n<link rel=\"canonical\" href=\"https:\/\/www.deutsche-glasfaser.de\/blog\/wurstehimmel-2-0-digitalisierung-im-metzgerhandwerk\/\" \/>\n<meta property=\"og:locale\" content=\"de_DE\" \/>\n<meta property=\"og:type\" content=\"article\" \/>\n<meta property=\"og:title\" content=\"Wurstehimmel 2.0: Digitalisierung im Metzgerhandwerk - Digitales B\u00fcrgernetz\" \/>\n<meta property=\"og:description\" content=\"Wurstehimmel 2.0: Katharina Koch hat die Landmetzgerei der Familie \u00fcbernommen \u2013 und setzt auf Digitalisierung und Online-Vertrieb.\" \/>\n<meta property=\"og:url\" content=\"https:\/\/www.deutsche-glasfaser.de\/blog\/wurstehimmel-2-0-digitalisierung-im-metzgerhandwerk\/\" \/>\n<meta property=\"og:site_name\" content=\"Digitales B\u00fcrgernetz\" \/>\n<meta property=\"article:published_time\" content=\"2022-05-03T09:02:47+00:00\" \/>\n<meta property=\"article:modified_time\" content=\"2022-05-03T10:17:20+00:00\" \/>\n<meta property=\"og:image\" content=\"https:\/\/www.deutsche-glasfaser.de\/blog\/wp-content\/uploads\/2022\/05\/wurstehimmel_header.jpg\" \/>\n\t<meta property=\"og:image:width\" content=\"1500\" \/>\n\t<meta property=\"og:image:height\" content=\"705\" \/>\n\t<meta property=\"og:image:type\" content=\"image\/jpeg\" \/>\n<meta name=\"author\" content=\"Deutsche Glasfaser\" \/>\n<meta name=\"twitter:card\" content=\"summary_large_image\" \/>\n<meta name=\"twitter:label1\" content=\"Verfasst von\" \/>\n\t<meta name=\"twitter:data1\" content=\"Deutsche Glasfaser\" \/>\n\t<meta name=\"twitter:label2\" content=\"Gesch\u00e4tzte Lesezeit\" \/>\n\t<meta name=\"twitter:data2\" content=\"7\u00a0Minuten\" \/>\n<script type=\"application\/ld+json\" class=\"yoast-schema-graph\">{\"@context\":\"https:\\\/\\\/schema.org\",\"@graph\":[{\"@type\":\"Article\",\"@id\":\"https:\\\/\\\/www.deutsche-glasfaser.de\\\/blog\\\/wurstehimmel-2-0-digitalisierung-im-metzgerhandwerk\\\/#article\",\"isPartOf\":{\"@id\":\"https:\\\/\\\/www.deutsche-glasfaser.de\\\/blog\\\/wurstehimmel-2-0-digitalisierung-im-metzgerhandwerk\\\/\"},\"author\":{\"name\":\"Deutsche Glasfaser\",\"@id\":\"https:\\\/\\\/www.deutsche-glasfaser.de\\\/blog\\\/#\\\/schema\\\/person\\\/9380a6dc7443d77143d0c66c409f574b\"},\"headline\":\"Traditionelles Handwerk trifft moderne Technik: Die \u201eAhle Wurst\u201d wird digital\",\"datePublished\":\"2022-05-03T09:02:47+00:00\",\"dateModified\":\"2022-05-03T10:17:20+00:00\",\"mainEntityOfPage\":{\"@id\":\"https:\\\/\\\/www.deutsche-glasfaser.de\\\/blog\\\/wurstehimmel-2-0-digitalisierung-im-metzgerhandwerk\\\/\"},\"wordCount\":1027,\"commentCount\":0,\"publisher\":{\"@id\":\"https:\\\/\\\/www.deutsche-glasfaser.de\\\/blog\\\/#organization\"},\"image\":{\"@id\":\"https:\\\/\\\/www.deutsche-glasfaser.de\\\/blog\\\/wurstehimmel-2-0-digitalisierung-im-metzgerhandwerk\\\/#primaryimage\"},\"thumbnailUrl\":\"https:\\\/\\\/www.deutsche-glasfaser.de\\\/blog\\\/wp-content\\\/uploads\\\/2022\\\/05\\\/wurstehimmel_header.jpg\",\"articleSection\":[\"#Arbeit\"],\"inLanguage\":\"de\",\"potentialAction\":[{\"@type\":\"CommentAction\",\"name\":\"Comment\",\"target\":[\"https:\\\/\\\/www.deutsche-glasfaser.de\\\/blog\\\/wurstehimmel-2-0-digitalisierung-im-metzgerhandwerk\\\/#respond\"]}]},{\"@type\":\"WebPage\",\"@id\":\"https:\\\/\\\/www.deutsche-glasfaser.de\\\/blog\\\/wurstehimmel-2-0-digitalisierung-im-metzgerhandwerk\\\/\",\"url\":\"https:\\\/\\\/www.deutsche-glasfaser.de\\\/blog\\\/wurstehimmel-2-0-digitalisierung-im-metzgerhandwerk\\\/\",\"name\":\"Wurstehimmel 2.0: Digitalisierung im Metzgerhandwerk - Digitales B\u00fcrgernetz\",\"isPartOf\":{\"@id\":\"https:\\\/\\\/www.deutsche-glasfaser.de\\\/blog\\\/#website\"},\"primaryImageOfPage\":{\"@id\":\"https:\\\/\\\/www.deutsche-glasfaser.de\\\/blog\\\/wurstehimmel-2-0-digitalisierung-im-metzgerhandwerk\\\/#primaryimage\"},\"image\":{\"@id\":\"https:\\\/\\\/www.deutsche-glasfaser.de\\\/blog\\\/wurstehimmel-2-0-digitalisierung-im-metzgerhandwerk\\\/#primaryimage\"},\"thumbnailUrl\":\"https:\\\/\\\/www.deutsche-glasfaser.de\\\/blog\\\/wp-content\\\/uploads\\\/2022\\\/05\\\/wurstehimmel_header.jpg\",\"datePublished\":\"2022-05-03T09:02:47+00:00\",\"dateModified\":\"2022-05-03T10:17:20+00:00\",\"description\":\"Wurstehimmel 2.0: Katharina Koch hat die Landmetzgerei der Familie \u00fcbernommen \u2013 und setzt auf Digitalisierung und Online-Vertrieb.\",\"inLanguage\":\"de\",\"potentialAction\":[{\"@type\":\"ReadAction\",\"target\":[\"https:\\\/\\\/www.deutsche-glasfaser.de\\\/blog\\\/wurstehimmel-2-0-digitalisierung-im-metzgerhandwerk\\\/\"]}]},{\"@type\":\"ImageObject\",\"inLanguage\":\"de\",\"@id\":\"https:\\\/\\\/www.deutsche-glasfaser.de\\\/blog\\\/wurstehimmel-2-0-digitalisierung-im-metzgerhandwerk\\\/#primaryimage\",\"url\":\"https:\\\/\\\/www.deutsche-glasfaser.de\\\/blog\\\/wp-content\\\/uploads\\\/2022\\\/05\\\/wurstehimmel_header.jpg\",\"contentUrl\":\"https:\\\/\\\/www.deutsche-glasfaser.de\\\/blog\\\/wp-content\\\/uploads\\\/2022\\\/05\\\/wurstehimmel_header.jpg\",\"width\":1500,\"height\":705,\"caption\":\"Katharina Koch in ihrem Wurstehimmel \u2013 hier reift die \u201eAhle Wurst\u201c. \u00a9 Landmetzgerei Koch\"},{\"@type\":\"WebSite\",\"@id\":\"https:\\\/\\\/www.deutsche-glasfaser.de\\\/blog\\\/#website\",\"url\":\"https:\\\/\\\/www.deutsche-glasfaser.de\\\/blog\\\/\",\"name\":\"Digitales B\u00fcrgernetz\",\"description\":\"Deutsche Glasfaser Blog\",\"publisher\":{\"@id\":\"https:\\\/\\\/www.deutsche-glasfaser.de\\\/blog\\\/#organization\"},\"potentialAction\":[{\"@type\":\"SearchAction\",\"target\":{\"@type\":\"EntryPoint\",\"urlTemplate\":\"https:\\\/\\\/www.deutsche-glasfaser.de\\\/blog\\\/?s={search_term_string}\"},\"query-input\":{\"@type\":\"PropertyValueSpecification\",\"valueRequired\":true,\"valueName\":\"search_term_string\"}}],\"inLanguage\":\"de\"},{\"@type\":\"Organization\",\"@id\":\"https:\\\/\\\/www.deutsche-glasfaser.de\\\/blog\\\/#organization\",\"name\":\"Digitales B\u00fcrgernetz\",\"url\":\"https:\\\/\\\/www.deutsche-glasfaser.de\\\/blog\\\/\",\"logo\":{\"@type\":\"ImageObject\",\"inLanguage\":\"de\",\"@id\":\"https:\\\/\\\/www.deutsche-glasfaser.de\\\/blog\\\/#\\\/schema\\\/logo\\\/image\\\/\",\"url\":\"https:\\\/\\\/www.deutsche-glasfaser.de\\\/blog\\\/wp-content\\\/uploads\\\/2021\\\/08\\\/DGF_Logo_Basis_RGB-Large@2x.png\",\"contentUrl\":\"https:\\\/\\\/www.deutsche-glasfaser.de\\\/blog\\\/wp-content\\\/uploads\\\/2021\\\/08\\\/DGF_Logo_Basis_RGB-Large@2x.png\",\"width\":312,\"height\":104,\"caption\":\"Digitales B\u00fcrgernetz\"},\"image\":{\"@id\":\"https:\\\/\\\/www.deutsche-glasfaser.de\\\/blog\\\/#\\\/schema\\\/logo\\\/image\\\/\"}},{\"@type\":\"Person\",\"@id\":\"https:\\\/\\\/www.deutsche-glasfaser.de\\\/blog\\\/#\\\/schema\\\/person\\\/9380a6dc7443d77143d0c66c409f574b\",\"name\":\"Deutsche Glasfaser\"}]}<\/script>\n<!-- \/ Yoast SEO plugin. -->","yoast_head_json":{"title":"Wurstehimmel 2.0: Digitalisierung im Metzgerhandwerk - Digitales B\u00fcrgernetz","description":"Wurstehimmel 2.0: Katharina Koch hat die Landmetzgerei der Familie \u00fcbernommen \u2013 und setzt auf Digitalisierung und Online-Vertrieb.","robots":{"index":"index","follow":"follow","max-snippet":"max-snippet:-1","max-image-preview":"max-image-preview:large","max-video-preview":"max-video-preview:-1"},"canonical":"https:\/\/www.deutsche-glasfaser.de\/blog\/wurstehimmel-2-0-digitalisierung-im-metzgerhandwerk\/","og_locale":"de_DE","og_type":"article","og_title":"Wurstehimmel 2.0: Digitalisierung im Metzgerhandwerk - Digitales B\u00fcrgernetz","og_description":"Wurstehimmel 2.0: Katharina Koch hat die Landmetzgerei der Familie \u00fcbernommen \u2013 und setzt auf Digitalisierung und Online-Vertrieb.","og_url":"https:\/\/www.deutsche-glasfaser.de\/blog\/wurstehimmel-2-0-digitalisierung-im-metzgerhandwerk\/","og_site_name":"Digitales B\u00fcrgernetz","article_published_time":"2022-05-03T09:02:47+00:00","article_modified_time":"2022-05-03T10:17:20+00:00","og_image":[{"width":1500,"height":705,"url":"https:\/\/www.deutsche-glasfaser.de\/blog\/wp-content\/uploads\/2022\/05\/wurstehimmel_header.jpg","type":"image\/jpeg"}],"author":"Deutsche Glasfaser","twitter_card":"summary_large_image","twitter_misc":{"Verfasst von":"Deutsche Glasfaser","Gesch\u00e4tzte Lesezeit":"7\u00a0Minuten"},"schema":{"@context":"https:\/\/schema.org","@graph":[{"@type":"Article","@id":"https:\/\/www.deutsche-glasfaser.de\/blog\/wurstehimmel-2-0-digitalisierung-im-metzgerhandwerk\/#article","isPartOf":{"@id":"https:\/\/www.deutsche-glasfaser.de\/blog\/wurstehimmel-2-0-digitalisierung-im-metzgerhandwerk\/"},"author":{"name":"Deutsche Glasfaser","@id":"https:\/\/www.deutsche-glasfaser.de\/blog\/#\/schema\/person\/9380a6dc7443d77143d0c66c409f574b"},"headline":"Traditionelles Handwerk trifft moderne Technik: Die \u201eAhle Wurst\u201d wird digital","datePublished":"2022-05-03T09:02:47+00:00","dateModified":"2022-05-03T10:17:20+00:00","mainEntityOfPage":{"@id":"https:\/\/www.deutsche-glasfaser.de\/blog\/wurstehimmel-2-0-digitalisierung-im-metzgerhandwerk\/"},"wordCount":1027,"commentCount":0,"publisher":{"@id":"https:\/\/www.deutsche-glasfaser.de\/blog\/#organization"},"image":{"@id":"https:\/\/www.deutsche-glasfaser.de\/blog\/wurstehimmel-2-0-digitalisierung-im-metzgerhandwerk\/#primaryimage"},"thumbnailUrl":"https:\/\/www.deutsche-glasfaser.de\/blog\/wp-content\/uploads\/2022\/05\/wurstehimmel_header.jpg","articleSection":["#Arbeit"],"inLanguage":"de","potentialAction":[{"@type":"CommentAction","name":"Comment","target":["https:\/\/www.deutsche-glasfaser.de\/blog\/wurstehimmel-2-0-digitalisierung-im-metzgerhandwerk\/#respond"]}]},{"@type":"WebPage","@id":"https:\/\/www.deutsche-glasfaser.de\/blog\/wurstehimmel-2-0-digitalisierung-im-metzgerhandwerk\/","url":"https:\/\/www.deutsche-glasfaser.de\/blog\/wurstehimmel-2-0-digitalisierung-im-metzgerhandwerk\/","name":"Wurstehimmel 2.0: Digitalisierung im Metzgerhandwerk - Digitales B\u00fcrgernetz","isPartOf":{"@id":"https:\/\/www.deutsche-glasfaser.de\/blog\/#website"},"primaryImageOfPage":{"@id":"https:\/\/www.deutsche-glasfaser.de\/blog\/wurstehimmel-2-0-digitalisierung-im-metzgerhandwerk\/#primaryimage"},"image":{"@id":"https:\/\/www.deutsche-glasfaser.de\/blog\/wurstehimmel-2-0-digitalisierung-im-metzgerhandwerk\/#primaryimage"},"thumbnailUrl":"https:\/\/www.deutsche-glasfaser.de\/blog\/wp-content\/uploads\/2022\/05\/wurstehimmel_header.jpg","datePublished":"2022-05-03T09:02:47+00:00","dateModified":"2022-05-03T10:17:20+00:00","description":"Wurstehimmel 2.0: Katharina Koch hat die Landmetzgerei der Familie \u00fcbernommen \u2013 und setzt auf Digitalisierung und Online-Vertrieb.","inLanguage":"de","potentialAction":[{"@type":"ReadAction","target":["https:\/\/www.deutsche-glasfaser.de\/blog\/wurstehimmel-2-0-digitalisierung-im-metzgerhandwerk\/"]}]},{"@type":"ImageObject","inLanguage":"de","@id":"https:\/\/www.deutsche-glasfaser.de\/blog\/wurstehimmel-2-0-digitalisierung-im-metzgerhandwerk\/#primaryimage","url":"https:\/\/www.deutsche-glasfaser.de\/blog\/wp-content\/uploads\/2022\/05\/wurstehimmel_header.jpg","contentUrl":"https:\/\/www.deutsche-glasfaser.de\/blog\/wp-content\/uploads\/2022\/05\/wurstehimmel_header.jpg","width":1500,"height":705,"caption":"Katharina Koch in ihrem Wurstehimmel \u2013 hier reift die \u201eAhle Wurst\u201c. \u00a9 Landmetzgerei Koch"},{"@type":"WebSite","@id":"https:\/\/www.deutsche-glasfaser.de\/blog\/#website","url":"https:\/\/www.deutsche-glasfaser.de\/blog\/","name":"Digitales B\u00fcrgernetz","description":"Deutsche Glasfaser Blog","publisher":{"@id":"https:\/\/www.deutsche-glasfaser.de\/blog\/#organization"},"potentialAction":[{"@type":"SearchAction","target":{"@type":"EntryPoint","urlTemplate":"https:\/\/www.deutsche-glasfaser.de\/blog\/?s={search_term_string}"},"query-input":{"@type":"PropertyValueSpecification","valueRequired":true,"valueName":"search_term_string"}}],"inLanguage":"de"},{"@type":"Organization","@id":"https:\/\/www.deutsche-glasfaser.de\/blog\/#organization","name":"Digitales B\u00fcrgernetz","url":"https:\/\/www.deutsche-glasfaser.de\/blog\/","logo":{"@type":"ImageObject","inLanguage":"de","@id":"https:\/\/www.deutsche-glasfaser.de\/blog\/#\/schema\/logo\/image\/","url":"https:\/\/www.deutsche-glasfaser.de\/blog\/wp-content\/uploads\/2021\/08\/DGF_Logo_Basis_RGB-Large@2x.png","contentUrl":"https:\/\/www.deutsche-glasfaser.de\/blog\/wp-content\/uploads\/2021\/08\/DGF_Logo_Basis_RGB-Large@2x.png","width":312,"height":104,"caption":"Digitales B\u00fcrgernetz"},"image":{"@id":"https:\/\/www.deutsche-glasfaser.de\/blog\/#\/schema\/logo\/image\/"}},{"@type":"Person","@id":"https:\/\/www.deutsche-glasfaser.de\/blog\/#\/schema\/person\/9380a6dc7443d77143d0c66c409f574b","name":"Deutsche Glasfaser"}]}},"_links":{"self":[{"href":"https:\/\/www.deutsche-glasfaser.de\/blog\/wp-json\/wp\/v2\/posts\/9816","targetHints":{"allow":["GET"]}}],"collection":[{"href":"https:\/\/www.deutsche-glasfaser.de\/blog\/wp-json\/wp\/v2\/posts"}],"about":[{"href":"https:\/\/www.deutsche-glasfaser.de\/blog\/wp-json\/wp\/v2\/types\/post"}],"author":[{"embeddable":true,"href":"https:\/\/www.deutsche-glasfaser.de\/blog\/wp-json\/wp\/v2\/users\/5"}],"replies":[{"embeddable":true,"href":"https:\/\/www.deutsche-glasfaser.de\/blog\/wp-json\/wp\/v2\/comments?post=9816"}],"version-history":[{"count":7,"href":"https:\/\/www.deutsche-glasfaser.de\/blog\/wp-json\/wp\/v2\/posts\/9816\/revisions"}],"predecessor-version":[{"id":9827,"href":"https:\/\/www.deutsche-glasfaser.de\/blog\/wp-json\/wp\/v2\/posts\/9816\/revisions\/9827"}],"wp:featuredmedia":[{"embeddable":true,"href":"https:\/\/www.deutsche-glasfaser.de\/blog\/wp-json\/wp\/v2\/media\/9817"}],"wp:attachment":[{"href":"https:\/\/www.deutsche-glasfaser.de\/blog\/wp-json\/wp\/v2\/media?parent=9816"}],"wp:term":[{"taxonomy":"category","embeddable":true,"href":"https:\/\/www.deutsche-glasfaser.de\/blog\/wp-json\/wp\/v2\/categories?post=9816"},{"taxonomy":"post_tag","embeddable":true,"href":"https:\/\/www.deutsche-glasfaser.de\/blog\/wp-json\/wp\/v2\/tags?post=9816"}],"curies":[{"name":"wp","href":"https:\/\/api.w.org\/{rel}","templated":true}]}}