{"id":9780,"date":"2022-04-21T06:28:53","date_gmt":"2022-04-21T06:28:53","guid":{"rendered":"https:\/\/www.deutsche-glasfaser.de\/blog\/?p=9780"},"modified":"2022-05-05T10:40:02","modified_gmt":"2022-05-05T10:40:02","slug":"buergermeister-john-ehret-in-neubaugebieten-fragt-man-heute-nach-der-bandbreite","status":"publish","type":"post","link":"https:\/\/www.deutsche-glasfaser.de\/blog\/buergermeister-john-ehret-in-neubaugebieten-fragt-man-heute-nach-der-bandbreite\/","title":{"rendered":"B\u00fcrgermeister John Ehret: \u201eIn Neubaugebieten fragt man heute nach der Bandbreite\u201c"},"content":{"rendered":"\t\t<div data-elementor-type=\"wp-post\" data-elementor-id=\"9780\" class=\"elementor elementor-9780\">\n\t\t\t\t\t\t<section class=\"elementor-section elementor-top-section elementor-element elementor-element-9c56618 elementor-section-boxed elementor-section-height-default elementor-section-height-default\" data-id=\"9c56618\" data-element_type=\"section\" data-e-type=\"section\">\n\t\t\t\t\t\t<div class=\"elementor-container elementor-column-gap-default\">\n\t\t\t\t\t<div class=\"elementor-column elementor-col-100 elementor-top-column elementor-element elementor-element-2b3277c\" data-id=\"2b3277c\" data-element_type=\"column\" data-e-type=\"column\">\n\t\t\t<div class=\"elementor-widget-wrap elementor-element-populated\">\n\t\t\t\t\t\t<div class=\"elementor-element elementor-element-46b50de elementor-widget elementor-widget-text-editor\" data-id=\"46b50de\" data-element_type=\"widget\" data-e-type=\"widget\" data-widget_type=\"text-editor.default\">\n\t\t\t\t<div class=\"elementor-widget-container\">\n\t\t\t\t\t\t\t\t\t<p><span style=\"font-weight: 400;\">Luftaufnahme der Gemeinde Mauer im Kraichgau. Die Universit\u00e4tsstadt Heidelberg ist nicht weit entfernt. Mauer hat ca. 4.100 Einwohnerinnen und Einwohner. \u00a9 Gemeinde Mauer<\/span><\/p>\t\t\t\t\t\t\t\t<\/div>\n\t\t\t\t<\/div>\n\t\t\t\t<div class=\"elementor-element elementor-element-078b8c6 elementor-widget elementor-widget-text-editor\" data-id=\"078b8c6\" data-element_type=\"widget\" data-e-type=\"widget\" data-widget_type=\"text-editor.default\">\n\t\t\t\t<div class=\"elementor-widget-container\">\n\t\t\t\t\t\t\t\t\t<p><b>Herr Ehret, Sie sind seit rund zehn Jahren B\u00fcrgermeister von Mauer. Was ist ihr wichtigstes Projekt im Bereich Digitalisierung?\u00a0<\/b><\/p><p><span style=\"font-weight: 400;\">Wir besch\u00e4ftigen uns in Mauer seit Jahren mit dem Ausbau der digitalen Infrastruktur; fl\u00e4chendeckend Glasfaser anzubieten, ist das Ziel. Ich bin \u00fcberzeugt, dass wir hier FTTH brauchen, um als Wohnort attraktiv zu bleiben. Bei uns wohnen zum Beispiel Mitarbeiterinnen und Mitarbeiter des Softwarekonzerns SAP, der hier in der N\u00e4he seine Zentrale hat. Die sagen: \u201a1 Mbit? Das geht nicht.\u2018 \u00dcber Jahre haben wir bereits mit Anbietern verhandelt, oft dar\u00fcber, in welcher H\u00f6he sich die Gemeinde an den Kosten beteiligt. Ein guter Schachzug war wohl, dass wir auf Kreisebene mittlerweile einen <\/span><a href=\"https:\/\/fibernet-rn.de\/de\/Ueber_Uns\/Gemeinden.php\"><span style=\"font-weight: 400;\">Zweckverband mit allen 54 Gemeinden<\/span><\/a><span style=\"font-weight: 400;\"> gegr\u00fcndet haben, um zumindest die wichtigen Knotenpunkte selbst auszubauen. Danach wurden wir von Angeboten fast \u00fcberrannt und haben jetzt einen <\/span><span style=\"font-weight: 400;\">Kooperationsvertrag<\/span> <span style=\"font-weight: 400;\">zum eigenwirtschaftlichen Ausbau der inner\u00f6rtlichen Glasfaserstruktur <\/span><span style=\"font-weight: 400;\">mit \u201eDeutsche Glasfaser\u201c abgeschlossen.<\/span><\/p><p>\u00a0<\/p><p><b>Welche Angebote in Ihrer Gemeinde haben Sie in den letzten Jahren digitalisiert?<\/b><\/p><p><span style=\"font-weight: 400;\">Wir versenden einen digitalen Newsletter, weil wir erkannt haben, dass die jungen Leute die Amtsblatt-Mitteilungen so nicht nutzen. In der Schule haben wir au\u00dferdem eine WLAN-Struktur aufgebaut. Das sind die beiden wichtigsten Projekte.<\/span><\/p><p>\u00a0<\/p><p><b>Sie sagten, dass B\u00fcrgerinnen und B\u00fcrger auf Sie zugekommen sind, weil sie sich zuhause schnelles Internet w\u00fcnschen. Wie sieht das mit den Unternehmen aus?<\/b><\/p><p><span style=\"font-weight: 400;\">Das war die zweite Gruppe, die auf mich zugekommen ist. Es gibt nat\u00fcrlich nach wie vor Handwerksbetriebe, die das schnelle Internet in dem Umfang nicht brauchen. Das sieht aber zum Beispiel bei Konstruktionsfirmen anders aus, die mit CAD, also computerunterst\u00fctztem Design, arbeiten. Manche Betriebe haben f\u00fcrs Erste auch individuelle L\u00f6sungen gefunden, buchen etwa zwei Anschl\u00fcsse, um ihre ben\u00f6tigte Bandbreite zu erreichen \u2013 w\u00fcrden aber ganz klar von einem Glasfaseranschluss profitieren.<\/span><\/p>\t\t\t\t\t\t\t\t<\/div>\n\t\t\t\t<\/div>\n\t\t\t\t<div class=\"elementor-element elementor-element-98e3498 elementor-widget elementor-widget-blockquote\" data-id=\"98e3498\" data-element_type=\"widget\" data-e-type=\"widget\" data-widget_type=\"blockquote.default\">\n\t\t\t\t<div class=\"elementor-widget-container\">\n\t\t\t\t\t \t\t\t\t<\/div>\n\t\t\t\t<\/div>\n\t\t\t\t<div class=\"elementor-element elementor-element-1869706 elementor-widget elementor-widget-spacer\" data-id=\"1869706\" data-element_type=\"widget\" data-e-type=\"widget\" data-widget_type=\"spacer.default\">\n\t\t\t\t<div class=\"elementor-widget-container\">\n\t\t\t\t\t\t\t<div class=\"elementor-spacer\">\n\t\t\t<div class=\"elementor-spacer-inner\"><\/div>\n\t\t<\/div>\n\t\t\t\t\t\t<\/div>\n\t\t\t\t<\/div>\n\t\t\t\t<div class=\"elementor-element elementor-element-79c372b elementor-widget elementor-widget-text-editor\" data-id=\"79c372b\" data-element_type=\"widget\" data-e-type=\"widget\" data-widget_type=\"text-editor.default\">\n\t\t\t\t<div class=\"elementor-widget-container\">\n\t\t\t\t\t\t\t\t\t<p><b>Was hat sich durch die Pandemie bei Ihnen ge\u00e4ndert?<\/b><\/p><p><span style=\"font-weight: 400;\">Wie anderswo auch: Videotelefonate sind in der Verwaltung mittlerweile \u00fcblich geworden. Das ist sehr effizient, wenn man sich daran gew\u00f6hnt hat und die Funkdisziplin einh\u00e4lt. Dinge wie die Corona-Warnapp haben viele B\u00fcrgerinnen und B\u00fcrger positiv beeinflusst, ihnen die M\u00f6glichkeiten der Digitalisierung aufgezeigt. In der Verwaltung ist das hingegen nicht immer so einfach. Als kleine Gemeinde sind wir zum Beispiel an unsere Wartungsvertr\u00e4ge mit Rechenzentren gebunden, und eine Verwaltungsleistung wirklich digital abzuwickeln, kostet Schwei\u00df und Kraft. Die Politik hat mit dem Onlinezugangsgesetz aber einiges auf den Weg gebracht, auch wenn es in der Realit\u00e4t noch hakt.\u00a0<\/span><\/p><p>\u00a0<\/p><p><b>Ganz konkret: Was bedeutet digitale Verwaltung f\u00fcr Sie?<\/b><\/p><p><span style=\"font-weight: 400;\">Wir wollen dahin kommen, dass die Verarbeitungsprozesse komplett digital ablaufen. Nehmen wir das Beispiel Hundesteuer: Wenn sich jemand einen Hund anschafft, soll er nicht eine E-Mail schreiben, einen Steuerbescheid per Post bekommen und dann den SEPA-Bescheid ausf\u00fcllen. Sondern all das soll digital passieren: Die Eingabe erfolgt \u00fcber eine Maske, der Bescheid kommt digital, und das Bezahlen erfolgt auch digital. Die Verwaltung hat die Liste der Hundebesitzer dann nicht in einem Ordner abgeheftet, sondern hat diese Daten direkt im System. Der Mitarbeiter kann, wenn ein Hund mit Marke gefunden wird, dort recherchieren, wem der Hund geh\u00f6rt, und \u00fcber das System idealerweise auch direkt eine Nachricht versenden: Bitte holen Sie Ihren Hund ab. <\/span><\/p>\t\t\t\t\t\t\t\t<\/div>\n\t\t\t\t<\/div>\n\t\t\t\t<div class=\"elementor-element elementor-element-061fbc5 elementor-widget elementor-widget-spacer\" data-id=\"061fbc5\" data-element_type=\"widget\" data-e-type=\"widget\" data-widget_type=\"spacer.default\">\n\t\t\t\t<div class=\"elementor-widget-container\">\n\t\t\t\t\t\t\t<div class=\"elementor-spacer\">\n\t\t\t<div class=\"elementor-spacer-inner\"><\/div>\n\t\t<\/div>\n\t\t\t\t\t\t<\/div>\n\t\t\t\t<\/div>\n\t\t\t\t<section class=\"elementor-section elementor-inner-section elementor-element elementor-element-859a23b elementor-section-boxed elementor-section-height-default elementor-section-height-default\" data-id=\"859a23b\" data-element_type=\"section\" data-e-type=\"section\">\n\t\t\t\t\t\t<div class=\"elementor-container elementor-column-gap-default\">\n\t\t\t\t\t<div class=\"elementor-column elementor-col-50 elementor-inner-column elementor-element elementor-element-1805908\" data-id=\"1805908\" data-element_type=\"column\" data-e-type=\"column\">\n\t\t\t<div class=\"elementor-widget-wrap elementor-element-populated\">\n\t\t\t\t\t\t<div class=\"elementor-element elementor-element-ef69fe1 elementor-widget elementor-widget-image\" data-id=\"ef69fe1\" data-element_type=\"widget\" data-e-type=\"widget\" data-widget_type=\"image.default\">\n\t\t\t\t<div class=\"elementor-widget-container\">\n\t\t\t\t\t\t\t\t\t\t\t\t<figure class=\"wp-caption\">\n\t\t\t\t\t\t\t\t\t\t<img decoding=\"async\" src=\"https:\/\/www.deutsche-glasfaser.de\/blog\/wp-content\/uploads\/elementor\/thumbs\/Blog_Mauer-pnogjnog8pfrhtt5bck0k94fac94nypunl8bhhn2qo.jpg\" title=\"Portr\u00e4tfoto von John Ehret\" alt=\"Portr\u00e4tfoto von John Ehret\" loading=\"lazy\" \/>\t\t\t\t\t\t\t\t\t\t\t<figcaption class=\"widget-image-caption wp-caption-text\">John Ehret ist seit 2012 B\u00fcrgermeister der Gemeinde Mauer. \n\u00a9 Gemeinde Mauer\n<\/figcaption>\n\t\t\t\t\t\t\t\t\t\t<\/figure>\n\t\t\t\t\t\t\t\t\t<\/div>\n\t\t\t\t<\/div>\n\t\t\t\t\t<\/div>\n\t\t<\/div>\n\t\t\t\t<div class=\"elementor-column elementor-col-50 elementor-inner-column elementor-element elementor-element-7fab61c\" data-id=\"7fab61c\" data-element_type=\"column\" data-e-type=\"column\">\n\t\t\t<div class=\"elementor-widget-wrap elementor-element-populated\">\n\t\t\t\t\t\t<div class=\"elementor-element elementor-element-3bd4ddb elementor-widget elementor-widget-text-editor\" data-id=\"3bd4ddb\" data-element_type=\"widget\" data-e-type=\"widget\" data-widget_type=\"text-editor.default\">\n\t\t\t\t<div class=\"elementor-widget-container\">\n\t\t\t\t\t\t\t\t\t<p><b>Wer k\u00fcmmert sich bei Ihnen in der Gemeinde um die Digitalisierung?<\/b><\/p><p><span style=\"font-weight: 400;\">In kleinen Kommunen ist der B\u00fcrgermeister Ansprechpartner f\u00fcr viele Dinge, von der Wirtschaftsf\u00f6rderung bis hin zum B\u00fcrgerdialog. Die Menschen schreiben mir eine E-Mail und erwarten eine schnelle Antwort. Das ist bei der Digitalisierung nicht anders. Aufgaben im Rahmen des Onlinezugangsgesetzes, etwa das Onlinestellen von Formularen, sind hingegen eher eine Querschnittsaufgabe. Da befasst sich das Ordnungsamt genauso damit wie das Bauamt. Eine schriftlich fixierte Digitalisierungsstrategie in dem Sinne haben wir nicht, aber die wichtigen Schritte besprechen wir im Gemeinderat; allein schon deshalb, weil es h\u00e4ufig um Geld geht. <\/span><\/p>\t\t\t\t\t\t\t\t<\/div>\n\t\t\t\t<\/div>\n\t\t\t\t\t<\/div>\n\t\t<\/div>\n\t\t\t\t\t<\/div>\n\t\t<\/section>\n\t\t\t\t<div class=\"elementor-element elementor-element-82b6efa elementor-widget elementor-widget-spacer\" data-id=\"82b6efa\" data-element_type=\"widget\" data-e-type=\"widget\" data-widget_type=\"spacer.default\">\n\t\t\t\t<div class=\"elementor-widget-container\">\n\t\t\t\t\t\t\t<div class=\"elementor-spacer\">\n\t\t\t<div class=\"elementor-spacer-inner\"><\/div>\n\t\t<\/div>\n\t\t\t\t\t\t<\/div>\n\t\t\t\t<\/div>\n\t\t\t\t<div class=\"elementor-element elementor-element-1860c6e elementor-widget elementor-widget-text-editor\" data-id=\"1860c6e\" data-element_type=\"widget\" data-e-type=\"widget\" data-widget_type=\"text-editor.default\">\n\t\t\t\t<div class=\"elementor-widget-container\">\n\t\t\t\t\t\t\t\t\t<p><b>Sie sagten vorhin, dass die Digitalisierung der Schule ein wichtiges Projekt in Mauer ist. Was machen Sie da konkret?<\/b><\/p><p><span style=\"font-weight: 400;\">Derzeit geht es vor allem um den Medienentwicklungsplan und die Frage, mit welchen digitalen Medien wir die Schule noch besser ausstatten, Monitore mit Touchscreen, Klassens\u00e4tze an Tablets, Dokumentenkameras und anderes. Das ist sogar losgel\u00f6st von Homeschooling und den Entwicklungen in der Pandemie. Ziel ist, dass die Sch\u00fclerinnen und Sch\u00fcler dadurch eine gewisse Medienkompetenz aufbauen, besser mit den digitalen M\u00f6glichkeiten umgehen und Handynutzung nicht auf Social Media reduzieren. Das ist wichtig, denn in ihrem Berufsleben wird die heutige Sch\u00fclergeneration sehr viel mit Digitalisierung zu tun haben, egal, wo jemand arbeitet.<\/span><\/p>\t\t\t\t\t\t\t\t<\/div>\n\t\t\t\t<\/div>\n\t\t\t\t<div class=\"elementor-element elementor-element-a664493 elementor-widget elementor-widget-spacer\" data-id=\"a664493\" data-element_type=\"widget\" data-e-type=\"widget\" data-widget_type=\"spacer.default\">\n\t\t\t\t<div class=\"elementor-widget-container\">\n\t\t\t\t\t\t\t<div class=\"elementor-spacer\">\n\t\t\t<div class=\"elementor-spacer-inner\"><\/div>\n\t\t<\/div>\n\t\t\t\t\t\t<\/div>\n\t\t\t\t<\/div>\n\t\t\t\t<div class=\"elementor-element elementor-element-258e7fb elementor-position-top elementor-widget elementor-widget-image-box\" data-id=\"258e7fb\" data-element_type=\"widget\" data-e-type=\"widget\" data-widget_type=\"image-box.default\">\n\t\t\t\t<div class=\"elementor-widget-container\">\n\t\t\t\t\t<div class=\"elementor-image-box-wrapper\"><figure class=\"elementor-image-box-img\"><a href=\"https:\/\/www.instagram.com\/digitales_buergernetz\/\" tabindex=\"-1\"><img decoding=\"async\" width=\"150\" height=\"150\" src=\"https:\/\/www.deutsche-glasfaser.de\/blog\/wp-content\/uploads\/2021\/11\/instagram-logo_himmel-150x150.png\" class=\"attachment-thumbnail size-thumbnail wp-image-9197\" alt=\"\" srcset=\"https:\/\/www.deutsche-glasfaser.de\/blog\/wp-content\/uploads\/2021\/11\/instagram-logo_himmel-150x150.png 150w, https:\/\/www.deutsche-glasfaser.de\/blog\/wp-content\/uploads\/2021\/11\/instagram-logo_himmel-300x300.png 300w, https:\/\/www.deutsche-glasfaser.de\/blog\/wp-content\/uploads\/2021\/11\/instagram-logo_himmel.png 600w\" sizes=\"(max-width: 150px) 100vw, 150px\" \/><\/a><\/figure><div class=\"elementor-image-box-content\"><h3 class=\"elementor-image-box-title\"><a href=\"https:\/\/www.instagram.com\/digitales_buergernetz\/\">Neues aus dem Digitalen B\u00fcrgernetz<\/a><\/h3><\/div><\/div>\t\t\t\t<\/div>\n\t\t\t\t<\/div>\n\t\t\t\t<div class=\"elementor-element elementor-element-55ce5eb elementor-widget elementor-widget-spacer\" data-id=\"55ce5eb\" data-element_type=\"widget\" data-e-type=\"widget\" data-widget_type=\"spacer.default\">\n\t\t\t\t<div class=\"elementor-widget-container\">\n\t\t\t\t\t\t\t<div class=\"elementor-spacer\">\n\t\t\t<div class=\"elementor-spacer-inner\"><\/div>\n\t\t<\/div>\n\t\t\t\t\t\t<\/div>\n\t\t\t\t<\/div>\n\t\t\t\t<div class=\"elementor-element elementor-element-33f19c0 elementor-widget elementor-widget-text-editor\" data-id=\"33f19c0\" data-element_type=\"widget\" data-e-type=\"widget\" data-widget_type=\"text-editor.default\">\n\t\t\t\t<div class=\"elementor-widget-container\">\n\t\t\t\t\t\t\t\t\t<p><b>Inwieweit nutzen Sie digitale Kan\u00e4le zur Kommunikation mit den B\u00fcrgerinnen und B\u00fcrgern?\u00a0<\/b><\/p><p><span style=\"font-weight: 400;\">Unsere <\/span><a href=\"http:\/\/www.gemeinde-mauer.de\/\"><span style=\"font-weight: 400;\"><strong>Website<\/strong><\/span><\/a><span style=\"font-weight: 400;\"> wird gut nachgefragt, verkn\u00fcpft zurzeit aber fast zu viele Informationen. Daher haben wir einen Relaunch beauftragt. Noch 2022 soll das neue B\u00fcrgerportal mit der Einbindung digitaler Angebote der Verwaltung online gehen, das Budget daf\u00fcr haben wir bereitgestellt. Als B\u00fcrgermeister, also als Privatperson, nutze ich au\u00dferdem Facebook und Instagram, um zum Beispiel Fotos zu posten. Die Gemeinde Mauer hat diese Kan\u00e4le nicht. Wir haben uns auch gegen eine B\u00fcrger-App entschieden: Ob die sinnvoll ist, h\u00e4ngt von der Gr\u00f6\u00dfe der Gemeinde ab, und man muss vorab genau Ziel und Inhalt des Angebots definieren, ob man etwa die Einwohnerinnen informieren oder Touristen erreichen m\u00f6chte.\u00a0<\/span><\/p><p>\u00a0<\/p><p><b>Wenn Sie in die Zukunft schauen \u2013 was ist Ihre digitale Vision f\u00fcr Mauer?<\/b><\/p><p><span style=\"font-weight: 400;\">Auch in der Verwaltung wird die Work-Life-Balance immer wichtiger. Ich kann mir vorstellen, dass es bei zunehmend digitalisierten Prozessen da auch zunehmend Richtung Homeoffice f\u00fcr die Angestellten geht. F\u00fcr Mauer w\u00fcnsche ich mir als B\u00fcrgermeister, dass wir bald Glasfaser bis in jedes Haus, also FTTH, haben. Ob Fernseher oder Sprachassistenten, Tablet, Smartphone oder Laptop: Die meisten haben mehr als ein Endger\u00e4t, in den Familien multipliziert sich das noch. Dazu kommen Smart-Home-Anwendungen, selbst die Kaffeemaschine k\u00f6nnte k\u00fcnftig vernetzt sein. Daf\u00fcr braucht es einfach die n\u00f6tige Infrastruktur. Wir sp\u00fcren, dass das f\u00fcr die B\u00fcrgerinnen und B\u00fcrger immer wichtiger wird. Bei Neubaugebieten wurde fr\u00fcher gefragt, was der Kubikmeter Wasser kostet. Heute fragt man nach der Bandbreite.<\/span><\/p><p>\u00a0<\/p><p><b>Zur Person\u00a0<\/b><\/p><p><span style=\"font-weight: 400;\">John Ehret ist seit 2012 B\u00fcrgermeister der Gemeinde Mauer mit 4.100 Einwohnerinnen und Einwohnern. Mauer liegt im Kraichgau, die Gemeinde z\u00e4hlt zum Rhein-Neckar-Kreis, die Universit\u00e4tsstadt Heidelberg ist rund 17 Kilometer entfernt. Bevor er als B\u00fcrgermeister kandidierte, arbeitete John Ehret beim Bundeskriminalamt. Er war unter anderem im Bereich Staatsschutz und im Rahmen der internationalen Polizeiarbeit t\u00e4tig. <\/span><\/p>\t\t\t\t\t\t\t\t<\/div>\n\t\t\t\t<\/div>\n\t\t\t\t\t<\/div>\n\t\t<\/div>\n\t\t\t\t\t<\/div>\n\t\t<\/section>\n\t\t\t\t<\/div>\n\t\t","protected":false},"excerpt":{"rendered":"<p>Seit zehn Jahren ist John Ehret B\u00fcrgermeister der Gemeinde Mauer im Rhein-Neckar-Kreis. Der Ausbau der digitalen Infrastruktur eines seiner wichtigen Themen. Warum er auf die Digitalisierung setzt und welche Projekte ganz oben auf seiner Agenda stehen, erz\u00e4hlt er im Interview.<\/p>\n","protected":false},"author":5,"featured_media":9781,"comment_status":"open","ping_status":"open","sticky":false,"template":"","format":"standard","meta":{"footnotes":""},"categories":[71],"tags":[],"class_list":["post-9780","post","type-post","status-publish","format-standard","has-post-thumbnail","hentry","category-gemeinschaft"],"yoast_head":"<!-- This site is optimized with the Yoast SEO plugin v27.5 - https:\/\/yoast.com\/product\/yoast-seo-wordpress\/ -->\n<title>Interview mit B\u00fcrgermeister John Ehret \u00fcber Digitalisierung - Digitales B\u00fcrgernetz<\/title>\n<meta name=\"description\" content=\"Interview mit John Ehret, B\u00fcrgermeister der Gemeinde Mauer: \u00fcber den Glasfaserausbau in der Kommune &amp; Digitalisierung in Schule und Verwaltung\" \/>\n<meta name=\"robots\" content=\"index, follow, max-snippet:-1, max-image-preview:large, max-video-preview:-1\" \/>\n<link rel=\"canonical\" href=\"https:\/\/www.deutsche-glasfaser.de\/blog\/buergermeister-john-ehret-in-neubaugebieten-fragt-man-heute-nach-der-bandbreite\/\" \/>\n<meta property=\"og:locale\" content=\"de_DE\" \/>\n<meta property=\"og:type\" content=\"article\" \/>\n<meta property=\"og:title\" content=\"Interview mit B\u00fcrgermeister John Ehret \u00fcber Digitalisierung - Digitales B\u00fcrgernetz\" \/>\n<meta property=\"og:description\" content=\"Interview mit John Ehret, B\u00fcrgermeister der Gemeinde Mauer: \u00fcber den Glasfaserausbau in der Kommune &amp; Digitalisierung in Schule und Verwaltung\" \/>\n<meta property=\"og:url\" content=\"https:\/\/www.deutsche-glasfaser.de\/blog\/buergermeister-john-ehret-in-neubaugebieten-fragt-man-heute-nach-der-bandbreite\/\" \/>\n<meta property=\"og:site_name\" content=\"Digitales B\u00fcrgernetz\" \/>\n<meta property=\"article:published_time\" content=\"2022-04-21T06:28:53+00:00\" \/>\n<meta property=\"article:modified_time\" content=\"2022-05-05T10:40:02+00:00\" \/>\n<meta property=\"og:image\" content=\"https:\/\/www.deutsche-glasfaser.de\/blog\/wp-content\/uploads\/2022\/04\/header_mauer.jpg\" \/>\n\t<meta property=\"og:image:width\" content=\"1500\" \/>\n\t<meta property=\"og:image:height\" content=\"705\" \/>\n\t<meta property=\"og:image:type\" content=\"image\/jpeg\" \/>\n<meta name=\"author\" content=\"Deutsche Glasfaser\" \/>\n<meta name=\"twitter:card\" content=\"summary_large_image\" \/>\n<meta name=\"twitter:label1\" content=\"Verfasst von\" \/>\n\t<meta name=\"twitter:data1\" content=\"Deutsche Glasfaser\" \/>\n\t<meta name=\"twitter:label2\" content=\"Gesch\u00e4tzte Lesezeit\" \/>\n\t<meta name=\"twitter:data2\" content=\"7\u00a0Minuten\" \/>\n<script type=\"application\/ld+json\" class=\"yoast-schema-graph\">{\"@context\":\"https:\\\/\\\/schema.org\",\"@graph\":[{\"@type\":\"Article\",\"@id\":\"https:\\\/\\\/www.deutsche-glasfaser.de\\\/blog\\\/buergermeister-john-ehret-in-neubaugebieten-fragt-man-heute-nach-der-bandbreite\\\/#article\",\"isPartOf\":{\"@id\":\"https:\\\/\\\/www.deutsche-glasfaser.de\\\/blog\\\/buergermeister-john-ehret-in-neubaugebieten-fragt-man-heute-nach-der-bandbreite\\\/\"},\"author\":{\"name\":\"Deutsche Glasfaser\",\"@id\":\"https:\\\/\\\/www.deutsche-glasfaser.de\\\/blog\\\/#\\\/schema\\\/person\\\/9380a6dc7443d77143d0c66c409f574b\"},\"headline\":\"B\u00fcrgermeister John Ehret: \u201eIn Neubaugebieten fragt man heute nach der Bandbreite\u201c\",\"datePublished\":\"2022-04-21T06:28:53+00:00\",\"dateModified\":\"2022-05-05T10:40:02+00:00\",\"mainEntityOfPage\":{\"@id\":\"https:\\\/\\\/www.deutsche-glasfaser.de\\\/blog\\\/buergermeister-john-ehret-in-neubaugebieten-fragt-man-heute-nach-der-bandbreite\\\/\"},\"wordCount\":1143,\"commentCount\":0,\"publisher\":{\"@id\":\"https:\\\/\\\/www.deutsche-glasfaser.de\\\/blog\\\/#organization\"},\"image\":{\"@id\":\"https:\\\/\\\/www.deutsche-glasfaser.de\\\/blog\\\/buergermeister-john-ehret-in-neubaugebieten-fragt-man-heute-nach-der-bandbreite\\\/#primaryimage\"},\"thumbnailUrl\":\"https:\\\/\\\/www.deutsche-glasfaser.de\\\/blog\\\/wp-content\\\/uploads\\\/2022\\\/04\\\/header_mauer.jpg\",\"articleSection\":[\"#Gemeinschaft\"],\"inLanguage\":\"de\",\"potentialAction\":[{\"@type\":\"CommentAction\",\"name\":\"Comment\",\"target\":[\"https:\\\/\\\/www.deutsche-glasfaser.de\\\/blog\\\/buergermeister-john-ehret-in-neubaugebieten-fragt-man-heute-nach-der-bandbreite\\\/#respond\"]}]},{\"@type\":\"WebPage\",\"@id\":\"https:\\\/\\\/www.deutsche-glasfaser.de\\\/blog\\\/buergermeister-john-ehret-in-neubaugebieten-fragt-man-heute-nach-der-bandbreite\\\/\",\"url\":\"https:\\\/\\\/www.deutsche-glasfaser.de\\\/blog\\\/buergermeister-john-ehret-in-neubaugebieten-fragt-man-heute-nach-der-bandbreite\\\/\",\"name\":\"Interview mit B\u00fcrgermeister John Ehret \u00fcber Digitalisierung - Digitales B\u00fcrgernetz\",\"isPartOf\":{\"@id\":\"https:\\\/\\\/www.deutsche-glasfaser.de\\\/blog\\\/#website\"},\"primaryImageOfPage\":{\"@id\":\"https:\\\/\\\/www.deutsche-glasfaser.de\\\/blog\\\/buergermeister-john-ehret-in-neubaugebieten-fragt-man-heute-nach-der-bandbreite\\\/#primaryimage\"},\"image\":{\"@id\":\"https:\\\/\\\/www.deutsche-glasfaser.de\\\/blog\\\/buergermeister-john-ehret-in-neubaugebieten-fragt-man-heute-nach-der-bandbreite\\\/#primaryimage\"},\"thumbnailUrl\":\"https:\\\/\\\/www.deutsche-glasfaser.de\\\/blog\\\/wp-content\\\/uploads\\\/2022\\\/04\\\/header_mauer.jpg\",\"datePublished\":\"2022-04-21T06:28:53+00:00\",\"dateModified\":\"2022-05-05T10:40:02+00:00\",\"description\":\"Interview mit John Ehret, B\u00fcrgermeister der Gemeinde Mauer: \u00fcber den Glasfaserausbau in der Kommune & Digitalisierung in Schule und Verwaltung\",\"inLanguage\":\"de\",\"potentialAction\":[{\"@type\":\"ReadAction\",\"target\":[\"https:\\\/\\\/www.deutsche-glasfaser.de\\\/blog\\\/buergermeister-john-ehret-in-neubaugebieten-fragt-man-heute-nach-der-bandbreite\\\/\"]}]},{\"@type\":\"ImageObject\",\"inLanguage\":\"de\",\"@id\":\"https:\\\/\\\/www.deutsche-glasfaser.de\\\/blog\\\/buergermeister-john-ehret-in-neubaugebieten-fragt-man-heute-nach-der-bandbreite\\\/#primaryimage\",\"url\":\"https:\\\/\\\/www.deutsche-glasfaser.de\\\/blog\\\/wp-content\\\/uploads\\\/2022\\\/04\\\/header_mauer.jpg\",\"contentUrl\":\"https:\\\/\\\/www.deutsche-glasfaser.de\\\/blog\\\/wp-content\\\/uploads\\\/2022\\\/04\\\/header_mauer.jpg\",\"width\":1500,\"height\":705,\"caption\":\"Luftaufnahme der Gemeinde Mauer im Kraichgau. Die Universit\u00e4tsstadt Heidelberg ist nicht weit entfernt. Mauer hat ca. 4.100 Einwohnerinnen und Einwohner. \u00a9 Gemeinde Mauer\"},{\"@type\":\"WebSite\",\"@id\":\"https:\\\/\\\/www.deutsche-glasfaser.de\\\/blog\\\/#website\",\"url\":\"https:\\\/\\\/www.deutsche-glasfaser.de\\\/blog\\\/\",\"name\":\"Digitales B\u00fcrgernetz\",\"description\":\"Deutsche Glasfaser Blog\",\"publisher\":{\"@id\":\"https:\\\/\\\/www.deutsche-glasfaser.de\\\/blog\\\/#organization\"},\"potentialAction\":[{\"@type\":\"SearchAction\",\"target\":{\"@type\":\"EntryPoint\",\"urlTemplate\":\"https:\\\/\\\/www.deutsche-glasfaser.de\\\/blog\\\/?s={search_term_string}\"},\"query-input\":{\"@type\":\"PropertyValueSpecification\",\"valueRequired\":true,\"valueName\":\"search_term_string\"}}],\"inLanguage\":\"de\"},{\"@type\":\"Organization\",\"@id\":\"https:\\\/\\\/www.deutsche-glasfaser.de\\\/blog\\\/#organization\",\"name\":\"Digitales B\u00fcrgernetz\",\"url\":\"https:\\\/\\\/www.deutsche-glasfaser.de\\\/blog\\\/\",\"logo\":{\"@type\":\"ImageObject\",\"inLanguage\":\"de\",\"@id\":\"https:\\\/\\\/www.deutsche-glasfaser.de\\\/blog\\\/#\\\/schema\\\/logo\\\/image\\\/\",\"url\":\"https:\\\/\\\/www.deutsche-glasfaser.de\\\/blog\\\/wp-content\\\/uploads\\\/2021\\\/08\\\/DGF_Logo_Basis_RGB-Large@2x.png\",\"contentUrl\":\"https:\\\/\\\/www.deutsche-glasfaser.de\\\/blog\\\/wp-content\\\/uploads\\\/2021\\\/08\\\/DGF_Logo_Basis_RGB-Large@2x.png\",\"width\":312,\"height\":104,\"caption\":\"Digitales B\u00fcrgernetz\"},\"image\":{\"@id\":\"https:\\\/\\\/www.deutsche-glasfaser.de\\\/blog\\\/#\\\/schema\\\/logo\\\/image\\\/\"}},{\"@type\":\"Person\",\"@id\":\"https:\\\/\\\/www.deutsche-glasfaser.de\\\/blog\\\/#\\\/schema\\\/person\\\/9380a6dc7443d77143d0c66c409f574b\",\"name\":\"Deutsche Glasfaser\"}]}<\/script>\n<!-- \/ Yoast SEO plugin. -->","yoast_head_json":{"title":"Interview mit B\u00fcrgermeister John Ehret \u00fcber Digitalisierung - Digitales B\u00fcrgernetz","description":"Interview mit John Ehret, B\u00fcrgermeister der Gemeinde Mauer: \u00fcber den Glasfaserausbau in der Kommune & Digitalisierung in Schule und Verwaltung","robots":{"index":"index","follow":"follow","max-snippet":"max-snippet:-1","max-image-preview":"max-image-preview:large","max-video-preview":"max-video-preview:-1"},"canonical":"https:\/\/www.deutsche-glasfaser.de\/blog\/buergermeister-john-ehret-in-neubaugebieten-fragt-man-heute-nach-der-bandbreite\/","og_locale":"de_DE","og_type":"article","og_title":"Interview mit B\u00fcrgermeister John Ehret \u00fcber Digitalisierung - Digitales B\u00fcrgernetz","og_description":"Interview mit John Ehret, B\u00fcrgermeister der Gemeinde Mauer: \u00fcber den Glasfaserausbau in der Kommune & Digitalisierung in Schule und Verwaltung","og_url":"https:\/\/www.deutsche-glasfaser.de\/blog\/buergermeister-john-ehret-in-neubaugebieten-fragt-man-heute-nach-der-bandbreite\/","og_site_name":"Digitales B\u00fcrgernetz","article_published_time":"2022-04-21T06:28:53+00:00","article_modified_time":"2022-05-05T10:40:02+00:00","og_image":[{"width":1500,"height":705,"url":"https:\/\/www.deutsche-glasfaser.de\/blog\/wp-content\/uploads\/2022\/04\/header_mauer.jpg","type":"image\/jpeg"}],"author":"Deutsche Glasfaser","twitter_card":"summary_large_image","twitter_misc":{"Verfasst von":"Deutsche Glasfaser","Gesch\u00e4tzte Lesezeit":"7\u00a0Minuten"},"schema":{"@context":"https:\/\/schema.org","@graph":[{"@type":"Article","@id":"https:\/\/www.deutsche-glasfaser.de\/blog\/buergermeister-john-ehret-in-neubaugebieten-fragt-man-heute-nach-der-bandbreite\/#article","isPartOf":{"@id":"https:\/\/www.deutsche-glasfaser.de\/blog\/buergermeister-john-ehret-in-neubaugebieten-fragt-man-heute-nach-der-bandbreite\/"},"author":{"name":"Deutsche Glasfaser","@id":"https:\/\/www.deutsche-glasfaser.de\/blog\/#\/schema\/person\/9380a6dc7443d77143d0c66c409f574b"},"headline":"B\u00fcrgermeister John Ehret: \u201eIn Neubaugebieten fragt man heute nach der Bandbreite\u201c","datePublished":"2022-04-21T06:28:53+00:00","dateModified":"2022-05-05T10:40:02+00:00","mainEntityOfPage":{"@id":"https:\/\/www.deutsche-glasfaser.de\/blog\/buergermeister-john-ehret-in-neubaugebieten-fragt-man-heute-nach-der-bandbreite\/"},"wordCount":1143,"commentCount":0,"publisher":{"@id":"https:\/\/www.deutsche-glasfaser.de\/blog\/#organization"},"image":{"@id":"https:\/\/www.deutsche-glasfaser.de\/blog\/buergermeister-john-ehret-in-neubaugebieten-fragt-man-heute-nach-der-bandbreite\/#primaryimage"},"thumbnailUrl":"https:\/\/www.deutsche-glasfaser.de\/blog\/wp-content\/uploads\/2022\/04\/header_mauer.jpg","articleSection":["#Gemeinschaft"],"inLanguage":"de","potentialAction":[{"@type":"CommentAction","name":"Comment","target":["https:\/\/www.deutsche-glasfaser.de\/blog\/buergermeister-john-ehret-in-neubaugebieten-fragt-man-heute-nach-der-bandbreite\/#respond"]}]},{"@type":"WebPage","@id":"https:\/\/www.deutsche-glasfaser.de\/blog\/buergermeister-john-ehret-in-neubaugebieten-fragt-man-heute-nach-der-bandbreite\/","url":"https:\/\/www.deutsche-glasfaser.de\/blog\/buergermeister-john-ehret-in-neubaugebieten-fragt-man-heute-nach-der-bandbreite\/","name":"Interview mit B\u00fcrgermeister John Ehret \u00fcber Digitalisierung - Digitales B\u00fcrgernetz","isPartOf":{"@id":"https:\/\/www.deutsche-glasfaser.de\/blog\/#website"},"primaryImageOfPage":{"@id":"https:\/\/www.deutsche-glasfaser.de\/blog\/buergermeister-john-ehret-in-neubaugebieten-fragt-man-heute-nach-der-bandbreite\/#primaryimage"},"image":{"@id":"https:\/\/www.deutsche-glasfaser.de\/blog\/buergermeister-john-ehret-in-neubaugebieten-fragt-man-heute-nach-der-bandbreite\/#primaryimage"},"thumbnailUrl":"https:\/\/www.deutsche-glasfaser.de\/blog\/wp-content\/uploads\/2022\/04\/header_mauer.jpg","datePublished":"2022-04-21T06:28:53+00:00","dateModified":"2022-05-05T10:40:02+00:00","description":"Interview mit John Ehret, B\u00fcrgermeister der Gemeinde Mauer: \u00fcber den Glasfaserausbau in der Kommune & Digitalisierung in Schule und Verwaltung","inLanguage":"de","potentialAction":[{"@type":"ReadAction","target":["https:\/\/www.deutsche-glasfaser.de\/blog\/buergermeister-john-ehret-in-neubaugebieten-fragt-man-heute-nach-der-bandbreite\/"]}]},{"@type":"ImageObject","inLanguage":"de","@id":"https:\/\/www.deutsche-glasfaser.de\/blog\/buergermeister-john-ehret-in-neubaugebieten-fragt-man-heute-nach-der-bandbreite\/#primaryimage","url":"https:\/\/www.deutsche-glasfaser.de\/blog\/wp-content\/uploads\/2022\/04\/header_mauer.jpg","contentUrl":"https:\/\/www.deutsche-glasfaser.de\/blog\/wp-content\/uploads\/2022\/04\/header_mauer.jpg","width":1500,"height":705,"caption":"Luftaufnahme der Gemeinde Mauer im Kraichgau. Die Universit\u00e4tsstadt Heidelberg ist nicht weit entfernt. Mauer hat ca. 4.100 Einwohnerinnen und Einwohner. \u00a9 Gemeinde Mauer"},{"@type":"WebSite","@id":"https:\/\/www.deutsche-glasfaser.de\/blog\/#website","url":"https:\/\/www.deutsche-glasfaser.de\/blog\/","name":"Digitales B\u00fcrgernetz","description":"Deutsche Glasfaser Blog","publisher":{"@id":"https:\/\/www.deutsche-glasfaser.de\/blog\/#organization"},"potentialAction":[{"@type":"SearchAction","target":{"@type":"EntryPoint","urlTemplate":"https:\/\/www.deutsche-glasfaser.de\/blog\/?s={search_term_string}"},"query-input":{"@type":"PropertyValueSpecification","valueRequired":true,"valueName":"search_term_string"}}],"inLanguage":"de"},{"@type":"Organization","@id":"https:\/\/www.deutsche-glasfaser.de\/blog\/#organization","name":"Digitales B\u00fcrgernetz","url":"https:\/\/www.deutsche-glasfaser.de\/blog\/","logo":{"@type":"ImageObject","inLanguage":"de","@id":"https:\/\/www.deutsche-glasfaser.de\/blog\/#\/schema\/logo\/image\/","url":"https:\/\/www.deutsche-glasfaser.de\/blog\/wp-content\/uploads\/2021\/08\/DGF_Logo_Basis_RGB-Large@2x.png","contentUrl":"https:\/\/www.deutsche-glasfaser.de\/blog\/wp-content\/uploads\/2021\/08\/DGF_Logo_Basis_RGB-Large@2x.png","width":312,"height":104,"caption":"Digitales B\u00fcrgernetz"},"image":{"@id":"https:\/\/www.deutsche-glasfaser.de\/blog\/#\/schema\/logo\/image\/"}},{"@type":"Person","@id":"https:\/\/www.deutsche-glasfaser.de\/blog\/#\/schema\/person\/9380a6dc7443d77143d0c66c409f574b","name":"Deutsche Glasfaser"}]}},"_links":{"self":[{"href":"https:\/\/www.deutsche-glasfaser.de\/blog\/wp-json\/wp\/v2\/posts\/9780","targetHints":{"allow":["GET"]}}],"collection":[{"href":"https:\/\/www.deutsche-glasfaser.de\/blog\/wp-json\/wp\/v2\/posts"}],"about":[{"href":"https:\/\/www.deutsche-glasfaser.de\/blog\/wp-json\/wp\/v2\/types\/post"}],"author":[{"embeddable":true,"href":"https:\/\/www.deutsche-glasfaser.de\/blog\/wp-json\/wp\/v2\/users\/5"}],"replies":[{"embeddable":true,"href":"https:\/\/www.deutsche-glasfaser.de\/blog\/wp-json\/wp\/v2\/comments?post=9780"}],"version-history":[{"count":11,"href":"https:\/\/www.deutsche-glasfaser.de\/blog\/wp-json\/wp\/v2\/posts\/9780\/revisions"}],"predecessor-version":[{"id":9845,"href":"https:\/\/www.deutsche-glasfaser.de\/blog\/wp-json\/wp\/v2\/posts\/9780\/revisions\/9845"}],"wp:featuredmedia":[{"embeddable":true,"href":"https:\/\/www.deutsche-glasfaser.de\/blog\/wp-json\/wp\/v2\/media\/9781"}],"wp:attachment":[{"href":"https:\/\/www.deutsche-glasfaser.de\/blog\/wp-json\/wp\/v2\/media?parent=9780"}],"wp:term":[{"taxonomy":"category","embeddable":true,"href":"https:\/\/www.deutsche-glasfaser.de\/blog\/wp-json\/wp\/v2\/categories?post=9780"},{"taxonomy":"post_tag","embeddable":true,"href":"https:\/\/www.deutsche-glasfaser.de\/blog\/wp-json\/wp\/v2\/tags?post=9780"}],"curies":[{"name":"wp","href":"https:\/\/api.w.org\/{rel}","templated":true}]}}