{"id":9659,"date":"2022-03-22T06:58:59","date_gmt":"2022-03-22T06:58:59","guid":{"rendered":"https:\/\/www.deutsche-glasfaser.de\/blog\/?p=9659"},"modified":"2022-03-24T18:23:56","modified_gmt":"2022-03-24T18:23:56","slug":"kreativitaet-in-der-verwaltung-die-digitalisierung-muss-den-menschen-dienen","status":"publish","type":"post","link":"https:\/\/www.deutsche-glasfaser.de\/blog\/kreativitaet-in-der-verwaltung-die-digitalisierung-muss-den-menschen-dienen\/","title":{"rendered":"Kreativit\u00e4t in der Verwaltung: \u201eDie Digitalisierung muss den Menschen dienen\u201c"},"content":{"rendered":"\t\t<div data-elementor-type=\"wp-post\" data-elementor-id=\"9659\" class=\"elementor elementor-9659\">\n\t\t\t\t\t\t<section class=\"elementor-section elementor-top-section elementor-element elementor-element-08386e0 elementor-section-boxed elementor-section-height-default elementor-section-height-default\" data-id=\"08386e0\" data-element_type=\"section\" data-e-type=\"section\">\n\t\t\t\t\t\t<div class=\"elementor-container elementor-column-gap-default\">\n\t\t\t\t\t<div class=\"elementor-column elementor-col-100 elementor-top-column elementor-element elementor-element-2832625\" data-id=\"2832625\" data-element_type=\"column\" data-e-type=\"column\">\n\t\t\t<div class=\"elementor-widget-wrap elementor-element-populated\">\n\t\t\t\t\t\t<div class=\"elementor-element elementor-element-50228ce elementor-widget elementor-widget-text-editor\" data-id=\"50228ce\" data-element_type=\"widget\" data-e-type=\"widget\" data-widget_type=\"text-editor.default\">\n\t\t\t\t<div class=\"elementor-widget-container\">\n\t\t\t\t\t\t\t\t\t<p><span style=\"font-weight: 400;\">Wie gelingt die Digitalisierung in der Verwaltung? In vielen Rath\u00e4usern landauf, landab werden L\u00f6sungen gesucht. \u00a9 Getty Images<\/span><\/p>\t\t\t\t\t\t\t\t<\/div>\n\t\t\t\t<\/div>\n\t\t\t\t\t<\/div>\n\t\t<\/div>\n\t\t\t\t\t<\/div>\n\t\t<\/section>\n\t\t\t\t<section class=\"elementor-section elementor-top-section elementor-element elementor-element-3b62768 elementor-section-boxed elementor-section-height-default elementor-section-height-default\" data-id=\"3b62768\" data-element_type=\"section\" data-e-type=\"section\">\n\t\t\t\t\t\t<div class=\"elementor-container elementor-column-gap-default\">\n\t\t\t\t\t<div class=\"elementor-column elementor-col-100 elementor-top-column elementor-element elementor-element-a91fc78\" data-id=\"a91fc78\" data-element_type=\"column\" data-e-type=\"column\">\n\t\t\t<div class=\"elementor-widget-wrap elementor-element-populated\">\n\t\t\t\t\t\t<div class=\"elementor-element elementor-element-0fb1293 elementor-widget elementor-widget-text-editor\" data-id=\"0fb1293\" data-element_type=\"widget\" data-e-type=\"widget\" data-widget_type=\"text-editor.default\">\n\t\t\t\t<div class=\"elementor-widget-container\">\n\t\t\t\t\t\t\t\t\t<p><span style=\"font-weight: 400;\">Ein Chief Digital Officer auch in kleineren Kommunen? Warum das wichtig ist, erkl\u00e4rt Marc Gro\u00df, Programmbereichsleiter bei der KGSt. Im Interview spricht er \u00fcber Kreativit\u00e4t und Neugier in der Verwaltung \u2013 und dar\u00fcber, wie sich B\u00fcrokratie vermeiden l\u00e4sst.<\/span><\/p>\t\t\t\t\t\t\t\t<\/div>\n\t\t\t\t<\/div>\n\t\t\t\t<div class=\"elementor-element elementor-element-029a3b4 elementor-widget elementor-widget-spacer\" data-id=\"029a3b4\" data-element_type=\"widget\" data-e-type=\"widget\" data-widget_type=\"spacer.default\">\n\t\t\t\t<div class=\"elementor-widget-container\">\n\t\t\t\t\t\t\t<div class=\"elementor-spacer\">\n\t\t\t<div class=\"elementor-spacer-inner\"><\/div>\n\t\t<\/div>\n\t\t\t\t\t\t<\/div>\n\t\t\t\t<\/div>\n\t\t\t\t<div class=\"elementor-element elementor-element-8821ef1 elementor-widget elementor-widget-text-editor\" data-id=\"8821ef1\" data-element_type=\"widget\" data-e-type=\"widget\" data-widget_type=\"text-editor.default\">\n\t\t\t\t<div class=\"elementor-widget-container\">\n\t\t\t\t\t\t\t\t\t<p><b>Herr Gro\u00df, Sie sind <\/b><b>Programmbereichsleiter Organisations- und Informationsmanagement<\/b><b> bei der Kommunalen Gemeinschaftsstelle f\u00fcr Verwaltungsmanagement (KGSt). Wie unterst\u00fctzen Sie Kommunen bei der Digitalisierung?<\/b><\/p><p><span style=\"font-weight: 400;\">Die Kommunale Gemeinschaftsstelle f\u00fcr Verwaltungsmanagement, kurz KGSt, ist ein kommunaler Fachverband f\u00fcr St\u00e4dte, Kreise und Gemeinden aller Gr\u00f6\u00dfenklassen. Die KGSt ist gegr\u00fcndet worden, um Hilfe zur Selbsthilfe zu leisten, denn das Rad muss nicht immer wieder neu erfunden werden. Mit Vorreitern \u2013 das sind Kommunen, die Themen wie beispielsweise die Digitalisierung angehen \u2013 bilden wir Arbeitsgruppen. Dort entstehen Berichte und Handlungsempfehlungen, die anderen Kommunen helfen, schneller in die Umsetzung zu kommen und Projekte gut zu strukturieren. Grunds\u00e4tzlich umfasst unsere Arbeit drei Bereiche: Forschung und Entwicklung, Beratung und Seminare und Kongresse. In allen Bereichen arbeiten wir nat\u00fcrlich auch f\u00fcr kleinere Kommunen, auch wenn sich der Blick oft auf die gr\u00f6\u00dferen Kommunen richtet. Denn unsere Empfehlungen lassen sich besser auf die Kleineren herunterskalieren als dies umgekehrt m\u00f6glich w\u00e4re. <\/span><\/p>\t\t\t\t\t\t\t\t<\/div>\n\t\t\t\t<\/div>\n\t\t\t\t<div class=\"elementor-element elementor-element-7971c84 elementor-widget elementor-widget-spacer\" data-id=\"7971c84\" data-element_type=\"widget\" data-e-type=\"widget\" data-widget_type=\"spacer.default\">\n\t\t\t\t<div class=\"elementor-widget-container\">\n\t\t\t\t\t\t\t<div class=\"elementor-spacer\">\n\t\t\t<div class=\"elementor-spacer-inner\"><\/div>\n\t\t<\/div>\n\t\t\t\t\t\t<\/div>\n\t\t\t\t<\/div>\n\t\t\t\t<div class=\"elementor-element elementor-element-ea47863 elementor-widget elementor-widget-text-editor\" data-id=\"ea47863\" data-element_type=\"widget\" data-e-type=\"widget\" data-widget_type=\"text-editor.default\">\n\t\t\t\t<div class=\"elementor-widget-container\">\n\t\t\t\t\t\t\t\t\t<p><b>Wie gehen Sie das gro\u00dfe Themenfeld der Digitalisierung an?<\/b><\/p><p><span style=\"font-weight: 400;\">Wir setzen uns mit dem gesamten \u00d6kosystem der Digitalisierung auseinander. Das bedeutet, dass wir den Blick nicht nur auf die Verwaltung richten, sondern auch die Wirtschaftsstruktur und die \u00f6rtlichen Gemeinschaften mitbedenken. Gerade der Regionalgedanke ist f\u00fcr die kleineren St\u00e4dte und Gemeinden von gro\u00dfer Bedeutung, weil man wichtige B\u00fcndelungseffekte erzielen kann. Ein entscheidendes Thema ist das Prozessmanagement. Das ist der Schl\u00fcssel zum Gelingen der Digitalisierung einer Verwaltung. Auch da schauen wir nat\u00fcrlich, wie die kleineren Verwaltungen, die nicht so viele Ressourcen zur Verf\u00fcgung haben, sich das Thema schnell und praktikabel erschlie\u00dfen k\u00f6nnen. Ebenfalls wichtig sind Rollenmodelle: Bei der Digitalisierung von Kommunen ist es von zentraler Bedeutung, dass wir eine verantwortliche Person, einen Chief Digital Officer haben, bei dem alle Ma\u00dfnahmen und Teilprojekte zusammenlaufen. Solche CDO werden auch in kleineren Kommunen gebraucht und eingesetzt. <\/span><\/p>\t\t\t\t\t\t\t\t<\/div>\n\t\t\t\t<\/div>\n\t\t\t\t<div class=\"elementor-element elementor-element-58a449f elementor-widget elementor-widget-spacer\" data-id=\"58a449f\" data-element_type=\"widget\" data-e-type=\"widget\" data-widget_type=\"spacer.default\">\n\t\t\t\t<div class=\"elementor-widget-container\">\n\t\t\t\t\t\t\t<div class=\"elementor-spacer\">\n\t\t\t<div class=\"elementor-spacer-inner\"><\/div>\n\t\t<\/div>\n\t\t\t\t\t\t<\/div>\n\t\t\t\t<\/div>\n\t\t\t\t<div class=\"elementor-element elementor-element-2f15d91 elementor-widget elementor-widget-blockquote\" data-id=\"2f15d91\" data-element_type=\"widget\" data-e-type=\"widget\" data-widget_type=\"blockquote.default\">\n\t\t\t\t<div class=\"elementor-widget-container\">\n\t\t\t\t\t \t\t\t\t<\/div>\n\t\t\t\t<\/div>\n\t\t\t\t<div class=\"elementor-element elementor-element-0e04d1a elementor-widget elementor-widget-spacer\" data-id=\"0e04d1a\" data-element_type=\"widget\" data-e-type=\"widget\" data-widget_type=\"spacer.default\">\n\t\t\t\t<div class=\"elementor-widget-container\">\n\t\t\t\t\t\t\t<div class=\"elementor-spacer\">\n\t\t\t<div class=\"elementor-spacer-inner\"><\/div>\n\t\t<\/div>\n\t\t\t\t\t\t<\/div>\n\t\t\t\t<\/div>\n\t\t\t\t<div class=\"elementor-element elementor-element-1eb7a61 elementor-widget elementor-widget-text-editor\" data-id=\"1eb7a61\" data-element_type=\"widget\" data-e-type=\"widget\" data-widget_type=\"text-editor.default\">\n\t\t\t\t<div class=\"elementor-widget-container\">\n\t\t\t\t\t\t\t\t\t<p><b>Das hei\u00dft also, jede Kommune, und sei sie noch so klein, braucht einen Chief Digital Officer?<\/b><\/p><p><span style=\"font-weight: 400;\">Jeder Digitalisierungsprozess, aber nicht zwingend jede einzelne Kommune. Auch in dieser Frage kommt es auf die Gr\u00f6\u00dfe der kleinen Kommunen an. Man sollte grunds\u00e4tzlich in gr\u00f6\u00dferen Zusammenh\u00e4ngen wie etwa Landkreisen oder Regionalverb\u00e4nden denken und durch die Zusammenarbeit mehrerer Kommunen mit \u00e4hnlichen Bed\u00fcrfnissen und regionalen Rahmenbedingungen Potenziale erkennen und Synergien heben. Allerdings l\u00e4sst sich die Aufgabe eines CDO nicht ganz auslagern \u2013 denn jede Gemeinde hat ihre \u00f6rtlichen Spezifika und Akteurinnen und Akteure, die bei der Digitalisierung mitgedacht und beteiligt werden m\u00fcssen. Es muss ja auch keine ganze CDO- Stelle sein \u2013 auch die B\u00fcrgermeisterin kann das mit \u00fcbernehmen.<\/span><\/p>\t\t\t\t\t\t\t\t<\/div>\n\t\t\t\t<\/div>\n\t\t\t\t<div class=\"elementor-element elementor-element-37674b7 elementor-widget elementor-widget-spacer\" data-id=\"37674b7\" data-element_type=\"widget\" data-e-type=\"widget\" data-widget_type=\"spacer.default\">\n\t\t\t\t<div class=\"elementor-widget-container\">\n\t\t\t\t\t\t\t<div class=\"elementor-spacer\">\n\t\t\t<div class=\"elementor-spacer-inner\"><\/div>\n\t\t<\/div>\n\t\t\t\t\t\t<\/div>\n\t\t\t\t<\/div>\n\t\t\t\t<div class=\"elementor-element elementor-element-fb835c9 elementor-widget elementor-widget-image\" data-id=\"fb835c9\" data-element_type=\"widget\" data-e-type=\"widget\" data-widget_type=\"image.default\">\n\t\t\t\t<div class=\"elementor-widget-container\">\n\t\t\t\t\t\t\t\t\t\t\t\t<figure class=\"wp-caption\">\n\t\t\t\t\t\t\t\t\t\t<img fetchpriority=\"high\" decoding=\"async\" width=\"768\" height=\"595\" src=\"https:\/\/www.deutsche-glasfaser.de\/blog\/wp-content\/uploads\/2022\/03\/Gross_KGSt-768x595.jpg\" class=\"attachment-medium_large size-medium_large wp-image-9657\" alt=\"Portr\u00e4t von Marc Gro\u00df\" srcset=\"https:\/\/www.deutsche-glasfaser.de\/blog\/wp-content\/uploads\/2022\/03\/Gross_KGSt-768x595.jpg 768w, https:\/\/www.deutsche-glasfaser.de\/blog\/wp-content\/uploads\/2022\/03\/Gross_KGSt-300x233.jpg 300w, https:\/\/www.deutsche-glasfaser.de\/blog\/wp-content\/uploads\/2022\/03\/Gross_KGSt.jpg 788w\" sizes=\"(max-width: 768px) 100vw, 768px\" \/>\t\t\t\t\t\t\t\t\t\t\t<figcaption class=\"widget-image-caption wp-caption-text\">Marc Gro\u00df, Programmbereichsleiter Organisations- und Informationsmanagement bei der Kommunalen Gemeinschaftsstelle f\u00fcr Verwaltungsmanagement (KGSt), \u00a9 KGSt<\/figcaption>\n\t\t\t\t\t\t\t\t\t\t<\/figure>\n\t\t\t\t\t\t\t\t\t<\/div>\n\t\t\t\t<\/div>\n\t\t\t\t<div class=\"elementor-element elementor-element-282e4b4 elementor-widget elementor-widget-spacer\" data-id=\"282e4b4\" data-element_type=\"widget\" data-e-type=\"widget\" data-widget_type=\"spacer.default\">\n\t\t\t\t<div class=\"elementor-widget-container\">\n\t\t\t\t\t\t\t<div class=\"elementor-spacer\">\n\t\t\t<div class=\"elementor-spacer-inner\"><\/div>\n\t\t<\/div>\n\t\t\t\t\t\t<\/div>\n\t\t\t\t<\/div>\n\t\t\t\t<div class=\"elementor-element elementor-element-d5a5e0d elementor-widget elementor-widget-text-editor\" data-id=\"d5a5e0d\" data-element_type=\"widget\" data-e-type=\"widget\" data-widget_type=\"text-editor.default\">\n\t\t\t\t<div class=\"elementor-widget-container\">\n\t\t\t\t\t\t\t\t\t<p><b>Welche Fehler sehen Sie?<\/b><\/p><p><span style=\"font-weight: 400;\">Die gr\u00f6\u00dfte Gefahr ist es, zu sehr in Silos zu denken, also dass Bereiche in einer Verwaltung jeweils f\u00fcr sich digitalisieren. Denn wir m\u00fcssen die Digitalisierung in der Verwaltung in der ganzen Breite als Querschnittsaufgabe denken. Und nat\u00fcrlich muss sie aus Perspektive der Zielgruppe, also in diesem Falle der B\u00fcrgerinnen und B\u00fcrger, konzipiert werden. Das wei\u00df im Grunde jeder. Aber trotzdem denken wir auch heute noch zu oft Digitalisierung aus Verwaltungsperspektive. Wir sollten uns fragen: Wie h\u00e4tten die B\u00fcrgerinnen und B\u00fcrger gern diese Leistung? Sonst wird es b\u00fcrokratisch.<\/span><\/p>\t\t\t\t\t\t\t\t<\/div>\n\t\t\t\t<\/div>\n\t\t\t\t<div class=\"elementor-element elementor-element-46e9ad7 elementor-widget elementor-widget-spacer\" data-id=\"46e9ad7\" data-element_type=\"widget\" data-e-type=\"widget\" data-widget_type=\"spacer.default\">\n\t\t\t\t<div class=\"elementor-widget-container\">\n\t\t\t\t\t\t\t<div class=\"elementor-spacer\">\n\t\t\t<div class=\"elementor-spacer-inner\"><\/div>\n\t\t<\/div>\n\t\t\t\t\t\t<\/div>\n\t\t\t\t<\/div>\n\t\t\t\t<div class=\"elementor-element elementor-element-496a21b elementor-widget elementor-widget-text-editor\" data-id=\"496a21b\" data-element_type=\"widget\" data-e-type=\"widget\" data-widget_type=\"text-editor.default\">\n\t\t\t\t<div class=\"elementor-widget-container\">\n\t\t\t\t\t\t\t\t\t<p><b>Die Kommunen in Deutschland sind sehr unterschiedlich \u2013 nicht zuletzt, was die zur Verf\u00fcgung stehenden finanziellen Mittel anbelangt. Hat das Auswirkungen auf die Digitalisierung der Verwaltungen?<\/b><\/p><p><span style=\"font-weight: 400;\">Es ist klar: Wenn ich mehr Geld zur Verf\u00fcgung habe, kann ich auch mehr tun. Aber das ist nur die halbe Wahrheit: Denn je weniger finanzielle Ressourcen ich habe, desto h\u00f6her ist vielleicht mein Kreativit\u00e4tspotenzial und desto mehr denke ich zwangsl\u00e4ufig in Gemeinschaften, in Zusammenarbeit. Es ist wie gesagt unabh\u00e4ngig von der finanziellen Ausstattung immer zielf\u00fchrender, Dinge gemeinsam voranzubringen, als das Rad immer wieder neu zu erfinden. Dabei denke ich nicht nur an das Personal, sondern auch an gemeinsame Infrastrukturen.<\/span><\/p>\t\t\t\t\t\t\t\t<\/div>\n\t\t\t\t<\/div>\n\t\t\t\t<div class=\"elementor-element elementor-element-60aa56d elementor-widget elementor-widget-spacer\" data-id=\"60aa56d\" data-element_type=\"widget\" data-e-type=\"widget\" data-widget_type=\"spacer.default\">\n\t\t\t\t<div class=\"elementor-widget-container\">\n\t\t\t\t\t\t\t<div class=\"elementor-spacer\">\n\t\t\t<div class=\"elementor-spacer-inner\"><\/div>\n\t\t<\/div>\n\t\t\t\t\t\t<\/div>\n\t\t\t\t<\/div>\n\t\t\t\t<div class=\"elementor-element elementor-element-78bb11a elementor-widget elementor-widget-text-editor\" data-id=\"78bb11a\" data-element_type=\"widget\" data-e-type=\"widget\" data-widget_type=\"text-editor.default\">\n\t\t\t\t<div class=\"elementor-widget-container\">\n\t\t\t\t\t\t\t\t\t<p><b>Wenn wir \u00fcber Infrastrukturen sprechen, dann sollten wir \u00fcber die Internetanbindung der l\u00e4ndlichen R\u00e4ume nicht schweigen.<\/b><\/p><p><span style=\"font-weight: 400;\">In der Tat zeigt der Online-Atlas noch immer wei\u00dfe Flecken. Das ist ein Manko, daran muss intensiv gearbeitet werden. Und an vielen Stellen wird da jetzt auch was gemacht. Aber die Frage ist nat\u00fcrlich: Wie schnell kann der l\u00e4ndliche Raum nachziehen? Denn gerade dort spielt das Thema \u201eBreitband\u201c eine zentrale Rolle, wenn wir vernetzte Angebote etwa im \u00d6PNV betrachten, ist also entscheidungskritischer als in den St\u00e4dten und Ballungsr\u00e4umen.<\/span><\/p>\t\t\t\t\t\t\t\t<\/div>\n\t\t\t\t<\/div>\n\t\t\t\t<div class=\"elementor-element elementor-element-e8e277c elementor-widget elementor-widget-spacer\" data-id=\"e8e277c\" data-element_type=\"widget\" data-e-type=\"widget\" data-widget_type=\"spacer.default\">\n\t\t\t\t<div class=\"elementor-widget-container\">\n\t\t\t\t\t\t\t<div class=\"elementor-spacer\">\n\t\t\t<div class=\"elementor-spacer-inner\"><\/div>\n\t\t<\/div>\n\t\t\t\t\t\t<\/div>\n\t\t\t\t<\/div>\n\t\t\t\t<div class=\"elementor-element elementor-element-f9bdbe1 elementor-position-top elementor-widget elementor-widget-image-box\" data-id=\"f9bdbe1\" data-element_type=\"widget\" data-e-type=\"widget\" data-widget_type=\"image-box.default\">\n\t\t\t\t<div class=\"elementor-widget-container\">\n\t\t\t\t\t<div class=\"elementor-image-box-wrapper\"><figure class=\"elementor-image-box-img\"><a href=\"https:\/\/www.instagram.com\/digitales_buergernetz\/\" tabindex=\"-1\"><img decoding=\"async\" width=\"150\" height=\"150\" src=\"https:\/\/www.deutsche-glasfaser.de\/blog\/wp-content\/uploads\/2021\/11\/instagram-logo_bluete-150x150.png\" class=\"attachment-thumbnail size-thumbnail wp-image-9186\" alt=\"\" srcset=\"https:\/\/www.deutsche-glasfaser.de\/blog\/wp-content\/uploads\/2021\/11\/instagram-logo_bluete-150x150.png 150w, https:\/\/www.deutsche-glasfaser.de\/blog\/wp-content\/uploads\/2021\/11\/instagram-logo_bluete-300x300.png 300w, https:\/\/www.deutsche-glasfaser.de\/blog\/wp-content\/uploads\/2021\/11\/instagram-logo_bluete.png 600w\" sizes=\"(max-width: 150px) 100vw, 150px\" \/><\/a><\/figure><div class=\"elementor-image-box-content\"><h3 class=\"elementor-image-box-title\"><a href=\"https:\/\/www.instagram.com\/digitales_buergernetz\/\">Neues aus dem Digitalen B\u00fcrgernetz auf Instagram<\/a><\/h3><\/div><\/div>\t\t\t\t<\/div>\n\t\t\t\t<\/div>\n\t\t\t\t<div class=\"elementor-element elementor-element-94644a3 elementor-widget elementor-widget-spacer\" data-id=\"94644a3\" data-element_type=\"widget\" data-e-type=\"widget\" data-widget_type=\"spacer.default\">\n\t\t\t\t<div class=\"elementor-widget-container\">\n\t\t\t\t\t\t\t<div class=\"elementor-spacer\">\n\t\t\t<div class=\"elementor-spacer-inner\"><\/div>\n\t\t<\/div>\n\t\t\t\t\t\t<\/div>\n\t\t\t\t<\/div>\n\t\t\t\t<div class=\"elementor-element elementor-element-492dafb elementor-widget elementor-widget-text-editor\" data-id=\"492dafb\" data-element_type=\"widget\" data-e-type=\"widget\" data-widget_type=\"text-editor.default\">\n\t\t\t\t<div class=\"elementor-widget-container\">\n\t\t\t\t\t\t\t\t\t<p><b>Zur\u00fcck in die Verwaltung: Sie sprachen von Kreativit\u00e4tspotenzialen. In diesen Tagen findet das wieder das \u201e<\/b><a href=\"https:\/\/creativebureaucracy.org\/de\/\"><b>Creative Bureaucracy Festival<\/b><\/a><b>\u201c statt, bei dem Sie 2020 als Speaker dabei waren. \u201eKreativit\u00e4t\u201c und \u201eVerwaltung\u201c \u2013 wie h\u00e4ngt das zusammen?<\/b><\/p><p><span style=\"font-weight: 400;\">Vom Bauchgef\u00fchl widersprechen sich beide Begriffe ein bisschen. Aber wenn ich in die Verwaltungen hineinschaue, sehe ich ein anderes Bild. Was wir in den Verwaltungen brauchen \u2013 und auch haben, ist Neugier. Neugier, sich mit Technologien auseinanderzusetzen, zu fragen, was hinter Themen wie etwa \u201eInternet der Dinge\u201c, \u201eBig Data\u201c, \u201eOpen Data\u201c, Industrie 4.0\u201c, \u201eCloud Computing\u201c oder \u201e3-D-Druck\u201c eigentlich steckt. Und dann braucht es Menschen, die innovative Ideen kreieren, wie mit diesen Technologien Mehrwerte zu schaffen sind, wie sie die Lebens-, Arbeits- und Standortqualit\u00e4t verbessern k\u00f6nnen. Denn die digitale Verwaltung ist kein Selbstzweck, sie muss den Menschen dienen. Innovation und Kreativit\u00e4t sind eng miteinander verbunden.<\/span><\/p>\t\t\t\t\t\t\t\t<\/div>\n\t\t\t\t<\/div>\n\t\t\t\t<div class=\"elementor-element elementor-element-23bc34c elementor-widget elementor-widget-spacer\" data-id=\"23bc34c\" data-element_type=\"widget\" data-e-type=\"widget\" data-widget_type=\"spacer.default\">\n\t\t\t\t<div class=\"elementor-widget-container\">\n\t\t\t\t\t\t\t<div class=\"elementor-spacer\">\n\t\t\t<div class=\"elementor-spacer-inner\"><\/div>\n\t\t<\/div>\n\t\t\t\t\t\t<\/div>\n\t\t\t\t<\/div>\n\t\t\t\t<div class=\"elementor-element elementor-element-95b8490 elementor-widget elementor-widget-text-editor\" data-id=\"95b8490\" data-element_type=\"widget\" data-e-type=\"widget\" data-widget_type=\"text-editor.default\">\n\t\t\t\t<div class=\"elementor-widget-container\">\n\t\t\t\t\t\t\t\t\t<p><b>Was hei\u00dft das f\u00fcr die Verwaltungen selbst?<\/b><\/p><p><span style=\"font-weight: 400;\">Wir haben durch den demographischen Wandel in den kommenden Jahren einen gro\u00dfen Fachkr\u00e4ftemangel. Wir brauchen die Verwaltungsmodernisierung, um Prozesse zu verschlanken und auch in Zukunft Qualit\u00e4t in der Arbeit von Verwaltungen zu gew\u00e4hrleisten. Kreativit\u00e4t steht also nicht im Widerspruch zur modernen Verwaltung, sondern ist eine Notwendigkeit, um Verwaltungshandeln zukunftsf\u00e4hig zu machen. Diese Kreativit\u00e4t m\u00fcssen wir nicht nur innerhalb der Verwaltungen suchen und finden, auch wenn es im kommunalen Management viele tolle Leute mit guten Ideen gibt. Stattdessen m\u00fcssen wir lernen, in noch viel h\u00f6herem Ma\u00dfe die B\u00fcrgerinnen und B\u00fcrger mit ihren Kenntnissen und Kreativpotenzialen einzubinden, etwa durch aktives Einholen von Impulsen aus der \u00f6rtlichen und regionalen Wirtschaft, durch Hackathons oder Open Data Days.<\/span><\/p>\t\t\t\t\t\t\t\t<\/div>\n\t\t\t\t<\/div>\n\t\t\t\t<div class=\"elementor-element elementor-element-9f194c3 elementor-widget elementor-widget-spacer\" data-id=\"9f194c3\" data-element_type=\"widget\" data-e-type=\"widget\" data-widget_type=\"spacer.default\">\n\t\t\t\t<div class=\"elementor-widget-container\">\n\t\t\t\t\t\t\t<div class=\"elementor-spacer\">\n\t\t\t<div class=\"elementor-spacer-inner\"><\/div>\n\t\t<\/div>\n\t\t\t\t\t\t<\/div>\n\t\t\t\t<\/div>\n\t\t\t\t<div class=\"elementor-element elementor-element-69f4149 elementor-widget elementor-widget-text-editor\" data-id=\"69f4149\" data-element_type=\"widget\" data-e-type=\"widget\" data-widget_type=\"text-editor.default\">\n\t\t\t\t<div class=\"elementor-widget-container\">\n\t\t\t\t\t\t\t\t\t<p><b>Zur Person<\/b><b><br \/><\/b><span style=\"font-weight: 400;\">Marc Gro\u00df leitet den <\/span><strong><a href=\"https:\/\/www.kgst.de\/information\">Programmbereich Organisations- und Informationsmanagement in der KGSt<\/a><\/strong><span style=\"font-weight: 400;\"><strong>.<\/strong> Er verantwortet in seiner Rolle die Vision und die Strategie einer zukunftsf\u00e4higen kommunalen Digitalisierung und eines progressiven Organisations- und Informationsmanagements. Die kommunal-digitale Transformation, die Bedeutung einer professionellen Steuerung von Digitalisierung und IT, die Facetten der Digitalen Daseinsvorsorge und die datenbasierte kommunalen Steuerung sind Schwerpunkte seiner Arbeit. Als Experte f\u00fcr kommunales Management diskutiert er dazu auf Podien, h\u00e4lt Vortr\u00e4ge und schreibt Artikel sowie Konzepte. Au\u00dferdem ist Marc Gro\u00df Co-Vorsitzender des <\/span><strong><a href=\"https:\/\/colab-digital.de\/\">Co:Lab e.V.<\/a> <\/strong><\/p>\t\t\t\t\t\t\t\t<\/div>\n\t\t\t\t<\/div>\n\t\t\t\t\t<\/div>\n\t\t<\/div>\n\t\t\t\t\t<\/div>\n\t\t<\/section>\n\t\t\t\t<\/div>\n\t\t","protected":false},"excerpt":{"rendered":"<p>Ein Chief Digital Officer auch in kleineren Kommunen? Warum das wichtig ist, erkl\u00e4rt Marc Gro\u00df, Programmbereichsleiter bei der KGSt. Im Interview spricht er \u00fcber Kreativit\u00e4t und Neugier in der Verwaltung \u2013 und dar\u00fcber, wie sich B\u00fcrokratie vermeiden l\u00e4sst.<\/p>\n","protected":false},"author":5,"featured_media":9681,"comment_status":"open","ping_status":"open","sticky":false,"template":"","format":"standard","meta":{"footnotes":""},"categories":[71],"tags":[],"class_list":["post-9659","post","type-post","status-publish","format-standard","has-post-thumbnail","hentry","category-gemeinschaft"],"yoast_head":"<!-- This site is optimized with the Yoast SEO plugin v27.5 - https:\/\/yoast.com\/product\/yoast-seo-wordpress\/ -->\n<title>Moderne Verwaltung: Kreativit\u00e4t beschleunigt die Digitalisierung - Digitales B\u00fcrgernetz<\/title>\n<meta name=\"description\" content=\"Digitale Verwaltung in Kommunen: Welche Rolle spielen Kreativit\u00e4t und Innovation bei der Modernisierung? Interview mit Marc Gro\u00df, KGSt.\" \/>\n<meta name=\"robots\" content=\"index, follow, max-snippet:-1, max-image-preview:large, max-video-preview:-1\" \/>\n<link rel=\"canonical\" href=\"https:\/\/www.deutsche-glasfaser.de\/blog\/kreativitaet-in-der-verwaltung-die-digitalisierung-muss-den-menschen-dienen\/\" \/>\n<meta property=\"og:locale\" content=\"de_DE\" \/>\n<meta property=\"og:type\" content=\"article\" \/>\n<meta property=\"og:title\" content=\"Moderne Verwaltung: Kreativit\u00e4t beschleunigt die Digitalisierung - Digitales B\u00fcrgernetz\" \/>\n<meta property=\"og:description\" content=\"Digitale Verwaltung in Kommunen: Welche Rolle spielen Kreativit\u00e4t und Innovation bei der Modernisierung? Interview mit Marc Gro\u00df, KGSt.\" \/>\n<meta property=\"og:url\" content=\"https:\/\/www.deutsche-glasfaser.de\/blog\/kreativitaet-in-der-verwaltung-die-digitalisierung-muss-den-menschen-dienen\/\" \/>\n<meta property=\"og:site_name\" content=\"Digitales B\u00fcrgernetz\" \/>\n<meta property=\"article:published_time\" content=\"2022-03-22T06:58:59+00:00\" \/>\n<meta property=\"article:modified_time\" content=\"2022-03-24T18:23:56+00:00\" \/>\n<meta property=\"og:image\" content=\"https:\/\/www.deutsche-glasfaser.de\/blog\/wp-content\/uploads\/2022\/03\/header_verwaltung-e1648145842516.jpeg\" \/>\n\t<meta property=\"og:image:width\" content=\"1462\" \/>\n\t<meta property=\"og:image:height\" content=\"645\" \/>\n\t<meta property=\"og:image:type\" content=\"image\/jpeg\" \/>\n<meta name=\"author\" content=\"Deutsche Glasfaser\" \/>\n<meta name=\"twitter:card\" content=\"summary_large_image\" \/>\n<meta name=\"twitter:label1\" content=\"Verfasst von\" \/>\n\t<meta name=\"twitter:data1\" content=\"Deutsche Glasfaser\" \/>\n\t<meta name=\"twitter:label2\" content=\"Gesch\u00e4tzte Lesezeit\" \/>\n\t<meta name=\"twitter:data2\" content=\"8\u00a0Minuten\" \/>\n<script type=\"application\/ld+json\" class=\"yoast-schema-graph\">{\"@context\":\"https:\\\/\\\/schema.org\",\"@graph\":[{\"@type\":\"Article\",\"@id\":\"https:\\\/\\\/www.deutsche-glasfaser.de\\\/blog\\\/kreativitaet-in-der-verwaltung-die-digitalisierung-muss-den-menschen-dienen\\\/#article\",\"isPartOf\":{\"@id\":\"https:\\\/\\\/www.deutsche-glasfaser.de\\\/blog\\\/kreativitaet-in-der-verwaltung-die-digitalisierung-muss-den-menschen-dienen\\\/\"},\"author\":{\"name\":\"Deutsche Glasfaser\",\"@id\":\"https:\\\/\\\/www.deutsche-glasfaser.de\\\/blog\\\/#\\\/schema\\\/person\\\/9380a6dc7443d77143d0c66c409f574b\"},\"headline\":\"Kreativit\u00e4t in der Verwaltung: \u201eDie Digitalisierung muss den Menschen dienen\u201c\",\"datePublished\":\"2022-03-22T06:58:59+00:00\",\"dateModified\":\"2022-03-24T18:23:56+00:00\",\"mainEntityOfPage\":{\"@id\":\"https:\\\/\\\/www.deutsche-glasfaser.de\\\/blog\\\/kreativitaet-in-der-verwaltung-die-digitalisierung-muss-den-menschen-dienen\\\/\"},\"wordCount\":1247,\"commentCount\":0,\"publisher\":{\"@id\":\"https:\\\/\\\/www.deutsche-glasfaser.de\\\/blog\\\/#organization\"},\"image\":{\"@id\":\"https:\\\/\\\/www.deutsche-glasfaser.de\\\/blog\\\/kreativitaet-in-der-verwaltung-die-digitalisierung-muss-den-menschen-dienen\\\/#primaryimage\"},\"thumbnailUrl\":\"https:\\\/\\\/www.deutsche-glasfaser.de\\\/blog\\\/wp-content\\\/uploads\\\/2022\\\/03\\\/header_verwaltung-e1648145842516.jpeg\",\"articleSection\":[\"#Gemeinschaft\"],\"inLanguage\":\"de\",\"potentialAction\":[{\"@type\":\"CommentAction\",\"name\":\"Comment\",\"target\":[\"https:\\\/\\\/www.deutsche-glasfaser.de\\\/blog\\\/kreativitaet-in-der-verwaltung-die-digitalisierung-muss-den-menschen-dienen\\\/#respond\"]}]},{\"@type\":\"WebPage\",\"@id\":\"https:\\\/\\\/www.deutsche-glasfaser.de\\\/blog\\\/kreativitaet-in-der-verwaltung-die-digitalisierung-muss-den-menschen-dienen\\\/\",\"url\":\"https:\\\/\\\/www.deutsche-glasfaser.de\\\/blog\\\/kreativitaet-in-der-verwaltung-die-digitalisierung-muss-den-menschen-dienen\\\/\",\"name\":\"Moderne Verwaltung: Kreativit\u00e4t beschleunigt die Digitalisierung - Digitales B\u00fcrgernetz\",\"isPartOf\":{\"@id\":\"https:\\\/\\\/www.deutsche-glasfaser.de\\\/blog\\\/#website\"},\"primaryImageOfPage\":{\"@id\":\"https:\\\/\\\/www.deutsche-glasfaser.de\\\/blog\\\/kreativitaet-in-der-verwaltung-die-digitalisierung-muss-den-menschen-dienen\\\/#primaryimage\"},\"image\":{\"@id\":\"https:\\\/\\\/www.deutsche-glasfaser.de\\\/blog\\\/kreativitaet-in-der-verwaltung-die-digitalisierung-muss-den-menschen-dienen\\\/#primaryimage\"},\"thumbnailUrl\":\"https:\\\/\\\/www.deutsche-glasfaser.de\\\/blog\\\/wp-content\\\/uploads\\\/2022\\\/03\\\/header_verwaltung-e1648145842516.jpeg\",\"datePublished\":\"2022-03-22T06:58:59+00:00\",\"dateModified\":\"2022-03-24T18:23:56+00:00\",\"description\":\"Digitale Verwaltung in Kommunen: Welche Rolle spielen Kreativit\u00e4t und Innovation bei der Modernisierung? Interview mit Marc Gro\u00df, KGSt.\",\"inLanguage\":\"de\",\"potentialAction\":[{\"@type\":\"ReadAction\",\"target\":[\"https:\\\/\\\/www.deutsche-glasfaser.de\\\/blog\\\/kreativitaet-in-der-verwaltung-die-digitalisierung-muss-den-menschen-dienen\\\/\"]}]},{\"@type\":\"ImageObject\",\"inLanguage\":\"de\",\"@id\":\"https:\\\/\\\/www.deutsche-glasfaser.de\\\/blog\\\/kreativitaet-in-der-verwaltung-die-digitalisierung-muss-den-menschen-dienen\\\/#primaryimage\",\"url\":\"https:\\\/\\\/www.deutsche-glasfaser.de\\\/blog\\\/wp-content\\\/uploads\\\/2022\\\/03\\\/header_verwaltung-e1648145842516.jpeg\",\"contentUrl\":\"https:\\\/\\\/www.deutsche-glasfaser.de\\\/blog\\\/wp-content\\\/uploads\\\/2022\\\/03\\\/header_verwaltung-e1648145842516.jpeg\",\"width\":1462,\"height\":645,\"caption\":\"Wie gelingt die Digitalisierung in der Verwaltung? In vielen Rath\u00e4usern landauf, landab werden L\u00f6sungen gesucht. \u00a9 Getty Images\"},{\"@type\":\"WebSite\",\"@id\":\"https:\\\/\\\/www.deutsche-glasfaser.de\\\/blog\\\/#website\",\"url\":\"https:\\\/\\\/www.deutsche-glasfaser.de\\\/blog\\\/\",\"name\":\"Digitales B\u00fcrgernetz\",\"description\":\"Deutsche Glasfaser Blog\",\"publisher\":{\"@id\":\"https:\\\/\\\/www.deutsche-glasfaser.de\\\/blog\\\/#organization\"},\"potentialAction\":[{\"@type\":\"SearchAction\",\"target\":{\"@type\":\"EntryPoint\",\"urlTemplate\":\"https:\\\/\\\/www.deutsche-glasfaser.de\\\/blog\\\/?s={search_term_string}\"},\"query-input\":{\"@type\":\"PropertyValueSpecification\",\"valueRequired\":true,\"valueName\":\"search_term_string\"}}],\"inLanguage\":\"de\"},{\"@type\":\"Organization\",\"@id\":\"https:\\\/\\\/www.deutsche-glasfaser.de\\\/blog\\\/#organization\",\"name\":\"Digitales B\u00fcrgernetz\",\"url\":\"https:\\\/\\\/www.deutsche-glasfaser.de\\\/blog\\\/\",\"logo\":{\"@type\":\"ImageObject\",\"inLanguage\":\"de\",\"@id\":\"https:\\\/\\\/www.deutsche-glasfaser.de\\\/blog\\\/#\\\/schema\\\/logo\\\/image\\\/\",\"url\":\"https:\\\/\\\/www.deutsche-glasfaser.de\\\/blog\\\/wp-content\\\/uploads\\\/2021\\\/08\\\/DGF_Logo_Basis_RGB-Large@2x.png\",\"contentUrl\":\"https:\\\/\\\/www.deutsche-glasfaser.de\\\/blog\\\/wp-content\\\/uploads\\\/2021\\\/08\\\/DGF_Logo_Basis_RGB-Large@2x.png\",\"width\":312,\"height\":104,\"caption\":\"Digitales B\u00fcrgernetz\"},\"image\":{\"@id\":\"https:\\\/\\\/www.deutsche-glasfaser.de\\\/blog\\\/#\\\/schema\\\/logo\\\/image\\\/\"}},{\"@type\":\"Person\",\"@id\":\"https:\\\/\\\/www.deutsche-glasfaser.de\\\/blog\\\/#\\\/schema\\\/person\\\/9380a6dc7443d77143d0c66c409f574b\",\"name\":\"Deutsche Glasfaser\"}]}<\/script>\n<!-- \/ Yoast SEO plugin. -->","yoast_head_json":{"title":"Moderne Verwaltung: Kreativit\u00e4t beschleunigt die Digitalisierung - Digitales B\u00fcrgernetz","description":"Digitale Verwaltung in Kommunen: Welche Rolle spielen Kreativit\u00e4t und Innovation bei der Modernisierung? Interview mit Marc Gro\u00df, KGSt.","robots":{"index":"index","follow":"follow","max-snippet":"max-snippet:-1","max-image-preview":"max-image-preview:large","max-video-preview":"max-video-preview:-1"},"canonical":"https:\/\/www.deutsche-glasfaser.de\/blog\/kreativitaet-in-der-verwaltung-die-digitalisierung-muss-den-menschen-dienen\/","og_locale":"de_DE","og_type":"article","og_title":"Moderne Verwaltung: Kreativit\u00e4t beschleunigt die Digitalisierung - Digitales B\u00fcrgernetz","og_description":"Digitale Verwaltung in Kommunen: Welche Rolle spielen Kreativit\u00e4t und Innovation bei der Modernisierung? Interview mit Marc Gro\u00df, KGSt.","og_url":"https:\/\/www.deutsche-glasfaser.de\/blog\/kreativitaet-in-der-verwaltung-die-digitalisierung-muss-den-menschen-dienen\/","og_site_name":"Digitales B\u00fcrgernetz","article_published_time":"2022-03-22T06:58:59+00:00","article_modified_time":"2022-03-24T18:23:56+00:00","og_image":[{"width":1462,"height":645,"url":"https:\/\/www.deutsche-glasfaser.de\/blog\/wp-content\/uploads\/2022\/03\/header_verwaltung-e1648145842516.jpeg","type":"image\/jpeg"}],"author":"Deutsche Glasfaser","twitter_card":"summary_large_image","twitter_misc":{"Verfasst von":"Deutsche Glasfaser","Gesch\u00e4tzte Lesezeit":"8\u00a0Minuten"},"schema":{"@context":"https:\/\/schema.org","@graph":[{"@type":"Article","@id":"https:\/\/www.deutsche-glasfaser.de\/blog\/kreativitaet-in-der-verwaltung-die-digitalisierung-muss-den-menschen-dienen\/#article","isPartOf":{"@id":"https:\/\/www.deutsche-glasfaser.de\/blog\/kreativitaet-in-der-verwaltung-die-digitalisierung-muss-den-menschen-dienen\/"},"author":{"name":"Deutsche Glasfaser","@id":"https:\/\/www.deutsche-glasfaser.de\/blog\/#\/schema\/person\/9380a6dc7443d77143d0c66c409f574b"},"headline":"Kreativit\u00e4t in der Verwaltung: \u201eDie Digitalisierung muss den Menschen dienen\u201c","datePublished":"2022-03-22T06:58:59+00:00","dateModified":"2022-03-24T18:23:56+00:00","mainEntityOfPage":{"@id":"https:\/\/www.deutsche-glasfaser.de\/blog\/kreativitaet-in-der-verwaltung-die-digitalisierung-muss-den-menschen-dienen\/"},"wordCount":1247,"commentCount":0,"publisher":{"@id":"https:\/\/www.deutsche-glasfaser.de\/blog\/#organization"},"image":{"@id":"https:\/\/www.deutsche-glasfaser.de\/blog\/kreativitaet-in-der-verwaltung-die-digitalisierung-muss-den-menschen-dienen\/#primaryimage"},"thumbnailUrl":"https:\/\/www.deutsche-glasfaser.de\/blog\/wp-content\/uploads\/2022\/03\/header_verwaltung-e1648145842516.jpeg","articleSection":["#Gemeinschaft"],"inLanguage":"de","potentialAction":[{"@type":"CommentAction","name":"Comment","target":["https:\/\/www.deutsche-glasfaser.de\/blog\/kreativitaet-in-der-verwaltung-die-digitalisierung-muss-den-menschen-dienen\/#respond"]}]},{"@type":"WebPage","@id":"https:\/\/www.deutsche-glasfaser.de\/blog\/kreativitaet-in-der-verwaltung-die-digitalisierung-muss-den-menschen-dienen\/","url":"https:\/\/www.deutsche-glasfaser.de\/blog\/kreativitaet-in-der-verwaltung-die-digitalisierung-muss-den-menschen-dienen\/","name":"Moderne Verwaltung: Kreativit\u00e4t beschleunigt die Digitalisierung - Digitales B\u00fcrgernetz","isPartOf":{"@id":"https:\/\/www.deutsche-glasfaser.de\/blog\/#website"},"primaryImageOfPage":{"@id":"https:\/\/www.deutsche-glasfaser.de\/blog\/kreativitaet-in-der-verwaltung-die-digitalisierung-muss-den-menschen-dienen\/#primaryimage"},"image":{"@id":"https:\/\/www.deutsche-glasfaser.de\/blog\/kreativitaet-in-der-verwaltung-die-digitalisierung-muss-den-menschen-dienen\/#primaryimage"},"thumbnailUrl":"https:\/\/www.deutsche-glasfaser.de\/blog\/wp-content\/uploads\/2022\/03\/header_verwaltung-e1648145842516.jpeg","datePublished":"2022-03-22T06:58:59+00:00","dateModified":"2022-03-24T18:23:56+00:00","description":"Digitale Verwaltung in Kommunen: Welche Rolle spielen Kreativit\u00e4t und Innovation bei der Modernisierung? Interview mit Marc Gro\u00df, KGSt.","inLanguage":"de","potentialAction":[{"@type":"ReadAction","target":["https:\/\/www.deutsche-glasfaser.de\/blog\/kreativitaet-in-der-verwaltung-die-digitalisierung-muss-den-menschen-dienen\/"]}]},{"@type":"ImageObject","inLanguage":"de","@id":"https:\/\/www.deutsche-glasfaser.de\/blog\/kreativitaet-in-der-verwaltung-die-digitalisierung-muss-den-menschen-dienen\/#primaryimage","url":"https:\/\/www.deutsche-glasfaser.de\/blog\/wp-content\/uploads\/2022\/03\/header_verwaltung-e1648145842516.jpeg","contentUrl":"https:\/\/www.deutsche-glasfaser.de\/blog\/wp-content\/uploads\/2022\/03\/header_verwaltung-e1648145842516.jpeg","width":1462,"height":645,"caption":"Wie gelingt die Digitalisierung in der Verwaltung? In vielen Rath\u00e4usern landauf, landab werden L\u00f6sungen gesucht. \u00a9 Getty Images"},{"@type":"WebSite","@id":"https:\/\/www.deutsche-glasfaser.de\/blog\/#website","url":"https:\/\/www.deutsche-glasfaser.de\/blog\/","name":"Digitales B\u00fcrgernetz","description":"Deutsche Glasfaser Blog","publisher":{"@id":"https:\/\/www.deutsche-glasfaser.de\/blog\/#organization"},"potentialAction":[{"@type":"SearchAction","target":{"@type":"EntryPoint","urlTemplate":"https:\/\/www.deutsche-glasfaser.de\/blog\/?s={search_term_string}"},"query-input":{"@type":"PropertyValueSpecification","valueRequired":true,"valueName":"search_term_string"}}],"inLanguage":"de"},{"@type":"Organization","@id":"https:\/\/www.deutsche-glasfaser.de\/blog\/#organization","name":"Digitales B\u00fcrgernetz","url":"https:\/\/www.deutsche-glasfaser.de\/blog\/","logo":{"@type":"ImageObject","inLanguage":"de","@id":"https:\/\/www.deutsche-glasfaser.de\/blog\/#\/schema\/logo\/image\/","url":"https:\/\/www.deutsche-glasfaser.de\/blog\/wp-content\/uploads\/2021\/08\/DGF_Logo_Basis_RGB-Large@2x.png","contentUrl":"https:\/\/www.deutsche-glasfaser.de\/blog\/wp-content\/uploads\/2021\/08\/DGF_Logo_Basis_RGB-Large@2x.png","width":312,"height":104,"caption":"Digitales B\u00fcrgernetz"},"image":{"@id":"https:\/\/www.deutsche-glasfaser.de\/blog\/#\/schema\/logo\/image\/"}},{"@type":"Person","@id":"https:\/\/www.deutsche-glasfaser.de\/blog\/#\/schema\/person\/9380a6dc7443d77143d0c66c409f574b","name":"Deutsche Glasfaser"}]}},"_links":{"self":[{"href":"https:\/\/www.deutsche-glasfaser.de\/blog\/wp-json\/wp\/v2\/posts\/9659","targetHints":{"allow":["GET"]}}],"collection":[{"href":"https:\/\/www.deutsche-glasfaser.de\/blog\/wp-json\/wp\/v2\/posts"}],"about":[{"href":"https:\/\/www.deutsche-glasfaser.de\/blog\/wp-json\/wp\/v2\/types\/post"}],"author":[{"embeddable":true,"href":"https:\/\/www.deutsche-glasfaser.de\/blog\/wp-json\/wp\/v2\/users\/5"}],"replies":[{"embeddable":true,"href":"https:\/\/www.deutsche-glasfaser.de\/blog\/wp-json\/wp\/v2\/comments?post=9659"}],"version-history":[{"count":5,"href":"https:\/\/www.deutsche-glasfaser.de\/blog\/wp-json\/wp\/v2\/posts\/9659\/revisions"}],"predecessor-version":[{"id":9664,"href":"https:\/\/www.deutsche-glasfaser.de\/blog\/wp-json\/wp\/v2\/posts\/9659\/revisions\/9664"}],"wp:featuredmedia":[{"embeddable":true,"href":"https:\/\/www.deutsche-glasfaser.de\/blog\/wp-json\/wp\/v2\/media\/9681"}],"wp:attachment":[{"href":"https:\/\/www.deutsche-glasfaser.de\/blog\/wp-json\/wp\/v2\/media?parent=9659"}],"wp:term":[{"taxonomy":"category","embeddable":true,"href":"https:\/\/www.deutsche-glasfaser.de\/blog\/wp-json\/wp\/v2\/categories?post=9659"},{"taxonomy":"post_tag","embeddable":true,"href":"https:\/\/www.deutsche-glasfaser.de\/blog\/wp-json\/wp\/v2\/tags?post=9659"}],"curies":[{"name":"wp","href":"https:\/\/api.w.org\/{rel}","templated":true}]}}