{"id":9597,"date":"2022-03-03T10:06:30","date_gmt":"2022-03-03T10:06:30","guid":{"rendered":"https:\/\/www.deutsche-glasfaser.de\/blog\/?p=9597"},"modified":"2022-03-03T10:06:31","modified_gmt":"2022-03-03T10:06:31","slug":"digitale-sprechstunde-in-der-ohnearztpraxis","status":"publish","type":"post","link":"https:\/\/www.deutsche-glasfaser.de\/blog\/digitale-sprechstunde-in-der-ohnearztpraxis\/","title":{"rendered":"Digitale Sprechstunde: in der OhneArztPraxis"},"content":{"rendered":"\t\t<div data-elementor-type=\"wp-post\" data-elementor-id=\"9597\" class=\"elementor elementor-9597\">\n\t\t\t\t\t\t<section class=\"elementor-section elementor-top-section elementor-element elementor-element-ac933e6 elementor-section-boxed elementor-section-height-default elementor-section-height-default\" data-id=\"ac933e6\" data-element_type=\"section\" data-e-type=\"section\">\n\t\t\t\t\t\t<div class=\"elementor-container elementor-column-gap-default\">\n\t\t\t\t\t<div class=\"elementor-column elementor-col-100 elementor-top-column elementor-element elementor-element-7f4c268\" data-id=\"7f4c268\" data-element_type=\"column\" data-e-type=\"column\">\n\t\t\t<div class=\"elementor-widget-wrap elementor-element-populated\">\n\t\t\t\t\t\t<div class=\"elementor-element elementor-element-7308674 elementor-widget elementor-widget-text-editor\" data-id=\"7308674\" data-element_type=\"widget\" data-e-type=\"widget\" data-widget_type=\"text-editor.default\">\n\t\t\t\t<div class=\"elementor-widget-container\">\n\t\t\t\t\t\t\t\t\t<p><span style=\"font-weight: 400;\">In l\u00e4ndlichen R\u00e4umen, wo der Bus selten oder gar nicht f\u00e4hrt, kann die OhneArztPraxis Patienten Wege ersparen.\u00a0<\/span><span style=\"font-weight: 400;\">\u00a9 TeleMedicon\/ HealthCare Futurists<\/span><\/p>\t\t\t\t\t\t\t\t<\/div>\n\t\t\t\t<\/div>\n\t\t\t\t\t<\/div>\n\t\t<\/div>\n\t\t\t\t\t<\/div>\n\t\t<\/section>\n\t\t\t\t<section class=\"elementor-section elementor-top-section elementor-element elementor-element-6fec2fa elementor-section-boxed elementor-section-height-default elementor-section-height-default\" data-id=\"6fec2fa\" data-element_type=\"section\" data-e-type=\"section\">\n\t\t\t\t\t\t<div class=\"elementor-container elementor-column-gap-default\">\n\t\t\t\t\t<div class=\"elementor-column elementor-col-100 elementor-top-column elementor-element elementor-element-3946853\" data-id=\"3946853\" data-element_type=\"column\" data-e-type=\"column\">\n\t\t\t<div class=\"elementor-widget-wrap elementor-element-populated\">\n\t\t\t\t\t\t<div class=\"elementor-element elementor-element-042fcea elementor-widget elementor-widget-text-editor\" data-id=\"042fcea\" data-element_type=\"widget\" data-e-type=\"widget\" data-widget_type=\"text-editor.default\">\n\t\t\t\t<div class=\"elementor-widget-container\">\n\t\t\t\t\t\t\t\t\t<p><span style=\"font-weight: 400;\">Im Vorabendprogramm ist Landarzt ein Traumberuf: Die Praxis liegt idyllisch im Gr\u00fcnen, man wird von der Dorfgemeinschaft gesch\u00e4tzt und kennt alle seine Patientinnen und Patienten pers\u00f6nlich. Doch die Realit\u00e4t sieht oft anders aus: Nur wenige junge \u00c4rztinnen und \u00c4rzte zieht es nach Studium und Ausbildung von der Stadt aufs Land, viele Landarztpraxen suchen h\u00e4nderingend nach Nachfolgern. Im Jahr 2035 k\u00f6nnten bis zu 40 Prozent der Landkreise in Deutschland medizinisch unterversorgt sein, so eine <\/span><strong><a href=\"https:\/\/www.bosch-stiftung.de\/de\/presse\/2021\/05\/2035-fehlen-deutschland-rund-11000-hausaerzte-experten-empfehlen-den-aufbau-von\">Studie der Robert-Bosch-Stiftung<\/a><\/strong><span style=\"font-weight: 400;\"> aus dem vergangenen Jahr. Mit speziellen F\u00f6rder- und Anwerbeprogrammen wie der Landarztquote im Studium oder Investitionszusch\u00fcssen f\u00fcr Niederlassungswillige versuchen Akteure wie die Kassen\u00e4rztlichen Vereinigungen oder Kommunen, den Trend umzukehren. Doch erst einmal bleiben ratlose Patientinnen und Patienten zur\u00fcck, die sich nach anderen Optionen umsehen m\u00fcssen. <\/span><\/p>\t\t\t\t\t\t\t\t<\/div>\n\t\t\t\t<\/div>\n\t\t\t\t<div class=\"elementor-element elementor-element-f0a5d98 elementor-widget elementor-widget-spacer\" data-id=\"f0a5d98\" data-element_type=\"widget\" data-e-type=\"widget\" data-widget_type=\"spacer.default\">\n\t\t\t\t<div class=\"elementor-widget-container\">\n\t\t\t\t\t\t\t<div class=\"elementor-spacer\">\n\t\t\t<div class=\"elementor-spacer-inner\"><\/div>\n\t\t<\/div>\n\t\t\t\t\t\t<\/div>\n\t\t\t\t<\/div>\n\t\t\t\t<div class=\"elementor-element elementor-element-cea3ae2 elementor-widget elementor-widget-heading\" data-id=\"cea3ae2\" data-element_type=\"widget\" data-e-type=\"widget\" data-widget_type=\"heading.default\">\n\t\t\t\t<div class=\"elementor-widget-container\">\n\t\t\t\t\t<h2 class=\"elementor-heading-title elementor-size-xl\">Online-Sprechstunde \u2013 mit Fachkraft vor Ort<\/h2>\t\t\t\t<\/div>\n\t\t\t\t<\/div>\n\t\t\t\t<div class=\"elementor-element elementor-element-69a64ea elementor-widget elementor-widget-spacer\" data-id=\"69a64ea\" data-element_type=\"widget\" data-e-type=\"widget\" data-widget_type=\"spacer.default\">\n\t\t\t\t<div class=\"elementor-widget-container\">\n\t\t\t\t\t\t\t<div class=\"elementor-spacer\">\n\t\t\t<div class=\"elementor-spacer-inner\"><\/div>\n\t\t<\/div>\n\t\t\t\t\t\t<\/div>\n\t\t\t\t<\/div>\n\t\t\t\t<div class=\"elementor-element elementor-element-2b52535 elementor-widget elementor-widget-text-editor\" data-id=\"2b52535\" data-element_type=\"widget\" data-e-type=\"widget\" data-widget_type=\"text-editor.default\">\n\t\t\t\t<div class=\"elementor-widget-container\">\n\t\t\t\t\t\t\t\t\t<p><span style=\"font-weight: 400;\">Hier kommen digitale L\u00f6sungen ins Spiel \u2013 wie die OhneArztPraxis, die in kleineren Gemeinden ohne Arzt als Anlaufstelle f\u00fcr Patientinnen und Patienten funktioniert. In gut ausgestatteten R\u00e4umen werden sie dort vor Ort von einer examinierten Pflegefachkraft oder Medizinischen Fachangestellten untersucht und versorgt. Routineaufgaben wie Blutdruck messen, Verb\u00e4nde wechseln oder Spritzen verabreichen \u2013 in Zukunft vielleicht sogar Ultraschall und Endoskopie \u2013 lassen sich auf diesem Weg problemlos erledigen. Bei Bedarf k\u00f6nnen die Haus\u00e4rztin oder der Hausarzt per Bildschirm zugeschaltet werden. Bei der Diagnostik lassen sich die Ergebnisse sogar direkt \u00fcbertragen, so dass sich die \u00c4rztin digital zum Beispiel ein EKG ansehen, die Herzt\u00f6ne anh\u00f6ren oder den Heilungsverlauf begutachten kann \u2013 moderne Medizintechnik wie ein digitales Stethoskop machen das m\u00f6glich. So kann sich die \u00c4rztin oder der Arzt am Ende vom Schreibtisch aus ein Bild vom gesundheitlichen Zustand ihres bzw. seines Patienten machen und direkt entscheiden, ob ein pers\u00f6nlicher Sprechstundenbesuch erforderlich ist. <\/span><\/p>\t\t\t\t\t\t\t\t<\/div>\n\t\t\t\t<\/div>\n\t\t\t\t<div class=\"elementor-element elementor-element-0748456 elementor-widget elementor-widget-spacer\" data-id=\"0748456\" data-element_type=\"widget\" data-e-type=\"widget\" data-widget_type=\"spacer.default\">\n\t\t\t\t<div class=\"elementor-widget-container\">\n\t\t\t\t\t\t\t<div class=\"elementor-spacer\">\n\t\t\t<div class=\"elementor-spacer-inner\"><\/div>\n\t\t<\/div>\n\t\t\t\t\t\t<\/div>\n\t\t\t\t<\/div>\n\t\t\t\t<div class=\"elementor-element elementor-element-27cd2b3 elementor-widget elementor-widget-image\" data-id=\"27cd2b3\" data-element_type=\"widget\" data-e-type=\"widget\" data-widget_type=\"image.default\">\n\t\t\t\t<div class=\"elementor-widget-container\">\n\t\t\t\t\t\t\t\t\t\t\t\t<figure class=\"wp-caption\">\n\t\t\t\t\t\t\t\t\t\t<img fetchpriority=\"high\" decoding=\"async\" width=\"768\" height=\"576\" src=\"https:\/\/www.deutsche-glasfaser.de\/blog\/wp-content\/uploads\/2022\/03\/OhneArztPraxis-768x576.jpg\" class=\"attachment-medium_large size-medium_large wp-image-9600\" alt=\"Eine Frau und ein Mann sitzen in einem Behandlungsraum. Hinter ihnen steht ein Laptop.\" srcset=\"https:\/\/www.deutsche-glasfaser.de\/blog\/wp-content\/uploads\/2022\/03\/OhneArztPraxis-768x576.jpg 768w, https:\/\/www.deutsche-glasfaser.de\/blog\/wp-content\/uploads\/2022\/03\/OhneArztPraxis-300x225.jpg 300w, https:\/\/www.deutsche-glasfaser.de\/blog\/wp-content\/uploads\/2022\/03\/OhneArztPraxis.jpg 800w\" sizes=\"(max-width: 768px) 100vw, 768px\" \/>\t\t\t\t\t\t\t\t\t\t\t<figcaption class=\"widget-image-caption wp-caption-text\">Eine medizinische Fachangestellte untersucht einen Patienten in der OhneArztPraxis. Der behandelnde Arzt sieht Patienten, Behandlungssetting und die Bildgebung des Dermatoskops auf dem Computer seiner Praxis und kann synchron die Behandlung steuern. \u00a9 Telemedicon\/HealthCare Futurists<\/figcaption>\n\t\t\t\t\t\t\t\t\t\t<\/figure>\n\t\t\t\t\t\t\t\t\t<\/div>\n\t\t\t\t<\/div>\n\t\t\t\t<div class=\"elementor-element elementor-element-d3d92e0 elementor-widget elementor-widget-spacer\" data-id=\"d3d92e0\" data-element_type=\"widget\" data-e-type=\"widget\" data-widget_type=\"spacer.default\">\n\t\t\t\t<div class=\"elementor-widget-container\">\n\t\t\t\t\t\t\t<div class=\"elementor-spacer\">\n\t\t\t<div class=\"elementor-spacer-inner\"><\/div>\n\t\t<\/div>\n\t\t\t\t\t\t<\/div>\n\t\t\t\t<\/div>\n\t\t\t\t<div class=\"elementor-element elementor-element-0ebcd4d elementor-widget elementor-widget-heading\" data-id=\"0ebcd4d\" data-element_type=\"widget\" data-e-type=\"widget\" data-widget_type=\"heading.default\">\n\t\t\t\t<div class=\"elementor-widget-container\">\n\t\t\t\t\t<h2 class=\"elementor-heading-title elementor-size-xl\">Kooperation entlastet die Praxen<\/h2>\t\t\t\t<\/div>\n\t\t\t\t<\/div>\n\t\t\t\t<div class=\"elementor-element elementor-element-212ab8e elementor-widget elementor-widget-spacer\" data-id=\"212ab8e\" data-element_type=\"widget\" data-e-type=\"widget\" data-widget_type=\"spacer.default\">\n\t\t\t\t<div class=\"elementor-widget-container\">\n\t\t\t\t\t\t\t<div class=\"elementor-spacer\">\n\t\t\t<div class=\"elementor-spacer-inner\"><\/div>\n\t\t<\/div>\n\t\t\t\t\t\t<\/div>\n\t\t\t\t<\/div>\n\t\t\t\t<div class=\"elementor-element elementor-element-900ad11 elementor-widget elementor-widget-text-editor\" data-id=\"900ad11\" data-element_type=\"widget\" data-e-type=\"widget\" data-widget_type=\"text-editor.default\">\n\t\t\t\t<div class=\"elementor-widget-container\">\n\t\t\t\t\t\t\t\t\t<p><span style=\"font-weight: 400;\">Das ist grunds\u00e4tzlich auch m\u00f6glich: Denn anders als bei anderen Telemedizinangeboten sind bei der OhneArztPraxis die Entfernungen nicht allzu gro\u00df. Die Behandelnden sitzen nicht irgendwo in Deutschland, sondern sind kooperierende Haus\u00e4rztinnen und Haus\u00e4rzte aus der Region. Die Patienten bringen sozusagen \u201eihre\u201c \u00c4rztin mit; es kommt nicht zu einer Neuverteilung. Da die OhneArztPraxis f\u00fcr die \u00fcberlaufenen Praxen die Vor-Ort-Versorgung \u00fcbernimmt, die Patientinnen und Patienten in gewisser Weise \u201efiltert\u201c und ihnen mit den qualifizierten Fachkr\u00e4ften wohnortnahe Ansprechpartner bietet, werden sie durch die Zusammenarbeit auch ein St\u00fcck weit entlastet. Die \u00c4rzte k\u00f6nnen sich damit auf eine rein \u00e4rztliche T\u00e4tigkeit beschr\u00e4nken und mehr Personen fachkundig behandeln. <\/span><\/p>\t\t\t\t\t\t\t\t<\/div>\n\t\t\t\t<\/div>\n\t\t\t\t<div class=\"elementor-element elementor-element-d0bce82 elementor-widget elementor-widget-blockquote\" data-id=\"d0bce82\" data-element_type=\"widget\" data-e-type=\"widget\" data-widget_type=\"blockquote.default\">\n\t\t\t\t<div class=\"elementor-widget-container\">\n\t\t\t\t\t \t\t\t\t<\/div>\n\t\t\t\t<\/div>\n\t\t\t\t<div class=\"elementor-element elementor-element-cc8542e elementor-widget elementor-widget-spacer\" data-id=\"cc8542e\" data-element_type=\"widget\" data-e-type=\"widget\" data-widget_type=\"spacer.default\">\n\t\t\t\t<div class=\"elementor-widget-container\">\n\t\t\t\t\t\t\t<div class=\"elementor-spacer\">\n\t\t\t<div class=\"elementor-spacer-inner\"><\/div>\n\t\t<\/div>\n\t\t\t\t\t\t<\/div>\n\t\t\t\t<\/div>\n\t\t\t\t<div class=\"elementor-element elementor-element-4e77ecb elementor-widget elementor-widget-heading\" data-id=\"4e77ecb\" data-element_type=\"widget\" data-e-type=\"widget\" data-widget_type=\"heading.default\">\n\t\t\t\t<div class=\"elementor-widget-container\">\n\t\t\t\t\t<h2 class=\"elementor-heading-title elementor-size-xl\">Das Angebot: ein digitaler Arztbesuch<\/h2>\t\t\t\t<\/div>\n\t\t\t\t<\/div>\n\t\t\t\t<div class=\"elementor-element elementor-element-9eacb1f elementor-widget elementor-widget-spacer\" data-id=\"9eacb1f\" data-element_type=\"widget\" data-e-type=\"widget\" data-widget_type=\"spacer.default\">\n\t\t\t\t<div class=\"elementor-widget-container\">\n\t\t\t\t\t\t\t<div class=\"elementor-spacer\">\n\t\t\t<div class=\"elementor-spacer-inner\"><\/div>\n\t\t<\/div>\n\t\t\t\t\t\t<\/div>\n\t\t\t\t<\/div>\n\t\t\t\t<div class=\"elementor-element elementor-element-dcb8654 elementor-widget elementor-widget-text-editor\" data-id=\"dcb8654\" data-element_type=\"widget\" data-e-type=\"widget\" data-widget_type=\"text-editor.default\">\n\t\t\t\t<div class=\"elementor-widget-container\">\n\t\t\t\t\t\t\t\t\t<p><span style=\"font-weight: 400;\">Momentan befindet sich das Konzept, das vom Bundesministerium f\u00fcr Ern\u00e4hrung und Landwirtschaft gef\u00f6rdert wird, in einer Testphase, zwei Kommunen in Baden-W\u00fcrttemberg setzen das Modell seit 2019 um. Allerdings zeigt sich in der Praxis auch, dass manche Patientinnen und Patienten Ber\u00fchrungs\u00e4ngste mit dem digitalen Arztbesuch haben. Der ist hierzulande auch immer noch die Ausnahme: Zwar geh\u00f6ren Video-Sprechstunden mittlerweile h\u00e4ufiger zum Leistungsspektrum der Praxen, lassen sich unter bestimmten Voraussetzungen \u00fcber die Krankenkasse abrechnen und werden in Pandemiezeiten st\u00e4rker nachgefragt. Doch noch 2021 hatten laut einer <\/span><strong><a href=\"https:\/\/www.bitkom.org\/Presse\/Presseinformation\/Digitale-Gesundheitsangebote-werden-den-Deutschen-waehrend-Corona-sehr-viel-wichtiger\">BITKOM-Befragung<\/a><\/strong><span style=\"font-weight: 400;\"> erst 14 Prozent der Menschen in Deutschland tats\u00e4chlich schon einmal eine Online-Sprechstunde besucht. Die OhneArztPraxis funktioniert daher zun\u00e4chst als zus\u00e4tzliches Angebot. \u201eManch einer sagt: Mich st\u00f6rt das nicht, wenn ich 20 Kilometer zum Arzt fahren muss und dann ein bis zwei Stunden im Wartezimmer sitze. Das ist mir der pers\u00f6nliche Austausch wert. Das ist v\u00f6llig in Ordnung\u201c, sagt Dr. Tobias Gantner, Gr\u00fcnder der <\/span><strong><a href=\"https:\/\/www.deutsche-glasfaser.de\/blog\/healthcare-makermobil-nutzen-trifft-neugier\/\">HealthCare Futurists<\/a><\/strong><span style=\"font-weight: 400;\"> und Gesch\u00e4ftsf\u00fchrer der PhilonMed GmbH, die das Praxiskonzept entwickelt und umgesetzt hat. <\/span><\/p>\t\t\t\t\t\t\t\t<\/div>\n\t\t\t\t<\/div>\n\t\t\t\t<div class=\"elementor-element elementor-element-b9f5f59 elementor-widget elementor-widget-spacer\" data-id=\"b9f5f59\" data-element_type=\"widget\" data-e-type=\"widget\" data-widget_type=\"spacer.default\">\n\t\t\t\t<div class=\"elementor-widget-container\">\n\t\t\t\t\t\t\t<div class=\"elementor-spacer\">\n\t\t\t<div class=\"elementor-spacer-inner\"><\/div>\n\t\t<\/div>\n\t\t\t\t\t\t<\/div>\n\t\t\t\t<\/div>\n\t\t\t\t<div class=\"elementor-element elementor-element-54b56e3 elementor-position-top elementor-widget elementor-widget-image-box\" data-id=\"54b56e3\" data-element_type=\"widget\" data-e-type=\"widget\" data-widget_type=\"image-box.default\">\n\t\t\t\t<div class=\"elementor-widget-container\">\n\t\t\t\t\t<div class=\"elementor-image-box-wrapper\"><figure class=\"elementor-image-box-img\"><a href=\"http:\/\/stagram.com\/digitales_buergernetz\/\" tabindex=\"-1\"><img decoding=\"async\" width=\"150\" height=\"150\" src=\"https:\/\/www.deutsche-glasfaser.de\/blog\/wp-content\/uploads\/2021\/11\/instagram-logo_himmel-150x150.png\" class=\"attachment-thumbnail size-thumbnail wp-image-9197\" alt=\"\" srcset=\"https:\/\/www.deutsche-glasfaser.de\/blog\/wp-content\/uploads\/2021\/11\/instagram-logo_himmel-150x150.png 150w, https:\/\/www.deutsche-glasfaser.de\/blog\/wp-content\/uploads\/2021\/11\/instagram-logo_himmel-300x300.png 300w, https:\/\/www.deutsche-glasfaser.de\/blog\/wp-content\/uploads\/2021\/11\/instagram-logo_himmel.png 600w\" sizes=\"(max-width: 150px) 100vw, 150px\" \/><\/a><\/figure><div class=\"elementor-image-box-content\"><h3 class=\"elementor-image-box-title\"><a href=\"http:\/\/stagram.com\/digitales_buergernetz\/\">Das digitale B\u00fcrgernetz<\/a><\/h3><p class=\"elementor-image-box-description\">Neues aus dem Digitalen B\u00fcrgernetz auf Instagram<\/p><\/div><\/div>\t\t\t\t<\/div>\n\t\t\t\t<\/div>\n\t\t\t\t<div class=\"elementor-element elementor-element-6c985a1 elementor-widget elementor-widget-spacer\" data-id=\"6c985a1\" data-element_type=\"widget\" data-e-type=\"widget\" data-widget_type=\"spacer.default\">\n\t\t\t\t<div class=\"elementor-widget-container\">\n\t\t\t\t\t\t\t<div class=\"elementor-spacer\">\n\t\t\t<div class=\"elementor-spacer-inner\"><\/div>\n\t\t<\/div>\n\t\t\t\t\t\t<\/div>\n\t\t\t\t<\/div>\n\t\t\t\t<div class=\"elementor-element elementor-element-b883a73 elementor-widget elementor-widget-heading\" data-id=\"b883a73\" data-element_type=\"widget\" data-e-type=\"widget\" data-widget_type=\"heading.default\">\n\t\t\t\t<div class=\"elementor-widget-container\">\n\t\t\t\t\t<h2 class=\"elementor-heading-title elementor-size-xl\">Neue Technologie, die Prozesse ver\u00e4ndert<\/h2>\t\t\t\t<\/div>\n\t\t\t\t<\/div>\n\t\t\t\t<div class=\"elementor-element elementor-element-ce58aeb elementor-widget elementor-widget-spacer\" data-id=\"ce58aeb\" data-element_type=\"widget\" data-e-type=\"widget\" data-widget_type=\"spacer.default\">\n\t\t\t\t<div class=\"elementor-widget-container\">\n\t\t\t\t\t\t\t<div class=\"elementor-spacer\">\n\t\t\t<div class=\"elementor-spacer-inner\"><\/div>\n\t\t<\/div>\n\t\t\t\t\t\t<\/div>\n\t\t\t\t<\/div>\n\t\t\t\t<div class=\"elementor-element elementor-element-6a8bf33 elementor-widget elementor-widget-text-editor\" data-id=\"6a8bf33\" data-element_type=\"widget\" data-e-type=\"widget\" data-widget_type=\"text-editor.default\">\n\t\t\t\t<div class=\"elementor-widget-container\">\n\t\t\t\t\t\t\t\t\t<p><span style=\"font-weight: 400;\">Oft sind diese Distanzen aber ein Problem, gerade, wenn Busverbindungen fehlen. \u201eAndere wollen oder k\u00f6nnen aber nicht f\u00fcr jeden Verbandswechsel 20 Kilometer fahren und m\u00f6chten lieber eine Versorgung vor Ort haben. F\u00fcr diese Menschen wollen wir da sein: f\u00fcr diejenigen, die mit der Situation, so wie sie ist, nicht zufrieden sind.\u201c Das neue Modell kann dadurch auch zur Verbesserung der medizinischen Versorgung in kleineren Kommunen beitragen. \u201eDie OhneArztPraxis f\u00fcgt sich dabei in ein Behandlungskontinuum ein, das in der H\u00e4uslichkeit der Patienten beginnt und eben nicht immer als n\u00e4chsten Schritt die ferne Arztpraxis oder das noch fernere Krankenhaus ben\u00f6tigt\u201c, sagt Dr. Tobias Gantner. \u201eAn dieser Schnittstelle sehe ich digitale Transformation: neue Technologie, die Prozesse ver\u00e4ndert und nicht blo\u00df alte Prozesse, weil sie analog nicht mehr funktionieren, digital nachbaut.\u201c So versteht sich die OhneArztPraxis als \u201ePraxis as a Service\u201c, die allen regionalen und \u00fcberregionalen \u00c4rztinnen und \u00c4rzten und deren Patienten offensteht, die Pflegekraft dort agiert selbstst\u00e4ndig \u2013 wodurch auch der Pflegeberuf erneuert und gest\u00e4rkt wird. \u201eDas sind gerade sehr hei\u00dfe politische Themen\u201c, sagt Dr. Tobias Gantner. \u201eAber wir haben zu lang weggeschaut und m\u00fcssen uns diesen Herausforderungen stellen.\u201c <\/span><\/p>\t\t\t\t\t\t\t\t<\/div>\n\t\t\t\t<\/div>\n\t\t\t\t<div class=\"elementor-element elementor-element-cc6ae7b elementor-widget elementor-widget-spacer\" data-id=\"cc6ae7b\" data-element_type=\"widget\" data-e-type=\"widget\" data-widget_type=\"spacer.default\">\n\t\t\t\t<div class=\"elementor-widget-container\">\n\t\t\t\t\t\t\t<div class=\"elementor-spacer\">\n\t\t\t<div class=\"elementor-spacer-inner\"><\/div>\n\t\t<\/div>\n\t\t\t\t\t\t<\/div>\n\t\t\t\t<\/div>\n\t\t\t\t<div class=\"elementor-element elementor-element-c79671e elementor-widget elementor-widget-heading\" data-id=\"c79671e\" data-element_type=\"widget\" data-e-type=\"widget\" data-widget_type=\"heading.default\">\n\t\t\t\t<div class=\"elementor-widget-container\">\n\t\t\t\t\t<h2 class=\"elementor-heading-title elementor-size-xl\">Mehr erfahren<\/h2>\t\t\t\t<\/div>\n\t\t\t\t<\/div>\n\t\t\t\t<div class=\"elementor-element elementor-element-383d5e5 elementor-widget elementor-widget-spacer\" data-id=\"383d5e5\" data-element_type=\"widget\" data-e-type=\"widget\" data-widget_type=\"spacer.default\">\n\t\t\t\t<div class=\"elementor-widget-container\">\n\t\t\t\t\t\t\t<div class=\"elementor-spacer\">\n\t\t\t<div class=\"elementor-spacer-inner\"><\/div>\n\t\t<\/div>\n\t\t\t\t\t\t<\/div>\n\t\t\t\t<\/div>\n\t\t\t\t<section class=\"elementor-section elementor-inner-section elementor-element elementor-element-34eb4e0 elementor-section-boxed elementor-section-height-default elementor-section-height-default\" data-id=\"34eb4e0\" data-element_type=\"section\" data-e-type=\"section\">\n\t\t\t\t\t\t<div class=\"elementor-container elementor-column-gap-default\">\n\t\t\t\t\t<div class=\"elementor-column elementor-col-50 elementor-inner-column elementor-element elementor-element-af0916d\" data-id=\"af0916d\" data-element_type=\"column\" data-e-type=\"column\">\n\t\t\t<div class=\"elementor-widget-wrap elementor-element-populated\">\n\t\t\t\t\t\t<div class=\"elementor-element elementor-element-bb33705 elementor-widget elementor-widget-image\" data-id=\"bb33705\" data-element_type=\"widget\" data-e-type=\"widget\" data-widget_type=\"image.default\">\n\t\t\t\t<div class=\"elementor-widget-container\">\n\t\t\t\t\t\t\t\t\t\t\t\t<figure class=\"wp-caption\">\n\t\t\t\t\t\t\t\t\t\t<img decoding=\"async\" width=\"300\" height=\"216\" src=\"https:\/\/www.deutsche-glasfaser.de\/blog\/wp-content\/uploads\/2022\/03\/welcome-300x216.png\" class=\"attachment-medium size-medium wp-image-9599\" alt=\"ein Praxisschild weist auf die Diagnostische Sprechstunde der OhneArztPraxis hin.\" srcset=\"https:\/\/www.deutsche-glasfaser.de\/blog\/wp-content\/uploads\/2022\/03\/welcome-300x216.png 300w, https:\/\/www.deutsche-glasfaser.de\/blog\/wp-content\/uploads\/2022\/03\/welcome-768x553.png 768w, https:\/\/www.deutsche-glasfaser.de\/blog\/wp-content\/uploads\/2022\/03\/welcome.png 788w\" sizes=\"(max-width: 300px) 100vw, 300px\" \/>\t\t\t\t\t\t\t\t\t\t\t<figcaption class=\"widget-image-caption wp-caption-text\">Hat das Potenzial, die medizinische Versorgung auch in kleinen Kommunen zu verbessern: die OhneArztPraxis.\n\u00a9 TeleMedicon\/ HealthCare Futurists<\/figcaption>\n\t\t\t\t\t\t\t\t\t\t<\/figure>\n\t\t\t\t\t\t\t\t\t<\/div>\n\t\t\t\t<\/div>\n\t\t\t\t\t<\/div>\n\t\t<\/div>\n\t\t\t\t<div class=\"elementor-column elementor-col-50 elementor-inner-column elementor-element elementor-element-57536b9\" data-id=\"57536b9\" data-element_type=\"column\" data-e-type=\"column\">\n\t\t\t<div class=\"elementor-widget-wrap elementor-element-populated\">\n\t\t\t\t\t\t<div class=\"elementor-element elementor-element-c503e09 elementor-widget elementor-widget-spacer\" data-id=\"c503e09\" data-element_type=\"widget\" data-e-type=\"widget\" data-widget_type=\"spacer.default\">\n\t\t\t\t<div class=\"elementor-widget-container\">\n\t\t\t\t\t\t\t<div class=\"elementor-spacer\">\n\t\t\t<div class=\"elementor-spacer-inner\"><\/div>\n\t\t<\/div>\n\t\t\t\t\t\t<\/div>\n\t\t\t\t<\/div>\n\t\t\t\t<div class=\"elementor-element elementor-element-317bc70 elementor-widget elementor-widget-text-editor\" data-id=\"317bc70\" data-element_type=\"widget\" data-e-type=\"widget\" data-widget_type=\"text-editor.default\">\n\t\t\t\t<div class=\"elementor-widget-container\">\n\t\t\t\t\t\t\t\t\t<p><span style=\"font-weight: 400;\">Das Konzept der OhneArztPraxis wird laufend weiterentwickelt. Derzeit ist auch eine OhneFacharztPraxis (Neurologie) im Praxisbetrieb, au\u00dferdem sollen k\u00fcnftig Digitale Residenzpraxen in Altenheimen eingerichtet werden. <\/span><span style=\"font-weight: 400;\">Hier erfahren Sie mehr \u00fcber die <\/span><strong><a href=\"http:\/\/ohnearztpraxis.de\/\">OhneArztPraxis<\/a><\/strong><\/p>\t\t\t\t\t\t\t\t<\/div>\n\t\t\t\t<\/div>\n\t\t\t\t\t<\/div>\n\t\t<\/div>\n\t\t\t\t\t<\/div>\n\t\t<\/section>\n\t\t\t\t\t<\/div>\n\t\t<\/div>\n\t\t\t\t\t<\/div>\n\t\t<\/section>\n\t\t\t\t<\/div>\n\t\t","protected":false},"excerpt":{"rendered":"<p>Um dem \u00c4rztemangel in l\u00e4ndlichen Regionen zu begegnen, sind innovative L\u00f6sungen gefragt \u2013 wie die OhneArztPraxis. \u00c4rztinnen oder \u00c4rzte sind dort nur auf dem Bildschirm pr\u00e4sent. Den Kontakt mit den Patientinnen und Patienten vor Ort halten ausgebildete Fachkr\u00e4fte.<\/p>\n","protected":false},"author":5,"featured_media":9598,"comment_status":"open","ping_status":"open","sticky":false,"template":"","format":"standard","meta":{"footnotes":""},"categories":[66],"tags":[],"class_list":["post-9597","post","type-post","status-publish","format-standard","has-post-thumbnail","hentry","category-gesundheit"],"yoast_head":"<!-- This site is optimized with the Yoast SEO plugin v27.5 - https:\/\/yoast.com\/product\/yoast-seo-wordpress\/ -->\n<title>OhneArztPraxis: Wie ein Arztbesuch digital aussehen kann - Digitales B\u00fcrgernetz<\/title>\n<meta name=\"description\" content=\"Digitaler Arztbesuch bei der OhneArztPraxis: Wie eine Online-Sprechstunde beim Arzt funktionieren kann \u2013 auch ohne Arztpraxis vor Ort\" \/>\n<meta name=\"robots\" content=\"index, follow, max-snippet:-1, max-image-preview:large, max-video-preview:-1\" \/>\n<link rel=\"canonical\" href=\"https:\/\/www.deutsche-glasfaser.de\/blog\/digitale-sprechstunde-in-der-ohnearztpraxis\/\" \/>\n<meta property=\"og:locale\" content=\"de_DE\" \/>\n<meta property=\"og:type\" content=\"article\" \/>\n<meta property=\"og:title\" content=\"OhneArztPraxis: Wie ein Arztbesuch digital aussehen kann - Digitales B\u00fcrgernetz\" \/>\n<meta property=\"og:description\" content=\"Digitaler Arztbesuch bei der OhneArztPraxis: Wie eine Online-Sprechstunde beim Arzt funktionieren kann \u2013 auch ohne Arztpraxis vor Ort\" \/>\n<meta property=\"og:url\" content=\"https:\/\/www.deutsche-glasfaser.de\/blog\/digitale-sprechstunde-in-der-ohnearztpraxis\/\" \/>\n<meta property=\"og:site_name\" content=\"Digitales B\u00fcrgernetz\" \/>\n<meta property=\"article:published_time\" content=\"2022-03-03T10:06:30+00:00\" \/>\n<meta property=\"article:modified_time\" content=\"2022-03-03T10:06:31+00:00\" \/>\n<meta property=\"og:image\" content=\"https:\/\/www.deutsche-glasfaser.de\/blog\/wp-content\/uploads\/2022\/03\/OhneArzt.png\" \/>\n\t<meta property=\"og:image:width\" content=\"1500\" \/>\n\t<meta property=\"og:image:height\" content=\"705\" \/>\n\t<meta property=\"og:image:type\" content=\"image\/png\" \/>\n<meta name=\"author\" content=\"Deutsche Glasfaser\" \/>\n<meta name=\"twitter:card\" content=\"summary_large_image\" \/>\n<meta name=\"twitter:label1\" content=\"Verfasst von\" \/>\n\t<meta name=\"twitter:data1\" content=\"Deutsche Glasfaser\" \/>\n\t<meta name=\"twitter:label2\" content=\"Gesch\u00e4tzte Lesezeit\" \/>\n\t<meta name=\"twitter:data2\" content=\"6\u00a0Minuten\" \/>\n<script type=\"application\/ld+json\" class=\"yoast-schema-graph\">{\"@context\":\"https:\\\/\\\/schema.org\",\"@graph\":[{\"@type\":\"Article\",\"@id\":\"https:\\\/\\\/www.deutsche-glasfaser.de\\\/blog\\\/digitale-sprechstunde-in-der-ohnearztpraxis\\\/#article\",\"isPartOf\":{\"@id\":\"https:\\\/\\\/www.deutsche-glasfaser.de\\\/blog\\\/digitale-sprechstunde-in-der-ohnearztpraxis\\\/\"},\"author\":{\"name\":\"Deutsche Glasfaser\",\"@id\":\"https:\\\/\\\/www.deutsche-glasfaser.de\\\/blog\\\/#\\\/schema\\\/person\\\/9380a6dc7443d77143d0c66c409f574b\"},\"headline\":\"Digitale Sprechstunde: in der OhneArztPraxis\",\"datePublished\":\"2022-03-03T10:06:30+00:00\",\"dateModified\":\"2022-03-03T10:06:31+00:00\",\"mainEntityOfPage\":{\"@id\":\"https:\\\/\\\/www.deutsche-glasfaser.de\\\/blog\\\/digitale-sprechstunde-in-der-ohnearztpraxis\\\/\"},\"wordCount\":947,\"commentCount\":0,\"publisher\":{\"@id\":\"https:\\\/\\\/www.deutsche-glasfaser.de\\\/blog\\\/#organization\"},\"image\":{\"@id\":\"https:\\\/\\\/www.deutsche-glasfaser.de\\\/blog\\\/digitale-sprechstunde-in-der-ohnearztpraxis\\\/#primaryimage\"},\"thumbnailUrl\":\"https:\\\/\\\/www.deutsche-glasfaser.de\\\/blog\\\/wp-content\\\/uploads\\\/2022\\\/03\\\/OhneArzt.png\",\"articleSection\":[\"#Gesundheit\"],\"inLanguage\":\"de\",\"potentialAction\":[{\"@type\":\"CommentAction\",\"name\":\"Comment\",\"target\":[\"https:\\\/\\\/www.deutsche-glasfaser.de\\\/blog\\\/digitale-sprechstunde-in-der-ohnearztpraxis\\\/#respond\"]}]},{\"@type\":\"WebPage\",\"@id\":\"https:\\\/\\\/www.deutsche-glasfaser.de\\\/blog\\\/digitale-sprechstunde-in-der-ohnearztpraxis\\\/\",\"url\":\"https:\\\/\\\/www.deutsche-glasfaser.de\\\/blog\\\/digitale-sprechstunde-in-der-ohnearztpraxis\\\/\",\"name\":\"OhneArztPraxis: Wie ein Arztbesuch digital aussehen kann - Digitales B\u00fcrgernetz\",\"isPartOf\":{\"@id\":\"https:\\\/\\\/www.deutsche-glasfaser.de\\\/blog\\\/#website\"},\"primaryImageOfPage\":{\"@id\":\"https:\\\/\\\/www.deutsche-glasfaser.de\\\/blog\\\/digitale-sprechstunde-in-der-ohnearztpraxis\\\/#primaryimage\"},\"image\":{\"@id\":\"https:\\\/\\\/www.deutsche-glasfaser.de\\\/blog\\\/digitale-sprechstunde-in-der-ohnearztpraxis\\\/#primaryimage\"},\"thumbnailUrl\":\"https:\\\/\\\/www.deutsche-glasfaser.de\\\/blog\\\/wp-content\\\/uploads\\\/2022\\\/03\\\/OhneArzt.png\",\"datePublished\":\"2022-03-03T10:06:30+00:00\",\"dateModified\":\"2022-03-03T10:06:31+00:00\",\"description\":\"Digitaler Arztbesuch bei der OhneArztPraxis: Wie eine Online-Sprechstunde beim Arzt funktionieren kann \u2013 auch ohne Arztpraxis vor Ort\",\"inLanguage\":\"de\",\"potentialAction\":[{\"@type\":\"ReadAction\",\"target\":[\"https:\\\/\\\/www.deutsche-glasfaser.de\\\/blog\\\/digitale-sprechstunde-in-der-ohnearztpraxis\\\/\"]}]},{\"@type\":\"ImageObject\",\"inLanguage\":\"de\",\"@id\":\"https:\\\/\\\/www.deutsche-glasfaser.de\\\/blog\\\/digitale-sprechstunde-in-der-ohnearztpraxis\\\/#primaryimage\",\"url\":\"https:\\\/\\\/www.deutsche-glasfaser.de\\\/blog\\\/wp-content\\\/uploads\\\/2022\\\/03\\\/OhneArzt.png\",\"contentUrl\":\"https:\\\/\\\/www.deutsche-glasfaser.de\\\/blog\\\/wp-content\\\/uploads\\\/2022\\\/03\\\/OhneArzt.png\",\"width\":1500,\"height\":705,\"caption\":\"In l\u00e4ndlichen R\u00e4umen, wo der Bus selten oder gar nicht f\u00e4hrt, kann die OhneArztPraxis Patienten Wege ersparen. \u00a9 TeleMedicon\\\/ HealthCare Futurists\"},{\"@type\":\"WebSite\",\"@id\":\"https:\\\/\\\/www.deutsche-glasfaser.de\\\/blog\\\/#website\",\"url\":\"https:\\\/\\\/www.deutsche-glasfaser.de\\\/blog\\\/\",\"name\":\"Digitales B\u00fcrgernetz\",\"description\":\"Deutsche Glasfaser Blog\",\"publisher\":{\"@id\":\"https:\\\/\\\/www.deutsche-glasfaser.de\\\/blog\\\/#organization\"},\"potentialAction\":[{\"@type\":\"SearchAction\",\"target\":{\"@type\":\"EntryPoint\",\"urlTemplate\":\"https:\\\/\\\/www.deutsche-glasfaser.de\\\/blog\\\/?s={search_term_string}\"},\"query-input\":{\"@type\":\"PropertyValueSpecification\",\"valueRequired\":true,\"valueName\":\"search_term_string\"}}],\"inLanguage\":\"de\"},{\"@type\":\"Organization\",\"@id\":\"https:\\\/\\\/www.deutsche-glasfaser.de\\\/blog\\\/#organization\",\"name\":\"Digitales B\u00fcrgernetz\",\"url\":\"https:\\\/\\\/www.deutsche-glasfaser.de\\\/blog\\\/\",\"logo\":{\"@type\":\"ImageObject\",\"inLanguage\":\"de\",\"@id\":\"https:\\\/\\\/www.deutsche-glasfaser.de\\\/blog\\\/#\\\/schema\\\/logo\\\/image\\\/\",\"url\":\"https:\\\/\\\/www.deutsche-glasfaser.de\\\/blog\\\/wp-content\\\/uploads\\\/2021\\\/08\\\/DGF_Logo_Basis_RGB-Large@2x.png\",\"contentUrl\":\"https:\\\/\\\/www.deutsche-glasfaser.de\\\/blog\\\/wp-content\\\/uploads\\\/2021\\\/08\\\/DGF_Logo_Basis_RGB-Large@2x.png\",\"width\":312,\"height\":104,\"caption\":\"Digitales B\u00fcrgernetz\"},\"image\":{\"@id\":\"https:\\\/\\\/www.deutsche-glasfaser.de\\\/blog\\\/#\\\/schema\\\/logo\\\/image\\\/\"}},{\"@type\":\"Person\",\"@id\":\"https:\\\/\\\/www.deutsche-glasfaser.de\\\/blog\\\/#\\\/schema\\\/person\\\/9380a6dc7443d77143d0c66c409f574b\",\"name\":\"Deutsche Glasfaser\"}]}<\/script>\n<!-- \/ Yoast SEO plugin. -->","yoast_head_json":{"title":"OhneArztPraxis: Wie ein Arztbesuch digital aussehen kann - Digitales B\u00fcrgernetz","description":"Digitaler Arztbesuch bei der OhneArztPraxis: Wie eine Online-Sprechstunde beim Arzt funktionieren kann \u2013 auch ohne Arztpraxis vor Ort","robots":{"index":"index","follow":"follow","max-snippet":"max-snippet:-1","max-image-preview":"max-image-preview:large","max-video-preview":"max-video-preview:-1"},"canonical":"https:\/\/www.deutsche-glasfaser.de\/blog\/digitale-sprechstunde-in-der-ohnearztpraxis\/","og_locale":"de_DE","og_type":"article","og_title":"OhneArztPraxis: Wie ein Arztbesuch digital aussehen kann - Digitales B\u00fcrgernetz","og_description":"Digitaler Arztbesuch bei der OhneArztPraxis: Wie eine Online-Sprechstunde beim Arzt funktionieren kann \u2013 auch ohne Arztpraxis vor Ort","og_url":"https:\/\/www.deutsche-glasfaser.de\/blog\/digitale-sprechstunde-in-der-ohnearztpraxis\/","og_site_name":"Digitales B\u00fcrgernetz","article_published_time":"2022-03-03T10:06:30+00:00","article_modified_time":"2022-03-03T10:06:31+00:00","og_image":[{"width":1500,"height":705,"url":"https:\/\/www.deutsche-glasfaser.de\/blog\/wp-content\/uploads\/2022\/03\/OhneArzt.png","type":"image\/png"}],"author":"Deutsche Glasfaser","twitter_card":"summary_large_image","twitter_misc":{"Verfasst von":"Deutsche Glasfaser","Gesch\u00e4tzte Lesezeit":"6\u00a0Minuten"},"schema":{"@context":"https:\/\/schema.org","@graph":[{"@type":"Article","@id":"https:\/\/www.deutsche-glasfaser.de\/blog\/digitale-sprechstunde-in-der-ohnearztpraxis\/#article","isPartOf":{"@id":"https:\/\/www.deutsche-glasfaser.de\/blog\/digitale-sprechstunde-in-der-ohnearztpraxis\/"},"author":{"name":"Deutsche Glasfaser","@id":"https:\/\/www.deutsche-glasfaser.de\/blog\/#\/schema\/person\/9380a6dc7443d77143d0c66c409f574b"},"headline":"Digitale Sprechstunde: in der OhneArztPraxis","datePublished":"2022-03-03T10:06:30+00:00","dateModified":"2022-03-03T10:06:31+00:00","mainEntityOfPage":{"@id":"https:\/\/www.deutsche-glasfaser.de\/blog\/digitale-sprechstunde-in-der-ohnearztpraxis\/"},"wordCount":947,"commentCount":0,"publisher":{"@id":"https:\/\/www.deutsche-glasfaser.de\/blog\/#organization"},"image":{"@id":"https:\/\/www.deutsche-glasfaser.de\/blog\/digitale-sprechstunde-in-der-ohnearztpraxis\/#primaryimage"},"thumbnailUrl":"https:\/\/www.deutsche-glasfaser.de\/blog\/wp-content\/uploads\/2022\/03\/OhneArzt.png","articleSection":["#Gesundheit"],"inLanguage":"de","potentialAction":[{"@type":"CommentAction","name":"Comment","target":["https:\/\/www.deutsche-glasfaser.de\/blog\/digitale-sprechstunde-in-der-ohnearztpraxis\/#respond"]}]},{"@type":"WebPage","@id":"https:\/\/www.deutsche-glasfaser.de\/blog\/digitale-sprechstunde-in-der-ohnearztpraxis\/","url":"https:\/\/www.deutsche-glasfaser.de\/blog\/digitale-sprechstunde-in-der-ohnearztpraxis\/","name":"OhneArztPraxis: Wie ein Arztbesuch digital aussehen kann - Digitales B\u00fcrgernetz","isPartOf":{"@id":"https:\/\/www.deutsche-glasfaser.de\/blog\/#website"},"primaryImageOfPage":{"@id":"https:\/\/www.deutsche-glasfaser.de\/blog\/digitale-sprechstunde-in-der-ohnearztpraxis\/#primaryimage"},"image":{"@id":"https:\/\/www.deutsche-glasfaser.de\/blog\/digitale-sprechstunde-in-der-ohnearztpraxis\/#primaryimage"},"thumbnailUrl":"https:\/\/www.deutsche-glasfaser.de\/blog\/wp-content\/uploads\/2022\/03\/OhneArzt.png","datePublished":"2022-03-03T10:06:30+00:00","dateModified":"2022-03-03T10:06:31+00:00","description":"Digitaler Arztbesuch bei der OhneArztPraxis: Wie eine Online-Sprechstunde beim Arzt funktionieren kann \u2013 auch ohne Arztpraxis vor Ort","inLanguage":"de","potentialAction":[{"@type":"ReadAction","target":["https:\/\/www.deutsche-glasfaser.de\/blog\/digitale-sprechstunde-in-der-ohnearztpraxis\/"]}]},{"@type":"ImageObject","inLanguage":"de","@id":"https:\/\/www.deutsche-glasfaser.de\/blog\/digitale-sprechstunde-in-der-ohnearztpraxis\/#primaryimage","url":"https:\/\/www.deutsche-glasfaser.de\/blog\/wp-content\/uploads\/2022\/03\/OhneArzt.png","contentUrl":"https:\/\/www.deutsche-glasfaser.de\/blog\/wp-content\/uploads\/2022\/03\/OhneArzt.png","width":1500,"height":705,"caption":"In l\u00e4ndlichen R\u00e4umen, wo der Bus selten oder gar nicht f\u00e4hrt, kann die OhneArztPraxis Patienten Wege ersparen. \u00a9 TeleMedicon\/ HealthCare Futurists"},{"@type":"WebSite","@id":"https:\/\/www.deutsche-glasfaser.de\/blog\/#website","url":"https:\/\/www.deutsche-glasfaser.de\/blog\/","name":"Digitales B\u00fcrgernetz","description":"Deutsche Glasfaser Blog","publisher":{"@id":"https:\/\/www.deutsche-glasfaser.de\/blog\/#organization"},"potentialAction":[{"@type":"SearchAction","target":{"@type":"EntryPoint","urlTemplate":"https:\/\/www.deutsche-glasfaser.de\/blog\/?s={search_term_string}"},"query-input":{"@type":"PropertyValueSpecification","valueRequired":true,"valueName":"search_term_string"}}],"inLanguage":"de"},{"@type":"Organization","@id":"https:\/\/www.deutsche-glasfaser.de\/blog\/#organization","name":"Digitales B\u00fcrgernetz","url":"https:\/\/www.deutsche-glasfaser.de\/blog\/","logo":{"@type":"ImageObject","inLanguage":"de","@id":"https:\/\/www.deutsche-glasfaser.de\/blog\/#\/schema\/logo\/image\/","url":"https:\/\/www.deutsche-glasfaser.de\/blog\/wp-content\/uploads\/2021\/08\/DGF_Logo_Basis_RGB-Large@2x.png","contentUrl":"https:\/\/www.deutsche-glasfaser.de\/blog\/wp-content\/uploads\/2021\/08\/DGF_Logo_Basis_RGB-Large@2x.png","width":312,"height":104,"caption":"Digitales B\u00fcrgernetz"},"image":{"@id":"https:\/\/www.deutsche-glasfaser.de\/blog\/#\/schema\/logo\/image\/"}},{"@type":"Person","@id":"https:\/\/www.deutsche-glasfaser.de\/blog\/#\/schema\/person\/9380a6dc7443d77143d0c66c409f574b","name":"Deutsche Glasfaser"}]}},"_links":{"self":[{"href":"https:\/\/www.deutsche-glasfaser.de\/blog\/wp-json\/wp\/v2\/posts\/9597","targetHints":{"allow":["GET"]}}],"collection":[{"href":"https:\/\/www.deutsche-glasfaser.de\/blog\/wp-json\/wp\/v2\/posts"}],"about":[{"href":"https:\/\/www.deutsche-glasfaser.de\/blog\/wp-json\/wp\/v2\/types\/post"}],"author":[{"embeddable":true,"href":"https:\/\/www.deutsche-glasfaser.de\/blog\/wp-json\/wp\/v2\/users\/5"}],"replies":[{"embeddable":true,"href":"https:\/\/www.deutsche-glasfaser.de\/blog\/wp-json\/wp\/v2\/comments?post=9597"}],"version-history":[{"count":6,"href":"https:\/\/www.deutsche-glasfaser.de\/blog\/wp-json\/wp\/v2\/posts\/9597\/revisions"}],"predecessor-version":[{"id":9606,"href":"https:\/\/www.deutsche-glasfaser.de\/blog\/wp-json\/wp\/v2\/posts\/9597\/revisions\/9606"}],"wp:featuredmedia":[{"embeddable":true,"href":"https:\/\/www.deutsche-glasfaser.de\/blog\/wp-json\/wp\/v2\/media\/9598"}],"wp:attachment":[{"href":"https:\/\/www.deutsche-glasfaser.de\/blog\/wp-json\/wp\/v2\/media?parent=9597"}],"wp:term":[{"taxonomy":"category","embeddable":true,"href":"https:\/\/www.deutsche-glasfaser.de\/blog\/wp-json\/wp\/v2\/categories?post=9597"},{"taxonomy":"post_tag","embeddable":true,"href":"https:\/\/www.deutsche-glasfaser.de\/blog\/wp-json\/wp\/v2\/tags?post=9597"}],"curies":[{"name":"wp","href":"https:\/\/api.w.org\/{rel}","templated":true}]}}