{"id":950,"date":"2020-08-19T08:44:45","date_gmt":"2020-08-19T08:44:45","guid":{"rendered":"https:\/\/www.deutsche-glasfaser.de\/blog\/dgblog-snapshot-20190819123943\/?p=950"},"modified":"2025-12-11T15:03:02","modified_gmt":"2025-12-11T14:03:02","slug":"erleben-wir-gerade-den-durchbruch-der-digitalen-medizin","status":"publish","type":"post","link":"https:\/\/www.deutsche-glasfaser.de\/blog\/erleben-wir-gerade-den-durchbruch-der-digitalen-medizin\/","title":{"rendered":"Erleben wir gerade den Durchbruch der digitalen Medizin?"},"content":{"rendered":"\t\t<div data-elementor-type=\"wp-post\" data-elementor-id=\"950\" class=\"elementor elementor-950\">\n\t\t\t\t\t\t<section class=\"elementor-section elementor-top-section elementor-element elementor-element-b9a8ab6 elementor-section-boxed elementor-section-height-default elementor-section-height-default\" data-id=\"b9a8ab6\" data-element_type=\"section\" data-e-type=\"section\">\n\t\t\t\t\t\t<div class=\"elementor-container elementor-column-gap-default\">\n\t\t\t\t\t<div class=\"elementor-column elementor-col-100 elementor-top-column elementor-element elementor-element-b39b621\" data-id=\"b39b621\" data-element_type=\"column\" data-e-type=\"column\">\n\t\t\t<div class=\"elementor-widget-wrap elementor-element-populated\">\n\t\t\t\t\t\t<div class=\"elementor-element elementor-element-7c05f4e elementor-widget elementor-widget-text-editor\" data-id=\"7c05f4e\" data-element_type=\"widget\" data-e-type=\"widget\" data-widget_type=\"text-editor.default\">\n\t\t\t\t<div class=\"elementor-widget-container\">\n\t\t\t\t\t\t\t\t\t<p><a href=\"https:\/\/www.deutsche-glasfaser.de\/blog\/der-digitale-wandel-auf-der-ueberholspur\/\" target=\"_blank\" rel=\"noopener\">Homeoffice<\/a>, Online Vorlesung, Schulunterricht per Videokonferenz. Viele Institutionen sind im zur\u00fcckliegenden halben Jahr dazu gezwungen fest verankerte Strukturen aufzubrechen und einen gro\u00dfen Schritt in Richtung Digitalisierung zu machen.<\/p><p>Auch die Entwicklung der digitalen Medizin (Telemedizn) erh\u00e4lt durch den landesweiten Ausnahmezustand kr\u00e4ftigen R\u00fcckenwind. Was bis vor Kurzem nach Zukunftsmusik oder Science Fiction klang, ist in den vergangenen Monaten f\u00fcr jeden von uns erlebbar geworden. Ob Krankschreibung per Telefon oder Sprechstunde per Videocall \u2013 digital und kontaktlos sind die Stichw\u00f6rter.<\/p><p>Besonders die Videosprechstunden boomen. Portale, \u00fcber welche \u00c4rzte Videosprechstunden abhalten k\u00f6nnen, die noch vor Kurzem von gerade einmal 1.500 \u00c4rzten genutzt wurden, haben heute weit \u00fcber 100.000 \u00c4rzte als Nutzer.<\/p><p>Selbstverst\u00e4ndlich werden die digitalen Dienstleistungen keinen vollst\u00e4ndigen Ersatz f\u00fcr Vor-Ort-Termine darstellen. K\u00f6rperliche Untersuchungen beispielsweise sind Stand heute keineswegs digital abbildbar. Zudem sch\u00e4tzen viele Patienten den pers\u00f6nlichen Austausch mit Ihrem Arzt und freuen sich auf ein offenes Ohr und eine professionelle Beratung im gewohnten Umfeld vertrauen zu k\u00f6nnen.<\/p><p>Routinegespr\u00e4che bei chronischen Krankheiten, Rezeptverl\u00e4ngerungen und Beratungen lassen sich allerdings bereits heute einwandfrei \u00fcber eine Videosprechstunde durchf\u00fchren.<\/p><p>Ist auch Ihr Arzt bereits digital unterwegs? Fragen Sie doch einfach mal nach.<\/p><p>Wie auch immer sich der Bereich der Telemedizin in den kommenden Wochen, Monaten und Jahren weiterentwickeln wird, mit Ihrem Glasfaseranschluss sind Sie bereits heute gewappnet f\u00fcr das, was kommt.<\/p>\t\t\t\t\t\t\t\t<\/div>\n\t\t\t\t<\/div>\n\t\t\t\t<div class=\"elementor-element elementor-element-e2aca4a elementor-widget elementor-widget-text-editor\" data-id=\"e2aca4a\" data-element_type=\"widget\" data-e-type=\"widget\" data-widget_type=\"text-editor.default\">\n\t\t\t\t<div class=\"elementor-widget-container\">\n\t\t\t\t\t\t\t\t\tQuelle: https:\/\/www.aerztezeitung.de\/Wirtschaft\/Digitalisierung-Das-Erlebnis-wird-die-Diskussion-praegen-410104.html\t\t\t\t\t\t\t\t<\/div>\n\t\t\t\t<\/div>\n\t\t\t\t\t<\/div>\n\t\t<\/div>\n\t\t\t\t\t<\/div>\n\t\t<\/section>\n\t\t\t\t<\/div>\n\t\t","protected":false},"excerpt":{"rendered":"<p>Homeoffice, Online Vorlesung, Schulunterricht per Videokonferenz. Viele Institutionen sind im zur\u00fcckliegenden halben Jahr dazu gezwungen fest verankerte Strukturen aufzubrechen und einen gro\u00dfen Schritt in Richtung Digitalisierung zu machen. Auch die Entwicklung der digitalen Medizin (Telemedizn) erh\u00e4lt durch den landesweiten Ausnahmezustand [&hellip;]<\/p>\n","protected":false},"author":5,"featured_media":6295,"comment_status":"open","ping_status":"open","sticky":false,"template":"","format":"standard","meta":{"footnotes":""},"categories":[1],"tags":[],"class_list":["post-950","post","type-post","status-publish","format-standard","has-post-thumbnail","hentry","category-service"],"yoast_head":"<!-- This site is optimized with the Yoast SEO plugin v27.5 - https:\/\/yoast.com\/product\/yoast-seo-wordpress\/ -->\n<title>Telemedizin Deutschland: Digitale Sprechstunde &amp; neue Trends<\/title>\n<meta name=\"description\" content=\"Telemedizin in Deutschland: Erfahren Sie, wie digitale Medizin den Alltag ver\u00e4ndert und welche Chancen sie bietet.\" \/>\n<meta name=\"robots\" content=\"index, follow, max-snippet:-1, max-image-preview:large, max-video-preview:-1\" \/>\n<link rel=\"canonical\" href=\"https:\/\/www.deutsche-glasfaser.de\/blog\/erleben-wir-gerade-den-durchbruch-der-digitalen-medizin\/\" \/>\n<meta property=\"og:locale\" content=\"de_DE\" \/>\n<meta property=\"og:type\" content=\"article\" \/>\n<meta property=\"og:title\" content=\"Telemedizin Deutschland: Digitale Sprechstunde &amp; neue Trends\" \/>\n<meta property=\"og:description\" content=\"Telemedizin in Deutschland: Erfahren Sie, wie digitale Medizin den Alltag ver\u00e4ndert und welche Chancen sie bietet.\" \/>\n<meta property=\"og:url\" content=\"https:\/\/www.deutsche-glasfaser.de\/blog\/erleben-wir-gerade-den-durchbruch-der-digitalen-medizin\/\" \/>\n<meta property=\"og:site_name\" content=\"Digitales B\u00fcrgernetz\" \/>\n<meta property=\"article:published_time\" content=\"2020-08-19T08:44:45+00:00\" \/>\n<meta property=\"article:modified_time\" content=\"2025-12-11T14:03:02+00:00\" \/>\n<meta property=\"og:image\" content=\"https:\/\/www.deutsche-glasfaser.de\/blog\/wp-content\/uploads\/2021\/08\/iStock-1224454909-scaled_CS.jpg\" \/>\n\t<meta property=\"og:image:width\" content=\"1500\" \/>\n\t<meta property=\"og:image:height\" content=\"970\" \/>\n\t<meta property=\"og:image:type\" content=\"image\/jpeg\" \/>\n<meta name=\"author\" content=\"Deutsche Glasfaser\" \/>\n<meta name=\"twitter:card\" content=\"summary_large_image\" \/>\n<meta name=\"twitter:label1\" content=\"Verfasst von\" \/>\n\t<meta name=\"twitter:data1\" content=\"Deutsche Glasfaser\" \/>\n\t<meta name=\"twitter:label2\" content=\"Gesch\u00e4tzte Lesezeit\" \/>\n\t<meta name=\"twitter:data2\" content=\"2\u00a0Minuten\" \/>\n<script type=\"application\/ld+json\" class=\"yoast-schema-graph\">{\"@context\":\"https:\\\/\\\/schema.org\",\"@graph\":[{\"@type\":\"Article\",\"@id\":\"https:\\\/\\\/www.deutsche-glasfaser.de\\\/blog\\\/erleben-wir-gerade-den-durchbruch-der-digitalen-medizin\\\/#article\",\"isPartOf\":{\"@id\":\"https:\\\/\\\/www.deutsche-glasfaser.de\\\/blog\\\/erleben-wir-gerade-den-durchbruch-der-digitalen-medizin\\\/\"},\"author\":{\"name\":\"Deutsche Glasfaser\",\"@id\":\"https:\\\/\\\/www.deutsche-glasfaser.de\\\/blog\\\/#\\\/schema\\\/person\\\/9380a6dc7443d77143d0c66c409f574b\"},\"headline\":\"Erleben wir gerade den Durchbruch der digitalen Medizin?\",\"datePublished\":\"2020-08-19T08:44:45+00:00\",\"dateModified\":\"2025-12-11T14:03:02+00:00\",\"mainEntityOfPage\":{\"@id\":\"https:\\\/\\\/www.deutsche-glasfaser.de\\\/blog\\\/erleben-wir-gerade-den-durchbruch-der-digitalen-medizin\\\/\"},\"wordCount\":246,\"commentCount\":0,\"publisher\":{\"@id\":\"https:\\\/\\\/www.deutsche-glasfaser.de\\\/blog\\\/#organization\"},\"image\":{\"@id\":\"https:\\\/\\\/www.deutsche-glasfaser.de\\\/blog\\\/erleben-wir-gerade-den-durchbruch-der-digitalen-medizin\\\/#primaryimage\"},\"thumbnailUrl\":\"https:\\\/\\\/www.deutsche-glasfaser.de\\\/blog\\\/wp-content\\\/uploads\\\/2021\\\/08\\\/iStock-1224454909-scaled_CS.jpg\",\"articleSection\":[\"Service\"],\"inLanguage\":\"de\",\"potentialAction\":[{\"@type\":\"CommentAction\",\"name\":\"Comment\",\"target\":[\"https:\\\/\\\/www.deutsche-glasfaser.de\\\/blog\\\/erleben-wir-gerade-den-durchbruch-der-digitalen-medizin\\\/#respond\"]}]},{\"@type\":\"WebPage\",\"@id\":\"https:\\\/\\\/www.deutsche-glasfaser.de\\\/blog\\\/erleben-wir-gerade-den-durchbruch-der-digitalen-medizin\\\/\",\"url\":\"https:\\\/\\\/www.deutsche-glasfaser.de\\\/blog\\\/erleben-wir-gerade-den-durchbruch-der-digitalen-medizin\\\/\",\"name\":\"Telemedizin Deutschland: Digitale Sprechstunde & neue Trends\",\"isPartOf\":{\"@id\":\"https:\\\/\\\/www.deutsche-glasfaser.de\\\/blog\\\/#website\"},\"primaryImageOfPage\":{\"@id\":\"https:\\\/\\\/www.deutsche-glasfaser.de\\\/blog\\\/erleben-wir-gerade-den-durchbruch-der-digitalen-medizin\\\/#primaryimage\"},\"image\":{\"@id\":\"https:\\\/\\\/www.deutsche-glasfaser.de\\\/blog\\\/erleben-wir-gerade-den-durchbruch-der-digitalen-medizin\\\/#primaryimage\"},\"thumbnailUrl\":\"https:\\\/\\\/www.deutsche-glasfaser.de\\\/blog\\\/wp-content\\\/uploads\\\/2021\\\/08\\\/iStock-1224454909-scaled_CS.jpg\",\"datePublished\":\"2020-08-19T08:44:45+00:00\",\"dateModified\":\"2025-12-11T14:03:02+00:00\",\"description\":\"Telemedizin in Deutschland: Erfahren Sie, wie digitale Medizin den Alltag ver\u00e4ndert und welche Chancen sie bietet.\",\"inLanguage\":\"de\",\"potentialAction\":[{\"@type\":\"ReadAction\",\"target\":[\"https:\\\/\\\/www.deutsche-glasfaser.de\\\/blog\\\/erleben-wir-gerade-den-durchbruch-der-digitalen-medizin\\\/\"]}]},{\"@type\":\"ImageObject\",\"inLanguage\":\"de\",\"@id\":\"https:\\\/\\\/www.deutsche-glasfaser.de\\\/blog\\\/erleben-wir-gerade-den-durchbruch-der-digitalen-medizin\\\/#primaryimage\",\"url\":\"https:\\\/\\\/www.deutsche-glasfaser.de\\\/blog\\\/wp-content\\\/uploads\\\/2021\\\/08\\\/iStock-1224454909-scaled_CS.jpg\",\"contentUrl\":\"https:\\\/\\\/www.deutsche-glasfaser.de\\\/blog\\\/wp-content\\\/uploads\\\/2021\\\/08\\\/iStock-1224454909-scaled_CS.jpg\",\"width\":1500,\"height\":970},{\"@type\":\"WebSite\",\"@id\":\"https:\\\/\\\/www.deutsche-glasfaser.de\\\/blog\\\/#website\",\"url\":\"https:\\\/\\\/www.deutsche-glasfaser.de\\\/blog\\\/\",\"name\":\"Digitales B\u00fcrgernetz\",\"description\":\"Deutsche Glasfaser Blog\",\"publisher\":{\"@id\":\"https:\\\/\\\/www.deutsche-glasfaser.de\\\/blog\\\/#organization\"},\"potentialAction\":[{\"@type\":\"SearchAction\",\"target\":{\"@type\":\"EntryPoint\",\"urlTemplate\":\"https:\\\/\\\/www.deutsche-glasfaser.de\\\/blog\\\/?s={search_term_string}\"},\"query-input\":{\"@type\":\"PropertyValueSpecification\",\"valueRequired\":true,\"valueName\":\"search_term_string\"}}],\"inLanguage\":\"de\"},{\"@type\":\"Organization\",\"@id\":\"https:\\\/\\\/www.deutsche-glasfaser.de\\\/blog\\\/#organization\",\"name\":\"Digitales B\u00fcrgernetz\",\"url\":\"https:\\\/\\\/www.deutsche-glasfaser.de\\\/blog\\\/\",\"logo\":{\"@type\":\"ImageObject\",\"inLanguage\":\"de\",\"@id\":\"https:\\\/\\\/www.deutsche-glasfaser.de\\\/blog\\\/#\\\/schema\\\/logo\\\/image\\\/\",\"url\":\"https:\\\/\\\/www.deutsche-glasfaser.de\\\/blog\\\/wp-content\\\/uploads\\\/2021\\\/08\\\/DGF_Logo_Basis_RGB-Large@2x.png\",\"contentUrl\":\"https:\\\/\\\/www.deutsche-glasfaser.de\\\/blog\\\/wp-content\\\/uploads\\\/2021\\\/08\\\/DGF_Logo_Basis_RGB-Large@2x.png\",\"width\":312,\"height\":104,\"caption\":\"Digitales B\u00fcrgernetz\"},\"image\":{\"@id\":\"https:\\\/\\\/www.deutsche-glasfaser.de\\\/blog\\\/#\\\/schema\\\/logo\\\/image\\\/\"}},{\"@type\":\"Person\",\"@id\":\"https:\\\/\\\/www.deutsche-glasfaser.de\\\/blog\\\/#\\\/schema\\\/person\\\/9380a6dc7443d77143d0c66c409f574b\",\"name\":\"Deutsche Glasfaser\"}]}<\/script>\n<!-- \/ Yoast SEO plugin. -->","yoast_head_json":{"title":"Telemedizin Deutschland: Digitale Sprechstunde & neue Trends","description":"Telemedizin in Deutschland: Erfahren Sie, wie digitale Medizin den Alltag ver\u00e4ndert und welche Chancen sie bietet.","robots":{"index":"index","follow":"follow","max-snippet":"max-snippet:-1","max-image-preview":"max-image-preview:large","max-video-preview":"max-video-preview:-1"},"canonical":"https:\/\/www.deutsche-glasfaser.de\/blog\/erleben-wir-gerade-den-durchbruch-der-digitalen-medizin\/","og_locale":"de_DE","og_type":"article","og_title":"Telemedizin Deutschland: Digitale Sprechstunde & neue Trends","og_description":"Telemedizin in Deutschland: Erfahren Sie, wie digitale Medizin den Alltag ver\u00e4ndert und welche Chancen sie bietet.","og_url":"https:\/\/www.deutsche-glasfaser.de\/blog\/erleben-wir-gerade-den-durchbruch-der-digitalen-medizin\/","og_site_name":"Digitales B\u00fcrgernetz","article_published_time":"2020-08-19T08:44:45+00:00","article_modified_time":"2025-12-11T14:03:02+00:00","og_image":[{"width":1500,"height":970,"url":"https:\/\/www.deutsche-glasfaser.de\/blog\/wp-content\/uploads\/2021\/08\/iStock-1224454909-scaled_CS.jpg","type":"image\/jpeg"}],"author":"Deutsche Glasfaser","twitter_card":"summary_large_image","twitter_misc":{"Verfasst von":"Deutsche Glasfaser","Gesch\u00e4tzte Lesezeit":"2\u00a0Minuten"},"schema":{"@context":"https:\/\/schema.org","@graph":[{"@type":"Article","@id":"https:\/\/www.deutsche-glasfaser.de\/blog\/erleben-wir-gerade-den-durchbruch-der-digitalen-medizin\/#article","isPartOf":{"@id":"https:\/\/www.deutsche-glasfaser.de\/blog\/erleben-wir-gerade-den-durchbruch-der-digitalen-medizin\/"},"author":{"name":"Deutsche Glasfaser","@id":"https:\/\/www.deutsche-glasfaser.de\/blog\/#\/schema\/person\/9380a6dc7443d77143d0c66c409f574b"},"headline":"Erleben wir gerade den Durchbruch der digitalen Medizin?","datePublished":"2020-08-19T08:44:45+00:00","dateModified":"2025-12-11T14:03:02+00:00","mainEntityOfPage":{"@id":"https:\/\/www.deutsche-glasfaser.de\/blog\/erleben-wir-gerade-den-durchbruch-der-digitalen-medizin\/"},"wordCount":246,"commentCount":0,"publisher":{"@id":"https:\/\/www.deutsche-glasfaser.de\/blog\/#organization"},"image":{"@id":"https:\/\/www.deutsche-glasfaser.de\/blog\/erleben-wir-gerade-den-durchbruch-der-digitalen-medizin\/#primaryimage"},"thumbnailUrl":"https:\/\/www.deutsche-glasfaser.de\/blog\/wp-content\/uploads\/2021\/08\/iStock-1224454909-scaled_CS.jpg","articleSection":["Service"],"inLanguage":"de","potentialAction":[{"@type":"CommentAction","name":"Comment","target":["https:\/\/www.deutsche-glasfaser.de\/blog\/erleben-wir-gerade-den-durchbruch-der-digitalen-medizin\/#respond"]}]},{"@type":"WebPage","@id":"https:\/\/www.deutsche-glasfaser.de\/blog\/erleben-wir-gerade-den-durchbruch-der-digitalen-medizin\/","url":"https:\/\/www.deutsche-glasfaser.de\/blog\/erleben-wir-gerade-den-durchbruch-der-digitalen-medizin\/","name":"Telemedizin Deutschland: Digitale Sprechstunde & neue Trends","isPartOf":{"@id":"https:\/\/www.deutsche-glasfaser.de\/blog\/#website"},"primaryImageOfPage":{"@id":"https:\/\/www.deutsche-glasfaser.de\/blog\/erleben-wir-gerade-den-durchbruch-der-digitalen-medizin\/#primaryimage"},"image":{"@id":"https:\/\/www.deutsche-glasfaser.de\/blog\/erleben-wir-gerade-den-durchbruch-der-digitalen-medizin\/#primaryimage"},"thumbnailUrl":"https:\/\/www.deutsche-glasfaser.de\/blog\/wp-content\/uploads\/2021\/08\/iStock-1224454909-scaled_CS.jpg","datePublished":"2020-08-19T08:44:45+00:00","dateModified":"2025-12-11T14:03:02+00:00","description":"Telemedizin in Deutschland: Erfahren Sie, wie digitale Medizin den Alltag ver\u00e4ndert und welche Chancen sie bietet.","inLanguage":"de","potentialAction":[{"@type":"ReadAction","target":["https:\/\/www.deutsche-glasfaser.de\/blog\/erleben-wir-gerade-den-durchbruch-der-digitalen-medizin\/"]}]},{"@type":"ImageObject","inLanguage":"de","@id":"https:\/\/www.deutsche-glasfaser.de\/blog\/erleben-wir-gerade-den-durchbruch-der-digitalen-medizin\/#primaryimage","url":"https:\/\/www.deutsche-glasfaser.de\/blog\/wp-content\/uploads\/2021\/08\/iStock-1224454909-scaled_CS.jpg","contentUrl":"https:\/\/www.deutsche-glasfaser.de\/blog\/wp-content\/uploads\/2021\/08\/iStock-1224454909-scaled_CS.jpg","width":1500,"height":970},{"@type":"WebSite","@id":"https:\/\/www.deutsche-glasfaser.de\/blog\/#website","url":"https:\/\/www.deutsche-glasfaser.de\/blog\/","name":"Digitales B\u00fcrgernetz","description":"Deutsche Glasfaser Blog","publisher":{"@id":"https:\/\/www.deutsche-glasfaser.de\/blog\/#organization"},"potentialAction":[{"@type":"SearchAction","target":{"@type":"EntryPoint","urlTemplate":"https:\/\/www.deutsche-glasfaser.de\/blog\/?s={search_term_string}"},"query-input":{"@type":"PropertyValueSpecification","valueRequired":true,"valueName":"search_term_string"}}],"inLanguage":"de"},{"@type":"Organization","@id":"https:\/\/www.deutsche-glasfaser.de\/blog\/#organization","name":"Digitales B\u00fcrgernetz","url":"https:\/\/www.deutsche-glasfaser.de\/blog\/","logo":{"@type":"ImageObject","inLanguage":"de","@id":"https:\/\/www.deutsche-glasfaser.de\/blog\/#\/schema\/logo\/image\/","url":"https:\/\/www.deutsche-glasfaser.de\/blog\/wp-content\/uploads\/2021\/08\/DGF_Logo_Basis_RGB-Large@2x.png","contentUrl":"https:\/\/www.deutsche-glasfaser.de\/blog\/wp-content\/uploads\/2021\/08\/DGF_Logo_Basis_RGB-Large@2x.png","width":312,"height":104,"caption":"Digitales B\u00fcrgernetz"},"image":{"@id":"https:\/\/www.deutsche-glasfaser.de\/blog\/#\/schema\/logo\/image\/"}},{"@type":"Person","@id":"https:\/\/www.deutsche-glasfaser.de\/blog\/#\/schema\/person\/9380a6dc7443d77143d0c66c409f574b","name":"Deutsche Glasfaser"}]}},"_links":{"self":[{"href":"https:\/\/www.deutsche-glasfaser.de\/blog\/wp-json\/wp\/v2\/posts\/950","targetHints":{"allow":["GET"]}}],"collection":[{"href":"https:\/\/www.deutsche-glasfaser.de\/blog\/wp-json\/wp\/v2\/posts"}],"about":[{"href":"https:\/\/www.deutsche-glasfaser.de\/blog\/wp-json\/wp\/v2\/types\/post"}],"author":[{"embeddable":true,"href":"https:\/\/www.deutsche-glasfaser.de\/blog\/wp-json\/wp\/v2\/users\/5"}],"replies":[{"embeddable":true,"href":"https:\/\/www.deutsche-glasfaser.de\/blog\/wp-json\/wp\/v2\/comments?post=950"}],"version-history":[{"count":4,"href":"https:\/\/www.deutsche-glasfaser.de\/blog\/wp-json\/wp\/v2\/posts\/950\/revisions"}],"predecessor-version":[{"id":8425,"href":"https:\/\/www.deutsche-glasfaser.de\/blog\/wp-json\/wp\/v2\/posts\/950\/revisions\/8425"}],"wp:featuredmedia":[{"embeddable":true,"href":"https:\/\/www.deutsche-glasfaser.de\/blog\/wp-json\/wp\/v2\/media\/6295"}],"wp:attachment":[{"href":"https:\/\/www.deutsche-glasfaser.de\/blog\/wp-json\/wp\/v2\/media?parent=950"}],"wp:term":[{"taxonomy":"category","embeddable":true,"href":"https:\/\/www.deutsche-glasfaser.de\/blog\/wp-json\/wp\/v2\/categories?post=950"},{"taxonomy":"post_tag","embeddable":true,"href":"https:\/\/www.deutsche-glasfaser.de\/blog\/wp-json\/wp\/v2\/tags?post=950"}],"curies":[{"name":"wp","href":"https:\/\/api.w.org\/{rel}","templated":true}]}}