{"id":945,"date":"2020-08-25T10:18:34","date_gmt":"2020-08-25T10:18:34","guid":{"rendered":"https:\/\/www.deutsche-glasfaser.de\/blog\/dgblog-snapshot-20190819123943\/?p=945"},"modified":"2025-12-11T15:02:20","modified_gmt":"2025-12-11T14:02:20","slug":"der-digitale-wandel-auf-der-ueberholspur","status":"publish","type":"post","link":"https:\/\/www.deutsche-glasfaser.de\/blog\/der-digitale-wandel-auf-der-ueberholspur\/","title":{"rendered":"Der digitale Wandel auf der \u00dcberholspur?"},"content":{"rendered":"\t\t<div data-elementor-type=\"wp-post\" data-elementor-id=\"945\" class=\"elementor elementor-945\">\n\t\t\t\t\t\t<section class=\"elementor-section elementor-top-section elementor-element elementor-element-3f3af87 elementor-section-boxed elementor-section-height-default elementor-section-height-default\" data-id=\"3f3af87\" data-element_type=\"section\" data-e-type=\"section\">\n\t\t\t\t\t\t<div class=\"elementor-container elementor-column-gap-default\">\n\t\t\t\t\t<div class=\"elementor-column elementor-col-100 elementor-top-column elementor-element elementor-element-2998426\" data-id=\"2998426\" data-element_type=\"column\" data-e-type=\"column\">\n\t\t\t<div class=\"elementor-widget-wrap elementor-element-populated\">\n\t\t\t\t\t\t<div class=\"elementor-element elementor-element-0101a22 elementor-widget elementor-widget-text-editor\" data-id=\"0101a22\" data-element_type=\"widget\" data-e-type=\"widget\" data-widget_type=\"text-editor.default\">\n\t\t\t\t<div class=\"elementor-widget-container\">\n\t\t\t\t\t\t\t\t\t<p>Augen zu, eingeschlafen, wachger\u00fcttelt und da stehen wir in Mitten des digitalen Wandels. Digitales Arbeiten und das von Zuhause aus ist gefragter denn je. In den vergangenen Monaten ist Deutschland aus dem analogen Tiefschlaf erwacht und hat den Turbo angeschaltet. Die Arbeitswelt ver\u00e4ndert sich damit nachhaltig. \u00dcber Nacht etablieren sich <a href=\"https:\/\/www.deutsche-glasfaser.de\/blog\/videokonferenzen-viel-mehr-als-nur-arbeit\/\" target=\"_blank\" rel=\"noopener\">digitales Arbeiten und virtuelle Kommunikation<\/a> zum Alltag. Ein Wandel der keinen Blick in den R\u00fcckspiegel zul\u00e4sst und jeden ohne Weitsicht in Zukunft abh\u00e4ngt. Auch die letzten verkrusteten Ansichten, die Homeoffice als Synonym f\u00fcr Faulheit sahen, wurden angeschnallt und fahren mit Highspeed einer neuen \u00c4ra entgegen.<\/p><p>Laut Civey, einem Unternehmen f\u00fcr Markt- und Meinungsforschung, sagen ein Drittel der deutschen Arbeitnehmer, dass sich ihr Arbeitgeber in den vergangenen Monaten deutlich schneller digital aufgestellt hat. Ausstattung, Distributionskan\u00e4le und das Miteinander haben sich im Hauruck-Verfahren digitalisiert.<\/p><p>Starre Pr\u00e4senzarbeitszeit sehen viele von uns nicht mehr als notwendig an. Flexibilit\u00e4t ist das Zauberwort, denn einer Studie zufolge ist eine Vielzahl an Arbeitnehmern deutlich produktiver als zuvor. Das spiegelt auch insgesamt ihre Zufriedenheit im Job wider, die aufgrund des Wegfalls der Arbeitswege oder auch durch weniger Ablenkungen, deutlich gesteigert ist.<\/p><p>Doch das Homeoffice ist nicht f\u00fcr jedermann gemacht. Selbstorganisation und Disziplin sind Schl\u00fcsselbegriffe, die jeder f\u00fcr sich interpretieren sollte. Daf\u00fcr ist es extrem wichtig, dass jeder Einzelne ein klar definiertes Arbeitspaket vorliegen hat. Was sind Timings, Ziele und Erfolge? Auch eindeutige Vereinbarungen unter Kolleginnen und Kollegen unterst\u00fctzen. Wie Sie sich ihr digitales Leben erleichtern und es auf die \u00dcberholspur bringen, haben wir f\u00fcr Sie als Home Office Tipps zusammengefasst:<\/p>\t\t\t\t\t\t\t\t<\/div>\n\t\t\t\t<\/div>\n\t\t\t\t<div class=\"elementor-element elementor-element-0b49e80 elementor-widget elementor-widget-heading\" data-id=\"0b49e80\" data-element_type=\"widget\" data-e-type=\"widget\" data-widget_type=\"heading.default\">\n\t\t\t\t<div class=\"elementor-widget-container\">\n\t\t\t\t\t<h3 class=\"elementor-heading-title elementor-size-default\">Tipp 1: Angenehme Arbeitsatmosph\u00e4re<\/h3>\t\t\t\t<\/div>\n\t\t\t\t<\/div>\n\t\t\t\t\t<\/div>\n\t\t<\/div>\n\t\t\t\t\t<\/div>\n\t\t<\/section>\n\t\t\t\t<section class=\"elementor-section elementor-top-section elementor-element elementor-element-9276937 elementor-section-boxed elementor-section-height-default elementor-section-height-default\" data-id=\"9276937\" data-element_type=\"section\" data-e-type=\"section\">\n\t\t\t\t\t\t<div class=\"elementor-container elementor-column-gap-default\">\n\t\t\t\t\t<div class=\"elementor-column elementor-col-100 elementor-top-column elementor-element elementor-element-7d372fd\" data-id=\"7d372fd\" data-element_type=\"column\" data-e-type=\"column\">\n\t\t\t<div class=\"elementor-widget-wrap elementor-element-populated\">\n\t\t\t\t\t\t<div class=\"elementor-element elementor-element-737b5b3 elementor-widget elementor-widget-text-editor\" data-id=\"737b5b3\" data-element_type=\"widget\" data-e-type=\"widget\" data-widget_type=\"text-editor.default\">\n\t\t\t\t<div class=\"elementor-widget-container\">\n\t\t\t\t\t\t\t\t\t<p>Schaffen Sie sich eine angenehme Arbeitsatmosph\u00e4re, indem Sie sich ein Arbeitszimmer oder eine -ecke einrichten und f\u00fcr sich einen Rahmen definieren. Dabei geht es neben festen Arbeitszeiten auch um sinnvolle Pausen f\u00fcr K\u00f6rper und Geist. Feste Rituale sorgen f\u00fcr Strukturen und Stabilit\u00e4t und helfen dabei die Work-Life-Balance zu wahren.<\/p>\t\t\t\t\t\t\t\t<\/div>\n\t\t\t\t<\/div>\n\t\t\t\t<div class=\"elementor-element elementor-element-ce60d8d elementor-widget elementor-widget-heading\" data-id=\"ce60d8d\" data-element_type=\"widget\" data-e-type=\"widget\" data-widget_type=\"heading.default\">\n\t\t\t\t<div class=\"elementor-widget-container\">\n\t\t\t\t\t<h3 class=\"elementor-heading-title elementor-size-default\">Tipp 2: Behalten Sie den Fokus<\/h3>\t\t\t\t<\/div>\n\t\t\t\t<\/div>\n\t\t\t\t<div class=\"elementor-element elementor-element-7fab548 elementor-widget elementor-widget-text-editor\" data-id=\"7fab548\" data-element_type=\"widget\" data-e-type=\"widget\" data-widget_type=\"text-editor.default\">\n\t\t\t\t<div class=\"elementor-widget-container\">\n\t\t\t\t\t\t\t\t\t<p>Managen Sie sich und Ihr Homeoffice selbst. Klare Ziele f\u00fcr den Arbeitstag, die Woche oder den Monat helfen um den Fokus zu behalten. Priorisierung Ihrer Aufgaben ist das A und O. Daf\u00fcr gibt es tolle Methoden und Prinzipien, wie die Eat-the-Frog Methode (das Unliebsame zuerst, um nicht ins Aufschieben zu kommen) oder das Pareto-Prinzip (Was hat gerade am meisten Einfluss auf den Erfolg?).<\/p>\t\t\t\t\t\t\t\t<\/div>\n\t\t\t\t<\/div>\n\t\t\t\t<div class=\"elementor-element elementor-element-7c49b30 elementor-widget elementor-widget-heading\" data-id=\"7c49b30\" data-element_type=\"widget\" data-e-type=\"widget\" data-widget_type=\"heading.default\">\n\t\t\t\t<div class=\"elementor-widget-container\">\n\t\t\t\t\t<h3 class=\"elementor-heading-title elementor-size-default\">Tipp 3: Trennen Sie Arbeits- und Freizeit aktiv<\/h3>\t\t\t\t<\/div>\n\t\t\t\t<\/div>\n\t\t\t\t<div class=\"elementor-element elementor-element-d7617e4 elementor-widget elementor-widget-text-editor\" data-id=\"d7617e4\" data-element_type=\"widget\" data-e-type=\"widget\" data-widget_type=\"text-editor.default\">\n\t\t\t\t<div class=\"elementor-widget-container\">\n\t\t\t\t\t\t\t\t\t<p>Gestalten Sie aktiv Grenzen zwischen Arbeits- und Freizeit und achten Sie dabei auf Ihr Wohlbefinden. Nutzen Sie ihre privaten Ger\u00e4te ausgew\u00e4hlt und bewusst. Machen Sie Naturpausen und wechseln Sie f\u00fcr Mahlzeiten den Ort \u2013 denn Ortswechsel steigern das Wohlbefinden. Fokussieren Sie sich und nutzen Sie Ihre Pausen bewusst f\u00fcr Entspannung anstatt f\u00fcr Hausarbeit.<\/p><p><br \/>Zusammenfassend ist es wichtig, selbst Grenzen zu gestalten und eine eigene Struktur sowie Rituale einzuf\u00fchren. Was am besten hilft, ist bei jedem individuell. Probieren Sie es aus und schauen Sie, welche Tipps am besten zu Ihnen und Ihrem Homeoffice-Arbeitstag passen. <\/p>\t\t\t\t\t\t\t\t<\/div>\n\t\t\t\t<\/div>\n\t\t\t\t\t<\/div>\n\t\t<\/div>\n\t\t\t\t\t<\/div>\n\t\t<\/section>\n\t\t\t\t<\/div>\n\t\t","protected":false},"excerpt":{"rendered":"<p>Augen zu, eingeschlafen, wachger\u00fcttelt und da stehen wir in Mitten des digitalen Wandels. Digitales Arbeiten und das von Zuhause aus ist gefragter denn je. In den vergangenen Monaten ist Deutschland aus dem analogen Tiefschlaf erwacht und hat den Turbo angeschaltet. [&hellip;]<\/p>\n","protected":false},"author":5,"featured_media":6315,"comment_status":"open","ping_status":"open","sticky":false,"template":"","format":"standard","meta":{"footnotes":""},"categories":[1],"tags":[],"class_list":["post-945","post","type-post","status-publish","format-standard","has-post-thumbnail","hentry","category-service"],"yoast_head":"<!-- This site is optimized with the Yoast SEO plugin v27.5 - https:\/\/yoast.com\/product\/yoast-seo-wordpress\/ -->\n<title>Digitaler Wandel: Produktiv im Homeoffice arbeiten<\/title>\n<meta name=\"description\" content=\"Der digitale Wandel ver\u00e4ndert Leben und Arbeit. Entdecken Sie Homeoffice-Tipps und Innovationen f\u00fcr Ihre Zukunft.\" \/>\n<meta name=\"robots\" content=\"index, follow, max-snippet:-1, max-image-preview:large, max-video-preview:-1\" \/>\n<link rel=\"canonical\" href=\"https:\/\/www.deutsche-glasfaser.de\/blog\/der-digitale-wandel-auf-der-ueberholspur\/\" \/>\n<meta property=\"og:locale\" content=\"de_DE\" \/>\n<meta property=\"og:type\" content=\"article\" \/>\n<meta property=\"og:title\" content=\"Digitaler Wandel: Produktiv im Homeoffice arbeiten\" \/>\n<meta property=\"og:description\" content=\"Der digitale Wandel ver\u00e4ndert Leben und Arbeit. Entdecken Sie Homeoffice-Tipps und Innovationen f\u00fcr Ihre Zukunft.\" \/>\n<meta property=\"og:url\" content=\"https:\/\/www.deutsche-glasfaser.de\/blog\/der-digitale-wandel-auf-der-ueberholspur\/\" \/>\n<meta property=\"og:site_name\" content=\"Digitales B\u00fcrgernetz\" \/>\n<meta property=\"article:published_time\" content=\"2020-08-25T10:18:34+00:00\" \/>\n<meta property=\"article:modified_time\" content=\"2025-12-11T14:02:20+00:00\" \/>\n<meta property=\"og:image\" content=\"https:\/\/www.deutsche-glasfaser.de\/blog\/wp-content\/uploads\/2021\/08\/Blog_Beitrag_HO_header_CS.jpg\" \/>\n\t<meta property=\"og:image:width\" content=\"1500\" \/>\n\t<meta property=\"og:image:height\" content=\"771\" \/>\n\t<meta property=\"og:image:type\" content=\"image\/jpeg\" \/>\n<meta name=\"author\" content=\"Deutsche Glasfaser\" \/>\n<meta name=\"twitter:card\" content=\"summary_large_image\" \/>\n<meta name=\"twitter:label1\" content=\"Verfasst von\" \/>\n\t<meta name=\"twitter:data1\" content=\"Deutsche Glasfaser\" \/>\n\t<meta name=\"twitter:label2\" content=\"Gesch\u00e4tzte Lesezeit\" \/>\n\t<meta name=\"twitter:data2\" content=\"3\u00a0Minuten\" \/>\n<script type=\"application\/ld+json\" class=\"yoast-schema-graph\">{\"@context\":\"https:\\\/\\\/schema.org\",\"@graph\":[{\"@type\":\"Article\",\"@id\":\"https:\\\/\\\/www.deutsche-glasfaser.de\\\/blog\\\/der-digitale-wandel-auf-der-ueberholspur\\\/#article\",\"isPartOf\":{\"@id\":\"https:\\\/\\\/www.deutsche-glasfaser.de\\\/blog\\\/der-digitale-wandel-auf-der-ueberholspur\\\/\"},\"author\":{\"name\":\"Deutsche Glasfaser\",\"@id\":\"https:\\\/\\\/www.deutsche-glasfaser.de\\\/blog\\\/#\\\/schema\\\/person\\\/9380a6dc7443d77143d0c66c409f574b\"},\"headline\":\"Der digitale Wandel auf der \u00dcberholspur?\",\"datePublished\":\"2020-08-25T10:18:34+00:00\",\"dateModified\":\"2025-12-11T14:02:20+00:00\",\"mainEntityOfPage\":{\"@id\":\"https:\\\/\\\/www.deutsche-glasfaser.de\\\/blog\\\/der-digitale-wandel-auf-der-ueberholspur\\\/\"},\"wordCount\":508,\"commentCount\":0,\"publisher\":{\"@id\":\"https:\\\/\\\/www.deutsche-glasfaser.de\\\/blog\\\/#organization\"},\"image\":{\"@id\":\"https:\\\/\\\/www.deutsche-glasfaser.de\\\/blog\\\/der-digitale-wandel-auf-der-ueberholspur\\\/#primaryimage\"},\"thumbnailUrl\":\"https:\\\/\\\/www.deutsche-glasfaser.de\\\/blog\\\/wp-content\\\/uploads\\\/2021\\\/08\\\/Blog_Beitrag_HO_header_CS.jpg\",\"articleSection\":[\"Service\"],\"inLanguage\":\"de\",\"potentialAction\":[{\"@type\":\"CommentAction\",\"name\":\"Comment\",\"target\":[\"https:\\\/\\\/www.deutsche-glasfaser.de\\\/blog\\\/der-digitale-wandel-auf-der-ueberholspur\\\/#respond\"]}]},{\"@type\":\"WebPage\",\"@id\":\"https:\\\/\\\/www.deutsche-glasfaser.de\\\/blog\\\/der-digitale-wandel-auf-der-ueberholspur\\\/\",\"url\":\"https:\\\/\\\/www.deutsche-glasfaser.de\\\/blog\\\/der-digitale-wandel-auf-der-ueberholspur\\\/\",\"name\":\"Digitaler Wandel: Produktiv im Homeoffice arbeiten\",\"isPartOf\":{\"@id\":\"https:\\\/\\\/www.deutsche-glasfaser.de\\\/blog\\\/#website\"},\"primaryImageOfPage\":{\"@id\":\"https:\\\/\\\/www.deutsche-glasfaser.de\\\/blog\\\/der-digitale-wandel-auf-der-ueberholspur\\\/#primaryimage\"},\"image\":{\"@id\":\"https:\\\/\\\/www.deutsche-glasfaser.de\\\/blog\\\/der-digitale-wandel-auf-der-ueberholspur\\\/#primaryimage\"},\"thumbnailUrl\":\"https:\\\/\\\/www.deutsche-glasfaser.de\\\/blog\\\/wp-content\\\/uploads\\\/2021\\\/08\\\/Blog_Beitrag_HO_header_CS.jpg\",\"datePublished\":\"2020-08-25T10:18:34+00:00\",\"dateModified\":\"2025-12-11T14:02:20+00:00\",\"description\":\"Der digitale Wandel ver\u00e4ndert Leben und Arbeit. Entdecken Sie Homeoffice-Tipps und Innovationen f\u00fcr Ihre Zukunft.\",\"inLanguage\":\"de\",\"potentialAction\":[{\"@type\":\"ReadAction\",\"target\":[\"https:\\\/\\\/www.deutsche-glasfaser.de\\\/blog\\\/der-digitale-wandel-auf-der-ueberholspur\\\/\"]}]},{\"@type\":\"ImageObject\",\"inLanguage\":\"de\",\"@id\":\"https:\\\/\\\/www.deutsche-glasfaser.de\\\/blog\\\/der-digitale-wandel-auf-der-ueberholspur\\\/#primaryimage\",\"url\":\"https:\\\/\\\/www.deutsche-glasfaser.de\\\/blog\\\/wp-content\\\/uploads\\\/2021\\\/08\\\/Blog_Beitrag_HO_header_CS.jpg\",\"contentUrl\":\"https:\\\/\\\/www.deutsche-glasfaser.de\\\/blog\\\/wp-content\\\/uploads\\\/2021\\\/08\\\/Blog_Beitrag_HO_header_CS.jpg\",\"width\":1500,\"height\":771,\"caption\":\"work from home. people make video conference with multi colleague via laptop computer during self isolation to avoid spreading illness transmission of COVID-19 Coronavirus outbreak. Social distancing\"},{\"@type\":\"WebSite\",\"@id\":\"https:\\\/\\\/www.deutsche-glasfaser.de\\\/blog\\\/#website\",\"url\":\"https:\\\/\\\/www.deutsche-glasfaser.de\\\/blog\\\/\",\"name\":\"Digitales B\u00fcrgernetz\",\"description\":\"Deutsche Glasfaser Blog\",\"publisher\":{\"@id\":\"https:\\\/\\\/www.deutsche-glasfaser.de\\\/blog\\\/#organization\"},\"potentialAction\":[{\"@type\":\"SearchAction\",\"target\":{\"@type\":\"EntryPoint\",\"urlTemplate\":\"https:\\\/\\\/www.deutsche-glasfaser.de\\\/blog\\\/?s={search_term_string}\"},\"query-input\":{\"@type\":\"PropertyValueSpecification\",\"valueRequired\":true,\"valueName\":\"search_term_string\"}}],\"inLanguage\":\"de\"},{\"@type\":\"Organization\",\"@id\":\"https:\\\/\\\/www.deutsche-glasfaser.de\\\/blog\\\/#organization\",\"name\":\"Digitales B\u00fcrgernetz\",\"url\":\"https:\\\/\\\/www.deutsche-glasfaser.de\\\/blog\\\/\",\"logo\":{\"@type\":\"ImageObject\",\"inLanguage\":\"de\",\"@id\":\"https:\\\/\\\/www.deutsche-glasfaser.de\\\/blog\\\/#\\\/schema\\\/logo\\\/image\\\/\",\"url\":\"https:\\\/\\\/www.deutsche-glasfaser.de\\\/blog\\\/wp-content\\\/uploads\\\/2021\\\/08\\\/DGF_Logo_Basis_RGB-Large@2x.png\",\"contentUrl\":\"https:\\\/\\\/www.deutsche-glasfaser.de\\\/blog\\\/wp-content\\\/uploads\\\/2021\\\/08\\\/DGF_Logo_Basis_RGB-Large@2x.png\",\"width\":312,\"height\":104,\"caption\":\"Digitales B\u00fcrgernetz\"},\"image\":{\"@id\":\"https:\\\/\\\/www.deutsche-glasfaser.de\\\/blog\\\/#\\\/schema\\\/logo\\\/image\\\/\"}},{\"@type\":\"Person\",\"@id\":\"https:\\\/\\\/www.deutsche-glasfaser.de\\\/blog\\\/#\\\/schema\\\/person\\\/9380a6dc7443d77143d0c66c409f574b\",\"name\":\"Deutsche Glasfaser\"}]}<\/script>\n<!-- \/ Yoast SEO plugin. -->","yoast_head_json":{"title":"Digitaler Wandel: Produktiv im Homeoffice arbeiten","description":"Der digitale Wandel ver\u00e4ndert Leben und Arbeit. Entdecken Sie Homeoffice-Tipps und Innovationen f\u00fcr Ihre Zukunft.","robots":{"index":"index","follow":"follow","max-snippet":"max-snippet:-1","max-image-preview":"max-image-preview:large","max-video-preview":"max-video-preview:-1"},"canonical":"https:\/\/www.deutsche-glasfaser.de\/blog\/der-digitale-wandel-auf-der-ueberholspur\/","og_locale":"de_DE","og_type":"article","og_title":"Digitaler Wandel: Produktiv im Homeoffice arbeiten","og_description":"Der digitale Wandel ver\u00e4ndert Leben und Arbeit. Entdecken Sie Homeoffice-Tipps und Innovationen f\u00fcr Ihre Zukunft.","og_url":"https:\/\/www.deutsche-glasfaser.de\/blog\/der-digitale-wandel-auf-der-ueberholspur\/","og_site_name":"Digitales B\u00fcrgernetz","article_published_time":"2020-08-25T10:18:34+00:00","article_modified_time":"2025-12-11T14:02:20+00:00","og_image":[{"width":1500,"height":771,"url":"https:\/\/www.deutsche-glasfaser.de\/blog\/wp-content\/uploads\/2021\/08\/Blog_Beitrag_HO_header_CS.jpg","type":"image\/jpeg"}],"author":"Deutsche Glasfaser","twitter_card":"summary_large_image","twitter_misc":{"Verfasst von":"Deutsche Glasfaser","Gesch\u00e4tzte Lesezeit":"3\u00a0Minuten"},"schema":{"@context":"https:\/\/schema.org","@graph":[{"@type":"Article","@id":"https:\/\/www.deutsche-glasfaser.de\/blog\/der-digitale-wandel-auf-der-ueberholspur\/#article","isPartOf":{"@id":"https:\/\/www.deutsche-glasfaser.de\/blog\/der-digitale-wandel-auf-der-ueberholspur\/"},"author":{"name":"Deutsche Glasfaser","@id":"https:\/\/www.deutsche-glasfaser.de\/blog\/#\/schema\/person\/9380a6dc7443d77143d0c66c409f574b"},"headline":"Der digitale Wandel auf der \u00dcberholspur?","datePublished":"2020-08-25T10:18:34+00:00","dateModified":"2025-12-11T14:02:20+00:00","mainEntityOfPage":{"@id":"https:\/\/www.deutsche-glasfaser.de\/blog\/der-digitale-wandel-auf-der-ueberholspur\/"},"wordCount":508,"commentCount":0,"publisher":{"@id":"https:\/\/www.deutsche-glasfaser.de\/blog\/#organization"},"image":{"@id":"https:\/\/www.deutsche-glasfaser.de\/blog\/der-digitale-wandel-auf-der-ueberholspur\/#primaryimage"},"thumbnailUrl":"https:\/\/www.deutsche-glasfaser.de\/blog\/wp-content\/uploads\/2021\/08\/Blog_Beitrag_HO_header_CS.jpg","articleSection":["Service"],"inLanguage":"de","potentialAction":[{"@type":"CommentAction","name":"Comment","target":["https:\/\/www.deutsche-glasfaser.de\/blog\/der-digitale-wandel-auf-der-ueberholspur\/#respond"]}]},{"@type":"WebPage","@id":"https:\/\/www.deutsche-glasfaser.de\/blog\/der-digitale-wandel-auf-der-ueberholspur\/","url":"https:\/\/www.deutsche-glasfaser.de\/blog\/der-digitale-wandel-auf-der-ueberholspur\/","name":"Digitaler Wandel: Produktiv im Homeoffice arbeiten","isPartOf":{"@id":"https:\/\/www.deutsche-glasfaser.de\/blog\/#website"},"primaryImageOfPage":{"@id":"https:\/\/www.deutsche-glasfaser.de\/blog\/der-digitale-wandel-auf-der-ueberholspur\/#primaryimage"},"image":{"@id":"https:\/\/www.deutsche-glasfaser.de\/blog\/der-digitale-wandel-auf-der-ueberholspur\/#primaryimage"},"thumbnailUrl":"https:\/\/www.deutsche-glasfaser.de\/blog\/wp-content\/uploads\/2021\/08\/Blog_Beitrag_HO_header_CS.jpg","datePublished":"2020-08-25T10:18:34+00:00","dateModified":"2025-12-11T14:02:20+00:00","description":"Der digitale Wandel ver\u00e4ndert Leben und Arbeit. Entdecken Sie Homeoffice-Tipps und Innovationen f\u00fcr Ihre Zukunft.","inLanguage":"de","potentialAction":[{"@type":"ReadAction","target":["https:\/\/www.deutsche-glasfaser.de\/blog\/der-digitale-wandel-auf-der-ueberholspur\/"]}]},{"@type":"ImageObject","inLanguage":"de","@id":"https:\/\/www.deutsche-glasfaser.de\/blog\/der-digitale-wandel-auf-der-ueberholspur\/#primaryimage","url":"https:\/\/www.deutsche-glasfaser.de\/blog\/wp-content\/uploads\/2021\/08\/Blog_Beitrag_HO_header_CS.jpg","contentUrl":"https:\/\/www.deutsche-glasfaser.de\/blog\/wp-content\/uploads\/2021\/08\/Blog_Beitrag_HO_header_CS.jpg","width":1500,"height":771,"caption":"work from home. people make video conference with multi colleague via laptop computer during self isolation to avoid spreading illness transmission of COVID-19 Coronavirus outbreak. Social distancing"},{"@type":"WebSite","@id":"https:\/\/www.deutsche-glasfaser.de\/blog\/#website","url":"https:\/\/www.deutsche-glasfaser.de\/blog\/","name":"Digitales B\u00fcrgernetz","description":"Deutsche Glasfaser Blog","publisher":{"@id":"https:\/\/www.deutsche-glasfaser.de\/blog\/#organization"},"potentialAction":[{"@type":"SearchAction","target":{"@type":"EntryPoint","urlTemplate":"https:\/\/www.deutsche-glasfaser.de\/blog\/?s={search_term_string}"},"query-input":{"@type":"PropertyValueSpecification","valueRequired":true,"valueName":"search_term_string"}}],"inLanguage":"de"},{"@type":"Organization","@id":"https:\/\/www.deutsche-glasfaser.de\/blog\/#organization","name":"Digitales B\u00fcrgernetz","url":"https:\/\/www.deutsche-glasfaser.de\/blog\/","logo":{"@type":"ImageObject","inLanguage":"de","@id":"https:\/\/www.deutsche-glasfaser.de\/blog\/#\/schema\/logo\/image\/","url":"https:\/\/www.deutsche-glasfaser.de\/blog\/wp-content\/uploads\/2021\/08\/DGF_Logo_Basis_RGB-Large@2x.png","contentUrl":"https:\/\/www.deutsche-glasfaser.de\/blog\/wp-content\/uploads\/2021\/08\/DGF_Logo_Basis_RGB-Large@2x.png","width":312,"height":104,"caption":"Digitales B\u00fcrgernetz"},"image":{"@id":"https:\/\/www.deutsche-glasfaser.de\/blog\/#\/schema\/logo\/image\/"}},{"@type":"Person","@id":"https:\/\/www.deutsche-glasfaser.de\/blog\/#\/schema\/person\/9380a6dc7443d77143d0c66c409f574b","name":"Deutsche Glasfaser"}]}},"_links":{"self":[{"href":"https:\/\/www.deutsche-glasfaser.de\/blog\/wp-json\/wp\/v2\/posts\/945","targetHints":{"allow":["GET"]}}],"collection":[{"href":"https:\/\/www.deutsche-glasfaser.de\/blog\/wp-json\/wp\/v2\/posts"}],"about":[{"href":"https:\/\/www.deutsche-glasfaser.de\/blog\/wp-json\/wp\/v2\/types\/post"}],"author":[{"embeddable":true,"href":"https:\/\/www.deutsche-glasfaser.de\/blog\/wp-json\/wp\/v2\/users\/5"}],"replies":[{"embeddable":true,"href":"https:\/\/www.deutsche-glasfaser.de\/blog\/wp-json\/wp\/v2\/comments?post=945"}],"version-history":[{"count":4,"href":"https:\/\/www.deutsche-glasfaser.de\/blog\/wp-json\/wp\/v2\/posts\/945\/revisions"}],"predecessor-version":[{"id":8421,"href":"https:\/\/www.deutsche-glasfaser.de\/blog\/wp-json\/wp\/v2\/posts\/945\/revisions\/8421"}],"wp:featuredmedia":[{"embeddable":true,"href":"https:\/\/www.deutsche-glasfaser.de\/blog\/wp-json\/wp\/v2\/media\/6315"}],"wp:attachment":[{"href":"https:\/\/www.deutsche-glasfaser.de\/blog\/wp-json\/wp\/v2\/media?parent=945"}],"wp:term":[{"taxonomy":"category","embeddable":true,"href":"https:\/\/www.deutsche-glasfaser.de\/blog\/wp-json\/wp\/v2\/categories?post=945"},{"taxonomy":"post_tag","embeddable":true,"href":"https:\/\/www.deutsche-glasfaser.de\/blog\/wp-json\/wp\/v2\/tags?post=945"}],"curies":[{"name":"wp","href":"https:\/\/api.w.org\/{rel}","templated":true}]}}