{"id":9330,"date":"2022-01-07T08:18:59","date_gmt":"2022-01-07T08:18:59","guid":{"rendered":"https:\/\/www.deutsche-glasfaser.de\/blog\/?p=9330"},"modified":"2022-01-07T08:19:00","modified_gmt":"2022-01-07T08:19:00","slug":"so-punkten-laendliche-regionen-mit-digital-vernetzten-lebensraeumen","status":"publish","type":"post","link":"https:\/\/www.deutsche-glasfaser.de\/blog\/so-punkten-laendliche-regionen-mit-digital-vernetzten-lebensraeumen\/","title":{"rendered":"So punkten l\u00e4ndliche Regionen: mit digital vernetzten Lebensr\u00e4umen"},"content":{"rendered":"\t\t<div data-elementor-type=\"wp-post\" data-elementor-id=\"9330\" class=\"elementor elementor-9330\">\n\t\t\t\t\t\t<section class=\"elementor-section elementor-top-section elementor-element elementor-element-452b34b elementor-section-boxed elementor-section-height-default elementor-section-height-default\" data-id=\"452b34b\" data-element_type=\"section\" data-e-type=\"section\">\n\t\t\t\t\t\t<div class=\"elementor-container elementor-column-gap-default\">\n\t\t\t\t\t<div class=\"elementor-column elementor-col-100 elementor-top-column elementor-element elementor-element-d46e2cc\" data-id=\"d46e2cc\" data-element_type=\"column\" data-e-type=\"column\">\n\t\t\t<div class=\"elementor-widget-wrap elementor-element-populated\">\n\t\t\t\t\t\t<div class=\"elementor-element elementor-element-f56c92c elementor-widget elementor-widget-text-editor\" data-id=\"f56c92c\" data-element_type=\"widget\" data-e-type=\"widget\" data-widget_type=\"text-editor.default\">\n\t\t\t\t<div class=\"elementor-widget-container\">\n\t\t\t\t\t\t\t\t\t<p><span style=\"font-weight: 400;\">Der Mobile Dorfladen der Steinwald-Allianz ist eine L\u00f6sung f\u00fcr die Nahversorgung mit G\u00fctern des t\u00e4glichen Bedarfs, \u00a9 Steinwald-Allianz<\/span><\/p>\t\t\t\t\t\t\t\t<\/div>\n\t\t\t\t<\/div>\n\t\t\t\t\t<\/div>\n\t\t<\/div>\n\t\t\t\t\t<\/div>\n\t\t<\/section>\n\t\t\t\t<section class=\"elementor-section elementor-top-section elementor-element elementor-element-905bbf6 elementor-section-boxed elementor-section-height-default elementor-section-height-default\" data-id=\"905bbf6\" data-element_type=\"section\" data-e-type=\"section\">\n\t\t\t\t\t\t<div class=\"elementor-container elementor-column-gap-default\">\n\t\t\t\t\t<div class=\"elementor-column elementor-col-100 elementor-top-column elementor-element elementor-element-490fbe5\" data-id=\"490fbe5\" data-element_type=\"column\" data-e-type=\"column\">\n\t\t\t<div class=\"elementor-widget-wrap elementor-element-populated\">\n\t\t\t\t\t\t<div class=\"elementor-element elementor-element-e412ca7 elementor-widget elementor-widget-text-editor\" data-id=\"e412ca7\" data-element_type=\"widget\" data-e-type=\"widget\" data-widget_type=\"text-editor.default\">\n\t\t\t\t<div class=\"elementor-widget-container\">\n\t\t\t\t\t\t\t\t\t<p><span style=\"font-weight: 400;\">Junge Leute sind weggezogen, Dorfl\u00e4den verschwunden, H\u00e4user stehen leer. Wie kann der l\u00e4ndliche Raum wieder an Reiz gewinnen? Dazu forscht das Fraunhofer Institut. Wir sprechen mit Mirjam Sarah Opitz, wissenschaftliche Mitarbeiterin in der Arbeitsgruppe f\u00fcr Supply Chain Services des Fraunhofer-Instituts f\u00fcr Integrierte Schaltungen (IIS).<\/span><\/p>\t\t\t\t\t\t\t\t<\/div>\n\t\t\t\t<\/div>\n\t\t\t\t<div class=\"elementor-element elementor-element-ad64af7 elementor-widget elementor-widget-spacer\" data-id=\"ad64af7\" data-element_type=\"widget\" data-e-type=\"widget\" data-widget_type=\"spacer.default\">\n\t\t\t\t<div class=\"elementor-widget-container\">\n\t\t\t\t\t\t\t<div class=\"elementor-spacer\">\n\t\t\t<div class=\"elementor-spacer-inner\"><\/div>\n\t\t<\/div>\n\t\t\t\t\t\t<\/div>\n\t\t\t\t<\/div>\n\t\t\t\t<div class=\"elementor-element elementor-element-cb1b0f8 elementor-widget elementor-widget-heading\" data-id=\"cb1b0f8\" data-element_type=\"widget\" data-e-type=\"widget\" data-widget_type=\"heading.default\">\n\t\t\t\t<div class=\"elementor-widget-container\">\n\t\t\t\t\t<h2 class=\"elementor-heading-title elementor-size-xl\">Frau Opitz, welche Rolle spielt die Digitalisierung, um l\u00e4ndliche R\u00e4ume wieder attraktiver zu machen?<\/h2>\t\t\t\t<\/div>\n\t\t\t\t<\/div>\n\t\t\t\t<div class=\"elementor-element elementor-element-86c155c elementor-widget elementor-widget-spacer\" data-id=\"86c155c\" data-element_type=\"widget\" data-e-type=\"widget\" data-widget_type=\"spacer.default\">\n\t\t\t\t<div class=\"elementor-widget-container\">\n\t\t\t\t\t\t\t<div class=\"elementor-spacer\">\n\t\t\t<div class=\"elementor-spacer-inner\"><\/div>\n\t\t<\/div>\n\t\t\t\t\t\t<\/div>\n\t\t\t\t<\/div>\n\t\t\t\t<div class=\"elementor-element elementor-element-a9dac5c elementor-widget elementor-widget-text-editor\" data-id=\"a9dac5c\" data-element_type=\"widget\" data-e-type=\"widget\" data-widget_type=\"text-editor.default\">\n\t\t\t\t<div class=\"elementor-widget-container\">\n\t\t\t\t\t\t\t\t\t<p><span style=\"font-weight: 400;\">Sie spielt eine gro\u00dfe Rolle und ist ein wichtiges Element. Wir glauben, dass Angebote, die es in analoger Form nicht mehr gibt, durch digitale L\u00f6sungen wieder verf\u00fcgbar gemacht werden k\u00f6nnen. Das kann im Bereich Gesundheit, Wohnen oder Versorgung mit Waren des t\u00e4glichen Bedarfs sein. So k\u00f6nnen l\u00e4ndliche R\u00e4ume gerade f\u00fcr j\u00fcngere Menschen wieder attraktiver werden. Allerdings betonen wir immer wieder, dass ein reiner Technologieansatz nicht das Gleiche ist wie Digitalisierung. Es reicht nicht, Breitband oder digitale Services auf den Weg zu bringen. Wichtig ist die Akzeptanz bei allen Akteurinnen und Akteuren. Dazu braucht es auch ein Umdenken und die n\u00f6tige Kompetenz, um die Technologien nutzen zu k\u00f6nnen, damit sie tats\u00e4chlich einen Mehrwert bringen.<\/span><\/p>\t\t\t\t\t\t\t\t<\/div>\n\t\t\t\t<\/div>\n\t\t\t\t<div class=\"elementor-element elementor-element-78c9302 elementor-widget elementor-widget-spacer\" data-id=\"78c9302\" data-element_type=\"widget\" data-e-type=\"widget\" data-widget_type=\"spacer.default\">\n\t\t\t\t<div class=\"elementor-widget-container\">\n\t\t\t\t\t\t\t<div class=\"elementor-spacer\">\n\t\t\t<div class=\"elementor-spacer-inner\"><\/div>\n\t\t<\/div>\n\t\t\t\t\t\t<\/div>\n\t\t\t\t<\/div>\n\t\t\t\t<div class=\"elementor-element elementor-element-cf5dbae elementor-widget elementor-widget-image\" data-id=\"cf5dbae\" data-element_type=\"widget\" data-e-type=\"widget\" data-widget_type=\"image.default\">\n\t\t\t\t<div class=\"elementor-widget-container\">\n\t\t\t\t\t\t\t\t\t\t\t\t<figure class=\"wp-caption\">\n\t\t\t\t\t\t\t\t\t\t<img fetchpriority=\"high\" decoding=\"async\" width=\"768\" height=\"576\" src=\"https:\/\/www.deutsche-glasfaser.de\/blog\/wp-content\/uploads\/2022\/01\/Opitz_Mirjam_DSC2777_Pulkert_800-768x576.jpg\" class=\"attachment-medium_large size-medium_large wp-image-9333\" alt=\"Portr\u00e4tfoto von Mirjam Sarah Opitz\" srcset=\"https:\/\/www.deutsche-glasfaser.de\/blog\/wp-content\/uploads\/2022\/01\/Opitz_Mirjam_DSC2777_Pulkert_800-768x576.jpg 768w, https:\/\/www.deutsche-glasfaser.de\/blog\/wp-content\/uploads\/2022\/01\/Opitz_Mirjam_DSC2777_Pulkert_800-300x225.jpg 300w, https:\/\/www.deutsche-glasfaser.de\/blog\/wp-content\/uploads\/2022\/01\/Opitz_Mirjam_DSC2777_Pulkert_800.jpg 800w\" sizes=\"(max-width: 768px) 100vw, 768px\" \/>\t\t\t\t\t\t\t\t\t\t\t<figcaption class=\"widget-image-caption wp-caption-text\">Mirjam Sarah Opitz ist wissenschaftliche Mitarbeiterin in der Arbeitsgruppe f\u00fcr Supply Chain Services des Fraunhofer-Instituts f\u00fcr Integrierte Schaltungen (IIS). \u00a9 Mirjam Opitz\/Pulkert<\/figcaption>\n\t\t\t\t\t\t\t\t\t\t<\/figure>\n\t\t\t\t\t\t\t\t\t<\/div>\n\t\t\t\t<\/div>\n\t\t\t\t<div class=\"elementor-element elementor-element-564e99a elementor-widget elementor-widget-spacer\" data-id=\"564e99a\" data-element_type=\"widget\" data-e-type=\"widget\" data-widget_type=\"spacer.default\">\n\t\t\t\t<div class=\"elementor-widget-container\">\n\t\t\t\t\t\t\t<div class=\"elementor-spacer\">\n\t\t\t<div class=\"elementor-spacer-inner\"><\/div>\n\t\t<\/div>\n\t\t\t\t\t\t<\/div>\n\t\t\t\t<\/div>\n\t\t\t\t<div class=\"elementor-element elementor-element-5346a48 elementor-widget elementor-widget-heading\" data-id=\"5346a48\" data-element_type=\"widget\" data-e-type=\"widget\" data-widget_type=\"heading.default\">\n\t\t\t\t<div class=\"elementor-widget-container\">\n\t\t\t\t\t<h2 class=\"elementor-heading-title elementor-size-xl\">Auf dem Land leben viele \u00e4ltere Menschen, die digitale Angebote kaum nutzen. Wie erreichen Sie da die n\u00f6tige Akzeptanz und Kompetenz?   <\/h2>\t\t\t\t<\/div>\n\t\t\t\t<\/div>\n\t\t\t\t<div class=\"elementor-element elementor-element-61a83c8 elementor-widget elementor-widget-spacer\" data-id=\"61a83c8\" data-element_type=\"widget\" data-e-type=\"widget\" data-widget_type=\"spacer.default\">\n\t\t\t\t<div class=\"elementor-widget-container\">\n\t\t\t\t\t\t\t<div class=\"elementor-spacer\">\n\t\t\t<div class=\"elementor-spacer-inner\"><\/div>\n\t\t<\/div>\n\t\t\t\t\t\t<\/div>\n\t\t\t\t<\/div>\n\t\t\t\t<div class=\"elementor-element elementor-element-8eec5da elementor-widget elementor-widget-text-editor\" data-id=\"8eec5da\" data-element_type=\"widget\" data-e-type=\"widget\" data-widget_type=\"text-editor.default\">\n\t\t\t\t<div class=\"elementor-widget-container\">\n\t\t\t\t\t\t\t\t\t<p><span style=\"font-weight: 400;\">Das erreicht man nur, wenn man in engen Austausch mit allen Akteurinnen und Akteuren vor Ort geht. Alle Zielgruppen m\u00fcssen m\u00f6glichst fr\u00fch in die Planung einbezogen werden, um die verschiedenen Bedarfe zu erkennen. Im stillen K\u00e4mmerlein darf nichts entwickelt werden. Die J\u00fcngeren, die Digital Natives, sind mit digitalen Endger\u00e4ten aufgewachsen, w\u00e4hrend viele Seniorinnen und Senioren diese \u00fcberhaupt nicht nutzen. Da m\u00fcssen Schulungskonzepte oder Bildungsangebote entwickelt werden \u2013 auch generationen\u00fcbergreifend. Damit haben wir gute Erfahrungen gemacht. Wichtig ist, die Menschen abzuholen und sie mit ins Boot zu nehmen. <\/span><\/p>\t\t\t\t\t\t\t\t<\/div>\n\t\t\t\t<\/div>\n\t\t\t\t<div class=\"elementor-element elementor-element-f8b99c2 elementor-widget elementor-widget-spacer\" data-id=\"f8b99c2\" data-element_type=\"widget\" data-e-type=\"widget\" data-widget_type=\"spacer.default\">\n\t\t\t\t<div class=\"elementor-widget-container\">\n\t\t\t\t\t\t\t<div class=\"elementor-spacer\">\n\t\t\t<div class=\"elementor-spacer-inner\"><\/div>\n\t\t<\/div>\n\t\t\t\t\t\t<\/div>\n\t\t\t\t<\/div>\n\t\t\t\t<div class=\"elementor-element elementor-element-3713008 elementor-widget elementor-widget-heading\" data-id=\"3713008\" data-element_type=\"widget\" data-e-type=\"widget\" data-widget_type=\"heading.default\">\n\t\t\t\t<div class=\"elementor-widget-container\">\n\t\t\t\t\t<h2 class=\"elementor-heading-title elementor-size-xl\">Wenn das Fraunhofer Institut um Unterst\u00fctzung gebeten wird, wie gehen Sie dann vor?<\/h2>\t\t\t\t<\/div>\n\t\t\t\t<\/div>\n\t\t\t\t<div class=\"elementor-element elementor-element-54ed05d elementor-widget elementor-widget-spacer\" data-id=\"54ed05d\" data-element_type=\"widget\" data-e-type=\"widget\" data-widget_type=\"spacer.default\">\n\t\t\t\t<div class=\"elementor-widget-container\">\n\t\t\t\t\t\t\t<div class=\"elementor-spacer\">\n\t\t\t<div class=\"elementor-spacer-inner\"><\/div>\n\t\t<\/div>\n\t\t\t\t\t\t<\/div>\n\t\t\t\t<\/div>\n\t\t\t\t<div class=\"elementor-element elementor-element-de17260 elementor-widget elementor-widget-text-editor\" data-id=\"de17260\" data-element_type=\"widget\" data-e-type=\"widget\" data-widget_type=\"text-editor.default\">\n\t\t\t\t<div class=\"elementor-widget-container\">\n\t\t\t\t\t\t\t\t\t<p><span style=\"font-weight: 400;\">In der Regel kommt ein kommunaler Vertreter auf uns zu. Die Kommunen wissen oft selbst nicht genau, wie sie aufgestellt sind und wer Interesse hat, mit uns gemeinsam an einer L\u00f6sung zu arbeiten. Deshalb schauen wir uns zun\u00e4chst die Region an: Was ist in den vergangenen Jahren verloren gegangen? Was wird am meisten vermisst? Wo brennt es gerade? Was ist am wichtigsten? Wir analysieren, welche Chancen die Digitalisierung bietet und welche Hemmnisse es gibt. Und definieren Handlungsfelder. Pauschale L\u00f6sungen gibt es nicht. Wir entwickeln eine Strategie und machen Vorschl\u00e4ge. In jeder Region beziehen wir die Menschen vor Ort ein, beispielsweise durch Umfragen und Workshops. Wir verschicken Frageb\u00f6gen per Post oder f\u00fchren die Befragungen online durch. Immer wieder h\u00f6ren wir, dass Arbeitspl\u00e4tze fehlen oder schnelles Internet. Das sind Gr\u00fcnde, warum Menschen wegziehen. Durch die Corona-Pandemie ist aber viel in Bewegung und im Wandel. Denn f\u00fcr viele Menschen, die im Homeoffice arbeiten k\u00f6nnen, spielt es jetzt keine Rolle mehr, wo sie arbeiten. Wir m\u00fcssen schauen, wie sich das entwickelt.<\/span><\/p>\t\t\t\t\t\t\t\t<\/div>\n\t\t\t\t<\/div>\n\t\t\t\t<div class=\"elementor-element elementor-element-1725333 elementor-widget elementor-widget-blockquote\" data-id=\"1725333\" data-element_type=\"widget\" data-e-type=\"widget\" data-widget_type=\"blockquote.default\">\n\t\t\t\t<div class=\"elementor-widget-container\">\n\t\t\t\t\t \t\t\t\t<\/div>\n\t\t\t\t<\/div>\n\t\t\t\t<div class=\"elementor-element elementor-element-758f68a elementor-widget elementor-widget-spacer\" data-id=\"758f68a\" data-element_type=\"widget\" data-e-type=\"widget\" data-widget_type=\"spacer.default\">\n\t\t\t\t<div class=\"elementor-widget-container\">\n\t\t\t\t\t\t\t<div class=\"elementor-spacer\">\n\t\t\t<div class=\"elementor-spacer-inner\"><\/div>\n\t\t<\/div>\n\t\t\t\t\t\t<\/div>\n\t\t\t\t<\/div>\n\t\t\t\t<div class=\"elementor-element elementor-element-a5f6cf8 elementor-widget elementor-widget-heading\" data-id=\"a5f6cf8\" data-element_type=\"widget\" data-e-type=\"widget\" data-widget_type=\"heading.default\">\n\t\t\t\t<div class=\"elementor-widget-container\">\n\t\t\t\t\t<h2 class=\"elementor-heading-title elementor-size-xl\">Das Digitale Dorf ist eines der Projekte des Fraunhofer Instituts. Was verbirgt sich dahinter?<\/h2>\t\t\t\t<\/div>\n\t\t\t\t<\/div>\n\t\t\t\t<div class=\"elementor-element elementor-element-138ba33 elementor-widget elementor-widget-spacer\" data-id=\"138ba33\" data-element_type=\"widget\" data-e-type=\"widget\" data-widget_type=\"spacer.default\">\n\t\t\t\t<div class=\"elementor-widget-container\">\n\t\t\t\t\t\t\t<div class=\"elementor-spacer\">\n\t\t\t<div class=\"elementor-spacer-inner\"><\/div>\n\t\t<\/div>\n\t\t\t\t\t\t<\/div>\n\t\t\t\t<\/div>\n\t\t\t\t<div class=\"elementor-element elementor-element-96754f5 elementor-widget elementor-widget-text-editor\" data-id=\"96754f5\" data-element_type=\"widget\" data-e-type=\"widget\" data-widget_type=\"text-editor.default\">\n\t\t\t\t<div class=\"elementor-widget-container\">\n\t\t\t\t\t\t\t\t\t<p><span style=\"font-weight: 400;\">In dem Forschungsprojekt haben wir uns auf drei Regionen in Bayern konzentriert und mehrere Teilprojekte entwickelt, zum Beispiel den Mobilen Dorfladen der Steinwald-Allianz. Das ist ein Verbund von Gemeinden im Kreis Tirschenreuth in der Oberpfalz. Ein begehbarer LKW f\u00e4hrt quasi als rollender Supermarkt durch kleine Ortschaften. Ziel war es, auf einer digitalen Plattform die Betreiber, etwa 20 Erzeugerinnen und Erzeuger aus der Region, sowie B\u00fcrgerinnen und B\u00fcrger miteinander zu vernetzen. In einem Web-Shop sollen die Waren zuk\u00fcnftig bestellt werden. Und der Fahrer des LKW bekommt unterwegs \u00fcber eine App mitgeteilt, welche Bestellungen aufgegeben werden. Im zweiten Projekt haben wir eine digitale Wohnberatung zum Thema altersgerechtes Wohnen entwickelt. Man kann online durch mehrere Zimmer gehen und sich \u00fcber verschiedene Assistenztechnologien und Hilfsmittel informieren. Ein anderes Projekt ist das \u201eDigitale Gesundheitsdorf Oberes Rodachtal\u201c. Um die Pflege zu unterst\u00fctzen, k\u00f6nnen ambulante Pflegedienste, pflegende Angeh\u00f6rige oder Haus\u00e4rztinnen und -\u00e4rzte auf eine digitale Plattform zugreifen und Pflegedaten austauschen. Aus diesen Projekten haben wir Erkenntnisse gewonnen, die in neue Projekte einflie\u00dfen. Und wir schauen, was in andere Regionen \u00fcbertragen werden kann.\u00a0 <\/span><\/p>\t\t\t\t\t\t\t\t<\/div>\n\t\t\t\t<\/div>\n\t\t\t\t<div class=\"elementor-element elementor-element-ff0fc21 elementor-widget elementor-widget-spacer\" data-id=\"ff0fc21\" data-element_type=\"widget\" data-e-type=\"widget\" data-widget_type=\"spacer.default\">\n\t\t\t\t<div class=\"elementor-widget-container\">\n\t\t\t\t\t\t\t<div class=\"elementor-spacer\">\n\t\t\t<div class=\"elementor-spacer-inner\"><\/div>\n\t\t<\/div>\n\t\t\t\t\t\t<\/div>\n\t\t\t\t<\/div>\n\t\t\t\t<div class=\"elementor-element elementor-element-c71ee0b elementor-widget elementor-widget-image\" data-id=\"c71ee0b\" data-element_type=\"widget\" data-e-type=\"widget\" data-widget_type=\"image.default\">\n\t\t\t\t<div class=\"elementor-widget-container\">\n\t\t\t\t\t\t\t\t\t\t\t\t<figure class=\"wp-caption\">\n\t\t\t\t\t\t\t\t\t\t<img decoding=\"async\" width=\"768\" height=\"576\" src=\"https:\/\/www.deutsche-glasfaser.de\/blog\/wp-content\/uploads\/2022\/01\/03_b_Demonstrator_Fraunhofer-IIS-768x576.jpg\" class=\"attachment-medium_large size-medium_large wp-image-9332\" alt=\"Mit digitalen Displays ausgestattete Pappaufsteller von drei verschiedenen Personen stehen in einem Raum.\" srcset=\"https:\/\/www.deutsche-glasfaser.de\/blog\/wp-content\/uploads\/2022\/01\/03_b_Demonstrator_Fraunhofer-IIS-768x576.jpg 768w, https:\/\/www.deutsche-glasfaser.de\/blog\/wp-content\/uploads\/2022\/01\/03_b_Demonstrator_Fraunhofer-IIS-300x225.jpg 300w, https:\/\/www.deutsche-glasfaser.de\/blog\/wp-content\/uploads\/2022\/01\/03_b_Demonstrator_Fraunhofer-IIS.jpg 800w\" sizes=\"(max-width: 768px) 100vw, 768px\" \/>\t\t\t\t\t\t\t\t\t\t\t<figcaption class=\"widget-image-caption wp-caption-text\">Digitales Gesundheitsdorf Oberes Rodachtal \u2013 Demonstrator mit Senior, Seniorin und pflegendem Angeh\u00f6rigen: Als Technologien innerhalb der digitalen Plattform kommen etwa neuartige, textilbasierte Vitaldaten-Monitoring-Systeme, kommerziell verf\u00fcgbare technische Assistenzsysteme und passende Smart Home-L\u00f6sungen zum Einsatz. \u00a9 Fraunhofer IIS<\/figcaption>\n\t\t\t\t\t\t\t\t\t\t<\/figure>\n\t\t\t\t\t\t\t\t\t<\/div>\n\t\t\t\t<\/div>\n\t\t\t\t<div class=\"elementor-element elementor-element-fe601a0 elementor-widget elementor-widget-spacer\" data-id=\"fe601a0\" data-element_type=\"widget\" data-e-type=\"widget\" data-widget_type=\"spacer.default\">\n\t\t\t\t<div class=\"elementor-widget-container\">\n\t\t\t\t\t\t\t<div class=\"elementor-spacer\">\n\t\t\t<div class=\"elementor-spacer-inner\"><\/div>\n\t\t<\/div>\n\t\t\t\t\t\t<\/div>\n\t\t\t\t<\/div>\n\t\t\t\t<div class=\"elementor-element elementor-element-82d24be elementor-widget elementor-widget-heading\" data-id=\"82d24be\" data-element_type=\"widget\" data-e-type=\"widget\" data-widget_type=\"heading.default\">\n\t\t\t\t<div class=\"elementor-widget-container\">\n\t\t\t\t\t<h2 class=\"elementor-heading-title elementor-size-xl\">K\u00f6nnen Erfahrungen, die in einem Bundesland gewonnen wurden, einfach auf ein anderes \u00fcbertragen werden?<\/h2>\t\t\t\t<\/div>\n\t\t\t\t<\/div>\n\t\t\t\t<div class=\"elementor-element elementor-element-4c0fe4e elementor-widget elementor-widget-spacer\" data-id=\"4c0fe4e\" data-element_type=\"widget\" data-e-type=\"widget\" data-widget_type=\"spacer.default\">\n\t\t\t\t<div class=\"elementor-widget-container\">\n\t\t\t\t\t\t\t<div class=\"elementor-spacer\">\n\t\t\t<div class=\"elementor-spacer-inner\"><\/div>\n\t\t<\/div>\n\t\t\t\t\t\t<\/div>\n\t\t\t\t<\/div>\n\t\t\t\t<div class=\"elementor-element elementor-element-98993ed elementor-widget elementor-widget-text-editor\" data-id=\"98993ed\" data-element_type=\"widget\" data-e-type=\"widget\" data-widget_type=\"text-editor.default\">\n\t\t\t\t<div class=\"elementor-widget-container\">\n\t\t\t\t\t\t\t\t\t<p><span style=\"font-weight: 400;\">Nein, das ist nicht m\u00f6glich. Aber man kann sich anschauen: Was gibt es bereits und was kann ich davon lernen und vielleicht auch \u00fcbernehmen? Was unserer Meinung nach nicht geht, ist, eine L\u00f6sung eins zu eins in eine andere Region zu \u00fcbertragen, weil jede unterschiedlich ist. Die Lebensverh\u00e4ltnisse und die Infrastruktur unterscheiden sich sehr und die Bedarfe sind anders. <\/span><\/p>\t\t\t\t\t\t\t\t<\/div>\n\t\t\t\t<\/div>\n\t\t\t\t<div class=\"elementor-element elementor-element-19f4939 elementor-widget elementor-widget-spacer\" data-id=\"19f4939\" data-element_type=\"widget\" data-e-type=\"widget\" data-widget_type=\"spacer.default\">\n\t\t\t\t<div class=\"elementor-widget-container\">\n\t\t\t\t\t\t\t<div class=\"elementor-spacer\">\n\t\t\t<div class=\"elementor-spacer-inner\"><\/div>\n\t\t<\/div>\n\t\t\t\t\t\t<\/div>\n\t\t\t\t<\/div>\n\t\t\t\t<div class=\"elementor-element elementor-element-1822ef3 elementor-widget elementor-widget-heading\" data-id=\"1822ef3\" data-element_type=\"widget\" data-e-type=\"widget\" data-widget_type=\"heading.default\">\n\t\t\t\t<div class=\"elementor-widget-container\">\n\t\t\t\t\t<h2 class=\"elementor-heading-title elementor-size-xl\">Nun hat nicht jede Region das Geld, um ein Forschungsinstitut zu beauftragen. Wie k\u00f6nnen diese Regionen dennoch von den wissenschaftlichen Erkenntnissen profitieren?       <\/h2>\t\t\t\t<\/div>\n\t\t\t\t<\/div>\n\t\t\t\t<div class=\"elementor-element elementor-element-18e6cdf elementor-widget elementor-widget-spacer\" data-id=\"18e6cdf\" data-element_type=\"widget\" data-e-type=\"widget\" data-widget_type=\"spacer.default\">\n\t\t\t\t<div class=\"elementor-widget-container\">\n\t\t\t\t\t\t\t<div class=\"elementor-spacer\">\n\t\t\t<div class=\"elementor-spacer-inner\"><\/div>\n\t\t<\/div>\n\t\t\t\t\t\t<\/div>\n\t\t\t\t<\/div>\n\t\t\t\t<div class=\"elementor-element elementor-element-6186630 elementor-widget elementor-widget-text-editor\" data-id=\"6186630\" data-element_type=\"widget\" data-e-type=\"widget\" data-widget_type=\"text-editor.default\">\n\t\t\t\t<div class=\"elementor-widget-container\">\n\t\t\t\t\t\t\t\t\t<p><span style=\"font-weight: 400;\">Viele Kommunen bekommen tats\u00e4chlich keine F\u00f6rdergelder und haben keine finanziellen Mittel, uns zu beauftragen. F\u00fcr diese Kommunen entwickeln wir Leitf\u00e4den und Handlungsempfehlungen. Manche sind nach einem Baukastenprinzip aufgebaut. Damit k\u00f6nnen sie L\u00f6sungen f\u00fcr ihre Kommune entwickeln. Und f\u00fcr politische Entscheidungstr\u00e4gerinnen und -tr\u00e4ger entwickeln wir sogenannte Governance Paper f\u00fcr verschiedene Ebenen: kommunal, regional und bundesweit.<\/span><\/p>\t\t\t\t\t\t\t\t<\/div>\n\t\t\t\t<\/div>\n\t\t\t\t<div class=\"elementor-element elementor-element-3adfc48 elementor-widget elementor-widget-spacer\" data-id=\"3adfc48\" data-element_type=\"widget\" data-e-type=\"widget\" data-widget_type=\"spacer.default\">\n\t\t\t\t<div class=\"elementor-widget-container\">\n\t\t\t\t\t\t\t<div class=\"elementor-spacer\">\n\t\t\t<div class=\"elementor-spacer-inner\"><\/div>\n\t\t<\/div>\n\t\t\t\t\t\t<\/div>\n\t\t\t\t<\/div>\n\t\t\t\t<div class=\"elementor-element elementor-element-2db8e2e elementor-widget elementor-widget-heading\" data-id=\"2db8e2e\" data-element_type=\"widget\" data-e-type=\"widget\" data-widget_type=\"heading.default\">\n\t\t\t\t<div class=\"elementor-widget-container\">\n\t\t\t\t\t<h2 class=\"elementor-heading-title elementor-size-xl\">Woran arbeiten Sie derzeit? <\/h2>\t\t\t\t<\/div>\n\t\t\t\t<\/div>\n\t\t\t\t<div class=\"elementor-element elementor-element-543155d elementor-widget elementor-widget-spacer\" data-id=\"543155d\" data-element_type=\"widget\" data-e-type=\"widget\" data-widget_type=\"spacer.default\">\n\t\t\t\t<div class=\"elementor-widget-container\">\n\t\t\t\t\t\t\t<div class=\"elementor-spacer\">\n\t\t\t<div class=\"elementor-spacer-inner\"><\/div>\n\t\t<\/div>\n\t\t\t\t\t\t<\/div>\n\t\t\t\t<\/div>\n\t\t\t\t<div class=\"elementor-element elementor-element-6597934 elementor-widget elementor-widget-text-editor\" data-id=\"6597934\" data-element_type=\"widget\" data-e-type=\"widget\" data-widget_type=\"text-editor.default\">\n\t\t\t\t<div class=\"elementor-widget-container\">\n\t\t\t\t\t\t\t\t\t<p><span style=\"font-weight: 400;\">Ich unterst\u00fctze ein Forschungsprojekt zum Thema Intelligente Mikrologistik. Wir untersuchen, wie die Digitalisierung dabei unterst\u00fctzen kann, regionale Produkte zu vermarkten und sie zu den Verbraucherinnen und Verbrauchern zu bringen. Weite Entfernungen auf dem Land und geringe Mengen, die bestellt werden, machen die Lieferung oft unrentabel und \u00f6kologisch fragw\u00fcrdig. Au\u00dferdem muss bei Lebensmitteln darauf geachtet werden, dass sie frisch sind, die K\u00fchlkette nicht unterbrochen wird und Hygienema\u00dfnahmen eingehalten werden. Daf\u00fcr ist eine bestimmte Logistik erforderlich, die wirtschaftlich rentabel sein muss. Sie ist oft das Z\u00fcnglein an der Waage und entscheidet \u00fcber Erfolg oder Misserfolg. Wir schauen uns an, welche mikrologistischen L\u00f6sungen es im und f\u00fcr den l\u00e4ndlichen Raum bereits gibt und sind im engen Austausch mit privaten und \u00f6ffentlichen Initiativen. \u00dcber digitale Tools k\u00f6nnen zum Beispiel Routen oder K\u00fchl- und Lagerkapazit\u00e4ten optimiert werden. Mehrere regionale Erzeuger k\u00f6nnen sich vernetzen und gemeinsam eine Tour zusammenstellen. Die Fahrten sind so besser ausgelastet. Das Ziel unseres Forschungsprojektes ist, eine Systematik und Handlungsleitf\u00e4den f\u00fcr Akteurinnen und Akteure in Kommunen, Landkreisen, Bundesl\u00e4ndern und Bundesministerien zu entwickeln, um das n\u00f6tige Wissen zu geben und sie dabei zu unterst\u00fctzen, sich f\u00fcr eine geeignete Ma\u00dfnahme zu entscheiden.<\/span><\/p>\t\t\t\t\t\t\t\t<\/div>\n\t\t\t\t<\/div>\n\t\t\t\t<div class=\"elementor-element elementor-element-cbb837f elementor-widget elementor-widget-spacer\" data-id=\"cbb837f\" data-element_type=\"widget\" data-e-type=\"widget\" data-widget_type=\"spacer.default\">\n\t\t\t\t<div class=\"elementor-widget-container\">\n\t\t\t\t\t\t\t<div class=\"elementor-spacer\">\n\t\t\t<div class=\"elementor-spacer-inner\"><\/div>\n\t\t<\/div>\n\t\t\t\t\t\t<\/div>\n\t\t\t\t<\/div>\n\t\t\t\t<div class=\"elementor-element elementor-element-4a03a7c elementor-widget elementor-widget-heading\" data-id=\"4a03a7c\" data-element_type=\"widget\" data-e-type=\"widget\" data-widget_type=\"heading.default\">\n\t\t\t\t<div class=\"elementor-widget-container\">\n\t\t\t\t\t<h2 class=\"elementor-heading-title elementor-size-xl\">Mehr \u00fcber das Forschungsprojekt<\/h2>\t\t\t\t<\/div>\n\t\t\t\t<\/div>\n\t\t\t\t<div class=\"elementor-element elementor-element-1b07a53 elementor-widget elementor-widget-spacer\" data-id=\"1b07a53\" data-element_type=\"widget\" data-e-type=\"widget\" data-widget_type=\"spacer.default\">\n\t\t\t\t<div class=\"elementor-widget-container\">\n\t\t\t\t\t\t\t<div class=\"elementor-spacer\">\n\t\t\t<div class=\"elementor-spacer-inner\"><\/div>\n\t\t<\/div>\n\t\t\t\t\t\t<\/div>\n\t\t\t\t<\/div>\n\t\t\t\t<div class=\"elementor-element elementor-element-ca37213 elementor-widget elementor-widget-text-editor\" data-id=\"ca37213\" data-element_type=\"widget\" data-e-type=\"widget\" data-widget_type=\"text-editor.default\">\n\t\t\t\t<div class=\"elementor-widget-container\">\n\t\t\t\t\t\t\t\t\t<p><span style=\"font-weight: 400;\">Hier finden Sie mehr Informationen \u00fcber das Forschungsfeld <\/span><strong><a href=\"https:\/\/www.scs.fraunhofer.de\/de\/forschungsfelder\/versorgung-laendlicher-raum.html\">\u201eVersorgung im l\u00e4ndlichen Raum\u201c<\/a><\/strong>, hier <strong><a href=\"https:\/\/www.youtube.com\/watch?v=ksUTfUcpUkI\">einen kurzen Film<\/a><\/strong><span style=\"font-weight: 400;\"> mit den wichtigsten Zahlen, Daten und Fakten der Arbeitsgruppe f\u00fcr Supply Chain Services SCS. \u00dcber das <\/span><strong><a href=\"https:\/\/www.digitales-dorf.bayern\/\">Pilotprojekt Digitales Dorf Bayern\/ Bayern Digital<\/a><\/strong><span style=\"font-weight: 400;\"> und die einzelnen Bausteine der Initiative k\u00f6nnen Sie sich hier informieren.<\/span><\/p>\t\t\t\t\t\t\t\t<\/div>\n\t\t\t\t<\/div>\n\t\t\t\t\t<\/div>\n\t\t<\/div>\n\t\t\t\t\t<\/div>\n\t\t<\/section>\n\t\t\t\t<\/div>\n\t\t","protected":false},"excerpt":{"rendered":"<p>Junge Leute sind weggezogen, Dorfl\u00e4den verschwunden, H\u00e4user stehen leer. Wie kann der l\u00e4ndliche Raum wieder an Reiz gewinnen? Dar\u00fcber sprechen wir mit Mirjam Sarah Opitz, wissenschaftliche Mitarbeiterin am Fraunhofer IIS.<\/p>\n","protected":false},"author":5,"featured_media":9331,"comment_status":"open","ping_status":"closed","sticky":false,"template":"","format":"standard","meta":{"footnotes":""},"categories":[68],"tags":[],"class_list":["post-9330","post","type-post","status-publish","format-standard","has-post-thumbnail","hentry","category-zuhause"],"yoast_head":"<!-- This site is optimized with the Yoast SEO plugin v27.5 - https:\/\/yoast.com\/product\/yoast-seo-wordpress\/ -->\n<title>Forschung am Fraunhofer IIS: Digitale D\u00f6rfer in Bayern - Digitales B\u00fcrgernetz<\/title>\n<meta name=\"description\" content=\"Vom Mobilen Dorfladen bis zum Digitalen Gesundheitsdorf: Das Fraunhofer IIS erforscht, wie l\u00e4ndliche Regionen von der Digitalisierung profitieren\" \/>\n<meta name=\"robots\" content=\"index, follow, max-snippet:-1, max-image-preview:large, max-video-preview:-1\" \/>\n<link rel=\"canonical\" href=\"https:\/\/www.deutsche-glasfaser.de\/blog\/so-punkten-laendliche-regionen-mit-digital-vernetzten-lebensraeumen\/\" \/>\n<meta property=\"og:locale\" content=\"de_DE\" \/>\n<meta property=\"og:type\" content=\"article\" \/>\n<meta property=\"og:title\" content=\"Forschung am Fraunhofer IIS: Digitale D\u00f6rfer in Bayern - Digitales B\u00fcrgernetz\" \/>\n<meta property=\"og:description\" content=\"Vom Mobilen Dorfladen bis zum Digitalen Gesundheitsdorf: Das Fraunhofer IIS erforscht, wie l\u00e4ndliche Regionen von der Digitalisierung profitieren\" \/>\n<meta property=\"og:url\" content=\"https:\/\/www.deutsche-glasfaser.de\/blog\/so-punkten-laendliche-regionen-mit-digital-vernetzten-lebensraeumen\/\" \/>\n<meta property=\"og:site_name\" content=\"Digitales B\u00fcrgernetz\" \/>\n<meta property=\"article:published_time\" content=\"2022-01-07T08:18:59+00:00\" \/>\n<meta property=\"article:modified_time\" content=\"2022-01-07T08:19:00+00:00\" \/>\n<meta property=\"og:image\" content=\"https:\/\/www.deutsche-glasfaser.de\/blog\/wp-content\/uploads\/2022\/01\/Titelbild_\u00a9Steinwald-Allianz.jpg\" \/>\n\t<meta property=\"og:image:width\" content=\"1500\" \/>\n\t<meta property=\"og:image:height\" content=\"710\" \/>\n\t<meta property=\"og:image:type\" content=\"image\/jpeg\" \/>\n<meta name=\"author\" content=\"Deutsche Glasfaser\" \/>\n<meta name=\"twitter:card\" content=\"summary_large_image\" \/>\n<meta name=\"twitter:label1\" content=\"Verfasst von\" \/>\n\t<meta name=\"twitter:data1\" content=\"Deutsche Glasfaser\" \/>\n\t<meta name=\"twitter:label2\" content=\"Gesch\u00e4tzte Lesezeit\" \/>\n\t<meta name=\"twitter:data2\" content=\"6\u00a0Minuten\" \/>\n<script type=\"application\/ld+json\" class=\"yoast-schema-graph\">{\"@context\":\"https:\\\/\\\/schema.org\",\"@graph\":[{\"@type\":\"Article\",\"@id\":\"https:\\\/\\\/www.deutsche-glasfaser.de\\\/blog\\\/so-punkten-laendliche-regionen-mit-digital-vernetzten-lebensraeumen\\\/#article\",\"isPartOf\":{\"@id\":\"https:\\\/\\\/www.deutsche-glasfaser.de\\\/blog\\\/so-punkten-laendliche-regionen-mit-digital-vernetzten-lebensraeumen\\\/\"},\"author\":{\"name\":\"Deutsche Glasfaser\",\"@id\":\"https:\\\/\\\/www.deutsche-glasfaser.de\\\/blog\\\/#\\\/schema\\\/person\\\/9380a6dc7443d77143d0c66c409f574b\"},\"headline\":\"So punkten l\u00e4ndliche Regionen: mit digital vernetzten Lebensr\u00e4umen\",\"datePublished\":\"2022-01-07T08:18:59+00:00\",\"dateModified\":\"2022-01-07T08:19:00+00:00\",\"mainEntityOfPage\":{\"@id\":\"https:\\\/\\\/www.deutsche-glasfaser.de\\\/blog\\\/so-punkten-laendliche-regionen-mit-digital-vernetzten-lebensraeumen\\\/\"},\"wordCount\":1251,\"commentCount\":0,\"publisher\":{\"@id\":\"https:\\\/\\\/www.deutsche-glasfaser.de\\\/blog\\\/#organization\"},\"image\":{\"@id\":\"https:\\\/\\\/www.deutsche-glasfaser.de\\\/blog\\\/so-punkten-laendliche-regionen-mit-digital-vernetzten-lebensraeumen\\\/#primaryimage\"},\"thumbnailUrl\":\"https:\\\/\\\/www.deutsche-glasfaser.de\\\/blog\\\/wp-content\\\/uploads\\\/2022\\\/01\\\/Titelbild_\u00a9Steinwald-Allianz.jpg\",\"articleSection\":[\"#zuHause\"],\"inLanguage\":\"de\",\"potentialAction\":[{\"@type\":\"CommentAction\",\"name\":\"Comment\",\"target\":[\"https:\\\/\\\/www.deutsche-glasfaser.de\\\/blog\\\/so-punkten-laendliche-regionen-mit-digital-vernetzten-lebensraeumen\\\/#respond\"]}]},{\"@type\":\"WebPage\",\"@id\":\"https:\\\/\\\/www.deutsche-glasfaser.de\\\/blog\\\/so-punkten-laendliche-regionen-mit-digital-vernetzten-lebensraeumen\\\/\",\"url\":\"https:\\\/\\\/www.deutsche-glasfaser.de\\\/blog\\\/so-punkten-laendliche-regionen-mit-digital-vernetzten-lebensraeumen\\\/\",\"name\":\"Forschung am Fraunhofer IIS: Digitale D\u00f6rfer in Bayern - Digitales B\u00fcrgernetz\",\"isPartOf\":{\"@id\":\"https:\\\/\\\/www.deutsche-glasfaser.de\\\/blog\\\/#website\"},\"primaryImageOfPage\":{\"@id\":\"https:\\\/\\\/www.deutsche-glasfaser.de\\\/blog\\\/so-punkten-laendliche-regionen-mit-digital-vernetzten-lebensraeumen\\\/#primaryimage\"},\"image\":{\"@id\":\"https:\\\/\\\/www.deutsche-glasfaser.de\\\/blog\\\/so-punkten-laendliche-regionen-mit-digital-vernetzten-lebensraeumen\\\/#primaryimage\"},\"thumbnailUrl\":\"https:\\\/\\\/www.deutsche-glasfaser.de\\\/blog\\\/wp-content\\\/uploads\\\/2022\\\/01\\\/Titelbild_\u00a9Steinwald-Allianz.jpg\",\"datePublished\":\"2022-01-07T08:18:59+00:00\",\"dateModified\":\"2022-01-07T08:19:00+00:00\",\"description\":\"Vom Mobilen Dorfladen bis zum Digitalen Gesundheitsdorf: Das Fraunhofer IIS erforscht, wie l\u00e4ndliche Regionen von der Digitalisierung profitieren\",\"inLanguage\":\"de\",\"potentialAction\":[{\"@type\":\"ReadAction\",\"target\":[\"https:\\\/\\\/www.deutsche-glasfaser.de\\\/blog\\\/so-punkten-laendliche-regionen-mit-digital-vernetzten-lebensraeumen\\\/\"]}]},{\"@type\":\"ImageObject\",\"inLanguage\":\"de\",\"@id\":\"https:\\\/\\\/www.deutsche-glasfaser.de\\\/blog\\\/so-punkten-laendliche-regionen-mit-digital-vernetzten-lebensraeumen\\\/#primaryimage\",\"url\":\"https:\\\/\\\/www.deutsche-glasfaser.de\\\/blog\\\/wp-content\\\/uploads\\\/2022\\\/01\\\/Titelbild_\u00a9Steinwald-Allianz.jpg\",\"contentUrl\":\"https:\\\/\\\/www.deutsche-glasfaser.de\\\/blog\\\/wp-content\\\/uploads\\\/2022\\\/01\\\/Titelbild_\u00a9Steinwald-Allianz.jpg\",\"width\":1500,\"height\":710,\"caption\":\"Der Mobile Dorfladen der Steinwald-Allianz ist eine L\u00f6sung f\u00fcr die Nahversorgung mit G\u00fctern des t\u00e4glichen Bedarfs, \u00a9 Steinwald-Allianz\"},{\"@type\":\"WebSite\",\"@id\":\"https:\\\/\\\/www.deutsche-glasfaser.de\\\/blog\\\/#website\",\"url\":\"https:\\\/\\\/www.deutsche-glasfaser.de\\\/blog\\\/\",\"name\":\"Digitales B\u00fcrgernetz\",\"description\":\"Deutsche Glasfaser Blog\",\"publisher\":{\"@id\":\"https:\\\/\\\/www.deutsche-glasfaser.de\\\/blog\\\/#organization\"},\"potentialAction\":[{\"@type\":\"SearchAction\",\"target\":{\"@type\":\"EntryPoint\",\"urlTemplate\":\"https:\\\/\\\/www.deutsche-glasfaser.de\\\/blog\\\/?s={search_term_string}\"},\"query-input\":{\"@type\":\"PropertyValueSpecification\",\"valueRequired\":true,\"valueName\":\"search_term_string\"}}],\"inLanguage\":\"de\"},{\"@type\":\"Organization\",\"@id\":\"https:\\\/\\\/www.deutsche-glasfaser.de\\\/blog\\\/#organization\",\"name\":\"Digitales B\u00fcrgernetz\",\"url\":\"https:\\\/\\\/www.deutsche-glasfaser.de\\\/blog\\\/\",\"logo\":{\"@type\":\"ImageObject\",\"inLanguage\":\"de\",\"@id\":\"https:\\\/\\\/www.deutsche-glasfaser.de\\\/blog\\\/#\\\/schema\\\/logo\\\/image\\\/\",\"url\":\"https:\\\/\\\/www.deutsche-glasfaser.de\\\/blog\\\/wp-content\\\/uploads\\\/2021\\\/08\\\/DGF_Logo_Basis_RGB-Large@2x.png\",\"contentUrl\":\"https:\\\/\\\/www.deutsche-glasfaser.de\\\/blog\\\/wp-content\\\/uploads\\\/2021\\\/08\\\/DGF_Logo_Basis_RGB-Large@2x.png\",\"width\":312,\"height\":104,\"caption\":\"Digitales B\u00fcrgernetz\"},\"image\":{\"@id\":\"https:\\\/\\\/www.deutsche-glasfaser.de\\\/blog\\\/#\\\/schema\\\/logo\\\/image\\\/\"}},{\"@type\":\"Person\",\"@id\":\"https:\\\/\\\/www.deutsche-glasfaser.de\\\/blog\\\/#\\\/schema\\\/person\\\/9380a6dc7443d77143d0c66c409f574b\",\"name\":\"Deutsche Glasfaser\"}]}<\/script>\n<!-- \/ Yoast SEO plugin. -->","yoast_head_json":{"title":"Forschung am Fraunhofer IIS: Digitale D\u00f6rfer in Bayern - Digitales B\u00fcrgernetz","description":"Vom Mobilen Dorfladen bis zum Digitalen Gesundheitsdorf: Das Fraunhofer IIS erforscht, wie l\u00e4ndliche Regionen von der Digitalisierung profitieren","robots":{"index":"index","follow":"follow","max-snippet":"max-snippet:-1","max-image-preview":"max-image-preview:large","max-video-preview":"max-video-preview:-1"},"canonical":"https:\/\/www.deutsche-glasfaser.de\/blog\/so-punkten-laendliche-regionen-mit-digital-vernetzten-lebensraeumen\/","og_locale":"de_DE","og_type":"article","og_title":"Forschung am Fraunhofer IIS: Digitale D\u00f6rfer in Bayern - Digitales B\u00fcrgernetz","og_description":"Vom Mobilen Dorfladen bis zum Digitalen Gesundheitsdorf: Das Fraunhofer IIS erforscht, wie l\u00e4ndliche Regionen von der Digitalisierung profitieren","og_url":"https:\/\/www.deutsche-glasfaser.de\/blog\/so-punkten-laendliche-regionen-mit-digital-vernetzten-lebensraeumen\/","og_site_name":"Digitales B\u00fcrgernetz","article_published_time":"2022-01-07T08:18:59+00:00","article_modified_time":"2022-01-07T08:19:00+00:00","og_image":[{"width":1500,"height":710,"url":"https:\/\/www.deutsche-glasfaser.de\/blog\/wp-content\/uploads\/2022\/01\/Titelbild_\u00a9Steinwald-Allianz.jpg","type":"image\/jpeg"}],"author":"Deutsche Glasfaser","twitter_card":"summary_large_image","twitter_misc":{"Verfasst von":"Deutsche Glasfaser","Gesch\u00e4tzte Lesezeit":"6\u00a0Minuten"},"schema":{"@context":"https:\/\/schema.org","@graph":[{"@type":"Article","@id":"https:\/\/www.deutsche-glasfaser.de\/blog\/so-punkten-laendliche-regionen-mit-digital-vernetzten-lebensraeumen\/#article","isPartOf":{"@id":"https:\/\/www.deutsche-glasfaser.de\/blog\/so-punkten-laendliche-regionen-mit-digital-vernetzten-lebensraeumen\/"},"author":{"name":"Deutsche Glasfaser","@id":"https:\/\/www.deutsche-glasfaser.de\/blog\/#\/schema\/person\/9380a6dc7443d77143d0c66c409f574b"},"headline":"So punkten l\u00e4ndliche Regionen: mit digital vernetzten Lebensr\u00e4umen","datePublished":"2022-01-07T08:18:59+00:00","dateModified":"2022-01-07T08:19:00+00:00","mainEntityOfPage":{"@id":"https:\/\/www.deutsche-glasfaser.de\/blog\/so-punkten-laendliche-regionen-mit-digital-vernetzten-lebensraeumen\/"},"wordCount":1251,"commentCount":0,"publisher":{"@id":"https:\/\/www.deutsche-glasfaser.de\/blog\/#organization"},"image":{"@id":"https:\/\/www.deutsche-glasfaser.de\/blog\/so-punkten-laendliche-regionen-mit-digital-vernetzten-lebensraeumen\/#primaryimage"},"thumbnailUrl":"https:\/\/www.deutsche-glasfaser.de\/blog\/wp-content\/uploads\/2022\/01\/Titelbild_\u00a9Steinwald-Allianz.jpg","articleSection":["#zuHause"],"inLanguage":"de","potentialAction":[{"@type":"CommentAction","name":"Comment","target":["https:\/\/www.deutsche-glasfaser.de\/blog\/so-punkten-laendliche-regionen-mit-digital-vernetzten-lebensraeumen\/#respond"]}]},{"@type":"WebPage","@id":"https:\/\/www.deutsche-glasfaser.de\/blog\/so-punkten-laendliche-regionen-mit-digital-vernetzten-lebensraeumen\/","url":"https:\/\/www.deutsche-glasfaser.de\/blog\/so-punkten-laendliche-regionen-mit-digital-vernetzten-lebensraeumen\/","name":"Forschung am Fraunhofer IIS: Digitale D\u00f6rfer in Bayern - Digitales B\u00fcrgernetz","isPartOf":{"@id":"https:\/\/www.deutsche-glasfaser.de\/blog\/#website"},"primaryImageOfPage":{"@id":"https:\/\/www.deutsche-glasfaser.de\/blog\/so-punkten-laendliche-regionen-mit-digital-vernetzten-lebensraeumen\/#primaryimage"},"image":{"@id":"https:\/\/www.deutsche-glasfaser.de\/blog\/so-punkten-laendliche-regionen-mit-digital-vernetzten-lebensraeumen\/#primaryimage"},"thumbnailUrl":"https:\/\/www.deutsche-glasfaser.de\/blog\/wp-content\/uploads\/2022\/01\/Titelbild_\u00a9Steinwald-Allianz.jpg","datePublished":"2022-01-07T08:18:59+00:00","dateModified":"2022-01-07T08:19:00+00:00","description":"Vom Mobilen Dorfladen bis zum Digitalen Gesundheitsdorf: Das Fraunhofer IIS erforscht, wie l\u00e4ndliche Regionen von der Digitalisierung profitieren","inLanguage":"de","potentialAction":[{"@type":"ReadAction","target":["https:\/\/www.deutsche-glasfaser.de\/blog\/so-punkten-laendliche-regionen-mit-digital-vernetzten-lebensraeumen\/"]}]},{"@type":"ImageObject","inLanguage":"de","@id":"https:\/\/www.deutsche-glasfaser.de\/blog\/so-punkten-laendliche-regionen-mit-digital-vernetzten-lebensraeumen\/#primaryimage","url":"https:\/\/www.deutsche-glasfaser.de\/blog\/wp-content\/uploads\/2022\/01\/Titelbild_\u00a9Steinwald-Allianz.jpg","contentUrl":"https:\/\/www.deutsche-glasfaser.de\/blog\/wp-content\/uploads\/2022\/01\/Titelbild_\u00a9Steinwald-Allianz.jpg","width":1500,"height":710,"caption":"Der Mobile Dorfladen der Steinwald-Allianz ist eine L\u00f6sung f\u00fcr die Nahversorgung mit G\u00fctern des t\u00e4glichen Bedarfs, \u00a9 Steinwald-Allianz"},{"@type":"WebSite","@id":"https:\/\/www.deutsche-glasfaser.de\/blog\/#website","url":"https:\/\/www.deutsche-glasfaser.de\/blog\/","name":"Digitales B\u00fcrgernetz","description":"Deutsche Glasfaser Blog","publisher":{"@id":"https:\/\/www.deutsche-glasfaser.de\/blog\/#organization"},"potentialAction":[{"@type":"SearchAction","target":{"@type":"EntryPoint","urlTemplate":"https:\/\/www.deutsche-glasfaser.de\/blog\/?s={search_term_string}"},"query-input":{"@type":"PropertyValueSpecification","valueRequired":true,"valueName":"search_term_string"}}],"inLanguage":"de"},{"@type":"Organization","@id":"https:\/\/www.deutsche-glasfaser.de\/blog\/#organization","name":"Digitales B\u00fcrgernetz","url":"https:\/\/www.deutsche-glasfaser.de\/blog\/","logo":{"@type":"ImageObject","inLanguage":"de","@id":"https:\/\/www.deutsche-glasfaser.de\/blog\/#\/schema\/logo\/image\/","url":"https:\/\/www.deutsche-glasfaser.de\/blog\/wp-content\/uploads\/2021\/08\/DGF_Logo_Basis_RGB-Large@2x.png","contentUrl":"https:\/\/www.deutsche-glasfaser.de\/blog\/wp-content\/uploads\/2021\/08\/DGF_Logo_Basis_RGB-Large@2x.png","width":312,"height":104,"caption":"Digitales B\u00fcrgernetz"},"image":{"@id":"https:\/\/www.deutsche-glasfaser.de\/blog\/#\/schema\/logo\/image\/"}},{"@type":"Person","@id":"https:\/\/www.deutsche-glasfaser.de\/blog\/#\/schema\/person\/9380a6dc7443d77143d0c66c409f574b","name":"Deutsche Glasfaser"}]}},"_links":{"self":[{"href":"https:\/\/www.deutsche-glasfaser.de\/blog\/wp-json\/wp\/v2\/posts\/9330","targetHints":{"allow":["GET"]}}],"collection":[{"href":"https:\/\/www.deutsche-glasfaser.de\/blog\/wp-json\/wp\/v2\/posts"}],"about":[{"href":"https:\/\/www.deutsche-glasfaser.de\/blog\/wp-json\/wp\/v2\/types\/post"}],"author":[{"embeddable":true,"href":"https:\/\/www.deutsche-glasfaser.de\/blog\/wp-json\/wp\/v2\/users\/5"}],"replies":[{"embeddable":true,"href":"https:\/\/www.deutsche-glasfaser.de\/blog\/wp-json\/wp\/v2\/comments?post=9330"}],"version-history":[{"count":8,"href":"https:\/\/www.deutsche-glasfaser.de\/blog\/wp-json\/wp\/v2\/posts\/9330\/revisions"}],"predecessor-version":[{"id":9341,"href":"https:\/\/www.deutsche-glasfaser.de\/blog\/wp-json\/wp\/v2\/posts\/9330\/revisions\/9341"}],"wp:featuredmedia":[{"embeddable":true,"href":"https:\/\/www.deutsche-glasfaser.de\/blog\/wp-json\/wp\/v2\/media\/9331"}],"wp:attachment":[{"href":"https:\/\/www.deutsche-glasfaser.de\/blog\/wp-json\/wp\/v2\/media?parent=9330"}],"wp:term":[{"taxonomy":"category","embeddable":true,"href":"https:\/\/www.deutsche-glasfaser.de\/blog\/wp-json\/wp\/v2\/categories?post=9330"},{"taxonomy":"post_tag","embeddable":true,"href":"https:\/\/www.deutsche-glasfaser.de\/blog\/wp-json\/wp\/v2\/tags?post=9330"}],"curies":[{"name":"wp","href":"https:\/\/api.w.org\/{rel}","templated":true}]}}