{"id":9278,"date":"2021-12-17T06:43:11","date_gmt":"2021-12-17T06:43:11","guid":{"rendered":"https:\/\/www.deutsche-glasfaser.de\/blog\/?p=9278"},"modified":"2021-12-20T08:59:11","modified_gmt":"2021-12-20T08:59:11","slug":"landimmobilie-sucht-eigentuemer-mit-kreativitaet-gegen-die-leere","status":"publish","type":"post","link":"https:\/\/www.deutsche-glasfaser.de\/blog\/landimmobilie-sucht-eigentuemer-mit-kreativitaet-gegen-die-leere\/","title":{"rendered":"Landimmobilie sucht Eigent\u00fcmer: mit Kreativit\u00e4t gegen die Leere"},"content":{"rendered":"\t\t<div data-elementor-type=\"wp-post\" data-elementor-id=\"9278\" class=\"elementor elementor-9278\">\n\t\t\t\t\t\t<section class=\"elementor-section elementor-top-section elementor-element elementor-element-0022850 elementor-section-boxed elementor-section-height-default elementor-section-height-default\" data-id=\"0022850\" data-element_type=\"section\" data-e-type=\"section\">\n\t\t\t\t\t\t<div class=\"elementor-container elementor-column-gap-default\">\n\t\t\t\t\t<div class=\"elementor-column elementor-col-100 elementor-top-column elementor-element elementor-element-8242d42\" data-id=\"8242d42\" data-element_type=\"column\" data-e-type=\"column\">\n\t\t\t<div class=\"elementor-widget-wrap elementor-element-populated\">\n\t\t\t\t\t\t<div class=\"elementor-element elementor-element-06a3490 elementor-widget elementor-widget-text-editor\" data-id=\"06a3490\" data-element_type=\"widget\" data-e-type=\"widget\" data-widget_type=\"text-editor.default\">\n\t\t\t\t<div class=\"elementor-widget-container\">\n\t\t\t\t\t\t\t\t\t<p><span style=\"font-weight: 400;\">Dieses Haus in der Altmark wurde vor kurzem erfolgreich an neue Besitzer vermittelt. Was es wohl zu erz\u00e4hlen hat? \u00a9 Luxus der Leere<\/span><\/p>\t\t\t\t\t\t\t\t<\/div>\n\t\t\t\t<\/div>\n\t\t\t\t\t<\/div>\n\t\t<\/div>\n\t\t\t\t\t<\/div>\n\t\t<\/section>\n\t\t\t\t<section class=\"elementor-section elementor-top-section elementor-element elementor-element-d10f1ea elementor-section-boxed elementor-section-height-default elementor-section-height-default\" data-id=\"d10f1ea\" data-element_type=\"section\" data-e-type=\"section\">\n\t\t\t\t\t\t<div class=\"elementor-container elementor-column-gap-default\">\n\t\t\t\t\t<div class=\"elementor-column elementor-col-100 elementor-top-column elementor-element elementor-element-7848d75\" data-id=\"7848d75\" data-element_type=\"column\" data-e-type=\"column\">\n\t\t\t<div class=\"elementor-widget-wrap elementor-element-populated\">\n\t\t\t\t\t\t<div class=\"elementor-element elementor-element-340e7f3 elementor-widget elementor-widget-text-editor\" data-id=\"340e7f3\" data-element_type=\"widget\" data-e-type=\"widget\" data-widget_type=\"text-editor.default\">\n\t\t\t\t<div class=\"elementor-widget-container\">\n\t\t\t\t\t\t\t\t\t<p><span style=\"font-weight: 400;\">W\u00e4hrend in den St\u00e4dten der Wohnraum knapp und begehrt ist, lassen sich manche Immobilien auf dem Land nur schwer vermitteln. H\u00e4ufig sind die H\u00e4user schon \u00e4lter und sanierungsbed\u00fcrftig oder stehen mitten im Nirgendwo. Von ihren Eigent\u00fcmerinnen und Eigent\u00fcmern beziehungsweise den Gemeinden werden sie oft als Klotz am Bein empfunden. Eine aktuelle <\/span><strong><a href=\"https:\/\/www.berlin-institut.org\/studien-analysen\/detail\/von-umbruechen-und-aufbruechen-1\">Studie des Berlin-Instituts f\u00fcr Bev\u00f6lkerung und Entwicklung<\/a><\/strong><span style=\"font-weight: 400;\"> bezeichnet den Leerstand gerade f\u00fcr den ostdeutschen Wohnungsmarkt als Herausforderung: \u201eW\u00e4hrend bundesweit etwas mehr als vier Prozent aller Wohnungen unbewohnt sind, stehen in abgelegenen l\u00e4ndlichen Gebieten und vom Strukturwandel betroffenen Regionen zum Teil mehr als zehn Prozent der Wohnungen leer\u201c, hei\u00dft es dort, mancherorts sei gesch\u00e4tzt jede sechste Wohnung unbewohnt. Durch die alternde Bev\u00f6lkerung k\u00f6nne sich das Problem k\u00fcnftig noch versch\u00e4rfen. Dabei f\u00fchrten nicht nur sinkende Einwohnerzahlen zu Leerst\u00e4nden \u2013 auch in schrumpfenden Gemeinden sei das selbstgebaute Einfamilienh\u00e4uschen im Neubaugebiet oft attraktiver als die Renovierung eines \u00e4lteren leerstehenden Geb\u00e4udes im Ortskern.<\/span><\/p><p><span style=\"font-weight: 400;\">Zeit also, den Leerstand als Chance zu begreifen. Denn mit ein wenig Fantasie und Abenteuerlust l\u00e4sst sich darin brachliegendes Potenzial entdecken, das sich entfalten kann, wenn engagierte Beratung, n\u00fctzliche Kontakte und Erfahrung mit alternativen Wegen der Immobiliennutzung zusammenkommen. Hier stellen wir zwei innovative Netzwerke vor, die sich genau das auf die Fahnen geschrieben haben \u2013 und denen es dabei nicht um Profite geht, sondern um eine Wiederbelebung der l\u00e4ndlichen Vielfalt und Kultur. Gemeinsam haben sie die positive Herangehensweise und die Liebe zu ihrer Region.<\/span><\/p>\t\t\t\t\t\t\t\t<\/div>\n\t\t\t\t<\/div>\n\t\t\t\t<div class=\"elementor-element elementor-element-4fffda0 elementor-widget elementor-widget-spacer\" data-id=\"4fffda0\" data-element_type=\"widget\" data-e-type=\"widget\" data-widget_type=\"spacer.default\">\n\t\t\t\t<div class=\"elementor-widget-container\">\n\t\t\t\t\t\t\t<div class=\"elementor-spacer\">\n\t\t\t<div class=\"elementor-spacer-inner\"><\/div>\n\t\t<\/div>\n\t\t\t\t\t\t<\/div>\n\t\t\t\t<\/div>\n\t\t\t\t<div class=\"elementor-element elementor-element-752a601 elementor-widget elementor-widget-heading\" data-id=\"752a601\" data-element_type=\"widget\" data-e-type=\"widget\" data-widget_type=\"heading.default\">\n\t\t\t\t<div class=\"elementor-widget-container\">\n\t\t\t\t\t<h2 class=\"elementor-heading-title elementor-size-xl\">In der Altmark: \u201eLuxus der Leere\u201c<\/h2>\t\t\t\t<\/div>\n\t\t\t\t<\/div>\n\t\t\t\t<div class=\"elementor-element elementor-element-65aa9cb elementor-widget elementor-widget-spacer\" data-id=\"65aa9cb\" data-element_type=\"widget\" data-e-type=\"widget\" data-widget_type=\"spacer.default\">\n\t\t\t\t<div class=\"elementor-widget-container\">\n\t\t\t\t\t\t\t<div class=\"elementor-spacer\">\n\t\t\t<div class=\"elementor-spacer-inner\"><\/div>\n\t\t<\/div>\n\t\t\t\t\t\t<\/div>\n\t\t\t\t<\/div>\n\t\t\t\t<div class=\"elementor-element elementor-element-610b9ae elementor-widget elementor-widget-text-editor\" data-id=\"610b9ae\" data-element_type=\"widget\" data-e-type=\"widget\" data-widget_type=\"text-editor.default\">\n\t\t\t\t<div class=\"elementor-widget-container\">\n\t\t\t\t\t\t\t\t\t<p><span style=\"font-weight: 400;\">Die Altmark ist ein l\u00e4ndliches Gebiet im Norden von Sachsen-Anhalt. W\u00e4hrend die Kreisstadt Stendal mittlerweile gro\u00dfe Anziehungskraft auf gro\u00dfstadtm\u00fcde Berlinerinnen und Berliner aus\u00fcbt, k\u00e4mpfen einige kleinere D\u00f6rfer gegen den Leerstand und brachliegende Fl\u00e4chen. 2018 schlossen sich deshalb sieben Kommunen unter dem Namen \u201eLuxus der Leere\u201c zusammen, um die entsprechenden Objekte ins rechte Licht zu r\u00fccken. Das Ziel: Menschen f\u00fcr die alles andere als perfekten, aber oft historischen und charakterstarken Immobilien zu interessieren. \u201eUnsere Angebote sind oft Liebhaberobjekte, die viel Zuwendung und Ideenreichtum ben\u00f6tigen und dadurch ihren Charme weiterbehalten\u201c, sagt Marco Beiersd\u00f6rfer von der Verbandsgemeinde Arneburg-Goldbeck (Team Steuerungsunterst\u00fctzung): \u201eLuxus der Leere soll positiv Verr\u00fcckte f\u00fcr Land und Leute begeistern.\u201c Manche der H\u00e4user sehen wie verwunschene Orte aus, und jedes von ihnen hat seine eigene Geschichte zu erz\u00e4hlen. Damit diese auch geh\u00f6rt werden, wurde eine <\/span><strong><a href=\"http:\/\/luxusderleere.de\/\">digitale Plattform<\/a><\/strong><span style=\"font-weight: 400;\"> entwickelt, auf der verkaufende und suchende Parteien ohne Umwege zueinanderfinden k\u00f6nnen. Flankiert wird das Ganze von praktischen Informationen zu Beratungsangeboten, Sachverst\u00e4ndigen und m\u00f6glichen F\u00f6rdermitteln.<\/span><\/p>\t\t\t\t\t\t\t\t<\/div>\n\t\t\t\t<\/div>\n\t\t\t\t<div class=\"elementor-element elementor-element-e07a67c elementor-widget elementor-widget-spacer\" data-id=\"e07a67c\" data-element_type=\"widget\" data-e-type=\"widget\" data-widget_type=\"spacer.default\">\n\t\t\t\t<div class=\"elementor-widget-container\">\n\t\t\t\t\t\t\t<div class=\"elementor-spacer\">\n\t\t\t<div class=\"elementor-spacer-inner\"><\/div>\n\t\t<\/div>\n\t\t\t\t\t\t<\/div>\n\t\t\t\t<\/div>\n\t\t\t\t<div class=\"elementor-element elementor-element-8638960 elementor-widget elementor-widget-image\" data-id=\"8638960\" data-element_type=\"widget\" data-e-type=\"widget\" data-widget_type=\"image.default\">\n\t\t\t\t<div class=\"elementor-widget-container\">\n\t\t\t\t\t\t\t\t\t\t\t\t<figure class=\"wp-caption\">\n\t\t\t\t\t\t\t\t\t\t<img fetchpriority=\"high\" decoding=\"async\" width=\"768\" height=\"576\" src=\"https:\/\/www.deutsche-glasfaser.de\/blog\/wp-content\/uploads\/2021\/12\/BesichtigungPfeifen-undHolzfarbrikinSchweina-768x576.jpg\" class=\"attachment-medium_large size-medium_large wp-image-9280\" alt=\"R\u00e4ume mit Leben f\u00fcllen: LeerGut-Agenten und Interessierte bei der Besichtigung eines Objekts in Schweina, \u00a9 LeerGut-Agenten\/Katrin Hitziggrad\" srcset=\"https:\/\/www.deutsche-glasfaser.de\/blog\/wp-content\/uploads\/2021\/12\/BesichtigungPfeifen-undHolzfarbrikinSchweina-768x576.jpg 768w, https:\/\/www.deutsche-glasfaser.de\/blog\/wp-content\/uploads\/2021\/12\/BesichtigungPfeifen-undHolzfarbrikinSchweina-300x225.jpg 300w, https:\/\/www.deutsche-glasfaser.de\/blog\/wp-content\/uploads\/2021\/12\/BesichtigungPfeifen-undHolzfarbrikinSchweina-1024x768.jpg 1024w, https:\/\/www.deutsche-glasfaser.de\/blog\/wp-content\/uploads\/2021\/12\/BesichtigungPfeifen-undHolzfarbrikinSchweina-1536x1152.jpg 1536w, https:\/\/www.deutsche-glasfaser.de\/blog\/wp-content\/uploads\/2021\/12\/BesichtigungPfeifen-undHolzfarbrikinSchweina-2048x1536.jpg 2048w\" sizes=\"(max-width: 768px) 100vw, 768px\" \/>\t\t\t\t\t\t\t\t\t\t\t<figcaption class=\"widget-image-caption wp-caption-text\">R\u00e4ume mit Leben f\u00fcllen: LeerGut-Agenten und Interessierte bei der Besichtigung eines Objekts in Schweina, \u00a9 LeerGut-Agenten\/Katrin Hitziggrad<\/figcaption>\n\t\t\t\t\t\t\t\t\t\t<\/figure>\n\t\t\t\t\t\t\t\t\t<\/div>\n\t\t\t\t<\/div>\n\t\t\t\t<div class=\"elementor-element elementor-element-e11ccc8 elementor-widget elementor-widget-spacer\" data-id=\"e11ccc8\" data-element_type=\"widget\" data-e-type=\"widget\" data-widget_type=\"spacer.default\">\n\t\t\t\t<div class=\"elementor-widget-container\">\n\t\t\t\t\t\t\t<div class=\"elementor-spacer\">\n\t\t\t<div class=\"elementor-spacer-inner\"><\/div>\n\t\t<\/div>\n\t\t\t\t\t\t<\/div>\n\t\t\t\t<\/div>\n\t\t\t\t<div class=\"elementor-element elementor-element-64036bf elementor-widget elementor-widget-heading\" data-id=\"64036bf\" data-element_type=\"widget\" data-e-type=\"widget\" data-widget_type=\"heading.default\">\n\t\t\t\t<div class=\"elementor-widget-container\">\n\t\t\t\t\t<h2 class=\"elementor-heading-title elementor-size-xl\">In Th\u00fcringen: \u201eDie LeerGut-Agenten\u201c<\/h2>\t\t\t\t<\/div>\n\t\t\t\t<\/div>\n\t\t\t\t<div class=\"elementor-element elementor-element-c609008 elementor-widget elementor-widget-spacer\" data-id=\"c609008\" data-element_type=\"widget\" data-e-type=\"widget\" data-widget_type=\"spacer.default\">\n\t\t\t\t<div class=\"elementor-widget-container\">\n\t\t\t\t\t\t\t<div class=\"elementor-spacer\">\n\t\t\t<div class=\"elementor-spacer-inner\"><\/div>\n\t\t<\/div>\n\t\t\t\t\t\t<\/div>\n\t\t\t\t<\/div>\n\t\t\t\t<div class=\"elementor-element elementor-element-ef1e3c9 elementor-widget elementor-widget-text-editor\" data-id=\"ef1e3c9\" data-element_type=\"widget\" data-e-type=\"widget\" data-widget_type=\"text-editor.default\">\n\t\t\t\t<div class=\"elementor-widget-container\">\n\t\t\t\t\t\t\t\t\t<p><span style=\"font-weight: 400;\">Auch die \u201eLeerGut-Agenten\u201c wollen das kulturelle und soziale Leben im l\u00e4ndlichen Raum st\u00e4rken, in ihrem Fall: im l\u00e4ndlichen Th\u00fcringen. Ihr Netzwerk ist deutlich breiter aufgestellt als bei \u201eLuxus der Leere\u201c, denn f\u00fcr eine gemeinwohlorientierte Immobilienentwicklung wirken hier Mitstreiterinnen und Mitstreiter aus den Bereichen Architektur und Stadtplanung, aus Projektinitiativen und aus der Verwaltung zusammen. Derzeit sind 45 gelistete aktive LeerGutAgenten und knapp 300 weiteren Personen dabei, die alle in ihrer Region sehr gut vernetzt sind. Als Leerstandslotsinnen und -lotsen unterst\u00fctzen sie mit ihrem Know-how Menschen, die ein ungenutztes Objekt erwerben oder verkaufen m\u00f6chten. <\/span><\/p>\t\t\t\t\t\t\t\t<\/div>\n\t\t\t\t<\/div>\n\t\t\t\t<div class=\"elementor-element elementor-element-591dbc9 elementor-widget elementor-widget-blockquote\" data-id=\"591dbc9\" data-element_type=\"widget\" data-e-type=\"widget\" data-widget_type=\"blockquote.default\">\n\t\t\t\t<div class=\"elementor-widget-container\">\n\t\t\t\t\t \t\t\t\t<\/div>\n\t\t\t\t<\/div>\n\t\t\t\t<div class=\"elementor-element elementor-element-5fe9b33 elementor-widget elementor-widget-spacer\" data-id=\"5fe9b33\" data-element_type=\"widget\" data-e-type=\"widget\" data-widget_type=\"spacer.default\">\n\t\t\t\t<div class=\"elementor-widget-container\">\n\t\t\t\t\t\t\t<div class=\"elementor-spacer\">\n\t\t\t<div class=\"elementor-spacer-inner\"><\/div>\n\t\t<\/div>\n\t\t\t\t\t\t<\/div>\n\t\t\t\t<\/div>\n\t\t\t\t<div class=\"elementor-element elementor-element-68eef0d elementor-widget elementor-widget-text-editor\" data-id=\"68eef0d\" data-element_type=\"widget\" data-e-type=\"widget\" data-widget_type=\"text-editor.default\">\n\t\t\t\t<div class=\"elementor-widget-container\">\n\t\t\t\t\t\t\t\t\t<p><span style=\"font-weight: 400;\">Dabei steht immer das Gemeinwohl im Vordergrund, wie Katrin Hitziggrad betont, die f\u00fcr die Koordination des Netzwerks verantwortlich ist: \u201eDas hat f\u00fcr uns verschiedene Komponenten: Wir wollen neue Wohnformen etablieren, Kunst und Kultur einbinden, aber auch auf soziale und \u00f6kologische Aspekte achten. Denn wir wollen den Bestand nutzen und Alternativen zu Abriss und Neubau aufzeigen. So werden Ressourcen geschont.\u201c Um ihre Leistungen bekannt zu machen, setzen die LeerGut-Agenten auf niedrigschwellige Ans\u00e4tze, wie ihre Idee der \u201eLeerGut-Scheine\u201c zeigt: Die wurden 2021 erstmals vergeben und berechtigen die Empf\u00e4nger zu einer kostenlosen Erstberatung durch die Expertinnen und Experten des Netzwerks. Belohnt werden sollten damit besonders Projektinitiativen mit Mehrwertcharakter f\u00fcr den Ort beziehungsweise die Region. Die erfolgreiche Aktion f\u00fchrte zu einem deutlichen Anstieg der Anfragen.<\/span><\/p>\t\t\t\t\t\t\t\t<\/div>\n\t\t\t\t<\/div>\n\t\t\t\t<div class=\"elementor-element elementor-element-cc99c9f elementor-widget elementor-widget-spacer\" data-id=\"cc99c9f\" data-element_type=\"widget\" data-e-type=\"widget\" data-widget_type=\"spacer.default\">\n\t\t\t\t<div class=\"elementor-widget-container\">\n\t\t\t\t\t\t\t<div class=\"elementor-spacer\">\n\t\t\t<div class=\"elementor-spacer-inner\"><\/div>\n\t\t<\/div>\n\t\t\t\t\t\t<\/div>\n\t\t\t\t<\/div>\n\t\t\t\t<div class=\"elementor-element elementor-element-5ac235f elementor-position-top elementor-widget elementor-widget-image-box\" data-id=\"5ac235f\" data-element_type=\"widget\" data-e-type=\"widget\" data-widget_type=\"image-box.default\">\n\t\t\t\t<div class=\"elementor-widget-container\">\n\t\t\t\t\t<div class=\"elementor-image-box-wrapper\"><figure class=\"elementor-image-box-img\"><a href=\"https:\/\/www.instagram.com\/digitales_buergernetz\/\" tabindex=\"-1\"><img decoding=\"async\" width=\"150\" height=\"150\" src=\"https:\/\/www.deutsche-glasfaser.de\/blog\/wp-content\/uploads\/2021\/11\/instagram-logo_himmel-150x150.png\" class=\"attachment-thumbnail size-thumbnail wp-image-9197\" alt=\"\" srcset=\"https:\/\/www.deutsche-glasfaser.de\/blog\/wp-content\/uploads\/2021\/11\/instagram-logo_himmel-150x150.png 150w, https:\/\/www.deutsche-glasfaser.de\/blog\/wp-content\/uploads\/2021\/11\/instagram-logo_himmel-300x300.png 300w, https:\/\/www.deutsche-glasfaser.de\/blog\/wp-content\/uploads\/2021\/11\/instagram-logo_himmel.png 600w\" sizes=\"(max-width: 150px) 100vw, 150px\" \/><\/a><\/figure><div class=\"elementor-image-box-content\"><h3 class=\"elementor-image-box-title\"><a href=\"https:\/\/www.instagram.com\/digitales_buergernetz\/\">Folge uns auf Instagram!<\/a><\/h3><p class=\"elementor-image-box-description\">Neues aus dem Digitalen B\u00fcrgernetz auf Instagram.<\/p><\/div><\/div>\t\t\t\t<\/div>\n\t\t\t\t<\/div>\n\t\t\t\t<div class=\"elementor-element elementor-element-832c89a elementor-widget elementor-widget-spacer\" data-id=\"832c89a\" data-element_type=\"widget\" data-e-type=\"widget\" data-widget_type=\"spacer.default\">\n\t\t\t\t<div class=\"elementor-widget-container\">\n\t\t\t\t\t\t\t<div class=\"elementor-spacer\">\n\t\t\t<div class=\"elementor-spacer-inner\"><\/div>\n\t\t<\/div>\n\t\t\t\t\t\t<\/div>\n\t\t\t\t<\/div>\n\t\t\t\t<div class=\"elementor-element elementor-element-15e4376 elementor-widget elementor-widget-heading\" data-id=\"15e4376\" data-element_type=\"widget\" data-e-type=\"widget\" data-widget_type=\"heading.default\">\n\t\t\t\t<div class=\"elementor-widget-container\">\n\t\t\t\t\t<h2 class=\"elementor-heading-title elementor-size-xl\">Beispiele zeigen, wie es geht<\/h2>\t\t\t\t<\/div>\n\t\t\t\t<\/div>\n\t\t\t\t<div class=\"elementor-element elementor-element-aa55d2e elementor-widget elementor-widget-spacer\" data-id=\"aa55d2e\" data-element_type=\"widget\" data-e-type=\"widget\" data-widget_type=\"spacer.default\">\n\t\t\t\t<div class=\"elementor-widget-container\">\n\t\t\t\t\t\t\t<div class=\"elementor-spacer\">\n\t\t\t<div class=\"elementor-spacer-inner\"><\/div>\n\t\t<\/div>\n\t\t\t\t\t\t<\/div>\n\t\t\t\t<\/div>\n\t\t\t\t<div class=\"elementor-element elementor-element-0926016 elementor-widget elementor-widget-text-editor\" data-id=\"0926016\" data-element_type=\"widget\" data-e-type=\"widget\" data-widget_type=\"text-editor.default\">\n\t\t\t\t<div class=\"elementor-widget-container\">\n\t\t\t\t\t\t\t\t\t<p><span style=\"font-weight: 400;\">Neben den genannten Aspekten hat die Gemeinwohlorientierung bei den LeerGutAgenten noch eine weitere Seite: die wirtschaftliche. Nat\u00fcrlich sollen die neuen Eigent\u00fcmerinnen und Eigent\u00fcmer, ob Privatpersonen, Vereine, Stiftungen oder \u00e4hnliches, bei allem Idealismus kein Verlustgesch\u00e4ft machen. Daher hat das Netzwerk auch die Zahlen im Blick: \u201eIm Rahmen eines Betreibermodells erarbeiten wir Konzepte, die das Ganze auf so stabile F\u00fc\u00dfe stellen, dass sich so ein Objekt durchaus auch selbst tragen kann\u201c, sagt Katrin Hitziggrad. Wie das funktioniert, zeigen als Best Practice unter anderem der Kulturhof Kleinmecka und das Schloss Tonndorf. Letzteres wird seit Jahren umfassend saniert, um dort eine alternative Wohn-, Arbeits- und Lebensgemeinschaft aufzubauen. Kleinmecka ist ein denkmalgesch\u00fctzter Bauernhof, der heute durch einen Mix aus Kunst, Musik, Bildung und Begegnung lebendig gehalten und kontinuierlich weiterentwickelt wird. Was die Entwicklungschancen des l\u00e4ndlichen Raums generell betrifft, so spielt nach der Erfahrung von Katrin Hitziggrad auch Digitalisierung eine wichtige Rolle: \u201eWenn ein Ort mit schnellem Internet ausger\u00fcstet ist, kommt er automatisch f\u00fcr eine gr\u00f6\u00dfere Vielfalt an Nutzungsm\u00f6glichkeiten in Betracht. Unter anderem Coworking-Spaces bieten sich da als Bestandteil eines Mischkonzepts an.\u201c\u00a0<\/span><\/p><p><br \/><span style=\"font-weight: 400;\">Zum Onlineportal der <\/span><strong><a href=\"about:blank\">LeergutAgenten<\/a><\/strong><\/p>\t\t\t\t\t\t\t\t<\/div>\n\t\t\t\t<\/div>\n\t\t\t\t\t<\/div>\n\t\t<\/div>\n\t\t\t\t\t<\/div>\n\t\t<\/section>\n\t\t\t\t<\/div>\n\t\t","protected":false},"excerpt":{"rendered":"<p>Leerstehende H\u00e4user sind in l\u00e4ndlichen Regionen kein ungewohntes Bild. Das gilt besonders im Osten Deutschlands. Initiativen wie \u201eLuxus der Leere\u201c oder \u201eLeerGut-Agenten\u201c halten dagegen \u2013 mit frischen Ideen und kreativen Ans\u00e4tzen. <\/p>\n","protected":false},"author":5,"featured_media":9279,"comment_status":"open","ping_status":"open","sticky":false,"template":"","format":"standard","meta":{"footnotes":""},"categories":[71],"tags":[],"class_list":["post-9278","post","type-post","status-publish","format-standard","has-post-thumbnail","hentry","category-gemeinschaft"],"yoast_head":"<!-- This site is optimized with the Yoast SEO plugin v27.5 - https:\/\/yoast.com\/product\/yoast-seo-wordpress\/ -->\n<title>Leerstand-Management: L\u00e4ndliche Immobilie, offen f\u00fcr Neues - Digitales B\u00fcrgernetz<\/title>\n<meta name=\"description\" content=\"Altes Gem\u00e4uer sucht neues Leben: Viele Gemeinden in Ostdeutschland k\u00e4mpfen gegen den Leerstand. Wie kreative Netzwerke dabei mitmischen.\" \/>\n<meta name=\"robots\" content=\"index, follow, max-snippet:-1, max-image-preview:large, max-video-preview:-1\" \/>\n<link rel=\"canonical\" href=\"https:\/\/www.deutsche-glasfaser.de\/blog\/landimmobilie-sucht-eigentuemer-mit-kreativitaet-gegen-die-leere\/\" \/>\n<meta property=\"og:locale\" content=\"de_DE\" \/>\n<meta property=\"og:type\" content=\"article\" \/>\n<meta property=\"og:title\" content=\"Leerstand-Management: L\u00e4ndliche Immobilie, offen f\u00fcr Neues - Digitales B\u00fcrgernetz\" \/>\n<meta property=\"og:description\" content=\"Altes Gem\u00e4uer sucht neues Leben: Viele Gemeinden in Ostdeutschland k\u00e4mpfen gegen den Leerstand. Wie kreative Netzwerke dabei mitmischen.\" \/>\n<meta property=\"og:url\" content=\"https:\/\/www.deutsche-glasfaser.de\/blog\/landimmobilie-sucht-eigentuemer-mit-kreativitaet-gegen-die-leere\/\" \/>\n<meta property=\"og:site_name\" content=\"Digitales B\u00fcrgernetz\" \/>\n<meta property=\"article:published_time\" content=\"2021-12-17T06:43:11+00:00\" \/>\n<meta property=\"article:modified_time\" content=\"2021-12-20T08:59:11+00:00\" \/>\n<meta property=\"og:image\" content=\"https:\/\/www.deutsche-glasfaser.de\/blog\/wp-content\/uploads\/2021\/12\/LdL2-1024x541.png\" \/>\n\t<meta property=\"og:image:width\" content=\"1024\" \/>\n\t<meta property=\"og:image:height\" content=\"541\" \/>\n\t<meta property=\"og:image:type\" content=\"image\/png\" \/>\n<meta name=\"author\" content=\"Deutsche Glasfaser\" \/>\n<meta name=\"twitter:card\" content=\"summary_large_image\" \/>\n<meta name=\"twitter:label1\" content=\"Verfasst von\" \/>\n\t<meta name=\"twitter:data1\" content=\"Deutsche Glasfaser\" \/>\n\t<meta name=\"twitter:label2\" content=\"Gesch\u00e4tzte Lesezeit\" \/>\n\t<meta name=\"twitter:data2\" content=\"5\u00a0Minuten\" \/>\n<script type=\"application\/ld+json\" class=\"yoast-schema-graph\">{\"@context\":\"https:\\\/\\\/schema.org\",\"@graph\":[{\"@type\":\"Article\",\"@id\":\"https:\\\/\\\/www.deutsche-glasfaser.de\\\/blog\\\/landimmobilie-sucht-eigentuemer-mit-kreativitaet-gegen-die-leere\\\/#article\",\"isPartOf\":{\"@id\":\"https:\\\/\\\/www.deutsche-glasfaser.de\\\/blog\\\/landimmobilie-sucht-eigentuemer-mit-kreativitaet-gegen-die-leere\\\/\"},\"author\":{\"name\":\"Deutsche Glasfaser\",\"@id\":\"https:\\\/\\\/www.deutsche-glasfaser.de\\\/blog\\\/#\\\/schema\\\/person\\\/9380a6dc7443d77143d0c66c409f574b\"},\"headline\":\"Landimmobilie sucht Eigent\u00fcmer: mit Kreativit\u00e4t gegen die Leere\",\"datePublished\":\"2021-12-17T06:43:11+00:00\",\"dateModified\":\"2021-12-20T08:59:11+00:00\",\"mainEntityOfPage\":{\"@id\":\"https:\\\/\\\/www.deutsche-glasfaser.de\\\/blog\\\/landimmobilie-sucht-eigentuemer-mit-kreativitaet-gegen-die-leere\\\/\"},\"wordCount\":967,\"commentCount\":0,\"publisher\":{\"@id\":\"https:\\\/\\\/www.deutsche-glasfaser.de\\\/blog\\\/#organization\"},\"image\":{\"@id\":\"https:\\\/\\\/www.deutsche-glasfaser.de\\\/blog\\\/landimmobilie-sucht-eigentuemer-mit-kreativitaet-gegen-die-leere\\\/#primaryimage\"},\"thumbnailUrl\":\"https:\\\/\\\/www.deutsche-glasfaser.de\\\/blog\\\/wp-content\\\/uploads\\\/2021\\\/12\\\/LdL2.png\",\"articleSection\":[\"#Gemeinschaft\"],\"inLanguage\":\"de\",\"potentialAction\":[{\"@type\":\"CommentAction\",\"name\":\"Comment\",\"target\":[\"https:\\\/\\\/www.deutsche-glasfaser.de\\\/blog\\\/landimmobilie-sucht-eigentuemer-mit-kreativitaet-gegen-die-leere\\\/#respond\"]}]},{\"@type\":\"WebPage\",\"@id\":\"https:\\\/\\\/www.deutsche-glasfaser.de\\\/blog\\\/landimmobilie-sucht-eigentuemer-mit-kreativitaet-gegen-die-leere\\\/\",\"url\":\"https:\\\/\\\/www.deutsche-glasfaser.de\\\/blog\\\/landimmobilie-sucht-eigentuemer-mit-kreativitaet-gegen-die-leere\\\/\",\"name\":\"Leerstand-Management: L\u00e4ndliche Immobilie, offen f\u00fcr Neues - Digitales B\u00fcrgernetz\",\"isPartOf\":{\"@id\":\"https:\\\/\\\/www.deutsche-glasfaser.de\\\/blog\\\/#website\"},\"primaryImageOfPage\":{\"@id\":\"https:\\\/\\\/www.deutsche-glasfaser.de\\\/blog\\\/landimmobilie-sucht-eigentuemer-mit-kreativitaet-gegen-die-leere\\\/#primaryimage\"},\"image\":{\"@id\":\"https:\\\/\\\/www.deutsche-glasfaser.de\\\/blog\\\/landimmobilie-sucht-eigentuemer-mit-kreativitaet-gegen-die-leere\\\/#primaryimage\"},\"thumbnailUrl\":\"https:\\\/\\\/www.deutsche-glasfaser.de\\\/blog\\\/wp-content\\\/uploads\\\/2021\\\/12\\\/LdL2.png\",\"datePublished\":\"2021-12-17T06:43:11+00:00\",\"dateModified\":\"2021-12-20T08:59:11+00:00\",\"description\":\"Altes Gem\u00e4uer sucht neues Leben: Viele Gemeinden in Ostdeutschland k\u00e4mpfen gegen den Leerstand. Wie kreative Netzwerke dabei mitmischen.\",\"inLanguage\":\"de\",\"potentialAction\":[{\"@type\":\"ReadAction\",\"target\":[\"https:\\\/\\\/www.deutsche-glasfaser.de\\\/blog\\\/landimmobilie-sucht-eigentuemer-mit-kreativitaet-gegen-die-leere\\\/\"]}]},{\"@type\":\"ImageObject\",\"inLanguage\":\"de\",\"@id\":\"https:\\\/\\\/www.deutsche-glasfaser.de\\\/blog\\\/landimmobilie-sucht-eigentuemer-mit-kreativitaet-gegen-die-leere\\\/#primaryimage\",\"url\":\"https:\\\/\\\/www.deutsche-glasfaser.de\\\/blog\\\/wp-content\\\/uploads\\\/2021\\\/12\\\/LdL2.png\",\"contentUrl\":\"https:\\\/\\\/www.deutsche-glasfaser.de\\\/blog\\\/wp-content\\\/uploads\\\/2021\\\/12\\\/LdL2.png\",\"width\":1220,\"height\":645,\"caption\":\"Dieses Haus in der Altmark wurde vor kurzem erfolgreich an neue Besitzer vermittelt. Was es wohl zu erz\u00e4hlen hat? \u00a9 Luxus der Leere\"},{\"@type\":\"WebSite\",\"@id\":\"https:\\\/\\\/www.deutsche-glasfaser.de\\\/blog\\\/#website\",\"url\":\"https:\\\/\\\/www.deutsche-glasfaser.de\\\/blog\\\/\",\"name\":\"Digitales B\u00fcrgernetz\",\"description\":\"Deutsche Glasfaser Blog\",\"publisher\":{\"@id\":\"https:\\\/\\\/www.deutsche-glasfaser.de\\\/blog\\\/#organization\"},\"potentialAction\":[{\"@type\":\"SearchAction\",\"target\":{\"@type\":\"EntryPoint\",\"urlTemplate\":\"https:\\\/\\\/www.deutsche-glasfaser.de\\\/blog\\\/?s={search_term_string}\"},\"query-input\":{\"@type\":\"PropertyValueSpecification\",\"valueRequired\":true,\"valueName\":\"search_term_string\"}}],\"inLanguage\":\"de\"},{\"@type\":\"Organization\",\"@id\":\"https:\\\/\\\/www.deutsche-glasfaser.de\\\/blog\\\/#organization\",\"name\":\"Digitales B\u00fcrgernetz\",\"url\":\"https:\\\/\\\/www.deutsche-glasfaser.de\\\/blog\\\/\",\"logo\":{\"@type\":\"ImageObject\",\"inLanguage\":\"de\",\"@id\":\"https:\\\/\\\/www.deutsche-glasfaser.de\\\/blog\\\/#\\\/schema\\\/logo\\\/image\\\/\",\"url\":\"https:\\\/\\\/www.deutsche-glasfaser.de\\\/blog\\\/wp-content\\\/uploads\\\/2021\\\/08\\\/DGF_Logo_Basis_RGB-Large@2x.png\",\"contentUrl\":\"https:\\\/\\\/www.deutsche-glasfaser.de\\\/blog\\\/wp-content\\\/uploads\\\/2021\\\/08\\\/DGF_Logo_Basis_RGB-Large@2x.png\",\"width\":312,\"height\":104,\"caption\":\"Digitales B\u00fcrgernetz\"},\"image\":{\"@id\":\"https:\\\/\\\/www.deutsche-glasfaser.de\\\/blog\\\/#\\\/schema\\\/logo\\\/image\\\/\"}},{\"@type\":\"Person\",\"@id\":\"https:\\\/\\\/www.deutsche-glasfaser.de\\\/blog\\\/#\\\/schema\\\/person\\\/9380a6dc7443d77143d0c66c409f574b\",\"name\":\"Deutsche Glasfaser\"}]}<\/script>\n<!-- \/ Yoast SEO plugin. -->","yoast_head_json":{"title":"Leerstand-Management: L\u00e4ndliche Immobilie, offen f\u00fcr Neues - Digitales B\u00fcrgernetz","description":"Altes Gem\u00e4uer sucht neues Leben: Viele Gemeinden in Ostdeutschland k\u00e4mpfen gegen den Leerstand. Wie kreative Netzwerke dabei mitmischen.","robots":{"index":"index","follow":"follow","max-snippet":"max-snippet:-1","max-image-preview":"max-image-preview:large","max-video-preview":"max-video-preview:-1"},"canonical":"https:\/\/www.deutsche-glasfaser.de\/blog\/landimmobilie-sucht-eigentuemer-mit-kreativitaet-gegen-die-leere\/","og_locale":"de_DE","og_type":"article","og_title":"Leerstand-Management: L\u00e4ndliche Immobilie, offen f\u00fcr Neues - Digitales B\u00fcrgernetz","og_description":"Altes Gem\u00e4uer sucht neues Leben: Viele Gemeinden in Ostdeutschland k\u00e4mpfen gegen den Leerstand. Wie kreative Netzwerke dabei mitmischen.","og_url":"https:\/\/www.deutsche-glasfaser.de\/blog\/landimmobilie-sucht-eigentuemer-mit-kreativitaet-gegen-die-leere\/","og_site_name":"Digitales B\u00fcrgernetz","article_published_time":"2021-12-17T06:43:11+00:00","article_modified_time":"2021-12-20T08:59:11+00:00","og_image":[{"width":1024,"height":541,"url":"https:\/\/www.deutsche-glasfaser.de\/blog\/wp-content\/uploads\/2021\/12\/LdL2-1024x541.png","type":"image\/png"}],"author":"Deutsche Glasfaser","twitter_card":"summary_large_image","twitter_misc":{"Verfasst von":"Deutsche Glasfaser","Gesch\u00e4tzte Lesezeit":"5\u00a0Minuten"},"schema":{"@context":"https:\/\/schema.org","@graph":[{"@type":"Article","@id":"https:\/\/www.deutsche-glasfaser.de\/blog\/landimmobilie-sucht-eigentuemer-mit-kreativitaet-gegen-die-leere\/#article","isPartOf":{"@id":"https:\/\/www.deutsche-glasfaser.de\/blog\/landimmobilie-sucht-eigentuemer-mit-kreativitaet-gegen-die-leere\/"},"author":{"name":"Deutsche Glasfaser","@id":"https:\/\/www.deutsche-glasfaser.de\/blog\/#\/schema\/person\/9380a6dc7443d77143d0c66c409f574b"},"headline":"Landimmobilie sucht Eigent\u00fcmer: mit Kreativit\u00e4t gegen die Leere","datePublished":"2021-12-17T06:43:11+00:00","dateModified":"2021-12-20T08:59:11+00:00","mainEntityOfPage":{"@id":"https:\/\/www.deutsche-glasfaser.de\/blog\/landimmobilie-sucht-eigentuemer-mit-kreativitaet-gegen-die-leere\/"},"wordCount":967,"commentCount":0,"publisher":{"@id":"https:\/\/www.deutsche-glasfaser.de\/blog\/#organization"},"image":{"@id":"https:\/\/www.deutsche-glasfaser.de\/blog\/landimmobilie-sucht-eigentuemer-mit-kreativitaet-gegen-die-leere\/#primaryimage"},"thumbnailUrl":"https:\/\/www.deutsche-glasfaser.de\/blog\/wp-content\/uploads\/2021\/12\/LdL2.png","articleSection":["#Gemeinschaft"],"inLanguage":"de","potentialAction":[{"@type":"CommentAction","name":"Comment","target":["https:\/\/www.deutsche-glasfaser.de\/blog\/landimmobilie-sucht-eigentuemer-mit-kreativitaet-gegen-die-leere\/#respond"]}]},{"@type":"WebPage","@id":"https:\/\/www.deutsche-glasfaser.de\/blog\/landimmobilie-sucht-eigentuemer-mit-kreativitaet-gegen-die-leere\/","url":"https:\/\/www.deutsche-glasfaser.de\/blog\/landimmobilie-sucht-eigentuemer-mit-kreativitaet-gegen-die-leere\/","name":"Leerstand-Management: L\u00e4ndliche Immobilie, offen f\u00fcr Neues - Digitales B\u00fcrgernetz","isPartOf":{"@id":"https:\/\/www.deutsche-glasfaser.de\/blog\/#website"},"primaryImageOfPage":{"@id":"https:\/\/www.deutsche-glasfaser.de\/blog\/landimmobilie-sucht-eigentuemer-mit-kreativitaet-gegen-die-leere\/#primaryimage"},"image":{"@id":"https:\/\/www.deutsche-glasfaser.de\/blog\/landimmobilie-sucht-eigentuemer-mit-kreativitaet-gegen-die-leere\/#primaryimage"},"thumbnailUrl":"https:\/\/www.deutsche-glasfaser.de\/blog\/wp-content\/uploads\/2021\/12\/LdL2.png","datePublished":"2021-12-17T06:43:11+00:00","dateModified":"2021-12-20T08:59:11+00:00","description":"Altes Gem\u00e4uer sucht neues Leben: Viele Gemeinden in Ostdeutschland k\u00e4mpfen gegen den Leerstand. Wie kreative Netzwerke dabei mitmischen.","inLanguage":"de","potentialAction":[{"@type":"ReadAction","target":["https:\/\/www.deutsche-glasfaser.de\/blog\/landimmobilie-sucht-eigentuemer-mit-kreativitaet-gegen-die-leere\/"]}]},{"@type":"ImageObject","inLanguage":"de","@id":"https:\/\/www.deutsche-glasfaser.de\/blog\/landimmobilie-sucht-eigentuemer-mit-kreativitaet-gegen-die-leere\/#primaryimage","url":"https:\/\/www.deutsche-glasfaser.de\/blog\/wp-content\/uploads\/2021\/12\/LdL2.png","contentUrl":"https:\/\/www.deutsche-glasfaser.de\/blog\/wp-content\/uploads\/2021\/12\/LdL2.png","width":1220,"height":645,"caption":"Dieses Haus in der Altmark wurde vor kurzem erfolgreich an neue Besitzer vermittelt. Was es wohl zu erz\u00e4hlen hat? \u00a9 Luxus der Leere"},{"@type":"WebSite","@id":"https:\/\/www.deutsche-glasfaser.de\/blog\/#website","url":"https:\/\/www.deutsche-glasfaser.de\/blog\/","name":"Digitales B\u00fcrgernetz","description":"Deutsche Glasfaser Blog","publisher":{"@id":"https:\/\/www.deutsche-glasfaser.de\/blog\/#organization"},"potentialAction":[{"@type":"SearchAction","target":{"@type":"EntryPoint","urlTemplate":"https:\/\/www.deutsche-glasfaser.de\/blog\/?s={search_term_string}"},"query-input":{"@type":"PropertyValueSpecification","valueRequired":true,"valueName":"search_term_string"}}],"inLanguage":"de"},{"@type":"Organization","@id":"https:\/\/www.deutsche-glasfaser.de\/blog\/#organization","name":"Digitales B\u00fcrgernetz","url":"https:\/\/www.deutsche-glasfaser.de\/blog\/","logo":{"@type":"ImageObject","inLanguage":"de","@id":"https:\/\/www.deutsche-glasfaser.de\/blog\/#\/schema\/logo\/image\/","url":"https:\/\/www.deutsche-glasfaser.de\/blog\/wp-content\/uploads\/2021\/08\/DGF_Logo_Basis_RGB-Large@2x.png","contentUrl":"https:\/\/www.deutsche-glasfaser.de\/blog\/wp-content\/uploads\/2021\/08\/DGF_Logo_Basis_RGB-Large@2x.png","width":312,"height":104,"caption":"Digitales B\u00fcrgernetz"},"image":{"@id":"https:\/\/www.deutsche-glasfaser.de\/blog\/#\/schema\/logo\/image\/"}},{"@type":"Person","@id":"https:\/\/www.deutsche-glasfaser.de\/blog\/#\/schema\/person\/9380a6dc7443d77143d0c66c409f574b","name":"Deutsche Glasfaser"}]}},"_links":{"self":[{"href":"https:\/\/www.deutsche-glasfaser.de\/blog\/wp-json\/wp\/v2\/posts\/9278","targetHints":{"allow":["GET"]}}],"collection":[{"href":"https:\/\/www.deutsche-glasfaser.de\/blog\/wp-json\/wp\/v2\/posts"}],"about":[{"href":"https:\/\/www.deutsche-glasfaser.de\/blog\/wp-json\/wp\/v2\/types\/post"}],"author":[{"embeddable":true,"href":"https:\/\/www.deutsche-glasfaser.de\/blog\/wp-json\/wp\/v2\/users\/5"}],"replies":[{"embeddable":true,"href":"https:\/\/www.deutsche-glasfaser.de\/blog\/wp-json\/wp\/v2\/comments?post=9278"}],"version-history":[{"count":12,"href":"https:\/\/www.deutsche-glasfaser.de\/blog\/wp-json\/wp\/v2\/posts\/9278\/revisions"}],"predecessor-version":[{"id":9295,"href":"https:\/\/www.deutsche-glasfaser.de\/blog\/wp-json\/wp\/v2\/posts\/9278\/revisions\/9295"}],"wp:featuredmedia":[{"embeddable":true,"href":"https:\/\/www.deutsche-glasfaser.de\/blog\/wp-json\/wp\/v2\/media\/9279"}],"wp:attachment":[{"href":"https:\/\/www.deutsche-glasfaser.de\/blog\/wp-json\/wp\/v2\/media?parent=9278"}],"wp:term":[{"taxonomy":"category","embeddable":true,"href":"https:\/\/www.deutsche-glasfaser.de\/blog\/wp-json\/wp\/v2\/categories?post=9278"},{"taxonomy":"post_tag","embeddable":true,"href":"https:\/\/www.deutsche-glasfaser.de\/blog\/wp-json\/wp\/v2\/tags?post=9278"}],"curies":[{"name":"wp","href":"https:\/\/api.w.org\/{rel}","templated":true}]}}