{"id":9267,"date":"2021-12-15T07:40:13","date_gmt":"2021-12-15T07:40:13","guid":{"rendered":"https:\/\/www.deutsche-glasfaser.de\/blog\/?p=9267"},"modified":"2021-12-15T07:40:13","modified_gmt":"2021-12-15T07:40:13","slug":"weihnachtsmarkt-digital-mehr-als-nur-ein-online-shop","status":"publish","type":"post","link":"https:\/\/www.deutsche-glasfaser.de\/blog\/weihnachtsmarkt-digital-mehr-als-nur-ein-online-shop\/","title":{"rendered":"Weihnachtsmarkt digital: mehr als nur ein Online-Shop"},"content":{"rendered":"\t\t<div data-elementor-type=\"wp-post\" data-elementor-id=\"9267\" class=\"elementor elementor-9267\">\n\t\t\t\t\t\t<section class=\"elementor-section elementor-top-section elementor-element elementor-element-ce4e9c9 elementor-section-boxed elementor-section-height-default elementor-section-height-default\" data-id=\"ce4e9c9\" data-element_type=\"section\" data-e-type=\"section\">\n\t\t\t\t\t\t<div class=\"elementor-container elementor-column-gap-default\">\n\t\t\t\t\t<div class=\"elementor-column elementor-col-100 elementor-top-column elementor-element elementor-element-20a69ae\" data-id=\"20a69ae\" data-element_type=\"column\" data-e-type=\"column\">\n\t\t\t<div class=\"elementor-widget-wrap elementor-element-populated\">\n\t\t\t\t\t\t<div class=\"elementor-element elementor-element-b70cc0b elementor-widget elementor-widget-text-editor\" data-id=\"b70cc0b\" data-element_type=\"widget\" data-e-type=\"widget\" data-widget_type=\"text-editor.default\">\n\t\t\t\t<div class=\"elementor-widget-container\">\n\t\t\t\t\t\t\t\t\t<p><span style=\"font-weight: 400;\">Auch ein virtueller Weihnachtsmarkt kann Lichterglanz verbreiten. \u00a9 Unsplash\/cmophoto.net<\/span><\/p>\t\t\t\t\t\t\t\t<\/div>\n\t\t\t\t<\/div>\n\t\t\t\t\t<\/div>\n\t\t<\/div>\n\t\t\t\t\t<\/div>\n\t\t<\/section>\n\t\t\t\t<section class=\"elementor-section elementor-top-section elementor-element elementor-element-9df2e61 elementor-section-boxed elementor-section-height-default elementor-section-height-default\" data-id=\"9df2e61\" data-element_type=\"section\" data-e-type=\"section\">\n\t\t\t\t\t\t<div class=\"elementor-container elementor-column-gap-default\">\n\t\t\t\t\t<div class=\"elementor-column elementor-col-100 elementor-top-column elementor-element elementor-element-565856f\" data-id=\"565856f\" data-element_type=\"column\" data-e-type=\"column\">\n\t\t\t<div class=\"elementor-widget-wrap elementor-element-populated\">\n\t\t\t\t\t\t<div class=\"elementor-element elementor-element-cb15060 elementor-widget elementor-widget-text-editor\" data-id=\"cb15060\" data-element_type=\"widget\" data-e-type=\"widget\" data-widget_type=\"text-editor.default\">\n\t\t\t\t<div class=\"elementor-widget-container\">\n\t\t\t\t\t\t\t\t\t<p><span style=\"font-weight: 400;\">Ob kleine Landgemeinde oder Gro\u00dfstadt: Landauf, landab wurden dieses Jahr die Weihnachtsm\u00e4rkte abgesagt. Viele Veranstalter sind deshalb auf digitale Formate umgestiegen. Sie haben sich einiges einfallen lassen, damit sich lokale Kunsthandwerkerinnen und H\u00e4ndler pr\u00e4sentieren k\u00f6nnen \u2013 und damit auch virtuell Weihnachtsstimmung aufkommt. <\/span><\/p>\t\t\t\t\t\t\t\t<\/div>\n\t\t\t\t<\/div>\n\t\t\t\t<div class=\"elementor-element elementor-element-47adffb elementor-widget elementor-widget-spacer\" data-id=\"47adffb\" data-element_type=\"widget\" data-e-type=\"widget\" data-widget_type=\"spacer.default\">\n\t\t\t\t<div class=\"elementor-widget-container\">\n\t\t\t\t\t\t\t<div class=\"elementor-spacer\">\n\t\t\t<div class=\"elementor-spacer-inner\"><\/div>\n\t\t<\/div>\n\t\t\t\t\t\t<\/div>\n\t\t\t\t<\/div>\n\t\t\t\t<div class=\"elementor-element elementor-element-8d5f613 elementor-widget elementor-widget-heading\" data-id=\"8d5f613\" data-element_type=\"widget\" data-e-type=\"widget\" data-widget_type=\"heading.default\">\n\t\t\t\t<div class=\"elementor-widget-container\">\n\t\t\t\t\t<h2 class=\"elementor-heading-title elementor-size-xl\">Besucher kommen jetzt online<\/h2>\t\t\t\t<\/div>\n\t\t\t\t<\/div>\n\t\t\t\t<div class=\"elementor-element elementor-element-52f8033 elementor-widget elementor-widget-spacer\" data-id=\"52f8033\" data-element_type=\"widget\" data-e-type=\"widget\" data-widget_type=\"spacer.default\">\n\t\t\t\t<div class=\"elementor-widget-container\">\n\t\t\t\t\t\t\t<div class=\"elementor-spacer\">\n\t\t\t<div class=\"elementor-spacer-inner\"><\/div>\n\t\t<\/div>\n\t\t\t\t\t\t<\/div>\n\t\t\t\t<\/div>\n\t\t\t\t<div class=\"elementor-element elementor-element-4f1f432 elementor-widget elementor-widget-text-editor\" data-id=\"4f1f432\" data-element_type=\"widget\" data-e-type=\"widget\" data-widget_type=\"text-editor.default\">\n\t\t\t\t<div class=\"elementor-widget-container\">\n\t\t\t\t\t\t\t\t\t<p><span style=\"font-weight: 400;\">Ein Vorreiter ist hier der s\u00e4chsische Kurort Seiffen. Vor der Pandemie haben tausende Menschen im Winter das Erzgebirgsdorf mit seinen rund 2.000 Einwohnerinnen und Einwohnern besucht, das f\u00fcr seine traditionelle Holzkunst, etwa Nussknacker, Weihnachtspyramiden oder Baumschmuck, bekannt ist. Unter dem Motto \u201eDie Weihnachtsmacher\u201c hat Seiffen dann im November 2020 das erste Mal zum Bummel \u00fcber seinen virtuellen Markt der Manufakturen eingeladen. Allein am ersten Tag kamen 14.000, bis Mitte Dezember 200.000 Besucherinnen und Besucher. Ziel war es, m\u00f6glichst viel davon, was einen Weihnachtsmarktbesuch ausmacht, online umzusetzen. Bei weihnachtlichen Kl\u00e4ngen und digitalem Schneegest\u00f6ber kann man nun durch insgesamt 14 Buden navigieren, sich dort \u00fcber die Produkte und das traditionelle Kunsthandwerk informieren und bei mehr als 40 verschiedenen Herstellern einkaufen. Auch ein Blick in die Kirche und auf die Krippe ist m\u00f6glich. Eine virtuelle B\u00fchne l\u00e4sst sich ebenfalls ansteuern, \u00fcber die zuletzt immer wieder Auftritte regionaler K\u00fcnstlerinnen und K\u00fcnstler gestreamt wurden.<\/span><\/p>\t\t\t\t\t\t\t\t<\/div>\n\t\t\t\t<\/div>\n\t\t\t\t<div class=\"elementor-element elementor-element-74112cd elementor-widget elementor-widget-blockquote\" data-id=\"74112cd\" data-element_type=\"widget\" data-e-type=\"widget\" data-widget_type=\"blockquote.default\">\n\t\t\t\t<div class=\"elementor-widget-container\">\n\t\t\t\t\t \t\t\t\t<\/div>\n\t\t\t\t<\/div>\n\t\t\t\t<div class=\"elementor-element elementor-element-b7bea11 elementor-widget elementor-widget-spacer\" data-id=\"b7bea11\" data-element_type=\"widget\" data-e-type=\"widget\" data-widget_type=\"spacer.default\">\n\t\t\t\t<div class=\"elementor-widget-container\">\n\t\t\t\t\t\t\t<div class=\"elementor-spacer\">\n\t\t\t<div class=\"elementor-spacer-inner\"><\/div>\n\t\t<\/div>\n\t\t\t\t\t\t<\/div>\n\t\t\t\t<\/div>\n\t\t\t\t<div class=\"elementor-element elementor-element-717d056 elementor-widget elementor-widget-heading\" data-id=\"717d056\" data-element_type=\"widget\" data-e-type=\"widget\" data-widget_type=\"heading.default\">\n\t\t\t\t<div class=\"elementor-widget-container\">\n\t\t\t\t\t<h2 class=\"elementor-heading-title elementor-size-xl\">Weihnachtsstimmung digital<\/h2>\t\t\t\t<\/div>\n\t\t\t\t<\/div>\n\t\t\t\t<div class=\"elementor-element elementor-element-2d4b9dd elementor-widget elementor-widget-spacer\" data-id=\"2d4b9dd\" data-element_type=\"widget\" data-e-type=\"widget\" data-widget_type=\"spacer.default\">\n\t\t\t\t<div class=\"elementor-widget-container\">\n\t\t\t\t\t\t\t<div class=\"elementor-spacer\">\n\t\t\t<div class=\"elementor-spacer-inner\"><\/div>\n\t\t<\/div>\n\t\t\t\t\t\t<\/div>\n\t\t\t\t<\/div>\n\t\t\t\t<div class=\"elementor-element elementor-element-462f5e3 elementor-widget elementor-widget-text-editor\" data-id=\"462f5e3\" data-element_type=\"widget\" data-e-type=\"widget\" data-widget_type=\"text-editor.default\">\n\t\t\t\t<div class=\"elementor-widget-container\">\n\t\t\t\t\t\t\t\t\t<p><span style=\"font-weight: 400;\">\u201eUnser Weihnachtsmarkt ist kein Online-Shop mit einer Weihnachtsrubrik, wie sie jetzt \u00fcberall angepriesen werden\u201c, sagt Juliane Kr\u00f6ner, Gesch\u00e4ftsf\u00fchrerin der Seiffener Drechslergenossenschaft Dregeno, die den Markt organisiert. Rund 120 erzgebirgische Kunsthandwerkerinnen und Kunsthandwerker geh\u00f6ren der Dregeno an. \u201eAngereichert wird das Ganze durch virtuelle Einblicke in die Werkst\u00e4tten und Seiffener Kultur und Brauchtum. Videos zeigen, wie die Produkte entstehen, Hersteller senden pers\u00f6nliche Botschaften, Musik und Licht bringen die einzigartige erzgebirgische Weihnachtsstimmung nach Hause.\u201c Wer also wissen m\u00f6chte, wie die original Nussknacker aus dem Erzgebirge in Handarbeit entstehen und warum sie auf dem Kopf eine Krone tragen, oder wer eine regionale Schokoladenmanufaktur kennenlernen m\u00f6chte, ist hier genau richtig.<\/span><\/p><p><span style=\"font-weight: 400;\">Dieses Jahr wurde das Konzept mit dem German Brands Award im Bereich Markendigitalisierung (Brand Digitalisation) ausgezeichnet. An der Umsetzung beteiligt waren Profis f\u00fcr die Programmierung, f\u00fcr Virtual Reality und 360-Grad-Fotografie. Seit November 2021 ist der Markt wieder ge\u00f6ffnet.\u00a0<\/span><\/p><p><span style=\"font-weight: 400;\">Hier geht\u2019s zum virtuellen Weihnachtsmarkt: <\/span><strong><a href=\"http:\/\/www.erzgebirgischer-weihnachtsmarkt.online\" target=\"_blank\" rel=\"noopener\">www.erzgebirgischer-weihnachtsmarkt.online<\/a><\/strong><\/p>\t\t\t\t\t\t\t\t<\/div>\n\t\t\t\t<\/div>\n\t\t\t\t\t<\/div>\n\t\t<\/div>\n\t\t\t\t\t<\/div>\n\t\t<\/section>\n\t\t\t\t<\/div>\n\t\t","protected":false},"excerpt":{"rendered":"<p>In Weihnachtsstimmung kommen \u2013 nur online und ohne kalte F\u00fc\u00dfe: Das verspricht der virtuelle Weihnachtsmarkt des kleinen Erzgebirgsdorfs Seiffen. Das digitale Format bietet mehr als nur einen weihnachtlichen Online-Shop. <\/p>\n","protected":false},"author":5,"featured_media":9268,"comment_status":"open","ping_status":"open","sticky":false,"template":"","format":"standard","meta":{"footnotes":""},"categories":[68],"tags":[],"class_list":["post-9267","post","type-post","status-publish","format-standard","has-post-thumbnail","hentry","category-zuhause"],"yoast_head":"<!-- This site is optimized with the Yoast SEO plugin v27.5 - https:\/\/yoast.com\/product\/yoast-seo-wordpress\/ -->\n<title>Weihnachtsmarkt online: Weihnachtsstimmung Digital - Digitales B\u00fcrgernetz<\/title>\n<meta name=\"description\" content=\"Sogar Weihnachtsm\u00e4rkte k\u00f6nnen digital funktionieren, zeigt das Beispiel Seiffen: der virtuelle Markt der Manufakturen wurde 2021 ausgezeichnet.\" \/>\n<meta name=\"robots\" content=\"index, follow, max-snippet:-1, max-image-preview:large, max-video-preview:-1\" \/>\n<link rel=\"canonical\" href=\"https:\/\/www.deutsche-glasfaser.de\/blog\/weihnachtsmarkt-digital-mehr-als-nur-ein-online-shop\/\" \/>\n<meta property=\"og:locale\" content=\"de_DE\" \/>\n<meta property=\"og:type\" content=\"article\" \/>\n<meta property=\"og:title\" content=\"Weihnachtsmarkt online: Weihnachtsstimmung Digital - Digitales B\u00fcrgernetz\" \/>\n<meta property=\"og:description\" content=\"Sogar Weihnachtsm\u00e4rkte k\u00f6nnen digital funktionieren, zeigt das Beispiel Seiffen: der virtuelle Markt der Manufakturen wurde 2021 ausgezeichnet.\" \/>\n<meta property=\"og:url\" content=\"https:\/\/www.deutsche-glasfaser.de\/blog\/weihnachtsmarkt-digital-mehr-als-nur-ein-online-shop\/\" \/>\n<meta property=\"og:site_name\" content=\"Digitales B\u00fcrgernetz\" \/>\n<meta property=\"article:published_time\" content=\"2021-12-15T07:40:13+00:00\" \/>\n<meta property=\"og:image\" content=\"https:\/\/www.deutsche-glasfaser.de\/blog\/wp-content\/uploads\/2021\/12\/Weihnachtsmarkt_1500.jpg\" \/>\n\t<meta property=\"og:image:width\" content=\"1500\" \/>\n\t<meta property=\"og:image:height\" content=\"707\" \/>\n\t<meta property=\"og:image:type\" content=\"image\/jpeg\" \/>\n<meta name=\"author\" content=\"Deutsche Glasfaser\" \/>\n<meta name=\"twitter:card\" content=\"summary_large_image\" \/>\n<meta name=\"twitter:label1\" content=\"Verfasst von\" \/>\n\t<meta name=\"twitter:data1\" content=\"Deutsche Glasfaser\" \/>\n\t<meta name=\"twitter:label2\" content=\"Gesch\u00e4tzte Lesezeit\" \/>\n\t<meta name=\"twitter:data2\" content=\"2\u00a0Minuten\" \/>\n<script type=\"application\/ld+json\" class=\"yoast-schema-graph\">{\"@context\":\"https:\\\/\\\/schema.org\",\"@graph\":[{\"@type\":\"Article\",\"@id\":\"https:\\\/\\\/www.deutsche-glasfaser.de\\\/blog\\\/weihnachtsmarkt-digital-mehr-als-nur-ein-online-shop\\\/#article\",\"isPartOf\":{\"@id\":\"https:\\\/\\\/www.deutsche-glasfaser.de\\\/blog\\\/weihnachtsmarkt-digital-mehr-als-nur-ein-online-shop\\\/\"},\"author\":{\"name\":\"Deutsche Glasfaser\",\"@id\":\"https:\\\/\\\/www.deutsche-glasfaser.de\\\/blog\\\/#\\\/schema\\\/person\\\/9380a6dc7443d77143d0c66c409f574b\"},\"headline\":\"Weihnachtsmarkt digital: mehr als nur ein Online-Shop\",\"datePublished\":\"2021-12-15T07:40:13+00:00\",\"mainEntityOfPage\":{\"@id\":\"https:\\\/\\\/www.deutsche-glasfaser.de\\\/blog\\\/weihnachtsmarkt-digital-mehr-als-nur-ein-online-shop\\\/\"},\"wordCount\":410,\"commentCount\":0,\"publisher\":{\"@id\":\"https:\\\/\\\/www.deutsche-glasfaser.de\\\/blog\\\/#organization\"},\"image\":{\"@id\":\"https:\\\/\\\/www.deutsche-glasfaser.de\\\/blog\\\/weihnachtsmarkt-digital-mehr-als-nur-ein-online-shop\\\/#primaryimage\"},\"thumbnailUrl\":\"https:\\\/\\\/www.deutsche-glasfaser.de\\\/blog\\\/wp-content\\\/uploads\\\/2021\\\/12\\\/Weihnachtsmarkt_1500.jpg\",\"articleSection\":[\"#zuHause\"],\"inLanguage\":\"de\",\"potentialAction\":[{\"@type\":\"CommentAction\",\"name\":\"Comment\",\"target\":[\"https:\\\/\\\/www.deutsche-glasfaser.de\\\/blog\\\/weihnachtsmarkt-digital-mehr-als-nur-ein-online-shop\\\/#respond\"]}]},{\"@type\":\"WebPage\",\"@id\":\"https:\\\/\\\/www.deutsche-glasfaser.de\\\/blog\\\/weihnachtsmarkt-digital-mehr-als-nur-ein-online-shop\\\/\",\"url\":\"https:\\\/\\\/www.deutsche-glasfaser.de\\\/blog\\\/weihnachtsmarkt-digital-mehr-als-nur-ein-online-shop\\\/\",\"name\":\"Weihnachtsmarkt online: Weihnachtsstimmung Digital - Digitales B\u00fcrgernetz\",\"isPartOf\":{\"@id\":\"https:\\\/\\\/www.deutsche-glasfaser.de\\\/blog\\\/#website\"},\"primaryImageOfPage\":{\"@id\":\"https:\\\/\\\/www.deutsche-glasfaser.de\\\/blog\\\/weihnachtsmarkt-digital-mehr-als-nur-ein-online-shop\\\/#primaryimage\"},\"image\":{\"@id\":\"https:\\\/\\\/www.deutsche-glasfaser.de\\\/blog\\\/weihnachtsmarkt-digital-mehr-als-nur-ein-online-shop\\\/#primaryimage\"},\"thumbnailUrl\":\"https:\\\/\\\/www.deutsche-glasfaser.de\\\/blog\\\/wp-content\\\/uploads\\\/2021\\\/12\\\/Weihnachtsmarkt_1500.jpg\",\"datePublished\":\"2021-12-15T07:40:13+00:00\",\"description\":\"Sogar Weihnachtsm\u00e4rkte k\u00f6nnen digital funktionieren, zeigt das Beispiel Seiffen: der virtuelle Markt der Manufakturen wurde 2021 ausgezeichnet.\",\"inLanguage\":\"de\",\"potentialAction\":[{\"@type\":\"ReadAction\",\"target\":[\"https:\\\/\\\/www.deutsche-glasfaser.de\\\/blog\\\/weihnachtsmarkt-digital-mehr-als-nur-ein-online-shop\\\/\"]}]},{\"@type\":\"ImageObject\",\"inLanguage\":\"de\",\"@id\":\"https:\\\/\\\/www.deutsche-glasfaser.de\\\/blog\\\/weihnachtsmarkt-digital-mehr-als-nur-ein-online-shop\\\/#primaryimage\",\"url\":\"https:\\\/\\\/www.deutsche-glasfaser.de\\\/blog\\\/wp-content\\\/uploads\\\/2021\\\/12\\\/Weihnachtsmarkt_1500.jpg\",\"contentUrl\":\"https:\\\/\\\/www.deutsche-glasfaser.de\\\/blog\\\/wp-content\\\/uploads\\\/2021\\\/12\\\/Weihnachtsmarkt_1500.jpg\",\"width\":1500,\"height\":707,\"caption\":\"Auch ein virtueller Weihnachtsmarkt kann Lichterglanz verbreiten. \u00a9 Unsplash\\\/cmophoto.net\"},{\"@type\":\"WebSite\",\"@id\":\"https:\\\/\\\/www.deutsche-glasfaser.de\\\/blog\\\/#website\",\"url\":\"https:\\\/\\\/www.deutsche-glasfaser.de\\\/blog\\\/\",\"name\":\"Digitales B\u00fcrgernetz\",\"description\":\"Deutsche Glasfaser Blog\",\"publisher\":{\"@id\":\"https:\\\/\\\/www.deutsche-glasfaser.de\\\/blog\\\/#organization\"},\"potentialAction\":[{\"@type\":\"SearchAction\",\"target\":{\"@type\":\"EntryPoint\",\"urlTemplate\":\"https:\\\/\\\/www.deutsche-glasfaser.de\\\/blog\\\/?s={search_term_string}\"},\"query-input\":{\"@type\":\"PropertyValueSpecification\",\"valueRequired\":true,\"valueName\":\"search_term_string\"}}],\"inLanguage\":\"de\"},{\"@type\":\"Organization\",\"@id\":\"https:\\\/\\\/www.deutsche-glasfaser.de\\\/blog\\\/#organization\",\"name\":\"Digitales B\u00fcrgernetz\",\"url\":\"https:\\\/\\\/www.deutsche-glasfaser.de\\\/blog\\\/\",\"logo\":{\"@type\":\"ImageObject\",\"inLanguage\":\"de\",\"@id\":\"https:\\\/\\\/www.deutsche-glasfaser.de\\\/blog\\\/#\\\/schema\\\/logo\\\/image\\\/\",\"url\":\"https:\\\/\\\/www.deutsche-glasfaser.de\\\/blog\\\/wp-content\\\/uploads\\\/2021\\\/08\\\/DGF_Logo_Basis_RGB-Large@2x.png\",\"contentUrl\":\"https:\\\/\\\/www.deutsche-glasfaser.de\\\/blog\\\/wp-content\\\/uploads\\\/2021\\\/08\\\/DGF_Logo_Basis_RGB-Large@2x.png\",\"width\":312,\"height\":104,\"caption\":\"Digitales B\u00fcrgernetz\"},\"image\":{\"@id\":\"https:\\\/\\\/www.deutsche-glasfaser.de\\\/blog\\\/#\\\/schema\\\/logo\\\/image\\\/\"}},{\"@type\":\"Person\",\"@id\":\"https:\\\/\\\/www.deutsche-glasfaser.de\\\/blog\\\/#\\\/schema\\\/person\\\/9380a6dc7443d77143d0c66c409f574b\",\"name\":\"Deutsche Glasfaser\"}]}<\/script>\n<!-- \/ Yoast SEO plugin. -->","yoast_head_json":{"title":"Weihnachtsmarkt online: Weihnachtsstimmung Digital - Digitales B\u00fcrgernetz","description":"Sogar Weihnachtsm\u00e4rkte k\u00f6nnen digital funktionieren, zeigt das Beispiel Seiffen: der virtuelle Markt der Manufakturen wurde 2021 ausgezeichnet.","robots":{"index":"index","follow":"follow","max-snippet":"max-snippet:-1","max-image-preview":"max-image-preview:large","max-video-preview":"max-video-preview:-1"},"canonical":"https:\/\/www.deutsche-glasfaser.de\/blog\/weihnachtsmarkt-digital-mehr-als-nur-ein-online-shop\/","og_locale":"de_DE","og_type":"article","og_title":"Weihnachtsmarkt online: Weihnachtsstimmung Digital - Digitales B\u00fcrgernetz","og_description":"Sogar Weihnachtsm\u00e4rkte k\u00f6nnen digital funktionieren, zeigt das Beispiel Seiffen: der virtuelle Markt der Manufakturen wurde 2021 ausgezeichnet.","og_url":"https:\/\/www.deutsche-glasfaser.de\/blog\/weihnachtsmarkt-digital-mehr-als-nur-ein-online-shop\/","og_site_name":"Digitales B\u00fcrgernetz","article_published_time":"2021-12-15T07:40:13+00:00","og_image":[{"width":1500,"height":707,"url":"https:\/\/www.deutsche-glasfaser.de\/blog\/wp-content\/uploads\/2021\/12\/Weihnachtsmarkt_1500.jpg","type":"image\/jpeg"}],"author":"Deutsche Glasfaser","twitter_card":"summary_large_image","twitter_misc":{"Verfasst von":"Deutsche Glasfaser","Gesch\u00e4tzte Lesezeit":"2\u00a0Minuten"},"schema":{"@context":"https:\/\/schema.org","@graph":[{"@type":"Article","@id":"https:\/\/www.deutsche-glasfaser.de\/blog\/weihnachtsmarkt-digital-mehr-als-nur-ein-online-shop\/#article","isPartOf":{"@id":"https:\/\/www.deutsche-glasfaser.de\/blog\/weihnachtsmarkt-digital-mehr-als-nur-ein-online-shop\/"},"author":{"name":"Deutsche Glasfaser","@id":"https:\/\/www.deutsche-glasfaser.de\/blog\/#\/schema\/person\/9380a6dc7443d77143d0c66c409f574b"},"headline":"Weihnachtsmarkt digital: mehr als nur ein Online-Shop","datePublished":"2021-12-15T07:40:13+00:00","mainEntityOfPage":{"@id":"https:\/\/www.deutsche-glasfaser.de\/blog\/weihnachtsmarkt-digital-mehr-als-nur-ein-online-shop\/"},"wordCount":410,"commentCount":0,"publisher":{"@id":"https:\/\/www.deutsche-glasfaser.de\/blog\/#organization"},"image":{"@id":"https:\/\/www.deutsche-glasfaser.de\/blog\/weihnachtsmarkt-digital-mehr-als-nur-ein-online-shop\/#primaryimage"},"thumbnailUrl":"https:\/\/www.deutsche-glasfaser.de\/blog\/wp-content\/uploads\/2021\/12\/Weihnachtsmarkt_1500.jpg","articleSection":["#zuHause"],"inLanguage":"de","potentialAction":[{"@type":"CommentAction","name":"Comment","target":["https:\/\/www.deutsche-glasfaser.de\/blog\/weihnachtsmarkt-digital-mehr-als-nur-ein-online-shop\/#respond"]}]},{"@type":"WebPage","@id":"https:\/\/www.deutsche-glasfaser.de\/blog\/weihnachtsmarkt-digital-mehr-als-nur-ein-online-shop\/","url":"https:\/\/www.deutsche-glasfaser.de\/blog\/weihnachtsmarkt-digital-mehr-als-nur-ein-online-shop\/","name":"Weihnachtsmarkt online: Weihnachtsstimmung Digital - Digitales B\u00fcrgernetz","isPartOf":{"@id":"https:\/\/www.deutsche-glasfaser.de\/blog\/#website"},"primaryImageOfPage":{"@id":"https:\/\/www.deutsche-glasfaser.de\/blog\/weihnachtsmarkt-digital-mehr-als-nur-ein-online-shop\/#primaryimage"},"image":{"@id":"https:\/\/www.deutsche-glasfaser.de\/blog\/weihnachtsmarkt-digital-mehr-als-nur-ein-online-shop\/#primaryimage"},"thumbnailUrl":"https:\/\/www.deutsche-glasfaser.de\/blog\/wp-content\/uploads\/2021\/12\/Weihnachtsmarkt_1500.jpg","datePublished":"2021-12-15T07:40:13+00:00","description":"Sogar Weihnachtsm\u00e4rkte k\u00f6nnen digital funktionieren, zeigt das Beispiel Seiffen: der virtuelle Markt der Manufakturen wurde 2021 ausgezeichnet.","inLanguage":"de","potentialAction":[{"@type":"ReadAction","target":["https:\/\/www.deutsche-glasfaser.de\/blog\/weihnachtsmarkt-digital-mehr-als-nur-ein-online-shop\/"]}]},{"@type":"ImageObject","inLanguage":"de","@id":"https:\/\/www.deutsche-glasfaser.de\/blog\/weihnachtsmarkt-digital-mehr-als-nur-ein-online-shop\/#primaryimage","url":"https:\/\/www.deutsche-glasfaser.de\/blog\/wp-content\/uploads\/2021\/12\/Weihnachtsmarkt_1500.jpg","contentUrl":"https:\/\/www.deutsche-glasfaser.de\/blog\/wp-content\/uploads\/2021\/12\/Weihnachtsmarkt_1500.jpg","width":1500,"height":707,"caption":"Auch ein virtueller Weihnachtsmarkt kann Lichterglanz verbreiten. \u00a9 Unsplash\/cmophoto.net"},{"@type":"WebSite","@id":"https:\/\/www.deutsche-glasfaser.de\/blog\/#website","url":"https:\/\/www.deutsche-glasfaser.de\/blog\/","name":"Digitales B\u00fcrgernetz","description":"Deutsche Glasfaser Blog","publisher":{"@id":"https:\/\/www.deutsche-glasfaser.de\/blog\/#organization"},"potentialAction":[{"@type":"SearchAction","target":{"@type":"EntryPoint","urlTemplate":"https:\/\/www.deutsche-glasfaser.de\/blog\/?s={search_term_string}"},"query-input":{"@type":"PropertyValueSpecification","valueRequired":true,"valueName":"search_term_string"}}],"inLanguage":"de"},{"@type":"Organization","@id":"https:\/\/www.deutsche-glasfaser.de\/blog\/#organization","name":"Digitales B\u00fcrgernetz","url":"https:\/\/www.deutsche-glasfaser.de\/blog\/","logo":{"@type":"ImageObject","inLanguage":"de","@id":"https:\/\/www.deutsche-glasfaser.de\/blog\/#\/schema\/logo\/image\/","url":"https:\/\/www.deutsche-glasfaser.de\/blog\/wp-content\/uploads\/2021\/08\/DGF_Logo_Basis_RGB-Large@2x.png","contentUrl":"https:\/\/www.deutsche-glasfaser.de\/blog\/wp-content\/uploads\/2021\/08\/DGF_Logo_Basis_RGB-Large@2x.png","width":312,"height":104,"caption":"Digitales B\u00fcrgernetz"},"image":{"@id":"https:\/\/www.deutsche-glasfaser.de\/blog\/#\/schema\/logo\/image\/"}},{"@type":"Person","@id":"https:\/\/www.deutsche-glasfaser.de\/blog\/#\/schema\/person\/9380a6dc7443d77143d0c66c409f574b","name":"Deutsche Glasfaser"}]}},"_links":{"self":[{"href":"https:\/\/www.deutsche-glasfaser.de\/blog\/wp-json\/wp\/v2\/posts\/9267","targetHints":{"allow":["GET"]}}],"collection":[{"href":"https:\/\/www.deutsche-glasfaser.de\/blog\/wp-json\/wp\/v2\/posts"}],"about":[{"href":"https:\/\/www.deutsche-glasfaser.de\/blog\/wp-json\/wp\/v2\/types\/post"}],"author":[{"embeddable":true,"href":"https:\/\/www.deutsche-glasfaser.de\/blog\/wp-json\/wp\/v2\/users\/5"}],"replies":[{"embeddable":true,"href":"https:\/\/www.deutsche-glasfaser.de\/blog\/wp-json\/wp\/v2\/comments?post=9267"}],"version-history":[{"count":8,"href":"https:\/\/www.deutsche-glasfaser.de\/blog\/wp-json\/wp\/v2\/posts\/9267\/revisions"}],"predecessor-version":[{"id":9276,"href":"https:\/\/www.deutsche-glasfaser.de\/blog\/wp-json\/wp\/v2\/posts\/9267\/revisions\/9276"}],"wp:featuredmedia":[{"embeddable":true,"href":"https:\/\/www.deutsche-glasfaser.de\/blog\/wp-json\/wp\/v2\/media\/9268"}],"wp:attachment":[{"href":"https:\/\/www.deutsche-glasfaser.de\/blog\/wp-json\/wp\/v2\/media?parent=9267"}],"wp:term":[{"taxonomy":"category","embeddable":true,"href":"https:\/\/www.deutsche-glasfaser.de\/blog\/wp-json\/wp\/v2\/categories?post=9267"},{"taxonomy":"post_tag","embeddable":true,"href":"https:\/\/www.deutsche-glasfaser.de\/blog\/wp-json\/wp\/v2\/tags?post=9267"}],"curies":[{"name":"wp","href":"https:\/\/api.w.org\/{rel}","templated":true}]}}