{"id":9240,"date":"2021-12-08T07:53:45","date_gmt":"2021-12-08T07:53:45","guid":{"rendered":"https:\/\/www.deutsche-glasfaser.de\/blog\/?p=9240"},"modified":"2021-12-08T07:53:46","modified_gmt":"2021-12-08T07:53:46","slug":"smart-village-remmesweiler-versorgt-sich-neu","status":"publish","type":"post","link":"https:\/\/www.deutsche-glasfaser.de\/blog\/smart-village-remmesweiler-versorgt-sich-neu\/","title":{"rendered":"Smart Village: Remmesweiler versorgt sich neu"},"content":{"rendered":"\t\t<div data-elementor-type=\"wp-post\" data-elementor-id=\"9240\" class=\"elementor elementor-9240\">\n\t\t\t\t\t\t<section class=\"elementor-section elementor-top-section elementor-element elementor-element-74a03fa elementor-section-boxed elementor-section-height-default elementor-section-height-default\" data-id=\"74a03fa\" data-element_type=\"section\" data-e-type=\"section\">\n\t\t\t\t\t\t<div class=\"elementor-container elementor-column-gap-default\">\n\t\t\t\t\t<div class=\"elementor-column elementor-col-100 elementor-top-column elementor-element elementor-element-06d72bd\" data-id=\"06d72bd\" data-element_type=\"column\" data-e-type=\"column\">\n\t\t\t<div class=\"elementor-widget-wrap elementor-element-populated\">\n\t\t\t\t\t\t<div class=\"elementor-element elementor-element-3feea49 elementor-widget elementor-widget-text-editor\" data-id=\"3feea49\" data-element_type=\"widget\" data-e-type=\"widget\" data-widget_type=\"text-editor.default\">\n\t\t\t\t<div class=\"elementor-widget-container\">\n\t\t\t\t\t\t\t\t\t<p><span style=\"font-weight: 400;\">\u00dcber die Online-Plattform KeepFresh k\u00f6nnen die B\u00fcrgerinnen und B\u00fcrger von Remmesweiler frische Produkte aus der Region bestellen, ausgeliefert wird zentral. \u00a9 Smart Village Remmesweiler<\/span><\/p>\t\t\t\t\t\t\t\t<\/div>\n\t\t\t\t<\/div>\n\t\t\t\t\t<\/div>\n\t\t<\/div>\n\t\t\t\t\t<\/div>\n\t\t<\/section>\n\t\t\t\t<section class=\"elementor-section elementor-top-section elementor-element elementor-element-67fb16b elementor-section-boxed elementor-section-height-default elementor-section-height-default\" data-id=\"67fb16b\" data-element_type=\"section\" data-e-type=\"section\">\n\t\t\t\t\t\t<div class=\"elementor-container elementor-column-gap-default\">\n\t\t\t\t\t<div class=\"elementor-column elementor-col-100 elementor-top-column elementor-element elementor-element-c5aabd3\" data-id=\"c5aabd3\" data-element_type=\"column\" data-e-type=\"column\">\n\t\t\t<div class=\"elementor-widget-wrap elementor-element-populated\">\n\t\t\t\t\t\t<div class=\"elementor-element elementor-element-e74dac8 elementor-widget elementor-widget-text-editor\" data-id=\"e74dac8\" data-element_type=\"widget\" data-e-type=\"widget\" data-widget_type=\"text-editor.default\">\n\t\t\t\t<div class=\"elementor-widget-container\">\n\t\t\t\t\t\t\t\t\t<p><span style=\"font-weight: 400;\">Rund 900 Einwohnerinnen und Einwohner leben im saarl\u00e4ndischen Remmesweiler. Seit einer Weile d\u00fcrften sie zufriedener sein als zuvor: Denn unter der Initiative \u201eSmart Village\u201c haben sich drei Partner aus Verwaltung, Wirtschaft und Technologie zusammengetan, um ihnen in puncto Daseinsvorsorge unter die Arme zu greifen, und daf\u00fcr ein ausgekl\u00fcgeltes Logistik- und Kommunikationssystem entwickelt. Den Menschen in Remmesweiler gibt das die M\u00f6glichkeit, ohne weite Wege einzukaufen \u2013 eine Bestellung \u00fcber die Online-Plattform KeepFresh gen\u00fcgt, ausgeliefert wird zentral. Entstanden sind dabei auch neue Treffpunkte, um soziale Kontakte zu pflegen.\u00a0<\/span><\/p>\t\t\t\t\t\t\t\t<\/div>\n\t\t\t\t<\/div>\n\t\t\t\t<div class=\"elementor-element elementor-element-78a73eb elementor-widget elementor-widget-spacer\" data-id=\"78a73eb\" data-element_type=\"widget\" data-e-type=\"widget\" data-widget_type=\"spacer.default\">\n\t\t\t\t<div class=\"elementor-widget-container\">\n\t\t\t\t\t\t\t<div class=\"elementor-spacer\">\n\t\t\t<div class=\"elementor-spacer-inner\"><\/div>\n\t\t<\/div>\n\t\t\t\t\t\t<\/div>\n\t\t\t\t<\/div>\n\t\t\t\t<div class=\"elementor-element elementor-element-0cc3672 elementor-widget elementor-widget-heading\" data-id=\"0cc3672\" data-element_type=\"widget\" data-e-type=\"widget\" data-widget_type=\"heading.default\">\n\t\t\t\t<div class=\"elementor-widget-container\">\n\t\t\t\t\t<h2 class=\"elementor-heading-title elementor-size-xl\">Jedem Dorf sein eigener Coach<\/h2>\t\t\t\t<\/div>\n\t\t\t\t<\/div>\n\t\t\t\t<div class=\"elementor-element elementor-element-f3b4e30 elementor-widget elementor-widget-spacer\" data-id=\"f3b4e30\" data-element_type=\"widget\" data-e-type=\"widget\" data-widget_type=\"spacer.default\">\n\t\t\t\t<div class=\"elementor-widget-container\">\n\t\t\t\t\t\t\t<div class=\"elementor-spacer\">\n\t\t\t<div class=\"elementor-spacer-inner\"><\/div>\n\t\t<\/div>\n\t\t\t\t\t\t<\/div>\n\t\t\t\t<\/div>\n\t\t\t\t<div class=\"elementor-element elementor-element-eb40362 elementor-widget elementor-widget-text-editor\" data-id=\"eb40362\" data-element_type=\"widget\" data-e-type=\"widget\" data-widget_type=\"text-editor.default\">\n\t\t\t\t<div class=\"elementor-widget-container\">\n\t\t\t\t\t\t\t\t\t<p><span style=\"font-weight: 400;\">Das Projekt ruht auf vier wesentlichen S\u00e4ulen: Regionalit\u00e4t, Digitalisierung, gesellschaftliche Verantwortung und Ehrenamt. Eines dieser Ehren\u00e4mter nennt sich \u201eDorfcoach\u201c. Daf\u00fcr haben die Einwohnerinnen und Einwohner von Remmesweiler aus ihrem Kreis eine Person bestimmt, die sich vor Ort um alles k\u00fcmmert \u2013 so wie in den umliegenden D\u00f6rfern auch. \u201eDas sind Menschen, die den Blick f\u00fcr das Dorf haben\u201c, bringt es Smart-Village-Projektleiter Stefan Kunz auf den Punkt. Zu den Aufgaben der Dorfcoaches geh\u00f6rt es, Bestellungen einzusammeln, Hilfe zu vermitteln, digitale Technik zu erkl\u00e4ren und den Dialog zwischen den Menschen zu f\u00f6rdern. Dabei gibt es keine offizielle Ausbildung, um Dorfcoach zu werden, sondern es ist eher ein \u201eLearning by doing\u201c. Dazu kommt professionelle Know-how-Vermittlung durch die Projektleitung und das Logistik- und Qualit\u00e4tsmanagement \u2013 wie etwa beim digitalen Jour Fixe, der einmal im Monat stattfindet.\u00a0<\/span><\/p>\t\t\t\t\t\t\t\t<\/div>\n\t\t\t\t<\/div>\n\t\t\t\t<div class=\"elementor-element elementor-element-b2f08b5 elementor-widget elementor-widget-blockquote\" data-id=\"b2f08b5\" data-element_type=\"widget\" data-e-type=\"widget\" data-widget_type=\"blockquote.default\">\n\t\t\t\t<div class=\"elementor-widget-container\">\n\t\t\t\t\t \t\t\t\t<\/div>\n\t\t\t\t<\/div>\n\t\t\t\t<div class=\"elementor-element elementor-element-e0393d7 elementor-widget elementor-widget-spacer\" data-id=\"e0393d7\" data-element_type=\"widget\" data-e-type=\"widget\" data-widget_type=\"spacer.default\">\n\t\t\t\t<div class=\"elementor-widget-container\">\n\t\t\t\t\t\t\t<div class=\"elementor-spacer\">\n\t\t\t<div class=\"elementor-spacer-inner\"><\/div>\n\t\t<\/div>\n\t\t\t\t\t\t<\/div>\n\t\t\t\t<\/div>\n\t\t\t\t<div class=\"elementor-element elementor-element-d39dc02 elementor-widget elementor-widget-heading\" data-id=\"d39dc02\" data-element_type=\"widget\" data-e-type=\"widget\" data-widget_type=\"heading.default\">\n\t\t\t\t<div class=\"elementor-widget-container\">\n\t\t\t\t\t<h2 class=\"elementor-heading-title elementor-size-xl\">\u201eMaije, sprooche, schw\u00e4ddse\u201c<\/h2>\t\t\t\t<\/div>\n\t\t\t\t<\/div>\n\t\t\t\t<div class=\"elementor-element elementor-element-f98a301 elementor-widget elementor-widget-spacer\" data-id=\"f98a301\" data-element_type=\"widget\" data-e-type=\"widget\" data-widget_type=\"spacer.default\">\n\t\t\t\t<div class=\"elementor-widget-container\">\n\t\t\t\t\t\t\t<div class=\"elementor-spacer\">\n\t\t\t<div class=\"elementor-spacer-inner\"><\/div>\n\t\t<\/div>\n\t\t\t\t\t\t<\/div>\n\t\t\t\t<\/div>\n\t\t\t\t<div class=\"elementor-element elementor-element-272958e elementor-widget elementor-widget-text-editor\" data-id=\"272958e\" data-element_type=\"widget\" data-e-type=\"widget\" data-widget_type=\"text-editor.default\">\n\t\t\t\t<div class=\"elementor-widget-container\">\n\t\t\t\t\t\t\t\t\t<p><span style=\"font-weight: 400;\">Sofern es die Pandemielage erlaubt, werden die Bestellungen pers\u00f6nlich im Gemeinschaftshaus des jeweiligen Dorfes aufgegeben und abgeholt. Zum einen werden so die Lieferwege und der CO<\/span><span style=\"font-weight: 400;\">2<\/span><span style=\"font-weight: 400;\">-Aussto\u00df reduziert. Zum anderen f\u00f6rdert es den Kontakt und Austausch unter den Menschen. Besonders \u00e4ltere und alleinstehende Personen kommen so leichter ins Gespr\u00e4ch und besser mit der digitalen Technik zurecht. Die wird zum Beispiel in Form des <\/span><strong><a href=\"https:\/\/www.deutsche-glasfaser.de\/blog\/dorfleben-digital-wir-sehen-uns-online\/\" target=\"_blank\" rel=\"noopener\">DorfFunk<\/a><\/strong><span style=\"font-weight: 400;\"> genutzt, einer App des Fraunhofer Instituts, die Nachbarschaften ohne gro\u00dfe H\u00fcrden online vernetzt. So erlangt das Dorfzentrum wieder Bedeutung als Ort des Austauschs und der Begegnung, wo man wichtige Dinge besprechen, plaudern und scherzen kann \u2013 \u201emaije\u201c nennen das die Saarl\u00e4nder. Etwa beim w\u00f6chentlichen Highlight, dem gemeinsamen Dorffr\u00fchst\u00fcck, das zum Wir-Gef\u00fchl vor Ort beitr\u00e4gt. Stefan Kunz ist sich sicher: \u201eJe mehr die Menschen in D\u00f6rfern miteinander reden und quatschen, desto resilienter k\u00f6nnen ihre Strukturen werden.\u201c <\/span><\/p>\t\t\t\t\t\t\t\t<\/div>\n\t\t\t\t<\/div>\n\t\t\t\t<div class=\"elementor-element elementor-element-3517363 elementor-widget elementor-widget-spacer\" data-id=\"3517363\" data-element_type=\"widget\" data-e-type=\"widget\" data-widget_type=\"spacer.default\">\n\t\t\t\t<div class=\"elementor-widget-container\">\n\t\t\t\t\t\t\t<div class=\"elementor-spacer\">\n\t\t\t<div class=\"elementor-spacer-inner\"><\/div>\n\t\t<\/div>\n\t\t\t\t\t\t<\/div>\n\t\t\t\t<\/div>\n\t\t\t\t<div class=\"elementor-element elementor-element-aae51ec elementor-widget elementor-widget-image\" data-id=\"aae51ec\" data-element_type=\"widget\" data-e-type=\"widget\" data-widget_type=\"image.default\">\n\t\t\t\t<div class=\"elementor-widget-container\">\n\t\t\t\t\t\t\t\t\t\t\t\t<figure class=\"wp-caption\">\n\t\t\t\t\t\t\t\t\t\t<img fetchpriority=\"high\" decoding=\"async\" width=\"768\" height=\"512\" src=\"https:\/\/www.deutsche-glasfaser.de\/blog\/wp-content\/uploads\/2021\/12\/Smart_Village_788px-768x512.jpg\" class=\"attachment-medium_large size-medium_large wp-image-9242\" alt=\"In einem gro\u00dfen Saal packen drei Personen Boxen mit Lebensmitteln aus.\" srcset=\"https:\/\/www.deutsche-glasfaser.de\/blog\/wp-content\/uploads\/2021\/12\/Smart_Village_788px-768x512.jpg 768w, https:\/\/www.deutsche-glasfaser.de\/blog\/wp-content\/uploads\/2021\/12\/Smart_Village_788px-300x200.jpg 300w, https:\/\/www.deutsche-glasfaser.de\/blog\/wp-content\/uploads\/2021\/12\/Smart_Village_788px.jpg 788w\" sizes=\"(max-width: 768px) 100vw, 768px\" \/>\t\t\t\t\t\t\t\t\t\t\t<figcaption class=\"widget-image-caption wp-caption-text\">Hier trifft man sich: Ausgabe der Bestellungen im Dorfgemeinschaftshaus. \u00a9 Smart Village Remmesweiler<\/figcaption>\n\t\t\t\t\t\t\t\t\t\t<\/figure>\n\t\t\t\t\t\t\t\t\t<\/div>\n\t\t\t\t<\/div>\n\t\t\t\t<div class=\"elementor-element elementor-element-3c7f130 elementor-widget elementor-widget-spacer\" data-id=\"3c7f130\" data-element_type=\"widget\" data-e-type=\"widget\" data-widget_type=\"spacer.default\">\n\t\t\t\t<div class=\"elementor-widget-container\">\n\t\t\t\t\t\t\t<div class=\"elementor-spacer\">\n\t\t\t<div class=\"elementor-spacer-inner\"><\/div>\n\t\t<\/div>\n\t\t\t\t\t\t<\/div>\n\t\t\t\t<\/div>\n\t\t\t\t<div class=\"elementor-element elementor-element-76b81a1 elementor-widget elementor-widget-heading\" data-id=\"76b81a1\" data-element_type=\"widget\" data-e-type=\"widget\" data-widget_type=\"heading.default\">\n\t\t\t\t<div class=\"elementor-widget-container\">\n\t\t\t\t\t<h2 class=\"elementor-heading-title elementor-size-xl\">Supermarktriese trifft Einmannladen<\/h2>\t\t\t\t<\/div>\n\t\t\t\t<\/div>\n\t\t\t\t<div class=\"elementor-element elementor-element-6ff22e4 elementor-widget elementor-widget-spacer\" data-id=\"6ff22e4\" data-element_type=\"widget\" data-e-type=\"widget\" data-widget_type=\"spacer.default\">\n\t\t\t\t<div class=\"elementor-widget-container\">\n\t\t\t\t\t\t\t<div class=\"elementor-spacer\">\n\t\t\t<div class=\"elementor-spacer-inner\"><\/div>\n\t\t<\/div>\n\t\t\t\t\t\t<\/div>\n\t\t\t\t<\/div>\n\t\t\t\t<div class=\"elementor-element elementor-element-7284d6d elementor-widget elementor-widget-text-editor\" data-id=\"7284d6d\" data-element_type=\"widget\" data-e-type=\"widget\" data-widget_type=\"text-editor.default\">\n\t\t\t\t<div class=\"elementor-widget-container\">\n\t\t\t\t\t\t\t\t\t<p><span style=\"font-weight: 400;\">Ob Milch, Br\u00f6tchen oder Wurst: Die Nachfrage nach Waren des t\u00e4glichen Bedarfs k\u00f6nnen oft kleine regionale Anbieter bedienen. Wo immer die M\u00f6glichkeit besteht, sind sie im Smart Village daher als Lieferanten eingebunden. Wenn es aber um g\u00fcnstige Rasierer, Toilettenpapier oder spezielle Zutaten geht, braucht es einen Vollversorger, der die entsprechenden Mengen hat und sich mit allen Details auskennt. Daher kooperieren die Macher auch mit einer Supermarktkette \u2013 der Smart-Village-Lieferwagen hat so wirklich alles an Bord, was die Menschen zum Leben brauchen. F\u00fcr verschiedene Anwendungsf\u00e4lle wurde die Online-Plattform KeepFresh entwickelt und die dazu passende Lieferlogistik aufgebaut. Aus Sicht von Stefan Kunz, der im Hauptberuf als Prokurist in der Wirtschaftsf\u00f6rderung arbeitet, ist das der logische Weg: \u201eDatenkommunikation ist heute extrem wichtig und eine Chance f\u00fcr die l\u00e4ndlichen R\u00e4ume, ann\u00e4hernd mit urbanen Regionen gleichzuziehen.\u201c Neben der Wirtschaftsf\u00f6rderung St. Wendeler Land mbH und der Landkreisverwaltung St. Wendel ist auch das Technologieunternehmen SinkaCom AG Partner der Initiative.<\/span><\/p>\t\t\t\t\t\t\t\t<\/div>\n\t\t\t\t<\/div>\n\t\t\t\t<div class=\"elementor-element elementor-element-221a0e7 elementor-widget elementor-widget-spacer\" data-id=\"221a0e7\" data-element_type=\"widget\" data-e-type=\"widget\" data-widget_type=\"spacer.default\">\n\t\t\t\t<div class=\"elementor-widget-container\">\n\t\t\t\t\t\t\t<div class=\"elementor-spacer\">\n\t\t\t<div class=\"elementor-spacer-inner\"><\/div>\n\t\t<\/div>\n\t\t\t\t\t\t<\/div>\n\t\t\t\t<\/div>\n\t\t\t\t<div class=\"elementor-element elementor-element-2ffddcf elementor-position-top elementor-widget elementor-widget-image-box\" data-id=\"2ffddcf\" data-element_type=\"widget\" data-e-type=\"widget\" data-widget_type=\"image-box.default\">\n\t\t\t\t<div class=\"elementor-widget-container\">\n\t\t\t\t\t<div class=\"elementor-image-box-wrapper\"><figure class=\"elementor-image-box-img\"><a href=\"https:\/\/www.instagram.com\/digitales_buergernetz\/\" tabindex=\"-1\"><img decoding=\"async\" width=\"150\" height=\"150\" src=\"https:\/\/www.deutsche-glasfaser.de\/blog\/wp-content\/uploads\/2021\/11\/instagram-logo_gras-150x150.png\" class=\"attachment-thumbnail size-thumbnail wp-image-9175\" alt=\"\" srcset=\"https:\/\/www.deutsche-glasfaser.de\/blog\/wp-content\/uploads\/2021\/11\/instagram-logo_gras-150x150.png 150w, https:\/\/www.deutsche-glasfaser.de\/blog\/wp-content\/uploads\/2021\/11\/instagram-logo_gras-300x300.png 300w, https:\/\/www.deutsche-glasfaser.de\/blog\/wp-content\/uploads\/2021\/11\/instagram-logo_gras.png 600w\" sizes=\"(max-width: 150px) 100vw, 150px\" \/><\/a><\/figure><div class=\"elementor-image-box-content\"><h3 class=\"elementor-image-box-title\"><a href=\"https:\/\/www.instagram.com\/digitales_buergernetz\/\">Das Digitale B\u00fcrgernetz<\/a><\/h3><p class=\"elementor-image-box-description\">Neuesaus dem Digitalen B\u00fcrgernetz auf Instagram.<\/p><\/div><\/div>\t\t\t\t<\/div>\n\t\t\t\t<\/div>\n\t\t\t\t<div class=\"elementor-element elementor-element-7c3c545 elementor-widget elementor-widget-spacer\" data-id=\"7c3c545\" data-element_type=\"widget\" data-e-type=\"widget\" data-widget_type=\"spacer.default\">\n\t\t\t\t<div class=\"elementor-widget-container\">\n\t\t\t\t\t\t\t<div class=\"elementor-spacer\">\n\t\t\t<div class=\"elementor-spacer-inner\"><\/div>\n\t\t<\/div>\n\t\t\t\t\t\t<\/div>\n\t\t\t\t<\/div>\n\t\t\t\t<div class=\"elementor-element elementor-element-0ecd783 elementor-widget elementor-widget-heading\" data-id=\"0ecd783\" data-element_type=\"widget\" data-e-type=\"widget\" data-widget_type=\"heading.default\">\n\t\t\t\t<div class=\"elementor-widget-container\">\n\t\t\t\t\t<h2 class=\"elementor-heading-title elementor-size-xl\">In Testphase vier angekommen<\/h2>\t\t\t\t<\/div>\n\t\t\t\t<\/div>\n\t\t\t\t<div class=\"elementor-element elementor-element-dcafdb5 elementor-widget elementor-widget-spacer\" data-id=\"dcafdb5\" data-element_type=\"widget\" data-e-type=\"widget\" data-widget_type=\"spacer.default\">\n\t\t\t\t<div class=\"elementor-widget-container\">\n\t\t\t\t\t\t\t<div class=\"elementor-spacer\">\n\t\t\t<div class=\"elementor-spacer-inner\"><\/div>\n\t\t<\/div>\n\t\t\t\t\t\t<\/div>\n\t\t\t\t<\/div>\n\t\t\t\t<div class=\"elementor-element elementor-element-ce01083 elementor-widget elementor-widget-text-editor\" data-id=\"ce01083\" data-element_type=\"widget\" data-e-type=\"widget\" data-widget_type=\"text-editor.default\">\n\t\t\t\t<div class=\"elementor-widget-container\">\n\t\t\t\t\t\t\t\t\t<p><span style=\"font-weight: 400;\">Seit 2018 hat das Projekt bereits drei Testphasen durchlaufen, momentan befindet es sich in der vierten und letzten. Auch aktuell flie\u00dfen noch F\u00f6rdermittel des Bundes. Aus gutem Grund, wie Stefan Kunz erkl\u00e4rt: \u201eDurch unseren Ansatz sind wir Motor im digitalen Transformationsprozess, das Thema Nachhaltigkeit spielt eine gro\u00dfe Rolle. Das Ganze ist ein Ineinandergreifen von digitalen, regionalen und sozialen Innovationen.\u201c Danach soll das Smart-Village-System so ausgereift sein, dass es sich finanziell selbst tragen kann und auch auf andere D\u00f6rfer und Regionen in ganz Deutschland \u00fcbertragbar ist. Das w\u00e4re dann der ultimative Smartness-Beweis.<\/span><\/p><p><br \/><span style=\"font-weight: 400;\">Erfahren Sie mehr \u00fcber das Smart Village Remmesweiler (<\/span><a href=\"https:\/\/smartvillage-wnd.de\/\" target=\"_blank\" rel=\"noopener\"><span style=\"font-weight: 400;\"><strong>Smart Village \u2013 Landkreis St. Wendel<\/strong>)<\/span><\/a><\/p>\t\t\t\t\t\t\t\t<\/div>\n\t\t\t\t<\/div>\n\t\t\t\t\t<\/div>\n\t\t<\/div>\n\t\t\t\t\t<\/div>\n\t\t<\/section>\n\t\t\t\t<\/div>\n\t\t","protected":false},"excerpt":{"rendered":"<p>Jenseits der Speckg\u00fcrtel sieht es mau aus: F\u00fcr die Versorgung mit dem N\u00f6tigsten haben manche Ortschaften nur einen Dorfladen \u2013 und das saarl\u00e4ndische Remmesweiler seit 2015 noch nicht einmal den. Genau der richtige Zeitpunkt f\u00fcr eine smarte Idee.<\/p>\n","protected":false},"author":5,"featured_media":9241,"comment_status":"open","ping_status":"open","sticky":false,"template":"","format":"standard","meta":{"footnotes":""},"categories":[71],"tags":[],"class_list":["post-9240","post","type-post","status-publish","format-standard","has-post-thumbnail","hentry","category-gemeinschaft"],"yoast_head":"<!-- This site is optimized with the Yoast SEO plugin v27.4 - https:\/\/yoast.com\/product\/yoast-seo-wordpress\/ -->\n<title>Daseinsvorsorge im Dorf: Was Digitalisierung leisten kann - Digitales B\u00fcrgernetz<\/title>\n<meta name=\"description\" content=\"Smart Village \u2013 gegen die Landflucht: Das Beispiel Remmesweiler im Saarland zeigt, wie sich D\u00f6rfer mithilfe digitaler Tools versorgen k\u00f6nnen.\" \/>\n<meta name=\"robots\" content=\"index, follow, max-snippet:-1, max-image-preview:large, max-video-preview:-1\" \/>\n<link rel=\"canonical\" href=\"https:\/\/www.deutsche-glasfaser.de\/blog\/smart-village-remmesweiler-versorgt-sich-neu\/\" \/>\n<meta property=\"og:locale\" content=\"de_DE\" \/>\n<meta property=\"og:type\" content=\"article\" \/>\n<meta property=\"og:title\" content=\"Daseinsvorsorge im Dorf: Was Digitalisierung leisten kann - Digitales B\u00fcrgernetz\" \/>\n<meta property=\"og:description\" content=\"Smart Village \u2013 gegen die Landflucht: Das Beispiel Remmesweiler im Saarland zeigt, wie sich D\u00f6rfer mithilfe digitaler Tools versorgen k\u00f6nnen.\" \/>\n<meta property=\"og:url\" content=\"https:\/\/www.deutsche-glasfaser.de\/blog\/smart-village-remmesweiler-versorgt-sich-neu\/\" \/>\n<meta property=\"og:site_name\" content=\"Digitales B\u00fcrgernetz\" \/>\n<meta property=\"article:published_time\" content=\"2021-12-08T07:53:45+00:00\" \/>\n<meta property=\"article:modified_time\" content=\"2021-12-08T07:53:46+00:00\" \/>\n<meta property=\"og:image\" content=\"https:\/\/www.deutsche-glasfaser.de\/blog\/wp-content\/uploads\/2021\/12\/IMG_0714_1500x705.jpg\" \/>\n\t<meta property=\"og:image:width\" content=\"1500\" \/>\n\t<meta property=\"og:image:height\" content=\"705\" \/>\n\t<meta property=\"og:image:type\" content=\"image\/jpeg\" \/>\n<meta name=\"author\" content=\"Deutsche Glasfaser\" \/>\n<meta name=\"twitter:card\" content=\"summary_large_image\" \/>\n<meta name=\"twitter:label1\" content=\"Verfasst von\" \/>\n\t<meta name=\"twitter:data1\" content=\"Deutsche Glasfaser\" \/>\n\t<meta name=\"twitter:label2\" content=\"Gesch\u00e4tzte Lesezeit\" \/>\n\t<meta name=\"twitter:data2\" content=\"4\u00a0Minuten\" \/>\n<script type=\"application\/ld+json\" class=\"yoast-schema-graph\">{\"@context\":\"https:\\\/\\\/schema.org\",\"@graph\":[{\"@type\":\"Article\",\"@id\":\"https:\\\/\\\/www.deutsche-glasfaser.de\\\/blog\\\/smart-village-remmesweiler-versorgt-sich-neu\\\/#article\",\"isPartOf\":{\"@id\":\"https:\\\/\\\/www.deutsche-glasfaser.de\\\/blog\\\/smart-village-remmesweiler-versorgt-sich-neu\\\/\"},\"author\":{\"name\":\"Deutsche Glasfaser\",\"@id\":\"https:\\\/\\\/www.deutsche-glasfaser.de\\\/blog\\\/#\\\/schema\\\/person\\\/9380a6dc7443d77143d0c66c409f574b\"},\"headline\":\"Smart Village: Remmesweiler versorgt sich neu\",\"datePublished\":\"2021-12-08T07:53:45+00:00\",\"dateModified\":\"2021-12-08T07:53:46+00:00\",\"mainEntityOfPage\":{\"@id\":\"https:\\\/\\\/www.deutsche-glasfaser.de\\\/blog\\\/smart-village-remmesweiler-versorgt-sich-neu\\\/\"},\"wordCount\":752,\"commentCount\":0,\"publisher\":{\"@id\":\"https:\\\/\\\/www.deutsche-glasfaser.de\\\/blog\\\/#organization\"},\"image\":{\"@id\":\"https:\\\/\\\/www.deutsche-glasfaser.de\\\/blog\\\/smart-village-remmesweiler-versorgt-sich-neu\\\/#primaryimage\"},\"thumbnailUrl\":\"https:\\\/\\\/www.deutsche-glasfaser.de\\\/blog\\\/wp-content\\\/uploads\\\/2021\\\/12\\\/IMG_0714_1500x705.jpg\",\"articleSection\":[\"#Gemeinschaft\"],\"inLanguage\":\"de\",\"potentialAction\":[{\"@type\":\"CommentAction\",\"name\":\"Comment\",\"target\":[\"https:\\\/\\\/www.deutsche-glasfaser.de\\\/blog\\\/smart-village-remmesweiler-versorgt-sich-neu\\\/#respond\"]}]},{\"@type\":\"WebPage\",\"@id\":\"https:\\\/\\\/www.deutsche-glasfaser.de\\\/blog\\\/smart-village-remmesweiler-versorgt-sich-neu\\\/\",\"url\":\"https:\\\/\\\/www.deutsche-glasfaser.de\\\/blog\\\/smart-village-remmesweiler-versorgt-sich-neu\\\/\",\"name\":\"Daseinsvorsorge im Dorf: Was Digitalisierung leisten kann - Digitales B\u00fcrgernetz\",\"isPartOf\":{\"@id\":\"https:\\\/\\\/www.deutsche-glasfaser.de\\\/blog\\\/#website\"},\"primaryImageOfPage\":{\"@id\":\"https:\\\/\\\/www.deutsche-glasfaser.de\\\/blog\\\/smart-village-remmesweiler-versorgt-sich-neu\\\/#primaryimage\"},\"image\":{\"@id\":\"https:\\\/\\\/www.deutsche-glasfaser.de\\\/blog\\\/smart-village-remmesweiler-versorgt-sich-neu\\\/#primaryimage\"},\"thumbnailUrl\":\"https:\\\/\\\/www.deutsche-glasfaser.de\\\/blog\\\/wp-content\\\/uploads\\\/2021\\\/12\\\/IMG_0714_1500x705.jpg\",\"datePublished\":\"2021-12-08T07:53:45+00:00\",\"dateModified\":\"2021-12-08T07:53:46+00:00\",\"description\":\"Smart Village \u2013 gegen die Landflucht: Das Beispiel Remmesweiler im Saarland zeigt, wie sich D\u00f6rfer mithilfe digitaler Tools versorgen k\u00f6nnen.\",\"inLanguage\":\"de\",\"potentialAction\":[{\"@type\":\"ReadAction\",\"target\":[\"https:\\\/\\\/www.deutsche-glasfaser.de\\\/blog\\\/smart-village-remmesweiler-versorgt-sich-neu\\\/\"]}]},{\"@type\":\"ImageObject\",\"inLanguage\":\"de\",\"@id\":\"https:\\\/\\\/www.deutsche-glasfaser.de\\\/blog\\\/smart-village-remmesweiler-versorgt-sich-neu\\\/#primaryimage\",\"url\":\"https:\\\/\\\/www.deutsche-glasfaser.de\\\/blog\\\/wp-content\\\/uploads\\\/2021\\\/12\\\/IMG_0714_1500x705.jpg\",\"contentUrl\":\"https:\\\/\\\/www.deutsche-glasfaser.de\\\/blog\\\/wp-content\\\/uploads\\\/2021\\\/12\\\/IMG_0714_1500x705.jpg\",\"width\":1500,\"height\":705,\"caption\":\"\u00dcber die Online-Plattform KeepFresh k\u00f6nnen die B\u00fcrgerinnen und B\u00fcrger von Remmesweiler frische Produkte aus der Region bestellen, ausgeliefert wird zentral. \u00a9 Smart Village Remmesweiler\"},{\"@type\":\"WebSite\",\"@id\":\"https:\\\/\\\/www.deutsche-glasfaser.de\\\/blog\\\/#website\",\"url\":\"https:\\\/\\\/www.deutsche-glasfaser.de\\\/blog\\\/\",\"name\":\"Digitales B\u00fcrgernetz\",\"description\":\"Deutsche Glasfaser Blog\",\"publisher\":{\"@id\":\"https:\\\/\\\/www.deutsche-glasfaser.de\\\/blog\\\/#organization\"},\"potentialAction\":[{\"@type\":\"SearchAction\",\"target\":{\"@type\":\"EntryPoint\",\"urlTemplate\":\"https:\\\/\\\/www.deutsche-glasfaser.de\\\/blog\\\/?s={search_term_string}\"},\"query-input\":{\"@type\":\"PropertyValueSpecification\",\"valueRequired\":true,\"valueName\":\"search_term_string\"}}],\"inLanguage\":\"de\"},{\"@type\":\"Organization\",\"@id\":\"https:\\\/\\\/www.deutsche-glasfaser.de\\\/blog\\\/#organization\",\"name\":\"Digitales B\u00fcrgernetz\",\"url\":\"https:\\\/\\\/www.deutsche-glasfaser.de\\\/blog\\\/\",\"logo\":{\"@type\":\"ImageObject\",\"inLanguage\":\"de\",\"@id\":\"https:\\\/\\\/www.deutsche-glasfaser.de\\\/blog\\\/#\\\/schema\\\/logo\\\/image\\\/\",\"url\":\"https:\\\/\\\/www.deutsche-glasfaser.de\\\/blog\\\/wp-content\\\/uploads\\\/2021\\\/08\\\/DGF_Logo_Basis_RGB-Large@2x.png\",\"contentUrl\":\"https:\\\/\\\/www.deutsche-glasfaser.de\\\/blog\\\/wp-content\\\/uploads\\\/2021\\\/08\\\/DGF_Logo_Basis_RGB-Large@2x.png\",\"width\":312,\"height\":104,\"caption\":\"Digitales B\u00fcrgernetz\"},\"image\":{\"@id\":\"https:\\\/\\\/www.deutsche-glasfaser.de\\\/blog\\\/#\\\/schema\\\/logo\\\/image\\\/\"}},{\"@type\":\"Person\",\"@id\":\"https:\\\/\\\/www.deutsche-glasfaser.de\\\/blog\\\/#\\\/schema\\\/person\\\/9380a6dc7443d77143d0c66c409f574b\",\"name\":\"Deutsche Glasfaser\"}]}<\/script>\n<!-- \/ Yoast SEO plugin. -->","yoast_head_json":{"title":"Daseinsvorsorge im Dorf: Was Digitalisierung leisten kann - Digitales B\u00fcrgernetz","description":"Smart Village \u2013 gegen die Landflucht: Das Beispiel Remmesweiler im Saarland zeigt, wie sich D\u00f6rfer mithilfe digitaler Tools versorgen k\u00f6nnen.","robots":{"index":"index","follow":"follow","max-snippet":"max-snippet:-1","max-image-preview":"max-image-preview:large","max-video-preview":"max-video-preview:-1"},"canonical":"https:\/\/www.deutsche-glasfaser.de\/blog\/smart-village-remmesweiler-versorgt-sich-neu\/","og_locale":"de_DE","og_type":"article","og_title":"Daseinsvorsorge im Dorf: Was Digitalisierung leisten kann - Digitales B\u00fcrgernetz","og_description":"Smart Village \u2013 gegen die Landflucht: Das Beispiel Remmesweiler im Saarland zeigt, wie sich D\u00f6rfer mithilfe digitaler Tools versorgen k\u00f6nnen.","og_url":"https:\/\/www.deutsche-glasfaser.de\/blog\/smart-village-remmesweiler-versorgt-sich-neu\/","og_site_name":"Digitales B\u00fcrgernetz","article_published_time":"2021-12-08T07:53:45+00:00","article_modified_time":"2021-12-08T07:53:46+00:00","og_image":[{"width":1500,"height":705,"url":"https:\/\/www.deutsche-glasfaser.de\/blog\/wp-content\/uploads\/2021\/12\/IMG_0714_1500x705.jpg","type":"image\/jpeg"}],"author":"Deutsche Glasfaser","twitter_card":"summary_large_image","twitter_misc":{"Verfasst von":"Deutsche Glasfaser","Gesch\u00e4tzte Lesezeit":"4\u00a0Minuten"},"schema":{"@context":"https:\/\/schema.org","@graph":[{"@type":"Article","@id":"https:\/\/www.deutsche-glasfaser.de\/blog\/smart-village-remmesweiler-versorgt-sich-neu\/#article","isPartOf":{"@id":"https:\/\/www.deutsche-glasfaser.de\/blog\/smart-village-remmesweiler-versorgt-sich-neu\/"},"author":{"name":"Deutsche Glasfaser","@id":"https:\/\/www.deutsche-glasfaser.de\/blog\/#\/schema\/person\/9380a6dc7443d77143d0c66c409f574b"},"headline":"Smart Village: Remmesweiler versorgt sich neu","datePublished":"2021-12-08T07:53:45+00:00","dateModified":"2021-12-08T07:53:46+00:00","mainEntityOfPage":{"@id":"https:\/\/www.deutsche-glasfaser.de\/blog\/smart-village-remmesweiler-versorgt-sich-neu\/"},"wordCount":752,"commentCount":0,"publisher":{"@id":"https:\/\/www.deutsche-glasfaser.de\/blog\/#organization"},"image":{"@id":"https:\/\/www.deutsche-glasfaser.de\/blog\/smart-village-remmesweiler-versorgt-sich-neu\/#primaryimage"},"thumbnailUrl":"https:\/\/www.deutsche-glasfaser.de\/blog\/wp-content\/uploads\/2021\/12\/IMG_0714_1500x705.jpg","articleSection":["#Gemeinschaft"],"inLanguage":"de","potentialAction":[{"@type":"CommentAction","name":"Comment","target":["https:\/\/www.deutsche-glasfaser.de\/blog\/smart-village-remmesweiler-versorgt-sich-neu\/#respond"]}]},{"@type":"WebPage","@id":"https:\/\/www.deutsche-glasfaser.de\/blog\/smart-village-remmesweiler-versorgt-sich-neu\/","url":"https:\/\/www.deutsche-glasfaser.de\/blog\/smart-village-remmesweiler-versorgt-sich-neu\/","name":"Daseinsvorsorge im Dorf: Was Digitalisierung leisten kann - Digitales B\u00fcrgernetz","isPartOf":{"@id":"https:\/\/www.deutsche-glasfaser.de\/blog\/#website"},"primaryImageOfPage":{"@id":"https:\/\/www.deutsche-glasfaser.de\/blog\/smart-village-remmesweiler-versorgt-sich-neu\/#primaryimage"},"image":{"@id":"https:\/\/www.deutsche-glasfaser.de\/blog\/smart-village-remmesweiler-versorgt-sich-neu\/#primaryimage"},"thumbnailUrl":"https:\/\/www.deutsche-glasfaser.de\/blog\/wp-content\/uploads\/2021\/12\/IMG_0714_1500x705.jpg","datePublished":"2021-12-08T07:53:45+00:00","dateModified":"2021-12-08T07:53:46+00:00","description":"Smart Village \u2013 gegen die Landflucht: Das Beispiel Remmesweiler im Saarland zeigt, wie sich D\u00f6rfer mithilfe digitaler Tools versorgen k\u00f6nnen.","inLanguage":"de","potentialAction":[{"@type":"ReadAction","target":["https:\/\/www.deutsche-glasfaser.de\/blog\/smart-village-remmesweiler-versorgt-sich-neu\/"]}]},{"@type":"ImageObject","inLanguage":"de","@id":"https:\/\/www.deutsche-glasfaser.de\/blog\/smart-village-remmesweiler-versorgt-sich-neu\/#primaryimage","url":"https:\/\/www.deutsche-glasfaser.de\/blog\/wp-content\/uploads\/2021\/12\/IMG_0714_1500x705.jpg","contentUrl":"https:\/\/www.deutsche-glasfaser.de\/blog\/wp-content\/uploads\/2021\/12\/IMG_0714_1500x705.jpg","width":1500,"height":705,"caption":"\u00dcber die Online-Plattform KeepFresh k\u00f6nnen die B\u00fcrgerinnen und B\u00fcrger von Remmesweiler frische Produkte aus der Region bestellen, ausgeliefert wird zentral. \u00a9 Smart Village Remmesweiler"},{"@type":"WebSite","@id":"https:\/\/www.deutsche-glasfaser.de\/blog\/#website","url":"https:\/\/www.deutsche-glasfaser.de\/blog\/","name":"Digitales B\u00fcrgernetz","description":"Deutsche Glasfaser Blog","publisher":{"@id":"https:\/\/www.deutsche-glasfaser.de\/blog\/#organization"},"potentialAction":[{"@type":"SearchAction","target":{"@type":"EntryPoint","urlTemplate":"https:\/\/www.deutsche-glasfaser.de\/blog\/?s={search_term_string}"},"query-input":{"@type":"PropertyValueSpecification","valueRequired":true,"valueName":"search_term_string"}}],"inLanguage":"de"},{"@type":"Organization","@id":"https:\/\/www.deutsche-glasfaser.de\/blog\/#organization","name":"Digitales B\u00fcrgernetz","url":"https:\/\/www.deutsche-glasfaser.de\/blog\/","logo":{"@type":"ImageObject","inLanguage":"de","@id":"https:\/\/www.deutsche-glasfaser.de\/blog\/#\/schema\/logo\/image\/","url":"https:\/\/www.deutsche-glasfaser.de\/blog\/wp-content\/uploads\/2021\/08\/DGF_Logo_Basis_RGB-Large@2x.png","contentUrl":"https:\/\/www.deutsche-glasfaser.de\/blog\/wp-content\/uploads\/2021\/08\/DGF_Logo_Basis_RGB-Large@2x.png","width":312,"height":104,"caption":"Digitales B\u00fcrgernetz"},"image":{"@id":"https:\/\/www.deutsche-glasfaser.de\/blog\/#\/schema\/logo\/image\/"}},{"@type":"Person","@id":"https:\/\/www.deutsche-glasfaser.de\/blog\/#\/schema\/person\/9380a6dc7443d77143d0c66c409f574b","name":"Deutsche Glasfaser"}]}},"_links":{"self":[{"href":"https:\/\/www.deutsche-glasfaser.de\/blog\/wp-json\/wp\/v2\/posts\/9240","targetHints":{"allow":["GET"]}}],"collection":[{"href":"https:\/\/www.deutsche-glasfaser.de\/blog\/wp-json\/wp\/v2\/posts"}],"about":[{"href":"https:\/\/www.deutsche-glasfaser.de\/blog\/wp-json\/wp\/v2\/types\/post"}],"author":[{"embeddable":true,"href":"https:\/\/www.deutsche-glasfaser.de\/blog\/wp-json\/wp\/v2\/users\/5"}],"replies":[{"embeddable":true,"href":"https:\/\/www.deutsche-glasfaser.de\/blog\/wp-json\/wp\/v2\/comments?post=9240"}],"version-history":[{"count":5,"href":"https:\/\/www.deutsche-glasfaser.de\/blog\/wp-json\/wp\/v2\/posts\/9240\/revisions"}],"predecessor-version":[{"id":9247,"href":"https:\/\/www.deutsche-glasfaser.de\/blog\/wp-json\/wp\/v2\/posts\/9240\/revisions\/9247"}],"wp:featuredmedia":[{"embeddable":true,"href":"https:\/\/www.deutsche-glasfaser.de\/blog\/wp-json\/wp\/v2\/media\/9241"}],"wp:attachment":[{"href":"https:\/\/www.deutsche-glasfaser.de\/blog\/wp-json\/wp\/v2\/media?parent=9240"}],"wp:term":[{"taxonomy":"category","embeddable":true,"href":"https:\/\/www.deutsche-glasfaser.de\/blog\/wp-json\/wp\/v2\/categories?post=9240"},{"taxonomy":"post_tag","embeddable":true,"href":"https:\/\/www.deutsche-glasfaser.de\/blog\/wp-json\/wp\/v2\/tags?post=9240"}],"curies":[{"name":"wp","href":"https:\/\/api.w.org\/{rel}","templated":true}]}}