{"id":9171,"date":"2021-11-22T07:18:09","date_gmt":"2021-11-22T07:18:09","guid":{"rendered":"https:\/\/www.deutsche-glasfaser.de\/blog\/?p=9171"},"modified":"2021-11-22T07:18:10","modified_gmt":"2021-11-22T07:18:10","slug":"die-drohne-ist-ein-tolles-handwerkszeug","status":"publish","type":"post","link":"https:\/\/www.deutsche-glasfaser.de\/blog\/die-drohne-ist-ein-tolles-handwerkszeug\/","title":{"rendered":"\u201eDie Drohne ist ein tolles Handwerkszeug\u201c"},"content":{"rendered":"\t\t<div data-elementor-type=\"wp-post\" data-elementor-id=\"9171\" class=\"elementor elementor-9171\">\n\t\t\t\t\t\t<section class=\"elementor-section elementor-top-section elementor-element elementor-element-3a83a52 elementor-section-boxed elementor-section-height-default elementor-section-height-default\" data-id=\"3a83a52\" data-element_type=\"section\" data-e-type=\"section\">\n\t\t\t\t\t\t<div class=\"elementor-container elementor-column-gap-default\">\n\t\t\t\t\t<div class=\"elementor-column elementor-col-100 elementor-top-column elementor-element elementor-element-75937e0\" data-id=\"75937e0\" data-element_type=\"column\" data-e-type=\"column\">\n\t\t\t<div class=\"elementor-widget-wrap elementor-element-populated\">\n\t\t\t\t\t\t<div class=\"elementor-element elementor-element-b897bde elementor-widget elementor-widget-text-editor\" data-id=\"b897bde\" data-element_type=\"widget\" data-e-type=\"widget\" data-widget_type=\"text-editor.default\">\n\t\t\t\t<div class=\"elementor-widget-container\">\n\t\t\t\t\t\t\t\t\t<p>Die Kamera der Drohne liefert gestochen scharfes Bildmaterial. Dachdecker Sascha Kloss spart dadurch Zeit und Kosten. \u00a9 privat<\/p>\t\t\t\t\t\t\t\t<\/div>\n\t\t\t\t<\/div>\n\t\t\t\t\t<\/div>\n\t\t<\/div>\n\t\t\t\t\t<\/div>\n\t\t<\/section>\n\t\t\t\t<section class=\"elementor-section elementor-top-section elementor-element elementor-element-20ddf9a elementor-section-boxed elementor-section-height-default elementor-section-height-default\" data-id=\"20ddf9a\" data-element_type=\"section\" data-e-type=\"section\">\n\t\t\t\t\t\t<div class=\"elementor-container elementor-column-gap-default\">\n\t\t\t\t\t<div class=\"elementor-column elementor-col-100 elementor-top-column elementor-element elementor-element-6f138a0\" data-id=\"6f138a0\" data-element_type=\"column\" data-e-type=\"column\">\n\t\t\t<div class=\"elementor-widget-wrap elementor-element-populated\">\n\t\t\t\t\t\t<div class=\"elementor-element elementor-element-53fe0a3 elementor-widget elementor-widget-text-editor\" data-id=\"53fe0a3\" data-element_type=\"widget\" data-e-type=\"widget\" data-widget_type=\"text-editor.default\">\n\t\t\t\t<div class=\"elementor-widget-container\">\n\t\t\t\t\t\t\t\t\t<p>Sascha Kloss steht mitten in der Bielefelder Innenstadt. In den H\u00e4nden h\u00e4lt er ein Smartphone. Darauf ist die App eines Drohnenherstellers installiert. Mit einer Fernbedienung steuert der Dachdeckermeister die Drohne nach oben und l\u00e4sst sie \u00fcber ein Dach fliegen. Mehrmals umkreist sie die gleiche Stelle. Vom Boden aus kann Sascha Kloss das Dach sicher begutachten. Eine Kamera liefert ihm gestochen scharfe Bilder, auf denen er erkennt, ob Dachziegel verrutscht sind oder die Regenrinne undicht ist. Selbst kleine Risse kann er sehen und das Dach mit einer speziellen Software zentimetergenau ausmessen.<\/p>\t\t\t\t\t\t\t\t<\/div>\n\t\t\t\t<\/div>\n\t\t\t\t<div class=\"elementor-element elementor-element-583504c elementor-widget elementor-widget-spacer\" data-id=\"583504c\" data-element_type=\"widget\" data-e-type=\"widget\" data-widget_type=\"spacer.default\">\n\t\t\t\t<div class=\"elementor-widget-container\">\n\t\t\t\t\t\t\t<div class=\"elementor-spacer\">\n\t\t\t<div class=\"elementor-spacer-inner\"><\/div>\n\t\t<\/div>\n\t\t\t\t\t\t<\/div>\n\t\t\t\t<\/div>\n\t\t\t\t<div class=\"elementor-element elementor-element-f085aff elementor-widget elementor-widget-heading\" data-id=\"f085aff\" data-element_type=\"widget\" data-e-type=\"widget\" data-widget_type=\"heading.default\">\n\t\t\t\t<div class=\"elementor-widget-container\">\n\t\t\t\t\t<h2 class=\"elementor-heading-title elementor-size-xl\">\u201eIch habe mein Leben riskiert\u201c <\/h2>\t\t\t\t<\/div>\n\t\t\t\t<\/div>\n\t\t\t\t<div class=\"elementor-element elementor-element-a646621 elementor-widget elementor-widget-spacer\" data-id=\"a646621\" data-element_type=\"widget\" data-e-type=\"widget\" data-widget_type=\"spacer.default\">\n\t\t\t\t<div class=\"elementor-widget-container\">\n\t\t\t\t\t\t\t<div class=\"elementor-spacer\">\n\t\t\t<div class=\"elementor-spacer-inner\"><\/div>\n\t\t<\/div>\n\t\t\t\t\t\t<\/div>\n\t\t\t\t<\/div>\n\t\t\t\t<div class=\"elementor-element elementor-element-9deefb9 elementor-widget elementor-widget-text-editor\" data-id=\"9deefb9\" data-element_type=\"widget\" data-e-type=\"widget\" data-widget_type=\"text-editor.default\">\n\t\t\t\t<div class=\"elementor-widget-container\">\n\t\t\t\t\t\t\t\t\t<p>\u201eVor einigen Jahren bin ich noch selbst \u00fcber eine Leiter aufs Dach geklettert, um mir den Zustand anzuschauen. Manches Mal habe ich dabei mein Leben riskiert\u201c, erz\u00e4hlt Sascha Kloss. Nun muss er sich diesem Risiko nicht mehr aussetzen. Auch f\u00fcr die Mitarbeiter wird die Arbeit sicherer. Die Aufnahmen zeigen ihnen, worauf sie achten m\u00fcssen, wenn sie sp\u00e4ter Reparaturen auf dem Dach durchf\u00fchren. Dachdecker sind schlie\u00dflich besonders gef\u00e4hrdet. Jedes Jahr kommt es zu schweren Unf\u00e4llen und zu St\u00fcrzen vom Dach. Bei der <a href=\"https:\/\/dachdecker.org\/unfallgeschehen-im-dachdeckerhandwerk-6419531\/\">Berufsgenossenschaft der Bauwirtschaft (BG BAU)<\/a> wurden von Januar bis September 2020 \u00fcber 6.900 Unf\u00e4lle gemeldet. Davon endeten acht t\u00f6dlich.<\/p>\t\t\t\t\t\t\t\t<\/div>\n\t\t\t\t<\/div>\n\t\t\t\t<div class=\"elementor-element elementor-element-3905c66 elementor-widget elementor-widget-spacer\" data-id=\"3905c66\" data-element_type=\"widget\" data-e-type=\"widget\" data-widget_type=\"spacer.default\">\n\t\t\t\t<div class=\"elementor-widget-container\">\n\t\t\t\t\t\t\t<div class=\"elementor-spacer\">\n\t\t\t<div class=\"elementor-spacer-inner\"><\/div>\n\t\t<\/div>\n\t\t\t\t\t\t<\/div>\n\t\t\t\t<\/div>\n\t\t\t\t<div class=\"elementor-element elementor-element-9502edb elementor-position-top elementor-widget elementor-widget-image-box\" data-id=\"9502edb\" data-element_type=\"widget\" data-e-type=\"widget\" data-widget_type=\"image-box.default\">\n\t\t\t\t<div class=\"elementor-widget-container\">\n\t\t\t\t\t<div class=\"elementor-image-box-wrapper\"><figure class=\"elementor-image-box-img\"><a href=\"https:\/\/www.instagram.com\/digitales_buergernetz\/\" tabindex=\"-1\"><img decoding=\"async\" width=\"150\" height=\"150\" src=\"https:\/\/www.deutsche-glasfaser.de\/blog\/wp-content\/uploads\/2021\/11\/instagram-logo_gras-150x150.png\" class=\"attachment-thumbnail size-thumbnail wp-image-9175\" alt=\"\" srcset=\"https:\/\/www.deutsche-glasfaser.de\/blog\/wp-content\/uploads\/2021\/11\/instagram-logo_gras-150x150.png 150w, https:\/\/www.deutsche-glasfaser.de\/blog\/wp-content\/uploads\/2021\/11\/instagram-logo_gras-300x300.png 300w, https:\/\/www.deutsche-glasfaser.de\/blog\/wp-content\/uploads\/2021\/11\/instagram-logo_gras.png 600w\" sizes=\"(max-width: 150px) 100vw, 150px\" \/><\/a><\/figure><div class=\"elementor-image-box-content\"><h3 class=\"elementor-image-box-title\"><a href=\"https:\/\/www.instagram.com\/digitales_buergernetz\/\">Das Digitale B\u00fcrgernetz immer dabei<\/a><\/h3><p class=\"elementor-image-box-description\">Mehr Geschichten vom Digitalen B\u00fcrgernetz auf Instagram!<\/p><\/div><\/div>\t\t\t\t<\/div>\n\t\t\t\t<\/div>\n\t\t\t\t<div class=\"elementor-element elementor-element-dbfa6d7 elementor-widget elementor-widget-spacer\" data-id=\"dbfa6d7\" data-element_type=\"widget\" data-e-type=\"widget\" data-widget_type=\"spacer.default\">\n\t\t\t\t<div class=\"elementor-widget-container\">\n\t\t\t\t\t\t\t<div class=\"elementor-spacer\">\n\t\t\t<div class=\"elementor-spacer-inner\"><\/div>\n\t\t<\/div>\n\t\t\t\t\t\t<\/div>\n\t\t\t\t<\/div>\n\t\t\t\t<div class=\"elementor-element elementor-element-c6093fd elementor-widget elementor-widget-heading\" data-id=\"c6093fd\" data-element_type=\"widget\" data-e-type=\"widget\" data-widget_type=\"heading.default\">\n\t\t\t\t<div class=\"elementor-widget-container\">\n\t\t\t\t\t<h2 class=\"elementor-heading-title elementor-size-xl\">Mit wenigen Handgriffen einsatzbereit<\/h2>\t\t\t\t<\/div>\n\t\t\t\t<\/div>\n\t\t\t\t<div class=\"elementor-element elementor-element-12122e1 elementor-widget elementor-widget-spacer\" data-id=\"12122e1\" data-element_type=\"widget\" data-e-type=\"widget\" data-widget_type=\"spacer.default\">\n\t\t\t\t<div class=\"elementor-widget-container\">\n\t\t\t\t\t\t\t<div class=\"elementor-spacer\">\n\t\t\t<div class=\"elementor-spacer-inner\"><\/div>\n\t\t<\/div>\n\t\t\t\t\t\t<\/div>\n\t\t\t\t<\/div>\n\t\t\t\t<div class=\"elementor-element elementor-element-c893043 elementor-widget elementor-widget-text-editor\" data-id=\"c893043\" data-element_type=\"widget\" data-e-type=\"widget\" data-widget_type=\"text-editor.default\">\n\t\t\t\t<div class=\"elementor-widget-container\">\n\t\t\t\t\t\t\t\t\t<p>Die Drohne ist au\u00dferdem viel schneller und genauer. \u201eIch habe oft mehrere Stunden gebraucht, um Sch\u00e4den zu erkennen und alles auszumessen. Heute dauert es nur wenige Minuten. Das spart Zeit und Kosten\u201c, sagt Sascha Kloss. Bis auf eineinhalb Meter kann die Drohne an die Dachfl\u00e4che heranfliegen und die Kamera \u00fcber eine Zoomfunktion in den kleinsten Winkel blicken. Sie liefert Aufnahmen von Bereichen, die f\u00fcr Menschen schwer zug\u00e4nglich sind \u2013 sei es der spitze Kirchturm auf dem Dorf oder das Dach mit Lichtkuppeln und Gauben in der Stadt. Seit etwa drei Jahren setzt Sascha Kloss eine Drohne ein. Er hat einen Drohnenf\u00fchrerschein gemacht und eine Erlaubnis f\u00fcr Bereiche, die er \u00fcberfliegen darf. Mit wenigen Handgriffen ist die Drohne einsatzbereit. \u201eSie passt in eine Tasche, die kleiner ist als ein Aktenkoffer. Und ist ein tolles Handwerkszeug, das wir da an die Hand bekommen haben\u201c, sagt er.<\/p>\t\t\t\t\t\t\t\t<\/div>\n\t\t\t\t<\/div>\n\t\t\t\t<div class=\"elementor-element elementor-element-7ccbbf4 elementor-widget elementor-widget-spacer\" data-id=\"7ccbbf4\" data-element_type=\"widget\" data-e-type=\"widget\" data-widget_type=\"spacer.default\">\n\t\t\t\t<div class=\"elementor-widget-container\">\n\t\t\t\t\t\t\t<div class=\"elementor-spacer\">\n\t\t\t<div class=\"elementor-spacer-inner\"><\/div>\n\t\t<\/div>\n\t\t\t\t\t\t<\/div>\n\t\t\t\t<\/div>\n\t\t\t\t<div class=\"elementor-element elementor-element-cee440f elementor-widget elementor-widget-image\" data-id=\"cee440f\" data-element_type=\"widget\" data-e-type=\"widget\" data-widget_type=\"image.default\">\n\t\t\t\t<div class=\"elementor-widget-container\">\n\t\t\t\t\t\t\t\t\t\t\t\t<figure class=\"wp-caption\">\n\t\t\t\t\t\t\t\t\t\t<img fetchpriority=\"high\" decoding=\"async\" width=\"768\" height=\"877\" src=\"https:\/\/www.deutsche-glasfaser.de\/blog\/wp-content\/uploads\/2021\/11\/Drohne2-768x877.jpeg\" class=\"attachment-medium_large size-medium_large wp-image-9172\" alt=\"Dachdecker Sascha Kloss auf einem Dach stehend\" srcset=\"https:\/\/www.deutsche-glasfaser.de\/blog\/wp-content\/uploads\/2021\/11\/Drohne2-768x877.jpeg 768w, https:\/\/www.deutsche-glasfaser.de\/blog\/wp-content\/uploads\/2021\/11\/Drohne2-263x300.jpeg 263w, https:\/\/www.deutsche-glasfaser.de\/blog\/wp-content\/uploads\/2021\/11\/Drohne2.jpeg 788w\" sizes=\"(max-width: 768px) 100vw, 768px\" \/>\t\t\t\t\t\t\t\t\t\t\t<figcaption class=\"widget-image-caption wp-caption-text\">Dachdecker Sascha Kloss bei der Arbeit \u00a9 privat <\/figcaption>\n\t\t\t\t\t\t\t\t\t\t<\/figure>\n\t\t\t\t\t\t\t\t\t<\/div>\n\t\t\t\t<\/div>\n\t\t\t\t<div class=\"elementor-element elementor-element-0d89284 elementor-widget elementor-widget-spacer\" data-id=\"0d89284\" data-element_type=\"widget\" data-e-type=\"widget\" data-widget_type=\"spacer.default\">\n\t\t\t\t<div class=\"elementor-widget-container\">\n\t\t\t\t\t\t\t<div class=\"elementor-spacer\">\n\t\t\t<div class=\"elementor-spacer-inner\"><\/div>\n\t\t<\/div>\n\t\t\t\t\t\t<\/div>\n\t\t\t\t<\/div>\n\t\t\t\t<div class=\"elementor-element elementor-element-c1d49f7 elementor-widget elementor-widget-heading\" data-id=\"c1d49f7\" data-element_type=\"widget\" data-e-type=\"widget\" data-widget_type=\"heading.default\">\n\t\t\t\t<div class=\"elementor-widget-container\">\n\t\t\t\t\t<h2 class=\"elementor-heading-title elementor-size-xl\">Aufnahmen schaffen Vertrauen <\/h2>\t\t\t\t<\/div>\n\t\t\t\t<\/div>\n\t\t\t\t<div class=\"elementor-element elementor-element-b8e8d4e elementor-widget elementor-widget-spacer\" data-id=\"b8e8d4e\" data-element_type=\"widget\" data-e-type=\"widget\" data-widget_type=\"spacer.default\">\n\t\t\t\t<div class=\"elementor-widget-container\">\n\t\t\t\t\t\t\t<div class=\"elementor-spacer\">\n\t\t\t<div class=\"elementor-spacer-inner\"><\/div>\n\t\t<\/div>\n\t\t\t\t\t\t<\/div>\n\t\t\t\t<\/div>\n\t\t\t\t<div class=\"elementor-element elementor-element-858e3bf elementor-widget elementor-widget-text-editor\" data-id=\"858e3bf\" data-element_type=\"widget\" data-e-type=\"widget\" data-widget_type=\"text-editor.default\">\n\t\t\t\t<div class=\"elementor-widget-container\">\n\t\t\t\t\t\t\t\t\t<p>Auch seine Kundinnen und Kunden sind begeistert. Manche stehen w\u00e4hrend des Drohnenflugs direkt neben ihm und schauen sich die Bilder und Videos auf seinem Handy an. Andere bekommen sie per E-Mail oder Messenger-Dienst zugeschickt. \u201eViele sehen etwas, was sie vorher noch nie gesehen haben: ihr Dach von oben. Auf den Bildern k\u00f6nnen sie erkennen, wie der Zustand ist und was repariert werden muss. Die Aufnahmen spiegeln die Realit\u00e4t wider und das schafft Vertrauen\u201c, erz\u00e4hlt der Dachdecker. Seit mehr als 30 Jahren ist er in dem Beruf t\u00e4tig.<\/p>\t\t\t\t\t\t\t\t<\/div>\n\t\t\t\t<\/div>\n\t\t\t\t<div class=\"elementor-element elementor-element-8e0a5f6 elementor-widget elementor-widget-spacer\" data-id=\"8e0a5f6\" data-element_type=\"widget\" data-e-type=\"widget\" data-widget_type=\"spacer.default\">\n\t\t\t\t<div class=\"elementor-widget-container\">\n\t\t\t\t\t\t\t<div class=\"elementor-spacer\">\n\t\t\t<div class=\"elementor-spacer-inner\"><\/div>\n\t\t<\/div>\n\t\t\t\t\t\t<\/div>\n\t\t\t\t<\/div>\n\t\t\t\t<div class=\"elementor-element elementor-element-9ff5172 elementor-position-top elementor-widget elementor-widget-image-box\" data-id=\"9ff5172\" data-element_type=\"widget\" data-e-type=\"widget\" data-widget_type=\"image-box.default\">\n\t\t\t\t<div class=\"elementor-widget-container\">\n\t\t\t\t\t<div class=\"elementor-image-box-wrapper\"><figure class=\"elementor-image-box-img\"><a href=\"https:\/\/twitter.com\/DtGlasfaser\" tabindex=\"-1\"><img decoding=\"async\" width=\"150\" height=\"150\" src=\"https:\/\/www.deutsche-glasfaser.de\/blog\/wp-content\/uploads\/2021\/11\/twitter-logo_gras-150x150.png\" class=\"attachment-thumbnail size-thumbnail wp-image-9176\" alt=\"\" srcset=\"https:\/\/www.deutsche-glasfaser.de\/blog\/wp-content\/uploads\/2021\/11\/twitter-logo_gras-150x150.png 150w, https:\/\/www.deutsche-glasfaser.de\/blog\/wp-content\/uploads\/2021\/11\/twitter-logo_gras-300x300.png 300w, https:\/\/www.deutsche-glasfaser.de\/blog\/wp-content\/uploads\/2021\/11\/twitter-logo_gras.png 600w\" sizes=\"(max-width: 150px) 100vw, 150px\" \/><\/a><\/figure><div class=\"elementor-image-box-content\"><h3 class=\"elementor-image-box-title\"><a href=\"https:\/\/twitter.com\/DtGlasfaser\">Neustes aus dem Digitalen B\u00fcrgernetz<\/a><\/h3><p class=\"elementor-image-box-description\">Mehr Geschichten vom Digitalen B\u00fcrgernetz auf Twitter!<\/p><\/div><\/div>\t\t\t\t<\/div>\n\t\t\t\t<\/div>\n\t\t\t\t<div class=\"elementor-element elementor-element-4711d7a elementor-widget elementor-widget-spacer\" data-id=\"4711d7a\" data-element_type=\"widget\" data-e-type=\"widget\" data-widget_type=\"spacer.default\">\n\t\t\t\t<div class=\"elementor-widget-container\">\n\t\t\t\t\t\t\t<div class=\"elementor-spacer\">\n\t\t\t<div class=\"elementor-spacer-inner\"><\/div>\n\t\t<\/div>\n\t\t\t\t\t\t<\/div>\n\t\t\t\t<\/div>\n\t\t\t\t<div class=\"elementor-element elementor-element-53806f1 elementor-widget elementor-widget-heading\" data-id=\"53806f1\" data-element_type=\"widget\" data-e-type=\"widget\" data-widget_type=\"heading.default\">\n\t\t\t\t<div class=\"elementor-widget-container\">\n\t\t\t\t\t<h2 class=\"elementor-heading-title elementor-size-xl\">Fliegende Helfer immer beliebter <\/h2>\t\t\t\t<\/div>\n\t\t\t\t<\/div>\n\t\t\t\t<div class=\"elementor-element elementor-element-8623f52 elementor-widget elementor-widget-spacer\" data-id=\"8623f52\" data-element_type=\"widget\" data-e-type=\"widget\" data-widget_type=\"spacer.default\">\n\t\t\t\t<div class=\"elementor-widget-container\">\n\t\t\t\t\t\t\t<div class=\"elementor-spacer\">\n\t\t\t<div class=\"elementor-spacer-inner\"><\/div>\n\t\t<\/div>\n\t\t\t\t\t\t<\/div>\n\t\t\t\t<\/div>\n\t\t\t\t<div class=\"elementor-element elementor-element-3db357d elementor-widget elementor-widget-text-editor\" data-id=\"3db357d\" data-element_type=\"widget\" data-e-type=\"widget\" data-widget_type=\"text-editor.default\">\n\t\t\t\t<div class=\"elementor-widget-container\">\n\t\t\t\t\t\t\t\t\t<p>\u00dcber 400.000 Drohnen schwirren nach Angaben des Verbands Unbemannte Luftfahrt (VUL) bereits in Deutschland durch die L\u00fcfte. Etwa 19.000 werden gewerblich genutzt. In einer <a href=\"https:\/\/dachdecker.org\/zvdh-digital\/digitalisierung-geht-voran-2250360\/?ITServ=abljnfvie52mcd54k4v10d8238t&amp;l=95454463\">internen Umfrage des Zentralverbands des Deutschen Dachdeckerhandwerks<\/a> gaben 2018 knapp 22 Prozent der Befragten an, dass sie Drohnen einsetzen. Ein Jahr sp\u00e4ter erkl\u00e4rten mehr als 60 Prozent, sie k\u00f6nnten sich den Einsatz vorstellen.<\/p>\t\t\t\t\t\t\t\t<\/div>\n\t\t\t\t<\/div>\n\t\t\t\t\t<\/div>\n\t\t<\/div>\n\t\t\t\t\t<\/div>\n\t\t<\/section>\n\t\t\t\t<\/div>\n\t\t","protected":false},"excerpt":{"rendered":"<p>Sie arbeiten oft in schwindelerregenden H\u00f6hen, Unf\u00e4lle und St\u00fcrze vom Dach geh\u00f6ren zu ihrem Alltag: Dachdecker leben gef\u00e4hrlich. Ob Stadt oder Land \u2013 der Einsatz von Drohnen macht ihr Handwerk sicherer. <\/p>\n","protected":false},"author":5,"featured_media":9173,"comment_status":"open","ping_status":"open","sticky":false,"template":"","format":"standard","meta":{"footnotes":""},"categories":[69],"tags":[],"class_list":["post-9171","post","type-post","status-publish","format-standard","has-post-thumbnail","hentry","category-arbeit"],"yoast_head":"<!-- This site is optimized with the Yoast SEO plugin v27.5 - https:\/\/yoast.com\/product\/yoast-seo-wordpress\/ -->\n<title>Drohnen helfen Dachdeckern in Stadt und Land - Digitales B\u00fcrgernetz<\/title>\n<meta name=\"description\" content=\"Digitales Handwerk: Drohnen erleichtern Dachdeckern die Arbeit. D\u00e4cher lassen sich so schneller, genauer und g\u00fcnstiger begutachten. Und sicherer.\" \/>\n<meta name=\"robots\" content=\"index, follow, max-snippet:-1, max-image-preview:large, max-video-preview:-1\" \/>\n<link rel=\"canonical\" href=\"https:\/\/www.deutsche-glasfaser.de\/blog\/die-drohne-ist-ein-tolles-handwerkszeug\/\" \/>\n<meta property=\"og:locale\" content=\"de_DE\" \/>\n<meta property=\"og:type\" content=\"article\" \/>\n<meta property=\"og:title\" content=\"Drohnen helfen Dachdeckern in Stadt und Land - Digitales B\u00fcrgernetz\" \/>\n<meta property=\"og:description\" content=\"Digitales Handwerk: Drohnen erleichtern Dachdeckern die Arbeit. D\u00e4cher lassen sich so schneller, genauer und g\u00fcnstiger begutachten. Und sicherer.\" \/>\n<meta property=\"og:url\" content=\"https:\/\/www.deutsche-glasfaser.de\/blog\/die-drohne-ist-ein-tolles-handwerkszeug\/\" \/>\n<meta property=\"og:site_name\" content=\"Digitales B\u00fcrgernetz\" \/>\n<meta property=\"article:published_time\" content=\"2021-11-22T07:18:09+00:00\" \/>\n<meta property=\"article:modified_time\" content=\"2021-11-22T07:18:10+00:00\" \/>\n<meta property=\"og:image\" content=\"https:\/\/www.deutsche-glasfaser.de\/blog\/wp-content\/uploads\/2021\/11\/T_Drohne.jpeg\" \/>\n\t<meta property=\"og:image:width\" content=\"1500\" \/>\n\t<meta property=\"og:image:height\" content=\"705\" \/>\n\t<meta property=\"og:image:type\" content=\"image\/jpeg\" \/>\n<meta name=\"author\" content=\"Deutsche Glasfaser\" \/>\n<meta name=\"twitter:card\" content=\"summary_large_image\" \/>\n<meta name=\"twitter:label1\" content=\"Verfasst von\" \/>\n\t<meta name=\"twitter:data1\" content=\"Deutsche Glasfaser\" \/>\n\t<meta name=\"twitter:label2\" content=\"Gesch\u00e4tzte Lesezeit\" \/>\n\t<meta name=\"twitter:data2\" content=\"3\u00a0Minuten\" \/>\n<script type=\"application\/ld+json\" class=\"yoast-schema-graph\">{\"@context\":\"https:\\\/\\\/schema.org\",\"@graph\":[{\"@type\":\"Article\",\"@id\":\"https:\\\/\\\/www.deutsche-glasfaser.de\\\/blog\\\/die-drohne-ist-ein-tolles-handwerkszeug\\\/#article\",\"isPartOf\":{\"@id\":\"https:\\\/\\\/www.deutsche-glasfaser.de\\\/blog\\\/die-drohne-ist-ein-tolles-handwerkszeug\\\/\"},\"author\":{\"name\":\"Deutsche Glasfaser\",\"@id\":\"https:\\\/\\\/www.deutsche-glasfaser.de\\\/blog\\\/#\\\/schema\\\/person\\\/9380a6dc7443d77143d0c66c409f574b\"},\"headline\":\"\u201eDie Drohne ist ein tolles Handwerkszeug\u201c\",\"datePublished\":\"2021-11-22T07:18:09+00:00\",\"dateModified\":\"2021-11-22T07:18:10+00:00\",\"mainEntityOfPage\":{\"@id\":\"https:\\\/\\\/www.deutsche-glasfaser.de\\\/blog\\\/die-drohne-ist-ein-tolles-handwerkszeug\\\/\"},\"wordCount\":573,\"commentCount\":0,\"publisher\":{\"@id\":\"https:\\\/\\\/www.deutsche-glasfaser.de\\\/blog\\\/#organization\"},\"image\":{\"@id\":\"https:\\\/\\\/www.deutsche-glasfaser.de\\\/blog\\\/die-drohne-ist-ein-tolles-handwerkszeug\\\/#primaryimage\"},\"thumbnailUrl\":\"https:\\\/\\\/www.deutsche-glasfaser.de\\\/blog\\\/wp-content\\\/uploads\\\/2021\\\/11\\\/T_Drohne.jpeg\",\"articleSection\":[\"#Arbeit\"],\"inLanguage\":\"de\",\"potentialAction\":[{\"@type\":\"CommentAction\",\"name\":\"Comment\",\"target\":[\"https:\\\/\\\/www.deutsche-glasfaser.de\\\/blog\\\/die-drohne-ist-ein-tolles-handwerkszeug\\\/#respond\"]}]},{\"@type\":\"WebPage\",\"@id\":\"https:\\\/\\\/www.deutsche-glasfaser.de\\\/blog\\\/die-drohne-ist-ein-tolles-handwerkszeug\\\/\",\"url\":\"https:\\\/\\\/www.deutsche-glasfaser.de\\\/blog\\\/die-drohne-ist-ein-tolles-handwerkszeug\\\/\",\"name\":\"Drohnen helfen Dachdeckern in Stadt und Land - Digitales B\u00fcrgernetz\",\"isPartOf\":{\"@id\":\"https:\\\/\\\/www.deutsche-glasfaser.de\\\/blog\\\/#website\"},\"primaryImageOfPage\":{\"@id\":\"https:\\\/\\\/www.deutsche-glasfaser.de\\\/blog\\\/die-drohne-ist-ein-tolles-handwerkszeug\\\/#primaryimage\"},\"image\":{\"@id\":\"https:\\\/\\\/www.deutsche-glasfaser.de\\\/blog\\\/die-drohne-ist-ein-tolles-handwerkszeug\\\/#primaryimage\"},\"thumbnailUrl\":\"https:\\\/\\\/www.deutsche-glasfaser.de\\\/blog\\\/wp-content\\\/uploads\\\/2021\\\/11\\\/T_Drohne.jpeg\",\"datePublished\":\"2021-11-22T07:18:09+00:00\",\"dateModified\":\"2021-11-22T07:18:10+00:00\",\"description\":\"Digitales Handwerk: Drohnen erleichtern Dachdeckern die Arbeit. D\u00e4cher lassen sich so schneller, genauer und g\u00fcnstiger begutachten. Und sicherer.\",\"inLanguage\":\"de\",\"potentialAction\":[{\"@type\":\"ReadAction\",\"target\":[\"https:\\\/\\\/www.deutsche-glasfaser.de\\\/blog\\\/die-drohne-ist-ein-tolles-handwerkszeug\\\/\"]}]},{\"@type\":\"ImageObject\",\"inLanguage\":\"de\",\"@id\":\"https:\\\/\\\/www.deutsche-glasfaser.de\\\/blog\\\/die-drohne-ist-ein-tolles-handwerkszeug\\\/#primaryimage\",\"url\":\"https:\\\/\\\/www.deutsche-glasfaser.de\\\/blog\\\/wp-content\\\/uploads\\\/2021\\\/11\\\/T_Drohne.jpeg\",\"contentUrl\":\"https:\\\/\\\/www.deutsche-glasfaser.de\\\/blog\\\/wp-content\\\/uploads\\\/2021\\\/11\\\/T_Drohne.jpeg\",\"width\":1500,\"height\":705,\"caption\":\"Die Kamera der Drohne liefert gestochen scharfes Bildmaterial. Dachdecker Sascha Kloss spart dadurch Zeit und Kosten. \u00a9 privat\"},{\"@type\":\"WebSite\",\"@id\":\"https:\\\/\\\/www.deutsche-glasfaser.de\\\/blog\\\/#website\",\"url\":\"https:\\\/\\\/www.deutsche-glasfaser.de\\\/blog\\\/\",\"name\":\"Digitales B\u00fcrgernetz\",\"description\":\"Deutsche Glasfaser Blog\",\"publisher\":{\"@id\":\"https:\\\/\\\/www.deutsche-glasfaser.de\\\/blog\\\/#organization\"},\"potentialAction\":[{\"@type\":\"SearchAction\",\"target\":{\"@type\":\"EntryPoint\",\"urlTemplate\":\"https:\\\/\\\/www.deutsche-glasfaser.de\\\/blog\\\/?s={search_term_string}\"},\"query-input\":{\"@type\":\"PropertyValueSpecification\",\"valueRequired\":true,\"valueName\":\"search_term_string\"}}],\"inLanguage\":\"de\"},{\"@type\":\"Organization\",\"@id\":\"https:\\\/\\\/www.deutsche-glasfaser.de\\\/blog\\\/#organization\",\"name\":\"Digitales B\u00fcrgernetz\",\"url\":\"https:\\\/\\\/www.deutsche-glasfaser.de\\\/blog\\\/\",\"logo\":{\"@type\":\"ImageObject\",\"inLanguage\":\"de\",\"@id\":\"https:\\\/\\\/www.deutsche-glasfaser.de\\\/blog\\\/#\\\/schema\\\/logo\\\/image\\\/\",\"url\":\"https:\\\/\\\/www.deutsche-glasfaser.de\\\/blog\\\/wp-content\\\/uploads\\\/2021\\\/08\\\/DGF_Logo_Basis_RGB-Large@2x.png\",\"contentUrl\":\"https:\\\/\\\/www.deutsche-glasfaser.de\\\/blog\\\/wp-content\\\/uploads\\\/2021\\\/08\\\/DGF_Logo_Basis_RGB-Large@2x.png\",\"width\":312,\"height\":104,\"caption\":\"Digitales B\u00fcrgernetz\"},\"image\":{\"@id\":\"https:\\\/\\\/www.deutsche-glasfaser.de\\\/blog\\\/#\\\/schema\\\/logo\\\/image\\\/\"}},{\"@type\":\"Person\",\"@id\":\"https:\\\/\\\/www.deutsche-glasfaser.de\\\/blog\\\/#\\\/schema\\\/person\\\/9380a6dc7443d77143d0c66c409f574b\",\"name\":\"Deutsche Glasfaser\"}]}<\/script>\n<!-- \/ Yoast SEO plugin. -->","yoast_head_json":{"title":"Drohnen helfen Dachdeckern in Stadt und Land - Digitales B\u00fcrgernetz","description":"Digitales Handwerk: Drohnen erleichtern Dachdeckern die Arbeit. D\u00e4cher lassen sich so schneller, genauer und g\u00fcnstiger begutachten. Und sicherer.","robots":{"index":"index","follow":"follow","max-snippet":"max-snippet:-1","max-image-preview":"max-image-preview:large","max-video-preview":"max-video-preview:-1"},"canonical":"https:\/\/www.deutsche-glasfaser.de\/blog\/die-drohne-ist-ein-tolles-handwerkszeug\/","og_locale":"de_DE","og_type":"article","og_title":"Drohnen helfen Dachdeckern in Stadt und Land - Digitales B\u00fcrgernetz","og_description":"Digitales Handwerk: Drohnen erleichtern Dachdeckern die Arbeit. D\u00e4cher lassen sich so schneller, genauer und g\u00fcnstiger begutachten. Und sicherer.","og_url":"https:\/\/www.deutsche-glasfaser.de\/blog\/die-drohne-ist-ein-tolles-handwerkszeug\/","og_site_name":"Digitales B\u00fcrgernetz","article_published_time":"2021-11-22T07:18:09+00:00","article_modified_time":"2021-11-22T07:18:10+00:00","og_image":[{"width":1500,"height":705,"url":"https:\/\/www.deutsche-glasfaser.de\/blog\/wp-content\/uploads\/2021\/11\/T_Drohne.jpeg","type":"image\/jpeg"}],"author":"Deutsche Glasfaser","twitter_card":"summary_large_image","twitter_misc":{"Verfasst von":"Deutsche Glasfaser","Gesch\u00e4tzte Lesezeit":"3\u00a0Minuten"},"schema":{"@context":"https:\/\/schema.org","@graph":[{"@type":"Article","@id":"https:\/\/www.deutsche-glasfaser.de\/blog\/die-drohne-ist-ein-tolles-handwerkszeug\/#article","isPartOf":{"@id":"https:\/\/www.deutsche-glasfaser.de\/blog\/die-drohne-ist-ein-tolles-handwerkszeug\/"},"author":{"name":"Deutsche Glasfaser","@id":"https:\/\/www.deutsche-glasfaser.de\/blog\/#\/schema\/person\/9380a6dc7443d77143d0c66c409f574b"},"headline":"\u201eDie Drohne ist ein tolles Handwerkszeug\u201c","datePublished":"2021-11-22T07:18:09+00:00","dateModified":"2021-11-22T07:18:10+00:00","mainEntityOfPage":{"@id":"https:\/\/www.deutsche-glasfaser.de\/blog\/die-drohne-ist-ein-tolles-handwerkszeug\/"},"wordCount":573,"commentCount":0,"publisher":{"@id":"https:\/\/www.deutsche-glasfaser.de\/blog\/#organization"},"image":{"@id":"https:\/\/www.deutsche-glasfaser.de\/blog\/die-drohne-ist-ein-tolles-handwerkszeug\/#primaryimage"},"thumbnailUrl":"https:\/\/www.deutsche-glasfaser.de\/blog\/wp-content\/uploads\/2021\/11\/T_Drohne.jpeg","articleSection":["#Arbeit"],"inLanguage":"de","potentialAction":[{"@type":"CommentAction","name":"Comment","target":["https:\/\/www.deutsche-glasfaser.de\/blog\/die-drohne-ist-ein-tolles-handwerkszeug\/#respond"]}]},{"@type":"WebPage","@id":"https:\/\/www.deutsche-glasfaser.de\/blog\/die-drohne-ist-ein-tolles-handwerkszeug\/","url":"https:\/\/www.deutsche-glasfaser.de\/blog\/die-drohne-ist-ein-tolles-handwerkszeug\/","name":"Drohnen helfen Dachdeckern in Stadt und Land - Digitales B\u00fcrgernetz","isPartOf":{"@id":"https:\/\/www.deutsche-glasfaser.de\/blog\/#website"},"primaryImageOfPage":{"@id":"https:\/\/www.deutsche-glasfaser.de\/blog\/die-drohne-ist-ein-tolles-handwerkszeug\/#primaryimage"},"image":{"@id":"https:\/\/www.deutsche-glasfaser.de\/blog\/die-drohne-ist-ein-tolles-handwerkszeug\/#primaryimage"},"thumbnailUrl":"https:\/\/www.deutsche-glasfaser.de\/blog\/wp-content\/uploads\/2021\/11\/T_Drohne.jpeg","datePublished":"2021-11-22T07:18:09+00:00","dateModified":"2021-11-22T07:18:10+00:00","description":"Digitales Handwerk: Drohnen erleichtern Dachdeckern die Arbeit. D\u00e4cher lassen sich so schneller, genauer und g\u00fcnstiger begutachten. Und sicherer.","inLanguage":"de","potentialAction":[{"@type":"ReadAction","target":["https:\/\/www.deutsche-glasfaser.de\/blog\/die-drohne-ist-ein-tolles-handwerkszeug\/"]}]},{"@type":"ImageObject","inLanguage":"de","@id":"https:\/\/www.deutsche-glasfaser.de\/blog\/die-drohne-ist-ein-tolles-handwerkszeug\/#primaryimage","url":"https:\/\/www.deutsche-glasfaser.de\/blog\/wp-content\/uploads\/2021\/11\/T_Drohne.jpeg","contentUrl":"https:\/\/www.deutsche-glasfaser.de\/blog\/wp-content\/uploads\/2021\/11\/T_Drohne.jpeg","width":1500,"height":705,"caption":"Die Kamera der Drohne liefert gestochen scharfes Bildmaterial. Dachdecker Sascha Kloss spart dadurch Zeit und Kosten. \u00a9 privat"},{"@type":"WebSite","@id":"https:\/\/www.deutsche-glasfaser.de\/blog\/#website","url":"https:\/\/www.deutsche-glasfaser.de\/blog\/","name":"Digitales B\u00fcrgernetz","description":"Deutsche Glasfaser Blog","publisher":{"@id":"https:\/\/www.deutsche-glasfaser.de\/blog\/#organization"},"potentialAction":[{"@type":"SearchAction","target":{"@type":"EntryPoint","urlTemplate":"https:\/\/www.deutsche-glasfaser.de\/blog\/?s={search_term_string}"},"query-input":{"@type":"PropertyValueSpecification","valueRequired":true,"valueName":"search_term_string"}}],"inLanguage":"de"},{"@type":"Organization","@id":"https:\/\/www.deutsche-glasfaser.de\/blog\/#organization","name":"Digitales B\u00fcrgernetz","url":"https:\/\/www.deutsche-glasfaser.de\/blog\/","logo":{"@type":"ImageObject","inLanguage":"de","@id":"https:\/\/www.deutsche-glasfaser.de\/blog\/#\/schema\/logo\/image\/","url":"https:\/\/www.deutsche-glasfaser.de\/blog\/wp-content\/uploads\/2021\/08\/DGF_Logo_Basis_RGB-Large@2x.png","contentUrl":"https:\/\/www.deutsche-glasfaser.de\/blog\/wp-content\/uploads\/2021\/08\/DGF_Logo_Basis_RGB-Large@2x.png","width":312,"height":104,"caption":"Digitales B\u00fcrgernetz"},"image":{"@id":"https:\/\/www.deutsche-glasfaser.de\/blog\/#\/schema\/logo\/image\/"}},{"@type":"Person","@id":"https:\/\/www.deutsche-glasfaser.de\/blog\/#\/schema\/person\/9380a6dc7443d77143d0c66c409f574b","name":"Deutsche Glasfaser"}]}},"_links":{"self":[{"href":"https:\/\/www.deutsche-glasfaser.de\/blog\/wp-json\/wp\/v2\/posts\/9171","targetHints":{"allow":["GET"]}}],"collection":[{"href":"https:\/\/www.deutsche-glasfaser.de\/blog\/wp-json\/wp\/v2\/posts"}],"about":[{"href":"https:\/\/www.deutsche-glasfaser.de\/blog\/wp-json\/wp\/v2\/types\/post"}],"author":[{"embeddable":true,"href":"https:\/\/www.deutsche-glasfaser.de\/blog\/wp-json\/wp\/v2\/users\/5"}],"replies":[{"embeddable":true,"href":"https:\/\/www.deutsche-glasfaser.de\/blog\/wp-json\/wp\/v2\/comments?post=9171"}],"version-history":[{"count":5,"href":"https:\/\/www.deutsche-glasfaser.de\/blog\/wp-json\/wp\/v2\/posts\/9171\/revisions"}],"predecessor-version":[{"id":9180,"href":"https:\/\/www.deutsche-glasfaser.de\/blog\/wp-json\/wp\/v2\/posts\/9171\/revisions\/9180"}],"wp:featuredmedia":[{"embeddable":true,"href":"https:\/\/www.deutsche-glasfaser.de\/blog\/wp-json\/wp\/v2\/media\/9173"}],"wp:attachment":[{"href":"https:\/\/www.deutsche-glasfaser.de\/blog\/wp-json\/wp\/v2\/media?parent=9171"}],"wp:term":[{"taxonomy":"category","embeddable":true,"href":"https:\/\/www.deutsche-glasfaser.de\/blog\/wp-json\/wp\/v2\/categories?post=9171"},{"taxonomy":"post_tag","embeddable":true,"href":"https:\/\/www.deutsche-glasfaser.de\/blog\/wp-json\/wp\/v2\/tags?post=9171"}],"curies":[{"name":"wp","href":"https:\/\/api.w.org\/{rel}","templated":true}]}}