{"id":9130,"date":"2021-11-15T08:05:07","date_gmt":"2021-11-15T08:05:07","guid":{"rendered":"https:\/\/www.deutsche-glasfaser.de\/blog\/?p=9130"},"modified":"2021-11-18T11:00:13","modified_gmt":"2021-11-18T11:00:13","slug":"plan4better-erreichbarkeit-macht-mobil","status":"publish","type":"post","link":"https:\/\/www.deutsche-glasfaser.de\/blog\/plan4better-erreichbarkeit-macht-mobil\/","title":{"rendered":"Plan4Better: Erreichbarkeit macht mobil"},"content":{"rendered":"\t\t<div data-elementor-type=\"wp-post\" data-elementor-id=\"9130\" class=\"elementor elementor-9130\">\n\t\t\t\t\t\t<section class=\"elementor-section elementor-top-section elementor-element elementor-element-cb5dae1 elementor-section-boxed elementor-section-height-default elementor-section-height-default\" data-id=\"cb5dae1\" data-element_type=\"section\" data-e-type=\"section\">\n\t\t\t\t\t\t<div class=\"elementor-container elementor-column-gap-default\">\n\t\t\t\t\t<div class=\"elementor-column elementor-col-100 elementor-top-column elementor-element elementor-element-e87141d\" data-id=\"e87141d\" data-element_type=\"column\" data-e-type=\"column\">\n\t\t\t<div class=\"elementor-widget-wrap elementor-element-populated\">\n\t\t\t\t\t\t<div class=\"elementor-element elementor-element-718332a elementor-widget elementor-widget-text-editor\" data-id=\"718332a\" data-element_type=\"widget\" data-e-type=\"widget\" data-widget_type=\"text-editor.default\">\n\t\t\t\t<div class=\"elementor-widget-container\">\n\t\t\t\t\t\t\t\t\t<p>Das Gr\u00fcndungsteam von Plan4Better: Ulrike Jehle, Gesch\u00e4ftsf\u00fchrerin, Elias Pajares, Gesch\u00e4ftsf\u00fchrer, und der Technische Direktor Majk Shkurti (von links) \u00a9 Plan4Better<\/p>\t\t\t\t\t\t\t\t<\/div>\n\t\t\t\t<\/div>\n\t\t\t\t\t<\/div>\n\t\t<\/div>\n\t\t\t\t\t<\/div>\n\t\t<\/section>\n\t\t\t\t<section class=\"elementor-section elementor-top-section elementor-element elementor-element-c50dceb elementor-section-boxed elementor-section-height-default elementor-section-height-default\" data-id=\"c50dceb\" data-element_type=\"section\" data-e-type=\"section\">\n\t\t\t\t\t\t<div class=\"elementor-container elementor-column-gap-default\">\n\t\t\t\t\t<div class=\"elementor-column elementor-col-100 elementor-top-column elementor-element elementor-element-ca2338f\" data-id=\"ca2338f\" data-element_type=\"column\" data-e-type=\"column\">\n\t\t\t<div class=\"elementor-widget-wrap elementor-element-populated\">\n\t\t\t\t\t\t<div class=\"elementor-element elementor-element-8187411 elementor-widget elementor-widget-text-editor\" data-id=\"8187411\" data-element_type=\"widget\" data-e-type=\"widget\" data-widget_type=\"text-editor.default\">\n\t\t\t\t<div class=\"elementor-widget-container\">\n\t\t\t\t\t\t\t\t\t<p>Was bedeutet es f\u00fcr die Bev\u00f6lkerung vor Ort, wenn die Dorfapotheke schlie\u00dft? Wo sollte am besten eine neue Bike-Sharing-Station er\u00f6ffnet werden? Solche und \u00e4hnliche Fragen l\u00f6st das M\u00fcnchner Startup Plan4Better mit seinem digitalen Planungstool GOAT (= GEO Open Accessibility Tool), das die Stadt- und Verkehrsplanung erleichtert. Durch Heatmaps oder mit Hilfe von Linien, sogenannten Isochronen, visualisiert das Open-Source-Webtool, wie schnell ein bestimmter Punkt zu Fu\u00df, mit dem Fahrrad oder per Rollstuhl erreichbar ist. Dabei ist nicht nur der Ist-Zustand ma\u00dfgeblich. GOAT kann auch simulieren, wie sich eine Ver\u00e4nderung in der Infrastruktur, etwa der Bau einer neuen Fu\u00dfg\u00e4ngerbr\u00fccke, auf die Erreichbarkeit auswirken w\u00fcrde \u2013 und zwar schneller und g\u00fcnstiger als bisherige Anwendungen. So lassen sich Planungsfehler vermeiden und Kosten optimieren. Und nat\u00fcrlich profitieren auch Umwelt und Klima davon, wenn Menschen durch ein gutes Angebot in Wohnn\u00e4he dazu animiert werden k\u00f6nnen, ihr Auto \u00f6fter zu Hause zu lassen.<\/p>\t\t\t\t\t\t\t\t<\/div>\n\t\t\t\t<\/div>\n\t\t\t\t\t<\/div>\n\t\t<\/div>\n\t\t\t\t\t<\/div>\n\t\t<\/section>\n\t\t\t\t<section class=\"elementor-section elementor-top-section elementor-element elementor-element-2e545ec elementor-section-boxed elementor-section-height-default elementor-section-height-default\" data-id=\"2e545ec\" data-element_type=\"section\" data-e-type=\"section\">\n\t\t\t\t\t\t<div class=\"elementor-container elementor-column-gap-default\">\n\t\t\t\t\t<div class=\"elementor-column elementor-col-100 elementor-top-column elementor-element elementor-element-dbb17ce\" data-id=\"dbb17ce\" data-element_type=\"column\" data-e-type=\"column\">\n\t\t\t<div class=\"elementor-widget-wrap elementor-element-populated\">\n\t\t\t\t\t\t<div class=\"elementor-element elementor-element-a6a3f8a elementor-widget elementor-widget-blockquote\" data-id=\"a6a3f8a\" data-element_type=\"widget\" data-e-type=\"widget\" data-widget_type=\"blockquote.default\">\n\t\t\t\t<div class=\"elementor-widget-container\">\n\t\t\t\t\t \t\t\t\t<\/div>\n\t\t\t\t<\/div>\n\t\t\t\t<div class=\"elementor-element elementor-element-1967aac elementor-widget elementor-widget-spacer\" data-id=\"1967aac\" data-element_type=\"widget\" data-e-type=\"widget\" data-widget_type=\"spacer.default\">\n\t\t\t\t<div class=\"elementor-widget-container\">\n\t\t\t\t\t\t\t<div class=\"elementor-spacer\">\n\t\t\t<div class=\"elementor-spacer-inner\"><\/div>\n\t\t<\/div>\n\t\t\t\t\t\t<\/div>\n\t\t\t\t<\/div>\n\t\t\t\t<div class=\"elementor-element elementor-element-a280aa3 elementor-widget elementor-widget-heading\" data-id=\"a280aa3\" data-element_type=\"widget\" data-e-type=\"widget\" data-widget_type=\"heading.default\">\n\t\t\t\t<div class=\"elementor-widget-container\">\n\t\t\t\t\t<h2 class=\"elementor-heading-title elementor-size-xl\">Ein ausgezeichneter neuer Ansatz<\/h2>\t\t\t\t<\/div>\n\t\t\t\t<\/div>\n\t\t\t\t<div class=\"elementor-element elementor-element-6a30f5a elementor-widget elementor-widget-spacer\" data-id=\"6a30f5a\" data-element_type=\"widget\" data-e-type=\"widget\" data-widget_type=\"spacer.default\">\n\t\t\t\t<div class=\"elementor-widget-container\">\n\t\t\t\t\t\t\t<div class=\"elementor-spacer\">\n\t\t\t<div class=\"elementor-spacer-inner\"><\/div>\n\t\t<\/div>\n\t\t\t\t\t\t<\/div>\n\t\t\t\t<\/div>\n\t\t\t\t<div class=\"elementor-element elementor-element-94911cb elementor-widget elementor-widget-text-editor\" data-id=\"94911cb\" data-element_type=\"widget\" data-e-type=\"widget\" data-widget_type=\"text-editor.default\">\n\t\t\t\t<div class=\"elementor-widget-container\">\n\t\t\t\t\t\t\t\t\t<p>F\u00fcr seine Verdienste um eine nachhaltige Entwicklungsplanung wurde Plan4Better bereits mit dem <a href=\"https:\/\/www.muenchen.de\/rathaus\/wirtschaft\/tech\/digitalisierung-plattformen\/Innovationswettbewerb.html\" target=\"_blank\" rel=\"noopener\">Innovationspreis der Stadt M\u00fcnchen<\/a>, sowie Ende Oktober 2021 mit dem <a href=\"https:\/\/www.bitkom.org\/Themen\/Startups\/Smart-Country-Startup-Award\" target=\"_blank\" rel=\"noopener\">Smart Country Startup Award<\/a> (Kategorie \u201eSmart City\u201c) ausgezeichnet. Bei der Preisverleihung im Rahmen der Smart Country Convention sagte Niklas Veltkamp, Mitglied der Gesch\u00e4ftsleitung des Digitalverbands Bitkom: \u201eSt\u00e4dte und Gemeinden m\u00fcssen in Zukunft verst\u00e4rkt auf digitale Technologien zur\u00fcckgreifen. Der Smart Country Startup Award hat gezeigt, dass Startups in Deutschland dabei einen wichtigen Beitrag leisten k\u00f6nnen \u2013 mit L\u00f6sungen, die gleicherma\u00dfen auf technologische Innovationen setzen und bereits heute im Alltag nutzbar sind.\u201c Ebendieser praktische Nutzen macht die Plan4Better-L\u00f6sung GOAT f\u00fcr viele Anwendungen interessant. Davon kann man sich auf <a href=\"https:\/\/plan4better.de\/en\/goatlive\/\">www.plan4better.de<\/a> auch selbst \u00fcberzeugen: Dort stehen Live-Demoversionen verschiedener deutscher und internationaler St\u00e4dte zur Auswahl.<\/p>\t\t\t\t\t\t\t\t<\/div>\n\t\t\t\t<\/div>\n\t\t\t\t<div class=\"elementor-element elementor-element-1d9c808 elementor-widget elementor-widget-spacer\" data-id=\"1d9c808\" data-element_type=\"widget\" data-e-type=\"widget\" data-widget_type=\"spacer.default\">\n\t\t\t\t<div class=\"elementor-widget-container\">\n\t\t\t\t\t\t\t<div class=\"elementor-spacer\">\n\t\t\t<div class=\"elementor-spacer-inner\"><\/div>\n\t\t<\/div>\n\t\t\t\t\t\t<\/div>\n\t\t\t\t<\/div>\n\t\t\t\t<div class=\"elementor-element elementor-element-86fbd3e elementor-widget elementor-widget-image\" data-id=\"86fbd3e\" data-element_type=\"widget\" data-e-type=\"widget\" data-widget_type=\"image.default\">\n\t\t\t\t<div class=\"elementor-widget-container\">\n\t\t\t\t\t\t\t\t\t\t\t\t<figure class=\"wp-caption\">\n\t\t\t\t\t\t\t\t\t\t<img fetchpriority=\"high\" decoding=\"async\" width=\"768\" height=\"307\" src=\"https:\/\/www.deutsche-glasfaser.de\/blog\/wp-content\/uploads\/2021\/11\/plan4better2-768x307.jpeg\" class=\"attachment-medium_large size-medium_large wp-image-9132\" alt=\"Zwei Kartendarstellungen zeigen verschieden eingef\u00e4rbte Gebiete\" srcset=\"https:\/\/www.deutsche-glasfaser.de\/blog\/wp-content\/uploads\/2021\/11\/plan4better2-768x307.jpeg 768w, https:\/\/www.deutsche-glasfaser.de\/blog\/wp-content\/uploads\/2021\/11\/plan4better2-300x120.jpeg 300w, https:\/\/www.deutsche-glasfaser.de\/blog\/wp-content\/uploads\/2021\/11\/plan4better2.jpeg 788w\" sizes=\"(max-width: 768px) 100vw, 768px\" \/>\t\t\t\t\t\t\t\t\t\t\t<figcaption class=\"widget-image-caption wp-caption-text\">Die Heatmap zeigt links den Ausgangszustand, rechts das Szenario mit zwei neuen Kitas. Zahlreiche Einwohner w\u00fcrden davon durch k\u00fcrzere Wege profitieren. \u00a9 Plan4Better <\/figcaption>\n\t\t\t\t\t\t\t\t\t\t<\/figure>\n\t\t\t\t\t\t\t\t\t<\/div>\n\t\t\t\t<\/div>\n\t\t\t\t<div class=\"elementor-element elementor-element-b96f7dc elementor-widget elementor-widget-spacer\" data-id=\"b96f7dc\" data-element_type=\"widget\" data-e-type=\"widget\" data-widget_type=\"spacer.default\">\n\t\t\t\t<div class=\"elementor-widget-container\">\n\t\t\t\t\t\t\t<div class=\"elementor-spacer\">\n\t\t\t<div class=\"elementor-spacer-inner\"><\/div>\n\t\t<\/div>\n\t\t\t\t\t\t<\/div>\n\t\t\t\t<\/div>\n\t\t\t\t<div class=\"elementor-element elementor-element-7aa0afc elementor-widget elementor-widget-heading\" data-id=\"7aa0afc\" data-element_type=\"widget\" data-e-type=\"widget\" data-widget_type=\"heading.default\">\n\t\t\t\t<div class=\"elementor-widget-container\">\n\t\t\t\t\t<h2 class=\"elementor-heading-title elementor-size-xl\">Bedeutung f\u00fcr den l\u00e4ndlichen Raum <\/h2>\t\t\t\t<\/div>\n\t\t\t\t<\/div>\n\t\t\t\t<div class=\"elementor-element elementor-element-926286a elementor-widget elementor-widget-spacer\" data-id=\"926286a\" data-element_type=\"widget\" data-e-type=\"widget\" data-widget_type=\"spacer.default\">\n\t\t\t\t<div class=\"elementor-widget-container\">\n\t\t\t\t\t\t\t<div class=\"elementor-spacer\">\n\t\t\t<div class=\"elementor-spacer-inner\"><\/div>\n\t\t<\/div>\n\t\t\t\t\t\t<\/div>\n\t\t\t\t<\/div>\n\t\t\t\t<div class=\"elementor-element elementor-element-4130e15 elementor-widget elementor-widget-text-editor\" data-id=\"4130e15\" data-element_type=\"widget\" data-e-type=\"widget\" data-widget_type=\"text-editor.default\">\n\t\t\t\t<div class=\"elementor-widget-container\">\n\t\t\t\t\t\t\t\t\t<p>Es sind aber nicht nur die Gro\u00dfst\u00e4dte, die von den Einsatzm\u00f6glichkeiten profitieren. Gerade f\u00fcr kleinere Orte ist es im Zusammenhang mit der Daseinsvorsorge wichtig zu wissen, was sich durch Schlie\u00dfungen oder Neuer\u00f6ffnungen an konkreten Standorten f\u00fcr die Einwohnerinnen und Einwohner ver\u00e4ndert. Kommt eine GOAT-Analyse etwa zu dem Ergebnis, dass es gravierende Folgen f\u00fcr die Menschen vor Ort h\u00e4tte, wenn eine Einrichtung oder eine Filiale vor Ort geschlossen w\u00fcrde, dann l\u00e4sst sich damit ein Protest fundiert begr\u00fcnden \u2013 und so vielleicht der Erhalt durchzusetzen. Auch kann GOAT Daten liefern, um den idealen Standort f\u00fcr zum Beispiel einen neuen Supermarkt herauszufinden, den m\u00f6glichst viele Menschen innerhalb kurzer Zeit erreichen k\u00f6nnen.<\/p>\t\t\t\t\t\t\t\t<\/div>\n\t\t\t\t<\/div>\n\t\t\t\t<div class=\"elementor-element elementor-element-bba3856 elementor-widget elementor-widget-spacer\" data-id=\"bba3856\" data-element_type=\"widget\" data-e-type=\"widget\" data-widget_type=\"spacer.default\">\n\t\t\t\t<div class=\"elementor-widget-container\">\n\t\t\t\t\t\t\t<div class=\"elementor-spacer\">\n\t\t\t<div class=\"elementor-spacer-inner\"><\/div>\n\t\t<\/div>\n\t\t\t\t\t\t<\/div>\n\t\t\t\t<\/div>\n\t\t\t\t<div class=\"elementor-element elementor-element-b718308 elementor-widget elementor-widget-image\" data-id=\"b718308\" data-element_type=\"widget\" data-e-type=\"widget\" data-widget_type=\"image.default\">\n\t\t\t\t<div class=\"elementor-widget-container\">\n\t\t\t\t\t\t\t\t\t\t\t\t<figure class=\"wp-caption\">\n\t\t\t\t\t\t\t\t\t\t<img decoding=\"async\" width=\"768\" height=\"433\" src=\"https:\/\/www.deutsche-glasfaser.de\/blog\/wp-content\/uploads\/2021\/11\/plan4better3-768x433.jpeg\" class=\"attachment-medium_large size-medium_large wp-image-9133\" alt=\"Screenshot der Benutzeroberfl\u00e4che der Software mit einer Kartendarstellung und verschiedenen Reglern und Einstellungsm\u00f6glichkeiten\" srcset=\"https:\/\/www.deutsche-glasfaser.de\/blog\/wp-content\/uploads\/2021\/11\/plan4better3-768x433.jpeg 768w, https:\/\/www.deutsche-glasfaser.de\/blog\/wp-content\/uploads\/2021\/11\/plan4better3-300x169.jpeg 300w, https:\/\/www.deutsche-glasfaser.de\/blog\/wp-content\/uploads\/2021\/11\/plan4better3.jpeg 788w\" sizes=\"(max-width: 768px) 100vw, 768px\" \/>\t\t\t\t\t\t\t\t\t\t\t<figcaption class=\"widget-image-caption wp-caption-text\">So sieht die Software aus: GOAT-Szenario zu neuem B\u00e4cker. Die Isochronen (Linien) zeigen den Einzugsbereich \u2013 einmal mit f\u00fcnf, einmal mit zehn Wegminuten zu Fu\u00df, \u00a9 Plan4Better <\/figcaption>\n\t\t\t\t\t\t\t\t\t\t<\/figure>\n\t\t\t\t\t\t\t\t\t<\/div>\n\t\t\t\t<\/div>\n\t\t\t\t<div class=\"elementor-element elementor-element-4067f06 elementor-widget elementor-widget-spacer\" data-id=\"4067f06\" data-element_type=\"widget\" data-e-type=\"widget\" data-widget_type=\"spacer.default\">\n\t\t\t\t<div class=\"elementor-widget-container\">\n\t\t\t\t\t\t\t<div class=\"elementor-spacer\">\n\t\t\t<div class=\"elementor-spacer-inner\"><\/div>\n\t\t<\/div>\n\t\t\t\t\t\t<\/div>\n\t\t\t\t<\/div>\n\t\t\t\t<div class=\"elementor-element elementor-element-8a1ad2b elementor-widget elementor-widget-heading\" data-id=\"8a1ad2b\" data-element_type=\"widget\" data-e-type=\"widget\" data-widget_type=\"heading.default\">\n\t\t\t\t<div class=\"elementor-widget-container\">\n\t\t\t\t\t<h2 class=\"elementor-heading-title elementor-size-xl\">Ausblick: bewegte Zukunft<\/h2>\t\t\t\t<\/div>\n\t\t\t\t<\/div>\n\t\t\t\t<div class=\"elementor-element elementor-element-05b4076 elementor-widget elementor-widget-spacer\" data-id=\"05b4076\" data-element_type=\"widget\" data-e-type=\"widget\" data-widget_type=\"spacer.default\">\n\t\t\t\t<div class=\"elementor-widget-container\">\n\t\t\t\t\t\t\t<div class=\"elementor-spacer\">\n\t\t\t<div class=\"elementor-spacer-inner\"><\/div>\n\t\t<\/div>\n\t\t\t\t\t\t<\/div>\n\t\t\t\t<\/div>\n\t\t\t\t<div class=\"elementor-element elementor-element-21a8f63 elementor-widget elementor-widget-text-editor\" data-id=\"21a8f63\" data-element_type=\"widget\" data-e-type=\"widget\" data-widget_type=\"text-editor.default\">\n\t\t\t\t<div class=\"elementor-widget-container\">\n\t\t\t\t\t\t\t\t\t<p>Bei Plan4Better gehen die Pl\u00e4ne bereits weiter Richtung Zukunft. So sollen in das Webtool k\u00fcnftig auch zus\u00e4tzliche nachhaltige Fortbewegungsmittel wie der \u00d6ffentliche Personennahverkehr sowie Mischformen (etwa die Kombi aus Rad und Bahn) integriert werden. F\u00fcr die Erreichbarkeitsanalysen wird nicht nur entscheidend sein, ob ein \u00d6PNV-Angebot existiert, sondern auch, wie attraktiv es ist, beispielsweise hinsichtlich Taktfrequenz oder Umsteigezeiten. K\u00fcrzlich startete das Startup zudem ein dreij\u00e4hriges Forschungsprojekt: \u201eIn Zusammenarbeit mit Partnern aus Wissenschaft und Forschung sowie zahlreichen St\u00e4dten und Regionen in Deutschland werden wir in einem co-kreativen Prozess eine Palette an neuen Features entwickeln\u201c, so Ulrike Jehle, Gesch\u00e4ftsf\u00fchrerin von Plan4Better. \u201eEines davon ist ein \u201cdynamischer Daseinsvorsorgerechner\u201d, mit dem wir insbesondere den l\u00e4ndlichen Raum in der smarten Planung unterst\u00fctzen wollen.\u201c<\/p><p>Zu Erprobung der Features werden interessierte Gemeinden und Landkreise f\u00fcr Pilotstudien gesucht. Sie k\u00f6nnen unter dieser E-Mail-Adresse Kontakt aufnehmen: <a href=\"mailto:info@plan4better.de\">info@plan4better.de<\/a><\/p>\t\t\t\t\t\t\t\t<\/div>\n\t\t\t\t<\/div>\n\t\t\t\t\t<\/div>\n\t\t<\/div>\n\t\t\t\t\t<\/div>\n\t\t<\/section>\n\t\t\t\t<\/div>\n\t\t","protected":false},"excerpt":{"rendered":"<p>Ausgezeichnet mit dem Smart Country Startup Award: Plan4Better hat eine cloudbasierte Software f\u00fcr die nachhaltige Stadt- und Verkehrsplanung entwickelt. Diese hilft Kommunen, den richtigen Standort zu finden \u2013 zum Beispiel f\u00fcr eine neue Kita.<\/p>\n","protected":false},"author":5,"featured_media":9131,"comment_status":"open","ping_status":"open","sticky":false,"template":"","format":"standard","meta":{"footnotes":""},"categories":[67],"tags":[],"class_list":["post-9130","post","type-post","status-publish","format-standard","has-post-thumbnail","hentry","category-mobilitaet"],"yoast_head":"<!-- This site is optimized with the Yoast SEO plugin v27.5 - https:\/\/yoast.com\/product\/yoast-seo-wordpress\/ -->\n<title>Wie nachhaltige Stadtplanung digital funktioniert - Digitales B\u00fcrgernetz<\/title>\n<meta name=\"description\" content=\"Erreichbarkeit: Wie sich Standorte von Gesch\u00e4ften und Einrichtungen auf dem Land nachhaltig planen lassen\" \/>\n<meta name=\"robots\" content=\"index, follow, max-snippet:-1, max-image-preview:large, max-video-preview:-1\" \/>\n<link rel=\"canonical\" href=\"https:\/\/www.deutsche-glasfaser.de\/blog\/plan4better-erreichbarkeit-macht-mobil\/\" \/>\n<meta property=\"og:locale\" content=\"de_DE\" \/>\n<meta property=\"og:type\" content=\"article\" \/>\n<meta property=\"og:title\" content=\"Wie nachhaltige Stadtplanung digital funktioniert - Digitales B\u00fcrgernetz\" \/>\n<meta property=\"og:description\" content=\"Erreichbarkeit: Wie sich Standorte von Gesch\u00e4ften und Einrichtungen auf dem Land nachhaltig planen lassen\" \/>\n<meta property=\"og:url\" content=\"https:\/\/www.deutsche-glasfaser.de\/blog\/plan4better-erreichbarkeit-macht-mobil\/\" \/>\n<meta property=\"og:site_name\" content=\"Digitales B\u00fcrgernetz\" \/>\n<meta property=\"article:published_time\" content=\"2021-11-15T08:05:07+00:00\" \/>\n<meta property=\"article:modified_time\" content=\"2021-11-18T11:00:13+00:00\" \/>\n<meta property=\"og:image\" content=\"https:\/\/www.deutsche-glasfaser.de\/blog\/wp-content\/uploads\/2021\/11\/T_Plan4better.jpeg\" \/>\n\t<meta property=\"og:image:width\" content=\"1500\" \/>\n\t<meta property=\"og:image:height\" content=\"705\" \/>\n\t<meta property=\"og:image:type\" content=\"image\/jpeg\" \/>\n<meta name=\"author\" content=\"Deutsche Glasfaser\" \/>\n<meta name=\"twitter:card\" content=\"summary_large_image\" \/>\n<meta name=\"twitter:label1\" content=\"Verfasst von\" \/>\n\t<meta name=\"twitter:data1\" content=\"Deutsche Glasfaser\" \/>\n\t<meta name=\"twitter:label2\" content=\"Gesch\u00e4tzte Lesezeit\" \/>\n\t<meta name=\"twitter:data2\" content=\"4\u00a0Minuten\" \/>\n<script type=\"application\/ld+json\" class=\"yoast-schema-graph\">{\"@context\":\"https:\\\/\\\/schema.org\",\"@graph\":[{\"@type\":\"Article\",\"@id\":\"https:\\\/\\\/www.deutsche-glasfaser.de\\\/blog\\\/plan4better-erreichbarkeit-macht-mobil\\\/#article\",\"isPartOf\":{\"@id\":\"https:\\\/\\\/www.deutsche-glasfaser.de\\\/blog\\\/plan4better-erreichbarkeit-macht-mobil\\\/\"},\"author\":{\"name\":\"Deutsche Glasfaser\",\"@id\":\"https:\\\/\\\/www.deutsche-glasfaser.de\\\/blog\\\/#\\\/schema\\\/person\\\/9380a6dc7443d77143d0c66c409f574b\"},\"headline\":\"Plan4Better: Erreichbarkeit macht mobil\",\"datePublished\":\"2021-11-15T08:05:07+00:00\",\"dateModified\":\"2021-11-18T11:00:13+00:00\",\"mainEntityOfPage\":{\"@id\":\"https:\\\/\\\/www.deutsche-glasfaser.de\\\/blog\\\/plan4better-erreichbarkeit-macht-mobil\\\/\"},\"wordCount\":702,\"commentCount\":0,\"publisher\":{\"@id\":\"https:\\\/\\\/www.deutsche-glasfaser.de\\\/blog\\\/#organization\"},\"image\":{\"@id\":\"https:\\\/\\\/www.deutsche-glasfaser.de\\\/blog\\\/plan4better-erreichbarkeit-macht-mobil\\\/#primaryimage\"},\"thumbnailUrl\":\"https:\\\/\\\/www.deutsche-glasfaser.de\\\/blog\\\/wp-content\\\/uploads\\\/2021\\\/11\\\/T_Plan4better.jpeg\",\"articleSection\":[\"#Mobilit\u00e4t\"],\"inLanguage\":\"de\",\"potentialAction\":[{\"@type\":\"CommentAction\",\"name\":\"Comment\",\"target\":[\"https:\\\/\\\/www.deutsche-glasfaser.de\\\/blog\\\/plan4better-erreichbarkeit-macht-mobil\\\/#respond\"]}]},{\"@type\":\"WebPage\",\"@id\":\"https:\\\/\\\/www.deutsche-glasfaser.de\\\/blog\\\/plan4better-erreichbarkeit-macht-mobil\\\/\",\"url\":\"https:\\\/\\\/www.deutsche-glasfaser.de\\\/blog\\\/plan4better-erreichbarkeit-macht-mobil\\\/\",\"name\":\"Wie nachhaltige Stadtplanung digital funktioniert - Digitales B\u00fcrgernetz\",\"isPartOf\":{\"@id\":\"https:\\\/\\\/www.deutsche-glasfaser.de\\\/blog\\\/#website\"},\"primaryImageOfPage\":{\"@id\":\"https:\\\/\\\/www.deutsche-glasfaser.de\\\/blog\\\/plan4better-erreichbarkeit-macht-mobil\\\/#primaryimage\"},\"image\":{\"@id\":\"https:\\\/\\\/www.deutsche-glasfaser.de\\\/blog\\\/plan4better-erreichbarkeit-macht-mobil\\\/#primaryimage\"},\"thumbnailUrl\":\"https:\\\/\\\/www.deutsche-glasfaser.de\\\/blog\\\/wp-content\\\/uploads\\\/2021\\\/11\\\/T_Plan4better.jpeg\",\"datePublished\":\"2021-11-15T08:05:07+00:00\",\"dateModified\":\"2021-11-18T11:00:13+00:00\",\"description\":\"Erreichbarkeit: Wie sich Standorte von Gesch\u00e4ften und Einrichtungen auf dem Land nachhaltig planen lassen\",\"inLanguage\":\"de\",\"potentialAction\":[{\"@type\":\"ReadAction\",\"target\":[\"https:\\\/\\\/www.deutsche-glasfaser.de\\\/blog\\\/plan4better-erreichbarkeit-macht-mobil\\\/\"]}]},{\"@type\":\"ImageObject\",\"inLanguage\":\"de\",\"@id\":\"https:\\\/\\\/www.deutsche-glasfaser.de\\\/blog\\\/plan4better-erreichbarkeit-macht-mobil\\\/#primaryimage\",\"url\":\"https:\\\/\\\/www.deutsche-glasfaser.de\\\/blog\\\/wp-content\\\/uploads\\\/2021\\\/11\\\/T_Plan4better.jpeg\",\"contentUrl\":\"https:\\\/\\\/www.deutsche-glasfaser.de\\\/blog\\\/wp-content\\\/uploads\\\/2021\\\/11\\\/T_Plan4better.jpeg\",\"width\":1500,\"height\":705,\"caption\":\"Das Gr\u00fcndungsteam von Plan4Better: Ulrike Jehle, Gesch\u00e4ftsf\u00fchrerin, Elias Pajares, Gesch\u00e4ftsf\u00fchrer, und der Technische Direktor Majk Shkurti (von links) \u00a9 Plan4Better\"},{\"@type\":\"WebSite\",\"@id\":\"https:\\\/\\\/www.deutsche-glasfaser.de\\\/blog\\\/#website\",\"url\":\"https:\\\/\\\/www.deutsche-glasfaser.de\\\/blog\\\/\",\"name\":\"Digitales B\u00fcrgernetz\",\"description\":\"Deutsche Glasfaser Blog\",\"publisher\":{\"@id\":\"https:\\\/\\\/www.deutsche-glasfaser.de\\\/blog\\\/#organization\"},\"potentialAction\":[{\"@type\":\"SearchAction\",\"target\":{\"@type\":\"EntryPoint\",\"urlTemplate\":\"https:\\\/\\\/www.deutsche-glasfaser.de\\\/blog\\\/?s={search_term_string}\"},\"query-input\":{\"@type\":\"PropertyValueSpecification\",\"valueRequired\":true,\"valueName\":\"search_term_string\"}}],\"inLanguage\":\"de\"},{\"@type\":\"Organization\",\"@id\":\"https:\\\/\\\/www.deutsche-glasfaser.de\\\/blog\\\/#organization\",\"name\":\"Digitales B\u00fcrgernetz\",\"url\":\"https:\\\/\\\/www.deutsche-glasfaser.de\\\/blog\\\/\",\"logo\":{\"@type\":\"ImageObject\",\"inLanguage\":\"de\",\"@id\":\"https:\\\/\\\/www.deutsche-glasfaser.de\\\/blog\\\/#\\\/schema\\\/logo\\\/image\\\/\",\"url\":\"https:\\\/\\\/www.deutsche-glasfaser.de\\\/blog\\\/wp-content\\\/uploads\\\/2021\\\/08\\\/DGF_Logo_Basis_RGB-Large@2x.png\",\"contentUrl\":\"https:\\\/\\\/www.deutsche-glasfaser.de\\\/blog\\\/wp-content\\\/uploads\\\/2021\\\/08\\\/DGF_Logo_Basis_RGB-Large@2x.png\",\"width\":312,\"height\":104,\"caption\":\"Digitales B\u00fcrgernetz\"},\"image\":{\"@id\":\"https:\\\/\\\/www.deutsche-glasfaser.de\\\/blog\\\/#\\\/schema\\\/logo\\\/image\\\/\"}},{\"@type\":\"Person\",\"@id\":\"https:\\\/\\\/www.deutsche-glasfaser.de\\\/blog\\\/#\\\/schema\\\/person\\\/9380a6dc7443d77143d0c66c409f574b\",\"name\":\"Deutsche Glasfaser\"}]}<\/script>\n<!-- \/ Yoast SEO plugin. -->","yoast_head_json":{"title":"Wie nachhaltige Stadtplanung digital funktioniert - Digitales B\u00fcrgernetz","description":"Erreichbarkeit: Wie sich Standorte von Gesch\u00e4ften und Einrichtungen auf dem Land nachhaltig planen lassen","robots":{"index":"index","follow":"follow","max-snippet":"max-snippet:-1","max-image-preview":"max-image-preview:large","max-video-preview":"max-video-preview:-1"},"canonical":"https:\/\/www.deutsche-glasfaser.de\/blog\/plan4better-erreichbarkeit-macht-mobil\/","og_locale":"de_DE","og_type":"article","og_title":"Wie nachhaltige Stadtplanung digital funktioniert - Digitales B\u00fcrgernetz","og_description":"Erreichbarkeit: Wie sich Standorte von Gesch\u00e4ften und Einrichtungen auf dem Land nachhaltig planen lassen","og_url":"https:\/\/www.deutsche-glasfaser.de\/blog\/plan4better-erreichbarkeit-macht-mobil\/","og_site_name":"Digitales B\u00fcrgernetz","article_published_time":"2021-11-15T08:05:07+00:00","article_modified_time":"2021-11-18T11:00:13+00:00","og_image":[{"width":1500,"height":705,"url":"https:\/\/www.deutsche-glasfaser.de\/blog\/wp-content\/uploads\/2021\/11\/T_Plan4better.jpeg","type":"image\/jpeg"}],"author":"Deutsche Glasfaser","twitter_card":"summary_large_image","twitter_misc":{"Verfasst von":"Deutsche Glasfaser","Gesch\u00e4tzte Lesezeit":"4\u00a0Minuten"},"schema":{"@context":"https:\/\/schema.org","@graph":[{"@type":"Article","@id":"https:\/\/www.deutsche-glasfaser.de\/blog\/plan4better-erreichbarkeit-macht-mobil\/#article","isPartOf":{"@id":"https:\/\/www.deutsche-glasfaser.de\/blog\/plan4better-erreichbarkeit-macht-mobil\/"},"author":{"name":"Deutsche Glasfaser","@id":"https:\/\/www.deutsche-glasfaser.de\/blog\/#\/schema\/person\/9380a6dc7443d77143d0c66c409f574b"},"headline":"Plan4Better: Erreichbarkeit macht mobil","datePublished":"2021-11-15T08:05:07+00:00","dateModified":"2021-11-18T11:00:13+00:00","mainEntityOfPage":{"@id":"https:\/\/www.deutsche-glasfaser.de\/blog\/plan4better-erreichbarkeit-macht-mobil\/"},"wordCount":702,"commentCount":0,"publisher":{"@id":"https:\/\/www.deutsche-glasfaser.de\/blog\/#organization"},"image":{"@id":"https:\/\/www.deutsche-glasfaser.de\/blog\/plan4better-erreichbarkeit-macht-mobil\/#primaryimage"},"thumbnailUrl":"https:\/\/www.deutsche-glasfaser.de\/blog\/wp-content\/uploads\/2021\/11\/T_Plan4better.jpeg","articleSection":["#Mobilit\u00e4t"],"inLanguage":"de","potentialAction":[{"@type":"CommentAction","name":"Comment","target":["https:\/\/www.deutsche-glasfaser.de\/blog\/plan4better-erreichbarkeit-macht-mobil\/#respond"]}]},{"@type":"WebPage","@id":"https:\/\/www.deutsche-glasfaser.de\/blog\/plan4better-erreichbarkeit-macht-mobil\/","url":"https:\/\/www.deutsche-glasfaser.de\/blog\/plan4better-erreichbarkeit-macht-mobil\/","name":"Wie nachhaltige Stadtplanung digital funktioniert - Digitales B\u00fcrgernetz","isPartOf":{"@id":"https:\/\/www.deutsche-glasfaser.de\/blog\/#website"},"primaryImageOfPage":{"@id":"https:\/\/www.deutsche-glasfaser.de\/blog\/plan4better-erreichbarkeit-macht-mobil\/#primaryimage"},"image":{"@id":"https:\/\/www.deutsche-glasfaser.de\/blog\/plan4better-erreichbarkeit-macht-mobil\/#primaryimage"},"thumbnailUrl":"https:\/\/www.deutsche-glasfaser.de\/blog\/wp-content\/uploads\/2021\/11\/T_Plan4better.jpeg","datePublished":"2021-11-15T08:05:07+00:00","dateModified":"2021-11-18T11:00:13+00:00","description":"Erreichbarkeit: Wie sich Standorte von Gesch\u00e4ften und Einrichtungen auf dem Land nachhaltig planen lassen","inLanguage":"de","potentialAction":[{"@type":"ReadAction","target":["https:\/\/www.deutsche-glasfaser.de\/blog\/plan4better-erreichbarkeit-macht-mobil\/"]}]},{"@type":"ImageObject","inLanguage":"de","@id":"https:\/\/www.deutsche-glasfaser.de\/blog\/plan4better-erreichbarkeit-macht-mobil\/#primaryimage","url":"https:\/\/www.deutsche-glasfaser.de\/blog\/wp-content\/uploads\/2021\/11\/T_Plan4better.jpeg","contentUrl":"https:\/\/www.deutsche-glasfaser.de\/blog\/wp-content\/uploads\/2021\/11\/T_Plan4better.jpeg","width":1500,"height":705,"caption":"Das Gr\u00fcndungsteam von Plan4Better: Ulrike Jehle, Gesch\u00e4ftsf\u00fchrerin, Elias Pajares, Gesch\u00e4ftsf\u00fchrer, und der Technische Direktor Majk Shkurti (von links) \u00a9 Plan4Better"},{"@type":"WebSite","@id":"https:\/\/www.deutsche-glasfaser.de\/blog\/#website","url":"https:\/\/www.deutsche-glasfaser.de\/blog\/","name":"Digitales B\u00fcrgernetz","description":"Deutsche Glasfaser Blog","publisher":{"@id":"https:\/\/www.deutsche-glasfaser.de\/blog\/#organization"},"potentialAction":[{"@type":"SearchAction","target":{"@type":"EntryPoint","urlTemplate":"https:\/\/www.deutsche-glasfaser.de\/blog\/?s={search_term_string}"},"query-input":{"@type":"PropertyValueSpecification","valueRequired":true,"valueName":"search_term_string"}}],"inLanguage":"de"},{"@type":"Organization","@id":"https:\/\/www.deutsche-glasfaser.de\/blog\/#organization","name":"Digitales B\u00fcrgernetz","url":"https:\/\/www.deutsche-glasfaser.de\/blog\/","logo":{"@type":"ImageObject","inLanguage":"de","@id":"https:\/\/www.deutsche-glasfaser.de\/blog\/#\/schema\/logo\/image\/","url":"https:\/\/www.deutsche-glasfaser.de\/blog\/wp-content\/uploads\/2021\/08\/DGF_Logo_Basis_RGB-Large@2x.png","contentUrl":"https:\/\/www.deutsche-glasfaser.de\/blog\/wp-content\/uploads\/2021\/08\/DGF_Logo_Basis_RGB-Large@2x.png","width":312,"height":104,"caption":"Digitales B\u00fcrgernetz"},"image":{"@id":"https:\/\/www.deutsche-glasfaser.de\/blog\/#\/schema\/logo\/image\/"}},{"@type":"Person","@id":"https:\/\/www.deutsche-glasfaser.de\/blog\/#\/schema\/person\/9380a6dc7443d77143d0c66c409f574b","name":"Deutsche Glasfaser"}]}},"_links":{"self":[{"href":"https:\/\/www.deutsche-glasfaser.de\/blog\/wp-json\/wp\/v2\/posts\/9130","targetHints":{"allow":["GET"]}}],"collection":[{"href":"https:\/\/www.deutsche-glasfaser.de\/blog\/wp-json\/wp\/v2\/posts"}],"about":[{"href":"https:\/\/www.deutsche-glasfaser.de\/blog\/wp-json\/wp\/v2\/types\/post"}],"author":[{"embeddable":true,"href":"https:\/\/www.deutsche-glasfaser.de\/blog\/wp-json\/wp\/v2\/users\/5"}],"replies":[{"embeddable":true,"href":"https:\/\/www.deutsche-glasfaser.de\/blog\/wp-json\/wp\/v2\/comments?post=9130"}],"version-history":[{"count":9,"href":"https:\/\/www.deutsche-glasfaser.de\/blog\/wp-json\/wp\/v2\/posts\/9130\/revisions"}],"predecessor-version":[{"id":9159,"href":"https:\/\/www.deutsche-glasfaser.de\/blog\/wp-json\/wp\/v2\/posts\/9130\/revisions\/9159"}],"wp:featuredmedia":[{"embeddable":true,"href":"https:\/\/www.deutsche-glasfaser.de\/blog\/wp-json\/wp\/v2\/media\/9131"}],"wp:attachment":[{"href":"https:\/\/www.deutsche-glasfaser.de\/blog\/wp-json\/wp\/v2\/media?parent=9130"}],"wp:term":[{"taxonomy":"category","embeddable":true,"href":"https:\/\/www.deutsche-glasfaser.de\/blog\/wp-json\/wp\/v2\/categories?post=9130"},{"taxonomy":"post_tag","embeddable":true,"href":"https:\/\/www.deutsche-glasfaser.de\/blog\/wp-json\/wp\/v2\/tags?post=9130"}],"curies":[{"name":"wp","href":"https:\/\/api.w.org\/{rel}","templated":true}]}}