{"id":9122,"date":"2021-11-12T07:00:00","date_gmt":"2021-11-12T07:00:00","guid":{"rendered":"https:\/\/www.deutsche-glasfaser.de\/blog\/?p=9122"},"modified":"2021-11-11T15:47:19","modified_gmt":"2021-11-11T15:47:19","slug":"project-bay-auf-ruegen-innovatives-arbeiten-am-meer","status":"publish","type":"post","link":"https:\/\/www.deutsche-glasfaser.de\/blog\/project-bay-auf-ruegen-innovatives-arbeiten-am-meer\/","title":{"rendered":"Project Bay auf R\u00fcgen \u2013 Innovatives Arbeiten am Meer"},"content":{"rendered":"\t\t<div data-elementor-type=\"wp-post\" data-elementor-id=\"9122\" class=\"elementor elementor-9122\">\n\t\t\t\t\t\t<section class=\"elementor-section elementor-top-section elementor-element elementor-element-41a7b7d elementor-section-boxed elementor-section-height-default elementor-section-height-default\" data-id=\"41a7b7d\" data-element_type=\"section\" data-e-type=\"section\">\n\t\t\t\t\t\t<div class=\"elementor-container elementor-column-gap-default\">\n\t\t\t\t\t<div class=\"elementor-column elementor-col-100 elementor-top-column elementor-element elementor-element-acf2d71\" data-id=\"acf2d71\" data-element_type=\"column\" data-e-type=\"column\">\n\t\t\t<div class=\"elementor-widget-wrap elementor-element-populated\">\n\t\t\t\t\t\t<div class=\"elementor-element elementor-element-2f92878 elementor-widget elementor-widget-text-editor\" data-id=\"2f92878\" data-element_type=\"widget\" data-e-type=\"widget\" data-widget_type=\"text-editor.default\">\n\t\t\t\t<div class=\"elementor-widget-container\">\n\t\t\t\t\t\t\t\t\t<p>Hannes Trettin (links) ist von Haus aus Ingenieur. Neben Project Bay hat er auch Founders Bay gegr\u00fcndet, ein Programm, das Startups vor allem in der Anfangsphase unterst\u00fctzt. \u00a9 Project Bay\u00a0<\/p>\t\t\t\t\t\t\t\t<\/div>\n\t\t\t\t<\/div>\n\t\t\t\t\t<\/div>\n\t\t<\/div>\n\t\t\t\t\t<\/div>\n\t\t<\/section>\n\t\t\t\t<section class=\"elementor-section elementor-top-section elementor-element elementor-element-445d938 elementor-section-boxed elementor-section-height-default elementor-section-height-default\" data-id=\"445d938\" data-element_type=\"section\" data-e-type=\"section\">\n\t\t\t\t\t\t<div class=\"elementor-container elementor-column-gap-default\">\n\t\t\t\t\t<div class=\"elementor-column elementor-col-100 elementor-top-column elementor-element elementor-element-b716bfb\" data-id=\"b716bfb\" data-element_type=\"column\" data-e-type=\"column\">\n\t\t\t<div class=\"elementor-widget-wrap elementor-element-populated\">\n\t\t\t\t\t\t<div class=\"elementor-element elementor-element-5175f14 elementor-widget elementor-widget-text-editor\" data-id=\"5175f14\" data-element_type=\"widget\" data-e-type=\"widget\" data-widget_type=\"text-editor.default\">\n\t\t\t\t<div class=\"elementor-widget-container\">\n\t\t\t\t\t\t\t\t\t<p><strong>Hannes, erz\u00e4hl mal: Wie kam es zur Gr\u00fcndung von Project Bay?<\/strong><\/p><p>Mein Kollege Toni und ich haben 2019 in Berlin eine IT-Firma gegr\u00fcndet und dar\u00fcber nachgedacht, ein B\u00fcro auf R\u00fcgen zu er\u00f6ffnen. Wir waren es gewohnt, remote zu arbeiten und haben hier viele Chancen gesehen. So ist auf R\u00fcgen der erste Coworking-Space Deutschlands am Meer mit dem Fokus Workation entstanden.<\/p><p>\u00a0<\/p><p><strong>Was bedeutet Workation?<\/strong><\/p><p>Es ist die Kombination aus Arbeiten und Urlaub. Wir haben den Strand vor der T\u00fcr und bieten viele Wassersport-M\u00f6glichkeiten an, man kann hier im Garten arbeiten und auch der Wald ist direkt um die Ecke.<\/p><p><strong>\u00a0<\/strong><\/p><p><strong>Warum dieser Standort? <\/strong><\/p><p>Als ich hier aufgewachsen bin, war Tourismus zwar wichtig, aber noch kein so gro\u00dfes Thema. Deshalb stand die Region jedoch wirtschaftlich schlecht da. Mittlerweile ist R\u00fcgen ein Ort f\u00fcr Massentourismus geworden. Das wollen wir \u00e4ndern. Wir sind der Meinung, dass es mehr in einer Region geben muss als Tourismus und Gastronomie. Wir wollen Menschen hier die Chance bieten, die Natur zu genie\u00dfen \u2013 aber eben in Verbindung mit innovativen Jobs.<\/p><p>\u00a0<\/p><p><strong>Abgesehen von der sch\u00f6nen Natur: Welche Vorteile bietet R\u00fcgen noch?<\/strong><\/p><p>Die Insel hat einen gro\u00dfen Hafen mit F\u00e4hrverbindungen nach D\u00e4nemark, Schweden und durch die neue Seidenstra\u00dfe jetzt sogar bis nach China. Das hat gro\u00dfes Potenzial. Mit der Bahn sind wir gut an Berlin und Hamburg angebunden. Um in andere St\u00e4dte zu kommen, muss man nur einmal umsteigen.<\/p><p><strong>\u00a0<\/strong><\/p><p><strong>Als ihr auf R\u00fcgen angefangen habt: Wie waren die Voraussetzungen? <\/strong><\/p><p>Wir hatten das Gl\u00fcck, dass wir ein Geb\u00e4ude gefunden haben, in dem bereits ein Call Center sa\u00df. Seit 2007 liegt hier eine Glasfaserleitung, mittlerweile wurde eine zweite verlegt. Wir haben mit dem Ministerium f\u00fcr Energie, Infrastruktur und Digitalisierung und anderen Politikern vor Ort dar\u00fcber gesprochen, dass wir ein Leuchtturmprojekt schaffen wollen. Seien wir ehrlich: Der l\u00e4ndliche Raum wird nicht so schnell erschlossen, wie man sich das w\u00fcnscht. So haben wir f\u00fcr Project Bay viel Unterst\u00fctzung und F\u00f6rderung bekommen.<\/p>\t\t\t\t\t\t\t\t<\/div>\n\t\t\t\t<\/div>\n\t\t\t\t<div class=\"elementor-element elementor-element-57d7b1c elementor-widget elementor-widget-spacer\" data-id=\"57d7b1c\" data-element_type=\"widget\" data-e-type=\"widget\" data-widget_type=\"spacer.default\">\n\t\t\t\t<div class=\"elementor-widget-container\">\n\t\t\t\t\t\t\t<div class=\"elementor-spacer\">\n\t\t\t<div class=\"elementor-spacer-inner\"><\/div>\n\t\t<\/div>\n\t\t\t\t\t\t<\/div>\n\t\t\t\t<\/div>\n\t\t\t\t<div class=\"elementor-element elementor-element-1b05797 elementor-widget elementor-widget-image\" data-id=\"1b05797\" data-element_type=\"widget\" data-e-type=\"widget\" data-widget_type=\"image.default\">\n\t\t\t\t<div class=\"elementor-widget-container\">\n\t\t\t\t\t\t\t\t\t\t\t\t<figure class=\"wp-caption\">\n\t\t\t\t\t\t\t\t\t\t<img fetchpriority=\"high\" decoding=\"async\" width=\"788\" height=\"525\" src=\"https:\/\/www.deutsche-glasfaser.de\/blog\/wp-content\/uploads\/2021\/11\/projectbay2.jpeg\" class=\"attachment-large size-large wp-image-9124\" alt=\"Ansicht des Strandes von Lietzow auf R\u00fcgen mit Blick auf den Coworking-Space Project Bay.)\" srcset=\"https:\/\/www.deutsche-glasfaser.de\/blog\/wp-content\/uploads\/2021\/11\/projectbay2.jpeg 788w, https:\/\/www.deutsche-glasfaser.de\/blog\/wp-content\/uploads\/2021\/11\/projectbay2-300x200.jpeg 300w, https:\/\/www.deutsche-glasfaser.de\/blog\/wp-content\/uploads\/2021\/11\/projectbay2-768x512.jpeg 768w\" sizes=\"(max-width: 788px) 100vw, 788px\" \/>\t\t\t\t\t\t\t\t\t\t\t<figcaption class=\"widget-image-caption wp-caption-text\">Mitten in der Natur: der Coworking-Space liegt direkt am Strand. \u00a9 Project Bay <\/figcaption>\n\t\t\t\t\t\t\t\t\t\t<\/figure>\n\t\t\t\t\t\t\t\t\t<\/div>\n\t\t\t\t<\/div>\n\t\t\t\t<div class=\"elementor-element elementor-element-959586b elementor-widget elementor-widget-spacer\" data-id=\"959586b\" data-element_type=\"widget\" data-e-type=\"widget\" data-widget_type=\"spacer.default\">\n\t\t\t\t<div class=\"elementor-widget-container\">\n\t\t\t\t\t\t\t<div class=\"elementor-spacer\">\n\t\t\t<div class=\"elementor-spacer-inner\"><\/div>\n\t\t<\/div>\n\t\t\t\t\t\t<\/div>\n\t\t\t\t<\/div>\n\t\t\t\t<div class=\"elementor-element elementor-element-7e98a2c elementor-widget elementor-widget-text-editor\" data-id=\"7e98a2c\" data-element_type=\"widget\" data-e-type=\"widget\" data-widget_type=\"text-editor.default\">\n\t\t\t\t<div class=\"elementor-widget-container\">\n\t\t\t\t\t\t\t\t\t<p><strong>Was dann?<\/strong><\/p><p>Wir haben mit Begriffen wir \u201eWorkation\u201c und \u201eCoworking\u201c um uns geworfen und mussten viel Zeit damit verbringen, die Leute vor Ort abzuholen. Als Einheimische stie\u00dfen wir zum Gl\u00fcck auf offene Ohren. So haben wir es geschafft, das Projekt gemeinschaftlich anzugehen: mit der Gemeinde, der Insel, dem Landkreis und dem ganzen Bundesland. Seit einem Jahr haben wir zum Beispiel eine Digitalisierungsbeauftragte, die von uns und dem Land gemeinsam finanziert wird. Denn die Landesregierung sieht, dass wir in Schulen gehen, uns mit Handwerksbetrieben zusammensetzen und versuchen, alle in der Region einzubinden.<\/p>\t\t\t\t\t\t\t\t<\/div>\n\t\t\t\t<\/div>\n\t\t\t\t<div class=\"elementor-element elementor-element-53f5a13 elementor-widget elementor-widget-blockquote\" data-id=\"53f5a13\" data-element_type=\"widget\" data-e-type=\"widget\" data-widget_type=\"blockquote.default\">\n\t\t\t\t<div class=\"elementor-widget-container\">\n\t\t\t\t\t \t\t\t\t<\/div>\n\t\t\t\t<\/div>\n\t\t\t\t<div class=\"elementor-element elementor-element-3933be2 elementor-widget elementor-widget-spacer\" data-id=\"3933be2\" data-element_type=\"widget\" data-e-type=\"widget\" data-widget_type=\"spacer.default\">\n\t\t\t\t<div class=\"elementor-widget-container\">\n\t\t\t\t\t\t\t<div class=\"elementor-spacer\">\n\t\t\t<div class=\"elementor-spacer-inner\"><\/div>\n\t\t<\/div>\n\t\t\t\t\t\t<\/div>\n\t\t\t\t<\/div>\n\t\t\t\t<div class=\"elementor-element elementor-element-3768d2b elementor-widget elementor-widget-text-editor\" data-id=\"3768d2b\" data-element_type=\"widget\" data-e-type=\"widget\" data-widget_type=\"text-editor.default\">\n\t\t\t\t<div class=\"elementor-widget-container\">\n\t\t\t\t\t\t\t\t\t<p><strong>Wer ist dieses \u201ewir\u201c \u2013 wer arbeitet bei euch?<\/strong><\/p><p>Wir sind ein Netzwerk aus regionalen und \u00fcberregionalen Kr\u00e4ften. Beide profitieren: Die lokalen Mitstreiter lernen \u00fcber uns neue Kunden kennen. Die Unternehmen aus der Gro\u00dfstadt finden es spannend, hier zu arbeiten, weil bei uns hier oben Programmierstunden g\u00fcnstiger sind als in Berlin oder Hamburg. Gleichzeitig sitzen die IHK und die Handwerkskammer bei uns \u2013 das ist wieder wichtig f\u00fcr den Kontakt zu den lokalen Akteuren. Mit dabei sind auch zwei, drei Startups von hier. Die brauchen eine Spielwiese. Eigentlich ist Project Bay also eine Spielwiese f\u00fcr Erwachsene.<\/p><p>\u00a0<\/p><p><strong>Macht es einen Unterschied, dass ihr in Ostdeutschland seid?<\/strong><\/p><p>F\u00fcr den Anfang war es vor allem wichtig, in einer Region verortet zu sein, die jeder kennt. Wenn du jemandem in S\u00fcddeutschland von R\u00fcgen erz\u00e4hlst, ist der Workation-Ansatz leichter zu vermitteln.<\/p><p>\u00a0<\/p><p><strong>Was plant ihr f\u00fcr die Zukunft?<\/strong><\/p><p>Hier sollen eine Programmierschule und ein MakerSpace entstehen. Wir bauen von 3D-Druckern bis hin zu CNC-Fr\u00e4sen und Lasercuttern alles an innovativen Handwerks- und Maschinenparts auf, damit das lokale Handwerk und die lokale Landwirtschaft sich digitalisieren und neue Technologien entwickeln k\u00f6nnen. Bei Stichworten wie \u201eremote arbeiten\u201c oder \u201edigitales Arbeiten\u201c denken alle, dass ein Laptop reicht. Das stimmt aber bei Handwerkern und Ingenieurinnen nicht.<\/p><p>\u00a0<\/p><p><strong>Was ist die sch\u00f6nste Erfahrung, die du mit Project Bay gemacht hast?<\/strong><\/p><p>Alle Coworking-Spaces wollen eine Community schaffen. Bei uns gelingt das leichter als in der Stadt, denn hier sind die Menschen durch die \u00dcbernachtung von morgens bis abends zusammen und unternehmen auch mal was. So sind schon ein paar Gr\u00fcndungsideen entstanden, auch ich bringe mich ein. Gemeinsam arbeiten wir an Ideen, wie wir die Region und die Insel wieder gr\u00fcner und nachhaltiger gestalten k\u00f6nnen.<\/p>\t\t\t\t\t\t\t\t<\/div>\n\t\t\t\t<\/div>\n\t\t\t\t<div class=\"elementor-element elementor-element-56c14eb elementor-widget elementor-widget-spacer\" data-id=\"56c14eb\" data-element_type=\"widget\" data-e-type=\"widget\" data-widget_type=\"spacer.default\">\n\t\t\t\t<div class=\"elementor-widget-container\">\n\t\t\t\t\t\t\t<div class=\"elementor-spacer\">\n\t\t\t<div class=\"elementor-spacer-inner\"><\/div>\n\t\t<\/div>\n\t\t\t\t\t\t<\/div>\n\t\t\t\t<\/div>\n\t\t\t\t<div class=\"elementor-element elementor-element-6c61ea1 elementor-widget elementor-widget-heading\" data-id=\"6c61ea1\" data-element_type=\"widget\" data-e-type=\"widget\" data-widget_type=\"heading.default\">\n\t\t\t\t<div class=\"elementor-widget-container\">\n\t\t\t\t\t<h2 class=\"elementor-heading-title elementor-size-xl\">\u00dcber Project Bay <\/h2>\t\t\t\t<\/div>\n\t\t\t\t<\/div>\n\t\t\t\t<div class=\"elementor-element elementor-element-bef21f0 elementor-widget elementor-widget-spacer\" data-id=\"bef21f0\" data-element_type=\"widget\" data-e-type=\"widget\" data-widget_type=\"spacer.default\">\n\t\t\t\t<div class=\"elementor-widget-container\">\n\t\t\t\t\t\t\t<div class=\"elementor-spacer\">\n\t\t\t<div class=\"elementor-spacer-inner\"><\/div>\n\t\t<\/div>\n\t\t\t\t\t\t<\/div>\n\t\t\t\t<\/div>\n\t\t\t\t<div class=\"elementor-element elementor-element-398a4d6 elementor-widget elementor-widget-text-editor\" data-id=\"398a4d6\" data-element_type=\"widget\" data-e-type=\"widget\" data-widget_type=\"text-editor.default\">\n\t\t\t\t<div class=\"elementor-widget-container\">\n\t\t\t\t\t\t\t\t\t<p>Project Bay bietet 50 Arbeitspl\u00e4tze und 36 Schlafpl\u00e4tze in Einzel-, Doppel-, Familien- und Hostelzimmern, dazu Platz f\u00fcr Camper. Der Ort versteht sich allerdings nicht als touristisch.<\/p><p>Weitere Informationen und die M\u00f6glichkeit, einen Arbeits- und Schlafplatz zu buchen, gibt es <a href=\"https:\/\/project-bay-coworking.de\/\" target=\"_blank\" rel=\"noopener\">auf der Website von Project Bay<\/a>.<\/p>\t\t\t\t\t\t\t\t<\/div>\n\t\t\t\t<\/div>\n\t\t\t\t\t<\/div>\n\t\t<\/div>\n\t\t\t\t\t<\/div>\n\t\t<\/section>\n\t\t\t\t<\/div>\n\t\t","protected":false},"excerpt":{"rendered":"<p>Hannes Trettin ist auf R\u00fcgen aufgewachsen. Wegen schlechter Zukunftsaussichten verlie\u00df er die Insel fr\u00fch \u2013 und kam 2019 zur\u00fcck, um einen ganz besonderen Coworking Space zu er\u00f6ffnen. Im Interview erz\u00e4hlt er von neuen Chancen f\u00fcr eine alternde Region. <\/p>\n","protected":false},"author":5,"featured_media":9123,"comment_status":"open","ping_status":"open","sticky":false,"template":"","format":"standard","meta":{"footnotes":""},"categories":[69],"tags":[],"class_list":["post-9122","post","type-post","status-publish","format-standard","has-post-thumbnail","hentry","category-arbeit"],"yoast_head":"<!-- This site is optimized with the Yoast SEO plugin v27.5 - https:\/\/yoast.com\/product\/yoast-seo-wordpress\/ -->\n<title>Coworking am Meer Project Bay auf R\u00fcgen - Digitales B\u00fcrgernetz<\/title>\n<meta name=\"description\" content=\"Project Bay auf R\u00fcgen bringt gute Arbeitsbedingungen mit Urlaubsflair zusammen. Im Interview erz\u00e4hlt Gr\u00fcnder Hannes Trettin von seinen Erfahrungen.\" \/>\n<meta name=\"robots\" content=\"index, follow, max-snippet:-1, max-image-preview:large, max-video-preview:-1\" \/>\n<link rel=\"canonical\" href=\"https:\/\/www.deutsche-glasfaser.de\/blog\/project-bay-auf-ruegen-innovatives-arbeiten-am-meer\/\" \/>\n<meta property=\"og:locale\" content=\"de_DE\" \/>\n<meta property=\"og:type\" content=\"article\" \/>\n<meta property=\"og:title\" content=\"Coworking am Meer Project Bay auf R\u00fcgen - Digitales B\u00fcrgernetz\" \/>\n<meta property=\"og:description\" content=\"Project Bay auf R\u00fcgen bringt gute Arbeitsbedingungen mit Urlaubsflair zusammen. Im Interview erz\u00e4hlt Gr\u00fcnder Hannes Trettin von seinen Erfahrungen.\" \/>\n<meta property=\"og:url\" content=\"https:\/\/www.deutsche-glasfaser.de\/blog\/project-bay-auf-ruegen-innovatives-arbeiten-am-meer\/\" \/>\n<meta property=\"og:site_name\" content=\"Digitales B\u00fcrgernetz\" \/>\n<meta property=\"article:published_time\" content=\"2021-11-12T07:00:00+00:00\" \/>\n<meta property=\"og:image\" content=\"https:\/\/www.deutsche-glasfaser.de\/blog\/wp-content\/uploads\/2021\/11\/T_Projectbay.jpeg\" \/>\n\t<meta property=\"og:image:width\" content=\"1500\" \/>\n\t<meta property=\"og:image:height\" content=\"705\" \/>\n\t<meta property=\"og:image:type\" content=\"image\/jpeg\" \/>\n<meta name=\"author\" content=\"Deutsche Glasfaser\" \/>\n<meta name=\"twitter:card\" content=\"summary_large_image\" \/>\n<meta name=\"twitter:label1\" content=\"Verfasst von\" \/>\n\t<meta name=\"twitter:data1\" content=\"Deutsche Glasfaser\" \/>\n\t<meta name=\"twitter:label2\" content=\"Gesch\u00e4tzte Lesezeit\" \/>\n\t<meta name=\"twitter:data2\" content=\"4\u00a0Minuten\" \/>\n<script type=\"application\/ld+json\" class=\"yoast-schema-graph\">{\"@context\":\"https:\\\/\\\/schema.org\",\"@graph\":[{\"@type\":\"Article\",\"@id\":\"https:\\\/\\\/www.deutsche-glasfaser.de\\\/blog\\\/project-bay-auf-ruegen-innovatives-arbeiten-am-meer\\\/#article\",\"isPartOf\":{\"@id\":\"https:\\\/\\\/www.deutsche-glasfaser.de\\\/blog\\\/project-bay-auf-ruegen-innovatives-arbeiten-am-meer\\\/\"},\"author\":{\"name\":\"Deutsche Glasfaser\",\"@id\":\"https:\\\/\\\/www.deutsche-glasfaser.de\\\/blog\\\/#\\\/schema\\\/person\\\/9380a6dc7443d77143d0c66c409f574b\"},\"headline\":\"Project Bay auf R\u00fcgen \u2013 Innovatives Arbeiten am Meer\",\"datePublished\":\"2021-11-12T07:00:00+00:00\",\"mainEntityOfPage\":{\"@id\":\"https:\\\/\\\/www.deutsche-glasfaser.de\\\/blog\\\/project-bay-auf-ruegen-innovatives-arbeiten-am-meer\\\/\"},\"wordCount\":859,\"commentCount\":0,\"publisher\":{\"@id\":\"https:\\\/\\\/www.deutsche-glasfaser.de\\\/blog\\\/#organization\"},\"image\":{\"@id\":\"https:\\\/\\\/www.deutsche-glasfaser.de\\\/blog\\\/project-bay-auf-ruegen-innovatives-arbeiten-am-meer\\\/#primaryimage\"},\"thumbnailUrl\":\"https:\\\/\\\/www.deutsche-glasfaser.de\\\/blog\\\/wp-content\\\/uploads\\\/2021\\\/11\\\/T_Projectbay.jpeg\",\"articleSection\":[\"#Arbeit\"],\"inLanguage\":\"de\",\"potentialAction\":[{\"@type\":\"CommentAction\",\"name\":\"Comment\",\"target\":[\"https:\\\/\\\/www.deutsche-glasfaser.de\\\/blog\\\/project-bay-auf-ruegen-innovatives-arbeiten-am-meer\\\/#respond\"]}]},{\"@type\":\"WebPage\",\"@id\":\"https:\\\/\\\/www.deutsche-glasfaser.de\\\/blog\\\/project-bay-auf-ruegen-innovatives-arbeiten-am-meer\\\/\",\"url\":\"https:\\\/\\\/www.deutsche-glasfaser.de\\\/blog\\\/project-bay-auf-ruegen-innovatives-arbeiten-am-meer\\\/\",\"name\":\"Coworking am Meer Project Bay auf R\u00fcgen - Digitales B\u00fcrgernetz\",\"isPartOf\":{\"@id\":\"https:\\\/\\\/www.deutsche-glasfaser.de\\\/blog\\\/#website\"},\"primaryImageOfPage\":{\"@id\":\"https:\\\/\\\/www.deutsche-glasfaser.de\\\/blog\\\/project-bay-auf-ruegen-innovatives-arbeiten-am-meer\\\/#primaryimage\"},\"image\":{\"@id\":\"https:\\\/\\\/www.deutsche-glasfaser.de\\\/blog\\\/project-bay-auf-ruegen-innovatives-arbeiten-am-meer\\\/#primaryimage\"},\"thumbnailUrl\":\"https:\\\/\\\/www.deutsche-glasfaser.de\\\/blog\\\/wp-content\\\/uploads\\\/2021\\\/11\\\/T_Projectbay.jpeg\",\"datePublished\":\"2021-11-12T07:00:00+00:00\",\"description\":\"Project Bay auf R\u00fcgen bringt gute Arbeitsbedingungen mit Urlaubsflair zusammen. Im Interview erz\u00e4hlt Gr\u00fcnder Hannes Trettin von seinen Erfahrungen.\",\"inLanguage\":\"de\",\"potentialAction\":[{\"@type\":\"ReadAction\",\"target\":[\"https:\\\/\\\/www.deutsche-glasfaser.de\\\/blog\\\/project-bay-auf-ruegen-innovatives-arbeiten-am-meer\\\/\"]}]},{\"@type\":\"ImageObject\",\"inLanguage\":\"de\",\"@id\":\"https:\\\/\\\/www.deutsche-glasfaser.de\\\/blog\\\/project-bay-auf-ruegen-innovatives-arbeiten-am-meer\\\/#primaryimage\",\"url\":\"https:\\\/\\\/www.deutsche-glasfaser.de\\\/blog\\\/wp-content\\\/uploads\\\/2021\\\/11\\\/T_Projectbay.jpeg\",\"contentUrl\":\"https:\\\/\\\/www.deutsche-glasfaser.de\\\/blog\\\/wp-content\\\/uploads\\\/2021\\\/11\\\/T_Projectbay.jpeg\",\"width\":1500,\"height\":705,\"caption\":\"Hannes Trettin (links) ist von Haus aus Ingenieur. Neben Project Bay hat er auch Founders Bay gegr\u00fcndet, ein Programm, das Startups vor allem in der Anfangsphase unterst\u00fctzt. \u00a9 Project Bay\"},{\"@type\":\"WebSite\",\"@id\":\"https:\\\/\\\/www.deutsche-glasfaser.de\\\/blog\\\/#website\",\"url\":\"https:\\\/\\\/www.deutsche-glasfaser.de\\\/blog\\\/\",\"name\":\"Digitales B\u00fcrgernetz\",\"description\":\"Deutsche Glasfaser Blog\",\"publisher\":{\"@id\":\"https:\\\/\\\/www.deutsche-glasfaser.de\\\/blog\\\/#organization\"},\"potentialAction\":[{\"@type\":\"SearchAction\",\"target\":{\"@type\":\"EntryPoint\",\"urlTemplate\":\"https:\\\/\\\/www.deutsche-glasfaser.de\\\/blog\\\/?s={search_term_string}\"},\"query-input\":{\"@type\":\"PropertyValueSpecification\",\"valueRequired\":true,\"valueName\":\"search_term_string\"}}],\"inLanguage\":\"de\"},{\"@type\":\"Organization\",\"@id\":\"https:\\\/\\\/www.deutsche-glasfaser.de\\\/blog\\\/#organization\",\"name\":\"Digitales B\u00fcrgernetz\",\"url\":\"https:\\\/\\\/www.deutsche-glasfaser.de\\\/blog\\\/\",\"logo\":{\"@type\":\"ImageObject\",\"inLanguage\":\"de\",\"@id\":\"https:\\\/\\\/www.deutsche-glasfaser.de\\\/blog\\\/#\\\/schema\\\/logo\\\/image\\\/\",\"url\":\"https:\\\/\\\/www.deutsche-glasfaser.de\\\/blog\\\/wp-content\\\/uploads\\\/2021\\\/08\\\/DGF_Logo_Basis_RGB-Large@2x.png\",\"contentUrl\":\"https:\\\/\\\/www.deutsche-glasfaser.de\\\/blog\\\/wp-content\\\/uploads\\\/2021\\\/08\\\/DGF_Logo_Basis_RGB-Large@2x.png\",\"width\":312,\"height\":104,\"caption\":\"Digitales B\u00fcrgernetz\"},\"image\":{\"@id\":\"https:\\\/\\\/www.deutsche-glasfaser.de\\\/blog\\\/#\\\/schema\\\/logo\\\/image\\\/\"}},{\"@type\":\"Person\",\"@id\":\"https:\\\/\\\/www.deutsche-glasfaser.de\\\/blog\\\/#\\\/schema\\\/person\\\/9380a6dc7443d77143d0c66c409f574b\",\"name\":\"Deutsche Glasfaser\"}]}<\/script>\n<!-- \/ Yoast SEO plugin. -->","yoast_head_json":{"title":"Coworking am Meer Project Bay auf R\u00fcgen - Digitales B\u00fcrgernetz","description":"Project Bay auf R\u00fcgen bringt gute Arbeitsbedingungen mit Urlaubsflair zusammen. Im Interview erz\u00e4hlt Gr\u00fcnder Hannes Trettin von seinen Erfahrungen.","robots":{"index":"index","follow":"follow","max-snippet":"max-snippet:-1","max-image-preview":"max-image-preview:large","max-video-preview":"max-video-preview:-1"},"canonical":"https:\/\/www.deutsche-glasfaser.de\/blog\/project-bay-auf-ruegen-innovatives-arbeiten-am-meer\/","og_locale":"de_DE","og_type":"article","og_title":"Coworking am Meer Project Bay auf R\u00fcgen - Digitales B\u00fcrgernetz","og_description":"Project Bay auf R\u00fcgen bringt gute Arbeitsbedingungen mit Urlaubsflair zusammen. Im Interview erz\u00e4hlt Gr\u00fcnder Hannes Trettin von seinen Erfahrungen.","og_url":"https:\/\/www.deutsche-glasfaser.de\/blog\/project-bay-auf-ruegen-innovatives-arbeiten-am-meer\/","og_site_name":"Digitales B\u00fcrgernetz","article_published_time":"2021-11-12T07:00:00+00:00","og_image":[{"width":1500,"height":705,"url":"https:\/\/www.deutsche-glasfaser.de\/blog\/wp-content\/uploads\/2021\/11\/T_Projectbay.jpeg","type":"image\/jpeg"}],"author":"Deutsche Glasfaser","twitter_card":"summary_large_image","twitter_misc":{"Verfasst von":"Deutsche Glasfaser","Gesch\u00e4tzte Lesezeit":"4\u00a0Minuten"},"schema":{"@context":"https:\/\/schema.org","@graph":[{"@type":"Article","@id":"https:\/\/www.deutsche-glasfaser.de\/blog\/project-bay-auf-ruegen-innovatives-arbeiten-am-meer\/#article","isPartOf":{"@id":"https:\/\/www.deutsche-glasfaser.de\/blog\/project-bay-auf-ruegen-innovatives-arbeiten-am-meer\/"},"author":{"name":"Deutsche Glasfaser","@id":"https:\/\/www.deutsche-glasfaser.de\/blog\/#\/schema\/person\/9380a6dc7443d77143d0c66c409f574b"},"headline":"Project Bay auf R\u00fcgen \u2013 Innovatives Arbeiten am Meer","datePublished":"2021-11-12T07:00:00+00:00","mainEntityOfPage":{"@id":"https:\/\/www.deutsche-glasfaser.de\/blog\/project-bay-auf-ruegen-innovatives-arbeiten-am-meer\/"},"wordCount":859,"commentCount":0,"publisher":{"@id":"https:\/\/www.deutsche-glasfaser.de\/blog\/#organization"},"image":{"@id":"https:\/\/www.deutsche-glasfaser.de\/blog\/project-bay-auf-ruegen-innovatives-arbeiten-am-meer\/#primaryimage"},"thumbnailUrl":"https:\/\/www.deutsche-glasfaser.de\/blog\/wp-content\/uploads\/2021\/11\/T_Projectbay.jpeg","articleSection":["#Arbeit"],"inLanguage":"de","potentialAction":[{"@type":"CommentAction","name":"Comment","target":["https:\/\/www.deutsche-glasfaser.de\/blog\/project-bay-auf-ruegen-innovatives-arbeiten-am-meer\/#respond"]}]},{"@type":"WebPage","@id":"https:\/\/www.deutsche-glasfaser.de\/blog\/project-bay-auf-ruegen-innovatives-arbeiten-am-meer\/","url":"https:\/\/www.deutsche-glasfaser.de\/blog\/project-bay-auf-ruegen-innovatives-arbeiten-am-meer\/","name":"Coworking am Meer Project Bay auf R\u00fcgen - Digitales B\u00fcrgernetz","isPartOf":{"@id":"https:\/\/www.deutsche-glasfaser.de\/blog\/#website"},"primaryImageOfPage":{"@id":"https:\/\/www.deutsche-glasfaser.de\/blog\/project-bay-auf-ruegen-innovatives-arbeiten-am-meer\/#primaryimage"},"image":{"@id":"https:\/\/www.deutsche-glasfaser.de\/blog\/project-bay-auf-ruegen-innovatives-arbeiten-am-meer\/#primaryimage"},"thumbnailUrl":"https:\/\/www.deutsche-glasfaser.de\/blog\/wp-content\/uploads\/2021\/11\/T_Projectbay.jpeg","datePublished":"2021-11-12T07:00:00+00:00","description":"Project Bay auf R\u00fcgen bringt gute Arbeitsbedingungen mit Urlaubsflair zusammen. Im Interview erz\u00e4hlt Gr\u00fcnder Hannes Trettin von seinen Erfahrungen.","inLanguage":"de","potentialAction":[{"@type":"ReadAction","target":["https:\/\/www.deutsche-glasfaser.de\/blog\/project-bay-auf-ruegen-innovatives-arbeiten-am-meer\/"]}]},{"@type":"ImageObject","inLanguage":"de","@id":"https:\/\/www.deutsche-glasfaser.de\/blog\/project-bay-auf-ruegen-innovatives-arbeiten-am-meer\/#primaryimage","url":"https:\/\/www.deutsche-glasfaser.de\/blog\/wp-content\/uploads\/2021\/11\/T_Projectbay.jpeg","contentUrl":"https:\/\/www.deutsche-glasfaser.de\/blog\/wp-content\/uploads\/2021\/11\/T_Projectbay.jpeg","width":1500,"height":705,"caption":"Hannes Trettin (links) ist von Haus aus Ingenieur. Neben Project Bay hat er auch Founders Bay gegr\u00fcndet, ein Programm, das Startups vor allem in der Anfangsphase unterst\u00fctzt. \u00a9 Project Bay"},{"@type":"WebSite","@id":"https:\/\/www.deutsche-glasfaser.de\/blog\/#website","url":"https:\/\/www.deutsche-glasfaser.de\/blog\/","name":"Digitales B\u00fcrgernetz","description":"Deutsche Glasfaser Blog","publisher":{"@id":"https:\/\/www.deutsche-glasfaser.de\/blog\/#organization"},"potentialAction":[{"@type":"SearchAction","target":{"@type":"EntryPoint","urlTemplate":"https:\/\/www.deutsche-glasfaser.de\/blog\/?s={search_term_string}"},"query-input":{"@type":"PropertyValueSpecification","valueRequired":true,"valueName":"search_term_string"}}],"inLanguage":"de"},{"@type":"Organization","@id":"https:\/\/www.deutsche-glasfaser.de\/blog\/#organization","name":"Digitales B\u00fcrgernetz","url":"https:\/\/www.deutsche-glasfaser.de\/blog\/","logo":{"@type":"ImageObject","inLanguage":"de","@id":"https:\/\/www.deutsche-glasfaser.de\/blog\/#\/schema\/logo\/image\/","url":"https:\/\/www.deutsche-glasfaser.de\/blog\/wp-content\/uploads\/2021\/08\/DGF_Logo_Basis_RGB-Large@2x.png","contentUrl":"https:\/\/www.deutsche-glasfaser.de\/blog\/wp-content\/uploads\/2021\/08\/DGF_Logo_Basis_RGB-Large@2x.png","width":312,"height":104,"caption":"Digitales B\u00fcrgernetz"},"image":{"@id":"https:\/\/www.deutsche-glasfaser.de\/blog\/#\/schema\/logo\/image\/"}},{"@type":"Person","@id":"https:\/\/www.deutsche-glasfaser.de\/blog\/#\/schema\/person\/9380a6dc7443d77143d0c66c409f574b","name":"Deutsche Glasfaser"}]}},"_links":{"self":[{"href":"https:\/\/www.deutsche-glasfaser.de\/blog\/wp-json\/wp\/v2\/posts\/9122","targetHints":{"allow":["GET"]}}],"collection":[{"href":"https:\/\/www.deutsche-glasfaser.de\/blog\/wp-json\/wp\/v2\/posts"}],"about":[{"href":"https:\/\/www.deutsche-glasfaser.de\/blog\/wp-json\/wp\/v2\/types\/post"}],"author":[{"embeddable":true,"href":"https:\/\/www.deutsche-glasfaser.de\/blog\/wp-json\/wp\/v2\/users\/5"}],"replies":[{"embeddable":true,"href":"https:\/\/www.deutsche-glasfaser.de\/blog\/wp-json\/wp\/v2\/comments?post=9122"}],"version-history":[{"count":5,"href":"https:\/\/www.deutsche-glasfaser.de\/blog\/wp-json\/wp\/v2\/posts\/9122\/revisions"}],"predecessor-version":[{"id":9129,"href":"https:\/\/www.deutsche-glasfaser.de\/blog\/wp-json\/wp\/v2\/posts\/9122\/revisions\/9129"}],"wp:featuredmedia":[{"embeddable":true,"href":"https:\/\/www.deutsche-glasfaser.de\/blog\/wp-json\/wp\/v2\/media\/9123"}],"wp:attachment":[{"href":"https:\/\/www.deutsche-glasfaser.de\/blog\/wp-json\/wp\/v2\/media?parent=9122"}],"wp:term":[{"taxonomy":"category","embeddable":true,"href":"https:\/\/www.deutsche-glasfaser.de\/blog\/wp-json\/wp\/v2\/categories?post=9122"},{"taxonomy":"post_tag","embeddable":true,"href":"https:\/\/www.deutsche-glasfaser.de\/blog\/wp-json\/wp\/v2\/tags?post=9122"}],"curies":[{"name":"wp","href":"https:\/\/api.w.org\/{rel}","templated":true}]}}