{"id":9036,"date":"2021-10-27T07:44:00","date_gmt":"2021-10-27T07:44:00","guid":{"rendered":"https:\/\/www.deutsche-glasfaser.de\/blog\/?p=9036"},"modified":"2021-10-27T07:44:01","modified_gmt":"2021-10-27T07:44:01","slug":"regional-verkaufen-aber-online-internet-marktplaetze-und-digitale-hoflaeden","status":"publish","type":"post","link":"https:\/\/www.deutsche-glasfaser.de\/blog\/regional-verkaufen-aber-online-internet-marktplaetze-und-digitale-hoflaeden\/","title":{"rendered":"Regional verkaufen, aber online: Internet-Marktpl\u00e4tze und digitale Hofl\u00e4den"},"content":{"rendered":"\t\t<div data-elementor-type=\"wp-post\" data-elementor-id=\"9036\" class=\"elementor elementor-9036\">\n\t\t\t\t\t\t<section class=\"elementor-section elementor-top-section elementor-element elementor-element-6ce6884 elementor-section-boxed elementor-section-height-default elementor-section-height-default\" data-id=\"6ce6884\" data-element_type=\"section\" data-e-type=\"section\">\n\t\t\t\t\t\t<div class=\"elementor-container elementor-column-gap-default\">\n\t\t\t\t\t<div class=\"elementor-column elementor-col-100 elementor-top-column elementor-element elementor-element-da9d8e7\" data-id=\"da9d8e7\" data-element_type=\"column\" data-e-type=\"column\">\n\t\t\t<div class=\"elementor-widget-wrap elementor-element-populated\">\n\t\t\t\t\t\t<div class=\"elementor-element elementor-element-4b87f8d elementor-widget elementor-widget-spacer\" data-id=\"4b87f8d\" data-element_type=\"widget\" data-e-type=\"widget\" data-widget_type=\"spacer.default\">\n\t\t\t\t<div class=\"elementor-widget-container\">\n\t\t\t\t\t\t\t<div class=\"elementor-spacer\">\n\t\t\t<div class=\"elementor-spacer-inner\"><\/div>\n\t\t<\/div>\n\t\t\t\t\t\t<\/div>\n\t\t\t\t<\/div>\n\t\t\t\t<div class=\"elementor-element elementor-element-7c04919 elementor-widget elementor-widget-text-editor\" data-id=\"7c04919\" data-element_type=\"widget\" data-e-type=\"widget\" data-widget_type=\"text-editor.default\">\n\t\t\t\t<div class=\"elementor-widget-container\">\n\t\t\t\t\t\t\t\t\t<p>Regionale Produkte sind in, weil sie frisch und nachhaltig sind. Doch h\u00e4ufig fehlt den Erzeugerinnen und Erzeugern auf dem Land der Zugang zur Kundschaft von au\u00dferhalb. Internet-Marktpl\u00e4tze und digitale Hofl\u00e4den bieten hier L\u00f6sungen.<\/p><p>Immer mehr Verbraucherinnen und Verbraucher legen Wert darauf, dass ihre Lebensmittel keine langen Transportwege zur\u00fccklegen, sondern dort angebaut und verarbeitet werden, wo sie leben. Durch die Corona-Pandemie hat sich der Trend hin zu regionalen Produkten noch verst\u00e4rkt, so wie der Trend zum Einkaufen im Internet. Knapp 38 Millionen Menschen ab 14 Jahre gaben in einer Umfrage von Statista an, dass sie beim Einkauf regionale Produkte aus der Heimat bevorzugen. Das ist auch eine Chance f\u00fcr Betriebe auf dem Land, die auf digitalen Wegen neue Verbraucherinnen und Verbraucher erreichen k\u00f6nnen. Wir stellen einige Internet-Marktpl\u00e4tze und digitale Hofl\u00e4den vor.<\/p>\t\t\t\t\t\t\t\t<\/div>\n\t\t\t\t<\/div>\n\t\t\t\t<div class=\"elementor-element elementor-element-1caedd7 elementor-widget elementor-widget-spacer\" data-id=\"1caedd7\" data-element_type=\"widget\" data-e-type=\"widget\" data-widget_type=\"spacer.default\">\n\t\t\t\t<div class=\"elementor-widget-container\">\n\t\t\t\t\t\t\t<div class=\"elementor-spacer\">\n\t\t\t<div class=\"elementor-spacer-inner\"><\/div>\n\t\t<\/div>\n\t\t\t\t\t\t<\/div>\n\t\t\t\t<\/div>\n\t\t\t\t<div class=\"elementor-element elementor-element-0f7c56d elementor-widget elementor-widget-heading\" data-id=\"0f7c56d\" data-element_type=\"widget\" data-e-type=\"widget\" data-widget_type=\"heading.default\">\n\t\t\t\t<div class=\"elementor-widget-container\">\n\t\t\t\t\t<h2 class=\"elementor-heading-title elementor-size-xl\">Marktschw\u00e4rmer<\/h2>\t\t\t\t<\/div>\n\t\t\t\t<\/div>\n\t\t\t\t<div class=\"elementor-element elementor-element-c58d12d elementor-widget elementor-widget-spacer\" data-id=\"c58d12d\" data-element_type=\"widget\" data-e-type=\"widget\" data-widget_type=\"spacer.default\">\n\t\t\t\t<div class=\"elementor-widget-container\">\n\t\t\t\t\t\t\t<div class=\"elementor-spacer\">\n\t\t\t<div class=\"elementor-spacer-inner\"><\/div>\n\t\t<\/div>\n\t\t\t\t\t\t<\/div>\n\t\t\t\t<\/div>\n\t\t\t\t<div class=\"elementor-element elementor-element-8c2b2dd elementor-widget elementor-widget-text-editor\" data-id=\"8c2b2dd\" data-element_type=\"widget\" data-e-type=\"widget\" data-widget_type=\"text-editor.default\">\n\t\t\t\t<div class=\"elementor-widget-container\">\n\t\t\t\t\t\t\t\t\t<p>Marktschw\u00e4rmer setzt auf regionale Erzeugnisse und kurze Transportwege, um Umwelt und Klima zu sch\u00fctzen. Die Produkte stammen von Bauern oder kleinen Manufakturen, die eine sogenannte Schw\u00e4rmerei in ihrer N\u00e4he beliefern. Bis die Produkte bei den Verbraucherinnen und Verbrauchern angekommen sind, haben sie durchschnittlich 40 Kilometer zur\u00fcckgelegt. Wer \u00fcber das Portal bestellen m\u00f6chte, kann nach Bundesland und Produkten filtern und findet so eine Schw\u00e4rmerei in seiner N\u00e4he. Der Einkauf kann dann entweder dort abgeholt oder zum Kunden geliefert werden. Etwa 120 solcher Schw\u00e4rmereien gibt es mittlerweile von Schleswig-Holstein bis Bayern. Die Idee stammt urspr\u00fcnglich aus Frankreich.<\/p><p>Weitere Informationen \u00fcber <a href=\"https:\/\/marktschwaermer.de\/de\" target=\"_blank\" rel=\"noopener\">die Marktschw\u00e4rmer<\/a>.<\/p>\t\t\t\t\t\t\t\t<\/div>\n\t\t\t\t<\/div>\n\t\t\t\t<div class=\"elementor-element elementor-element-8e0ddd8 elementor-widget elementor-widget-spacer\" data-id=\"8e0ddd8\" data-element_type=\"widget\" data-e-type=\"widget\" data-widget_type=\"spacer.default\">\n\t\t\t\t<div class=\"elementor-widget-container\">\n\t\t\t\t\t\t\t<div class=\"elementor-spacer\">\n\t\t\t<div class=\"elementor-spacer-inner\"><\/div>\n\t\t<\/div>\n\t\t\t\t\t\t<\/div>\n\t\t\t\t<\/div>\n\t\t\t\t<div class=\"elementor-element elementor-element-872a790 elementor-widget elementor-widget-heading\" data-id=\"872a790\" data-element_type=\"widget\" data-e-type=\"widget\" data-widget_type=\"heading.default\">\n\t\t\t\t<div class=\"elementor-widget-container\">\n\t\t\t\t\t<h2 class=\"elementor-heading-title elementor-size-xl\">Pielers<\/h2>\t\t\t\t<\/div>\n\t\t\t\t<\/div>\n\t\t\t\t<div class=\"elementor-element elementor-element-654f2cd elementor-widget elementor-widget-spacer\" data-id=\"654f2cd\" data-element_type=\"widget\" data-e-type=\"widget\" data-widget_type=\"spacer.default\">\n\t\t\t\t<div class=\"elementor-widget-container\">\n\t\t\t\t\t\t\t<div class=\"elementor-spacer\">\n\t\t\t<div class=\"elementor-spacer-inner\"><\/div>\n\t\t<\/div>\n\t\t\t\t\t\t<\/div>\n\t\t\t\t<\/div>\n\t\t\t\t<div class=\"elementor-element elementor-element-3486fba elementor-widget elementor-widget-text-editor\" data-id=\"3486fba\" data-element_type=\"widget\" data-e-type=\"widget\" data-widget_type=\"text-editor.default\">\n\t\t\t\t<div class=\"elementor-widget-container\">\n\t\t\t\t\t\t\t\t\t<p>Landwirte, K\u00e4sereien, Fleischereien und andere Genusshandwerker nutzen die Plattform Pielers, um ihre Produkte zu vermarkten, vor allem Fleisch und Fisch. Aber auch Aufstriche, Br\u00fchen, Kochboxen und Fertiggerichte k\u00f6nnen online bestellt werden. Die regionalen Lebensmittel werden m\u00f6glichst ressourcenschonend hergestellt, auf den H\u00f6fen in Verpackungen aus recycelten Rohstoffen bereitgestellt und gek\u00fchlt direkt zu den Kunden nach Hause geschickt \u2013 ohne Zwischenlager und ohne Umweg. Die Lieferung kann durch Livetracking verfolgt werden.<\/p><p>Weitere <a href=\"https:\/\/www.pielers.de\/de\/\" target=\"_blank\" rel=\"noopener\">Informationen hier<\/a>.<\/p>\t\t\t\t\t\t\t\t<\/div>\n\t\t\t\t<\/div>\n\t\t\t\t<div class=\"elementor-element elementor-element-cc8e3f3 elementor-widget elementor-widget-spacer\" data-id=\"cc8e3f3\" data-element_type=\"widget\" data-e-type=\"widget\" data-widget_type=\"spacer.default\">\n\t\t\t\t<div class=\"elementor-widget-container\">\n\t\t\t\t\t\t\t<div class=\"elementor-spacer\">\n\t\t\t<div class=\"elementor-spacer-inner\"><\/div>\n\t\t<\/div>\n\t\t\t\t\t\t<\/div>\n\t\t\t\t<\/div>\n\t\t\t\t<div class=\"elementor-element elementor-element-7a975ba elementor-widget elementor-widget-heading\" data-id=\"7a975ba\" data-element_type=\"widget\" data-e-type=\"widget\" data-widget_type=\"heading.default\">\n\t\t\t\t<div class=\"elementor-widget-container\">\n\t\t\t\t\t<h2 class=\"elementor-heading-title elementor-size-xl\">Grutto Kaufnekuh.de<\/h2>\t\t\t\t<\/div>\n\t\t\t\t<\/div>\n\t\t\t\t<div class=\"elementor-element elementor-element-20485c8 elementor-widget elementor-widget-spacer\" data-id=\"20485c8\" data-element_type=\"widget\" data-e-type=\"widget\" data-widget_type=\"spacer.default\">\n\t\t\t\t<div class=\"elementor-widget-container\">\n\t\t\t\t\t\t\t<div class=\"elementor-spacer\">\n\t\t\t<div class=\"elementor-spacer-inner\"><\/div>\n\t\t<\/div>\n\t\t\t\t\t\t<\/div>\n\t\t\t\t<\/div>\n\t\t\t\t<div class=\"elementor-element elementor-element-cf5e19e elementor-widget elementor-widget-text-editor\" data-id=\"cf5e19e\" data-element_type=\"widget\" data-e-type=\"widget\" data-widget_type=\"text-editor.default\">\n\t\t\t\t<div class=\"elementor-widget-container\">\n\t\t\t\t\t\t\t\t\t<p>\u201eNobles Fleisch von naturbelassenen B\u00f6den\u201c, lautet die Philosophie von Grutto Kaufnekuh.de. Das Wild, Rind-, Gefl\u00fcgel- und Schweinefleisch stammt von Bauernh\u00f6fen, die im Einklang mit der Natur wirtschaften und denen das Tierwohl wichtig ist. Die Bestellung geht ganz einfach: Auf die Kuh oder das Huhn klicken und den gew\u00fcnschten Teil bestellen. Ist das gesamte Fleisch verkauft, wird das Tier geschlachtet. Beim Rindfleisch dauert es etwa vier Wochen von der Bestellung bis zur Lieferung, bei Gefl\u00fcgel, Schweinefleisch und Wild etwa zwei Wochen.<\/p><p>Mehr zu <a href=\"https:\/\/www.grutto.com\/de\/neuer-name\" target=\"_blank\" rel=\"noopener\">Kaufnekuh.de<\/a>.<\/p>\t\t\t\t\t\t\t\t<\/div>\n\t\t\t\t<\/div>\n\t\t\t\t<div class=\"elementor-element elementor-element-e5b6ea1 elementor-widget elementor-widget-spacer\" data-id=\"e5b6ea1\" data-element_type=\"widget\" data-e-type=\"widget\" data-widget_type=\"spacer.default\">\n\t\t\t\t<div class=\"elementor-widget-container\">\n\t\t\t\t\t\t\t<div class=\"elementor-spacer\">\n\t\t\t<div class=\"elementor-spacer-inner\"><\/div>\n\t\t<\/div>\n\t\t\t\t\t\t<\/div>\n\t\t\t\t<\/div>\n\t\t\t\t<div class=\"elementor-element elementor-element-703e3cb elementor-widget elementor-widget-heading\" data-id=\"703e3cb\" data-element_type=\"widget\" data-e-type=\"widget\" data-widget_type=\"heading.default\">\n\t\t\t\t<div class=\"elementor-widget-container\">\n\t\t\t\t\t<h2 class=\"elementor-heading-title elementor-size-xl\">Frischepost<\/h2>\t\t\t\t<\/div>\n\t\t\t\t<\/div>\n\t\t\t\t<div class=\"elementor-element elementor-element-cad0959 elementor-widget elementor-widget-spacer\" data-id=\"cad0959\" data-element_type=\"widget\" data-e-type=\"widget\" data-widget_type=\"spacer.default\">\n\t\t\t\t<div class=\"elementor-widget-container\">\n\t\t\t\t\t\t\t<div class=\"elementor-spacer\">\n\t\t\t<div class=\"elementor-spacer-inner\"><\/div>\n\t\t<\/div>\n\t\t\t\t\t\t<\/div>\n\t\t\t\t<\/div>\n\t\t\t\t<div class=\"elementor-element elementor-element-84c1a00 elementor-widget elementor-widget-text-editor\" data-id=\"84c1a00\" data-element_type=\"widget\" data-e-type=\"widget\" data-widget_type=\"text-editor.default\">\n\t\t\t\t<div class=\"elementor-widget-container\">\n\t\t\t\t\t\t\t\t\t<p>Frischepost ist ein Online-Hofladen f\u00fcr Lebensmittel, die direkt von landwirtschaftlichen Betrieben oder Manufakturen aus der Region zu den Kunden geliefert werden. Frischepost setzt auf Transparenz, nachhaltige und saisonale Produkte, artgerechte Tierhaltung und faire Preise. Angeboten werden aber auch fair gehandelte Produkte, die nicht aus der Region stammen, zum Beispiel Kaffee oder Bio-Bananen. Bisher gibt es f\u00fcnf Frischepost-Standorte, die ein lokales Netzwerk mit einem individuellen Sortiment aufgebaut haben, und zwar in Hamburg, M\u00fcnchen, K\u00f6ln, Berlin und im Raum Rhein-Main.<\/p><p>Weitere <a href=\"https:\/\/frischepost.de\/\" target=\"_blank\" rel=\"noopener\">Informationen<\/a>.<\/p>\t\t\t\t\t\t\t\t<\/div>\n\t\t\t\t<\/div>\n\t\t\t\t<div class=\"elementor-element elementor-element-828ac99 elementor-widget elementor-widget-spacer\" data-id=\"828ac99\" data-element_type=\"widget\" data-e-type=\"widget\" data-widget_type=\"spacer.default\">\n\t\t\t\t<div class=\"elementor-widget-container\">\n\t\t\t\t\t\t\t<div class=\"elementor-spacer\">\n\t\t\t<div class=\"elementor-spacer-inner\"><\/div>\n\t\t<\/div>\n\t\t\t\t\t\t<\/div>\n\t\t\t\t<\/div>\n\t\t\t\t<div class=\"elementor-element elementor-element-4a20809 elementor-widget elementor-widget-heading\" data-id=\"4a20809\" data-element_type=\"widget\" data-e-type=\"widget\" data-widget_type=\"heading.default\">\n\t\t\t\t<div class=\"elementor-widget-container\">\n\t\t\t\t\t<h2 class=\"elementor-heading-title elementor-size-xl\">Fridafrisch<\/h2>\t\t\t\t<\/div>\n\t\t\t\t<\/div>\n\t\t\t\t<div class=\"elementor-element elementor-element-3f721de elementor-widget elementor-widget-spacer\" data-id=\"3f721de\" data-element_type=\"widget\" data-e-type=\"widget\" data-widget_type=\"spacer.default\">\n\t\t\t\t<div class=\"elementor-widget-container\">\n\t\t\t\t\t\t\t<div class=\"elementor-spacer\">\n\t\t\t<div class=\"elementor-spacer-inner\"><\/div>\n\t\t<\/div>\n\t\t\t\t\t\t<\/div>\n\t\t\t\t<\/div>\n\t\t\t\t<div class=\"elementor-element elementor-element-2d4c8ab elementor-widget elementor-widget-text-editor\" data-id=\"2d4c8ab\" data-element_type=\"widget\" data-e-type=\"widget\" data-widget_type=\"text-editor.default\">\n\t\t\t\t<div class=\"elementor-widget-container\">\n\t\t\t\t\t\t\t\t\t<p>Die regionale Landwirtschaft st\u00e4rken: Das ist die Idee von Fridafrisch. Der Online- Hofladen hat seinen Sitz im baden-w\u00fcrttembergischen Salem. Damit die bestellte Ware immer frisch und schnell zu den Kundinnen und Kunden kommt, ist das Liefergebiet beschr\u00e4nkt. Die Landwirte \u2013 darunter eine Mosterei, eine Strau\u00dfenfarm, eine \u00d6lm\u00fchle und eine Senfmanufaktur \u2013 sind im Umkreis von 35 Kilometern ans\u00e4ssig. Wer bis 18 Uhr bestellt, bekommt seine Ware am n\u00e4chsten Tag geliefert. Fridafrisch \u00fcbermittelt die Bestellung an die jeweiligen Landwirte, holt die Ware dort ab und bringt sie zu den Kunden nach Hause.<\/p><p>Hier mehr <a href=\"https:\/\/fridafrisch.de\/\" target=\"_blank\" rel=\"noopener\">zu Fridafrisch<\/a>.<\/p>\t\t\t\t\t\t\t\t<\/div>\n\t\t\t\t<\/div>\n\t\t\t\t\t<\/div>\n\t\t<\/div>\n\t\t\t\t\t<\/div>\n\t\t<\/section>\n\t\t\t\t<\/div>\n\t\t","protected":false},"excerpt":{"rendered":"<p>Regionale Produkte sind in, weil sie frisch und nachhaltig sind. Doch h\u00e4ufig fehlt den Erzeugerinnen und Erzeugern auf dem Land der Zugang zur Kundschaft von au\u00dferhalb. Internet-Marktpl\u00e4tze und digitale Hofl\u00e4den bieten hier L\u00f6sungen. <\/p>\n","protected":false},"author":5,"featured_media":9038,"comment_status":"open","ping_status":"open","sticky":false,"template":"","format":"standard","meta":{"footnotes":""},"categories":[69],"tags":[],"class_list":["post-9036","post","type-post","status-publish","format-standard","has-post-thumbnail","hentry","category-arbeit"],"yoast_head":"<!-- This site is optimized with the Yoast SEO plugin v27.5 - https:\/\/yoast.com\/product\/yoast-seo-wordpress\/ -->\n<title>Regional Online-Marktpl\u00e4tze und digitale Hofl\u00e4den - Digitales B\u00fcrgernetz<\/title>\n<meta name=\"description\" content=\"H\u00e4ufig fehlt Erzeugern regionaler Produkte auf dem Land Zugang zur Kundschaft au\u00dferhalb. Internet-Marktpl\u00e4tze und digitale Hofl\u00e4den helfen.\" \/>\n<meta name=\"robots\" content=\"index, follow, max-snippet:-1, max-image-preview:large, max-video-preview:-1\" \/>\n<link rel=\"canonical\" href=\"https:\/\/www.deutsche-glasfaser.de\/blog\/regional-verkaufen-aber-online-internet-marktplaetze-und-digitale-hoflaeden\/\" \/>\n<meta property=\"og:locale\" content=\"de_DE\" \/>\n<meta property=\"og:type\" content=\"article\" \/>\n<meta property=\"og:title\" content=\"Regional Online-Marktpl\u00e4tze und digitale Hofl\u00e4den - Digitales B\u00fcrgernetz\" \/>\n<meta property=\"og:description\" content=\"H\u00e4ufig fehlt Erzeugern regionaler Produkte auf dem Land Zugang zur Kundschaft au\u00dferhalb. Internet-Marktpl\u00e4tze und digitale Hofl\u00e4den helfen.\" \/>\n<meta property=\"og:url\" content=\"https:\/\/www.deutsche-glasfaser.de\/blog\/regional-verkaufen-aber-online-internet-marktplaetze-und-digitale-hoflaeden\/\" \/>\n<meta property=\"og:site_name\" content=\"Digitales B\u00fcrgernetz\" \/>\n<meta property=\"article:published_time\" content=\"2021-10-27T07:44:00+00:00\" \/>\n<meta property=\"article:modified_time\" content=\"2021-10-27T07:44:01+00:00\" \/>\n<meta property=\"og:image\" content=\"https:\/\/www.deutsche-glasfaser.de\/blog\/wp-content\/uploads\/2021\/10\/T_Regionalvermaktung.jpeg\" \/>\n\t<meta property=\"og:image:width\" content=\"1500\" \/>\n\t<meta property=\"og:image:height\" content=\"705\" \/>\n\t<meta property=\"og:image:type\" content=\"image\/jpeg\" \/>\n<meta name=\"author\" content=\"Deutsche Glasfaser\" \/>\n<meta name=\"twitter:card\" content=\"summary_large_image\" \/>\n<meta name=\"twitter:label1\" content=\"Verfasst von\" \/>\n\t<meta name=\"twitter:data1\" content=\"Deutsche Glasfaser\" \/>\n\t<meta name=\"twitter:label2\" content=\"Gesch\u00e4tzte Lesezeit\" \/>\n\t<meta name=\"twitter:data2\" content=\"3\u00a0Minuten\" \/>\n<script type=\"application\/ld+json\" class=\"yoast-schema-graph\">{\"@context\":\"https:\\\/\\\/schema.org\",\"@graph\":[{\"@type\":\"Article\",\"@id\":\"https:\\\/\\\/www.deutsche-glasfaser.de\\\/blog\\\/regional-verkaufen-aber-online-internet-marktplaetze-und-digitale-hoflaeden\\\/#article\",\"isPartOf\":{\"@id\":\"https:\\\/\\\/www.deutsche-glasfaser.de\\\/blog\\\/regional-verkaufen-aber-online-internet-marktplaetze-und-digitale-hoflaeden\\\/\"},\"author\":{\"name\":\"Deutsche Glasfaser\",\"@id\":\"https:\\\/\\\/www.deutsche-glasfaser.de\\\/blog\\\/#\\\/schema\\\/person\\\/9380a6dc7443d77143d0c66c409f574b\"},\"headline\":\"Regional verkaufen, aber online: Internet-Marktpl\u00e4tze und digitale Hofl\u00e4den\",\"datePublished\":\"2021-10-27T07:44:00+00:00\",\"dateModified\":\"2021-10-27T07:44:01+00:00\",\"mainEntityOfPage\":{\"@id\":\"https:\\\/\\\/www.deutsche-glasfaser.de\\\/blog\\\/regional-verkaufen-aber-online-internet-marktplaetze-und-digitale-hoflaeden\\\/\"},\"wordCount\":615,\"commentCount\":0,\"publisher\":{\"@id\":\"https:\\\/\\\/www.deutsche-glasfaser.de\\\/blog\\\/#organization\"},\"image\":{\"@id\":\"https:\\\/\\\/www.deutsche-glasfaser.de\\\/blog\\\/regional-verkaufen-aber-online-internet-marktplaetze-und-digitale-hoflaeden\\\/#primaryimage\"},\"thumbnailUrl\":\"https:\\\/\\\/www.deutsche-glasfaser.de\\\/blog\\\/wp-content\\\/uploads\\\/2021\\\/10\\\/T_Regionalvermaktung.jpeg\",\"articleSection\":[\"#Arbeit\"],\"inLanguage\":\"de\",\"potentialAction\":[{\"@type\":\"CommentAction\",\"name\":\"Comment\",\"target\":[\"https:\\\/\\\/www.deutsche-glasfaser.de\\\/blog\\\/regional-verkaufen-aber-online-internet-marktplaetze-und-digitale-hoflaeden\\\/#respond\"]}]},{\"@type\":\"WebPage\",\"@id\":\"https:\\\/\\\/www.deutsche-glasfaser.de\\\/blog\\\/regional-verkaufen-aber-online-internet-marktplaetze-und-digitale-hoflaeden\\\/\",\"url\":\"https:\\\/\\\/www.deutsche-glasfaser.de\\\/blog\\\/regional-verkaufen-aber-online-internet-marktplaetze-und-digitale-hoflaeden\\\/\",\"name\":\"Regional Online-Marktpl\u00e4tze und digitale Hofl\u00e4den - Digitales B\u00fcrgernetz\",\"isPartOf\":{\"@id\":\"https:\\\/\\\/www.deutsche-glasfaser.de\\\/blog\\\/#website\"},\"primaryImageOfPage\":{\"@id\":\"https:\\\/\\\/www.deutsche-glasfaser.de\\\/blog\\\/regional-verkaufen-aber-online-internet-marktplaetze-und-digitale-hoflaeden\\\/#primaryimage\"},\"image\":{\"@id\":\"https:\\\/\\\/www.deutsche-glasfaser.de\\\/blog\\\/regional-verkaufen-aber-online-internet-marktplaetze-und-digitale-hoflaeden\\\/#primaryimage\"},\"thumbnailUrl\":\"https:\\\/\\\/www.deutsche-glasfaser.de\\\/blog\\\/wp-content\\\/uploads\\\/2021\\\/10\\\/T_Regionalvermaktung.jpeg\",\"datePublished\":\"2021-10-27T07:44:00+00:00\",\"dateModified\":\"2021-10-27T07:44:01+00:00\",\"description\":\"H\u00e4ufig fehlt Erzeugern regionaler Produkte auf dem Land Zugang zur Kundschaft au\u00dferhalb. Internet-Marktpl\u00e4tze und digitale Hofl\u00e4den helfen.\",\"inLanguage\":\"de\",\"potentialAction\":[{\"@type\":\"ReadAction\",\"target\":[\"https:\\\/\\\/www.deutsche-glasfaser.de\\\/blog\\\/regional-verkaufen-aber-online-internet-marktplaetze-und-digitale-hoflaeden\\\/\"]}]},{\"@type\":\"ImageObject\",\"inLanguage\":\"de\",\"@id\":\"https:\\\/\\\/www.deutsche-glasfaser.de\\\/blog\\\/regional-verkaufen-aber-online-internet-marktplaetze-und-digitale-hoflaeden\\\/#primaryimage\",\"url\":\"https:\\\/\\\/www.deutsche-glasfaser.de\\\/blog\\\/wp-content\\\/uploads\\\/2021\\\/10\\\/T_Regionalvermaktung.jpeg\",\"contentUrl\":\"https:\\\/\\\/www.deutsche-glasfaser.de\\\/blog\\\/wp-content\\\/uploads\\\/2021\\\/10\\\/T_Regionalvermaktung.jpeg\",\"width\":1500,\"height\":705,\"caption\":\"Frische Lebensmittel aus der Region sind zunehmend begehrt. \u00a9 Unsplash\"},{\"@type\":\"WebSite\",\"@id\":\"https:\\\/\\\/www.deutsche-glasfaser.de\\\/blog\\\/#website\",\"url\":\"https:\\\/\\\/www.deutsche-glasfaser.de\\\/blog\\\/\",\"name\":\"Digitales B\u00fcrgernetz\",\"description\":\"Deutsche Glasfaser Blog\",\"publisher\":{\"@id\":\"https:\\\/\\\/www.deutsche-glasfaser.de\\\/blog\\\/#organization\"},\"potentialAction\":[{\"@type\":\"SearchAction\",\"target\":{\"@type\":\"EntryPoint\",\"urlTemplate\":\"https:\\\/\\\/www.deutsche-glasfaser.de\\\/blog\\\/?s={search_term_string}\"},\"query-input\":{\"@type\":\"PropertyValueSpecification\",\"valueRequired\":true,\"valueName\":\"search_term_string\"}}],\"inLanguage\":\"de\"},{\"@type\":\"Organization\",\"@id\":\"https:\\\/\\\/www.deutsche-glasfaser.de\\\/blog\\\/#organization\",\"name\":\"Digitales B\u00fcrgernetz\",\"url\":\"https:\\\/\\\/www.deutsche-glasfaser.de\\\/blog\\\/\",\"logo\":{\"@type\":\"ImageObject\",\"inLanguage\":\"de\",\"@id\":\"https:\\\/\\\/www.deutsche-glasfaser.de\\\/blog\\\/#\\\/schema\\\/logo\\\/image\\\/\",\"url\":\"https:\\\/\\\/www.deutsche-glasfaser.de\\\/blog\\\/wp-content\\\/uploads\\\/2021\\\/08\\\/DGF_Logo_Basis_RGB-Large@2x.png\",\"contentUrl\":\"https:\\\/\\\/www.deutsche-glasfaser.de\\\/blog\\\/wp-content\\\/uploads\\\/2021\\\/08\\\/DGF_Logo_Basis_RGB-Large@2x.png\",\"width\":312,\"height\":104,\"caption\":\"Digitales B\u00fcrgernetz\"},\"image\":{\"@id\":\"https:\\\/\\\/www.deutsche-glasfaser.de\\\/blog\\\/#\\\/schema\\\/logo\\\/image\\\/\"}},{\"@type\":\"Person\",\"@id\":\"https:\\\/\\\/www.deutsche-glasfaser.de\\\/blog\\\/#\\\/schema\\\/person\\\/9380a6dc7443d77143d0c66c409f574b\",\"name\":\"Deutsche Glasfaser\"}]}<\/script>\n<!-- \/ Yoast SEO plugin. -->","yoast_head_json":{"title":"Regional Online-Marktpl\u00e4tze und digitale Hofl\u00e4den - Digitales B\u00fcrgernetz","description":"H\u00e4ufig fehlt Erzeugern regionaler Produkte auf dem Land Zugang zur Kundschaft au\u00dferhalb. Internet-Marktpl\u00e4tze und digitale Hofl\u00e4den helfen.","robots":{"index":"index","follow":"follow","max-snippet":"max-snippet:-1","max-image-preview":"max-image-preview:large","max-video-preview":"max-video-preview:-1"},"canonical":"https:\/\/www.deutsche-glasfaser.de\/blog\/regional-verkaufen-aber-online-internet-marktplaetze-und-digitale-hoflaeden\/","og_locale":"de_DE","og_type":"article","og_title":"Regional Online-Marktpl\u00e4tze und digitale Hofl\u00e4den - Digitales B\u00fcrgernetz","og_description":"H\u00e4ufig fehlt Erzeugern regionaler Produkte auf dem Land Zugang zur Kundschaft au\u00dferhalb. Internet-Marktpl\u00e4tze und digitale Hofl\u00e4den helfen.","og_url":"https:\/\/www.deutsche-glasfaser.de\/blog\/regional-verkaufen-aber-online-internet-marktplaetze-und-digitale-hoflaeden\/","og_site_name":"Digitales B\u00fcrgernetz","article_published_time":"2021-10-27T07:44:00+00:00","article_modified_time":"2021-10-27T07:44:01+00:00","og_image":[{"width":1500,"height":705,"url":"https:\/\/www.deutsche-glasfaser.de\/blog\/wp-content\/uploads\/2021\/10\/T_Regionalvermaktung.jpeg","type":"image\/jpeg"}],"author":"Deutsche Glasfaser","twitter_card":"summary_large_image","twitter_misc":{"Verfasst von":"Deutsche Glasfaser","Gesch\u00e4tzte Lesezeit":"3\u00a0Minuten"},"schema":{"@context":"https:\/\/schema.org","@graph":[{"@type":"Article","@id":"https:\/\/www.deutsche-glasfaser.de\/blog\/regional-verkaufen-aber-online-internet-marktplaetze-und-digitale-hoflaeden\/#article","isPartOf":{"@id":"https:\/\/www.deutsche-glasfaser.de\/blog\/regional-verkaufen-aber-online-internet-marktplaetze-und-digitale-hoflaeden\/"},"author":{"name":"Deutsche Glasfaser","@id":"https:\/\/www.deutsche-glasfaser.de\/blog\/#\/schema\/person\/9380a6dc7443d77143d0c66c409f574b"},"headline":"Regional verkaufen, aber online: Internet-Marktpl\u00e4tze und digitale Hofl\u00e4den","datePublished":"2021-10-27T07:44:00+00:00","dateModified":"2021-10-27T07:44:01+00:00","mainEntityOfPage":{"@id":"https:\/\/www.deutsche-glasfaser.de\/blog\/regional-verkaufen-aber-online-internet-marktplaetze-und-digitale-hoflaeden\/"},"wordCount":615,"commentCount":0,"publisher":{"@id":"https:\/\/www.deutsche-glasfaser.de\/blog\/#organization"},"image":{"@id":"https:\/\/www.deutsche-glasfaser.de\/blog\/regional-verkaufen-aber-online-internet-marktplaetze-und-digitale-hoflaeden\/#primaryimage"},"thumbnailUrl":"https:\/\/www.deutsche-glasfaser.de\/blog\/wp-content\/uploads\/2021\/10\/T_Regionalvermaktung.jpeg","articleSection":["#Arbeit"],"inLanguage":"de","potentialAction":[{"@type":"CommentAction","name":"Comment","target":["https:\/\/www.deutsche-glasfaser.de\/blog\/regional-verkaufen-aber-online-internet-marktplaetze-und-digitale-hoflaeden\/#respond"]}]},{"@type":"WebPage","@id":"https:\/\/www.deutsche-glasfaser.de\/blog\/regional-verkaufen-aber-online-internet-marktplaetze-und-digitale-hoflaeden\/","url":"https:\/\/www.deutsche-glasfaser.de\/blog\/regional-verkaufen-aber-online-internet-marktplaetze-und-digitale-hoflaeden\/","name":"Regional Online-Marktpl\u00e4tze und digitale Hofl\u00e4den - Digitales B\u00fcrgernetz","isPartOf":{"@id":"https:\/\/www.deutsche-glasfaser.de\/blog\/#website"},"primaryImageOfPage":{"@id":"https:\/\/www.deutsche-glasfaser.de\/blog\/regional-verkaufen-aber-online-internet-marktplaetze-und-digitale-hoflaeden\/#primaryimage"},"image":{"@id":"https:\/\/www.deutsche-glasfaser.de\/blog\/regional-verkaufen-aber-online-internet-marktplaetze-und-digitale-hoflaeden\/#primaryimage"},"thumbnailUrl":"https:\/\/www.deutsche-glasfaser.de\/blog\/wp-content\/uploads\/2021\/10\/T_Regionalvermaktung.jpeg","datePublished":"2021-10-27T07:44:00+00:00","dateModified":"2021-10-27T07:44:01+00:00","description":"H\u00e4ufig fehlt Erzeugern regionaler Produkte auf dem Land Zugang zur Kundschaft au\u00dferhalb. Internet-Marktpl\u00e4tze und digitale Hofl\u00e4den helfen.","inLanguage":"de","potentialAction":[{"@type":"ReadAction","target":["https:\/\/www.deutsche-glasfaser.de\/blog\/regional-verkaufen-aber-online-internet-marktplaetze-und-digitale-hoflaeden\/"]}]},{"@type":"ImageObject","inLanguage":"de","@id":"https:\/\/www.deutsche-glasfaser.de\/blog\/regional-verkaufen-aber-online-internet-marktplaetze-und-digitale-hoflaeden\/#primaryimage","url":"https:\/\/www.deutsche-glasfaser.de\/blog\/wp-content\/uploads\/2021\/10\/T_Regionalvermaktung.jpeg","contentUrl":"https:\/\/www.deutsche-glasfaser.de\/blog\/wp-content\/uploads\/2021\/10\/T_Regionalvermaktung.jpeg","width":1500,"height":705,"caption":"Frische Lebensmittel aus der Region sind zunehmend begehrt. \u00a9 Unsplash"},{"@type":"WebSite","@id":"https:\/\/www.deutsche-glasfaser.de\/blog\/#website","url":"https:\/\/www.deutsche-glasfaser.de\/blog\/","name":"Digitales B\u00fcrgernetz","description":"Deutsche Glasfaser Blog","publisher":{"@id":"https:\/\/www.deutsche-glasfaser.de\/blog\/#organization"},"potentialAction":[{"@type":"SearchAction","target":{"@type":"EntryPoint","urlTemplate":"https:\/\/www.deutsche-glasfaser.de\/blog\/?s={search_term_string}"},"query-input":{"@type":"PropertyValueSpecification","valueRequired":true,"valueName":"search_term_string"}}],"inLanguage":"de"},{"@type":"Organization","@id":"https:\/\/www.deutsche-glasfaser.de\/blog\/#organization","name":"Digitales B\u00fcrgernetz","url":"https:\/\/www.deutsche-glasfaser.de\/blog\/","logo":{"@type":"ImageObject","inLanguage":"de","@id":"https:\/\/www.deutsche-glasfaser.de\/blog\/#\/schema\/logo\/image\/","url":"https:\/\/www.deutsche-glasfaser.de\/blog\/wp-content\/uploads\/2021\/08\/DGF_Logo_Basis_RGB-Large@2x.png","contentUrl":"https:\/\/www.deutsche-glasfaser.de\/blog\/wp-content\/uploads\/2021\/08\/DGF_Logo_Basis_RGB-Large@2x.png","width":312,"height":104,"caption":"Digitales B\u00fcrgernetz"},"image":{"@id":"https:\/\/www.deutsche-glasfaser.de\/blog\/#\/schema\/logo\/image\/"}},{"@type":"Person","@id":"https:\/\/www.deutsche-glasfaser.de\/blog\/#\/schema\/person\/9380a6dc7443d77143d0c66c409f574b","name":"Deutsche Glasfaser"}]}},"_links":{"self":[{"href":"https:\/\/www.deutsche-glasfaser.de\/blog\/wp-json\/wp\/v2\/posts\/9036","targetHints":{"allow":["GET"]}}],"collection":[{"href":"https:\/\/www.deutsche-glasfaser.de\/blog\/wp-json\/wp\/v2\/posts"}],"about":[{"href":"https:\/\/www.deutsche-glasfaser.de\/blog\/wp-json\/wp\/v2\/types\/post"}],"author":[{"embeddable":true,"href":"https:\/\/www.deutsche-glasfaser.de\/blog\/wp-json\/wp\/v2\/users\/5"}],"replies":[{"embeddable":true,"href":"https:\/\/www.deutsche-glasfaser.de\/blog\/wp-json\/wp\/v2\/comments?post=9036"}],"version-history":[{"count":8,"href":"https:\/\/www.deutsche-glasfaser.de\/blog\/wp-json\/wp\/v2\/posts\/9036\/revisions"}],"predecessor-version":[{"id":9050,"href":"https:\/\/www.deutsche-glasfaser.de\/blog\/wp-json\/wp\/v2\/posts\/9036\/revisions\/9050"}],"wp:featuredmedia":[{"embeddable":true,"href":"https:\/\/www.deutsche-glasfaser.de\/blog\/wp-json\/wp\/v2\/media\/9038"}],"wp:attachment":[{"href":"https:\/\/www.deutsche-glasfaser.de\/blog\/wp-json\/wp\/v2\/media?parent=9036"}],"wp:term":[{"taxonomy":"category","embeddable":true,"href":"https:\/\/www.deutsche-glasfaser.de\/blog\/wp-json\/wp\/v2\/categories?post=9036"},{"taxonomy":"post_tag","embeddable":true,"href":"https:\/\/www.deutsche-glasfaser.de\/blog\/wp-json\/wp\/v2\/tags?post=9036"}],"curies":[{"name":"wp","href":"https:\/\/api.w.org\/{rel}","templated":true}]}}