{"id":8993,"date":"2021-10-22T06:49:43","date_gmt":"2021-10-22T06:49:43","guid":{"rendered":"https:\/\/www.deutsche-glasfaser.de\/blog\/?p=8993"},"modified":"2021-10-22T06:49:44","modified_gmt":"2021-10-22T06:49:44","slug":"wie-der-kinderintensivpflegedienst-balu-sich-digital-organisiert","status":"publish","type":"post","link":"https:\/\/www.deutsche-glasfaser.de\/blog\/wie-der-kinderintensivpflegedienst-balu-sich-digital-organisiert\/","title":{"rendered":"Wie der Kinderintensivpflegedienst BALU sich digital organisiert"},"content":{"rendered":"\t\t<div data-elementor-type=\"wp-post\" data-elementor-id=\"8993\" class=\"elementor elementor-8993\">\n\t\t\t\t\t\t<section class=\"elementor-section elementor-top-section elementor-element elementor-element-0b5d062 elementor-section-boxed elementor-section-height-default elementor-section-height-default\" data-id=\"0b5d062\" data-element_type=\"section\" data-e-type=\"section\">\n\t\t\t\t\t\t<div class=\"elementor-container elementor-column-gap-default\">\n\t\t\t\t\t<div class=\"elementor-column elementor-col-100 elementor-top-column elementor-element elementor-element-6ef129f\" data-id=\"6ef129f\" data-element_type=\"column\" data-e-type=\"column\">\n\t\t\t<div class=\"elementor-widget-wrap elementor-element-populated\">\n\t\t\t\t\t\t<div class=\"elementor-element elementor-element-ebfc956 elementor-widget elementor-widget-text-editor\" data-id=\"ebfc956\" data-element_type=\"widget\" data-e-type=\"widget\" data-widget_type=\"text-editor.default\">\n\t\t\t\t<div class=\"elementor-widget-container\">\n\t\t\t\t\t\t\t\t\t<p>Zeit f\u00fcr die kleinen Patienten ist das wichtigste, Bild: Balu Kinderintensivpflegedienst<\/p>\t\t\t\t\t\t\t\t<\/div>\n\t\t\t\t<\/div>\n\t\t\t\t<div class=\"elementor-element elementor-element-a7374d8 elementor-widget elementor-widget-text-editor\" data-id=\"a7374d8\" data-element_type=\"widget\" data-e-type=\"widget\" data-widget_type=\"text-editor.default\">\n\t\t\t\t<div class=\"elementor-widget-container\">\n\t\t\t\t\t\t\t\t\t<p>Der Pflegedienst BALU erm\u00f6glicht es schwer kranken Kindern in Schleswig-Holstein im Kreis ihrer Familie einen Alltag auf dem Land zu leben.<\/p>\t\t\t\t\t\t\t\t<\/div>\n\t\t\t\t<\/div>\n\t\t\t\t<div class=\"elementor-element elementor-element-c66e841 elementor-widget elementor-widget-text-editor\" data-id=\"c66e841\" data-element_type=\"widget\" data-e-type=\"widget\" data-widget_type=\"text-editor.default\">\n\t\t\t\t<div class=\"elementor-widget-container\">\n\t\t\t\t\t\t\t\t\t<p>Wenn die 6-j\u00e4hrige Lina* morgens aufwacht, ist ihre Kinderkrankenschwester Sophie* schon da. Sie misst die Parameter und kontrolliert: Bekommt Lina gen\u00fcgend Luft? Wie ist ihr Blutdruck und der Puls? Wie die Nacht war, wei\u00df Sophie* aus dem \u00dcbergabebericht des Pflegers, den sie morgens beim Kaffee auf ihrem Handy lesen konnte &#8211; und von dem kurzen Gespr\u00e4ch, das sie am Telefon f\u00fchrten. Jetzt sitzt sie an Linas Bett und l\u00e4chelt in die noch m\u00fcden Augen des Kindes: \u201eAufwachen!\u201c, fl\u00fcstert sie, \u201edeine Freunde im Kindergarten warten schon auf Dich!\u201c<\/p>\t\t\t\t\t\t\t\t<\/div>\n\t\t\t\t<\/div>\n\t\t\t\t<div class=\"elementor-element elementor-element-888276b elementor-widget elementor-widget-spacer\" data-id=\"888276b\" data-element_type=\"widget\" data-e-type=\"widget\" data-widget_type=\"spacer.default\">\n\t\t\t\t<div class=\"elementor-widget-container\">\n\t\t\t\t\t\t\t<div class=\"elementor-spacer\">\n\t\t\t<div class=\"elementor-spacer-inner\"><\/div>\n\t\t<\/div>\n\t\t\t\t\t\t<\/div>\n\t\t\t\t<\/div>\n\t\t\t\t<div class=\"elementor-element elementor-element-5b753c7 elementor-widget elementor-widget-heading\" data-id=\"5b753c7\" data-element_type=\"widget\" data-e-type=\"widget\" data-widget_type=\"heading.default\">\n\t\t\t\t<div class=\"elementor-widget-container\">\n\t\t\t\t\t<h2 class=\"elementor-heading-title elementor-size-default\">Zuhause am besten aufgehoben<\/h2>\t\t\t\t<\/div>\n\t\t\t\t<\/div>\n\t\t\t\t<div class=\"elementor-element elementor-element-10fef5c elementor-widget elementor-widget-spacer\" data-id=\"10fef5c\" data-element_type=\"widget\" data-e-type=\"widget\" data-widget_type=\"spacer.default\">\n\t\t\t\t<div class=\"elementor-widget-container\">\n\t\t\t\t\t\t\t<div class=\"elementor-spacer\">\n\t\t\t<div class=\"elementor-spacer-inner\"><\/div>\n\t\t<\/div>\n\t\t\t\t\t\t<\/div>\n\t\t\t\t<\/div>\n\t\t\t\t<div class=\"elementor-element elementor-element-cbcd6ca elementor-widget elementor-widget-text-editor\" data-id=\"cbcd6ca\" data-element_type=\"widget\" data-e-type=\"widget\" data-widget_type=\"text-editor.default\">\n\t\t\t\t<div class=\"elementor-widget-container\">\n\t\t\t\t\t\t\t\t\t<p>Seit 2013 sind Kinderkrankenschwestern und Pfleger im Auftrag des Kinderintensivpflegedienstes BALU unterwegs im l\u00e4ndlichen Schleswig-Holstein. Ihre Mission ist es, schwerkranken und stark eingeschr\u00e4nkten Kindern einen Alltag im Kreis ihrer Familie zu erm\u00f6glichen. Sie betreuen die kleinen Patientinnen und Patienten bei Bedarf rund um die Uhr. \u201eWir sind davon \u00fcberzeugt, dass Kinder sich in einer vertrauten Umgebung und inmitten sie liebender Menschen am wohlsten f\u00fchlen und dort die besten Entwicklungschancen haben\u201c, erkl\u00e4rt BALU auf seiner Website. \u201eDeswegen tun wir alles, was wir k\u00f6nnen, um ihnen das zu erm\u00f6glichen. Wir m\u00f6chten, dass sie ein normales Leben f\u00fchren k\u00f6nnen, zur Kita oder zur Schule gehen, Ausfl\u00fcge machen und in den Urlaub fahren.\u201c Die Arbeit organisiert der Pflegedienst zu gro\u00dfen Teilen mit Hilfe digitaler Anwendungen. So bleibt mehr Zeit f\u00fcr die kleinen Patientinnen und Patienten.<\/p>\t\t\t\t\t\t\t\t<\/div>\n\t\t\t\t<\/div>\n\t\t\t\t<div class=\"elementor-element elementor-element-a1925ed elementor-widget elementor-widget-spacer\" data-id=\"a1925ed\" data-element_type=\"widget\" data-e-type=\"widget\" data-widget_type=\"spacer.default\">\n\t\t\t\t<div class=\"elementor-widget-container\">\n\t\t\t\t\t\t\t<div class=\"elementor-spacer\">\n\t\t\t<div class=\"elementor-spacer-inner\"><\/div>\n\t\t<\/div>\n\t\t\t\t\t\t<\/div>\n\t\t\t\t<\/div>\n\t\t\t\t<div class=\"elementor-element elementor-element-77fd87c elementor-widget elementor-widget-heading\" data-id=\"77fd87c\" data-element_type=\"widget\" data-e-type=\"widget\" data-widget_type=\"heading.default\">\n\t\t\t\t<div class=\"elementor-widget-container\">\n\t\t\t\t\t<h2 class=\"elementor-heading-title elementor-size-default\">Messenger-Gruppen f\u00fcr aktuelle Infos<\/h2>\t\t\t\t<\/div>\n\t\t\t\t<\/div>\n\t\t\t\t<div class=\"elementor-element elementor-element-e851471 elementor-widget elementor-widget-spacer\" data-id=\"e851471\" data-element_type=\"widget\" data-e-type=\"widget\" data-widget_type=\"spacer.default\">\n\t\t\t\t<div class=\"elementor-widget-container\">\n\t\t\t\t\t\t\t<div class=\"elementor-spacer\">\n\t\t\t<div class=\"elementor-spacer-inner\"><\/div>\n\t\t<\/div>\n\t\t\t\t\t\t<\/div>\n\t\t\t\t<\/div>\n\t\t\t\t<div class=\"elementor-element elementor-element-31e3591 elementor-widget elementor-widget-text-editor\" data-id=\"31e3591\" data-element_type=\"widget\" data-e-type=\"widget\" data-widget_type=\"text-editor.default\">\n\t\t\t\t<div class=\"elementor-widget-container\">\n\t\t\t\t\t\t\t\t\t<p>Jedes der von BALU betreuten Kinder hat eine eigene Gruppe auf Signal. \u00dcber den Messenger-Dienst bleiben alle Pflegekr\u00e4fte stets auf dem Laufenden: Wie geht es dem Kind heute? Was hat die Lehrerin f\u00fcr Aufgaben mitgegeben? Welche \u00dcbung hat der Physiotherapeut empfohlen? Welche Vorbereitungen f\u00fcr die Geburtstagsfeier m\u00fcssen noch getroffen werden? &#8211; Diese und andere Fragen beantwortet jeden Morgen und Abend ein Blick aufs Handy, bevor die zust\u00e4ndige Krankenschwester ihren Dienst antritt. Nat\u00fcrlich gibt es auch pers\u00f6nliche Gespr\u00e4che zur \u00dcbergabe. Aber so geht nichts Wichtiges verloren, denn die Bed\u00fcrfnisse der Kinder und ihrer Familie stehen immer im Mittelpunkt.<\/p>\t\t\t\t\t\t\t\t<\/div>\n\t\t\t\t<\/div>\n\t\t\t\t<div class=\"elementor-element elementor-element-cde239c elementor-widget elementor-widget-spacer\" data-id=\"cde239c\" data-element_type=\"widget\" data-e-type=\"widget\" data-widget_type=\"spacer.default\">\n\t\t\t\t<div class=\"elementor-widget-container\">\n\t\t\t\t\t\t\t<div class=\"elementor-spacer\">\n\t\t\t<div class=\"elementor-spacer-inner\"><\/div>\n\t\t<\/div>\n\t\t\t\t\t\t<\/div>\n\t\t\t\t<\/div>\n\t\t\t\t<div class=\"elementor-element elementor-element-7bb8d07 elementor-widget elementor-widget-heading\" data-id=\"7bb8d07\" data-element_type=\"widget\" data-e-type=\"widget\" data-widget_type=\"heading.default\">\n\t\t\t\t<div class=\"elementor-widget-container\">\n\t\t\t\t\t<h2 class=\"elementor-heading-title elementor-size-default\">Interne Bereiche f\u00fcr Zeitplanung und medizinische Berichte<\/h2>\t\t\t\t<\/div>\n\t\t\t\t<\/div>\n\t\t\t\t<div class=\"elementor-element elementor-element-15ec67d elementor-widget elementor-widget-spacer\" data-id=\"15ec67d\" data-element_type=\"widget\" data-e-type=\"widget\" data-widget_type=\"spacer.default\">\n\t\t\t\t<div class=\"elementor-widget-container\">\n\t\t\t\t\t\t\t<div class=\"elementor-spacer\">\n\t\t\t<div class=\"elementor-spacer-inner\"><\/div>\n\t\t<\/div>\n\t\t\t\t\t\t<\/div>\n\t\t\t\t<\/div>\n\t\t\t\t<div class=\"elementor-element elementor-element-f654237 elementor-widget elementor-widget-text-editor\" data-id=\"f654237\" data-element_type=\"widget\" data-e-type=\"widget\" data-widget_type=\"text-editor.default\">\n\t\t\t\t<div class=\"elementor-widget-container\">\n\t\t\t\t\t\t\t\t\t<p>Damit die Pflegekr\u00e4fte gut f\u00fcr die Kinder da sein k\u00f6nnen, ist ein Team im Hintergrund f\u00fcr die Pflegekr\u00e4fte da. Es versucht, bestm\u00f6glich auch deren Bed\u00fcrfnisse zu ber\u00fccksichtigen. Die Angestellten k\u00f6nnen zum Beispiel ihre Urlaubsw\u00fcnsche und Tage, an denen sie nicht einsetzbar sind, digital melden. Das Team, das vom BALU-B\u00fcro in Neversdorf aus in Schleswig-Holstein die Eins\u00e4tze koordiniert, versucht, diese W\u00fcnsche umzusetzen. \u201eUns ist sehr bewusst, dass das Wohl unserer Mitarbeiter ausschlaggebend ist f\u00fcr die Arbeit bei unseren kleinen Patienten\u201c, erkl\u00e4rt Annika Witt, die stellvertretende Pflegedienstleitung f\u00fcr Schleswig-Holstein und selbst Gesundheits- und Kinderkrankenpflegerin ist. Sie und Pflegedienstleitung Saskia Danger haben in Neversdorf deswegen f\u00fcr Fragen und Probleme der Mitarbeitenden stets ein offenes Ohr und finden immer eine L\u00f6sung, wenn jemand z. B. eine Schicht tauschen will oder etwas auf dem Herzen hat.<\/p><p>\u00a0<\/p><p>Wenn Schwester Sophie* ihre Schicht bei Lina beendet, tr\u00e4gt sie die wichtigsten Informationen des Tages im internen Bereich der BALU-Website ein. Auch hier gibt es f\u00fcr jeden kleinen Patienten eine Datenbank, auf die alle an der Pflege dieses Kindes Beteiligten Zugriff haben. Vor allem f\u00fcr die medizinischen Anwendungen ist das sehr wichtig. Es gibt Kinder bei BALU, die m\u00fcssen beatmet werden, fast alle bekommen regelm\u00e4\u00dfig Medikamente und Therapien. Online gibt es all diese Pl\u00e4ne, Wochenberichte und \u00dcbergaben. So geht nichts verloren. Und alle haben die wichtigsten Informationen immer griffbereit.<\/p>\t\t\t\t\t\t\t\t<\/div>\n\t\t\t\t<\/div>\n\t\t\t\t<div class=\"elementor-element elementor-element-7a93922 elementor-widget elementor-widget-spacer\" data-id=\"7a93922\" data-element_type=\"widget\" data-e-type=\"widget\" data-widget_type=\"spacer.default\">\n\t\t\t\t<div class=\"elementor-widget-container\">\n\t\t\t\t\t\t\t<div class=\"elementor-spacer\">\n\t\t\t<div class=\"elementor-spacer-inner\"><\/div>\n\t\t<\/div>\n\t\t\t\t\t\t<\/div>\n\t\t\t\t<\/div>\n\t\t\t\t<div class=\"elementor-element elementor-element-0ee3210 elementor-widget elementor-widget-image\" data-id=\"0ee3210\" data-element_type=\"widget\" data-e-type=\"widget\" data-widget_type=\"image.default\">\n\t\t\t\t<div class=\"elementor-widget-container\">\n\t\t\t\t\t\t\t\t\t\t\t\t<figure class=\"wp-caption\">\n\t\t\t\t\t\t\t\t\t\t<img fetchpriority=\"high\" decoding=\"async\" width=\"788\" height=\"602\" src=\"https:\/\/www.deutsche-glasfaser.de\/blog\/wp-content\/uploads\/2021\/10\/Balu2.jpg\" class=\"attachment-large size-large wp-image-8996\" alt=\"Eine junge Frau steht mit einem Blumenstrau\u00df neben einer Zeichnung eines B\u00e4ren\" srcset=\"https:\/\/www.deutsche-glasfaser.de\/blog\/wp-content\/uploads\/2021\/10\/Balu2.jpg 788w, https:\/\/www.deutsche-glasfaser.de\/blog\/wp-content\/uploads\/2021\/10\/Balu2-300x229.jpg 300w, https:\/\/www.deutsche-glasfaser.de\/blog\/wp-content\/uploads\/2021\/10\/Balu2-768x587.jpg 768w\" sizes=\"(max-width: 788px) 100vw, 788px\" \/>\t\t\t\t\t\t\t\t\t\t\t<figcaption class=\"widget-image-caption wp-caption-text\">Begr\u00fc\u00dfung f\u00fcr eine neue Mitarbeiterin bei BALU, Bild: Balu Kinderinten<\/figcaption>\n\t\t\t\t\t\t\t\t\t\t<\/figure>\n\t\t\t\t\t\t\t\t\t<\/div>\n\t\t\t\t<\/div>\n\t\t\t\t<div class=\"elementor-element elementor-element-e72514a elementor-widget elementor-widget-spacer\" data-id=\"e72514a\" data-element_type=\"widget\" data-e-type=\"widget\" data-widget_type=\"spacer.default\">\n\t\t\t\t<div class=\"elementor-widget-container\">\n\t\t\t\t\t\t\t<div class=\"elementor-spacer\">\n\t\t\t<div class=\"elementor-spacer-inner\"><\/div>\n\t\t<\/div>\n\t\t\t\t\t\t<\/div>\n\t\t\t\t<\/div>\n\t\t\t\t<div class=\"elementor-element elementor-element-3ed931c elementor-widget elementor-widget-heading\" data-id=\"3ed931c\" data-element_type=\"widget\" data-e-type=\"widget\" data-widget_type=\"heading.default\">\n\t\t\t\t<div class=\"elementor-widget-container\">\n\t\t\t\t\t<h2 class=\"elementor-heading-title elementor-size-default\">Mehr Zeit f\u00fcr 1:1-Betreuung<\/h2>\t\t\t\t<\/div>\n\t\t\t\t<\/div>\n\t\t\t\t<div class=\"elementor-element elementor-element-64a9593 elementor-widget elementor-widget-spacer\" data-id=\"64a9593\" data-element_type=\"widget\" data-e-type=\"widget\" data-widget_type=\"spacer.default\">\n\t\t\t\t<div class=\"elementor-widget-container\">\n\t\t\t\t\t\t\t<div class=\"elementor-spacer\">\n\t\t\t<div class=\"elementor-spacer-inner\"><\/div>\n\t\t<\/div>\n\t\t\t\t\t\t<\/div>\n\t\t\t\t<\/div>\n\t\t\t\t<div class=\"elementor-element elementor-element-e8c9f8f elementor-widget elementor-widget-text-editor\" data-id=\"e8c9f8f\" data-element_type=\"widget\" data-e-type=\"widget\" data-widget_type=\"text-editor.default\">\n\t\t\t\t<div class=\"elementor-widget-container\">\n\t\t\t\t\t\t\t\t\t<p>\u201eDen \u00dcberblick zu behalten, ist dank der Digitalisierung einfacher geworden\u201c, sagt Annika Witt. \u201eNat\u00fcrlich sind pers\u00f6nliche Gespr\u00e4che im Team wichtig und finden regelm\u00e4\u00dfig statt. Aber die Technik hilft uns bei allen organisatorischen Fragen. So bleibt mehr Zeit, wirklich f\u00fcr unsere Kinder da zu sein.\u201c So viele Krankenpflegekr\u00e4fte w\u00fcnschen sich das: mehr f\u00fcr ihre Patienten. \u201eEine 1:1-Betreuung wie wir sie bei BALU umsetzen, gibt es leider sehr selten in unserem Beruf\u201c, sagt Annika Witt. Vielleicht arbeiten die rund 120 Pflegekr\u00e4fte auch deswegen so gerne hier bei\u00a0BALU.<\/p><p>BALU ist immer auf der Suche nach Krankenschwestern, Pflegern und anderen medizinisch ausgebildeten Personen, denn die Nachfrage ist gro\u00df. Interessierte k\u00f6nnen unter <a href=\"https:\/\/www.balu-kip.de\/\" target=\"_blank\" rel=\"noopener\">www.balu-kip.de<\/a> schauen, ob es in ihrer Wohnortn\u00e4he Eins\u00e4tze gibt und sich gleich online bewerben. Auch auf <a href=\"https:\/\/www.instagram.com\/balukinderintensivpflegedienst\/\" target=\"_blank\" rel=\"noopener\">Instagram<\/a> und <a href=\"https:\/\/www.facebook.com\/BaluKinderintensivpflegedienst\" target=\"_blank\" rel=\"noopener\">\u00a0Facebook<\/a> ist BALU zu finden.<\/p><p><em>*Namen von der Redaktion ge\u00e4ndert<\/em><\/p><p>Zur Website des Kinderintensivpflegedienstes BALU geht es hier: <a href=\"https:\/\/www.balu-kip.de\/\" target=\"_blank\" rel=\"noopener\">https:\/\/www.balu-kip.de<\/a><\/p>\t\t\t\t\t\t\t\t<\/div>\n\t\t\t\t<\/div>\n\t\t\t\t\t<\/div>\n\t\t<\/div>\n\t\t\t\t\t<\/div>\n\t\t<\/section>\n\t\t\t\t<\/div>\n\t\t","protected":false},"excerpt":{"rendered":"<p>Der Pflegedienst BALU erm\u00f6glicht es schwer kranken Kindern in Schleswig-Holstein im Kreis ihrer Familie einen Alltag auf dem Land zu leben.<\/p>\n","protected":false},"author":3,"featured_media":8995,"comment_status":"open","ping_status":"open","sticky":false,"template":"","format":"standard","meta":{"footnotes":""},"categories":[66],"tags":[],"class_list":["post-8993","post","type-post","status-publish","format-standard","has-post-thumbnail","hentry","category-gesundheit"],"yoast_head":"<!-- This site is optimized with the Yoast SEO plugin v27.5 - https:\/\/yoast.com\/product\/yoast-seo-wordpress\/ -->\n<title>Kinderpflege auf dem Land digital organisiert - Digitales B\u00fcrgernetz<\/title>\n<meta name=\"description\" content=\"Der Pflegedienst BALU erm\u00f6glicht es schwer kranken Kindern in Schleswig-Holstein im Kreis ihrer Familie einen Alltag auf dem Land zu leben.\" \/>\n<meta name=\"robots\" content=\"index, follow, max-snippet:-1, max-image-preview:large, max-video-preview:-1\" \/>\n<link rel=\"canonical\" href=\"https:\/\/www.deutsche-glasfaser.de\/blog\/wie-der-kinderintensivpflegedienst-balu-sich-digital-organisiert\/\" \/>\n<meta property=\"og:locale\" content=\"de_DE\" \/>\n<meta property=\"og:type\" content=\"article\" \/>\n<meta property=\"og:title\" content=\"Kinderpflege auf dem Land digital organisiert - Digitales B\u00fcrgernetz\" \/>\n<meta property=\"og:description\" content=\"Der Pflegedienst BALU erm\u00f6glicht es schwer kranken Kindern in Schleswig-Holstein im Kreis ihrer Familie einen Alltag auf dem Land zu leben.\" \/>\n<meta property=\"og:url\" content=\"https:\/\/www.deutsche-glasfaser.de\/blog\/wie-der-kinderintensivpflegedienst-balu-sich-digital-organisiert\/\" \/>\n<meta property=\"og:site_name\" content=\"Digitales B\u00fcrgernetz\" \/>\n<meta property=\"article:published_time\" content=\"2021-10-22T06:49:43+00:00\" \/>\n<meta property=\"article:modified_time\" content=\"2021-10-22T06:49:44+00:00\" \/>\n<meta property=\"og:image\" content=\"https:\/\/www.deutsche-glasfaser.de\/blog\/wp-content\/uploads\/2021\/10\/T_Balu1.jpeg\" \/>\n\t<meta property=\"og:image:width\" content=\"1500\" \/>\n\t<meta property=\"og:image:height\" content=\"705\" \/>\n\t<meta property=\"og:image:type\" content=\"image\/jpeg\" \/>\n<meta name=\"author\" content=\"C\" \/>\n<meta name=\"twitter:card\" content=\"summary_large_image\" \/>\n<meta name=\"twitter:label1\" content=\"Verfasst von\" \/>\n\t<meta name=\"twitter:data1\" content=\"C\" \/>\n\t<meta name=\"twitter:label2\" content=\"Gesch\u00e4tzte Lesezeit\" \/>\n\t<meta name=\"twitter:data2\" content=\"4\u00a0Minuten\" \/>\n<script type=\"application\/ld+json\" class=\"yoast-schema-graph\">{\"@context\":\"https:\\\/\\\/schema.org\",\"@graph\":[{\"@type\":\"Article\",\"@id\":\"https:\\\/\\\/www.deutsche-glasfaser.de\\\/blog\\\/wie-der-kinderintensivpflegedienst-balu-sich-digital-organisiert\\\/#article\",\"isPartOf\":{\"@id\":\"https:\\\/\\\/www.deutsche-glasfaser.de\\\/blog\\\/wie-der-kinderintensivpflegedienst-balu-sich-digital-organisiert\\\/\"},\"author\":{\"name\":\"C\",\"@id\":\"https:\\\/\\\/www.deutsche-glasfaser.de\\\/blog\\\/#\\\/schema\\\/person\\\/7b960afdacb2422287b1d46d4c3366c1\"},\"headline\":\"Wie der Kinderintensivpflegedienst BALU sich digital organisiert\",\"datePublished\":\"2021-10-22T06:49:43+00:00\",\"dateModified\":\"2021-10-22T06:49:44+00:00\",\"mainEntityOfPage\":{\"@id\":\"https:\\\/\\\/www.deutsche-glasfaser.de\\\/blog\\\/wie-der-kinderintensivpflegedienst-balu-sich-digital-organisiert\\\/\"},\"wordCount\":826,\"commentCount\":0,\"publisher\":{\"@id\":\"https:\\\/\\\/www.deutsche-glasfaser.de\\\/blog\\\/#organization\"},\"image\":{\"@id\":\"https:\\\/\\\/www.deutsche-glasfaser.de\\\/blog\\\/wie-der-kinderintensivpflegedienst-balu-sich-digital-organisiert\\\/#primaryimage\"},\"thumbnailUrl\":\"https:\\\/\\\/www.deutsche-glasfaser.de\\\/blog\\\/wp-content\\\/uploads\\\/2021\\\/10\\\/T_Balu1.jpeg\",\"articleSection\":[\"#Gesundheit\"],\"inLanguage\":\"de\",\"potentialAction\":[{\"@type\":\"CommentAction\",\"name\":\"Comment\",\"target\":[\"https:\\\/\\\/www.deutsche-glasfaser.de\\\/blog\\\/wie-der-kinderintensivpflegedienst-balu-sich-digital-organisiert\\\/#respond\"]}]},{\"@type\":\"WebPage\",\"@id\":\"https:\\\/\\\/www.deutsche-glasfaser.de\\\/blog\\\/wie-der-kinderintensivpflegedienst-balu-sich-digital-organisiert\\\/\",\"url\":\"https:\\\/\\\/www.deutsche-glasfaser.de\\\/blog\\\/wie-der-kinderintensivpflegedienst-balu-sich-digital-organisiert\\\/\",\"name\":\"Kinderpflege auf dem Land digital organisiert - Digitales B\u00fcrgernetz\",\"isPartOf\":{\"@id\":\"https:\\\/\\\/www.deutsche-glasfaser.de\\\/blog\\\/#website\"},\"primaryImageOfPage\":{\"@id\":\"https:\\\/\\\/www.deutsche-glasfaser.de\\\/blog\\\/wie-der-kinderintensivpflegedienst-balu-sich-digital-organisiert\\\/#primaryimage\"},\"image\":{\"@id\":\"https:\\\/\\\/www.deutsche-glasfaser.de\\\/blog\\\/wie-der-kinderintensivpflegedienst-balu-sich-digital-organisiert\\\/#primaryimage\"},\"thumbnailUrl\":\"https:\\\/\\\/www.deutsche-glasfaser.de\\\/blog\\\/wp-content\\\/uploads\\\/2021\\\/10\\\/T_Balu1.jpeg\",\"datePublished\":\"2021-10-22T06:49:43+00:00\",\"dateModified\":\"2021-10-22T06:49:44+00:00\",\"description\":\"Der Pflegedienst BALU erm\u00f6glicht es schwer kranken Kindern in Schleswig-Holstein im Kreis ihrer Familie einen Alltag auf dem Land zu leben.\",\"inLanguage\":\"de\",\"potentialAction\":[{\"@type\":\"ReadAction\",\"target\":[\"https:\\\/\\\/www.deutsche-glasfaser.de\\\/blog\\\/wie-der-kinderintensivpflegedienst-balu-sich-digital-organisiert\\\/\"]}]},{\"@type\":\"ImageObject\",\"inLanguage\":\"de\",\"@id\":\"https:\\\/\\\/www.deutsche-glasfaser.de\\\/blog\\\/wie-der-kinderintensivpflegedienst-balu-sich-digital-organisiert\\\/#primaryimage\",\"url\":\"https:\\\/\\\/www.deutsche-glasfaser.de\\\/blog\\\/wp-content\\\/uploads\\\/2021\\\/10\\\/T_Balu1.jpeg\",\"contentUrl\":\"https:\\\/\\\/www.deutsche-glasfaser.de\\\/blog\\\/wp-content\\\/uploads\\\/2021\\\/10\\\/T_Balu1.jpeg\",\"width\":1500,\"height\":705,\"caption\":\"Zeit f\u00fcr die kleinen Patienten ist das wichtigste, Bild: Balu Kinderintensivpflegedienst\"},{\"@type\":\"WebSite\",\"@id\":\"https:\\\/\\\/www.deutsche-glasfaser.de\\\/blog\\\/#website\",\"url\":\"https:\\\/\\\/www.deutsche-glasfaser.de\\\/blog\\\/\",\"name\":\"Digitales B\u00fcrgernetz\",\"description\":\"Deutsche Glasfaser Blog\",\"publisher\":{\"@id\":\"https:\\\/\\\/www.deutsche-glasfaser.de\\\/blog\\\/#organization\"},\"potentialAction\":[{\"@type\":\"SearchAction\",\"target\":{\"@type\":\"EntryPoint\",\"urlTemplate\":\"https:\\\/\\\/www.deutsche-glasfaser.de\\\/blog\\\/?s={search_term_string}\"},\"query-input\":{\"@type\":\"PropertyValueSpecification\",\"valueRequired\":true,\"valueName\":\"search_term_string\"}}],\"inLanguage\":\"de\"},{\"@type\":\"Organization\",\"@id\":\"https:\\\/\\\/www.deutsche-glasfaser.de\\\/blog\\\/#organization\",\"name\":\"Digitales B\u00fcrgernetz\",\"url\":\"https:\\\/\\\/www.deutsche-glasfaser.de\\\/blog\\\/\",\"logo\":{\"@type\":\"ImageObject\",\"inLanguage\":\"de\",\"@id\":\"https:\\\/\\\/www.deutsche-glasfaser.de\\\/blog\\\/#\\\/schema\\\/logo\\\/image\\\/\",\"url\":\"https:\\\/\\\/www.deutsche-glasfaser.de\\\/blog\\\/wp-content\\\/uploads\\\/2021\\\/08\\\/DGF_Logo_Basis_RGB-Large@2x.png\",\"contentUrl\":\"https:\\\/\\\/www.deutsche-glasfaser.de\\\/blog\\\/wp-content\\\/uploads\\\/2021\\\/08\\\/DGF_Logo_Basis_RGB-Large@2x.png\",\"width\":312,\"height\":104,\"caption\":\"Digitales B\u00fcrgernetz\"},\"image\":{\"@id\":\"https:\\\/\\\/www.deutsche-glasfaser.de\\\/blog\\\/#\\\/schema\\\/logo\\\/image\\\/\"}},{\"@type\":\"Person\",\"@id\":\"https:\\\/\\\/www.deutsche-glasfaser.de\\\/blog\\\/#\\\/schema\\\/person\\\/7b960afdacb2422287b1d46d4c3366c1\",\"name\":\"C\"}]}<\/script>\n<!-- \/ Yoast SEO plugin. -->","yoast_head_json":{"title":"Kinderpflege auf dem Land digital organisiert - Digitales B\u00fcrgernetz","description":"Der Pflegedienst BALU erm\u00f6glicht es schwer kranken Kindern in Schleswig-Holstein im Kreis ihrer Familie einen Alltag auf dem Land zu leben.","robots":{"index":"index","follow":"follow","max-snippet":"max-snippet:-1","max-image-preview":"max-image-preview:large","max-video-preview":"max-video-preview:-1"},"canonical":"https:\/\/www.deutsche-glasfaser.de\/blog\/wie-der-kinderintensivpflegedienst-balu-sich-digital-organisiert\/","og_locale":"de_DE","og_type":"article","og_title":"Kinderpflege auf dem Land digital organisiert - Digitales B\u00fcrgernetz","og_description":"Der Pflegedienst BALU erm\u00f6glicht es schwer kranken Kindern in Schleswig-Holstein im Kreis ihrer Familie einen Alltag auf dem Land zu leben.","og_url":"https:\/\/www.deutsche-glasfaser.de\/blog\/wie-der-kinderintensivpflegedienst-balu-sich-digital-organisiert\/","og_site_name":"Digitales B\u00fcrgernetz","article_published_time":"2021-10-22T06:49:43+00:00","article_modified_time":"2021-10-22T06:49:44+00:00","og_image":[{"width":1500,"height":705,"url":"https:\/\/www.deutsche-glasfaser.de\/blog\/wp-content\/uploads\/2021\/10\/T_Balu1.jpeg","type":"image\/jpeg"}],"author":"C","twitter_card":"summary_large_image","twitter_misc":{"Verfasst von":"C","Gesch\u00e4tzte Lesezeit":"4\u00a0Minuten"},"schema":{"@context":"https:\/\/schema.org","@graph":[{"@type":"Article","@id":"https:\/\/www.deutsche-glasfaser.de\/blog\/wie-der-kinderintensivpflegedienst-balu-sich-digital-organisiert\/#article","isPartOf":{"@id":"https:\/\/www.deutsche-glasfaser.de\/blog\/wie-der-kinderintensivpflegedienst-balu-sich-digital-organisiert\/"},"author":{"name":"C","@id":"https:\/\/www.deutsche-glasfaser.de\/blog\/#\/schema\/person\/7b960afdacb2422287b1d46d4c3366c1"},"headline":"Wie der Kinderintensivpflegedienst BALU sich digital organisiert","datePublished":"2021-10-22T06:49:43+00:00","dateModified":"2021-10-22T06:49:44+00:00","mainEntityOfPage":{"@id":"https:\/\/www.deutsche-glasfaser.de\/blog\/wie-der-kinderintensivpflegedienst-balu-sich-digital-organisiert\/"},"wordCount":826,"commentCount":0,"publisher":{"@id":"https:\/\/www.deutsche-glasfaser.de\/blog\/#organization"},"image":{"@id":"https:\/\/www.deutsche-glasfaser.de\/blog\/wie-der-kinderintensivpflegedienst-balu-sich-digital-organisiert\/#primaryimage"},"thumbnailUrl":"https:\/\/www.deutsche-glasfaser.de\/blog\/wp-content\/uploads\/2021\/10\/T_Balu1.jpeg","articleSection":["#Gesundheit"],"inLanguage":"de","potentialAction":[{"@type":"CommentAction","name":"Comment","target":["https:\/\/www.deutsche-glasfaser.de\/blog\/wie-der-kinderintensivpflegedienst-balu-sich-digital-organisiert\/#respond"]}]},{"@type":"WebPage","@id":"https:\/\/www.deutsche-glasfaser.de\/blog\/wie-der-kinderintensivpflegedienst-balu-sich-digital-organisiert\/","url":"https:\/\/www.deutsche-glasfaser.de\/blog\/wie-der-kinderintensivpflegedienst-balu-sich-digital-organisiert\/","name":"Kinderpflege auf dem Land digital organisiert - Digitales B\u00fcrgernetz","isPartOf":{"@id":"https:\/\/www.deutsche-glasfaser.de\/blog\/#website"},"primaryImageOfPage":{"@id":"https:\/\/www.deutsche-glasfaser.de\/blog\/wie-der-kinderintensivpflegedienst-balu-sich-digital-organisiert\/#primaryimage"},"image":{"@id":"https:\/\/www.deutsche-glasfaser.de\/blog\/wie-der-kinderintensivpflegedienst-balu-sich-digital-organisiert\/#primaryimage"},"thumbnailUrl":"https:\/\/www.deutsche-glasfaser.de\/blog\/wp-content\/uploads\/2021\/10\/T_Balu1.jpeg","datePublished":"2021-10-22T06:49:43+00:00","dateModified":"2021-10-22T06:49:44+00:00","description":"Der Pflegedienst BALU erm\u00f6glicht es schwer kranken Kindern in Schleswig-Holstein im Kreis ihrer Familie einen Alltag auf dem Land zu leben.","inLanguage":"de","potentialAction":[{"@type":"ReadAction","target":["https:\/\/www.deutsche-glasfaser.de\/blog\/wie-der-kinderintensivpflegedienst-balu-sich-digital-organisiert\/"]}]},{"@type":"ImageObject","inLanguage":"de","@id":"https:\/\/www.deutsche-glasfaser.de\/blog\/wie-der-kinderintensivpflegedienst-balu-sich-digital-organisiert\/#primaryimage","url":"https:\/\/www.deutsche-glasfaser.de\/blog\/wp-content\/uploads\/2021\/10\/T_Balu1.jpeg","contentUrl":"https:\/\/www.deutsche-glasfaser.de\/blog\/wp-content\/uploads\/2021\/10\/T_Balu1.jpeg","width":1500,"height":705,"caption":"Zeit f\u00fcr die kleinen Patienten ist das wichtigste, Bild: Balu Kinderintensivpflegedienst"},{"@type":"WebSite","@id":"https:\/\/www.deutsche-glasfaser.de\/blog\/#website","url":"https:\/\/www.deutsche-glasfaser.de\/blog\/","name":"Digitales B\u00fcrgernetz","description":"Deutsche Glasfaser Blog","publisher":{"@id":"https:\/\/www.deutsche-glasfaser.de\/blog\/#organization"},"potentialAction":[{"@type":"SearchAction","target":{"@type":"EntryPoint","urlTemplate":"https:\/\/www.deutsche-glasfaser.de\/blog\/?s={search_term_string}"},"query-input":{"@type":"PropertyValueSpecification","valueRequired":true,"valueName":"search_term_string"}}],"inLanguage":"de"},{"@type":"Organization","@id":"https:\/\/www.deutsche-glasfaser.de\/blog\/#organization","name":"Digitales B\u00fcrgernetz","url":"https:\/\/www.deutsche-glasfaser.de\/blog\/","logo":{"@type":"ImageObject","inLanguage":"de","@id":"https:\/\/www.deutsche-glasfaser.de\/blog\/#\/schema\/logo\/image\/","url":"https:\/\/www.deutsche-glasfaser.de\/blog\/wp-content\/uploads\/2021\/08\/DGF_Logo_Basis_RGB-Large@2x.png","contentUrl":"https:\/\/www.deutsche-glasfaser.de\/blog\/wp-content\/uploads\/2021\/08\/DGF_Logo_Basis_RGB-Large@2x.png","width":312,"height":104,"caption":"Digitales B\u00fcrgernetz"},"image":{"@id":"https:\/\/www.deutsche-glasfaser.de\/blog\/#\/schema\/logo\/image\/"}},{"@type":"Person","@id":"https:\/\/www.deutsche-glasfaser.de\/blog\/#\/schema\/person\/7b960afdacb2422287b1d46d4c3366c1","name":"C"}]}},"_links":{"self":[{"href":"https:\/\/www.deutsche-glasfaser.de\/blog\/wp-json\/wp\/v2\/posts\/8993","targetHints":{"allow":["GET"]}}],"collection":[{"href":"https:\/\/www.deutsche-glasfaser.de\/blog\/wp-json\/wp\/v2\/posts"}],"about":[{"href":"https:\/\/www.deutsche-glasfaser.de\/blog\/wp-json\/wp\/v2\/types\/post"}],"author":[{"embeddable":true,"href":"https:\/\/www.deutsche-glasfaser.de\/blog\/wp-json\/wp\/v2\/users\/3"}],"replies":[{"embeddable":true,"href":"https:\/\/www.deutsche-glasfaser.de\/blog\/wp-json\/wp\/v2\/comments?post=8993"}],"version-history":[{"count":22,"href":"https:\/\/www.deutsche-glasfaser.de\/blog\/wp-json\/wp\/v2\/posts\/8993\/revisions"}],"predecessor-version":[{"id":9017,"href":"https:\/\/www.deutsche-glasfaser.de\/blog\/wp-json\/wp\/v2\/posts\/8993\/revisions\/9017"}],"wp:featuredmedia":[{"embeddable":true,"href":"https:\/\/www.deutsche-glasfaser.de\/blog\/wp-json\/wp\/v2\/media\/8995"}],"wp:attachment":[{"href":"https:\/\/www.deutsche-glasfaser.de\/blog\/wp-json\/wp\/v2\/media?parent=8993"}],"wp:term":[{"taxonomy":"category","embeddable":true,"href":"https:\/\/www.deutsche-glasfaser.de\/blog\/wp-json\/wp\/v2\/categories?post=8993"},{"taxonomy":"post_tag","embeddable":true,"href":"https:\/\/www.deutsche-glasfaser.de\/blog\/wp-json\/wp\/v2\/tags?post=8993"}],"curies":[{"name":"wp","href":"https:\/\/api.w.org\/{rel}","templated":true}]}}