{"id":887,"date":"2020-06-29T12:44:06","date_gmt":"2020-06-29T12:44:06","guid":{"rendered":"https:\/\/www.deutsche-glasfaser.de\/blog\/dgblog-snapshot-20190819123943\/?p=887"},"modified":"2025-03-21T10:28:32","modified_gmt":"2025-03-21T09:28:32","slug":"mwst-senkung","status":"publish","type":"post","link":"https:\/\/www.deutsche-glasfaser.de\/blog\/mwst-senkung\/","title":{"rendered":"Mehrwertsteuer-Senkung"},"content":{"rendered":"\t\t<div data-elementor-type=\"wp-post\" data-elementor-id=\"887\" class=\"elementor elementor-887\">\n\t\t\t\t\t\t<section class=\"elementor-section elementor-top-section elementor-element elementor-element-28826bb elementor-section-boxed elementor-section-height-default elementor-section-height-default\" data-id=\"28826bb\" data-element_type=\"section\" data-e-type=\"section\">\n\t\t\t\t\t\t<div class=\"elementor-container elementor-column-gap-default\">\n\t\t\t\t\t<div class=\"elementor-column elementor-col-100 elementor-top-column elementor-element elementor-element-30d6175\" data-id=\"30d6175\" data-element_type=\"column\" data-e-type=\"column\">\n\t\t\t<div class=\"elementor-widget-wrap elementor-element-populated\">\n\t\t\t\t\t\t<div class=\"elementor-element elementor-element-337c52c elementor-widget elementor-widget-text-editor\" data-id=\"337c52c\" data-element_type=\"widget\" data-e-type=\"widget\" data-widget_type=\"text-editor.default\">\n\t\t\t\t<div class=\"elementor-widget-container\">\n\t\t\t\t\t\t\t\t\t<p><strong>Wir sind dabei &#8211; und reichen alle Vorteile direkt an unsere Kunden weiter.<\/strong><\/p>\t\t\t\t\t\t\t\t<\/div>\n\t\t\t\t<\/div>\n\t\t\t\t\t<\/div>\n\t\t<\/div>\n\t\t\t\t\t<\/div>\n\t\t<\/section>\n\t\t\t\t<section class=\"elementor-section elementor-top-section elementor-element elementor-element-57b7944f elementor-section-boxed elementor-section-height-default elementor-section-height-default\" data-id=\"57b7944f\" data-element_type=\"section\" data-e-type=\"section\">\n\t\t\t\t\t\t<div class=\"elementor-container elementor-column-gap-default\">\n\t\t\t\t\t<div class=\"elementor-column elementor-col-100 elementor-top-column elementor-element elementor-element-527897b5\" data-id=\"527897b5\" data-element_type=\"column\" data-e-type=\"column\">\n\t\t\t<div class=\"elementor-widget-wrap elementor-element-populated\">\n\t\t\t\t\t\t<div class=\"elementor-element elementor-element-6a14facf elementor-widget elementor-widget-text-editor\" data-id=\"6a14facf\" data-element_type=\"widget\" data-e-type=\"widget\" data-widget_type=\"text-editor.default\">\n\t\t\t\t<div class=\"elementor-widget-container\">\n\t\t\t\t\t\t\t\t\t\n<p>Die Corona-Pandemie stellt uns alle vor soziale und wirtschaftliche Herausforderungen. Um die Zukunftsf\u00e4higkeit des Landes zu st\u00fctzen, hat die Bundesregierung ein beispielloses Konjunkturpaket mit einem Volumen von rund 130 Milliarden \u20ac beschlossen. Zu den Erleichterungen und Hilfen f\u00fcr die B\u00fcrger z\u00e4hlt auch die befristete Senkung der Mehrwertsteuer von 19 % auf 16 % vom 01.07. bis 31.12.2020. Wir geben diese Mehrwertsteuersenkung komplett als Preisvorteil an unsere Kunden weiter \u2013 damit auch Sie davon profitieren k\u00f6nnen.<\/p>\n\t\t\t\t\t\t\t\t<\/div>\n\t\t\t\t<\/div>\n\t\t\t\t<section class=\"elementor-section elementor-inner-section elementor-element elementor-element-243b208 elementor-section-boxed elementor-section-height-default elementor-section-height-default\" data-id=\"243b208\" data-element_type=\"section\" data-e-type=\"section\">\n\t\t\t\t\t\t<div class=\"elementor-container elementor-column-gap-default\">\n\t\t\t\t\t<div class=\"elementor-column elementor-col-66 elementor-inner-column elementor-element elementor-element-05f59db\" data-id=\"05f59db\" data-element_type=\"column\" data-e-type=\"column\">\n\t\t\t<div class=\"elementor-widget-wrap elementor-element-populated\">\n\t\t\t\t\t\t<div class=\"elementor-element elementor-element-db5c60d elementor-widget elementor-widget-text-editor\" data-id=\"db5c60d\" data-element_type=\"widget\" data-e-type=\"widget\" data-widget_type=\"text-editor.default\">\n\t\t\t\t<div class=\"elementor-widget-container\">\n\t\t\t\t\t\t\t\t\t<p style=\"color: #00aef8;\"><strong>Digitalisierungsmotor f\u00fcr Deutschland:<\/strong><br \/><strong>Neue Deutsche Glasfaser Unternehmensgruppe wird Glasfaserausbau massiv vorantreiben<\/strong><\/p>\n<div style=\"text-size: 14px; color: #000000;\">Beschlossene Sache: EQT und OMERS vereinen Deutsche Glasfaser und inexio zu einem starken privatwirtschaftlichen Glasfaserausbauer in Deutschland \u2013 mit einem Gesamtinvestitionsvolumen von 7 Milliarden Euro.<\/div>\t\t\t\t\t\t\t\t<\/div>\n\t\t\t\t<\/div>\n\t\t\t\t<div class=\"elementor-element elementor-element-d105c71 elementor-widget elementor-widget-button\" data-id=\"d105c71\" data-element_type=\"widget\" data-e-type=\"widget\" data-widget_type=\"button.default\">\n\t\t\t\t<div class=\"elementor-widget-container\">\n\t\t\t\t\t\t\t\t\t<div class=\"elementor-button-wrapper\">\n\t\t\t\t\t<a class=\"elementor-button elementor-button-link elementor-size-sm\" href=\"https:\/\/presse.deutsche-glasfaser.de\/pressreleases\/digitalisierungsmotor-fur-deutschland-neue-deutsche-glasfaser-unternehmensgruppe-wird-glasfaserausbau-massiv-vorantreiben-3000484\" target=\"_blank\">\n\t\t\t\t\t\t<span class=\"elementor-button-content-wrapper\">\n\t\t\t\t\t\t\t\t\t<span class=\"elementor-button-text\">Weiterlesen<\/span>\n\t\t\t\t\t<\/span>\n\t\t\t\t\t<\/a>\n\t\t\t\t<\/div>\n\t\t\t\t\t\t\t\t<\/div>\n\t\t\t\t<\/div>\n\t\t\t\t\t<\/div>\n\t\t<\/div>\n\t\t\t\t<div class=\"elementor-column elementor-col-33 elementor-inner-column elementor-element elementor-element-b589ef2\" data-id=\"b589ef2\" data-element_type=\"column\" data-e-type=\"column\">\n\t\t\t<div class=\"elementor-widget-wrap elementor-element-populated\">\n\t\t\t\t\t\t<div class=\"elementor-element elementor-element-3c2314a elementor-widget elementor-widget-image\" data-id=\"3c2314a\" data-element_type=\"widget\" data-e-type=\"widget\" data-widget_type=\"image.default\">\n\t\t\t\t<div class=\"elementor-widget-container\">\n\t\t\t\t\t\t\t\t\t\t\t\t\t\t\t<img fetchpriority=\"high\" decoding=\"async\" width=\"300\" height=\"300\" src=\"https:\/\/www.deutsche-glasfaser.de\/blog\/wp-content\/uploads\/2021\/09\/Logos_Unternehmensgruppe.png\" class=\"attachment-medium_large size-medium_large wp-image-7941\" alt=\"\" srcset=\"https:\/\/www.deutsche-glasfaser.de\/blog\/wp-content\/uploads\/2021\/09\/Logos_Unternehmensgruppe.png 300w, https:\/\/www.deutsche-glasfaser.de\/blog\/wp-content\/uploads\/2021\/09\/Logos_Unternehmensgruppe-150x150.png 150w\" sizes=\"(max-width: 300px) 100vw, 300px\" \/>\t\t\t\t\t\t\t\t\t\t\t\t\t\t\t<\/div>\n\t\t\t\t<\/div>\n\t\t\t\t\t<\/div>\n\t\t<\/div>\n\t\t\t\t\t<\/div>\n\t\t<\/section>\n\t\t\t\t<div class=\"elementor-element elementor-element-0b260fa elementor-widget elementor-widget-text-editor\" data-id=\"0b260fa\" data-element_type=\"widget\" data-e-type=\"widget\" data-widget_type=\"text-editor.default\">\n\t\t\t\t<div class=\"elementor-widget-container\">\n\t\t\t\t\t\t\t\t\t<p><strong>Beispielrechnung Januar 2021<\/strong><\/p>\t\t\t\t\t\t\t\t<\/div>\n\t\t\t\t<\/div>\n\t\t\t\t<div class=\"elementor-element elementor-element-8dd2adb elementor-tabs-view-horizontal elementor-widget elementor-widget-tabs\" data-id=\"8dd2adb\" data-element_type=\"widget\" data-e-type=\"widget\" data-widget_type=\"tabs.default\">\n\t\t\t\t<div class=\"elementor-widget-container\">\n\t\t\t\t\t\t\t<div class=\"elementor-tabs\">\n\t\t\t<div class=\"elementor-tabs-wrapper\" role=\"tablist\" >\n\t\t\t\t\t\t\t\t\t<div id=\"elementor-tab-title-1481\" class=\"elementor-tab-title elementor-tab-desktop-title\" aria-selected=\"true\" data-tab=\"1\" role=\"tab\" tabindex=\"0\" aria-controls=\"elementor-tab-content-1481\" aria-expanded=\"false\">Deutsche Glasfaser<\/div>\n\t\t\t\t\t\t\t\t\t<div id=\"elementor-tab-title-1482\" class=\"elementor-tab-title elementor-tab-desktop-title\" aria-selected=\"false\" data-tab=\"2\" role=\"tab\" tabindex=\"-1\" aria-controls=\"elementor-tab-content-1482\" aria-expanded=\"false\">Inexio<\/div>\n\t\t\t\t\t\t\t\t\t<div id=\"elementor-tab-title-1483\" class=\"elementor-tab-title elementor-tab-desktop-title\" aria-selected=\"false\" data-tab=\"3\" role=\"tab\" tabindex=\"-1\" aria-controls=\"elementor-tab-content-1483\" aria-expanded=\"false\">Symbox<\/div>\n\t\t\t\t\t\t\t<\/div>\n\t\t\t<div class=\"elementor-tabs-content-wrapper\" role=\"tablist\" aria-orientation=\"vertical\">\n\t\t\t\t\t\t\t\t\t<div class=\"elementor-tab-title elementor-tab-mobile-title\" aria-selected=\"true\" data-tab=\"1\" role=\"tab\" tabindex=\"0\" aria-controls=\"elementor-tab-content-1481\" aria-expanded=\"false\">Deutsche Glasfaser<\/div>\n\t\t\t\t\t<div id=\"elementor-tab-content-1481\" class=\"elementor-tab-content elementor-clearfix\" data-tab=\"1\" role=\"tabpanel\" aria-labelledby=\"elementor-tab-title-1481\" tabindex=\"0\" hidden=\"false\"><p>Die berechnete Mehrwertsteuer wird Ihnen bei Deutsche Glasfaser direkt unter dem Rechnungsbetrag inkl. Umsatzsteuer angezeigt.<\/p>\n<p><img decoding=\"async\" class=\"alignnone wp-image-8148 size-large\" src=\"https:\/\/www.deutsche-glasfaser.de\/blog\/wp-content\/uploads\/2021\/09\/Beispielrechnung_Symbox-1024x460.jpg\" alt=\"\" width=\"1024\" height=\"460\" srcset=\"https:\/\/www.deutsche-glasfaser.de\/blog\/wp-content\/uploads\/2021\/09\/Beispielrechnung_Symbox-1024x460.jpg 1024w, https:\/\/www.deutsche-glasfaser.de\/blog\/wp-content\/uploads\/2021\/09\/Beispielrechnung_Symbox-300x135.jpg 300w, https:\/\/www.deutsche-glasfaser.de\/blog\/wp-content\/uploads\/2021\/09\/Beispielrechnung_Symbox-768x345.jpg 768w, https:\/\/www.deutsche-glasfaser.de\/blog\/wp-content\/uploads\/2021\/09\/Beispielrechnung_Symbox.jpg 1335w\" sizes=\"(max-width: 1024px) 100vw, 1024px\" \/><\/p><\/div>\n\t\t\t\t\t\t\t\t\t<div class=\"elementor-tab-title elementor-tab-mobile-title\" aria-selected=\"false\" data-tab=\"2\" role=\"tab\" tabindex=\"-1\" aria-controls=\"elementor-tab-content-1482\" aria-expanded=\"false\">Inexio<\/div>\n\t\t\t\t\t<div id=\"elementor-tab-content-1482\" class=\"elementor-tab-content elementor-clearfix\" data-tab=\"2\" role=\"tabpanel\" aria-labelledby=\"elementor-tab-title-1482\" tabindex=\"0\" hidden=\"hidden\"><p>Den Mehrwertsteuersenkungsrabatt finden Sie bei Inexio direkt \u00fcber dem monatlichen Rechnungsbetrag.<\/p>\n<p><img decoding=\"async\" class=\"alignnone wp-image-8149 size-large\" src=\"https:\/\/www.deutsche-glasfaser.de\/blog\/wp-content\/uploads\/2021\/09\/Inexio_Beispielrechnung-1024x434.jpg\" alt=\"\" width=\"1024\" height=\"434\" srcset=\"https:\/\/www.deutsche-glasfaser.de\/blog\/wp-content\/uploads\/2021\/09\/Inexio_Beispielrechnung-1024x434.jpg 1024w, https:\/\/www.deutsche-glasfaser.de\/blog\/wp-content\/uploads\/2021\/09\/Inexio_Beispielrechnung-300x127.jpg 300w, https:\/\/www.deutsche-glasfaser.de\/blog\/wp-content\/uploads\/2021\/09\/Inexio_Beispielrechnung-768x325.jpg 768w, https:\/\/www.deutsche-glasfaser.de\/blog\/wp-content\/uploads\/2021\/09\/Inexio_Beispielrechnung.jpg 1341w\" sizes=\"(max-width: 1024px) 100vw, 1024px\" \/><\/p><\/div>\n\t\t\t\t\t\t\t\t\t<div class=\"elementor-tab-title elementor-tab-mobile-title\" aria-selected=\"false\" data-tab=\"3\" role=\"tab\" tabindex=\"-1\" aria-controls=\"elementor-tab-content-1483\" aria-expanded=\"false\">Symbox<\/div>\n\t\t\t\t\t<div id=\"elementor-tab-content-1483\" class=\"elementor-tab-content elementor-clearfix\" data-tab=\"3\" role=\"tabpanel\" aria-labelledby=\"elementor-tab-title-1483\" tabindex=\"0\" hidden=\"hidden\"><p>Ihren Corona Mehrwertsteuersenkungsrabatt finden Sie auf Ihrer Symbox-Rechnung direkt \u00fcber dem monatlichen Rechnungsbetrag.<\/p>\n<p><img loading=\"lazy\" decoding=\"async\" class=\"alignnone wp-image-8150 size-full\" src=\"https:\/\/www.deutsche-glasfaser.de\/blog\/wp-content\/uploads\/2021\/09\/Screenshot-2021-01-15-155524-e1610724133142.png\" alt=\"\" width=\"638\" height=\"272\" srcset=\"https:\/\/www.deutsche-glasfaser.de\/blog\/wp-content\/uploads\/2021\/09\/Screenshot-2021-01-15-155524-e1610724133142.png 638w, https:\/\/www.deutsche-glasfaser.de\/blog\/wp-content\/uploads\/2021\/09\/Screenshot-2021-01-15-155524-e1610724133142-300x128.png 300w\" sizes=\"(max-width: 638px) 100vw, 638px\" \/><\/p><\/div>\n\t\t\t\t\t\t\t<\/div>\n\t\t<\/div>\n\t\t\t\t\t\t<\/div>\n\t\t\t\t<\/div>\n\t\t\t\t<div class=\"elementor-element elementor-element-faec4e5 elementor-widget elementor-widget-text-editor\" data-id=\"faec4e5\" data-element_type=\"widget\" data-e-type=\"widget\" data-widget_type=\"text-editor.default\">\n\t\t\t\t<div class=\"elementor-widget-container\">\n\t\t\t\t\t\t\t\t\t<p>Bitte beachten Sie, dass in der Januar-Rechnung von Deutsche Glasfaser die Entgelte f\u00fcr Januar mit 19 % und f\u00fcr Dezember mit 16 % versteuert werden, da es sich wie gewohnt um eine Teilrechnung f\u00fcr die beiden Monate handelt. Mit der n\u00e4chsten Rechnung werden nur noch 19 % MwSt. erhoben.<\/p>\n<p>Als Kunde haben Sie w\u00e4hrend des Corona-Lockdowns bereits von einer schnellen Internetverbindung profitiert. Damit Ihnen Millionen von Haushalten in die digitale Zukunft folgen k\u00f6nnen, werden wir den privatwirtschaftlichen Ausbau von <a href=\"https:\/\/www.deutsche-glasfaser.de\/blog\/wozu-wird-schon-heute-ein-ftth-anschluss-benoetigt\/\" target=\"_blank\" rel=\"noopener\">FTTH-Glasfasernetzen<\/a> (\u201eFiber To The Home\u201c \u2013 Glasfaser bis ins Haus) in den kommenden Jahren massiv beschleunigen. Unser Plan: Mehr als 6 Millionen Anschl\u00fcsse f\u00fcr Privathaushalte, Unternehmen und staatliche Einrichtungen. Damit wird die neue Unternehmensgruppe Deutsche Glasfaser, die vor kurzem aus Deutsche Glasfaser und inexio hervorgegangen ist, den gr\u00f6\u00dften Teil der heute noch nicht mit Gigabit-f\u00e4higen Internetanschl\u00fcssen versorgten Gebiete in Deutschland mit FTTH erschlie\u00dfen.<\/p>\n<p>Sollten Sie Fragen haben, rufen Sie gerne unseren <strong>Kundenservice unter Tel. 02861 890 600<\/strong> an.<\/p>\t\t\t\t\t\t\t\t<\/div>\n\t\t\t\t<\/div>\n\t\t\t\t<div class=\"elementor-element elementor-element-e18fa90 elementor-widget elementor-widget-text-editor\" data-id=\"e18fa90\" data-element_type=\"widget\" data-e-type=\"widget\" data-widget_type=\"text-editor.default\">\n\t\t\t\t<div class=\"elementor-widget-container\">\n\t\t\t\t\t\t\t\t\t<p style=\"font-size: 14px;\">*Aufgrund der tempor\u00e4ren Absenkung der Mehrwertsteuer geben wir unseren Kunden die Preisvorteile vom 01.07. bis 31.12.2020 im vollen Umfang weiter.\u00a0<\/p>\t\t\t\t\t\t\t\t<\/div>\n\t\t\t\t<\/div>\n\t\t\t\t\t<\/div>\n\t\t<\/div>\n\t\t\t\t\t<\/div>\n\t\t<\/section>\n\t\t\t\t<\/div>\n\t\t","protected":false},"excerpt":{"rendered":"<p>Wir sind dabei &#8211; und reichen alle Vorteile direkt an unsere Kunden weiter. Die Corona-Pandemie stellt uns alle vor soziale und wirtschaftliche Herausforderungen. Um die Zukunftsf\u00e4higkeit des Landes zu st\u00fctzen, hat die Bundesregierung ein beispielloses Konjunkturpaket mit einem Volumen von [&hellip;]<\/p>\n","protected":false},"author":5,"featured_media":6230,"comment_status":"closed","ping_status":"open","sticky":false,"template":"","format":"standard","meta":{"footnotes":""},"categories":[1],"tags":[],"class_list":["post-887","post","type-post","status-publish","format-standard","has-post-thumbnail","hentry","category-service"],"yoast_head":"<!-- This site is optimized with the Yoast SEO plugin v27.5 - https:\/\/yoast.com\/product\/yoast-seo-wordpress\/ -->\n<title>Mehrwertsteuer-Senkung - Digitales B\u00fcrgernetz<\/title>\n<meta name=\"robots\" content=\"index, follow, max-snippet:-1, max-image-preview:large, max-video-preview:-1\" \/>\n<link rel=\"canonical\" href=\"https:\/\/www.deutsche-glasfaser.de\/blog\/mwst-senkung\/\" \/>\n<meta property=\"og:locale\" content=\"de_DE\" \/>\n<meta property=\"og:type\" content=\"article\" \/>\n<meta property=\"og:title\" content=\"Mehrwertsteuer-Senkung - Digitales B\u00fcrgernetz\" \/>\n<meta property=\"og:description\" content=\"Wir sind dabei &#8211; und reichen alle Vorteile direkt an unsere Kunden weiter. Die Corona-Pandemie stellt uns alle vor soziale und wirtschaftliche Herausforderungen. Um die Zukunftsf\u00e4higkeit des Landes zu st\u00fctzen, hat die Bundesregierung ein beispielloses Konjunkturpaket mit einem Volumen von [&hellip;]\" \/>\n<meta property=\"og:url\" content=\"https:\/\/www.deutsche-glasfaser.de\/blog\/mwst-senkung\/\" \/>\n<meta property=\"og:site_name\" content=\"Digitales B\u00fcrgernetz\" \/>\n<meta property=\"article:published_time\" content=\"2020-06-29T12:44:06+00:00\" \/>\n<meta property=\"article:modified_time\" content=\"2025-03-21T09:28:32+00:00\" \/>\n<meta property=\"og:image\" content=\"https:\/\/www.deutsche-glasfaser.de\/blog\/wp-content\/uploads\/2021\/08\/Header_Mwst_Senkung_Blog.png\" \/>\n\t<meta property=\"og:image:width\" content=\"600\" \/>\n\t<meta property=\"og:image:height\" content=\"300\" \/>\n\t<meta property=\"og:image:type\" content=\"image\/png\" \/>\n<meta name=\"author\" content=\"Deutsche Glasfaser\" \/>\n<meta name=\"twitter:card\" content=\"summary_large_image\" \/>\n<meta name=\"twitter:label1\" content=\"Verfasst von\" \/>\n\t<meta name=\"twitter:data1\" content=\"Deutsche Glasfaser\" \/>\n\t<meta name=\"twitter:label2\" content=\"Gesch\u00e4tzte Lesezeit\" \/>\n\t<meta name=\"twitter:data2\" content=\"3\u00a0Minuten\" \/>\n<script type=\"application\/ld+json\" class=\"yoast-schema-graph\">{\"@context\":\"https:\\\/\\\/schema.org\",\"@graph\":[{\"@type\":\"Article\",\"@id\":\"https:\\\/\\\/www.deutsche-glasfaser.de\\\/blog\\\/mwst-senkung\\\/#article\",\"isPartOf\":{\"@id\":\"https:\\\/\\\/www.deutsche-glasfaser.de\\\/blog\\\/mwst-senkung\\\/\"},\"author\":{\"name\":\"Deutsche Glasfaser\",\"@id\":\"https:\\\/\\\/www.deutsche-glasfaser.de\\\/blog\\\/#\\\/schema\\\/person\\\/9380a6dc7443d77143d0c66c409f574b\"},\"headline\":\"Mehrwertsteuer-Senkung\",\"datePublished\":\"2020-06-29T12:44:06+00:00\",\"dateModified\":\"2025-03-21T09:28:32+00:00\",\"mainEntityOfPage\":{\"@id\":\"https:\\\/\\\/www.deutsche-glasfaser.de\\\/blog\\\/mwst-senkung\\\/\"},\"wordCount\":348,\"publisher\":{\"@id\":\"https:\\\/\\\/www.deutsche-glasfaser.de\\\/blog\\\/#organization\"},\"image\":{\"@id\":\"https:\\\/\\\/www.deutsche-glasfaser.de\\\/blog\\\/mwst-senkung\\\/#primaryimage\"},\"thumbnailUrl\":\"https:\\\/\\\/www.deutsche-glasfaser.de\\\/blog\\\/wp-content\\\/uploads\\\/2021\\\/08\\\/Header_Mwst_Senkung_Blog.png\",\"articleSection\":[\"Service\"],\"inLanguage\":\"de\"},{\"@type\":\"WebPage\",\"@id\":\"https:\\\/\\\/www.deutsche-glasfaser.de\\\/blog\\\/mwst-senkung\\\/\",\"url\":\"https:\\\/\\\/www.deutsche-glasfaser.de\\\/blog\\\/mwst-senkung\\\/\",\"name\":\"Mehrwertsteuer-Senkung - Digitales B\u00fcrgernetz\",\"isPartOf\":{\"@id\":\"https:\\\/\\\/www.deutsche-glasfaser.de\\\/blog\\\/#website\"},\"primaryImageOfPage\":{\"@id\":\"https:\\\/\\\/www.deutsche-glasfaser.de\\\/blog\\\/mwst-senkung\\\/#primaryimage\"},\"image\":{\"@id\":\"https:\\\/\\\/www.deutsche-glasfaser.de\\\/blog\\\/mwst-senkung\\\/#primaryimage\"},\"thumbnailUrl\":\"https:\\\/\\\/www.deutsche-glasfaser.de\\\/blog\\\/wp-content\\\/uploads\\\/2021\\\/08\\\/Header_Mwst_Senkung_Blog.png\",\"datePublished\":\"2020-06-29T12:44:06+00:00\",\"dateModified\":\"2025-03-21T09:28:32+00:00\",\"inLanguage\":\"de\",\"potentialAction\":[{\"@type\":\"ReadAction\",\"target\":[\"https:\\\/\\\/www.deutsche-glasfaser.de\\\/blog\\\/mwst-senkung\\\/\"]}]},{\"@type\":\"ImageObject\",\"inLanguage\":\"de\",\"@id\":\"https:\\\/\\\/www.deutsche-glasfaser.de\\\/blog\\\/mwst-senkung\\\/#primaryimage\",\"url\":\"https:\\\/\\\/www.deutsche-glasfaser.de\\\/blog\\\/wp-content\\\/uploads\\\/2021\\\/08\\\/Header_Mwst_Senkung_Blog.png\",\"contentUrl\":\"https:\\\/\\\/www.deutsche-glasfaser.de\\\/blog\\\/wp-content\\\/uploads\\\/2021\\\/08\\\/Header_Mwst_Senkung_Blog.png\",\"width\":600,\"height\":300},{\"@type\":\"WebSite\",\"@id\":\"https:\\\/\\\/www.deutsche-glasfaser.de\\\/blog\\\/#website\",\"url\":\"https:\\\/\\\/www.deutsche-glasfaser.de\\\/blog\\\/\",\"name\":\"Digitales B\u00fcrgernetz\",\"description\":\"Deutsche Glasfaser Blog\",\"publisher\":{\"@id\":\"https:\\\/\\\/www.deutsche-glasfaser.de\\\/blog\\\/#organization\"},\"potentialAction\":[{\"@type\":\"SearchAction\",\"target\":{\"@type\":\"EntryPoint\",\"urlTemplate\":\"https:\\\/\\\/www.deutsche-glasfaser.de\\\/blog\\\/?s={search_term_string}\"},\"query-input\":{\"@type\":\"PropertyValueSpecification\",\"valueRequired\":true,\"valueName\":\"search_term_string\"}}],\"inLanguage\":\"de\"},{\"@type\":\"Organization\",\"@id\":\"https:\\\/\\\/www.deutsche-glasfaser.de\\\/blog\\\/#organization\",\"name\":\"Digitales B\u00fcrgernetz\",\"url\":\"https:\\\/\\\/www.deutsche-glasfaser.de\\\/blog\\\/\",\"logo\":{\"@type\":\"ImageObject\",\"inLanguage\":\"de\",\"@id\":\"https:\\\/\\\/www.deutsche-glasfaser.de\\\/blog\\\/#\\\/schema\\\/logo\\\/image\\\/\",\"url\":\"https:\\\/\\\/www.deutsche-glasfaser.de\\\/blog\\\/wp-content\\\/uploads\\\/2021\\\/08\\\/DGF_Logo_Basis_RGB-Large@2x.png\",\"contentUrl\":\"https:\\\/\\\/www.deutsche-glasfaser.de\\\/blog\\\/wp-content\\\/uploads\\\/2021\\\/08\\\/DGF_Logo_Basis_RGB-Large@2x.png\",\"width\":312,\"height\":104,\"caption\":\"Digitales B\u00fcrgernetz\"},\"image\":{\"@id\":\"https:\\\/\\\/www.deutsche-glasfaser.de\\\/blog\\\/#\\\/schema\\\/logo\\\/image\\\/\"}},{\"@type\":\"Person\",\"@id\":\"https:\\\/\\\/www.deutsche-glasfaser.de\\\/blog\\\/#\\\/schema\\\/person\\\/9380a6dc7443d77143d0c66c409f574b\",\"name\":\"Deutsche Glasfaser\"}]}<\/script>\n<!-- \/ Yoast SEO plugin. -->","yoast_head_json":{"title":"Mehrwertsteuer-Senkung - Digitales B\u00fcrgernetz","robots":{"index":"index","follow":"follow","max-snippet":"max-snippet:-1","max-image-preview":"max-image-preview:large","max-video-preview":"max-video-preview:-1"},"canonical":"https:\/\/www.deutsche-glasfaser.de\/blog\/mwst-senkung\/","og_locale":"de_DE","og_type":"article","og_title":"Mehrwertsteuer-Senkung - Digitales B\u00fcrgernetz","og_description":"Wir sind dabei &#8211; und reichen alle Vorteile direkt an unsere Kunden weiter. Die Corona-Pandemie stellt uns alle vor soziale und wirtschaftliche Herausforderungen. Um die Zukunftsf\u00e4higkeit des Landes zu st\u00fctzen, hat die Bundesregierung ein beispielloses Konjunkturpaket mit einem Volumen von [&hellip;]","og_url":"https:\/\/www.deutsche-glasfaser.de\/blog\/mwst-senkung\/","og_site_name":"Digitales B\u00fcrgernetz","article_published_time":"2020-06-29T12:44:06+00:00","article_modified_time":"2025-03-21T09:28:32+00:00","og_image":[{"width":600,"height":300,"url":"https:\/\/www.deutsche-glasfaser.de\/blog\/wp-content\/uploads\/2021\/08\/Header_Mwst_Senkung_Blog.png","type":"image\/png"}],"author":"Deutsche Glasfaser","twitter_card":"summary_large_image","twitter_misc":{"Verfasst von":"Deutsche Glasfaser","Gesch\u00e4tzte Lesezeit":"3\u00a0Minuten"},"schema":{"@context":"https:\/\/schema.org","@graph":[{"@type":"Article","@id":"https:\/\/www.deutsche-glasfaser.de\/blog\/mwst-senkung\/#article","isPartOf":{"@id":"https:\/\/www.deutsche-glasfaser.de\/blog\/mwst-senkung\/"},"author":{"name":"Deutsche Glasfaser","@id":"https:\/\/www.deutsche-glasfaser.de\/blog\/#\/schema\/person\/9380a6dc7443d77143d0c66c409f574b"},"headline":"Mehrwertsteuer-Senkung","datePublished":"2020-06-29T12:44:06+00:00","dateModified":"2025-03-21T09:28:32+00:00","mainEntityOfPage":{"@id":"https:\/\/www.deutsche-glasfaser.de\/blog\/mwst-senkung\/"},"wordCount":348,"publisher":{"@id":"https:\/\/www.deutsche-glasfaser.de\/blog\/#organization"},"image":{"@id":"https:\/\/www.deutsche-glasfaser.de\/blog\/mwst-senkung\/#primaryimage"},"thumbnailUrl":"https:\/\/www.deutsche-glasfaser.de\/blog\/wp-content\/uploads\/2021\/08\/Header_Mwst_Senkung_Blog.png","articleSection":["Service"],"inLanguage":"de"},{"@type":"WebPage","@id":"https:\/\/www.deutsche-glasfaser.de\/blog\/mwst-senkung\/","url":"https:\/\/www.deutsche-glasfaser.de\/blog\/mwst-senkung\/","name":"Mehrwertsteuer-Senkung - Digitales B\u00fcrgernetz","isPartOf":{"@id":"https:\/\/www.deutsche-glasfaser.de\/blog\/#website"},"primaryImageOfPage":{"@id":"https:\/\/www.deutsche-glasfaser.de\/blog\/mwst-senkung\/#primaryimage"},"image":{"@id":"https:\/\/www.deutsche-glasfaser.de\/blog\/mwst-senkung\/#primaryimage"},"thumbnailUrl":"https:\/\/www.deutsche-glasfaser.de\/blog\/wp-content\/uploads\/2021\/08\/Header_Mwst_Senkung_Blog.png","datePublished":"2020-06-29T12:44:06+00:00","dateModified":"2025-03-21T09:28:32+00:00","inLanguage":"de","potentialAction":[{"@type":"ReadAction","target":["https:\/\/www.deutsche-glasfaser.de\/blog\/mwst-senkung\/"]}]},{"@type":"ImageObject","inLanguage":"de","@id":"https:\/\/www.deutsche-glasfaser.de\/blog\/mwst-senkung\/#primaryimage","url":"https:\/\/www.deutsche-glasfaser.de\/blog\/wp-content\/uploads\/2021\/08\/Header_Mwst_Senkung_Blog.png","contentUrl":"https:\/\/www.deutsche-glasfaser.de\/blog\/wp-content\/uploads\/2021\/08\/Header_Mwst_Senkung_Blog.png","width":600,"height":300},{"@type":"WebSite","@id":"https:\/\/www.deutsche-glasfaser.de\/blog\/#website","url":"https:\/\/www.deutsche-glasfaser.de\/blog\/","name":"Digitales B\u00fcrgernetz","description":"Deutsche Glasfaser Blog","publisher":{"@id":"https:\/\/www.deutsche-glasfaser.de\/blog\/#organization"},"potentialAction":[{"@type":"SearchAction","target":{"@type":"EntryPoint","urlTemplate":"https:\/\/www.deutsche-glasfaser.de\/blog\/?s={search_term_string}"},"query-input":{"@type":"PropertyValueSpecification","valueRequired":true,"valueName":"search_term_string"}}],"inLanguage":"de"},{"@type":"Organization","@id":"https:\/\/www.deutsche-glasfaser.de\/blog\/#organization","name":"Digitales B\u00fcrgernetz","url":"https:\/\/www.deutsche-glasfaser.de\/blog\/","logo":{"@type":"ImageObject","inLanguage":"de","@id":"https:\/\/www.deutsche-glasfaser.de\/blog\/#\/schema\/logo\/image\/","url":"https:\/\/www.deutsche-glasfaser.de\/blog\/wp-content\/uploads\/2021\/08\/DGF_Logo_Basis_RGB-Large@2x.png","contentUrl":"https:\/\/www.deutsche-glasfaser.de\/blog\/wp-content\/uploads\/2021\/08\/DGF_Logo_Basis_RGB-Large@2x.png","width":312,"height":104,"caption":"Digitales B\u00fcrgernetz"},"image":{"@id":"https:\/\/www.deutsche-glasfaser.de\/blog\/#\/schema\/logo\/image\/"}},{"@type":"Person","@id":"https:\/\/www.deutsche-glasfaser.de\/blog\/#\/schema\/person\/9380a6dc7443d77143d0c66c409f574b","name":"Deutsche Glasfaser"}]}},"_links":{"self":[{"href":"https:\/\/www.deutsche-glasfaser.de\/blog\/wp-json\/wp\/v2\/posts\/887","targetHints":{"allow":["GET"]}}],"collection":[{"href":"https:\/\/www.deutsche-glasfaser.de\/blog\/wp-json\/wp\/v2\/posts"}],"about":[{"href":"https:\/\/www.deutsche-glasfaser.de\/blog\/wp-json\/wp\/v2\/types\/post"}],"author":[{"embeddable":true,"href":"https:\/\/www.deutsche-glasfaser.de\/blog\/wp-json\/wp\/v2\/users\/5"}],"replies":[{"embeddable":true,"href":"https:\/\/www.deutsche-glasfaser.de\/blog\/wp-json\/wp\/v2\/comments?post=887"}],"version-history":[{"count":34,"href":"https:\/\/www.deutsche-glasfaser.de\/blog\/wp-json\/wp\/v2\/posts\/887\/revisions"}],"predecessor-version":[{"id":15365,"href":"https:\/\/www.deutsche-glasfaser.de\/blog\/wp-json\/wp\/v2\/posts\/887\/revisions\/15365"}],"wp:featuredmedia":[{"embeddable":true,"href":"https:\/\/www.deutsche-glasfaser.de\/blog\/wp-json\/wp\/v2\/media\/6230"}],"wp:attachment":[{"href":"https:\/\/www.deutsche-glasfaser.de\/blog\/wp-json\/wp\/v2\/media?parent=887"}],"wp:term":[{"taxonomy":"category","embeddable":true,"href":"https:\/\/www.deutsche-glasfaser.de\/blog\/wp-json\/wp\/v2\/categories?post=887"},{"taxonomy":"post_tag","embeddable":true,"href":"https:\/\/www.deutsche-glasfaser.de\/blog\/wp-json\/wp\/v2\/tags?post=887"}],"curies":[{"name":"wp","href":"https:\/\/api.w.org\/{rel}","templated":true}]}}