{"id":882,"date":"2020-06-02T11:33:25","date_gmt":"2020-06-02T11:33:25","guid":{"rendered":"https:\/\/www.deutsche-glasfaser.de\/blog\/dgblog-snapshot-20190819123943\/?p=882"},"modified":"2024-11-11T14:56:27","modified_gmt":"2024-11-11T13:56:27","slug":"videokonferenzen-viel-mehr-als-nur-arbeit","status":"publish","type":"post","link":"https:\/\/www.deutsche-glasfaser.de\/blog\/videokonferenzen-viel-mehr-als-nur-arbeit\/","title":{"rendered":"Videokonferenzen: viel mehr als nur Arbeit."},"content":{"rendered":"\t\t<div data-elementor-type=\"wp-post\" data-elementor-id=\"882\" class=\"elementor elementor-882\">\n\t\t\t\t\t\t<section class=\"elementor-section elementor-top-section elementor-element elementor-element-4518b9a1 elementor-section-boxed elementor-section-height-default elementor-section-height-default\" data-id=\"4518b9a1\" data-element_type=\"section\" data-e-type=\"section\">\n\t\t\t\t\t\t<div class=\"elementor-container elementor-column-gap-default\">\n\t\t\t\t\t<div class=\"elementor-column elementor-col-100 elementor-top-column elementor-element elementor-element-56ac7b7d\" data-id=\"56ac7b7d\" data-element_type=\"column\" data-e-type=\"column\">\n\t\t\t<div class=\"elementor-widget-wrap elementor-element-populated\">\n\t\t\t\t\t\t<div class=\"elementor-element elementor-element-7543bc0b elementor-widget elementor-widget-text-editor\" data-id=\"7543bc0b\" data-element_type=\"widget\" data-e-type=\"widget\" data-widget_type=\"text-editor.default\">\n\t\t\t\t<div class=\"elementor-widget-container\">\n\t\t\t\t\t\t\t\t\t<p><\/p>\n<p>Mit Beginn der Corona-Ma\u00dfnahmen haben Videokonferenz- und Videotelefonieprogramme enorm viel Zulauf erhalten. Zoom zum Beispiel, eine Plattform, die auch wir f\u00fcr <a href=\"https:\/\/www.deutsche-glasfaser.de\/blog\/online-infoabende-fur-mehr-moeglichkeiten\/\" target=\"_blank\" rel=\"noreferrer noopener\">unsere Serviceabende<\/a> nutzen, hat die eigenen Nutzerzahlen von 10 Millionen t\u00e4glich auf 300 Millionen gesteigert.<\/p>\n<p><\/p>\n<p><\/p>\n<p>Tools f\u00fcr Videokonferenzen werden zwar haupts\u00e4chlich eingesetzt, um Meetings im Homeoffice abzuhalten, daneben haben sich aber viele M\u00f6glichkeiten ergeben, wie man den Videochat kreativ und f\u00fcr ganz Allt\u00e4gliches nutzen kann.<\/p>\n<p><\/p>\n<p><\/p>\n<p>Ein paar dieser M\u00f6glichkeiten m\u00f6chten wir Ihnen hier vorstellen:<\/p>\n<p><\/p>\n<p><\/p>\n<h3 class=\"wp-block-heading\">Mittagspause im Videochat: virtuelle Lunches.<\/h3>\n<p><\/p>\n<p><\/p>\n<p>Mit den Kollegen per Videokonferenz Meetings abzuhalten, ist eine wunderbare Sache. Viel sch\u00f6ner ist es aber, wenn man auch die Mittagspause virtuell miteinander verbringen kann und es ausnahmsweise nicht um die Arbeit geht. Wir, die Deutsche Glasfaser, haben diese M\u00f6glichkeit fast t\u00e4glich wahrgenommen.<\/p>\n<p><\/p>\n<p><\/p>\n<h3 class=\"wp-block-heading\">Sport via Videokonferenz.<\/h3>\n<p><\/p>\n<p><\/p>\n<p>Klar, Fu\u00dfball, Tennis oder Basketball sind eher schwer zu realisieren. Aber wenn Yoga, Pilates und Fitnesskurse auf dem Programm stehen, dann stellen Videochats eine fantastische M\u00f6glichkeit dar, um gemeinsam Sport zu machen. Und diese Chance wurde nicht nur von vielen Fitnesstrainern auf der ganzen Welt genutzt, sondern auch nach Feierabend von unseren Kollegen.<\/p>\n<p><\/p>\n<p><\/p>\n<h3 class=\"wp-block-heading\">Spieleabende mit Videochat-Begleitung.<\/h3>\n<p><\/p>\n<p><\/p>\n<p>Zwei Schachbretter, eine Videokonferenz: <a href=\"https:\/\/www.deutsche-glasfaser.de\/blog\/gesellschaftsspiele-online-spielen\/\" target=\"_blank\" rel=\"noreferrer noopener\">ein Spieleabend<\/a>. Nicht immer funktioniert es so einfach wie bei Schach. Aber gerade bei den absoluten Klassikern wie Scharade, Stadt-Land-Fluss oder &#8222;Mensch, \u00e4rgere dich nicht.&#8220; gelingt die Umsetzung mit wenig Planung und einem Moderator. Auch Spiele wie &#8222;Tabu&#8220; sind mit zwei parallel laufenden Chats einfach umsetzbar. Und wem das zu aufwendig ist, der steigt auf kostenlose Online-Spiele wie <a href=\"http:\/\/www.Skribbl.io\">Skribbl.io<\/a> \u2013 eine Form der Montagsmaler \u2013 um.<\/p>\n<p><\/p>\n<p><\/p>\n<h3 class=\"wp-block-heading\">Per Videotelefonie gemeinsam kochen.<\/h3>\n<p><\/p>\n<p><\/p>\n<p>Restaurants und Kochlehrer haben die Zeiten der Kontaktbeschr\u00e4nkungen genutzt, um virtuelle Kochkurse zu geben. Und im privaten Rahmen? Konnte man einen geselligen Abend mit Freunden und Familie verbringen oder dem Bekannten endlich das Rezept f\u00fcr dieses unglaubliche Dessert entlocken. Das einzige Problem: Virtuell essen kann man noch nicht.<\/p>\n<p><\/p>\n<p><\/p>\n<h3 class=\"wp-block-heading\">Gemeinsam musizieren, online jammen.<\/h3>\n<p><\/p>\n<p><\/p>\n<p>Gitarrenunterricht per Zoom, Skype und Co., Bandprobe in der Videokonferenz und selbst ganze Orchester: Musiziert wurde virtuell in allen Stilrichtungen und allen Gr\u00f6\u00dfenordnungen. Manchmal scheiterte das an der Internetleitung, aber wof\u00fcr gibt es denn Glasfaser?<\/p>\n<p><\/p>\n<p><\/p>\n<p>Wenn Sie mehr \u00fcber Videokonferenzen und die M\u00f6glichkeiten mit Glasfaser erfahren m\u00f6chten, dann besuchen Sie doch unsere Serviceabende. Via Zoom, versteht sich. Die aktuellsten Termine sowie die dazugeh\u00f6renden Links und Meeting-IDs finden Sie auf unserer <a href=\"http:\/\/www.facebook.com\/DeutscheGlasfaser\/\">Facebook-Seite<\/a>.<\/p>\n<p><\/p>\t\t\t\t\t\t\t\t<\/div>\n\t\t\t\t<\/div>\n\t\t\t\t\t<\/div>\n\t\t<\/div>\n\t\t\t\t\t<\/div>\n\t\t<\/section>\n\t\t\t\t<\/div>\n\t\t","protected":false},"excerpt":{"rendered":"<p>Mit Beginn der Corona-Ma\u00dfnahmen haben Videokonferenz- und Videotelefonieprogramme enorm viel Zulauf erhalten. Zoom zum Beispiel, eine Plattform, die auch wir f\u00fcr unsere Serviceabende nutzen, hat die eigenen Nutzerzahlen von 10 Millionen t\u00e4glich auf 300 Millionen gesteigert. Tools f\u00fcr Videokonferenzen werden [&hellip;]<\/p>\n","protected":false},"author":5,"featured_media":6206,"comment_status":"closed","ping_status":"open","sticky":false,"template":"","format":"standard","meta":{"footnotes":""},"categories":[1],"tags":[],"class_list":["post-882","post","type-post","status-publish","format-standard","has-post-thumbnail","hentry","category-service"],"yoast_head":"<!-- This site is optimized with the Yoast SEO plugin v27.5 - https:\/\/yoast.com\/product\/yoast-seo-wordpress\/ -->\n<title>Videokonferenzen: viel mehr als nur Arbeit. - Digitales B\u00fcrgernetz<\/title>\n<meta name=\"robots\" content=\"index, follow, max-snippet:-1, max-image-preview:large, max-video-preview:-1\" \/>\n<link rel=\"canonical\" href=\"https:\/\/www.deutsche-glasfaser.de\/blog\/videokonferenzen-viel-mehr-als-nur-arbeit\/\" \/>\n<meta property=\"og:locale\" content=\"de_DE\" \/>\n<meta property=\"og:type\" content=\"article\" \/>\n<meta property=\"og:title\" content=\"Videokonferenzen: viel mehr als nur Arbeit. - Digitales B\u00fcrgernetz\" \/>\n<meta property=\"og:description\" content=\"Mit Beginn der Corona-Ma\u00dfnahmen haben Videokonferenz- und Videotelefonieprogramme enorm viel Zulauf erhalten. Zoom zum Beispiel, eine Plattform, die auch wir f\u00fcr unsere Serviceabende nutzen, hat die eigenen Nutzerzahlen von 10 Millionen t\u00e4glich auf 300 Millionen gesteigert. Tools f\u00fcr Videokonferenzen werden [&hellip;]\" \/>\n<meta property=\"og:url\" content=\"https:\/\/www.deutsche-glasfaser.de\/blog\/videokonferenzen-viel-mehr-als-nur-arbeit\/\" \/>\n<meta property=\"og:site_name\" content=\"Digitales B\u00fcrgernetz\" \/>\n<meta property=\"article:published_time\" content=\"2020-06-02T11:33:25+00:00\" \/>\n<meta property=\"article:modified_time\" content=\"2024-11-11T13:56:27+00:00\" \/>\n<meta property=\"og:image\" content=\"https:\/\/www.deutsche-glasfaser.de\/blog\/wp-content\/uploads\/2021\/08\/Videokonferenz_Blog_header_CS.jpg\" \/>\n\t<meta property=\"og:image:width\" content=\"1500\" \/>\n\t<meta property=\"og:image:height\" content=\"1000\" \/>\n\t<meta property=\"og:image:type\" content=\"image\/jpeg\" \/>\n<meta name=\"author\" content=\"Deutsche Glasfaser\" \/>\n<meta name=\"twitter:card\" content=\"summary_large_image\" \/>\n<meta name=\"twitter:label1\" content=\"Verfasst von\" \/>\n\t<meta name=\"twitter:data1\" content=\"Deutsche Glasfaser\" \/>\n\t<meta name=\"twitter:label2\" content=\"Gesch\u00e4tzte Lesezeit\" \/>\n\t<meta name=\"twitter:data2\" content=\"3\u00a0Minuten\" \/>\n<script type=\"application\/ld+json\" class=\"yoast-schema-graph\">{\"@context\":\"https:\\\/\\\/schema.org\",\"@graph\":[{\"@type\":\"Article\",\"@id\":\"https:\\\/\\\/www.deutsche-glasfaser.de\\\/blog\\\/videokonferenzen-viel-mehr-als-nur-arbeit\\\/#article\",\"isPartOf\":{\"@id\":\"https:\\\/\\\/www.deutsche-glasfaser.de\\\/blog\\\/videokonferenzen-viel-mehr-als-nur-arbeit\\\/\"},\"author\":{\"name\":\"Deutsche Glasfaser\",\"@id\":\"https:\\\/\\\/www.deutsche-glasfaser.de\\\/blog\\\/#\\\/schema\\\/person\\\/9380a6dc7443d77143d0c66c409f574b\"},\"headline\":\"Videokonferenzen: viel mehr als nur Arbeit.\",\"datePublished\":\"2020-06-02T11:33:25+00:00\",\"dateModified\":\"2024-11-11T13:56:27+00:00\",\"mainEntityOfPage\":{\"@id\":\"https:\\\/\\\/www.deutsche-glasfaser.de\\\/blog\\\/videokonferenzen-viel-mehr-als-nur-arbeit\\\/\"},\"wordCount\":404,\"publisher\":{\"@id\":\"https:\\\/\\\/www.deutsche-glasfaser.de\\\/blog\\\/#organization\"},\"image\":{\"@id\":\"https:\\\/\\\/www.deutsche-glasfaser.de\\\/blog\\\/videokonferenzen-viel-mehr-als-nur-arbeit\\\/#primaryimage\"},\"thumbnailUrl\":\"https:\\\/\\\/www.deutsche-glasfaser.de\\\/blog\\\/wp-content\\\/uploads\\\/2021\\\/08\\\/Videokonferenz_Blog_header_CS.jpg\",\"articleSection\":[\"Service\"],\"inLanguage\":\"de\"},{\"@type\":\"WebPage\",\"@id\":\"https:\\\/\\\/www.deutsche-glasfaser.de\\\/blog\\\/videokonferenzen-viel-mehr-als-nur-arbeit\\\/\",\"url\":\"https:\\\/\\\/www.deutsche-glasfaser.de\\\/blog\\\/videokonferenzen-viel-mehr-als-nur-arbeit\\\/\",\"name\":\"Videokonferenzen: viel mehr als nur Arbeit. - Digitales B\u00fcrgernetz\",\"isPartOf\":{\"@id\":\"https:\\\/\\\/www.deutsche-glasfaser.de\\\/blog\\\/#website\"},\"primaryImageOfPage\":{\"@id\":\"https:\\\/\\\/www.deutsche-glasfaser.de\\\/blog\\\/videokonferenzen-viel-mehr-als-nur-arbeit\\\/#primaryimage\"},\"image\":{\"@id\":\"https:\\\/\\\/www.deutsche-glasfaser.de\\\/blog\\\/videokonferenzen-viel-mehr-als-nur-arbeit\\\/#primaryimage\"},\"thumbnailUrl\":\"https:\\\/\\\/www.deutsche-glasfaser.de\\\/blog\\\/wp-content\\\/uploads\\\/2021\\\/08\\\/Videokonferenz_Blog_header_CS.jpg\",\"datePublished\":\"2020-06-02T11:33:25+00:00\",\"dateModified\":\"2024-11-11T13:56:27+00:00\",\"inLanguage\":\"de\",\"potentialAction\":[{\"@type\":\"ReadAction\",\"target\":[\"https:\\\/\\\/www.deutsche-glasfaser.de\\\/blog\\\/videokonferenzen-viel-mehr-als-nur-arbeit\\\/\"]}]},{\"@type\":\"ImageObject\",\"inLanguage\":\"de\",\"@id\":\"https:\\\/\\\/www.deutsche-glasfaser.de\\\/blog\\\/videokonferenzen-viel-mehr-als-nur-arbeit\\\/#primaryimage\",\"url\":\"https:\\\/\\\/www.deutsche-glasfaser.de\\\/blog\\\/wp-content\\\/uploads\\\/2021\\\/08\\\/Videokonferenz_Blog_header_CS.jpg\",\"contentUrl\":\"https:\\\/\\\/www.deutsche-glasfaser.de\\\/blog\\\/wp-content\\\/uploads\\\/2021\\\/08\\\/Videokonferenz_Blog_header_CS.jpg\",\"width\":1500,\"height\":1000},{\"@type\":\"WebSite\",\"@id\":\"https:\\\/\\\/www.deutsche-glasfaser.de\\\/blog\\\/#website\",\"url\":\"https:\\\/\\\/www.deutsche-glasfaser.de\\\/blog\\\/\",\"name\":\"Digitales B\u00fcrgernetz\",\"description\":\"Deutsche Glasfaser Blog\",\"publisher\":{\"@id\":\"https:\\\/\\\/www.deutsche-glasfaser.de\\\/blog\\\/#organization\"},\"potentialAction\":[{\"@type\":\"SearchAction\",\"target\":{\"@type\":\"EntryPoint\",\"urlTemplate\":\"https:\\\/\\\/www.deutsche-glasfaser.de\\\/blog\\\/?s={search_term_string}\"},\"query-input\":{\"@type\":\"PropertyValueSpecification\",\"valueRequired\":true,\"valueName\":\"search_term_string\"}}],\"inLanguage\":\"de\"},{\"@type\":\"Organization\",\"@id\":\"https:\\\/\\\/www.deutsche-glasfaser.de\\\/blog\\\/#organization\",\"name\":\"Digitales B\u00fcrgernetz\",\"url\":\"https:\\\/\\\/www.deutsche-glasfaser.de\\\/blog\\\/\",\"logo\":{\"@type\":\"ImageObject\",\"inLanguage\":\"de\",\"@id\":\"https:\\\/\\\/www.deutsche-glasfaser.de\\\/blog\\\/#\\\/schema\\\/logo\\\/image\\\/\",\"url\":\"https:\\\/\\\/www.deutsche-glasfaser.de\\\/blog\\\/wp-content\\\/uploads\\\/2021\\\/08\\\/DGF_Logo_Basis_RGB-Large@2x.png\",\"contentUrl\":\"https:\\\/\\\/www.deutsche-glasfaser.de\\\/blog\\\/wp-content\\\/uploads\\\/2021\\\/08\\\/DGF_Logo_Basis_RGB-Large@2x.png\",\"width\":312,\"height\":104,\"caption\":\"Digitales B\u00fcrgernetz\"},\"image\":{\"@id\":\"https:\\\/\\\/www.deutsche-glasfaser.de\\\/blog\\\/#\\\/schema\\\/logo\\\/image\\\/\"}},{\"@type\":\"Person\",\"@id\":\"https:\\\/\\\/www.deutsche-glasfaser.de\\\/blog\\\/#\\\/schema\\\/person\\\/9380a6dc7443d77143d0c66c409f574b\",\"name\":\"Deutsche Glasfaser\"}]}<\/script>\n<!-- \/ Yoast SEO plugin. -->","yoast_head_json":{"title":"Videokonferenzen: viel mehr als nur Arbeit. - Digitales B\u00fcrgernetz","robots":{"index":"index","follow":"follow","max-snippet":"max-snippet:-1","max-image-preview":"max-image-preview:large","max-video-preview":"max-video-preview:-1"},"canonical":"https:\/\/www.deutsche-glasfaser.de\/blog\/videokonferenzen-viel-mehr-als-nur-arbeit\/","og_locale":"de_DE","og_type":"article","og_title":"Videokonferenzen: viel mehr als nur Arbeit. - Digitales B\u00fcrgernetz","og_description":"Mit Beginn der Corona-Ma\u00dfnahmen haben Videokonferenz- und Videotelefonieprogramme enorm viel Zulauf erhalten. Zoom zum Beispiel, eine Plattform, die auch wir f\u00fcr unsere Serviceabende nutzen, hat die eigenen Nutzerzahlen von 10 Millionen t\u00e4glich auf 300 Millionen gesteigert. Tools f\u00fcr Videokonferenzen werden [&hellip;]","og_url":"https:\/\/www.deutsche-glasfaser.de\/blog\/videokonferenzen-viel-mehr-als-nur-arbeit\/","og_site_name":"Digitales B\u00fcrgernetz","article_published_time":"2020-06-02T11:33:25+00:00","article_modified_time":"2024-11-11T13:56:27+00:00","og_image":[{"width":1500,"height":1000,"url":"https:\/\/www.deutsche-glasfaser.de\/blog\/wp-content\/uploads\/2021\/08\/Videokonferenz_Blog_header_CS.jpg","type":"image\/jpeg"}],"author":"Deutsche Glasfaser","twitter_card":"summary_large_image","twitter_misc":{"Verfasst von":"Deutsche Glasfaser","Gesch\u00e4tzte Lesezeit":"3\u00a0Minuten"},"schema":{"@context":"https:\/\/schema.org","@graph":[{"@type":"Article","@id":"https:\/\/www.deutsche-glasfaser.de\/blog\/videokonferenzen-viel-mehr-als-nur-arbeit\/#article","isPartOf":{"@id":"https:\/\/www.deutsche-glasfaser.de\/blog\/videokonferenzen-viel-mehr-als-nur-arbeit\/"},"author":{"name":"Deutsche Glasfaser","@id":"https:\/\/www.deutsche-glasfaser.de\/blog\/#\/schema\/person\/9380a6dc7443d77143d0c66c409f574b"},"headline":"Videokonferenzen: viel mehr als nur Arbeit.","datePublished":"2020-06-02T11:33:25+00:00","dateModified":"2024-11-11T13:56:27+00:00","mainEntityOfPage":{"@id":"https:\/\/www.deutsche-glasfaser.de\/blog\/videokonferenzen-viel-mehr-als-nur-arbeit\/"},"wordCount":404,"publisher":{"@id":"https:\/\/www.deutsche-glasfaser.de\/blog\/#organization"},"image":{"@id":"https:\/\/www.deutsche-glasfaser.de\/blog\/videokonferenzen-viel-mehr-als-nur-arbeit\/#primaryimage"},"thumbnailUrl":"https:\/\/www.deutsche-glasfaser.de\/blog\/wp-content\/uploads\/2021\/08\/Videokonferenz_Blog_header_CS.jpg","articleSection":["Service"],"inLanguage":"de"},{"@type":"WebPage","@id":"https:\/\/www.deutsche-glasfaser.de\/blog\/videokonferenzen-viel-mehr-als-nur-arbeit\/","url":"https:\/\/www.deutsche-glasfaser.de\/blog\/videokonferenzen-viel-mehr-als-nur-arbeit\/","name":"Videokonferenzen: viel mehr als nur Arbeit. - Digitales B\u00fcrgernetz","isPartOf":{"@id":"https:\/\/www.deutsche-glasfaser.de\/blog\/#website"},"primaryImageOfPage":{"@id":"https:\/\/www.deutsche-glasfaser.de\/blog\/videokonferenzen-viel-mehr-als-nur-arbeit\/#primaryimage"},"image":{"@id":"https:\/\/www.deutsche-glasfaser.de\/blog\/videokonferenzen-viel-mehr-als-nur-arbeit\/#primaryimage"},"thumbnailUrl":"https:\/\/www.deutsche-glasfaser.de\/blog\/wp-content\/uploads\/2021\/08\/Videokonferenz_Blog_header_CS.jpg","datePublished":"2020-06-02T11:33:25+00:00","dateModified":"2024-11-11T13:56:27+00:00","inLanguage":"de","potentialAction":[{"@type":"ReadAction","target":["https:\/\/www.deutsche-glasfaser.de\/blog\/videokonferenzen-viel-mehr-als-nur-arbeit\/"]}]},{"@type":"ImageObject","inLanguage":"de","@id":"https:\/\/www.deutsche-glasfaser.de\/blog\/videokonferenzen-viel-mehr-als-nur-arbeit\/#primaryimage","url":"https:\/\/www.deutsche-glasfaser.de\/blog\/wp-content\/uploads\/2021\/08\/Videokonferenz_Blog_header_CS.jpg","contentUrl":"https:\/\/www.deutsche-glasfaser.de\/blog\/wp-content\/uploads\/2021\/08\/Videokonferenz_Blog_header_CS.jpg","width":1500,"height":1000},{"@type":"WebSite","@id":"https:\/\/www.deutsche-glasfaser.de\/blog\/#website","url":"https:\/\/www.deutsche-glasfaser.de\/blog\/","name":"Digitales B\u00fcrgernetz","description":"Deutsche Glasfaser Blog","publisher":{"@id":"https:\/\/www.deutsche-glasfaser.de\/blog\/#organization"},"potentialAction":[{"@type":"SearchAction","target":{"@type":"EntryPoint","urlTemplate":"https:\/\/www.deutsche-glasfaser.de\/blog\/?s={search_term_string}"},"query-input":{"@type":"PropertyValueSpecification","valueRequired":true,"valueName":"search_term_string"}}],"inLanguage":"de"},{"@type":"Organization","@id":"https:\/\/www.deutsche-glasfaser.de\/blog\/#organization","name":"Digitales B\u00fcrgernetz","url":"https:\/\/www.deutsche-glasfaser.de\/blog\/","logo":{"@type":"ImageObject","inLanguage":"de","@id":"https:\/\/www.deutsche-glasfaser.de\/blog\/#\/schema\/logo\/image\/","url":"https:\/\/www.deutsche-glasfaser.de\/blog\/wp-content\/uploads\/2021\/08\/DGF_Logo_Basis_RGB-Large@2x.png","contentUrl":"https:\/\/www.deutsche-glasfaser.de\/blog\/wp-content\/uploads\/2021\/08\/DGF_Logo_Basis_RGB-Large@2x.png","width":312,"height":104,"caption":"Digitales B\u00fcrgernetz"},"image":{"@id":"https:\/\/www.deutsche-glasfaser.de\/blog\/#\/schema\/logo\/image\/"}},{"@type":"Person","@id":"https:\/\/www.deutsche-glasfaser.de\/blog\/#\/schema\/person\/9380a6dc7443d77143d0c66c409f574b","name":"Deutsche Glasfaser"}]}},"_links":{"self":[{"href":"https:\/\/www.deutsche-glasfaser.de\/blog\/wp-json\/wp\/v2\/posts\/882","targetHints":{"allow":["GET"]}}],"collection":[{"href":"https:\/\/www.deutsche-glasfaser.de\/blog\/wp-json\/wp\/v2\/posts"}],"about":[{"href":"https:\/\/www.deutsche-glasfaser.de\/blog\/wp-json\/wp\/v2\/types\/post"}],"author":[{"embeddable":true,"href":"https:\/\/www.deutsche-glasfaser.de\/blog\/wp-json\/wp\/v2\/users\/5"}],"replies":[{"embeddable":true,"href":"https:\/\/www.deutsche-glasfaser.de\/blog\/wp-json\/wp\/v2\/comments?post=882"}],"version-history":[{"count":13,"href":"https:\/\/www.deutsche-glasfaser.de\/blog\/wp-json\/wp\/v2\/posts\/882\/revisions"}],"predecessor-version":[{"id":14951,"href":"https:\/\/www.deutsche-glasfaser.de\/blog\/wp-json\/wp\/v2\/posts\/882\/revisions\/14951"}],"wp:featuredmedia":[{"embeddable":true,"href":"https:\/\/www.deutsche-glasfaser.de\/blog\/wp-json\/wp\/v2\/media\/6206"}],"wp:attachment":[{"href":"https:\/\/www.deutsche-glasfaser.de\/blog\/wp-json\/wp\/v2\/media?parent=882"}],"wp:term":[{"taxonomy":"category","embeddable":true,"href":"https:\/\/www.deutsche-glasfaser.de\/blog\/wp-json\/wp\/v2\/categories?post=882"},{"taxonomy":"post_tag","embeddable":true,"href":"https:\/\/www.deutsche-glasfaser.de\/blog\/wp-json\/wp\/v2\/tags?post=882"}],"curies":[{"name":"wp","href":"https:\/\/api.w.org\/{rel}","templated":true}]}}