{"id":8801,"date":"2021-09-29T05:22:00","date_gmt":"2021-09-29T05:22:00","guid":{"rendered":"https:\/\/www.deutsche-glasfaser.de\/blog\/?p=8801"},"modified":"2021-09-30T12:38:52","modified_gmt":"2021-09-30T12:38:52","slug":"schule-aus-einer-anderen-zeit-virtuell-erleben","status":"publish","type":"post","link":"https:\/\/www.deutsche-glasfaser.de\/blog\/schule-aus-einer-anderen-zeit-virtuell-erleben\/","title":{"rendered":"Virtuell erleben: Schule aus einer anderen Zeit"},"content":{"rendered":"\t\t<div data-elementor-type=\"wp-post\" data-elementor-id=\"8801\" class=\"elementor elementor-8801\">\n\t\t\t\t\t\t<section class=\"elementor-section elementor-top-section elementor-element elementor-element-ea2869d elementor-section-boxed elementor-section-height-default elementor-section-height-default\" data-id=\"ea2869d\" data-element_type=\"section\" data-e-type=\"section\">\n\t\t\t\t\t\t<div class=\"elementor-container elementor-column-gap-default\">\n\t\t\t\t\t<div class=\"elementor-column elementor-col-100 elementor-top-column elementor-element elementor-element-d0da65f\" data-id=\"d0da65f\" data-element_type=\"column\" data-e-type=\"column\">\n\t\t\t<div class=\"elementor-widget-wrap elementor-element-populated\">\n\t\t\t\t\t\t<div class=\"elementor-element elementor-element-4a7db6e elementor-widget elementor-widget-text-editor\" data-id=\"4a7db6e\" data-element_type=\"widget\" data-e-type=\"widget\" data-widget_type=\"text-editor.default\">\n\t\t\t\t<div class=\"elementor-widget-container\">\n\t\t\t\t\t\t\t\t\t<p>Beim virtuellen Rundgang durch die R\u00e4umlichkeiten des Dorfschulmuseums k\u00f6nnen zus\u00e4tzliche Informationen angeklickt werden. \u00a9Dorfschulmuseum Erkheim-Daxberg<\/p>\t\t\t\t\t\t\t\t<\/div>\n\t\t\t\t<\/div>\n\t\t\t\t\t<\/div>\n\t\t<\/div>\n\t\t\t\t\t<\/div>\n\t\t<\/section>\n\t\t\t\t<section class=\"elementor-section elementor-top-section elementor-element elementor-element-3257465 elementor-section-boxed elementor-section-height-default elementor-section-height-default\" data-id=\"3257465\" data-element_type=\"section\" data-e-type=\"section\">\n\t\t\t\t\t\t<div class=\"elementor-container elementor-column-gap-default\">\n\t\t\t\t\t<div class=\"elementor-column elementor-col-100 elementor-top-column elementor-element elementor-element-4c8eab2\" data-id=\"4c8eab2\" data-element_type=\"column\" data-e-type=\"column\">\n\t\t\t<div class=\"elementor-widget-wrap elementor-element-populated\">\n\t\t\t\t\t\t<div class=\"elementor-element elementor-element-d58bd75 elementor-widget elementor-widget-text-editor\" data-id=\"d58bd75\" data-element_type=\"widget\" data-e-type=\"widget\" data-widget_type=\"text-editor.default\">\n\t\t\t\t<div class=\"elementor-widget-container\">\n\t\t\t\t\t\t\t\t\t<p>\u201eDas ist eine ganz tolle Sache. Das h\u00f6re ich immer wieder. Viele Menschen besuchen unser Museum zun\u00e4chst virtuell und kommen dann pers\u00f6nlich vorbei. Manche auch von weit her\u201c, erz\u00e4hlt Sieglinde Singer. Die 68-J\u00e4hrige leitet das Dorfschulmuseum im schw\u00e4bischen Erkheim-Daxberg. Seit 2002 ist sie dort ehrenamtlich t\u00e4tig. Unterhalten wird es von dem gemeinn\u00fctzigen Verein Heimatpflege Markt Erkheim.<\/p>\t\t\t\t\t\t\t\t<\/div>\n\t\t\t\t<\/div>\n\t\t\t\t<div class=\"elementor-element elementor-element-e4e348f elementor-widget elementor-widget-spacer\" data-id=\"e4e348f\" data-element_type=\"widget\" data-e-type=\"widget\" data-widget_type=\"spacer.default\">\n\t\t\t\t<div class=\"elementor-widget-container\">\n\t\t\t\t\t\t\t<div class=\"elementor-spacer\">\n\t\t\t<div class=\"elementor-spacer-inner\"><\/div>\n\t\t<\/div>\n\t\t\t\t\t\t<\/div>\n\t\t\t\t<\/div>\n\t\t\t\t<div class=\"elementor-element elementor-element-f10785b elementor-widget elementor-widget-blockquote\" data-id=\"f10785b\" data-element_type=\"widget\" data-e-type=\"widget\" data-widget_type=\"blockquote.default\">\n\t\t\t\t<div class=\"elementor-widget-container\">\n\t\t\t\t\t \t\t\t\t<\/div>\n\t\t\t\t<\/div>\n\t\t\t\t<div class=\"elementor-element elementor-element-7bd07e0 elementor-widget elementor-widget-spacer\" data-id=\"7bd07e0\" data-element_type=\"widget\" data-e-type=\"widget\" data-widget_type=\"spacer.default\">\n\t\t\t\t<div class=\"elementor-widget-container\">\n\t\t\t\t\t\t\t<div class=\"elementor-spacer\">\n\t\t\t<div class=\"elementor-spacer-inner\"><\/div>\n\t\t<\/div>\n\t\t\t\t\t\t<\/div>\n\t\t\t\t<\/div>\n\t\t\t\t<div class=\"elementor-element elementor-element-4a17dd5 elementor-widget elementor-widget-heading\" data-id=\"4a17dd5\" data-element_type=\"widget\" data-e-type=\"widget\" data-widget_type=\"heading.default\">\n\t\t\t\t<div class=\"elementor-widget-container\">\n\t\t\t\t\t<h2 class=\"elementor-heading-title elementor-size-default\">Der virtuelle Rundgang vermittelt einen ersten Eindruck  <\/h2>\t\t\t\t<\/div>\n\t\t\t\t<\/div>\n\t\t\t\t<div class=\"elementor-element elementor-element-a509b12 elementor-widget elementor-widget-text-editor\" data-id=\"a509b12\" data-element_type=\"widget\" data-e-type=\"widget\" data-widget_type=\"text-editor.default\">\n\t\t\t\t<div class=\"elementor-widget-container\">\n\t\t\t\t\t\t\t\t\t<p>Per Klick auf einen Pfeil startet der virtuelle Rundgang. Er beginnt au\u00dfen vor dem Schulgeb\u00e4ude, das 1886 fertiggestellt wurde. Durch die Eingangst\u00fcr geht es ins Erdgeschoss, wo sich fr\u00fcher die Dienstwohnung des Lehrers befand. Eine Holztreppe f\u00fchrt hinauf in das Klassenzimmer mit Sitzb\u00e4nken, auf denen jeweils zwei Kinder sa\u00dfen. Es ist noch original eingerichtet. Sch\u00fclerinnen und Sch\u00fcler der Klassen eins bis acht wurden in der Dorfschule von einer Lehrkraft unterrichtet. Die letzten 1972. Per Klick auf den Pfeil geht es nun weiter. Zum Beispiel zu einem Kachelofen, f\u00fcr den der Lehrer zust\u00e4ndig war. Er musste daf\u00fcr sorgen, dass es im Klassenzimmer immer warm war. Auf dem Dachboden sind alte Schulb\u00fccher oder Zeugnisse in Vitrinen ausgestellt. Und der \u00e4lteste Schulranzen des Museums, der aus dem Jahr 1875 stammt.<\/p>\t\t\t\t\t\t\t\t<\/div>\n\t\t\t\t<\/div>\n\t\t\t\t<div class=\"elementor-element elementor-element-265c599 elementor-widget elementor-widget-spacer\" data-id=\"265c599\" data-element_type=\"widget\" data-e-type=\"widget\" data-widget_type=\"spacer.default\">\n\t\t\t\t<div class=\"elementor-widget-container\">\n\t\t\t\t\t\t\t<div class=\"elementor-spacer\">\n\t\t\t<div class=\"elementor-spacer-inner\"><\/div>\n\t\t<\/div>\n\t\t\t\t\t\t<\/div>\n\t\t\t\t<\/div>\n\t\t\t\t<div class=\"elementor-element elementor-element-fdd2ecf elementor-widget elementor-widget-image\" data-id=\"fdd2ecf\" data-element_type=\"widget\" data-e-type=\"widget\" data-widget_type=\"image.default\">\n\t\t\t\t<div class=\"elementor-widget-container\">\n\t\t\t\t\t\t\t\t\t\t\t\t<figure class=\"wp-caption\">\n\t\t\t\t\t\t\t\t\t\t<img fetchpriority=\"high\" decoding=\"async\" width=\"788\" height=\"900\" src=\"https:\/\/www.deutsche-glasfaser.de\/blog\/wp-content\/uploads\/2021\/09\/digitales-schulmuseum3.jpg\" class=\"attachment-large size-large wp-image-8803\" alt=\"Der Eingang zum Dorfschulmuseum.\" srcset=\"https:\/\/www.deutsche-glasfaser.de\/blog\/wp-content\/uploads\/2021\/09\/digitales-schulmuseum3.jpg 788w, https:\/\/www.deutsche-glasfaser.de\/blog\/wp-content\/uploads\/2021\/09\/digitales-schulmuseum3-263x300.jpg 263w, https:\/\/www.deutsche-glasfaser.de\/blog\/wp-content\/uploads\/2021\/09\/digitales-schulmuseum3-768x877.jpg 768w\" sizes=\"(max-width: 788px) 100vw, 788px\" \/>\t\t\t\t\t\t\t\t\t\t\t<figcaption class=\"widget-image-caption wp-caption-text\">Das Dorfschulmuseum in Erkheim-Daxberg. \u00a9Dorfschulmuseum Erkheim-Daxberg<\/figcaption>\n\t\t\t\t\t\t\t\t\t\t<\/figure>\n\t\t\t\t\t\t\t\t\t<\/div>\n\t\t\t\t<\/div>\n\t\t\t\t<div class=\"elementor-element elementor-element-d1e426c elementor-widget elementor-widget-spacer\" data-id=\"d1e426c\" data-element_type=\"widget\" data-e-type=\"widget\" data-widget_type=\"spacer.default\">\n\t\t\t\t<div class=\"elementor-widget-container\">\n\t\t\t\t\t\t\t<div class=\"elementor-spacer\">\n\t\t\t<div class=\"elementor-spacer-inner\"><\/div>\n\t\t<\/div>\n\t\t\t\t\t\t<\/div>\n\t\t\t\t<\/div>\n\t\t\t\t<div class=\"elementor-element elementor-element-0ef82c5 elementor-widget elementor-widget-heading\" data-id=\"0ef82c5\" data-element_type=\"widget\" data-e-type=\"widget\" data-widget_type=\"heading.default\">\n\t\t\t\t<div class=\"elementor-widget-container\">\n\t\t\t\t\t<h2 class=\"elementor-heading-title elementor-size-default\">\u201eAls kleiner Verein h\u00e4tten wir das gar nicht allein stemmen k\u00f6nnen\u201c<\/h2>\t\t\t\t<\/div>\n\t\t\t\t<\/div>\n\t\t\t\t<div class=\"elementor-element elementor-element-7737535 elementor-widget elementor-widget-text-editor\" data-id=\"7737535\" data-element_type=\"widget\" data-e-type=\"widget\" data-widget_type=\"text-editor.default\">\n\t\t\t\t<div class=\"elementor-widget-container\">\n\t\t\t\t\t\t\t\t\t<p>\u201eWir als kleiner Verein h\u00e4tten das allein gar nicht stemmen k\u00f6nnen, uns im Netz zu pr\u00e4sentieren. Aber wir hatten Gl\u00fcck. Studierende der Universit\u00e4t Ulm haben uns unterst\u00fctzt und das Digitale Dorfschulmuseum umgesetzt\u201c, sagt Sieglinde Singer. 2018 besuchten Studierende und Professor*innen des Instituts f\u00fcr Psychologie und P\u00e4dagogik aus Ulm das Museum. Damals entstand die Idee, eine Website zu entwickeln und Best\u00e4nde zu digitalisieren. Im Januar 2020 wurde das Projekt abgeschlossen. \u201eKurze Zeit sp\u00e4ter mussten wir das Museum wegen der Corona-Pandemie schlie\u00dfen. Unser digitales Angebot kam also genau zur richtigen Zeit. Und viele Lehrkr\u00e4fte waren daf\u00fcr dankbar\u201c, sagt die Museumsleiterin.<\/p>\t\t\t\t\t\t\t\t<\/div>\n\t\t\t\t<\/div>\n\t\t\t\t<div class=\"elementor-element elementor-element-4a0cf06 elementor-widget elementor-widget-spacer\" data-id=\"4a0cf06\" data-element_type=\"widget\" data-e-type=\"widget\" data-widget_type=\"spacer.default\">\n\t\t\t\t<div class=\"elementor-widget-container\">\n\t\t\t\t\t\t\t<div class=\"elementor-spacer\">\n\t\t\t<div class=\"elementor-spacer-inner\"><\/div>\n\t\t<\/div>\n\t\t\t\t\t\t<\/div>\n\t\t\t\t<\/div>\n\t\t\t\t<div class=\"elementor-element elementor-element-18c7884 elementor-widget elementor-widget-heading\" data-id=\"18c7884\" data-element_type=\"widget\" data-e-type=\"widget\" data-widget_type=\"heading.default\">\n\t\t\t\t<div class=\"elementor-widget-container\">\n\t\t\t\t\t<h2 class=\"elementor-heading-title elementor-size-default\">Interaktiv ein Geheimnis l\u00fcften <\/h2>\t\t\t\t<\/div>\n\t\t\t\t<\/div>\n\t\t\t\t<div class=\"elementor-element elementor-element-bbaf75d elementor-widget elementor-widget-text-editor\" data-id=\"bbaf75d\" data-element_type=\"widget\" data-e-type=\"widget\" data-widget_type=\"text-editor.default\">\n\t\t\t\t<div class=\"elementor-widget-container\">\n\t\t\t\t\t\t\t\t\t<p>Und es gibt viel zu entdecken \u00fcber das Schulleben von fr\u00fcher. In einem interaktiven Suchspiel k\u00f6nnen Sch\u00fclerinnen und Sch\u00fcler das Geheimnis eines Jungen aus dem Dorf l\u00fcften, sie k\u00f6nnen Videos anschauen, in denen Zeitzeugen von ihrer Schulzeit berichten oder in denen Rechen- und Naturkundeb\u00fccher aus den Jahren 1925 bis 1930 vorgestellt werden.<\/p>\t\t\t\t\t\t\t\t<\/div>\n\t\t\t\t<\/div>\n\t\t\t\t<div class=\"elementor-element elementor-element-3910533 elementor-widget elementor-widget-spacer\" data-id=\"3910533\" data-element_type=\"widget\" data-e-type=\"widget\" data-widget_type=\"spacer.default\">\n\t\t\t\t<div class=\"elementor-widget-container\">\n\t\t\t\t\t\t\t<div class=\"elementor-spacer\">\n\t\t\t<div class=\"elementor-spacer-inner\"><\/div>\n\t\t<\/div>\n\t\t\t\t\t\t<\/div>\n\t\t\t\t<\/div>\n\t\t\t\t<div class=\"elementor-element elementor-element-46f15b8 elementor-widget elementor-widget-image\" data-id=\"46f15b8\" data-element_type=\"widget\" data-e-type=\"widget\" data-widget_type=\"image.default\">\n\t\t\t\t<div class=\"elementor-widget-container\">\n\t\t\t\t\t\t\t\t\t\t\t\t<figure class=\"wp-caption\">\n\t\t\t\t\t\t\t\t\t\t<img decoding=\"async\" width=\"788\" height=\"525\" src=\"https:\/\/www.deutsche-glasfaser.de\/blog\/wp-content\/uploads\/2021\/09\/digitales-schulmuseum2.jpg\" class=\"attachment-large size-large wp-image-8804\" alt=\"Ein historischer Dorfschul-Klassenraum mit Holzb\u00e4nken, einem Rechenbrett und einem Kachelofen.\" srcset=\"https:\/\/www.deutsche-glasfaser.de\/blog\/wp-content\/uploads\/2021\/09\/digitales-schulmuseum2.jpg 788w, https:\/\/www.deutsche-glasfaser.de\/blog\/wp-content\/uploads\/2021\/09\/digitales-schulmuseum2-300x200.jpg 300w, https:\/\/www.deutsche-glasfaser.de\/blog\/wp-content\/uploads\/2021\/09\/digitales-schulmuseum2-768x512.jpg 768w\" sizes=\"(max-width: 788px) 100vw, 788px\" \/>\t\t\t\t\t\t\t\t\t\t\t<figcaption class=\"widget-image-caption wp-caption-text\">Zwei Kinder sa\u00dfen in jeder Bank. \u00a9Dorfschulmuseum Erkheim-Daxberg<\/figcaption>\n\t\t\t\t\t\t\t\t\t\t<\/figure>\n\t\t\t\t\t\t\t\t\t<\/div>\n\t\t\t\t<\/div>\n\t\t\t\t<div class=\"elementor-element elementor-element-c2f9261 elementor-widget elementor-widget-spacer\" data-id=\"c2f9261\" data-element_type=\"widget\" data-e-type=\"widget\" data-widget_type=\"spacer.default\">\n\t\t\t\t<div class=\"elementor-widget-container\">\n\t\t\t\t\t\t\t<div class=\"elementor-spacer\">\n\t\t\t<div class=\"elementor-spacer-inner\"><\/div>\n\t\t<\/div>\n\t\t\t\t\t\t<\/div>\n\t\t\t\t<\/div>\n\t\t\t\t<div class=\"elementor-element elementor-element-743bfc5 elementor-widget elementor-widget-heading\" data-id=\"743bfc5\" data-element_type=\"widget\" data-e-type=\"widget\" data-widget_type=\"heading.default\">\n\t\t\t\t<div class=\"elementor-widget-container\">\n\t\t\t\t\t<h2 class=\"elementor-heading-title elementor-size-default\">\u201eDiesen Wandel zuk\u00fcnftigen Sch\u00fclern n\u00e4herbringen\u201c    <\/h2>\t\t\t\t<\/div>\n\t\t\t\t<\/div>\n\t\t\t\t<div class=\"elementor-element elementor-element-6975e1b elementor-widget elementor-widget-text-editor\" data-id=\"6975e1b\" data-element_type=\"widget\" data-e-type=\"widget\" data-widget_type=\"text-editor.default\">\n\t\t\t\t<div class=\"elementor-widget-container\">\n\t\t\t\t\t\t\t\t\t<p>Zwei Studentinnen haben zudem ein E-Book mit dem Titel \u201eDorfleben. Der Alltag zweier Kinder auf dem Dorf\u201c entwickelt. Die Idee dazu kam ihnen, als sie im Museum in alten Matheb\u00fcchern st\u00f6berten und sich dar\u00fcber am\u00fcsierten, wie sich Textaufgaben im Laufe der Jahrhunderte ver\u00e4ndert haben. \u201eAls angehende Lehrerinnen haben wir es uns nat\u00fcrlich zur Aufgabe gemacht, diesen Wandel zuk\u00fcnftigen Sch\u00fclern n\u00e4herzubringen\u201c, schreiben sie im Vorwort. Das E-Book ist in 24 Kapitel unterteilt und kann auch als Adventskalender im Unterricht dienen. Jeden Tag wird eine Geschichte erz\u00e4hlt und eine Aufgabe gestellt. Zum Beispiel aus einem alten Mathebuch. \u201eF\u00fcr viele Kinder ist das sehr aufregend, zu erleben, wie es fr\u00fcher in der Schule war. Egal, ob sie uns analog oder digital besuchen\u201c, sagt Sieglinde Singer. \u00a0\u00a0<\/p><p>Das digitale Dorfschulmuseum ist hier zu finden: <a href=\"https:\/\/dorfschulmuseum-erkheim-daxberg.de\/rundgang-dorfschulmuseum\/\">dorfschulmuseum-erkheim-daxberg.de\/rundgang<\/a><\/p>\t\t\t\t\t\t\t\t<\/div>\n\t\t\t\t<\/div>\n\t\t\t\t\t<\/div>\n\t\t<\/div>\n\t\t\t\t\t<\/div>\n\t\t<\/section>\n\t\t\t\t<\/div>\n\t\t","protected":false},"excerpt":{"rendered":"<p>Die Digitalisierung macht es m\u00f6glich. Das Digitale Dorfschulmuseum in Erkheim-Daxberg l\u00e4dt zu einer virtuellen Reise durch die Schule aus einer anderen Zeit ein. Museumsleiterin ist Sieglinde Singer. <\/p>\n","protected":false},"author":5,"featured_media":8805,"comment_status":"open","ping_status":"open","sticky":false,"template":"","format":"standard","meta":{"footnotes":""},"categories":[70],"tags":[],"class_list":["post-8801","post","type-post","status-publish","format-standard","has-post-thumbnail","hentry","category-bildung"],"yoast_head":"<!-- This site is optimized with the Yoast SEO plugin v27.5 - https:\/\/yoast.com\/product\/yoast-seo-wordpress\/ -->\n<title>Virtuell erleben: Schule aus einer anderen Zeit - Digitales B\u00fcrgernetz<\/title>\n<meta name=\"description\" content=\"Das Digitale Dorfschulmuseum Erkheim-Daxberg hat einen virtuellen Rundgang durch die Austellungsr\u00e4ume erstellt und gewinnt damit neue G\u00e4ste.\" \/>\n<meta name=\"robots\" content=\"index, follow, max-snippet:-1, max-image-preview:large, max-video-preview:-1\" \/>\n<link rel=\"canonical\" href=\"https:\/\/www.deutsche-glasfaser.de\/blog\/schule-aus-einer-anderen-zeit-virtuell-erleben\/\" \/>\n<meta property=\"og:locale\" content=\"de_DE\" \/>\n<meta property=\"og:type\" content=\"article\" \/>\n<meta property=\"og:title\" content=\"Virtuell erleben: Schule aus einer anderen Zeit - Digitales B\u00fcrgernetz\" \/>\n<meta property=\"og:description\" content=\"Das Digitale Dorfschulmuseum Erkheim-Daxberg hat einen virtuellen Rundgang durch die Austellungsr\u00e4ume erstellt und gewinnt damit neue G\u00e4ste.\" \/>\n<meta property=\"og:url\" content=\"https:\/\/www.deutsche-glasfaser.de\/blog\/schule-aus-einer-anderen-zeit-virtuell-erleben\/\" \/>\n<meta property=\"og:site_name\" content=\"Digitales B\u00fcrgernetz\" \/>\n<meta property=\"article:published_time\" content=\"2021-09-29T05:22:00+00:00\" \/>\n<meta property=\"article:modified_time\" content=\"2021-09-30T12:38:52+00:00\" \/>\n<meta property=\"og:image\" content=\"https:\/\/www.deutsche-glasfaser.de\/blog\/wp-content\/uploads\/2021\/09\/T_digitales-schulmuseum1.jpg\" \/>\n\t<meta property=\"og:image:width\" content=\"1500\" \/>\n\t<meta property=\"og:image:height\" content=\"705\" \/>\n\t<meta property=\"og:image:type\" content=\"image\/jpeg\" \/>\n<meta name=\"author\" content=\"Deutsche Glasfaser\" \/>\n<meta name=\"twitter:card\" content=\"summary_large_image\" \/>\n<meta name=\"twitter:label1\" content=\"Verfasst von\" \/>\n\t<meta name=\"twitter:data1\" content=\"Deutsche Glasfaser\" \/>\n\t<meta name=\"twitter:label2\" content=\"Gesch\u00e4tzte Lesezeit\" \/>\n\t<meta name=\"twitter:data2\" content=\"3\u00a0Minuten\" \/>\n<script type=\"application\/ld+json\" class=\"yoast-schema-graph\">{\"@context\":\"https:\\\/\\\/schema.org\",\"@graph\":[{\"@type\":\"Article\",\"@id\":\"https:\\\/\\\/www.deutsche-glasfaser.de\\\/blog\\\/schule-aus-einer-anderen-zeit-virtuell-erleben\\\/#article\",\"isPartOf\":{\"@id\":\"https:\\\/\\\/www.deutsche-glasfaser.de\\\/blog\\\/schule-aus-einer-anderen-zeit-virtuell-erleben\\\/\"},\"author\":{\"name\":\"Deutsche Glasfaser\",\"@id\":\"https:\\\/\\\/www.deutsche-glasfaser.de\\\/blog\\\/#\\\/schema\\\/person\\\/9380a6dc7443d77143d0c66c409f574b\"},\"headline\":\"Virtuell erleben: Schule aus einer anderen Zeit\",\"datePublished\":\"2021-09-29T05:22:00+00:00\",\"dateModified\":\"2021-09-30T12:38:52+00:00\",\"mainEntityOfPage\":{\"@id\":\"https:\\\/\\\/www.deutsche-glasfaser.de\\\/blog\\\/schule-aus-einer-anderen-zeit-virtuell-erleben\\\/\"},\"wordCount\":601,\"commentCount\":0,\"publisher\":{\"@id\":\"https:\\\/\\\/www.deutsche-glasfaser.de\\\/blog\\\/#organization\"},\"image\":{\"@id\":\"https:\\\/\\\/www.deutsche-glasfaser.de\\\/blog\\\/schule-aus-einer-anderen-zeit-virtuell-erleben\\\/#primaryimage\"},\"thumbnailUrl\":\"https:\\\/\\\/www.deutsche-glasfaser.de\\\/blog\\\/wp-content\\\/uploads\\\/2021\\\/09\\\/T_digitales-schulmuseum1.jpg\",\"articleSection\":[\"#Bildung\"],\"inLanguage\":\"de\",\"potentialAction\":[{\"@type\":\"CommentAction\",\"name\":\"Comment\",\"target\":[\"https:\\\/\\\/www.deutsche-glasfaser.de\\\/blog\\\/schule-aus-einer-anderen-zeit-virtuell-erleben\\\/#respond\"]}]},{\"@type\":\"WebPage\",\"@id\":\"https:\\\/\\\/www.deutsche-glasfaser.de\\\/blog\\\/schule-aus-einer-anderen-zeit-virtuell-erleben\\\/\",\"url\":\"https:\\\/\\\/www.deutsche-glasfaser.de\\\/blog\\\/schule-aus-einer-anderen-zeit-virtuell-erleben\\\/\",\"name\":\"Virtuell erleben: Schule aus einer anderen Zeit - Digitales B\u00fcrgernetz\",\"isPartOf\":{\"@id\":\"https:\\\/\\\/www.deutsche-glasfaser.de\\\/blog\\\/#website\"},\"primaryImageOfPage\":{\"@id\":\"https:\\\/\\\/www.deutsche-glasfaser.de\\\/blog\\\/schule-aus-einer-anderen-zeit-virtuell-erleben\\\/#primaryimage\"},\"image\":{\"@id\":\"https:\\\/\\\/www.deutsche-glasfaser.de\\\/blog\\\/schule-aus-einer-anderen-zeit-virtuell-erleben\\\/#primaryimage\"},\"thumbnailUrl\":\"https:\\\/\\\/www.deutsche-glasfaser.de\\\/blog\\\/wp-content\\\/uploads\\\/2021\\\/09\\\/T_digitales-schulmuseum1.jpg\",\"datePublished\":\"2021-09-29T05:22:00+00:00\",\"dateModified\":\"2021-09-30T12:38:52+00:00\",\"description\":\"Das Digitale Dorfschulmuseum Erkheim-Daxberg hat einen virtuellen Rundgang durch die Austellungsr\u00e4ume erstellt und gewinnt damit neue G\u00e4ste.\",\"inLanguage\":\"de\",\"potentialAction\":[{\"@type\":\"ReadAction\",\"target\":[\"https:\\\/\\\/www.deutsche-glasfaser.de\\\/blog\\\/schule-aus-einer-anderen-zeit-virtuell-erleben\\\/\"]}]},{\"@type\":\"ImageObject\",\"inLanguage\":\"de\",\"@id\":\"https:\\\/\\\/www.deutsche-glasfaser.de\\\/blog\\\/schule-aus-einer-anderen-zeit-virtuell-erleben\\\/#primaryimage\",\"url\":\"https:\\\/\\\/www.deutsche-glasfaser.de\\\/blog\\\/wp-content\\\/uploads\\\/2021\\\/09\\\/T_digitales-schulmuseum1.jpg\",\"contentUrl\":\"https:\\\/\\\/www.deutsche-glasfaser.de\\\/blog\\\/wp-content\\\/uploads\\\/2021\\\/09\\\/T_digitales-schulmuseum1.jpg\",\"width\":1500,\"height\":705,\"caption\":\"Beim virtuellen Rundgang durch die R\u00e4umlichkeiten des Dorfschulmuseums k\u00f6nnen zus\u00e4tzliche Informationen angeklickt werden. \u00a9Dorfschulmuseum Erkheim-Daxberg\"},{\"@type\":\"WebSite\",\"@id\":\"https:\\\/\\\/www.deutsche-glasfaser.de\\\/blog\\\/#website\",\"url\":\"https:\\\/\\\/www.deutsche-glasfaser.de\\\/blog\\\/\",\"name\":\"Digitales B\u00fcrgernetz\",\"description\":\"Deutsche Glasfaser Blog\",\"publisher\":{\"@id\":\"https:\\\/\\\/www.deutsche-glasfaser.de\\\/blog\\\/#organization\"},\"potentialAction\":[{\"@type\":\"SearchAction\",\"target\":{\"@type\":\"EntryPoint\",\"urlTemplate\":\"https:\\\/\\\/www.deutsche-glasfaser.de\\\/blog\\\/?s={search_term_string}\"},\"query-input\":{\"@type\":\"PropertyValueSpecification\",\"valueRequired\":true,\"valueName\":\"search_term_string\"}}],\"inLanguage\":\"de\"},{\"@type\":\"Organization\",\"@id\":\"https:\\\/\\\/www.deutsche-glasfaser.de\\\/blog\\\/#organization\",\"name\":\"Digitales B\u00fcrgernetz\",\"url\":\"https:\\\/\\\/www.deutsche-glasfaser.de\\\/blog\\\/\",\"logo\":{\"@type\":\"ImageObject\",\"inLanguage\":\"de\",\"@id\":\"https:\\\/\\\/www.deutsche-glasfaser.de\\\/blog\\\/#\\\/schema\\\/logo\\\/image\\\/\",\"url\":\"https:\\\/\\\/www.deutsche-glasfaser.de\\\/blog\\\/wp-content\\\/uploads\\\/2021\\\/08\\\/DGF_Logo_Basis_RGB-Large@2x.png\",\"contentUrl\":\"https:\\\/\\\/www.deutsche-glasfaser.de\\\/blog\\\/wp-content\\\/uploads\\\/2021\\\/08\\\/DGF_Logo_Basis_RGB-Large@2x.png\",\"width\":312,\"height\":104,\"caption\":\"Digitales B\u00fcrgernetz\"},\"image\":{\"@id\":\"https:\\\/\\\/www.deutsche-glasfaser.de\\\/blog\\\/#\\\/schema\\\/logo\\\/image\\\/\"}},{\"@type\":\"Person\",\"@id\":\"https:\\\/\\\/www.deutsche-glasfaser.de\\\/blog\\\/#\\\/schema\\\/person\\\/9380a6dc7443d77143d0c66c409f574b\",\"name\":\"Deutsche Glasfaser\"}]}<\/script>\n<!-- \/ Yoast SEO plugin. -->","yoast_head_json":{"title":"Virtuell erleben: Schule aus einer anderen Zeit - Digitales B\u00fcrgernetz","description":"Das Digitale Dorfschulmuseum Erkheim-Daxberg hat einen virtuellen Rundgang durch die Austellungsr\u00e4ume erstellt und gewinnt damit neue G\u00e4ste.","robots":{"index":"index","follow":"follow","max-snippet":"max-snippet:-1","max-image-preview":"max-image-preview:large","max-video-preview":"max-video-preview:-1"},"canonical":"https:\/\/www.deutsche-glasfaser.de\/blog\/schule-aus-einer-anderen-zeit-virtuell-erleben\/","og_locale":"de_DE","og_type":"article","og_title":"Virtuell erleben: Schule aus einer anderen Zeit - Digitales B\u00fcrgernetz","og_description":"Das Digitale Dorfschulmuseum Erkheim-Daxberg hat einen virtuellen Rundgang durch die Austellungsr\u00e4ume erstellt und gewinnt damit neue G\u00e4ste.","og_url":"https:\/\/www.deutsche-glasfaser.de\/blog\/schule-aus-einer-anderen-zeit-virtuell-erleben\/","og_site_name":"Digitales B\u00fcrgernetz","article_published_time":"2021-09-29T05:22:00+00:00","article_modified_time":"2021-09-30T12:38:52+00:00","og_image":[{"width":1500,"height":705,"url":"https:\/\/www.deutsche-glasfaser.de\/blog\/wp-content\/uploads\/2021\/09\/T_digitales-schulmuseum1.jpg","type":"image\/jpeg"}],"author":"Deutsche Glasfaser","twitter_card":"summary_large_image","twitter_misc":{"Verfasst von":"Deutsche Glasfaser","Gesch\u00e4tzte Lesezeit":"3\u00a0Minuten"},"schema":{"@context":"https:\/\/schema.org","@graph":[{"@type":"Article","@id":"https:\/\/www.deutsche-glasfaser.de\/blog\/schule-aus-einer-anderen-zeit-virtuell-erleben\/#article","isPartOf":{"@id":"https:\/\/www.deutsche-glasfaser.de\/blog\/schule-aus-einer-anderen-zeit-virtuell-erleben\/"},"author":{"name":"Deutsche Glasfaser","@id":"https:\/\/www.deutsche-glasfaser.de\/blog\/#\/schema\/person\/9380a6dc7443d77143d0c66c409f574b"},"headline":"Virtuell erleben: Schule aus einer anderen Zeit","datePublished":"2021-09-29T05:22:00+00:00","dateModified":"2021-09-30T12:38:52+00:00","mainEntityOfPage":{"@id":"https:\/\/www.deutsche-glasfaser.de\/blog\/schule-aus-einer-anderen-zeit-virtuell-erleben\/"},"wordCount":601,"commentCount":0,"publisher":{"@id":"https:\/\/www.deutsche-glasfaser.de\/blog\/#organization"},"image":{"@id":"https:\/\/www.deutsche-glasfaser.de\/blog\/schule-aus-einer-anderen-zeit-virtuell-erleben\/#primaryimage"},"thumbnailUrl":"https:\/\/www.deutsche-glasfaser.de\/blog\/wp-content\/uploads\/2021\/09\/T_digitales-schulmuseum1.jpg","articleSection":["#Bildung"],"inLanguage":"de","potentialAction":[{"@type":"CommentAction","name":"Comment","target":["https:\/\/www.deutsche-glasfaser.de\/blog\/schule-aus-einer-anderen-zeit-virtuell-erleben\/#respond"]}]},{"@type":"WebPage","@id":"https:\/\/www.deutsche-glasfaser.de\/blog\/schule-aus-einer-anderen-zeit-virtuell-erleben\/","url":"https:\/\/www.deutsche-glasfaser.de\/blog\/schule-aus-einer-anderen-zeit-virtuell-erleben\/","name":"Virtuell erleben: Schule aus einer anderen Zeit - Digitales B\u00fcrgernetz","isPartOf":{"@id":"https:\/\/www.deutsche-glasfaser.de\/blog\/#website"},"primaryImageOfPage":{"@id":"https:\/\/www.deutsche-glasfaser.de\/blog\/schule-aus-einer-anderen-zeit-virtuell-erleben\/#primaryimage"},"image":{"@id":"https:\/\/www.deutsche-glasfaser.de\/blog\/schule-aus-einer-anderen-zeit-virtuell-erleben\/#primaryimage"},"thumbnailUrl":"https:\/\/www.deutsche-glasfaser.de\/blog\/wp-content\/uploads\/2021\/09\/T_digitales-schulmuseum1.jpg","datePublished":"2021-09-29T05:22:00+00:00","dateModified":"2021-09-30T12:38:52+00:00","description":"Das Digitale Dorfschulmuseum Erkheim-Daxberg hat einen virtuellen Rundgang durch die Austellungsr\u00e4ume erstellt und gewinnt damit neue G\u00e4ste.","inLanguage":"de","potentialAction":[{"@type":"ReadAction","target":["https:\/\/www.deutsche-glasfaser.de\/blog\/schule-aus-einer-anderen-zeit-virtuell-erleben\/"]}]},{"@type":"ImageObject","inLanguage":"de","@id":"https:\/\/www.deutsche-glasfaser.de\/blog\/schule-aus-einer-anderen-zeit-virtuell-erleben\/#primaryimage","url":"https:\/\/www.deutsche-glasfaser.de\/blog\/wp-content\/uploads\/2021\/09\/T_digitales-schulmuseum1.jpg","contentUrl":"https:\/\/www.deutsche-glasfaser.de\/blog\/wp-content\/uploads\/2021\/09\/T_digitales-schulmuseum1.jpg","width":1500,"height":705,"caption":"Beim virtuellen Rundgang durch die R\u00e4umlichkeiten des Dorfschulmuseums k\u00f6nnen zus\u00e4tzliche Informationen angeklickt werden. \u00a9Dorfschulmuseum Erkheim-Daxberg"},{"@type":"WebSite","@id":"https:\/\/www.deutsche-glasfaser.de\/blog\/#website","url":"https:\/\/www.deutsche-glasfaser.de\/blog\/","name":"Digitales B\u00fcrgernetz","description":"Deutsche Glasfaser Blog","publisher":{"@id":"https:\/\/www.deutsche-glasfaser.de\/blog\/#organization"},"potentialAction":[{"@type":"SearchAction","target":{"@type":"EntryPoint","urlTemplate":"https:\/\/www.deutsche-glasfaser.de\/blog\/?s={search_term_string}"},"query-input":{"@type":"PropertyValueSpecification","valueRequired":true,"valueName":"search_term_string"}}],"inLanguage":"de"},{"@type":"Organization","@id":"https:\/\/www.deutsche-glasfaser.de\/blog\/#organization","name":"Digitales B\u00fcrgernetz","url":"https:\/\/www.deutsche-glasfaser.de\/blog\/","logo":{"@type":"ImageObject","inLanguage":"de","@id":"https:\/\/www.deutsche-glasfaser.de\/blog\/#\/schema\/logo\/image\/","url":"https:\/\/www.deutsche-glasfaser.de\/blog\/wp-content\/uploads\/2021\/08\/DGF_Logo_Basis_RGB-Large@2x.png","contentUrl":"https:\/\/www.deutsche-glasfaser.de\/blog\/wp-content\/uploads\/2021\/08\/DGF_Logo_Basis_RGB-Large@2x.png","width":312,"height":104,"caption":"Digitales B\u00fcrgernetz"},"image":{"@id":"https:\/\/www.deutsche-glasfaser.de\/blog\/#\/schema\/logo\/image\/"}},{"@type":"Person","@id":"https:\/\/www.deutsche-glasfaser.de\/blog\/#\/schema\/person\/9380a6dc7443d77143d0c66c409f574b","name":"Deutsche Glasfaser"}]}},"_links":{"self":[{"href":"https:\/\/www.deutsche-glasfaser.de\/blog\/wp-json\/wp\/v2\/posts\/8801","targetHints":{"allow":["GET"]}}],"collection":[{"href":"https:\/\/www.deutsche-glasfaser.de\/blog\/wp-json\/wp\/v2\/posts"}],"about":[{"href":"https:\/\/www.deutsche-glasfaser.de\/blog\/wp-json\/wp\/v2\/types\/post"}],"author":[{"embeddable":true,"href":"https:\/\/www.deutsche-glasfaser.de\/blog\/wp-json\/wp\/v2\/users\/5"}],"replies":[{"embeddable":true,"href":"https:\/\/www.deutsche-glasfaser.de\/blog\/wp-json\/wp\/v2\/comments?post=8801"}],"version-history":[{"count":15,"href":"https:\/\/www.deutsche-glasfaser.de\/blog\/wp-json\/wp\/v2\/posts\/8801\/revisions"}],"predecessor-version":[{"id":8892,"href":"https:\/\/www.deutsche-glasfaser.de\/blog\/wp-json\/wp\/v2\/posts\/8801\/revisions\/8892"}],"wp:featuredmedia":[{"embeddable":true,"href":"https:\/\/www.deutsche-glasfaser.de\/blog\/wp-json\/wp\/v2\/media\/8805"}],"wp:attachment":[{"href":"https:\/\/www.deutsche-glasfaser.de\/blog\/wp-json\/wp\/v2\/media?parent=8801"}],"wp:term":[{"taxonomy":"category","embeddable":true,"href":"https:\/\/www.deutsche-glasfaser.de\/blog\/wp-json\/wp\/v2\/categories?post=8801"},{"taxonomy":"post_tag","embeddable":true,"href":"https:\/\/www.deutsche-glasfaser.de\/blog\/wp-json\/wp\/v2\/tags?post=8801"}],"curies":[{"name":"wp","href":"https:\/\/api.w.org\/{rel}","templated":true}]}}