{"id":8754,"date":"2021-11-15T08:06:47","date_gmt":"2021-11-15T08:06:47","guid":{"rendered":"https:\/\/www.deutsche-glasfaser.de\/blog\/?p=8754"},"modified":"2021-11-15T08:06:07","modified_gmt":"2021-11-15T08:06:07","slug":"das-digitale-buergernetz-netzwerk-fuer-die-digitale-zukunft-auf-dem-land","status":"publish","type":"post","link":"https:\/\/www.deutsche-glasfaser.de\/blog\/das-digitale-buergernetz-netzwerk-fuer-die-digitale-zukunft-auf-dem-land\/","title":{"rendered":"Das digitale B\u00fcrgernetz: Netzwerk f\u00fcr die digitale Zukunft auf dem Land."},"content":{"rendered":"\t\t<div data-elementor-type=\"wp-post\" data-elementor-id=\"8754\" class=\"elementor elementor-8754\">\n\t\t\t\t\t\t<section class=\"elementor-section elementor-top-section elementor-element elementor-element-f7cdebf elementor-section-boxed elementor-section-height-default elementor-section-height-default\" data-id=\"f7cdebf\" data-element_type=\"section\" data-e-type=\"section\">\n\t\t\t\t\t\t<div class=\"elementor-container elementor-column-gap-default\">\n\t\t\t\t\t<div class=\"elementor-column elementor-col-100 elementor-top-column elementor-element elementor-element-ee563f1\" data-id=\"ee563f1\" data-element_type=\"column\" data-e-type=\"column\">\n\t\t\t<div class=\"elementor-widget-wrap elementor-element-populated\">\n\t\t\t\t\t\t<div class=\"elementor-element elementor-element-aa27ef1 elementor-widget elementor-widget-text-editor\" data-id=\"aa27ef1\" data-element_type=\"widget\" data-e-type=\"widget\" data-widget_type=\"text-editor.default\">\n\t\t\t\t<div class=\"elementor-widget-container\">\n\t\t\t\t\t\t\t\t\t<p>\u00a9Shutterstock<\/p>\t\t\t\t\t\t\t\t<\/div>\n\t\t\t\t<\/div>\n\t\t\t\t<div class=\"elementor-element elementor-element-039db03 elementor-widget elementor-widget-text-editor\" data-id=\"039db03\" data-element_type=\"widget\" data-e-type=\"widget\" data-widget_type=\"text-editor.default\">\n\t\t\t\t<div class=\"elementor-widget-container\">\n\t\t\t\t\t\t\t\t\t<p>Willkommen! Unter dem Motto #LandLebenDigital zeigen wir die Chancen der Digitalisierung im l\u00e4ndlichen Raum. Wir stellen Menschen, Ideen und Projekte vor, die inspirieren. Und wir laden zum Austausch ein.<\/p>\t\t\t\t\t\t\t\t<\/div>\n\t\t\t\t<\/div>\n\t\t\t\t\t<\/div>\n\t\t<\/div>\n\t\t\t\t\t<\/div>\n\t\t<\/section>\n\t\t\t\t<\/div>\n\t\t","protected":false},"excerpt":{"rendered":"<p>Unter dem Motto #LandLebenDigital zeigen wir die Chancen der Digitalisierung im l\u00e4ndlichen Raum. Wir stellen Menschen, Ideen und Projekte vor, die inspirieren. Und wir laden zum Austausch ein.<\/p>\n","protected":false},"author":5,"featured_media":8756,"comment_status":"open","ping_status":"open","sticky":false,"template":"","format":"standard","meta":{"footnotes":""},"categories":[72],"tags":[],"class_list":["post-8754","post","type-post","status-publish","format-standard","has-post-thumbnail","hentry","category-landlebendigital"],"yoast_head":"<!-- This site is optimized with the Yoast SEO plugin v27.5 - https:\/\/yoast.com\/product\/yoast-seo-wordpress\/ -->\n<title>Das digitale B\u00fcrgernetz: Netzwerk f\u00fcr die digitale Zukunft auf dem Land.<\/title>\n<meta name=\"description\" content=\"Das digitale B\u00fcrgernetz zeigt unter dem Motto #LandLebenDigital Chancen der Digitalisierung im l\u00e4ndlichen Raum &amp; liefert Beispiele f\u00fcr die digitale Zukunft.\" \/>\n<meta name=\"robots\" content=\"index, follow, max-snippet:-1, max-image-preview:large, max-video-preview:-1\" \/>\n<link rel=\"canonical\" href=\"https:\/\/www.deutsche-glasfaser.de\/blog\/das-digitale-buergernetz-netzwerk-fuer-die-digitale-zukunft-auf-dem-land\/\" \/>\n<meta property=\"og:locale\" content=\"de_DE\" \/>\n<meta property=\"og:type\" content=\"article\" \/>\n<meta property=\"og:title\" content=\"Das digitale B\u00fcrgernetz: Netzwerk f\u00fcr die digitale Zukunft auf dem Land.\" \/>\n<meta property=\"og:description\" content=\"Das digitale B\u00fcrgernetz zeigt unter dem Motto #LandLebenDigital Chancen der Digitalisierung im l\u00e4ndlichen Raum &amp; liefert Beispiele f\u00fcr die digitale Zukunft.\" \/>\n<meta property=\"og:url\" content=\"https:\/\/www.deutsche-glasfaser.de\/blog\/das-digitale-buergernetz-netzwerk-fuer-die-digitale-zukunft-auf-dem-land\/\" \/>\n<meta property=\"og:site_name\" content=\"Digitales B\u00fcrgernetz\" \/>\n<meta property=\"article:published_time\" content=\"2021-11-15T08:06:47+00:00\" \/>\n<meta property=\"og:image\" content=\"https:\/\/www.deutsche-glasfaser.de\/blog\/wp-content\/uploads\/2021\/09\/T_GettyImages-1287685649.jpg\" \/>\n\t<meta property=\"og:image:width\" content=\"1500\" \/>\n\t<meta property=\"og:image:height\" content=\"705\" \/>\n\t<meta property=\"og:image:type\" content=\"image\/jpeg\" \/>\n<meta name=\"author\" content=\"Deutsche Glasfaser\" \/>\n<meta name=\"twitter:card\" content=\"summary_large_image\" \/>\n<meta name=\"twitter:label1\" content=\"Verfasst von\" \/>\n\t<meta name=\"twitter:data1\" content=\"Deutsche Glasfaser\" \/>\n\t<meta name=\"twitter:label2\" content=\"Gesch\u00e4tzte Lesezeit\" \/>\n\t<meta name=\"twitter:data2\" content=\"1\u00a0Minute\" \/>\n<script type=\"application\/ld+json\" class=\"yoast-schema-graph\">{\"@context\":\"https:\\\/\\\/schema.org\",\"@graph\":[{\"@type\":\"Article\",\"@id\":\"https:\\\/\\\/www.deutsche-glasfaser.de\\\/blog\\\/das-digitale-buergernetz-netzwerk-fuer-die-digitale-zukunft-auf-dem-land\\\/#article\",\"isPartOf\":{\"@id\":\"https:\\\/\\\/www.deutsche-glasfaser.de\\\/blog\\\/das-digitale-buergernetz-netzwerk-fuer-die-digitale-zukunft-auf-dem-land\\\/\"},\"author\":{\"name\":\"Deutsche Glasfaser\",\"@id\":\"https:\\\/\\\/www.deutsche-glasfaser.de\\\/blog\\\/#\\\/schema\\\/person\\\/9380a6dc7443d77143d0c66c409f574b\"},\"headline\":\"Das digitale B\u00fcrgernetz: Netzwerk f\u00fcr die digitale Zukunft auf dem Land.\",\"datePublished\":\"2021-11-15T08:06:47+00:00\",\"mainEntityOfPage\":{\"@id\":\"https:\\\/\\\/www.deutsche-glasfaser.de\\\/blog\\\/das-digitale-buergernetz-netzwerk-fuer-die-digitale-zukunft-auf-dem-land\\\/\"},\"wordCount\":44,\"commentCount\":0,\"publisher\":{\"@id\":\"https:\\\/\\\/www.deutsche-glasfaser.de\\\/blog\\\/#organization\"},\"image\":{\"@id\":\"https:\\\/\\\/www.deutsche-glasfaser.de\\\/blog\\\/das-digitale-buergernetz-netzwerk-fuer-die-digitale-zukunft-auf-dem-land\\\/#primaryimage\"},\"thumbnailUrl\":\"https:\\\/\\\/www.deutsche-glasfaser.de\\\/blog\\\/wp-content\\\/uploads\\\/2021\\\/09\\\/T_GettyImages-1287685649.jpg\",\"articleSection\":[\"#LandLebenDigital\"],\"inLanguage\":\"de\",\"potentialAction\":[{\"@type\":\"CommentAction\",\"name\":\"Comment\",\"target\":[\"https:\\\/\\\/www.deutsche-glasfaser.de\\\/blog\\\/das-digitale-buergernetz-netzwerk-fuer-die-digitale-zukunft-auf-dem-land\\\/#respond\"]}]},{\"@type\":\"WebPage\",\"@id\":\"https:\\\/\\\/www.deutsche-glasfaser.de\\\/blog\\\/das-digitale-buergernetz-netzwerk-fuer-die-digitale-zukunft-auf-dem-land\\\/\",\"url\":\"https:\\\/\\\/www.deutsche-glasfaser.de\\\/blog\\\/das-digitale-buergernetz-netzwerk-fuer-die-digitale-zukunft-auf-dem-land\\\/\",\"name\":\"Das digitale B\u00fcrgernetz: Netzwerk f\u00fcr die digitale Zukunft auf dem Land.\",\"isPartOf\":{\"@id\":\"https:\\\/\\\/www.deutsche-glasfaser.de\\\/blog\\\/#website\"},\"primaryImageOfPage\":{\"@id\":\"https:\\\/\\\/www.deutsche-glasfaser.de\\\/blog\\\/das-digitale-buergernetz-netzwerk-fuer-die-digitale-zukunft-auf-dem-land\\\/#primaryimage\"},\"image\":{\"@id\":\"https:\\\/\\\/www.deutsche-glasfaser.de\\\/blog\\\/das-digitale-buergernetz-netzwerk-fuer-die-digitale-zukunft-auf-dem-land\\\/#primaryimage\"},\"thumbnailUrl\":\"https:\\\/\\\/www.deutsche-glasfaser.de\\\/blog\\\/wp-content\\\/uploads\\\/2021\\\/09\\\/T_GettyImages-1287685649.jpg\",\"datePublished\":\"2021-11-15T08:06:47+00:00\",\"description\":\"Das digitale B\u00fcrgernetz zeigt unter dem Motto #LandLebenDigital Chancen der Digitalisierung im l\u00e4ndlichen Raum & liefert Beispiele f\u00fcr die digitale Zukunft.\",\"inLanguage\":\"de\",\"potentialAction\":[{\"@type\":\"ReadAction\",\"target\":[\"https:\\\/\\\/www.deutsche-glasfaser.de\\\/blog\\\/das-digitale-buergernetz-netzwerk-fuer-die-digitale-zukunft-auf-dem-land\\\/\"]}]},{\"@type\":\"ImageObject\",\"inLanguage\":\"de\",\"@id\":\"https:\\\/\\\/www.deutsche-glasfaser.de\\\/blog\\\/das-digitale-buergernetz-netzwerk-fuer-die-digitale-zukunft-auf-dem-land\\\/#primaryimage\",\"url\":\"https:\\\/\\\/www.deutsche-glasfaser.de\\\/blog\\\/wp-content\\\/uploads\\\/2021\\\/09\\\/T_GettyImages-1287685649.jpg\",\"contentUrl\":\"https:\\\/\\\/www.deutsche-glasfaser.de\\\/blog\\\/wp-content\\\/uploads\\\/2021\\\/09\\\/T_GettyImages-1287685649.jpg\",\"width\":1500,\"height\":705,\"caption\":\"Digitales B\u00fcrgernetz - #LandLebenDigital\"},{\"@type\":\"WebSite\",\"@id\":\"https:\\\/\\\/www.deutsche-glasfaser.de\\\/blog\\\/#website\",\"url\":\"https:\\\/\\\/www.deutsche-glasfaser.de\\\/blog\\\/\",\"name\":\"Digitales B\u00fcrgernetz\",\"description\":\"Deutsche Glasfaser Blog\",\"publisher\":{\"@id\":\"https:\\\/\\\/www.deutsche-glasfaser.de\\\/blog\\\/#organization\"},\"potentialAction\":[{\"@type\":\"SearchAction\",\"target\":{\"@type\":\"EntryPoint\",\"urlTemplate\":\"https:\\\/\\\/www.deutsche-glasfaser.de\\\/blog\\\/?s={search_term_string}\"},\"query-input\":{\"@type\":\"PropertyValueSpecification\",\"valueRequired\":true,\"valueName\":\"search_term_string\"}}],\"inLanguage\":\"de\"},{\"@type\":\"Organization\",\"@id\":\"https:\\\/\\\/www.deutsche-glasfaser.de\\\/blog\\\/#organization\",\"name\":\"Digitales B\u00fcrgernetz\",\"url\":\"https:\\\/\\\/www.deutsche-glasfaser.de\\\/blog\\\/\",\"logo\":{\"@type\":\"ImageObject\",\"inLanguage\":\"de\",\"@id\":\"https:\\\/\\\/www.deutsche-glasfaser.de\\\/blog\\\/#\\\/schema\\\/logo\\\/image\\\/\",\"url\":\"https:\\\/\\\/www.deutsche-glasfaser.de\\\/blog\\\/wp-content\\\/uploads\\\/2021\\\/08\\\/DGF_Logo_Basis_RGB-Large@2x.png\",\"contentUrl\":\"https:\\\/\\\/www.deutsche-glasfaser.de\\\/blog\\\/wp-content\\\/uploads\\\/2021\\\/08\\\/DGF_Logo_Basis_RGB-Large@2x.png\",\"width\":312,\"height\":104,\"caption\":\"Digitales B\u00fcrgernetz\"},\"image\":{\"@id\":\"https:\\\/\\\/www.deutsche-glasfaser.de\\\/blog\\\/#\\\/schema\\\/logo\\\/image\\\/\"}},{\"@type\":\"Person\",\"@id\":\"https:\\\/\\\/www.deutsche-glasfaser.de\\\/blog\\\/#\\\/schema\\\/person\\\/9380a6dc7443d77143d0c66c409f574b\",\"name\":\"Deutsche Glasfaser\"}]}<\/script>\n<!-- \/ Yoast SEO plugin. -->","yoast_head_json":{"title":"Das digitale B\u00fcrgernetz: Netzwerk f\u00fcr die digitale Zukunft auf dem Land.","description":"Das digitale B\u00fcrgernetz zeigt unter dem Motto #LandLebenDigital Chancen der Digitalisierung im l\u00e4ndlichen Raum & liefert Beispiele f\u00fcr die digitale Zukunft.","robots":{"index":"index","follow":"follow","max-snippet":"max-snippet:-1","max-image-preview":"max-image-preview:large","max-video-preview":"max-video-preview:-1"},"canonical":"https:\/\/www.deutsche-glasfaser.de\/blog\/das-digitale-buergernetz-netzwerk-fuer-die-digitale-zukunft-auf-dem-land\/","og_locale":"de_DE","og_type":"article","og_title":"Das digitale B\u00fcrgernetz: Netzwerk f\u00fcr die digitale Zukunft auf dem Land.","og_description":"Das digitale B\u00fcrgernetz zeigt unter dem Motto #LandLebenDigital Chancen der Digitalisierung im l\u00e4ndlichen Raum & liefert Beispiele f\u00fcr die digitale Zukunft.","og_url":"https:\/\/www.deutsche-glasfaser.de\/blog\/das-digitale-buergernetz-netzwerk-fuer-die-digitale-zukunft-auf-dem-land\/","og_site_name":"Digitales B\u00fcrgernetz","article_published_time":"2021-11-15T08:06:47+00:00","og_image":[{"width":1500,"height":705,"url":"https:\/\/www.deutsche-glasfaser.de\/blog\/wp-content\/uploads\/2021\/09\/T_GettyImages-1287685649.jpg","type":"image\/jpeg"}],"author":"Deutsche Glasfaser","twitter_card":"summary_large_image","twitter_misc":{"Verfasst von":"Deutsche Glasfaser","Gesch\u00e4tzte Lesezeit":"1\u00a0Minute"},"schema":{"@context":"https:\/\/schema.org","@graph":[{"@type":"Article","@id":"https:\/\/www.deutsche-glasfaser.de\/blog\/das-digitale-buergernetz-netzwerk-fuer-die-digitale-zukunft-auf-dem-land\/#article","isPartOf":{"@id":"https:\/\/www.deutsche-glasfaser.de\/blog\/das-digitale-buergernetz-netzwerk-fuer-die-digitale-zukunft-auf-dem-land\/"},"author":{"name":"Deutsche Glasfaser","@id":"https:\/\/www.deutsche-glasfaser.de\/blog\/#\/schema\/person\/9380a6dc7443d77143d0c66c409f574b"},"headline":"Das digitale B\u00fcrgernetz: Netzwerk f\u00fcr die digitale Zukunft auf dem Land.","datePublished":"2021-11-15T08:06:47+00:00","mainEntityOfPage":{"@id":"https:\/\/www.deutsche-glasfaser.de\/blog\/das-digitale-buergernetz-netzwerk-fuer-die-digitale-zukunft-auf-dem-land\/"},"wordCount":44,"commentCount":0,"publisher":{"@id":"https:\/\/www.deutsche-glasfaser.de\/blog\/#organization"},"image":{"@id":"https:\/\/www.deutsche-glasfaser.de\/blog\/das-digitale-buergernetz-netzwerk-fuer-die-digitale-zukunft-auf-dem-land\/#primaryimage"},"thumbnailUrl":"https:\/\/www.deutsche-glasfaser.de\/blog\/wp-content\/uploads\/2021\/09\/T_GettyImages-1287685649.jpg","articleSection":["#LandLebenDigital"],"inLanguage":"de","potentialAction":[{"@type":"CommentAction","name":"Comment","target":["https:\/\/www.deutsche-glasfaser.de\/blog\/das-digitale-buergernetz-netzwerk-fuer-die-digitale-zukunft-auf-dem-land\/#respond"]}]},{"@type":"WebPage","@id":"https:\/\/www.deutsche-glasfaser.de\/blog\/das-digitale-buergernetz-netzwerk-fuer-die-digitale-zukunft-auf-dem-land\/","url":"https:\/\/www.deutsche-glasfaser.de\/blog\/das-digitale-buergernetz-netzwerk-fuer-die-digitale-zukunft-auf-dem-land\/","name":"Das digitale B\u00fcrgernetz: Netzwerk f\u00fcr die digitale Zukunft auf dem Land.","isPartOf":{"@id":"https:\/\/www.deutsche-glasfaser.de\/blog\/#website"},"primaryImageOfPage":{"@id":"https:\/\/www.deutsche-glasfaser.de\/blog\/das-digitale-buergernetz-netzwerk-fuer-die-digitale-zukunft-auf-dem-land\/#primaryimage"},"image":{"@id":"https:\/\/www.deutsche-glasfaser.de\/blog\/das-digitale-buergernetz-netzwerk-fuer-die-digitale-zukunft-auf-dem-land\/#primaryimage"},"thumbnailUrl":"https:\/\/www.deutsche-glasfaser.de\/blog\/wp-content\/uploads\/2021\/09\/T_GettyImages-1287685649.jpg","datePublished":"2021-11-15T08:06:47+00:00","description":"Das digitale B\u00fcrgernetz zeigt unter dem Motto #LandLebenDigital Chancen der Digitalisierung im l\u00e4ndlichen Raum & liefert Beispiele f\u00fcr die digitale Zukunft.","inLanguage":"de","potentialAction":[{"@type":"ReadAction","target":["https:\/\/www.deutsche-glasfaser.de\/blog\/das-digitale-buergernetz-netzwerk-fuer-die-digitale-zukunft-auf-dem-land\/"]}]},{"@type":"ImageObject","inLanguage":"de","@id":"https:\/\/www.deutsche-glasfaser.de\/blog\/das-digitale-buergernetz-netzwerk-fuer-die-digitale-zukunft-auf-dem-land\/#primaryimage","url":"https:\/\/www.deutsche-glasfaser.de\/blog\/wp-content\/uploads\/2021\/09\/T_GettyImages-1287685649.jpg","contentUrl":"https:\/\/www.deutsche-glasfaser.de\/blog\/wp-content\/uploads\/2021\/09\/T_GettyImages-1287685649.jpg","width":1500,"height":705,"caption":"Digitales B\u00fcrgernetz - #LandLebenDigital"},{"@type":"WebSite","@id":"https:\/\/www.deutsche-glasfaser.de\/blog\/#website","url":"https:\/\/www.deutsche-glasfaser.de\/blog\/","name":"Digitales B\u00fcrgernetz","description":"Deutsche Glasfaser Blog","publisher":{"@id":"https:\/\/www.deutsche-glasfaser.de\/blog\/#organization"},"potentialAction":[{"@type":"SearchAction","target":{"@type":"EntryPoint","urlTemplate":"https:\/\/www.deutsche-glasfaser.de\/blog\/?s={search_term_string}"},"query-input":{"@type":"PropertyValueSpecification","valueRequired":true,"valueName":"search_term_string"}}],"inLanguage":"de"},{"@type":"Organization","@id":"https:\/\/www.deutsche-glasfaser.de\/blog\/#organization","name":"Digitales B\u00fcrgernetz","url":"https:\/\/www.deutsche-glasfaser.de\/blog\/","logo":{"@type":"ImageObject","inLanguage":"de","@id":"https:\/\/www.deutsche-glasfaser.de\/blog\/#\/schema\/logo\/image\/","url":"https:\/\/www.deutsche-glasfaser.de\/blog\/wp-content\/uploads\/2021\/08\/DGF_Logo_Basis_RGB-Large@2x.png","contentUrl":"https:\/\/www.deutsche-glasfaser.de\/blog\/wp-content\/uploads\/2021\/08\/DGF_Logo_Basis_RGB-Large@2x.png","width":312,"height":104,"caption":"Digitales B\u00fcrgernetz"},"image":{"@id":"https:\/\/www.deutsche-glasfaser.de\/blog\/#\/schema\/logo\/image\/"}},{"@type":"Person","@id":"https:\/\/www.deutsche-glasfaser.de\/blog\/#\/schema\/person\/9380a6dc7443d77143d0c66c409f574b","name":"Deutsche Glasfaser"}]}},"_links":{"self":[{"href":"https:\/\/www.deutsche-glasfaser.de\/blog\/wp-json\/wp\/v2\/posts\/8754","targetHints":{"allow":["GET"]}}],"collection":[{"href":"https:\/\/www.deutsche-glasfaser.de\/blog\/wp-json\/wp\/v2\/posts"}],"about":[{"href":"https:\/\/www.deutsche-glasfaser.de\/blog\/wp-json\/wp\/v2\/types\/post"}],"author":[{"embeddable":true,"href":"https:\/\/www.deutsche-glasfaser.de\/blog\/wp-json\/wp\/v2\/users\/5"}],"replies":[{"embeddable":true,"href":"https:\/\/www.deutsche-glasfaser.de\/blog\/wp-json\/wp\/v2\/comments?post=8754"}],"version-history":[{"count":9,"href":"https:\/\/www.deutsche-glasfaser.de\/blog\/wp-json\/wp\/v2\/posts\/8754\/revisions"}],"predecessor-version":[{"id":8907,"href":"https:\/\/www.deutsche-glasfaser.de\/blog\/wp-json\/wp\/v2\/posts\/8754\/revisions\/8907"}],"wp:featuredmedia":[{"embeddable":true,"href":"https:\/\/www.deutsche-glasfaser.de\/blog\/wp-json\/wp\/v2\/media\/8756"}],"wp:attachment":[{"href":"https:\/\/www.deutsche-glasfaser.de\/blog\/wp-json\/wp\/v2\/media?parent=8754"}],"wp:term":[{"taxonomy":"category","embeddable":true,"href":"https:\/\/www.deutsche-glasfaser.de\/blog\/wp-json\/wp\/v2\/categories?post=8754"},{"taxonomy":"post_tag","embeddable":true,"href":"https:\/\/www.deutsche-glasfaser.de\/blog\/wp-json\/wp\/v2\/tags?post=8754"}],"curies":[{"name":"wp","href":"https:\/\/api.w.org\/{rel}","templated":true}]}}