{"id":874,"date":"2020-06-02T11:34:02","date_gmt":"2020-06-02T11:34:02","guid":{"rendered":"https:\/\/www.deutsche-glasfaser.de\/blog\/dgblog-snapshot-20190819123943\/?p=874"},"modified":"2025-03-21T10:11:54","modified_gmt":"2025-03-21T09:11:54","slug":"rueckkehr-des-gruschelns-studivz-ist-zurueck","status":"publish","type":"post","link":"https:\/\/www.deutsche-glasfaser.de\/blog\/rueckkehr-des-gruschelns-studivz-ist-zurueck\/","title":{"rendered":"R\u00fcckkehr des Gruschelns? studiVZ ist zur\u00fcck."},"content":{"rendered":"\t\t<div data-elementor-type=\"wp-post\" data-elementor-id=\"874\" class=\"elementor elementor-874\">\n\t\t\t\t\t\t<section class=\"elementor-section elementor-top-section elementor-element elementor-element-624ed53d elementor-section-boxed elementor-section-height-default elementor-section-height-default\" data-id=\"624ed53d\" data-element_type=\"section\" data-e-type=\"section\">\n\t\t\t\t\t\t<div class=\"elementor-container elementor-column-gap-default\">\n\t\t\t\t\t<div class=\"elementor-column elementor-col-100 elementor-top-column elementor-element elementor-element-2d9f407d\" data-id=\"2d9f407d\" data-element_type=\"column\" data-e-type=\"column\">\n\t\t\t<div class=\"elementor-widget-wrap elementor-element-populated\">\n\t\t\t\t\t\t<div class=\"elementor-element elementor-element-63743859 elementor-widget elementor-widget-text-editor\" data-id=\"63743859\" data-element_type=\"widget\" data-e-type=\"widget\" data-widget_type=\"text-editor.default\">\n\t\t\t\t<div class=\"elementor-widget-container\">\n\t\t\t\t\t\t\t\t\t<p>Es war im November 2005, als das soziale Netzwerk studiVZ begann, den deutschsprachigen Markt zu erobern. Das Vorbild war das erfolgreiche Unternehmen Facebook aus den USA, welches ein Jahr zuvor gegr\u00fcndet wurde. Allerdings war Facebook zu der Zeit noch rein englischsprachig und nur einem kleinen Kreis von Austauschstudenten bekannt. Und so wurde in Deutschland gegruschelt, ein Kofferwort aus \u201egr\u00fc\u00dfen\u201c und \u201ekuscheln\u201c, und nicht angestupst wie bei Facebook.<\/p>\n<p><!-- \/wp:paragraph --><\/p>\n<p><!-- wp:paragraph --><\/p>\n<p>Studenten und Studentinnen aus ganz Deutschland, \u00d6sterreich und der Schweiz vernetzten sich damals via studiVZ, blieben \u00fcber die Entfernung mit alten Freunden in Kontakt, die in anderen St\u00e4dten studierten und verbrachten ihre Zeit damit, lustigen Gruppen beizutreten. Zum Beispiel: \u201eIch habe keine L\u00f6sung, aber ich bewundere das Problem\u201c oder \u201eMeine K\u00fcche ist so klein, ich muss Pfannkuchen senkrecht braten\u201c.<\/p>\n<p><!-- \/wp:paragraph --><\/p>\n<p><!-- wp:paragraph --><\/p>\n<p>Urspr\u00fcnglich ausschlie\u00dflich f\u00fcr Studenten gedacht, wurden mehr und mehr Nicht-Studenten auf die Plattform aufmerksam, sodass nach studiVZ auch sch\u00fclerVZ und meinVZ gegr\u00fcndet wurden. Um 2010 hatten die Netzwerke mit 16 Millionen Nutzern ihren H\u00f6hepunkt erreicht und geh\u00f6rten eine Zeitlang zu den erfolgreichsten Onlinemedien in Deutschland. Und dann \u2013 kam Facebook.<\/p>\n<p><!-- \/wp:paragraph --><\/p>\n<p><!-- wp:image {\"id\":876,\"sizeSlug\":\"large\"} --><\/p>\n<p><!-- \/wp:paragraph --><\/p>\t\t\t\t\t\t\t\t<\/div>\n\t\t\t\t<\/div>\n\t\t\t\t\t<\/div>\n\t\t<\/div>\n\t\t\t\t\t<\/div>\n\t\t<\/section>\n\t\t\t\t<section class=\"elementor-section elementor-top-section elementor-element elementor-element-925af97 elementor-section-boxed elementor-section-height-default elementor-section-height-default\" data-id=\"925af97\" data-element_type=\"section\" data-e-type=\"section\">\n\t\t\t\t\t\t<div class=\"elementor-container elementor-column-gap-default\">\n\t\t\t\t\t<div class=\"elementor-column elementor-col-100 elementor-top-column elementor-element elementor-element-39802a5\" data-id=\"39802a5\" data-element_type=\"column\" data-e-type=\"column\">\n\t\t\t<div class=\"elementor-widget-wrap elementor-element-populated\">\n\t\t\t\t\t\t<div class=\"elementor-element elementor-element-a8a8cbd elementor-widget elementor-widget-image\" data-id=\"a8a8cbd\" data-element_type=\"widget\" data-e-type=\"widget\" data-widget_type=\"image.default\">\n\t\t\t\t<div class=\"elementor-widget-container\">\n\t\t\t\t\t\t\t\t\t\t\t\t\t\t\t<img fetchpriority=\"high\" decoding=\"async\" width=\"768\" height=\"406\" src=\"https:\/\/www.deutsche-glasfaser.de\/blog\/wp-content\/uploads\/2021\/08\/gruppenVZ.jpg\" class=\"attachment-medium_large size-medium_large wp-image-6219\" alt=\"\" \/>\t\t\t\t\t\t\t\t\t\t\t\t\t\t\t<\/div>\n\t\t\t\t<\/div>\n\t\t\t\t\t<\/div>\n\t\t<\/div>\n\t\t\t\t\t<\/div>\n\t\t<\/section>\n\t\t\t\t<section class=\"elementor-section elementor-top-section elementor-element elementor-element-21d81f4 elementor-section-boxed elementor-section-height-default elementor-section-height-default\" data-id=\"21d81f4\" data-element_type=\"section\" data-e-type=\"section\">\n\t\t\t\t\t\t<div class=\"elementor-container elementor-column-gap-default\">\n\t\t\t\t\t<div class=\"elementor-column elementor-col-100 elementor-top-column elementor-element elementor-element-8ef8cc4\" data-id=\"8ef8cc4\" data-element_type=\"column\" data-e-type=\"column\">\n\t\t\t<div class=\"elementor-widget-wrap elementor-element-populated\">\n\t\t\t\t\t\t<div class=\"elementor-element elementor-element-47afa5b elementor-widget elementor-widget-text-editor\" data-id=\"47afa5b\" data-element_type=\"widget\" data-e-type=\"widget\" data-widget_type=\"text-editor.default\">\n\t\t\t\t<div class=\"elementor-widget-container\">\n\t\t\t\t\t\t\t\t\t<figure class=\"wp-block-image size-large\">So sieht das neue VZ.net aus &#8211; Bekannte Funktionen erscheinen im neuen Glanz.<\/figure>\n<p><!-- \/wp:image --><\/p>\n<p><!-- wp:paragraph --><\/p>\n<p>Der blaue Riese aus den USA buhlte schon seit 2008 mit einer eigenen deutschsprachigen Seite um die Nutzer hierzulande. 2011 war es dann geschehen: Facebook war erstmals erfolgreicher als alle VZ-Netzwerke zusammen und die VZ-Netzwerke? Bald Geschichte. Das sch\u00fclerVZ wurde geschlossen, meinVZ und studiVZ verwaisten. Bis jetzt.<\/p>\n<p><!-- \/wp:paragraph --><\/p>\n<p><!-- wp:paragraph --><\/p>\n<p>Seit Ende April 2020 versucht J\u00f6rg Gerbig, Gr\u00fcnder von Lieferando, dem VZ wieder Leben einzuhauchen. Das Neue: Es soll keine drei Plattformen mehr geben, sondern nur noch VZ.net (voller Name: Gruppennetzwerk VZ). Es darf weiterhin gegruschelt werden, die lustigen Gruppen von damals sind auch wieder mit dabei, man setzt stark auf Nostalgie und einen Punkt, den man von sozialen Netzwerken nicht unbedingt gewohnt ist: Datenschutz. Eine weitere Besonderheit: Nutzer, die ihren Account damals nicht gel\u00f6scht haben, k\u00f6nnen diesen wieder aktivieren.<\/p>\n<p><!-- \/wp:paragraph --><\/p>\n<p><!-- wp:paragraph --><\/p>\n<p>Man darf also gespannt sein, wie sich das neue, alte Netzwerk entwickelt. Und wer wei\u00df, vielleicht treffen wir uns ja in einer der vielen Gruppen wieder. \u201e<a href=\"https:\/\/www.deutsche-glasfaser.de\/blog\/wozu-wird-schon-heute-ein-ftth-anschluss-benoetigt\/\" target=\"_blank\" rel=\"noreferrer noopener\">Meine Glasfaser ist schneller als deine Glasfaser<\/a>\u201c, w\u00e4re eine M\u00f6glichkeit.<\/p>\t\t\t\t\t\t\t\t<\/div>\n\t\t\t\t<\/div>\n\t\t\t\t\t<\/div>\n\t\t<\/div>\n\t\t\t\t\t<\/div>\n\t\t<\/section>\n\t\t\t\t<\/div>\n\t\t","protected":false},"excerpt":{"rendered":"<p>Es war im November 2005, als das soziale Netzwerk studiVZ begann, den deutschsprachigen Markt zu erobern. Das Vorbild war das erfolgreiche Unternehmen Facebook aus den USA, welches ein Jahr zuvor gegr\u00fcndet wurde. Allerdings war Facebook zu der Zeit noch rein [&hellip;]<\/p>\n","protected":false},"author":5,"featured_media":6216,"comment_status":"closed","ping_status":"open","sticky":false,"template":"","format":"standard","meta":{"footnotes":""},"categories":[1],"tags":[],"class_list":["post-874","post","type-post","status-publish","format-standard","has-post-thumbnail","hentry","category-service"],"yoast_head":"<!-- This site is optimized with the Yoast SEO plugin v27.5 - https:\/\/yoast.com\/product\/yoast-seo-wordpress\/ -->\n<title>R\u00fcckkehr des Gruschelns? studiVZ ist zur\u00fcck. - Digitales B\u00fcrgernetz<\/title>\n<meta name=\"robots\" content=\"index, follow, max-snippet:-1, max-image-preview:large, max-video-preview:-1\" \/>\n<link rel=\"canonical\" href=\"https:\/\/www.deutsche-glasfaser.de\/blog\/rueckkehr-des-gruschelns-studivz-ist-zurueck\/\" \/>\n<meta property=\"og:locale\" content=\"de_DE\" \/>\n<meta property=\"og:type\" content=\"article\" \/>\n<meta property=\"og:title\" content=\"R\u00fcckkehr des Gruschelns? studiVZ ist zur\u00fcck. - Digitales B\u00fcrgernetz\" \/>\n<meta property=\"og:description\" content=\"Es war im November 2005, als das soziale Netzwerk studiVZ begann, den deutschsprachigen Markt zu erobern. Das Vorbild war das erfolgreiche Unternehmen Facebook aus den USA, welches ein Jahr zuvor gegr\u00fcndet wurde. Allerdings war Facebook zu der Zeit noch rein [&hellip;]\" \/>\n<meta property=\"og:url\" content=\"https:\/\/www.deutsche-glasfaser.de\/blog\/rueckkehr-des-gruschelns-studivz-ist-zurueck\/\" \/>\n<meta property=\"og:site_name\" content=\"Digitales B\u00fcrgernetz\" \/>\n<meta property=\"article:published_time\" content=\"2020-06-02T11:34:02+00:00\" \/>\n<meta property=\"article:modified_time\" content=\"2025-03-21T09:11:54+00:00\" \/>\n<meta property=\"og:image\" content=\"https:\/\/www.deutsche-glasfaser.de\/blog\/wp-content\/uploads\/2021\/08\/Blog_Header_Gruscheln_CS.jpg\" \/>\n\t<meta property=\"og:image:width\" content=\"1500\" \/>\n\t<meta property=\"og:image:height\" content=\"664\" \/>\n\t<meta property=\"og:image:type\" content=\"image\/jpeg\" \/>\n<meta name=\"author\" content=\"Deutsche Glasfaser\" \/>\n<meta name=\"twitter:card\" content=\"summary_large_image\" \/>\n<meta name=\"twitter:label1\" content=\"Verfasst von\" \/>\n\t<meta name=\"twitter:data1\" content=\"Deutsche Glasfaser\" \/>\n\t<meta name=\"twitter:label2\" content=\"Gesch\u00e4tzte Lesezeit\" \/>\n\t<meta name=\"twitter:data2\" content=\"3\u00a0Minuten\" \/>\n<script type=\"application\/ld+json\" class=\"yoast-schema-graph\">{\"@context\":\"https:\\\/\\\/schema.org\",\"@graph\":[{\"@type\":\"Article\",\"@id\":\"https:\\\/\\\/www.deutsche-glasfaser.de\\\/blog\\\/rueckkehr-des-gruschelns-studivz-ist-zurueck\\\/#article\",\"isPartOf\":{\"@id\":\"https:\\\/\\\/www.deutsche-glasfaser.de\\\/blog\\\/rueckkehr-des-gruschelns-studivz-ist-zurueck\\\/\"},\"author\":{\"name\":\"Deutsche Glasfaser\",\"@id\":\"https:\\\/\\\/www.deutsche-glasfaser.de\\\/blog\\\/#\\\/schema\\\/person\\\/9380a6dc7443d77143d0c66c409f574b\"},\"headline\":\"R\u00fcckkehr des Gruschelns? studiVZ ist zur\u00fcck.\",\"datePublished\":\"2020-06-02T11:34:02+00:00\",\"dateModified\":\"2025-03-21T09:11:54+00:00\",\"mainEntityOfPage\":{\"@id\":\"https:\\\/\\\/www.deutsche-glasfaser.de\\\/blog\\\/rueckkehr-des-gruschelns-studivz-ist-zurueck\\\/\"},\"wordCount\":374,\"publisher\":{\"@id\":\"https:\\\/\\\/www.deutsche-glasfaser.de\\\/blog\\\/#organization\"},\"image\":{\"@id\":\"https:\\\/\\\/www.deutsche-glasfaser.de\\\/blog\\\/rueckkehr-des-gruschelns-studivz-ist-zurueck\\\/#primaryimage\"},\"thumbnailUrl\":\"https:\\\/\\\/www.deutsche-glasfaser.de\\\/blog\\\/wp-content\\\/uploads\\\/2021\\\/08\\\/Blog_Header_Gruscheln_CS.jpg\",\"articleSection\":[\"Service\"],\"inLanguage\":\"de\"},{\"@type\":\"WebPage\",\"@id\":\"https:\\\/\\\/www.deutsche-glasfaser.de\\\/blog\\\/rueckkehr-des-gruschelns-studivz-ist-zurueck\\\/\",\"url\":\"https:\\\/\\\/www.deutsche-glasfaser.de\\\/blog\\\/rueckkehr-des-gruschelns-studivz-ist-zurueck\\\/\",\"name\":\"R\u00fcckkehr des Gruschelns? studiVZ ist zur\u00fcck. - Digitales B\u00fcrgernetz\",\"isPartOf\":{\"@id\":\"https:\\\/\\\/www.deutsche-glasfaser.de\\\/blog\\\/#website\"},\"primaryImageOfPage\":{\"@id\":\"https:\\\/\\\/www.deutsche-glasfaser.de\\\/blog\\\/rueckkehr-des-gruschelns-studivz-ist-zurueck\\\/#primaryimage\"},\"image\":{\"@id\":\"https:\\\/\\\/www.deutsche-glasfaser.de\\\/blog\\\/rueckkehr-des-gruschelns-studivz-ist-zurueck\\\/#primaryimage\"},\"thumbnailUrl\":\"https:\\\/\\\/www.deutsche-glasfaser.de\\\/blog\\\/wp-content\\\/uploads\\\/2021\\\/08\\\/Blog_Header_Gruscheln_CS.jpg\",\"datePublished\":\"2020-06-02T11:34:02+00:00\",\"dateModified\":\"2025-03-21T09:11:54+00:00\",\"inLanguage\":\"de\",\"potentialAction\":[{\"@type\":\"ReadAction\",\"target\":[\"https:\\\/\\\/www.deutsche-glasfaser.de\\\/blog\\\/rueckkehr-des-gruschelns-studivz-ist-zurueck\\\/\"]}]},{\"@type\":\"ImageObject\",\"inLanguage\":\"de\",\"@id\":\"https:\\\/\\\/www.deutsche-glasfaser.de\\\/blog\\\/rueckkehr-des-gruschelns-studivz-ist-zurueck\\\/#primaryimage\",\"url\":\"https:\\\/\\\/www.deutsche-glasfaser.de\\\/blog\\\/wp-content\\\/uploads\\\/2021\\\/08\\\/Blog_Header_Gruscheln_CS.jpg\",\"contentUrl\":\"https:\\\/\\\/www.deutsche-glasfaser.de\\\/blog\\\/wp-content\\\/uploads\\\/2021\\\/08\\\/Blog_Header_Gruscheln_CS.jpg\",\"width\":1500,\"height\":664},{\"@type\":\"WebSite\",\"@id\":\"https:\\\/\\\/www.deutsche-glasfaser.de\\\/blog\\\/#website\",\"url\":\"https:\\\/\\\/www.deutsche-glasfaser.de\\\/blog\\\/\",\"name\":\"Digitales B\u00fcrgernetz\",\"description\":\"Deutsche Glasfaser Blog\",\"publisher\":{\"@id\":\"https:\\\/\\\/www.deutsche-glasfaser.de\\\/blog\\\/#organization\"},\"potentialAction\":[{\"@type\":\"SearchAction\",\"target\":{\"@type\":\"EntryPoint\",\"urlTemplate\":\"https:\\\/\\\/www.deutsche-glasfaser.de\\\/blog\\\/?s={search_term_string}\"},\"query-input\":{\"@type\":\"PropertyValueSpecification\",\"valueRequired\":true,\"valueName\":\"search_term_string\"}}],\"inLanguage\":\"de\"},{\"@type\":\"Organization\",\"@id\":\"https:\\\/\\\/www.deutsche-glasfaser.de\\\/blog\\\/#organization\",\"name\":\"Digitales B\u00fcrgernetz\",\"url\":\"https:\\\/\\\/www.deutsche-glasfaser.de\\\/blog\\\/\",\"logo\":{\"@type\":\"ImageObject\",\"inLanguage\":\"de\",\"@id\":\"https:\\\/\\\/www.deutsche-glasfaser.de\\\/blog\\\/#\\\/schema\\\/logo\\\/image\\\/\",\"url\":\"https:\\\/\\\/www.deutsche-glasfaser.de\\\/blog\\\/wp-content\\\/uploads\\\/2021\\\/08\\\/DGF_Logo_Basis_RGB-Large@2x.png\",\"contentUrl\":\"https:\\\/\\\/www.deutsche-glasfaser.de\\\/blog\\\/wp-content\\\/uploads\\\/2021\\\/08\\\/DGF_Logo_Basis_RGB-Large@2x.png\",\"width\":312,\"height\":104,\"caption\":\"Digitales B\u00fcrgernetz\"},\"image\":{\"@id\":\"https:\\\/\\\/www.deutsche-glasfaser.de\\\/blog\\\/#\\\/schema\\\/logo\\\/image\\\/\"}},{\"@type\":\"Person\",\"@id\":\"https:\\\/\\\/www.deutsche-glasfaser.de\\\/blog\\\/#\\\/schema\\\/person\\\/9380a6dc7443d77143d0c66c409f574b\",\"name\":\"Deutsche Glasfaser\"}]}<\/script>\n<!-- \/ Yoast SEO plugin. -->","yoast_head_json":{"title":"R\u00fcckkehr des Gruschelns? studiVZ ist zur\u00fcck. - Digitales B\u00fcrgernetz","robots":{"index":"index","follow":"follow","max-snippet":"max-snippet:-1","max-image-preview":"max-image-preview:large","max-video-preview":"max-video-preview:-1"},"canonical":"https:\/\/www.deutsche-glasfaser.de\/blog\/rueckkehr-des-gruschelns-studivz-ist-zurueck\/","og_locale":"de_DE","og_type":"article","og_title":"R\u00fcckkehr des Gruschelns? studiVZ ist zur\u00fcck. - Digitales B\u00fcrgernetz","og_description":"Es war im November 2005, als das soziale Netzwerk studiVZ begann, den deutschsprachigen Markt zu erobern. Das Vorbild war das erfolgreiche Unternehmen Facebook aus den USA, welches ein Jahr zuvor gegr\u00fcndet wurde. Allerdings war Facebook zu der Zeit noch rein [&hellip;]","og_url":"https:\/\/www.deutsche-glasfaser.de\/blog\/rueckkehr-des-gruschelns-studivz-ist-zurueck\/","og_site_name":"Digitales B\u00fcrgernetz","article_published_time":"2020-06-02T11:34:02+00:00","article_modified_time":"2025-03-21T09:11:54+00:00","og_image":[{"width":1500,"height":664,"url":"https:\/\/www.deutsche-glasfaser.de\/blog\/wp-content\/uploads\/2021\/08\/Blog_Header_Gruscheln_CS.jpg","type":"image\/jpeg"}],"author":"Deutsche Glasfaser","twitter_card":"summary_large_image","twitter_misc":{"Verfasst von":"Deutsche Glasfaser","Gesch\u00e4tzte Lesezeit":"3\u00a0Minuten"},"schema":{"@context":"https:\/\/schema.org","@graph":[{"@type":"Article","@id":"https:\/\/www.deutsche-glasfaser.de\/blog\/rueckkehr-des-gruschelns-studivz-ist-zurueck\/#article","isPartOf":{"@id":"https:\/\/www.deutsche-glasfaser.de\/blog\/rueckkehr-des-gruschelns-studivz-ist-zurueck\/"},"author":{"name":"Deutsche Glasfaser","@id":"https:\/\/www.deutsche-glasfaser.de\/blog\/#\/schema\/person\/9380a6dc7443d77143d0c66c409f574b"},"headline":"R\u00fcckkehr des Gruschelns? studiVZ ist zur\u00fcck.","datePublished":"2020-06-02T11:34:02+00:00","dateModified":"2025-03-21T09:11:54+00:00","mainEntityOfPage":{"@id":"https:\/\/www.deutsche-glasfaser.de\/blog\/rueckkehr-des-gruschelns-studivz-ist-zurueck\/"},"wordCount":374,"publisher":{"@id":"https:\/\/www.deutsche-glasfaser.de\/blog\/#organization"},"image":{"@id":"https:\/\/www.deutsche-glasfaser.de\/blog\/rueckkehr-des-gruschelns-studivz-ist-zurueck\/#primaryimage"},"thumbnailUrl":"https:\/\/www.deutsche-glasfaser.de\/blog\/wp-content\/uploads\/2021\/08\/Blog_Header_Gruscheln_CS.jpg","articleSection":["Service"],"inLanguage":"de"},{"@type":"WebPage","@id":"https:\/\/www.deutsche-glasfaser.de\/blog\/rueckkehr-des-gruschelns-studivz-ist-zurueck\/","url":"https:\/\/www.deutsche-glasfaser.de\/blog\/rueckkehr-des-gruschelns-studivz-ist-zurueck\/","name":"R\u00fcckkehr des Gruschelns? studiVZ ist zur\u00fcck. - Digitales B\u00fcrgernetz","isPartOf":{"@id":"https:\/\/www.deutsche-glasfaser.de\/blog\/#website"},"primaryImageOfPage":{"@id":"https:\/\/www.deutsche-glasfaser.de\/blog\/rueckkehr-des-gruschelns-studivz-ist-zurueck\/#primaryimage"},"image":{"@id":"https:\/\/www.deutsche-glasfaser.de\/blog\/rueckkehr-des-gruschelns-studivz-ist-zurueck\/#primaryimage"},"thumbnailUrl":"https:\/\/www.deutsche-glasfaser.de\/blog\/wp-content\/uploads\/2021\/08\/Blog_Header_Gruscheln_CS.jpg","datePublished":"2020-06-02T11:34:02+00:00","dateModified":"2025-03-21T09:11:54+00:00","inLanguage":"de","potentialAction":[{"@type":"ReadAction","target":["https:\/\/www.deutsche-glasfaser.de\/blog\/rueckkehr-des-gruschelns-studivz-ist-zurueck\/"]}]},{"@type":"ImageObject","inLanguage":"de","@id":"https:\/\/www.deutsche-glasfaser.de\/blog\/rueckkehr-des-gruschelns-studivz-ist-zurueck\/#primaryimage","url":"https:\/\/www.deutsche-glasfaser.de\/blog\/wp-content\/uploads\/2021\/08\/Blog_Header_Gruscheln_CS.jpg","contentUrl":"https:\/\/www.deutsche-glasfaser.de\/blog\/wp-content\/uploads\/2021\/08\/Blog_Header_Gruscheln_CS.jpg","width":1500,"height":664},{"@type":"WebSite","@id":"https:\/\/www.deutsche-glasfaser.de\/blog\/#website","url":"https:\/\/www.deutsche-glasfaser.de\/blog\/","name":"Digitales B\u00fcrgernetz","description":"Deutsche Glasfaser Blog","publisher":{"@id":"https:\/\/www.deutsche-glasfaser.de\/blog\/#organization"},"potentialAction":[{"@type":"SearchAction","target":{"@type":"EntryPoint","urlTemplate":"https:\/\/www.deutsche-glasfaser.de\/blog\/?s={search_term_string}"},"query-input":{"@type":"PropertyValueSpecification","valueRequired":true,"valueName":"search_term_string"}}],"inLanguage":"de"},{"@type":"Organization","@id":"https:\/\/www.deutsche-glasfaser.de\/blog\/#organization","name":"Digitales B\u00fcrgernetz","url":"https:\/\/www.deutsche-glasfaser.de\/blog\/","logo":{"@type":"ImageObject","inLanguage":"de","@id":"https:\/\/www.deutsche-glasfaser.de\/blog\/#\/schema\/logo\/image\/","url":"https:\/\/www.deutsche-glasfaser.de\/blog\/wp-content\/uploads\/2021\/08\/DGF_Logo_Basis_RGB-Large@2x.png","contentUrl":"https:\/\/www.deutsche-glasfaser.de\/blog\/wp-content\/uploads\/2021\/08\/DGF_Logo_Basis_RGB-Large@2x.png","width":312,"height":104,"caption":"Digitales B\u00fcrgernetz"},"image":{"@id":"https:\/\/www.deutsche-glasfaser.de\/blog\/#\/schema\/logo\/image\/"}},{"@type":"Person","@id":"https:\/\/www.deutsche-glasfaser.de\/blog\/#\/schema\/person\/9380a6dc7443d77143d0c66c409f574b","name":"Deutsche Glasfaser"}]}},"_links":{"self":[{"href":"https:\/\/www.deutsche-glasfaser.de\/blog\/wp-json\/wp\/v2\/posts\/874","targetHints":{"allow":["GET"]}}],"collection":[{"href":"https:\/\/www.deutsche-glasfaser.de\/blog\/wp-json\/wp\/v2\/posts"}],"about":[{"href":"https:\/\/www.deutsche-glasfaser.de\/blog\/wp-json\/wp\/v2\/types\/post"}],"author":[{"embeddable":true,"href":"https:\/\/www.deutsche-glasfaser.de\/blog\/wp-json\/wp\/v2\/users\/5"}],"replies":[{"embeddable":true,"href":"https:\/\/www.deutsche-glasfaser.de\/blog\/wp-json\/wp\/v2\/comments?post=874"}],"version-history":[{"count":16,"href":"https:\/\/www.deutsche-glasfaser.de\/blog\/wp-json\/wp\/v2\/posts\/874\/revisions"}],"predecessor-version":[{"id":15357,"href":"https:\/\/www.deutsche-glasfaser.de\/blog\/wp-json\/wp\/v2\/posts\/874\/revisions\/15357"}],"wp:featuredmedia":[{"embeddable":true,"href":"https:\/\/www.deutsche-glasfaser.de\/blog\/wp-json\/wp\/v2\/media\/6216"}],"wp:attachment":[{"href":"https:\/\/www.deutsche-glasfaser.de\/blog\/wp-json\/wp\/v2\/media?parent=874"}],"wp:term":[{"taxonomy":"category","embeddable":true,"href":"https:\/\/www.deutsche-glasfaser.de\/blog\/wp-json\/wp\/v2\/categories?post=874"},{"taxonomy":"post_tag","embeddable":true,"href":"https:\/\/www.deutsche-glasfaser.de\/blog\/wp-json\/wp\/v2\/tags?post=874"}],"curies":[{"name":"wp","href":"https:\/\/api.w.org\/{rel}","templated":true}]}}