{"id":8683,"date":"2021-09-29T08:32:00","date_gmt":"2021-09-29T08:32:00","guid":{"rendered":"https:\/\/www.deutsche-glasfaser.de\/blog\/?p=8683"},"modified":"2021-09-30T08:22:36","modified_gmt":"2021-09-30T08:22:36","slug":"ueber-den-digitalen-gartenzaun-sind-soziale-medien-gut-fuer-die-nachbarschaft","status":"publish","type":"post","link":"https:\/\/www.deutsche-glasfaser.de\/blog\/ueber-den-digitalen-gartenzaun-sind-soziale-medien-gut-fuer-die-nachbarschaft\/","title":{"rendered":"\u00dcber den digitalen Gartenzaun \u2013 Sind soziale Medien gut f\u00fcr die Nachbarschaft?"},"content":{"rendered":"\t\t<div data-elementor-type=\"wp-post\" data-elementor-id=\"8683\" class=\"elementor elementor-8683\">\n\t\t\t\t\t\t<section class=\"elementor-section elementor-top-section elementor-element elementor-element-758ee87 elementor-section-boxed elementor-section-height-default elementor-section-height-default\" data-id=\"758ee87\" data-element_type=\"section\" data-e-type=\"section\">\n\t\t\t\t\t\t<div class=\"elementor-container elementor-column-gap-default\">\n\t\t\t\t\t<div class=\"elementor-column elementor-col-100 elementor-top-column elementor-element elementor-element-08950f5\" data-id=\"08950f5\" data-element_type=\"column\" data-e-type=\"column\">\n\t\t\t<div class=\"elementor-widget-wrap elementor-element-populated\">\n\t\t\t\t\t\t<div class=\"elementor-element elementor-element-2a1590b elementor-widget elementor-widget-text-editor\" data-id=\"2a1590b\" data-element_type=\"widget\" data-e-type=\"widget\" data-widget_type=\"text-editor.default\">\n\t\t\t\t<div class=\"elementor-widget-container\">\n\t\t\t\t\t\t\t\t\t<p>Professor Sebastian Kurtenbach, Foto: Wilfried Gerharz<\/p>\t\t\t\t\t\t\t\t<\/div>\n\t\t\t\t<\/div>\n\t\t\t\t<div class=\"elementor-element elementor-element-7b1ce40 elementor-widget elementor-widget-text-editor\" data-id=\"7b1ce40\" data-element_type=\"widget\" data-e-type=\"widget\" data-widget_type=\"text-editor.default\">\n\t\t\t\t<div class=\"elementor-widget-container\">\n\t\t\t\t\t\t\t\t\t<p class=\"Text\"><span style=\"font-size: 12.0pt; font-family: 'Arial',sans-serif;\">Welchen Effekt hat die Nutzung digitaler Nachbarschaftsnetzwerke zum Beispiel in sozialen Medien auf das Miteinander im Dorf? Dieser Frage geht Soziologe Prof. Dr. Sebastian Kurtenbach nach. Er lehrt Sozialpolitik an der Fachhochschule M\u00fcnster. Sein aktuelles Forschungsprojekt \u201eDigitales Dorfleben\u201c ist eines von 14 Forschungsprojekten zur Digitalisierung auf dem Land, die das Bundesministerium f\u00fcr Ern\u00e4hrung und Landwirtschaft derzeit f\u00f6rdert. Das Projekt startete 2020 und geht noch bis 2023.<\/span><\/p>\t\t\t\t\t\t\t\t<\/div>\n\t\t\t\t<\/div>\n\t\t\t\t<div class=\"elementor-element elementor-element-2f5cc0b elementor-widget elementor-widget-spacer\" data-id=\"2f5cc0b\" data-element_type=\"widget\" data-e-type=\"widget\" data-widget_type=\"spacer.default\">\n\t\t\t\t<div class=\"elementor-widget-container\">\n\t\t\t\t\t\t\t<div class=\"elementor-spacer\">\n\t\t\t<div class=\"elementor-spacer-inner\"><\/div>\n\t\t<\/div>\n\t\t\t\t\t\t<\/div>\n\t\t\t\t<\/div>\n\t\t\t\t<div class=\"elementor-element elementor-element-10999e8 elementor-widget elementor-widget-heading\" data-id=\"10999e8\" data-element_type=\"widget\" data-e-type=\"widget\" data-widget_type=\"heading.default\">\n\t\t\t\t<div class=\"elementor-widget-container\">\n\t\t\t\t\t<h2 class=\"elementor-heading-title elementor-size-default\">Wie sehen Nachbarschaften in l\u00e4ndlichen R\u00e4umen aus?<\/h2>\t\t\t\t<\/div>\n\t\t\t\t<\/div>\n\t\t\t\t<div class=\"elementor-element elementor-element-fc5b058 elementor-widget elementor-widget-text-editor\" data-id=\"fc5b058\" data-element_type=\"widget\" data-e-type=\"widget\" data-widget_type=\"text-editor.default\">\n\t\t\t\t<div class=\"elementor-widget-container\">\n\t\t\t\t\t\t\t\t\t<p>\u201eDas soziale Miteinander auf dem Land ist sehr stark von Vereinsstrukturen gepr\u00e4gt\u201c, sagt Kurtenbach. \u201eIn den alten Bundesl\u00e4ndern sind das vor allem Sport-, Kultur- und Sch\u00fctzenvereine, in den neuen Bundesl\u00e4ndern eher Strukturen der Daseinsvorsorge wie die Freiwillige Feuerwehr.\u201c Tats\u00e4chlich sind mehr Menschen in Vereinen aktiv, je kleiner die Gemeinde ist, in der sie leben. Und hier sind sie eben nicht nur Vereinsmitglieder, sondern gleichzeitig auch Nachbarn. \u201eDiese \u00dcberlappung verdichtet die Kontakte\u201c, erkl\u00e4rt Kurtenbach. \u201eDeswegen haben Vereine in l\u00e4ndlichen Regionen eine st\u00e4rkere Bedeutung f\u00fcr das Miteinander und sind gleichzeitig Orte f\u00fcr nachbarschaftlichen Austausch.\u201c<\/p>\t\t\t\t\t\t\t\t<\/div>\n\t\t\t\t<\/div>\n\t\t\t\t<div class=\"elementor-element elementor-element-220ccd9 elementor-widget elementor-widget-spacer\" data-id=\"220ccd9\" data-element_type=\"widget\" data-e-type=\"widget\" data-widget_type=\"spacer.default\">\n\t\t\t\t<div class=\"elementor-widget-container\">\n\t\t\t\t\t\t\t<div class=\"elementor-spacer\">\n\t\t\t<div class=\"elementor-spacer-inner\"><\/div>\n\t\t<\/div>\n\t\t\t\t\t\t<\/div>\n\t\t\t\t<\/div>\n\t\t\t\t<div class=\"elementor-element elementor-element-eb12d46 elementor-widget elementor-widget-image\" data-id=\"eb12d46\" data-element_type=\"widget\" data-e-type=\"widget\" data-widget_type=\"image.default\">\n\t\t\t\t<div class=\"elementor-widget-container\">\n\t\t\t\t\t\t\t\t\t\t\t\t<figure class=\"wp-caption\">\n\t\t\t\t\t\t\t\t\t\t<img fetchpriority=\"high\" decoding=\"async\" width=\"788\" height=\"525\" src=\"https:\/\/www.deutsche-glasfaser.de\/blog\/wp-content\/uploads\/2021\/09\/shutterstock_1950774247.jpg\" class=\"attachment-full size-full wp-image-8725\" alt=\"Zwei Personen unterhalten sich \u00fcber einen Gartenzaun auf dem Dorf\" srcset=\"https:\/\/www.deutsche-glasfaser.de\/blog\/wp-content\/uploads\/2021\/09\/shutterstock_1950774247.jpg 788w, https:\/\/www.deutsche-glasfaser.de\/blog\/wp-content\/uploads\/2021\/09\/shutterstock_1950774247-300x200.jpg 300w, https:\/\/www.deutsche-glasfaser.de\/blog\/wp-content\/uploads\/2021\/09\/shutterstock_1950774247-768x512.jpg 768w\" sizes=\"(max-width: 788px) 100vw, 788px\" \/>\t\t\t\t\t\t\t\t\t\t\t<figcaption class=\"widget-image-caption wp-caption-text\">\u00a9Shutterstock<\/figcaption>\n\t\t\t\t\t\t\t\t\t\t<\/figure>\n\t\t\t\t\t\t\t\t\t<\/div>\n\t\t\t\t<\/div>\n\t\t\t\t<div class=\"elementor-element elementor-element-bc5264e elementor-widget elementor-widget-spacer\" data-id=\"bc5264e\" data-element_type=\"widget\" data-e-type=\"widget\" data-widget_type=\"spacer.default\">\n\t\t\t\t<div class=\"elementor-widget-container\">\n\t\t\t\t\t\t\t<div class=\"elementor-spacer\">\n\t\t\t<div class=\"elementor-spacer-inner\"><\/div>\n\t\t<\/div>\n\t\t\t\t\t\t<\/div>\n\t\t\t\t<\/div>\n\t\t\t\t<div class=\"elementor-element elementor-element-0ab2beb elementor-widget elementor-widget-heading\" data-id=\"0ab2beb\" data-element_type=\"widget\" data-e-type=\"widget\" data-widget_type=\"heading.default\">\n\t\t\t\t<div class=\"elementor-widget-container\">\n\t\t\t\t\t<h2 class=\"elementor-heading-title elementor-size-default\">K\u00f6nnen digitale Anwendungen das soziale Miteinander auf dem Dorf unterst\u00fctzen?<\/h2>\t\t\t\t<\/div>\n\t\t\t\t<\/div>\n\t\t\t\t<div class=\"elementor-element elementor-element-b0f3a20 elementor-widget elementor-widget-text-editor\" data-id=\"b0f3a20\" data-element_type=\"widget\" data-e-type=\"widget\" data-widget_type=\"text-editor.default\">\n\t\t\t\t<div class=\"elementor-widget-container\">\n\t\t\t\t\t\t\t\t\t<p>Der Einsatz digitaler Medien und Netzwerke hat hier eine ebenso \u00fcberlappende Bedeutung. In Messenger-Diensten wie WhatsApp werden nicht nur Vereinsaktivit\u00e4ten abgestimmt und Veranstaltungen organisiert, sondern immer zugleich nachbarschaftliche Informationen verbreitet. Das trifft ebenso auf digitale Plattformen und Nachbarschaftsnetzwerke wie <a href=\"http:\/\/?\">nebenan.de<\/a> zu, die noch viel mehr leisten k\u00f6nnen: Wer kann Nachhilfe geben? Wer hat noch Bierb\u00e4nke f\u00fcr das n\u00e4chste Dorffest? Wo kann man sich einen Schredder ausleihen? Wer hat Lust, gemeinsam zu musizieren?<\/p><p>\u201eDie digitale Vernetzung in den Nachbarschaften, vor allem \u00fcber Messenger-Dienste, ist hoch und hat seit der Corona-Pandemie noch zugenommen\u201c, erkl\u00e4rt der Soziologe. \u201eDiese Vernetzung wird vermutlich beibehalten werden.\u201c Kurtenbach und sein Team untersuchen insgesamt acht D\u00f6rfer in Ost und West. In zwei D\u00f6rfern wird die App <a href=\"https:\/\/nebenan.de\/\">nebenan.de<\/a> relativ stark genutzt, in den anderen nicht.<\/p>\t\t\t\t\t\t\t\t<\/div>\n\t\t\t\t<\/div>\n\t\t\t\t<div class=\"elementor-element elementor-element-6167ddb elementor-widget elementor-widget-spacer\" data-id=\"6167ddb\" data-element_type=\"widget\" data-e-type=\"widget\" data-widget_type=\"spacer.default\">\n\t\t\t\t<div class=\"elementor-widget-container\">\n\t\t\t\t\t\t\t<div class=\"elementor-spacer\">\n\t\t\t<div class=\"elementor-spacer-inner\"><\/div>\n\t\t<\/div>\n\t\t\t\t\t\t<\/div>\n\t\t\t\t<\/div>\n\t\t\t\t<div class=\"elementor-element elementor-element-d7a00e5 elementor-widget elementor-widget-blockquote\" data-id=\"d7a00e5\" data-element_type=\"widget\" data-e-type=\"widget\" data-widget_type=\"blockquote.default\">\n\t\t\t\t<div class=\"elementor-widget-container\">\n\t\t\t\t\t \t\t\t\t<\/div>\n\t\t\t\t<\/div>\n\t\t\t\t<div class=\"elementor-element elementor-element-e0e2775 elementor-widget elementor-widget-spacer\" data-id=\"e0e2775\" data-element_type=\"widget\" data-e-type=\"widget\" data-widget_type=\"spacer.default\">\n\t\t\t\t<div class=\"elementor-widget-container\">\n\t\t\t\t\t\t\t<div class=\"elementor-spacer\">\n\t\t\t<div class=\"elementor-spacer-inner\"><\/div>\n\t\t<\/div>\n\t\t\t\t\t\t<\/div>\n\t\t\t\t<\/div>\n\t\t\t\t<div class=\"elementor-element elementor-element-e5c5e45 elementor-widget elementor-widget-heading\" data-id=\"e5c5e45\" data-element_type=\"widget\" data-e-type=\"widget\" data-widget_type=\"heading.default\">\n\t\t\t\t<div class=\"elementor-widget-container\">\n\t\t\t\t\t<h2 class=\"elementor-heading-title elementor-size-default\">D\u00f6rfer untereinander vernetzen<\/h2>\t\t\t\t<\/div>\n\t\t\t\t<\/div>\n\t\t\t\t<div class=\"elementor-element elementor-element-60287cc elementor-widget elementor-widget-text-editor\" data-id=\"60287cc\" data-element_type=\"widget\" data-e-type=\"widget\" data-widget_type=\"text-editor.default\">\n\t\t\t\t<div class=\"elementor-widget-container\">\n\t\t\t\t\t\t\t\t\t<p class=\"Text\"><span style=\"font-size: 12.0pt; font-family: 'Arial',sans-serif;\">\u201eIch gehe davon aus, dass digitale Kan\u00e4le das soziale Miteinander im Dorf gut unterst\u00fctzen k\u00f6nnen\u201c, sagt Kurtenbach. \u201eAber wir m\u00fcssen besser verstehen, was es genau daf\u00fcr braucht und wie sie am besten funktionieren.\u201c Ihn interessiert auch, wie sich die D\u00f6rfer nicht nur innerhalb, sondern auch mit anderen D\u00f6rfern mithilfe digitaler Anwendungen so vernetzen k\u00f6nnen, dass auch zwischen benachbarten D\u00f6rfern und Gemeinden mehr Zusammenhalt entsteht. Ende 2022 erwartet Kurtenbach Antworten auf diese Fragen. Dann liegen belastbare Daten vor. <\/span><\/p>\t\t\t\t\t\t\t\t<\/div>\n\t\t\t\t<\/div>\n\t\t\t\t<div class=\"elementor-element elementor-element-859d87b elementor-widget elementor-widget-spacer\" data-id=\"859d87b\" data-element_type=\"widget\" data-e-type=\"widget\" data-widget_type=\"spacer.default\">\n\t\t\t\t<div class=\"elementor-widget-container\">\n\t\t\t\t\t\t\t<div class=\"elementor-spacer\">\n\t\t\t<div class=\"elementor-spacer-inner\"><\/div>\n\t\t<\/div>\n\t\t\t\t\t\t<\/div>\n\t\t\t\t<\/div>\n\t\t\t\t<div class=\"elementor-element elementor-element-63ceab3 elementor-widget elementor-widget-text-editor\" data-id=\"63ceab3\" data-element_type=\"widget\" data-e-type=\"widget\" data-widget_type=\"text-editor.default\">\n\t\t\t\t<div class=\"elementor-widget-container\">\n\t\t\t\t\t\t\t\t\t<p class=\"Text\"><a href=\"http:\/\/?\"><span class=\"Hyperlink2\"><span style=\"font-size: 12.0pt; font-family: 'Arial',sans-serif; color: black;\">www.digitales-dorfleben.de<\/span><\/span><\/a><\/p><p class=\"Text\"><span style=\"font-size: 12.0pt; font-family: 'Arial',sans-serif;\">Auf der Website des Projektes werden regelm\u00e4\u00dfig Informationen zum aktuellen Stand der Forschungen ver\u00f6ffentlicht. Hier findet man auch eine Auflistung der h\u00e4ufigsten digitalen Nachbarschaftsnetzwerke und Presseberichte zum Thema Digitales Dorfleben.<\/span><\/p>\t\t\t\t\t\t\t\t<\/div>\n\t\t\t\t<\/div>\n\t\t\t\t<div class=\"elementor-element elementor-element-8ca1a96 elementor-widget elementor-widget-spacer\" data-id=\"8ca1a96\" data-element_type=\"widget\" data-e-type=\"widget\" data-widget_type=\"spacer.default\">\n\t\t\t\t<div class=\"elementor-widget-container\">\n\t\t\t\t\t\t\t<div class=\"elementor-spacer\">\n\t\t\t<div class=\"elementor-spacer-inner\"><\/div>\n\t\t<\/div>\n\t\t\t\t\t\t<\/div>\n\t\t\t\t<\/div>\n\t\t\t\t<section class=\"elementor-section elementor-inner-section elementor-element elementor-element-b993b2b elementor-section-boxed elementor-section-height-default elementor-section-height-default\" data-id=\"b993b2b\" data-element_type=\"section\" data-e-type=\"section\">\n\t\t\t\t\t\t<div class=\"elementor-container elementor-column-gap-default\">\n\t\t\t\t\t<div class=\"elementor-column elementor-col-50 elementor-inner-column elementor-element elementor-element-dcfc5e2\" data-id=\"dcfc5e2\" data-element_type=\"column\" data-e-type=\"column\">\n\t\t\t<div class=\"elementor-widget-wrap elementor-element-populated\">\n\t\t\t\t\t\t<div class=\"elementor-element elementor-element-0b5609d elementor-widget elementor-widget-image\" data-id=\"0b5609d\" data-element_type=\"widget\" data-e-type=\"widget\" data-widget_type=\"image.default\">\n\t\t\t\t<div class=\"elementor-widget-container\">\n\t\t\t\t\t\t\t\t\t\t\t\t<figure class=\"wp-caption\">\n\t\t\t\t\t\t\t\t\t\t<img decoding=\"async\" width=\"1024\" height=\"481\" src=\"https:\/\/www.deutsche-glasfaser.de\/blog\/wp-content\/uploads\/2021\/09\/T_wilfried-kurtenbach-digitales-dorfleben-1024x481.jpg\" class=\"attachment-large size-large wp-image-8724\" alt=\"Professor Sebastian Kurtenbach\" srcset=\"https:\/\/www.deutsche-glasfaser.de\/blog\/wp-content\/uploads\/2021\/09\/T_wilfried-kurtenbach-digitales-dorfleben-1024x481.jpg 1024w, https:\/\/www.deutsche-glasfaser.de\/blog\/wp-content\/uploads\/2021\/09\/T_wilfried-kurtenbach-digitales-dorfleben-300x141.jpg 300w, https:\/\/www.deutsche-glasfaser.de\/blog\/wp-content\/uploads\/2021\/09\/T_wilfried-kurtenbach-digitales-dorfleben-768x361.jpg 768w, https:\/\/www.deutsche-glasfaser.de\/blog\/wp-content\/uploads\/2021\/09\/T_wilfried-kurtenbach-digitales-dorfleben.jpg 1500w\" sizes=\"(max-width: 1024px) 100vw, 1024px\" \/>\t\t\t\t\t\t\t\t\t\t\t<figcaption class=\"widget-image-caption wp-caption-text\">Professor Sebastian Kurtenbach, Foto: Wilfried Gerharz<\/figcaption>\n\t\t\t\t\t\t\t\t\t\t<\/figure>\n\t\t\t\t\t\t\t\t\t<\/div>\n\t\t\t\t<\/div>\n\t\t\t\t\t<\/div>\n\t\t<\/div>\n\t\t\t\t<div class=\"elementor-column elementor-col-50 elementor-inner-column elementor-element elementor-element-3b1e0e0\" data-id=\"3b1e0e0\" data-element_type=\"column\" data-e-type=\"column\">\n\t\t\t<div class=\"elementor-widget-wrap elementor-element-populated\">\n\t\t\t\t\t\t<div class=\"elementor-element elementor-element-e829ea5 elementor-widget elementor-widget-heading\" data-id=\"e829ea5\" data-element_type=\"widget\" data-e-type=\"widget\" data-widget_type=\"heading.default\">\n\t\t\t\t<div class=\"elementor-widget-container\">\n\t\t\t\t\t<h2 class=\"elementor-heading-title elementor-size-default\">Prof. Dr. Sebastian Kurtenbach<\/h2>\t\t\t\t<\/div>\n\t\t\t\t<\/div>\n\t\t\t\t<div class=\"elementor-element elementor-element-37f54c0 elementor-widget elementor-widget-text-editor\" data-id=\"37f54c0\" data-element_type=\"widget\" data-e-type=\"widget\" data-widget_type=\"text-editor.default\">\n\t\t\t\t<div class=\"elementor-widget-container\">\n\t\t\t\t\t\t\t\t\t<p>Prof. Dr. Sebastian Kurtenbach ist Professor f\u00fcr Politikwissenschaften\/Sozialpolitik, Schwerpunkt Kommunalpolitik und kommunale Sozialpolitik am Fachbereich Sozialwesen der FH M\u00fcnster.<\/p>\t\t\t\t\t\t\t\t<\/div>\n\t\t\t\t<\/div>\n\t\t\t\t\t<\/div>\n\t\t<\/div>\n\t\t\t\t\t<\/div>\n\t\t<\/section>\n\t\t\t\t\t<\/div>\n\t\t<\/div>\n\t\t\t\t\t<\/div>\n\t\t<\/section>\n\t\t\t\t<\/div>\n\t\t","protected":false},"excerpt":{"rendered":"<p>St\u00e4rken soziale Medien die Gemeinschaft im l\u00e4ndlichen Raum? Das untersucht der Sozialwissenschaftler Prof. Dr. Sebastian Kurtenbach in seinem Forschungsprojekt \u201eDigitales Dorfleben\u201c. Ergebnisse gibt es noch nicht, aber erste Anhaltspunkte. <\/p>\n","protected":false},"author":5,"featured_media":8724,"comment_status":"open","ping_status":"open","sticky":false,"template":"","format":"standard","meta":{"footnotes":""},"categories":[71],"tags":[],"class_list":["post-8683","post","type-post","status-publish","format-standard","has-post-thumbnail","hentry","category-gemeinschaft"],"yoast_head":"<!-- This site is optimized with the Yoast SEO plugin v27.5 - https:\/\/yoast.com\/product\/yoast-seo-wordpress\/ -->\n<title>Sind soziale Medien gut f\u00fcr die Nachbarschaft? - Digitales B\u00fcrgernetz<\/title>\n<meta name=\"description\" content=\"St\u00e4rken soziale Medien das Miteinander in der Dorfgemeinschaft? Sozialwissenschaftler erforscht digitale Nachbarschaftsnetzwerke\" \/>\n<meta name=\"robots\" content=\"index, follow, max-snippet:-1, max-image-preview:large, max-video-preview:-1\" \/>\n<link rel=\"canonical\" href=\"https:\/\/www.deutsche-glasfaser.de\/blog\/ueber-den-digitalen-gartenzaun-sind-soziale-medien-gut-fuer-die-nachbarschaft\/\" \/>\n<meta property=\"og:locale\" content=\"de_DE\" \/>\n<meta property=\"og:type\" content=\"article\" \/>\n<meta property=\"og:title\" content=\"Sind soziale Medien gut f\u00fcr die Nachbarschaft? - Digitales B\u00fcrgernetz\" \/>\n<meta property=\"og:description\" content=\"St\u00e4rken soziale Medien das Miteinander in der Dorfgemeinschaft? Sozialwissenschaftler erforscht digitale Nachbarschaftsnetzwerke\" \/>\n<meta property=\"og:url\" content=\"https:\/\/www.deutsche-glasfaser.de\/blog\/ueber-den-digitalen-gartenzaun-sind-soziale-medien-gut-fuer-die-nachbarschaft\/\" \/>\n<meta property=\"og:site_name\" content=\"Digitales B\u00fcrgernetz\" \/>\n<meta property=\"article:published_time\" content=\"2021-09-29T08:32:00+00:00\" \/>\n<meta property=\"article:modified_time\" content=\"2021-09-30T08:22:36+00:00\" \/>\n<meta property=\"og:image\" content=\"https:\/\/www.deutsche-glasfaser.de\/blog\/wp-content\/uploads\/2021\/09\/T_wilfried-kurtenbach-digitales-dorfleben.jpg\" \/>\n\t<meta property=\"og:image:width\" content=\"1500\" \/>\n\t<meta property=\"og:image:height\" content=\"705\" \/>\n\t<meta property=\"og:image:type\" content=\"image\/jpeg\" \/>\n<meta name=\"author\" content=\"Deutsche Glasfaser\" \/>\n<meta name=\"twitter:card\" content=\"summary_large_image\" \/>\n<meta name=\"twitter:label1\" content=\"Verfasst von\" \/>\n\t<meta name=\"twitter:data1\" content=\"Deutsche Glasfaser\" \/>\n\t<meta name=\"twitter:label2\" content=\"Gesch\u00e4tzte Lesezeit\" \/>\n\t<meta name=\"twitter:data2\" content=\"3\u00a0Minuten\" \/>\n<script type=\"application\/ld+json\" class=\"yoast-schema-graph\">{\"@context\":\"https:\\\/\\\/schema.org\",\"@graph\":[{\"@type\":\"Article\",\"@id\":\"https:\\\/\\\/www.deutsche-glasfaser.de\\\/blog\\\/ueber-den-digitalen-gartenzaun-sind-soziale-medien-gut-fuer-die-nachbarschaft\\\/#article\",\"isPartOf\":{\"@id\":\"https:\\\/\\\/www.deutsche-glasfaser.de\\\/blog\\\/ueber-den-digitalen-gartenzaun-sind-soziale-medien-gut-fuer-die-nachbarschaft\\\/\"},\"author\":{\"name\":\"Deutsche Glasfaser\",\"@id\":\"https:\\\/\\\/www.deutsche-glasfaser.de\\\/blog\\\/#\\\/schema\\\/person\\\/9380a6dc7443d77143d0c66c409f574b\"},\"headline\":\"\u00dcber den digitalen Gartenzaun \u2013 Sind soziale Medien gut f\u00fcr die Nachbarschaft?\",\"datePublished\":\"2021-09-29T08:32:00+00:00\",\"dateModified\":\"2021-09-30T08:22:36+00:00\",\"mainEntityOfPage\":{\"@id\":\"https:\\\/\\\/www.deutsche-glasfaser.de\\\/blog\\\/ueber-den-digitalen-gartenzaun-sind-soziale-medien-gut-fuer-die-nachbarschaft\\\/\"},\"wordCount\":525,\"commentCount\":0,\"publisher\":{\"@id\":\"https:\\\/\\\/www.deutsche-glasfaser.de\\\/blog\\\/#organization\"},\"image\":{\"@id\":\"https:\\\/\\\/www.deutsche-glasfaser.de\\\/blog\\\/ueber-den-digitalen-gartenzaun-sind-soziale-medien-gut-fuer-die-nachbarschaft\\\/#primaryimage\"},\"thumbnailUrl\":\"https:\\\/\\\/www.deutsche-glasfaser.de\\\/blog\\\/wp-content\\\/uploads\\\/2021\\\/09\\\/T_wilfried-kurtenbach-digitales-dorfleben.jpg\",\"articleSection\":[\"#Gemeinschaft\"],\"inLanguage\":\"de\",\"potentialAction\":[{\"@type\":\"CommentAction\",\"name\":\"Comment\",\"target\":[\"https:\\\/\\\/www.deutsche-glasfaser.de\\\/blog\\\/ueber-den-digitalen-gartenzaun-sind-soziale-medien-gut-fuer-die-nachbarschaft\\\/#respond\"]}]},{\"@type\":\"WebPage\",\"@id\":\"https:\\\/\\\/www.deutsche-glasfaser.de\\\/blog\\\/ueber-den-digitalen-gartenzaun-sind-soziale-medien-gut-fuer-die-nachbarschaft\\\/\",\"url\":\"https:\\\/\\\/www.deutsche-glasfaser.de\\\/blog\\\/ueber-den-digitalen-gartenzaun-sind-soziale-medien-gut-fuer-die-nachbarschaft\\\/\",\"name\":\"Sind soziale Medien gut f\u00fcr die Nachbarschaft? - Digitales B\u00fcrgernetz\",\"isPartOf\":{\"@id\":\"https:\\\/\\\/www.deutsche-glasfaser.de\\\/blog\\\/#website\"},\"primaryImageOfPage\":{\"@id\":\"https:\\\/\\\/www.deutsche-glasfaser.de\\\/blog\\\/ueber-den-digitalen-gartenzaun-sind-soziale-medien-gut-fuer-die-nachbarschaft\\\/#primaryimage\"},\"image\":{\"@id\":\"https:\\\/\\\/www.deutsche-glasfaser.de\\\/blog\\\/ueber-den-digitalen-gartenzaun-sind-soziale-medien-gut-fuer-die-nachbarschaft\\\/#primaryimage\"},\"thumbnailUrl\":\"https:\\\/\\\/www.deutsche-glasfaser.de\\\/blog\\\/wp-content\\\/uploads\\\/2021\\\/09\\\/T_wilfried-kurtenbach-digitales-dorfleben.jpg\",\"datePublished\":\"2021-09-29T08:32:00+00:00\",\"dateModified\":\"2021-09-30T08:22:36+00:00\",\"description\":\"St\u00e4rken soziale Medien das Miteinander in der Dorfgemeinschaft? Sozialwissenschaftler erforscht digitale Nachbarschaftsnetzwerke\",\"inLanguage\":\"de\",\"potentialAction\":[{\"@type\":\"ReadAction\",\"target\":[\"https:\\\/\\\/www.deutsche-glasfaser.de\\\/blog\\\/ueber-den-digitalen-gartenzaun-sind-soziale-medien-gut-fuer-die-nachbarschaft\\\/\"]}]},{\"@type\":\"ImageObject\",\"inLanguage\":\"de\",\"@id\":\"https:\\\/\\\/www.deutsche-glasfaser.de\\\/blog\\\/ueber-den-digitalen-gartenzaun-sind-soziale-medien-gut-fuer-die-nachbarschaft\\\/#primaryimage\",\"url\":\"https:\\\/\\\/www.deutsche-glasfaser.de\\\/blog\\\/wp-content\\\/uploads\\\/2021\\\/09\\\/T_wilfried-kurtenbach-digitales-dorfleben.jpg\",\"contentUrl\":\"https:\\\/\\\/www.deutsche-glasfaser.de\\\/blog\\\/wp-content\\\/uploads\\\/2021\\\/09\\\/T_wilfried-kurtenbach-digitales-dorfleben.jpg\",\"width\":1500,\"height\":705,\"caption\":\"Professor Sebastian Kurtenbach, Foto: Wilfried Gerharz\"},{\"@type\":\"WebSite\",\"@id\":\"https:\\\/\\\/www.deutsche-glasfaser.de\\\/blog\\\/#website\",\"url\":\"https:\\\/\\\/www.deutsche-glasfaser.de\\\/blog\\\/\",\"name\":\"Digitales B\u00fcrgernetz\",\"description\":\"Deutsche Glasfaser Blog\",\"publisher\":{\"@id\":\"https:\\\/\\\/www.deutsche-glasfaser.de\\\/blog\\\/#organization\"},\"potentialAction\":[{\"@type\":\"SearchAction\",\"target\":{\"@type\":\"EntryPoint\",\"urlTemplate\":\"https:\\\/\\\/www.deutsche-glasfaser.de\\\/blog\\\/?s={search_term_string}\"},\"query-input\":{\"@type\":\"PropertyValueSpecification\",\"valueRequired\":true,\"valueName\":\"search_term_string\"}}],\"inLanguage\":\"de\"},{\"@type\":\"Organization\",\"@id\":\"https:\\\/\\\/www.deutsche-glasfaser.de\\\/blog\\\/#organization\",\"name\":\"Digitales B\u00fcrgernetz\",\"url\":\"https:\\\/\\\/www.deutsche-glasfaser.de\\\/blog\\\/\",\"logo\":{\"@type\":\"ImageObject\",\"inLanguage\":\"de\",\"@id\":\"https:\\\/\\\/www.deutsche-glasfaser.de\\\/blog\\\/#\\\/schema\\\/logo\\\/image\\\/\",\"url\":\"https:\\\/\\\/www.deutsche-glasfaser.de\\\/blog\\\/wp-content\\\/uploads\\\/2021\\\/08\\\/DGF_Logo_Basis_RGB-Large@2x.png\",\"contentUrl\":\"https:\\\/\\\/www.deutsche-glasfaser.de\\\/blog\\\/wp-content\\\/uploads\\\/2021\\\/08\\\/DGF_Logo_Basis_RGB-Large@2x.png\",\"width\":312,\"height\":104,\"caption\":\"Digitales B\u00fcrgernetz\"},\"image\":{\"@id\":\"https:\\\/\\\/www.deutsche-glasfaser.de\\\/blog\\\/#\\\/schema\\\/logo\\\/image\\\/\"}},{\"@type\":\"Person\",\"@id\":\"https:\\\/\\\/www.deutsche-glasfaser.de\\\/blog\\\/#\\\/schema\\\/person\\\/9380a6dc7443d77143d0c66c409f574b\",\"name\":\"Deutsche Glasfaser\"}]}<\/script>\n<!-- \/ Yoast SEO plugin. -->","yoast_head_json":{"title":"Sind soziale Medien gut f\u00fcr die Nachbarschaft? - Digitales B\u00fcrgernetz","description":"St\u00e4rken soziale Medien das Miteinander in der Dorfgemeinschaft? Sozialwissenschaftler erforscht digitale Nachbarschaftsnetzwerke","robots":{"index":"index","follow":"follow","max-snippet":"max-snippet:-1","max-image-preview":"max-image-preview:large","max-video-preview":"max-video-preview:-1"},"canonical":"https:\/\/www.deutsche-glasfaser.de\/blog\/ueber-den-digitalen-gartenzaun-sind-soziale-medien-gut-fuer-die-nachbarschaft\/","og_locale":"de_DE","og_type":"article","og_title":"Sind soziale Medien gut f\u00fcr die Nachbarschaft? - Digitales B\u00fcrgernetz","og_description":"St\u00e4rken soziale Medien das Miteinander in der Dorfgemeinschaft? Sozialwissenschaftler erforscht digitale Nachbarschaftsnetzwerke","og_url":"https:\/\/www.deutsche-glasfaser.de\/blog\/ueber-den-digitalen-gartenzaun-sind-soziale-medien-gut-fuer-die-nachbarschaft\/","og_site_name":"Digitales B\u00fcrgernetz","article_published_time":"2021-09-29T08:32:00+00:00","article_modified_time":"2021-09-30T08:22:36+00:00","og_image":[{"width":1500,"height":705,"url":"https:\/\/www.deutsche-glasfaser.de\/blog\/wp-content\/uploads\/2021\/09\/T_wilfried-kurtenbach-digitales-dorfleben.jpg","type":"image\/jpeg"}],"author":"Deutsche Glasfaser","twitter_card":"summary_large_image","twitter_misc":{"Verfasst von":"Deutsche Glasfaser","Gesch\u00e4tzte Lesezeit":"3\u00a0Minuten"},"schema":{"@context":"https:\/\/schema.org","@graph":[{"@type":"Article","@id":"https:\/\/www.deutsche-glasfaser.de\/blog\/ueber-den-digitalen-gartenzaun-sind-soziale-medien-gut-fuer-die-nachbarschaft\/#article","isPartOf":{"@id":"https:\/\/www.deutsche-glasfaser.de\/blog\/ueber-den-digitalen-gartenzaun-sind-soziale-medien-gut-fuer-die-nachbarschaft\/"},"author":{"name":"Deutsche Glasfaser","@id":"https:\/\/www.deutsche-glasfaser.de\/blog\/#\/schema\/person\/9380a6dc7443d77143d0c66c409f574b"},"headline":"\u00dcber den digitalen Gartenzaun \u2013 Sind soziale Medien gut f\u00fcr die Nachbarschaft?","datePublished":"2021-09-29T08:32:00+00:00","dateModified":"2021-09-30T08:22:36+00:00","mainEntityOfPage":{"@id":"https:\/\/www.deutsche-glasfaser.de\/blog\/ueber-den-digitalen-gartenzaun-sind-soziale-medien-gut-fuer-die-nachbarschaft\/"},"wordCount":525,"commentCount":0,"publisher":{"@id":"https:\/\/www.deutsche-glasfaser.de\/blog\/#organization"},"image":{"@id":"https:\/\/www.deutsche-glasfaser.de\/blog\/ueber-den-digitalen-gartenzaun-sind-soziale-medien-gut-fuer-die-nachbarschaft\/#primaryimage"},"thumbnailUrl":"https:\/\/www.deutsche-glasfaser.de\/blog\/wp-content\/uploads\/2021\/09\/T_wilfried-kurtenbach-digitales-dorfleben.jpg","articleSection":["#Gemeinschaft"],"inLanguage":"de","potentialAction":[{"@type":"CommentAction","name":"Comment","target":["https:\/\/www.deutsche-glasfaser.de\/blog\/ueber-den-digitalen-gartenzaun-sind-soziale-medien-gut-fuer-die-nachbarschaft\/#respond"]}]},{"@type":"WebPage","@id":"https:\/\/www.deutsche-glasfaser.de\/blog\/ueber-den-digitalen-gartenzaun-sind-soziale-medien-gut-fuer-die-nachbarschaft\/","url":"https:\/\/www.deutsche-glasfaser.de\/blog\/ueber-den-digitalen-gartenzaun-sind-soziale-medien-gut-fuer-die-nachbarschaft\/","name":"Sind soziale Medien gut f\u00fcr die Nachbarschaft? - Digitales B\u00fcrgernetz","isPartOf":{"@id":"https:\/\/www.deutsche-glasfaser.de\/blog\/#website"},"primaryImageOfPage":{"@id":"https:\/\/www.deutsche-glasfaser.de\/blog\/ueber-den-digitalen-gartenzaun-sind-soziale-medien-gut-fuer-die-nachbarschaft\/#primaryimage"},"image":{"@id":"https:\/\/www.deutsche-glasfaser.de\/blog\/ueber-den-digitalen-gartenzaun-sind-soziale-medien-gut-fuer-die-nachbarschaft\/#primaryimage"},"thumbnailUrl":"https:\/\/www.deutsche-glasfaser.de\/blog\/wp-content\/uploads\/2021\/09\/T_wilfried-kurtenbach-digitales-dorfleben.jpg","datePublished":"2021-09-29T08:32:00+00:00","dateModified":"2021-09-30T08:22:36+00:00","description":"St\u00e4rken soziale Medien das Miteinander in der Dorfgemeinschaft? Sozialwissenschaftler erforscht digitale Nachbarschaftsnetzwerke","inLanguage":"de","potentialAction":[{"@type":"ReadAction","target":["https:\/\/www.deutsche-glasfaser.de\/blog\/ueber-den-digitalen-gartenzaun-sind-soziale-medien-gut-fuer-die-nachbarschaft\/"]}]},{"@type":"ImageObject","inLanguage":"de","@id":"https:\/\/www.deutsche-glasfaser.de\/blog\/ueber-den-digitalen-gartenzaun-sind-soziale-medien-gut-fuer-die-nachbarschaft\/#primaryimage","url":"https:\/\/www.deutsche-glasfaser.de\/blog\/wp-content\/uploads\/2021\/09\/T_wilfried-kurtenbach-digitales-dorfleben.jpg","contentUrl":"https:\/\/www.deutsche-glasfaser.de\/blog\/wp-content\/uploads\/2021\/09\/T_wilfried-kurtenbach-digitales-dorfleben.jpg","width":1500,"height":705,"caption":"Professor Sebastian Kurtenbach, Foto: Wilfried Gerharz"},{"@type":"WebSite","@id":"https:\/\/www.deutsche-glasfaser.de\/blog\/#website","url":"https:\/\/www.deutsche-glasfaser.de\/blog\/","name":"Digitales B\u00fcrgernetz","description":"Deutsche Glasfaser Blog","publisher":{"@id":"https:\/\/www.deutsche-glasfaser.de\/blog\/#organization"},"potentialAction":[{"@type":"SearchAction","target":{"@type":"EntryPoint","urlTemplate":"https:\/\/www.deutsche-glasfaser.de\/blog\/?s={search_term_string}"},"query-input":{"@type":"PropertyValueSpecification","valueRequired":true,"valueName":"search_term_string"}}],"inLanguage":"de"},{"@type":"Organization","@id":"https:\/\/www.deutsche-glasfaser.de\/blog\/#organization","name":"Digitales B\u00fcrgernetz","url":"https:\/\/www.deutsche-glasfaser.de\/blog\/","logo":{"@type":"ImageObject","inLanguage":"de","@id":"https:\/\/www.deutsche-glasfaser.de\/blog\/#\/schema\/logo\/image\/","url":"https:\/\/www.deutsche-glasfaser.de\/blog\/wp-content\/uploads\/2021\/08\/DGF_Logo_Basis_RGB-Large@2x.png","contentUrl":"https:\/\/www.deutsche-glasfaser.de\/blog\/wp-content\/uploads\/2021\/08\/DGF_Logo_Basis_RGB-Large@2x.png","width":312,"height":104,"caption":"Digitales B\u00fcrgernetz"},"image":{"@id":"https:\/\/www.deutsche-glasfaser.de\/blog\/#\/schema\/logo\/image\/"}},{"@type":"Person","@id":"https:\/\/www.deutsche-glasfaser.de\/blog\/#\/schema\/person\/9380a6dc7443d77143d0c66c409f574b","name":"Deutsche Glasfaser"}]}},"_links":{"self":[{"href":"https:\/\/www.deutsche-glasfaser.de\/blog\/wp-json\/wp\/v2\/posts\/8683","targetHints":{"allow":["GET"]}}],"collection":[{"href":"https:\/\/www.deutsche-glasfaser.de\/blog\/wp-json\/wp\/v2\/posts"}],"about":[{"href":"https:\/\/www.deutsche-glasfaser.de\/blog\/wp-json\/wp\/v2\/types\/post"}],"author":[{"embeddable":true,"href":"https:\/\/www.deutsche-glasfaser.de\/blog\/wp-json\/wp\/v2\/users\/5"}],"replies":[{"embeddable":true,"href":"https:\/\/www.deutsche-glasfaser.de\/blog\/wp-json\/wp\/v2\/comments?post=8683"}],"version-history":[{"count":25,"href":"https:\/\/www.deutsche-glasfaser.de\/blog\/wp-json\/wp\/v2\/posts\/8683\/revisions"}],"predecessor-version":[{"id":8858,"href":"https:\/\/www.deutsche-glasfaser.de\/blog\/wp-json\/wp\/v2\/posts\/8683\/revisions\/8858"}],"wp:featuredmedia":[{"embeddable":true,"href":"https:\/\/www.deutsche-glasfaser.de\/blog\/wp-json\/wp\/v2\/media\/8724"}],"wp:attachment":[{"href":"https:\/\/www.deutsche-glasfaser.de\/blog\/wp-json\/wp\/v2\/media?parent=8683"}],"wp:term":[{"taxonomy":"category","embeddable":true,"href":"https:\/\/www.deutsche-glasfaser.de\/blog\/wp-json\/wp\/v2\/categories?post=8683"},{"taxonomy":"post_tag","embeddable":true,"href":"https:\/\/www.deutsche-glasfaser.de\/blog\/wp-json\/wp\/v2\/tags?post=8683"}],"curies":[{"name":"wp","href":"https:\/\/api.w.org\/{rel}","templated":true}]}}