{"id":859,"date":"2020-05-06T12:39:28","date_gmt":"2020-05-06T12:39:28","guid":{"rendered":"https:\/\/www.deutsche-glasfaser.de\/blog\/dgblog-snapshot-20190819123943\/?p=859"},"modified":"2025-12-09T09:53:07","modified_gmt":"2025-12-09T08:53:07","slug":"online-infoabende-fur-mehr-moeglichkeiten","status":"publish","type":"post","link":"https:\/\/www.deutsche-glasfaser.de\/blog\/online-infoabende-fur-mehr-moeglichkeiten\/","title":{"rendered":"Online-Infoabende f\u00fcr mehr M\u00f6glichkeiten"},"content":{"rendered":"\t\t<div data-elementor-type=\"wp-post\" data-elementor-id=\"859\" class=\"elementor elementor-859\">\n\t\t\t\t\t\t<section class=\"elementor-section elementor-top-section elementor-element elementor-element-38d044ea elementor-section-boxed elementor-section-height-default elementor-section-height-default\" data-id=\"38d044ea\" data-element_type=\"section\" data-e-type=\"section\">\n\t\t\t\t\t\t<div class=\"elementor-container elementor-column-gap-default\">\n\t\t\t\t\t<div class=\"elementor-column elementor-col-100 elementor-top-column elementor-element elementor-element-1bab63e7\" data-id=\"1bab63e7\" data-element_type=\"column\" data-e-type=\"column\">\n\t\t\t<div class=\"elementor-widget-wrap elementor-element-populated\">\n\t\t\t\t\t\t<div class=\"elementor-element elementor-element-3170396 elementor-widget elementor-widget-text-editor\" data-id=\"3170396\" data-element_type=\"widget\" data-e-type=\"widget\" data-widget_type=\"text-editor.default\">\n\t\t\t\t<div class=\"elementor-widget-container\">\n\t\t\t\t\t\t\t\t\t<p>Hunderte Personen, unterschiedlichsten Alters, sitzen in einem gro\u00dfen Raum gespannt an den aufgereihten Tischen und informieren sich \u00fcber das Thema Glasfaser. Die Nachfrageb\u00fcndelung hat offiziell begonnen und mit der Auftaktveranstaltung, dem Infoabend, geht das Rennen um die 40 Prozent los. Bei entspannter Stimmung, kostenlosen Getr\u00e4nken und angeregten Diskussionen werden viele Fragen beantwortet und bereits erste Vertr\u00e4ge f\u00fcr einen Glasfasertarif eingereicht.<\/p>\n<p><!-- \/wp:paragraph --><\/p>\n<p><!-- wp:paragraph --><\/p>\n<p>Wir als Deutsche Glasfaser f\u00fchren mehrmals pro Woche und bundesweit lokale Veranstaltungen wie den Informationsabend in deutschen Gemeinden durch. Die M\u00f6glichkeit, unserem Projektleiter pers\u00f6nlich Fragen stellen zu k\u00f6nnen und sich zeitgleich mit Nachbarn und Freunden austauschen zu k\u00f6nnen, wird immer sehr gerne von interessierten B\u00fcrgerinnen und B\u00fcrgern in Anspruch genommen.<\/p>\n<p>Doch die aktuelle Ausnahmesituation stellt Deutschland, Europa und die gesamte Welt vor gro\u00dfe Herausforderungen. Es ist schwer absch\u00e4tzbar, wie sich die Situation weiterentwickelt und wann wir alle zu einer gewissen Normalit\u00e4t zur\u00fcckkehren k\u00f6nnen.<\/p>\n<p><!-- \/wp:paragraph --><\/p>\n<p><!-- wp:paragraph --><\/p>\n<p>Insgesamt verlagert sich unser Leben in diesen Tagen in die Online-Welt. Das ist in dieser Situation richtig und wichtig. Nur wenn wir Distanz halten, k\u00f6nnen wir die Ausbreitung des Virus verlangsamen.<\/p>\n<p><!-- \/wp:paragraph --><\/p>\n<p><!-- wp:paragraph --><\/p>\n<p><strong>Die Chancen der Digitalisierung<\/strong><\/p>\n<p><!-- \/wp:paragraph --><\/p>\n<p><!-- wp:paragraph --><\/p>\n<p>Pl\u00f6tzlich k\u00f6nnen wir uns nicht mehr mit Freunden, Nachbarn oder der Familie treffen. Zum startenden Sommer bleiben Caf\u00e9s, Schwimmb\u00e4der und Co leer. Auch Veranstaltungen, wie unser Infoabend, werden abgesagt. Nun sind wir in vielen Bereichen unseres Lebens besonders auf eine gute digitale Infrastruktur und Anwendungen angewiesen. Zugegeben: Ein digitaler Schwimmbadbesuch ist kaum erfrischend, doch zumindest der soziale Kontakt kann dank digitaler Anwendungen aufrechterhalten werden.<\/p>\n<p><!-- \/wp:paragraph --><\/p>\t\t\t\t\t\t\t\t<\/div>\n\t\t\t\t<\/div>\n\t\t\t\t<div class=\"elementor-element elementor-element-4d15885 elementor-widget elementor-widget-image\" data-id=\"4d15885\" data-element_type=\"widget\" data-e-type=\"widget\" data-widget_type=\"image.default\">\n\t\t\t\t<div class=\"elementor-widget-container\">\n\t\t\t\t\t\t\t\t\t\t\t\t\t\t\t<img fetchpriority=\"high\" decoding=\"async\" width=\"768\" height=\"432\" src=\"https:\/\/www.deutsche-glasfaser.de\/blog\/wp-content\/uploads\/2021\/08\/Blog_Webinar-1108x623_CS.jpg\" class=\"attachment-medium_large size-medium_large wp-image-6611\" alt=\"\" \/>\t\t\t\t\t\t\t\t\t\t\t\t\t\t\t<\/div>\n\t\t\t\t<\/div>\n\t\t\t\t\t<\/div>\n\t\t<\/div>\n\t\t\t\t\t<\/div>\n\t\t<\/section>\n\t\t\t\t<section class=\"elementor-section elementor-top-section elementor-element elementor-element-1e191b4 elementor-section-boxed elementor-section-height-default elementor-section-height-default\" data-id=\"1e191b4\" data-element_type=\"section\" data-e-type=\"section\">\n\t\t\t\t\t\t<div class=\"elementor-container elementor-column-gap-default\">\n\t\t\t\t\t<div class=\"elementor-column elementor-col-100 elementor-top-column elementor-element elementor-element-ebc2c4b\" data-id=\"ebc2c4b\" data-element_type=\"column\" data-e-type=\"column\">\n\t\t\t<div class=\"elementor-widget-wrap elementor-element-populated\">\n\t\t\t\t\t\t<div class=\"elementor-element elementor-element-e725f04 elementor-widget elementor-widget-text-editor\" data-id=\"e725f04\" data-element_type=\"widget\" data-e-type=\"widget\" data-widget_type=\"text-editor.default\">\n\t\t\t\t<div class=\"elementor-widget-container\">\n\t\t\t\t\t\t\t\t\t<p><strong>Videokonferenzen<\/strong><\/p>\n<p>Was bereits f\u00fcr Paare in einer Fernbeziehung, entfernt lebende Verwandte oder die Enkel selbstverst\u00e4ndlich ist, wird nun auch in anderen Bereichen verst\u00e4rkt genutzt \u2013 <a href=\"https:\/\/www.deutsche-glasfaser.de\/blog\/videokonferenzen-viel-mehr-als-nur-arbeit\/\" target=\"_blank\" rel=\"noreferrer noopener\">die Videotelefonie!<\/a> Neben WhatsApp Video-Call oder Facetime auf iOS-Ger\u00e4ten, erfreuen sich Dienste wie Zoom oder Skype immer gr\u00f6\u00dferer Beliebtheit. Die Bedienung ist intuitiv und einfach, f\u00fcr die private Nutzung sind die Anwendungen meist kostenlos und die M\u00f6glichkeiten gehen meist weit \u00fcber die der simplen Videotelefonie hinaus: Gruppenchats, virtuelle Hintergr\u00fcnde, Webinare, Bildschirm teilen und vieles mehr versch\u00f6nern uns den Alltag.<br \/><strong><br \/>Online Veranstaltungen<\/strong><\/p>\n<p><!-- \/wp:paragraph --><\/p>\n<p><!-- wp:image {\"id\":1962,\"sizeSlug\":\"large\",\"linkDestination\":\"none\"} --><\/p>\n<p><!-- \/wp:image --><\/p>\n<p><!-- wp:paragraph --><\/p>\n<p><!-- \/wp:paragraph --><\/p>\n<p><!-- wp:paragraph --><\/p>\n<p>Um die Fragen der Glasfaser-Interessenten beantworten zu k\u00f6nnen und einen sicheren, pers\u00f6nlichen Austausch zu gew\u00e4hrleisten, haben wir uns dazu entschieden, unsere beliebten Infoabende online durchzuf\u00fchren. Daf\u00fcr verwenden wir die Videokonferenzl\u00f6sung \u201eZoom\u201c. Jeder, der Interesse und Zeit hat, kann kostenlos und einfach teilnehmen \u2013 egal ob \u00fcber Computer, Smartphone oder Tablet! Wir stellen euch alle Informationen zum Glasfaserprojekt in eurem Ort, zu den Tarifen und zum Bau vor und ihr k\u00f6nnt ganz einfach eure Fragen vom Projektleiter pers\u00f6nlich beantworten lassen.<\/p>\n<p><!-- \/wp:paragraph --><\/p>\n<p><!-- wp:paragraph --><\/p>\n<p>Eine \u00dcbersicht der anstehenden Online-Veranstaltungen findet ihr auf unserer <a href=\"https:\/\/www.facebook.com\/pg\/DeutscheGlasfaser\/events\/\">Facebook-Seite<\/a>. Alternativ erfahrt ihr auf eurer <a href=\"https:\/\/www.deutsche-glasfaser.de\/netzausbau\">Projektseite<\/a>, ob aktuell ein Infoabend geplant ist. Schaut doch mal vorbei!<\/p>\t\t\t\t\t\t\t\t<\/div>\n\t\t\t\t<\/div>\n\t\t\t\t\t<\/div>\n\t\t<\/div>\n\t\t\t\t\t<\/div>\n\t\t<\/section>\n\t\t\t\t<\/div>\n\t\t","protected":false},"excerpt":{"rendered":"<p>Hunderte Personen, unterschiedlichsten Alters, sitzen in einem gro\u00dfen Raum gespannt an den aufgereihten Tischen und informieren sich \u00fcber das Thema Glasfaser. Die Nachfrageb\u00fcndelung hat offiziell begonnen und mit der Auftaktveranstaltung, dem Infoabend, geht das Rennen um die 40 Prozent los. [&hellip;]<\/p>\n","protected":false},"author":5,"featured_media":6610,"comment_status":"closed","ping_status":"open","sticky":false,"template":"","format":"standard","meta":{"footnotes":""},"categories":[1],"tags":[],"class_list":["post-859","post","type-post","status-publish","format-standard","has-post-thumbnail","hentry","category-service"],"yoast_head":"<!-- This site is optimized with the Yoast SEO plugin v27.5 - https:\/\/yoast.com\/product\/yoast-seo-wordpress\/ -->\n<title>Glasfaser Ausbau Deutschland: Online-Infoabende<\/title>\n<meta name=\"description\" content=\"Aufgrund der Corona-Situation f\u00fchren wir unsere Infoabende zuk\u00fcnftig online durch, um Fragen der Glasfaser-Interessierten pers\u00f6nlich beantworten zu k\u00f6nnen.\" \/>\n<meta name=\"robots\" content=\"index, follow, max-snippet:-1, max-image-preview:large, max-video-preview:-1\" \/>\n<link rel=\"canonical\" href=\"https:\/\/www.deutsche-glasfaser.de\/blog\/online-infoabende-fur-mehr-moeglichkeiten\/\" \/>\n<meta property=\"og:locale\" content=\"de_DE\" \/>\n<meta property=\"og:type\" content=\"article\" \/>\n<meta property=\"og:title\" content=\"Glasfaser Ausbau Deutschland: Online-Infoabende\" \/>\n<meta property=\"og:description\" content=\"Aufgrund der Corona-Situation f\u00fchren wir unsere Infoabende zuk\u00fcnftig online durch, um Fragen der Glasfaser-Interessierten pers\u00f6nlich beantworten zu k\u00f6nnen.\" \/>\n<meta property=\"og:url\" content=\"https:\/\/www.deutsche-glasfaser.de\/blog\/online-infoabende-fur-mehr-moeglichkeiten\/\" \/>\n<meta property=\"og:site_name\" content=\"Digitales B\u00fcrgernetz\" \/>\n<meta property=\"article:published_time\" content=\"2020-05-06T12:39:28+00:00\" \/>\n<meta property=\"article:modified_time\" content=\"2025-12-09T08:53:07+00:00\" \/>\n<meta property=\"og:image\" content=\"https:\/\/www.deutsche-glasfaser.de\/blog\/wp-content\/uploads\/2021\/08\/Blog_Header_Beitragsbild-1_CS.jpg\" \/>\n\t<meta property=\"og:image:width\" content=\"1500\" \/>\n\t<meta property=\"og:image:height\" content=\"664\" \/>\n\t<meta property=\"og:image:type\" content=\"image\/jpeg\" \/>\n<meta name=\"author\" content=\"Deutsche Glasfaser\" \/>\n<meta name=\"twitter:card\" content=\"summary_large_image\" \/>\n<meta name=\"twitter:label1\" content=\"Verfasst von\" \/>\n\t<meta name=\"twitter:data1\" content=\"Deutsche Glasfaser\" \/>\n\t<meta name=\"twitter:label2\" content=\"Gesch\u00e4tzte Lesezeit\" \/>\n\t<meta name=\"twitter:data2\" content=\"3\u00a0Minuten\" \/>\n<script type=\"application\/ld+json\" class=\"yoast-schema-graph\">{\"@context\":\"https:\\\/\\\/schema.org\",\"@graph\":[{\"@type\":\"Article\",\"@id\":\"https:\\\/\\\/www.deutsche-glasfaser.de\\\/blog\\\/online-infoabende-fur-mehr-moeglichkeiten\\\/#article\",\"isPartOf\":{\"@id\":\"https:\\\/\\\/www.deutsche-glasfaser.de\\\/blog\\\/online-infoabende-fur-mehr-moeglichkeiten\\\/\"},\"author\":{\"name\":\"Deutsche Glasfaser\",\"@id\":\"https:\\\/\\\/www.deutsche-glasfaser.de\\\/blog\\\/#\\\/schema\\\/person\\\/9380a6dc7443d77143d0c66c409f574b\"},\"headline\":\"Online-Infoabende f\u00fcr mehr M\u00f6glichkeiten\",\"datePublished\":\"2020-05-06T12:39:28+00:00\",\"dateModified\":\"2025-12-09T08:53:07+00:00\",\"mainEntityOfPage\":{\"@id\":\"https:\\\/\\\/www.deutsche-glasfaser.de\\\/blog\\\/online-infoabende-fur-mehr-moeglichkeiten\\\/\"},\"wordCount\":475,\"publisher\":{\"@id\":\"https:\\\/\\\/www.deutsche-glasfaser.de\\\/blog\\\/#organization\"},\"image\":{\"@id\":\"https:\\\/\\\/www.deutsche-glasfaser.de\\\/blog\\\/online-infoabende-fur-mehr-moeglichkeiten\\\/#primaryimage\"},\"thumbnailUrl\":\"https:\\\/\\\/www.deutsche-glasfaser.de\\\/blog\\\/wp-content\\\/uploads\\\/2021\\\/08\\\/Blog_Header_Beitragsbild-1_CS.jpg\",\"articleSection\":[\"Service\"],\"inLanguage\":\"de\"},{\"@type\":\"WebPage\",\"@id\":\"https:\\\/\\\/www.deutsche-glasfaser.de\\\/blog\\\/online-infoabende-fur-mehr-moeglichkeiten\\\/\",\"url\":\"https:\\\/\\\/www.deutsche-glasfaser.de\\\/blog\\\/online-infoabende-fur-mehr-moeglichkeiten\\\/\",\"name\":\"Glasfaser Ausbau Deutschland: Online-Infoabende\",\"isPartOf\":{\"@id\":\"https:\\\/\\\/www.deutsche-glasfaser.de\\\/blog\\\/#website\"},\"primaryImageOfPage\":{\"@id\":\"https:\\\/\\\/www.deutsche-glasfaser.de\\\/blog\\\/online-infoabende-fur-mehr-moeglichkeiten\\\/#primaryimage\"},\"image\":{\"@id\":\"https:\\\/\\\/www.deutsche-glasfaser.de\\\/blog\\\/online-infoabende-fur-mehr-moeglichkeiten\\\/#primaryimage\"},\"thumbnailUrl\":\"https:\\\/\\\/www.deutsche-glasfaser.de\\\/blog\\\/wp-content\\\/uploads\\\/2021\\\/08\\\/Blog_Header_Beitragsbild-1_CS.jpg\",\"datePublished\":\"2020-05-06T12:39:28+00:00\",\"dateModified\":\"2025-12-09T08:53:07+00:00\",\"description\":\"Aufgrund der Corona-Situation f\u00fchren wir unsere Infoabende zuk\u00fcnftig online durch, um Fragen der Glasfaser-Interessierten pers\u00f6nlich beantworten zu k\u00f6nnen.\",\"inLanguage\":\"de\",\"potentialAction\":[{\"@type\":\"ReadAction\",\"target\":[\"https:\\\/\\\/www.deutsche-glasfaser.de\\\/blog\\\/online-infoabende-fur-mehr-moeglichkeiten\\\/\"]}]},{\"@type\":\"ImageObject\",\"inLanguage\":\"de\",\"@id\":\"https:\\\/\\\/www.deutsche-glasfaser.de\\\/blog\\\/online-infoabende-fur-mehr-moeglichkeiten\\\/#primaryimage\",\"url\":\"https:\\\/\\\/www.deutsche-glasfaser.de\\\/blog\\\/wp-content\\\/uploads\\\/2021\\\/08\\\/Blog_Header_Beitragsbild-1_CS.jpg\",\"contentUrl\":\"https:\\\/\\\/www.deutsche-glasfaser.de\\\/blog\\\/wp-content\\\/uploads\\\/2021\\\/08\\\/Blog_Header_Beitragsbild-1_CS.jpg\",\"width\":1500,\"height\":664},{\"@type\":\"WebSite\",\"@id\":\"https:\\\/\\\/www.deutsche-glasfaser.de\\\/blog\\\/#website\",\"url\":\"https:\\\/\\\/www.deutsche-glasfaser.de\\\/blog\\\/\",\"name\":\"Digitales B\u00fcrgernetz\",\"description\":\"Deutsche Glasfaser Blog\",\"publisher\":{\"@id\":\"https:\\\/\\\/www.deutsche-glasfaser.de\\\/blog\\\/#organization\"},\"potentialAction\":[{\"@type\":\"SearchAction\",\"target\":{\"@type\":\"EntryPoint\",\"urlTemplate\":\"https:\\\/\\\/www.deutsche-glasfaser.de\\\/blog\\\/?s={search_term_string}\"},\"query-input\":{\"@type\":\"PropertyValueSpecification\",\"valueRequired\":true,\"valueName\":\"search_term_string\"}}],\"inLanguage\":\"de\"},{\"@type\":\"Organization\",\"@id\":\"https:\\\/\\\/www.deutsche-glasfaser.de\\\/blog\\\/#organization\",\"name\":\"Digitales B\u00fcrgernetz\",\"url\":\"https:\\\/\\\/www.deutsche-glasfaser.de\\\/blog\\\/\",\"logo\":{\"@type\":\"ImageObject\",\"inLanguage\":\"de\",\"@id\":\"https:\\\/\\\/www.deutsche-glasfaser.de\\\/blog\\\/#\\\/schema\\\/logo\\\/image\\\/\",\"url\":\"https:\\\/\\\/www.deutsche-glasfaser.de\\\/blog\\\/wp-content\\\/uploads\\\/2021\\\/08\\\/DGF_Logo_Basis_RGB-Large@2x.png\",\"contentUrl\":\"https:\\\/\\\/www.deutsche-glasfaser.de\\\/blog\\\/wp-content\\\/uploads\\\/2021\\\/08\\\/DGF_Logo_Basis_RGB-Large@2x.png\",\"width\":312,\"height\":104,\"caption\":\"Digitales B\u00fcrgernetz\"},\"image\":{\"@id\":\"https:\\\/\\\/www.deutsche-glasfaser.de\\\/blog\\\/#\\\/schema\\\/logo\\\/image\\\/\"}},{\"@type\":\"Person\",\"@id\":\"https:\\\/\\\/www.deutsche-glasfaser.de\\\/blog\\\/#\\\/schema\\\/person\\\/9380a6dc7443d77143d0c66c409f574b\",\"name\":\"Deutsche Glasfaser\"}]}<\/script>\n<!-- \/ Yoast SEO plugin. -->","yoast_head_json":{"title":"Glasfaser Ausbau Deutschland: Online-Infoabende","description":"Aufgrund der Corona-Situation f\u00fchren wir unsere Infoabende zuk\u00fcnftig online durch, um Fragen der Glasfaser-Interessierten pers\u00f6nlich beantworten zu k\u00f6nnen.","robots":{"index":"index","follow":"follow","max-snippet":"max-snippet:-1","max-image-preview":"max-image-preview:large","max-video-preview":"max-video-preview:-1"},"canonical":"https:\/\/www.deutsche-glasfaser.de\/blog\/online-infoabende-fur-mehr-moeglichkeiten\/","og_locale":"de_DE","og_type":"article","og_title":"Glasfaser Ausbau Deutschland: Online-Infoabende","og_description":"Aufgrund der Corona-Situation f\u00fchren wir unsere Infoabende zuk\u00fcnftig online durch, um Fragen der Glasfaser-Interessierten pers\u00f6nlich beantworten zu k\u00f6nnen.","og_url":"https:\/\/www.deutsche-glasfaser.de\/blog\/online-infoabende-fur-mehr-moeglichkeiten\/","og_site_name":"Digitales B\u00fcrgernetz","article_published_time":"2020-05-06T12:39:28+00:00","article_modified_time":"2025-12-09T08:53:07+00:00","og_image":[{"width":1500,"height":664,"url":"https:\/\/www.deutsche-glasfaser.de\/blog\/wp-content\/uploads\/2021\/08\/Blog_Header_Beitragsbild-1_CS.jpg","type":"image\/jpeg"}],"author":"Deutsche Glasfaser","twitter_card":"summary_large_image","twitter_misc":{"Verfasst von":"Deutsche Glasfaser","Gesch\u00e4tzte Lesezeit":"3\u00a0Minuten"},"schema":{"@context":"https:\/\/schema.org","@graph":[{"@type":"Article","@id":"https:\/\/www.deutsche-glasfaser.de\/blog\/online-infoabende-fur-mehr-moeglichkeiten\/#article","isPartOf":{"@id":"https:\/\/www.deutsche-glasfaser.de\/blog\/online-infoabende-fur-mehr-moeglichkeiten\/"},"author":{"name":"Deutsche Glasfaser","@id":"https:\/\/www.deutsche-glasfaser.de\/blog\/#\/schema\/person\/9380a6dc7443d77143d0c66c409f574b"},"headline":"Online-Infoabende f\u00fcr mehr M\u00f6glichkeiten","datePublished":"2020-05-06T12:39:28+00:00","dateModified":"2025-12-09T08:53:07+00:00","mainEntityOfPage":{"@id":"https:\/\/www.deutsche-glasfaser.de\/blog\/online-infoabende-fur-mehr-moeglichkeiten\/"},"wordCount":475,"publisher":{"@id":"https:\/\/www.deutsche-glasfaser.de\/blog\/#organization"},"image":{"@id":"https:\/\/www.deutsche-glasfaser.de\/blog\/online-infoabende-fur-mehr-moeglichkeiten\/#primaryimage"},"thumbnailUrl":"https:\/\/www.deutsche-glasfaser.de\/blog\/wp-content\/uploads\/2021\/08\/Blog_Header_Beitragsbild-1_CS.jpg","articleSection":["Service"],"inLanguage":"de"},{"@type":"WebPage","@id":"https:\/\/www.deutsche-glasfaser.de\/blog\/online-infoabende-fur-mehr-moeglichkeiten\/","url":"https:\/\/www.deutsche-glasfaser.de\/blog\/online-infoabende-fur-mehr-moeglichkeiten\/","name":"Glasfaser Ausbau Deutschland: Online-Infoabende","isPartOf":{"@id":"https:\/\/www.deutsche-glasfaser.de\/blog\/#website"},"primaryImageOfPage":{"@id":"https:\/\/www.deutsche-glasfaser.de\/blog\/online-infoabende-fur-mehr-moeglichkeiten\/#primaryimage"},"image":{"@id":"https:\/\/www.deutsche-glasfaser.de\/blog\/online-infoabende-fur-mehr-moeglichkeiten\/#primaryimage"},"thumbnailUrl":"https:\/\/www.deutsche-glasfaser.de\/blog\/wp-content\/uploads\/2021\/08\/Blog_Header_Beitragsbild-1_CS.jpg","datePublished":"2020-05-06T12:39:28+00:00","dateModified":"2025-12-09T08:53:07+00:00","description":"Aufgrund der Corona-Situation f\u00fchren wir unsere Infoabende zuk\u00fcnftig online durch, um Fragen der Glasfaser-Interessierten pers\u00f6nlich beantworten zu k\u00f6nnen.","inLanguage":"de","potentialAction":[{"@type":"ReadAction","target":["https:\/\/www.deutsche-glasfaser.de\/blog\/online-infoabende-fur-mehr-moeglichkeiten\/"]}]},{"@type":"ImageObject","inLanguage":"de","@id":"https:\/\/www.deutsche-glasfaser.de\/blog\/online-infoabende-fur-mehr-moeglichkeiten\/#primaryimage","url":"https:\/\/www.deutsche-glasfaser.de\/blog\/wp-content\/uploads\/2021\/08\/Blog_Header_Beitragsbild-1_CS.jpg","contentUrl":"https:\/\/www.deutsche-glasfaser.de\/blog\/wp-content\/uploads\/2021\/08\/Blog_Header_Beitragsbild-1_CS.jpg","width":1500,"height":664},{"@type":"WebSite","@id":"https:\/\/www.deutsche-glasfaser.de\/blog\/#website","url":"https:\/\/www.deutsche-glasfaser.de\/blog\/","name":"Digitales B\u00fcrgernetz","description":"Deutsche Glasfaser Blog","publisher":{"@id":"https:\/\/www.deutsche-glasfaser.de\/blog\/#organization"},"potentialAction":[{"@type":"SearchAction","target":{"@type":"EntryPoint","urlTemplate":"https:\/\/www.deutsche-glasfaser.de\/blog\/?s={search_term_string}"},"query-input":{"@type":"PropertyValueSpecification","valueRequired":true,"valueName":"search_term_string"}}],"inLanguage":"de"},{"@type":"Organization","@id":"https:\/\/www.deutsche-glasfaser.de\/blog\/#organization","name":"Digitales B\u00fcrgernetz","url":"https:\/\/www.deutsche-glasfaser.de\/blog\/","logo":{"@type":"ImageObject","inLanguage":"de","@id":"https:\/\/www.deutsche-glasfaser.de\/blog\/#\/schema\/logo\/image\/","url":"https:\/\/www.deutsche-glasfaser.de\/blog\/wp-content\/uploads\/2021\/08\/DGF_Logo_Basis_RGB-Large@2x.png","contentUrl":"https:\/\/www.deutsche-glasfaser.de\/blog\/wp-content\/uploads\/2021\/08\/DGF_Logo_Basis_RGB-Large@2x.png","width":312,"height":104,"caption":"Digitales B\u00fcrgernetz"},"image":{"@id":"https:\/\/www.deutsche-glasfaser.de\/blog\/#\/schema\/logo\/image\/"}},{"@type":"Person","@id":"https:\/\/www.deutsche-glasfaser.de\/blog\/#\/schema\/person\/9380a6dc7443d77143d0c66c409f574b","name":"Deutsche Glasfaser"}]}},"_links":{"self":[{"href":"https:\/\/www.deutsche-glasfaser.de\/blog\/wp-json\/wp\/v2\/posts\/859","targetHints":{"allow":["GET"]}}],"collection":[{"href":"https:\/\/www.deutsche-glasfaser.de\/blog\/wp-json\/wp\/v2\/posts"}],"about":[{"href":"https:\/\/www.deutsche-glasfaser.de\/blog\/wp-json\/wp\/v2\/types\/post"}],"author":[{"embeddable":true,"href":"https:\/\/www.deutsche-glasfaser.de\/blog\/wp-json\/wp\/v2\/users\/5"}],"replies":[{"embeddable":true,"href":"https:\/\/www.deutsche-glasfaser.de\/blog\/wp-json\/wp\/v2\/comments?post=859"}],"version-history":[{"count":17,"href":"https:\/\/www.deutsche-glasfaser.de\/blog\/wp-json\/wp\/v2\/posts\/859\/revisions"}],"predecessor-version":[{"id":15618,"href":"https:\/\/www.deutsche-glasfaser.de\/blog\/wp-json\/wp\/v2\/posts\/859\/revisions\/15618"}],"wp:featuredmedia":[{"embeddable":true,"href":"https:\/\/www.deutsche-glasfaser.de\/blog\/wp-json\/wp\/v2\/media\/6610"}],"wp:attachment":[{"href":"https:\/\/www.deutsche-glasfaser.de\/blog\/wp-json\/wp\/v2\/media?parent=859"}],"wp:term":[{"taxonomy":"category","embeddable":true,"href":"https:\/\/www.deutsche-glasfaser.de\/blog\/wp-json\/wp\/v2\/categories?post=859"},{"taxonomy":"post_tag","embeddable":true,"href":"https:\/\/www.deutsche-glasfaser.de\/blog\/wp-json\/wp\/v2\/tags?post=859"}],"curies":[{"name":"wp","href":"https:\/\/api.w.org\/{rel}","templated":true}]}}