{"id":7829,"date":"2021-09-01T09:26:15","date_gmt":"2021-09-01T09:26:15","guid":{"rendered":"https:\/\/www.deutsche-glasfaser.de\/blog\/?p=7829"},"modified":"2021-09-28T11:57:47","modified_gmt":"2021-09-28T11:57:47","slug":"gebietsanalyse","status":"publish","type":"post","link":"https:\/\/www.deutsche-glasfaser.de\/blog\/gebietsanalyse\/","title":{"rendered":"Die Gebietsanalyse: Der Schl\u00fcssel zur digitalen Versorgung von l\u00e4ndlichen Regionen"},"content":{"rendered":"\t\t<div data-elementor-type=\"wp-post\" data-elementor-id=\"7829\" class=\"elementor elementor-7829\">\n\t\t\t\t\t\t<section class=\"elementor-section elementor-top-section elementor-element elementor-element-88226de elementor-section-boxed elementor-section-height-default elementor-section-height-default\" data-id=\"88226de\" data-element_type=\"section\" data-e-type=\"section\">\n\t\t\t\t\t\t<div class=\"elementor-container elementor-column-gap-default\">\n\t\t\t\t\t<div class=\"elementor-column elementor-col-100 elementor-top-column elementor-element elementor-element-ae53bb1\" data-id=\"ae53bb1\" data-element_type=\"column\" data-e-type=\"column\">\n\t\t\t<div class=\"elementor-widget-wrap elementor-element-populated\">\n\t\t\t\t\t\t<div class=\"elementor-element elementor-element-fa2357b elementor-widget elementor-widget-text-editor\" data-id=\"fa2357b\" data-element_type=\"widget\" data-e-type=\"widget\" data-widget_type=\"text-editor.default\">\n\t\t\t\t<div class=\"elementor-widget-container\">\n\t\t\t\t\t\t\t\t\t<p>L\u00e4ndliche Regionen werden f\u00fcr viele Menschen in Deutschland wieder zu einem Zukunftsraum, in dem Ideen entstehen und zum Leben erweckt werden. Und diese Zukunft wird digital sein \u2013 wenn die Voraussetzungen stimmen. F\u00fcr uns ist schon lange klar: Ohne Glasfaser keine Digitalisierung. Ohne Digitalisierung keine erfolgreiche wirtschaftliche und gesellschaftliche Entwicklung in unserem Land. In welchen Regionen jedoch vorrangig Glasfaserausbau-Projekte gestartet werden, h\u00e4ngt von den umfassenden Vorarbeiten unseres Bereichs der Gebietsanalyse ab.<\/p><p>Der Bereich Gebietsanalyse ist verantwortlich f\u00fcr die Auswahl und Planung von potentiellen Glasfaser-Ausbaugebieten in Deutschland. Sie entwickelt dabei parallel eine Vielzahl von Projekten gleichzeitig.<\/p><p>Die Gebietsanalyse beginnt mit der strategischen Auswahl potenzieller Ausbaugebiete. Im Rahmen einer Grobanalyse werden zun\u00e4chst die aktuelle Breitbandversorgung und die zu erwartenden Netzbaukosten betrachtet. Dar\u00fcber hinaus flie\u00dfen netzstrategische und politische Faktoren mit in die Bewertung ein, denn es ist unser Ziel als Digital-Versorger der Regionen einen fl\u00e4chendeckenden Glasfaserausbau sicherzustellen. Dabei haben wir es uns insbesondere zur Aufgabe gemacht, die wei\u00dfen und grauen Flecken auf der digitalen Landkarte Deutschlands zu schlie\u00dfen und so bundesweit f\u00fcr eine stabile und zukunftssichere Infrastruktur zu sorgen.<\/p><p>Kommt ein Gebiet nach Betrachtung der benannten Faktoren in die engere Auswahl f\u00fcr den privatwirtschaftlichen Netzausbau, vermessen Mitarbeiter der Gebietsanalyse im Rahmen der Feinanalyse mit Hilfe von Mobile Mapping Fahrzeugen die genauen Gegebenheiten vor Ort. Dazu sind eigens daf\u00fcr entwickelte umgebaute VW-Golf-Fahrzeuge bundesweit im Einsatz.<\/p><p>Anhand der Vermessungsdaten, die diese Fahrzeuge liefern, kann die Oberfl\u00e4che zentimetergenau analysiert werden. Dadurch k\u00f6nnen m\u00f6gliche Baurisiken fr\u00fchzeitig erkannt und eingegrenzt werden. Auf der Basis dieser Angaben kann eine m\u00f6gliche Glasfasertiefbaustrecke detailliert geplant und kalkuliert werden.<\/p><p>Am Ende der Feinanalyse der Gebiete wird eine Priorisierung der potenziellen Ausbauprojekte vorgenommen und wirtschaftlich anzuschlie\u00dfende Gebiete werden f\u00fcr die Vermarktung freigegeben, das hei\u00dft die Kommunen in diesen Gebieten werden im n\u00e4chsten Schritt direkt angesprochen.<\/p><p>Unser Ziel sind insgesamt sechs Millionen Anschl\u00fcsse f\u00fcr Privathaushalte, Unternehmen und staatliche Einrichtungen. Wir setzen auch k\u00fcnftig mit der Gebietsanalyse dort an, wo es den gr\u00f6\u00dften Handlungsbedarf in Sachen Glasfaser gibt: im l\u00e4ndlichen und suburbanen Raum. Wir gehen gezielt in die Regionen, wo der Bedarf am h\u00f6chsten ist und wo wir die digitale Versorgung gemeinsam mit den lokalen Beh\u00f6rden z\u00fcgig vorantreiben k\u00f6nnen. Unser Ziel ist es, den gr\u00f6\u00dften Teil der noch nicht versorgten Gebiete zu erschlie\u00dfen und ihnen eine zukunftssichere FTTH-Infrastruktur zur Verf\u00fcgung zu stellen.<\/p>\t\t\t\t\t\t\t\t<\/div>\n\t\t\t\t<\/div>\n\t\t\t\t\t<\/div>\n\t\t<\/div>\n\t\t\t\t\t<\/div>\n\t\t<\/section>\n\t\t\t\t<\/div>\n\t\t","protected":false},"excerpt":{"rendered":"<p>L\u00e4ndliche Regionen werden f\u00fcr viele Menschen in Deutschland wieder zu einem Zukunftsraum, in dem Ideen entstehen und zum Leben erweckt werden. Und diese Zukunft wird digital sein \u2013 wenn die Voraussetzungen stimmen. F\u00fcr uns ist schon lange klar: Ohne Glasfaser [&hellip;]<\/p>\n","protected":false},"author":5,"featured_media":7833,"comment_status":"open","ping_status":"open","sticky":false,"template":"","format":"standard","meta":{"footnotes":""},"categories":[1],"tags":[],"class_list":["post-7829","post","type-post","status-publish","format-standard","has-post-thumbnail","hentry","category-service"],"yoast_head":"<!-- This site is optimized with the Yoast SEO plugin v27.5 - https:\/\/yoast.com\/product\/yoast-seo-wordpress\/ -->\n<title>Die Gebietsanalyse: Schl\u00fcssel f\u00fcr das digitale Leben auf dem Land<\/title>\n<meta name=\"description\" content=\"Warum geht der Glasfaserausbau nicht \u00fcberall schneller voran? Dar\u00fcber entscheidet bei Deutsche Glasfaser unter anderem der Bereich Gebietsanalyse.\" \/>\n<meta name=\"robots\" content=\"index, follow, max-snippet:-1, max-image-preview:large, max-video-preview:-1\" \/>\n<link rel=\"canonical\" href=\"https:\/\/www.deutsche-glasfaser.de\/blog\/gebietsanalyse\/\" \/>\n<meta property=\"og:locale\" content=\"de_DE\" \/>\n<meta property=\"og:type\" content=\"article\" \/>\n<meta property=\"og:title\" content=\"Die Gebietsanalyse: Schl\u00fcssel f\u00fcr das digitale Leben auf dem Land\" \/>\n<meta property=\"og:description\" content=\"Warum geht der Glasfaserausbau nicht \u00fcberall schneller voran? Dar\u00fcber entscheidet bei Deutsche Glasfaser unter anderem der Bereich Gebietsanalyse.\" \/>\n<meta property=\"og:url\" content=\"https:\/\/www.deutsche-glasfaser.de\/blog\/gebietsanalyse\/\" \/>\n<meta property=\"og:site_name\" content=\"Digitales B\u00fcrgernetz\" \/>\n<meta property=\"article:published_time\" content=\"2021-09-01T09:26:15+00:00\" \/>\n<meta property=\"article:modified_time\" content=\"2021-09-28T11:57:47+00:00\" \/>\n<meta property=\"og:image\" content=\"https:\/\/www.deutsche-glasfaser.de\/blog\/wp-content\/uploads\/2021\/09\/MobileMappingCarBlog.jpg\" \/>\n\t<meta property=\"og:image:width\" content=\"1500\" \/>\n\t<meta property=\"og:image:height\" content=\"917\" \/>\n\t<meta property=\"og:image:type\" content=\"image\/jpeg\" \/>\n<meta name=\"author\" content=\"Deutsche Glasfaser\" \/>\n<meta name=\"twitter:card\" content=\"summary_large_image\" \/>\n<meta name=\"twitter:label1\" content=\"Verfasst von\" \/>\n\t<meta name=\"twitter:data1\" content=\"Deutsche Glasfaser\" \/>\n\t<meta name=\"twitter:label2\" content=\"Gesch\u00e4tzte Lesezeit\" \/>\n\t<meta name=\"twitter:data2\" content=\"2\u00a0Minuten\" \/>\n<script type=\"application\/ld+json\" class=\"yoast-schema-graph\">{\"@context\":\"https:\\\/\\\/schema.org\",\"@graph\":[{\"@type\":\"Article\",\"@id\":\"https:\\\/\\\/www.deutsche-glasfaser.de\\\/blog\\\/gebietsanalyse\\\/#article\",\"isPartOf\":{\"@id\":\"https:\\\/\\\/www.deutsche-glasfaser.de\\\/blog\\\/gebietsanalyse\\\/\"},\"author\":{\"name\":\"Deutsche Glasfaser\",\"@id\":\"https:\\\/\\\/www.deutsche-glasfaser.de\\\/blog\\\/#\\\/schema\\\/person\\\/9380a6dc7443d77143d0c66c409f574b\"},\"headline\":\"Die Gebietsanalyse: Der Schl\u00fcssel zur digitalen Versorgung von l\u00e4ndlichen Regionen\",\"datePublished\":\"2021-09-01T09:26:15+00:00\",\"dateModified\":\"2021-09-28T11:57:47+00:00\",\"mainEntityOfPage\":{\"@id\":\"https:\\\/\\\/www.deutsche-glasfaser.de\\\/blog\\\/gebietsanalyse\\\/\"},\"wordCount\":423,\"commentCount\":0,\"publisher\":{\"@id\":\"https:\\\/\\\/www.deutsche-glasfaser.de\\\/blog\\\/#organization\"},\"image\":{\"@id\":\"https:\\\/\\\/www.deutsche-glasfaser.de\\\/blog\\\/gebietsanalyse\\\/#primaryimage\"},\"thumbnailUrl\":\"https:\\\/\\\/www.deutsche-glasfaser.de\\\/blog\\\/wp-content\\\/uploads\\\/2021\\\/09\\\/MobileMappingCarBlog.jpg\",\"articleSection\":[\"Service\"],\"inLanguage\":\"de\",\"potentialAction\":[{\"@type\":\"CommentAction\",\"name\":\"Comment\",\"target\":[\"https:\\\/\\\/www.deutsche-glasfaser.de\\\/blog\\\/gebietsanalyse\\\/#respond\"]}]},{\"@type\":\"WebPage\",\"@id\":\"https:\\\/\\\/www.deutsche-glasfaser.de\\\/blog\\\/gebietsanalyse\\\/\",\"url\":\"https:\\\/\\\/www.deutsche-glasfaser.de\\\/blog\\\/gebietsanalyse\\\/\",\"name\":\"Die Gebietsanalyse: Schl\u00fcssel f\u00fcr das digitale Leben auf dem Land\",\"isPartOf\":{\"@id\":\"https:\\\/\\\/www.deutsche-glasfaser.de\\\/blog\\\/#website\"},\"primaryImageOfPage\":{\"@id\":\"https:\\\/\\\/www.deutsche-glasfaser.de\\\/blog\\\/gebietsanalyse\\\/#primaryimage\"},\"image\":{\"@id\":\"https:\\\/\\\/www.deutsche-glasfaser.de\\\/blog\\\/gebietsanalyse\\\/#primaryimage\"},\"thumbnailUrl\":\"https:\\\/\\\/www.deutsche-glasfaser.de\\\/blog\\\/wp-content\\\/uploads\\\/2021\\\/09\\\/MobileMappingCarBlog.jpg\",\"datePublished\":\"2021-09-01T09:26:15+00:00\",\"dateModified\":\"2021-09-28T11:57:47+00:00\",\"description\":\"Warum geht der Glasfaserausbau nicht \u00fcberall schneller voran? Dar\u00fcber entscheidet bei Deutsche Glasfaser unter anderem der Bereich Gebietsanalyse.\",\"inLanguage\":\"de\",\"potentialAction\":[{\"@type\":\"ReadAction\",\"target\":[\"https:\\\/\\\/www.deutsche-glasfaser.de\\\/blog\\\/gebietsanalyse\\\/\"]}]},{\"@type\":\"ImageObject\",\"inLanguage\":\"de\",\"@id\":\"https:\\\/\\\/www.deutsche-glasfaser.de\\\/blog\\\/gebietsanalyse\\\/#primaryimage\",\"url\":\"https:\\\/\\\/www.deutsche-glasfaser.de\\\/blog\\\/wp-content\\\/uploads\\\/2021\\\/09\\\/MobileMappingCarBlog.jpg\",\"contentUrl\":\"https:\\\/\\\/www.deutsche-glasfaser.de\\\/blog\\\/wp-content\\\/uploads\\\/2021\\\/09\\\/MobileMappingCarBlog.jpg\",\"width\":1500,\"height\":917},{\"@type\":\"WebSite\",\"@id\":\"https:\\\/\\\/www.deutsche-glasfaser.de\\\/blog\\\/#website\",\"url\":\"https:\\\/\\\/www.deutsche-glasfaser.de\\\/blog\\\/\",\"name\":\"Digitales B\u00fcrgernetz\",\"description\":\"Deutsche Glasfaser Blog\",\"publisher\":{\"@id\":\"https:\\\/\\\/www.deutsche-glasfaser.de\\\/blog\\\/#organization\"},\"potentialAction\":[{\"@type\":\"SearchAction\",\"target\":{\"@type\":\"EntryPoint\",\"urlTemplate\":\"https:\\\/\\\/www.deutsche-glasfaser.de\\\/blog\\\/?s={search_term_string}\"},\"query-input\":{\"@type\":\"PropertyValueSpecification\",\"valueRequired\":true,\"valueName\":\"search_term_string\"}}],\"inLanguage\":\"de\"},{\"@type\":\"Organization\",\"@id\":\"https:\\\/\\\/www.deutsche-glasfaser.de\\\/blog\\\/#organization\",\"name\":\"Digitales B\u00fcrgernetz\",\"url\":\"https:\\\/\\\/www.deutsche-glasfaser.de\\\/blog\\\/\",\"logo\":{\"@type\":\"ImageObject\",\"inLanguage\":\"de\",\"@id\":\"https:\\\/\\\/www.deutsche-glasfaser.de\\\/blog\\\/#\\\/schema\\\/logo\\\/image\\\/\",\"url\":\"https:\\\/\\\/www.deutsche-glasfaser.de\\\/blog\\\/wp-content\\\/uploads\\\/2021\\\/08\\\/DGF_Logo_Basis_RGB-Large@2x.png\",\"contentUrl\":\"https:\\\/\\\/www.deutsche-glasfaser.de\\\/blog\\\/wp-content\\\/uploads\\\/2021\\\/08\\\/DGF_Logo_Basis_RGB-Large@2x.png\",\"width\":312,\"height\":104,\"caption\":\"Digitales B\u00fcrgernetz\"},\"image\":{\"@id\":\"https:\\\/\\\/www.deutsche-glasfaser.de\\\/blog\\\/#\\\/schema\\\/logo\\\/image\\\/\"}},{\"@type\":\"Person\",\"@id\":\"https:\\\/\\\/www.deutsche-glasfaser.de\\\/blog\\\/#\\\/schema\\\/person\\\/9380a6dc7443d77143d0c66c409f574b\",\"name\":\"Deutsche Glasfaser\"}]}<\/script>\n<!-- \/ Yoast SEO plugin. -->","yoast_head_json":{"title":"Die Gebietsanalyse: Schl\u00fcssel f\u00fcr das digitale Leben auf dem Land","description":"Warum geht der Glasfaserausbau nicht \u00fcberall schneller voran? Dar\u00fcber entscheidet bei Deutsche Glasfaser unter anderem der Bereich Gebietsanalyse.","robots":{"index":"index","follow":"follow","max-snippet":"max-snippet:-1","max-image-preview":"max-image-preview:large","max-video-preview":"max-video-preview:-1"},"canonical":"https:\/\/www.deutsche-glasfaser.de\/blog\/gebietsanalyse\/","og_locale":"de_DE","og_type":"article","og_title":"Die Gebietsanalyse: Schl\u00fcssel f\u00fcr das digitale Leben auf dem Land","og_description":"Warum geht der Glasfaserausbau nicht \u00fcberall schneller voran? Dar\u00fcber entscheidet bei Deutsche Glasfaser unter anderem der Bereich Gebietsanalyse.","og_url":"https:\/\/www.deutsche-glasfaser.de\/blog\/gebietsanalyse\/","og_site_name":"Digitales B\u00fcrgernetz","article_published_time":"2021-09-01T09:26:15+00:00","article_modified_time":"2021-09-28T11:57:47+00:00","og_image":[{"width":1500,"height":917,"url":"https:\/\/www.deutsche-glasfaser.de\/blog\/wp-content\/uploads\/2021\/09\/MobileMappingCarBlog.jpg","type":"image\/jpeg"}],"author":"Deutsche Glasfaser","twitter_card":"summary_large_image","twitter_misc":{"Verfasst von":"Deutsche Glasfaser","Gesch\u00e4tzte Lesezeit":"2\u00a0Minuten"},"schema":{"@context":"https:\/\/schema.org","@graph":[{"@type":"Article","@id":"https:\/\/www.deutsche-glasfaser.de\/blog\/gebietsanalyse\/#article","isPartOf":{"@id":"https:\/\/www.deutsche-glasfaser.de\/blog\/gebietsanalyse\/"},"author":{"name":"Deutsche Glasfaser","@id":"https:\/\/www.deutsche-glasfaser.de\/blog\/#\/schema\/person\/9380a6dc7443d77143d0c66c409f574b"},"headline":"Die Gebietsanalyse: Der Schl\u00fcssel zur digitalen Versorgung von l\u00e4ndlichen Regionen","datePublished":"2021-09-01T09:26:15+00:00","dateModified":"2021-09-28T11:57:47+00:00","mainEntityOfPage":{"@id":"https:\/\/www.deutsche-glasfaser.de\/blog\/gebietsanalyse\/"},"wordCount":423,"commentCount":0,"publisher":{"@id":"https:\/\/www.deutsche-glasfaser.de\/blog\/#organization"},"image":{"@id":"https:\/\/www.deutsche-glasfaser.de\/blog\/gebietsanalyse\/#primaryimage"},"thumbnailUrl":"https:\/\/www.deutsche-glasfaser.de\/blog\/wp-content\/uploads\/2021\/09\/MobileMappingCarBlog.jpg","articleSection":["Service"],"inLanguage":"de","potentialAction":[{"@type":"CommentAction","name":"Comment","target":["https:\/\/www.deutsche-glasfaser.de\/blog\/gebietsanalyse\/#respond"]}]},{"@type":"WebPage","@id":"https:\/\/www.deutsche-glasfaser.de\/blog\/gebietsanalyse\/","url":"https:\/\/www.deutsche-glasfaser.de\/blog\/gebietsanalyse\/","name":"Die Gebietsanalyse: Schl\u00fcssel f\u00fcr das digitale Leben auf dem Land","isPartOf":{"@id":"https:\/\/www.deutsche-glasfaser.de\/blog\/#website"},"primaryImageOfPage":{"@id":"https:\/\/www.deutsche-glasfaser.de\/blog\/gebietsanalyse\/#primaryimage"},"image":{"@id":"https:\/\/www.deutsche-glasfaser.de\/blog\/gebietsanalyse\/#primaryimage"},"thumbnailUrl":"https:\/\/www.deutsche-glasfaser.de\/blog\/wp-content\/uploads\/2021\/09\/MobileMappingCarBlog.jpg","datePublished":"2021-09-01T09:26:15+00:00","dateModified":"2021-09-28T11:57:47+00:00","description":"Warum geht der Glasfaserausbau nicht \u00fcberall schneller voran? Dar\u00fcber entscheidet bei Deutsche Glasfaser unter anderem der Bereich Gebietsanalyse.","inLanguage":"de","potentialAction":[{"@type":"ReadAction","target":["https:\/\/www.deutsche-glasfaser.de\/blog\/gebietsanalyse\/"]}]},{"@type":"ImageObject","inLanguage":"de","@id":"https:\/\/www.deutsche-glasfaser.de\/blog\/gebietsanalyse\/#primaryimage","url":"https:\/\/www.deutsche-glasfaser.de\/blog\/wp-content\/uploads\/2021\/09\/MobileMappingCarBlog.jpg","contentUrl":"https:\/\/www.deutsche-glasfaser.de\/blog\/wp-content\/uploads\/2021\/09\/MobileMappingCarBlog.jpg","width":1500,"height":917},{"@type":"WebSite","@id":"https:\/\/www.deutsche-glasfaser.de\/blog\/#website","url":"https:\/\/www.deutsche-glasfaser.de\/blog\/","name":"Digitales B\u00fcrgernetz","description":"Deutsche Glasfaser Blog","publisher":{"@id":"https:\/\/www.deutsche-glasfaser.de\/blog\/#organization"},"potentialAction":[{"@type":"SearchAction","target":{"@type":"EntryPoint","urlTemplate":"https:\/\/www.deutsche-glasfaser.de\/blog\/?s={search_term_string}"},"query-input":{"@type":"PropertyValueSpecification","valueRequired":true,"valueName":"search_term_string"}}],"inLanguage":"de"},{"@type":"Organization","@id":"https:\/\/www.deutsche-glasfaser.de\/blog\/#organization","name":"Digitales B\u00fcrgernetz","url":"https:\/\/www.deutsche-glasfaser.de\/blog\/","logo":{"@type":"ImageObject","inLanguage":"de","@id":"https:\/\/www.deutsche-glasfaser.de\/blog\/#\/schema\/logo\/image\/","url":"https:\/\/www.deutsche-glasfaser.de\/blog\/wp-content\/uploads\/2021\/08\/DGF_Logo_Basis_RGB-Large@2x.png","contentUrl":"https:\/\/www.deutsche-glasfaser.de\/blog\/wp-content\/uploads\/2021\/08\/DGF_Logo_Basis_RGB-Large@2x.png","width":312,"height":104,"caption":"Digitales B\u00fcrgernetz"},"image":{"@id":"https:\/\/www.deutsche-glasfaser.de\/blog\/#\/schema\/logo\/image\/"}},{"@type":"Person","@id":"https:\/\/www.deutsche-glasfaser.de\/blog\/#\/schema\/person\/9380a6dc7443d77143d0c66c409f574b","name":"Deutsche Glasfaser"}]}},"_links":{"self":[{"href":"https:\/\/www.deutsche-glasfaser.de\/blog\/wp-json\/wp\/v2\/posts\/7829","targetHints":{"allow":["GET"]}}],"collection":[{"href":"https:\/\/www.deutsche-glasfaser.de\/blog\/wp-json\/wp\/v2\/posts"}],"about":[{"href":"https:\/\/www.deutsche-glasfaser.de\/blog\/wp-json\/wp\/v2\/types\/post"}],"author":[{"embeddable":true,"href":"https:\/\/www.deutsche-glasfaser.de\/blog\/wp-json\/wp\/v2\/users\/5"}],"replies":[{"embeddable":true,"href":"https:\/\/www.deutsche-glasfaser.de\/blog\/wp-json\/wp\/v2\/comments?post=7829"}],"version-history":[{"count":13,"href":"https:\/\/www.deutsche-glasfaser.de\/blog\/wp-json\/wp\/v2\/posts\/7829\/revisions"}],"predecessor-version":[{"id":7847,"href":"https:\/\/www.deutsche-glasfaser.de\/blog\/wp-json\/wp\/v2\/posts\/7829\/revisions\/7847"}],"wp:featuredmedia":[{"embeddable":true,"href":"https:\/\/www.deutsche-glasfaser.de\/blog\/wp-json\/wp\/v2\/media\/7833"}],"wp:attachment":[{"href":"https:\/\/www.deutsche-glasfaser.de\/blog\/wp-json\/wp\/v2\/media?parent=7829"}],"wp:term":[{"taxonomy":"category","embeddable":true,"href":"https:\/\/www.deutsche-glasfaser.de\/blog\/wp-json\/wp\/v2\/categories?post=7829"},{"taxonomy":"post_tag","embeddable":true,"href":"https:\/\/www.deutsche-glasfaser.de\/blog\/wp-json\/wp\/v2\/tags?post=7829"}],"curies":[{"name":"wp","href":"https:\/\/api.w.org\/{rel}","templated":true}]}}