{"id":766,"date":"2020-02-11T11:50:31","date_gmt":"2020-02-11T11:50:31","guid":{"rendered":"https:\/\/www.deutsche-glasfaser.de\/blog\/dgblog-snapshot-20190819123943\/?p=766"},"modified":"2024-11-11T14:13:47","modified_gmt":"2024-11-11T13:13:47","slug":"disney-plus-schon-bald-in-deutschland","status":"publish","type":"post","link":"https:\/\/www.deutsche-glasfaser.de\/blog\/disney-plus-schon-bald-in-deutschland\/","title":{"rendered":"Disney Plus &#8211; Schon bald in Deutschland"},"content":{"rendered":"\t\t<div data-elementor-type=\"wp-post\" data-elementor-id=\"766\" class=\"elementor elementor-766\">\n\t\t\t\t\t\t<section class=\"elementor-section elementor-top-section elementor-element elementor-element-52432a2f elementor-section-boxed elementor-section-height-default elementor-section-height-default\" data-id=\"52432a2f\" data-element_type=\"section\" data-e-type=\"section\">\n\t\t\t\t\t\t<div class=\"elementor-container elementor-column-gap-default\">\n\t\t\t\t\t<div class=\"elementor-column elementor-col-100 elementor-top-column elementor-element elementor-element-36d4833\" data-id=\"36d4833\" data-element_type=\"column\" data-e-type=\"column\">\n\t\t\t<div class=\"elementor-widget-wrap elementor-element-populated\">\n\t\t\t\t\t\t<div class=\"elementor-element elementor-element-24e7db44 elementor-widget elementor-widget-text-editor\" data-id=\"24e7db44\" data-element_type=\"widget\" data-e-type=\"widget\" data-widget_type=\"text-editor.default\">\n\t\t\t\t<div class=\"elementor-widget-container\">\n\t\t\t\t\t\t\t\t\t<p><\/p>\n<p><strong>Eine Woche fr\u00fcher als geplant startet Disney Plus<\/strong> nun bereits am <strong>24. M\u00e4rz<\/strong> seinen eigenen Streaming-Dienst. Eigentlich sollte das Angebot in Europa erst am 31. M\u00e4rz verf\u00fcgbar sein. In den Genuss dieses Fr\u00fch(er)starts kommen Disney-Plus-Nutzer in <strong>Deutschland, \u00d6sterreich, der Schweiz, Frankreich, Italien, Spanien, England und Irland.<\/strong> In den USA streamt der Dienst bereits seit 2019.<\/p>\n<p><\/p>\n<p><\/p>\n<p>Zum Angebot geh\u00f6ren <strong>alle bekannten Filme, Serien und Dokus aus den Kreativh\u00e4usern Disney, Pixar, Star Wars, Marvel und National Geographic.<\/strong> Ausgew\u00e4hlte Titel gibt es sogar in detailreicher 4k-Aufl\u00f6sung.<\/p>\n<p><\/p>\n<p><\/p>\n<p>Der Preis betr\u00e4gt <strong>6,99 Euro pro Monat bzw. 69,99 Euro pro Jahr.<\/strong> Damit ist Disney Plus zwar etwas teurer als das vor einigen Monaten von Apple gestartete Angebot <strong>Apple TV+ f\u00fcr monatlich 4,99 Euro. <\/strong>Aber daf\u00fcr bietet der Disney+ Katalog auch <strong>deutlich mehr Auswahl. <\/strong><\/p>\n<p><\/p>\n<p><\/p>\n<p><strong>Achtung: Wer bis zum 23.03.2020 Disney+ vorbestellt, profitiert vom aktuellen Angebot, den Service f\u00fcr 59,99 \u20ac f\u00fcr ein Jahr nutzen zu k\u00f6nnen!<\/strong><\/p>\n<p><\/p>\n<p><\/p>\n<p>Wie bei Netflix, Amazon Prime und <a href=\"https:\/\/www.deutsche-glasfaser.de\/blog\/apple-tv-ein-echter-konkurrent-zu-netflix-maxdome-und-amazon-prime\/\" target=\"_blank\" rel=\"noreferrer noopener\">Apple TV+<\/a> wird es auch auf Disney+ <strong>zus\u00e4tzlich exklusive \u201eOriginals\u201c<\/strong> geben. Nachdem Disney bzw. Marvel die Zusammenarbeit mit Netflix f\u00fcr Marvel-Serien beendet hat, \u00fcbernimmt Marvel nun selbst die <strong>Entwicklung und Produktion eigener Comic-Serien.<\/strong><\/p>\n<p><\/p>\n<p><\/p>\n<p>So sind <strong>einige Serien mit bekannten Helden<\/strong> aus dem Marvel Cinematic Universe in Produktion, in denen die <strong>Geschichte der Helden nach dem Finale von \u201eAvengers: Endgame\u201c<\/strong> weitererz\u00e4hlt werden soll, wie z.B. Loki, The Falcon and the Winter Soldier, Hawkeye und Wanda Maximoff \/ Scarlet Witch mit Vision.<\/p>\n<p><\/p>\n<p><\/p>\n<p>Auch die in den USA l\u00e4ngst gefeierte <strong>\u201eStar Wars\u201c-Serie \u201eThe Mandalorian\u201c wird zum Deutschlandstart bereits verf\u00fcgbar<\/strong> sein. Eine zweite Staffel ist auch bereits in Produktion.<\/p>\n<p><\/p>\n<p><\/p>\n<p class=\"has-text-color\" style=\"color: #00aef8;\"><strong>Trailer<\/strong><\/p>\n<p><\/p>\n<p><\/p>\n<figure class=\"wp-block-embed is-type-video is-provider-youtube wp-block-embed-youtube wp-embed-aspect-16-9 wp-has-aspect-ratio\">\n<div class=\"wp-block-embed__wrapper\">https:\/\/www.youtube.com\/watch?v=aOC8E8z_ifw<\/div>\n<\/figure>\n<p><\/p>\n<p><\/p>\n<p>On top wurde eine <strong>Mini-Serie mit der beliebten Figur Obi-Wan Kenobi<\/strong> angek\u00fcndigt. Sie soll zwischen Episode 3 und 4 auf Tatooine spielen.<\/p>\n<p><\/p>\n<p><\/p>\n<p>Ob und wie viele Kunden einen weiteren Streaming-Dienst abonnieren werden, wird sich zeigen. Schon jetzt scheint der Markt mit zahlreichen Anbietern im deutschsprachigen Raum recht ges\u00e4ttigt zu sein. We will see\u2026<\/p>\n<p><\/p>\t\t\t\t\t\t\t\t<\/div>\n\t\t\t\t<\/div>\n\t\t\t\t\t<\/div>\n\t\t<\/div>\n\t\t\t\t\t<\/div>\n\t\t<\/section>\n\t\t\t\t<\/div>\n\t\t","protected":false},"excerpt":{"rendered":"<p>Eine Woche fr\u00fcher als geplant startet Disney Plus nun bereits am 24. M\u00e4rz seinen eigenen Streaming-Dienst. Eigentlich sollte das Angebot in Europa erst am 31. M\u00e4rz verf\u00fcgbar sein. In den Genuss dieses Fr\u00fch(er)starts kommen Disney-Plus-Nutzer in Deutschland, \u00d6sterreich, der Schweiz, [&hellip;]<\/p>\n","protected":false},"author":5,"featured_media":6606,"comment_status":"closed","ping_status":"closed","sticky":false,"template":"","format":"standard","meta":{"footnotes":""},"categories":[1],"tags":[],"class_list":["post-766","post","type-post","status-publish","format-standard","has-post-thumbnail","hentry","category-service"],"yoast_head":"<!-- This site is optimized with the Yoast SEO plugin v27.5 - https:\/\/yoast.com\/product\/yoast-seo-wordpress\/ -->\n<title>Disney Plus - Schon bald in Deutschland - Digitales B\u00fcrgernetz<\/title>\n<meta name=\"description\" content=\"Disney Plus startet am 24. M\u00e4rz seinen eigenen Streaming-Dienst. Filme, Serien und Dokus k\u00f6nnen nun auch in Deutschland angeschaut werden.\" \/>\n<meta name=\"robots\" content=\"index, follow, max-snippet:-1, max-image-preview:large, max-video-preview:-1\" \/>\n<link rel=\"canonical\" href=\"https:\/\/www.deutsche-glasfaser.de\/blog\/disney-plus-schon-bald-in-deutschland\/\" \/>\n<meta property=\"og:locale\" content=\"de_DE\" \/>\n<meta property=\"og:type\" content=\"article\" \/>\n<meta property=\"og:title\" content=\"Disney Plus - Schon bald in Deutschland - Digitales B\u00fcrgernetz\" \/>\n<meta property=\"og:description\" content=\"Disney Plus startet am 24. M\u00e4rz seinen eigenen Streaming-Dienst. Filme, Serien und Dokus k\u00f6nnen nun auch in Deutschland angeschaut werden.\" \/>\n<meta property=\"og:url\" content=\"https:\/\/www.deutsche-glasfaser.de\/blog\/disney-plus-schon-bald-in-deutschland\/\" \/>\n<meta property=\"og:site_name\" content=\"Digitales B\u00fcrgernetz\" \/>\n<meta property=\"article:published_time\" content=\"2020-02-11T11:50:31+00:00\" \/>\n<meta property=\"article:modified_time\" content=\"2024-11-11T13:13:47+00:00\" \/>\n<meta property=\"og:image\" content=\"https:\/\/www.deutsche-glasfaser.de\/blog\/wp-content\/uploads\/2021\/08\/BLOG_header_Disney_Plus_CS.jpg\" \/>\n\t<meta property=\"og:image:width\" content=\"1500\" \/>\n\t<meta property=\"og:image:height\" content=\"633\" \/>\n\t<meta property=\"og:image:type\" content=\"image\/jpeg\" \/>\n<meta name=\"author\" content=\"Deutsche Glasfaser\" \/>\n<meta name=\"twitter:card\" content=\"summary_large_image\" \/>\n<meta name=\"twitter:label1\" content=\"Verfasst von\" \/>\n\t<meta name=\"twitter:data1\" content=\"Deutsche Glasfaser\" \/>\n\t<meta name=\"twitter:label2\" content=\"Gesch\u00e4tzte Lesezeit\" \/>\n\t<meta name=\"twitter:data2\" content=\"2\u00a0Minuten\" \/>\n<script type=\"application\/ld+json\" class=\"yoast-schema-graph\">{\"@context\":\"https:\\\/\\\/schema.org\",\"@graph\":[{\"@type\":\"Article\",\"@id\":\"https:\\\/\\\/www.deutsche-glasfaser.de\\\/blog\\\/disney-plus-schon-bald-in-deutschland\\\/#article\",\"isPartOf\":{\"@id\":\"https:\\\/\\\/www.deutsche-glasfaser.de\\\/blog\\\/disney-plus-schon-bald-in-deutschland\\\/\"},\"author\":{\"name\":\"Deutsche Glasfaser\",\"@id\":\"https:\\\/\\\/www.deutsche-glasfaser.de\\\/blog\\\/#\\\/schema\\\/person\\\/9380a6dc7443d77143d0c66c409f574b\"},\"headline\":\"Disney Plus &#8211; Schon bald in Deutschland\",\"datePublished\":\"2020-02-11T11:50:31+00:00\",\"dateModified\":\"2024-11-11T13:13:47+00:00\",\"mainEntityOfPage\":{\"@id\":\"https:\\\/\\\/www.deutsche-glasfaser.de\\\/blog\\\/disney-plus-schon-bald-in-deutschland\\\/\"},\"wordCount\":345,\"publisher\":{\"@id\":\"https:\\\/\\\/www.deutsche-glasfaser.de\\\/blog\\\/#organization\"},\"image\":{\"@id\":\"https:\\\/\\\/www.deutsche-glasfaser.de\\\/blog\\\/disney-plus-schon-bald-in-deutschland\\\/#primaryimage\"},\"thumbnailUrl\":\"https:\\\/\\\/www.deutsche-glasfaser.de\\\/blog\\\/wp-content\\\/uploads\\\/2021\\\/08\\\/BLOG_header_Disney_Plus_CS.jpg\",\"articleSection\":[\"Service\"],\"inLanguage\":\"de\"},{\"@type\":\"WebPage\",\"@id\":\"https:\\\/\\\/www.deutsche-glasfaser.de\\\/blog\\\/disney-plus-schon-bald-in-deutschland\\\/\",\"url\":\"https:\\\/\\\/www.deutsche-glasfaser.de\\\/blog\\\/disney-plus-schon-bald-in-deutschland\\\/\",\"name\":\"Disney Plus - Schon bald in Deutschland - Digitales B\u00fcrgernetz\",\"isPartOf\":{\"@id\":\"https:\\\/\\\/www.deutsche-glasfaser.de\\\/blog\\\/#website\"},\"primaryImageOfPage\":{\"@id\":\"https:\\\/\\\/www.deutsche-glasfaser.de\\\/blog\\\/disney-plus-schon-bald-in-deutschland\\\/#primaryimage\"},\"image\":{\"@id\":\"https:\\\/\\\/www.deutsche-glasfaser.de\\\/blog\\\/disney-plus-schon-bald-in-deutschland\\\/#primaryimage\"},\"thumbnailUrl\":\"https:\\\/\\\/www.deutsche-glasfaser.de\\\/blog\\\/wp-content\\\/uploads\\\/2021\\\/08\\\/BLOG_header_Disney_Plus_CS.jpg\",\"datePublished\":\"2020-02-11T11:50:31+00:00\",\"dateModified\":\"2024-11-11T13:13:47+00:00\",\"description\":\"Disney Plus startet am 24. M\u00e4rz seinen eigenen Streaming-Dienst. Filme, Serien und Dokus k\u00f6nnen nun auch in Deutschland angeschaut werden.\",\"inLanguage\":\"de\",\"potentialAction\":[{\"@type\":\"ReadAction\",\"target\":[\"https:\\\/\\\/www.deutsche-glasfaser.de\\\/blog\\\/disney-plus-schon-bald-in-deutschland\\\/\"]}]},{\"@type\":\"ImageObject\",\"inLanguage\":\"de\",\"@id\":\"https:\\\/\\\/www.deutsche-glasfaser.de\\\/blog\\\/disney-plus-schon-bald-in-deutschland\\\/#primaryimage\",\"url\":\"https:\\\/\\\/www.deutsche-glasfaser.de\\\/blog\\\/wp-content\\\/uploads\\\/2021\\\/08\\\/BLOG_header_Disney_Plus_CS.jpg\",\"contentUrl\":\"https:\\\/\\\/www.deutsche-glasfaser.de\\\/blog\\\/wp-content\\\/uploads\\\/2021\\\/08\\\/BLOG_header_Disney_Plus_CS.jpg\",\"width\":1500,\"height\":633},{\"@type\":\"WebSite\",\"@id\":\"https:\\\/\\\/www.deutsche-glasfaser.de\\\/blog\\\/#website\",\"url\":\"https:\\\/\\\/www.deutsche-glasfaser.de\\\/blog\\\/\",\"name\":\"Digitales B\u00fcrgernetz\",\"description\":\"Deutsche Glasfaser Blog\",\"publisher\":{\"@id\":\"https:\\\/\\\/www.deutsche-glasfaser.de\\\/blog\\\/#organization\"},\"potentialAction\":[{\"@type\":\"SearchAction\",\"target\":{\"@type\":\"EntryPoint\",\"urlTemplate\":\"https:\\\/\\\/www.deutsche-glasfaser.de\\\/blog\\\/?s={search_term_string}\"},\"query-input\":{\"@type\":\"PropertyValueSpecification\",\"valueRequired\":true,\"valueName\":\"search_term_string\"}}],\"inLanguage\":\"de\"},{\"@type\":\"Organization\",\"@id\":\"https:\\\/\\\/www.deutsche-glasfaser.de\\\/blog\\\/#organization\",\"name\":\"Digitales B\u00fcrgernetz\",\"url\":\"https:\\\/\\\/www.deutsche-glasfaser.de\\\/blog\\\/\",\"logo\":{\"@type\":\"ImageObject\",\"inLanguage\":\"de\",\"@id\":\"https:\\\/\\\/www.deutsche-glasfaser.de\\\/blog\\\/#\\\/schema\\\/logo\\\/image\\\/\",\"url\":\"https:\\\/\\\/www.deutsche-glasfaser.de\\\/blog\\\/wp-content\\\/uploads\\\/2021\\\/08\\\/DGF_Logo_Basis_RGB-Large@2x.png\",\"contentUrl\":\"https:\\\/\\\/www.deutsche-glasfaser.de\\\/blog\\\/wp-content\\\/uploads\\\/2021\\\/08\\\/DGF_Logo_Basis_RGB-Large@2x.png\",\"width\":312,\"height\":104,\"caption\":\"Digitales B\u00fcrgernetz\"},\"image\":{\"@id\":\"https:\\\/\\\/www.deutsche-glasfaser.de\\\/blog\\\/#\\\/schema\\\/logo\\\/image\\\/\"}},{\"@type\":\"Person\",\"@id\":\"https:\\\/\\\/www.deutsche-glasfaser.de\\\/blog\\\/#\\\/schema\\\/person\\\/9380a6dc7443d77143d0c66c409f574b\",\"name\":\"Deutsche Glasfaser\"}]}<\/script>\n<!-- \/ Yoast SEO plugin. -->","yoast_head_json":{"title":"Disney Plus - Schon bald in Deutschland - Digitales B\u00fcrgernetz","description":"Disney Plus startet am 24. M\u00e4rz seinen eigenen Streaming-Dienst. Filme, Serien und Dokus k\u00f6nnen nun auch in Deutschland angeschaut werden.","robots":{"index":"index","follow":"follow","max-snippet":"max-snippet:-1","max-image-preview":"max-image-preview:large","max-video-preview":"max-video-preview:-1"},"canonical":"https:\/\/www.deutsche-glasfaser.de\/blog\/disney-plus-schon-bald-in-deutschland\/","og_locale":"de_DE","og_type":"article","og_title":"Disney Plus - Schon bald in Deutschland - Digitales B\u00fcrgernetz","og_description":"Disney Plus startet am 24. M\u00e4rz seinen eigenen Streaming-Dienst. Filme, Serien und Dokus k\u00f6nnen nun auch in Deutschland angeschaut werden.","og_url":"https:\/\/www.deutsche-glasfaser.de\/blog\/disney-plus-schon-bald-in-deutschland\/","og_site_name":"Digitales B\u00fcrgernetz","article_published_time":"2020-02-11T11:50:31+00:00","article_modified_time":"2024-11-11T13:13:47+00:00","og_image":[{"width":1500,"height":633,"url":"https:\/\/www.deutsche-glasfaser.de\/blog\/wp-content\/uploads\/2021\/08\/BLOG_header_Disney_Plus_CS.jpg","type":"image\/jpeg"}],"author":"Deutsche Glasfaser","twitter_card":"summary_large_image","twitter_misc":{"Verfasst von":"Deutsche Glasfaser","Gesch\u00e4tzte Lesezeit":"2\u00a0Minuten"},"schema":{"@context":"https:\/\/schema.org","@graph":[{"@type":"Article","@id":"https:\/\/www.deutsche-glasfaser.de\/blog\/disney-plus-schon-bald-in-deutschland\/#article","isPartOf":{"@id":"https:\/\/www.deutsche-glasfaser.de\/blog\/disney-plus-schon-bald-in-deutschland\/"},"author":{"name":"Deutsche Glasfaser","@id":"https:\/\/www.deutsche-glasfaser.de\/blog\/#\/schema\/person\/9380a6dc7443d77143d0c66c409f574b"},"headline":"Disney Plus &#8211; Schon bald in Deutschland","datePublished":"2020-02-11T11:50:31+00:00","dateModified":"2024-11-11T13:13:47+00:00","mainEntityOfPage":{"@id":"https:\/\/www.deutsche-glasfaser.de\/blog\/disney-plus-schon-bald-in-deutschland\/"},"wordCount":345,"publisher":{"@id":"https:\/\/www.deutsche-glasfaser.de\/blog\/#organization"},"image":{"@id":"https:\/\/www.deutsche-glasfaser.de\/blog\/disney-plus-schon-bald-in-deutschland\/#primaryimage"},"thumbnailUrl":"https:\/\/www.deutsche-glasfaser.de\/blog\/wp-content\/uploads\/2021\/08\/BLOG_header_Disney_Plus_CS.jpg","articleSection":["Service"],"inLanguage":"de"},{"@type":"WebPage","@id":"https:\/\/www.deutsche-glasfaser.de\/blog\/disney-plus-schon-bald-in-deutschland\/","url":"https:\/\/www.deutsche-glasfaser.de\/blog\/disney-plus-schon-bald-in-deutschland\/","name":"Disney Plus - Schon bald in Deutschland - Digitales B\u00fcrgernetz","isPartOf":{"@id":"https:\/\/www.deutsche-glasfaser.de\/blog\/#website"},"primaryImageOfPage":{"@id":"https:\/\/www.deutsche-glasfaser.de\/blog\/disney-plus-schon-bald-in-deutschland\/#primaryimage"},"image":{"@id":"https:\/\/www.deutsche-glasfaser.de\/blog\/disney-plus-schon-bald-in-deutschland\/#primaryimage"},"thumbnailUrl":"https:\/\/www.deutsche-glasfaser.de\/blog\/wp-content\/uploads\/2021\/08\/BLOG_header_Disney_Plus_CS.jpg","datePublished":"2020-02-11T11:50:31+00:00","dateModified":"2024-11-11T13:13:47+00:00","description":"Disney Plus startet am 24. M\u00e4rz seinen eigenen Streaming-Dienst. Filme, Serien und Dokus k\u00f6nnen nun auch in Deutschland angeschaut werden.","inLanguage":"de","potentialAction":[{"@type":"ReadAction","target":["https:\/\/www.deutsche-glasfaser.de\/blog\/disney-plus-schon-bald-in-deutschland\/"]}]},{"@type":"ImageObject","inLanguage":"de","@id":"https:\/\/www.deutsche-glasfaser.de\/blog\/disney-plus-schon-bald-in-deutschland\/#primaryimage","url":"https:\/\/www.deutsche-glasfaser.de\/blog\/wp-content\/uploads\/2021\/08\/BLOG_header_Disney_Plus_CS.jpg","contentUrl":"https:\/\/www.deutsche-glasfaser.de\/blog\/wp-content\/uploads\/2021\/08\/BLOG_header_Disney_Plus_CS.jpg","width":1500,"height":633},{"@type":"WebSite","@id":"https:\/\/www.deutsche-glasfaser.de\/blog\/#website","url":"https:\/\/www.deutsche-glasfaser.de\/blog\/","name":"Digitales B\u00fcrgernetz","description":"Deutsche Glasfaser Blog","publisher":{"@id":"https:\/\/www.deutsche-glasfaser.de\/blog\/#organization"},"potentialAction":[{"@type":"SearchAction","target":{"@type":"EntryPoint","urlTemplate":"https:\/\/www.deutsche-glasfaser.de\/blog\/?s={search_term_string}"},"query-input":{"@type":"PropertyValueSpecification","valueRequired":true,"valueName":"search_term_string"}}],"inLanguage":"de"},{"@type":"Organization","@id":"https:\/\/www.deutsche-glasfaser.de\/blog\/#organization","name":"Digitales B\u00fcrgernetz","url":"https:\/\/www.deutsche-glasfaser.de\/blog\/","logo":{"@type":"ImageObject","inLanguage":"de","@id":"https:\/\/www.deutsche-glasfaser.de\/blog\/#\/schema\/logo\/image\/","url":"https:\/\/www.deutsche-glasfaser.de\/blog\/wp-content\/uploads\/2021\/08\/DGF_Logo_Basis_RGB-Large@2x.png","contentUrl":"https:\/\/www.deutsche-glasfaser.de\/blog\/wp-content\/uploads\/2021\/08\/DGF_Logo_Basis_RGB-Large@2x.png","width":312,"height":104,"caption":"Digitales B\u00fcrgernetz"},"image":{"@id":"https:\/\/www.deutsche-glasfaser.de\/blog\/#\/schema\/logo\/image\/"}},{"@type":"Person","@id":"https:\/\/www.deutsche-glasfaser.de\/blog\/#\/schema\/person\/9380a6dc7443d77143d0c66c409f574b","name":"Deutsche Glasfaser"}]}},"_links":{"self":[{"href":"https:\/\/www.deutsche-glasfaser.de\/blog\/wp-json\/wp\/v2\/posts\/766","targetHints":{"allow":["GET"]}}],"collection":[{"href":"https:\/\/www.deutsche-glasfaser.de\/blog\/wp-json\/wp\/v2\/posts"}],"about":[{"href":"https:\/\/www.deutsche-glasfaser.de\/blog\/wp-json\/wp\/v2\/types\/post"}],"author":[{"embeddable":true,"href":"https:\/\/www.deutsche-glasfaser.de\/blog\/wp-json\/wp\/v2\/users\/5"}],"replies":[{"embeddable":true,"href":"https:\/\/www.deutsche-glasfaser.de\/blog\/wp-json\/wp\/v2\/comments?post=766"}],"version-history":[{"count":10,"href":"https:\/\/www.deutsche-glasfaser.de\/blog\/wp-json\/wp\/v2\/posts\/766\/revisions"}],"predecessor-version":[{"id":14879,"href":"https:\/\/www.deutsche-glasfaser.de\/blog\/wp-json\/wp\/v2\/posts\/766\/revisions\/14879"}],"wp:featuredmedia":[{"embeddable":true,"href":"https:\/\/www.deutsche-glasfaser.de\/blog\/wp-json\/wp\/v2\/media\/6606"}],"wp:attachment":[{"href":"https:\/\/www.deutsche-glasfaser.de\/blog\/wp-json\/wp\/v2\/media?parent=766"}],"wp:term":[{"taxonomy":"category","embeddable":true,"href":"https:\/\/www.deutsche-glasfaser.de\/blog\/wp-json\/wp\/v2\/categories?post=766"},{"taxonomy":"post_tag","embeddable":true,"href":"https:\/\/www.deutsche-glasfaser.de\/blog\/wp-json\/wp\/v2\/tags?post=766"}],"curies":[{"name":"wp","href":"https:\/\/api.w.org\/{rel}","templated":true}]}}