{"id":261,"date":"2019-08-22T09:23:38","date_gmt":"2019-08-22T09:23:38","guid":{"rendered":"https:\/\/www.deutsche-glasfaser.de\/blog\/dgblog-snapshot-20190819123943\/?p=261"},"modified":"2025-12-09T10:53:19","modified_gmt":"2025-12-09T09:53:19","slug":"glasfaser-breitband-fuer-alle","status":"publish","type":"post","link":"https:\/\/www.deutsche-glasfaser.de\/blog\/glasfaser-breitband-fuer-alle\/","title":{"rendered":"Glasfaser: Breitband f\u00fcr alle?"},"content":{"rendered":"\t\t<div data-elementor-type=\"wp-post\" data-elementor-id=\"261\" class=\"elementor elementor-261\">\n\t\t\t\t\t\t<section class=\"elementor-section elementor-top-section elementor-element elementor-element-7c3aa5f elementor-section-boxed elementor-section-height-default elementor-section-height-default\" data-id=\"7c3aa5f\" data-element_type=\"section\" data-e-type=\"section\">\n\t\t\t\t\t\t<div class=\"elementor-container elementor-column-gap-default\">\n\t\t\t\t\t<div class=\"elementor-column elementor-col-100 elementor-top-column elementor-element elementor-element-2ee9d344\" data-id=\"2ee9d344\" data-element_type=\"column\" data-e-type=\"column\">\n\t\t\t<div class=\"elementor-widget-wrap elementor-element-populated\">\n\t\t\t\t\t\t<div class=\"elementor-element elementor-element-2f9436f1 elementor-widget elementor-widget-text-editor\" data-id=\"2f9436f1\" data-element_type=\"widget\" data-e-type=\"widget\" data-widget_type=\"text-editor.default\">\n\t\t\t\t<div class=\"elementor-widget-container\">\n\t\t\t\t\t\t\t\t\t<p><\/p>\n<p class=\"wp-block-subhead\">\u201eWir schaffen die Grundlage f\u00fcr schnelles Internet in ganz Deutschland bis 2018\u201c, verk\u00fcndete der ehemalige Verkehrsminister Alexander Dobrindt bei seinem Amtsantritt 2013. Knapp sechs Jahre sp\u00e4ter stellt sich die Frage: Hat er sein Wort gehalten?<\/p>\n<p><\/p>\n<p><\/p>\n<p>Langsames Internet, wenig Fortschritt &#8211; der Ausbau vom Breitband kommt nur schleppend voran. Gerade auf dem Land haben viele Haushalte noch alte Leitungen, weil den Anbietern die Kosten zu hoch sind, Glasfaser zu verlegen. <br \/><br \/>Dabei sind mittlerweile viele Branchen auf schnelles Internet angewiesen. Zwei Beispiele zeigen dies besonders deutlich: <strong>E-Learning <\/strong>und <strong>E-Health<\/strong>.<br \/><br \/>Web-Kurse, bei denen Studenten nicht einmal das eigene Sofa verlassen m\u00fcssen? Schon heute bieten viele Unis <strong>E-Learning<\/strong> an. Studenten k\u00f6nnen sich so das Lernen selbst einteilen und viele Vorlesungen sparen oder online ansehen \u2013 zumindest in der Theorie, denn oft verhindern langsame DSL-Leitungen, dass sich die Studierenden bereitgestellte (Live-)Videos oder Pr\u00e4sentationen ansehen k\u00f6nnen.<br \/><br \/>Im <strong>E-Health<\/strong> w\u00fcrden vor allem pflegebed\u00fcrftige Patienten profitieren. Schon heute gibt es Unternehmen, die einen Video-\u00dcberwachungsservice f\u00fcr Alzheimer- oder andere Demenz-Patienten anbieten, doch die meisten Kunden sind auf langsame DSL-Leitungen angewiesen. Und das bringt f\u00fcr alle frustrierende Einschr\u00e4nkungen: Nur sehr unscharfe und schlecht aufgel\u00f6ste Videos erreichen die \u00dcberwachungszentrale. Mit <a href=\"https:\/\/www.deutsche-glasfaser.de\/blog\/wozu-wird-schon-heute-ein-ftth-anschluss-benoetigt\/\" target=\"_blank\" rel=\"noreferrer noopener\">FTTH <\/a>w\u00e4re eine hochaufl\u00f6sende <a href=\"https:\/\/www.deutsche-glasfaser.de\/blog\/erleben-wir-gerade-den-durchbruch-der-digitalen-medizin\/\" target=\"_blank\" rel=\"noreferrer noopener\">\u00dcberwachung aller Wohnr\u00e4ume des Patienten<\/a> m\u00f6glich \u2013 und damit mehr Sicherheit und Lebensqualit\u00e4t f\u00fcr den Betroffenen.<br \/><br \/>Zuhause ist schnelles Internet vor allem dann wichtig, wenn viele Nutzer gleichzeitig online sind. Die Tochter simst \u00fcber WhatsApp mit ihren Freunden oder schaut sich YouTube-Videos an, w\u00e4hrend ihr Bruder online mit seiner Community zockt und ihre Eltern sich via <a href=\"https:\/\/www.deutsche-glasfaser.de\/blog\/disney-plus-schon-bald-in-deutschland\/\" target=\"_blank\" rel=\"noreferrer noopener\">Streaming <\/a> die neuesten Filme und Serien anschauen \u2013 das alles geht gleichzeitig nur ohne Stocken, wenn Breitband verf\u00fcgbar ist.<br \/><br \/>Deshalb muss die Bundesregierung den Ausbau von Glasfaser beschleunigen, damit Deutschland im internationalen Vergleich nicht abgeh\u00e4ngt wird \u2013 und damit der Frust in den Unternehmen und den privaten Haushalt nicht noch weiter steigt.\u00a0<br \/><br \/>Du willst wissen, ob du bereits einen Glasfaser-Anschluss nutzen kannst? <a href=\"https:\/\/www.deutsche-glasfaser.de\/glasfaser\/verfuegbarkeitscheck\">Hier<\/a> entlang! <\/p>\n<p><\/p>\n<p><\/p>\n<p><\/p>\t\t\t\t\t\t\t\t<\/div>\n\t\t\t\t<\/div>\n\t\t\t\t\t<\/div>\n\t\t<\/div>\n\t\t\t\t\t<\/div>\n\t\t<\/section>\n\t\t\t\t<\/div>\n\t\t","protected":false},"excerpt":{"rendered":"<p>Langsames Internet, wenig Fortschritt &#8211; der Ausbau vom Breitband kommt nur schleppend voran. Gerade auf dem Land haben viele Haushalte noch alte Leitungen, weil den Anbietern die Kosten zu hoch sind, Glasfaser zu verlegen. Dabei sind mittlerweile viele Branchen auf [&hellip;]<\/p>\n","protected":false},"author":5,"featured_media":5982,"comment_status":"closed","ping_status":"closed","sticky":false,"template":"","format":"standard","meta":{"footnotes":""},"categories":[1],"tags":[],"class_list":["post-261","post","type-post","status-publish","format-standard","has-post-thumbnail","hentry","category-service"],"yoast_head":"<!-- This site is optimized with the Yoast SEO plugin v27.5 - https:\/\/yoast.com\/product\/yoast-seo-wordpress\/ -->\n<title>Glasfaserausbau Deutschland: Chancen und Probleme<\/title>\n<meta name=\"description\" content=\"Glasfaser: Breitband f\u00fcr alle? Gerade auf dem Land haben viele Haushalte noch alte Leitungen, weil den Anbietern die Kosten f\u00fcr Glasfaser zu hoch sind.\" \/>\n<meta name=\"robots\" content=\"index, follow, max-snippet:-1, max-image-preview:large, max-video-preview:-1\" \/>\n<link rel=\"canonical\" href=\"https:\/\/www.deutsche-glasfaser.de\/blog\/glasfaser-breitband-fuer-alle\/\" \/>\n<meta property=\"og:locale\" content=\"de_DE\" \/>\n<meta property=\"og:type\" content=\"article\" \/>\n<meta property=\"og:title\" content=\"Glasfaserausbau Deutschland: Chancen und Probleme\" \/>\n<meta property=\"og:description\" content=\"Glasfaser: Breitband f\u00fcr alle? Gerade auf dem Land haben viele Haushalte noch alte Leitungen, weil den Anbietern die Kosten f\u00fcr Glasfaser zu hoch sind.\" \/>\n<meta property=\"og:url\" content=\"https:\/\/www.deutsche-glasfaser.de\/blog\/glasfaser-breitband-fuer-alle\/\" \/>\n<meta property=\"og:site_name\" content=\"Digitales B\u00fcrgernetz\" \/>\n<meta property=\"article:published_time\" content=\"2019-08-22T09:23:38+00:00\" \/>\n<meta property=\"article:modified_time\" content=\"2025-12-09T09:53:19+00:00\" \/>\n<meta property=\"og:image\" content=\"https:\/\/www.deutsche-glasfaser.de\/blog\/wp-content\/uploads\/2021\/08\/GlasfaserAlle_CS.jpg\" \/>\n\t<meta property=\"og:image:width\" content=\"1500\" \/>\n\t<meta property=\"og:image:height\" content=\"719\" \/>\n\t<meta property=\"og:image:type\" content=\"image\/jpeg\" \/>\n<meta name=\"author\" content=\"Deutsche Glasfaser\" \/>\n<meta name=\"twitter:card\" content=\"summary_large_image\" \/>\n<meta name=\"twitter:label1\" content=\"Verfasst von\" \/>\n\t<meta name=\"twitter:data1\" content=\"Deutsche Glasfaser\" \/>\n\t<meta name=\"twitter:label2\" content=\"Gesch\u00e4tzte Lesezeit\" \/>\n\t<meta name=\"twitter:data2\" content=\"2\u00a0Minuten\" \/>\n<script type=\"application\/ld+json\" class=\"yoast-schema-graph\">{\"@context\":\"https:\\\/\\\/schema.org\",\"@graph\":[{\"@type\":\"Article\",\"@id\":\"https:\\\/\\\/www.deutsche-glasfaser.de\\\/blog\\\/glasfaser-breitband-fuer-alle\\\/#article\",\"isPartOf\":{\"@id\":\"https:\\\/\\\/www.deutsche-glasfaser.de\\\/blog\\\/glasfaser-breitband-fuer-alle\\\/\"},\"author\":{\"name\":\"Deutsche Glasfaser\",\"@id\":\"https:\\\/\\\/www.deutsche-glasfaser.de\\\/blog\\\/#\\\/schema\\\/person\\\/9380a6dc7443d77143d0c66c409f574b\"},\"headline\":\"Glasfaser: Breitband f\u00fcr alle?\",\"datePublished\":\"2019-08-22T09:23:38+00:00\",\"dateModified\":\"2025-12-09T09:53:19+00:00\",\"mainEntityOfPage\":{\"@id\":\"https:\\\/\\\/www.deutsche-glasfaser.de\\\/blog\\\/glasfaser-breitband-fuer-alle\\\/\"},\"wordCount\":336,\"publisher\":{\"@id\":\"https:\\\/\\\/www.deutsche-glasfaser.de\\\/blog\\\/#organization\"},\"image\":{\"@id\":\"https:\\\/\\\/www.deutsche-glasfaser.de\\\/blog\\\/glasfaser-breitband-fuer-alle\\\/#primaryimage\"},\"thumbnailUrl\":\"https:\\\/\\\/www.deutsche-glasfaser.de\\\/blog\\\/wp-content\\\/uploads\\\/2021\\\/08\\\/GlasfaserAlle_CS.jpg\",\"articleSection\":[\"Service\"],\"inLanguage\":\"de\"},{\"@type\":\"WebPage\",\"@id\":\"https:\\\/\\\/www.deutsche-glasfaser.de\\\/blog\\\/glasfaser-breitband-fuer-alle\\\/\",\"url\":\"https:\\\/\\\/www.deutsche-glasfaser.de\\\/blog\\\/glasfaser-breitband-fuer-alle\\\/\",\"name\":\"Glasfaserausbau Deutschland: Chancen und Probleme\",\"isPartOf\":{\"@id\":\"https:\\\/\\\/www.deutsche-glasfaser.de\\\/blog\\\/#website\"},\"primaryImageOfPage\":{\"@id\":\"https:\\\/\\\/www.deutsche-glasfaser.de\\\/blog\\\/glasfaser-breitband-fuer-alle\\\/#primaryimage\"},\"image\":{\"@id\":\"https:\\\/\\\/www.deutsche-glasfaser.de\\\/blog\\\/glasfaser-breitband-fuer-alle\\\/#primaryimage\"},\"thumbnailUrl\":\"https:\\\/\\\/www.deutsche-glasfaser.de\\\/blog\\\/wp-content\\\/uploads\\\/2021\\\/08\\\/GlasfaserAlle_CS.jpg\",\"datePublished\":\"2019-08-22T09:23:38+00:00\",\"dateModified\":\"2025-12-09T09:53:19+00:00\",\"description\":\"Glasfaser: Breitband f\u00fcr alle? Gerade auf dem Land haben viele Haushalte noch alte Leitungen, weil den Anbietern die Kosten f\u00fcr Glasfaser zu hoch sind.\",\"inLanguage\":\"de\",\"potentialAction\":[{\"@type\":\"ReadAction\",\"target\":[\"https:\\\/\\\/www.deutsche-glasfaser.de\\\/blog\\\/glasfaser-breitband-fuer-alle\\\/\"]}]},{\"@type\":\"ImageObject\",\"inLanguage\":\"de\",\"@id\":\"https:\\\/\\\/www.deutsche-glasfaser.de\\\/blog\\\/glasfaser-breitband-fuer-alle\\\/#primaryimage\",\"url\":\"https:\\\/\\\/www.deutsche-glasfaser.de\\\/blog\\\/wp-content\\\/uploads\\\/2021\\\/08\\\/GlasfaserAlle_CS.jpg\",\"contentUrl\":\"https:\\\/\\\/www.deutsche-glasfaser.de\\\/blog\\\/wp-content\\\/uploads\\\/2021\\\/08\\\/GlasfaserAlle_CS.jpg\",\"width\":1500,\"height\":719},{\"@type\":\"WebSite\",\"@id\":\"https:\\\/\\\/www.deutsche-glasfaser.de\\\/blog\\\/#website\",\"url\":\"https:\\\/\\\/www.deutsche-glasfaser.de\\\/blog\\\/\",\"name\":\"Digitales B\u00fcrgernetz\",\"description\":\"Deutsche Glasfaser Blog\",\"publisher\":{\"@id\":\"https:\\\/\\\/www.deutsche-glasfaser.de\\\/blog\\\/#organization\"},\"potentialAction\":[{\"@type\":\"SearchAction\",\"target\":{\"@type\":\"EntryPoint\",\"urlTemplate\":\"https:\\\/\\\/www.deutsche-glasfaser.de\\\/blog\\\/?s={search_term_string}\"},\"query-input\":{\"@type\":\"PropertyValueSpecification\",\"valueRequired\":true,\"valueName\":\"search_term_string\"}}],\"inLanguage\":\"de\"},{\"@type\":\"Organization\",\"@id\":\"https:\\\/\\\/www.deutsche-glasfaser.de\\\/blog\\\/#organization\",\"name\":\"Digitales B\u00fcrgernetz\",\"url\":\"https:\\\/\\\/www.deutsche-glasfaser.de\\\/blog\\\/\",\"logo\":{\"@type\":\"ImageObject\",\"inLanguage\":\"de\",\"@id\":\"https:\\\/\\\/www.deutsche-glasfaser.de\\\/blog\\\/#\\\/schema\\\/logo\\\/image\\\/\",\"url\":\"https:\\\/\\\/www.deutsche-glasfaser.de\\\/blog\\\/wp-content\\\/uploads\\\/2021\\\/08\\\/DGF_Logo_Basis_RGB-Large@2x.png\",\"contentUrl\":\"https:\\\/\\\/www.deutsche-glasfaser.de\\\/blog\\\/wp-content\\\/uploads\\\/2021\\\/08\\\/DGF_Logo_Basis_RGB-Large@2x.png\",\"width\":312,\"height\":104,\"caption\":\"Digitales B\u00fcrgernetz\"},\"image\":{\"@id\":\"https:\\\/\\\/www.deutsche-glasfaser.de\\\/blog\\\/#\\\/schema\\\/logo\\\/image\\\/\"}},{\"@type\":\"Person\",\"@id\":\"https:\\\/\\\/www.deutsche-glasfaser.de\\\/blog\\\/#\\\/schema\\\/person\\\/9380a6dc7443d77143d0c66c409f574b\",\"name\":\"Deutsche Glasfaser\"}]}<\/script>\n<!-- \/ Yoast SEO plugin. -->","yoast_head_json":{"title":"Glasfaserausbau Deutschland: Chancen und Probleme","description":"Glasfaser: Breitband f\u00fcr alle? Gerade auf dem Land haben viele Haushalte noch alte Leitungen, weil den Anbietern die Kosten f\u00fcr Glasfaser zu hoch sind.","robots":{"index":"index","follow":"follow","max-snippet":"max-snippet:-1","max-image-preview":"max-image-preview:large","max-video-preview":"max-video-preview:-1"},"canonical":"https:\/\/www.deutsche-glasfaser.de\/blog\/glasfaser-breitband-fuer-alle\/","og_locale":"de_DE","og_type":"article","og_title":"Glasfaserausbau Deutschland: Chancen und Probleme","og_description":"Glasfaser: Breitband f\u00fcr alle? Gerade auf dem Land haben viele Haushalte noch alte Leitungen, weil den Anbietern die Kosten f\u00fcr Glasfaser zu hoch sind.","og_url":"https:\/\/www.deutsche-glasfaser.de\/blog\/glasfaser-breitband-fuer-alle\/","og_site_name":"Digitales B\u00fcrgernetz","article_published_time":"2019-08-22T09:23:38+00:00","article_modified_time":"2025-12-09T09:53:19+00:00","og_image":[{"width":1500,"height":719,"url":"https:\/\/www.deutsche-glasfaser.de\/blog\/wp-content\/uploads\/2021\/08\/GlasfaserAlle_CS.jpg","type":"image\/jpeg"}],"author":"Deutsche Glasfaser","twitter_card":"summary_large_image","twitter_misc":{"Verfasst von":"Deutsche Glasfaser","Gesch\u00e4tzte Lesezeit":"2\u00a0Minuten"},"schema":{"@context":"https:\/\/schema.org","@graph":[{"@type":"Article","@id":"https:\/\/www.deutsche-glasfaser.de\/blog\/glasfaser-breitband-fuer-alle\/#article","isPartOf":{"@id":"https:\/\/www.deutsche-glasfaser.de\/blog\/glasfaser-breitband-fuer-alle\/"},"author":{"name":"Deutsche Glasfaser","@id":"https:\/\/www.deutsche-glasfaser.de\/blog\/#\/schema\/person\/9380a6dc7443d77143d0c66c409f574b"},"headline":"Glasfaser: Breitband f\u00fcr alle?","datePublished":"2019-08-22T09:23:38+00:00","dateModified":"2025-12-09T09:53:19+00:00","mainEntityOfPage":{"@id":"https:\/\/www.deutsche-glasfaser.de\/blog\/glasfaser-breitband-fuer-alle\/"},"wordCount":336,"publisher":{"@id":"https:\/\/www.deutsche-glasfaser.de\/blog\/#organization"},"image":{"@id":"https:\/\/www.deutsche-glasfaser.de\/blog\/glasfaser-breitband-fuer-alle\/#primaryimage"},"thumbnailUrl":"https:\/\/www.deutsche-glasfaser.de\/blog\/wp-content\/uploads\/2021\/08\/GlasfaserAlle_CS.jpg","articleSection":["Service"],"inLanguage":"de"},{"@type":"WebPage","@id":"https:\/\/www.deutsche-glasfaser.de\/blog\/glasfaser-breitband-fuer-alle\/","url":"https:\/\/www.deutsche-glasfaser.de\/blog\/glasfaser-breitband-fuer-alle\/","name":"Glasfaserausbau Deutschland: Chancen und Probleme","isPartOf":{"@id":"https:\/\/www.deutsche-glasfaser.de\/blog\/#website"},"primaryImageOfPage":{"@id":"https:\/\/www.deutsche-glasfaser.de\/blog\/glasfaser-breitband-fuer-alle\/#primaryimage"},"image":{"@id":"https:\/\/www.deutsche-glasfaser.de\/blog\/glasfaser-breitband-fuer-alle\/#primaryimage"},"thumbnailUrl":"https:\/\/www.deutsche-glasfaser.de\/blog\/wp-content\/uploads\/2021\/08\/GlasfaserAlle_CS.jpg","datePublished":"2019-08-22T09:23:38+00:00","dateModified":"2025-12-09T09:53:19+00:00","description":"Glasfaser: Breitband f\u00fcr alle? Gerade auf dem Land haben viele Haushalte noch alte Leitungen, weil den Anbietern die Kosten f\u00fcr Glasfaser zu hoch sind.","inLanguage":"de","potentialAction":[{"@type":"ReadAction","target":["https:\/\/www.deutsche-glasfaser.de\/blog\/glasfaser-breitband-fuer-alle\/"]}]},{"@type":"ImageObject","inLanguage":"de","@id":"https:\/\/www.deutsche-glasfaser.de\/blog\/glasfaser-breitband-fuer-alle\/#primaryimage","url":"https:\/\/www.deutsche-glasfaser.de\/blog\/wp-content\/uploads\/2021\/08\/GlasfaserAlle_CS.jpg","contentUrl":"https:\/\/www.deutsche-glasfaser.de\/blog\/wp-content\/uploads\/2021\/08\/GlasfaserAlle_CS.jpg","width":1500,"height":719},{"@type":"WebSite","@id":"https:\/\/www.deutsche-glasfaser.de\/blog\/#website","url":"https:\/\/www.deutsche-glasfaser.de\/blog\/","name":"Digitales B\u00fcrgernetz","description":"Deutsche Glasfaser Blog","publisher":{"@id":"https:\/\/www.deutsche-glasfaser.de\/blog\/#organization"},"potentialAction":[{"@type":"SearchAction","target":{"@type":"EntryPoint","urlTemplate":"https:\/\/www.deutsche-glasfaser.de\/blog\/?s={search_term_string}"},"query-input":{"@type":"PropertyValueSpecification","valueRequired":true,"valueName":"search_term_string"}}],"inLanguage":"de"},{"@type":"Organization","@id":"https:\/\/www.deutsche-glasfaser.de\/blog\/#organization","name":"Digitales B\u00fcrgernetz","url":"https:\/\/www.deutsche-glasfaser.de\/blog\/","logo":{"@type":"ImageObject","inLanguage":"de","@id":"https:\/\/www.deutsche-glasfaser.de\/blog\/#\/schema\/logo\/image\/","url":"https:\/\/www.deutsche-glasfaser.de\/blog\/wp-content\/uploads\/2021\/08\/DGF_Logo_Basis_RGB-Large@2x.png","contentUrl":"https:\/\/www.deutsche-glasfaser.de\/blog\/wp-content\/uploads\/2021\/08\/DGF_Logo_Basis_RGB-Large@2x.png","width":312,"height":104,"caption":"Digitales B\u00fcrgernetz"},"image":{"@id":"https:\/\/www.deutsche-glasfaser.de\/blog\/#\/schema\/logo\/image\/"}},{"@type":"Person","@id":"https:\/\/www.deutsche-glasfaser.de\/blog\/#\/schema\/person\/9380a6dc7443d77143d0c66c409f574b","name":"Deutsche Glasfaser"}]}},"_links":{"self":[{"href":"https:\/\/www.deutsche-glasfaser.de\/blog\/wp-json\/wp\/v2\/posts\/261","targetHints":{"allow":["GET"]}}],"collection":[{"href":"https:\/\/www.deutsche-glasfaser.de\/blog\/wp-json\/wp\/v2\/posts"}],"about":[{"href":"https:\/\/www.deutsche-glasfaser.de\/blog\/wp-json\/wp\/v2\/types\/post"}],"author":[{"embeddable":true,"href":"https:\/\/www.deutsche-glasfaser.de\/blog\/wp-json\/wp\/v2\/users\/5"}],"replies":[{"embeddable":true,"href":"https:\/\/www.deutsche-glasfaser.de\/blog\/wp-json\/wp\/v2\/comments?post=261"}],"version-history":[{"count":10,"href":"https:\/\/www.deutsche-glasfaser.de\/blog\/wp-json\/wp\/v2\/posts\/261\/revisions"}],"predecessor-version":[{"id":14894,"href":"https:\/\/www.deutsche-glasfaser.de\/blog\/wp-json\/wp\/v2\/posts\/261\/revisions\/14894"}],"wp:featuredmedia":[{"embeddable":true,"href":"https:\/\/www.deutsche-glasfaser.de\/blog\/wp-json\/wp\/v2\/media\/5982"}],"wp:attachment":[{"href":"https:\/\/www.deutsche-glasfaser.de\/blog\/wp-json\/wp\/v2\/media?parent=261"}],"wp:term":[{"taxonomy":"category","embeddable":true,"href":"https:\/\/www.deutsche-glasfaser.de\/blog\/wp-json\/wp\/v2\/categories?post=261"},{"taxonomy":"post_tag","embeddable":true,"href":"https:\/\/www.deutsche-glasfaser.de\/blog\/wp-json\/wp\/v2\/tags?post=261"}],"curies":[{"name":"wp","href":"https:\/\/api.w.org\/{rel}","templated":true}]}}