{"id":2444,"date":"2021-06-15T10:06:22","date_gmt":"2021-06-15T10:06:22","guid":{"rendered":"https:\/\/www.deutsche-glasfaser.de\/blog\/dgblog-snapshot-20190819123943\/?p=2444"},"modified":"2024-11-11T14:00:49","modified_gmt":"2024-11-11T13:00:49","slug":"dgtv-serienplaner","status":"publish","type":"post","link":"https:\/\/www.deutsche-glasfaser.de\/blog\/dgtv-serienplaner\/","title":{"rendered":"DGTV Serienplaner \u2013 Aufzeichnungen leichter planen"},"content":{"rendered":"\t\t<div data-elementor-type=\"wp-post\" data-elementor-id=\"2444\" class=\"elementor elementor-2444\">\n\t\t\t\t\t\t<section class=\"elementor-section elementor-top-section elementor-element elementor-element-37d29c2 elementor-section-boxed elementor-section-height-default elementor-section-height-default\" data-id=\"37d29c2\" data-element_type=\"section\" data-e-type=\"section\">\n\t\t\t\t\t\t<div class=\"elementor-container elementor-column-gap-default\">\n\t\t\t\t\t<div class=\"elementor-column elementor-col-100 elementor-top-column elementor-element elementor-element-2aaeec7\" data-id=\"2aaeec7\" data-element_type=\"column\" data-e-type=\"column\">\n\t\t\t<div class=\"elementor-widget-wrap elementor-element-populated\">\n\t\t\t\t\t\t<div class=\"elementor-element elementor-element-92ebec2 elementor-widget elementor-widget-text-editor\" data-id=\"92ebec2\" data-element_type=\"widget\" data-e-type=\"widget\" data-widget_type=\"text-editor.default\">\n\t\t\t\t<div class=\"elementor-widget-container\">\n\t\t\t\t\t\t\t\t\t<p>Wer kennt es nicht: die Lieblingsserie l\u00e4uft, aber man ist noch auf der Arbeit oder mit Freunden unterwegs. Oder aber die Serie l\u00e4uft so sp\u00e4t abends, dass einem schon st\u00e4ndig die Augen zufallen, wenn man doch eigentlich wach sein m\u00f6chte. Nat\u00fcrlich k\u00f6nnte man die Serie aufnehmen, aber die Einstellungen sind oftmals aufwendig. Und jede Woche aufs Neue alles f\u00fcr eine Aufnahme einstellen? Nein danke.<\/p>\t\t\t\t\t\t\t\t<\/div>\n\t\t\t\t<\/div>\n\t\t\t\t<div class=\"elementor-element elementor-element-5414dd1 elementor-widget elementor-widget-heading\" data-id=\"5414dd1\" data-element_type=\"widget\" data-e-type=\"widget\" data-widget_type=\"heading.default\">\n\t\t\t\t<div class=\"elementor-widget-container\">\n\t\t\t\t\t<h2 class=\"elementor-heading-title elementor-size-default\">Serienplaner <\/h2>\t\t\t\t<\/div>\n\t\t\t\t<\/div>\n\t\t\t\t<div class=\"elementor-element elementor-element-742e87a elementor-widget elementor-widget-text-editor\" data-id=\"742e87a\" data-element_type=\"widget\" data-e-type=\"widget\" data-widget_type=\"text-editor.default\">\n\t\t\t\t<div class=\"elementor-widget-container\">\n\t\t\t\t\t\t\t\t\t<p>Gut, dass es jetzt eine neue Funktion bei DGTV gibt! Denn nun ist es m\u00f6glich, super einfach auch zuk\u00fcnftige Folgen einer Serie mit in die Aufnahmen einzuplanen. Und das Beste? Mit ein paar Schritten ist alles schon eingerichtet:<\/p>\t\t\t\t\t\t\t\t<\/div>\n\t\t\t\t<\/div>\n\t\t\t\t<section class=\"elementor-section elementor-inner-section elementor-element elementor-element-ad9f145 elementor-section-boxed elementor-section-height-default elementor-section-height-default\" data-id=\"ad9f145\" data-element_type=\"section\" data-e-type=\"section\">\n\t\t\t\t\t\t<div class=\"elementor-container elementor-column-gap-default\">\n\t\t\t\t\t<div class=\"elementor-column elementor-col-50 elementor-inner-column elementor-element elementor-element-b0d977d\" data-id=\"b0d977d\" data-element_type=\"column\" data-e-type=\"column\">\n\t\t\t<div class=\"elementor-widget-wrap elementor-element-populated\">\n\t\t\t\t\t\t<div class=\"elementor-element elementor-element-8b55b8b elementor-widget elementor-widget-image\" data-id=\"8b55b8b\" data-element_type=\"widget\" data-e-type=\"widget\" data-widget_type=\"image.default\">\n\t\t\t\t<div class=\"elementor-widget-container\">\n\t\t\t\t\t\t\t\t\t\t\t\t\t\t\t<img fetchpriority=\"high\" decoding=\"async\" width=\"442\" height=\"247\" src=\"https:\/\/www.deutsche-glasfaser.de\/blog\/wp-content\/uploads\/2021\/09\/DGTV_Serie_Aufnehmen.png\" class=\"attachment-medium_large size-medium_large wp-image-7945\" alt=\"\" srcset=\"https:\/\/www.deutsche-glasfaser.de\/blog\/wp-content\/uploads\/2021\/09\/DGTV_Serie_Aufnehmen.png 442w, https:\/\/www.deutsche-glasfaser.de\/blog\/wp-content\/uploads\/2021\/09\/DGTV_Serie_Aufnehmen-300x168.png 300w\" sizes=\"(max-width: 442px) 100vw, 442px\" \/>\t\t\t\t\t\t\t\t\t\t\t\t\t\t\t<\/div>\n\t\t\t\t<\/div>\n\t\t\t\t\t<\/div>\n\t\t<\/div>\n\t\t\t\t<div class=\"elementor-column elementor-col-50 elementor-inner-column elementor-element elementor-element-64c35ef\" data-id=\"64c35ef\" data-element_type=\"column\" data-e-type=\"column\">\n\t\t\t<div class=\"elementor-widget-wrap elementor-element-populated\">\n\t\t\t\t\t\t<div class=\"elementor-element elementor-element-0e8ec7c elementor-widget elementor-widget-text-editor\" data-id=\"0e8ec7c\" data-element_type=\"widget\" data-e-type=\"widget\" data-widget_type=\"text-editor.default\">\n\t\t\t\t<div class=\"elementor-widget-container\">\n\t\t\t\t\t\t\t\t\t<ol><li>\u00d6ffnen Sie den Programm-Guide und w\u00e4hlen Sie \u201eAlle TV\u201c aus.<\/li><li>Anschlie\u00dfend w\u00e4hlen Sie die Serie, die Sie niemals verpassen m\u00f6chten.<\/li><li>Am unteren Rand \u00f6ffnet sich eine Leiste. Klicken Sie auf \u201eMehr Infos\u201c.<\/li><li>Es \u00f6ffnet sich eine neue Seite mit allen zuk\u00fcnftigen Folgen. Diese k\u00f6nnen Sie einfach anw\u00e4hlen und auf der unteren Symbolleiste auf \u201eAufnahme\u201c dr\u00fccken.<\/li><\/ol>\t\t\t\t\t\t\t\t<\/div>\n\t\t\t\t<\/div>\n\t\t\t\t\t<\/div>\n\t\t<\/div>\n\t\t\t\t\t<\/div>\n\t\t<\/section>\n\t\t\t\t<div class=\"elementor-element elementor-element-05eb613 elementor-widget elementor-widget-text-editor\" data-id=\"05eb613\" data-element_type=\"widget\" data-e-type=\"widget\" data-widget_type=\"text-editor.default\">\n\t\t\t\t<div class=\"elementor-widget-container\">\n\t\t\t\t\t\t\t\t\t<p>Schon k\u00f6nnen Sie entspannt Ihre Serien nachholen, wann immer Sie m\u00f6chten. Falls Sie beim Zappen eine neue Serie entdecken, m\u00fcssen Sie f\u00fcr die Planung einer Aufnahme nicht extra zur\u00fcck ins Hauptmen\u00fc. Dr\u00fccken Sie auf Ihrer Fernbedienung \u201eOK\u201c. Es \u00f6ffnet sich erneut die Symbolleiste. Hier ist es wieder m\u00f6glich \u201eMehr Infos\u201c anzuw\u00e4hlen. Nun befinden Sie sich im gleichen Men\u00fc, wie in Schritt 4.<\/p>\t\t\t\t\t\t\t\t<\/div>\n\t\t\t\t<\/div>\n\t\t\t\t<div class=\"elementor-element elementor-element-fc5fd8d elementor-widget elementor-widget-heading\" data-id=\"fc5fd8d\" data-element_type=\"widget\" data-e-type=\"widget\" data-widget_type=\"heading.default\">\n\t\t\t\t<div class=\"elementor-widget-container\">\n\t\t\t\t\t<h2 class=\"elementor-heading-title elementor-size-default\">Erinnerung einstellen<\/h2>\t\t\t\t<\/div>\n\t\t\t\t<\/div>\n\t\t\t\t<div class=\"elementor-element elementor-element-af9364a elementor-widget elementor-widget-text-editor\" data-id=\"af9364a\" data-element_type=\"widget\" data-e-type=\"widget\" data-widget_type=\"text-editor.default\">\n\t\t\t\t<div class=\"elementor-widget-container\">\n\t\t\t\t\t\t\t\t\t<p>Eine neue Folge der Lieblingsserie verpasst? Das kann Ihnen nun nicht mehr passieren. Mit den neuen Funktionen k\u00f6nnen Sie auch Erinnerungen f\u00fcr Ihre Lieblingsserie einstellen, damit Sie diese blo\u00df nicht verpassen! Die Schritte sind die gleichen, wie auch bei der Serien-Aufnahme. W\u00e4hlen Sie dabei einfach stattdessen \u201eErinnerung einstellen\u201c. So bleiben Sie bei der neuen Staffel immer am Ball.<\/p>\t\t\t\t\t\t\t\t<\/div>\n\t\t\t\t<\/div>\n\t\t\t\t<div class=\"elementor-element elementor-element-da696b1 elementor-widget elementor-widget-heading\" data-id=\"da696b1\" data-element_type=\"widget\" data-e-type=\"widget\" data-widget_type=\"heading.default\">\n\t\t\t\t<div class=\"elementor-widget-container\">\n\t\t\t\t\t<h2 class=\"elementor-heading-title elementor-size-default\">DGTV Go App <\/h2>\t\t\t\t<\/div>\n\t\t\t\t<\/div>\n\t\t\t\t<div class=\"elementor-element elementor-element-6a411a3 elementor-widget elementor-widget-text-editor\" data-id=\"6a411a3\" data-element_type=\"widget\" data-e-type=\"widget\" data-widget_type=\"text-editor.default\">\n\t\t\t\t<div class=\"elementor-widget-container\">\n\t\t\t\t\t\t\t\t\t<p>Gerade unterwegs und nicht zu Hause? Dann nehmen Sie doch Ihr Fernsehprogramm einfach mit! Die DGTV Go App k\u00f6nnen Sie sich einfach aus dem App- oder Playstore auf Ihr Smartphone runterladen. Geben Sie nun den Aktivierungscode ein und dann kann es auch schon losgehen. So k\u00f6nnen Sie auch unterwegs, ganz bequem Ihr Programm planen. Egal, ob Sie eine oder gleich mehrere Aufnahmen planen, oder nur eine Erinnerung einstellen, das alles ist auch von Ihrem Smartphone aus m\u00f6glich. Fernsehen wo immer Sie es m\u00f6chten mit DGTV Go. Mehr zur App finden Sie <a href=\"https:\/\/www.deutsche-glasfaser.de\/fernsehen\" target=\"_blank\" rel=\"noopener\">hier<\/a>.<\/p>\t\t\t\t\t\t\t\t<\/div>\n\t\t\t\t<\/div>\n\t\t\t\t<div class=\"elementor-element elementor-element-225e132 elementor-widget elementor-widget-text-editor\" data-id=\"225e132\" data-element_type=\"widget\" data-e-type=\"widget\" data-widget_type=\"text-editor.default\">\n\t\t\t\t<div class=\"elementor-widget-container\">\n\t\t\t\t\t\t\t\t\t<p>Sie haben noch mehr Fragen zum Umgang mit DGTV? Dann haben wir hier noch einmal eine ausf\u00fchrliche Anleitung zu allen Themen, die Sie interessieren k\u00f6nnten.<\/p><p><a href=\"https:\/\/www.deutsche-glasfaser.de\/fileadmin\/content\/pdf\/downloads\/dgtv_unterlagen\/DGTV_bedienungsanleitung.pdf\" target=\"_blank\" rel=\"noopener\">Anleitung &#8211; PDF<\/a><\/p>\t\t\t\t\t\t\t\t<\/div>\n\t\t\t\t<\/div>\n\t\t\t\t\t<\/div>\n\t\t<\/div>\n\t\t\t\t\t<\/div>\n\t\t<\/section>\n\t\t\t\t<\/div>\n\t\t","protected":false},"excerpt":{"rendered":"<p>Wer kennt es nicht: die Lieblingsserie l\u00e4uft, aber man ist noch auf der Arbeit oder mit Freunden unterwegs. Oder aber die Serie l\u00e4uft so sp\u00e4t abends, dass einem schon st\u00e4ndig die Augen zufallen, wenn man doch eigentlich wach sein m\u00f6chte. [&hellip;]<\/p>\n","protected":false},"author":5,"featured_media":7466,"comment_status":"closed","ping_status":"open","sticky":false,"template":"","format":"standard","meta":{"footnotes":""},"categories":[1],"tags":[],"class_list":["post-2444","post","type-post","status-publish","format-standard","has-post-thumbnail","hentry","category-service"],"yoast_head":"<!-- This site is optimized with the Yoast SEO plugin v27.5 - https:\/\/yoast.com\/product\/yoast-seo-wordpress\/ -->\n<title>DGTV Serienplaner - So verpassen Sie keine Folgen mehr<\/title>\n<meta name=\"description\" content=\"Keine Folge Ihrer Lieblingsserie verpassen und selbst bestimmen, wann sie l\u00e4uft? Mit dem DGTV Serienplaner geht das! Erfahren Sie hier wie.\" \/>\n<meta name=\"robots\" content=\"index, follow, max-snippet:-1, max-image-preview:large, max-video-preview:-1\" \/>\n<link rel=\"canonical\" href=\"https:\/\/www.deutsche-glasfaser.de\/blog\/dgtv-serienplaner\/\" \/>\n<meta property=\"og:locale\" content=\"de_DE\" \/>\n<meta property=\"og:type\" content=\"article\" \/>\n<meta property=\"og:title\" content=\"DGTV Serienplaner - So verpassen Sie keine Folgen mehr\" \/>\n<meta property=\"og:description\" content=\"Keine Folge Ihrer Lieblingsserie verpassen und selbst bestimmen, wann sie l\u00e4uft? Mit dem DGTV Serienplaner geht das! Erfahren Sie hier wie.\" \/>\n<meta property=\"og:url\" content=\"https:\/\/www.deutsche-glasfaser.de\/blog\/dgtv-serienplaner\/\" \/>\n<meta property=\"og:site_name\" content=\"Digitales B\u00fcrgernetz\" \/>\n<meta property=\"article:published_time\" content=\"2021-06-15T10:06:22+00:00\" \/>\n<meta property=\"article:modified_time\" content=\"2024-11-11T13:00:49+00:00\" \/>\n<meta property=\"og:image\" content=\"https:\/\/www.deutsche-glasfaser.de\/blog\/wp-content\/uploads\/2021\/08\/DGTV_Serienaufnahmen_Blog.jpg\" \/>\n\t<meta property=\"og:image:width\" content=\"1500\" \/>\n\t<meta property=\"og:image:height\" content=\"705\" \/>\n\t<meta property=\"og:image:type\" content=\"image\/jpeg\" \/>\n<meta name=\"author\" content=\"Deutsche Glasfaser\" \/>\n<meta name=\"twitter:card\" content=\"summary_large_image\" \/>\n<meta name=\"twitter:label1\" content=\"Verfasst von\" \/>\n\t<meta name=\"twitter:data1\" content=\"Deutsche Glasfaser\" \/>\n\t<meta name=\"twitter:label2\" content=\"Gesch\u00e4tzte Lesezeit\" \/>\n\t<meta name=\"twitter:data2\" content=\"3\u00a0Minuten\" \/>\n<script type=\"application\/ld+json\" class=\"yoast-schema-graph\">{\"@context\":\"https:\\\/\\\/schema.org\",\"@graph\":[{\"@type\":\"Article\",\"@id\":\"https:\\\/\\\/www.deutsche-glasfaser.de\\\/blog\\\/dgtv-serienplaner\\\/#article\",\"isPartOf\":{\"@id\":\"https:\\\/\\\/www.deutsche-glasfaser.de\\\/blog\\\/dgtv-serienplaner\\\/\"},\"author\":{\"name\":\"Deutsche Glasfaser\",\"@id\":\"https:\\\/\\\/www.deutsche-glasfaser.de\\\/blog\\\/#\\\/schema\\\/person\\\/9380a6dc7443d77143d0c66c409f574b\"},\"headline\":\"DGTV Serienplaner \u2013 Aufzeichnungen leichter planen\",\"datePublished\":\"2021-06-15T10:06:22+00:00\",\"dateModified\":\"2024-11-11T13:00:49+00:00\",\"mainEntityOfPage\":{\"@id\":\"https:\\\/\\\/www.deutsche-glasfaser.de\\\/blog\\\/dgtv-serienplaner\\\/\"},\"wordCount\":442,\"publisher\":{\"@id\":\"https:\\\/\\\/www.deutsche-glasfaser.de\\\/blog\\\/#organization\"},\"image\":{\"@id\":\"https:\\\/\\\/www.deutsche-glasfaser.de\\\/blog\\\/dgtv-serienplaner\\\/#primaryimage\"},\"thumbnailUrl\":\"https:\\\/\\\/www.deutsche-glasfaser.de\\\/blog\\\/wp-content\\\/uploads\\\/2021\\\/08\\\/DGTV_Serienaufnahmen_Blog.jpg\",\"articleSection\":[\"Service\"],\"inLanguage\":\"de\"},{\"@type\":\"WebPage\",\"@id\":\"https:\\\/\\\/www.deutsche-glasfaser.de\\\/blog\\\/dgtv-serienplaner\\\/\",\"url\":\"https:\\\/\\\/www.deutsche-glasfaser.de\\\/blog\\\/dgtv-serienplaner\\\/\",\"name\":\"DGTV Serienplaner - So verpassen Sie keine Folgen mehr\",\"isPartOf\":{\"@id\":\"https:\\\/\\\/www.deutsche-glasfaser.de\\\/blog\\\/#website\"},\"primaryImageOfPage\":{\"@id\":\"https:\\\/\\\/www.deutsche-glasfaser.de\\\/blog\\\/dgtv-serienplaner\\\/#primaryimage\"},\"image\":{\"@id\":\"https:\\\/\\\/www.deutsche-glasfaser.de\\\/blog\\\/dgtv-serienplaner\\\/#primaryimage\"},\"thumbnailUrl\":\"https:\\\/\\\/www.deutsche-glasfaser.de\\\/blog\\\/wp-content\\\/uploads\\\/2021\\\/08\\\/DGTV_Serienaufnahmen_Blog.jpg\",\"datePublished\":\"2021-06-15T10:06:22+00:00\",\"dateModified\":\"2024-11-11T13:00:49+00:00\",\"description\":\"Keine Folge Ihrer Lieblingsserie verpassen und selbst bestimmen, wann sie l\u00e4uft? Mit dem DGTV Serienplaner geht das! Erfahren Sie hier wie.\",\"inLanguage\":\"de\",\"potentialAction\":[{\"@type\":\"ReadAction\",\"target\":[\"https:\\\/\\\/www.deutsche-glasfaser.de\\\/blog\\\/dgtv-serienplaner\\\/\"]}]},{\"@type\":\"ImageObject\",\"inLanguage\":\"de\",\"@id\":\"https:\\\/\\\/www.deutsche-glasfaser.de\\\/blog\\\/dgtv-serienplaner\\\/#primaryimage\",\"url\":\"https:\\\/\\\/www.deutsche-glasfaser.de\\\/blog\\\/wp-content\\\/uploads\\\/2021\\\/08\\\/DGTV_Serienaufnahmen_Blog.jpg\",\"contentUrl\":\"https:\\\/\\\/www.deutsche-glasfaser.de\\\/blog\\\/wp-content\\\/uploads\\\/2021\\\/08\\\/DGTV_Serienaufnahmen_Blog.jpg\",\"width\":1500,\"height\":705},{\"@type\":\"WebSite\",\"@id\":\"https:\\\/\\\/www.deutsche-glasfaser.de\\\/blog\\\/#website\",\"url\":\"https:\\\/\\\/www.deutsche-glasfaser.de\\\/blog\\\/\",\"name\":\"Digitales B\u00fcrgernetz\",\"description\":\"Deutsche Glasfaser Blog\",\"publisher\":{\"@id\":\"https:\\\/\\\/www.deutsche-glasfaser.de\\\/blog\\\/#organization\"},\"potentialAction\":[{\"@type\":\"SearchAction\",\"target\":{\"@type\":\"EntryPoint\",\"urlTemplate\":\"https:\\\/\\\/www.deutsche-glasfaser.de\\\/blog\\\/?s={search_term_string}\"},\"query-input\":{\"@type\":\"PropertyValueSpecification\",\"valueRequired\":true,\"valueName\":\"search_term_string\"}}],\"inLanguage\":\"de\"},{\"@type\":\"Organization\",\"@id\":\"https:\\\/\\\/www.deutsche-glasfaser.de\\\/blog\\\/#organization\",\"name\":\"Digitales B\u00fcrgernetz\",\"url\":\"https:\\\/\\\/www.deutsche-glasfaser.de\\\/blog\\\/\",\"logo\":{\"@type\":\"ImageObject\",\"inLanguage\":\"de\",\"@id\":\"https:\\\/\\\/www.deutsche-glasfaser.de\\\/blog\\\/#\\\/schema\\\/logo\\\/image\\\/\",\"url\":\"https:\\\/\\\/www.deutsche-glasfaser.de\\\/blog\\\/wp-content\\\/uploads\\\/2021\\\/08\\\/DGF_Logo_Basis_RGB-Large@2x.png\",\"contentUrl\":\"https:\\\/\\\/www.deutsche-glasfaser.de\\\/blog\\\/wp-content\\\/uploads\\\/2021\\\/08\\\/DGF_Logo_Basis_RGB-Large@2x.png\",\"width\":312,\"height\":104,\"caption\":\"Digitales B\u00fcrgernetz\"},\"image\":{\"@id\":\"https:\\\/\\\/www.deutsche-glasfaser.de\\\/blog\\\/#\\\/schema\\\/logo\\\/image\\\/\"}},{\"@type\":\"Person\",\"@id\":\"https:\\\/\\\/www.deutsche-glasfaser.de\\\/blog\\\/#\\\/schema\\\/person\\\/9380a6dc7443d77143d0c66c409f574b\",\"name\":\"Deutsche Glasfaser\"}]}<\/script>\n<!-- \/ Yoast SEO plugin. -->","yoast_head_json":{"title":"DGTV Serienplaner - So verpassen Sie keine Folgen mehr","description":"Keine Folge Ihrer Lieblingsserie verpassen und selbst bestimmen, wann sie l\u00e4uft? Mit dem DGTV Serienplaner geht das! Erfahren Sie hier wie.","robots":{"index":"index","follow":"follow","max-snippet":"max-snippet:-1","max-image-preview":"max-image-preview:large","max-video-preview":"max-video-preview:-1"},"canonical":"https:\/\/www.deutsche-glasfaser.de\/blog\/dgtv-serienplaner\/","og_locale":"de_DE","og_type":"article","og_title":"DGTV Serienplaner - So verpassen Sie keine Folgen mehr","og_description":"Keine Folge Ihrer Lieblingsserie verpassen und selbst bestimmen, wann sie l\u00e4uft? Mit dem DGTV Serienplaner geht das! Erfahren Sie hier wie.","og_url":"https:\/\/www.deutsche-glasfaser.de\/blog\/dgtv-serienplaner\/","og_site_name":"Digitales B\u00fcrgernetz","article_published_time":"2021-06-15T10:06:22+00:00","article_modified_time":"2024-11-11T13:00:49+00:00","og_image":[{"width":1500,"height":705,"url":"https:\/\/www.deutsche-glasfaser.de\/blog\/wp-content\/uploads\/2021\/08\/DGTV_Serienaufnahmen_Blog.jpg","type":"image\/jpeg"}],"author":"Deutsche Glasfaser","twitter_card":"summary_large_image","twitter_misc":{"Verfasst von":"Deutsche Glasfaser","Gesch\u00e4tzte Lesezeit":"3\u00a0Minuten"},"schema":{"@context":"https:\/\/schema.org","@graph":[{"@type":"Article","@id":"https:\/\/www.deutsche-glasfaser.de\/blog\/dgtv-serienplaner\/#article","isPartOf":{"@id":"https:\/\/www.deutsche-glasfaser.de\/blog\/dgtv-serienplaner\/"},"author":{"name":"Deutsche Glasfaser","@id":"https:\/\/www.deutsche-glasfaser.de\/blog\/#\/schema\/person\/9380a6dc7443d77143d0c66c409f574b"},"headline":"DGTV Serienplaner \u2013 Aufzeichnungen leichter planen","datePublished":"2021-06-15T10:06:22+00:00","dateModified":"2024-11-11T13:00:49+00:00","mainEntityOfPage":{"@id":"https:\/\/www.deutsche-glasfaser.de\/blog\/dgtv-serienplaner\/"},"wordCount":442,"publisher":{"@id":"https:\/\/www.deutsche-glasfaser.de\/blog\/#organization"},"image":{"@id":"https:\/\/www.deutsche-glasfaser.de\/blog\/dgtv-serienplaner\/#primaryimage"},"thumbnailUrl":"https:\/\/www.deutsche-glasfaser.de\/blog\/wp-content\/uploads\/2021\/08\/DGTV_Serienaufnahmen_Blog.jpg","articleSection":["Service"],"inLanguage":"de"},{"@type":"WebPage","@id":"https:\/\/www.deutsche-glasfaser.de\/blog\/dgtv-serienplaner\/","url":"https:\/\/www.deutsche-glasfaser.de\/blog\/dgtv-serienplaner\/","name":"DGTV Serienplaner - So verpassen Sie keine Folgen mehr","isPartOf":{"@id":"https:\/\/www.deutsche-glasfaser.de\/blog\/#website"},"primaryImageOfPage":{"@id":"https:\/\/www.deutsche-glasfaser.de\/blog\/dgtv-serienplaner\/#primaryimage"},"image":{"@id":"https:\/\/www.deutsche-glasfaser.de\/blog\/dgtv-serienplaner\/#primaryimage"},"thumbnailUrl":"https:\/\/www.deutsche-glasfaser.de\/blog\/wp-content\/uploads\/2021\/08\/DGTV_Serienaufnahmen_Blog.jpg","datePublished":"2021-06-15T10:06:22+00:00","dateModified":"2024-11-11T13:00:49+00:00","description":"Keine Folge Ihrer Lieblingsserie verpassen und selbst bestimmen, wann sie l\u00e4uft? Mit dem DGTV Serienplaner geht das! Erfahren Sie hier wie.","inLanguage":"de","potentialAction":[{"@type":"ReadAction","target":["https:\/\/www.deutsche-glasfaser.de\/blog\/dgtv-serienplaner\/"]}]},{"@type":"ImageObject","inLanguage":"de","@id":"https:\/\/www.deutsche-glasfaser.de\/blog\/dgtv-serienplaner\/#primaryimage","url":"https:\/\/www.deutsche-glasfaser.de\/blog\/wp-content\/uploads\/2021\/08\/DGTV_Serienaufnahmen_Blog.jpg","contentUrl":"https:\/\/www.deutsche-glasfaser.de\/blog\/wp-content\/uploads\/2021\/08\/DGTV_Serienaufnahmen_Blog.jpg","width":1500,"height":705},{"@type":"WebSite","@id":"https:\/\/www.deutsche-glasfaser.de\/blog\/#website","url":"https:\/\/www.deutsche-glasfaser.de\/blog\/","name":"Digitales B\u00fcrgernetz","description":"Deutsche Glasfaser Blog","publisher":{"@id":"https:\/\/www.deutsche-glasfaser.de\/blog\/#organization"},"potentialAction":[{"@type":"SearchAction","target":{"@type":"EntryPoint","urlTemplate":"https:\/\/www.deutsche-glasfaser.de\/blog\/?s={search_term_string}"},"query-input":{"@type":"PropertyValueSpecification","valueRequired":true,"valueName":"search_term_string"}}],"inLanguage":"de"},{"@type":"Organization","@id":"https:\/\/www.deutsche-glasfaser.de\/blog\/#organization","name":"Digitales B\u00fcrgernetz","url":"https:\/\/www.deutsche-glasfaser.de\/blog\/","logo":{"@type":"ImageObject","inLanguage":"de","@id":"https:\/\/www.deutsche-glasfaser.de\/blog\/#\/schema\/logo\/image\/","url":"https:\/\/www.deutsche-glasfaser.de\/blog\/wp-content\/uploads\/2021\/08\/DGF_Logo_Basis_RGB-Large@2x.png","contentUrl":"https:\/\/www.deutsche-glasfaser.de\/blog\/wp-content\/uploads\/2021\/08\/DGF_Logo_Basis_RGB-Large@2x.png","width":312,"height":104,"caption":"Digitales B\u00fcrgernetz"},"image":{"@id":"https:\/\/www.deutsche-glasfaser.de\/blog\/#\/schema\/logo\/image\/"}},{"@type":"Person","@id":"https:\/\/www.deutsche-glasfaser.de\/blog\/#\/schema\/person\/9380a6dc7443d77143d0c66c409f574b","name":"Deutsche Glasfaser"}]}},"_links":{"self":[{"href":"https:\/\/www.deutsche-glasfaser.de\/blog\/wp-json\/wp\/v2\/posts\/2444","targetHints":{"allow":["GET"]}}],"collection":[{"href":"https:\/\/www.deutsche-glasfaser.de\/blog\/wp-json\/wp\/v2\/posts"}],"about":[{"href":"https:\/\/www.deutsche-glasfaser.de\/blog\/wp-json\/wp\/v2\/types\/post"}],"author":[{"embeddable":true,"href":"https:\/\/www.deutsche-glasfaser.de\/blog\/wp-json\/wp\/v2\/users\/5"}],"replies":[{"embeddable":true,"href":"https:\/\/www.deutsche-glasfaser.de\/blog\/wp-json\/wp\/v2\/comments?post=2444"}],"version-history":[{"count":16,"href":"https:\/\/www.deutsche-glasfaser.de\/blog\/wp-json\/wp\/v2\/posts\/2444\/revisions"}],"predecessor-version":[{"id":14866,"href":"https:\/\/www.deutsche-glasfaser.de\/blog\/wp-json\/wp\/v2\/posts\/2444\/revisions\/14866"}],"wp:featuredmedia":[{"embeddable":true,"href":"https:\/\/www.deutsche-glasfaser.de\/blog\/wp-json\/wp\/v2\/media\/7466"}],"wp:attachment":[{"href":"https:\/\/www.deutsche-glasfaser.de\/blog\/wp-json\/wp\/v2\/media?parent=2444"}],"wp:term":[{"taxonomy":"category","embeddable":true,"href":"https:\/\/www.deutsche-glasfaser.de\/blog\/wp-json\/wp\/v2\/categories?post=2444"},{"taxonomy":"post_tag","embeddable":true,"href":"https:\/\/www.deutsche-glasfaser.de\/blog\/wp-json\/wp\/v2\/tags?post=2444"}],"curies":[{"name":"wp","href":"https:\/\/api.w.org\/{rel}","templated":true}]}}