{"id":2374,"date":"2021-06-01T12:56:02","date_gmt":"2021-06-01T12:56:02","guid":{"rendered":"https:\/\/www.deutsche-glasfaser.de\/blog\/dgblog-snapshot-20190819123943\/?p=2374"},"modified":"2024-11-11T14:34:12","modified_gmt":"2024-11-11T13:34:12","slug":"jahresbericht-der-bundesnetzagentur-2020","status":"publish","type":"post","link":"https:\/\/www.deutsche-glasfaser.de\/blog\/jahresbericht-der-bundesnetzagentur-2020\/","title":{"rendered":"Glasfaser auf dem Vormarsch &#8211; Jahresbericht der Bundesnetzagentur 2020"},"content":{"rendered":"\n<p>Wie jedes Jahr hat auch in diesem Jahr die Bundesnetzagentur ihren Jahresbericht \u2013 M\u00e4rkte im digitalen Wandel f\u00fcr das Jahr 2020 ver\u00f6ffentlicht. Ver\u00e4nderungen durch die Digitalisierung, dem technischen Fortschritt und der andauernden Corona Pandemie haben sich im Laufe des Jahres 2020 gut zu erkennen gezeigt. Und nun die alles entscheidende Frage an Sie: Hat Sie das st\u00e4ndige Homeoffice mit einer schlechten Internetverbindung um den Verstand gebracht? Oder sind Sie schon vorher auf einen Glasfaseranschluss umgestiegen und hatten somit keine Probleme mit Ihrem Internet?<\/p>\n\n\n\n<hr class=\"wp-block-separator has-alpha-channel-opacity\"\/>\n\n\n\n<p style=\"font-size: 24px\">Inhaltsverzeichnis<\/p>\n<p><a href=\"#Telekommunikationsmarkt\" style=\"color: black; font-weight: bold;\">1. Telekommunikationsmarkt im digitalen Wandel<\/a><\/p>\n<p><a href=\"#B\u00fcrger*innen\" style=\"color: black; font-weight: bold;\">2. Wie viel Internet brauchen deutsche B\u00fcrger*innen?<\/a><\/p>\n<p><a href=\"#DSL-Anschl\u00fcsse\" style=\"color: black; font-weight: bold;\">3. DSL-Anschl\u00fcsse<\/a><\/p>\n<p><a href=\"#FTTB\/FTTH-Anschl\u00fcsse\" style=\"color: black; font-weight: bold;\">4. FTTB\/FTTH-Anschl\u00fcsse<\/a><\/p>\n\n\n\n<hr class=\"wp-block-separator has-alpha-channel-opacity\"\/>\n\n\n\n<div style=\"height:48px\" aria-hidden=\"true\" class=\"wp-block-spacer\"><\/div>\n\n\n\n<h2 class=\"wp-block-heading\" id=\"Telekommunikationsmarkt\">Telekommunikationsmarkt im digitalen Wandel<\/h2>\n\n\n\n<p>Schaut man sich die Ver\u00e4nderung des Telekommunikationsmarktes zun\u00e4chst einmal im Allgemeinen an, erreichen die Au\u00dfenumsatzerl\u00f6se im Jahr 2020 ungef\u00e4hr einen Wert von 57,0 Mrd. Euro. Zum Vergleichsjahr 2019 entspricht das einem R\u00fcckgang von knapp einem Prozent. Doch wie kann das sein? Die Internetnutzung ist sicherlich nicht zur\u00fcckgegangen.<\/p>\n\n\n\n<p>Die Bundesnetzagentur vergleicht dazu in ihrem Jahresbericht die Kennzahlen der Deutschen Telekom AG zu ihren aktiven Wettbewerbern z.B. der Deutschen Glasfaser um den Fortschritt und die Ver\u00e4nderungen \u00fcbersichtlicher zu gestalten. So erreichte die Deutsche Telekom AG 2020 einen Au\u00dfenumsatzerl\u00f6s von 24,7 Mrd. Euro w\u00e4hrenddessen die Wettbewerber im Markt knapp 32,3 Mrd. Euro erwirtschafteten. Zur weiteren Verdeutlichung wurde der Au\u00dfenumsatzerl\u00f6s in einzelne Marktsegmenten unterteilt, um zu den Vorjahren zu zeigen, dass der gr\u00f6\u00dfte Anteil weiterhin auf den Bereich Mobilfunk entf\u00e4llt. Auf Platz 2 liegt der Bereich xDSL\/FTTx-Netze mit 43% zum Gesamtau\u00dfenumsatzerl\u00f6s, welches somit unter anderem auch den fortschreitenden Glasfaserausbau beschreibt. In diesem Segment stiegen die Au\u00dfenumsatzerl\u00f6se von 21,79 Mrd. Euro im Jahr 2019 auf einen Wert von 24,47 Mrd. Euro und verzeichneten somit einen gewaltigen Schub in Richtung Zukunft mit schnellem Internet. Das zeigt: Der Markt ver\u00e4ndert sich. Immer mehr Kunden wollen an das Netz der Zukunft.<\/p>\n\n\n\n<div style=\"height:48px\" aria-hidden=\"true\" class=\"wp-block-spacer\"><\/div>\n\n\n\n<h2 class=\"wp-block-heading\" id=\"B\u00fcrger*innen\">Wie viel Internet brauchen deutsche B\u00fcrger*innen?<\/h2>\n\n\n\n<p>Die Entwicklung des Datenvolumens in Festnetzen brachte ebenfalls eine spannende Erkenntnis in Zeiten der Corona-Pandemie. Im Jahr 2019 verbrauchte ein Anschluss ein durchschnittliches monatliches Datenvolumen von 142 GB. Das Jahr 2020 verzeichnete schon ein durchschnittlich verbrauchtes Datenvolumen von 175 GB im Monat also einer Zunahme um ca. 23%. Gr\u00fcnde f\u00fcr diese Ver\u00e4nderung sind mit hoher Wahrscheinlichkeit die andauernde Pandemie, Homeoffice und die verst\u00e4rkte Nutzung von Online-Angeboten wie Streaming-Dienste. Die Corona-Pandemie ver\u00e4nderte das Nutzungsverhalten der Verbraucher stark. Durch fehlende Aktivit\u00e4ten am Wochenende und nach Feierabend wurde mehr Zeit im Internet verbracht und im Ergebnis auch mehr Datenvolumen verbraucht. Doch nicht nur in Sachen Datenvolumen zeigt sich der Wechsel Richtung leistungsstarken FTTH-Anschl\u00fcssen deutlich. Auch im Hinblick auf die Schnelligkeit des Internets bietet sich <a href=\"https:\/\/www.deutsche-glasfaser.de\/tarife\" target=\"_blank\" rel=\"noreferrer noopener\">ein Glasfaseranschluss an<\/a>. Denn durch ein schnelles Internet wird das Homeoffice mit mehreren Personen in einem Haushalt in Zukunft kein Problem mehr sein. Zeigt sich dieser Trend auch in der Verteilung der Anschlussarten?<\/p>\n\n\n\n<div style=\"height:48px\" aria-hidden=\"true\" class=\"wp-block-spacer\"><\/div>\n\n\n\n<h2 class=\"wp-block-heading\" id=\"DSL-Anschl\u00fcsse\">DSL-Anschl\u00fcsse<\/h2>\n\n\n\n<p>Im Bereich der DSL-Anschl\u00fcsse wird deutlich, dass die Entwicklung zum Vergleichsjahr 2019 stagniert. Somit wurde lediglich ein Wachstum von knapp 0,1% zum Vorjahr 2019 verzeichnet. Ende 2020 waren knapp 25,4 Mio. DSL-Anschl\u00fcsse in Betrieb. Auch hier liegt der Grund f\u00fcr die Stagnation nah. &nbsp;Ein DSL-Anschluss bietet eine geringere Leistung als z.B. Glasfaser. Gerade im Homeoffice brauchen die Arbeitnehmerinnen und Arbeitnehmer mehr Bandbreite, um problemlos von Zuhause arbeiten zu k\u00f6nnen. Es ist immer wichtiger geworden, dass man sich auf sein Internet verlassen kann, damit man wichtigen Meetings folgen kann. Diese Zuverl\u00e4ssigkeit kann ein DSL-Anschluss auf Dauer nicht bieten und verliert deshalb an Popularit\u00e4t. Doch Hilfe naht &#8211; ein FTTH-Anschluss.<\/p>\n\n\n\n<div style=\"height:48px\" aria-hidden=\"true\" class=\"wp-block-spacer\"><\/div>\n\n\n\n<h2 class=\"wp-block-heading\" id=\"FTTB\/FTTH-Anschl\u00fcsse\">FTTB\/FTTH-Anschl\u00fcsse<\/h2>\n\n\n\n<p>Kommen wir nun zu einem sehr spannenden Segment: Breitbandanschl\u00fcsse \u00fcber FTTB (Fibre To The Building) und <a href=\"https:\/\/www.deutsche-glasfaser.de\/blog\/wozu-wird-schon-heute-ein-ftth-anschluss-benoetigt\/\">FTTH<\/a> (Fibre To The Home). Bei einem FTTB-Anschluss endet die Glasfaserleitung nicht schon am Verteilerkasten, sondern am Geb\u00e4ude des Kunden. Wobei nur bei der Verlegung eines FTTH-Anschlusses die Glasfaserleitung vollst\u00e4ndig bis zum Anschluss des Kunden erfolgt, sprich genau bis in Ihr Wohnzimmer. Ein enormer Vorteil f\u00fcr jeden der sich in Zukunft f\u00fcr einen Glasfaseranschluss entscheidet.<\/p>\n\n\n\n<p>Das zeigt auch der Jahresbericht der Bundesnetzagentur. Vom Vergleichsjahr 2019 bis zum Ende des Jahres 2020 ist ein enormes Wachstum zu verzeichnen, was das Potenzial von Glasfaserleitungen zus\u00e4tzlich untermauert. Blickt man noch ein paar weitere Jahre zur\u00fcck, stiegen die aktiven Breitbandanschl\u00fcsse von gerade einmal 300.000 Anschl\u00fcsse im Jahr 2014 auf satte 1,9 Mio. Breitbandanschl\u00fcsse im Jahr 2020. Hierbei gilt das Glasfaserkabel in der Telekommunikation als das ideale \u00dcbertragungsmedium. In der Zeitspanne der Jahre 2019 und 2020 wurde noch einmal enormer Aufschwung von 400.000 Anschl\u00fcssen unter anderem von der Deutschen Glasfaser in l\u00e4ndlichen Regionen erzielt. Somit stiegen die Anschl\u00fcsse von 2019 von 1,5 Mio. Anschl\u00fcsse auf 1,9 Mio. Anschl\u00fcsse im Jahr 2020. Die Deutsche Glasfaser hat es sich zur Mission gemacht gerade die Gebiete, die f\u00fcr andere Unternehmen nicht wirtschaftlich sind, auszubauen und so ans Netz der Zukunft anzuschlie\u00dfen. Jeder soll am digitalen Leben teilhaben k\u00f6nnen, auch der l\u00e4ndliche Raum.<\/p>\n\n\n\n<p>F\u00fcr die Zukunft von Glasfaserleitungen im FTTB und FTTH-Bereich l\u00e4sst sich erwarten, dass sich der Anteil im Vergleich zu den gesamten aktiven Breitbandanschl\u00fcssen in Festnetzen weiterhin deutlich erh\u00f6hen wird. Ein weiterer Grund sich f\u00fcr einen Glasfaserausbau zu entscheiden sind die zunehmenden privatwirtschaftlichen Investitionen und F\u00f6rderprogramme unteranderem von Bund, L\u00e4ndern und Kommunen. Auch hier wird deutlich, dass der Ausbau von Glasfaser nicht nur im Interesse der B\u00fcrger liegt, sondern sich auch Bund und L\u00e4nder f\u00fcr einen Breitbandausbau einsetzen. Mit dem Ziel, dass alle in Zukunft die M\u00f6glichkeit haben mit Lichtgeschwindigkeit zu surfen.<\/p>\n","protected":false},"excerpt":{"rendered":"<p>Wie jedes Jahr hat auch in diesem Jahr die Bundesnetzagentur ihren Jahresbericht \u2013 M\u00e4rkte im digitalen Wandel f\u00fcr das Jahr 2020 ver\u00f6ffentlicht. Ver\u00e4nderungen durch die Digitalisierung, dem technischen Fortschritt und der andauernden Corona Pandemie haben sich im Laufe des Jahres [&hellip;]<\/p>\n","protected":false},"author":5,"featured_media":7421,"comment_status":"closed","ping_status":"open","sticky":false,"template":"","format":"standard","meta":{"footnotes":""},"categories":[1],"tags":[],"class_list":["post-2374","post","type-post","status-publish","format-standard","has-post-thumbnail","hentry","category-service"],"yoast_head":"<!-- This site is optimized with the Yoast SEO plugin v27.5 - https:\/\/yoast.com\/product\/yoast-seo-wordpress\/ -->\n<title>Glasfaser auf dem Vormarsch - Jahresbericht der Bundesnetzagentur 2020<\/title>\n<meta name=\"description\" content=\"Digitalisierung, technischer Fortschritt, Corona Pandemie \u2013 wie sich unser Bandbreitenbedarf zu den Vorjahren ver\u00e4ndert hat erfahren Sie hier.\" \/>\n<meta name=\"robots\" content=\"index, follow, max-snippet:-1, max-image-preview:large, max-video-preview:-1\" \/>\n<link rel=\"canonical\" href=\"https:\/\/www.deutsche-glasfaser.de\/blog\/jahresbericht-der-bundesnetzagentur-2020\/\" \/>\n<meta property=\"og:locale\" content=\"de_DE\" \/>\n<meta property=\"og:type\" content=\"article\" \/>\n<meta property=\"og:title\" content=\"Glasfaser auf dem Vormarsch - Jahresbericht der Bundesnetzagentur 2020\" \/>\n<meta property=\"og:description\" content=\"Digitalisierung, technischer Fortschritt, Corona Pandemie \u2013 wie sich unser Bandbreitenbedarf zu den Vorjahren ver\u00e4ndert hat erfahren Sie hier.\" \/>\n<meta property=\"og:url\" content=\"https:\/\/www.deutsche-glasfaser.de\/blog\/jahresbericht-der-bundesnetzagentur-2020\/\" \/>\n<meta property=\"og:site_name\" content=\"Digitales B\u00fcrgernetz\" \/>\n<meta property=\"article:published_time\" content=\"2021-06-01T12:56:02+00:00\" \/>\n<meta property=\"article:modified_time\" content=\"2024-11-11T13:34:12+00:00\" \/>\n<meta property=\"og:image\" content=\"https:\/\/www.deutsche-glasfaser.de\/blog\/wp-content\/uploads\/2021\/08\/bundesnetzagentur_Jahresbericht.jpg\" \/>\n\t<meta property=\"og:image:width\" content=\"1500\" \/>\n\t<meta property=\"og:image:height\" content=\"705\" \/>\n\t<meta property=\"og:image:type\" content=\"image\/jpeg\" \/>\n<meta name=\"author\" content=\"Deutsche Glasfaser\" \/>\n<meta name=\"twitter:card\" content=\"summary_large_image\" \/>\n<meta name=\"twitter:label1\" content=\"Verfasst von\" \/>\n\t<meta name=\"twitter:data1\" content=\"Deutsche Glasfaser\" \/>\n\t<meta name=\"twitter:label2\" content=\"Gesch\u00e4tzte Lesezeit\" \/>\n\t<meta name=\"twitter:data2\" content=\"6\u00a0Minuten\" \/>\n<script type=\"application\/ld+json\" class=\"yoast-schema-graph\">{\"@context\":\"https:\\\/\\\/schema.org\",\"@graph\":[{\"@type\":\"Article\",\"@id\":\"https:\\\/\\\/www.deutsche-glasfaser.de\\\/blog\\\/jahresbericht-der-bundesnetzagentur-2020\\\/#article\",\"isPartOf\":{\"@id\":\"https:\\\/\\\/www.deutsche-glasfaser.de\\\/blog\\\/jahresbericht-der-bundesnetzagentur-2020\\\/\"},\"author\":{\"name\":\"Deutsche Glasfaser\",\"@id\":\"https:\\\/\\\/www.deutsche-glasfaser.de\\\/blog\\\/#\\\/schema\\\/person\\\/9380a6dc7443d77143d0c66c409f574b\"},\"headline\":\"Glasfaser auf dem Vormarsch &#8211; Jahresbericht der Bundesnetzagentur 2020\",\"datePublished\":\"2021-06-01T12:56:02+00:00\",\"dateModified\":\"2024-11-11T13:34:12+00:00\",\"mainEntityOfPage\":{\"@id\":\"https:\\\/\\\/www.deutsche-glasfaser.de\\\/blog\\\/jahresbericht-der-bundesnetzagentur-2020\\\/\"},\"wordCount\":927,\"publisher\":{\"@id\":\"https:\\\/\\\/www.deutsche-glasfaser.de\\\/blog\\\/#organization\"},\"image\":{\"@id\":\"https:\\\/\\\/www.deutsche-glasfaser.de\\\/blog\\\/jahresbericht-der-bundesnetzagentur-2020\\\/#primaryimage\"},\"thumbnailUrl\":\"https:\\\/\\\/www.deutsche-glasfaser.de\\\/blog\\\/wp-content\\\/uploads\\\/2021\\\/08\\\/bundesnetzagentur_Jahresbericht.jpg\",\"articleSection\":[\"Service\"],\"inLanguage\":\"de\"},{\"@type\":\"WebPage\",\"@id\":\"https:\\\/\\\/www.deutsche-glasfaser.de\\\/blog\\\/jahresbericht-der-bundesnetzagentur-2020\\\/\",\"url\":\"https:\\\/\\\/www.deutsche-glasfaser.de\\\/blog\\\/jahresbericht-der-bundesnetzagentur-2020\\\/\",\"name\":\"Glasfaser auf dem Vormarsch - Jahresbericht der Bundesnetzagentur 2020\",\"isPartOf\":{\"@id\":\"https:\\\/\\\/www.deutsche-glasfaser.de\\\/blog\\\/#website\"},\"primaryImageOfPage\":{\"@id\":\"https:\\\/\\\/www.deutsche-glasfaser.de\\\/blog\\\/jahresbericht-der-bundesnetzagentur-2020\\\/#primaryimage\"},\"image\":{\"@id\":\"https:\\\/\\\/www.deutsche-glasfaser.de\\\/blog\\\/jahresbericht-der-bundesnetzagentur-2020\\\/#primaryimage\"},\"thumbnailUrl\":\"https:\\\/\\\/www.deutsche-glasfaser.de\\\/blog\\\/wp-content\\\/uploads\\\/2021\\\/08\\\/bundesnetzagentur_Jahresbericht.jpg\",\"datePublished\":\"2021-06-01T12:56:02+00:00\",\"dateModified\":\"2024-11-11T13:34:12+00:00\",\"description\":\"Digitalisierung, technischer Fortschritt, Corona Pandemie \u2013 wie sich unser Bandbreitenbedarf zu den Vorjahren ver\u00e4ndert hat erfahren Sie hier.\",\"inLanguage\":\"de\",\"potentialAction\":[{\"@type\":\"ReadAction\",\"target\":[\"https:\\\/\\\/www.deutsche-glasfaser.de\\\/blog\\\/jahresbericht-der-bundesnetzagentur-2020\\\/\"]}]},{\"@type\":\"ImageObject\",\"inLanguage\":\"de\",\"@id\":\"https:\\\/\\\/www.deutsche-glasfaser.de\\\/blog\\\/jahresbericht-der-bundesnetzagentur-2020\\\/#primaryimage\",\"url\":\"https:\\\/\\\/www.deutsche-glasfaser.de\\\/blog\\\/wp-content\\\/uploads\\\/2021\\\/08\\\/bundesnetzagentur_Jahresbericht.jpg\",\"contentUrl\":\"https:\\\/\\\/www.deutsche-glasfaser.de\\\/blog\\\/wp-content\\\/uploads\\\/2021\\\/08\\\/bundesnetzagentur_Jahresbericht.jpg\",\"width\":1500,\"height\":705},{\"@type\":\"WebSite\",\"@id\":\"https:\\\/\\\/www.deutsche-glasfaser.de\\\/blog\\\/#website\",\"url\":\"https:\\\/\\\/www.deutsche-glasfaser.de\\\/blog\\\/\",\"name\":\"Digitales B\u00fcrgernetz\",\"description\":\"Deutsche Glasfaser Blog\",\"publisher\":{\"@id\":\"https:\\\/\\\/www.deutsche-glasfaser.de\\\/blog\\\/#organization\"},\"potentialAction\":[{\"@type\":\"SearchAction\",\"target\":{\"@type\":\"EntryPoint\",\"urlTemplate\":\"https:\\\/\\\/www.deutsche-glasfaser.de\\\/blog\\\/?s={search_term_string}\"},\"query-input\":{\"@type\":\"PropertyValueSpecification\",\"valueRequired\":true,\"valueName\":\"search_term_string\"}}],\"inLanguage\":\"de\"},{\"@type\":\"Organization\",\"@id\":\"https:\\\/\\\/www.deutsche-glasfaser.de\\\/blog\\\/#organization\",\"name\":\"Digitales B\u00fcrgernetz\",\"url\":\"https:\\\/\\\/www.deutsche-glasfaser.de\\\/blog\\\/\",\"logo\":{\"@type\":\"ImageObject\",\"inLanguage\":\"de\",\"@id\":\"https:\\\/\\\/www.deutsche-glasfaser.de\\\/blog\\\/#\\\/schema\\\/logo\\\/image\\\/\",\"url\":\"https:\\\/\\\/www.deutsche-glasfaser.de\\\/blog\\\/wp-content\\\/uploads\\\/2021\\\/08\\\/DGF_Logo_Basis_RGB-Large@2x.png\",\"contentUrl\":\"https:\\\/\\\/www.deutsche-glasfaser.de\\\/blog\\\/wp-content\\\/uploads\\\/2021\\\/08\\\/DGF_Logo_Basis_RGB-Large@2x.png\",\"width\":312,\"height\":104,\"caption\":\"Digitales B\u00fcrgernetz\"},\"image\":{\"@id\":\"https:\\\/\\\/www.deutsche-glasfaser.de\\\/blog\\\/#\\\/schema\\\/logo\\\/image\\\/\"}},{\"@type\":\"Person\",\"@id\":\"https:\\\/\\\/www.deutsche-glasfaser.de\\\/blog\\\/#\\\/schema\\\/person\\\/9380a6dc7443d77143d0c66c409f574b\",\"name\":\"Deutsche Glasfaser\"}]}<\/script>\n<!-- \/ Yoast SEO plugin. -->","yoast_head_json":{"title":"Glasfaser auf dem Vormarsch - Jahresbericht der Bundesnetzagentur 2020","description":"Digitalisierung, technischer Fortschritt, Corona Pandemie \u2013 wie sich unser Bandbreitenbedarf zu den Vorjahren ver\u00e4ndert hat erfahren Sie hier.","robots":{"index":"index","follow":"follow","max-snippet":"max-snippet:-1","max-image-preview":"max-image-preview:large","max-video-preview":"max-video-preview:-1"},"canonical":"https:\/\/www.deutsche-glasfaser.de\/blog\/jahresbericht-der-bundesnetzagentur-2020\/","og_locale":"de_DE","og_type":"article","og_title":"Glasfaser auf dem Vormarsch - Jahresbericht der Bundesnetzagentur 2020","og_description":"Digitalisierung, technischer Fortschritt, Corona Pandemie \u2013 wie sich unser Bandbreitenbedarf zu den Vorjahren ver\u00e4ndert hat erfahren Sie hier.","og_url":"https:\/\/www.deutsche-glasfaser.de\/blog\/jahresbericht-der-bundesnetzagentur-2020\/","og_site_name":"Digitales B\u00fcrgernetz","article_published_time":"2021-06-01T12:56:02+00:00","article_modified_time":"2024-11-11T13:34:12+00:00","og_image":[{"width":1500,"height":705,"url":"https:\/\/www.deutsche-glasfaser.de\/blog\/wp-content\/uploads\/2021\/08\/bundesnetzagentur_Jahresbericht.jpg","type":"image\/jpeg"}],"author":"Deutsche Glasfaser","twitter_card":"summary_large_image","twitter_misc":{"Verfasst von":"Deutsche Glasfaser","Gesch\u00e4tzte Lesezeit":"6\u00a0Minuten"},"schema":{"@context":"https:\/\/schema.org","@graph":[{"@type":"Article","@id":"https:\/\/www.deutsche-glasfaser.de\/blog\/jahresbericht-der-bundesnetzagentur-2020\/#article","isPartOf":{"@id":"https:\/\/www.deutsche-glasfaser.de\/blog\/jahresbericht-der-bundesnetzagentur-2020\/"},"author":{"name":"Deutsche Glasfaser","@id":"https:\/\/www.deutsche-glasfaser.de\/blog\/#\/schema\/person\/9380a6dc7443d77143d0c66c409f574b"},"headline":"Glasfaser auf dem Vormarsch &#8211; Jahresbericht der Bundesnetzagentur 2020","datePublished":"2021-06-01T12:56:02+00:00","dateModified":"2024-11-11T13:34:12+00:00","mainEntityOfPage":{"@id":"https:\/\/www.deutsche-glasfaser.de\/blog\/jahresbericht-der-bundesnetzagentur-2020\/"},"wordCount":927,"publisher":{"@id":"https:\/\/www.deutsche-glasfaser.de\/blog\/#organization"},"image":{"@id":"https:\/\/www.deutsche-glasfaser.de\/blog\/jahresbericht-der-bundesnetzagentur-2020\/#primaryimage"},"thumbnailUrl":"https:\/\/www.deutsche-glasfaser.de\/blog\/wp-content\/uploads\/2021\/08\/bundesnetzagentur_Jahresbericht.jpg","articleSection":["Service"],"inLanguage":"de"},{"@type":"WebPage","@id":"https:\/\/www.deutsche-glasfaser.de\/blog\/jahresbericht-der-bundesnetzagentur-2020\/","url":"https:\/\/www.deutsche-glasfaser.de\/blog\/jahresbericht-der-bundesnetzagentur-2020\/","name":"Glasfaser auf dem Vormarsch - Jahresbericht der Bundesnetzagentur 2020","isPartOf":{"@id":"https:\/\/www.deutsche-glasfaser.de\/blog\/#website"},"primaryImageOfPage":{"@id":"https:\/\/www.deutsche-glasfaser.de\/blog\/jahresbericht-der-bundesnetzagentur-2020\/#primaryimage"},"image":{"@id":"https:\/\/www.deutsche-glasfaser.de\/blog\/jahresbericht-der-bundesnetzagentur-2020\/#primaryimage"},"thumbnailUrl":"https:\/\/www.deutsche-glasfaser.de\/blog\/wp-content\/uploads\/2021\/08\/bundesnetzagentur_Jahresbericht.jpg","datePublished":"2021-06-01T12:56:02+00:00","dateModified":"2024-11-11T13:34:12+00:00","description":"Digitalisierung, technischer Fortschritt, Corona Pandemie \u2013 wie sich unser Bandbreitenbedarf zu den Vorjahren ver\u00e4ndert hat erfahren Sie hier.","inLanguage":"de","potentialAction":[{"@type":"ReadAction","target":["https:\/\/www.deutsche-glasfaser.de\/blog\/jahresbericht-der-bundesnetzagentur-2020\/"]}]},{"@type":"ImageObject","inLanguage":"de","@id":"https:\/\/www.deutsche-glasfaser.de\/blog\/jahresbericht-der-bundesnetzagentur-2020\/#primaryimage","url":"https:\/\/www.deutsche-glasfaser.de\/blog\/wp-content\/uploads\/2021\/08\/bundesnetzagentur_Jahresbericht.jpg","contentUrl":"https:\/\/www.deutsche-glasfaser.de\/blog\/wp-content\/uploads\/2021\/08\/bundesnetzagentur_Jahresbericht.jpg","width":1500,"height":705},{"@type":"WebSite","@id":"https:\/\/www.deutsche-glasfaser.de\/blog\/#website","url":"https:\/\/www.deutsche-glasfaser.de\/blog\/","name":"Digitales B\u00fcrgernetz","description":"Deutsche Glasfaser Blog","publisher":{"@id":"https:\/\/www.deutsche-glasfaser.de\/blog\/#organization"},"potentialAction":[{"@type":"SearchAction","target":{"@type":"EntryPoint","urlTemplate":"https:\/\/www.deutsche-glasfaser.de\/blog\/?s={search_term_string}"},"query-input":{"@type":"PropertyValueSpecification","valueRequired":true,"valueName":"search_term_string"}}],"inLanguage":"de"},{"@type":"Organization","@id":"https:\/\/www.deutsche-glasfaser.de\/blog\/#organization","name":"Digitales B\u00fcrgernetz","url":"https:\/\/www.deutsche-glasfaser.de\/blog\/","logo":{"@type":"ImageObject","inLanguage":"de","@id":"https:\/\/www.deutsche-glasfaser.de\/blog\/#\/schema\/logo\/image\/","url":"https:\/\/www.deutsche-glasfaser.de\/blog\/wp-content\/uploads\/2021\/08\/DGF_Logo_Basis_RGB-Large@2x.png","contentUrl":"https:\/\/www.deutsche-glasfaser.de\/blog\/wp-content\/uploads\/2021\/08\/DGF_Logo_Basis_RGB-Large@2x.png","width":312,"height":104,"caption":"Digitales B\u00fcrgernetz"},"image":{"@id":"https:\/\/www.deutsche-glasfaser.de\/blog\/#\/schema\/logo\/image\/"}},{"@type":"Person","@id":"https:\/\/www.deutsche-glasfaser.de\/blog\/#\/schema\/person\/9380a6dc7443d77143d0c66c409f574b","name":"Deutsche Glasfaser"}]}},"_links":{"self":[{"href":"https:\/\/www.deutsche-glasfaser.de\/blog\/wp-json\/wp\/v2\/posts\/2374","targetHints":{"allow":["GET"]}}],"collection":[{"href":"https:\/\/www.deutsche-glasfaser.de\/blog\/wp-json\/wp\/v2\/posts"}],"about":[{"href":"https:\/\/www.deutsche-glasfaser.de\/blog\/wp-json\/wp\/v2\/types\/post"}],"author":[{"embeddable":true,"href":"https:\/\/www.deutsche-glasfaser.de\/blog\/wp-json\/wp\/v2\/users\/5"}],"replies":[{"embeddable":true,"href":"https:\/\/www.deutsche-glasfaser.de\/blog\/wp-json\/wp\/v2\/comments?post=2374"}],"version-history":[{"count":6,"href":"https:\/\/www.deutsche-glasfaser.de\/blog\/wp-json\/wp\/v2\/posts\/2374\/revisions"}],"predecessor-version":[{"id":14899,"href":"https:\/\/www.deutsche-glasfaser.de\/blog\/wp-json\/wp\/v2\/posts\/2374\/revisions\/14899"}],"wp:featuredmedia":[{"embeddable":true,"href":"https:\/\/www.deutsche-glasfaser.de\/blog\/wp-json\/wp\/v2\/media\/7421"}],"wp:attachment":[{"href":"https:\/\/www.deutsche-glasfaser.de\/blog\/wp-json\/wp\/v2\/media?parent=2374"}],"wp:term":[{"taxonomy":"category","embeddable":true,"href":"https:\/\/www.deutsche-glasfaser.de\/blog\/wp-json\/wp\/v2\/categories?post=2374"},{"taxonomy":"post_tag","embeddable":true,"href":"https:\/\/www.deutsche-glasfaser.de\/blog\/wp-json\/wp\/v2\/tags?post=2374"}],"curies":[{"name":"wp","href":"https:\/\/api.w.org\/{rel}","templated":true}]}}