{"id":234,"date":"2019-08-18T00:01:20","date_gmt":"2019-08-18T00:01:20","guid":{"rendered":"https:\/\/www.deutsche-glasfaser.de\/blog\/dgblog-snapshot-20190819123943\/?p=234"},"modified":"2025-12-09T10:57:17","modified_gmt":"2025-12-09T09:57:17","slug":"alexa-gegen-datenklau","status":"publish","type":"post","link":"https:\/\/www.deutsche-glasfaser.de\/blog\/alexa-gegen-datenklau\/","title":{"rendered":"Alexa: Edge Computing gegen den Datenklau"},"content":{"rendered":"\t\t<div data-elementor-type=\"wp-post\" data-elementor-id=\"234\" class=\"elementor elementor-234\">\n\t\t\t\t\t\t<section class=\"elementor-section elementor-top-section elementor-element elementor-element-3fc7e65d elementor-section-boxed elementor-section-height-default elementor-section-height-default\" data-id=\"3fc7e65d\" data-element_type=\"section\" data-e-type=\"section\">\n\t\t\t\t\t\t<div class=\"elementor-container elementor-column-gap-default\">\n\t\t\t\t\t<div class=\"elementor-column elementor-col-100 elementor-top-column elementor-element elementor-element-7bf81cd3\" data-id=\"7bf81cd3\" data-element_type=\"column\" data-e-type=\"column\">\n\t\t\t<div class=\"elementor-widget-wrap elementor-element-populated\">\n\t\t\t\t\t\t<div class=\"elementor-element elementor-element-1b4bdf08 elementor-widget elementor-widget-text-editor\" data-id=\"1b4bdf08\" data-element_type=\"widget\" data-e-type=\"widget\" data-widget_type=\"text-editor.default\">\n\t\t\t\t<div class=\"elementor-widget-container\">\n\t\t\t\t\t\t\t\t\t<p><\/p>\n<p class=\"wp-block-subhead\">Weihnachten 2018: Wieder einmal ein Datenskandal bei Amazon. Wieder geht es um den Sprachassistenten Alexa. Ein Kunde erhielt auf Anfrage von Amazon eine Datei mit Hunderten von Tonaufzeichnungen des Sprachassistenten \u2013 doch die geh\u00f6rten nicht ihm, sondern einem anderen Nutzer. Datenskandale wie diese kommen bei Alexa und Co. beinahe w\u00f6chentlich vor. Die Frage: K\u00f6nnen lokale Speicher auf den Ger\u00e4ten das Datenproblem wirklich l\u00f6sen?<\/p>\n<p><\/p>\n<p><\/p>\n<p>Zuk\u00fcnftig sind alle Ger\u00e4te im Haus miteinander vernetzt \u2013 die Kaffeemaschine mit dem Lichtschalter, der Lichtschalter mit dem Fernseher und alles zusammen mit dem <a href=\"https:\/\/www.deutsche-glasfaser.de\/blog\/10-tipps-fuer-mehr-sicherheit-im-internet\/\" target=\"_blank\" rel=\"noreferrer noopener\">Internet<\/a>. Per Sprachbefehl befehlen wir Alexa oder Google Assistant welche Serie auf dem Fernseher l\u00e4uft oder wann der Kaffee gebr\u00fcht werden soll. Dabei speichern die Sprachassistenten jeden Befehl und jedes Hintergrundger\u00e4usch in der Cloud \u2013 und Amazon und Co. profitieren sogar davon, da sie die Daten auswerten und so den Service verbessern. Datenschutz sieht anders aus. Deshalb arbeiten IT-Experten mittlerweile an lokalen Speichern, die die Daten an Ort und Stelle verarbeiten und analysieren. Die L\u00f6sung: Edge Computing.<\/p>\n<p><\/p>\n<p><\/p>\n<p><strong>Daten werden nicht mehr weitergereicht<\/strong><\/p>\n<p><\/p>\n<p><\/p>\n<p>Edge Computing funktioniert \u00fcber lokale Speicher auf den Ger\u00e4ten, in denen die Daten gespeichert werden. So werden die pers\u00f6nlichen Inhalte nicht mehr an die <a href=\"https:\/\/www.deutsche-glasfaser.de\/blog\/cloud-technologie-im-alltag\/\" target=\"_blank\" rel=\"noreferrer noopener\">Cloud-Speicher<\/a> von Konzernen geschickt, sondern bleiben sch\u00f6n im eigenen Zuhause. Ersetzt also Cloud Computing bald Alexa? Nein, denn eher wird Cloud Computing die Sprachassistenten erg\u00e4nzen und sicherer machen. Informationen filtern und nur das N\u00f6tigste an die Cloud schicken \u2013 alleine das w\u00e4re schon ein gro\u00dfer Fortschritt f\u00fcr den Datenschutz.<\/p>\n<p><\/p>\n<p><\/p>\n<p><strong>Wie sieht Edge Computing aus?<\/strong><\/p>\n<p><\/p>\n<p><\/p>\n<p>Gerade f\u00fcr Unternehmen wird Edge Computing in den n\u00e4chsten Jahren immer wichtiger.\u00a0 Experten gehen davon aus, dass die Datenmenge bis 2025 auf \u00fcber 175 Milliarden Terrabytes ansteigen wird. Zum Vergleich: Aktuell sind es noch 33 Milliarden. Damit Unternehmen effizient arbeiten k\u00f6nnen, brauchen sie die Datenanalyse direkt vor Ort und jederzeit griffbereit. So werden Reaktionszeiten minimiert und die Sicherheit erh\u00f6ht, da die Daten selbst \u00fcberwacht werden k\u00f6nnen. So ist Edge Computing bereits heute etwa beim autonomen Fahren integriert. Selbstfahrende Autos k\u00f6nnen nur so Daten in Echtzeit auswerten und Unf\u00e4lle verhindern.<\/p>\n<p><\/p>\n<p><\/p>\n<p>So werden nicht nur Leben, sondern auch Daten gerettet \u2013 zum Vorteil f\u00fcr uns alle<\/p>\n<p><\/p>\t\t\t\t\t\t\t\t<\/div>\n\t\t\t\t<\/div>\n\t\t\t\t\t<\/div>\n\t\t<\/div>\n\t\t\t\t\t<\/div>\n\t\t<\/section>\n\t\t\t\t<\/div>\n\t\t","protected":false},"excerpt":{"rendered":"<p>Zuk\u00fcnftig sind alle Ger\u00e4te im Haus miteinander vernetzt \u2013 die Kaffeemaschine mit dem Lichtschalter, der Lichtschalter mit dem Fernseher und alles zusammen mit dem Internet. Per Sprachbefehl befehlen wir Alexa oder Google Assistant welche Serie auf dem Fernseher l\u00e4uft oder [&hellip;]<\/p>\n","protected":false},"author":5,"featured_media":5915,"comment_status":"closed","ping_status":"closed","sticky":false,"template":"","format":"standard","meta":{"footnotes":""},"categories":[1],"tags":[],"class_list":["post-234","post","type-post","status-publish","format-standard","has-post-thumbnail","hentry","category-service"],"yoast_head":"<!-- This site is optimized with the Yoast SEO plugin v27.5 - https:\/\/yoast.com\/product\/yoast-seo-wordpress\/ -->\n<title>Datendiebstahl vermeiden \u2013 mit Edge Computing<\/title>\n<meta name=\"description\" content=\"Edge Computing funktioniert \u00fcber lokale Speicher auf den Ger\u00e4ten, in denen Daten gespeichert werden und bleiben so im eigenen Zuhause: Wird Alexa ersetzt?\" \/>\n<meta name=\"robots\" content=\"index, follow, max-snippet:-1, max-image-preview:large, max-video-preview:-1\" \/>\n<link rel=\"canonical\" href=\"https:\/\/www.deutsche-glasfaser.de\/blog\/alexa-gegen-datenklau\/\" \/>\n<meta property=\"og:locale\" content=\"de_DE\" \/>\n<meta property=\"og:type\" content=\"article\" \/>\n<meta property=\"og:title\" content=\"Datendiebstahl vermeiden \u2013 mit Edge Computing\" \/>\n<meta property=\"og:description\" content=\"Edge Computing funktioniert \u00fcber lokale Speicher auf den Ger\u00e4ten, in denen Daten gespeichert werden und bleiben so im eigenen Zuhause: Wird Alexa ersetzt?\" \/>\n<meta property=\"og:url\" content=\"https:\/\/www.deutsche-glasfaser.de\/blog\/alexa-gegen-datenklau\/\" \/>\n<meta property=\"og:site_name\" content=\"Digitales B\u00fcrgernetz\" \/>\n<meta property=\"article:published_time\" content=\"2019-08-18T00:01:20+00:00\" \/>\n<meta property=\"article:modified_time\" content=\"2025-12-09T09:57:17+00:00\" \/>\n<meta property=\"og:image\" content=\"https:\/\/www.deutsche-glasfaser.de\/blog\/wp-content\/uploads\/2021\/08\/Cloud_Services_CS.jpg\" \/>\n\t<meta property=\"og:image:width\" content=\"1500\" \/>\n\t<meta property=\"og:image:height\" content=\"719\" \/>\n\t<meta property=\"og:image:type\" content=\"image\/jpeg\" \/>\n<meta name=\"author\" content=\"Deutsche Glasfaser\" \/>\n<meta name=\"twitter:card\" content=\"summary_large_image\" \/>\n<meta name=\"twitter:label1\" content=\"Verfasst von\" \/>\n\t<meta name=\"twitter:data1\" content=\"Deutsche Glasfaser\" \/>\n\t<meta name=\"twitter:label2\" content=\"Gesch\u00e4tzte Lesezeit\" \/>\n\t<meta name=\"twitter:data2\" content=\"3\u00a0Minuten\" \/>\n<script type=\"application\/ld+json\" class=\"yoast-schema-graph\">{\"@context\":\"https:\\\/\\\/schema.org\",\"@graph\":[{\"@type\":\"Article\",\"@id\":\"https:\\\/\\\/www.deutsche-glasfaser.de\\\/blog\\\/alexa-gegen-datenklau\\\/#article\",\"isPartOf\":{\"@id\":\"https:\\\/\\\/www.deutsche-glasfaser.de\\\/blog\\\/alexa-gegen-datenklau\\\/\"},\"author\":{\"name\":\"Deutsche Glasfaser\",\"@id\":\"https:\\\/\\\/www.deutsche-glasfaser.de\\\/blog\\\/#\\\/schema\\\/person\\\/9380a6dc7443d77143d0c66c409f574b\"},\"headline\":\"Alexa: Edge Computing gegen den Datenklau\",\"datePublished\":\"2019-08-18T00:01:20+00:00\",\"dateModified\":\"2025-12-09T09:57:17+00:00\",\"mainEntityOfPage\":{\"@id\":\"https:\\\/\\\/www.deutsche-glasfaser.de\\\/blog\\\/alexa-gegen-datenklau\\\/\"},\"wordCount\":375,\"publisher\":{\"@id\":\"https:\\\/\\\/www.deutsche-glasfaser.de\\\/blog\\\/#organization\"},\"image\":{\"@id\":\"https:\\\/\\\/www.deutsche-glasfaser.de\\\/blog\\\/alexa-gegen-datenklau\\\/#primaryimage\"},\"thumbnailUrl\":\"https:\\\/\\\/www.deutsche-glasfaser.de\\\/blog\\\/wp-content\\\/uploads\\\/2021\\\/08\\\/Cloud_Services_CS.jpg\",\"articleSection\":[\"Service\"],\"inLanguage\":\"de\"},{\"@type\":\"WebPage\",\"@id\":\"https:\\\/\\\/www.deutsche-glasfaser.de\\\/blog\\\/alexa-gegen-datenklau\\\/\",\"url\":\"https:\\\/\\\/www.deutsche-glasfaser.de\\\/blog\\\/alexa-gegen-datenklau\\\/\",\"name\":\"Datendiebstahl vermeiden \u2013 mit Edge Computing\",\"isPartOf\":{\"@id\":\"https:\\\/\\\/www.deutsche-glasfaser.de\\\/blog\\\/#website\"},\"primaryImageOfPage\":{\"@id\":\"https:\\\/\\\/www.deutsche-glasfaser.de\\\/blog\\\/alexa-gegen-datenklau\\\/#primaryimage\"},\"image\":{\"@id\":\"https:\\\/\\\/www.deutsche-glasfaser.de\\\/blog\\\/alexa-gegen-datenklau\\\/#primaryimage\"},\"thumbnailUrl\":\"https:\\\/\\\/www.deutsche-glasfaser.de\\\/blog\\\/wp-content\\\/uploads\\\/2021\\\/08\\\/Cloud_Services_CS.jpg\",\"datePublished\":\"2019-08-18T00:01:20+00:00\",\"dateModified\":\"2025-12-09T09:57:17+00:00\",\"description\":\"Edge Computing funktioniert \u00fcber lokale Speicher auf den Ger\u00e4ten, in denen Daten gespeichert werden und bleiben so im eigenen Zuhause: Wird Alexa ersetzt?\",\"inLanguage\":\"de\",\"potentialAction\":[{\"@type\":\"ReadAction\",\"target\":[\"https:\\\/\\\/www.deutsche-glasfaser.de\\\/blog\\\/alexa-gegen-datenklau\\\/\"]}]},{\"@type\":\"ImageObject\",\"inLanguage\":\"de\",\"@id\":\"https:\\\/\\\/www.deutsche-glasfaser.de\\\/blog\\\/alexa-gegen-datenklau\\\/#primaryimage\",\"url\":\"https:\\\/\\\/www.deutsche-glasfaser.de\\\/blog\\\/wp-content\\\/uploads\\\/2021\\\/08\\\/Cloud_Services_CS.jpg\",\"contentUrl\":\"https:\\\/\\\/www.deutsche-glasfaser.de\\\/blog\\\/wp-content\\\/uploads\\\/2021\\\/08\\\/Cloud_Services_CS.jpg\",\"width\":1500,\"height\":719},{\"@type\":\"WebSite\",\"@id\":\"https:\\\/\\\/www.deutsche-glasfaser.de\\\/blog\\\/#website\",\"url\":\"https:\\\/\\\/www.deutsche-glasfaser.de\\\/blog\\\/\",\"name\":\"Digitales B\u00fcrgernetz\",\"description\":\"Deutsche Glasfaser Blog\",\"publisher\":{\"@id\":\"https:\\\/\\\/www.deutsche-glasfaser.de\\\/blog\\\/#organization\"},\"potentialAction\":[{\"@type\":\"SearchAction\",\"target\":{\"@type\":\"EntryPoint\",\"urlTemplate\":\"https:\\\/\\\/www.deutsche-glasfaser.de\\\/blog\\\/?s={search_term_string}\"},\"query-input\":{\"@type\":\"PropertyValueSpecification\",\"valueRequired\":true,\"valueName\":\"search_term_string\"}}],\"inLanguage\":\"de\"},{\"@type\":\"Organization\",\"@id\":\"https:\\\/\\\/www.deutsche-glasfaser.de\\\/blog\\\/#organization\",\"name\":\"Digitales B\u00fcrgernetz\",\"url\":\"https:\\\/\\\/www.deutsche-glasfaser.de\\\/blog\\\/\",\"logo\":{\"@type\":\"ImageObject\",\"inLanguage\":\"de\",\"@id\":\"https:\\\/\\\/www.deutsche-glasfaser.de\\\/blog\\\/#\\\/schema\\\/logo\\\/image\\\/\",\"url\":\"https:\\\/\\\/www.deutsche-glasfaser.de\\\/blog\\\/wp-content\\\/uploads\\\/2021\\\/08\\\/DGF_Logo_Basis_RGB-Large@2x.png\",\"contentUrl\":\"https:\\\/\\\/www.deutsche-glasfaser.de\\\/blog\\\/wp-content\\\/uploads\\\/2021\\\/08\\\/DGF_Logo_Basis_RGB-Large@2x.png\",\"width\":312,\"height\":104,\"caption\":\"Digitales B\u00fcrgernetz\"},\"image\":{\"@id\":\"https:\\\/\\\/www.deutsche-glasfaser.de\\\/blog\\\/#\\\/schema\\\/logo\\\/image\\\/\"}},{\"@type\":\"Person\",\"@id\":\"https:\\\/\\\/www.deutsche-glasfaser.de\\\/blog\\\/#\\\/schema\\\/person\\\/9380a6dc7443d77143d0c66c409f574b\",\"name\":\"Deutsche Glasfaser\"}]}<\/script>\n<!-- \/ Yoast SEO plugin. -->","yoast_head_json":{"title":"Datendiebstahl vermeiden \u2013 mit Edge Computing","description":"Edge Computing funktioniert \u00fcber lokale Speicher auf den Ger\u00e4ten, in denen Daten gespeichert werden und bleiben so im eigenen Zuhause: Wird Alexa ersetzt?","robots":{"index":"index","follow":"follow","max-snippet":"max-snippet:-1","max-image-preview":"max-image-preview:large","max-video-preview":"max-video-preview:-1"},"canonical":"https:\/\/www.deutsche-glasfaser.de\/blog\/alexa-gegen-datenklau\/","og_locale":"de_DE","og_type":"article","og_title":"Datendiebstahl vermeiden \u2013 mit Edge Computing","og_description":"Edge Computing funktioniert \u00fcber lokale Speicher auf den Ger\u00e4ten, in denen Daten gespeichert werden und bleiben so im eigenen Zuhause: Wird Alexa ersetzt?","og_url":"https:\/\/www.deutsche-glasfaser.de\/blog\/alexa-gegen-datenklau\/","og_site_name":"Digitales B\u00fcrgernetz","article_published_time":"2019-08-18T00:01:20+00:00","article_modified_time":"2025-12-09T09:57:17+00:00","og_image":[{"width":1500,"height":719,"url":"https:\/\/www.deutsche-glasfaser.de\/blog\/wp-content\/uploads\/2021\/08\/Cloud_Services_CS.jpg","type":"image\/jpeg"}],"author":"Deutsche Glasfaser","twitter_card":"summary_large_image","twitter_misc":{"Verfasst von":"Deutsche Glasfaser","Gesch\u00e4tzte Lesezeit":"3\u00a0Minuten"},"schema":{"@context":"https:\/\/schema.org","@graph":[{"@type":"Article","@id":"https:\/\/www.deutsche-glasfaser.de\/blog\/alexa-gegen-datenklau\/#article","isPartOf":{"@id":"https:\/\/www.deutsche-glasfaser.de\/blog\/alexa-gegen-datenklau\/"},"author":{"name":"Deutsche Glasfaser","@id":"https:\/\/www.deutsche-glasfaser.de\/blog\/#\/schema\/person\/9380a6dc7443d77143d0c66c409f574b"},"headline":"Alexa: Edge Computing gegen den Datenklau","datePublished":"2019-08-18T00:01:20+00:00","dateModified":"2025-12-09T09:57:17+00:00","mainEntityOfPage":{"@id":"https:\/\/www.deutsche-glasfaser.de\/blog\/alexa-gegen-datenklau\/"},"wordCount":375,"publisher":{"@id":"https:\/\/www.deutsche-glasfaser.de\/blog\/#organization"},"image":{"@id":"https:\/\/www.deutsche-glasfaser.de\/blog\/alexa-gegen-datenklau\/#primaryimage"},"thumbnailUrl":"https:\/\/www.deutsche-glasfaser.de\/blog\/wp-content\/uploads\/2021\/08\/Cloud_Services_CS.jpg","articleSection":["Service"],"inLanguage":"de"},{"@type":"WebPage","@id":"https:\/\/www.deutsche-glasfaser.de\/blog\/alexa-gegen-datenklau\/","url":"https:\/\/www.deutsche-glasfaser.de\/blog\/alexa-gegen-datenklau\/","name":"Datendiebstahl vermeiden \u2013 mit Edge Computing","isPartOf":{"@id":"https:\/\/www.deutsche-glasfaser.de\/blog\/#website"},"primaryImageOfPage":{"@id":"https:\/\/www.deutsche-glasfaser.de\/blog\/alexa-gegen-datenklau\/#primaryimage"},"image":{"@id":"https:\/\/www.deutsche-glasfaser.de\/blog\/alexa-gegen-datenklau\/#primaryimage"},"thumbnailUrl":"https:\/\/www.deutsche-glasfaser.de\/blog\/wp-content\/uploads\/2021\/08\/Cloud_Services_CS.jpg","datePublished":"2019-08-18T00:01:20+00:00","dateModified":"2025-12-09T09:57:17+00:00","description":"Edge Computing funktioniert \u00fcber lokale Speicher auf den Ger\u00e4ten, in denen Daten gespeichert werden und bleiben so im eigenen Zuhause: Wird Alexa ersetzt?","inLanguage":"de","potentialAction":[{"@type":"ReadAction","target":["https:\/\/www.deutsche-glasfaser.de\/blog\/alexa-gegen-datenklau\/"]}]},{"@type":"ImageObject","inLanguage":"de","@id":"https:\/\/www.deutsche-glasfaser.de\/blog\/alexa-gegen-datenklau\/#primaryimage","url":"https:\/\/www.deutsche-glasfaser.de\/blog\/wp-content\/uploads\/2021\/08\/Cloud_Services_CS.jpg","contentUrl":"https:\/\/www.deutsche-glasfaser.de\/blog\/wp-content\/uploads\/2021\/08\/Cloud_Services_CS.jpg","width":1500,"height":719},{"@type":"WebSite","@id":"https:\/\/www.deutsche-glasfaser.de\/blog\/#website","url":"https:\/\/www.deutsche-glasfaser.de\/blog\/","name":"Digitales B\u00fcrgernetz","description":"Deutsche Glasfaser Blog","publisher":{"@id":"https:\/\/www.deutsche-glasfaser.de\/blog\/#organization"},"potentialAction":[{"@type":"SearchAction","target":{"@type":"EntryPoint","urlTemplate":"https:\/\/www.deutsche-glasfaser.de\/blog\/?s={search_term_string}"},"query-input":{"@type":"PropertyValueSpecification","valueRequired":true,"valueName":"search_term_string"}}],"inLanguage":"de"},{"@type":"Organization","@id":"https:\/\/www.deutsche-glasfaser.de\/blog\/#organization","name":"Digitales B\u00fcrgernetz","url":"https:\/\/www.deutsche-glasfaser.de\/blog\/","logo":{"@type":"ImageObject","inLanguage":"de","@id":"https:\/\/www.deutsche-glasfaser.de\/blog\/#\/schema\/logo\/image\/","url":"https:\/\/www.deutsche-glasfaser.de\/blog\/wp-content\/uploads\/2021\/08\/DGF_Logo_Basis_RGB-Large@2x.png","contentUrl":"https:\/\/www.deutsche-glasfaser.de\/blog\/wp-content\/uploads\/2021\/08\/DGF_Logo_Basis_RGB-Large@2x.png","width":312,"height":104,"caption":"Digitales B\u00fcrgernetz"},"image":{"@id":"https:\/\/www.deutsche-glasfaser.de\/blog\/#\/schema\/logo\/image\/"}},{"@type":"Person","@id":"https:\/\/www.deutsche-glasfaser.de\/blog\/#\/schema\/person\/9380a6dc7443d77143d0c66c409f574b","name":"Deutsche Glasfaser"}]}},"_links":{"self":[{"href":"https:\/\/www.deutsche-glasfaser.de\/blog\/wp-json\/wp\/v2\/posts\/234","targetHints":{"allow":["GET"]}}],"collection":[{"href":"https:\/\/www.deutsche-glasfaser.de\/blog\/wp-json\/wp\/v2\/posts"}],"about":[{"href":"https:\/\/www.deutsche-glasfaser.de\/blog\/wp-json\/wp\/v2\/types\/post"}],"author":[{"embeddable":true,"href":"https:\/\/www.deutsche-glasfaser.de\/blog\/wp-json\/wp\/v2\/users\/5"}],"replies":[{"embeddable":true,"href":"https:\/\/www.deutsche-glasfaser.de\/blog\/wp-json\/wp\/v2\/comments?post=234"}],"version-history":[{"count":7,"href":"https:\/\/www.deutsche-glasfaser.de\/blog\/wp-json\/wp\/v2\/posts\/234\/revisions"}],"predecessor-version":[{"id":14850,"href":"https:\/\/www.deutsche-glasfaser.de\/blog\/wp-json\/wp\/v2\/posts\/234\/revisions\/14850"}],"wp:featuredmedia":[{"embeddable":true,"href":"https:\/\/www.deutsche-glasfaser.de\/blog\/wp-json\/wp\/v2\/media\/5915"}],"wp:attachment":[{"href":"https:\/\/www.deutsche-glasfaser.de\/blog\/wp-json\/wp\/v2\/media?parent=234"}],"wp:term":[{"taxonomy":"category","embeddable":true,"href":"https:\/\/www.deutsche-glasfaser.de\/blog\/wp-json\/wp\/v2\/categories?post=234"},{"taxonomy":"post_tag","embeddable":true,"href":"https:\/\/www.deutsche-glasfaser.de\/blog\/wp-json\/wp\/v2\/tags?post=234"}],"curies":[{"name":"wp","href":"https:\/\/api.w.org\/{rel}","templated":true}]}}