{"id":2301,"date":"2021-05-26T13:37:01","date_gmt":"2021-05-26T13:37:01","guid":{"rendered":"https:\/\/www.deutsche-glasfaser.de\/blog\/dgblog-snapshot-20190819123943\/?p=2301"},"modified":"2025-12-09T09:43:28","modified_gmt":"2025-12-09T08:43:28","slug":"nachhaltiger-personenverkehr","status":"publish","type":"post","link":"https:\/\/www.deutsche-glasfaser.de\/blog\/nachhaltiger-personenverkehr\/","title":{"rendered":"Nachhaltiger Personenverkehr &#8211; Chancen durch Digitalisierung"},"content":{"rendered":"\t\t<div data-elementor-type=\"wp-post\" data-elementor-id=\"2301\" class=\"elementor elementor-2301\">\n\t\t\t\t\t\t<section class=\"elementor-section elementor-top-section elementor-element elementor-element-1721d62 elementor-section-boxed elementor-section-height-default elementor-section-height-default\" data-id=\"1721d62\" data-element_type=\"section\" data-e-type=\"section\">\n\t\t\t\t\t\t<div class=\"elementor-container elementor-column-gap-default\">\n\t\t\t\t\t<div class=\"elementor-column elementor-col-100 elementor-top-column elementor-element elementor-element-86c881d\" data-id=\"86c881d\" data-element_type=\"column\" data-e-type=\"column\">\n\t\t\t<div class=\"elementor-widget-wrap elementor-element-populated\">\n\t\t\t\t\t\t<div class=\"elementor-element elementor-element-7d746dd elementor-widget elementor-widget-text-editor\" data-id=\"7d746dd\" data-element_type=\"widget\" data-e-type=\"widget\" data-widget_type=\"text-editor.default\">\n\t\t\t\t<div class=\"elementor-widget-container\">\n\t\t\t\t\t\t\t\t\t<p>Mobilit\u00e4t und Erreichbarkeit sind zentrale Voraussetzungen f\u00fcr Teilhabe, wirtschaftlichen Austausch, Besch\u00e4ftigung und Wohlstand in unserer Gesellschaft. Gleichzeitig ist das derzeitige Verkehrssystem jedoch durch starke Umweltbelastungen gekennzeichnet. Der Verkehr \u2013 genauer die \u2060Verkehrsleistung\u2060 \u2013 hat sich in Deutschland in den vergangenen Jahrzehnten kontinuierlich erh\u00f6ht: Seit 1960 hat sich der G\u00fcterverkehr mehr als verdreifacht, der Personenverkehr sogar vervierfacht.<\/p>\t\t\t\t\t\t\t\t<\/div>\n\t\t\t\t<\/div>\n\t\t\t\t<div class=\"elementor-element elementor-element-3358e19 elementor-widget elementor-widget-table-of-contents\" data-id=\"3358e19\" data-element_type=\"widget\" data-e-type=\"widget\" data-widget_type=\"table-of-contents.default\">\n\t\t\t\t<div class=\"elementor-widget-container\">\n\t\t\t\t\t \t\t\t\t<\/div>\n\t\t\t\t<\/div>\n\t\t\t\t<div class=\"elementor-element elementor-element-a79587d elementor-widget elementor-widget-heading\" data-id=\"a79587d\" data-element_type=\"widget\" data-e-type=\"widget\" data-widget_type=\"heading.default\">\n\t\t\t\t<div class=\"elementor-widget-container\">\n\t\t\t\t\t<h2 class=\"elementor-heading-title elementor-size-default\">Mobilit\u00e4t heute<\/h2>\t\t\t\t<\/div>\n\t\t\t\t<\/div>\n\t\t\t\t<div class=\"elementor-element elementor-element-a01f74b elementor-widget elementor-widget-text-editor\" data-id=\"a01f74b\" data-element_type=\"widget\" data-e-type=\"widget\" data-widget_type=\"text-editor.default\">\n\t\t\t\t<div class=\"elementor-widget-container\">\n\t\t\t\t\t\t\t\t\t<p>Im Gegensatz zu fr\u00fcher sind die Fahrzeuge heute deutlich leiser und sauberer geworden. Jedoch verursacht der motorisierte Verkehr durch Aussto\u00dfen von Klimagasen, Luftschadstoffe und L\u00e4rm viele negative Umweltwirkungen. Aktuell sorgt der Verkehr f\u00fcr rund ein F\u00fcnftel der Gesamt-Treibhausgasemissionen in Deutschland.\u00a0<\/p>\t\t\t\t\t\t\t\t<\/div>\n\t\t\t\t<\/div>\n\t\t\t\t<div class=\"elementor-element elementor-element-99293a3 elementor-widget elementor-widget-heading\" data-id=\"99293a3\" data-element_type=\"widget\" data-e-type=\"widget\" data-widget_type=\"heading.default\">\n\t\t\t\t<div class=\"elementor-widget-container\">\n\t\t\t\t\t<h2 class=\"elementor-heading-title elementor-size-default\">Mobilit\u00e4t der Zukunft<\/h2>\t\t\t\t<\/div>\n\t\t\t\t<\/div>\n\t\t\t\t<div class=\"elementor-element elementor-element-89d98d6 elementor-widget elementor-widget-text-editor\" data-id=\"89d98d6\" data-element_type=\"widget\" data-e-type=\"widget\" data-widget_type=\"text-editor.default\">\n\t\t\t\t<div class=\"elementor-widget-container\">\n\t\t\t\t\t\t\t\t\t<p>Es wird viel um nachhaltige Mobilit\u00e4t bzw. \u201eGreen Driving\u201c diskutiert. Dies ist ein Verkehrskonzept, bei dem nur so viele Treibstoff verbraucht bzw. so viele Emissionen produziert werden, dass das \u00d6kosystem trotzdem noch in der Lage ist, sich zu regenerieren. Au\u00dferdem verfolgt das Prinzip das Ziel, die Kapazit\u00e4ten der Infrastruktur nicht zu \u00fcberschreiten, wie z. B. den vorhandenen Platz auf den Stra\u00dfen und im Parkraum.<\/p><p>Die Bundesregierung hat mit ihrem Klimaschutzgesetz\u00a0(KSG) beschlossen, die j\u00e4hrlichen Treibhausgasemissionen im Verkehrsbereich von aktuell rund 160 Millionen Tonnen CO2\u2060-\u00c4quivalent auf 95 Tonnen im Jahr 2030 abzusenken und langfristig bis zum Jahr 2050 das Ziel der Treibhausgasneutralit\u00e4t zu verfolgen.<\/p><p>Viele Forscher auf der ganzen Welt stellen sich daher die Frage: Wie l\u00e4sst sich aber die Mobilit\u00e4t von Personen und G\u00fctern erhalten und sichern, ohne dass der Verkehr langfristig Mensch und Umwelt \u00fcberm\u00e4\u00dfig belastet?<\/p>\t\t\t\t\t\t\t\t<\/div>\n\t\t\t\t<\/div>\n\t\t\t\t<div class=\"elementor-element elementor-element-9865c31 elementor-widget elementor-widget-heading\" data-id=\"9865c31\" data-element_type=\"widget\" data-e-type=\"widget\" data-widget_type=\"heading.default\">\n\t\t\t\t<div class=\"elementor-widget-container\">\n\t\t\t\t\t<h2 class=\"elementor-heading-title elementor-size-default\">Carsharing - Dank teilen zu weniger Verkehr<\/h2>\t\t\t\t<\/div>\n\t\t\t\t<\/div>\n\t\t\t\t<div class=\"elementor-element elementor-element-dd46df5 elementor-widget elementor-widget-text-editor\" data-id=\"dd46df5\" data-element_type=\"widget\" data-e-type=\"widget\" data-widget_type=\"text-editor.default\">\n\t\t\t\t<div class=\"elementor-widget-container\">\n\t\t\t\t\t\t\t\t\t<p>In Zukunft m\u00fcssen neue Mobilit\u00e4tskonzepte geschafften werden und bereits bestehende Angebote m\u00fcssen ausgebaut und verbessert werden.<\/p><p>Insbesondere in Gro\u00dfst\u00e4dten wird das Konzept \u201eCarsharing\u201c schon genutzt. Nutzer finden durch Apps Fahrgemeinschaften und k\u00f6nnen sich vernetzen, um sich Verkehrsmittel zu teilen. Dadurch werden viele Emissionen eingespart und es hat einen positiven Einfluss auf unsere Umwelt. Dieses Mobilit\u00e4tskonzept ist auch f\u00fcr junge Erwachsene und Menschen ohne F\u00fchrerschein attraktiv. So haben sie die M\u00f6glichkeit auch ohne ein eigens Auto, Ziele mit dem PKW zu erreichen.\u00a0 Durch Apps, Smartphones und eine ausgebaute Glasfaserinfrastruktur lassen sich Fahrgemeinschaften einfach und schnell finden. In Zukunft werden nicht nur Gro\u00dfst\u00e4dte von solchen Konzepten profitieren. Auch in kleineren Gemeinden oder auf dem Land wird es vermehrt die M\u00f6glichkeit geben \u201eCarsharing\u201c zu betreiben und gleichzeitig was Gutes f\u00fcr die Umwelt zu tun. Ein weiterer nennenswerter Aspekt des Konzepts ist, dass es weniger blockierte Fl\u00e4chen durch Parkpl\u00e4tze gibt. Zuk\u00fcnftig wird nicht jeder Mensch ein eigenes Auto ben\u00f6tigen. Dieser gewonnene Platz kann dadurch f\u00fcr andere nachhaltige Innovationen genutzt werden. Zudem k\u00f6nnte das \u201eCarsharing\u201c auf nationaler, europ\u00e4ischer oder internationaler Ebene genutzt werden. Eine Voraussetzung hierf\u00fcr ist mitunter eine sehr gute digitale Infrastruktur, welche durch den Glasfaserausbau in Deutschland vorangetrieben wird.\u00a0<\/p><p>\u00a0<\/p>\t\t\t\t\t\t\t\t<\/div>\n\t\t\t\t<\/div>\n\t\t\t\t<div class=\"elementor-element elementor-element-ac2cb0a elementor-widget elementor-widget-heading\" data-id=\"ac2cb0a\" data-element_type=\"widget\" data-e-type=\"widget\" data-widget_type=\"heading.default\">\n\t\t\t\t<div class=\"elementor-widget-container\">\n\t\t\t\t\t<h2 class=\"elementor-heading-title elementor-size-default\">Autonomes Fahren - Von Science Fiction zu nachhaltiger Realit\u00e4t?<\/h2>\t\t\t\t<\/div>\n\t\t\t\t<\/div>\n\t\t\t\t<div class=\"elementor-element elementor-element-41c2e83 elementor-widget elementor-widget-text-editor\" data-id=\"41c2e83\" data-element_type=\"widget\" data-e-type=\"widget\" data-widget_type=\"text-editor.default\">\n\t\t\t\t<div class=\"elementor-widget-container\">\n\t\t\t\t\t\t\t\t\t<p>96 Prozent aller Fahrzeuge auf den Stra\u00dfen fallen in die Kategorie privat genutzte PKWs. Private PKWs werden am Tag selten genutzt und stehen 95% der Zeit stillt. Die Etablierung von gemeinschaftlich genutzten ,,Roboter-Taxis\u201c k\u00f6nnte eine willkommene Alternative f\u00fcr Menschen sein, die sonst ein eigenes Auto finanzieren und versichern m\u00fcssten. Autonome Autos k\u00f6nnen auf zwei Arten zu Reduktion von CO2- Emissionen beitragen.<\/p><ul><li>Erstens, indem Haushalte, die bisher zwei Autos hatten, mit einem einzigen autonomen Fahrzeug auskommen, das mehrere Familienmitglieder selbstst\u00e4ndig an einen Ort bringt und wieder abholt.<\/li><li>Zweitens, indem autonome Fahrzeuge im \u00f6ffentlichen Nahverkehr eingesetzt werden. Als ,,Roboter-Taxis\u201c k\u00f6nnen mehrere Personen an unterschiedlichen Abfahrtsorten aufgenommen und auf der Sprit-sparendsten Route an ihr Ziel gebracht werden.<\/li><\/ul><p>Der Bedarf an rein privat genutzten Autos w\u00fcrde dadurch massiv zur\u00fcckgehen. Zudem w\u00fcrde es durch autonomes fahren \u00a0durch eine \u00a0GPS-gesteuerte Parkplatzsuche zu Spriteinsparungen kommen. Leere Parkl\u00fccken k\u00f6nnen durch ein smartes System direkt angesteuert werden. Unn\u00f6tige Fahrten um den Block bis zum n\u00e4chsten freien Platz k\u00f6nnten eingespart werden.<\/p><p>Wenn man diese Entwicklungen weiterdenkt, kommt man in ein Szenario, in dem ein Gro\u00dfteil der Fahrzeuge auf der Stra\u00dfe autonom fahren. Dann k\u00f6nnen sich Autos untereinander vernetzen und den Verkehrsfluss selbst regeln, sodass es keine Stra\u00dfenampeln oder ein st\u00e4ndiges Beschleunigen und Bremsen g\u00e4be. In all diesen Szenarien ist das autonome Fahren ein Mittel f\u00fcr weniger Autos auf den Stra\u00dfen, sinkende CO2-Emissionen, geringerer L\u00e4rm und weniger Stau. Eine wichtige Voraussetzung ist eine ausgebaute digitale Infrastruktur und innovative Systeme, welche die Steuerung \u00fcbernehmen. Nur mit<a href=\"https:\/\/www.deutsche-glasfaser.de\/blog\/wozu-wird-schon-heute-ein-ftth-anschluss-benoetigt\/\" target=\"_blank\" rel=\"noopener\"> zukunftsf\u00e4higen Gigabit-Leitungen<\/a> lassen sich die gr\u00f6\u00dferen Datenmengen schnell transportieren.<\/p>\t\t\t\t\t\t\t\t<\/div>\n\t\t\t\t<\/div>\n\t\t\t\t<div class=\"elementor-element elementor-element-928824a elementor-widget elementor-widget-heading\" data-id=\"928824a\" data-element_type=\"widget\" data-e-type=\"widget\" data-widget_type=\"heading.default\">\n\t\t\t\t<div class=\"elementor-widget-container\">\n\t\t\t\t\t<h2 class=\"elementor-heading-title elementor-size-default\">Wie tr\u00e4gt E-Mobilit\u00e4t zur Nachhaltigkeit bei? <\/h2>\t\t\t\t<\/div>\n\t\t\t\t<\/div>\n\t\t\t\t<div class=\"elementor-element elementor-element-3bdd617 elementor-widget elementor-widget-image\" data-id=\"3bdd617\" data-element_type=\"widget\" data-e-type=\"widget\" data-widget_type=\"image.default\">\n\t\t\t\t<div class=\"elementor-widget-container\">\n\t\t\t\t\t\t\t\t\t\t\t\t\t\t\t<img decoding=\"async\" src=\"https:\/\/www.deutsche-glasfaser.de\/blog\/wp-content\/uploads\/2021\/09\/emobilitaet-nachhaltig.jpg\" title=\"emobilit\u00e4t nachhaltig\" alt=\"emobilit\u00e4t nachhaltig\" loading=\"lazy\" \/>\t\t\t\t\t\t\t\t\t\t\t\t\t\t\t<\/div>\n\t\t\t\t<\/div>\n\t\t\t\t<div class=\"elementor-element elementor-element-462a6d2 elementor-widget elementor-widget-text-editor\" data-id=\"462a6d2\" data-element_type=\"widget\" data-e-type=\"widget\" data-widget_type=\"text-editor.default\">\n\t\t\t\t<div class=\"elementor-widget-container\">\n\t\t\t\t\t\t\t\t\t<p>Oft wird beim Thema Nachhaltigkeit \u00fcber Elektromobilit\u00e4t diskutiert. Anders als Fahrzeuge mit Verbrennungsmotor sto\u00dfen E-Autos und -Lkws keine Stickstoffoxide und CO2 aus. Der Strom, mit dem sie betrieben werden, wird bislang allerdings noch nicht komplett aus erneuerbaren Energien gewonnen, weshalb auch die Elektromobilit\u00e4t noch nicht klimaneutral funktioniert. In der Bilanz sind die meisten E-Fahrzeuge jedoch umweltschonender als vergleichbare Verbrenner. In Zukunft sollten daher diese Autos durch erneuerbare Energien angetrieben werden und klimaneutral werden.<\/p>\t\t\t\t\t\t\t\t<\/div>\n\t\t\t\t<\/div>\n\t\t\t\t<div class=\"elementor-element elementor-element-5a21871 elementor-widget elementor-widget-heading\" data-id=\"5a21871\" data-element_type=\"widget\" data-e-type=\"widget\" data-widget_type=\"heading.default\">\n\t\t\t\t<div class=\"elementor-widget-container\">\n\t\t\t\t\t<h2 class=\"elementor-heading-title elementor-size-default\">Der Verkehr von morgen - Wie alle ihren Beitrag leisten<\/h2>\t\t\t\t<\/div>\n\t\t\t\t<\/div>\n\t\t\t\t<div class=\"elementor-element elementor-element-9df0310 elementor-widget elementor-widget-text-editor\" data-id=\"9df0310\" data-element_type=\"widget\" data-e-type=\"widget\" data-widget_type=\"text-editor.default\">\n\t\t\t\t<div class=\"elementor-widget-container\">\n\t\t\t\t\t\t\t\t\t<p>Um eine Senkung von Treibhausgasemissionen des Verkehrs zu erreichen und einen nachhaltigen Personenverkehr zu erm\u00f6glichen, m\u00fcssen wir Anfangen alternative Konzepte zu nutzen. Es soll in Zukunft ein klimafreundlicher Verkehr in Deutschland stattfinden. Hierbei werden nachhaltige Verkehrssysteme genutzt, wie zum Beispiel das Konzept des \u201eCarsharing\u201c. So k\u00f6nnten nicht nur PKWs geteilt werden. Auch E-Bikes, Anh\u00e4nger, Trecker und LKWs k\u00f6nnten per App vermittelt und geteilt werden. Ein solches Konzept k\u00f6nnte f\u00fcr Privatpersonen als auch f\u00fcr den wirtschaftlichen Verkehr genutzt \u00a0werden. Dadurch entsteht eine positive Verlagerung und Vermeidung von Verkehr, sowie die Steigerung der Effizienz aller Verkehrstr\u00e4ger. In Zukunft wird der Verkehr von alternativen Antrieben und dem Einsatz von treibhausarmen Kraftstoffen profitieren. So k\u00f6nnte es bald strombasierte Kraftstoffe aus erneuerbaren Energien geben und Biokraftstoffe auf Basis von Rest- und Abfallstoffen. Unser Personennahverkehr wird nachhaltiger werden. Es wird in Zukunft viele neue Mobilit\u00e4tskonzepte geben, welche uns die M\u00f6glichkeit geben Ziele nahezu ohne Emissionen zu erreichen. Gerade die Glasfaser-Technologie tr\u00e4gt nicht nur durch die Leistungsf\u00e4higkeit bei der \u00dcbertragung von Daten dazu bei. Schon jetzt ist ein FTTH-Anschluss der <a href=\"https:\/\/www.deutsche-glasfaser.de\/glasfaser\/nachhaltigkeit\" target=\"_blank\" rel=\"noopener\">umweltfreundlichste Zugang zum Internet<\/a>.<\/p><p>Wir k\u00f6nnen alle sehr gespannt sein, was eine digitale Infrastruktur durch ein Glasfasernetz uns im nachhaltigen Personenverkehr noch f\u00fcr M\u00f6glichkeiten bereit h\u00e4lt.<\/p>\t\t\t\t\t\t\t\t<\/div>\n\t\t\t\t<\/div>\n\t\t\t\t\t<\/div>\n\t\t<\/div>\n\t\t\t\t\t<\/div>\n\t\t<\/section>\n\t\t\t\t<\/div>\n\t\t","protected":false},"excerpt":{"rendered":"<p>Mobilit\u00e4t und Erreichbarkeit sind zentrale Voraussetzungen f\u00fcr Teilhabe, wirtschaftlichen Austausch, Besch\u00e4ftigung und Wohlstand in unserer Gesellschaft. Gleichzeitig ist das derzeitige Verkehrssystem jedoch durch starke Umweltbelastungen gekennzeichnet. Der Verkehr \u2013 genauer die \u2060Verkehrsleistung\u2060 \u2013 hat sich in Deutschland in den vergangenen [&hellip;]<\/p>\n","protected":false},"author":5,"featured_media":7406,"comment_status":"closed","ping_status":"open","sticky":false,"template":"","format":"standard","meta":{"footnotes":""},"categories":[1],"tags":[],"class_list":["post-2301","post","type-post","status-publish","format-standard","has-post-thumbnail","hentry","category-service"],"yoast_head":"<!-- This site is optimized with the Yoast SEO plugin v27.5 - https:\/\/yoast.com\/product\/yoast-seo-wordpress\/ -->\n<title>Nachhaltige Mobilit\u00e4t \u2013 klimafreundliche Verkehrskonzepte<\/title>\n<meta name=\"description\" content=\"Wie sieht unser Nahverkehr zuk\u00fcnftig aus? Klar ist, er muss nachhaltiger werden. Welche Chancen die Digitalisierung bietet, lesen Sie hier.\" \/>\n<meta name=\"robots\" content=\"index, follow, max-snippet:-1, max-image-preview:large, max-video-preview:-1\" \/>\n<link rel=\"canonical\" href=\"https:\/\/www.deutsche-glasfaser.de\/blog\/nachhaltiger-personenverkehr\/\" \/>\n<meta property=\"og:locale\" content=\"de_DE\" \/>\n<meta property=\"og:type\" content=\"article\" \/>\n<meta property=\"og:title\" content=\"Nachhaltige Mobilit\u00e4t \u2013 klimafreundliche Verkehrskonzepte\" \/>\n<meta property=\"og:description\" content=\"Wie sieht unser Nahverkehr zuk\u00fcnftig aus? Klar ist, er muss nachhaltiger werden. Welche Chancen die Digitalisierung bietet, lesen Sie hier.\" \/>\n<meta property=\"og:url\" content=\"https:\/\/www.deutsche-glasfaser.de\/blog\/nachhaltiger-personenverkehr\/\" \/>\n<meta property=\"og:site_name\" content=\"Digitales B\u00fcrgernetz\" \/>\n<meta property=\"article:published_time\" content=\"2021-05-26T13:37:01+00:00\" \/>\n<meta property=\"article:modified_time\" content=\"2025-12-09T08:43:28+00:00\" \/>\n<meta property=\"og:image\" content=\"https:\/\/www.deutsche-glasfaser.de\/blog\/wp-content\/uploads\/2021\/08\/Nachhaltiger-Personenverkehr.jpg\" \/>\n\t<meta property=\"og:image:width\" content=\"1500\" \/>\n\t<meta property=\"og:image:height\" content=\"705\" \/>\n\t<meta property=\"og:image:type\" content=\"image\/jpeg\" \/>\n<meta name=\"author\" content=\"Deutsche Glasfaser\" \/>\n<meta name=\"twitter:card\" content=\"summary_large_image\" \/>\n<meta name=\"twitter:label1\" content=\"Verfasst von\" \/>\n\t<meta name=\"twitter:data1\" content=\"Deutsche Glasfaser\" \/>\n\t<meta name=\"twitter:label2\" content=\"Gesch\u00e4tzte Lesezeit\" \/>\n\t<meta name=\"twitter:data2\" content=\"6\u00a0Minuten\" \/>\n<script type=\"application\/ld+json\" class=\"yoast-schema-graph\">{\"@context\":\"https:\\\/\\\/schema.org\",\"@graph\":[{\"@type\":\"Article\",\"@id\":\"https:\\\/\\\/www.deutsche-glasfaser.de\\\/blog\\\/nachhaltiger-personenverkehr\\\/#article\",\"isPartOf\":{\"@id\":\"https:\\\/\\\/www.deutsche-glasfaser.de\\\/blog\\\/nachhaltiger-personenverkehr\\\/\"},\"author\":{\"name\":\"Deutsche Glasfaser\",\"@id\":\"https:\\\/\\\/www.deutsche-glasfaser.de\\\/blog\\\/#\\\/schema\\\/person\\\/9380a6dc7443d77143d0c66c409f574b\"},\"headline\":\"Nachhaltiger Personenverkehr &#8211; Chancen durch Digitalisierung\",\"datePublished\":\"2021-05-26T13:37:01+00:00\",\"dateModified\":\"2025-12-09T08:43:28+00:00\",\"mainEntityOfPage\":{\"@id\":\"https:\\\/\\\/www.deutsche-glasfaser.de\\\/blog\\\/nachhaltiger-personenverkehr\\\/\"},\"wordCount\":1087,\"publisher\":{\"@id\":\"https:\\\/\\\/www.deutsche-glasfaser.de\\\/blog\\\/#organization\"},\"image\":{\"@id\":\"https:\\\/\\\/www.deutsche-glasfaser.de\\\/blog\\\/nachhaltiger-personenverkehr\\\/#primaryimage\"},\"thumbnailUrl\":\"https:\\\/\\\/www.deutsche-glasfaser.de\\\/blog\\\/wp-content\\\/uploads\\\/2021\\\/08\\\/Nachhaltiger-Personenverkehr.jpg\",\"articleSection\":[\"Service\"],\"inLanguage\":\"de\"},{\"@type\":\"WebPage\",\"@id\":\"https:\\\/\\\/www.deutsche-glasfaser.de\\\/blog\\\/nachhaltiger-personenverkehr\\\/\",\"url\":\"https:\\\/\\\/www.deutsche-glasfaser.de\\\/blog\\\/nachhaltiger-personenverkehr\\\/\",\"name\":\"Nachhaltige Mobilit\u00e4t \u2013 klimafreundliche Verkehrskonzepte\",\"isPartOf\":{\"@id\":\"https:\\\/\\\/www.deutsche-glasfaser.de\\\/blog\\\/#website\"},\"primaryImageOfPage\":{\"@id\":\"https:\\\/\\\/www.deutsche-glasfaser.de\\\/blog\\\/nachhaltiger-personenverkehr\\\/#primaryimage\"},\"image\":{\"@id\":\"https:\\\/\\\/www.deutsche-glasfaser.de\\\/blog\\\/nachhaltiger-personenverkehr\\\/#primaryimage\"},\"thumbnailUrl\":\"https:\\\/\\\/www.deutsche-glasfaser.de\\\/blog\\\/wp-content\\\/uploads\\\/2021\\\/08\\\/Nachhaltiger-Personenverkehr.jpg\",\"datePublished\":\"2021-05-26T13:37:01+00:00\",\"dateModified\":\"2025-12-09T08:43:28+00:00\",\"description\":\"Wie sieht unser Nahverkehr zuk\u00fcnftig aus? Klar ist, er muss nachhaltiger werden. Welche Chancen die Digitalisierung bietet, lesen Sie hier.\",\"inLanguage\":\"de\",\"potentialAction\":[{\"@type\":\"ReadAction\",\"target\":[\"https:\\\/\\\/www.deutsche-glasfaser.de\\\/blog\\\/nachhaltiger-personenverkehr\\\/\"]}]},{\"@type\":\"ImageObject\",\"inLanguage\":\"de\",\"@id\":\"https:\\\/\\\/www.deutsche-glasfaser.de\\\/blog\\\/nachhaltiger-personenverkehr\\\/#primaryimage\",\"url\":\"https:\\\/\\\/www.deutsche-glasfaser.de\\\/blog\\\/wp-content\\\/uploads\\\/2021\\\/08\\\/Nachhaltiger-Personenverkehr.jpg\",\"contentUrl\":\"https:\\\/\\\/www.deutsche-glasfaser.de\\\/blog\\\/wp-content\\\/uploads\\\/2021\\\/08\\\/Nachhaltiger-Personenverkehr.jpg\",\"width\":1500,\"height\":705},{\"@type\":\"WebSite\",\"@id\":\"https:\\\/\\\/www.deutsche-glasfaser.de\\\/blog\\\/#website\",\"url\":\"https:\\\/\\\/www.deutsche-glasfaser.de\\\/blog\\\/\",\"name\":\"Digitales B\u00fcrgernetz\",\"description\":\"Deutsche Glasfaser Blog\",\"publisher\":{\"@id\":\"https:\\\/\\\/www.deutsche-glasfaser.de\\\/blog\\\/#organization\"},\"potentialAction\":[{\"@type\":\"SearchAction\",\"target\":{\"@type\":\"EntryPoint\",\"urlTemplate\":\"https:\\\/\\\/www.deutsche-glasfaser.de\\\/blog\\\/?s={search_term_string}\"},\"query-input\":{\"@type\":\"PropertyValueSpecification\",\"valueRequired\":true,\"valueName\":\"search_term_string\"}}],\"inLanguage\":\"de\"},{\"@type\":\"Organization\",\"@id\":\"https:\\\/\\\/www.deutsche-glasfaser.de\\\/blog\\\/#organization\",\"name\":\"Digitales B\u00fcrgernetz\",\"url\":\"https:\\\/\\\/www.deutsche-glasfaser.de\\\/blog\\\/\",\"logo\":{\"@type\":\"ImageObject\",\"inLanguage\":\"de\",\"@id\":\"https:\\\/\\\/www.deutsche-glasfaser.de\\\/blog\\\/#\\\/schema\\\/logo\\\/image\\\/\",\"url\":\"https:\\\/\\\/www.deutsche-glasfaser.de\\\/blog\\\/wp-content\\\/uploads\\\/2021\\\/08\\\/DGF_Logo_Basis_RGB-Large@2x.png\",\"contentUrl\":\"https:\\\/\\\/www.deutsche-glasfaser.de\\\/blog\\\/wp-content\\\/uploads\\\/2021\\\/08\\\/DGF_Logo_Basis_RGB-Large@2x.png\",\"width\":312,\"height\":104,\"caption\":\"Digitales B\u00fcrgernetz\"},\"image\":{\"@id\":\"https:\\\/\\\/www.deutsche-glasfaser.de\\\/blog\\\/#\\\/schema\\\/logo\\\/image\\\/\"}},{\"@type\":\"Person\",\"@id\":\"https:\\\/\\\/www.deutsche-glasfaser.de\\\/blog\\\/#\\\/schema\\\/person\\\/9380a6dc7443d77143d0c66c409f574b\",\"name\":\"Deutsche Glasfaser\"}]}<\/script>\n<!-- \/ Yoast SEO plugin. -->","yoast_head_json":{"title":"Nachhaltige Mobilit\u00e4t \u2013 klimafreundliche Verkehrskonzepte","description":"Wie sieht unser Nahverkehr zuk\u00fcnftig aus? Klar ist, er muss nachhaltiger werden. Welche Chancen die Digitalisierung bietet, lesen Sie hier.","robots":{"index":"index","follow":"follow","max-snippet":"max-snippet:-1","max-image-preview":"max-image-preview:large","max-video-preview":"max-video-preview:-1"},"canonical":"https:\/\/www.deutsche-glasfaser.de\/blog\/nachhaltiger-personenverkehr\/","og_locale":"de_DE","og_type":"article","og_title":"Nachhaltige Mobilit\u00e4t \u2013 klimafreundliche Verkehrskonzepte","og_description":"Wie sieht unser Nahverkehr zuk\u00fcnftig aus? Klar ist, er muss nachhaltiger werden. Welche Chancen die Digitalisierung bietet, lesen Sie hier.","og_url":"https:\/\/www.deutsche-glasfaser.de\/blog\/nachhaltiger-personenverkehr\/","og_site_name":"Digitales B\u00fcrgernetz","article_published_time":"2021-05-26T13:37:01+00:00","article_modified_time":"2025-12-09T08:43:28+00:00","og_image":[{"width":1500,"height":705,"url":"https:\/\/www.deutsche-glasfaser.de\/blog\/wp-content\/uploads\/2021\/08\/Nachhaltiger-Personenverkehr.jpg","type":"image\/jpeg"}],"author":"Deutsche Glasfaser","twitter_card":"summary_large_image","twitter_misc":{"Verfasst von":"Deutsche Glasfaser","Gesch\u00e4tzte Lesezeit":"6\u00a0Minuten"},"schema":{"@context":"https:\/\/schema.org","@graph":[{"@type":"Article","@id":"https:\/\/www.deutsche-glasfaser.de\/blog\/nachhaltiger-personenverkehr\/#article","isPartOf":{"@id":"https:\/\/www.deutsche-glasfaser.de\/blog\/nachhaltiger-personenverkehr\/"},"author":{"name":"Deutsche Glasfaser","@id":"https:\/\/www.deutsche-glasfaser.de\/blog\/#\/schema\/person\/9380a6dc7443d77143d0c66c409f574b"},"headline":"Nachhaltiger Personenverkehr &#8211; Chancen durch Digitalisierung","datePublished":"2021-05-26T13:37:01+00:00","dateModified":"2025-12-09T08:43:28+00:00","mainEntityOfPage":{"@id":"https:\/\/www.deutsche-glasfaser.de\/blog\/nachhaltiger-personenverkehr\/"},"wordCount":1087,"publisher":{"@id":"https:\/\/www.deutsche-glasfaser.de\/blog\/#organization"},"image":{"@id":"https:\/\/www.deutsche-glasfaser.de\/blog\/nachhaltiger-personenverkehr\/#primaryimage"},"thumbnailUrl":"https:\/\/www.deutsche-glasfaser.de\/blog\/wp-content\/uploads\/2021\/08\/Nachhaltiger-Personenverkehr.jpg","articleSection":["Service"],"inLanguage":"de"},{"@type":"WebPage","@id":"https:\/\/www.deutsche-glasfaser.de\/blog\/nachhaltiger-personenverkehr\/","url":"https:\/\/www.deutsche-glasfaser.de\/blog\/nachhaltiger-personenverkehr\/","name":"Nachhaltige Mobilit\u00e4t \u2013 klimafreundliche Verkehrskonzepte","isPartOf":{"@id":"https:\/\/www.deutsche-glasfaser.de\/blog\/#website"},"primaryImageOfPage":{"@id":"https:\/\/www.deutsche-glasfaser.de\/blog\/nachhaltiger-personenverkehr\/#primaryimage"},"image":{"@id":"https:\/\/www.deutsche-glasfaser.de\/blog\/nachhaltiger-personenverkehr\/#primaryimage"},"thumbnailUrl":"https:\/\/www.deutsche-glasfaser.de\/blog\/wp-content\/uploads\/2021\/08\/Nachhaltiger-Personenverkehr.jpg","datePublished":"2021-05-26T13:37:01+00:00","dateModified":"2025-12-09T08:43:28+00:00","description":"Wie sieht unser Nahverkehr zuk\u00fcnftig aus? Klar ist, er muss nachhaltiger werden. Welche Chancen die Digitalisierung bietet, lesen Sie hier.","inLanguage":"de","potentialAction":[{"@type":"ReadAction","target":["https:\/\/www.deutsche-glasfaser.de\/blog\/nachhaltiger-personenverkehr\/"]}]},{"@type":"ImageObject","inLanguage":"de","@id":"https:\/\/www.deutsche-glasfaser.de\/blog\/nachhaltiger-personenverkehr\/#primaryimage","url":"https:\/\/www.deutsche-glasfaser.de\/blog\/wp-content\/uploads\/2021\/08\/Nachhaltiger-Personenverkehr.jpg","contentUrl":"https:\/\/www.deutsche-glasfaser.de\/blog\/wp-content\/uploads\/2021\/08\/Nachhaltiger-Personenverkehr.jpg","width":1500,"height":705},{"@type":"WebSite","@id":"https:\/\/www.deutsche-glasfaser.de\/blog\/#website","url":"https:\/\/www.deutsche-glasfaser.de\/blog\/","name":"Digitales B\u00fcrgernetz","description":"Deutsche Glasfaser Blog","publisher":{"@id":"https:\/\/www.deutsche-glasfaser.de\/blog\/#organization"},"potentialAction":[{"@type":"SearchAction","target":{"@type":"EntryPoint","urlTemplate":"https:\/\/www.deutsche-glasfaser.de\/blog\/?s={search_term_string}"},"query-input":{"@type":"PropertyValueSpecification","valueRequired":true,"valueName":"search_term_string"}}],"inLanguage":"de"},{"@type":"Organization","@id":"https:\/\/www.deutsche-glasfaser.de\/blog\/#organization","name":"Digitales B\u00fcrgernetz","url":"https:\/\/www.deutsche-glasfaser.de\/blog\/","logo":{"@type":"ImageObject","inLanguage":"de","@id":"https:\/\/www.deutsche-glasfaser.de\/blog\/#\/schema\/logo\/image\/","url":"https:\/\/www.deutsche-glasfaser.de\/blog\/wp-content\/uploads\/2021\/08\/DGF_Logo_Basis_RGB-Large@2x.png","contentUrl":"https:\/\/www.deutsche-glasfaser.de\/blog\/wp-content\/uploads\/2021\/08\/DGF_Logo_Basis_RGB-Large@2x.png","width":312,"height":104,"caption":"Digitales B\u00fcrgernetz"},"image":{"@id":"https:\/\/www.deutsche-glasfaser.de\/blog\/#\/schema\/logo\/image\/"}},{"@type":"Person","@id":"https:\/\/www.deutsche-glasfaser.de\/blog\/#\/schema\/person\/9380a6dc7443d77143d0c66c409f574b","name":"Deutsche Glasfaser"}]}},"_links":{"self":[{"href":"https:\/\/www.deutsche-glasfaser.de\/blog\/wp-json\/wp\/v2\/posts\/2301","targetHints":{"allow":["GET"]}}],"collection":[{"href":"https:\/\/www.deutsche-glasfaser.de\/blog\/wp-json\/wp\/v2\/posts"}],"about":[{"href":"https:\/\/www.deutsche-glasfaser.de\/blog\/wp-json\/wp\/v2\/types\/post"}],"author":[{"embeddable":true,"href":"https:\/\/www.deutsche-glasfaser.de\/blog\/wp-json\/wp\/v2\/users\/5"}],"replies":[{"embeddable":true,"href":"https:\/\/www.deutsche-glasfaser.de\/blog\/wp-json\/wp\/v2\/comments?post=2301"}],"version-history":[{"count":16,"href":"https:\/\/www.deutsche-glasfaser.de\/blog\/wp-json\/wp\/v2\/posts\/2301\/revisions"}],"predecessor-version":[{"id":14908,"href":"https:\/\/www.deutsche-glasfaser.de\/blog\/wp-json\/wp\/v2\/posts\/2301\/revisions\/14908"}],"wp:featuredmedia":[{"embeddable":true,"href":"https:\/\/www.deutsche-glasfaser.de\/blog\/wp-json\/wp\/v2\/media\/7406"}],"wp:attachment":[{"href":"https:\/\/www.deutsche-glasfaser.de\/blog\/wp-json\/wp\/v2\/media?parent=2301"}],"wp:term":[{"taxonomy":"category","embeddable":true,"href":"https:\/\/www.deutsche-glasfaser.de\/blog\/wp-json\/wp\/v2\/categories?post=2301"},{"taxonomy":"post_tag","embeddable":true,"href":"https:\/\/www.deutsche-glasfaser.de\/blog\/wp-json\/wp\/v2\/tags?post=2301"}],"curies":[{"name":"wp","href":"https:\/\/api.w.org\/{rel}","templated":true}]}}