{"id":2022,"date":"2021-03-25T15:57:30","date_gmt":"2021-03-25T15:57:30","guid":{"rendered":"https:\/\/www.deutsche-glasfaser.de\/blog\/dgblog-snapshot-20190819123943\/?p=2022"},"modified":"2025-12-11T13:27:42","modified_gmt":"2025-12-11T12:27:42","slug":"cloud-technologie-im-alltag","status":"publish","type":"post","link":"https:\/\/www.deutsche-glasfaser.de\/blog\/cloud-technologie-im-alltag\/","title":{"rendered":"Cloud Technologie im Alltag \u2013 So haben Sie Ihre Daten immer griffbreit"},"content":{"rendered":"\n<p>\u201eKannst du mir eben kurz die Bilder vom letzten Sommerurlaub schicken?\u201c. \u201eKlar! Schicke dir eben den Link.\u201c. Solche Unterhaltungen geh\u00f6ren f\u00fcr Viele schon zum normalen Alltag. Dank Smartphones, Tablets und mobilem Internet sind unsere Daten immer und \u00fcberall griffbereit. Die eigene Cloud macht es m\u00f6glich. \u00dcber sie tauschen wir Daten untereinander aus, laden neue Dateien hoch und halten so lokale Speicherpl\u00e4tze frei. Die <strong>Cloud Technologie<\/strong> ist aus dem modernen, digitalen Alltag nicht mehr wegzudenken. Aber was genau ist \u201edie Cloud\u201c und welche ungeahnten Vorteile h\u00e4lt sie noch f\u00fcr die Zukunft bereit?<\/p>\n\n\n\n<hr class=\"wp-block-separator has-alpha-channel-opacity\"\/>\n\n\n\n<p style=\"font-size: 24px\">Inhaltsverzeichnis<\/p>\n<p><a href=\"#private-vorteile\" style=\"color: black; font-weight: bold;\">1. Vom B\u00fcro aufs eigene Smartphone &#8211; Wie wir die Vorteile von Cloud Computing privat nutzen<\/a><\/p>\n<p><a href=\"#amp\" style=\"color: black; font-weight: bold;\">2. Cloud Computing &amp; Sicherheit \u2013 So bleiben Ihre Daten vor unerlaubtem Zugriff gesch\u00fctzt<\/a><\/p>\n<p><a href=\"#umwelt\" style=\"color: black; font-weight: bold;\">3. Umweltfreundlicher dank Cloud Technologie?<\/a><\/p>\n<p><a href=\"#vorteile\" style=\"color: black; font-weight: bold;\">4. Machen Sie sich die Cloud Vorteile im Alltag zu Nutze<\/a><\/p>\n\n\n\n<hr class=\"wp-block-separator has-alpha-channel-opacity\"\/>\n\n\n\n<div style=\"height:48px\" aria-hidden=\"true\" class=\"wp-block-spacer\"><\/div>\n\n\n\n<h2 class=\"wp-block-heading\" id=\"private-vorteile\">Vom B\u00fcro aufs eigene Smartphone &#8211; Wie wir die Vorteile von Cloud Computing privat nutzen<\/h2>\n\n\n\n<p><strong>Cloud Computing<\/strong> ist nicht unbedingt eine der gro\u00dfen technischen Revolutionen der j\u00fcngsten Vergangenheit. Dennoch erh\u00e4lt die Cloud Technologie erst in den vergangenen Jahren immer mehr Einzug in den privaten Nutzerraum. Bei st\u00e4ndig gr\u00f6\u00dferen Datenmengen, die in der Freizeit mit Freunden und Familie geteilt werden, ist es nicht verwunderlich. Doch was genau ist eine Cloud?<\/p>\n\n\n\n<p>Zwar ist es eine sch\u00f6ne Vorstellung, dass unsere Bilder und Videos in einer Wolke schlummern und nur darauf warten von uns abgerufen zu werden, aber die Realit\u00e4t ist dann doch etwas irdischer. Hinter der Cloud Technologie steckt ein Netzwerk aus Endger\u00e4ten und Servern, welche durch Datenleitungen, <a href=\"https:\/\/www.deutsche-glasfaser.de\/glasfaser\" target=\"_blank\" rel=\"noreferrer noopener\">der Glasfaser beispielsweise<\/a>, miteinander verbunden sind. Das Prinzip gleicht dem des Internets, schlie\u00dflich nutzen sie die gleiche Infrastruktur. Der gro\u00dfe Unterschied aber ist, dass anders als auf \u00f6ffentlich zug\u00e4nglichen Websites, die eigene Cloud ein ganz privater Bereich ist.<\/p>\n\n\n\n<p>Es l\u00e4sst sich ein wenig mit dem heimischen Dachboden vergleichen. Dort bewahrt man Fotoalben, pers\u00f6nliche Dokumente oder Erinnerungsst\u00fccke aus Jugendtagen auf. Man bestimmt selbst, wen man hineinbittet und kann den Raum mit einer T\u00fcr und einem Schl\u00fcssel sch\u00fctzen. Wenn man nur bestimmte Inhalte aus dem Dachboden zeigen m\u00f6chte, holt man diese einfach heraus. Der Rest bleibt weiterhin gesch\u00fctzt an Ort und Stelle. Jedoch ist der Dachboden lokal gebunden, die eigene Cloud L\u00f6sung wiederum nicht. Durch die Anbindung an das Internet, ist ein Zugriff immer m\u00f6glich, auch unterwegs. Die Erreichbarkeit l\u00e4sst auch zu, neue Erinnerungsst\u00fccke hinzuzuf\u00fcgen. Das Aufr\u00e4umen und Sortieren funktioniert mit einem kleinen Fingerschwung. Und \u00e4hnlich wie auch beim Dachboden \u2013 der Wohnraum bleibt \u00fcbersichtlich und ordentlich und man hat noch genug Raum, Dinge des t\u00e4glichen Gebrauchs direkt griffbereit zu verstauen.<\/p>\n\n\n\n<div style=\"height:48px\" aria-hidden=\"true\" class=\"wp-block-spacer\"><\/div>\n\n\n\n<h2 class=\"wp-block-heading\" id=\"amp\">Cloud Computing &amp; Sicherheit \u2013 So bleiben Ihre Daten vor unerlaubtem Zugriff gesch\u00fctzt<\/h2>\n\n\n\n<p>Wenn pers\u00f6nliche Daten auf einem fremden Server gespeichert werden sollen, kommt bei vielen Nutzern die Frage auf: Wie gesch\u00fctzt sind meine Daten? Das gilt besonders f\u00fcr sensible Daten. Diese ist auch durchaus berechtigt. Alles, was nicht lokal auf einem Ger\u00e4t abgespeichert ist, kann von Fremden abgerufen werden. So auch bei der Cloud Technologie. Wenn Sie sich also entschlie\u00dfen, Cloud Computing Systeme zu nutzen, sollte <a href=\"https:\/\/www.deutsche-glasfaser.de\/blog\/10-tipps-fuer-mehr-sicherheit-im-internet\/\" target=\"_blank\" rel=\"noopener\">Sicherheit f\u00fcr Ihre Daten<\/a> an oberster Stelle stehen. Der sicherste Weg w\u00e4re nat\u00fcrlich der eigene Server im Keller. Auf diesen haben nur Sie alleine Zugriff und Sie teilen ihn nicht mit Millionen anderen Nutzern.<\/p>\n\n\n<div class=\"wp-block-image\">\n<figure class=\"aligncenter size-large is-resized\"><img fetchpriority=\"high\" decoding=\"async\" width=\"1024\" height=\"1024\" src=\"https:\/\/www.deutsche-glasfaser.de\/blog\/wp-content\/uploads\/2021\/09\/Image20210322102531-1536x1536-1-1024x1024.jpg\" alt=\"Cloud Technologie im Alltag\" class=\"wp-image-7933\" style=\"width:638px;height:auto\" srcset=\"https:\/\/www.deutsche-glasfaser.de\/blog\/wp-content\/uploads\/2021\/09\/Image20210322102531-1536x1536-1-1024x1024.jpg 1024w, https:\/\/www.deutsche-glasfaser.de\/blog\/wp-content\/uploads\/2021\/09\/Image20210322102531-1536x1536-1-300x300.jpg 300w, https:\/\/www.deutsche-glasfaser.de\/blog\/wp-content\/uploads\/2021\/09\/Image20210322102531-1536x1536-1-150x150.jpg 150w, https:\/\/www.deutsche-glasfaser.de\/blog\/wp-content\/uploads\/2021\/09\/Image20210322102531-1536x1536-1-768x768.jpg 768w, https:\/\/www.deutsche-glasfaser.de\/blog\/wp-content\/uploads\/2021\/09\/Image20210322102531-1536x1536-1.jpg 1536w\" sizes=\"(max-width: 1024px) 100vw, 1024px\" \/><\/figure>\n<\/div>\n\n\n<p><br>Was f\u00fcr Unternehmen die ideale L\u00f6sung ist, ist f\u00fcr den privaten Gebrauch nicht wirklich praktisch. Aus diesem Grund sprie\u00dfen immer mehr Online-Anbieter f\u00fcr Cloud Computing aus dem Boden und wollen die Vorteile der Technologie f\u00fcr eine breite Masse zug\u00e4nglich machen. Das Modell ist relativ simpel: Als Kunde erh\u00e4lt man einen Teil der Serverkapazit\u00e4ten &#8211; ein wenig wie ein angemieteter Lagerraum. Auch die Einrichtung der eigenen Cloud ist h\u00e4ufig mit ein paar Klicks abgewickelt und nebenbei erledigt. Doch auch wenn das Produkt das Gleiche ist und die Bedienung nur minimal variiert, die Konditionen der verschiedenen Anbieter unterscheiden sich stark. Von kostenlosen Clouds bis hin zum bezahlten Premium-Allrounder \u2013 es ist alles dabei. Bei dem riesigen Angebot ist es h\u00e4ufig schwer den \u00dcberblick zu behalten. Dennoch sollten Sie sich Zeit nehmen und Angebote vergleichen. Folgende Punkte k\u00f6nnen dabei helfen:<\/p>\n\n\n\n<ul class=\"wp-block-list\">\n<li>Wie viel Speicherplatz habe ich zur Verf\u00fcgung?<\/li>\n\n\n\n<li>Ist die Cloud mit meinem Betriebssystem kompatibel?<\/li>\n\n\n\n<li>Kann ich mit all meinen Ger\u00e4ten barrierefrei auf meine Cloud zugreifen?<\/li>\n\n\n\n<li>Welche Sicherheitsstandards bietet der Anbieter?<\/li>\n<\/ul>\n\n\n\n<div style=\"height:20px\" aria-hidden=\"true\" class=\"wp-block-spacer\"><\/div>\n\n\n\n<p>Gerade beim Thema <strong>Cloud Computing Sicherheit<\/strong> trennt sich h\u00e4ufig die Spreu vom Weizen. Je nach Serverstandort gelten n\u00e4mlich andere Datenschutzbestimmungen. Was in einem Land gesetzlich untersagt ist, kann in einem anderen wiederum erlaubt sein. Das wirkt sich stark auf die Sicherheit Ihrer Daten aus. Durch die DSGVO gelten in Deutschland besonders starke Datenschutzrichtlinien. Immer mehr Nutzer werden durch die \u00d6ffentlichkeit f\u00fcr das Thema sensibilisiert. Viele Anbieter kostenloser Cloud Systeme kommen jedoch aus dem Ausland \u2013 sprich aus L\u00e4ndern mit einem weit weniger strengen Datenschutzgesetz. Wenn Sie also auf der Suche nach einem Anbieter f\u00fcr Cloud Technologie sind, ist es wichtig die Standorte der Server zu vergleichen. Diese Information finden Sie meist in den AGB oder auf der Website des Anbieters. Viele Cloud L\u00f6sungen haben den Trend zu mehr Sicherheit im Netz schon fr\u00fch erkannt und werben aktiv mit deutschen Serverstandorten. Vergleichen Sie und lassen sich Zeit mit der Entscheidung. Je nach Anbieter lassen sich schon kleine Speicherkapazit\u00e4ten zu geringen Kosten \u201eanmieten\u201c. Sie k\u00f6nnen auch mehrere Cloud Systeme parallel nutzen. Je nach Sensibilit\u00e4t der Dateien k\u00f6nnen Sie dann entscheiden, ob Sie diese auf einer freien Cloud mit geringen Sicherheitsstandards speichern oder doch lieber in Ihrem pers\u00f6nlichen digitalen Safe sch\u00fctzen wollen. So nutzen Sie zuk\u00fcnftig sicher die Vorteile einer Cloud in Ihrem Alltag.<\/p>\n\n\n\n<div style=\"height:48px\" aria-hidden=\"true\" class=\"wp-block-spacer\"><\/div>\n\n\n\n<h2 class=\"wp-block-heading\" id=\"umwelt\">Umweltfreundlicher dank Cloud Technologie?<\/h2>\n\n\n\n<p>Neben der Sicherheit ist in Zeiten Klimawandels Nachhaltigkeit und Umweltfreundlichkeit ein wichtiges Thema. Wir hinterfragen nicht nur unsere t\u00e4glichen Fortbewegungsmittel und Gewohnheiten. Auch unser digitales Leben entzieht sich dem Pr\u00fcfstand nicht. Verst\u00e4ndlich, denn bei immer gr\u00f6\u00dfer werdenden Datenmengen, die <a href=\"https:\/\/www.deutsche-glasfaser.de\/blog\/zurueck-in-die-zukunft\/\" target=\"_blank\" rel=\"noopener\">jede Minute um den Erdball gejagt werden<\/a>, ist die Frage nach der \u00d6kobilanz durchaus berechtigt. Cloud Computing scheint auf den ersten Blick keine gro\u00dfen Vorteile f\u00fcr den Umweltschutz mit sich zu bringen. Schlie\u00dflich verbrauchen die riesigen Serverfarmen gro\u00dfe Mengen an Strom. Da Clouds 24\/7 erreichbar sein m\u00fcssen kommt da einiges zusammen. Der erste Blick tr\u00fcgt aber. Es stimmt zwar, dass weltweit genutzte Cloud Server mit einer gro\u00dfen Menge Strom versorgt werden m\u00fcssen, dennoch f\u00e4llt die \u00d6kobilanz dieser Technologie deutlich besser aus als zun\u00e4chst erwartet. Das liegt zum einen an der B\u00fcndelung der Kapazit\u00e4ten. Da auch immer mehr Unternehmen auf online-basierte Speichermethoden umstellen, sinkt der individuelle Stromverbrauch. Lokale Unternehmensserver verschwinden aus der digitalen Arbeitswelt. Hinzu kommt, dass immer mehr Serverbetreiber sich ihrer sozialen Verantwortung bewusstwerden. Die Stromversorgung wird auf \u00d6kostrom umgestellt. Somit verbesset sich auch hier noch einmal die \u00d6kobilanz. Aber auch wir als Alltagsnutzer tragen unseren Teil dazu bei. Durch das Nutzen der Cloud Vorteile halten wir die Datenmengen auf unseren Endger\u00e4ten gering \u2013 somit auch den Speicherplatz. F\u00fcr den t\u00e4glichen Gebrauch unserer Ger\u00e4te bedeutet es einen geringeren Stromverbrauch. Wir m\u00fcssen unsere Handys und Tablets also weitaus seltener ans Ladeger\u00e4t schlie\u00dfen. Zwar ist es auf den einzelnen gerechnet nat\u00fcrlich nur ein kleiner Unterschied, aber zusammen lassen sich so einige Kilowatt im Jahr sparen.<\/p>\n\n\n\n<div style=\"height:48px\" aria-hidden=\"true\" class=\"wp-block-spacer\"><\/div>\n\n\n\n<h2 class=\"wp-block-heading\" id=\"vorteile\">Machen Sie sich die Cloud Vorteile im Alltag zu Nutze<\/h2>\n\n\n\n<p>Cloud L\u00f6sungen sind f\u00fcr viele nicht mehr wegzudenken. Sie erleichtern einem das Aufbewahren von Daten und erm\u00f6glichen es von \u00fcberall auf diese zuzugreifen. Cloud Computing wird sich im Laufe der n\u00e4chsten Jahre auch noch rasant weiterentwickeln. Schnittstellen und Anwendungskombinationen zu Smart Home Systemen, Social Media oder im \u00f6ffentlichen Leben zeichnen sich jetzt schon immer mehr ab. Umso wichtiger also, jetzt schon die Weichen f\u00fcr ein schnelles und digitales Miteinander zu legen. Deutsche Glasfaser versorgt Sie mit der n\u00f6tigen Geschwindigkeit um auch zuk\u00fcnftig alle Vorteile Ihrer Cloud zu nutzen.<\/p>\n","protected":false},"excerpt":{"rendered":"<p>\u201eKannst du mir eben kurz die Bilder vom letzten Sommerurlaub schicken?\u201c. \u201eKlar! Schicke dir eben den Link.\u201c. Solche Unterhaltungen geh\u00f6ren f\u00fcr Viele schon zum normalen Alltag. Dank Smartphones, Tablets und mobilem Internet sind unsere Daten immer und \u00fcberall griffbereit. Die [&hellip;]<\/p>\n","protected":false},"author":5,"featured_media":7278,"comment_status":"closed","ping_status":"open","sticky":false,"template":"","format":"standard","meta":{"footnotes":""},"categories":[1],"tags":[],"class_list":["post-2022","post","type-post","status-publish","format-standard","has-post-thumbnail","hentry","category-service"],"yoast_head":"<!-- This site is optimized with the Yoast SEO plugin v27.5 - https:\/\/yoast.com\/product\/yoast-seo-wordpress\/ -->\n<title>Cloud Vorteile: Sicher, flexibel und nachhaltig arbeiten<\/title>\n<meta name=\"description\" content=\"Private Clouds werden immer beliebter. Doch welche Vorteile hat das Cloud Computing und was m\u00fcssen Sie bei der Sicherheit beachten? Erfahren Sie es hier.\" \/>\n<meta name=\"robots\" content=\"index, follow, max-snippet:-1, max-image-preview:large, max-video-preview:-1\" \/>\n<link rel=\"canonical\" href=\"https:\/\/www.deutsche-glasfaser.de\/blog\/cloud-technologie-im-alltag\/\" \/>\n<meta property=\"og:locale\" content=\"de_DE\" \/>\n<meta property=\"og:type\" content=\"article\" \/>\n<meta property=\"og:title\" content=\"Cloud Vorteile: Sicher, flexibel und nachhaltig arbeiten\" \/>\n<meta property=\"og:description\" content=\"Private Clouds werden immer beliebter. Doch welche Vorteile hat das Cloud Computing und was m\u00fcssen Sie bei der Sicherheit beachten? Erfahren Sie es hier.\" \/>\n<meta property=\"og:url\" content=\"https:\/\/www.deutsche-glasfaser.de\/blog\/cloud-technologie-im-alltag\/\" \/>\n<meta property=\"og:site_name\" content=\"Digitales B\u00fcrgernetz\" \/>\n<meta property=\"article:published_time\" content=\"2021-03-25T15:57:30+00:00\" \/>\n<meta property=\"article:modified_time\" content=\"2025-12-11T12:27:42+00:00\" \/>\n<meta property=\"og:image\" content=\"https:\/\/www.deutsche-glasfaser.de\/blog\/wp-content\/uploads\/2021\/08\/Cloud_Computing_Blog-1.jpg\" \/>\n\t<meta property=\"og:image:width\" content=\"1500\" \/>\n\t<meta property=\"og:image:height\" content=\"1000\" \/>\n\t<meta property=\"og:image:type\" content=\"image\/jpeg\" \/>\n<meta name=\"author\" content=\"Deutsche Glasfaser\" \/>\n<meta name=\"twitter:card\" content=\"summary_large_image\" \/>\n<meta name=\"twitter:label1\" content=\"Verfasst von\" \/>\n\t<meta name=\"twitter:data1\" content=\"Deutsche Glasfaser\" \/>\n\t<meta name=\"twitter:label2\" content=\"Gesch\u00e4tzte Lesezeit\" \/>\n\t<meta name=\"twitter:data2\" content=\"8\u00a0Minuten\" \/>\n<script type=\"application\/ld+json\" class=\"yoast-schema-graph\">{\"@context\":\"https:\\\/\\\/schema.org\",\"@graph\":[{\"@type\":\"Article\",\"@id\":\"https:\\\/\\\/www.deutsche-glasfaser.de\\\/blog\\\/cloud-technologie-im-alltag\\\/#article\",\"isPartOf\":{\"@id\":\"https:\\\/\\\/www.deutsche-glasfaser.de\\\/blog\\\/cloud-technologie-im-alltag\\\/\"},\"author\":{\"name\":\"Deutsche Glasfaser\",\"@id\":\"https:\\\/\\\/www.deutsche-glasfaser.de\\\/blog\\\/#\\\/schema\\\/person\\\/9380a6dc7443d77143d0c66c409f574b\"},\"headline\":\"Cloud Technologie im Alltag \u2013 So haben Sie Ihre Daten immer griffbreit\",\"datePublished\":\"2021-03-25T15:57:30+00:00\",\"dateModified\":\"2025-12-11T12:27:42+00:00\",\"mainEntityOfPage\":{\"@id\":\"https:\\\/\\\/www.deutsche-glasfaser.de\\\/blog\\\/cloud-technologie-im-alltag\\\/\"},\"wordCount\":1368,\"publisher\":{\"@id\":\"https:\\\/\\\/www.deutsche-glasfaser.de\\\/blog\\\/#organization\"},\"image\":{\"@id\":\"https:\\\/\\\/www.deutsche-glasfaser.de\\\/blog\\\/cloud-technologie-im-alltag\\\/#primaryimage\"},\"thumbnailUrl\":\"https:\\\/\\\/www.deutsche-glasfaser.de\\\/blog\\\/wp-content\\\/uploads\\\/2021\\\/08\\\/Cloud_Computing_Blog-1.jpg\",\"articleSection\":[\"Service\"],\"inLanguage\":\"de\"},{\"@type\":\"WebPage\",\"@id\":\"https:\\\/\\\/www.deutsche-glasfaser.de\\\/blog\\\/cloud-technologie-im-alltag\\\/\",\"url\":\"https:\\\/\\\/www.deutsche-glasfaser.de\\\/blog\\\/cloud-technologie-im-alltag\\\/\",\"name\":\"Cloud Vorteile: Sicher, flexibel und nachhaltig arbeiten\",\"isPartOf\":{\"@id\":\"https:\\\/\\\/www.deutsche-glasfaser.de\\\/blog\\\/#website\"},\"primaryImageOfPage\":{\"@id\":\"https:\\\/\\\/www.deutsche-glasfaser.de\\\/blog\\\/cloud-technologie-im-alltag\\\/#primaryimage\"},\"image\":{\"@id\":\"https:\\\/\\\/www.deutsche-glasfaser.de\\\/blog\\\/cloud-technologie-im-alltag\\\/#primaryimage\"},\"thumbnailUrl\":\"https:\\\/\\\/www.deutsche-glasfaser.de\\\/blog\\\/wp-content\\\/uploads\\\/2021\\\/08\\\/Cloud_Computing_Blog-1.jpg\",\"datePublished\":\"2021-03-25T15:57:30+00:00\",\"dateModified\":\"2025-12-11T12:27:42+00:00\",\"description\":\"Private Clouds werden immer beliebter. Doch welche Vorteile hat das Cloud Computing und was m\u00fcssen Sie bei der Sicherheit beachten? Erfahren Sie es hier.\",\"inLanguage\":\"de\",\"potentialAction\":[{\"@type\":\"ReadAction\",\"target\":[\"https:\\\/\\\/www.deutsche-glasfaser.de\\\/blog\\\/cloud-technologie-im-alltag\\\/\"]}]},{\"@type\":\"ImageObject\",\"inLanguage\":\"de\",\"@id\":\"https:\\\/\\\/www.deutsche-glasfaser.de\\\/blog\\\/cloud-technologie-im-alltag\\\/#primaryimage\",\"url\":\"https:\\\/\\\/www.deutsche-glasfaser.de\\\/blog\\\/wp-content\\\/uploads\\\/2021\\\/08\\\/Cloud_Computing_Blog-1.jpg\",\"contentUrl\":\"https:\\\/\\\/www.deutsche-glasfaser.de\\\/blog\\\/wp-content\\\/uploads\\\/2021\\\/08\\\/Cloud_Computing_Blog-1.jpg\",\"width\":1500,\"height\":1000,\"caption\":\"Cloud Computing\"},{\"@type\":\"WebSite\",\"@id\":\"https:\\\/\\\/www.deutsche-glasfaser.de\\\/blog\\\/#website\",\"url\":\"https:\\\/\\\/www.deutsche-glasfaser.de\\\/blog\\\/\",\"name\":\"Digitales B\u00fcrgernetz\",\"description\":\"Deutsche Glasfaser Blog\",\"publisher\":{\"@id\":\"https:\\\/\\\/www.deutsche-glasfaser.de\\\/blog\\\/#organization\"},\"potentialAction\":[{\"@type\":\"SearchAction\",\"target\":{\"@type\":\"EntryPoint\",\"urlTemplate\":\"https:\\\/\\\/www.deutsche-glasfaser.de\\\/blog\\\/?s={search_term_string}\"},\"query-input\":{\"@type\":\"PropertyValueSpecification\",\"valueRequired\":true,\"valueName\":\"search_term_string\"}}],\"inLanguage\":\"de\"},{\"@type\":\"Organization\",\"@id\":\"https:\\\/\\\/www.deutsche-glasfaser.de\\\/blog\\\/#organization\",\"name\":\"Digitales B\u00fcrgernetz\",\"url\":\"https:\\\/\\\/www.deutsche-glasfaser.de\\\/blog\\\/\",\"logo\":{\"@type\":\"ImageObject\",\"inLanguage\":\"de\",\"@id\":\"https:\\\/\\\/www.deutsche-glasfaser.de\\\/blog\\\/#\\\/schema\\\/logo\\\/image\\\/\",\"url\":\"https:\\\/\\\/www.deutsche-glasfaser.de\\\/blog\\\/wp-content\\\/uploads\\\/2021\\\/08\\\/DGF_Logo_Basis_RGB-Large@2x.png\",\"contentUrl\":\"https:\\\/\\\/www.deutsche-glasfaser.de\\\/blog\\\/wp-content\\\/uploads\\\/2021\\\/08\\\/DGF_Logo_Basis_RGB-Large@2x.png\",\"width\":312,\"height\":104,\"caption\":\"Digitales B\u00fcrgernetz\"},\"image\":{\"@id\":\"https:\\\/\\\/www.deutsche-glasfaser.de\\\/blog\\\/#\\\/schema\\\/logo\\\/image\\\/\"}},{\"@type\":\"Person\",\"@id\":\"https:\\\/\\\/www.deutsche-glasfaser.de\\\/blog\\\/#\\\/schema\\\/person\\\/9380a6dc7443d77143d0c66c409f574b\",\"name\":\"Deutsche Glasfaser\"}]}<\/script>\n<!-- \/ Yoast SEO plugin. -->","yoast_head_json":{"title":"Cloud Vorteile: Sicher, flexibel und nachhaltig arbeiten","description":"Private Clouds werden immer beliebter. Doch welche Vorteile hat das Cloud Computing und was m\u00fcssen Sie bei der Sicherheit beachten? Erfahren Sie es hier.","robots":{"index":"index","follow":"follow","max-snippet":"max-snippet:-1","max-image-preview":"max-image-preview:large","max-video-preview":"max-video-preview:-1"},"canonical":"https:\/\/www.deutsche-glasfaser.de\/blog\/cloud-technologie-im-alltag\/","og_locale":"de_DE","og_type":"article","og_title":"Cloud Vorteile: Sicher, flexibel und nachhaltig arbeiten","og_description":"Private Clouds werden immer beliebter. Doch welche Vorteile hat das Cloud Computing und was m\u00fcssen Sie bei der Sicherheit beachten? Erfahren Sie es hier.","og_url":"https:\/\/www.deutsche-glasfaser.de\/blog\/cloud-technologie-im-alltag\/","og_site_name":"Digitales B\u00fcrgernetz","article_published_time":"2021-03-25T15:57:30+00:00","article_modified_time":"2025-12-11T12:27:42+00:00","og_image":[{"width":1500,"height":1000,"url":"https:\/\/www.deutsche-glasfaser.de\/blog\/wp-content\/uploads\/2021\/08\/Cloud_Computing_Blog-1.jpg","type":"image\/jpeg"}],"author":"Deutsche Glasfaser","twitter_card":"summary_large_image","twitter_misc":{"Verfasst von":"Deutsche Glasfaser","Gesch\u00e4tzte Lesezeit":"8\u00a0Minuten"},"schema":{"@context":"https:\/\/schema.org","@graph":[{"@type":"Article","@id":"https:\/\/www.deutsche-glasfaser.de\/blog\/cloud-technologie-im-alltag\/#article","isPartOf":{"@id":"https:\/\/www.deutsche-glasfaser.de\/blog\/cloud-technologie-im-alltag\/"},"author":{"name":"Deutsche Glasfaser","@id":"https:\/\/www.deutsche-glasfaser.de\/blog\/#\/schema\/person\/9380a6dc7443d77143d0c66c409f574b"},"headline":"Cloud Technologie im Alltag \u2013 So haben Sie Ihre Daten immer griffbreit","datePublished":"2021-03-25T15:57:30+00:00","dateModified":"2025-12-11T12:27:42+00:00","mainEntityOfPage":{"@id":"https:\/\/www.deutsche-glasfaser.de\/blog\/cloud-technologie-im-alltag\/"},"wordCount":1368,"publisher":{"@id":"https:\/\/www.deutsche-glasfaser.de\/blog\/#organization"},"image":{"@id":"https:\/\/www.deutsche-glasfaser.de\/blog\/cloud-technologie-im-alltag\/#primaryimage"},"thumbnailUrl":"https:\/\/www.deutsche-glasfaser.de\/blog\/wp-content\/uploads\/2021\/08\/Cloud_Computing_Blog-1.jpg","articleSection":["Service"],"inLanguage":"de"},{"@type":"WebPage","@id":"https:\/\/www.deutsche-glasfaser.de\/blog\/cloud-technologie-im-alltag\/","url":"https:\/\/www.deutsche-glasfaser.de\/blog\/cloud-technologie-im-alltag\/","name":"Cloud Vorteile: Sicher, flexibel und nachhaltig arbeiten","isPartOf":{"@id":"https:\/\/www.deutsche-glasfaser.de\/blog\/#website"},"primaryImageOfPage":{"@id":"https:\/\/www.deutsche-glasfaser.de\/blog\/cloud-technologie-im-alltag\/#primaryimage"},"image":{"@id":"https:\/\/www.deutsche-glasfaser.de\/blog\/cloud-technologie-im-alltag\/#primaryimage"},"thumbnailUrl":"https:\/\/www.deutsche-glasfaser.de\/blog\/wp-content\/uploads\/2021\/08\/Cloud_Computing_Blog-1.jpg","datePublished":"2021-03-25T15:57:30+00:00","dateModified":"2025-12-11T12:27:42+00:00","description":"Private Clouds werden immer beliebter. Doch welche Vorteile hat das Cloud Computing und was m\u00fcssen Sie bei der Sicherheit beachten? Erfahren Sie es hier.","inLanguage":"de","potentialAction":[{"@type":"ReadAction","target":["https:\/\/www.deutsche-glasfaser.de\/blog\/cloud-technologie-im-alltag\/"]}]},{"@type":"ImageObject","inLanguage":"de","@id":"https:\/\/www.deutsche-glasfaser.de\/blog\/cloud-technologie-im-alltag\/#primaryimage","url":"https:\/\/www.deutsche-glasfaser.de\/blog\/wp-content\/uploads\/2021\/08\/Cloud_Computing_Blog-1.jpg","contentUrl":"https:\/\/www.deutsche-glasfaser.de\/blog\/wp-content\/uploads\/2021\/08\/Cloud_Computing_Blog-1.jpg","width":1500,"height":1000,"caption":"Cloud Computing"},{"@type":"WebSite","@id":"https:\/\/www.deutsche-glasfaser.de\/blog\/#website","url":"https:\/\/www.deutsche-glasfaser.de\/blog\/","name":"Digitales B\u00fcrgernetz","description":"Deutsche Glasfaser Blog","publisher":{"@id":"https:\/\/www.deutsche-glasfaser.de\/blog\/#organization"},"potentialAction":[{"@type":"SearchAction","target":{"@type":"EntryPoint","urlTemplate":"https:\/\/www.deutsche-glasfaser.de\/blog\/?s={search_term_string}"},"query-input":{"@type":"PropertyValueSpecification","valueRequired":true,"valueName":"search_term_string"}}],"inLanguage":"de"},{"@type":"Organization","@id":"https:\/\/www.deutsche-glasfaser.de\/blog\/#organization","name":"Digitales B\u00fcrgernetz","url":"https:\/\/www.deutsche-glasfaser.de\/blog\/","logo":{"@type":"ImageObject","inLanguage":"de","@id":"https:\/\/www.deutsche-glasfaser.de\/blog\/#\/schema\/logo\/image\/","url":"https:\/\/www.deutsche-glasfaser.de\/blog\/wp-content\/uploads\/2021\/08\/DGF_Logo_Basis_RGB-Large@2x.png","contentUrl":"https:\/\/www.deutsche-glasfaser.de\/blog\/wp-content\/uploads\/2021\/08\/DGF_Logo_Basis_RGB-Large@2x.png","width":312,"height":104,"caption":"Digitales B\u00fcrgernetz"},"image":{"@id":"https:\/\/www.deutsche-glasfaser.de\/blog\/#\/schema\/logo\/image\/"}},{"@type":"Person","@id":"https:\/\/www.deutsche-glasfaser.de\/blog\/#\/schema\/person\/9380a6dc7443d77143d0c66c409f574b","name":"Deutsche Glasfaser"}]}},"_links":{"self":[{"href":"https:\/\/www.deutsche-glasfaser.de\/blog\/wp-json\/wp\/v2\/posts\/2022","targetHints":{"allow":["GET"]}}],"collection":[{"href":"https:\/\/www.deutsche-glasfaser.de\/blog\/wp-json\/wp\/v2\/posts"}],"about":[{"href":"https:\/\/www.deutsche-glasfaser.de\/blog\/wp-json\/wp\/v2\/types\/post"}],"author":[{"embeddable":true,"href":"https:\/\/www.deutsche-glasfaser.de\/blog\/wp-json\/wp\/v2\/users\/5"}],"replies":[{"embeddable":true,"href":"https:\/\/www.deutsche-glasfaser.de\/blog\/wp-json\/wp\/v2\/comments?post=2022"}],"version-history":[{"count":36,"href":"https:\/\/www.deutsche-glasfaser.de\/blog\/wp-json\/wp\/v2\/posts\/2022\/revisions"}],"predecessor-version":[{"id":14862,"href":"https:\/\/www.deutsche-glasfaser.de\/blog\/wp-json\/wp\/v2\/posts\/2022\/revisions\/14862"}],"wp:featuredmedia":[{"embeddable":true,"href":"https:\/\/www.deutsche-glasfaser.de\/blog\/wp-json\/wp\/v2\/media\/7278"}],"wp:attachment":[{"href":"https:\/\/www.deutsche-glasfaser.de\/blog\/wp-json\/wp\/v2\/media?parent=2022"}],"wp:term":[{"taxonomy":"category","embeddable":true,"href":"https:\/\/www.deutsche-glasfaser.de\/blog\/wp-json\/wp\/v2\/categories?post=2022"},{"taxonomy":"post_tag","embeddable":true,"href":"https:\/\/www.deutsche-glasfaser.de\/blog\/wp-json\/wp\/v2\/tags?post=2022"}],"curies":[{"name":"wp","href":"https:\/\/api.w.org\/{rel}","templated":true}]}}