{"id":15619,"date":"2025-12-16T15:25:11","date_gmt":"2025-12-16T14:25:11","guid":{"rendered":"https:\/\/www.deutsche-glasfaser.de\/blog\/?p=15619"},"modified":"2026-01-06T12:45:03","modified_gmt":"2026-01-06T11:45:03","slug":"digitalklimaindex-die-aktuelle-studie-zur-digitalen-einstellung-der-menschen-in-deutschland","status":"publish","type":"post","link":"https:\/\/www.deutsche-glasfaser.de\/blog\/digitalklimaindex-die-aktuelle-studie-zur-digitalen-einstellung-der-menschen-in-deutschland\/","title":{"rendered":"Digitalklimaindex &#8211; die aktuelle Studie zur digitalen Einstellung der Menschen in Deutschland"},"content":{"rendered":"\t\t<div data-elementor-type=\"wp-post\" data-elementor-id=\"15619\" class=\"elementor elementor-15619\">\n\t\t\t\t\t\t<section class=\"elementor-section elementor-top-section elementor-element elementor-element-2e8997e elementor-section-boxed elementor-section-height-default elementor-section-height-default\" data-id=\"2e8997e\" data-element_type=\"section\" data-e-type=\"section\">\n\t\t\t\t\t\t<div class=\"elementor-container elementor-column-gap-default\">\n\t\t\t\t\t<div class=\"elementor-column elementor-col-100 elementor-top-column elementor-element elementor-element-5f3744f\" data-id=\"5f3744f\" data-element_type=\"column\" data-e-type=\"column\">\n\t\t\t<div class=\"elementor-widget-wrap elementor-element-populated\">\n\t\t\t\t\t\t<div class=\"elementor-element elementor-element-b78c6d2 elementor-widget elementor-widget-text-editor\" data-id=\"b78c6d2\" data-element_type=\"widget\" data-e-type=\"widget\" data-widget_type=\"text-editor.default\">\n\t\t\t\t<div class=\"elementor-widget-container\">\n\t\t\t\t\t\t\t\t\t<p>Die Digitalisierung ist eine der zentralen Herausforderungen der kommenden Jahrzehnte. Wie diese Ver\u00e4nderungen bei den Menschen in Deutschland wahrgenommen werden, wurde bislang nicht umfassend betrachtet. Dies unternimmt nun der neue Digitalklimaindex von Deutsche Glasfaser.<\/p><p>Der Digitalklimaindex ist eine umfassende Untersuchung zur digitalen Einstellung der deutschen Bev\u00f6lkerung in zw\u00f6lf Lebensbereichen durchgef\u00fchrt von Media Tenor gemeinsam mit dem Meinungsforschungsinstitut Mentefactum. Im Juni 2025 wurden dazu 3.013 Menschen ab 16 Jahren in 32 deutschen Regionen in einer repr\u00e4sentativen Telefonbefragung (CATI) interviewt. Die Ergebnisse des Digitalklimaindex zeigen, wie die Menschen in Deutschland \u00fcber Chancen und Risiken der Digitalisierung sowie die Verantwortung des Staates bei diesem Thema denken. Die Studie liefert damit wertvolle Impulse f\u00fcr Politik, Wirtschaft und Gesellschaft.<\/p><p>Ein Ergebnis: Menschen in Ostdeutschland blicken der Digitalisierung deutlich gelassener entgegen als ihre westdeutschen Mitb\u00fcrger.<\/p><p>\u201eUnser erster Digitalklimaindex verdeutlicht, wie unterschiedlich die Digitalisierungswahrnehmung und die Erwartungen an die Zukunft in den verschiedenen Teilen Deutschlands sind \u2013 und wie diese Wahrnehmungen die Entwicklung einer gemeinsamen digitalen Gesellschaft beeinflussen k\u00f6nnten\u201c, ordnet Ruben Queimano, Chief Commercial Officer bei Deutsche Glasfaser die Ergebnisse ein.<\/p><p>Die Bed\u00fcrfnisse unterscheiden sich zum Teil stark: Die Menschen im Osten w\u00fcnschen sich mehr staatliche Verantwortung \u2013 ob zum Thema Fake News oder bei der digitalen Transformation von Unternehmen. Im Westen ist dagegen die Bef\u00fcrwortung der Digitalisierung von Bildungseinrichtungen ein st\u00e4rkeres Thema.<\/p><p><a href=\"https:\/\/presse.deutsche-glasfaser.de\/pressreleases\/studie-der-osten-ist-digital-aufgeschlossener-als-der-westen-3407905\">Mehr zum Vergleich Ost-West.<\/a><\/p>\t\t\t\t\t\t\t\t<\/div>\n\t\t\t\t<\/div>\n\t\t\t\t<div class=\"elementor-element elementor-element-fe1e94c elementor-widget elementor-widget-spacer\" data-id=\"fe1e94c\" data-element_type=\"widget\" data-e-type=\"widget\" data-widget_type=\"spacer.default\">\n\t\t\t\t<div class=\"elementor-widget-container\">\n\t\t\t\t\t\t\t<div class=\"elementor-spacer\">\n\t\t\t<div class=\"elementor-spacer-inner\"><\/div>\n\t\t<\/div>\n\t\t\t\t\t\t<\/div>\n\t\t\t\t<\/div>\n\t\t\t\t<div class=\"elementor-element elementor-element-ef93713 elementor-widget elementor-widget-heading\" data-id=\"ef93713\" data-element_type=\"widget\" data-e-type=\"widget\" data-widget_type=\"heading.default\">\n\t\t\t\t<div class=\"elementor-widget-container\">\n\t\t\t\t\t<h2 class=\"elementor-heading-title elementor-size-default\">Wie digital tickt Deutschland?<\/h2>\t\t\t\t<\/div>\n\t\t\t\t<\/div>\n\t\t\t\t<div class=\"elementor-element elementor-element-03df428 elementor-widget elementor-widget-spacer\" data-id=\"03df428\" data-element_type=\"widget\" data-e-type=\"widget\" data-widget_type=\"spacer.default\">\n\t\t\t\t<div class=\"elementor-widget-container\">\n\t\t\t\t\t\t\t<div class=\"elementor-spacer\">\n\t\t\t<div class=\"elementor-spacer-inner\"><\/div>\n\t\t<\/div>\n\t\t\t\t\t\t<\/div>\n\t\t\t\t<\/div>\n\t\t\t\t<div class=\"elementor-element elementor-element-0b7e823 elementor-widget elementor-widget-text-editor\" data-id=\"0b7e823\" data-element_type=\"widget\" data-e-type=\"widget\" data-widget_type=\"text-editor.default\">\n\t\t\t\t<div class=\"elementor-widget-container\">\n\t\t\t\t\t\t\t\t\t<p>Laut den Daten des Digitalklimaindex bewerten 71 Prozent der Menschen in Deutschland ihre Digitalkenntnisse als gut oder sogar sehr gut \u2013 ein Zeichen daf\u00fcr, dass sich die Bev\u00f6lkerung digital zurechtfindet. Gleichzeitig bestehen nach wie vor Hemmnisse im digitalen Alltag: 55 Prozent der Befragten sehen mangelndes Wissen oder Schwierigkeiten in der Bedienung digitaler Ger\u00e4te als zentrale Barrieren. 45 Prozent beklagen einen fehlenden Zugang zu schnellem Internet \u2013 besonders in l\u00e4ndlichen Regionen.<\/p>\t\t\t\t\t\t\t\t<\/div>\n\t\t\t\t<\/div>\n\t\t\t\t<div class=\"elementor-element elementor-element-a62af23 elementor-widget elementor-widget-spacer\" data-id=\"a62af23\" data-element_type=\"widget\" data-e-type=\"widget\" data-widget_type=\"spacer.default\">\n\t\t\t\t<div class=\"elementor-widget-container\">\n\t\t\t\t\t\t\t<div class=\"elementor-spacer\">\n\t\t\t<div class=\"elementor-spacer-inner\"><\/div>\n\t\t<\/div>\n\t\t\t\t\t\t<\/div>\n\t\t\t\t<\/div>\n\t\t\t\t<div class=\"elementor-element elementor-element-0454fa6 elementor-widget elementor-widget-image\" data-id=\"0454fa6\" data-element_type=\"widget\" data-e-type=\"widget\" data-widget_type=\"image.default\">\n\t\t\t\t<div class=\"elementor-widget-container\">\n\t\t\t\t\t\t\t\t\t\t\t\t\t\t\t<img fetchpriority=\"high\" decoding=\"async\" width=\"768\" height=\"432\" src=\"https:\/\/www.deutsche-glasfaser.de\/blog\/wp-content\/uploads\/2025\/12\/Blog-bild-2-768x432.png\" class=\"attachment-medium_large size-medium_large wp-image-15622\" alt=\"\" srcset=\"https:\/\/www.deutsche-glasfaser.de\/blog\/wp-content\/uploads\/2025\/12\/Blog-bild-2-768x432.png 768w, https:\/\/www.deutsche-glasfaser.de\/blog\/wp-content\/uploads\/2025\/12\/Blog-bild-2-300x169.png 300w, https:\/\/www.deutsche-glasfaser.de\/blog\/wp-content\/uploads\/2025\/12\/Blog-bild-2-1024x576.png 1024w, https:\/\/www.deutsche-glasfaser.de\/blog\/wp-content\/uploads\/2025\/12\/Blog-bild-2.png 1280w\" sizes=\"(max-width: 768px) 100vw, 768px\" \/>\t\t\t\t\t\t\t\t\t\t\t\t\t\t\t<\/div>\n\t\t\t\t<\/div>\n\t\t\t\t<div class=\"elementor-element elementor-element-1cb1bdd elementor-widget elementor-widget-spacer\" data-id=\"1cb1bdd\" data-element_type=\"widget\" data-e-type=\"widget\" data-widget_type=\"spacer.default\">\n\t\t\t\t<div class=\"elementor-widget-container\">\n\t\t\t\t\t\t\t<div class=\"elementor-spacer\">\n\t\t\t<div class=\"elementor-spacer-inner\"><\/div>\n\t\t<\/div>\n\t\t\t\t\t\t<\/div>\n\t\t\t\t<\/div>\n\t\t\t\t<div class=\"elementor-element elementor-element-d93df1e elementor-widget elementor-widget-text-editor\" data-id=\"d93df1e\" data-element_type=\"widget\" data-e-type=\"widget\" data-widget_type=\"text-editor.default\">\n\t\t\t\t<div class=\"elementor-widget-container\">\n\t\t\t\t\t\t\t\t\t<p>Ein besonders deutlicher Trend zeigt sich bei der Frage, auf welche Lebensfelder Digitalisierung k\u00fcnftig den gr\u00f6\u00dften Einfluss haben wird: Eine Mehrheit der Befragten geht davon aus, dass digitale L\u00f6sungen im Bereich Medizin und Gesundheitsvorsorge eine zentrale Rolle einnehmen werden. Auch in den Bereichen Geld und Finanzvorsorge, Versorgung und Einkauf sowie Verkehr und Mobilit\u00e4t erwarten die Menschen starke digitale Ver\u00e4nderungen.<\/p>\t\t\t\t\t\t\t\t<\/div>\n\t\t\t\t<\/div>\n\t\t\t\t<div class=\"elementor-element elementor-element-5daa1fc elementor-widget elementor-widget-spacer\" data-id=\"5daa1fc\" data-element_type=\"widget\" data-e-type=\"widget\" data-widget_type=\"spacer.default\">\n\t\t\t\t<div class=\"elementor-widget-container\">\n\t\t\t\t\t\t\t<div class=\"elementor-spacer\">\n\t\t\t<div class=\"elementor-spacer-inner\"><\/div>\n\t\t<\/div>\n\t\t\t\t\t\t<\/div>\n\t\t\t\t<\/div>\n\t\t\t\t<div class=\"elementor-element elementor-element-dd550c5 elementor-widget elementor-widget-image\" data-id=\"dd550c5\" data-element_type=\"widget\" data-e-type=\"widget\" data-widget_type=\"image.default\">\n\t\t\t\t<div class=\"elementor-widget-container\">\n\t\t\t\t\t\t\t\t\t\t\t\t\t\t\t<img decoding=\"async\" width=\"768\" height=\"432\" src=\"https:\/\/www.deutsche-glasfaser.de\/blog\/wp-content\/uploads\/2025\/12\/Blog-bild-3-768x432.png\" class=\"attachment-medium_large size-medium_large wp-image-15624\" alt=\"\" srcset=\"https:\/\/www.deutsche-glasfaser.de\/blog\/wp-content\/uploads\/2025\/12\/Blog-bild-3-768x432.png 768w, https:\/\/www.deutsche-glasfaser.de\/blog\/wp-content\/uploads\/2025\/12\/Blog-bild-3-300x169.png 300w, https:\/\/www.deutsche-glasfaser.de\/blog\/wp-content\/uploads\/2025\/12\/Blog-bild-3-1024x576.png 1024w, https:\/\/www.deutsche-glasfaser.de\/blog\/wp-content\/uploads\/2025\/12\/Blog-bild-3.png 1280w\" sizes=\"(max-width: 768px) 100vw, 768px\" \/>\t\t\t\t\t\t\t\t\t\t\t\t\t\t\t<\/div>\n\t\t\t\t<\/div>\n\t\t\t\t<div class=\"elementor-element elementor-element-0090e13 elementor-widget elementor-widget-spacer\" data-id=\"0090e13\" data-element_type=\"widget\" data-e-type=\"widget\" data-widget_type=\"spacer.default\">\n\t\t\t\t<div class=\"elementor-widget-container\">\n\t\t\t\t\t\t\t<div class=\"elementor-spacer\">\n\t\t\t<div class=\"elementor-spacer-inner\"><\/div>\n\t\t<\/div>\n\t\t\t\t\t\t<\/div>\n\t\t\t\t<\/div>\n\t\t\t\t<div class=\"elementor-element elementor-element-dd1c541 elementor-widget elementor-widget-text-editor\" data-id=\"dd1c541\" data-element_type=\"widget\" data-e-type=\"widget\" data-widget_type=\"text-editor.default\">\n\t\t\t\t<div class=\"elementor-widget-container\">\n\t\t\t\t\t\t\t\t\t<p>Besonders junge Menschen setzen ihren Fokus auf digitale L\u00f6sungen bei der t\u00e4glichen Versorgung. 72 Prozent der 16- bis 29-J\u00e4hrigen gehen davon aus, dass Digitalisierung beim Einkauf und in der Versorgung k\u00fcnftig noch wichtiger wird. Bei den \u00fcber 60-J\u00e4hrigen steht der Gesundheitsbereich mit 65 Prozent an erster Stelle.<\/p><p>Und auch hier zeigen sich regionale Unterschiede: W\u00e4hrend 45 Prozent der Menschen in S\u00fcddeutschland der Meinung sind, dass digitale Technologien Schule, Ausbildung und Weiterbildung ma\u00dfgeblich ver\u00e4ndern werden, sind es im Norden nur 38 Prozent.\u00a0<\/p><p><a href=\"https:\/\/presse.deutsche-glasfaser.de\/pressreleases\/digitalklimaindex-so-digital-tickt-deutschland-3413402\">Weitere Informationen<\/a><\/p>\t\t\t\t\t\t\t\t<\/div>\n\t\t\t\t<\/div>\n\t\t\t\t<div class=\"elementor-element elementor-element-1a90a00 elementor-widget elementor-widget-spacer\" data-id=\"1a90a00\" data-element_type=\"widget\" data-e-type=\"widget\" data-widget_type=\"spacer.default\">\n\t\t\t\t<div class=\"elementor-widget-container\">\n\t\t\t\t\t\t\t<div class=\"elementor-spacer\">\n\t\t\t<div class=\"elementor-spacer-inner\"><\/div>\n\t\t<\/div>\n\t\t\t\t\t\t<\/div>\n\t\t\t\t<\/div>\n\t\t\t\t<div class=\"elementor-element elementor-element-8aeca34 elementor-widget elementor-widget-heading\" data-id=\"8aeca34\" data-element_type=\"widget\" data-e-type=\"widget\" data-widget_type=\"heading.default\">\n\t\t\t\t<div class=\"elementor-widget-container\">\n\t\t\t\t\t<h2 class=\"elementor-heading-title elementor-size-default\">Sicherheit als digitaler Schl\u00fcsselfaktor<\/h2>\t\t\t\t<\/div>\n\t\t\t\t<\/div>\n\t\t\t\t<div class=\"elementor-element elementor-element-2b5656b elementor-widget elementor-widget-spacer\" data-id=\"2b5656b\" data-element_type=\"widget\" data-e-type=\"widget\" data-widget_type=\"spacer.default\">\n\t\t\t\t<div class=\"elementor-widget-container\">\n\t\t\t\t\t\t\t<div class=\"elementor-spacer\">\n\t\t\t<div class=\"elementor-spacer-inner\"><\/div>\n\t\t<\/div>\n\t\t\t\t\t\t<\/div>\n\t\t\t\t<\/div>\n\t\t\t\t<div class=\"elementor-element elementor-element-720bf8f elementor-widget elementor-widget-text-editor\" data-id=\"720bf8f\" data-element_type=\"widget\" data-e-type=\"widget\" data-widget_type=\"text-editor.default\">\n\t\t\t\t<div class=\"elementor-widget-container\">\n\t\t\t\t\t\t\t\t\t<p>Trotz einer insgesamt positiven Haltung zur Digitalisierung \u00e4u\u00dfern viele Menschen weiterhin Skepsis \u2013 insbesondere bei sicherheitsrelevanten Anwendungen. 42 Prozent der Befragten stehen digitalen Ma\u00dfnahmen im Bereich der \u00e4u\u00dferen Sicherheit kritisch gegen\u00fcber, bei der inneren Sicherheit sind es 37 Prozent.<\/p><p>Dennoch bef\u00fcrwortet eine Mehrheit der Befragten mittlerweile den Einsatz moderner Technologien wie Video\u00fcberwachung, KI-gest\u00fctzter Strafverfolgung oder Drohneneinsatz \u2013 auch wenn dabei Bedenken bestehen. Dar\u00fcber hinaus zeigt die Umfrage, dass 62,3 Prozent der Menschen in Deutschland der Meinung sind, der Staat m\u00fcsse st\u00e4rker gegen Fake News und Hass\/Hetze im Netz vorgehen.<\/p>\t\t\t\t\t\t\t\t<\/div>\n\t\t\t\t<\/div>\n\t\t\t\t<div class=\"elementor-element elementor-element-437be72 elementor-widget elementor-widget-spacer\" data-id=\"437be72\" data-element_type=\"widget\" data-e-type=\"widget\" data-widget_type=\"spacer.default\">\n\t\t\t\t<div class=\"elementor-widget-container\">\n\t\t\t\t\t\t\t<div class=\"elementor-spacer\">\n\t\t\t<div class=\"elementor-spacer-inner\"><\/div>\n\t\t<\/div>\n\t\t\t\t\t\t<\/div>\n\t\t\t\t<\/div>\n\t\t\t\t<div class=\"elementor-element elementor-element-669f0b1 elementor-widget elementor-widget-text-editor\" data-id=\"669f0b1\" data-element_type=\"widget\" data-e-type=\"widget\" data-widget_type=\"text-editor.default\">\n\t\t\t\t<div class=\"elementor-widget-container\">\n\t\t\t\t\t\t\t\t\t<p><a href=\"https:\/\/presse.deutsche-glasfaser.de\/pressreleases\/digitalklimaindex-so-digital-tickt-deutschland-3413402\">Weitere Infos<\/a>\u00a0<\/p>\t\t\t\t\t\t\t\t<\/div>\n\t\t\t\t<\/div>\n\t\t\t\t<div class=\"elementor-element elementor-element-551e2e0 elementor-widget elementor-widget-image\" data-id=\"551e2e0\" data-element_type=\"widget\" data-e-type=\"widget\" data-widget_type=\"image.default\">\n\t\t\t\t<div class=\"elementor-widget-container\">\n\t\t\t\t\t\t\t\t\t\t\t\t\t\t\t<img decoding=\"async\" width=\"768\" height=\"432\" src=\"https:\/\/www.deutsche-glasfaser.de\/blog\/wp-content\/uploads\/2025\/12\/Digitalklimaindex-2025_Grafik_2.-AuskopplungDGnet-2-768x432.png\" class=\"attachment-medium_large size-medium_large wp-image-15639\" alt=\"Grafik Sicherheit\" srcset=\"https:\/\/www.deutsche-glasfaser.de\/blog\/wp-content\/uploads\/2025\/12\/Digitalklimaindex-2025_Grafik_2.-AuskopplungDGnet-2-768x432.png 768w, https:\/\/www.deutsche-glasfaser.de\/blog\/wp-content\/uploads\/2025\/12\/Digitalklimaindex-2025_Grafik_2.-AuskopplungDGnet-2-300x169.png 300w, https:\/\/www.deutsche-glasfaser.de\/blog\/wp-content\/uploads\/2025\/12\/Digitalklimaindex-2025_Grafik_2.-AuskopplungDGnet-2-1024x576.png 1024w, https:\/\/www.deutsche-glasfaser.de\/blog\/wp-content\/uploads\/2025\/12\/Digitalklimaindex-2025_Grafik_2.-AuskopplungDGnet-2.png 1280w\" sizes=\"(max-width: 768px) 100vw, 768px\" \/>\t\t\t\t\t\t\t\t\t\t\t\t\t\t\t<\/div>\n\t\t\t\t<\/div>\n\t\t\t\t<div class=\"elementor-element elementor-element-a61ee52 elementor-widget elementor-widget-spacer\" data-id=\"a61ee52\" data-element_type=\"widget\" data-e-type=\"widget\" data-widget_type=\"spacer.default\">\n\t\t\t\t<div class=\"elementor-widget-container\">\n\t\t\t\t\t\t\t<div class=\"elementor-spacer\">\n\t\t\t<div class=\"elementor-spacer-inner\"><\/div>\n\t\t<\/div>\n\t\t\t\t\t\t<\/div>\n\t\t\t\t<\/div>\n\t\t\t\t<div class=\"elementor-element elementor-element-6d28366 elementor-widget elementor-widget-spacer\" data-id=\"6d28366\" data-element_type=\"widget\" data-e-type=\"widget\" data-widget_type=\"spacer.default\">\n\t\t\t\t<div class=\"elementor-widget-container\">\n\t\t\t\t\t\t\t<div class=\"elementor-spacer\">\n\t\t\t<div class=\"elementor-spacer-inner\"><\/div>\n\t\t<\/div>\n\t\t\t\t\t\t<\/div>\n\t\t\t\t<\/div>\n\t\t\t\t<div class=\"elementor-element elementor-element-44fb4da elementor-widget elementor-widget-heading\" data-id=\"44fb4da\" data-element_type=\"widget\" data-e-type=\"widget\" data-widget_type=\"heading.default\">\n\t\t\t\t<div class=\"elementor-widget-container\">\n\t\t\t\t\t<h2 class=\"elementor-heading-title elementor-size-default\">K\u00fcnstliche Intelligenz im Alltag <\/h2>\t\t\t\t<\/div>\n\t\t\t\t<\/div>\n\t\t\t\t<div class=\"elementor-element elementor-element-be4e44b elementor-widget elementor-widget-spacer\" data-id=\"be4e44b\" data-element_type=\"widget\" data-e-type=\"widget\" data-widget_type=\"spacer.default\">\n\t\t\t\t<div class=\"elementor-widget-container\">\n\t\t\t\t\t\t\t<div class=\"elementor-spacer\">\n\t\t\t<div class=\"elementor-spacer-inner\"><\/div>\n\t\t<\/div>\n\t\t\t\t\t\t<\/div>\n\t\t\t\t<\/div>\n\t\t\t\t<div class=\"elementor-element elementor-element-d79c322 elementor-widget elementor-widget-text-editor\" data-id=\"d79c322\" data-element_type=\"widget\" data-e-type=\"widget\" data-widget_type=\"text-editor.default\">\n\t\t\t\t<div class=\"elementor-widget-container\">\n\t\t\t\t\t\t\t\t\t<p>Die Menschen in Deutschland nutzen KI zunehmend selbstverst\u00e4ndlich \u2013 und sehen sie \u00fcberwiegend als Chance. Doch gleichzeitig offenbart die Studie deutliche Unterschiede zwischen Altersgruppen, Bildungsniveaus und Regionen: KI ist im Alltag angekommen, aber nicht f\u00fcr alle gleicherma\u00dfen. Bei dem Thema K\u00fcnstliche Intelligenz ist Deutschland in Chancen- und Risiko-Denker gespalten.<\/p><p>Die Studie zeigt deutlich: Die Haltung zur K\u00fcnstlichen Intelligenz spiegelt die gesellschaftliche Struktur Deutschlands wider. Je urbaner, j\u00fcnger und gebildeter die Befragten, desto st\u00e4rker \u00fcberwiegt der Optimismus. Besonders positiv sind die 30- bis 44-J\u00e4hrigen (70 Prozent) eingestellt, w\u00e4hrend in der Altersgruppe 60+ die Skepsis \u00fcberwiegt. Auch der Bildungsgrad spielt eine Rolle: Menschen mit Abitur oder Hochschulabschluss nehmen KI h\u00e4ufiger als Chance wahr (69 Prozent) als Befragte mit mittlerem (60 Prozent) oder niedrigerem Bildungsabschluss (64 Prozent).<\/p>\t\t\t\t\t\t\t\t<\/div>\n\t\t\t\t<\/div>\n\t\t\t\t<div class=\"elementor-element elementor-element-920c7fd elementor-widget elementor-widget-image\" data-id=\"920c7fd\" data-element_type=\"widget\" data-e-type=\"widget\" data-widget_type=\"image.default\">\n\t\t\t\t<div class=\"elementor-widget-container\">\n\t\t\t\t\t\t\t\t\t\t\t\t\t\t\t<img loading=\"lazy\" decoding=\"async\" width=\"768\" height=\"432\" src=\"https:\/\/www.deutsche-glasfaser.de\/blog\/wp-content\/uploads\/2025\/12\/Digitalklimaindex-2025_Grafiken_NL0-768x432.png\" class=\"attachment-medium_large size-medium_large wp-image-15640\" alt=\"Grafik Chance oder Risiko\" srcset=\"https:\/\/www.deutsche-glasfaser.de\/blog\/wp-content\/uploads\/2025\/12\/Digitalklimaindex-2025_Grafiken_NL0-768x432.png 768w, https:\/\/www.deutsche-glasfaser.de\/blog\/wp-content\/uploads\/2025\/12\/Digitalklimaindex-2025_Grafiken_NL0-300x169.png 300w, https:\/\/www.deutsche-glasfaser.de\/blog\/wp-content\/uploads\/2025\/12\/Digitalklimaindex-2025_Grafiken_NL0-1024x576.png 1024w, https:\/\/www.deutsche-glasfaser.de\/blog\/wp-content\/uploads\/2025\/12\/Digitalklimaindex-2025_Grafiken_NL0.png 1280w\" sizes=\"(max-width: 768px) 100vw, 768px\" \/>\t\t\t\t\t\t\t\t\t\t\t\t\t\t\t<\/div>\n\t\t\t\t<\/div>\n\t\t\t\t<div class=\"elementor-element elementor-element-253b7b0 elementor-widget elementor-widget-text-editor\" data-id=\"253b7b0\" data-element_type=\"widget\" data-e-type=\"widget\" data-widget_type=\"text-editor.default\">\n\t\t\t\t<div class=\"elementor-widget-container\">\n\t\t\t\t\t\t\t\t\t<p>K\u00fcnstliche Intelligenz wird in Deutschland bereits breit genutzt \u2013 vor allem in allt\u00e4glichen, etablierten Anwendungen. 56 Prozent der Befragten setzen KI bei der Online-Recherche ein, 52 Prozent nutzen Sprachassistenten wie Siri oder Alexa, 49 Prozent greifen bei \u00dcbersetzungen auf KI-basierte Tools zur\u00fcck. Auch im Smart Home spielt KI eine Rolle: Rund die H\u00e4lfte der Menschen in Deutschland steuert ihr Zuhause bereits mit digitalen Anwendungen.<\/p><p>Allerdings zeigen sich deutliche Unterschiede zwischen Stadt und Land. In Gro\u00dfst\u00e4dten geben 52 Prozent der Befragten an, Smart-Home-Anwendungen zu nutzen \u2013 in l\u00e4ndlichen Gemeinden sind es nur 43 Prozent. Auch beim Einsatz von KI-Chatbots oder Sprachmodellen ist der urbane Raum vorne.<\/p>\t\t\t\t\t\t\t\t<\/div>\n\t\t\t\t<\/div>\n\t\t\t\t<div class=\"elementor-element elementor-element-a72d5e2 elementor-widget elementor-widget-image\" data-id=\"a72d5e2\" data-element_type=\"widget\" data-e-type=\"widget\" data-widget_type=\"image.default\">\n\t\t\t\t<div class=\"elementor-widget-container\">\n\t\t\t\t\t\t\t\t\t\t\t\t\t\t\t<img loading=\"lazy\" decoding=\"async\" width=\"768\" height=\"432\" src=\"https:\/\/www.deutsche-glasfaser.de\/blog\/wp-content\/uploads\/2025\/12\/Digitalklimaindex-2025_Grafiken_NL2-768x432.png\" class=\"attachment-medium_large size-medium_large wp-image-15641\" alt=\"Grafik KI Nutzung im Alltag\" srcset=\"https:\/\/www.deutsche-glasfaser.de\/blog\/wp-content\/uploads\/2025\/12\/Digitalklimaindex-2025_Grafiken_NL2-768x432.png 768w, https:\/\/www.deutsche-glasfaser.de\/blog\/wp-content\/uploads\/2025\/12\/Digitalklimaindex-2025_Grafiken_NL2-300x169.png 300w, https:\/\/www.deutsche-glasfaser.de\/blog\/wp-content\/uploads\/2025\/12\/Digitalklimaindex-2025_Grafiken_NL2-1024x576.png 1024w, https:\/\/www.deutsche-glasfaser.de\/blog\/wp-content\/uploads\/2025\/12\/Digitalklimaindex-2025_Grafiken_NL2.png 1280w\" sizes=\"(max-width: 768px) 100vw, 768px\" \/>\t\t\t\t\t\t\t\t\t\t\t\t\t\t\t<\/div>\n\t\t\t\t<\/div>\n\t\t\t\t<div class=\"elementor-element elementor-element-6cb96b7 elementor-widget elementor-widget-spacer\" data-id=\"6cb96b7\" data-element_type=\"widget\" data-e-type=\"widget\" data-widget_type=\"spacer.default\">\n\t\t\t\t<div class=\"elementor-widget-container\">\n\t\t\t\t\t\t\t<div class=\"elementor-spacer\">\n\t\t\t<div class=\"elementor-spacer-inner\"><\/div>\n\t\t<\/div>\n\t\t\t\t\t\t<\/div>\n\t\t\t\t<\/div>\n\t\t\t\t<div class=\"elementor-element elementor-element-d50f3f8 elementor-widget elementor-widget-heading\" data-id=\"d50f3f8\" data-element_type=\"widget\" data-e-type=\"widget\" data-widget_type=\"heading.default\">\n\t\t\t\t<div class=\"elementor-widget-container\">\n\t\t\t\t\t<h3 class=\"elementor-heading-title elementor-size-default\">Sensibilit\u00e4t f\u00fcr Schattenseiten<\/h3>\t\t\t\t<\/div>\n\t\t\t\t<\/div>\n\t\t\t\t<div class=\"elementor-element elementor-element-33993d8 elementor-widget elementor-widget-spacer\" data-id=\"33993d8\" data-element_type=\"widget\" data-e-type=\"widget\" data-widget_type=\"spacer.default\">\n\t\t\t\t<div class=\"elementor-widget-container\">\n\t\t\t\t\t\t\t<div class=\"elementor-spacer\">\n\t\t\t<div class=\"elementor-spacer-inner\"><\/div>\n\t\t<\/div>\n\t\t\t\t\t\t<\/div>\n\t\t\t\t<\/div>\n\t\t\t\t<div class=\"elementor-element elementor-element-1c392e4 elementor-widget elementor-widget-text-editor\" data-id=\"1c392e4\" data-element_type=\"widget\" data-e-type=\"widget\" data-widget_type=\"text-editor.default\">\n\t\t\t\t<div class=\"elementor-widget-container\">\n\t\t\t\t\t\t\t\t\t<p>Trotz aller Aufgeschlossenheit bleibt das Bewusstsein f\u00fcr die Risiken der K\u00fcnstlichen Intelligenz hoch. 71 Prozent der Befragten sehen in Fake News eines der gr\u00f6\u00dften digitalen Probleme. 56 Prozent sorgen sich \u00fcber Hassrede im Netz, 61 Prozent \u00fcber Cyberangriffe und 54 Prozent \u00fcber unzureichenden Datenschutz.<\/p><p>Vor allem junge Menschen zwischen 16 und 29 Jahren und die \u00fcber 60-J\u00e4hrigen zeigen hohe Sensibilit\u00e4t. In system-sensiblen Feldern wie Gesundheitsversorgung oder Bildung \u00fcberwiegt \u00fcber alle Altersklassen hinweg die Skepsis gegen\u00fcber einem zu starken Einsatz von KI-Anwendungen.<\/p>\t\t\t\t\t\t\t\t<\/div>\n\t\t\t\t<\/div>\n\t\t\t\t<div class=\"elementor-element elementor-element-3d008fd elementor-widget elementor-widget-image\" data-id=\"3d008fd\" data-element_type=\"widget\" data-e-type=\"widget\" data-widget_type=\"image.default\">\n\t\t\t\t<div class=\"elementor-widget-container\">\n\t\t\t\t\t\t\t\t\t\t\t\t\t\t\t<img loading=\"lazy\" decoding=\"async\" width=\"768\" height=\"432\" src=\"https:\/\/www.deutsche-glasfaser.de\/blog\/wp-content\/uploads\/2025\/12\/Digitalklimaindex-2025_Grafiken_NLFake-News-768x432.png\" class=\"attachment-medium_large size-medium_large wp-image-15642\" alt=\"Grafik KI Gefahren\" srcset=\"https:\/\/www.deutsche-glasfaser.de\/blog\/wp-content\/uploads\/2025\/12\/Digitalklimaindex-2025_Grafiken_NLFake-News-768x432.png 768w, https:\/\/www.deutsche-glasfaser.de\/blog\/wp-content\/uploads\/2025\/12\/Digitalklimaindex-2025_Grafiken_NLFake-News-300x169.png 300w, https:\/\/www.deutsche-glasfaser.de\/blog\/wp-content\/uploads\/2025\/12\/Digitalklimaindex-2025_Grafiken_NLFake-News-1024x576.png 1024w, https:\/\/www.deutsche-glasfaser.de\/blog\/wp-content\/uploads\/2025\/12\/Digitalklimaindex-2025_Grafiken_NLFake-News.png 1280w\" sizes=\"(max-width: 768px) 100vw, 768px\" \/>\t\t\t\t\t\t\t\t\t\t\t\t\t\t\t<\/div>\n\t\t\t\t<\/div>\n\t\t\t\t<div class=\"elementor-element elementor-element-7c34f2b elementor-widget elementor-widget-text-editor\" data-id=\"7c34f2b\" data-element_type=\"widget\" data-e-type=\"widget\" data-widget_type=\"text-editor.default\">\n\t\t\t\t<div class=\"elementor-widget-container\">\n\t\t\t\t\t\t\t\t\t<p>Weitere Ergebnisse zum Umgang der deutschen Bev\u00f6lkerung mit KI finden Sie <a href=\"https:\/\/presse.deutsche-glasfaser.de\/pressreleases\/digitalklimaindex-zeigt-kuenstliche-intelligenz-ist-bereits-fest-im-alltag-der-menschen-in-deutschland-etabliert-3417464\">hier<\/a>.<\/p>\t\t\t\t\t\t\t\t<\/div>\n\t\t\t\t<\/div>\n\t\t\t\t<div class=\"elementor-element elementor-element-b0a5a20 elementor-widget elementor-widget-spacer\" data-id=\"b0a5a20\" data-element_type=\"widget\" data-e-type=\"widget\" data-widget_type=\"spacer.default\">\n\t\t\t\t<div class=\"elementor-widget-container\">\n\t\t\t\t\t\t\t<div class=\"elementor-spacer\">\n\t\t\t<div class=\"elementor-spacer-inner\"><\/div>\n\t\t<\/div>\n\t\t\t\t\t\t<\/div>\n\t\t\t\t<\/div>\n\t\t\t\t<div class=\"elementor-element elementor-element-053cc1f elementor-widget elementor-widget-heading\" data-id=\"053cc1f\" data-element_type=\"widget\" data-e-type=\"widget\" data-widget_type=\"heading.default\">\n\t\t\t\t<div class=\"elementor-widget-container\">\n\t\t\t\t\t<h2 class=\"elementor-heading-title elementor-size-default\">Digitalisierung im Gesundheitswesen: Hier erwarten die Menschen die gr\u00f6\u00dften digitalen Ver\u00e4nderungen<\/h2>\t\t\t\t<\/div>\n\t\t\t\t<\/div>\n\t\t\t\t<div class=\"elementor-element elementor-element-fff2c14 elementor-widget elementor-widget-spacer\" data-id=\"fff2c14\" data-element_type=\"widget\" data-e-type=\"widget\" data-widget_type=\"spacer.default\">\n\t\t\t\t<div class=\"elementor-widget-container\">\n\t\t\t\t\t\t\t<div class=\"elementor-spacer\">\n\t\t\t<div class=\"elementor-spacer-inner\"><\/div>\n\t\t<\/div>\n\t\t\t\t\t\t<\/div>\n\t\t\t\t<\/div>\n\t\t\t\t<div class=\"elementor-element elementor-element-2c84e3b elementor-widget elementor-widget-text-editor\" data-id=\"2c84e3b\" data-element_type=\"widget\" data-e-type=\"widget\" data-widget_type=\"text-editor.default\">\n\t\t\t\t<div class=\"elementor-widget-container\">\n\t\t\t\t\t\t\t\t\t<p>Die Digitalisierung im Gesundheitswesen ist f\u00fcr die Menschen in Deutschland eines der Top-Themen. Ganze 63 Prozent der Befragten sehen den st\u00e4rksten Einfluss im Bereich Medizin und Gesundheitsversorgung \u2013 deutlich vor allen anderen Lebensbereichen. Besonders die \u00fcber 60-J\u00e4hrigen sowie die 16- bis 29-J\u00e4hrigen erwarten hier gro\u00dfe Ver\u00e4nderungen \u2013 eine bemerkenswerte Schnittmenge zweier sehr unterschiedlicher Generationen.<\/p>\t\t\t\t\t\t\t\t<\/div>\n\t\t\t\t<\/div>\n\t\t\t\t<div class=\"elementor-element elementor-element-3f157f7 elementor-widget elementor-widget-image\" data-id=\"3f157f7\" data-element_type=\"widget\" data-e-type=\"widget\" data-widget_type=\"image.default\">\n\t\t\t\t<div class=\"elementor-widget-container\">\n\t\t\t\t\t\t\t\t\t\t\t\t\t\t\t<img loading=\"lazy\" decoding=\"async\" width=\"768\" height=\"432\" src=\"https:\/\/www.deutsche-glasfaser.de\/blog\/wp-content\/uploads\/2025\/12\/Digitalklimaindex-2025_Grafik_GEsundheit-1-768x432.png\" class=\"attachment-medium_large size-medium_large wp-image-15643\" alt=\"Grafik Gesundheit Top Thema\" srcset=\"https:\/\/www.deutsche-glasfaser.de\/blog\/wp-content\/uploads\/2025\/12\/Digitalklimaindex-2025_Grafik_GEsundheit-1-768x432.png 768w, https:\/\/www.deutsche-glasfaser.de\/blog\/wp-content\/uploads\/2025\/12\/Digitalklimaindex-2025_Grafik_GEsundheit-1-300x169.png 300w, https:\/\/www.deutsche-glasfaser.de\/blog\/wp-content\/uploads\/2025\/12\/Digitalklimaindex-2025_Grafik_GEsundheit-1-1024x576.png 1024w, https:\/\/www.deutsche-glasfaser.de\/blog\/wp-content\/uploads\/2025\/12\/Digitalklimaindex-2025_Grafik_GEsundheit-1.png 1280w\" sizes=\"(max-width: 768px) 100vw, 768px\" \/>\t\t\t\t\t\t\t\t\t\t\t\t\t\t\t<\/div>\n\t\t\t\t<\/div>\n\t\t\t\t<div class=\"elementor-element elementor-element-b3bac9f elementor-widget elementor-widget-spacer\" data-id=\"b3bac9f\" data-element_type=\"widget\" data-e-type=\"widget\" data-widget_type=\"spacer.default\">\n\t\t\t\t<div class=\"elementor-widget-container\">\n\t\t\t\t\t\t\t<div class=\"elementor-spacer\">\n\t\t\t<div class=\"elementor-spacer-inner\"><\/div>\n\t\t<\/div>\n\t\t\t\t\t\t<\/div>\n\t\t\t\t<\/div>\n\t\t\t\t<div class=\"elementor-element elementor-element-58cf4ca elementor-widget elementor-widget-text-editor\" data-id=\"58cf4ca\" data-element_type=\"widget\" data-e-type=\"widget\" data-widget_type=\"text-editor.default\">\n\t\t\t\t<div class=\"elementor-widget-container\">\n\t\t\t\t\t\t\t\t\t<p>W\u00e4hrend die Mehrheit der Menschen die Digitalisierung im Gesundheitswesen positiv bewertet, gibt es auch Skepsis: \u00a0Am kritischsten sehen die Menschen Anwendungen, die medizinische Diagnosen betreffen. Rund die H\u00e4lfte der Befragten lehnt Diagnosen durch KI sowie Videosprechstunden ab.<\/p>\t\t\t\t\t\t\t\t<\/div>\n\t\t\t\t<\/div>\n\t\t\t\t<div class=\"elementor-element elementor-element-e63f1c7 elementor-widget elementor-widget-image\" data-id=\"e63f1c7\" data-element_type=\"widget\" data-e-type=\"widget\" data-widget_type=\"image.default\">\n\t\t\t\t<div class=\"elementor-widget-container\">\n\t\t\t\t\t\t\t\t\t\t\t\t\t\t\t<img loading=\"lazy\" decoding=\"async\" width=\"768\" height=\"432\" src=\"https:\/\/www.deutsche-glasfaser.de\/blog\/wp-content\/uploads\/2025\/12\/Digitalklimaindex-2025_Grafik_Gesundheit-2-768x432.png\" class=\"attachment-medium_large size-medium_large wp-image-15644\" alt=\"Grafik Gesundheit Bewertung\" srcset=\"https:\/\/www.deutsche-glasfaser.de\/blog\/wp-content\/uploads\/2025\/12\/Digitalklimaindex-2025_Grafik_Gesundheit-2-768x432.png 768w, https:\/\/www.deutsche-glasfaser.de\/blog\/wp-content\/uploads\/2025\/12\/Digitalklimaindex-2025_Grafik_Gesundheit-2-300x169.png 300w, https:\/\/www.deutsche-glasfaser.de\/blog\/wp-content\/uploads\/2025\/12\/Digitalklimaindex-2025_Grafik_Gesundheit-2-1024x576.png 1024w, https:\/\/www.deutsche-glasfaser.de\/blog\/wp-content\/uploads\/2025\/12\/Digitalklimaindex-2025_Grafik_Gesundheit-2.png 1280w\" sizes=\"(max-width: 768px) 100vw, 768px\" \/>\t\t\t\t\t\t\t\t\t\t\t\t\t\t\t<\/div>\n\t\t\t\t<\/div>\n\t\t\t\t<div class=\"elementor-element elementor-element-9474d5b elementor-widget elementor-widget-spacer\" data-id=\"9474d5b\" data-element_type=\"widget\" data-e-type=\"widget\" data-widget_type=\"spacer.default\">\n\t\t\t\t<div class=\"elementor-widget-container\">\n\t\t\t\t\t\t\t<div class=\"elementor-spacer\">\n\t\t\t<div class=\"elementor-spacer-inner\"><\/div>\n\t\t<\/div>\n\t\t\t\t\t\t<\/div>\n\t\t\t\t<\/div>\n\t\t\t\t<div class=\"elementor-element elementor-element-45f5f1b elementor-widget elementor-widget-heading\" data-id=\"45f5f1b\" data-element_type=\"widget\" data-e-type=\"widget\" data-widget_type=\"heading.default\">\n\t\t\t\t<div class=\"elementor-widget-container\">\n\t\t\t\t\t<h3 class=\"elementor-heading-title elementor-size-default\">Robotik in der Pflege: Mehrheit lehnt automatisierte Unterst\u00fctzung ab<\/h3>\t\t\t\t<\/div>\n\t\t\t\t<\/div>\n\t\t\t\t<div class=\"elementor-element elementor-element-5216144 elementor-widget elementor-widget-spacer\" data-id=\"5216144\" data-element_type=\"widget\" data-e-type=\"widget\" data-widget_type=\"spacer.default\">\n\t\t\t\t<div class=\"elementor-widget-container\">\n\t\t\t\t\t\t\t<div class=\"elementor-spacer\">\n\t\t\t<div class=\"elementor-spacer-inner\"><\/div>\n\t\t<\/div>\n\t\t\t\t\t\t<\/div>\n\t\t\t\t<\/div>\n\t\t\t\t<div class=\"elementor-element elementor-element-d03f523 elementor-widget elementor-widget-text-editor\" data-id=\"d03f523\" data-element_type=\"widget\" data-e-type=\"widget\" data-widget_type=\"text-editor.default\">\n\t\t\t\t<div class=\"elementor-widget-container\">\n\t\t\t\t\t\t\t\t\t<p>Noch deutlicher wird die Skepsis beim Einsatz von Robotern in der Pflege: 62 Prozent der Deutschen stehen pflegerobotischen Anwendungen ablehnend gegen\u00fcber In l\u00e4ndlichen Regionen ist der Zuspruch mit 39 Prozent noch am h\u00f6chsten, w\u00e4hrend Kleinst\u00e4dte mit 66 Prozent die deutlichste Ablehnung zeigen.<\/p>\t\t\t\t\t\t\t\t<\/div>\n\t\t\t\t<\/div>\n\t\t\t\t<div class=\"elementor-element elementor-element-ec6f6b0 elementor-widget elementor-widget-image\" data-id=\"ec6f6b0\" data-element_type=\"widget\" data-e-type=\"widget\" data-widget_type=\"image.default\">\n\t\t\t\t<div class=\"elementor-widget-container\">\n\t\t\t\t\t\t\t\t\t\t\t\t\t\t\t<img loading=\"lazy\" decoding=\"async\" width=\"768\" height=\"432\" src=\"https:\/\/www.deutsche-glasfaser.de\/blog\/wp-content\/uploads\/2025\/12\/Digitalklimaindex-2025_Grafik_Gesundheit-3-768x432.png\" class=\"attachment-medium_large size-medium_large wp-image-15645\" alt=\"\" srcset=\"https:\/\/www.deutsche-glasfaser.de\/blog\/wp-content\/uploads\/2025\/12\/Digitalklimaindex-2025_Grafik_Gesundheit-3-768x432.png 768w, https:\/\/www.deutsche-glasfaser.de\/blog\/wp-content\/uploads\/2025\/12\/Digitalklimaindex-2025_Grafik_Gesundheit-3-300x169.png 300w, https:\/\/www.deutsche-glasfaser.de\/blog\/wp-content\/uploads\/2025\/12\/Digitalklimaindex-2025_Grafik_Gesundheit-3-1024x576.png 1024w, https:\/\/www.deutsche-glasfaser.de\/blog\/wp-content\/uploads\/2025\/12\/Digitalklimaindex-2025_Grafik_Gesundheit-3.png 1280w\" sizes=\"(max-width: 768px) 100vw, 768px\" \/>\t\t\t\t\t\t\t\t\t\t\t\t\t\t\t<\/div>\n\t\t\t\t<\/div>\n\t\t\t\t<div class=\"elementor-element elementor-element-bc0c642 elementor-widget elementor-widget-spacer\" data-id=\"bc0c642\" data-element_type=\"widget\" data-e-type=\"widget\" data-widget_type=\"spacer.default\">\n\t\t\t\t<div class=\"elementor-widget-container\">\n\t\t\t\t\t\t\t<div class=\"elementor-spacer\">\n\t\t\t<div class=\"elementor-spacer-inner\"><\/div>\n\t\t<\/div>\n\t\t\t\t\t\t<\/div>\n\t\t\t\t<\/div>\n\t\t\t\t<div class=\"elementor-element elementor-element-abbcd5b elementor-widget elementor-widget-text-editor\" data-id=\"abbcd5b\" data-element_type=\"widget\" data-e-type=\"widget\" data-widget_type=\"text-editor.default\">\n\t\t\t\t<div class=\"elementor-widget-container\">\n\t\t\t\t\t\t\t\t\t<p>Wenn Sie Interesse an den gesamten erhobenen Daten habe, finden Sie diese hier:<\/p>\t\t\t\t\t\t\t\t<\/div>\n\t\t\t\t<\/div>\n\t\t\t\t<div class=\"elementor-element elementor-element-0d25fef elementor-widget elementor-widget-spacer\" data-id=\"0d25fef\" data-element_type=\"widget\" data-e-type=\"widget\" data-widget_type=\"spacer.default\">\n\t\t\t\t<div class=\"elementor-widget-container\">\n\t\t\t\t\t\t\t<div class=\"elementor-spacer\">\n\t\t\t<div class=\"elementor-spacer-inner\"><\/div>\n\t\t<\/div>\n\t\t\t\t\t\t<\/div>\n\t\t\t\t<\/div>\n\t\t\t\t<section class=\"elementor-section elementor-inner-section elementor-element elementor-element-9efd081 elementor-section-boxed elementor-section-height-default elementor-section-height-default\" data-id=\"9efd081\" data-element_type=\"section\" data-e-type=\"section\">\n\t\t\t\t\t\t<div class=\"elementor-container elementor-column-gap-default\">\n\t\t\t\t\t<div class=\"elementor-column elementor-col-50 elementor-inner-column elementor-element elementor-element-bc86310\" data-id=\"bc86310\" data-element_type=\"column\" data-e-type=\"column\">\n\t\t\t<div class=\"elementor-widget-wrap elementor-element-populated\">\n\t\t\t\t\t\t<div class=\"elementor-element elementor-element-a068403 elementor-button-success elementor-widget elementor-widget-button\" data-id=\"a068403\" data-element_type=\"widget\" data-e-type=\"widget\" data-widget_type=\"button.default\">\n\t\t\t\t<div class=\"elementor-widget-container\">\n\t\t\t\t\t\t\t\t\t<div class=\"elementor-button-wrapper\">\n\t\t\t\t\t<a class=\"elementor-button elementor-button-link elementor-size-sm\" href=\"https:\/\/www.deutsche-glasfaser.de\/blog\/wp-content\/uploads\/2025\/12\/Digitalklimaindex-2025_Ergebnisse-Teil-2_KI-1000er-Befragung.pdf\" target=\"_blank\">\n\t\t\t\t\t\t<span class=\"elementor-button-content-wrapper\">\n\t\t\t\t\t\t<span class=\"elementor-button-icon\">\n\t\t\t\t<i aria-hidden=\"true\" class=\"far fa-file-pdf\"><\/i>\t\t\t<\/span>\n\t\t\t\t\t\t\t\t\t<span class=\"elementor-button-text\">Studienergebnisse gesamt Teil 1<\/span>\n\t\t\t\t\t<\/span>\n\t\t\t\t\t<\/a>\n\t\t\t\t<\/div>\n\t\t\t\t\t\t\t\t<\/div>\n\t\t\t\t<\/div>\n\t\t\t\t\t<\/div>\n\t\t<\/div>\n\t\t\t\t<div class=\"elementor-column elementor-col-50 elementor-inner-column elementor-element elementor-element-eb2de16\" data-id=\"eb2de16\" data-element_type=\"column\" data-e-type=\"column\">\n\t\t\t<div class=\"elementor-widget-wrap elementor-element-populated\">\n\t\t\t\t\t\t<div class=\"elementor-element elementor-element-bde9641 elementor-button-success elementor-widget elementor-widget-button\" data-id=\"bde9641\" data-element_type=\"widget\" data-e-type=\"widget\" data-widget_type=\"button.default\">\n\t\t\t\t<div class=\"elementor-widget-container\">\n\t\t\t\t\t\t\t\t\t<div class=\"elementor-button-wrapper\">\n\t\t\t\t\t<a class=\"elementor-button elementor-button-link elementor-size-sm\" href=\"https:\/\/www.deutsche-glasfaser.de\/blog\/wp-content\/uploads\/2025\/12\/Digitalklimaindex-2025_Ergebnisse-Teil-2_KI-1000er-Befragung.pdf\" target=\"_blank\">\n\t\t\t\t\t\t<span class=\"elementor-button-content-wrapper\">\n\t\t\t\t\t\t<span class=\"elementor-button-icon\">\n\t\t\t\t<i aria-hidden=\"true\" class=\"far fa-file-pdf\"><\/i>\t\t\t<\/span>\n\t\t\t\t\t\t\t\t\t<span class=\"elementor-button-text\">Studienergebnisse gesamt Teil 2<\/span>\n\t\t\t\t\t<\/span>\n\t\t\t\t\t<\/a>\n\t\t\t\t<\/div>\n\t\t\t\t\t\t\t\t<\/div>\n\t\t\t\t<\/div>\n\t\t\t\t\t<\/div>\n\t\t<\/div>\n\t\t\t\t\t<\/div>\n\t\t<\/section>\n\t\t\t\t\t<\/div>\n\t\t<\/div>\n\t\t\t\t\t<\/div>\n\t\t<\/section>\n\t\t\t\t<\/div>\n\t\t","protected":false},"excerpt":{"rendered":"<p>Die Digitalisierung ist eine der zentralen Herausforderungen der kommenden Jahrzehnte. Wie diese Ver\u00e4nderungen bei den Menschen in Deutschland wahrgenommen werden, wurde bislang nicht umfassend betrachtet. Dies unternimmt nun der neue Digitalklimaindex von Deutsche Glasfaser. Der Digitalklimaindex ist eine umfassende Untersuchung [&hellip;]<\/p>\n","protected":false},"author":5,"featured_media":15621,"comment_status":"open","ping_status":"open","sticky":false,"template":"","format":"standard","meta":{"footnotes":""},"categories":[69,70,71,66,83,72],"tags":[],"class_list":["post-15619","post","type-post","status-publish","format-standard","has-post-thumbnail","hentry","category-arbeit","category-bildung","category-gemeinschaft","category-gesundheit","category-glasfaser","category-landlebendigital"],"yoast_head":"<!-- This site is optimized with the Yoast SEO plugin v27.5 - https:\/\/yoast.com\/product\/yoast-seo-wordpress\/ -->\n<title>Studie zur Digitalisierung in Deutschland - Digitales B\u00fcrgernetz<\/title>\n<meta name=\"description\" content=\"Wie steht Deutschland digital da? Deutsche Glasfasers digitaler Klimaindex\" \/>\n<meta name=\"robots\" content=\"index, follow, max-snippet:-1, max-image-preview:large, max-video-preview:-1\" \/>\n<link rel=\"canonical\" href=\"https:\/\/www.deutsche-glasfaser.de\/blog\/digitalklimaindex-die-aktuelle-studie-zur-digitalen-einstellung-der-menschen-in-deutschland\/\" \/>\n<meta property=\"og:locale\" content=\"de_DE\" \/>\n<meta property=\"og:type\" content=\"article\" \/>\n<meta property=\"og:title\" content=\"Studie zur Digitalisierung in Deutschland - Digitales B\u00fcrgernetz\" \/>\n<meta property=\"og:description\" content=\"Wie steht Deutschland digital da? Deutsche Glasfasers digitaler Klimaindex\" \/>\n<meta property=\"og:url\" content=\"https:\/\/www.deutsche-glasfaser.de\/blog\/digitalklimaindex-die-aktuelle-studie-zur-digitalen-einstellung-der-menschen-in-deutschland\/\" \/>\n<meta property=\"og:site_name\" content=\"Digitales B\u00fcrgernetz\" \/>\n<meta property=\"article:published_time\" content=\"2025-12-16T14:25:11+00:00\" \/>\n<meta property=\"article:modified_time\" content=\"2026-01-06T11:45:03+00:00\" \/>\n<meta property=\"og:image\" content=\"https:\/\/www.deutsche-glasfaser.de\/blog\/wp-content\/uploads\/2025\/12\/Digitalklimaindex-Blog.png\" \/>\n\t<meta property=\"og:image:width\" content=\"1200\" \/>\n\t<meta property=\"og:image:height\" content=\"627\" \/>\n\t<meta property=\"og:image:type\" content=\"image\/png\" \/>\n<meta name=\"author\" content=\"Deutsche Glasfaser\" \/>\n<meta name=\"twitter:card\" content=\"summary_large_image\" \/>\n<meta name=\"twitter:label1\" content=\"Verfasst von\" \/>\n\t<meta name=\"twitter:data1\" content=\"Deutsche Glasfaser\" \/>\n\t<meta name=\"twitter:label2\" content=\"Gesch\u00e4tzte Lesezeit\" \/>\n\t<meta name=\"twitter:data2\" content=\"8\u00a0Minuten\" \/>\n<script type=\"application\/ld+json\" class=\"yoast-schema-graph\">{\"@context\":\"https:\\\/\\\/schema.org\",\"@graph\":[{\"@type\":\"Article\",\"@id\":\"https:\\\/\\\/www.deutsche-glasfaser.de\\\/blog\\\/digitalklimaindex-die-aktuelle-studie-zur-digitalen-einstellung-der-menschen-in-deutschland\\\/#article\",\"isPartOf\":{\"@id\":\"https:\\\/\\\/www.deutsche-glasfaser.de\\\/blog\\\/digitalklimaindex-die-aktuelle-studie-zur-digitalen-einstellung-der-menschen-in-deutschland\\\/\"},\"author\":{\"name\":\"Deutsche Glasfaser\",\"@id\":\"https:\\\/\\\/www.deutsche-glasfaser.de\\\/blog\\\/#\\\/schema\\\/person\\\/9380a6dc7443d77143d0c66c409f574b\"},\"headline\":\"Digitalklimaindex &#8211; die aktuelle Studie zur digitalen Einstellung der Menschen in Deutschland\",\"datePublished\":\"2025-12-16T14:25:11+00:00\",\"dateModified\":\"2026-01-06T11:45:03+00:00\",\"mainEntityOfPage\":{\"@id\":\"https:\\\/\\\/www.deutsche-glasfaser.de\\\/blog\\\/digitalklimaindex-die-aktuelle-studie-zur-digitalen-einstellung-der-menschen-in-deutschland\\\/\"},\"wordCount\":1084,\"commentCount\":0,\"publisher\":{\"@id\":\"https:\\\/\\\/www.deutsche-glasfaser.de\\\/blog\\\/#organization\"},\"image\":{\"@id\":\"https:\\\/\\\/www.deutsche-glasfaser.de\\\/blog\\\/digitalklimaindex-die-aktuelle-studie-zur-digitalen-einstellung-der-menschen-in-deutschland\\\/#primaryimage\"},\"thumbnailUrl\":\"https:\\\/\\\/www.deutsche-glasfaser.de\\\/blog\\\/wp-content\\\/uploads\\\/2025\\\/12\\\/Digitalklimaindex-Blog.png\",\"articleSection\":[\"#Arbeit\",\"#Bildung\",\"#Gemeinschaft\",\"#Gesundheit\",\"#Glasfaser\",\"#LandLebenDigital\"],\"inLanguage\":\"de\",\"potentialAction\":[{\"@type\":\"CommentAction\",\"name\":\"Comment\",\"target\":[\"https:\\\/\\\/www.deutsche-glasfaser.de\\\/blog\\\/digitalklimaindex-die-aktuelle-studie-zur-digitalen-einstellung-der-menschen-in-deutschland\\\/#respond\"]}]},{\"@type\":\"WebPage\",\"@id\":\"https:\\\/\\\/www.deutsche-glasfaser.de\\\/blog\\\/digitalklimaindex-die-aktuelle-studie-zur-digitalen-einstellung-der-menschen-in-deutschland\\\/\",\"url\":\"https:\\\/\\\/www.deutsche-glasfaser.de\\\/blog\\\/digitalklimaindex-die-aktuelle-studie-zur-digitalen-einstellung-der-menschen-in-deutschland\\\/\",\"name\":\"Studie zur Digitalisierung in Deutschland - Digitales B\u00fcrgernetz\",\"isPartOf\":{\"@id\":\"https:\\\/\\\/www.deutsche-glasfaser.de\\\/blog\\\/#website\"},\"primaryImageOfPage\":{\"@id\":\"https:\\\/\\\/www.deutsche-glasfaser.de\\\/blog\\\/digitalklimaindex-die-aktuelle-studie-zur-digitalen-einstellung-der-menschen-in-deutschland\\\/#primaryimage\"},\"image\":{\"@id\":\"https:\\\/\\\/www.deutsche-glasfaser.de\\\/blog\\\/digitalklimaindex-die-aktuelle-studie-zur-digitalen-einstellung-der-menschen-in-deutschland\\\/#primaryimage\"},\"thumbnailUrl\":\"https:\\\/\\\/www.deutsche-glasfaser.de\\\/blog\\\/wp-content\\\/uploads\\\/2025\\\/12\\\/Digitalklimaindex-Blog.png\",\"datePublished\":\"2025-12-16T14:25:11+00:00\",\"dateModified\":\"2026-01-06T11:45:03+00:00\",\"description\":\"Wie steht Deutschland digital da? Deutsche Glasfasers digitaler Klimaindex\",\"inLanguage\":\"de\",\"potentialAction\":[{\"@type\":\"ReadAction\",\"target\":[\"https:\\\/\\\/www.deutsche-glasfaser.de\\\/blog\\\/digitalklimaindex-die-aktuelle-studie-zur-digitalen-einstellung-der-menschen-in-deutschland\\\/\"]}]},{\"@type\":\"ImageObject\",\"inLanguage\":\"de\",\"@id\":\"https:\\\/\\\/www.deutsche-glasfaser.de\\\/blog\\\/digitalklimaindex-die-aktuelle-studie-zur-digitalen-einstellung-der-menschen-in-deutschland\\\/#primaryimage\",\"url\":\"https:\\\/\\\/www.deutsche-glasfaser.de\\\/blog\\\/wp-content\\\/uploads\\\/2025\\\/12\\\/Digitalklimaindex-Blog.png\",\"contentUrl\":\"https:\\\/\\\/www.deutsche-glasfaser.de\\\/blog\\\/wp-content\\\/uploads\\\/2025\\\/12\\\/Digitalklimaindex-Blog.png\",\"width\":1200,\"height\":627},{\"@type\":\"WebSite\",\"@id\":\"https:\\\/\\\/www.deutsche-glasfaser.de\\\/blog\\\/#website\",\"url\":\"https:\\\/\\\/www.deutsche-glasfaser.de\\\/blog\\\/\",\"name\":\"Digitales B\u00fcrgernetz\",\"description\":\"Deutsche Glasfaser Blog\",\"publisher\":{\"@id\":\"https:\\\/\\\/www.deutsche-glasfaser.de\\\/blog\\\/#organization\"},\"potentialAction\":[{\"@type\":\"SearchAction\",\"target\":{\"@type\":\"EntryPoint\",\"urlTemplate\":\"https:\\\/\\\/www.deutsche-glasfaser.de\\\/blog\\\/?s={search_term_string}\"},\"query-input\":{\"@type\":\"PropertyValueSpecification\",\"valueRequired\":true,\"valueName\":\"search_term_string\"}}],\"inLanguage\":\"de\"},{\"@type\":\"Organization\",\"@id\":\"https:\\\/\\\/www.deutsche-glasfaser.de\\\/blog\\\/#organization\",\"name\":\"Digitales B\u00fcrgernetz\",\"url\":\"https:\\\/\\\/www.deutsche-glasfaser.de\\\/blog\\\/\",\"logo\":{\"@type\":\"ImageObject\",\"inLanguage\":\"de\",\"@id\":\"https:\\\/\\\/www.deutsche-glasfaser.de\\\/blog\\\/#\\\/schema\\\/logo\\\/image\\\/\",\"url\":\"https:\\\/\\\/www.deutsche-glasfaser.de\\\/blog\\\/wp-content\\\/uploads\\\/2021\\\/08\\\/DGF_Logo_Basis_RGB-Large@2x.png\",\"contentUrl\":\"https:\\\/\\\/www.deutsche-glasfaser.de\\\/blog\\\/wp-content\\\/uploads\\\/2021\\\/08\\\/DGF_Logo_Basis_RGB-Large@2x.png\",\"width\":312,\"height\":104,\"caption\":\"Digitales B\u00fcrgernetz\"},\"image\":{\"@id\":\"https:\\\/\\\/www.deutsche-glasfaser.de\\\/blog\\\/#\\\/schema\\\/logo\\\/image\\\/\"}},{\"@type\":\"Person\",\"@id\":\"https:\\\/\\\/www.deutsche-glasfaser.de\\\/blog\\\/#\\\/schema\\\/person\\\/9380a6dc7443d77143d0c66c409f574b\",\"name\":\"Deutsche Glasfaser\"}]}<\/script>\n<!-- \/ Yoast SEO plugin. -->","yoast_head_json":{"title":"Studie zur Digitalisierung in Deutschland - Digitales B\u00fcrgernetz","description":"Wie steht Deutschland digital da? Deutsche Glasfasers digitaler Klimaindex","robots":{"index":"index","follow":"follow","max-snippet":"max-snippet:-1","max-image-preview":"max-image-preview:large","max-video-preview":"max-video-preview:-1"},"canonical":"https:\/\/www.deutsche-glasfaser.de\/blog\/digitalklimaindex-die-aktuelle-studie-zur-digitalen-einstellung-der-menschen-in-deutschland\/","og_locale":"de_DE","og_type":"article","og_title":"Studie zur Digitalisierung in Deutschland - Digitales B\u00fcrgernetz","og_description":"Wie steht Deutschland digital da? Deutsche Glasfasers digitaler Klimaindex","og_url":"https:\/\/www.deutsche-glasfaser.de\/blog\/digitalklimaindex-die-aktuelle-studie-zur-digitalen-einstellung-der-menschen-in-deutschland\/","og_site_name":"Digitales B\u00fcrgernetz","article_published_time":"2025-12-16T14:25:11+00:00","article_modified_time":"2026-01-06T11:45:03+00:00","og_image":[{"width":1200,"height":627,"url":"https:\/\/www.deutsche-glasfaser.de\/blog\/wp-content\/uploads\/2025\/12\/Digitalklimaindex-Blog.png","type":"image\/png"}],"author":"Deutsche Glasfaser","twitter_card":"summary_large_image","twitter_misc":{"Verfasst von":"Deutsche Glasfaser","Gesch\u00e4tzte Lesezeit":"8\u00a0Minuten"},"schema":{"@context":"https:\/\/schema.org","@graph":[{"@type":"Article","@id":"https:\/\/www.deutsche-glasfaser.de\/blog\/digitalklimaindex-die-aktuelle-studie-zur-digitalen-einstellung-der-menschen-in-deutschland\/#article","isPartOf":{"@id":"https:\/\/www.deutsche-glasfaser.de\/blog\/digitalklimaindex-die-aktuelle-studie-zur-digitalen-einstellung-der-menschen-in-deutschland\/"},"author":{"name":"Deutsche Glasfaser","@id":"https:\/\/www.deutsche-glasfaser.de\/blog\/#\/schema\/person\/9380a6dc7443d77143d0c66c409f574b"},"headline":"Digitalklimaindex &#8211; die aktuelle Studie zur digitalen Einstellung der Menschen in Deutschland","datePublished":"2025-12-16T14:25:11+00:00","dateModified":"2026-01-06T11:45:03+00:00","mainEntityOfPage":{"@id":"https:\/\/www.deutsche-glasfaser.de\/blog\/digitalklimaindex-die-aktuelle-studie-zur-digitalen-einstellung-der-menschen-in-deutschland\/"},"wordCount":1084,"commentCount":0,"publisher":{"@id":"https:\/\/www.deutsche-glasfaser.de\/blog\/#organization"},"image":{"@id":"https:\/\/www.deutsche-glasfaser.de\/blog\/digitalklimaindex-die-aktuelle-studie-zur-digitalen-einstellung-der-menschen-in-deutschland\/#primaryimage"},"thumbnailUrl":"https:\/\/www.deutsche-glasfaser.de\/blog\/wp-content\/uploads\/2025\/12\/Digitalklimaindex-Blog.png","articleSection":["#Arbeit","#Bildung","#Gemeinschaft","#Gesundheit","#Glasfaser","#LandLebenDigital"],"inLanguage":"de","potentialAction":[{"@type":"CommentAction","name":"Comment","target":["https:\/\/www.deutsche-glasfaser.de\/blog\/digitalklimaindex-die-aktuelle-studie-zur-digitalen-einstellung-der-menschen-in-deutschland\/#respond"]}]},{"@type":"WebPage","@id":"https:\/\/www.deutsche-glasfaser.de\/blog\/digitalklimaindex-die-aktuelle-studie-zur-digitalen-einstellung-der-menschen-in-deutschland\/","url":"https:\/\/www.deutsche-glasfaser.de\/blog\/digitalklimaindex-die-aktuelle-studie-zur-digitalen-einstellung-der-menschen-in-deutschland\/","name":"Studie zur Digitalisierung in Deutschland - Digitales B\u00fcrgernetz","isPartOf":{"@id":"https:\/\/www.deutsche-glasfaser.de\/blog\/#website"},"primaryImageOfPage":{"@id":"https:\/\/www.deutsche-glasfaser.de\/blog\/digitalklimaindex-die-aktuelle-studie-zur-digitalen-einstellung-der-menschen-in-deutschland\/#primaryimage"},"image":{"@id":"https:\/\/www.deutsche-glasfaser.de\/blog\/digitalklimaindex-die-aktuelle-studie-zur-digitalen-einstellung-der-menschen-in-deutschland\/#primaryimage"},"thumbnailUrl":"https:\/\/www.deutsche-glasfaser.de\/blog\/wp-content\/uploads\/2025\/12\/Digitalklimaindex-Blog.png","datePublished":"2025-12-16T14:25:11+00:00","dateModified":"2026-01-06T11:45:03+00:00","description":"Wie steht Deutschland digital da? Deutsche Glasfasers digitaler Klimaindex","inLanguage":"de","potentialAction":[{"@type":"ReadAction","target":["https:\/\/www.deutsche-glasfaser.de\/blog\/digitalklimaindex-die-aktuelle-studie-zur-digitalen-einstellung-der-menschen-in-deutschland\/"]}]},{"@type":"ImageObject","inLanguage":"de","@id":"https:\/\/www.deutsche-glasfaser.de\/blog\/digitalklimaindex-die-aktuelle-studie-zur-digitalen-einstellung-der-menschen-in-deutschland\/#primaryimage","url":"https:\/\/www.deutsche-glasfaser.de\/blog\/wp-content\/uploads\/2025\/12\/Digitalklimaindex-Blog.png","contentUrl":"https:\/\/www.deutsche-glasfaser.de\/blog\/wp-content\/uploads\/2025\/12\/Digitalklimaindex-Blog.png","width":1200,"height":627},{"@type":"WebSite","@id":"https:\/\/www.deutsche-glasfaser.de\/blog\/#website","url":"https:\/\/www.deutsche-glasfaser.de\/blog\/","name":"Digitales B\u00fcrgernetz","description":"Deutsche Glasfaser Blog","publisher":{"@id":"https:\/\/www.deutsche-glasfaser.de\/blog\/#organization"},"potentialAction":[{"@type":"SearchAction","target":{"@type":"EntryPoint","urlTemplate":"https:\/\/www.deutsche-glasfaser.de\/blog\/?s={search_term_string}"},"query-input":{"@type":"PropertyValueSpecification","valueRequired":true,"valueName":"search_term_string"}}],"inLanguage":"de"},{"@type":"Organization","@id":"https:\/\/www.deutsche-glasfaser.de\/blog\/#organization","name":"Digitales B\u00fcrgernetz","url":"https:\/\/www.deutsche-glasfaser.de\/blog\/","logo":{"@type":"ImageObject","inLanguage":"de","@id":"https:\/\/www.deutsche-glasfaser.de\/blog\/#\/schema\/logo\/image\/","url":"https:\/\/www.deutsche-glasfaser.de\/blog\/wp-content\/uploads\/2021\/08\/DGF_Logo_Basis_RGB-Large@2x.png","contentUrl":"https:\/\/www.deutsche-glasfaser.de\/blog\/wp-content\/uploads\/2021\/08\/DGF_Logo_Basis_RGB-Large@2x.png","width":312,"height":104,"caption":"Digitales B\u00fcrgernetz"},"image":{"@id":"https:\/\/www.deutsche-glasfaser.de\/blog\/#\/schema\/logo\/image\/"}},{"@type":"Person","@id":"https:\/\/www.deutsche-glasfaser.de\/blog\/#\/schema\/person\/9380a6dc7443d77143d0c66c409f574b","name":"Deutsche Glasfaser"}]}},"_links":{"self":[{"href":"https:\/\/www.deutsche-glasfaser.de\/blog\/wp-json\/wp\/v2\/posts\/15619","targetHints":{"allow":["GET"]}}],"collection":[{"href":"https:\/\/www.deutsche-glasfaser.de\/blog\/wp-json\/wp\/v2\/posts"}],"about":[{"href":"https:\/\/www.deutsche-glasfaser.de\/blog\/wp-json\/wp\/v2\/types\/post"}],"author":[{"embeddable":true,"href":"https:\/\/www.deutsche-glasfaser.de\/blog\/wp-json\/wp\/v2\/users\/5"}],"replies":[{"embeddable":true,"href":"https:\/\/www.deutsche-glasfaser.de\/blog\/wp-json\/wp\/v2\/comments?post=15619"}],"version-history":[{"count":26,"href":"https:\/\/www.deutsche-glasfaser.de\/blog\/wp-json\/wp\/v2\/posts\/15619\/revisions"}],"predecessor-version":[{"id":15704,"href":"https:\/\/www.deutsche-glasfaser.de\/blog\/wp-json\/wp\/v2\/posts\/15619\/revisions\/15704"}],"wp:featuredmedia":[{"embeddable":true,"href":"https:\/\/www.deutsche-glasfaser.de\/blog\/wp-json\/wp\/v2\/media\/15621"}],"wp:attachment":[{"href":"https:\/\/www.deutsche-glasfaser.de\/blog\/wp-json\/wp\/v2\/media?parent=15619"}],"wp:term":[{"taxonomy":"category","embeddable":true,"href":"https:\/\/www.deutsche-glasfaser.de\/blog\/wp-json\/wp\/v2\/categories?post=15619"},{"taxonomy":"post_tag","embeddable":true,"href":"https:\/\/www.deutsche-glasfaser.de\/blog\/wp-json\/wp\/v2\/tags?post=15619"}],"curies":[{"name":"wp","href":"https:\/\/api.w.org\/{rel}","templated":true}]}}