{"id":15128,"date":"2024-12-04T08:22:10","date_gmt":"2024-12-04T07:22:10","guid":{"rendered":"https:\/\/www.deutsche-glasfaser.de\/blog\/?p=15128"},"modified":"2025-12-11T14:03:56","modified_gmt":"2025-12-11T13:03:56","slug":"online-adventskalender","status":"publish","type":"post","link":"https:\/\/www.deutsche-glasfaser.de\/blog\/online-adventskalender\/","title":{"rendered":"Digitaler Adventskalender: kreative Ideen f\u00fcr \u00dcberraschungen in der Weihnachtszeit"},"content":{"rendered":"\n<p>Die Adventszeit ist f\u00fcr viele Menschen mit die sch\u00f6nste Zeit des Jahres. Sie l\u00e4dt dazu ein, sich auf Weihnachten vorzubereiten und kleine Momente der Freude zu genie\u00dfen. Digitale Adventskalender bieten dabei eine moderne M\u00f6glichkeit, die Vorfreude Tag f\u00fcr Tag zu steigern. Ob interaktive Inhalte, kreative \u00dcberraschungen oder pers\u00f6nliche Botschaften: Ein Online-Adventskalender kommt mit den verschiedensten Gestaltungsm\u00f6glichkeiten daher. Hier erfahren Sie, wie ein digitaler Adventskalender funktioniert, welche Inhalte Sie einbauen k\u00f6nnen und wie Sie mit einfachen Mitteln Ihren eigenen virtuellen Adventskalender gestalten.<\/p>\n\n\n\n<hr class=\"wp-block-separator has-alpha-channel-opacity\"\/>\n\n\n\n<p style=\"font-size: 24px\">Inhaltsverzeichnis<\/p>\n<p><a href=\"#Adventskalender\" style=\"color: black; font-weight: bold;\">1. Was ist ein digitaler Adventskalender?<\/a><\/p>\n<p><a href=\"#Ideen\" style=\"color: black; font-weight: bold;\">2. Kreative Ideen f\u00fcr Ihren digitalen Adventskalender<\/a><\/p>\n<p><a href=\"#gestalten\" style=\"color: black; font-weight: bold;\">3. So gestalten Sie Ihren eigenen digitalen Adventskalender<\/a><\/p>\n<p><a href=\"#Vorteile\" style=\"color: black; font-weight: bold;\">4. Vorteile eines digitalen Adventskalenders<\/a><\/p>\n\n\n\n<hr class=\"wp-block-separator has-alpha-channel-opacity\"\/>\n\n\n\n<div style=\"height:48px\" aria-hidden=\"true\" class=\"wp-block-spacer\"><\/div>\n\n\n\n<h2 class=\"wp-block-heading\" id=\"Adventskalender\">Was ist ein digitaler Adventskalender?<\/h2>\n\n\n\n<p>Ein digitaler Adventskalender funktioniert \u00e4hnlich wie der traditionelle Adventskalender, nur dass er <strong>online zug\u00e4nglich<\/strong> ist. Anstelle von kleinen Papp-T\u00fcrchen, die man t\u00e4glich \u00f6ffnet, \u00f6ffnet man beim digitalen Adventskalender <strong>T\u00fcrchen auf einer Website, in einer App oder per E-Mail.<\/strong> Hinter jedem T\u00fcrchen verbirgt sich eine \u00dcberraschung, die in der Regel interaktiv ist und die Vorfreude auf Weihnachten steigert.<\/p>\n\n\n\n<p>Der gr\u00f6\u00dfte Vorteil eines digitalen Adventskalenders ist seine <strong>Flexibilit\u00e4t<\/strong>: Sie k\u00f6nnen den Kalender nach Ihren eigenen W\u00fcnschen gestalten und ihn so <strong>personalisieren<\/strong>, dass er perfekt zu Ihnen beziehungsweise zu Ihrer Familie oder Ihren Freunden passt. Ob mit kleinen R\u00e4tseln, exklusiven Rezepten, Gutscheinen oder Videos \u2013 der Fantasie sind hierbei kaum Grenzen gesetzt.<\/p>\n\n\n\n<div style=\"height:48px\" aria-hidden=\"true\" class=\"wp-block-spacer\"><\/div>\n\n\n\n<h2 class=\"wp-block-heading\" id=\"Ideen\">Kreative Ideen f\u00fcr Ihren digitalen Adventskalender<\/h2>\n\n\n\n<p>Mit einem digitalen Adventskalender haben Sie unz\u00e4hlige M\u00f6glichkeiten, um die Vorweihnachtszeit abwechslungsreich und pers\u00f6nlich zu gestalten. Hier sind einige kreative Ideen f\u00fcr Online-Adventskalender:<\/p>\n\n\n\n<ul class=\"wp-block-list\">\n<li><strong>Interaktive Inhalte f\u00fcr die Vorweihnachtszeit: <\/strong>Bei Ihrem pers\u00f6nlichen Online-Adventskalender k\u00f6nnen Sie hinter jedem T\u00fcrchen eine digitale oder sogar interaktive \u00dcberraschung verstecken. Das k\u00f6nnten zum Beispiel kurze Videos, Bilder oder kleine Spiele sein \u2013 oder Sie halten hinter jedem T\u00fcrchen ein R\u00e4tsel oder eine Quizfrage bereit, sodass der Beschenkte jeden Tag eine kleine Knobelaufgabe erh\u00e4lt.<\/li>\n\n\n\n<li><strong>Geschenke und Gutscheine hinter den T\u00fcrchen:<\/strong><br>Digitale Adventskalender eignen sich hervorragend, um kleine Geschenke oder Gutscheine zu verstecken \u2013 ob Rabattcodes f\u00fcr Online-Shops, personalisierte Botschaften oder Gutscheine f\u00fcr gemeinsame Aktivit\u00e4ten.<\/li>\n\n\n\n<li><strong>Themenkalender f\u00fcr spezielle Interessen: <\/strong>Ein digitaler Adventskalender l\u00e4sst sich leicht thematisch anpassen. F\u00fcr Filmfans k\u00f6nnten Sie jeden Tag einen Klassiker empfehlen, w\u00e4hrend ein Rezepte-Kalender jeden Tag eine neue kulinarische Idee bereith\u00e4lt. So k\u00f6nnen Sie f\u00fcr jeden Geschmack ein individuelles Erlebnis bieten.<\/li>\n<\/ul>\n\n\n\n<div style=\"height:48px\" aria-hidden=\"true\" class=\"wp-block-spacer\"><\/div>\n\n\n\n<h3 class=\"wp-block-heading\">\u00dcberblick: Was kann ich alles in einen digitalen Adventskalender einf\u00fcgen?<\/h3>\n\n\n\n<p>Im Prinzip sind Ihnen bei den Inhalten digitaler Adventskalender kaum Grenzen gesetzt. Beliebte Inhalte sind zum Beispiel:<\/p>\n\n\n\n<div style=\"height:30px\" aria-hidden=\"true\" class=\"wp-block-spacer\"><\/div>\n\n\n\n<p><strong>Virtuelle Inhalte<\/strong><\/p>\n\n\n\n<ol start=\"1\" class=\"wp-block-list\">\n<li><strong>Videos<\/strong>:\n<ul class=\"wp-block-list\">\n<li>Pers\u00f6nliche Nachrichten oder Gru\u00dfbotschaften.<\/li>\n\n\n\n<li>Lustige Videos aus dem Internet.<\/li>\n\n\n\n<li>Kurze Tutorials oder Bastelideen passend zur Weihnachtszeit.<\/li>\n<\/ul>\n<\/li>\n\n\n\n<li><strong>Bilder<\/strong>:\n<ul class=\"wp-block-list\">\n<li>Inspirierende Zitate mit festlichen Designs.<\/li>\n\n\n\n<li>Weihnachtsfotos oder Illustrationen.<\/li>\n\n\n\n<li>Erinnerungsfotos aus dem Jahr.<\/li>\n<\/ul>\n<\/li>\n\n\n\n<li><strong>Audioinhalte<\/strong>:\n<ul class=\"wp-block-list\">\n<li>Weihnachtliche Playlists oder ein spezieller Song pro Tag.<\/li>\n\n\n\n<li>Podcasts oder pers\u00f6nliche Sprachnachrichten.<\/li>\n\n\n\n<li>H\u00f6rgeschichten oder Gedichte.<\/li>\n<\/ul>\n<\/li>\n\n\n\n<li><strong>Texte<\/strong>:\n<ul class=\"wp-block-list\">\n<li>Weihnachtsgedichte oder -geschichten.<\/li>\n\n\n\n<li>Rezepte f\u00fcr Pl\u00e4tzchen, Punsch oder andere Leckereien.<\/li>\n\n\n\n<li>Inspirierende Spr\u00fcche oder Gedanken zum Jahresausklang.<\/li>\n<\/ul>\n<\/li>\n\n\n\n<li><strong>Minispiele und R\u00e4tsel<\/strong>:\n<ul class=\"wp-block-list\">\n<li>Interaktive R\u00e4tsel oder Sudoku mit Weihnachtsbezug.<\/li>\n\n\n\n<li>Ein t\u00e4gliches Quiz mit weihnachtlichen Fragen.<\/li>\n\n\n\n<li>Escape-Room-R\u00e4tsel, die sich \u00fcber mehrere Tage erstrecken.<\/li>\n<\/ul>\n<\/li>\n<\/ol>\n\n\n\n<div style=\"height:30px\" aria-hidden=\"true\" class=\"wp-block-spacer\"><\/div>\n\n\n\n<p><strong>Geschenke und Goodies<\/strong><\/p>\n\n\n\n<ol start=\"6\" class=\"wp-block-list\">\n<li><strong>Gutscheine<\/strong>:\n<ul class=\"wp-block-list\">\n<li>Digitale Gutscheine f\u00fcr Shops, Streaming-Dienste oder Apps.<\/li>\n\n\n\n<li>Selbstgemachte Gutscheine, z. B. f\u00fcr einen Filmabend, ein Essen oder eine Massage.<\/li>\n<\/ul>\n<\/li>\n\n\n\n<li><strong>Downloads<\/strong>:\n<ul class=\"wp-block-list\">\n<li>Exklusive Wallpaper, Icons oder Screensaver.<\/li>\n\n\n\n<li>Printables wie Ausmalbilder, Bastelanleitungen oder Geschenkvorlagen.<\/li>\n<\/ul>\n<\/li>\n\n\n\n<li><strong>Rabattcodes<\/strong>:\n<ul class=\"wp-block-list\">\n<li>Codes f\u00fcr Online-Shops, die Weihnachtsaktionen anbieten.<\/li>\n<\/ul>\n<\/li>\n<\/ol>\n\n\n\n<div style=\"height:30px\" aria-hidden=\"true\" class=\"wp-block-spacer\"><\/div>\n\n\n\n<p><strong>Gemeinsame Aktivit\u00e4ten<\/strong><\/p>\n\n\n\n<ol start=\"9\" class=\"wp-block-list\">\n<li><strong>Interaktive Inhalte<\/strong>:\n<ul class=\"wp-block-list\">\n<li>Eine Bastelanleitung oder ein DIY-Projekt f\u00fcr den Tag.<\/li>\n\n\n\n<li>Vorschl\u00e4ge f\u00fcr Weihnachtsaktivit\u00e4ten.<\/li>\n\n\n\n<li>Kochideen f\u00fcr ein gemeinsames Abendessen.<\/li>\n\n\n\n<li>Links zu besonderen Online-Veranstaltungen wie Adventskonzerten.<\/li>\n\n\n\n<li>Einladung zu einem virtuellen Treffen, um gemeinsam Zeit zu verbringen.<\/li>\n<\/ul>\n<\/li>\n<\/ol>\n\n\n\n<div style=\"height:30px\" aria-hidden=\"true\" class=\"wp-block-spacer\"><\/div>\n\n\n\n<p><strong>Pers\u00f6nliche \u00dcberraschungen<\/strong><\/p>\n\n\n\n<ol start=\"11\" class=\"wp-block-list\">\n<li><strong>Fotos und Erinnerungen<\/strong>:\n<ul class=\"wp-block-list\">\n<li>Alte Erinnerungsfotos, die an sch\u00f6ne Momente erinnern.<\/li>\n\n\n\n<li>Pers\u00f6nliche Geschichten oder Tagebucheintr\u00e4ge.<\/li>\n<\/ul>\n<\/li>\n\n\n\n<li><strong>Botschaften<\/strong>:\n<ul class=\"wp-block-list\">\n<li>Liebesbriefe, freundliche Worte oder Motivationss\u00e4tze.<\/li>\n\n\n\n<li>Dankesbotschaften, die Wertsch\u00e4tzung ausdr\u00fccken.<\/li>\n<\/ul>\n<\/li>\n\n\n\n<li><strong>Virtuelle Geschenke<\/strong>:\n<ul class=\"wp-block-list\">\n<li>Ein \u201evirtuelle Umarmung\u201c-GIF oder animierte Karten.<\/li>\n\n\n\n<li>Ein digitaler Blumenstrau\u00df oder andere kreative Visualisierungen.<\/li>\n<\/ul>\n<\/li>\n<\/ol>\n\n\n\n<div style=\"height:30px\" aria-hidden=\"true\" class=\"wp-block-spacer\"><\/div>\n\n\n\n<p><strong>Bildungsinhalte<\/strong><\/p>\n\n\n\n<ol start=\"14\" class=\"wp-block-list\">\n<li><strong>Wissenswertes<\/strong>:\n<ul class=\"wp-block-list\">\n<li>Fun Facts \u00fcber Weihnachten oder andere Kulturen.<\/li>\n\n\n\n<li>T\u00e4gliche Tipps f\u00fcr nachhaltige Weihnachten.<\/li>\n<\/ul>\n<\/li>\n\n\n\n<li><strong>Lerninhalte<\/strong>:\n<ul class=\"wp-block-list\">\n<li>Eine neue Vokabel oder ein Zitat in einer fremden Sprache.<\/li>\n\n\n\n<li>Ein kleiner Workshop, der \u00fcber 24 Tage hinweg l\u00e4uft.<\/li>\n<\/ul>\n<\/li>\n<\/ol>\n\n\n<div class=\"wp-block-image\">\n<figure class=\"aligncenter size-large is-resized\"><img fetchpriority=\"high\" decoding=\"async\" width=\"1024\" height=\"683\" src=\"https:\/\/www.deutsche-glasfaser.de\/blog\/wp-content\/uploads\/2024\/12\/weihnachtskalender-frau-1024x683.jpg\" alt=\"\" class=\"wp-image-15139\" style=\"width:726px;height:auto\" srcset=\"https:\/\/www.deutsche-glasfaser.de\/blog\/wp-content\/uploads\/2024\/12\/weihnachtskalender-frau-1024x683.jpg 1024w, https:\/\/www.deutsche-glasfaser.de\/blog\/wp-content\/uploads\/2024\/12\/weihnachtskalender-frau-300x200.jpg 300w, https:\/\/www.deutsche-glasfaser.de\/blog\/wp-content\/uploads\/2024\/12\/weihnachtskalender-frau-768x512.jpg 768w, https:\/\/www.deutsche-glasfaser.de\/blog\/wp-content\/uploads\/2024\/12\/weihnachtskalender-frau.jpg 1344w\" sizes=\"(max-width: 1024px) 100vw, 1024px\" \/><\/figure>\n<\/div>\n\n\n<div style=\"height:48px\" aria-hidden=\"true\" class=\"wp-block-spacer\"><\/div>\n\n\n\n<h2 class=\"wp-block-heading\" id=\"gestalten\">So gestalten Sie Ihren eigenen digitalen Adventskalender<\/h2>\n\n\n\n<div style=\"height:48px\" aria-hidden=\"true\" class=\"wp-block-spacer\"><\/div>\n\n\n\n<h3 class=\"wp-block-heading\">1. Planen Sie die Inhalte<\/h3>\n\n\n\n<p>\u00dcberlegen Sie sich zun\u00e4chst, welche Art von \u00dcberraschungen Sie hinter den T\u00fcrchen verstecken m\u00f6chten. M\u00f6chten Sie Ihre Liebsten mit Gutscheinen, Rezepten oder pers\u00f6nlichen Botschaften \u00fcberraschen? Oder sollen es interaktive Inhalte wie R\u00e4tsel oder Videos sein? Notieren Sie Ihre Ideen und ordnen Sie sie den 24 Tagen der Adventszeit zu.<\/p>\n\n\n\n<div style=\"height:48px\" aria-hidden=\"true\" class=\"wp-block-spacer\"><\/div>\n\n\n\n<h3 class=\"wp-block-heading\">2. W\u00e4hlen Sie die richtige Plattform<\/h3>\n\n\n\n<p>Es gibt viele Tools und Plattformen, mit denen Sie einen digitalen Adventskalender schnell und unkompliziert erstellen, indem Sie beispielsweise eigene Dateien hochladen und diese individuell gestalten k\u00f6nnen:<\/p>\n\n\n\n<ul class=\"wp-block-list\">\n<li><strong>AdventMyFriend: <\/strong>Hier finden Sie eine einfache und benutzerfreundliche Plattform, mit der Sie individuelle digitale Adventskalender erstellen k\u00f6nnen, die Sie per Link teilen k\u00f6nnen.<\/li>\n\n\n\n<li><strong>Tuerchen.com: <\/strong>Die Website bietet zahlreiche Anpassungsm\u00f6glichkeiten f\u00fcr digitale Adventskalender mit T\u00fcrchen, die Inhalte wie Bilder, Videos oder Texte enthalten k\u00f6nnen.<\/li>\n\n\n\n<li><strong>MyAdvent: <\/strong>Eine beliebte Plattform mit Fokus auf Kreativit\u00e4t und Multimedia-Inhalten. Nutzer k\u00f6nnen Kalender personalisieren und Inhalte wie Fotos, Videos und Texte hinzuf\u00fcgen.<\/li>\n\n\n\n<li><strong>Canva: <\/strong>Ideal f\u00fcr die Gestaltung eigener Adventskalender-Grafiken. Kombinieren Sie Canva mit Tools wie Google Sites oder Notion, um die fertigen Kalender interaktiv zu machen.<\/li>\n\n\n\n<li><strong>Google Sites: <\/strong>Mit Google Sites k\u00f6nnen Sie eine einfache Website erstellen, die als Adventskalender dient. Hierbei hinterlegen Sie Links zu Inhalten in Google Drive oder anderen Plattformen.<\/li>\n<\/ul>\n\n\n\n<div style=\"height:48px\" aria-hidden=\"true\" class=\"wp-block-spacer\"><\/div>\n\n\n\n<h3 class=\"wp-block-heading\">3. Gestalten Sie den Kalender<\/h3>\n\n\n\n<p>Nutzen Sie die gew\u00e4hlte Plattform, um Ihren Kalender individuell zu gestalten. Laden Sie Dateien wie Bilder und Videos hoch, f\u00fcgen Sie Texte ein und erstellen Sie Links zu Videos oder anderen Inhalten. Achten Sie darauf, dass die Bedienung f\u00fcr die Empf\u00e4nger einfach ist, damit der Kalender reibungslos genutzt werden kann.<\/p>\n\n\n\n<div style=\"height:48px\" aria-hidden=\"true\" class=\"wp-block-spacer\"><\/div>\n\n\n\n<h3 class=\"wp-block-heading\">4. Testen und teilen<\/h3>\n\n\n\n<p>Bevor Sie den Kalender freigeben, testen Sie alle T\u00fcrchen, um sicherzustellen, dass die Inhalte korrekt angezeigt werden. Anschlie\u00dfend k\u00f6nnen Sie den Kalender per E-Mail oder \u00fcber soziale Medien teilen und so Ihre Liebsten in der Vorweihnachtszeit \u00fcberraschen.<\/p>\n\n\n\n<div style=\"height:48px\" aria-hidden=\"true\" class=\"wp-block-spacer\"><\/div>\n\n\n\n<h2 class=\"wp-block-heading\" id=\"Vorteile\">Vorteile eines digitalen Adventskalenders<\/h2>\n\n\n\n<ul class=\"wp-block-list\">\n<li><strong>Nachhaltigkeit und Umweltfreundlichkeit: <\/strong>Digitale Adventskalender sind eine nachhaltige Alternative zu klassischen Kalendern aus Pappe und Plastik. Sie verursachen keinen Abfall und tragen dazu bei, Ressourcen zu schonen. Besonders in der Weihnachtszeit, die oft von \u00dcberkonsum gepr\u00e4gt ist, ist das ein wichtiger Aspekt.<\/li>\n\n\n\n<li><strong>Flexibilit\u00e4t und Einfachheit: <\/strong>Ein digitaler Adventskalender kann jederzeit und \u00fcberall ge\u00f6ffnet werden \u2013 ob auf dem Smartphone, Tablet oder Computer. Das macht ihn besonders praktisch f\u00fcr Menschen, die viel unterwegs sind oder weit entfernt von ihren Liebsten wohnen.<\/li>\n\n\n\n<li><strong>Unendliche Personalisierungsm\u00f6glichkeiten: <\/strong>Sie k\u00f6nnen Ihren digitalen Kalender ganz individuell gestalten. Von personalisierten Botschaften \u00fcber thematische Inhalte bis hin zu interaktiven \u00dcberraschungen \u2013 digitale Adventskalender lassen sich perfekt an die Vorlieben der Empf\u00e4nger anpassen.<\/li>\n\n\n\n<li><strong>Aktuelle Technologie und Inhalte: <\/strong>Im Gegensatz zu klassischen Kalendern, die oft lange im Voraus produziert werden, k\u00f6nnen digitale Adventskalender immer mit aktuellen Inhalten gef\u00fcllt werden. Das bedeutet, dass Sie bis zum letzten Moment \u00c4nderungen vornehmen oder neue Ideen umsetzen k\u00f6nnen.<\/li>\n\n\n\n<li><strong>Gemeinsame Freude trotz Entfernung: <\/strong>Gerade wenn Freunde oder Familie in der Weihnachtszeit nicht vor Ort sind, k\u00f6nnen digitale Adventskalender eine M\u00f6glichkeit bieten, verbunden zu bleiben. Sie k\u00f6nnen den Kalender mit mehreren Personen teilen und gemeinsam die Vorfreude genie\u00dfen.<\/li>\n<\/ul>\n","protected":false},"excerpt":{"rendered":"<p>Die Adventszeit ist f\u00fcr viele Menschen mit die sch\u00f6nste Zeit des Jahres. Sie l\u00e4dt dazu ein, sich auf Weihnachten vorzubereiten und kleine Momente der Freude zu genie\u00dfen. Digitale Adventskalender bieten dabei eine moderne M\u00f6glichkeit, die Vorfreude Tag f\u00fcr Tag zu [&hellip;]<\/p>\n","protected":false},"author":11,"featured_media":15135,"comment_status":"open","ping_status":"open","sticky":false,"template":"","format":"standard","meta":{"footnotes":""},"categories":[1],"tags":[],"class_list":["post-15128","post","type-post","status-publish","format-standard","has-post-thumbnail","hentry","category-service"],"yoast_head":"<!-- This site is optimized with the Yoast SEO plugin v27.5 - https:\/\/yoast.com\/product\/yoast-seo-wordpress\/ -->\n<title>Digitaler Adventskalender: Ideen &amp; Gestaltung<\/title>\n<meta name=\"description\" content=\"Einen digitalen Adventskalender selbst gestalten: \u2713kreative Ideen f\u00fcr pers\u00f6nliche Inhalte \u2713Anleitung f\u00fcr die Erstellung \u2713Vorteile \u00bb Jetzt lesen\" \/>\n<meta name=\"robots\" content=\"index, follow, max-snippet:-1, max-image-preview:large, max-video-preview:-1\" \/>\n<link rel=\"canonical\" href=\"https:\/\/www.deutsche-glasfaser.de\/blog\/online-adventskalender\/\" \/>\n<meta property=\"og:locale\" content=\"de_DE\" \/>\n<meta property=\"og:type\" content=\"article\" \/>\n<meta property=\"og:title\" content=\"Digitaler Adventskalender: Ideen &amp; Gestaltung\" \/>\n<meta property=\"og:description\" content=\"Einen digitalen Adventskalender selbst gestalten: \u2713kreative Ideen f\u00fcr pers\u00f6nliche Inhalte \u2713Anleitung f\u00fcr die Erstellung \u2713Vorteile \u00bb Jetzt lesen\" \/>\n<meta property=\"og:url\" content=\"https:\/\/www.deutsche-glasfaser.de\/blog\/online-adventskalender\/\" \/>\n<meta property=\"og:site_name\" content=\"Digitales B\u00fcrgernetz\" \/>\n<meta property=\"article:published_time\" content=\"2024-12-04T07:22:10+00:00\" \/>\n<meta property=\"article:modified_time\" content=\"2025-12-11T13:03:56+00:00\" \/>\n<meta property=\"og:image\" content=\"https:\/\/www.deutsche-glasfaser.de\/blog\/wp-content\/uploads\/2024\/12\/digitaler-adventskalender-e1733230116675.jpeg\" \/>\n\t<meta property=\"og:image:width\" content=\"1344\" \/>\n\t<meta property=\"og:image:height\" content=\"757\" \/>\n\t<meta property=\"og:image:type\" content=\"image\/jpeg\" \/>\n<meta name=\"author\" content=\"Emma Arndt\" \/>\n<meta name=\"twitter:card\" content=\"summary_large_image\" \/>\n<meta name=\"twitter:label1\" content=\"Verfasst von\" \/>\n\t<meta name=\"twitter:data1\" content=\"Emma Arndt\" \/>\n\t<meta name=\"twitter:label2\" content=\"Gesch\u00e4tzte Lesezeit\" \/>\n\t<meta name=\"twitter:data2\" content=\"7\u00a0Minuten\" \/>\n<script type=\"application\/ld+json\" class=\"yoast-schema-graph\">{\"@context\":\"https:\\\/\\\/schema.org\",\"@graph\":[{\"@type\":\"Article\",\"@id\":\"https:\\\/\\\/www.deutsche-glasfaser.de\\\/blog\\\/online-adventskalender\\\/#article\",\"isPartOf\":{\"@id\":\"https:\\\/\\\/www.deutsche-glasfaser.de\\\/blog\\\/online-adventskalender\\\/\"},\"author\":{\"name\":\"Emma Arndt\",\"@id\":\"https:\\\/\\\/www.deutsche-glasfaser.de\\\/blog\\\/#\\\/schema\\\/person\\\/2e9325719655ab414a05fae22f8502f1\"},\"headline\":\"Digitaler Adventskalender: kreative Ideen f\u00fcr \u00dcberraschungen in der Weihnachtszeit\",\"datePublished\":\"2024-12-04T07:22:10+00:00\",\"dateModified\":\"2025-12-11T13:03:56+00:00\",\"mainEntityOfPage\":{\"@id\":\"https:\\\/\\\/www.deutsche-glasfaser.de\\\/blog\\\/online-adventskalender\\\/\"},\"wordCount\":1257,\"commentCount\":0,\"publisher\":{\"@id\":\"https:\\\/\\\/www.deutsche-glasfaser.de\\\/blog\\\/#organization\"},\"image\":{\"@id\":\"https:\\\/\\\/www.deutsche-glasfaser.de\\\/blog\\\/online-adventskalender\\\/#primaryimage\"},\"thumbnailUrl\":\"https:\\\/\\\/www.deutsche-glasfaser.de\\\/blog\\\/wp-content\\\/uploads\\\/2024\\\/12\\\/digitaler-adventskalender-e1733230116675.jpeg\",\"articleSection\":[\"Service\"],\"inLanguage\":\"de\",\"potentialAction\":[{\"@type\":\"CommentAction\",\"name\":\"Comment\",\"target\":[\"https:\\\/\\\/www.deutsche-glasfaser.de\\\/blog\\\/online-adventskalender\\\/#respond\"]}]},{\"@type\":\"WebPage\",\"@id\":\"https:\\\/\\\/www.deutsche-glasfaser.de\\\/blog\\\/online-adventskalender\\\/\",\"url\":\"https:\\\/\\\/www.deutsche-glasfaser.de\\\/blog\\\/online-adventskalender\\\/\",\"name\":\"Digitaler Adventskalender: Ideen & Gestaltung\",\"isPartOf\":{\"@id\":\"https:\\\/\\\/www.deutsche-glasfaser.de\\\/blog\\\/#website\"},\"primaryImageOfPage\":{\"@id\":\"https:\\\/\\\/www.deutsche-glasfaser.de\\\/blog\\\/online-adventskalender\\\/#primaryimage\"},\"image\":{\"@id\":\"https:\\\/\\\/www.deutsche-glasfaser.de\\\/blog\\\/online-adventskalender\\\/#primaryimage\"},\"thumbnailUrl\":\"https:\\\/\\\/www.deutsche-glasfaser.de\\\/blog\\\/wp-content\\\/uploads\\\/2024\\\/12\\\/digitaler-adventskalender-e1733230116675.jpeg\",\"datePublished\":\"2024-12-04T07:22:10+00:00\",\"dateModified\":\"2025-12-11T13:03:56+00:00\",\"description\":\"Einen digitalen Adventskalender selbst gestalten: \u2713kreative Ideen f\u00fcr pers\u00f6nliche Inhalte \u2713Anleitung f\u00fcr die Erstellung \u2713Vorteile \u00bb Jetzt lesen\",\"inLanguage\":\"de\",\"potentialAction\":[{\"@type\":\"ReadAction\",\"target\":[\"https:\\\/\\\/www.deutsche-glasfaser.de\\\/blog\\\/online-adventskalender\\\/\"]}]},{\"@type\":\"ImageObject\",\"inLanguage\":\"de\",\"@id\":\"https:\\\/\\\/www.deutsche-glasfaser.de\\\/blog\\\/online-adventskalender\\\/#primaryimage\",\"url\":\"https:\\\/\\\/www.deutsche-glasfaser.de\\\/blog\\\/wp-content\\\/uploads\\\/2024\\\/12\\\/digitaler-adventskalender-e1733230116675.jpeg\",\"contentUrl\":\"https:\\\/\\\/www.deutsche-glasfaser.de\\\/blog\\\/wp-content\\\/uploads\\\/2024\\\/12\\\/digitaler-adventskalender-e1733230116675.jpeg\",\"width\":1344,\"height\":757},{\"@type\":\"WebSite\",\"@id\":\"https:\\\/\\\/www.deutsche-glasfaser.de\\\/blog\\\/#website\",\"url\":\"https:\\\/\\\/www.deutsche-glasfaser.de\\\/blog\\\/\",\"name\":\"Digitales B\u00fcrgernetz\",\"description\":\"Deutsche Glasfaser Blog\",\"publisher\":{\"@id\":\"https:\\\/\\\/www.deutsche-glasfaser.de\\\/blog\\\/#organization\"},\"potentialAction\":[{\"@type\":\"SearchAction\",\"target\":{\"@type\":\"EntryPoint\",\"urlTemplate\":\"https:\\\/\\\/www.deutsche-glasfaser.de\\\/blog\\\/?s={search_term_string}\"},\"query-input\":{\"@type\":\"PropertyValueSpecification\",\"valueRequired\":true,\"valueName\":\"search_term_string\"}}],\"inLanguage\":\"de\"},{\"@type\":\"Organization\",\"@id\":\"https:\\\/\\\/www.deutsche-glasfaser.de\\\/blog\\\/#organization\",\"name\":\"Digitales B\u00fcrgernetz\",\"url\":\"https:\\\/\\\/www.deutsche-glasfaser.de\\\/blog\\\/\",\"logo\":{\"@type\":\"ImageObject\",\"inLanguage\":\"de\",\"@id\":\"https:\\\/\\\/www.deutsche-glasfaser.de\\\/blog\\\/#\\\/schema\\\/logo\\\/image\\\/\",\"url\":\"https:\\\/\\\/www.deutsche-glasfaser.de\\\/blog\\\/wp-content\\\/uploads\\\/2021\\\/08\\\/DGF_Logo_Basis_RGB-Large@2x.png\",\"contentUrl\":\"https:\\\/\\\/www.deutsche-glasfaser.de\\\/blog\\\/wp-content\\\/uploads\\\/2021\\\/08\\\/DGF_Logo_Basis_RGB-Large@2x.png\",\"width\":312,\"height\":104,\"caption\":\"Digitales B\u00fcrgernetz\"},\"image\":{\"@id\":\"https:\\\/\\\/www.deutsche-glasfaser.de\\\/blog\\\/#\\\/schema\\\/logo\\\/image\\\/\"}},{\"@type\":\"Person\",\"@id\":\"https:\\\/\\\/www.deutsche-glasfaser.de\\\/blog\\\/#\\\/schema\\\/person\\\/2e9325719655ab414a05fae22f8502f1\",\"name\":\"Emma Arndt\"}]}<\/script>\n<!-- \/ Yoast SEO plugin. -->","yoast_head_json":{"title":"Digitaler Adventskalender: Ideen & Gestaltung","description":"Einen digitalen Adventskalender selbst gestalten: \u2713kreative Ideen f\u00fcr pers\u00f6nliche Inhalte \u2713Anleitung f\u00fcr die Erstellung \u2713Vorteile \u00bb Jetzt lesen","robots":{"index":"index","follow":"follow","max-snippet":"max-snippet:-1","max-image-preview":"max-image-preview:large","max-video-preview":"max-video-preview:-1"},"canonical":"https:\/\/www.deutsche-glasfaser.de\/blog\/online-adventskalender\/","og_locale":"de_DE","og_type":"article","og_title":"Digitaler Adventskalender: Ideen & Gestaltung","og_description":"Einen digitalen Adventskalender selbst gestalten: \u2713kreative Ideen f\u00fcr pers\u00f6nliche Inhalte \u2713Anleitung f\u00fcr die Erstellung \u2713Vorteile \u00bb Jetzt lesen","og_url":"https:\/\/www.deutsche-glasfaser.de\/blog\/online-adventskalender\/","og_site_name":"Digitales B\u00fcrgernetz","article_published_time":"2024-12-04T07:22:10+00:00","article_modified_time":"2025-12-11T13:03:56+00:00","og_image":[{"width":1344,"height":757,"url":"https:\/\/www.deutsche-glasfaser.de\/blog\/wp-content\/uploads\/2024\/12\/digitaler-adventskalender-e1733230116675.jpeg","type":"image\/jpeg"}],"author":"Emma Arndt","twitter_card":"summary_large_image","twitter_misc":{"Verfasst von":"Emma Arndt","Gesch\u00e4tzte Lesezeit":"7\u00a0Minuten"},"schema":{"@context":"https:\/\/schema.org","@graph":[{"@type":"Article","@id":"https:\/\/www.deutsche-glasfaser.de\/blog\/online-adventskalender\/#article","isPartOf":{"@id":"https:\/\/www.deutsche-glasfaser.de\/blog\/online-adventskalender\/"},"author":{"name":"Emma Arndt","@id":"https:\/\/www.deutsche-glasfaser.de\/blog\/#\/schema\/person\/2e9325719655ab414a05fae22f8502f1"},"headline":"Digitaler Adventskalender: kreative Ideen f\u00fcr \u00dcberraschungen in der Weihnachtszeit","datePublished":"2024-12-04T07:22:10+00:00","dateModified":"2025-12-11T13:03:56+00:00","mainEntityOfPage":{"@id":"https:\/\/www.deutsche-glasfaser.de\/blog\/online-adventskalender\/"},"wordCount":1257,"commentCount":0,"publisher":{"@id":"https:\/\/www.deutsche-glasfaser.de\/blog\/#organization"},"image":{"@id":"https:\/\/www.deutsche-glasfaser.de\/blog\/online-adventskalender\/#primaryimage"},"thumbnailUrl":"https:\/\/www.deutsche-glasfaser.de\/blog\/wp-content\/uploads\/2024\/12\/digitaler-adventskalender-e1733230116675.jpeg","articleSection":["Service"],"inLanguage":"de","potentialAction":[{"@type":"CommentAction","name":"Comment","target":["https:\/\/www.deutsche-glasfaser.de\/blog\/online-adventskalender\/#respond"]}]},{"@type":"WebPage","@id":"https:\/\/www.deutsche-glasfaser.de\/blog\/online-adventskalender\/","url":"https:\/\/www.deutsche-glasfaser.de\/blog\/online-adventskalender\/","name":"Digitaler Adventskalender: Ideen & Gestaltung","isPartOf":{"@id":"https:\/\/www.deutsche-glasfaser.de\/blog\/#website"},"primaryImageOfPage":{"@id":"https:\/\/www.deutsche-glasfaser.de\/blog\/online-adventskalender\/#primaryimage"},"image":{"@id":"https:\/\/www.deutsche-glasfaser.de\/blog\/online-adventskalender\/#primaryimage"},"thumbnailUrl":"https:\/\/www.deutsche-glasfaser.de\/blog\/wp-content\/uploads\/2024\/12\/digitaler-adventskalender-e1733230116675.jpeg","datePublished":"2024-12-04T07:22:10+00:00","dateModified":"2025-12-11T13:03:56+00:00","description":"Einen digitalen Adventskalender selbst gestalten: \u2713kreative Ideen f\u00fcr pers\u00f6nliche Inhalte \u2713Anleitung f\u00fcr die Erstellung \u2713Vorteile \u00bb Jetzt lesen","inLanguage":"de","potentialAction":[{"@type":"ReadAction","target":["https:\/\/www.deutsche-glasfaser.de\/blog\/online-adventskalender\/"]}]},{"@type":"ImageObject","inLanguage":"de","@id":"https:\/\/www.deutsche-glasfaser.de\/blog\/online-adventskalender\/#primaryimage","url":"https:\/\/www.deutsche-glasfaser.de\/blog\/wp-content\/uploads\/2024\/12\/digitaler-adventskalender-e1733230116675.jpeg","contentUrl":"https:\/\/www.deutsche-glasfaser.de\/blog\/wp-content\/uploads\/2024\/12\/digitaler-adventskalender-e1733230116675.jpeg","width":1344,"height":757},{"@type":"WebSite","@id":"https:\/\/www.deutsche-glasfaser.de\/blog\/#website","url":"https:\/\/www.deutsche-glasfaser.de\/blog\/","name":"Digitales B\u00fcrgernetz","description":"Deutsche Glasfaser Blog","publisher":{"@id":"https:\/\/www.deutsche-glasfaser.de\/blog\/#organization"},"potentialAction":[{"@type":"SearchAction","target":{"@type":"EntryPoint","urlTemplate":"https:\/\/www.deutsche-glasfaser.de\/blog\/?s={search_term_string}"},"query-input":{"@type":"PropertyValueSpecification","valueRequired":true,"valueName":"search_term_string"}}],"inLanguage":"de"},{"@type":"Organization","@id":"https:\/\/www.deutsche-glasfaser.de\/blog\/#organization","name":"Digitales B\u00fcrgernetz","url":"https:\/\/www.deutsche-glasfaser.de\/blog\/","logo":{"@type":"ImageObject","inLanguage":"de","@id":"https:\/\/www.deutsche-glasfaser.de\/blog\/#\/schema\/logo\/image\/","url":"https:\/\/www.deutsche-glasfaser.de\/blog\/wp-content\/uploads\/2021\/08\/DGF_Logo_Basis_RGB-Large@2x.png","contentUrl":"https:\/\/www.deutsche-glasfaser.de\/blog\/wp-content\/uploads\/2021\/08\/DGF_Logo_Basis_RGB-Large@2x.png","width":312,"height":104,"caption":"Digitales B\u00fcrgernetz"},"image":{"@id":"https:\/\/www.deutsche-glasfaser.de\/blog\/#\/schema\/logo\/image\/"}},{"@type":"Person","@id":"https:\/\/www.deutsche-glasfaser.de\/blog\/#\/schema\/person\/2e9325719655ab414a05fae22f8502f1","name":"Emma Arndt"}]}},"_links":{"self":[{"href":"https:\/\/www.deutsche-glasfaser.de\/blog\/wp-json\/wp\/v2\/posts\/15128","targetHints":{"allow":["GET"]}}],"collection":[{"href":"https:\/\/www.deutsche-glasfaser.de\/blog\/wp-json\/wp\/v2\/posts"}],"about":[{"href":"https:\/\/www.deutsche-glasfaser.de\/blog\/wp-json\/wp\/v2\/types\/post"}],"author":[{"embeddable":true,"href":"https:\/\/www.deutsche-glasfaser.de\/blog\/wp-json\/wp\/v2\/users\/11"}],"replies":[{"embeddable":true,"href":"https:\/\/www.deutsche-glasfaser.de\/blog\/wp-json\/wp\/v2\/comments?post=15128"}],"version-history":[{"count":10,"href":"https:\/\/www.deutsche-glasfaser.de\/blog\/wp-json\/wp\/v2\/posts\/15128\/revisions"}],"predecessor-version":[{"id":15140,"href":"https:\/\/www.deutsche-glasfaser.de\/blog\/wp-json\/wp\/v2\/posts\/15128\/revisions\/15140"}],"wp:featuredmedia":[{"embeddable":true,"href":"https:\/\/www.deutsche-glasfaser.de\/blog\/wp-json\/wp\/v2\/media\/15135"}],"wp:attachment":[{"href":"https:\/\/www.deutsche-glasfaser.de\/blog\/wp-json\/wp\/v2\/media?parent=15128"}],"wp:term":[{"taxonomy":"category","embeddable":true,"href":"https:\/\/www.deutsche-glasfaser.de\/blog\/wp-json\/wp\/v2\/categories?post=15128"},{"taxonomy":"post_tag","embeddable":true,"href":"https:\/\/www.deutsche-glasfaser.de\/blog\/wp-json\/wp\/v2\/tags?post=15128"}],"curies":[{"name":"wp","href":"https:\/\/api.w.org\/{rel}","templated":true}]}}