{"id":15091,"date":"2024-11-21T09:29:22","date_gmt":"2024-11-21T08:29:22","guid":{"rendered":"https:\/\/www.deutsche-glasfaser.de\/blog\/?p=15091"},"modified":"2024-11-21T09:36:15","modified_gmt":"2024-11-21T08:36:15","slug":"belastung-messen-mit-ki-ueberwachung-koennen-bruecken-sicher-altern","status":"publish","type":"post","link":"https:\/\/www.deutsche-glasfaser.de\/blog\/belastung-messen-mit-ki-ueberwachung-koennen-bruecken-sicher-altern\/","title":{"rendered":"Belastung messen: Mit KI-\u00dcberwachung k\u00f6nnen Br\u00fccken sicher altern"},"content":{"rendered":"\t\t<div data-elementor-type=\"wp-post\" data-elementor-id=\"15091\" class=\"elementor elementor-15091\">\n\t\t\t\t\t\t<section class=\"elementor-section elementor-top-section elementor-element elementor-element-f218ca8 elementor-section-boxed elementor-section-height-default elementor-section-height-default\" data-id=\"f218ca8\" data-element_type=\"section\" data-e-type=\"section\">\n\t\t\t\t\t\t<div class=\"elementor-container elementor-column-gap-default\">\n\t\t\t\t\t<div class=\"elementor-column elementor-col-100 elementor-top-column elementor-element elementor-element-ea4499f\" data-id=\"ea4499f\" data-element_type=\"column\" data-e-type=\"column\">\n\t\t\t<div class=\"elementor-widget-wrap elementor-element-populated\">\n\t\t\t\t\t\t<div class=\"elementor-element elementor-element-e0a267a elementor-widget elementor-widget-text-editor\" data-id=\"e0a267a\" data-element_type=\"widget\" data-e-type=\"widget\" data-widget_type=\"text-editor.default\">\n\t\t\t\t<div class=\"elementor-widget-container\">\n\t\t\t\t\t\t\t\t\t<p>Forscherinnen und Forscher bestimmen die Lebensdauer der Nibelungenbr\u00fccke in Worms mit neuen Methoden. \u00a9 KI-generiert<\/p>\t\t\t\t\t\t\t\t<\/div>\n\t\t\t\t<\/div>\n\t\t\t\t\t<\/div>\n\t\t<\/div>\n\t\t\t\t\t<\/div>\n\t\t<\/section>\n\t\t\t\t<section class=\"elementor-section elementor-top-section elementor-element elementor-element-7882a15 elementor-section-boxed elementor-section-height-default elementor-section-height-default\" data-id=\"7882a15\" data-element_type=\"section\" data-e-type=\"section\">\n\t\t\t\t\t\t<div class=\"elementor-container elementor-column-gap-default\">\n\t\t\t\t\t<div class=\"elementor-column elementor-col-100 elementor-top-column elementor-element elementor-element-4b85a9e\" data-id=\"4b85a9e\" data-element_type=\"column\" data-e-type=\"column\">\n\t\t\t<div class=\"elementor-widget-wrap elementor-element-populated\">\n\t\t\t\t\t\t<div class=\"elementor-element elementor-element-979e705 elementor-widget elementor-widget-text-editor\" data-id=\"979e705\" data-element_type=\"widget\" data-e-type=\"widget\" data-widget_type=\"text-editor.default\">\n\t\t\t\t<div class=\"elementor-widget-container\">\n\t\t\t\t\t\t\t\t\t<p>Dass viele Br\u00fccken in Deutschland Sanierungsf\u00e4lle sind, hat sp\u00e4testens der Einsturz der Dresdner Carolabr\u00fccke im September 2024 gezeigt. Es sei bereits \u201ef\u00fcnf nach zw\u00f6lf\u201c, sch\u00e4tzte <u><a href=\"https:\/\/www.rnd.de\/wirtschaft\/einsturz-der-carolabruecke-in-dresden-viele-marode-bruecken-in-deutschland-KVQNYZLEJNEDVHPE3PE2XOGY7Q.html\">Martin Mertens, Professor f\u00fcr Technische Mechanik, Baustatik und Br\u00fcckenbau an der Hochschule Bochum, damals die Lage gegen\u00fcber dem Redaktionsnetzwerk Deutschland<\/a><\/u> ein. Vor allem Gro\u00dfbr\u00fccken, die vor 1980 gebaut wurden, sah der Experte in einem schlechten Zustand. \u201eWir schleppen Patienten vor uns her. Und ein paar Komapatienten h\u00e4ngen l\u00e4ngst am Tropf.\u201c Fast zeitgleich ver\u00f6ffentlichte die Bundesg\u00fctegemeinschaft Instandsetzung von Betonbauwerken eine Datenanalyse. Sie zeigte: <u><a href=\"https:\/\/www.tagesschau.de\/wirtschaft\/verbraucher\/autobahn-bruecken-sanierung-wissing-verkehr-transport-infrastruktur-100.html\">Jede zehnte Autobahnbr\u00fccke in Deutschland ist sanierungsbed\u00fcrftig.<\/a><\/u> 378 der untersuchten Br\u00fccken erhielten dabei die Note \u201enicht ausreichend\u201c.<\/p><p>Doch warum m\u00fcssen gerade jetzt so viele Br\u00fccken instandgesetzt oder neu gebaut werden? Die <u><a href=\"https:\/\/www.autobahn.de\/planen-bauen\/faq-bruecken\">Autobahn AG<\/a><\/u> schreibt dazu auf ihrer Website: \u201eInsgesamt wurden 55 Prozent aller Br\u00fccken vor 1985 errichtet. Bei einer durchschnittlichen Nutzungsdauer von ca. 70 Jahren erreichen die Br\u00fccken das Ende ihres Lebenszyklus und m\u00fcssen ersetzt werden.\u201c Au\u00dferdem seien die Br\u00fccken damals f\u00fcr eine geringere Verkehrsmenge und -last geplant worden \u2013 vor allem f\u00fcr deutlich weniger Lastwagen: \u201eEin einziger Lkw nutzt die Stra\u00dfe so stark ab, wie viele Tausend Pkw. Und hier leiden die Br\u00fccken besonders.\u201c<\/p>\t\t\t\t\t\t\t\t<\/div>\n\t\t\t\t<\/div>\n\t\t\t\t<div class=\"elementor-element elementor-element-705d25f elementor-widget elementor-widget-spacer\" data-id=\"705d25f\" data-element_type=\"widget\" data-e-type=\"widget\" data-widget_type=\"spacer.default\">\n\t\t\t\t<div class=\"elementor-widget-container\">\n\t\t\t\t\t\t\t<div class=\"elementor-spacer\">\n\t\t\t<div class=\"elementor-spacer-inner\"><\/div>\n\t\t<\/div>\n\t\t\t\t\t\t<\/div>\n\t\t\t\t<\/div>\n\t\t\t\t<div class=\"elementor-element elementor-element-ed9d09b elementor-widget elementor-widget-heading\" data-id=\"ed9d09b\" data-element_type=\"widget\" data-e-type=\"widget\" data-widget_type=\"heading.default\">\n\t\t\t\t<div class=\"elementor-widget-container\">\n\t\t\t\t\t<h2 class=\"elementor-heading-title elementor-size-default\">100 Jahre: Kann digitale Technik die Lebensdauer verl\u00e4ngern?<\/h2>\t\t\t\t<\/div>\n\t\t\t\t<\/div>\n\t\t\t\t<div class=\"elementor-element elementor-element-85a07f7 elementor-widget elementor-widget-spacer\" data-id=\"85a07f7\" data-element_type=\"widget\" data-e-type=\"widget\" data-widget_type=\"spacer.default\">\n\t\t\t\t<div class=\"elementor-widget-container\">\n\t\t\t\t\t\t\t<div class=\"elementor-spacer\">\n\t\t\t<div class=\"elementor-spacer-inner\"><\/div>\n\t\t<\/div>\n\t\t\t\t\t\t<\/div>\n\t\t\t\t<\/div>\n\t\t\t\t<div class=\"elementor-element elementor-element-42ae9f1 elementor-widget elementor-widget-text-editor\" data-id=\"42ae9f1\" data-element_type=\"widget\" data-e-type=\"widget\" data-widget_type=\"text-editor.default\">\n\t\t\t\t<div class=\"elementor-widget-container\">\n\t\t\t\t\t\t\t\t\t<p>Vor diesem Hintergrund wirkt ein Forschungsprojekt der Deutschen Forschungsgemeinschaft DFG besonders relevant: Das Programm <u><a href=\"https:\/\/www.dfg.de\/de\/aktuelles\/neuigkeiten-themen\/info-wissenschaft\/2021\/info-wissenschaft-21-56\">\u201eHundert plus \u2013 Verl\u00e4ngerung der Lebensdauer komplexer Baustrukturen durch intelligente Digitalisierung (SPP 100+)\u201c<\/a><\/u> unterst\u00fctzt die Entwicklung eines digitalen Zwillings von Bauwerken. Messdaten aus dem Monitoring des tats\u00e4chlichen Bauwerks flie\u00dfen dort kontinuierlich ein und zeigen den tats\u00e4chlichen Zustand \u2013 also auch, ob und wann das Bauwerk tats\u00e4chlich eine Sanierung ben\u00f6tigt.<\/p><p>Im Rahmen dieses Programms haben jetzt Wissenschaftlerinnen und Wissenschaftler der Bundesanstalt f\u00fcr Materialforschung und -pr\u00fcfung (BAM) einer <u><a href=\"https:\/\/www.bam.de\/Content\/DE\/Pressemitteilungen\/2024\/Infrastruktur\/2024-09-11-spp-br%C3%BCcken-100-jahre-alt-werden-lassen.html\">K\u00fcnstlichen Intelligenz beigebracht, Fahrzeuge anhand der von ihnen erzeugten Schwingungen zu erkennen<\/a><\/u>. Referenzprojekt ist die Nibelungenbr\u00fccke:\u00a0 Mit \u00fcber 100 Metern L\u00e4nge verbindet sie die rheinland-pf\u00e4lzische Stadt Worms \u00fcber den Rhein mit den hessischen St\u00e4dten Lampertheim und B\u00fcrstadt. Der 1953 erbaute \u00e4ltere Teil gilt als Ikone der Spannbetonbauweise.<\/p>\t\t\t\t\t\t\t\t<\/div>\n\t\t\t\t<\/div>\n\t\t\t\t<div class=\"elementor-element elementor-element-587faec elementor-widget elementor-widget-spacer\" data-id=\"587faec\" data-element_type=\"widget\" data-e-type=\"widget\" data-widget_type=\"spacer.default\">\n\t\t\t\t<div class=\"elementor-widget-container\">\n\t\t\t\t\t\t\t<div class=\"elementor-spacer\">\n\t\t\t<div class=\"elementor-spacer-inner\"><\/div>\n\t\t<\/div>\n\t\t\t\t\t\t<\/div>\n\t\t\t\t<\/div>\n\t\t\t\t<div class=\"elementor-element elementor-element-8b022de elementor-widget elementor-widget-image\" data-id=\"8b022de\" data-element_type=\"widget\" data-e-type=\"widget\" data-widget_type=\"image.default\">\n\t\t\t\t<div class=\"elementor-widget-container\">\n\t\t\t\t\t\t\t\t\t\t\t\t<figure class=\"wp-caption\">\n\t\t\t\t\t\t\t\t\t\t<img fetchpriority=\"high\" decoding=\"async\" width=\"768\" height=\"475\" src=\"https:\/\/www.deutsche-glasfaser.de\/blog\/wp-content\/uploads\/2024\/11\/Beitragsbild_20230726_195523._1_FINAL.jpg\" class=\"attachment-medium_large size-medium_large wp-image-15092\" alt=\"Seitenansicht der Nibelungenbr\u00fccke in Worms, rechts der Nibelungenturm.\" srcset=\"https:\/\/www.deutsche-glasfaser.de\/blog\/wp-content\/uploads\/2024\/11\/Beitragsbild_20230726_195523._1_FINAL.jpg 768w, https:\/\/www.deutsche-glasfaser.de\/blog\/wp-content\/uploads\/2024\/11\/Beitragsbild_20230726_195523._1_FINAL-300x186.jpg 300w, https:\/\/www.deutsche-glasfaser.de\/blog\/wp-content\/uploads\/2024\/11\/Beitragsbild_20230726_195523._1_FINAL-485x300.jpg 485w\" sizes=\"(max-width: 768px) 100vw, 768px\" \/>\t\t\t\t\t\t\t\t\t\t\t<figcaption class=\"widget-image-caption wp-caption-text\">Die KI erkennt Schwingungen, ordnet sie Fahrzeugen zu und gibt Hinweise auf die Belastung der Br\u00fccke. \u00a9 BAM<\/figcaption>\n\t\t\t\t\t\t\t\t\t\t<\/figure>\n\t\t\t\t\t\t\t\t\t<\/div>\n\t\t\t\t<\/div>\n\t\t\t\t\t<\/div>\n\t\t<\/div>\n\t\t\t\t\t<\/div>\n\t\t<\/section>\n\t\t\t\t<section class=\"elementor-section elementor-top-section elementor-element elementor-element-0af8994 elementor-section-boxed elementor-section-height-default elementor-section-height-default\" data-id=\"0af8994\" data-element_type=\"section\" data-e-type=\"section\">\n\t\t\t\t\t\t<div class=\"elementor-container elementor-column-gap-default\">\n\t\t\t\t\t<div class=\"elementor-column elementor-col-100 elementor-top-column elementor-element elementor-element-fb8db2e\" data-id=\"fb8db2e\" data-element_type=\"column\" data-e-type=\"column\">\n\t\t\t<div class=\"elementor-widget-wrap elementor-element-populated\">\n\t\t\t\t\t\t<div class=\"elementor-element elementor-element-127abdd elementor-widget elementor-widget-text-editor\" data-id=\"127abdd\" data-element_type=\"widget\" data-e-type=\"widget\" data-widget_type=\"text-editor.default\">\n\t\t\t\t<div class=\"elementor-widget-container\">\n\t\t\t\t\t\t\t\t\t<p>Die Forscherinnen und Forscher wollen erfassen, wie stark der Verkehr die Br\u00fccke belastet, um Sch\u00e4den \u2013 und Sanierungen \u2013 vorhersagen zu k\u00f6nnen. Daf\u00fcr wurden zun\u00e4chst ein 3D-Modell der Br\u00fccke auf Basis von Bestandsunterlagen, eine 3D-Vermessung sowie ein Structural-Health-Monitoring-System erstellt sowie ein digitaler Zwilling implementiert. Sensoren messen dann Schwingungen, die durch den Verkehr entstehen, sowie die Anzahl der Fahrzeuge: Die KI soll so zum Beispiel erkennen, wie viele Lkw \u00fcber die Br\u00fccke fahren. \u201eVerschiedene festinstallierte Sensoren messen an unterschiedlichen Stellen, zu verschiedenen Zeiten und mit unterschiedlicher Frequenz\u201c, erl\u00e4utert Ralf Herrmann, Leiter des Projekts. \u201eDiese Datensets aufeinander abzubilden und ein koh\u00e4rentes Ergebnis zu erhalten, muss die KI erst lernen. Wenn etwa f\u00fcr einen Zeitraum ein Set Messungen zur Verf\u00fcgung steht und f\u00fcr einen anderen Zeitraum das Set eines anderen Sensors, dann soll die KI trotzdem sagen k\u00f6nnen, welche Fahrzeuge wann \u00fcber die Br\u00fccke gefahren sind und welche Belastungen sie ausgel\u00f6st haben.\u201c<\/p>\t\t\t\t\t\t\t\t<\/div>\n\t\t\t\t<\/div>\n\t\t\t\t<div class=\"elementor-element elementor-element-acbb379 elementor-widget elementor-widget-spacer\" data-id=\"acbb379\" data-element_type=\"widget\" data-e-type=\"widget\" data-widget_type=\"spacer.default\">\n\t\t\t\t<div class=\"elementor-widget-container\">\n\t\t\t\t\t\t\t<div class=\"elementor-spacer\">\n\t\t\t<div class=\"elementor-spacer-inner\"><\/div>\n\t\t<\/div>\n\t\t\t\t\t\t<\/div>\n\t\t\t\t<\/div>\n\t\t\t\t<div class=\"elementor-element elementor-element-d8cef2d elementor-widget elementor-widget-heading\" data-id=\"d8cef2d\" data-element_type=\"widget\" data-e-type=\"widget\" data-widget_type=\"heading.default\">\n\t\t\t\t<div class=\"elementor-widget-container\">\n\t\t\t\t\t<h2 class=\"elementor-heading-title elementor-size-default\">Grundlagenforschung f\u00fcr Br\u00fccken<\/h2>\t\t\t\t<\/div>\n\t\t\t\t<\/div>\n\t\t\t\t<div class=\"elementor-element elementor-element-382d859 elementor-widget elementor-widget-spacer\" data-id=\"382d859\" data-element_type=\"widget\" data-e-type=\"widget\" data-widget_type=\"spacer.default\">\n\t\t\t\t<div class=\"elementor-widget-container\">\n\t\t\t\t\t\t\t<div class=\"elementor-spacer\">\n\t\t\t<div class=\"elementor-spacer-inner\"><\/div>\n\t\t<\/div>\n\t\t\t\t\t\t<\/div>\n\t\t\t\t<\/div>\n\t\t\t\t<div class=\"elementor-element elementor-element-c06227d elementor-widget elementor-widget-text-editor\" data-id=\"c06227d\" data-element_type=\"widget\" data-e-type=\"widget\" data-widget_type=\"text-editor.default\">\n\t\t\t\t<div class=\"elementor-widget-container\">\n\t\t\t\t\t\t\t\t\t<p>Ob die Daten helfen, die Nibelungenbr\u00fccke \u00fcber ihr urspr\u00fcngliches Ablaufdatum 2028 hinaus zu nutzen, wird sich zeigen. Ziel ist es auf jeden Fall, die Lebensdauer mit den neuen Methoden und gezielten Instandhaltungsma\u00dfnahmen entscheidend zu verl\u00e4ngern.<\/p><p>Perspektivisch sollen die Erkenntnisse aus diesem Projekt auch anderen Bauwerken ein l\u00e4ngeres Leben erm\u00f6glichen: Die vielen \u00e4lteren Br\u00fccken in Deutschland k\u00f6nnten dann von der KI-gesteuerten \u00dcberwachung profitieren. \u00a0<\/p>\t\t\t\t\t\t\t\t<\/div>\n\t\t\t\t<\/div>\n\t\t\t\t<div class=\"elementor-element elementor-element-4c34f57 elementor-widget elementor-widget-spacer\" data-id=\"4c34f57\" data-element_type=\"widget\" data-e-type=\"widget\" data-widget_type=\"spacer.default\">\n\t\t\t\t<div class=\"elementor-widget-container\">\n\t\t\t\t\t\t\t<div class=\"elementor-spacer\">\n\t\t\t<div class=\"elementor-spacer-inner\"><\/div>\n\t\t<\/div>\n\t\t\t\t\t\t<\/div>\n\t\t\t\t<\/div>\n\t\t\t\t\t<\/div>\n\t\t<\/div>\n\t\t\t\t\t<\/div>\n\t\t<\/section>\n\t\t\t\t<section class=\"elementor-section elementor-top-section elementor-element elementor-element-f8b60cd elementor-section-boxed elementor-section-height-default elementor-section-height-default\" data-id=\"f8b60cd\" data-element_type=\"section\" data-e-type=\"section\">\n\t\t\t\t\t\t<div class=\"elementor-container elementor-column-gap-default\">\n\t\t\t\t\t<div class=\"elementor-column elementor-col-100 elementor-top-column elementor-element elementor-element-ddbdd6e\" data-id=\"ddbdd6e\" data-element_type=\"column\" data-e-type=\"column\">\n\t\t\t<div class=\"elementor-widget-wrap elementor-element-populated\">\n\t\t\t\t\t\t<div class=\"elementor-element elementor-element-72d8767 eael-infobox-icon-bg-shape-none eael-infobox-icon-hover-bg-shape-none elementor-widget elementor-widget-eael-info-box\" data-id=\"72d8767\" data-element_type=\"widget\" data-e-type=\"widget\" data-widget_type=\"eael-info-box.default\">\n\t\t\t\t<div class=\"elementor-widget-container\">\n\t\t\t\t\t        <div class=\"eael-infobox icon-on-left\">\n\t            <div class=\"infobox-icon eael-icon-only\">\n\n            \n                            <div class=\"infobox-icon-wrap\">\n                    <i aria-hidden=\"true\" class=\"fas fa-info-circle\"><\/i>                <\/div>\n            \n            \n        <\/div>\n            <div class=\"infobox-content eael-icon-only\">\n                    <div class=\"infobox-title-section\">\n                <h2 class=\"title\">SPP 100+<\/h2>            <\/div>\n            <div><p>Je \u00e4lter das Bauwerk, desto schneller der Verfall. Deswegen lohnt es sich gerade bei \u00e4lteren Br\u00fccken und H\u00e4usern genau hinzuschauen: Denn vorbeugende Ma\u00dfnahmen gegen Alterung sind vor allem dann erfolgreich, wenn sie so fr\u00fch wie m\u00f6glich erfolgen.<\/p><p>Das Projekt SPP 100+ widmet sich der Aufgabe, Zustandsinformationen \u00fcber ein Bauwerk deutlich fr\u00fcher und genauer zu erheben, als das heute m\u00f6glich ist \u2013 und setzt dabei u. a. auf das Konzept des digitalen Zwillings.<\/p><p>Der kaum messbaren \u00c4nderungsrate durch Deterioration (Verschlechterung) an gro\u00dfen Bauwerken widmet sich das Projekt in den interdisziplin\u00e4ren Forschungsbereichen Digitale Modelle, Digitale Verkn\u00fcpfung und Zustandsindikatoren.<\/p><p><a href=\"https:\/\/www.spp100plus.de\/ueber-uns\/\">https:\/\/www.spp100plus.de\/ueber-uns\/<\/a><\/p><p>\u00a0<\/p><\/div>        <\/div>\n            <\/div>\n\n\t\t\t\t\t\t<\/div>\n\t\t\t\t<\/div>\n\t\t\t\t\t<\/div>\n\t\t<\/div>\n\t\t\t\t\t<\/div>\n\t\t<\/section>\n\t\t\t\t<\/div>\n\t\t","protected":false},"excerpt":{"rendered":"<p>Ein Forschungsprojekt der Bundesanstalt f\u00fcr Materialforschung und<br \/>\n-pr\u00fcfung (BAM) zeigt, wie Br\u00fccken l\u00e4nger genutzt werden k\u00f6nnen. Am Referenzprojekt Nibelungenbr\u00fccke sind Sensoren, KI und ein digitaler Zwilling im Einsatz.<\/p>\n","protected":false},"author":5,"featured_media":15093,"comment_status":"open","ping_status":"open","sticky":false,"template":"","format":"standard","meta":{"footnotes":""},"categories":[67],"tags":[],"class_list":["post-15091","post","type-post","status-publish","format-standard","has-post-thumbnail","hentry","category-mobilitaet"],"yoast_head":"<!-- This site is optimized with the Yoast SEO plugin v27.5 - https:\/\/yoast.com\/product\/yoast-seo-wordpress\/ -->\n<title>KI bestimmt Lebensdauer von Br\u00fccken - Digitales B\u00fcrgernetz<\/title>\n<meta name=\"description\" content=\"Referenzprojekt ist die Nibelungenbr\u00fccke in Worms. Dort werden Schwingungen gemessen und die Daten in einen Digitalen Zwilling eingespeist.\" \/>\n<meta name=\"robots\" content=\"index, follow, max-snippet:-1, max-image-preview:large, max-video-preview:-1\" \/>\n<link rel=\"canonical\" href=\"https:\/\/www.deutsche-glasfaser.de\/blog\/belastung-messen-mit-ki-ueberwachung-koennen-bruecken-sicher-altern\/\" \/>\n<meta property=\"og:locale\" content=\"de_DE\" \/>\n<meta property=\"og:type\" content=\"article\" \/>\n<meta property=\"og:title\" content=\"KI bestimmt Lebensdauer von Br\u00fccken - Digitales B\u00fcrgernetz\" \/>\n<meta property=\"og:description\" content=\"Referenzprojekt ist die Nibelungenbr\u00fccke in Worms. Dort werden Schwingungen gemessen und die Daten in einen Digitalen Zwilling eingespeist.\" \/>\n<meta property=\"og:url\" content=\"https:\/\/www.deutsche-glasfaser.de\/blog\/belastung-messen-mit-ki-ueberwachung-koennen-bruecken-sicher-altern\/\" \/>\n<meta property=\"og:site_name\" content=\"Digitales B\u00fcrgernetz\" \/>\n<meta property=\"article:published_time\" content=\"2024-11-21T08:29:22+00:00\" \/>\n<meta property=\"article:modified_time\" content=\"2024-11-21T08:36:15+00:00\" \/>\n<meta property=\"og:image\" content=\"https:\/\/www.deutsche-glasfaser.de\/blog\/wp-content\/uploads\/2024\/11\/Titelbild_Bruecke_Illustration_FINAL.jpg\" \/>\n\t<meta property=\"og:image:width\" content=\"1500\" \/>\n\t<meta property=\"og:image:height\" content=\"705\" \/>\n\t<meta property=\"og:image:type\" content=\"image\/jpeg\" \/>\n<meta name=\"author\" content=\"Deutsche Glasfaser\" \/>\n<meta name=\"twitter:card\" content=\"summary_large_image\" \/>\n<meta name=\"twitter:label1\" content=\"Verfasst von\" \/>\n\t<meta name=\"twitter:data1\" content=\"Deutsche Glasfaser\" \/>\n\t<meta name=\"twitter:label2\" content=\"Gesch\u00e4tzte Lesezeit\" \/>\n\t<meta name=\"twitter:data2\" content=\"1\u00a0Minute\" \/>\n<script type=\"application\/ld+json\" class=\"yoast-schema-graph\">{\"@context\":\"https:\\\/\\\/schema.org\",\"@graph\":[{\"@type\":\"Article\",\"@id\":\"https:\\\/\\\/www.deutsche-glasfaser.de\\\/blog\\\/belastung-messen-mit-ki-ueberwachung-koennen-bruecken-sicher-altern\\\/#article\",\"isPartOf\":{\"@id\":\"https:\\\/\\\/www.deutsche-glasfaser.de\\\/blog\\\/belastung-messen-mit-ki-ueberwachung-koennen-bruecken-sicher-altern\\\/\"},\"author\":{\"name\":\"Deutsche Glasfaser\",\"@id\":\"https:\\\/\\\/www.deutsche-glasfaser.de\\\/blog\\\/#\\\/schema\\\/person\\\/9380a6dc7443d77143d0c66c409f574b\"},\"headline\":\"Belastung messen: Mit KI-\u00dcberwachung k\u00f6nnen Br\u00fccken sicher altern\",\"datePublished\":\"2024-11-21T08:29:22+00:00\",\"dateModified\":\"2024-11-21T08:36:15+00:00\",\"mainEntityOfPage\":{\"@id\":\"https:\\\/\\\/www.deutsche-glasfaser.de\\\/blog\\\/belastung-messen-mit-ki-ueberwachung-koennen-bruecken-sicher-altern\\\/\"},\"wordCount\":751,\"commentCount\":0,\"publisher\":{\"@id\":\"https:\\\/\\\/www.deutsche-glasfaser.de\\\/blog\\\/#organization\"},\"image\":{\"@id\":\"https:\\\/\\\/www.deutsche-glasfaser.de\\\/blog\\\/belastung-messen-mit-ki-ueberwachung-koennen-bruecken-sicher-altern\\\/#primaryimage\"},\"thumbnailUrl\":\"https:\\\/\\\/www.deutsche-glasfaser.de\\\/blog\\\/wp-content\\\/uploads\\\/2024\\\/11\\\/Titelbild_Bruecke_Illustration_FINAL.jpg\",\"articleSection\":[\"#Mobilit\u00e4t\"],\"inLanguage\":\"de\",\"potentialAction\":[{\"@type\":\"CommentAction\",\"name\":\"Comment\",\"target\":[\"https:\\\/\\\/www.deutsche-glasfaser.de\\\/blog\\\/belastung-messen-mit-ki-ueberwachung-koennen-bruecken-sicher-altern\\\/#respond\"]}]},{\"@type\":\"WebPage\",\"@id\":\"https:\\\/\\\/www.deutsche-glasfaser.de\\\/blog\\\/belastung-messen-mit-ki-ueberwachung-koennen-bruecken-sicher-altern\\\/\",\"url\":\"https:\\\/\\\/www.deutsche-glasfaser.de\\\/blog\\\/belastung-messen-mit-ki-ueberwachung-koennen-bruecken-sicher-altern\\\/\",\"name\":\"KI bestimmt Lebensdauer von Br\u00fccken - Digitales B\u00fcrgernetz\",\"isPartOf\":{\"@id\":\"https:\\\/\\\/www.deutsche-glasfaser.de\\\/blog\\\/#website\"},\"primaryImageOfPage\":{\"@id\":\"https:\\\/\\\/www.deutsche-glasfaser.de\\\/blog\\\/belastung-messen-mit-ki-ueberwachung-koennen-bruecken-sicher-altern\\\/#primaryimage\"},\"image\":{\"@id\":\"https:\\\/\\\/www.deutsche-glasfaser.de\\\/blog\\\/belastung-messen-mit-ki-ueberwachung-koennen-bruecken-sicher-altern\\\/#primaryimage\"},\"thumbnailUrl\":\"https:\\\/\\\/www.deutsche-glasfaser.de\\\/blog\\\/wp-content\\\/uploads\\\/2024\\\/11\\\/Titelbild_Bruecke_Illustration_FINAL.jpg\",\"datePublished\":\"2024-11-21T08:29:22+00:00\",\"dateModified\":\"2024-11-21T08:36:15+00:00\",\"description\":\"Referenzprojekt ist die Nibelungenbr\u00fccke in Worms. Dort werden Schwingungen gemessen und die Daten in einen Digitalen Zwilling eingespeist.\",\"inLanguage\":\"de\",\"potentialAction\":[{\"@type\":\"ReadAction\",\"target\":[\"https:\\\/\\\/www.deutsche-glasfaser.de\\\/blog\\\/belastung-messen-mit-ki-ueberwachung-koennen-bruecken-sicher-altern\\\/\"]}]},{\"@type\":\"ImageObject\",\"inLanguage\":\"de\",\"@id\":\"https:\\\/\\\/www.deutsche-glasfaser.de\\\/blog\\\/belastung-messen-mit-ki-ueberwachung-koennen-bruecken-sicher-altern\\\/#primaryimage\",\"url\":\"https:\\\/\\\/www.deutsche-glasfaser.de\\\/blog\\\/wp-content\\\/uploads\\\/2024\\\/11\\\/Titelbild_Bruecke_Illustration_FINAL.jpg\",\"contentUrl\":\"https:\\\/\\\/www.deutsche-glasfaser.de\\\/blog\\\/wp-content\\\/uploads\\\/2024\\\/11\\\/Titelbild_Bruecke_Illustration_FINAL.jpg\",\"width\":1500,\"height\":705,\"caption\":\"Gezeichnete Seitenansicht der Nibelungenbr\u00fccke in Worms, davor in Gr\u00fcn und Blau Schwingungsmuster.\"},{\"@type\":\"WebSite\",\"@id\":\"https:\\\/\\\/www.deutsche-glasfaser.de\\\/blog\\\/#website\",\"url\":\"https:\\\/\\\/www.deutsche-glasfaser.de\\\/blog\\\/\",\"name\":\"Digitales B\u00fcrgernetz\",\"description\":\"Deutsche Glasfaser Blog\",\"publisher\":{\"@id\":\"https:\\\/\\\/www.deutsche-glasfaser.de\\\/blog\\\/#organization\"},\"potentialAction\":[{\"@type\":\"SearchAction\",\"target\":{\"@type\":\"EntryPoint\",\"urlTemplate\":\"https:\\\/\\\/www.deutsche-glasfaser.de\\\/blog\\\/?s={search_term_string}\"},\"query-input\":{\"@type\":\"PropertyValueSpecification\",\"valueRequired\":true,\"valueName\":\"search_term_string\"}}],\"inLanguage\":\"de\"},{\"@type\":\"Organization\",\"@id\":\"https:\\\/\\\/www.deutsche-glasfaser.de\\\/blog\\\/#organization\",\"name\":\"Digitales B\u00fcrgernetz\",\"url\":\"https:\\\/\\\/www.deutsche-glasfaser.de\\\/blog\\\/\",\"logo\":{\"@type\":\"ImageObject\",\"inLanguage\":\"de\",\"@id\":\"https:\\\/\\\/www.deutsche-glasfaser.de\\\/blog\\\/#\\\/schema\\\/logo\\\/image\\\/\",\"url\":\"https:\\\/\\\/www.deutsche-glasfaser.de\\\/blog\\\/wp-content\\\/uploads\\\/2021\\\/08\\\/DGF_Logo_Basis_RGB-Large@2x.png\",\"contentUrl\":\"https:\\\/\\\/www.deutsche-glasfaser.de\\\/blog\\\/wp-content\\\/uploads\\\/2021\\\/08\\\/DGF_Logo_Basis_RGB-Large@2x.png\",\"width\":312,\"height\":104,\"caption\":\"Digitales B\u00fcrgernetz\"},\"image\":{\"@id\":\"https:\\\/\\\/www.deutsche-glasfaser.de\\\/blog\\\/#\\\/schema\\\/logo\\\/image\\\/\"}},{\"@type\":\"Person\",\"@id\":\"https:\\\/\\\/www.deutsche-glasfaser.de\\\/blog\\\/#\\\/schema\\\/person\\\/9380a6dc7443d77143d0c66c409f574b\",\"name\":\"Deutsche Glasfaser\"}]}<\/script>\n<!-- \/ Yoast SEO plugin. -->","yoast_head_json":{"title":"KI bestimmt Lebensdauer von Br\u00fccken - Digitales B\u00fcrgernetz","description":"Referenzprojekt ist die Nibelungenbr\u00fccke in Worms. Dort werden Schwingungen gemessen und die Daten in einen Digitalen Zwilling eingespeist.","robots":{"index":"index","follow":"follow","max-snippet":"max-snippet:-1","max-image-preview":"max-image-preview:large","max-video-preview":"max-video-preview:-1"},"canonical":"https:\/\/www.deutsche-glasfaser.de\/blog\/belastung-messen-mit-ki-ueberwachung-koennen-bruecken-sicher-altern\/","og_locale":"de_DE","og_type":"article","og_title":"KI bestimmt Lebensdauer von Br\u00fccken - Digitales B\u00fcrgernetz","og_description":"Referenzprojekt ist die Nibelungenbr\u00fccke in Worms. Dort werden Schwingungen gemessen und die Daten in einen Digitalen Zwilling eingespeist.","og_url":"https:\/\/www.deutsche-glasfaser.de\/blog\/belastung-messen-mit-ki-ueberwachung-koennen-bruecken-sicher-altern\/","og_site_name":"Digitales B\u00fcrgernetz","article_published_time":"2024-11-21T08:29:22+00:00","article_modified_time":"2024-11-21T08:36:15+00:00","og_image":[{"width":1500,"height":705,"url":"https:\/\/www.deutsche-glasfaser.de\/blog\/wp-content\/uploads\/2024\/11\/Titelbild_Bruecke_Illustration_FINAL.jpg","type":"image\/jpeg"}],"author":"Deutsche Glasfaser","twitter_card":"summary_large_image","twitter_misc":{"Verfasst von":"Deutsche Glasfaser","Gesch\u00e4tzte Lesezeit":"1\u00a0Minute"},"schema":{"@context":"https:\/\/schema.org","@graph":[{"@type":"Article","@id":"https:\/\/www.deutsche-glasfaser.de\/blog\/belastung-messen-mit-ki-ueberwachung-koennen-bruecken-sicher-altern\/#article","isPartOf":{"@id":"https:\/\/www.deutsche-glasfaser.de\/blog\/belastung-messen-mit-ki-ueberwachung-koennen-bruecken-sicher-altern\/"},"author":{"name":"Deutsche Glasfaser","@id":"https:\/\/www.deutsche-glasfaser.de\/blog\/#\/schema\/person\/9380a6dc7443d77143d0c66c409f574b"},"headline":"Belastung messen: Mit KI-\u00dcberwachung k\u00f6nnen Br\u00fccken sicher altern","datePublished":"2024-11-21T08:29:22+00:00","dateModified":"2024-11-21T08:36:15+00:00","mainEntityOfPage":{"@id":"https:\/\/www.deutsche-glasfaser.de\/blog\/belastung-messen-mit-ki-ueberwachung-koennen-bruecken-sicher-altern\/"},"wordCount":751,"commentCount":0,"publisher":{"@id":"https:\/\/www.deutsche-glasfaser.de\/blog\/#organization"},"image":{"@id":"https:\/\/www.deutsche-glasfaser.de\/blog\/belastung-messen-mit-ki-ueberwachung-koennen-bruecken-sicher-altern\/#primaryimage"},"thumbnailUrl":"https:\/\/www.deutsche-glasfaser.de\/blog\/wp-content\/uploads\/2024\/11\/Titelbild_Bruecke_Illustration_FINAL.jpg","articleSection":["#Mobilit\u00e4t"],"inLanguage":"de","potentialAction":[{"@type":"CommentAction","name":"Comment","target":["https:\/\/www.deutsche-glasfaser.de\/blog\/belastung-messen-mit-ki-ueberwachung-koennen-bruecken-sicher-altern\/#respond"]}]},{"@type":"WebPage","@id":"https:\/\/www.deutsche-glasfaser.de\/blog\/belastung-messen-mit-ki-ueberwachung-koennen-bruecken-sicher-altern\/","url":"https:\/\/www.deutsche-glasfaser.de\/blog\/belastung-messen-mit-ki-ueberwachung-koennen-bruecken-sicher-altern\/","name":"KI bestimmt Lebensdauer von Br\u00fccken - Digitales B\u00fcrgernetz","isPartOf":{"@id":"https:\/\/www.deutsche-glasfaser.de\/blog\/#website"},"primaryImageOfPage":{"@id":"https:\/\/www.deutsche-glasfaser.de\/blog\/belastung-messen-mit-ki-ueberwachung-koennen-bruecken-sicher-altern\/#primaryimage"},"image":{"@id":"https:\/\/www.deutsche-glasfaser.de\/blog\/belastung-messen-mit-ki-ueberwachung-koennen-bruecken-sicher-altern\/#primaryimage"},"thumbnailUrl":"https:\/\/www.deutsche-glasfaser.de\/blog\/wp-content\/uploads\/2024\/11\/Titelbild_Bruecke_Illustration_FINAL.jpg","datePublished":"2024-11-21T08:29:22+00:00","dateModified":"2024-11-21T08:36:15+00:00","description":"Referenzprojekt ist die Nibelungenbr\u00fccke in Worms. Dort werden Schwingungen gemessen und die Daten in einen Digitalen Zwilling eingespeist.","inLanguage":"de","potentialAction":[{"@type":"ReadAction","target":["https:\/\/www.deutsche-glasfaser.de\/blog\/belastung-messen-mit-ki-ueberwachung-koennen-bruecken-sicher-altern\/"]}]},{"@type":"ImageObject","inLanguage":"de","@id":"https:\/\/www.deutsche-glasfaser.de\/blog\/belastung-messen-mit-ki-ueberwachung-koennen-bruecken-sicher-altern\/#primaryimage","url":"https:\/\/www.deutsche-glasfaser.de\/blog\/wp-content\/uploads\/2024\/11\/Titelbild_Bruecke_Illustration_FINAL.jpg","contentUrl":"https:\/\/www.deutsche-glasfaser.de\/blog\/wp-content\/uploads\/2024\/11\/Titelbild_Bruecke_Illustration_FINAL.jpg","width":1500,"height":705,"caption":"Gezeichnete Seitenansicht der Nibelungenbr\u00fccke in Worms, davor in Gr\u00fcn und Blau Schwingungsmuster."},{"@type":"WebSite","@id":"https:\/\/www.deutsche-glasfaser.de\/blog\/#website","url":"https:\/\/www.deutsche-glasfaser.de\/blog\/","name":"Digitales B\u00fcrgernetz","description":"Deutsche Glasfaser Blog","publisher":{"@id":"https:\/\/www.deutsche-glasfaser.de\/blog\/#organization"},"potentialAction":[{"@type":"SearchAction","target":{"@type":"EntryPoint","urlTemplate":"https:\/\/www.deutsche-glasfaser.de\/blog\/?s={search_term_string}"},"query-input":{"@type":"PropertyValueSpecification","valueRequired":true,"valueName":"search_term_string"}}],"inLanguage":"de"},{"@type":"Organization","@id":"https:\/\/www.deutsche-glasfaser.de\/blog\/#organization","name":"Digitales B\u00fcrgernetz","url":"https:\/\/www.deutsche-glasfaser.de\/blog\/","logo":{"@type":"ImageObject","inLanguage":"de","@id":"https:\/\/www.deutsche-glasfaser.de\/blog\/#\/schema\/logo\/image\/","url":"https:\/\/www.deutsche-glasfaser.de\/blog\/wp-content\/uploads\/2021\/08\/DGF_Logo_Basis_RGB-Large@2x.png","contentUrl":"https:\/\/www.deutsche-glasfaser.de\/blog\/wp-content\/uploads\/2021\/08\/DGF_Logo_Basis_RGB-Large@2x.png","width":312,"height":104,"caption":"Digitales B\u00fcrgernetz"},"image":{"@id":"https:\/\/www.deutsche-glasfaser.de\/blog\/#\/schema\/logo\/image\/"}},{"@type":"Person","@id":"https:\/\/www.deutsche-glasfaser.de\/blog\/#\/schema\/person\/9380a6dc7443d77143d0c66c409f574b","name":"Deutsche Glasfaser"}]}},"_links":{"self":[{"href":"https:\/\/www.deutsche-glasfaser.de\/blog\/wp-json\/wp\/v2\/posts\/15091","targetHints":{"allow":["GET"]}}],"collection":[{"href":"https:\/\/www.deutsche-glasfaser.de\/blog\/wp-json\/wp\/v2\/posts"}],"about":[{"href":"https:\/\/www.deutsche-glasfaser.de\/blog\/wp-json\/wp\/v2\/types\/post"}],"author":[{"embeddable":true,"href":"https:\/\/www.deutsche-glasfaser.de\/blog\/wp-json\/wp\/v2\/users\/5"}],"replies":[{"embeddable":true,"href":"https:\/\/www.deutsche-glasfaser.de\/blog\/wp-json\/wp\/v2\/comments?post=15091"}],"version-history":[{"count":8,"href":"https:\/\/www.deutsche-glasfaser.de\/blog\/wp-json\/wp\/v2\/posts\/15091\/revisions"}],"predecessor-version":[{"id":15101,"href":"https:\/\/www.deutsche-glasfaser.de\/blog\/wp-json\/wp\/v2\/posts\/15091\/revisions\/15101"}],"wp:featuredmedia":[{"embeddable":true,"href":"https:\/\/www.deutsche-glasfaser.de\/blog\/wp-json\/wp\/v2\/media\/15093"}],"wp:attachment":[{"href":"https:\/\/www.deutsche-glasfaser.de\/blog\/wp-json\/wp\/v2\/media?parent=15091"}],"wp:term":[{"taxonomy":"category","embeddable":true,"href":"https:\/\/www.deutsche-glasfaser.de\/blog\/wp-json\/wp\/v2\/categories?post=15091"},{"taxonomy":"post_tag","embeddable":true,"href":"https:\/\/www.deutsche-glasfaser.de\/blog\/wp-json\/wp\/v2\/tags?post=15091"}],"curies":[{"name":"wp","href":"https:\/\/api.w.org\/{rel}","templated":true}]}}