{"id":14763,"date":"2024-11-07T10:43:42","date_gmt":"2024-11-07T09:43:42","guid":{"rendered":"https:\/\/www.deutsche-glasfaser.de\/blog\/?p=14763"},"modified":"2025-01-09T14:18:23","modified_gmt":"2025-01-09T13:18:23","slug":"erneut-digitale-orte-gefunden-das-sind-die-gewinner-2024","status":"publish","type":"post","link":"https:\/\/www.deutsche-glasfaser.de\/blog\/erneut-digitale-orte-gefunden-das-sind-die-gewinner-2024\/","title":{"rendered":"Erneut &#8222;Digitale Orte&#8220; gefunden \u2013\u00a0Das sind die Gewinner 2024"},"content":{"rendered":"\t\t<div data-elementor-type=\"wp-post\" data-elementor-id=\"14763\" class=\"elementor elementor-14763\">\n\t\t\t\t\t\t<section class=\"elementor-section elementor-top-section elementor-element elementor-element-9a3cf48 elementor-section-boxed elementor-section-height-default elementor-section-height-default\" data-id=\"9a3cf48\" data-element_type=\"section\" data-e-type=\"section\">\n\t\t\t\t\t\t<div class=\"elementor-container elementor-column-gap-default\">\n\t\t\t\t\t<div class=\"elementor-column elementor-col-100 elementor-top-column elementor-element elementor-element-ca48ef3\" data-id=\"ca48ef3\" data-element_type=\"column\" data-e-type=\"column\">\n\t\t\t<div class=\"elementor-widget-wrap elementor-element-populated\">\n\t\t\t\t\t\t<div class=\"elementor-element elementor-element-c709f1b elementor-widget elementor-widget-text-editor\" data-id=\"c709f1b\" data-element_type=\"widget\" data-e-type=\"widget\" data-widget_type=\"text-editor.default\">\n\t\t\t\t<div class=\"elementor-widget-container\">\n\t\t\t\t\t\t\t\t\t<p>Die Macherinnen und Macher hinter den ausgezeichneten Projekten mit den Laudatorinnen und Laudatoren bei der Preisverleihung im Microsoft Atrium in Berlin. \u00a9 Deutsche Glasfaser \/ Jana Weinberg<\/p>\t\t\t\t\t\t\t\t<\/div>\n\t\t\t\t<\/div>\n\t\t\t\t\t<\/div>\n\t\t<\/div>\n\t\t\t\t\t<\/div>\n\t\t<\/section>\n\t\t\t\t<section class=\"elementor-section elementor-top-section elementor-element elementor-element-1c99359 elementor-section-boxed elementor-section-height-default elementor-section-height-default\" data-id=\"1c99359\" data-element_type=\"section\" data-e-type=\"section\">\n\t\t\t\t\t\t<div class=\"elementor-container elementor-column-gap-default\">\n\t\t\t\t\t<div class=\"elementor-column elementor-col-100 elementor-top-column elementor-element elementor-element-b981d36\" data-id=\"b981d36\" data-element_type=\"column\" data-e-type=\"column\">\n\t\t\t<div class=\"elementor-widget-wrap elementor-element-populated\">\n\t\t\t\t\t\t<div class=\"elementor-element elementor-element-0ebefcc elementor-widget elementor-widget-text-editor\" data-id=\"0ebefcc\" data-element_type=\"widget\" data-e-type=\"widget\" data-widget_type=\"text-editor.default\">\n\t\t\t\t<div class=\"elementor-widget-container\">\n\t\t\t\t\t\t\t\t\t<p>Unser Leben wird immer digitaler. Mit dem Wachstum der Glasfaserinfrastruktur entfaltet sich zunehmend auch jenseits der Metropolen digitale Innovationskraft. Zu oft geschieht dies jedoch unbemerkt \u2013 bislang. Der Wettbewerb Digitale Orte \u00e4ndert dies, nun bereits im dritten Jahr.<\/p><p><strong>Deutsche Glasfaser<\/strong>\u00a0und<strong>\u00a0Deutschland \u2013 Land der Ideen<\/strong>\u00a0wollen die Sichtbarkeit von digitalen Projekten im l\u00e4ndlichen Raum erh\u00f6hen. Wenn wir \u201eDigitale Orte\u201c suchen, suchen wir Projekte und Initiativen im ganzen Land, die mit ihren digitalen L\u00f6sungen einen nachhaltigen Beitrag f\u00fcr die Zukunft des l\u00e4ndlichen Raums leisten. Die Preisverleihung bietet dar\u00fcber hinaus einen Ort zum Austausch und zur Vernetzung aller Protagonisten und schafft damit neue M\u00f6glichkeiten der Zusammenarbeit.<\/p><p>Auch im dritten Jahr des Wettbewerbs haben uns\u00a0\u00fcber 150 Bewerbungen\u00a0erreicht, aus denen wir in sechs Kategorien jeweils drei Finalist*innen ermittelt haben. Aus diesen hat unsere Jury nun die Gewinner*innen ausgew\u00e4hlt. Diese sind genauso vielf\u00e4ltig wie die Herausforderungen des \u00f6ffentlichen Lebens, die sie meistern.<\/p><p>Denn der l\u00e4ndliche Raum steht vor einer Reihe von Herausforderungen: \u00dcberalterung, Leerstand in den Orts- und Dorfzentren und eine sinkende Zahl von Gesundheitseinrichtungen sowie \u00f6ffentlichen und privaten Versorgungsangeboten. Die \u201edigitale Kluft\u201c, die unterschiedliche digitale Versorgung von st\u00e4dtischem und l\u00e4ndlichem Raum, hat diesen Trend noch weiter versch\u00e4rft.<\/p><p>Am 06. November wurden nun insgesamt sechs herausragende Projekte und Initiativen zur erfolgreichen Digitalisierung des l\u00e4ndlichen Raumes in Berlin ausgezeichnet. Eine mit hochkar\u00e4tigen ExpertInnen besetzte <a href=\"https:\/\/land-der-ideen.de\/wettbewerbe\/digitale-orte\/jury\"><strong>Jury<\/strong><\/a>\u00a0hatte zuvor insgesamt 18 FinalistInnen aus den Kategorien \u201eBildung\u201c, \u201eKultur &amp; Soziales\u201c, \u201eGesundheit\u201c, \u201eMobilit\u00e4t &amp; Infrastruktur\u201c, \u201eSmarte Kommune\u201c und \u201eVerwaltung\u201c ausgew\u00e4hlt.<\/p>\t\t\t\t\t\t\t\t<\/div>\n\t\t\t\t<\/div>\n\t\t\t\t<div class=\"elementor-element elementor-element-9208097 elementor-widget elementor-widget-spacer\" data-id=\"9208097\" data-element_type=\"widget\" data-e-type=\"widget\" data-widget_type=\"spacer.default\">\n\t\t\t\t<div class=\"elementor-widget-container\">\n\t\t\t\t\t\t\t<div class=\"elementor-spacer\">\n\t\t\t<div class=\"elementor-spacer-inner\"><\/div>\n\t\t<\/div>\n\t\t\t\t\t\t<\/div>\n\t\t\t\t<\/div>\n\t\t\t\t<div class=\"elementor-element elementor-element-05b093f elementor-widget elementor-widget-video\" data-id=\"05b093f\" data-element_type=\"widget\" data-e-type=\"widget\" data-settings=\"{&quot;youtube_url&quot;:&quot;https:\\\/\\\/youtu.be\\\/qLXIjZ3QxGQ&quot;,&quot;video_type&quot;:&quot;youtube&quot;,&quot;controls&quot;:&quot;yes&quot;}\" data-widget_type=\"video.default\">\n\t\t\t\t<div class=\"elementor-widget-container\">\n\t\t\t\t\t\t\t<div class=\"elementor-wrapper elementor-open-inline\">\n\t\t\t<div class=\"elementor-video\"><\/div>\t\t<\/div>\n\t\t\t\t\t\t<\/div>\n\t\t\t\t<\/div>\n\t\t\t\t<div class=\"elementor-element elementor-element-661b181 elementor-widget elementor-widget-text-editor\" data-id=\"661b181\" data-element_type=\"widget\" data-e-type=\"widget\" data-widget_type=\"text-editor.default\">\n\t\t\t\t<div class=\"elementor-widget-container\">\n\t\t\t\t\t\t\t\t\t<p>Das Recap-Video zeigt die Highlights des Abends (c) Deutsche Glasfaser \/ Flaggschiff<\/p>\t\t\t\t\t\t\t\t<\/div>\n\t\t\t\t<\/div>\n\t\t\t\t<div class=\"elementor-element elementor-element-f8dcf80 elementor-widget elementor-widget-spacer\" data-id=\"f8dcf80\" data-element_type=\"widget\" data-e-type=\"widget\" data-widget_type=\"spacer.default\">\n\t\t\t\t<div class=\"elementor-widget-container\">\n\t\t\t\t\t\t\t<div class=\"elementor-spacer\">\n\t\t\t<div class=\"elementor-spacer-inner\"><\/div>\n\t\t<\/div>\n\t\t\t\t\t\t<\/div>\n\t\t\t\t<\/div>\n\t\t\t\t<div class=\"elementor-element elementor-element-151a8cf elementor-widget elementor-widget-text-editor\" data-id=\"151a8cf\" data-element_type=\"widget\" data-e-type=\"widget\" data-widget_type=\"text-editor.default\">\n\t\t\t\t<div class=\"elementor-widget-container\">\n\t\t\t\t\t\t\t\t\t<p>Bei einem <strong>Meet &amp; Greet<\/strong> vor der Preisverleihung hatten die Finalist:innen bereits die M\u00f6glichkeit, sich mit den Jurorinnen und Juroren des Wettbewerbs in kleinem Rahmen auszutauschen. Denn es geht im Wettbewerb auch darum, Insell\u00f6sungen zu vermeiden, Projekte zu vernetzen und den Austausch zu erm\u00f6glichen.<\/p><p>Tina Dauster, TV-Journalistin und Moderatorin des Abends er\u00f6ffnete die anschlie\u00dfende Preisverleihung und erkl\u00e4rte: &#8222;Mehr als die H\u00e4lfte der Deutschen lebt im l\u00e4ndlichen Raum. Auf ihre Bed\u00fcrfnisse zu h\u00f6ren, ist wichtiger denn je.&#8220;<\/p><p>Als Initiatoren des Wettbewerbs begr\u00fc\u00dften Andreas Pfisterer (CEO Deutsche Glasfaser) und Dr. Philipp Mehne (Gesch\u00e4ftsf\u00fchrer der Initiative \u201eDeutschland \u2013 Land der Ideen\u201d) die anwesenden G\u00e4ste.<\/p><p>\u201e\u00dcber die H\u00e4lfte der Menschen in Deutschland lebt auf dem Land.\u201c, erkl\u00e4rte Andreas Pfisterer die Motivation, den Wettbewerb wieder auszurichten. \u201eDigitale Infrastruktur tr\u00e4gt dazu bei, dass der l\u00e4ndliche Raum stark bleibt. Sie erm\u00f6glicht gesellschaftliche und demokratische Teilhabe und unterst\u00fctzt Vordenker und Macher, die digitale L\u00f6sungen f\u00fcr die gesellschaftliche Herausforderungen entwickeln.\u201c\u00a0<\/p>\t\t\t\t\t\t\t\t<\/div>\n\t\t\t\t<\/div>\n\t\t\t\t<div class=\"elementor-element elementor-element-cd095d7 elementor-widget elementor-widget-image\" data-id=\"cd095d7\" data-element_type=\"widget\" data-e-type=\"widget\" data-widget_type=\"image.default\">\n\t\t\t\t<div class=\"elementor-widget-container\">\n\t\t\t\t\t\t\t\t\t\t\t\t<figure class=\"wp-caption\">\n\t\t\t\t\t\t\t\t\t\t<img fetchpriority=\"high\" decoding=\"async\" width=\"768\" height=\"512\" src=\"https:\/\/www.deutsche-glasfaser.de\/blog\/wp-content\/uploads\/2024\/11\/DG_Preisverleihung_06-11-24-42-768x512.jpg\" class=\"attachment-medium_large size-medium_large wp-image-14769\" alt=\"Tina Dauster spricht auf B\u00fchne.\" srcset=\"https:\/\/www.deutsche-glasfaser.de\/blog\/wp-content\/uploads\/2024\/11\/DG_Preisverleihung_06-11-24-42-768x512.jpg 768w, https:\/\/www.deutsche-glasfaser.de\/blog\/wp-content\/uploads\/2024\/11\/DG_Preisverleihung_06-11-24-42-300x200.jpg 300w, https:\/\/www.deutsche-glasfaser.de\/blog\/wp-content\/uploads\/2024\/11\/DG_Preisverleihung_06-11-24-42-1024x683.jpg 1024w, https:\/\/www.deutsche-glasfaser.de\/blog\/wp-content\/uploads\/2024\/11\/DG_Preisverleihung_06-11-24-42.jpg 1473w\" sizes=\"(max-width: 768px) 100vw, 768px\" \/>\t\t\t\t\t\t\t\t\t\t\t<figcaption class=\"widget-image-caption wp-caption-text\">Durch die Preisverleihung f\u00fchrte TV-Journalistin Tina Dauster. (c) Deutsche Glasfaser \/ Jana Weinberg<\/figcaption>\n\t\t\t\t\t\t\t\t\t\t<\/figure>\n\t\t\t\t\t\t\t\t\t<\/div>\n\t\t\t\t<\/div>\n\t\t\t\t<div class=\"elementor-element elementor-element-55b170d elementor-widget elementor-widget-spacer\" data-id=\"55b170d\" data-element_type=\"widget\" data-e-type=\"widget\" data-widget_type=\"spacer.default\">\n\t\t\t\t<div class=\"elementor-widget-container\">\n\t\t\t\t\t\t\t<div class=\"elementor-spacer\">\n\t\t\t<div class=\"elementor-spacer-inner\"><\/div>\n\t\t<\/div>\n\t\t\t\t\t\t<\/div>\n\t\t\t\t<\/div>\n\t\t\t\t<div class=\"elementor-element elementor-element-3d7b034 elementor-widget elementor-widget-image\" data-id=\"3d7b034\" data-element_type=\"widget\" data-e-type=\"widget\" data-widget_type=\"image.default\">\n\t\t\t\t<div class=\"elementor-widget-container\">\n\t\t\t\t\t\t\t\t\t\t\t\t<figure class=\"wp-caption\">\n\t\t\t\t\t\t\t\t\t\t<img decoding=\"async\" width=\"768\" height=\"433\" src=\"https:\/\/www.deutsche-glasfaser.de\/blog\/wp-content\/uploads\/2024\/11\/DG_Preisverleihung_06-11-24-65-768x433.jpg\" class=\"attachment-medium_large size-medium_large wp-image-14770\" alt=\"eine Frau und zwei M\u00e4nner sprechen auf einer B\u00fchne\" srcset=\"https:\/\/www.deutsche-glasfaser.de\/blog\/wp-content\/uploads\/2024\/11\/DG_Preisverleihung_06-11-24-65-768x433.jpg 768w, https:\/\/www.deutsche-glasfaser.de\/blog\/wp-content\/uploads\/2024\/11\/DG_Preisverleihung_06-11-24-65-300x169.jpg 300w, https:\/\/www.deutsche-glasfaser.de\/blog\/wp-content\/uploads\/2024\/11\/DG_Preisverleihung_06-11-24-65-1024x577.jpg 1024w, https:\/\/www.deutsche-glasfaser.de\/blog\/wp-content\/uploads\/2024\/11\/DG_Preisverleihung_06-11-24-65.jpg 1262w\" sizes=\"(max-width: 768px) 100vw, 768px\" \/>\t\t\t\t\t\t\t\t\t\t\t<figcaption class=\"widget-image-caption wp-caption-text\">Begr\u00fc\u00dfung und Dank durch die Initiatoren: Es haben sich wieder vielf\u00e4ltige und sehr engagierte Projekte beworben. (c) Deutsche Glasfaser \/ Jana Weinberg<\/figcaption>\n\t\t\t\t\t\t\t\t\t\t<\/figure>\n\t\t\t\t\t\t\t\t\t<\/div>\n\t\t\t\t<\/div>\n\t\t\t\t<div class=\"elementor-element elementor-element-f86694c elementor-widget elementor-widget-spacer\" data-id=\"f86694c\" data-element_type=\"widget\" data-e-type=\"widget\" data-widget_type=\"spacer.default\">\n\t\t\t\t<div class=\"elementor-widget-container\">\n\t\t\t\t\t\t\t<div class=\"elementor-spacer\">\n\t\t\t<div class=\"elementor-spacer-inner\"><\/div>\n\t\t<\/div>\n\t\t\t\t\t\t<\/div>\n\t\t\t\t<\/div>\n\t\t\t\t<div class=\"elementor-element elementor-element-4ca4b7c elementor-widget elementor-widget-heading\" data-id=\"4ca4b7c\" data-element_type=\"widget\" data-e-type=\"widget\" data-widget_type=\"heading.default\">\n\t\t\t\t<div class=\"elementor-widget-container\">\n\t\t\t\t\t<h2 class=\"elementor-heading-title elementor-size-default\">Spotlights: \"Wie gelingt es uns, Digitale L\u00f6sungen in die Fl\u00e4che zu bringen?\" <\/h2>\t\t\t\t<\/div>\n\t\t\t\t<\/div>\n\t\t\t\t<div class=\"elementor-element elementor-element-d2bf5b0 elementor-widget elementor-widget-spacer\" data-id=\"d2bf5b0\" data-element_type=\"widget\" data-e-type=\"widget\" data-widget_type=\"spacer.default\">\n\t\t\t\t<div class=\"elementor-widget-container\">\n\t\t\t\t\t\t\t<div class=\"elementor-spacer\">\n\t\t\t<div class=\"elementor-spacer-inner\"><\/div>\n\t\t<\/div>\n\t\t\t\t\t\t<\/div>\n\t\t\t\t<\/div>\n\t\t\t\t<div class=\"elementor-element elementor-element-6063f56 elementor-widget elementor-widget-text-editor\" data-id=\"6063f56\" data-element_type=\"widget\" data-e-type=\"widget\" data-widget_type=\"text-editor.default\">\n\t\t\t\t<div class=\"elementor-widget-container\">\n\t\t\t\t\t\t\t\t\t<p>In der Digitalisierung liegt der Schl\u00fcssel zur L\u00f6sung struktureller Herausforderungen im l\u00e4ndlichen Raum. Digitale Orte zeigt, dass es nicht an guten Ideen mangelt. Aber wie schaffen wir es, diese L\u00f6sungsans\u00e4tze so voranzubringen und zu skalieren, dass alle Kommunen, B\u00fcrger:innen sowie Unternehmen in Deutschland von digitalen L\u00f6sungen profitieren k\u00f6nnen? Welche Rahmenbedingungen m\u00fcssen geschaffen werden, um digitale Technologie in die Fl\u00e4che zu bringen? Dazu gab es im Format &#8222;Spotlights&#8220; vier Antworten in je drei Minuten aus unterschiedlichen Perspektiven. Es sprachen:<\/p><ul><li>Oliver G\u00fcrtler, Mitglied der Gesch\u00e4ftsleitung, Microsoft Deutschland\u00a0<\/li><li>Kay Ruge, Stellv. Hauptgesch\u00e4ftsf\u00fchrer, Deutscher Landkreistag\u00a0<\/li><li>Frederic Ufer, Gesch\u00e4ftsf\u00fchrer, Verband der Anbieter von Telekommunikations- und Mehrwertdiensten e. V. (VATM)\u00a0<\/li><li>Theresa Z\u00fcger, Leiterin AI &amp; Society Lab, Alexander von Humboldt Institut f\u00fcr Internet und Gesellschaft.<\/li><\/ul><p>Was die Aussagen der Redner:innen einte war 1., dass wir einen R\u00fcckstand aufholen m\u00fcssten, 2. dass es einen starken Digitalisierungswillen g\u00e4be und 3. dass der Austausch anders und besser stattfinden m\u00fcsse. Der Wettbewerb sei daher ein wichtiger und richtiger Schritt.<\/p>\t\t\t\t\t\t\t\t<\/div>\n\t\t\t\t<\/div>\n\t\t\t\t<div class=\"elementor-element elementor-element-0292a66 elementor-widget elementor-widget-spacer\" data-id=\"0292a66\" data-element_type=\"widget\" data-e-type=\"widget\" data-widget_type=\"spacer.default\">\n\t\t\t\t<div class=\"elementor-widget-container\">\n\t\t\t\t\t\t\t<div class=\"elementor-spacer\">\n\t\t\t<div class=\"elementor-spacer-inner\"><\/div>\n\t\t<\/div>\n\t\t\t\t\t\t<\/div>\n\t\t\t\t<\/div>\n\t\t\t\t<div class=\"elementor-element elementor-element-2f3433d elementor-widget elementor-widget-heading\" data-id=\"2f3433d\" data-element_type=\"widget\" data-e-type=\"widget\" data-widget_type=\"heading.default\">\n\t\t\t\t<div class=\"elementor-widget-container\">\n\t\t\t\t\t<h2 class=\"elementor-heading-title elementor-size-default\">Und gewonnen haben...<\/h2>\t\t\t\t<\/div>\n\t\t\t\t<\/div>\n\t\t\t\t<div class=\"elementor-element elementor-element-db72a60 elementor-widget elementor-widget-spacer\" data-id=\"db72a60\" data-element_type=\"widget\" data-e-type=\"widget\" data-widget_type=\"spacer.default\">\n\t\t\t\t<div class=\"elementor-widget-container\">\n\t\t\t\t\t\t\t<div class=\"elementor-spacer\">\n\t\t\t<div class=\"elementor-spacer-inner\"><\/div>\n\t\t<\/div>\n\t\t\t\t\t\t<\/div>\n\t\t\t\t<\/div>\n\t\t\t\t<div class=\"elementor-element elementor-element-4fc2947 elementor-widget elementor-widget-text-editor\" data-id=\"4fc2947\" data-element_type=\"widget\" data-e-type=\"widget\" data-widget_type=\"text-editor.default\">\n\t\t\t\t<div class=\"elementor-widget-container\">\n\t\t\t\t\t\t\t\t\t<p>Alle Gewinner-Kategorien wurden von Vertretern der Jury als Laudator:innen angek\u00fcndigt, darunter Andreas Pfisterer (CEO Deutsche Glasfaser), Dr. Tina M\u00fcller (TLGG Consulting), Sven Butler (Leiter des Gigabitb\u00fcros des Bundes), Luise Ruge (Gesch\u00e4ftsf\u00fchrung Neuland 21) und Dr. Constantin Terton (ZDH).<\/p><p><strong>Und gewonnen haben:<\/strong><\/p><ul><li>in der Kategorie\u00a0Bildung: <a href=\"https:\/\/land-der-ideen.de\/wettbewerbe\/digitale-orte\/finalist-innen\/wissenswerkstatt\"><strong>Die Wissenswerkstatt als digitaler Lernraum<\/strong><\/a><strong>.<\/strong> Das Projekt bietet<strong>\u00a0<\/strong>ganzj\u00e4hrig Workshops zu Programmiersprachen, computerunterst\u00fctztem Zeichnen, App-Programmierung oder K\u00fcnstlicher Intelligenz an. Die Teilnahme ist stets kostenlos, um auch sozial Benachteiligten den Zugang zu MINT-Themen und zur Digitalisierung zu erm\u00f6glichen.<\/li><\/ul><p>\u00a0<\/p>\t\t\t\t\t\t\t\t<\/div>\n\t\t\t\t<\/div>\n\t\t\t\t<div class=\"elementor-element elementor-element-414f552 elementor-widget elementor-widget-image\" data-id=\"414f552\" data-element_type=\"widget\" data-e-type=\"widget\" data-widget_type=\"image.default\">\n\t\t\t\t<div class=\"elementor-widget-container\">\n\t\t\t\t\t\t\t\t\t\t\t\t<figure class=\"wp-caption\">\n\t\t\t\t\t\t\t\t\t\t<img decoding=\"async\" width=\"768\" height=\"433\" src=\"https:\/\/www.deutsche-glasfaser.de\/blog\/wp-content\/uploads\/2024\/11\/06-11-24-1-768x433.jpg\" class=\"attachment-medium_large size-medium_large wp-image-14774\" alt=\"\" srcset=\"https:\/\/www.deutsche-glasfaser.de\/blog\/wp-content\/uploads\/2024\/11\/06-11-24-1-768x433.jpg 768w, https:\/\/www.deutsche-glasfaser.de\/blog\/wp-content\/uploads\/2024\/11\/06-11-24-1-300x169.jpg 300w, https:\/\/www.deutsche-glasfaser.de\/blog\/wp-content\/uploads\/2024\/11\/06-11-24-1-1024x577.jpg 1024w, https:\/\/www.deutsche-glasfaser.de\/blog\/wp-content\/uploads\/2024\/11\/06-11-24-1-1536x865.jpg 1536w, https:\/\/www.deutsche-glasfaser.de\/blog\/wp-content\/uploads\/2024\/11\/06-11-24-1.jpg 1683w\" sizes=\"(max-width: 768px) 100vw, 768px\" \/>\t\t\t\t\t\t\t\t\t\t\t<figcaption class=\"widget-image-caption wp-caption-text\">Das Team der Wissenswerkstatt Schweinfurt e.V. mit Laudator Andreas Pfisterer und Frank Kr\u00fcger vom BMDV.<\/figcaption>\n\t\t\t\t\t\t\t\t\t\t<\/figure>\n\t\t\t\t\t\t\t\t\t<\/div>\n\t\t\t\t<\/div>\n\t\t\t\t\t<\/div>\n\t\t<\/div>\n\t\t\t\t\t<\/div>\n\t\t<\/section>\n\t\t\t\t<section class=\"elementor-section elementor-top-section elementor-element elementor-element-940847b elementor-section-boxed elementor-section-height-default elementor-section-height-default\" data-id=\"940847b\" data-element_type=\"section\" data-e-type=\"section\">\n\t\t\t\t\t\t<div class=\"elementor-container elementor-column-gap-default\">\n\t\t\t\t\t<div class=\"elementor-column elementor-col-100 elementor-top-column elementor-element elementor-element-f6c2aa2\" data-id=\"f6c2aa2\" data-element_type=\"column\" data-e-type=\"column\">\n\t\t\t<div class=\"elementor-widget-wrap elementor-element-populated\">\n\t\t\t\t\t\t<div class=\"elementor-element elementor-element-188a527 elementor-widget elementor-widget-text-editor\" data-id=\"188a527\" data-element_type=\"widget\" data-e-type=\"widget\" data-widget_type=\"text-editor.default\">\n\t\t\t\t<div class=\"elementor-widget-container\">\n\t\t\t\t\t\t\t\t\t<ul><li>in der Kategorie\u00a0Kultur &amp; Soziales: <a href=\"https:\/\/land-der-ideen.de\/wettbewerbe\/digitale-orte\/finalist-innen\/bring-together\"><strong>bring together \u2013 Dein Match f\u00fcr ein neues Zuhause<\/strong><\/a>. Die digitale Matching-Plattform verbindet Menschen und passende gemeinschaftliche Wohnprojekte. Ziel ist es, die Vereinsamung in der Gesellschaft zu verringern und eine solidarische, nachhaltige Lebensweise zu st\u00e4rken.<\/li><\/ul>\t\t\t\t\t\t\t\t<\/div>\n\t\t\t\t<\/div>\n\t\t\t\t\t<\/div>\n\t\t<\/div>\n\t\t\t\t\t<\/div>\n\t\t<\/section>\n\t\t\t\t<section class=\"elementor-section elementor-top-section elementor-element elementor-element-93a14e1 elementor-section-boxed elementor-section-height-default elementor-section-height-default\" data-id=\"93a14e1\" data-element_type=\"section\" data-e-type=\"section\">\n\t\t\t\t\t\t<div class=\"elementor-container elementor-column-gap-default\">\n\t\t\t\t\t<div class=\"elementor-column elementor-col-100 elementor-top-column elementor-element elementor-element-99f981b\" data-id=\"99f981b\" data-element_type=\"column\" data-e-type=\"column\">\n\t\t\t<div class=\"elementor-widget-wrap elementor-element-populated\">\n\t\t\t\t\t\t<div class=\"elementor-element elementor-element-c6e015b elementor-widget elementor-widget-image\" data-id=\"c6e015b\" data-element_type=\"widget\" data-e-type=\"widget\" data-widget_type=\"image.default\">\n\t\t\t\t<div class=\"elementor-widget-container\">\n\t\t\t\t\t\t\t\t\t\t\t\t<figure class=\"wp-caption\">\n\t\t\t\t\t\t\t\t\t\t<img loading=\"lazy\" decoding=\"async\" width=\"768\" height=\"432\" src=\"https:\/\/www.deutsche-glasfaser.de\/blog\/wp-content\/uploads\/2024\/11\/06-11-24-6-768x432.jpg\" class=\"attachment-medium_large size-medium_large wp-image-14777\" alt=\"\" srcset=\"https:\/\/www.deutsche-glasfaser.de\/blog\/wp-content\/uploads\/2024\/11\/06-11-24-6-768x432.jpg 768w, https:\/\/www.deutsche-glasfaser.de\/blog\/wp-content\/uploads\/2024\/11\/06-11-24-6-300x169.jpg 300w, https:\/\/www.deutsche-glasfaser.de\/blog\/wp-content\/uploads\/2024\/11\/06-11-24-6-1024x576.jpg 1024w, https:\/\/www.deutsche-glasfaser.de\/blog\/wp-content\/uploads\/2024\/11\/06-11-24-6.jpg 1137w\" sizes=\"(max-width: 768px) 100vw, 768px\" \/>\t\t\t\t\t\t\t\t\t\t\t<figcaption class=\"widget-image-caption wp-caption-text\">Karin Demming von bring-together mit Frank Kr\u00fcger.<\/figcaption>\n\t\t\t\t\t\t\t\t\t\t<\/figure>\n\t\t\t\t\t\t\t\t\t<\/div>\n\t\t\t\t<\/div>\n\t\t\t\t\t<\/div>\n\t\t<\/div>\n\t\t\t\t\t<\/div>\n\t\t<\/section>\n\t\t\t\t<section class=\"elementor-section elementor-top-section elementor-element elementor-element-e0f643b elementor-section-boxed elementor-section-height-default elementor-section-height-default\" data-id=\"e0f643b\" data-element_type=\"section\" data-e-type=\"section\">\n\t\t\t\t\t\t<div class=\"elementor-container elementor-column-gap-default\">\n\t\t\t\t\t<div class=\"elementor-column elementor-col-100 elementor-top-column elementor-element elementor-element-c4b887f\" data-id=\"c4b887f\" data-element_type=\"column\" data-e-type=\"column\">\n\t\t\t<div class=\"elementor-widget-wrap elementor-element-populated\">\n\t\t\t\t\t\t<div class=\"elementor-element elementor-element-c48b6a2 elementor-widget elementor-widget-text-editor\" data-id=\"c48b6a2\" data-element_type=\"widget\" data-e-type=\"widget\" data-widget_type=\"text-editor.default\">\n\t\t\t\t<div class=\"elementor-widget-container\">\n\t\t\t\t\t\t\t\t\t<ul><li>in der Kategorie Mobilit\u00e4t &amp; Infrastruktur: <a href=\"https:\/\/land-der-ideen.de\/wettbewerbe\/digitale-orte\/finalist-innen\/shuttle-modellregion-oberfranken-smo\"><strong>Shuttle Modellregion Oberfranken (SMO)<\/strong>.<\/a> Im Vordergrund von SMO steht der Betrieb von sechs hochautomatisierten Shuttles. Das Ziel ist es, durch die Etablierung des Shuttle-Betriebs im \u00d6PNV, Forschungsfragen f\u00fcr einen fahrerlosen Betrieb zu erarbeiten.<\/li><\/ul>\t\t\t\t\t\t\t\t<\/div>\n\t\t\t\t<\/div>\n\t\t\t\t\t<\/div>\n\t\t<\/div>\n\t\t\t\t\t<\/div>\n\t\t<\/section>\n\t\t\t\t<section class=\"elementor-section elementor-top-section elementor-element elementor-element-4180fd2 elementor-section-boxed elementor-section-height-default elementor-section-height-default\" data-id=\"4180fd2\" data-element_type=\"section\" data-e-type=\"section\">\n\t\t\t\t\t\t<div class=\"elementor-container elementor-column-gap-default\">\n\t\t\t\t\t<div class=\"elementor-column elementor-col-100 elementor-top-column elementor-element elementor-element-1ba3d73\" data-id=\"1ba3d73\" data-element_type=\"column\" data-e-type=\"column\">\n\t\t\t<div class=\"elementor-widget-wrap elementor-element-populated\">\n\t\t\t\t\t\t<div class=\"elementor-element elementor-element-1cb224e elementor-widget elementor-widget-image\" data-id=\"1cb224e\" data-element_type=\"widget\" data-e-type=\"widget\" data-widget_type=\"image.default\">\n\t\t\t\t<div class=\"elementor-widget-container\">\n\t\t\t\t\t\t\t\t\t\t\t\t<figure class=\"wp-caption\">\n\t\t\t\t\t\t\t\t\t\t<img loading=\"lazy\" decoding=\"async\" width=\"768\" height=\"433\" src=\"https:\/\/www.deutsche-glasfaser.de\/blog\/wp-content\/uploads\/2024\/11\/06-11-24-8-768x433.jpg\" class=\"attachment-medium_large size-medium_large wp-image-14778\" alt=\"Die Macherinnen und Macher von SMO bei der Preisverleihung.\" srcset=\"https:\/\/www.deutsche-glasfaser.de\/blog\/wp-content\/uploads\/2024\/11\/06-11-24-8-768x433.jpg 768w, https:\/\/www.deutsche-glasfaser.de\/blog\/wp-content\/uploads\/2024\/11\/06-11-24-8-300x169.jpg 300w, https:\/\/www.deutsche-glasfaser.de\/blog\/wp-content\/uploads\/2024\/11\/06-11-24-8-1024x577.jpg 1024w, https:\/\/www.deutsche-glasfaser.de\/blog\/wp-content\/uploads\/2024\/11\/06-11-24-8.jpg 1511w\" sizes=\"(max-width: 768px) 100vw, 768px\" \/>\t\t\t\t\t\t\t\t\t\t\t<figcaption class=\"widget-image-caption wp-caption-text\">Die Macherinnen und Macher von SMO mit Laudatorin Dr. Tina M\u00fcller und Frank Kr\u00fcger bei der Preisverleihung.<\/figcaption>\n\t\t\t\t\t\t\t\t\t\t<\/figure>\n\t\t\t\t\t\t\t\t\t<\/div>\n\t\t\t\t<\/div>\n\t\t\t\t\t<\/div>\n\t\t<\/div>\n\t\t\t\t\t<\/div>\n\t\t<\/section>\n\t\t\t\t<section class=\"elementor-section elementor-top-section elementor-element elementor-element-5285fe8 elementor-section-boxed elementor-section-height-default elementor-section-height-default\" data-id=\"5285fe8\" data-element_type=\"section\" data-e-type=\"section\">\n\t\t\t\t\t\t<div class=\"elementor-container elementor-column-gap-default\">\n\t\t\t\t\t<div class=\"elementor-column elementor-col-100 elementor-top-column elementor-element elementor-element-45fb24f\" data-id=\"45fb24f\" data-element_type=\"column\" data-e-type=\"column\">\n\t\t\t<div class=\"elementor-widget-wrap elementor-element-populated\">\n\t\t\t\t\t\t<div class=\"elementor-element elementor-element-b763c1d elementor-widget elementor-widget-spacer\" data-id=\"b763c1d\" data-element_type=\"widget\" data-e-type=\"widget\" data-widget_type=\"spacer.default\">\n\t\t\t\t<div class=\"elementor-widget-container\">\n\t\t\t\t\t\t\t<div class=\"elementor-spacer\">\n\t\t\t<div class=\"elementor-spacer-inner\"><\/div>\n\t\t<\/div>\n\t\t\t\t\t\t<\/div>\n\t\t\t\t<\/div>\n\t\t\t\t<div class=\"elementor-element elementor-element-7aaa4ee elementor-widget elementor-widget-text-editor\" data-id=\"7aaa4ee\" data-element_type=\"widget\" data-e-type=\"widget\" data-widget_type=\"text-editor.default\">\n\t\t\t\t<div class=\"elementor-widget-container\">\n\t\t\t\t\t\t\t\t\t<ul><li>In der Kategorie Smarte Kommune: <a href=\"https:\/\/land-der-ideen.de\/wettbewerbe\/digitale-orte\/finalist-innen\/digitalstadt-ahaus\"><strong>Digitalstadt Ahaus<\/strong><\/a>. \u00a0Die Digitalstadt Ahaus ist ein Reallabor mit derzeit \u00fcber 100 digitalen, vernetzten Angeboten f\u00fcr B\u00fcrgerinnen und B\u00fcrger. Sie alle setzen auf einer zentralen Plattform auf, mit dem Ziel, eine lebenswerte Innenstadt mit attraktiven Angeboten zu erhalten und leerstehende Fl\u00e4chen neu zu beleben.<\/li><\/ul>\t\t\t\t\t\t\t\t<\/div>\n\t\t\t\t<\/div>\n\t\t\t\t\t<\/div>\n\t\t<\/div>\n\t\t\t\t\t<\/div>\n\t\t<\/section>\n\t\t\t\t<section class=\"elementor-section elementor-top-section elementor-element elementor-element-e205076 elementor-section-boxed elementor-section-height-default elementor-section-height-default\" data-id=\"e205076\" data-element_type=\"section\" data-e-type=\"section\">\n\t\t\t\t\t\t<div class=\"elementor-container elementor-column-gap-default\">\n\t\t\t\t\t<div class=\"elementor-column elementor-col-100 elementor-top-column elementor-element elementor-element-86b24de\" data-id=\"86b24de\" data-element_type=\"column\" data-e-type=\"column\">\n\t\t\t<div class=\"elementor-widget-wrap elementor-element-populated\">\n\t\t\t\t\t\t<div class=\"elementor-element elementor-element-527f7ac elementor-widget elementor-widget-spacer\" data-id=\"527f7ac\" data-element_type=\"widget\" data-e-type=\"widget\" data-widget_type=\"spacer.default\">\n\t\t\t\t<div class=\"elementor-widget-container\">\n\t\t\t\t\t\t\t<div class=\"elementor-spacer\">\n\t\t\t<div class=\"elementor-spacer-inner\"><\/div>\n\t\t<\/div>\n\t\t\t\t\t\t<\/div>\n\t\t\t\t<\/div>\n\t\t\t\t\t<\/div>\n\t\t<\/div>\n\t\t\t\t\t<\/div>\n\t\t<\/section>\n\t\t\t\t<section class=\"elementor-section elementor-top-section elementor-element elementor-element-e6e6510 elementor-section-boxed elementor-section-height-default elementor-section-height-default\" data-id=\"e6e6510\" data-element_type=\"section\" data-e-type=\"section\">\n\t\t\t\t\t\t<div class=\"elementor-container elementor-column-gap-default\">\n\t\t\t\t\t<div class=\"elementor-column elementor-col-100 elementor-top-column elementor-element elementor-element-3176066\" data-id=\"3176066\" data-element_type=\"column\" data-e-type=\"column\">\n\t\t\t<div class=\"elementor-widget-wrap elementor-element-populated\">\n\t\t\t\t\t\t<div class=\"elementor-element elementor-element-bfad9a8 elementor-widget elementor-widget-image\" data-id=\"bfad9a8\" data-element_type=\"widget\" data-e-type=\"widget\" data-widget_type=\"image.default\">\n\t\t\t\t<div class=\"elementor-widget-container\">\n\t\t\t\t\t\t\t\t\t\t\t\t<figure class=\"wp-caption\">\n\t\t\t\t\t\t\t\t\t\t<img loading=\"lazy\" decoding=\"async\" width=\"768\" height=\"432\" src=\"https:\/\/www.deutsche-glasfaser.de\/blog\/wp-content\/uploads\/2024\/11\/06-11-24-10-768x432.jpg\" class=\"attachment-medium_large size-medium_large wp-image-14779\" alt=\"\" srcset=\"https:\/\/www.deutsche-glasfaser.de\/blog\/wp-content\/uploads\/2024\/11\/06-11-24-10-768x432.jpg 768w, https:\/\/www.deutsche-glasfaser.de\/blog\/wp-content\/uploads\/2024\/11\/06-11-24-10-300x169.jpg 300w, https:\/\/www.deutsche-glasfaser.de\/blog\/wp-content\/uploads\/2024\/11\/06-11-24-10-1024x576.jpg 1024w, https:\/\/www.deutsche-glasfaser.de\/blog\/wp-content\/uploads\/2024\/11\/06-11-24-10-1536x865.jpg 1536w, https:\/\/www.deutsche-glasfaser.de\/blog\/wp-content\/uploads\/2024\/11\/06-11-24-10.jpg 1654w\" sizes=\"(max-width: 768px) 100vw, 768px\" \/>\t\t\t\t\t\t\t\t\t\t\t<figcaption class=\"widget-image-caption wp-caption-text\">Die Macher der Digitalstadt Ahaus mit Laudator Sven Butler und Frank Kr\u00fcger.<\/figcaption>\n\t\t\t\t\t\t\t\t\t\t<\/figure>\n\t\t\t\t\t\t\t\t\t<\/div>\n\t\t\t\t<\/div>\n\t\t\t\t<div class=\"elementor-element elementor-element-ccfb7ea elementor-widget elementor-widget-text-editor\" data-id=\"ccfb7ea\" data-element_type=\"widget\" data-e-type=\"widget\" data-widget_type=\"text-editor.default\">\n\t\t\t\t<div class=\"elementor-widget-container\">\n\t\t\t\t\t\t\t\t\t<ul><li>in der Kategorie Gesundheit: <a href=\"https:\/\/land-der-ideen.de\/wettbewerbe\/digitale-orte\/finalist-innen\/teledoc-im-laendlichen-raum\">TeleDoc im l\u00e4ndlichen Raum<\/a>. Auf dem Land gibt es immer weniger Haus\u00e4rztinnen und -\u00e4rzte. Das schr\u00e4nkt die medizinische Versorgung auch in Alten- und Pflegeheimen ein. Im Kreis Euskirchen k\u00f6nnen \u00c4rztinnen und \u00c4rzte per Telemedizin Krankenbesuche aus der Ferne durchf\u00fchren, unterst\u00fctzt von speziell geschultem Altenheim-Personal.<\/li><\/ul>\t\t\t\t\t\t\t\t<\/div>\n\t\t\t\t<\/div>\n\t\t\t\t<div class=\"elementor-element elementor-element-2183b33 elementor-widget elementor-widget-spacer\" data-id=\"2183b33\" data-element_type=\"widget\" data-e-type=\"widget\" data-widget_type=\"spacer.default\">\n\t\t\t\t<div class=\"elementor-widget-container\">\n\t\t\t\t\t\t\t<div class=\"elementor-spacer\">\n\t\t\t<div class=\"elementor-spacer-inner\"><\/div>\n\t\t<\/div>\n\t\t\t\t\t\t<\/div>\n\t\t\t\t<\/div>\n\t\t\t\t<div class=\"elementor-element elementor-element-11ba274 elementor-widget elementor-widget-image\" data-id=\"11ba274\" data-element_type=\"widget\" data-e-type=\"widget\" data-widget_type=\"image.default\">\n\t\t\t\t<div class=\"elementor-widget-container\">\n\t\t\t\t\t\t\t\t\t\t\t\t<figure class=\"wp-caption\">\n\t\t\t\t\t\t\t\t\t\t<img loading=\"lazy\" decoding=\"async\" width=\"768\" height=\"432\" src=\"https:\/\/www.deutsche-glasfaser.de\/blog\/wp-content\/uploads\/2024\/11\/06-11-24-3-1-768x432.jpg\" class=\"attachment-medium_large size-medium_large wp-image-15228\" alt=\"\" srcset=\"https:\/\/www.deutsche-glasfaser.de\/blog\/wp-content\/uploads\/2024\/11\/06-11-24-3-1-768x432.jpg 768w, https:\/\/www.deutsche-glasfaser.de\/blog\/wp-content\/uploads\/2024\/11\/06-11-24-3-1-300x169.jpg 300w, https:\/\/www.deutsche-glasfaser.de\/blog\/wp-content\/uploads\/2024\/11\/06-11-24-3-1-1024x577.jpg 1024w, https:\/\/www.deutsche-glasfaser.de\/blog\/wp-content\/uploads\/2024\/11\/06-11-24-3-1-1536x865.jpg 1536w, https:\/\/www.deutsche-glasfaser.de\/blog\/wp-content\/uploads\/2024\/11\/06-11-24-3-1.jpg 1648w\" sizes=\"(max-width: 768px) 100vw, 768px\" \/>\t\t\t\t\t\t\t\t\t\t\t<figcaption class=\"widget-image-caption wp-caption-text\">Die Macher des TeleDoc im l\u00e4ndlichen Raums mit Laudator Dr. Frederic Ufer und Frank Kr\u00fcger.<\/figcaption>\n\t\t\t\t\t\t\t\t\t\t<\/figure>\n\t\t\t\t\t\t\t\t\t<\/div>\n\t\t\t\t<\/div>\n\t\t\t\t<div class=\"elementor-element elementor-element-dce7c8f elementor-widget elementor-widget-spacer\" data-id=\"dce7c8f\" data-element_type=\"widget\" data-e-type=\"widget\" data-widget_type=\"spacer.default\">\n\t\t\t\t<div class=\"elementor-widget-container\">\n\t\t\t\t\t\t\t<div class=\"elementor-spacer\">\n\t\t\t<div class=\"elementor-spacer-inner\"><\/div>\n\t\t<\/div>\n\t\t\t\t\t\t<\/div>\n\t\t\t\t<\/div>\n\t\t\t\t<div class=\"elementor-element elementor-element-9e52420 elementor-widget elementor-widget-text-editor\" data-id=\"9e52420\" data-element_type=\"widget\" data-e-type=\"widget\" data-widget_type=\"text-editor.default\">\n\t\t\t\t<div class=\"elementor-widget-container\">\n\t\t\t\t\t\t\t\t\t<ul><li>in der Kategorie Verwaltung: <a href=\"https:\/\/land-der-ideen.de\/wettbewerbe\/digitale-orte\/finalist-innen\/kompass-kalletal\"><strong>Kompass Kalletal<\/strong><\/a>. Die \u201eIntegration Onboarding App\u201c Kompass Kalletal ist eine Responsive Web-App und bietet neu zugezogenen und gefl\u00fcchteten Menschen erste Informationen zu Hilfsangeboten in zahlreichen Sprachen. So entlastet die App die Verwaltung.<\/li><\/ul>\t\t\t\t\t\t\t\t<\/div>\n\t\t\t\t<\/div>\n\t\t\t\t<div class=\"elementor-element elementor-element-7fe52a9 elementor-widget elementor-widget-spacer\" data-id=\"7fe52a9\" data-element_type=\"widget\" data-e-type=\"widget\" data-widget_type=\"spacer.default\">\n\t\t\t\t<div class=\"elementor-widget-container\">\n\t\t\t\t\t\t\t<div class=\"elementor-spacer\">\n\t\t\t<div class=\"elementor-spacer-inner\"><\/div>\n\t\t<\/div>\n\t\t\t\t\t\t<\/div>\n\t\t\t\t<\/div>\n\t\t\t\t<div class=\"elementor-element elementor-element-6097d5e elementor-widget elementor-widget-image\" data-id=\"6097d5e\" data-element_type=\"widget\" data-e-type=\"widget\" data-widget_type=\"image.default\">\n\t\t\t\t<div class=\"elementor-widget-container\">\n\t\t\t\t\t\t\t\t\t\t\t\t<figure class=\"wp-caption\">\n\t\t\t\t\t\t\t\t\t\t<img loading=\"lazy\" decoding=\"async\" width=\"768\" height=\"432\" src=\"https:\/\/www.deutsche-glasfaser.de\/blog\/wp-content\/uploads\/2024\/11\/06-11-24-12-768x432.jpg\" class=\"attachment-medium_large size-medium_large wp-image-14776\" alt=\"\" srcset=\"https:\/\/www.deutsche-glasfaser.de\/blog\/wp-content\/uploads\/2024\/11\/06-11-24-12-768x432.jpg 768w, https:\/\/www.deutsche-glasfaser.de\/blog\/wp-content\/uploads\/2024\/11\/06-11-24-12-300x169.jpg 300w, https:\/\/www.deutsche-glasfaser.de\/blog\/wp-content\/uploads\/2024\/11\/06-11-24-12-1024x576.jpg 1024w, https:\/\/www.deutsche-glasfaser.de\/blog\/wp-content\/uploads\/2024\/11\/06-11-24-12-1536x865.jpg 1536w, https:\/\/www.deutsche-glasfaser.de\/blog\/wp-content\/uploads\/2024\/11\/06-11-24-12.jpg 1684w\" sizes=\"(max-width: 768px) 100vw, 768px\" \/>\t\t\t\t\t\t\t\t\t\t\t<figcaption class=\"widget-image-caption wp-caption-text\">Die Projektleiterinnen vom Kompass Kalletal mit Laudator Dr. Constantin Terton und Frank Kr\u00fcgerbei der \u00dcbergabe der Plakette und Urkunde.<\/figcaption>\n\t\t\t\t\t\t\t\t\t\t<\/figure>\n\t\t\t\t\t\t\t\t\t<\/div>\n\t\t\t\t<\/div>\n\t\t\t\t<div class=\"elementor-element elementor-element-2a0b4a7 elementor-widget elementor-widget-spacer\" data-id=\"2a0b4a7\" data-element_type=\"widget\" data-e-type=\"widget\" data-widget_type=\"spacer.default\">\n\t\t\t\t<div class=\"elementor-widget-container\">\n\t\t\t\t\t\t\t<div class=\"elementor-spacer\">\n\t\t\t<div class=\"elementor-spacer-inner\"><\/div>\n\t\t<\/div>\n\t\t\t\t\t\t<\/div>\n\t\t\t\t<\/div>\n\t\t\t\t<div class=\"elementor-element elementor-element-423c204 elementor-widget elementor-widget-text-editor\" data-id=\"423c204\" data-element_type=\"widget\" data-e-type=\"widget\" data-widget_type=\"text-editor.default\">\n\t\t\t\t<div class=\"elementor-widget-container\">\n\t\t\t\t\t\t\t\t\t<p>Wir gratulieren allen Teilnehmer:innen des Wettbewerbs! Sie alle tragen mit ihren Innovationen dazu bei, dass die Digitalisierung in Deutschland weiter vorangetrieben <span data-teams=\"true\"> wird und dass der l\u00e4ndliche Raum lebenswert bleibt und so eine digitale Teilhabe am kulturellen Leben erm\u00f6glicht wird.<\/span><\/p>\t\t\t\t\t\t\t\t<\/div>\n\t\t\t\t<\/div>\n\t\t\t\t\t<\/div>\n\t\t<\/div>\n\t\t\t\t\t<\/div>\n\t\t<\/section>\n\t\t\t\t<section class=\"elementor-section elementor-top-section elementor-element elementor-element-714146a elementor-section-boxed elementor-section-height-default elementor-section-height-default\" data-id=\"714146a\" data-element_type=\"section\" data-e-type=\"section\">\n\t\t\t\t\t\t<div class=\"elementor-container elementor-column-gap-default\">\n\t\t\t\t\t<div class=\"elementor-column elementor-col-100 elementor-top-column elementor-element elementor-element-50a2745\" data-id=\"50a2745\" data-element_type=\"column\" data-e-type=\"column\">\n\t\t\t<div class=\"elementor-widget-wrap elementor-element-populated\">\n\t\t\t\t\t\t<div class=\"elementor-element elementor-element-60460f5 elementor-widget elementor-widget-image-gallery\" data-id=\"60460f5\" data-element_type=\"widget\" data-e-type=\"widget\" data-widget_type=\"image-gallery.default\">\n\t\t\t\t<div class=\"elementor-widget-container\">\n\t\t\t\t\t\t\t<div class=\"elementor-image-gallery\">\n\t\t\t\n\t\t<style type=\"text\/css\">\n\t\t\t#gallery-1 {\n\t\t\t\tmargin: auto;\n\t\t\t}\n\t\t\t#gallery-1 .gallery-item {\n\t\t\t\tfloat: left;\n\t\t\t\tmargin-top: 10px;\n\t\t\t\ttext-align: center;\n\t\t\t\twidth: 25%;\n\t\t\t}\n\t\t\t#gallery-1 img {\n\t\t\t\tborder: 2px solid #cfcfcf;\n\t\t\t}\n\t\t\t#gallery-1 .gallery-caption {\n\t\t\t\tmargin-left: 0;\n\t\t\t}\n\t\t\t\/* see gallery_shortcode() in wp-includes\/media.php *\/\n\t\t<\/style>\n\t\t<div id='gallery-1' class='gallery galleryid-14763 gallery-columns-4 gallery-size-thumbnail'><dl class='gallery-item'>\n\t\t\t<dt class='gallery-icon landscape'>\n\t\t\t\t<a data-elementor-open-lightbox=\"yes\" data-elementor-lightbox-slideshow=\"60460f5\" data-elementor-lightbox-title=\"DG_Preisverleihung_06-11-24-38\" data-e-action-hash=\"#elementor-action%3Aaction%3Dlightbox%26settings%3DeyJpZCI6MTQ3ODQsInVybCI6Imh0dHBzOlwvXC93d3cuZGV1dHNjaGUtZ2xhc2Zhc2VyLmRlXC9ibG9nXC93cC1jb250ZW50XC91cGxvYWRzXC8yMDI0XC8xMVwvREdfUHJlaXN2ZXJsZWlodW5nXzA2LTExLTI0LTM4LmpwZyIsInNsaWRlc2hvdyI6IjYwNDYwZjUifQ%3D%3D\" href='https:\/\/www.deutsche-glasfaser.de\/blog\/wp-content\/uploads\/2024\/11\/DG_Preisverleihung_06-11-24-38.jpg'><img loading=\"lazy\" decoding=\"async\" width=\"150\" height=\"150\" src=\"https:\/\/www.deutsche-glasfaser.de\/blog\/wp-content\/uploads\/2024\/11\/DG_Preisverleihung_06-11-24-38-150x150.jpg\" class=\"attachment-thumbnail size-thumbnail\" alt=\"\" \/><\/a>\n\t\t\t<\/dt><\/dl><dl class='gallery-item'>\n\t\t\t<dt class='gallery-icon landscape'>\n\t\t\t\t<a data-elementor-open-lightbox=\"yes\" data-elementor-lightbox-slideshow=\"60460f5\" data-elementor-lightbox-title=\"DG_Preisverleihung_06-11-24-78\" data-e-action-hash=\"#elementor-action%3Aaction%3Dlightbox%26settings%3DeyJpZCI6MTQ3ODUsInVybCI6Imh0dHBzOlwvXC93d3cuZGV1dHNjaGUtZ2xhc2Zhc2VyLmRlXC9ibG9nXC93cC1jb250ZW50XC91cGxvYWRzXC8yMDI0XC8xMVwvREdfUHJlaXN2ZXJsZWlodW5nXzA2LTExLTI0LTc4LmpwZyIsInNsaWRlc2hvdyI6IjYwNDYwZjUifQ%3D%3D\" href='https:\/\/www.deutsche-glasfaser.de\/blog\/wp-content\/uploads\/2024\/11\/DG_Preisverleihung_06-11-24-78.jpg'><img loading=\"lazy\" decoding=\"async\" width=\"150\" height=\"150\" src=\"https:\/\/www.deutsche-glasfaser.de\/blog\/wp-content\/uploads\/2024\/11\/DG_Preisverleihung_06-11-24-78-150x150.jpg\" class=\"attachment-thumbnail size-thumbnail\" alt=\"\" \/><\/a>\n\t\t\t<\/dt><\/dl><dl class='gallery-item'>\n\t\t\t<dt class='gallery-icon landscape'>\n\t\t\t\t<a data-elementor-open-lightbox=\"yes\" data-elementor-lightbox-slideshow=\"60460f5\" data-elementor-lightbox-title=\"DG_Preisverleihung_06-11-24-87\" data-e-action-hash=\"#elementor-action%3Aaction%3Dlightbox%26settings%3DeyJpZCI6MTQ3ODYsInVybCI6Imh0dHBzOlwvXC93d3cuZGV1dHNjaGUtZ2xhc2Zhc2VyLmRlXC9ibG9nXC93cC1jb250ZW50XC91cGxvYWRzXC8yMDI0XC8xMVwvREdfUHJlaXN2ZXJsZWlodW5nXzA2LTExLTI0LTg3LmpwZyIsInNsaWRlc2hvdyI6IjYwNDYwZjUifQ%3D%3D\" href='https:\/\/www.deutsche-glasfaser.de\/blog\/wp-content\/uploads\/2024\/11\/DG_Preisverleihung_06-11-24-87.jpg'><img loading=\"lazy\" decoding=\"async\" width=\"150\" height=\"150\" src=\"https:\/\/www.deutsche-glasfaser.de\/blog\/wp-content\/uploads\/2024\/11\/DG_Preisverleihung_06-11-24-87-150x150.jpg\" class=\"attachment-thumbnail size-thumbnail\" alt=\"\" \/><\/a>\n\t\t\t<\/dt><\/dl><dl class='gallery-item'>\n\t\t\t<dt class='gallery-icon landscape'>\n\t\t\t\t<a data-elementor-open-lightbox=\"yes\" data-elementor-lightbox-slideshow=\"60460f5\" data-elementor-lightbox-title=\"DG_Preisverleihung_06-11-24-102\" data-e-action-hash=\"#elementor-action%3Aaction%3Dlightbox%26settings%3DeyJpZCI6MTQ3ODcsInVybCI6Imh0dHBzOlwvXC93d3cuZGV1dHNjaGUtZ2xhc2Zhc2VyLmRlXC9ibG9nXC93cC1jb250ZW50XC91cGxvYWRzXC8yMDI0XC8xMVwvREdfUHJlaXN2ZXJsZWlodW5nXzA2LTExLTI0LTEwMi5qcGciLCJzbGlkZXNob3ciOiI2MDQ2MGY1In0%3D\" href='https:\/\/www.deutsche-glasfaser.de\/blog\/wp-content\/uploads\/2024\/11\/DG_Preisverleihung_06-11-24-102.jpg'><img loading=\"lazy\" decoding=\"async\" width=\"150\" height=\"150\" src=\"https:\/\/www.deutsche-glasfaser.de\/blog\/wp-content\/uploads\/2024\/11\/DG_Preisverleihung_06-11-24-102-150x150.jpg\" class=\"attachment-thumbnail size-thumbnail\" alt=\"\" \/><\/a>\n\t\t\t<\/dt><\/dl><br style=\"clear: both\" \/><dl class='gallery-item'>\n\t\t\t<dt class='gallery-icon landscape'>\n\t\t\t\t<a data-elementor-open-lightbox=\"yes\" data-elementor-lightbox-slideshow=\"60460f5\" data-elementor-lightbox-title=\"DG_Preisverleihung_06-11-24-110\" data-e-action-hash=\"#elementor-action%3Aaction%3Dlightbox%26settings%3DeyJpZCI6MTQ3ODgsInVybCI6Imh0dHBzOlwvXC93d3cuZGV1dHNjaGUtZ2xhc2Zhc2VyLmRlXC9ibG9nXC93cC1jb250ZW50XC91cGxvYWRzXC8yMDI0XC8xMVwvREdfUHJlaXN2ZXJsZWlodW5nXzA2LTExLTI0LTExMC5qcGciLCJzbGlkZXNob3ciOiI2MDQ2MGY1In0%3D\" href='https:\/\/www.deutsche-glasfaser.de\/blog\/wp-content\/uploads\/2024\/11\/DG_Preisverleihung_06-11-24-110.jpg'><img loading=\"lazy\" decoding=\"async\" width=\"150\" height=\"150\" src=\"https:\/\/www.deutsche-glasfaser.de\/blog\/wp-content\/uploads\/2024\/11\/DG_Preisverleihung_06-11-24-110-150x150.jpg\" class=\"attachment-thumbnail size-thumbnail\" alt=\"\" \/><\/a>\n\t\t\t<\/dt><\/dl><dl class='gallery-item'>\n\t\t\t<dt class='gallery-icon landscape'>\n\t\t\t\t<a data-elementor-open-lightbox=\"yes\" data-elementor-lightbox-slideshow=\"60460f5\" data-elementor-lightbox-title=\"06-11-24-8\" data-e-action-hash=\"#elementor-action%3Aaction%3Dlightbox%26settings%3DeyJpZCI6MTQ3ODksInVybCI6Imh0dHBzOlwvXC93d3cuZGV1dHNjaGUtZ2xhc2Zhc2VyLmRlXC9ibG9nXC93cC1jb250ZW50XC91cGxvYWRzXC8yMDI0XC8xMVwvMDYtMTEtMjQtOC0xLmpwZyIsInNsaWRlc2hvdyI6IjYwNDYwZjUifQ%3D%3D\" href='https:\/\/www.deutsche-glasfaser.de\/blog\/wp-content\/uploads\/2024\/11\/06-11-24-8-1.jpg'><img loading=\"lazy\" decoding=\"async\" width=\"150\" height=\"150\" src=\"https:\/\/www.deutsche-glasfaser.de\/blog\/wp-content\/uploads\/2024\/11\/06-11-24-8-1-150x150.jpg\" class=\"attachment-thumbnail size-thumbnail\" alt=\"\" \/><\/a>\n\t\t\t<\/dt><\/dl><dl class='gallery-item'>\n\t\t\t<dt class='gallery-icon landscape'>\n\t\t\t\t<a data-elementor-open-lightbox=\"yes\" data-elementor-lightbox-slideshow=\"60460f5\" data-elementor-lightbox-title=\"DG_Preisverleihung_06-11-24-117\" data-e-action-hash=\"#elementor-action%3Aaction%3Dlightbox%26settings%3DeyJpZCI6MTQ3OTAsInVybCI6Imh0dHBzOlwvXC93d3cuZGV1dHNjaGUtZ2xhc2Zhc2VyLmRlXC9ibG9nXC93cC1jb250ZW50XC91cGxvYWRzXC8yMDI0XC8xMVwvREdfUHJlaXN2ZXJsZWlodW5nXzA2LTExLTI0LTExNy5qcGciLCJzbGlkZXNob3ciOiI2MDQ2MGY1In0%3D\" href='https:\/\/www.deutsche-glasfaser.de\/blog\/wp-content\/uploads\/2024\/11\/DG_Preisverleihung_06-11-24-117.jpg'><img loading=\"lazy\" decoding=\"async\" width=\"150\" height=\"150\" src=\"https:\/\/www.deutsche-glasfaser.de\/blog\/wp-content\/uploads\/2024\/11\/DG_Preisverleihung_06-11-24-117-150x150.jpg\" class=\"attachment-thumbnail size-thumbnail\" alt=\"\" \/><\/a>\n\t\t\t<\/dt><\/dl><dl class='gallery-item'>\n\t\t\t<dt class='gallery-icon landscape'>\n\t\t\t\t<a data-elementor-open-lightbox=\"yes\" data-elementor-lightbox-slideshow=\"60460f5\" data-elementor-lightbox-title=\"DG_Preisverleihung_06-11-24-118\" data-e-action-hash=\"#elementor-action%3Aaction%3Dlightbox%26settings%3DeyJpZCI6MTQ3OTEsInVybCI6Imh0dHBzOlwvXC93d3cuZGV1dHNjaGUtZ2xhc2Zhc2VyLmRlXC9ibG9nXC93cC1jb250ZW50XC91cGxvYWRzXC8yMDI0XC8xMVwvREdfUHJlaXN2ZXJsZWlodW5nXzA2LTExLTI0LTExOC5qcGciLCJzbGlkZXNob3ciOiI2MDQ2MGY1In0%3D\" href='https:\/\/www.deutsche-glasfaser.de\/blog\/wp-content\/uploads\/2024\/11\/DG_Preisverleihung_06-11-24-118.jpg'><img loading=\"lazy\" decoding=\"async\" width=\"150\" height=\"150\" src=\"https:\/\/www.deutsche-glasfaser.de\/blog\/wp-content\/uploads\/2024\/11\/DG_Preisverleihung_06-11-24-118-150x150.jpg\" class=\"attachment-thumbnail size-thumbnail\" alt=\"\" \/><\/a>\n\t\t\t<\/dt><\/dl><br style=\"clear: both\" \/><dl class='gallery-item'>\n\t\t\t<dt class='gallery-icon landscape'>\n\t\t\t\t<a data-elementor-open-lightbox=\"yes\" data-elementor-lightbox-slideshow=\"60460f5\" data-elementor-lightbox-title=\"DG_Preisverleihung_06-11-24-120\" data-e-action-hash=\"#elementor-action%3Aaction%3Dlightbox%26settings%3DeyJpZCI6MTQ3OTIsInVybCI6Imh0dHBzOlwvXC93d3cuZGV1dHNjaGUtZ2xhc2Zhc2VyLmRlXC9ibG9nXC93cC1jb250ZW50XC91cGxvYWRzXC8yMDI0XC8xMVwvREdfUHJlaXN2ZXJsZWlodW5nXzA2LTExLTI0LTEyMC5qcGciLCJzbGlkZXNob3ciOiI2MDQ2MGY1In0%3D\" href='https:\/\/www.deutsche-glasfaser.de\/blog\/wp-content\/uploads\/2024\/11\/DG_Preisverleihung_06-11-24-120.jpg'><img loading=\"lazy\" decoding=\"async\" width=\"150\" height=\"150\" src=\"https:\/\/www.deutsche-glasfaser.de\/blog\/wp-content\/uploads\/2024\/11\/DG_Preisverleihung_06-11-24-120-150x150.jpg\" class=\"attachment-thumbnail size-thumbnail\" alt=\"\" \/><\/a>\n\t\t\t<\/dt><\/dl><dl class='gallery-item'>\n\t\t\t<dt class='gallery-icon landscape'>\n\t\t\t\t<a data-elementor-open-lightbox=\"yes\" data-elementor-lightbox-slideshow=\"60460f5\" data-elementor-lightbox-title=\"DG_Preisverleihung_06-11-24-126\" data-e-action-hash=\"#elementor-action%3Aaction%3Dlightbox%26settings%3DeyJpZCI6MTQ3OTMsInVybCI6Imh0dHBzOlwvXC93d3cuZGV1dHNjaGUtZ2xhc2Zhc2VyLmRlXC9ibG9nXC93cC1jb250ZW50XC91cGxvYWRzXC8yMDI0XC8xMVwvREdfUHJlaXN2ZXJsZWlodW5nXzA2LTExLTI0LTEyNi5qcGciLCJzbGlkZXNob3ciOiI2MDQ2MGY1In0%3D\" href='https:\/\/www.deutsche-glasfaser.de\/blog\/wp-content\/uploads\/2024\/11\/DG_Preisverleihung_06-11-24-126.jpg'><img loading=\"lazy\" decoding=\"async\" width=\"150\" height=\"150\" src=\"https:\/\/www.deutsche-glasfaser.de\/blog\/wp-content\/uploads\/2024\/11\/DG_Preisverleihung_06-11-24-126-150x150.jpg\" class=\"attachment-thumbnail size-thumbnail\" alt=\"\" \/><\/a>\n\t\t\t<\/dt><\/dl><dl class='gallery-item'>\n\t\t\t<dt class='gallery-icon landscape'>\n\t\t\t\t<a data-elementor-open-lightbox=\"yes\" data-elementor-lightbox-slideshow=\"60460f5\" data-elementor-lightbox-title=\"DG_Preisverleihung_06-11-24-133\" data-e-action-hash=\"#elementor-action%3Aaction%3Dlightbox%26settings%3DeyJpZCI6MTQ3OTQsInVybCI6Imh0dHBzOlwvXC93d3cuZGV1dHNjaGUtZ2xhc2Zhc2VyLmRlXC9ibG9nXC93cC1jb250ZW50XC91cGxvYWRzXC8yMDI0XC8xMVwvREdfUHJlaXN2ZXJsZWlodW5nXzA2LTExLTI0LTEzMy5qcGciLCJzbGlkZXNob3ciOiI2MDQ2MGY1In0%3D\" href='https:\/\/www.deutsche-glasfaser.de\/blog\/wp-content\/uploads\/2024\/11\/DG_Preisverleihung_06-11-24-133.jpg'><img loading=\"lazy\" decoding=\"async\" width=\"150\" height=\"150\" src=\"https:\/\/www.deutsche-glasfaser.de\/blog\/wp-content\/uploads\/2024\/11\/DG_Preisverleihung_06-11-24-133-150x150.jpg\" class=\"attachment-thumbnail size-thumbnail\" alt=\"\" \/><\/a>\n\t\t\t<\/dt><\/dl><dl class='gallery-item'>\n\t\t\t<dt class='gallery-icon landscape'>\n\t\t\t\t<a data-elementor-open-lightbox=\"yes\" data-elementor-lightbox-slideshow=\"60460f5\" data-elementor-lightbox-title=\"DG_Preisverleihung_06-11-24-141\" data-e-action-hash=\"#elementor-action%3Aaction%3Dlightbox%26settings%3DeyJpZCI6MTQ3OTUsInVybCI6Imh0dHBzOlwvXC93d3cuZGV1dHNjaGUtZ2xhc2Zhc2VyLmRlXC9ibG9nXC93cC1jb250ZW50XC91cGxvYWRzXC8yMDI0XC8xMVwvREdfUHJlaXN2ZXJsZWlodW5nXzA2LTExLTI0LTE0MS5qcGciLCJzbGlkZXNob3ciOiI2MDQ2MGY1In0%3D\" href='https:\/\/www.deutsche-glasfaser.de\/blog\/wp-content\/uploads\/2024\/11\/DG_Preisverleihung_06-11-24-141.jpg'><img loading=\"lazy\" decoding=\"async\" width=\"150\" height=\"150\" src=\"https:\/\/www.deutsche-glasfaser.de\/blog\/wp-content\/uploads\/2024\/11\/DG_Preisverleihung_06-11-24-141-150x150.jpg\" class=\"attachment-thumbnail size-thumbnail\" alt=\"\" \/><\/a>\n\t\t\t<\/dt><\/dl><br style=\"clear: both\" \/><dl class='gallery-item'>\n\t\t\t<dt class='gallery-icon landscape'>\n\t\t\t\t<a data-elementor-open-lightbox=\"yes\" data-elementor-lightbox-slideshow=\"60460f5\" data-elementor-lightbox-title=\"DG_Preisverleihung_06-11-24-2\" data-e-action-hash=\"#elementor-action%3Aaction%3Dlightbox%26settings%3DeyJpZCI6MTQ3OTYsInVybCI6Imh0dHBzOlwvXC93d3cuZGV1dHNjaGUtZ2xhc2Zhc2VyLmRlXC9ibG9nXC93cC1jb250ZW50XC91cGxvYWRzXC8yMDI0XC8xMVwvREdfUHJlaXN2ZXJsZWlodW5nXzA2LTExLTI0LTIuanBnIiwic2xpZGVzaG93IjoiNjA0NjBmNSJ9\" href='https:\/\/www.deutsche-glasfaser.de\/blog\/wp-content\/uploads\/2024\/11\/DG_Preisverleihung_06-11-24-2.jpg'><img loading=\"lazy\" decoding=\"async\" width=\"150\" height=\"150\" src=\"https:\/\/www.deutsche-glasfaser.de\/blog\/wp-content\/uploads\/2024\/11\/DG_Preisverleihung_06-11-24-2-150x150.jpg\" class=\"attachment-thumbnail size-thumbnail\" alt=\"\" \/><\/a>\n\t\t\t<\/dt><\/dl><dl class='gallery-item'>\n\t\t\t<dt class='gallery-icon landscape'>\n\t\t\t\t<a data-elementor-open-lightbox=\"yes\" data-elementor-lightbox-slideshow=\"60460f5\" data-elementor-lightbox-title=\"DG_Preisverleihung_06-11-24-10\" data-e-action-hash=\"#elementor-action%3Aaction%3Dlightbox%26settings%3DeyJpZCI6MTQ3OTcsInVybCI6Imh0dHBzOlwvXC93d3cuZGV1dHNjaGUtZ2xhc2Zhc2VyLmRlXC9ibG9nXC93cC1jb250ZW50XC91cGxvYWRzXC8yMDI0XC8xMVwvREdfUHJlaXN2ZXJsZWlodW5nXzA2LTExLTI0LTEwLmpwZyIsInNsaWRlc2hvdyI6IjYwNDYwZjUifQ%3D%3D\" href='https:\/\/www.deutsche-glasfaser.de\/blog\/wp-content\/uploads\/2024\/11\/DG_Preisverleihung_06-11-24-10.jpg'><img loading=\"lazy\" decoding=\"async\" width=\"150\" height=\"150\" src=\"https:\/\/www.deutsche-glasfaser.de\/blog\/wp-content\/uploads\/2024\/11\/DG_Preisverleihung_06-11-24-10-150x150.jpg\" class=\"attachment-thumbnail size-thumbnail\" alt=\"\" \/><\/a>\n\t\t\t<\/dt><\/dl><dl class='gallery-item'>\n\t\t\t<dt class='gallery-icon landscape'>\n\t\t\t\t<a data-elementor-open-lightbox=\"yes\" data-elementor-lightbox-slideshow=\"60460f5\" data-elementor-lightbox-title=\"DG_Preisverleihung_06-11-24-15\" data-e-action-hash=\"#elementor-action%3Aaction%3Dlightbox%26settings%3DeyJpZCI6MTQ3OTgsInVybCI6Imh0dHBzOlwvXC93d3cuZGV1dHNjaGUtZ2xhc2Zhc2VyLmRlXC9ibG9nXC93cC1jb250ZW50XC91cGxvYWRzXC8yMDI0XC8xMVwvREdfUHJlaXN2ZXJsZWlodW5nXzA2LTExLTI0LTE1LmpwZyIsInNsaWRlc2hvdyI6IjYwNDYwZjUifQ%3D%3D\" href='https:\/\/www.deutsche-glasfaser.de\/blog\/wp-content\/uploads\/2024\/11\/DG_Preisverleihung_06-11-24-15.jpg'><img loading=\"lazy\" decoding=\"async\" width=\"150\" height=\"150\" src=\"https:\/\/www.deutsche-glasfaser.de\/blog\/wp-content\/uploads\/2024\/11\/DG_Preisverleihung_06-11-24-15-150x150.jpg\" class=\"attachment-thumbnail size-thumbnail\" alt=\"\" \/><\/a>\n\t\t\t<\/dt><\/dl><dl class='gallery-item'>\n\t\t\t<dt class='gallery-icon landscape'>\n\t\t\t\t<a data-elementor-open-lightbox=\"yes\" data-elementor-lightbox-slideshow=\"60460f5\" data-elementor-lightbox-title=\"DG_Preisverleihung_06-11-24-18\" data-e-action-hash=\"#elementor-action%3Aaction%3Dlightbox%26settings%3DeyJpZCI6MTQ3OTksInVybCI6Imh0dHBzOlwvXC93d3cuZGV1dHNjaGUtZ2xhc2Zhc2VyLmRlXC9ibG9nXC93cC1jb250ZW50XC91cGxvYWRzXC8yMDI0XC8xMVwvREdfUHJlaXN2ZXJsZWlodW5nXzA2LTExLTI0LTE4LmpwZyIsInNsaWRlc2hvdyI6IjYwNDYwZjUifQ%3D%3D\" href='https:\/\/www.deutsche-glasfaser.de\/blog\/wp-content\/uploads\/2024\/11\/DG_Preisverleihung_06-11-24-18.jpg'><img loading=\"lazy\" decoding=\"async\" width=\"150\" height=\"150\" src=\"https:\/\/www.deutsche-glasfaser.de\/blog\/wp-content\/uploads\/2024\/11\/DG_Preisverleihung_06-11-24-18-150x150.jpg\" class=\"attachment-thumbnail size-thumbnail\" alt=\"\" \/><\/a>\n\t\t\t<\/dt><\/dl><br style=\"clear: both\" \/><dl class='gallery-item'>\n\t\t\t<dt class='gallery-icon landscape'>\n\t\t\t\t<a data-elementor-open-lightbox=\"yes\" data-elementor-lightbox-slideshow=\"60460f5\" data-elementor-lightbox-title=\"DG_Preisverleihung_06-11-24-21\" data-e-action-hash=\"#elementor-action%3Aaction%3Dlightbox%26settings%3DeyJpZCI6MTQ4MDAsInVybCI6Imh0dHBzOlwvXC93d3cuZGV1dHNjaGUtZ2xhc2Zhc2VyLmRlXC9ibG9nXC93cC1jb250ZW50XC91cGxvYWRzXC8yMDI0XC8xMVwvREdfUHJlaXN2ZXJsZWlodW5nXzA2LTExLTI0LTIxLmpwZyIsInNsaWRlc2hvdyI6IjYwNDYwZjUifQ%3D%3D\" href='https:\/\/www.deutsche-glasfaser.de\/blog\/wp-content\/uploads\/2024\/11\/DG_Preisverleihung_06-11-24-21.jpg'><img loading=\"lazy\" decoding=\"async\" width=\"150\" height=\"150\" src=\"https:\/\/www.deutsche-glasfaser.de\/blog\/wp-content\/uploads\/2024\/11\/DG_Preisverleihung_06-11-24-21-150x150.jpg\" class=\"attachment-thumbnail size-thumbnail\" alt=\"\" \/><\/a>\n\t\t\t<\/dt><\/dl><dl class='gallery-item'>\n\t\t\t<dt class='gallery-icon landscape'>\n\t\t\t\t<a data-elementor-open-lightbox=\"yes\" data-elementor-lightbox-slideshow=\"60460f5\" data-elementor-lightbox-title=\"DG_Preisverleihung_06-11-24-28\" data-e-action-hash=\"#elementor-action%3Aaction%3Dlightbox%26settings%3DeyJpZCI6MTQ4MDEsInVybCI6Imh0dHBzOlwvXC93d3cuZGV1dHNjaGUtZ2xhc2Zhc2VyLmRlXC9ibG9nXC93cC1jb250ZW50XC91cGxvYWRzXC8yMDI0XC8xMVwvREdfUHJlaXN2ZXJsZWlodW5nXzA2LTExLTI0LTI4LmpwZyIsInNsaWRlc2hvdyI6IjYwNDYwZjUifQ%3D%3D\" href='https:\/\/www.deutsche-glasfaser.de\/blog\/wp-content\/uploads\/2024\/11\/DG_Preisverleihung_06-11-24-28.jpg'><img loading=\"lazy\" decoding=\"async\" width=\"150\" height=\"150\" src=\"https:\/\/www.deutsche-glasfaser.de\/blog\/wp-content\/uploads\/2024\/11\/DG_Preisverleihung_06-11-24-28-150x150.jpg\" class=\"attachment-thumbnail size-thumbnail\" alt=\"\" \/><\/a>\n\t\t\t<\/dt><\/dl><dl class='gallery-item'>\n\t\t\t<dt class='gallery-icon landscape'>\n\t\t\t\t<a data-elementor-open-lightbox=\"yes\" data-elementor-lightbox-slideshow=\"60460f5\" data-elementor-lightbox-title=\"DG_Preisverleihung_06-11-24-34\" data-e-action-hash=\"#elementor-action%3Aaction%3Dlightbox%26settings%3DeyJpZCI6MTQ4MDIsInVybCI6Imh0dHBzOlwvXC93d3cuZGV1dHNjaGUtZ2xhc2Zhc2VyLmRlXC9ibG9nXC93cC1jb250ZW50XC91cGxvYWRzXC8yMDI0XC8xMVwvREdfUHJlaXN2ZXJsZWlodW5nXzA2LTExLTI0LTM0LmpwZyIsInNsaWRlc2hvdyI6IjYwNDYwZjUifQ%3D%3D\" href='https:\/\/www.deutsche-glasfaser.de\/blog\/wp-content\/uploads\/2024\/11\/DG_Preisverleihung_06-11-24-34.jpg'><img loading=\"lazy\" decoding=\"async\" width=\"150\" height=\"150\" src=\"https:\/\/www.deutsche-glasfaser.de\/blog\/wp-content\/uploads\/2024\/11\/DG_Preisverleihung_06-11-24-34-150x150.jpg\" class=\"attachment-thumbnail size-thumbnail\" alt=\"\" \/><\/a>\n\t\t\t<\/dt><\/dl><dl class='gallery-item'>\n\t\t\t<dt class='gallery-icon landscape'>\n\t\t\t\t<a data-elementor-open-lightbox=\"yes\" data-elementor-lightbox-slideshow=\"60460f5\" data-elementor-lightbox-title=\"DG_Preisverleihung_06-11-24-40\" data-e-action-hash=\"#elementor-action%3Aaction%3Dlightbox%26settings%3DeyJpZCI6MTQ4MDMsInVybCI6Imh0dHBzOlwvXC93d3cuZGV1dHNjaGUtZ2xhc2Zhc2VyLmRlXC9ibG9nXC93cC1jb250ZW50XC91cGxvYWRzXC8yMDI0XC8xMVwvREdfUHJlaXN2ZXJsZWlodW5nXzA2LTExLTI0LTQwLmpwZyIsInNsaWRlc2hvdyI6IjYwNDYwZjUifQ%3D%3D\" href='https:\/\/www.deutsche-glasfaser.de\/blog\/wp-content\/uploads\/2024\/11\/DG_Preisverleihung_06-11-24-40.jpg'><img loading=\"lazy\" decoding=\"async\" width=\"150\" height=\"150\" src=\"https:\/\/www.deutsche-glasfaser.de\/blog\/wp-content\/uploads\/2024\/11\/DG_Preisverleihung_06-11-24-40-150x150.jpg\" class=\"attachment-thumbnail size-thumbnail\" alt=\"\" \/><\/a>\n\t\t\t<\/dt><\/dl><br style=\"clear: both\" \/><dl class='gallery-item'>\n\t\t\t<dt class='gallery-icon landscape'>\n\t\t\t\t<a data-elementor-open-lightbox=\"yes\" data-elementor-lightbox-slideshow=\"60460f5\" data-elementor-lightbox-title=\"DG_Preisverleihung_06-11-24-46\" data-e-action-hash=\"#elementor-action%3Aaction%3Dlightbox%26settings%3DeyJpZCI6MTQ4MDQsInVybCI6Imh0dHBzOlwvXC93d3cuZGV1dHNjaGUtZ2xhc2Zhc2VyLmRlXC9ibG9nXC93cC1jb250ZW50XC91cGxvYWRzXC8yMDI0XC8xMVwvREdfUHJlaXN2ZXJsZWlodW5nXzA2LTExLTI0LTQ2LmpwZyIsInNsaWRlc2hvdyI6IjYwNDYwZjUifQ%3D%3D\" href='https:\/\/www.deutsche-glasfaser.de\/blog\/wp-content\/uploads\/2024\/11\/DG_Preisverleihung_06-11-24-46.jpg'><img loading=\"lazy\" decoding=\"async\" width=\"150\" height=\"150\" src=\"https:\/\/www.deutsche-glasfaser.de\/blog\/wp-content\/uploads\/2024\/11\/DG_Preisverleihung_06-11-24-46-150x150.jpg\" class=\"attachment-thumbnail size-thumbnail\" alt=\"\" \/><\/a>\n\t\t\t<\/dt><\/dl><dl class='gallery-item'>\n\t\t\t<dt class='gallery-icon landscape'>\n\t\t\t\t<a data-elementor-open-lightbox=\"yes\" data-elementor-lightbox-slideshow=\"60460f5\" data-elementor-lightbox-title=\"DG_Preisverleihung_06-11-24-63\" data-e-action-hash=\"#elementor-action%3Aaction%3Dlightbox%26settings%3DeyJpZCI6MTQ4MDUsInVybCI6Imh0dHBzOlwvXC93d3cuZGV1dHNjaGUtZ2xhc2Zhc2VyLmRlXC9ibG9nXC93cC1jb250ZW50XC91cGxvYWRzXC8yMDI0XC8xMVwvREdfUHJlaXN2ZXJsZWlodW5nXzA2LTExLTI0LTYzLmpwZyIsInNsaWRlc2hvdyI6IjYwNDYwZjUifQ%3D%3D\" href='https:\/\/www.deutsche-glasfaser.de\/blog\/wp-content\/uploads\/2024\/11\/DG_Preisverleihung_06-11-24-63.jpg'><img loading=\"lazy\" decoding=\"async\" width=\"150\" height=\"150\" src=\"https:\/\/www.deutsche-glasfaser.de\/blog\/wp-content\/uploads\/2024\/11\/DG_Preisverleihung_06-11-24-63-150x150.jpg\" class=\"attachment-thumbnail size-thumbnail\" alt=\"\" \/><\/a>\n\t\t\t<\/dt><\/dl><dl class='gallery-item'>\n\t\t\t<dt class='gallery-icon landscape'>\n\t\t\t\t<a data-elementor-open-lightbox=\"yes\" data-elementor-lightbox-slideshow=\"60460f5\" data-elementor-lightbox-title=\"DG_Preisverleihung_06-11-24-75\" data-e-action-hash=\"#elementor-action%3Aaction%3Dlightbox%26settings%3DeyJpZCI6MTQ4MDYsInVybCI6Imh0dHBzOlwvXC93d3cuZGV1dHNjaGUtZ2xhc2Zhc2VyLmRlXC9ibG9nXC93cC1jb250ZW50XC91cGxvYWRzXC8yMDI0XC8xMVwvREdfUHJlaXN2ZXJsZWlodW5nXzA2LTExLTI0LTc1LmpwZyIsInNsaWRlc2hvdyI6IjYwNDYwZjUifQ%3D%3D\" href='https:\/\/www.deutsche-glasfaser.de\/blog\/wp-content\/uploads\/2024\/11\/DG_Preisverleihung_06-11-24-75.jpg'><img loading=\"lazy\" decoding=\"async\" width=\"150\" height=\"150\" src=\"https:\/\/www.deutsche-glasfaser.de\/blog\/wp-content\/uploads\/2024\/11\/DG_Preisverleihung_06-11-24-75-150x150.jpg\" class=\"attachment-thumbnail size-thumbnail\" alt=\"\" \/><\/a>\n\t\t\t<\/dt><\/dl><dl class='gallery-item'>\n\t\t\t<dt class='gallery-icon landscape'>\n\t\t\t\t<a data-elementor-open-lightbox=\"yes\" data-elementor-lightbox-slideshow=\"60460f5\" data-elementor-lightbox-title=\"DG_Preisverleihung_06-11-24-78\" data-e-action-hash=\"#elementor-action%3Aaction%3Dlightbox%26settings%3DeyJpZCI6MTQ4MDcsInVybCI6Imh0dHBzOlwvXC93d3cuZGV1dHNjaGUtZ2xhc2Zhc2VyLmRlXC9ibG9nXC93cC1jb250ZW50XC91cGxvYWRzXC8yMDI0XC8xMVwvREdfUHJlaXN2ZXJsZWlodW5nXzA2LTExLTI0LTc4LTEuanBnIiwic2xpZGVzaG93IjoiNjA0NjBmNSJ9\" href='https:\/\/www.deutsche-glasfaser.de\/blog\/wp-content\/uploads\/2024\/11\/DG_Preisverleihung_06-11-24-78-1.jpg'><img loading=\"lazy\" decoding=\"async\" width=\"150\" height=\"150\" src=\"https:\/\/www.deutsche-glasfaser.de\/blog\/wp-content\/uploads\/2024\/11\/DG_Preisverleihung_06-11-24-78-1-150x150.jpg\" class=\"attachment-thumbnail size-thumbnail\" alt=\"\" \/><\/a>\n\t\t\t<\/dt><\/dl><br style=\"clear: both\" \/><dl class='gallery-item'>\n\t\t\t<dt class='gallery-icon landscape'>\n\t\t\t\t<a data-elementor-open-lightbox=\"yes\" data-elementor-lightbox-slideshow=\"60460f5\" data-elementor-lightbox-title=\"DG_Preisverleihung_06-11-24-79\" data-e-action-hash=\"#elementor-action%3Aaction%3Dlightbox%26settings%3DeyJpZCI6MTQ4MDgsInVybCI6Imh0dHBzOlwvXC93d3cuZGV1dHNjaGUtZ2xhc2Zhc2VyLmRlXC9ibG9nXC93cC1jb250ZW50XC91cGxvYWRzXC8yMDI0XC8xMVwvREdfUHJlaXN2ZXJsZWlodW5nXzA2LTExLTI0LTc5LmpwZyIsInNsaWRlc2hvdyI6IjYwNDYwZjUifQ%3D%3D\" href='https:\/\/www.deutsche-glasfaser.de\/blog\/wp-content\/uploads\/2024\/11\/DG_Preisverleihung_06-11-24-79.jpg'><img loading=\"lazy\" decoding=\"async\" width=\"150\" height=\"150\" src=\"https:\/\/www.deutsche-glasfaser.de\/blog\/wp-content\/uploads\/2024\/11\/DG_Preisverleihung_06-11-24-79-150x150.jpg\" class=\"attachment-thumbnail size-thumbnail\" alt=\"\" \/><\/a>\n\t\t\t<\/dt><\/dl><dl class='gallery-item'>\n\t\t\t<dt class='gallery-icon landscape'>\n\t\t\t\t<a data-elementor-open-lightbox=\"yes\" data-elementor-lightbox-slideshow=\"60460f5\" data-elementor-lightbox-title=\"DG_Preisverleihung_06-11-24-87\" data-e-action-hash=\"#elementor-action%3Aaction%3Dlightbox%26settings%3DeyJpZCI6MTQ4MDksInVybCI6Imh0dHBzOlwvXC93d3cuZGV1dHNjaGUtZ2xhc2Zhc2VyLmRlXC9ibG9nXC93cC1jb250ZW50XC91cGxvYWRzXC8yMDI0XC8xMVwvREdfUHJlaXN2ZXJsZWlodW5nXzA2LTExLTI0LTg3LTEuanBnIiwic2xpZGVzaG93IjoiNjA0NjBmNSJ9\" href='https:\/\/www.deutsche-glasfaser.de\/blog\/wp-content\/uploads\/2024\/11\/DG_Preisverleihung_06-11-24-87-1.jpg'><img loading=\"lazy\" decoding=\"async\" width=\"150\" height=\"150\" src=\"https:\/\/www.deutsche-glasfaser.de\/blog\/wp-content\/uploads\/2024\/11\/DG_Preisverleihung_06-11-24-87-1-150x150.jpg\" class=\"attachment-thumbnail size-thumbnail\" alt=\"\" \/><\/a>\n\t\t\t<\/dt><\/dl><dl class='gallery-item'>\n\t\t\t<dt class='gallery-icon landscape'>\n\t\t\t\t<a data-elementor-open-lightbox=\"yes\" data-elementor-lightbox-slideshow=\"60460f5\" data-elementor-lightbox-title=\"DG_Preisverleihung_06-11-24-93\" data-e-action-hash=\"#elementor-action%3Aaction%3Dlightbox%26settings%3DeyJpZCI6MTQ4MTAsInVybCI6Imh0dHBzOlwvXC93d3cuZGV1dHNjaGUtZ2xhc2Zhc2VyLmRlXC9ibG9nXC93cC1jb250ZW50XC91cGxvYWRzXC8yMDI0XC8xMVwvREdfUHJlaXN2ZXJsZWlodW5nXzA2LTExLTI0LTkzLmpwZyIsInNsaWRlc2hvdyI6IjYwNDYwZjUifQ%3D%3D\" href='https:\/\/www.deutsche-glasfaser.de\/blog\/wp-content\/uploads\/2024\/11\/DG_Preisverleihung_06-11-24-93.jpg'><img loading=\"lazy\" decoding=\"async\" width=\"150\" height=\"150\" src=\"https:\/\/www.deutsche-glasfaser.de\/blog\/wp-content\/uploads\/2024\/11\/DG_Preisverleihung_06-11-24-93-150x150.jpg\" class=\"attachment-thumbnail size-thumbnail\" alt=\"\" \/><\/a>\n\t\t\t<\/dt><\/dl>\n\t\t\t<br style='clear: both' \/>\n\t\t<\/div>\n\t\t<\/div>\n\t\t\t\t\t\t<\/div>\n\t\t\t\t<\/div>\n\t\t\t\t\t<\/div>\n\t\t<\/div>\n\t\t\t\t\t<\/div>\n\t\t<\/section>\n\t\t\t\t<\/div>\n\t\t","protected":false},"excerpt":{"rendered":"<p>Im Wettbewerb Digitale Orte suchen wir Digitalisierungsprojekte mit Strahlkraft. Das sind die Gewinnerinnen und Gewinner 2024:<\/p>\n","protected":false},"author":5,"featured_media":14814,"comment_status":"open","ping_status":"open","sticky":false,"template":"","format":"standard","meta":{"footnotes":""},"categories":[71],"tags":[],"class_list":["post-14763","post","type-post","status-publish","format-standard","has-post-thumbnail","hentry","category-gemeinschaft"],"yoast_head":"<!-- This site is optimized with the Yoast SEO plugin v27.5 - https:\/\/yoast.com\/product\/yoast-seo-wordpress\/ -->\n<title>Neue Digitale Orte braucht das Land! - Digitales B\u00fcrgernetz<\/title>\n<meta name=\"description\" content=\"Beim Innovationswettbewerb Digitale orte wurden in diesem Jahr Gewinnerinnen und Gewinner aus 6 Kategorien geehrt.\" \/>\n<meta name=\"robots\" content=\"index, follow, max-snippet:-1, max-image-preview:large, max-video-preview:-1\" \/>\n<link rel=\"canonical\" href=\"https:\/\/www.deutsche-glasfaser.de\/blog\/erneut-digitale-orte-gefunden-das-sind-die-gewinner-2024\/\" \/>\n<meta property=\"og:locale\" content=\"de_DE\" \/>\n<meta property=\"og:type\" content=\"article\" \/>\n<meta property=\"og:title\" content=\"Neue Digitale Orte braucht das Land! - Digitales B\u00fcrgernetz\" \/>\n<meta property=\"og:description\" content=\"Beim Innovationswettbewerb Digitale orte wurden in diesem Jahr Gewinnerinnen und Gewinner aus 6 Kategorien geehrt.\" \/>\n<meta property=\"og:url\" content=\"https:\/\/www.deutsche-glasfaser.de\/blog\/erneut-digitale-orte-gefunden-das-sind-die-gewinner-2024\/\" \/>\n<meta property=\"og:site_name\" content=\"Digitales B\u00fcrgernetz\" \/>\n<meta property=\"article:published_time\" content=\"2024-11-07T09:43:42+00:00\" \/>\n<meta property=\"article:modified_time\" content=\"2025-01-09T13:18:23+00:00\" \/>\n<meta property=\"og:image\" content=\"https:\/\/www.deutsche-glasfaser.de\/blog\/wp-content\/uploads\/2024\/11\/gewinner.jpg\" \/>\n\t<meta property=\"og:image:width\" content=\"1776\" \/>\n\t<meta property=\"og:image:height\" content=\"1000\" \/>\n\t<meta property=\"og:image:type\" content=\"image\/jpeg\" \/>\n<meta name=\"author\" content=\"Deutsche Glasfaser\" \/>\n<meta name=\"twitter:card\" content=\"summary_large_image\" \/>\n<meta name=\"twitter:label1\" content=\"Verfasst von\" \/>\n\t<meta name=\"twitter:data1\" content=\"Deutsche Glasfaser\" \/>\n\t<meta name=\"twitter:label2\" content=\"Gesch\u00e4tzte Lesezeit\" \/>\n\t<meta name=\"twitter:data2\" content=\"13\u00a0Minuten\" \/>\n<script type=\"application\/ld+json\" class=\"yoast-schema-graph\">{\"@context\":\"https:\\\/\\\/schema.org\",\"@graph\":[{\"@type\":\"Article\",\"@id\":\"https:\\\/\\\/www.deutsche-glasfaser.de\\\/blog\\\/erneut-digitale-orte-gefunden-das-sind-die-gewinner-2024\\\/#article\",\"isPartOf\":{\"@id\":\"https:\\\/\\\/www.deutsche-glasfaser.de\\\/blog\\\/erneut-digitale-orte-gefunden-das-sind-die-gewinner-2024\\\/\"},\"author\":{\"name\":\"Deutsche Glasfaser\",\"@id\":\"https:\\\/\\\/www.deutsche-glasfaser.de\\\/blog\\\/#\\\/schema\\\/person\\\/9380a6dc7443d77143d0c66c409f574b\"},\"headline\":\"Erneut &#8222;Digitale Orte&#8220; gefunden \u2013\u00a0Das sind die Gewinner 2024\",\"datePublished\":\"2024-11-07T09:43:42+00:00\",\"dateModified\":\"2025-01-09T13:18:23+00:00\",\"mainEntityOfPage\":{\"@id\":\"https:\\\/\\\/www.deutsche-glasfaser.de\\\/blog\\\/erneut-digitale-orte-gefunden-das-sind-die-gewinner-2024\\\/\"},\"wordCount\":1165,\"commentCount\":0,\"publisher\":{\"@id\":\"https:\\\/\\\/www.deutsche-glasfaser.de\\\/blog\\\/#organization\"},\"image\":{\"@id\":\"https:\\\/\\\/www.deutsche-glasfaser.de\\\/blog\\\/erneut-digitale-orte-gefunden-das-sind-die-gewinner-2024\\\/#primaryimage\"},\"thumbnailUrl\":\"https:\\\/\\\/www.deutsche-glasfaser.de\\\/blog\\\/wp-content\\\/uploads\\\/2024\\\/11\\\/gewinner.jpg\",\"articleSection\":[\"#Gemeinschaft\"],\"inLanguage\":\"de\",\"potentialAction\":[{\"@type\":\"CommentAction\",\"name\":\"Comment\",\"target\":[\"https:\\\/\\\/www.deutsche-glasfaser.de\\\/blog\\\/erneut-digitale-orte-gefunden-das-sind-die-gewinner-2024\\\/#respond\"]}]},{\"@type\":\"WebPage\",\"@id\":\"https:\\\/\\\/www.deutsche-glasfaser.de\\\/blog\\\/erneut-digitale-orte-gefunden-das-sind-die-gewinner-2024\\\/\",\"url\":\"https:\\\/\\\/www.deutsche-glasfaser.de\\\/blog\\\/erneut-digitale-orte-gefunden-das-sind-die-gewinner-2024\\\/\",\"name\":\"Neue Digitale Orte braucht das Land! - Digitales B\u00fcrgernetz\",\"isPartOf\":{\"@id\":\"https:\\\/\\\/www.deutsche-glasfaser.de\\\/blog\\\/#website\"},\"primaryImageOfPage\":{\"@id\":\"https:\\\/\\\/www.deutsche-glasfaser.de\\\/blog\\\/erneut-digitale-orte-gefunden-das-sind-die-gewinner-2024\\\/#primaryimage\"},\"image\":{\"@id\":\"https:\\\/\\\/www.deutsche-glasfaser.de\\\/blog\\\/erneut-digitale-orte-gefunden-das-sind-die-gewinner-2024\\\/#primaryimage\"},\"thumbnailUrl\":\"https:\\\/\\\/www.deutsche-glasfaser.de\\\/blog\\\/wp-content\\\/uploads\\\/2024\\\/11\\\/gewinner.jpg\",\"datePublished\":\"2024-11-07T09:43:42+00:00\",\"dateModified\":\"2025-01-09T13:18:23+00:00\",\"description\":\"Beim Innovationswettbewerb Digitale orte wurden in diesem Jahr Gewinnerinnen und Gewinner aus 6 Kategorien geehrt.\",\"inLanguage\":\"de\",\"potentialAction\":[{\"@type\":\"ReadAction\",\"target\":[\"https:\\\/\\\/www.deutsche-glasfaser.de\\\/blog\\\/erneut-digitale-orte-gefunden-das-sind-die-gewinner-2024\\\/\"]}]},{\"@type\":\"ImageObject\",\"inLanguage\":\"de\",\"@id\":\"https:\\\/\\\/www.deutsche-glasfaser.de\\\/blog\\\/erneut-digitale-orte-gefunden-das-sind-die-gewinner-2024\\\/#primaryimage\",\"url\":\"https:\\\/\\\/www.deutsche-glasfaser.de\\\/blog\\\/wp-content\\\/uploads\\\/2024\\\/11\\\/gewinner.jpg\",\"contentUrl\":\"https:\\\/\\\/www.deutsche-glasfaser.de\\\/blog\\\/wp-content\\\/uploads\\\/2024\\\/11\\\/gewinner.jpg\",\"width\":1776,\"height\":1000},{\"@type\":\"WebSite\",\"@id\":\"https:\\\/\\\/www.deutsche-glasfaser.de\\\/blog\\\/#website\",\"url\":\"https:\\\/\\\/www.deutsche-glasfaser.de\\\/blog\\\/\",\"name\":\"Digitales B\u00fcrgernetz\",\"description\":\"Deutsche Glasfaser Blog\",\"publisher\":{\"@id\":\"https:\\\/\\\/www.deutsche-glasfaser.de\\\/blog\\\/#organization\"},\"potentialAction\":[{\"@type\":\"SearchAction\",\"target\":{\"@type\":\"EntryPoint\",\"urlTemplate\":\"https:\\\/\\\/www.deutsche-glasfaser.de\\\/blog\\\/?s={search_term_string}\"},\"query-input\":{\"@type\":\"PropertyValueSpecification\",\"valueRequired\":true,\"valueName\":\"search_term_string\"}}],\"inLanguage\":\"de\"},{\"@type\":\"Organization\",\"@id\":\"https:\\\/\\\/www.deutsche-glasfaser.de\\\/blog\\\/#organization\",\"name\":\"Digitales B\u00fcrgernetz\",\"url\":\"https:\\\/\\\/www.deutsche-glasfaser.de\\\/blog\\\/\",\"logo\":{\"@type\":\"ImageObject\",\"inLanguage\":\"de\",\"@id\":\"https:\\\/\\\/www.deutsche-glasfaser.de\\\/blog\\\/#\\\/schema\\\/logo\\\/image\\\/\",\"url\":\"https:\\\/\\\/www.deutsche-glasfaser.de\\\/blog\\\/wp-content\\\/uploads\\\/2021\\\/08\\\/DGF_Logo_Basis_RGB-Large@2x.png\",\"contentUrl\":\"https:\\\/\\\/www.deutsche-glasfaser.de\\\/blog\\\/wp-content\\\/uploads\\\/2021\\\/08\\\/DGF_Logo_Basis_RGB-Large@2x.png\",\"width\":312,\"height\":104,\"caption\":\"Digitales B\u00fcrgernetz\"},\"image\":{\"@id\":\"https:\\\/\\\/www.deutsche-glasfaser.de\\\/blog\\\/#\\\/schema\\\/logo\\\/image\\\/\"}},{\"@type\":\"Person\",\"@id\":\"https:\\\/\\\/www.deutsche-glasfaser.de\\\/blog\\\/#\\\/schema\\\/person\\\/9380a6dc7443d77143d0c66c409f574b\",\"name\":\"Deutsche Glasfaser\"}]}<\/script>\n<!-- \/ Yoast SEO plugin. -->","yoast_head_json":{"title":"Neue Digitale Orte braucht das Land! - Digitales B\u00fcrgernetz","description":"Beim Innovationswettbewerb Digitale orte wurden in diesem Jahr Gewinnerinnen und Gewinner aus 6 Kategorien geehrt.","robots":{"index":"index","follow":"follow","max-snippet":"max-snippet:-1","max-image-preview":"max-image-preview:large","max-video-preview":"max-video-preview:-1"},"canonical":"https:\/\/www.deutsche-glasfaser.de\/blog\/erneut-digitale-orte-gefunden-das-sind-die-gewinner-2024\/","og_locale":"de_DE","og_type":"article","og_title":"Neue Digitale Orte braucht das Land! - Digitales B\u00fcrgernetz","og_description":"Beim Innovationswettbewerb Digitale orte wurden in diesem Jahr Gewinnerinnen und Gewinner aus 6 Kategorien geehrt.","og_url":"https:\/\/www.deutsche-glasfaser.de\/blog\/erneut-digitale-orte-gefunden-das-sind-die-gewinner-2024\/","og_site_name":"Digitales B\u00fcrgernetz","article_published_time":"2024-11-07T09:43:42+00:00","article_modified_time":"2025-01-09T13:18:23+00:00","og_image":[{"width":1776,"height":1000,"url":"https:\/\/www.deutsche-glasfaser.de\/blog\/wp-content\/uploads\/2024\/11\/gewinner.jpg","type":"image\/jpeg"}],"author":"Deutsche Glasfaser","twitter_card":"summary_large_image","twitter_misc":{"Verfasst von":"Deutsche Glasfaser","Gesch\u00e4tzte Lesezeit":"13\u00a0Minuten"},"schema":{"@context":"https:\/\/schema.org","@graph":[{"@type":"Article","@id":"https:\/\/www.deutsche-glasfaser.de\/blog\/erneut-digitale-orte-gefunden-das-sind-die-gewinner-2024\/#article","isPartOf":{"@id":"https:\/\/www.deutsche-glasfaser.de\/blog\/erneut-digitale-orte-gefunden-das-sind-die-gewinner-2024\/"},"author":{"name":"Deutsche Glasfaser","@id":"https:\/\/www.deutsche-glasfaser.de\/blog\/#\/schema\/person\/9380a6dc7443d77143d0c66c409f574b"},"headline":"Erneut &#8222;Digitale Orte&#8220; gefunden \u2013\u00a0Das sind die Gewinner 2024","datePublished":"2024-11-07T09:43:42+00:00","dateModified":"2025-01-09T13:18:23+00:00","mainEntityOfPage":{"@id":"https:\/\/www.deutsche-glasfaser.de\/blog\/erneut-digitale-orte-gefunden-das-sind-die-gewinner-2024\/"},"wordCount":1165,"commentCount":0,"publisher":{"@id":"https:\/\/www.deutsche-glasfaser.de\/blog\/#organization"},"image":{"@id":"https:\/\/www.deutsche-glasfaser.de\/blog\/erneut-digitale-orte-gefunden-das-sind-die-gewinner-2024\/#primaryimage"},"thumbnailUrl":"https:\/\/www.deutsche-glasfaser.de\/blog\/wp-content\/uploads\/2024\/11\/gewinner.jpg","articleSection":["#Gemeinschaft"],"inLanguage":"de","potentialAction":[{"@type":"CommentAction","name":"Comment","target":["https:\/\/www.deutsche-glasfaser.de\/blog\/erneut-digitale-orte-gefunden-das-sind-die-gewinner-2024\/#respond"]}]},{"@type":"WebPage","@id":"https:\/\/www.deutsche-glasfaser.de\/blog\/erneut-digitale-orte-gefunden-das-sind-die-gewinner-2024\/","url":"https:\/\/www.deutsche-glasfaser.de\/blog\/erneut-digitale-orte-gefunden-das-sind-die-gewinner-2024\/","name":"Neue Digitale Orte braucht das Land! - Digitales B\u00fcrgernetz","isPartOf":{"@id":"https:\/\/www.deutsche-glasfaser.de\/blog\/#website"},"primaryImageOfPage":{"@id":"https:\/\/www.deutsche-glasfaser.de\/blog\/erneut-digitale-orte-gefunden-das-sind-die-gewinner-2024\/#primaryimage"},"image":{"@id":"https:\/\/www.deutsche-glasfaser.de\/blog\/erneut-digitale-orte-gefunden-das-sind-die-gewinner-2024\/#primaryimage"},"thumbnailUrl":"https:\/\/www.deutsche-glasfaser.de\/blog\/wp-content\/uploads\/2024\/11\/gewinner.jpg","datePublished":"2024-11-07T09:43:42+00:00","dateModified":"2025-01-09T13:18:23+00:00","description":"Beim Innovationswettbewerb Digitale orte wurden in diesem Jahr Gewinnerinnen und Gewinner aus 6 Kategorien geehrt.","inLanguage":"de","potentialAction":[{"@type":"ReadAction","target":["https:\/\/www.deutsche-glasfaser.de\/blog\/erneut-digitale-orte-gefunden-das-sind-die-gewinner-2024\/"]}]},{"@type":"ImageObject","inLanguage":"de","@id":"https:\/\/www.deutsche-glasfaser.de\/blog\/erneut-digitale-orte-gefunden-das-sind-die-gewinner-2024\/#primaryimage","url":"https:\/\/www.deutsche-glasfaser.de\/blog\/wp-content\/uploads\/2024\/11\/gewinner.jpg","contentUrl":"https:\/\/www.deutsche-glasfaser.de\/blog\/wp-content\/uploads\/2024\/11\/gewinner.jpg","width":1776,"height":1000},{"@type":"WebSite","@id":"https:\/\/www.deutsche-glasfaser.de\/blog\/#website","url":"https:\/\/www.deutsche-glasfaser.de\/blog\/","name":"Digitales B\u00fcrgernetz","description":"Deutsche Glasfaser Blog","publisher":{"@id":"https:\/\/www.deutsche-glasfaser.de\/blog\/#organization"},"potentialAction":[{"@type":"SearchAction","target":{"@type":"EntryPoint","urlTemplate":"https:\/\/www.deutsche-glasfaser.de\/blog\/?s={search_term_string}"},"query-input":{"@type":"PropertyValueSpecification","valueRequired":true,"valueName":"search_term_string"}}],"inLanguage":"de"},{"@type":"Organization","@id":"https:\/\/www.deutsche-glasfaser.de\/blog\/#organization","name":"Digitales B\u00fcrgernetz","url":"https:\/\/www.deutsche-glasfaser.de\/blog\/","logo":{"@type":"ImageObject","inLanguage":"de","@id":"https:\/\/www.deutsche-glasfaser.de\/blog\/#\/schema\/logo\/image\/","url":"https:\/\/www.deutsche-glasfaser.de\/blog\/wp-content\/uploads\/2021\/08\/DGF_Logo_Basis_RGB-Large@2x.png","contentUrl":"https:\/\/www.deutsche-glasfaser.de\/blog\/wp-content\/uploads\/2021\/08\/DGF_Logo_Basis_RGB-Large@2x.png","width":312,"height":104,"caption":"Digitales B\u00fcrgernetz"},"image":{"@id":"https:\/\/www.deutsche-glasfaser.de\/blog\/#\/schema\/logo\/image\/"}},{"@type":"Person","@id":"https:\/\/www.deutsche-glasfaser.de\/blog\/#\/schema\/person\/9380a6dc7443d77143d0c66c409f574b","name":"Deutsche Glasfaser"}]}},"_links":{"self":[{"href":"https:\/\/www.deutsche-glasfaser.de\/blog\/wp-json\/wp\/v2\/posts\/14763","targetHints":{"allow":["GET"]}}],"collection":[{"href":"https:\/\/www.deutsche-glasfaser.de\/blog\/wp-json\/wp\/v2\/posts"}],"about":[{"href":"https:\/\/www.deutsche-glasfaser.de\/blog\/wp-json\/wp\/v2\/types\/post"}],"author":[{"embeddable":true,"href":"https:\/\/www.deutsche-glasfaser.de\/blog\/wp-json\/wp\/v2\/users\/5"}],"replies":[{"embeddable":true,"href":"https:\/\/www.deutsche-glasfaser.de\/blog\/wp-json\/wp\/v2\/comments?post=14763"}],"version-history":[{"count":23,"href":"https:\/\/www.deutsche-glasfaser.de\/blog\/wp-json\/wp\/v2\/posts\/14763\/revisions"}],"predecessor-version":[{"id":15231,"href":"https:\/\/www.deutsche-glasfaser.de\/blog\/wp-json\/wp\/v2\/posts\/14763\/revisions\/15231"}],"wp:featuredmedia":[{"embeddable":true,"href":"https:\/\/www.deutsche-glasfaser.de\/blog\/wp-json\/wp\/v2\/media\/14814"}],"wp:attachment":[{"href":"https:\/\/www.deutsche-glasfaser.de\/blog\/wp-json\/wp\/v2\/media?parent=14763"}],"wp:term":[{"taxonomy":"category","embeddable":true,"href":"https:\/\/www.deutsche-glasfaser.de\/blog\/wp-json\/wp\/v2\/categories?post=14763"},{"taxonomy":"post_tag","embeddable":true,"href":"https:\/\/www.deutsche-glasfaser.de\/blog\/wp-json\/wp\/v2\/tags?post=14763"}],"curies":[{"name":"wp","href":"https:\/\/api.w.org\/{rel}","templated":true}]}}