{"id":14610,"date":"2024-10-14T12:12:09","date_gmt":"2024-10-14T10:12:09","guid":{"rendered":"https:\/\/www.deutsche-glasfaser.de\/blog\/?p=14610"},"modified":"2024-10-14T12:12:16","modified_gmt":"2024-10-14T10:12:16","slug":"jetzt-schon-ausgezeichnet-die-smarten-kommunen-im-digitale-orte-finale","status":"publish","type":"post","link":"https:\/\/www.deutsche-glasfaser.de\/blog\/jetzt-schon-ausgezeichnet-die-smarten-kommunen-im-digitale-orte-finale\/","title":{"rendered":"Jetzt schon ausgezeichnet: Die smarten Kommunen im Digitale Orte-Finale"},"content":{"rendered":"\t\t<div data-elementor-type=\"wp-post\" data-elementor-id=\"14610\" class=\"elementor elementor-14610\">\n\t\t\t\t\t\t<section class=\"elementor-section elementor-top-section elementor-element elementor-element-39569f3 elementor-section-boxed elementor-section-height-default elementor-section-height-default\" data-id=\"39569f3\" data-element_type=\"section\" data-e-type=\"section\">\n\t\t\t\t\t\t<div class=\"elementor-container elementor-column-gap-default\">\n\t\t\t\t\t<div class=\"elementor-column elementor-col-100 elementor-top-column elementor-element elementor-element-bd47ca3\" data-id=\"bd47ca3\" data-element_type=\"column\" data-e-type=\"column\">\n\t\t\t<div class=\"elementor-widget-wrap elementor-element-populated\">\n\t\t\t\t\t\t<div class=\"elementor-element elementor-element-623a6a7 elementor-widget elementor-widget-text-editor\" data-id=\"623a6a7\" data-element_type=\"widget\" data-e-type=\"widget\" data-widget_type=\"text-editor.default\">\n\t\t\t\t<div class=\"elementor-widget-container\">\n\t\t\t\t\t\t\t\t\t<p>Willkommen im Digital Pop-up Biergarten: Die Digitalstadt.Ahaus ist ein Vorzeigeprojekt f\u00fcr die Digitalisierung einer Kommune. \u00a9Digitalstadt.Ahaus<\/p>\t\t\t\t\t\t\t\t<\/div>\n\t\t\t\t<\/div>\n\t\t\t\t\t<\/div>\n\t\t<\/div>\n\t\t\t\t\t<\/div>\n\t\t<\/section>\n\t\t\t\t<section class=\"elementor-section elementor-top-section elementor-element elementor-element-defcdba elementor-section-boxed elementor-section-height-default elementor-section-height-default\" data-id=\"defcdba\" data-element_type=\"section\" data-e-type=\"section\">\n\t\t\t\t\t\t<div class=\"elementor-container elementor-column-gap-default\">\n\t\t\t\t\t<div class=\"elementor-column elementor-col-100 elementor-top-column elementor-element elementor-element-a2c2ec2\" data-id=\"a2c2ec2\" data-element_type=\"column\" data-e-type=\"column\">\n\t\t\t<div class=\"elementor-widget-wrap elementor-element-populated\">\n\t\t\t\t\t\t<div class=\"elementor-element elementor-element-5cd26eb elementor-widget elementor-widget-text-editor\" data-id=\"5cd26eb\" data-element_type=\"widget\" data-e-type=\"widget\" data-widget_type=\"text-editor.default\">\n\t\t\t\t<div class=\"elementor-widget-container\">\n\t\t\t\t\t\t\t\t\t<p>Die Digitalisierung bietet Kommunen M\u00f6glichkeiten, ihre Verwaltung, Infrastruktur und Services effizienter und b\u00fcrgerfreundlicher zu gestalten \u2013 und das machen sich immer mehr St\u00e4dte und Gemeinden zunutze: Sie entwickeln sich zu \u201eSmart Cities\u201c oder digitalen D\u00f6rfern, die digitale Technologien nutzen, um die Lebensqualit\u00e4t vor Ort zu verbessern.<\/p><p>Genau das zeichnet auch die Finalisten beim diesj\u00e4hrigen Wettbewerb Digitale Orte in der Kategorie smarte Kommune aus. So b\u00fcndelt das digitale Dorf Spiegelau Anwendungen aus unterschiedlichen Bereichen. Die Digitalstadt Ahaus hat eine Plattform mit \u00fcber 100 digitalen Angeboten f\u00fcr die Ahauser B\u00fcrgerinnen und B\u00fcrger geschaffen. Und das Verbundprojekt ZuSkE \u2013 Zukunft der Sektorkopplung auf kommunaler Ebene \u2013 entwickelt partizipative Tools, die die Kommunen im Transformationsprozess unterst\u00fctzen sollen.<\/p><p>Das sind die drei smarten Kommunen auf der Shortlist des Wettbewerbs:\u00a0 \u00a0<\/p>\t\t\t\t\t\t\t\t<\/div>\n\t\t\t\t<\/div>\n\t\t\t\t<div class=\"elementor-element elementor-element-c57f5de elementor-widget elementor-widget-spacer\" data-id=\"c57f5de\" data-element_type=\"widget\" data-e-type=\"widget\" data-widget_type=\"spacer.default\">\n\t\t\t\t<div class=\"elementor-widget-container\">\n\t\t\t\t\t\t\t<div class=\"elementor-spacer\">\n\t\t\t<div class=\"elementor-spacer-inner\"><\/div>\n\t\t<\/div>\n\t\t\t\t\t\t<\/div>\n\t\t\t\t<\/div>\n\t\t\t\t<div class=\"elementor-element elementor-element-18242fb elementor-widget elementor-widget-heading\" data-id=\"18242fb\" data-element_type=\"widget\" data-e-type=\"widget\" data-widget_type=\"heading.default\">\n\t\t\t\t<div class=\"elementor-widget-container\">\n\t\t\t\t\t<h2 class=\"elementor-heading-title elementor-size-default\">Digitalstadt.Ahaus \u2013 mit der digitalen ID zum Angebot<\/h2>\t\t\t\t<\/div>\n\t\t\t\t<\/div>\n\t\t\t\t<div class=\"elementor-element elementor-element-3f82689 elementor-widget elementor-widget-spacer\" data-id=\"3f82689\" data-element_type=\"widget\" data-e-type=\"widget\" data-widget_type=\"spacer.default\">\n\t\t\t\t<div class=\"elementor-widget-container\">\n\t\t\t\t\t\t\t<div class=\"elementor-spacer\">\n\t\t\t<div class=\"elementor-spacer-inner\"><\/div>\n\t\t<\/div>\n\t\t\t\t\t\t<\/div>\n\t\t\t\t<\/div>\n\t\t\t\t<div class=\"elementor-element elementor-element-b92f318 elementor-widget elementor-widget-text-editor\" data-id=\"b92f318\" data-element_type=\"widget\" data-e-type=\"widget\" data-widget_type=\"text-editor.default\">\n\t\t\t\t<div class=\"elementor-widget-container\">\n\t\t\t\t\t\t\t\t\t<p>Die<strong><a href=\"https:\/\/digitalstadt-ahaus.de\/\"> <u>Digitalstadt.Ahaus<\/u><\/a><\/strong>\u00a0ist ein Reallabor mit digital angebundenen Vor-Ort-Angeboten f\u00fcr die Ahauser B\u00fcrgerinnen und B\u00fcrger. Sie alle setzen auf einer zentralen Plattform auf und haben ein gemeinsames Ziel: eine lebenswerte Innenstadt mit attraktiven Angeboten f\u00fcr Handel, Gastronomie und Touristik zu erhalten und leerstehende Fl\u00e4chen neu zu beleben. Das zeige, so die Beschreibung auf dem Portal: \u201eIn Ahaus geh\u00f6rt die Digitalisierung l\u00e4ngst zum Alltag. Der Schl\u00fcssel daf\u00fcr ist die digitale ID: Praktisch jeder der 40.000 Einwohner nutzt damit die digitalen Angebote der Stadt, Betriebe, Vereine, Organisationen und der \u00f6ffentlichen Verwaltung. Der extrem hohe Grad der Digitalisierung macht das Leben in Ahaus lebendiger, kommunikativer, einfacher, nachhaltiger, bunter und sch\u00f6ner.\u201c<\/p><p>Umgesetzt haben das Projekt die Tobit Laboratories gemeinsam mit der Ahauser Verwaltung, dem Stadtmarketing und der Wirtschaftsf\u00f6rderung. Das Projekt ist bereits online und wird st\u00e4ndig erweitert. Derzeit sind auf der Plattform mehr als 100 digitale Angebote zu finden, von der Parkplatzsuche bis zum digitalen Fundb\u00fcro, vom digitalen Bootsverleih f\u00fcr Touristen bis zum digitalen Supermarkt f\u00fcr lokale Produkte. Die Zusammenarbeit mit Freiwilligen-Agenturen st\u00e4rkt die Digitalkompetenz und die Teilhabe. Dazu kommen Coworking-Spaces und Mobilit\u00e4tsangebote f\u00fcr mehr Flexibilit\u00e4t.<\/p><p>Zugang gibt es mit einer digitalen ID. Einmal angemeldet, bestellen und bezahlen, buchen und leihen die Nutzerinnen und Nutzer alles per Smartphone und bleiben per Chat mit der Verwaltung, dem Stadtmarketing und weiteren lokalen Anbietern in Kontakt. Die Digitalstadt.Ahaus hat sogar eine eigene W\u00e4hrung: Bezahlen l\u00e4sst sich n\u00e4mlich auch mit einem digitalen Stadtgutschein.<\/p>\t\t\t\t\t\t\t\t<\/div>\n\t\t\t\t<\/div>\n\t\t\t\t<div class=\"elementor-element elementor-element-01bfd16 elementor-widget elementor-widget-spacer\" data-id=\"01bfd16\" data-element_type=\"widget\" data-e-type=\"widget\" data-widget_type=\"spacer.default\">\n\t\t\t\t<div class=\"elementor-widget-container\">\n\t\t\t\t\t\t\t<div class=\"elementor-spacer\">\n\t\t\t<div class=\"elementor-spacer-inner\"><\/div>\n\t\t<\/div>\n\t\t\t\t\t\t<\/div>\n\t\t\t\t<\/div>\n\t\t\t\t<div class=\"elementor-element elementor-element-c2d4874 elementor-widget elementor-widget-heading\" data-id=\"c2d4874\" data-element_type=\"widget\" data-e-type=\"widget\" data-widget_type=\"heading.default\">\n\t\t\t\t<div class=\"elementor-widget-container\">\n\t\t\t\t\t<h2 class=\"elementor-heading-title elementor-size-default\">Digitales Dorf Spiegelau \u2013 digitale L\u00f6sungen f\u00fcr l\u00e4ndliche R\u00e4ume<\/h2>\t\t\t\t<\/div>\n\t\t\t\t<\/div>\n\t\t\t\t<div class=\"elementor-element elementor-element-1377765 elementor-widget elementor-widget-spacer\" data-id=\"1377765\" data-element_type=\"widget\" data-e-type=\"widget\" data-widget_type=\"spacer.default\">\n\t\t\t\t<div class=\"elementor-widget-container\">\n\t\t\t\t\t\t\t<div class=\"elementor-spacer\">\n\t\t\t<div class=\"elementor-spacer-inner\"><\/div>\n\t\t<\/div>\n\t\t\t\t\t\t<\/div>\n\t\t\t\t<\/div>\n\t\t\t\t<div class=\"elementor-element elementor-element-3691cda elementor-widget elementor-widget-text-editor\" data-id=\"3691cda\" data-element_type=\"widget\" data-e-type=\"widget\" data-widget_type=\"text-editor.default\">\n\t\t\t\t<div class=\"elementor-widget-container\">\n\t\t\t\t\t\t\t\t\t<p>Das bayerische Spiegelau war eines der ersten Modelld\u00f6rfer, in denen die Initiative \u201eDigitales Dorf Bayern\u201c seit 2021 digitale L\u00f6sungen und Ideen f\u00fcr l\u00e4ndliche R\u00e4ume exemplarisch erprobt hat. In Spiegelau entstanden eine eigene Rathaus-App mit digitalem Workflow sowie Anwendungen unter anderem zur Digitalisierung der Verwaltung, Telemedizin, Digitalisierung der Schule und Coworking-Angebote. Dabei wurden lokale Akteure und die B\u00fcrgerschaft eng einbezogen, um Mehrwerte zu identifizieren und digitale L\u00f6sungen breit zur Verf\u00fcgung zu stellen.<\/p>\t\t\t\t\t\t\t\t<\/div>\n\t\t\t\t<\/div>\n\t\t\t\t<div class=\"elementor-element elementor-element-9a0b05a elementor-widget elementor-widget-spacer\" data-id=\"9a0b05a\" data-element_type=\"widget\" data-e-type=\"widget\" data-widget_type=\"spacer.default\">\n\t\t\t\t<div class=\"elementor-widget-container\">\n\t\t\t\t\t\t\t<div class=\"elementor-spacer\">\n\t\t\t<div class=\"elementor-spacer-inner\"><\/div>\n\t\t<\/div>\n\t\t\t\t\t\t<\/div>\n\t\t\t\t<\/div>\n\t\t\t\t<div class=\"elementor-element elementor-element-2e020a1 elementor-widget elementor-widget-image\" data-id=\"2e020a1\" data-element_type=\"widget\" data-e-type=\"widget\" data-widget_type=\"image.default\">\n\t\t\t\t<div class=\"elementor-widget-container\">\n\t\t\t\t\t\t\t\t\t\t\t\t<figure class=\"wp-caption\">\n\t\t\t\t\t\t\t\t\t\t<img fetchpriority=\"high\" decoding=\"async\" width=\"768\" height=\"447\" src=\"https:\/\/www.deutsche-glasfaser.de\/blog\/wp-content\/uploads\/2024\/10\/BEITRAGSBILD_SmarteKommune_Spiegelau_copyright-TechnologieCampusGrafenau_Kopie_FINAL-_1_.jpg\" class=\"attachment-medium_large size-medium_large wp-image-14612\" alt=\"Zwei H\u00e4nde halten ein Smartphone, auf dem die App der Gemeinde Spiegelau ge\u00f6ffnet ist.\" srcset=\"https:\/\/www.deutsche-glasfaser.de\/blog\/wp-content\/uploads\/2024\/10\/BEITRAGSBILD_SmarteKommune_Spiegelau_copyright-TechnologieCampusGrafenau_Kopie_FINAL-_1_.jpg 768w, https:\/\/www.deutsche-glasfaser.de\/blog\/wp-content\/uploads\/2024\/10\/BEITRAGSBILD_SmarteKommune_Spiegelau_copyright-TechnologieCampusGrafenau_Kopie_FINAL-_1_-300x175.jpg 300w\" sizes=\"(max-width: 768px) 100vw, 768px\" \/>\t\t\t\t\t\t\t\t\t\t\t<figcaption class=\"widget-image-caption wp-caption-text\">Die Rathaus-App vernetzt Spiegelauer B\u00fcrger:innen digital mit der Gemeinde. \u00a9Technologie Campus Grafenau<\/figcaption>\n\t\t\t\t\t\t\t\t\t\t<\/figure>\n\t\t\t\t\t\t\t\t\t<\/div>\n\t\t\t\t<\/div>\n\t\t\t\t<div class=\"elementor-element elementor-element-b7450dc elementor-widget elementor-widget-spacer\" data-id=\"b7450dc\" data-element_type=\"widget\" data-e-type=\"widget\" data-widget_type=\"spacer.default\">\n\t\t\t\t<div class=\"elementor-widget-container\">\n\t\t\t\t\t\t\t<div class=\"elementor-spacer\">\n\t\t\t<div class=\"elementor-spacer-inner\"><\/div>\n\t\t<\/div>\n\t\t\t\t\t\t<\/div>\n\t\t\t\t<\/div>\n\t\t\t\t<div class=\"elementor-element elementor-element-b6fcfbb elementor-widget elementor-widget-text-editor\" data-id=\"b6fcfbb\" data-element_type=\"widget\" data-e-type=\"widget\" data-widget_type=\"text-editor.default\">\n\t\t\t\t<div class=\"elementor-widget-container\">\n\t\t\t\t\t\t\t\t\t<p>\u201eMithilfe der im digitalen Dorf entwickelten L\u00f6sungen ist es unserer Gemeinde gelungen, aktive Ans\u00e4tze f\u00fcr die klassischen Herausforderungen der B\u00fcrgerinnen und B\u00fcrger der l\u00e4ndlichen R\u00e4ume zu finden und erfolgreich zu implementieren\u201c, sagt B\u00fcrgermeister Karlheinz Roth. \u00a0<\/p><p>Das Projekt ist mittlerweile abgeschlossen, die Digitall\u00f6sungen werden jedoch weiterentwickelt. Aktuell besch\u00e4ftigt sich die Gemeinde mit den Themen KI, Big Data, 5G, Autonomes Fahren, der Automatisierung von Verwaltungsprozessen, m\u00f6glichen Anwendungsgebiete zum Einsatz von Drohnen und dem Aufbau eines Hochwasserfr\u00fcherkennungssystems. Die Digitalisierung in Spiegelau wird also weiterhin vorangetrieben.<\/p><p>Weitere Einblicke in die Digitalprojekte gibt auch ein <strong><a href=\"https:\/\/www.deutsche-glasfaser.de\/blog\/digitales-dorf-spiegelau-frauenau-digitalisierung-muss-in-allen-rathaeusern-chefsache-werden\/\"><u>Interview im Blog Digitales B\u00fcrgernetz<\/u><\/a><\/strong>.<\/p>\t\t\t\t\t\t\t\t<\/div>\n\t\t\t\t<\/div>\n\t\t\t\t<div class=\"elementor-element elementor-element-74cd260 elementor-widget elementor-widget-spacer\" data-id=\"74cd260\" data-element_type=\"widget\" data-e-type=\"widget\" data-widget_type=\"spacer.default\">\n\t\t\t\t<div class=\"elementor-widget-container\">\n\t\t\t\t\t\t\t<div class=\"elementor-spacer\">\n\t\t\t<div class=\"elementor-spacer-inner\"><\/div>\n\t\t<\/div>\n\t\t\t\t\t\t<\/div>\n\t\t\t\t<\/div>\n\t\t\t\t<div class=\"elementor-element elementor-element-6da7cd4 elementor-widget elementor-widget-heading\" data-id=\"6da7cd4\" data-element_type=\"widget\" data-e-type=\"widget\" data-widget_type=\"heading.default\">\n\t\t\t\t<div class=\"elementor-widget-container\">\n\t\t\t\t\t<h2 class=\"elementor-heading-title elementor-size-default\">ZuSkE \u2013 Kommunikation f\u00fcr die Energiewende<\/h2>\t\t\t\t<\/div>\n\t\t\t\t<\/div>\n\t\t\t\t<div class=\"elementor-element elementor-element-40e0127 elementor-widget elementor-widget-spacer\" data-id=\"40e0127\" data-element_type=\"widget\" data-e-type=\"widget\" data-widget_type=\"spacer.default\">\n\t\t\t\t<div class=\"elementor-widget-container\">\n\t\t\t\t\t\t\t<div class=\"elementor-spacer\">\n\t\t\t<div class=\"elementor-spacer-inner\"><\/div>\n\t\t<\/div>\n\t\t\t\t\t\t<\/div>\n\t\t\t\t<\/div>\n\t\t\t\t<div class=\"elementor-element elementor-element-3ad5121 elementor-widget elementor-widget-text-editor\" data-id=\"3ad5121\" data-element_type=\"widget\" data-e-type=\"widget\" data-widget_type=\"text-editor.default\">\n\t\t\t\t<div class=\"elementor-widget-container\">\n\t\t\t\t\t\t\t\t\t<p><strong><a href=\"https:\/\/kommunale-sektorkopplung.ffe.de\/\"><u>ZuSkE<\/u><\/a><\/strong>\u00a0steht f\u00fcr die Zukunft der Sektorkopplung auf kommunaler Ebene \u2013 denn Ma\u00dfnahmen zur Energiewende finden auch und vor allem in den Kommunen statt. Das Webtool informiert \u00fcber die Sektorkopplung, bewertet Strategien und entwickelt partizipative Kommunikationstools, die die Kommunen im Transformationsprozess unterst\u00fctzen sollen. So bietet ZuSkE beispielsweisen einen 10-Punkte-Plan, der die Kommune bei der Energiewende begleiten kann. Eine Strategiebox liefert Arbeitsmaterialien f\u00fcr einen Workshop. Ein Katalog zeigt Ma\u00dfnahmen und bereits umgesetzte Projektbeispiele. Zus\u00e4tzlich zeigt das Forschungsprojekt beispielhaft Umfeldanalysen der drei Kommunen Berlin, Walldorf und Freilassing.<\/p>\t\t\t\t\t\t\t\t<\/div>\n\t\t\t\t<\/div>\n\t\t\t\t<div class=\"elementor-element elementor-element-4a65943 elementor-widget elementor-widget-spacer\" data-id=\"4a65943\" data-element_type=\"widget\" data-e-type=\"widget\" data-widget_type=\"spacer.default\">\n\t\t\t\t<div class=\"elementor-widget-container\">\n\t\t\t\t\t\t\t<div class=\"elementor-spacer\">\n\t\t\t<div class=\"elementor-spacer-inner\"><\/div>\n\t\t<\/div>\n\t\t\t\t\t\t<\/div>\n\t\t\t\t<\/div>\n\t\t\t\t<div class=\"elementor-element elementor-element-874ca49 elementor-widget elementor-widget-image\" data-id=\"874ca49\" data-element_type=\"widget\" data-e-type=\"widget\" data-widget_type=\"image.default\">\n\t\t\t\t<div class=\"elementor-widget-container\">\n\t\t\t\t\t\t\t\t\t\t\t\t<figure class=\"wp-caption\">\n\t\t\t\t\t\t\t\t\t\t<img decoding=\"async\" width=\"768\" height=\"812\" src=\"https:\/\/www.deutsche-glasfaser.de\/blog\/wp-content\/uploads\/2024\/10\/BEITRAGSBILD_Smarte-Kommune_ZuSkE_FINAL.jpg\" class=\"attachment-medium_large size-medium_large wp-image-14613\" alt=\"Prozessdarstellung einer kommunalen Sektorkopplung mit unterschiedlichen kommunalen Einrichtungen welche an Erzeugung, Speicherung, Transport und Verbrauch von Energie beteiligt sind, z. B. Windkraftanlage, Umspannwerk, Bahnhof, Mehrfamilienhaus.\" srcset=\"https:\/\/www.deutsche-glasfaser.de\/blog\/wp-content\/uploads\/2024\/10\/BEITRAGSBILD_Smarte-Kommune_ZuSkE_FINAL.jpg 768w, https:\/\/www.deutsche-glasfaser.de\/blog\/wp-content\/uploads\/2024\/10\/BEITRAGSBILD_Smarte-Kommune_ZuSkE_FINAL-284x300.jpg 284w\" sizes=\"(max-width: 768px) 100vw, 768px\" \/>\t\t\t\t\t\t\t\t\t\t\t<figcaption class=\"widget-image-caption wp-caption-text\">L\u00f6sungen und Beispiele f\u00fcr die Sektorkopplung finden Kommunen in der Webanwendung ZuSkE. \u00a9ZuSkE<\/figcaption>\n\t\t\t\t\t\t\t\t\t\t<\/figure>\n\t\t\t\t\t\t\t\t\t<\/div>\n\t\t\t\t<\/div>\n\t\t\t\t<div class=\"elementor-element elementor-element-fbba3e4 elementor-widget elementor-widget-spacer\" data-id=\"fbba3e4\" data-element_type=\"widget\" data-e-type=\"widget\" data-widget_type=\"spacer.default\">\n\t\t\t\t<div class=\"elementor-widget-container\">\n\t\t\t\t\t\t\t<div class=\"elementor-spacer\">\n\t\t\t<div class=\"elementor-spacer-inner\"><\/div>\n\t\t<\/div>\n\t\t\t\t\t\t<\/div>\n\t\t\t\t<\/div>\n\t\t\t\t<div class=\"elementor-element elementor-element-0e8d7fc elementor-widget elementor-widget-text-editor\" data-id=\"0e8d7fc\" data-element_type=\"widget\" data-e-type=\"widget\" data-widget_type=\"text-editor.default\">\n\t\t\t\t<div class=\"elementor-widget-container\">\n\t\t\t\t\t\t\t\t\t<p>\u201eDas Gelingen der Energiewende entscheidet sich nicht zuletzt in unseren Kommunen. Hier m\u00fcssen ma\u00dfgeschneiderte sozio-technische L\u00f6sungen erdacht und umgesetzt werden \u2013 beispielsweise im Bereich der Sektorkopplung\u201c, sagt PD Dr. Dirk Scheer, ZuSkE-Verbundleiter, Institut f\u00fcr Technikfolgenabsch\u00e4tzung und Systemanalyse. \u201eHier setzt das Projekt ZuSkE bzw. eine Webanwendung als digitale Schnittstelle an. Diese dient als Informations-, Beratungs- und Partizipationsplattform f\u00fcr Interessierte und Entscheidungstr\u00e4ger:innen in Kommunen. Durch ZuSkE k\u00f6nnen wir die kommunale Sektorkopplung vorantreiben und damit einen essenziellen Beitrag zur Energiewende erzielen.\u201c<\/p><p>Das ITAS ist ein f\u00fchrendes Institut f\u00fcr Technikfolgenabsch\u00e4tzung und hat das Projekt als Verbundleiter zusammen mit den Wissenschaftspartnern Forschungsstelle f\u00fcr Energiewirtschaft e.V. (FfE), Vereinigung Deutscher Wissenschaftler (VDW e.V.) und DIALOGIK gemeinn\u00fctzige Gesellschaft f\u00fcr Kommunikations- und Kooperationsforschung mbH sowie den drei Kommunen Berlin, Freilassing und Walldorf durchgef\u00fchrt. Das Projekt wurde \u00fcber drei Jahre vom Bundesministerium f\u00fcr Wirtschaft und Energie (BMWK) gef\u00f6rdert und ist mittlerweile abgeschlossen.<\/p>\t\t\t\t\t\t\t\t<\/div>\n\t\t\t\t<\/div>\n\t\t\t\t\t<\/div>\n\t\t<\/div>\n\t\t\t\t\t<\/div>\n\t\t<\/section>\n\t\t\t\t<section class=\"elementor-section elementor-top-section elementor-element elementor-element-c15d24b elementor-section-boxed elementor-section-height-default elementor-section-height-default\" data-id=\"c15d24b\" data-element_type=\"section\" data-e-type=\"section\">\n\t\t\t\t\t\t<div class=\"elementor-container elementor-column-gap-default\">\n\t\t\t\t\t<div class=\"elementor-column elementor-col-100 elementor-top-column elementor-element elementor-element-1bb55eb\" data-id=\"1bb55eb\" data-element_type=\"column\" data-e-type=\"column\">\n\t\t\t<div class=\"elementor-widget-wrap elementor-element-populated\">\n\t\t\t\t\t\t<div class=\"elementor-element elementor-element-0bdd7d4 eael-infobox-icon-bg-shape-none eael-infobox-icon-hover-bg-shape-none elementor-widget elementor-widget-eael-info-box\" data-id=\"0bdd7d4\" data-element_type=\"widget\" data-e-type=\"widget\" data-widget_type=\"eael-info-box.default\">\n\t\t\t\t<div class=\"elementor-widget-container\">\n\t\t\t\t\t        <div class=\"eael-infobox icon-on-left\">\n\t            <div class=\"infobox-icon eael-icon-only\">\n\n            \n                            <div class=\"infobox-icon-wrap\">\n                    <i aria-hidden=\"true\" class=\"fas fa-info\"><\/i>                <\/div>\n            \n            \n        <\/div>\n            <div class=\"infobox-content eael-icon-only\">\n                    <div class=\"infobox-title-section\">\n                <h2 class=\"title\">Wettbewerb Digitale Orte<\/h2>            <\/div>\n            <div><p>Mit dem Wettbewerb \u201eDigitale Orte\u201c w\u00fcrdigen Deutsche Glasfaser und \u201eDeutschland \u2013 Land der Ideen\u201c bereits zum dritten Mal digitale Projekte im l\u00e4ndlichen Raum. Die Bewerbungsphase f\u00fcr 2024 ist bereits abgeschlossen und die Jury hat jeweils drei Projekte in sechs Kategorien ausgew\u00e4hlt. Am 6. November 2024 werden die Gewinnerprojekte w\u00e4hrend einer Live-Veranstaltung gek\u00fcrt, die auch eine bessere Vernetzung aller Kandidaten unterst\u00fctzt.<\/p><p>Weitere Informationen \u00fcber den Wettbewerb gibt es hier:<\/p><p><a href=\"http:\/\/www.digitale-orte.de\">www.digitale-orte.de<\/a><\/p><\/div>        <\/div>\n            <\/div>\n\n\t\t\t\t\t\t<\/div>\n\t\t\t\t<\/div>\n\t\t\t\t\t<\/div>\n\t\t<\/div>\n\t\t\t\t\t<\/div>\n\t\t<\/section>\n\t\t\t\t<\/div>\n\t\t","protected":false},"excerpt":{"rendered":"<p>Gemeinden m\u00fcssen die Energiewende schaffen, die Innenstadt beleben, die Verwaltung in den Griff bekommen \u2013 aber wo anfangen? Bei der Digitalisierung, denken sich smarte Kommunen. Diese drei stehen mit ihren Ideen in der Digitale-Orte-Endrunde. <\/p>\n","protected":false},"author":5,"featured_media":14611,"comment_status":"open","ping_status":"open","sticky":false,"template":"","format":"standard","meta":{"footnotes":""},"categories":[71],"tags":[],"class_list":["post-14610","post","type-post","status-publish","format-standard","has-post-thumbnail","hentry","category-gemeinschaft"],"yoast_head":"<!-- This site is optimized with the Yoast SEO plugin v27.5 - https:\/\/yoast.com\/product\/yoast-seo-wordpress\/ -->\n<title>Die Finalisten im Wettbewerb Digitale Orte 2024 \u2013 smarte Kommune - Digitales B\u00fcrgernetz<\/title>\n<meta name=\"description\" content=\"Kommunen, die sich ihren Herausforderungen mit digitalen L\u00f6sungen stellen, gelten als smart \u2013 zu Recht, wie diese Beispiele zeigen:\" \/>\n<meta name=\"robots\" content=\"index, follow, max-snippet:-1, max-image-preview:large, max-video-preview:-1\" \/>\n<link rel=\"canonical\" href=\"https:\/\/www.deutsche-glasfaser.de\/blog\/jetzt-schon-ausgezeichnet-die-smarten-kommunen-im-digitale-orte-finale\/\" \/>\n<meta property=\"og:locale\" content=\"de_DE\" \/>\n<meta property=\"og:type\" content=\"article\" \/>\n<meta property=\"og:title\" content=\"Die Finalisten im Wettbewerb Digitale Orte 2024 \u2013 smarte Kommune - Digitales B\u00fcrgernetz\" \/>\n<meta property=\"og:description\" content=\"Kommunen, die sich ihren Herausforderungen mit digitalen L\u00f6sungen stellen, gelten als smart \u2013 zu Recht, wie diese Beispiele zeigen:\" \/>\n<meta property=\"og:url\" content=\"https:\/\/www.deutsche-glasfaser.de\/blog\/jetzt-schon-ausgezeichnet-die-smarten-kommunen-im-digitale-orte-finale\/\" \/>\n<meta property=\"og:site_name\" content=\"Digitales B\u00fcrgernetz\" \/>\n<meta property=\"article:published_time\" content=\"2024-10-14T10:12:09+00:00\" \/>\n<meta property=\"article:modified_time\" content=\"2024-10-14T10:12:16+00:00\" \/>\n<meta property=\"og:image\" content=\"https:\/\/www.deutsche-glasfaser.de\/blog\/wp-content\/uploads\/2024\/10\/TITELBILD_SmarteKommune_DigitalstadtAhaus_Biergarten_09_FINAL.jpg\" \/>\n\t<meta property=\"og:image:width\" content=\"768\" \/>\n\t<meta property=\"og:image:height\" content=\"595\" \/>\n\t<meta property=\"og:image:type\" content=\"image\/jpeg\" \/>\n<meta name=\"author\" content=\"Deutsche Glasfaser\" \/>\n<meta name=\"twitter:card\" content=\"summary_large_image\" \/>\n<meta name=\"twitter:label1\" content=\"Verfasst von\" \/>\n\t<meta name=\"twitter:data1\" content=\"Deutsche Glasfaser\" \/>\n\t<meta name=\"twitter:label2\" content=\"Gesch\u00e4tzte Lesezeit\" \/>\n\t<meta name=\"twitter:data2\" content=\"6\u00a0Minuten\" \/>\n<script type=\"application\/ld+json\" class=\"yoast-schema-graph\">{\"@context\":\"https:\\\/\\\/schema.org\",\"@graph\":[{\"@type\":\"Article\",\"@id\":\"https:\\\/\\\/www.deutsche-glasfaser.de\\\/blog\\\/jetzt-schon-ausgezeichnet-die-smarten-kommunen-im-digitale-orte-finale\\\/#article\",\"isPartOf\":{\"@id\":\"https:\\\/\\\/www.deutsche-glasfaser.de\\\/blog\\\/jetzt-schon-ausgezeichnet-die-smarten-kommunen-im-digitale-orte-finale\\\/\"},\"author\":{\"name\":\"Deutsche Glasfaser\",\"@id\":\"https:\\\/\\\/www.deutsche-glasfaser.de\\\/blog\\\/#\\\/schema\\\/person\\\/9380a6dc7443d77143d0c66c409f574b\"},\"headline\":\"Jetzt schon ausgezeichnet: Die smarten Kommunen im Digitale Orte-Finale\",\"datePublished\":\"2024-10-14T10:12:09+00:00\",\"dateModified\":\"2024-10-14T10:12:16+00:00\",\"mainEntityOfPage\":{\"@id\":\"https:\\\/\\\/www.deutsche-glasfaser.de\\\/blog\\\/jetzt-schon-ausgezeichnet-die-smarten-kommunen-im-digitale-orte-finale\\\/\"},\"wordCount\":985,\"commentCount\":0,\"publisher\":{\"@id\":\"https:\\\/\\\/www.deutsche-glasfaser.de\\\/blog\\\/#organization\"},\"image\":{\"@id\":\"https:\\\/\\\/www.deutsche-glasfaser.de\\\/blog\\\/jetzt-schon-ausgezeichnet-die-smarten-kommunen-im-digitale-orte-finale\\\/#primaryimage\"},\"thumbnailUrl\":\"https:\\\/\\\/www.deutsche-glasfaser.de\\\/blog\\\/wp-content\\\/uploads\\\/2024\\\/10\\\/TITELBILD_SmarteKommune_DigitalstadtAhaus_Biergarten_09_FINAL.jpg\",\"articleSection\":[\"#Gemeinschaft\"],\"inLanguage\":\"de\",\"potentialAction\":[{\"@type\":\"CommentAction\",\"name\":\"Comment\",\"target\":[\"https:\\\/\\\/www.deutsche-glasfaser.de\\\/blog\\\/jetzt-schon-ausgezeichnet-die-smarten-kommunen-im-digitale-orte-finale\\\/#respond\"]}]},{\"@type\":\"WebPage\",\"@id\":\"https:\\\/\\\/www.deutsche-glasfaser.de\\\/blog\\\/jetzt-schon-ausgezeichnet-die-smarten-kommunen-im-digitale-orte-finale\\\/\",\"url\":\"https:\\\/\\\/www.deutsche-glasfaser.de\\\/blog\\\/jetzt-schon-ausgezeichnet-die-smarten-kommunen-im-digitale-orte-finale\\\/\",\"name\":\"Die Finalisten im Wettbewerb Digitale Orte 2024 \u2013 smarte Kommune - Digitales B\u00fcrgernetz\",\"isPartOf\":{\"@id\":\"https:\\\/\\\/www.deutsche-glasfaser.de\\\/blog\\\/#website\"},\"primaryImageOfPage\":{\"@id\":\"https:\\\/\\\/www.deutsche-glasfaser.de\\\/blog\\\/jetzt-schon-ausgezeichnet-die-smarten-kommunen-im-digitale-orte-finale\\\/#primaryimage\"},\"image\":{\"@id\":\"https:\\\/\\\/www.deutsche-glasfaser.de\\\/blog\\\/jetzt-schon-ausgezeichnet-die-smarten-kommunen-im-digitale-orte-finale\\\/#primaryimage\"},\"thumbnailUrl\":\"https:\\\/\\\/www.deutsche-glasfaser.de\\\/blog\\\/wp-content\\\/uploads\\\/2024\\\/10\\\/TITELBILD_SmarteKommune_DigitalstadtAhaus_Biergarten_09_FINAL.jpg\",\"datePublished\":\"2024-10-14T10:12:09+00:00\",\"dateModified\":\"2024-10-14T10:12:16+00:00\",\"description\":\"Kommunen, die sich ihren Herausforderungen mit digitalen L\u00f6sungen stellen, gelten als smart \u2013 zu Recht, wie diese Beispiele zeigen:\",\"inLanguage\":\"de\",\"potentialAction\":[{\"@type\":\"ReadAction\",\"target\":[\"https:\\\/\\\/www.deutsche-glasfaser.de\\\/blog\\\/jetzt-schon-ausgezeichnet-die-smarten-kommunen-im-digitale-orte-finale\\\/\"]}]},{\"@type\":\"ImageObject\",\"inLanguage\":\"de\",\"@id\":\"https:\\\/\\\/www.deutsche-glasfaser.de\\\/blog\\\/jetzt-schon-ausgezeichnet-die-smarten-kommunen-im-digitale-orte-finale\\\/#primaryimage\",\"url\":\"https:\\\/\\\/www.deutsche-glasfaser.de\\\/blog\\\/wp-content\\\/uploads\\\/2024\\\/10\\\/TITELBILD_SmarteKommune_DigitalstadtAhaus_Biergarten_09_FINAL.jpg\",\"contentUrl\":\"https:\\\/\\\/www.deutsche-glasfaser.de\\\/blog\\\/wp-content\\\/uploads\\\/2024\\\/10\\\/TITELBILD_SmarteKommune_DigitalstadtAhaus_Biergarten_09_FINAL.jpg\",\"width\":768,\"height\":595},{\"@type\":\"WebSite\",\"@id\":\"https:\\\/\\\/www.deutsche-glasfaser.de\\\/blog\\\/#website\",\"url\":\"https:\\\/\\\/www.deutsche-glasfaser.de\\\/blog\\\/\",\"name\":\"Digitales B\u00fcrgernetz\",\"description\":\"Deutsche Glasfaser Blog\",\"publisher\":{\"@id\":\"https:\\\/\\\/www.deutsche-glasfaser.de\\\/blog\\\/#organization\"},\"potentialAction\":[{\"@type\":\"SearchAction\",\"target\":{\"@type\":\"EntryPoint\",\"urlTemplate\":\"https:\\\/\\\/www.deutsche-glasfaser.de\\\/blog\\\/?s={search_term_string}\"},\"query-input\":{\"@type\":\"PropertyValueSpecification\",\"valueRequired\":true,\"valueName\":\"search_term_string\"}}],\"inLanguage\":\"de\"},{\"@type\":\"Organization\",\"@id\":\"https:\\\/\\\/www.deutsche-glasfaser.de\\\/blog\\\/#organization\",\"name\":\"Digitales B\u00fcrgernetz\",\"url\":\"https:\\\/\\\/www.deutsche-glasfaser.de\\\/blog\\\/\",\"logo\":{\"@type\":\"ImageObject\",\"inLanguage\":\"de\",\"@id\":\"https:\\\/\\\/www.deutsche-glasfaser.de\\\/blog\\\/#\\\/schema\\\/logo\\\/image\\\/\",\"url\":\"https:\\\/\\\/www.deutsche-glasfaser.de\\\/blog\\\/wp-content\\\/uploads\\\/2021\\\/08\\\/DGF_Logo_Basis_RGB-Large@2x.png\",\"contentUrl\":\"https:\\\/\\\/www.deutsche-glasfaser.de\\\/blog\\\/wp-content\\\/uploads\\\/2021\\\/08\\\/DGF_Logo_Basis_RGB-Large@2x.png\",\"width\":312,\"height\":104,\"caption\":\"Digitales B\u00fcrgernetz\"},\"image\":{\"@id\":\"https:\\\/\\\/www.deutsche-glasfaser.de\\\/blog\\\/#\\\/schema\\\/logo\\\/image\\\/\"}},{\"@type\":\"Person\",\"@id\":\"https:\\\/\\\/www.deutsche-glasfaser.de\\\/blog\\\/#\\\/schema\\\/person\\\/9380a6dc7443d77143d0c66c409f574b\",\"name\":\"Deutsche Glasfaser\"}]}<\/script>\n<!-- \/ Yoast SEO plugin. -->","yoast_head_json":{"title":"Die Finalisten im Wettbewerb Digitale Orte 2024 \u2013 smarte Kommune - Digitales B\u00fcrgernetz","description":"Kommunen, die sich ihren Herausforderungen mit digitalen L\u00f6sungen stellen, gelten als smart \u2013 zu Recht, wie diese Beispiele zeigen:","robots":{"index":"index","follow":"follow","max-snippet":"max-snippet:-1","max-image-preview":"max-image-preview:large","max-video-preview":"max-video-preview:-1"},"canonical":"https:\/\/www.deutsche-glasfaser.de\/blog\/jetzt-schon-ausgezeichnet-die-smarten-kommunen-im-digitale-orte-finale\/","og_locale":"de_DE","og_type":"article","og_title":"Die Finalisten im Wettbewerb Digitale Orte 2024 \u2013 smarte Kommune - Digitales B\u00fcrgernetz","og_description":"Kommunen, die sich ihren Herausforderungen mit digitalen L\u00f6sungen stellen, gelten als smart \u2013 zu Recht, wie diese Beispiele zeigen:","og_url":"https:\/\/www.deutsche-glasfaser.de\/blog\/jetzt-schon-ausgezeichnet-die-smarten-kommunen-im-digitale-orte-finale\/","og_site_name":"Digitales B\u00fcrgernetz","article_published_time":"2024-10-14T10:12:09+00:00","article_modified_time":"2024-10-14T10:12:16+00:00","og_image":[{"width":768,"height":595,"url":"https:\/\/www.deutsche-glasfaser.de\/blog\/wp-content\/uploads\/2024\/10\/TITELBILD_SmarteKommune_DigitalstadtAhaus_Biergarten_09_FINAL.jpg","type":"image\/jpeg"}],"author":"Deutsche Glasfaser","twitter_card":"summary_large_image","twitter_misc":{"Verfasst von":"Deutsche Glasfaser","Gesch\u00e4tzte Lesezeit":"6\u00a0Minuten"},"schema":{"@context":"https:\/\/schema.org","@graph":[{"@type":"Article","@id":"https:\/\/www.deutsche-glasfaser.de\/blog\/jetzt-schon-ausgezeichnet-die-smarten-kommunen-im-digitale-orte-finale\/#article","isPartOf":{"@id":"https:\/\/www.deutsche-glasfaser.de\/blog\/jetzt-schon-ausgezeichnet-die-smarten-kommunen-im-digitale-orte-finale\/"},"author":{"name":"Deutsche Glasfaser","@id":"https:\/\/www.deutsche-glasfaser.de\/blog\/#\/schema\/person\/9380a6dc7443d77143d0c66c409f574b"},"headline":"Jetzt schon ausgezeichnet: Die smarten Kommunen im Digitale Orte-Finale","datePublished":"2024-10-14T10:12:09+00:00","dateModified":"2024-10-14T10:12:16+00:00","mainEntityOfPage":{"@id":"https:\/\/www.deutsche-glasfaser.de\/blog\/jetzt-schon-ausgezeichnet-die-smarten-kommunen-im-digitale-orte-finale\/"},"wordCount":985,"commentCount":0,"publisher":{"@id":"https:\/\/www.deutsche-glasfaser.de\/blog\/#organization"},"image":{"@id":"https:\/\/www.deutsche-glasfaser.de\/blog\/jetzt-schon-ausgezeichnet-die-smarten-kommunen-im-digitale-orte-finale\/#primaryimage"},"thumbnailUrl":"https:\/\/www.deutsche-glasfaser.de\/blog\/wp-content\/uploads\/2024\/10\/TITELBILD_SmarteKommune_DigitalstadtAhaus_Biergarten_09_FINAL.jpg","articleSection":["#Gemeinschaft"],"inLanguage":"de","potentialAction":[{"@type":"CommentAction","name":"Comment","target":["https:\/\/www.deutsche-glasfaser.de\/blog\/jetzt-schon-ausgezeichnet-die-smarten-kommunen-im-digitale-orte-finale\/#respond"]}]},{"@type":"WebPage","@id":"https:\/\/www.deutsche-glasfaser.de\/blog\/jetzt-schon-ausgezeichnet-die-smarten-kommunen-im-digitale-orte-finale\/","url":"https:\/\/www.deutsche-glasfaser.de\/blog\/jetzt-schon-ausgezeichnet-die-smarten-kommunen-im-digitale-orte-finale\/","name":"Die Finalisten im Wettbewerb Digitale Orte 2024 \u2013 smarte Kommune - Digitales B\u00fcrgernetz","isPartOf":{"@id":"https:\/\/www.deutsche-glasfaser.de\/blog\/#website"},"primaryImageOfPage":{"@id":"https:\/\/www.deutsche-glasfaser.de\/blog\/jetzt-schon-ausgezeichnet-die-smarten-kommunen-im-digitale-orte-finale\/#primaryimage"},"image":{"@id":"https:\/\/www.deutsche-glasfaser.de\/blog\/jetzt-schon-ausgezeichnet-die-smarten-kommunen-im-digitale-orte-finale\/#primaryimage"},"thumbnailUrl":"https:\/\/www.deutsche-glasfaser.de\/blog\/wp-content\/uploads\/2024\/10\/TITELBILD_SmarteKommune_DigitalstadtAhaus_Biergarten_09_FINAL.jpg","datePublished":"2024-10-14T10:12:09+00:00","dateModified":"2024-10-14T10:12:16+00:00","description":"Kommunen, die sich ihren Herausforderungen mit digitalen L\u00f6sungen stellen, gelten als smart \u2013 zu Recht, wie diese Beispiele zeigen:","inLanguage":"de","potentialAction":[{"@type":"ReadAction","target":["https:\/\/www.deutsche-glasfaser.de\/blog\/jetzt-schon-ausgezeichnet-die-smarten-kommunen-im-digitale-orte-finale\/"]}]},{"@type":"ImageObject","inLanguage":"de","@id":"https:\/\/www.deutsche-glasfaser.de\/blog\/jetzt-schon-ausgezeichnet-die-smarten-kommunen-im-digitale-orte-finale\/#primaryimage","url":"https:\/\/www.deutsche-glasfaser.de\/blog\/wp-content\/uploads\/2024\/10\/TITELBILD_SmarteKommune_DigitalstadtAhaus_Biergarten_09_FINAL.jpg","contentUrl":"https:\/\/www.deutsche-glasfaser.de\/blog\/wp-content\/uploads\/2024\/10\/TITELBILD_SmarteKommune_DigitalstadtAhaus_Biergarten_09_FINAL.jpg","width":768,"height":595},{"@type":"WebSite","@id":"https:\/\/www.deutsche-glasfaser.de\/blog\/#website","url":"https:\/\/www.deutsche-glasfaser.de\/blog\/","name":"Digitales B\u00fcrgernetz","description":"Deutsche Glasfaser Blog","publisher":{"@id":"https:\/\/www.deutsche-glasfaser.de\/blog\/#organization"},"potentialAction":[{"@type":"SearchAction","target":{"@type":"EntryPoint","urlTemplate":"https:\/\/www.deutsche-glasfaser.de\/blog\/?s={search_term_string}"},"query-input":{"@type":"PropertyValueSpecification","valueRequired":true,"valueName":"search_term_string"}}],"inLanguage":"de"},{"@type":"Organization","@id":"https:\/\/www.deutsche-glasfaser.de\/blog\/#organization","name":"Digitales B\u00fcrgernetz","url":"https:\/\/www.deutsche-glasfaser.de\/blog\/","logo":{"@type":"ImageObject","inLanguage":"de","@id":"https:\/\/www.deutsche-glasfaser.de\/blog\/#\/schema\/logo\/image\/","url":"https:\/\/www.deutsche-glasfaser.de\/blog\/wp-content\/uploads\/2021\/08\/DGF_Logo_Basis_RGB-Large@2x.png","contentUrl":"https:\/\/www.deutsche-glasfaser.de\/blog\/wp-content\/uploads\/2021\/08\/DGF_Logo_Basis_RGB-Large@2x.png","width":312,"height":104,"caption":"Digitales B\u00fcrgernetz"},"image":{"@id":"https:\/\/www.deutsche-glasfaser.de\/blog\/#\/schema\/logo\/image\/"}},{"@type":"Person","@id":"https:\/\/www.deutsche-glasfaser.de\/blog\/#\/schema\/person\/9380a6dc7443d77143d0c66c409f574b","name":"Deutsche Glasfaser"}]}},"_links":{"self":[{"href":"https:\/\/www.deutsche-glasfaser.de\/blog\/wp-json\/wp\/v2\/posts\/14610","targetHints":{"allow":["GET"]}}],"collection":[{"href":"https:\/\/www.deutsche-glasfaser.de\/blog\/wp-json\/wp\/v2\/posts"}],"about":[{"href":"https:\/\/www.deutsche-glasfaser.de\/blog\/wp-json\/wp\/v2\/types\/post"}],"author":[{"embeddable":true,"href":"https:\/\/www.deutsche-glasfaser.de\/blog\/wp-json\/wp\/v2\/users\/5"}],"replies":[{"embeddable":true,"href":"https:\/\/www.deutsche-glasfaser.de\/blog\/wp-json\/wp\/v2\/comments?post=14610"}],"version-history":[{"count":8,"href":"https:\/\/www.deutsche-glasfaser.de\/blog\/wp-json\/wp\/v2\/posts\/14610\/revisions"}],"predecessor-version":[{"id":14621,"href":"https:\/\/www.deutsche-glasfaser.de\/blog\/wp-json\/wp\/v2\/posts\/14610\/revisions\/14621"}],"wp:featuredmedia":[{"embeddable":true,"href":"https:\/\/www.deutsche-glasfaser.de\/blog\/wp-json\/wp\/v2\/media\/14611"}],"wp:attachment":[{"href":"https:\/\/www.deutsche-glasfaser.de\/blog\/wp-json\/wp\/v2\/media?parent=14610"}],"wp:term":[{"taxonomy":"category","embeddable":true,"href":"https:\/\/www.deutsche-glasfaser.de\/blog\/wp-json\/wp\/v2\/categories?post=14610"},{"taxonomy":"post_tag","embeddable":true,"href":"https:\/\/www.deutsche-glasfaser.de\/blog\/wp-json\/wp\/v2\/tags?post=14610"}],"curies":[{"name":"wp","href":"https:\/\/api.w.org\/{rel}","templated":true}]}}