{"id":14592,"date":"2024-10-07T09:30:07","date_gmt":"2024-10-07T07:30:07","guid":{"rendered":"https:\/\/www.deutsche-glasfaser.de\/blog\/?p=14592"},"modified":"2024-10-07T09:30:08","modified_gmt":"2024-10-07T07:30:08","slug":"digitale-orte-2024-wie-digitale-tools-mobilitat-und-infrastruktur-verbessern-konnen","status":"publish","type":"post","link":"https:\/\/www.deutsche-glasfaser.de\/blog\/digitale-orte-2024-wie-digitale-tools-mobilitat-und-infrastruktur-verbessern-konnen\/","title":{"rendered":"Digitale Orte 2024: Wie digitale Tools Mobilit\u00e4t und Infrastruktur verbessern k\u00f6nnen"},"content":{"rendered":"\t\t<div data-elementor-type=\"wp-post\" data-elementor-id=\"14592\" class=\"elementor elementor-14592\">\n\t\t\t\t\t\t<section class=\"elementor-section elementor-top-section elementor-element elementor-element-0c5ba00 elementor-section-boxed elementor-section-height-default elementor-section-height-default\" data-id=\"0c5ba00\" data-element_type=\"section\" data-e-type=\"section\">\n\t\t\t\t\t\t<div class=\"elementor-container elementor-column-gap-default\">\n\t\t\t\t\t<div class=\"elementor-column elementor-col-100 elementor-top-column elementor-element elementor-element-b71af89\" data-id=\"b71af89\" data-element_type=\"column\" data-e-type=\"column\">\n\t\t\t<div class=\"elementor-widget-wrap elementor-element-populated\">\n\t\t\t\t\t\t<div class=\"elementor-element elementor-element-8e09535 elementor-widget elementor-widget-text-editor\" data-id=\"8e09535\" data-element_type=\"widget\" data-e-type=\"widget\" data-widget_type=\"text-editor.default\">\n\t\t\t\t<div class=\"elementor-widget-container\">\n\t\t\t\t\t\t\t\t\t<p>Mit den autonomen Shuttles sind Fahrg\u00e4ste in Oberfranken unterwegs. \u00a9 IN-VISIONEN.de<\/p>\t\t\t\t\t\t\t\t<\/div>\n\t\t\t\t<\/div>\n\t\t\t\t\t<\/div>\n\t\t<\/div>\n\t\t\t\t\t<\/div>\n\t\t<\/section>\n\t\t\t\t<section class=\"elementor-section elementor-top-section elementor-element elementor-element-698fbd2 elementor-section-boxed elementor-section-height-default elementor-section-height-default\" data-id=\"698fbd2\" data-element_type=\"section\" data-e-type=\"section\">\n\t\t\t\t\t\t<div class=\"elementor-container elementor-column-gap-default\">\n\t\t\t\t\t<div class=\"elementor-column elementor-col-100 elementor-top-column elementor-element elementor-element-b651c75\" data-id=\"b651c75\" data-element_type=\"column\" data-e-type=\"column\">\n\t\t\t<div class=\"elementor-widget-wrap elementor-element-populated\">\n\t\t\t\t\t\t<div class=\"elementor-element elementor-element-3e778eb elementor-widget elementor-widget-text-editor\" data-id=\"3e778eb\" data-element_type=\"widget\" data-e-type=\"widget\" data-widget_type=\"text-editor.default\">\n\t\t\t\t<div class=\"elementor-widget-container\">\n\t\t\t\t\t\t\t\t\t<p>Was sind die Vor- und Nachteile des Lebens auf dem Land? Bei den Vorteilen d\u00fcrfte vielen die N\u00e4he zur Natur, die Ruhe und der bezahlbare Wohnraum einfallen. Die Kehrseite: Mit einer gut ausgebauten Infrastruktur oder einer eng getakteten Anbindung an den \u00f6ffentlichen Nahverkehr k\u00f6nnen die Regionen selten aufwarten. Allerdings wissen viele Kommunen, B\u00fcrgerinitiativen und Unternehmen sehr genau um dieses Manko \u2013 und arbeiten an L\u00f6sungen. So sind in den vergangenen Jahren digitale Verkaufskonzepte entstanden, um die Nahversorgung auch nach Wegfall des klassischen Tante-Emma-Ladens sicherzustellen. Ebenfalls um ein Basisangebot geht es vielen Mobilit\u00e4tskonzepten f\u00fcr l\u00e4ndliche Regionen: Rufbusse und Mitfahrplattformen erg\u00e4nzen den \u00d6PNV \u2013 und sind im Idealfall eine umweltfreundliche Alternative zum eigenen Auto. Kommunen sind an diesen neuen Ideen oft beteiligt, m\u00fcssen f\u00fcr die Daseinsvorsorge aber noch weitere Bereiche beachten: Denn B\u00fcrgerinnen und B\u00fcrger brauchen Kitas und Schulen, die Feuerwehr und \u00e4rztliche Versorgung in erreichbarer N\u00e4he.<\/p><p>Auf dem Land geht es also h\u00e4ufig um die Frage: Wie l\u00e4sst sich garantieren, dass den Menschen eine ausreichende Infrastruktur zur Verf\u00fcgung steht? Im <span style=\"text-decoration: underline;\"><a href=\"https:\/\/land-der-ideen.de\/wettbewerbe\/digitale-orte\">Wettbewerb Digitale Orte<\/a><\/span> haben sich dieses Jahr Projekte beworben, die jeweils f\u00fcr ihren Bereich eine smarte Antwort gefunden haben.<\/p><p>Wir stellen die drei besten Ideen vor:<\/p>\t\t\t\t\t\t\t\t<\/div>\n\t\t\t\t<\/div>\n\t\t\t\t<div class=\"elementor-element elementor-element-a5db458 elementor-widget elementor-widget-spacer\" data-id=\"a5db458\" data-element_type=\"widget\" data-e-type=\"widget\" data-widget_type=\"spacer.default\">\n\t\t\t\t<div class=\"elementor-widget-container\">\n\t\t\t\t\t\t\t<div class=\"elementor-spacer\">\n\t\t\t<div class=\"elementor-spacer-inner\"><\/div>\n\t\t<\/div>\n\t\t\t\t\t\t<\/div>\n\t\t\t\t<\/div>\n\t\t\t\t<div class=\"elementor-element elementor-element-e05692d elementor-widget elementor-widget-heading\" data-id=\"e05692d\" data-element_type=\"widget\" data-e-type=\"widget\" data-widget_type=\"heading.default\">\n\t\t\t\t<div class=\"elementor-widget-container\">\n\t\t\t\t\t<h2 class=\"elementor-heading-title elementor-size-default\">Shuttle Oberfranken \u2013 Erfolgskonzept fahrerlose Busse<\/h2>\t\t\t\t<\/div>\n\t\t\t\t<\/div>\n\t\t\t\t<div class=\"elementor-element elementor-element-1ecb4d9 elementor-widget elementor-widget-spacer\" data-id=\"1ecb4d9\" data-element_type=\"widget\" data-e-type=\"widget\" data-widget_type=\"spacer.default\">\n\t\t\t\t<div class=\"elementor-widget-container\">\n\t\t\t\t\t\t\t<div class=\"elementor-spacer\">\n\t\t\t<div class=\"elementor-spacer-inner\"><\/div>\n\t\t<\/div>\n\t\t\t\t\t\t<\/div>\n\t\t\t\t<\/div>\n\t\t\t\t<div class=\"elementor-element elementor-element-705b494 elementor-widget elementor-widget-text-editor\" data-id=\"705b494\" data-element_type=\"widget\" data-e-type=\"widget\" data-widget_type=\"text-editor.default\">\n\t\t\t\t<div class=\"elementor-widget-container\">\n\t\t\t\t\t\t\t\t\t<p>Autonom unterwegs: Seit 2021 schicken die oberfr\u00e4nkischen Kommunen Kronach, Hof, Rehau und Bad Streben sechs fahrerlose Kleinbusse in einem Modellprojekt auf die Stra\u00dfe. Dabei geht es auch darum, im Shuttle-Betrieb Forschungsdaten zu erheben. Die aktuelle Herausforderung: Bis Herbst dieses Jahres sollen alle Abl\u00e4ufe komplett automatisiert werden. Dazu geh\u00f6rt zum Beispiel die Fahrgastbetreuung zur Weiterentwicklung der Mensch-Maschine-Interaktion \u2013 nicht jedoch der Fahrkartenkauf. Denn die Shuttles sind f\u00fcr die Fahrg\u00e4ste kostenfrei nutzbar. \u00a0<\/p><p>Hinter dem <strong><a href=\"https:\/\/www.shuttle-modellregion-oberfranken.de\/\"><u>Shuttle Modellregion Oberfranken<\/u><\/a><\/strong>\u00a0steht ein Projektkonsortium aus zehn Partnern: die Kommunen Stadt Hof, Landkreis Hof und Landkreis Kronach, die Industriepartner Valeo Schalter und Sensoren GmbH, REHAU Automotive SE &amp; Co. KG, DB Regio Bus und Brose Fahrzeugteile SE &amp; Co. KG sowie die Hochschulpartner Hochschule Coburg, Hochschule Hof und die Technische Universit\u00e4t Chemnitz. Das Projektmanagement \u00fcbernimmt die Nuts One GmbH.<\/p><p>Die Shuttles helfen Kommunen im l\u00e4ndlichen Raum dabei, B\u00fcrgerinnen und B\u00fcrger mit einem leistungsf\u00e4higen, finanzierbaren, inklusiven und klimafreundlichen \u00d6PNV zu versorgen. Dabei spielen der digitale On-Demand-Betrieb und die Automatisierung m\u00f6glichst aller Abl\u00e4ufe in der Mobilit\u00e4tskette eine besondere Rolle. J\u00f6rg Schrepfer, Entwicklungsleiter bei Valeo in Kronach, sagt dazu: \u201eWir haben uns gefragt, was passiert, wenn die Sicherheitsperson nicht mehr im Shuttle ist, sondern in der Shuttle-Leitstelle? In den vergangenen knapp vier Jahren haben wir gemeinsam im Projektkonsortium hierf\u00fcr vielf\u00e4ltige Antworten und L\u00f6sungen entwickelt.\u201c<\/p><p>Das Projekt will einen Shuttle-Betrieb in der Region etablieren und Ergebnisse erzielen, die auch auf andere Kommunen \u00fcbertragbar sind. In der aktuellen zweiten Phase stellen die Projektpartner unter anderem auf On-demand-Betrieb um, erproben eine Fern\u00fcberwachung durch die Leitstelle, entwickeln die Hinderniserkennung weiter und beziehen die B\u00fcrger:innen st\u00e4rker ein. <\/p>\t\t\t\t\t\t\t\t<\/div>\n\t\t\t\t<\/div>\n\t\t\t\t<div class=\"elementor-element elementor-element-d570fa8 elementor-widget elementor-widget-spacer\" data-id=\"d570fa8\" data-element_type=\"widget\" data-e-type=\"widget\" data-widget_type=\"spacer.default\">\n\t\t\t\t<div class=\"elementor-widget-container\">\n\t\t\t\t\t\t\t<div class=\"elementor-spacer\">\n\t\t\t<div class=\"elementor-spacer-inner\"><\/div>\n\t\t<\/div>\n\t\t\t\t\t\t<\/div>\n\t\t\t\t<\/div>\n\t\t\t\t<div class=\"elementor-element elementor-element-8190cab elementor-widget elementor-widget-heading\" data-id=\"8190cab\" data-element_type=\"widget\" data-e-type=\"widget\" data-widget_type=\"heading.default\">\n\t\t\t\t<div class=\"elementor-widget-container\">\n\t\t\t\t\t<h2 class=\"elementor-heading-title elementor-size-default\">B\u00c4KO-AutoPOS \u2013 Sonntagsbr\u00f6tchen aus dem Smart Store <\/h2>\t\t\t\t<\/div>\n\t\t\t\t<\/div>\n\t\t\t\t<div class=\"elementor-element elementor-element-88ee9e7 elementor-widget elementor-widget-spacer\" data-id=\"88ee9e7\" data-element_type=\"widget\" data-e-type=\"widget\" data-widget_type=\"spacer.default\">\n\t\t\t\t<div class=\"elementor-widget-container\">\n\t\t\t\t\t\t\t<div class=\"elementor-spacer\">\n\t\t\t<div class=\"elementor-spacer-inner\"><\/div>\n\t\t<\/div>\n\t\t\t\t\t\t<\/div>\n\t\t\t\t<\/div>\n\t\t\t\t<div class=\"elementor-element elementor-element-8875955 elementor-widget elementor-widget-text-editor\" data-id=\"8875955\" data-element_type=\"widget\" data-e-type=\"widget\" data-widget_type=\"text-editor.default\">\n\t\t\t\t<div class=\"elementor-widget-container\">\n\t\t\t\t\t\t\t\t\t<p>Ein Ladengesch\u00e4ft ganz ohne Verkaufspersonal? Mit Systemen wie <strong><a href=\"https:\/\/www.deutsche-glasfaser.de\/blog\/einsatz-fur-ki-sonntagsbrotchen-aus-dem-smart-store\/\"><u>B\u00c4KO-AutoPOS<\/u><\/a><\/strong>\u00a0ist der autonome Store zumindest technisch l\u00e4ngst in Reichweite. Das Automatisierungssystem der B\u00e4ckereigenossenschaft B\u00c4KO reagiert damit auf die Herausforderung vieler B\u00e4ckereien, Fachpersonal f\u00fcr den Verkauf in den Filialen zu finden Eine erste B\u00e4ckerei auf Sylt arbeitet bereits seit Fr\u00fchjahr 2024 mit der L\u00f6sung und versorgt Kundinnen und Kunden jeden Morgen mit frischen Br\u00f6tchen.<\/p>\t\t\t\t\t\t\t\t<\/div>\n\t\t\t\t<\/div>\n\t\t\t\t<div class=\"elementor-element elementor-element-cde4cc8 elementor-widget elementor-widget-spacer\" data-id=\"cde4cc8\" data-element_type=\"widget\" data-e-type=\"widget\" data-widget_type=\"spacer.default\">\n\t\t\t\t<div class=\"elementor-widget-container\">\n\t\t\t\t\t\t\t<div class=\"elementor-spacer\">\n\t\t\t<div class=\"elementor-spacer-inner\"><\/div>\n\t\t<\/div>\n\t\t\t\t\t\t<\/div>\n\t\t\t\t<\/div>\n\t\t\t\t<div class=\"elementor-element elementor-element-06caf64 elementor-widget elementor-widget-image\" data-id=\"06caf64\" data-element_type=\"widget\" data-e-type=\"widget\" data-widget_type=\"image.default\">\n\t\t\t\t<div class=\"elementor-widget-container\">\n\t\t\t\t\t\t\t\t\t\t\t\t<figure class=\"wp-caption\">\n\t\t\t\t\t\t\t\t\t\t<img fetchpriority=\"high\" decoding=\"async\" width=\"768\" height=\"595\" src=\"https:\/\/www.deutsche-glasfaser.de\/blog\/wp-content\/uploads\/2024\/10\/BEITRAGSBILD_Mobilitaet_Infrastruktur_Baeko_copyright_Baeko_FINAL.jpg\" class=\"attachment-medium_large size-medium_large wp-image-14593\" alt=\"Blick in eine B\u00e4ckereifiliale auf Sylt mit Anweisungen zum automatisierten Einkauf.\" srcset=\"https:\/\/www.deutsche-glasfaser.de\/blog\/wp-content\/uploads\/2024\/10\/BEITRAGSBILD_Mobilitaet_Infrastruktur_Baeko_copyright_Baeko_FINAL.jpg 768w, https:\/\/www.deutsche-glasfaser.de\/blog\/wp-content\/uploads\/2024\/10\/BEITRAGSBILD_Mobilitaet_Infrastruktur_Baeko_copyright_Baeko_FINAL-300x232.jpg 300w\" sizes=\"(max-width: 768px) 100vw, 768px\" \/>\t\t\t\t\t\t\t\t\t\t\t<figcaption class=\"widget-image-caption wp-caption-text\">Was darf\u2019s sein? Br\u00f6tchen und Brote in den Regalen des \u201eSylt B\u00e4cker to go\u201c, der die Automatisierungsl\u00f6sung B\u00c4KO-AutoPOS nutzt. \u00a9 B\u00c4KO Zentrale eG \/ Korte Einrichtungen<\/figcaption>\n\t\t\t\t\t\t\t\t\t\t<\/figure>\n\t\t\t\t\t\t\t\t\t<\/div>\n\t\t\t\t<\/div>\n\t\t\t\t<div class=\"elementor-element elementor-element-db80939 elementor-widget elementor-widget-spacer\" data-id=\"db80939\" data-element_type=\"widget\" data-e-type=\"widget\" data-widget_type=\"spacer.default\">\n\t\t\t\t<div class=\"elementor-widget-container\">\n\t\t\t\t\t\t\t<div class=\"elementor-spacer\">\n\t\t\t<div class=\"elementor-spacer-inner\"><\/div>\n\t\t<\/div>\n\t\t\t\t\t\t<\/div>\n\t\t\t\t<\/div>\n\t\t\t\t<div class=\"elementor-element elementor-element-177d596 elementor-widget elementor-widget-text-editor\" data-id=\"177d596\" data-element_type=\"widget\" data-e-type=\"widget\" data-widget_type=\"text-editor.default\">\n\t\t\t\t<div class=\"elementor-widget-container\">\n\t\t\t\t\t\t\t\t\t<p>B\u00c4KO-AutoPOS ist ein Systemangebot der Partner B\u00c4KO-ZENTRALE, AUTONOMO Technologies und KORTE Einrichtungen, dem eine KI-basierte Softwarel\u00f6sung f\u00fcr B\u00e4ckerei- und Konditoreifilialen zugrunde liegt. \u201eDas Konzept bietet B\u00e4ckerei- und Konditoreikunden ein bequemes Einkaufserlebnis\u201c, sagt der Vorstandssprecher der B\u00c4KO-ZENTRALE Stefan Strehle. \u201eKamerasysteme und Wiegesysteme erm\u00f6glichen in Echtzeit einen bargeldlosen und kassenlosen Zahlungsverkehr. Der Charme und die Tradition der Handwerks-Filialen bleibt dabei jederzeit erhalten, ob an der Bedienungstheke oder dem SB-Regal. B\u00e4cker und Konditoren k\u00f6nnen zudem dem Arbeits- und Fachkr\u00e4ftemangel begegnen und ihre hohe handwerkliche Backwarenqualit\u00e4t pflegen und weiterentwickeln. Ein Gewinn f\u00fcr alle: f\u00fcr die Endverbraucher wie auch f\u00fcr das backende Handwerk!\u201c<\/p><p>Das System nutzt Kameras und KI, um den Kassiervorgang zu ersetzen. Abgerechnet wird \u00fcber eine Bezahlkarte, die bereits bei Eintritt in das Gesch\u00e4ft ausgew\u00e4hlt wurde. Die Quittung k\u00f6nnen Kundinnen und Kunden hinterher \u00fcbers Smartphone abrufen.<\/p>\t\t\t\t\t\t\t\t<\/div>\n\t\t\t\t<\/div>\n\t\t\t\t<div class=\"elementor-element elementor-element-806cef2 elementor-widget elementor-widget-spacer\" data-id=\"806cef2\" data-element_type=\"widget\" data-e-type=\"widget\" data-widget_type=\"spacer.default\">\n\t\t\t\t<div class=\"elementor-widget-container\">\n\t\t\t\t\t\t\t<div class=\"elementor-spacer\">\n\t\t\t<div class=\"elementor-spacer-inner\"><\/div>\n\t\t<\/div>\n\t\t\t\t\t\t<\/div>\n\t\t\t\t<\/div>\n\t\t\t\t<div class=\"elementor-element elementor-element-6cd113d elementor-widget elementor-widget-heading\" data-id=\"6cd113d\" data-element_type=\"widget\" data-e-type=\"widget\" data-widget_type=\"heading.default\">\n\t\t\t\t<div class=\"elementor-widget-container\">\n\t\t\t\t\t<h2 class=\"elementor-heading-title elementor-size-default\">daviplan \u2013 Datentool f\u00fcr die regionale Daseinsvorsorge<\/h2>\t\t\t\t<\/div>\n\t\t\t\t<\/div>\n\t\t\t\t<div class=\"elementor-element elementor-element-2ef0c43 elementor-widget elementor-widget-spacer\" data-id=\"2ef0c43\" data-element_type=\"widget\" data-e-type=\"widget\" data-widget_type=\"spacer.default\">\n\t\t\t\t<div class=\"elementor-widget-container\">\n\t\t\t\t\t\t\t<div class=\"elementor-spacer\">\n\t\t\t<div class=\"elementor-spacer-inner\"><\/div>\n\t\t<\/div>\n\t\t\t\t\t\t<\/div>\n\t\t\t\t<\/div>\n\t\t\t\t<div class=\"elementor-element elementor-element-ba60938 elementor-widget elementor-widget-text-editor\" data-id=\"ba60938\" data-element_type=\"widget\" data-e-type=\"widget\" data-widget_type=\"text-editor.default\">\n\t\t\t\t<div class=\"elementor-widget-container\">\n\t\t\t\t\t\t\t\t\t<p>Eine wichtige Aufgabe von Kommunen ist die bedarfsgerechte und zukunftsf\u00e4hige Standortplanung. Bei dieser regionalen Daseinsvorsorge k\u00f6nnen sich Regionen, Kreise, St\u00e4dte und Gemeinden vom Datentool <u><a href=\"https:\/\/daviplan.de\/\">daviplan<\/a><\/u> unterst\u00fctzen lassen.<\/p>\t\t\t\t\t\t\t\t<\/div>\n\t\t\t\t<\/div>\n\t\t\t\t<div class=\"elementor-element elementor-element-bd9638c elementor-widget elementor-widget-spacer\" data-id=\"bd9638c\" data-element_type=\"widget\" data-e-type=\"widget\" data-widget_type=\"spacer.default\">\n\t\t\t\t<div class=\"elementor-widget-container\">\n\t\t\t\t\t\t\t<div class=\"elementor-spacer\">\n\t\t\t<div class=\"elementor-spacer-inner\"><\/div>\n\t\t<\/div>\n\t\t\t\t\t\t<\/div>\n\t\t\t\t<\/div>\n\t\t\t\t<div class=\"elementor-element elementor-element-e63ffcd elementor-widget elementor-widget-image\" data-id=\"e63ffcd\" data-element_type=\"widget\" data-e-type=\"widget\" data-widget_type=\"image.default\">\n\t\t\t\t<div class=\"elementor-widget-container\">\n\t\t\t\t\t\t\t\t\t\t\t\t<figure class=\"wp-caption\">\n\t\t\t\t\t\t\t\t\t\t<img decoding=\"async\" width=\"768\" height=\"595\" src=\"https:\/\/www.deutsche-glasfaser.de\/blog\/wp-content\/uploads\/2024\/10\/BEITRAGSBILD_Mobilitaet_Infrastruktur_daviplan_Screenshot_06_FINAL.jpg\" class=\"attachment-medium_large size-medium_large wp-image-14594\" alt=\"Eine Frau blickt auf einen Bildschirm, auf dem die Landkarte einer Region zu sehen ist.\" srcset=\"https:\/\/www.deutsche-glasfaser.de\/blog\/wp-content\/uploads\/2024\/10\/BEITRAGSBILD_Mobilitaet_Infrastruktur_daviplan_Screenshot_06_FINAL.jpg 768w, https:\/\/www.deutsche-glasfaser.de\/blog\/wp-content\/uploads\/2024\/10\/BEITRAGSBILD_Mobilitaet_Infrastruktur_daviplan_Screenshot_06_FINAL-300x232.jpg 300w\" sizes=\"(max-width: 768px) 100vw, 768px\" \/>\t\t\t\t\t\t\t\t\t\t\t<figcaption class=\"widget-image-caption wp-caption-text\">daviplan ist ein Tool f\u00fcr die Bedarfsplanung von Kommunen. \u00a9 daviplan<\/figcaption>\n\t\t\t\t\t\t\t\t\t\t<\/figure>\n\t\t\t\t\t\t\t\t\t<\/div>\n\t\t\t\t<\/div>\n\t\t\t\t<div class=\"elementor-element elementor-element-419f530 elementor-widget elementor-widget-spacer\" data-id=\"419f530\" data-element_type=\"widget\" data-e-type=\"widget\" data-widget_type=\"spacer.default\">\n\t\t\t\t<div class=\"elementor-widget-container\">\n\t\t\t\t\t\t\t<div class=\"elementor-spacer\">\n\t\t\t<div class=\"elementor-spacer-inner\"><\/div>\n\t\t<\/div>\n\t\t\t\t\t\t<\/div>\n\t\t\t\t<\/div>\n\t\t\t\t<div class=\"elementor-element elementor-element-2c12f95 elementor-widget elementor-widget-text-editor\" data-id=\"2c12f95\" data-element_type=\"widget\" data-e-type=\"widget\" data-widget_type=\"text-editor.default\">\n\t\t\t\t<div class=\"elementor-widget-container\">\n\t\t\t\t\t\t\t\t\t<p>\u201eMit daviplan k\u00f6nnen Nutzerinnen und Nutzer aus der \u00f6ffentlichen Verwaltung, aus Forschung und Beratungspraxis die k\u00fcnftige Versorgung planen: Wo braucht es k\u00fcnftig wie viele Kita-Pl\u00e4tze? Wie passt das Pflegeangebot zu den k\u00fcnftigen Bedarfen? Wie gut sind medizinische Versorgungsangebote erreichbar? daviplan erm\u00f6glicht eine transparente Bewertung unterschiedlicher Handlungsans\u00e4tze und so eine zus\u00e4tzliche Fundierung von Diskussions- und Planungsprozessen\u201c, sagt Martin Albrecht vom Unternehmen Gertz Gutsche R\u00fcmenapp, das die Software entwickelt hat. Entwicklung und Rollout von daviplan werden bis Ende 2024 im Rahmen des Programms \u201eRegion gestalten\u201c durch das Bundesministerium f\u00fcr Wohnen, Stadtentwicklung und Bauwesen (BMWSB) und das Bundesministerium des Innern und f\u00fcr Heimat (BMI) finanziert.<\/p><p>Das Open-Source-Tool hilft Kommunen, sichtbar zu machen, wie gro\u00df der Versorgungsbedarf bei bestimmten Angeboten ist, welche Standorte sich eignen, ob die Angebote erreichbar sind und wie sich die Region in verschiedenen Szenarien weiterentwickeln k\u00f6nnte. Um die beste L\u00f6sung f\u00fcr ihre Region zu finden, k\u00f6nnen Kommunen in daviplan Alternativen vergleichen. Die Software ist kostenlos und bereits heute f\u00fcr die hoheitliche Planungen von Regionen, Kreisen, St\u00e4dten und Gemeinden, aber auch f\u00fcr Planungsb\u00fcros oder Forschungsinstitute nutzbar.<\/p>\t\t\t\t\t\t\t\t<\/div>\n\t\t\t\t<\/div>\n\t\t\t\t<div class=\"elementor-element elementor-element-6e94794 elementor-widget elementor-widget-spacer\" data-id=\"6e94794\" data-element_type=\"widget\" data-e-type=\"widget\" data-widget_type=\"spacer.default\">\n\t\t\t\t<div class=\"elementor-widget-container\">\n\t\t\t\t\t\t\t<div class=\"elementor-spacer\">\n\t\t\t<div class=\"elementor-spacer-inner\"><\/div>\n\t\t<\/div>\n\t\t\t\t\t\t<\/div>\n\t\t\t\t<\/div>\n\t\t\t\t\t<\/div>\n\t\t<\/div>\n\t\t\t\t\t<\/div>\n\t\t<\/section>\n\t\t\t\t<section class=\"elementor-section elementor-top-section elementor-element elementor-element-6e28c66 elementor-section-boxed elementor-section-height-default elementor-section-height-default\" data-id=\"6e28c66\" data-element_type=\"section\" data-e-type=\"section\">\n\t\t\t\t\t\t<div class=\"elementor-container elementor-column-gap-default\">\n\t\t\t\t\t<div class=\"elementor-column elementor-col-100 elementor-top-column elementor-element elementor-element-e0952bf\" data-id=\"e0952bf\" data-element_type=\"column\" data-e-type=\"column\">\n\t\t\t<div class=\"elementor-widget-wrap elementor-element-populated\">\n\t\t\t\t\t\t<div class=\"elementor-element elementor-element-c5cf3c9 eael-infobox-icon-bg-shape-none eael-infobox-icon-hover-bg-shape-none elementor-widget elementor-widget-eael-info-box\" data-id=\"c5cf3c9\" data-element_type=\"widget\" data-e-type=\"widget\" data-widget_type=\"eael-info-box.default\">\n\t\t\t\t<div class=\"elementor-widget-container\">\n\t\t\t\t\t        <div class=\"eael-infobox icon-on-left\">\n\t            <div class=\"infobox-icon eael-icon-only\">\n\n            \n                            <div class=\"infobox-icon-wrap\">\n                    <i aria-hidden=\"true\" class=\"fas fa-info\"><\/i>                <\/div>\n            \n            \n        <\/div>\n            <div class=\"infobox-content eael-icon-only\">\n                    <div class=\"infobox-title-section\">\n                <h2 class=\"title\">Wettbewerb Digitale Orte<\/h2>            <\/div>\n            <div><p>Mit dem Wettbewerb \u201eDigitale Orte\u201c w\u00fcrdigen Deutsche Glasfaser und \u201eDeutschland \u2013 Land der Ideen\u201c bereits zum dritten Mal digitale Projekte im l\u00e4ndlichen Raum. Die Bewerbungsphase f\u00fcr 2024 ist bereits abgeschlossen und die Jury hat jeweils drei Projekte in sechs Kategorien ausgew\u00e4hlt. Am 6. November 2024 werden die Gewinnerprojekte w\u00e4hrend einer Live-Veranstaltung gek\u00fcrt, die auch eine bessere Vernetzung aller Kandidaten unterst\u00fctzt.<\/p><p>Weitere Informationen \u00fcber den Wettbewerb gibt es hier: <span style=\"text-decoration: underline\"><a href=\"http:\/\/www.digitale-orte.de\">www.digitale-orte.de<\/a><\/span><\/p><\/div>        <\/div>\n            <\/div>\n\n\t\t\t\t\t\t<\/div>\n\t\t\t\t<\/div>\n\t\t\t\t\t<\/div>\n\t\t<\/div>\n\t\t\t\t\t<\/div>\n\t\t<\/section>\n\t\t\t\t<\/div>\n\t\t","protected":false},"excerpt":{"rendered":"<p>Die erste H\u00fcrde haben diese drei Projekte bereits genommen: Mit ihren smarten Ideen f\u00fcr neue Mobilit\u00e4tskonzepte oder die regionale Infrastruktur stehen sie im Finale des Wettbewerbs Digitale Orte. D\u00fcrfen wir vorstellen?<\/p>\n","protected":false},"author":5,"featured_media":14595,"comment_status":"open","ping_status":"open","sticky":false,"template":"","format":"standard","meta":{"footnotes":""},"categories":[67],"tags":[],"class_list":["post-14592","post","type-post","status-publish","format-standard","has-post-thumbnail","hentry","category-mobilitaet"],"yoast_head":"<!-- This site is optimized with the Yoast SEO plugin v27.5 - https:\/\/yoast.com\/product\/yoast-seo-wordpress\/ -->\n<title>Die Finalisten im Wettbewerb Digitale Orte 2024 \u2013 Mobilit\u00e4t und Infrastruktur - Digitales B\u00fcrgernetz<\/title>\n<meta name=\"description\" content=\"Auf der Shortlist der Digitalen Orte 2024 stehen ein System f\u00fcr die autonome B\u00e4ckereifiliale, fahrerlose Shuttle-Busse und ein Datentool f\u00fcr die regionale Verwaltung.\" \/>\n<meta name=\"robots\" content=\"index, follow, max-snippet:-1, max-image-preview:large, max-video-preview:-1\" \/>\n<link rel=\"canonical\" href=\"https:\/\/www.deutsche-glasfaser.de\/blog\/digitale-orte-2024-wie-digitale-tools-mobilitat-und-infrastruktur-verbessern-konnen\/\" \/>\n<meta property=\"og:locale\" content=\"de_DE\" \/>\n<meta property=\"og:type\" content=\"article\" \/>\n<meta property=\"og:title\" content=\"Die Finalisten im Wettbewerb Digitale Orte 2024 \u2013 Mobilit\u00e4t und Infrastruktur - Digitales B\u00fcrgernetz\" \/>\n<meta property=\"og:description\" content=\"Auf der Shortlist der Digitalen Orte 2024 stehen ein System f\u00fcr die autonome B\u00e4ckereifiliale, fahrerlose Shuttle-Busse und ein Datentool f\u00fcr die regionale Verwaltung.\" \/>\n<meta property=\"og:url\" content=\"https:\/\/www.deutsche-glasfaser.de\/blog\/digitale-orte-2024-wie-digitale-tools-mobilitat-und-infrastruktur-verbessern-konnen\/\" \/>\n<meta property=\"og:site_name\" content=\"Digitales B\u00fcrgernetz\" \/>\n<meta property=\"article:published_time\" content=\"2024-10-07T07:30:07+00:00\" \/>\n<meta property=\"article:modified_time\" content=\"2024-10-07T07:30:08+00:00\" \/>\n<meta property=\"og:image\" content=\"https:\/\/www.deutsche-glasfaser.de\/blog\/wp-content\/uploads\/2024\/10\/TITELBILD_Mobilitaet_Shuttles-in-der-Reihe_Copyright_IN-VISIONEN_FINAL.jpg\" \/>\n\t<meta property=\"og:image:width\" content=\"1200\" \/>\n\t<meta property=\"og:image:height\" content=\"564\" \/>\n\t<meta property=\"og:image:type\" content=\"image\/jpeg\" \/>\n<meta name=\"author\" content=\"Deutsche Glasfaser\" \/>\n<meta name=\"twitter:card\" content=\"summary_large_image\" \/>\n<meta name=\"twitter:label1\" content=\"Verfasst von\" \/>\n\t<meta name=\"twitter:data1\" content=\"Deutsche Glasfaser\" \/>\n\t<meta name=\"twitter:label2\" content=\"Gesch\u00e4tzte Lesezeit\" \/>\n\t<meta name=\"twitter:data2\" content=\"7\u00a0Minuten\" \/>\n<script type=\"application\/ld+json\" class=\"yoast-schema-graph\">{\"@context\":\"https:\\\/\\\/schema.org\",\"@graph\":[{\"@type\":\"Article\",\"@id\":\"https:\\\/\\\/www.deutsche-glasfaser.de\\\/blog\\\/digitale-orte-2024-wie-digitale-tools-mobilitat-und-infrastruktur-verbessern-konnen\\\/#article\",\"isPartOf\":{\"@id\":\"https:\\\/\\\/www.deutsche-glasfaser.de\\\/blog\\\/digitale-orte-2024-wie-digitale-tools-mobilitat-und-infrastruktur-verbessern-konnen\\\/\"},\"author\":{\"name\":\"Deutsche Glasfaser\",\"@id\":\"https:\\\/\\\/www.deutsche-glasfaser.de\\\/blog\\\/#\\\/schema\\\/person\\\/9380a6dc7443d77143d0c66c409f574b\"},\"headline\":\"Digitale Orte 2024: Wie digitale Tools Mobilit\u00e4t und Infrastruktur verbessern k\u00f6nnen\",\"datePublished\":\"2024-10-07T07:30:07+00:00\",\"dateModified\":\"2024-10-07T07:30:08+00:00\",\"mainEntityOfPage\":{\"@id\":\"https:\\\/\\\/www.deutsche-glasfaser.de\\\/blog\\\/digitale-orte-2024-wie-digitale-tools-mobilitat-und-infrastruktur-verbessern-konnen\\\/\"},\"wordCount\":1102,\"commentCount\":0,\"publisher\":{\"@id\":\"https:\\\/\\\/www.deutsche-glasfaser.de\\\/blog\\\/#organization\"},\"image\":{\"@id\":\"https:\\\/\\\/www.deutsche-glasfaser.de\\\/blog\\\/digitale-orte-2024-wie-digitale-tools-mobilitat-und-infrastruktur-verbessern-konnen\\\/#primaryimage\"},\"thumbnailUrl\":\"https:\\\/\\\/www.deutsche-glasfaser.de\\\/blog\\\/wp-content\\\/uploads\\\/2024\\\/10\\\/TITELBILD_Mobilitaet_Shuttles-in-der-Reihe_Copyright_IN-VISIONEN_FINAL.jpg\",\"articleSection\":[\"#Mobilit\u00e4t\"],\"inLanguage\":\"de\",\"potentialAction\":[{\"@type\":\"CommentAction\",\"name\":\"Comment\",\"target\":[\"https:\\\/\\\/www.deutsche-glasfaser.de\\\/blog\\\/digitale-orte-2024-wie-digitale-tools-mobilitat-und-infrastruktur-verbessern-konnen\\\/#respond\"]}]},{\"@type\":\"WebPage\",\"@id\":\"https:\\\/\\\/www.deutsche-glasfaser.de\\\/blog\\\/digitale-orte-2024-wie-digitale-tools-mobilitat-und-infrastruktur-verbessern-konnen\\\/\",\"url\":\"https:\\\/\\\/www.deutsche-glasfaser.de\\\/blog\\\/digitale-orte-2024-wie-digitale-tools-mobilitat-und-infrastruktur-verbessern-konnen\\\/\",\"name\":\"Die Finalisten im Wettbewerb Digitale Orte 2024 \u2013 Mobilit\u00e4t und Infrastruktur - Digitales B\u00fcrgernetz\",\"isPartOf\":{\"@id\":\"https:\\\/\\\/www.deutsche-glasfaser.de\\\/blog\\\/#website\"},\"primaryImageOfPage\":{\"@id\":\"https:\\\/\\\/www.deutsche-glasfaser.de\\\/blog\\\/digitale-orte-2024-wie-digitale-tools-mobilitat-und-infrastruktur-verbessern-konnen\\\/#primaryimage\"},\"image\":{\"@id\":\"https:\\\/\\\/www.deutsche-glasfaser.de\\\/blog\\\/digitale-orte-2024-wie-digitale-tools-mobilitat-und-infrastruktur-verbessern-konnen\\\/#primaryimage\"},\"thumbnailUrl\":\"https:\\\/\\\/www.deutsche-glasfaser.de\\\/blog\\\/wp-content\\\/uploads\\\/2024\\\/10\\\/TITELBILD_Mobilitaet_Shuttles-in-der-Reihe_Copyright_IN-VISIONEN_FINAL.jpg\",\"datePublished\":\"2024-10-07T07:30:07+00:00\",\"dateModified\":\"2024-10-07T07:30:08+00:00\",\"description\":\"Auf der Shortlist der Digitalen Orte 2024 stehen ein System f\u00fcr die autonome B\u00e4ckereifiliale, fahrerlose Shuttle-Busse und ein Datentool f\u00fcr die regionale Verwaltung.\",\"inLanguage\":\"de\",\"potentialAction\":[{\"@type\":\"ReadAction\",\"target\":[\"https:\\\/\\\/www.deutsche-glasfaser.de\\\/blog\\\/digitale-orte-2024-wie-digitale-tools-mobilitat-und-infrastruktur-verbessern-konnen\\\/\"]}]},{\"@type\":\"ImageObject\",\"inLanguage\":\"de\",\"@id\":\"https:\\\/\\\/www.deutsche-glasfaser.de\\\/blog\\\/digitale-orte-2024-wie-digitale-tools-mobilitat-und-infrastruktur-verbessern-konnen\\\/#primaryimage\",\"url\":\"https:\\\/\\\/www.deutsche-glasfaser.de\\\/blog\\\/wp-content\\\/uploads\\\/2024\\\/10\\\/TITELBILD_Mobilitaet_Shuttles-in-der-Reihe_Copyright_IN-VISIONEN_FINAL.jpg\",\"contentUrl\":\"https:\\\/\\\/www.deutsche-glasfaser.de\\\/blog\\\/wp-content\\\/uploads\\\/2024\\\/10\\\/TITELBILD_Mobilitaet_Shuttles-in-der-Reihe_Copyright_IN-VISIONEN_FINAL.jpg\",\"width\":1200,\"height\":564,\"caption\":\"Mit den autonomen Shuttles sind Fahrg\u00e4ste in Oberfranken unterwegs. \u00a9 IN-VISIONEN.de\"},{\"@type\":\"WebSite\",\"@id\":\"https:\\\/\\\/www.deutsche-glasfaser.de\\\/blog\\\/#website\",\"url\":\"https:\\\/\\\/www.deutsche-glasfaser.de\\\/blog\\\/\",\"name\":\"Digitales B\u00fcrgernetz\",\"description\":\"Deutsche Glasfaser Blog\",\"publisher\":{\"@id\":\"https:\\\/\\\/www.deutsche-glasfaser.de\\\/blog\\\/#organization\"},\"potentialAction\":[{\"@type\":\"SearchAction\",\"target\":{\"@type\":\"EntryPoint\",\"urlTemplate\":\"https:\\\/\\\/www.deutsche-glasfaser.de\\\/blog\\\/?s={search_term_string}\"},\"query-input\":{\"@type\":\"PropertyValueSpecification\",\"valueRequired\":true,\"valueName\":\"search_term_string\"}}],\"inLanguage\":\"de\"},{\"@type\":\"Organization\",\"@id\":\"https:\\\/\\\/www.deutsche-glasfaser.de\\\/blog\\\/#organization\",\"name\":\"Digitales B\u00fcrgernetz\",\"url\":\"https:\\\/\\\/www.deutsche-glasfaser.de\\\/blog\\\/\",\"logo\":{\"@type\":\"ImageObject\",\"inLanguage\":\"de\",\"@id\":\"https:\\\/\\\/www.deutsche-glasfaser.de\\\/blog\\\/#\\\/schema\\\/logo\\\/image\\\/\",\"url\":\"https:\\\/\\\/www.deutsche-glasfaser.de\\\/blog\\\/wp-content\\\/uploads\\\/2021\\\/08\\\/DGF_Logo_Basis_RGB-Large@2x.png\",\"contentUrl\":\"https:\\\/\\\/www.deutsche-glasfaser.de\\\/blog\\\/wp-content\\\/uploads\\\/2021\\\/08\\\/DGF_Logo_Basis_RGB-Large@2x.png\",\"width\":312,\"height\":104,\"caption\":\"Digitales B\u00fcrgernetz\"},\"image\":{\"@id\":\"https:\\\/\\\/www.deutsche-glasfaser.de\\\/blog\\\/#\\\/schema\\\/logo\\\/image\\\/\"}},{\"@type\":\"Person\",\"@id\":\"https:\\\/\\\/www.deutsche-glasfaser.de\\\/blog\\\/#\\\/schema\\\/person\\\/9380a6dc7443d77143d0c66c409f574b\",\"name\":\"Deutsche Glasfaser\"}]}<\/script>\n<!-- \/ Yoast SEO plugin. -->","yoast_head_json":{"title":"Die Finalisten im Wettbewerb Digitale Orte 2024 \u2013 Mobilit\u00e4t und Infrastruktur - Digitales B\u00fcrgernetz","description":"Auf der Shortlist der Digitalen Orte 2024 stehen ein System f\u00fcr die autonome B\u00e4ckereifiliale, fahrerlose Shuttle-Busse und ein Datentool f\u00fcr die regionale Verwaltung.","robots":{"index":"index","follow":"follow","max-snippet":"max-snippet:-1","max-image-preview":"max-image-preview:large","max-video-preview":"max-video-preview:-1"},"canonical":"https:\/\/www.deutsche-glasfaser.de\/blog\/digitale-orte-2024-wie-digitale-tools-mobilitat-und-infrastruktur-verbessern-konnen\/","og_locale":"de_DE","og_type":"article","og_title":"Die Finalisten im Wettbewerb Digitale Orte 2024 \u2013 Mobilit\u00e4t und Infrastruktur - Digitales B\u00fcrgernetz","og_description":"Auf der Shortlist der Digitalen Orte 2024 stehen ein System f\u00fcr die autonome B\u00e4ckereifiliale, fahrerlose Shuttle-Busse und ein Datentool f\u00fcr die regionale Verwaltung.","og_url":"https:\/\/www.deutsche-glasfaser.de\/blog\/digitale-orte-2024-wie-digitale-tools-mobilitat-und-infrastruktur-verbessern-konnen\/","og_site_name":"Digitales B\u00fcrgernetz","article_published_time":"2024-10-07T07:30:07+00:00","article_modified_time":"2024-10-07T07:30:08+00:00","og_image":[{"width":1200,"height":564,"url":"https:\/\/www.deutsche-glasfaser.de\/blog\/wp-content\/uploads\/2024\/10\/TITELBILD_Mobilitaet_Shuttles-in-der-Reihe_Copyright_IN-VISIONEN_FINAL.jpg","type":"image\/jpeg"}],"author":"Deutsche Glasfaser","twitter_card":"summary_large_image","twitter_misc":{"Verfasst von":"Deutsche Glasfaser","Gesch\u00e4tzte Lesezeit":"7\u00a0Minuten"},"schema":{"@context":"https:\/\/schema.org","@graph":[{"@type":"Article","@id":"https:\/\/www.deutsche-glasfaser.de\/blog\/digitale-orte-2024-wie-digitale-tools-mobilitat-und-infrastruktur-verbessern-konnen\/#article","isPartOf":{"@id":"https:\/\/www.deutsche-glasfaser.de\/blog\/digitale-orte-2024-wie-digitale-tools-mobilitat-und-infrastruktur-verbessern-konnen\/"},"author":{"name":"Deutsche Glasfaser","@id":"https:\/\/www.deutsche-glasfaser.de\/blog\/#\/schema\/person\/9380a6dc7443d77143d0c66c409f574b"},"headline":"Digitale Orte 2024: Wie digitale Tools Mobilit\u00e4t und Infrastruktur verbessern k\u00f6nnen","datePublished":"2024-10-07T07:30:07+00:00","dateModified":"2024-10-07T07:30:08+00:00","mainEntityOfPage":{"@id":"https:\/\/www.deutsche-glasfaser.de\/blog\/digitale-orte-2024-wie-digitale-tools-mobilitat-und-infrastruktur-verbessern-konnen\/"},"wordCount":1102,"commentCount":0,"publisher":{"@id":"https:\/\/www.deutsche-glasfaser.de\/blog\/#organization"},"image":{"@id":"https:\/\/www.deutsche-glasfaser.de\/blog\/digitale-orte-2024-wie-digitale-tools-mobilitat-und-infrastruktur-verbessern-konnen\/#primaryimage"},"thumbnailUrl":"https:\/\/www.deutsche-glasfaser.de\/blog\/wp-content\/uploads\/2024\/10\/TITELBILD_Mobilitaet_Shuttles-in-der-Reihe_Copyright_IN-VISIONEN_FINAL.jpg","articleSection":["#Mobilit\u00e4t"],"inLanguage":"de","potentialAction":[{"@type":"CommentAction","name":"Comment","target":["https:\/\/www.deutsche-glasfaser.de\/blog\/digitale-orte-2024-wie-digitale-tools-mobilitat-und-infrastruktur-verbessern-konnen\/#respond"]}]},{"@type":"WebPage","@id":"https:\/\/www.deutsche-glasfaser.de\/blog\/digitale-orte-2024-wie-digitale-tools-mobilitat-und-infrastruktur-verbessern-konnen\/","url":"https:\/\/www.deutsche-glasfaser.de\/blog\/digitale-orte-2024-wie-digitale-tools-mobilitat-und-infrastruktur-verbessern-konnen\/","name":"Die Finalisten im Wettbewerb Digitale Orte 2024 \u2013 Mobilit\u00e4t und Infrastruktur - Digitales B\u00fcrgernetz","isPartOf":{"@id":"https:\/\/www.deutsche-glasfaser.de\/blog\/#website"},"primaryImageOfPage":{"@id":"https:\/\/www.deutsche-glasfaser.de\/blog\/digitale-orte-2024-wie-digitale-tools-mobilitat-und-infrastruktur-verbessern-konnen\/#primaryimage"},"image":{"@id":"https:\/\/www.deutsche-glasfaser.de\/blog\/digitale-orte-2024-wie-digitale-tools-mobilitat-und-infrastruktur-verbessern-konnen\/#primaryimage"},"thumbnailUrl":"https:\/\/www.deutsche-glasfaser.de\/blog\/wp-content\/uploads\/2024\/10\/TITELBILD_Mobilitaet_Shuttles-in-der-Reihe_Copyright_IN-VISIONEN_FINAL.jpg","datePublished":"2024-10-07T07:30:07+00:00","dateModified":"2024-10-07T07:30:08+00:00","description":"Auf der Shortlist der Digitalen Orte 2024 stehen ein System f\u00fcr die autonome B\u00e4ckereifiliale, fahrerlose Shuttle-Busse und ein Datentool f\u00fcr die regionale Verwaltung.","inLanguage":"de","potentialAction":[{"@type":"ReadAction","target":["https:\/\/www.deutsche-glasfaser.de\/blog\/digitale-orte-2024-wie-digitale-tools-mobilitat-und-infrastruktur-verbessern-konnen\/"]}]},{"@type":"ImageObject","inLanguage":"de","@id":"https:\/\/www.deutsche-glasfaser.de\/blog\/digitale-orte-2024-wie-digitale-tools-mobilitat-und-infrastruktur-verbessern-konnen\/#primaryimage","url":"https:\/\/www.deutsche-glasfaser.de\/blog\/wp-content\/uploads\/2024\/10\/TITELBILD_Mobilitaet_Shuttles-in-der-Reihe_Copyright_IN-VISIONEN_FINAL.jpg","contentUrl":"https:\/\/www.deutsche-glasfaser.de\/blog\/wp-content\/uploads\/2024\/10\/TITELBILD_Mobilitaet_Shuttles-in-der-Reihe_Copyright_IN-VISIONEN_FINAL.jpg","width":1200,"height":564,"caption":"Mit den autonomen Shuttles sind Fahrg\u00e4ste in Oberfranken unterwegs. \u00a9 IN-VISIONEN.de"},{"@type":"WebSite","@id":"https:\/\/www.deutsche-glasfaser.de\/blog\/#website","url":"https:\/\/www.deutsche-glasfaser.de\/blog\/","name":"Digitales B\u00fcrgernetz","description":"Deutsche Glasfaser Blog","publisher":{"@id":"https:\/\/www.deutsche-glasfaser.de\/blog\/#organization"},"potentialAction":[{"@type":"SearchAction","target":{"@type":"EntryPoint","urlTemplate":"https:\/\/www.deutsche-glasfaser.de\/blog\/?s={search_term_string}"},"query-input":{"@type":"PropertyValueSpecification","valueRequired":true,"valueName":"search_term_string"}}],"inLanguage":"de"},{"@type":"Organization","@id":"https:\/\/www.deutsche-glasfaser.de\/blog\/#organization","name":"Digitales B\u00fcrgernetz","url":"https:\/\/www.deutsche-glasfaser.de\/blog\/","logo":{"@type":"ImageObject","inLanguage":"de","@id":"https:\/\/www.deutsche-glasfaser.de\/blog\/#\/schema\/logo\/image\/","url":"https:\/\/www.deutsche-glasfaser.de\/blog\/wp-content\/uploads\/2021\/08\/DGF_Logo_Basis_RGB-Large@2x.png","contentUrl":"https:\/\/www.deutsche-glasfaser.de\/blog\/wp-content\/uploads\/2021\/08\/DGF_Logo_Basis_RGB-Large@2x.png","width":312,"height":104,"caption":"Digitales B\u00fcrgernetz"},"image":{"@id":"https:\/\/www.deutsche-glasfaser.de\/blog\/#\/schema\/logo\/image\/"}},{"@type":"Person","@id":"https:\/\/www.deutsche-glasfaser.de\/blog\/#\/schema\/person\/9380a6dc7443d77143d0c66c409f574b","name":"Deutsche Glasfaser"}]}},"_links":{"self":[{"href":"https:\/\/www.deutsche-glasfaser.de\/blog\/wp-json\/wp\/v2\/posts\/14592","targetHints":{"allow":["GET"]}}],"collection":[{"href":"https:\/\/www.deutsche-glasfaser.de\/blog\/wp-json\/wp\/v2\/posts"}],"about":[{"href":"https:\/\/www.deutsche-glasfaser.de\/blog\/wp-json\/wp\/v2\/types\/post"}],"author":[{"embeddable":true,"href":"https:\/\/www.deutsche-glasfaser.de\/blog\/wp-json\/wp\/v2\/users\/5"}],"replies":[{"embeddable":true,"href":"https:\/\/www.deutsche-glasfaser.de\/blog\/wp-json\/wp\/v2\/comments?post=14592"}],"version-history":[{"count":4,"href":"https:\/\/www.deutsche-glasfaser.de\/blog\/wp-json\/wp\/v2\/posts\/14592\/revisions"}],"predecessor-version":[{"id":14599,"href":"https:\/\/www.deutsche-glasfaser.de\/blog\/wp-json\/wp\/v2\/posts\/14592\/revisions\/14599"}],"wp:featuredmedia":[{"embeddable":true,"href":"https:\/\/www.deutsche-glasfaser.de\/blog\/wp-json\/wp\/v2\/media\/14595"}],"wp:attachment":[{"href":"https:\/\/www.deutsche-glasfaser.de\/blog\/wp-json\/wp\/v2\/media?parent=14592"}],"wp:term":[{"taxonomy":"category","embeddable":true,"href":"https:\/\/www.deutsche-glasfaser.de\/blog\/wp-json\/wp\/v2\/categories?post=14592"},{"taxonomy":"post_tag","embeddable":true,"href":"https:\/\/www.deutsche-glasfaser.de\/blog\/wp-json\/wp\/v2\/tags?post=14592"}],"curies":[{"name":"wp","href":"https:\/\/api.w.org\/{rel}","templated":true}]}}