{"id":14547,"date":"2024-09-23T12:51:27","date_gmt":"2024-09-23T10:51:27","guid":{"rendered":"https:\/\/www.deutsche-glasfaser.de\/blog\/?p=14547"},"modified":"2024-09-23T12:51:28","modified_gmt":"2024-09-23T10:51:28","slug":"digitalisierung-alltag","status":"publish","type":"post","link":"https:\/\/www.deutsche-glasfaser.de\/blog\/digitalisierung-alltag\/","title":{"rendered":"Digitalisierung im Alltag: Technologien, Trends und Tipps"},"content":{"rendered":"\n<p>Die Digitalisierung h\u00e4lt zunehmend Einzug in unseren Alltag. Ob beim Einkaufen, im Gesundheitswesen, bei der Inneneinrichtung oder der Planung des Familienlebens: In nahezu jedem Bereich kommen digitale Technologien zum Einsatz, um das Leben komfortabler, einfacher und vor allem zeiteffizienter zu gestalten. Bei all den technologischen Fortschritten, Apps und Alltagshelfern kann man schon mal den \u00dcberblick verlieren. Wir werfen einen Blick auf die wichtigsten Errungenschaften der Alltagsdigitalisierung, beleuchten Vorteile und hilfreiche Tools und geben Ihnen Tipps an die Hand, mit denen Sie praktische Innovationen sinnvoll und effektiv in Ihren Alltag integrieren k\u00f6nnen.<\/p>\n\n\n\n<hr class=\"wp-block-separator has-alpha-channel-opacity\"\/>\n\n\n\n<p style=\"font-size: 24px\">Inhaltsverzeichnis<\/p>\n<p><a href=\"#\u00fcberblick\" style=\"color: black; font-weight: bold;\">1. Einzugsbereiche und Auswirkungen der Digitalisierung im Alltag: ein \u00dcberblick<\/a><\/p>\n<p><a href=\"#gesundheitswesen\" style=\"color: black; font-weight: bold;\">1.1 Digitalisierung im Gesundheitswesen<\/a><\/p>\n<p><a href=\"#mobilit\u00e4t\" style=\"color: black; font-weight: bold;\">1.2 Digitalisierung in Mobilit\u00e4t und Tourismus<\/a><\/p>\n<p><a href=\"#einkaufen\" style=\"color: black; font-weight: bold;\">1.3 Online einkaufen und digital bezahlen<\/a><\/p>\n<p><a href=\"#bildung\" style=\"color: black; font-weight: bold;\">1.4 Digitalisierung in der Bildung und bei der Arbeit<\/a><\/p>\n<p><a href=\"#alltag\" style=\"color: black; font-weight: bold;\">1.5 Digitalisierung im Alltagsleben<\/a><\/p>\n<p><a href=\"#chancen-herausforderungen\" style=\"color: black; font-weight: bold;\">2. Chancen und Herausforderungen der Digitalisierung im Alltag<\/a><\/p>\n\n\n\n<hr class=\"wp-block-separator has-alpha-channel-opacity\"\/>\n\n\n\n<div style=\"height:48px\" aria-hidden=\"true\" class=\"wp-block-spacer\"><\/div>\n\n\n\n<h2 class=\"wp-block-heading\" id=\"\u00fcberblick\">Einzugsbereiche und Auswirkungen der Digitalisierung im Alltag: ein \u00dcberblick<\/h2>\n\n\n\n<p>Digitalisierung beschreibt den <strong>Umstieg von analogen auf digitale Medien<\/strong>, Vorg\u00e4nge und Technologien \u2013 und den damit einhergehenden Wandel der Gesellschaft. Im Alltag wird dieser im Grunde schon lange sp\u00fcrbar: So nutzen wir zum Beispiel CDs und DVDs anstelle von Kassetten und Videokassetten oder streamen Musik, Filme und Serien direkt online. Statt Briefe zu schreiben, kommunizieren die meisten Menschen einfach \u00fcber das Smartphone miteinander. Nachrichten und Werbung erreichen viele Haushalte nicht mehr auf Papier, sondern werden vorrangig digital konsumiert.<\/p>\n\n\n\n<p>Auch im Berufsleben spielen Digitalstrategien eine zentrale Rolle: \u00dcberall werden Daten und Infrastrukturen digitalisiert, <strong>Arbeitsprozesse automatisiert<\/strong> und Arbeitsmodelle neu gedacht, um als Unternehmen wettbewerbsf\u00e4hig zu bleiben und <strong>Gesch\u00e4ftsprozesse m\u00f6glichst effizient<\/strong> zu gestalten. Das betrifft gleicherma\u00dfen wirtschaftliche Unternehmen, Beh\u00f6rden, Kommunen und Organisationen \u2013 und wirkt sich auch unmittelbar auf Privatpersonen und deren Alltag aus.<\/p>\n\n\n\n<p>So l\u00e4uft zum Beispiel die Kundenkommunikation in vielen Unternehmen zunehmend digital ab, Vertr\u00e4ge k\u00f6nnen online abgeschlossen und digital signiert werden und selbst Beh\u00f6rdeng\u00e4nge und Arztbesuche lassen sich in Teilen durch digitale Technologien vereinfachen oder gar ersetzen. Dabei sind die <strong>verschiedensten Handlungsfelder <\/strong>von der Digitalisierung des Alltags betroffen, darunter:<\/p>\n\n\n\n<ul class=\"wp-block-list\">\n<li>Medizin und Gesundheitswesen<\/li>\n\n\n\n<li>Mobilit\u00e4t und Tourismus\u00a0<\/li>\n\n\n\n<li>Handel und Finanzen<\/li>\n\n\n\n<li>Bildung und Arbeit<\/li>\n\n\n\n<li>Alltagsorganisation und Freizeit<\/li>\n<\/ul>\n\n\n\n<div style=\"height:20px\" aria-hidden=\"true\" class=\"wp-block-spacer\"><\/div>\n\n\n\n<p>Wie genau sich die Digitalisierung auf die besagten Lebensbereiche auswirkt, sehen wir uns im Folgenden genauer an.<\/p>\n\n\n\n<div style=\"height:48px\" aria-hidden=\"true\" class=\"wp-block-spacer\"><\/div>\n\n\n\n<h3 class=\"wp-block-heading\" id=\"gesundheitswesen\">Digitalisierung im Gesundheitswesen<\/h3>\n\n\n\n<p>Im Gesundheitssystem waren Faxnachrichten von Arztpraxen an Apotheken sowie Akten und Formulare in Papierform lange Zeit die Norm \u2013 selbst als die Digitalisierung in anderen Handlungsfeldern schon weit fortgeschritten war. Das \u00e4ndert sich nach und nach. Durch die <strong>St\u00e4rkung der Telemedizin<\/strong> und eine umfassende Digitalstrategie wird die <strong>Modernisierung des Gesundheitswesens<\/strong> stetig vorangetrieben. So sollen Verwaltungsabl\u00e4ufe und Arbeitsprozesse verschlankt, Kommunikations- und Dienstwege verk\u00fcrzt und eine fl\u00e4chendeckende, zeitgem\u00e4\u00dfe Infrastruktur f\u00fcr die medizinische Versorgung geschafft werden.<\/p>\n\n\n\n<p>Der Aktionsplan zur digitalen Transformation des Gesundheitswesens umfasst:<\/p>\n\n\n\n<ol class=\"wp-block-list\">\n<li>die <strong>elektronische Gesundheitskarte (eGK)<\/strong> \u2013 hierauf werden Versichertendaten digital gespeichert. Versicherte k\u00f6nnen zudem medizinische Notfalldaten hinterlegen, beispielsweise zu Allergien und chronischen Erkrankungen. Die R\u00fcckseite der physischen Karte kann f\u00fcr die Europ\u00e4ische Krankenversicherung genutzt werden.<\/li>\n\n\n\n<li>die <strong>elektronische Patientenakte (ePA) <\/strong>\u2013 macht medizinische Befunde und Informationen zu Untersuchungen und Behandlungen praxis\u00fcbergreifend zug\u00e4nglich und stellt sicher, dass der behandelnde Arzt keine Zeit damit verliert, relevante Daten aus anderen Praxen oder Krankenh\u00e4usern zu beschaffen. Patienten entscheiden selbst, ob und in welchem Umfang sie die elektronische Patientenakte nutzen m\u00f6chten.<\/li>\n\n\n\n<li>das <strong>elektronische Rezept (E-Rezept)<\/strong> \u2013 anstelle des ausgedruckten oder gefaxten Rezepts erhalten Patienten verschreibungspflichtige Medikamente seit 2024 \u00fcber das E-Rezept. Dieses k\u00f6nnen sie \u00fcber die elektronische Gesundheitskarte, eine App oder als Ausdruck nutzen und in station\u00e4ren Apotheken sowie in Online-Apotheken unkompliziert einl\u00f6sen.<\/li>\n\n\n\n<li>die <strong>elektronische Arbeitsunf\u00e4higkeitsbescheinigung (eAU)<\/strong> \u2013 bei Krankmeldung brauchen Arbeitnehmer durch den digitalen Krankenschein kein Dokument in Papierform mehr, das beim Arzt abgeholt und beim Arbeitgeber vorgelegt werden muss. Der digitale Krankenschein wird bei Krankmeldung von der Arztpraxis an die Krankenkasse \u00fcbermittelt und kann bei dieser vom Arbeitgeber abgerufen werden. Mehr dazu lesen Sie in unserem <a href=\"https:\/\/www.deutsche-glasfaser.de\/blog\/digitaler-krankenschein\/\">Beitrag zum digitalen Krankenschein<\/a>\u00a0.\u00a0<\/li>\n\n\n\n<li>die <strong>Telemedizin und diverse dazugeh\u00f6rige Anwendungen<\/strong> \u2013 die genannten Digitalisierungsma\u00dfnahmen bilden gemeinsam die Infrastruktur f\u00fcr das Handlungsfeld der Telemedizin. \u00dcber Online-Sprechstunden von \u00c4rzten erhalten Patienten medizinischen Rat aus der Ferne. Hinzu kommen digitale Gesundheitsanwendungen, die auf Rezept angeordnet werden, um Patienten bei der Behandlung von oder dem Umgang mit Krankheiten zu unterst\u00fctzen.<\/li>\n<\/ol>\n\n\n\n<div style=\"height:48px\" aria-hidden=\"true\" class=\"wp-block-spacer\"><\/div>\n\n\n\n<h3 class=\"wp-block-heading\" id=\"mobilit\u00e4t\">Digitalisierung in Mobilit\u00e4t und Tourismus<\/h3>\n\n\n\n<p>Die Art und Weise, wie wir uns fortbewegen, hat sich \u00fcber die Jahre ebenfalls stark ver\u00e4ndert \u2013 und wird aller Wahrscheinlichkeit nach auch in Zukunft weitere Entwicklungen durchlaufen. Die Digitalisierung spielt dabei eine zentrale Rolle.<\/p>\n\n\n\n<ul class=\"wp-block-list\">\n<li><strong>Digitale Navigationssysteme<\/strong> wie Google Maps oder Apple Maps bringen Smartphone-Nutzer problemlos von A nach B \u2013 ob zu Fu\u00df, mit dem Auto, dem Fahrrad oder \u00f6ffentlichen Verkehrsmitteln. Die interaktiven Karten eignen sich au\u00dferdem bestens, um die Umgebung zu erkunden, Restaurants zu finden, Routen zu planen und mehr.<\/li>\n\n\n\n<li>Nicht nur Handys, sondern auch moderne Fahrzeuge verf\u00fcgen inzwischen \u00fcber moderne Navigationsanwendungen und sind miteinander vernetzt. Das hilft dabei, die <strong>Verkehrsinfrastruktur zu verbessern<\/strong>, indem Staus, Sperrungen und Co. fr\u00fchzeitig erkannt und vorausschauend umfahren werden k\u00f6nnen.<\/li>\n\n\n\n<li>Auch wenn selbstfahrende Autos noch lange nicht die Norm sind, halten bereits einige smarte, <strong>teilautonome Funktionen Einzug in unsere Fahrzeuge<\/strong> \u2013 von intelligenten Tempomaten und Abstandhaltern \u00fcber Spurhaltungsassistenten bis hin zu Parkhilfen.<\/li>\n\n\n\n<li>Die <strong>Sharing-Economy revolutioniert unser Mobilit\u00e4tsverst\u00e4ndnis<\/strong> und nutzt die Digitalisierung als Grundprinzip. Wer kein Fortbewegungsmittel hat, nutzt Carsharing, leiht sich ein Fahrrad oder einen E-Roller. Das funktioniert ganz einfach per App und ist nicht nur fernab von zu Hause eine flexible M\u00f6glichkeit, sondern stellt auch eine ernstzunehmende Alternative zum eigenen Besitz eines Fahrzeugs dar.<\/li>\n<\/ul>\n\n\n\n<div style=\"height:20px\" aria-hidden=\"true\" class=\"wp-block-spacer\"><\/div>\n\n\n\n<p>Nicht zuletzt <strong>pr\u00e4gt die Digitalisierung auch unser Reiseverhalten<\/strong>. Mit Online-Buchungen, Online-Check-in, Gep\u00e4ckaufgabe per App, Mietwagenabholung per Schlie\u00dffach und Unterk\u00fcnften mit Selbst-Check-in k\u00f6nnen Reisende heutzutage v\u00f6llig ohne pers\u00f6nliche Kontakte in den Urlaub starten \u2013 reibungslos und unkompliziert. Ob Sie das m\u00f6chten, liegt letztlich nat\u00fcrlich bei Ihnen. Fest steht aber: Digitale Abl\u00e4ufe werden immer mehr zur Norm. So gibt es inzwischen zum Beispiel Airlines, bei denen ein Check-in am Flughafen-Schalter extra kostet.<\/p>\n\n\n\n<p>Die <strong>Funktionen von Reise-Apps<\/strong> reichen weit \u00fcber die Urlaubsplanung und -buchung hinaus. In unserem Blogbeitrag stellen wir Ihnen einige <a href=\"https:\/\/www.deutsche-glasfaser.de\/blog\/reise-apps\/\">beliebte Reise-Apps und ihre Potenziale<\/a>\u00a0 vor.<\/p>\n\n\n\n<div style=\"height:48px\" aria-hidden=\"true\" class=\"wp-block-spacer\"><\/div>\n\n\n\n<h3 class=\"wp-block-heading\" id=\"einkaufen\">Online einkaufen und digital bezahlen<\/h3>\n\n\n\n<p>Im Handel ist die Digitalisierung seit Jahren sehr pr\u00e4sent. <a href=\"https:\/\/www.destatis.de\/DE\/Presse\/Pressemitteilungen\/2024\/03\/PD24_N011_45.html\">Insbesondere der station\u00e4re Einzelhandel steht durch den stetig wachsenden Onlinehandel zunehmend vor Herausforderungen \u2013 besonders stark betroffen sind davon zum Beispiel Kaufh\u00e4user.<\/a> Der Grund: <strong>Onlineshopping ist bequem, geht schnell<\/strong> und bietet Verbrauchern viele M\u00f6glichkeiten.<\/p>\n\n\n\n<p>Die Suche nach passenden Produkten l\u00e4sst sich \u00fcber das Smartphone von zu Hause oder unterwegs erledigen, die Versandzeiten sind kurz, R\u00fccksendungen oftmals kostenlos und eine Bestellung erfordert nur wenige Klicks und kann meist auf Rechnung get\u00e4tigt werden. Anders als vor Ort k\u00f6nnen Kunden online <strong>Preise vergleichen, Kundenbewertungen einsehen <\/strong>und sich \u00e4hnliche oder passende Artikel anzeigen lassen. All das macht es dem station\u00e4ren Einzelhandel schwer, wettbewerbsf\u00e4hig zu bleiben.<\/p>\n\n\n\n<p>Die Digitalisierung im Handel reicht aber noch weiter:<\/p>\n\n\n\n<ul class=\"wp-block-list\">\n<li>\u00dcber Algorithmen und pers\u00f6nliche Pr\u00e4ferenzen bekommen Konsumenten online <strong>ma\u00dfgeschneiderte Werbung<\/strong> ausgespielt. Zudem bietet der digitale Raum Platz f\u00fcr verschiedene Marketingma\u00dfnahmen wie Newsletter und soziale Medien.\u00a0<\/li>\n\n\n\n<li>In vielen Superm\u00e4rkten gibt es inzwischen <strong>Selbstbedienungskassen<\/strong>, die rein digital funktionieren. <strong>Autonome Superm\u00e4rkte<\/strong> kommen sogar ganz ohne Mitarbeiter aus: Kunden hinterlegen beim Eintritt ihr gew\u00fcnschtes Zahlungsmittel, das System erfasst automatisch, welche Produkte aus dem Regal entnommen werden und rechnet diese nach Verlassen des Gesch\u00e4fts digital ab.<\/li>\n\n\n\n<li>Bezahlvorg\u00e4nge funktionieren l\u00e4ngst ohne Bargeld \u2013 und auch ohne physische Karte. Nahezu \u00fcberall k\u00f6nnen Kunden inzwischen per <a href=\"https:\/\/www.deutsche-glasfaser.de\/blog\/mobile-payment\/\"><strong>Mobile Payment<\/strong><\/a>\u00a0mit ihrer digitalen Bankkarte bezahlen. <strong>Online-Banking-Apps und digitale Finanzdienste<\/strong> wie PayPal erleichtern Geldtransfers und die <a href=\"https:\/\/www.deutsche-glasfaser.de\/blog\/digitale-vermoegensverwaltung\/\">pers\u00f6nliche Finanz- und Verm\u00f6gensverwaltung<\/a>\u00a0 zus\u00e4tzlich. \u00a0<\/li>\n<\/ul>\n\n\n\n<div style=\"height:20px\" aria-hidden=\"true\" class=\"wp-block-spacer\"><\/div>\n\n\n<div class=\"wp-block-image\">\n<figure class=\"aligncenter size-large is-resized\"><img fetchpriority=\"high\" decoding=\"async\" width=\"1024\" height=\"574\" src=\"https:\/\/www.deutsche-glasfaser.de\/blog\/wp-content\/uploads\/2024\/09\/digitalisierung-alltag-1024x574.jpg\" alt=\"\" class=\"wp-image-14556\" style=\"width:673px;height:auto\" srcset=\"https:\/\/www.deutsche-glasfaser.de\/blog\/wp-content\/uploads\/2024\/09\/digitalisierung-alltag-1024x574.jpg 1024w, https:\/\/www.deutsche-glasfaser.de\/blog\/wp-content\/uploads\/2024\/09\/digitalisierung-alltag-300x168.jpg 300w, https:\/\/www.deutsche-glasfaser.de\/blog\/wp-content\/uploads\/2024\/09\/digitalisierung-alltag-768x430.jpg 768w, https:\/\/www.deutsche-glasfaser.de\/blog\/wp-content\/uploads\/2024\/09\/digitalisierung-alltag.jpg 1456w\" sizes=\"(max-width: 1024px) 100vw, 1024px\" \/><\/figure>\n<\/div>\n\n\n<div style=\"height:48px\" aria-hidden=\"true\" class=\"wp-block-spacer\"><\/div>\n\n\n\n<h3 class=\"wp-block-heading\" id=\"bildung\">Digitalisierung in der Bildung und bei der Arbeit<\/h3>\n\n\n\n<p>F\u00fcr Bildungsinstitutionen wie Schulen und Universit\u00e4ten birgt die Digitalisierung gro\u00dfe Potenziale \u2013 gleichzeitig bringt ihre Einbindung teils gro\u00dfe Umstrukturierungen mit sich und erfordert eine gut durchdachte Digitalstrategie.<\/p>\n\n\n\n<p>Durch <strong>E-Learning-Plattformen<\/strong> und <strong>digitale Tools<\/strong> \u00e4ndert sich die Art und Weise, wie Kinder und Lernende im Allgemeinen Wissen erwerben. Wo Lerninhalte multimedial aufbereitet werden, profitieren Lernende von <strong>vielseitigeren Methoden und individuelleren Lernprozessen<\/strong>.<\/p>\n\n\n\n<p><a href=\"https:\/\/www.deutsche-glasfaser.de\/blog\/ki-in-der-schule\/\">Intelligente Tutorsysteme<\/a> arbeiten zum Beispiel mit K\u00fcnstlicher Intelligenz (KI), um den Wissensstand von Sch\u00fclern besser einzusch\u00e4tzen, passgenaue Aufgaben zu generieren, den Lernprozess mit Feedback und Hilfestellungen zu intensivieren und so den <strong>individuellen Fortschritt eines jeden Lernenden<\/strong> sicherzustellen. \u00dcber <a href=\"https:\/\/www.deutsche-glasfaser.de\/blog\/schultablets\/\">Schultablets<\/a>\u00a0 erhalten Sch\u00fcler Zugang zu KI-Tools und anderen interaktiven Lernanwendungen.<\/p>\n\n\n\n<p>Auch f\u00fcr <strong>Lehrpersonen<\/strong> kann der <a href=\"https:\/\/www.deutsche-glasfaser.de\/blog\/ki-in-der-schule\/\">Einsatz von KI in der Bildung<\/a>\u00a0eine Erleichterung und Zeitersparnis bringen \u2013 beispielsweise indem sie sich Unterst\u00fctzung bei der Unterrichtsvorbereitung holen, Arbeitsprozesse automatisieren oder ihrer Kreativit\u00e4t durch KI-generierte Inspirationen auf die Spr\u00fcnge helfen.<\/p>\n\n\n\n<p>Nicht nur in der Schule kommen digitale Hilfsmittel zum Einsatz. <strong>Weiterbildungen und Studieng\u00e4nge<\/strong> lassen sich inzwischen vollst\u00e4ndig in Form von Onlinekursen abbilden. Das sorgt f\u00fcr eine \u00d6ffnung des Bildungssektors und erm\u00f6glicht Interessenten ein orts- und zeitunabh\u00e4ngiges Lernen. Neben Remote-Arbeit und optimierten Arbeitsprozessen ist das f\u00fcr Arbeitnehmer eine der Errungenschaften der Digitalisierung, die das <a href=\"https:\/\/www.deutsche-glasfaser.de\/blog\/new-work\/\">Berufsleben der Zukunft<\/a>\u00a0ma\u00dfgeblich mitpr\u00e4gen kann.<\/p>\n\n\n\n<div style=\"height:48px\" aria-hidden=\"true\" class=\"wp-block-spacer\"><\/div>\n\n\n\n<h3 class=\"wp-block-heading\" id=\"alltag\">Digitalisierung im Alltagsleben<\/h3>\n\n\n\n<p>Nicht zuletzt lassen sich auch im Alltagsleben zu Hause zahlreiche Abl\u00e4ufe digitalisieren. Viele Apps und Technologien sind darauf ausgelegt, den <strong>Alltag effizienter und intelligenter zu gestalten<\/strong> und damit erheblich zu erleichtern.<\/p>\n\n\n\n<ul class=\"wp-block-list\">\n<li><a href=\"https:\/\/www.deutsche-glasfaser.de\/blog\/familienplaner-app\/\">Digitale <strong>Familienplaner-Apps<\/strong><\/a><strong>\u00a0helfen bei der Koordination und Organisation<\/strong> des Alltagslebens: Hier k\u00f6nnen Familien gemeinsam Kalender pflegen, Einkaufslisten anlegen, Stundenpl\u00e4ne und Schulaufgaben verwalten, To-do-Listen erstellen und abarbeiten, Erinnerungen teilen und vieles mehr.<\/li>\n\n\n\n<li><a href=\"https:\/\/www.deutsche-glasfaser.de\/blog\/was-ist-smart-home\/\"><strong>Smart-Home-Ger\u00e4te<\/strong> und die dazugeh\u00f6rigen Apps<\/a>\u00a0sorgen f\u00fcr <strong>mehr Effizienz im Eigenheim<\/strong>. Nutzer k\u00f6nnen Technikger\u00e4te per Smartphone steuern und automatisierte Einstellungen f\u00fcr Heizung, Licht, Alarmanlagen und Co. installieren. Selbst die Gartenarbeit l\u00e4sst sich teilautomatisieren \u2013 Stichwort: <a href=\"https:\/\/www.deutsche-glasfaser.de\/blog\/smart-gardening\/\">Smart Gardening<\/a>\u00a0. Mit Smart-Home-Anwendungen steigern Sie nicht nur den Komfort, sondern k\u00f6nnen auch Zeit und Energie sparen und die Sicherheit erh\u00f6hen.<\/li>\n\n\n\n<li>Im weiteren Sinne tr\u00e4gt auch die digitale Signatur zu mehr Komfort im Alltag bei. Sie sorgt daf\u00fcr, dass offizielle <strong>Dokumente von zu Hause aus unterzeichnet<\/strong> werden k\u00f6nnen \u2013 und spart so wom\u00f6glich den n\u00e4chsten Gang zur Beh\u00f6rde. <a href=\"https:\/\/www.deutsche-glasfaser.de\/blog\/digitale-unterschrift\/\">Wissenswertes zur digitalen Signatur <\/a>erfahren Sie in unserem Blogbeitrag.<\/li>\n<\/ul>\n\n\n\n<div style=\"height:20px\" aria-hidden=\"true\" class=\"wp-block-spacer\"><\/div>\n\n\n\n<p>Im <strong>Freizeitbereich <\/strong>sind der Digitalisierung nahezu keine Grenzen gesetzt: <a href=\"https:\/\/www.deutsche-glasfaser.de\/blog\/augmented-reality-vs-virtual-reality\/\">Virtual Reality (VR) und Augmented Reality (AR)<\/a>\u00a0revolutionieren das <strong>Online-Gaming-Erlebnis<\/strong>. Beim <a href=\"https:\/\/www.deutsche-glasfaser.de\/blog\/geocaching-kinder\/\">Geocaching<\/a> gehen Kinder und Eltern in der Natur auf digitale Schatzjagd, Computercamps und Co. schaffen <a href=\"https:\/\/www.deutsche-glasfaser.de\/blog\/digitale-ferienaktivitaeten\/\">neue Ferienaktivit\u00e4ten<\/a> und <a href=\"https:\/\/www.deutsche-glasfaser.de\/blog\/handy-spiele-fuer-unterwegs\/\">Handyspiele <\/a>haben mit Snake und Tetris nicht mehr viel gemein. Von <strong>Streaming-Diensten<\/strong> bis hin zu <strong>sozialen Medien<\/strong> ist die Digitalisierung in unserer Freizeit l\u00e4ngst omnipr\u00e4sent \u2013 und h\u00e4lt auch in Zukunft sicher spannende Entwicklungen bereit.<\/p>\n\n\n\n<div style=\"height:48px\" aria-hidden=\"true\" class=\"wp-block-spacer\"><\/div>\n\n\n\n<h2 class=\"wp-block-heading\" id=\"chancen-herausforderungen\">Chancen und Herausforderungen der Digitalisierung im Alltag<\/h2>\n\n\n\n<p>All diese Beispiele zeigen: Die Digitalisierung ist l\u00e4ngst im Alltag angekommen und kann in vielen Lebensbereichen eine gro\u00dfe Bereicherung darstellen. Digitale Tools bringen <strong>Abwechslung und Vielfalt<\/strong> \u2013 zum Beispiel bei der Unterhaltung, beim Onlineshopping und selbst im Schulunterricht. Sie machen den Alltag zudem <strong>effizienter und komfortabler<\/strong>, indem Prozesse automatisiert, Wege gespart und mitunter auch Ressourcen geschont werden: Sei es durch Telemedizin, Smart-Home-Systeme, Carsharing oder digitale Alltagshelfer.<\/p>\n\n\n\n<p>Dennoch geht die zunehmende Digitalisierung des Alltags auch mit gewissen Risiken und Herausforderungen einher. Da w\u00e4re zum Beispiel der <strong>Umgang mit pers\u00f6nlichen und sensiblen Daten<\/strong>: Was unachtsam preisgegeben wird, bietet eine Angriffsfl\u00e4che f\u00fcr Datenklau und andere Formen des Missbrauchs. <strong>Datenschutz und <a href=\"https:\/\/www.deutsche-glasfaser.de\/blog\/inkognito-modus\/\">Online-Sicherheit<\/a><\/strong>\u00a0spielen daher eine enorme Rolle. Sie beginnen bei <a href=\"https:\/\/www.deutsche-glasfaser.de\/blog\/wie-sicher-ist-mein-passwort\/\">sicheren Passw\u00f6rtern<\/a>\u00a0, VPN-Verbindungen und Antimalware-Ma\u00dfnahmen, reichen aber weit dar\u00fcber hinaus.<\/p>\n\n\n\n<p>Ein weiterer Aspekt ist der Zugang zur Technologie. Um digitale Tools sinnbringend einzusetzen, braucht es zun\u00e4chst einen <a href=\"https:\/\/www.deutsche-glasfaser.de\/\"><strong>sicheren Zugang zu schnellem und zuverl\u00e4ssigem Internet<\/strong><\/a>\u00a0\u2013 und die passenden Ger\u00e4te wie <strong>Laptops, Smartphones und Tablets<\/strong>. Insbesondere im Kontext von Bildung und Arbeit ist eine Digitalstrategie essenziell, bei der an alle gedacht wird, um Chancengleichheit zu erm\u00f6glichen. Nicht zuletzt will auch der <strong>verantwortungsvolle und produktive Umgang<\/strong> mit digitalen Technologien gelernt sein. Nur so k\u00f6nnen sie ihr volles Potenzial entfachen und eine Bereicherung f\u00fcr den Alltag darstellen.\u00a0<\/p>\n","protected":false},"excerpt":{"rendered":"<p>Die Digitalisierung h\u00e4lt zunehmend Einzug in unseren Alltag. Ob beim Einkaufen, im Gesundheitswesen, bei der Inneneinrichtung oder der Planung des Familienlebens: In nahezu jedem Bereich kommen digitale Technologien zum Einsatz, um das Leben komfortabler, einfacher und vor allem zeiteffizienter zu [&hellip;]<\/p>\n","protected":false},"author":11,"featured_media":14563,"comment_status":"open","ping_status":"open","sticky":false,"template":"","format":"standard","meta":{"footnotes":""},"categories":[1],"tags":[],"class_list":["post-14547","post","type-post","status-publish","format-standard","has-post-thumbnail","hentry","category-service"],"yoast_head":"<!-- This site is optimized with the Yoast SEO plugin v27.5 - https:\/\/yoast.com\/product\/yoast-seo-wordpress\/ -->\n<title>Digitalisierung im Alltag | Deutsche Glasfaser<\/title>\n<meta name=\"description\" content=\"Die Digitalisierung ist im Alltag allgegenw\u00e4rtig: Wissenswertes zu \u2713Telemedizin\u2713Mobilit\u00e4t \u2713Alltagsorganisation \u2713Bildung \u2713Freizeit und Co.\" \/>\n<meta name=\"robots\" content=\"index, follow, max-snippet:-1, max-image-preview:large, max-video-preview:-1\" \/>\n<link rel=\"canonical\" href=\"https:\/\/www.deutsche-glasfaser.de\/blog\/digitalisierung-alltag\/\" \/>\n<meta property=\"og:locale\" content=\"de_DE\" \/>\n<meta property=\"og:type\" content=\"article\" \/>\n<meta property=\"og:title\" content=\"Digitalisierung im Alltag | Deutsche Glasfaser\" \/>\n<meta property=\"og:description\" content=\"Die Digitalisierung ist im Alltag allgegenw\u00e4rtig: Wissenswertes zu \u2713Telemedizin\u2713Mobilit\u00e4t \u2713Alltagsorganisation \u2713Bildung \u2713Freizeit und Co.\" \/>\n<meta property=\"og:url\" content=\"https:\/\/www.deutsche-glasfaser.de\/blog\/digitalisierung-alltag\/\" \/>\n<meta property=\"og:site_name\" content=\"Digitales B\u00fcrgernetz\" \/>\n<meta property=\"article:published_time\" content=\"2024-09-23T10:51:27+00:00\" \/>\n<meta property=\"article:modified_time\" content=\"2024-09-23T10:51:28+00:00\" \/>\n<meta property=\"og:image\" content=\"https:\/\/www.deutsche-glasfaser.de\/blog\/wp-content\/uploads\/2024\/09\/digitalisierung-alltag-header.jpg\" \/>\n\t<meta property=\"og:image:width\" content=\"1456\" \/>\n\t<meta property=\"og:image:height\" content=\"816\" \/>\n\t<meta property=\"og:image:type\" content=\"image\/jpeg\" \/>\n<meta name=\"author\" content=\"Emma Arndt\" \/>\n<meta name=\"twitter:card\" content=\"summary_large_image\" \/>\n<meta name=\"twitter:label1\" content=\"Verfasst von\" \/>\n\t<meta name=\"twitter:data1\" content=\"Emma Arndt\" \/>\n\t<meta name=\"twitter:label2\" content=\"Gesch\u00e4tzte Lesezeit\" \/>\n\t<meta name=\"twitter:data2\" content=\"11\u00a0Minuten\" \/>\n<script type=\"application\/ld+json\" class=\"yoast-schema-graph\">{\"@context\":\"https:\\\/\\\/schema.org\",\"@graph\":[{\"@type\":\"Article\",\"@id\":\"https:\\\/\\\/www.deutsche-glasfaser.de\\\/blog\\\/digitalisierung-alltag\\\/#article\",\"isPartOf\":{\"@id\":\"https:\\\/\\\/www.deutsche-glasfaser.de\\\/blog\\\/digitalisierung-alltag\\\/\"},\"author\":{\"name\":\"Emma Arndt\",\"@id\":\"https:\\\/\\\/www.deutsche-glasfaser.de\\\/blog\\\/#\\\/schema\\\/person\\\/2e9325719655ab414a05fae22f8502f1\"},\"headline\":\"Digitalisierung im Alltag: Technologien, Trends und Tipps\",\"datePublished\":\"2024-09-23T10:51:27+00:00\",\"dateModified\":\"2024-09-23T10:51:28+00:00\",\"mainEntityOfPage\":{\"@id\":\"https:\\\/\\\/www.deutsche-glasfaser.de\\\/blog\\\/digitalisierung-alltag\\\/\"},\"wordCount\":2001,\"commentCount\":0,\"publisher\":{\"@id\":\"https:\\\/\\\/www.deutsche-glasfaser.de\\\/blog\\\/#organization\"},\"image\":{\"@id\":\"https:\\\/\\\/www.deutsche-glasfaser.de\\\/blog\\\/digitalisierung-alltag\\\/#primaryimage\"},\"thumbnailUrl\":\"https:\\\/\\\/www.deutsche-glasfaser.de\\\/blog\\\/wp-content\\\/uploads\\\/2024\\\/09\\\/digitalisierung-alltag-header.jpg\",\"articleSection\":[\"Service\"],\"inLanguage\":\"de\",\"potentialAction\":[{\"@type\":\"CommentAction\",\"name\":\"Comment\",\"target\":[\"https:\\\/\\\/www.deutsche-glasfaser.de\\\/blog\\\/digitalisierung-alltag\\\/#respond\"]}]},{\"@type\":\"WebPage\",\"@id\":\"https:\\\/\\\/www.deutsche-glasfaser.de\\\/blog\\\/digitalisierung-alltag\\\/\",\"url\":\"https:\\\/\\\/www.deutsche-glasfaser.de\\\/blog\\\/digitalisierung-alltag\\\/\",\"name\":\"Digitalisierung im Alltag | Deutsche Glasfaser\",\"isPartOf\":{\"@id\":\"https:\\\/\\\/www.deutsche-glasfaser.de\\\/blog\\\/#website\"},\"primaryImageOfPage\":{\"@id\":\"https:\\\/\\\/www.deutsche-glasfaser.de\\\/blog\\\/digitalisierung-alltag\\\/#primaryimage\"},\"image\":{\"@id\":\"https:\\\/\\\/www.deutsche-glasfaser.de\\\/blog\\\/digitalisierung-alltag\\\/#primaryimage\"},\"thumbnailUrl\":\"https:\\\/\\\/www.deutsche-glasfaser.de\\\/blog\\\/wp-content\\\/uploads\\\/2024\\\/09\\\/digitalisierung-alltag-header.jpg\",\"datePublished\":\"2024-09-23T10:51:27+00:00\",\"dateModified\":\"2024-09-23T10:51:28+00:00\",\"description\":\"Die Digitalisierung ist im Alltag allgegenw\u00e4rtig: Wissenswertes zu \u2713Telemedizin\u2713Mobilit\u00e4t \u2713Alltagsorganisation \u2713Bildung \u2713Freizeit und Co.\",\"inLanguage\":\"de\",\"potentialAction\":[{\"@type\":\"ReadAction\",\"target\":[\"https:\\\/\\\/www.deutsche-glasfaser.de\\\/blog\\\/digitalisierung-alltag\\\/\"]}]},{\"@type\":\"ImageObject\",\"inLanguage\":\"de\",\"@id\":\"https:\\\/\\\/www.deutsche-glasfaser.de\\\/blog\\\/digitalisierung-alltag\\\/#primaryimage\",\"url\":\"https:\\\/\\\/www.deutsche-glasfaser.de\\\/blog\\\/wp-content\\\/uploads\\\/2024\\\/09\\\/digitalisierung-alltag-header.jpg\",\"contentUrl\":\"https:\\\/\\\/www.deutsche-glasfaser.de\\\/blog\\\/wp-content\\\/uploads\\\/2024\\\/09\\\/digitalisierung-alltag-header.jpg\",\"width\":1456,\"height\":816},{\"@type\":\"WebSite\",\"@id\":\"https:\\\/\\\/www.deutsche-glasfaser.de\\\/blog\\\/#website\",\"url\":\"https:\\\/\\\/www.deutsche-glasfaser.de\\\/blog\\\/\",\"name\":\"Digitales B\u00fcrgernetz\",\"description\":\"Deutsche Glasfaser Blog\",\"publisher\":{\"@id\":\"https:\\\/\\\/www.deutsche-glasfaser.de\\\/blog\\\/#organization\"},\"potentialAction\":[{\"@type\":\"SearchAction\",\"target\":{\"@type\":\"EntryPoint\",\"urlTemplate\":\"https:\\\/\\\/www.deutsche-glasfaser.de\\\/blog\\\/?s={search_term_string}\"},\"query-input\":{\"@type\":\"PropertyValueSpecification\",\"valueRequired\":true,\"valueName\":\"search_term_string\"}}],\"inLanguage\":\"de\"},{\"@type\":\"Organization\",\"@id\":\"https:\\\/\\\/www.deutsche-glasfaser.de\\\/blog\\\/#organization\",\"name\":\"Digitales B\u00fcrgernetz\",\"url\":\"https:\\\/\\\/www.deutsche-glasfaser.de\\\/blog\\\/\",\"logo\":{\"@type\":\"ImageObject\",\"inLanguage\":\"de\",\"@id\":\"https:\\\/\\\/www.deutsche-glasfaser.de\\\/blog\\\/#\\\/schema\\\/logo\\\/image\\\/\",\"url\":\"https:\\\/\\\/www.deutsche-glasfaser.de\\\/blog\\\/wp-content\\\/uploads\\\/2021\\\/08\\\/DGF_Logo_Basis_RGB-Large@2x.png\",\"contentUrl\":\"https:\\\/\\\/www.deutsche-glasfaser.de\\\/blog\\\/wp-content\\\/uploads\\\/2021\\\/08\\\/DGF_Logo_Basis_RGB-Large@2x.png\",\"width\":312,\"height\":104,\"caption\":\"Digitales B\u00fcrgernetz\"},\"image\":{\"@id\":\"https:\\\/\\\/www.deutsche-glasfaser.de\\\/blog\\\/#\\\/schema\\\/logo\\\/image\\\/\"}},{\"@type\":\"Person\",\"@id\":\"https:\\\/\\\/www.deutsche-glasfaser.de\\\/blog\\\/#\\\/schema\\\/person\\\/2e9325719655ab414a05fae22f8502f1\",\"name\":\"Emma Arndt\"}]}<\/script>\n<!-- \/ Yoast SEO plugin. -->","yoast_head_json":{"title":"Digitalisierung im Alltag | Deutsche Glasfaser","description":"Die Digitalisierung ist im Alltag allgegenw\u00e4rtig: Wissenswertes zu \u2713Telemedizin\u2713Mobilit\u00e4t \u2713Alltagsorganisation \u2713Bildung \u2713Freizeit und Co.","robots":{"index":"index","follow":"follow","max-snippet":"max-snippet:-1","max-image-preview":"max-image-preview:large","max-video-preview":"max-video-preview:-1"},"canonical":"https:\/\/www.deutsche-glasfaser.de\/blog\/digitalisierung-alltag\/","og_locale":"de_DE","og_type":"article","og_title":"Digitalisierung im Alltag | Deutsche Glasfaser","og_description":"Die Digitalisierung ist im Alltag allgegenw\u00e4rtig: Wissenswertes zu \u2713Telemedizin\u2713Mobilit\u00e4t \u2713Alltagsorganisation \u2713Bildung \u2713Freizeit und Co.","og_url":"https:\/\/www.deutsche-glasfaser.de\/blog\/digitalisierung-alltag\/","og_site_name":"Digitales B\u00fcrgernetz","article_published_time":"2024-09-23T10:51:27+00:00","article_modified_time":"2024-09-23T10:51:28+00:00","og_image":[{"width":1456,"height":816,"url":"https:\/\/www.deutsche-glasfaser.de\/blog\/wp-content\/uploads\/2024\/09\/digitalisierung-alltag-header.jpg","type":"image\/jpeg"}],"author":"Emma Arndt","twitter_card":"summary_large_image","twitter_misc":{"Verfasst von":"Emma Arndt","Gesch\u00e4tzte Lesezeit":"11\u00a0Minuten"},"schema":{"@context":"https:\/\/schema.org","@graph":[{"@type":"Article","@id":"https:\/\/www.deutsche-glasfaser.de\/blog\/digitalisierung-alltag\/#article","isPartOf":{"@id":"https:\/\/www.deutsche-glasfaser.de\/blog\/digitalisierung-alltag\/"},"author":{"name":"Emma Arndt","@id":"https:\/\/www.deutsche-glasfaser.de\/blog\/#\/schema\/person\/2e9325719655ab414a05fae22f8502f1"},"headline":"Digitalisierung im Alltag: Technologien, Trends und Tipps","datePublished":"2024-09-23T10:51:27+00:00","dateModified":"2024-09-23T10:51:28+00:00","mainEntityOfPage":{"@id":"https:\/\/www.deutsche-glasfaser.de\/blog\/digitalisierung-alltag\/"},"wordCount":2001,"commentCount":0,"publisher":{"@id":"https:\/\/www.deutsche-glasfaser.de\/blog\/#organization"},"image":{"@id":"https:\/\/www.deutsche-glasfaser.de\/blog\/digitalisierung-alltag\/#primaryimage"},"thumbnailUrl":"https:\/\/www.deutsche-glasfaser.de\/blog\/wp-content\/uploads\/2024\/09\/digitalisierung-alltag-header.jpg","articleSection":["Service"],"inLanguage":"de","potentialAction":[{"@type":"CommentAction","name":"Comment","target":["https:\/\/www.deutsche-glasfaser.de\/blog\/digitalisierung-alltag\/#respond"]}]},{"@type":"WebPage","@id":"https:\/\/www.deutsche-glasfaser.de\/blog\/digitalisierung-alltag\/","url":"https:\/\/www.deutsche-glasfaser.de\/blog\/digitalisierung-alltag\/","name":"Digitalisierung im Alltag | Deutsche Glasfaser","isPartOf":{"@id":"https:\/\/www.deutsche-glasfaser.de\/blog\/#website"},"primaryImageOfPage":{"@id":"https:\/\/www.deutsche-glasfaser.de\/blog\/digitalisierung-alltag\/#primaryimage"},"image":{"@id":"https:\/\/www.deutsche-glasfaser.de\/blog\/digitalisierung-alltag\/#primaryimage"},"thumbnailUrl":"https:\/\/www.deutsche-glasfaser.de\/blog\/wp-content\/uploads\/2024\/09\/digitalisierung-alltag-header.jpg","datePublished":"2024-09-23T10:51:27+00:00","dateModified":"2024-09-23T10:51:28+00:00","description":"Die Digitalisierung ist im Alltag allgegenw\u00e4rtig: Wissenswertes zu \u2713Telemedizin\u2713Mobilit\u00e4t \u2713Alltagsorganisation \u2713Bildung \u2713Freizeit und Co.","inLanguage":"de","potentialAction":[{"@type":"ReadAction","target":["https:\/\/www.deutsche-glasfaser.de\/blog\/digitalisierung-alltag\/"]}]},{"@type":"ImageObject","inLanguage":"de","@id":"https:\/\/www.deutsche-glasfaser.de\/blog\/digitalisierung-alltag\/#primaryimage","url":"https:\/\/www.deutsche-glasfaser.de\/blog\/wp-content\/uploads\/2024\/09\/digitalisierung-alltag-header.jpg","contentUrl":"https:\/\/www.deutsche-glasfaser.de\/blog\/wp-content\/uploads\/2024\/09\/digitalisierung-alltag-header.jpg","width":1456,"height":816},{"@type":"WebSite","@id":"https:\/\/www.deutsche-glasfaser.de\/blog\/#website","url":"https:\/\/www.deutsche-glasfaser.de\/blog\/","name":"Digitales B\u00fcrgernetz","description":"Deutsche Glasfaser Blog","publisher":{"@id":"https:\/\/www.deutsche-glasfaser.de\/blog\/#organization"},"potentialAction":[{"@type":"SearchAction","target":{"@type":"EntryPoint","urlTemplate":"https:\/\/www.deutsche-glasfaser.de\/blog\/?s={search_term_string}"},"query-input":{"@type":"PropertyValueSpecification","valueRequired":true,"valueName":"search_term_string"}}],"inLanguage":"de"},{"@type":"Organization","@id":"https:\/\/www.deutsche-glasfaser.de\/blog\/#organization","name":"Digitales B\u00fcrgernetz","url":"https:\/\/www.deutsche-glasfaser.de\/blog\/","logo":{"@type":"ImageObject","inLanguage":"de","@id":"https:\/\/www.deutsche-glasfaser.de\/blog\/#\/schema\/logo\/image\/","url":"https:\/\/www.deutsche-glasfaser.de\/blog\/wp-content\/uploads\/2021\/08\/DGF_Logo_Basis_RGB-Large@2x.png","contentUrl":"https:\/\/www.deutsche-glasfaser.de\/blog\/wp-content\/uploads\/2021\/08\/DGF_Logo_Basis_RGB-Large@2x.png","width":312,"height":104,"caption":"Digitales B\u00fcrgernetz"},"image":{"@id":"https:\/\/www.deutsche-glasfaser.de\/blog\/#\/schema\/logo\/image\/"}},{"@type":"Person","@id":"https:\/\/www.deutsche-glasfaser.de\/blog\/#\/schema\/person\/2e9325719655ab414a05fae22f8502f1","name":"Emma Arndt"}]}},"_links":{"self":[{"href":"https:\/\/www.deutsche-glasfaser.de\/blog\/wp-json\/wp\/v2\/posts\/14547","targetHints":{"allow":["GET"]}}],"collection":[{"href":"https:\/\/www.deutsche-glasfaser.de\/blog\/wp-json\/wp\/v2\/posts"}],"about":[{"href":"https:\/\/www.deutsche-glasfaser.de\/blog\/wp-json\/wp\/v2\/types\/post"}],"author":[{"embeddable":true,"href":"https:\/\/www.deutsche-glasfaser.de\/blog\/wp-json\/wp\/v2\/users\/11"}],"replies":[{"embeddable":true,"href":"https:\/\/www.deutsche-glasfaser.de\/blog\/wp-json\/wp\/v2\/comments?post=14547"}],"version-history":[{"count":5,"href":"https:\/\/www.deutsche-glasfaser.de\/blog\/wp-json\/wp\/v2\/posts\/14547\/revisions"}],"predecessor-version":[{"id":14560,"href":"https:\/\/www.deutsche-glasfaser.de\/blog\/wp-json\/wp\/v2\/posts\/14547\/revisions\/14560"}],"wp:featuredmedia":[{"embeddable":true,"href":"https:\/\/www.deutsche-glasfaser.de\/blog\/wp-json\/wp\/v2\/media\/14563"}],"wp:attachment":[{"href":"https:\/\/www.deutsche-glasfaser.de\/blog\/wp-json\/wp\/v2\/media?parent=14547"}],"wp:term":[{"taxonomy":"category","embeddable":true,"href":"https:\/\/www.deutsche-glasfaser.de\/blog\/wp-json\/wp\/v2\/categories?post=14547"},{"taxonomy":"post_tag","embeddable":true,"href":"https:\/\/www.deutsche-glasfaser.de\/blog\/wp-json\/wp\/v2\/tags?post=14547"}],"curies":[{"name":"wp","href":"https:\/\/api.w.org\/{rel}","templated":true}]}}