{"id":14334,"date":"2024-07-10T09:01:27","date_gmt":"2024-07-10T07:01:27","guid":{"rendered":"https:\/\/www.deutsche-glasfaser.de\/blog\/?p=14334"},"modified":"2024-07-10T09:07:39","modified_gmt":"2024-07-10T07:07:39","slug":"niedersachsen-wie-digitale-dorfheldinnen-die-teilhabe-fordern","status":"publish","type":"post","link":"https:\/\/www.deutsche-glasfaser.de\/blog\/niedersachsen-wie-digitale-dorfheldinnen-die-teilhabe-fordern\/","title":{"rendered":"Niedersachsen: Wie Digitale Dorfheld*innen die Teilhabe f\u00f6rdern"},"content":{"rendered":"\t\t<div data-elementor-type=\"wp-post\" data-elementor-id=\"14334\" class=\"elementor elementor-14334\">\n\t\t\t\t\t\t<section class=\"elementor-section elementor-top-section elementor-element elementor-element-69bc759 elementor-section-boxed elementor-section-height-default elementor-section-height-default\" data-id=\"69bc759\" data-element_type=\"section\" data-e-type=\"section\">\n\t\t\t\t\t\t<div class=\"elementor-container elementor-column-gap-default\">\n\t\t\t\t\t<div class=\"elementor-column elementor-col-100 elementor-top-column elementor-element elementor-element-0ddc135\" data-id=\"0ddc135\" data-element_type=\"column\" data-e-type=\"column\">\n\t\t\t<div class=\"elementor-widget-wrap elementor-element-populated\">\n\t\t\t\t\t\t<div class=\"elementor-element elementor-element-e1b3653 elementor-widget elementor-widget-text-editor\" data-id=\"e1b3653\" data-element_type=\"widget\" data-e-type=\"widget\" data-widget_type=\"text-editor.default\">\n\t\t\t\t<div class=\"elementor-widget-container\">\n\t\t\t\t\t\t\t\t\t<p>Digitale D\u00f6rfer Niedersachsen hat ein neues Schulungskonzept, das digitale Kompetenzen vermittelt. \u00a9 Fraunhofer IESE\/Stiftung Digitale Chancen<\/p>\t\t\t\t\t\t\t\t<\/div>\n\t\t\t\t<\/div>\n\t\t\t\t\t<\/div>\n\t\t<\/div>\n\t\t\t\t\t<\/div>\n\t\t<\/section>\n\t\t\t\t<section class=\"elementor-section elementor-top-section elementor-element elementor-element-9034fb7 elementor-section-boxed elementor-section-height-default elementor-section-height-default\" data-id=\"9034fb7\" data-element_type=\"section\" data-e-type=\"section\">\n\t\t\t\t\t\t<div class=\"elementor-container elementor-column-gap-default\">\n\t\t\t\t\t<div class=\"elementor-column elementor-col-100 elementor-top-column elementor-element elementor-element-72a90fe\" data-id=\"72a90fe\" data-element_type=\"column\" data-e-type=\"column\">\n\t\t\t<div class=\"elementor-widget-wrap elementor-element-populated\">\n\t\t\t\t\t\t<div class=\"elementor-element elementor-element-2e2f766 elementor-widget elementor-widget-text-editor\" data-id=\"2e2f766\" data-element_type=\"widget\" data-e-type=\"widget\" data-widget_type=\"text-editor.default\">\n\t\t\t\t<div class=\"elementor-widget-container\">\n\t\t\t\t\t\t\t\t\t<p>Digitale D\u00f6rfer Niedersachsen ist ein Projekt, bei dem es darum geht, d\u00f6rfliche Gemeinschaften \u00fcber eine digitale Plattform besser zu vernetzen und Teilhabem\u00f6glichkeiten zu verbessern. Zu den L\u00f6sungen geh\u00f6ren die DorfFunk-App als Kommunikationszentrale der Region, das Informationsportal Nieders\u00e4chsische LandNews, der Digitale Schaukasten und der direkte Kommunikationskanal zur Verwaltung L\u00f6sBar.<\/p><p>Jetzt gibt es ein neues Schulungskonzept, um den Zugang zu diesen L\u00f6sungen zu verbessern und die Teilhabe zu steigern: Die Ausbildung richtet sich an digitale Dorfheld*innen, die B\u00fcrgerinnen und B\u00fcrger einer Kommune beim Umgang mit der Digitale-D\u00f6rfer-Plattform unterst\u00fctzen oder in der DorfFunk-App moderieren. Paul Wolf, wissenschaftlicher Referent bei der betreuenden Stiftung Digitale Chancen, gibt im Interview Einblick in Ziele und Inhalte der Schulung.<\/p>\t\t\t\t\t\t\t\t<\/div>\n\t\t\t\t<\/div>\n\t\t\t\t\t<\/div>\n\t\t<\/div>\n\t\t\t\t\t<\/div>\n\t\t<\/section>\n\t\t\t\t<section class=\"elementor-section elementor-top-section elementor-element elementor-element-e91e688 elementor-section-boxed elementor-section-height-default elementor-section-height-default\" data-id=\"e91e688\" data-element_type=\"section\" data-e-type=\"section\">\n\t\t\t\t\t\t<div class=\"elementor-container elementor-column-gap-default\">\n\t\t\t\t\t<div class=\"elementor-column elementor-col-100 elementor-top-column elementor-element elementor-element-58ea8ba\" data-id=\"58ea8ba\" data-element_type=\"column\" data-e-type=\"column\">\n\t\t\t<div class=\"elementor-widget-wrap elementor-element-populated\">\n\t\t\t\t\t\t<div class=\"elementor-element elementor-element-68f4b88 elementor-widget elementor-widget-text-editor\" data-id=\"68f4b88\" data-element_type=\"widget\" data-e-type=\"widget\" data-widget_type=\"text-editor.default\">\n\t\t\t\t<div class=\"elementor-widget-container\">\n\t\t\t\t\t\t\t\t\t<p><strong>Ihr neues Ausbildungskonzept richtet sich an Digitale Dorfheld*innen und solche, die es werden wollen. Um was geht es bei der Schulung?<\/strong><\/p><p>Die digitalen Dorfheld*innen sollen die digitale Teilhabe verbessern, indem sie andere unterst\u00fctzen: Letztlich geht es darum, Leute abzuholen, die Ber\u00fchrungs\u00e4ngste mit digitalen Tools haben. Wir reagieren aber auch darauf, dass es bereits viele Engagierte gibt \u2013 der zentrale DorfFunk und die anderen Austauschm\u00f6glichkeiten sind n\u00e4mlich bereits sehr erfolgreich! Diesen Menschen wollen wir Kompetenzen vermitteln und das Engagement st\u00e4rken.<\/p><p>Die Schulung selbst ist offen f\u00fcr alle: Auch Menschen mit wenig digitaler Erfahrung k\u00f6nnen damit lernen und sich ausbilden lassen, um ihr Wissen anschlie\u00dfend weiterzugeben. Gerade f\u00fchren wir vom Projektteam die Trainingseinheiten selbst durch, und da f\u00e4llt tats\u00e4chlich auf, dass ganz unterschiedliche Menschen zu den Modulen kommen: solche mit viel Erfahrung, solche mit Interesse am DorfFunk und solche, die einen Einstieg ins digitale Engagement suchen. Bereits die Schulung bringt also Menschen zusammen \u2013 und das ist ja auch das zentrale Anliegen des Projekts Digitale D\u00f6rfer Niedersachsen.<\/p>\t\t\t\t\t\t\t\t<\/div>\n\t\t\t\t<\/div>\n\t\t\t\t<div class=\"elementor-element elementor-element-2377b60 elementor-widget elementor-widget-spacer\" data-id=\"2377b60\" data-element_type=\"widget\" data-e-type=\"widget\" data-widget_type=\"spacer.default\">\n\t\t\t\t<div class=\"elementor-widget-container\">\n\t\t\t\t\t\t\t<div class=\"elementor-spacer\">\n\t\t\t<div class=\"elementor-spacer-inner\"><\/div>\n\t\t<\/div>\n\t\t\t\t\t\t<\/div>\n\t\t\t\t<\/div>\n\t\t\t\t<div class=\"elementor-element elementor-element-3358742 elementor-widget elementor-widget-image\" data-id=\"3358742\" data-element_type=\"widget\" data-e-type=\"widget\" data-widget_type=\"image.default\">\n\t\t\t\t<div class=\"elementor-widget-container\">\n\t\t\t\t\t\t\t\t\t\t\t\t<figure class=\"wp-caption\">\n\t\t\t\t\t\t\t\t\t\t<img fetchpriority=\"high\" decoding=\"async\" width=\"768\" height=\"595\" src=\"https:\/\/www.deutsche-glasfaser.de\/blog\/wp-content\/uploads\/2024\/07\/Beitragsbild_2024.05-Stiftung-Digitale-Chancen_MLX1919-_c_-Martin-Liebetruth_FINAL.jpg\" class=\"attachment-medium_large size-medium_large wp-image-14335\" alt=\"Portr\u00e4tbild von Paul Wolf, Stiftung Digitale Chancen.\" srcset=\"https:\/\/www.deutsche-glasfaser.de\/blog\/wp-content\/uploads\/2024\/07\/Beitragsbild_2024.05-Stiftung-Digitale-Chancen_MLX1919-_c_-Martin-Liebetruth_FINAL.jpg 768w, https:\/\/www.deutsche-glasfaser.de\/blog\/wp-content\/uploads\/2024\/07\/Beitragsbild_2024.05-Stiftung-Digitale-Chancen_MLX1919-_c_-Martin-Liebetruth_FINAL-300x232.jpg 300w\" sizes=\"(max-width: 768px) 100vw, 768px\" \/>\t\t\t\t\t\t\t\t\t\t\t<figcaption class=\"widget-image-caption wp-caption-text\">Paul Wolf von der Stiftung Digitale Chancen begleitet das Ausbildungskonzept f\u00fcr Digitale Dorfheld*inen. \u00a9 Martin Liebetruth<\/figcaption>\n\t\t\t\t\t\t\t\t\t\t<\/figure>\n\t\t\t\t\t\t\t\t\t<\/div>\n\t\t\t\t<\/div>\n\t\t\t\t<div class=\"elementor-element elementor-element-a71445f elementor-widget elementor-widget-spacer\" data-id=\"a71445f\" data-element_type=\"widget\" data-e-type=\"widget\" data-widget_type=\"spacer.default\">\n\t\t\t\t<div class=\"elementor-widget-container\">\n\t\t\t\t\t\t\t<div class=\"elementor-spacer\">\n\t\t\t<div class=\"elementor-spacer-inner\"><\/div>\n\t\t<\/div>\n\t\t\t\t\t\t<\/div>\n\t\t\t\t<\/div>\n\t\t\t\t<div class=\"elementor-element elementor-element-0d57a2f elementor-widget elementor-widget-text-editor\" data-id=\"0d57a2f\" data-element_type=\"widget\" data-e-type=\"widget\" data-widget_type=\"text-editor.default\">\n\t\t\t\t<div class=\"elementor-widget-container\">\n\t\t\t\t\t\t\t\t\t<p><strong>Welche Inhalte erwarten die Teilnehmenden? Und in welchem Schulungsformat?<\/strong><\/p><p>Wir haben einen Leitfaden erstellt, damit das Schulungskonzept auch ohne uns umgesetzt werden kann. Damit sind sowohl bundeslandweite Online- als auch Pr\u00e4senzschulungen vor Ort, zum Beispiel im Gemeindesaal, m\u00f6glich.<\/p><p>Die Schulung umfasst sechs Module: Es geht zun\u00e4chst darum, das Lehren zu lernen. Das ist wichtig, weil wir Leute zertifizieren, ihr Wissen \u00fcber die Digitale-D\u00f6rfer-Plattform weiterzugeben. In Modulen wie \u201eFit am Smartphone\u201c oder der detaillierten Vorstellung des DorfFunks bzw. der Nieders\u00e4chsischen LandNews geht es recht konkret darum, Ber\u00fchrungs\u00e4ngste abzubauen. Auch Cybersecurity spielt in der Schulung eine Rolle, wenn es um sichere Passw\u00f6rter und Internetsicherheit geht. Wir geben den Dorfheld*innen au\u00dferdem Techniken und Prinzipien f\u00fcr die Moderation der digitalen Kan\u00e4le an die Hand und besprechen, wie unsere digitalen L\u00f6sungen den demokratischen Austausch st\u00e4rken k\u00f6nnen. Viele der Module sind spielerisch aufgebaut: Die Schulung soll ja auch Spa\u00df machen.<\/p><p>\u00a0<\/p><p><strong>Sie betonen die Moderationsprinzipien und die Bedeutung der Demokratiest\u00e4rkung in der DorfFunk-App. Gibt es denn F\u00e4lle von Fake-News oder \u00e4hnliches?<\/strong><\/p><p>Es gibt bislang sehr selten unangemessene Beitr\u00e4ge, aber wenn das passiert, ist die Moderation gefragt. Die meisten Nutzerinnen und Nutzer sind \u00fcber ihre Klarnamen identifizierbar und auf dem Dorf kennt man sich h\u00e4ufig auch im richtigen Leben: Das macht es schwerer, extreme Ansichten zu \u00e4u\u00dfern oder ausf\u00e4llig zu werden.<\/p><p>Den demokratischen Austausch in der Gemeinschaft f\u00f6rdert es, dass DorfFunk, die LandNews und L\u00f6sBar eine gr\u00f6\u00dfere N\u00e4he zur Verwaltung erm\u00f6glichen. In unserer Begleitforschung konnten wir sehen, dass<\/p><p>Demokratie und Resilienz von der digitalen Teilhabe profitieren. Denn digitale Tools bieten eine Form der \u00d6ffentlichkeit, in der es gelingen kann, Beteiligungsprozesse anzusto\u00dfen und Engagement zu f\u00f6rdern. Oft entstehen dort auch spontane Hilfsangebote oder es finden sich Gleichgesinnte.<\/p><p><strong>Welche Voraussetzungen m\u00fcssen Ihrer Erfahrung nach erf\u00fcllt sein, damit Bewohnerinnen und Bewohner l\u00e4ndlicher Regionen von digitalen Angeboten profitieren? <\/strong><\/p><p>Um die digitale Teilhabe zu st\u00e4rken, hilft es, wenn die Technik simpel und der Zugang niedrigschwellig ist. Da sind wir mit der Digitale-D\u00f6rfer-Plattform vom Fraunhofer-Institut IESE auf einem guten Weg. Eine weitere Voraussetzung ist, dass es eine gewisse Begleitung gibt, also Menschen, die ich auf die digitalen Tools ansprechen kann. Am allerwichtigsten ist unserer Erfahrung nach aber eine kritische Menge an Nutzerinnen und Nutzern: Wenn sich eine Kommune f\u00fcr den DorfFunk entscheidet, holt diese m\u00f6glichst viele Gruppen ins Boot. Dann speist die Verwaltung Informationen ein, die Vereine geben ihre Termine bekannt und Nachbarn tauschen sich aus.<\/p><p>Ich glaube, dass in l\u00e4ndlichen Regionen auch die pers\u00f6nliche Ansprache eine besondere Rolle spielt. Wenn sich Verantwortliche einfach mal auf den Marktplatz stellen oder Flyer verteilen, wirkt das \u00fcberzeugender als ein digitaler Aufruf. Diese \u00dcberlegung haben wir in unser Schulungskonzept Digitale Dorfheld*innen aufgenommen: Wir merken immer wieder, dass die klare Trennung in digital und analog nicht greift. Denn der digitale DorfFunk funktioniert da gut, wo sich die Leute auch analog begegnen. Das merkt man im Plausch und den Gruppen am Tonfall: Er ist pers\u00f6nlicher als in einem anonymen Forum.<\/p><p><strong>Wie entwickelt sich das Projekt Digitale D\u00f6rfer Niedersachsen weiter? <\/strong><\/p><p>Der Roll-out und die wissenschaftliche Begleitung laufen noch bis 2025. So lange stehen die digitalen L\u00f6sungen den angeschlossenen D\u00f6rfern kostenfrei zur Verf\u00fcgung. Nach Projektende sollen die Kommunen f\u00e4hig sein, den DorfFunk sowie die anderen Kan\u00e4le eigenst\u00e4ndig zu nutzen und das Konzept weiterzutragen. Mit unseren Leitf\u00e4den und Empfehlungen sollte das funktionieren: Als gutes Projekt denken wir \u00fcber uns hinaus.<\/p><p>Bis dahin gibt es aber sicher noch viel Feedback, auf das wir auch reagieren. Im Mai hatten wir rund 55.000 Nutzerinnen und Nutzer und ich bekomme am laufenden Band E-Mails mit Verbesserungsvorschl\u00e4gen. Das freut mich sehr, weil es zeigt: Die Menschen sind wirklich engagiert dabei!<\/p>\t\t\t\t\t\t\t\t<\/div>\n\t\t\t\t<\/div>\n\t\t\t\t<div class=\"elementor-element elementor-element-6033b3f elementor-widget elementor-widget-spacer\" data-id=\"6033b3f\" data-element_type=\"widget\" data-e-type=\"widget\" data-widget_type=\"spacer.default\">\n\t\t\t\t<div class=\"elementor-widget-container\">\n\t\t\t\t\t\t\t<div class=\"elementor-spacer\">\n\t\t\t<div class=\"elementor-spacer-inner\"><\/div>\n\t\t<\/div>\n\t\t\t\t\t\t<\/div>\n\t\t\t\t<\/div>\n\t\t\t\t<div class=\"elementor-element elementor-element-1f0399c eael-infobox-icon-bg-shape-none eael-infobox-icon-hover-bg-shape-none elementor-widget elementor-widget-eael-info-box\" data-id=\"1f0399c\" data-element_type=\"widget\" data-e-type=\"widget\" data-widget_type=\"eael-info-box.default\">\n\t\t\t\t<div class=\"elementor-widget-container\">\n\t\t\t\t\t        <div class=\"eael-infobox icon-on-left\">\n\t            <div class=\"infobox-icon eael-icon-only\">\n\n            \n                            <div class=\"infobox-icon-wrap\">\n                    <i aria-hidden=\"true\" class=\"fas fa-info\"><\/i>                <\/div>\n            \n            \n        <\/div>\n            <div class=\"infobox-content eael-icon-only\">\n                    <div class=\"infobox-title-section\">\n                <h2 class=\"title\">Digitale D\u00f6rfer Niedersachsen<\/h2>            <\/div>\n            <div><p>Digitale D\u00f6rfer Niedersachsen unterst\u00fctzt Kommunen bei der Digitalisierung in l\u00e4ndlichen R\u00e4umen. Die\u00a0 DorfFunk-App und angeschlossene Kan\u00e4le erm\u00f6glichen den Austausch zwischen B\u00fcrgerinnen und B\u00fcrgern und erleichtern die Kommunikation mit der Verwaltung. Die Plattform erreicht eine breite Zielgruppe: In Niedersachsen z\u00e4hlte das Projekt im Mai 2024 rund 55.000 Nutzerinnen und Nutzer.<\/p><p>Digitale D\u00f6rfer Niedersachsen ist ein Kooperationsprojekt der Stiftung Digitale Chancen mit dem Fraunhofer-Institut f\u00fcr Experimentelles Software Engineering (IESE). Es wird vom Nieders\u00e4chsischen Ministerium f\u00fcr Bundes- und Europaangelegenheiten und Regionale Entwicklung gef\u00f6rdert. F\u00fcr die dreij\u00e4hrige Projektlaufzeit bis 2025 sind die Angebote f\u00fcr die teilnehmenden Kommunen aufgrund der Projektf\u00f6rderung kostenfrei.<\/p><p><a href=\"https:\/\/www.digitale-doerfer-niedersachsen.de\/\">https:\/\/www.digitale-doerfer-niedersachsen.de\/<\/a><\/p><p>\u00a0<\/p><\/div>        <\/div>\n            <\/div>\n\n\t\t\t\t\t\t<\/div>\n\t\t\t\t<\/div>\n\t\t\t\t\t<\/div>\n\t\t<\/div>\n\t\t\t\t\t<\/div>\n\t\t<\/section>\n\t\t\t\t<\/div>\n\t\t","protected":false},"excerpt":{"rendered":"<p>\u00dcber 55.000 Menschen waren im Mai 2024 in Niedersachsen bereits in der zentralen Plattform DorfFunk angemeldet. Jetzt will das betreuende Projekt Digitale D\u00f6rfer Niedersachsen die Teilhabe weiter st\u00e4rken: mit einer Schulung, die digitale Kompetenzen vermittelt.<\/p>\n","protected":false},"author":5,"featured_media":14336,"comment_status":"open","ping_status":"open","sticky":false,"template":"","format":"standard","meta":{"footnotes":""},"categories":[71],"tags":[],"class_list":["post-14334","post","type-post","status-publish","format-standard","has-post-thumbnail","hentry","category-gemeinschaft"],"yoast_head":"<!-- This site is optimized with the Yoast SEO plugin v27.5 - https:\/\/yoast.com\/product\/yoast-seo-wordpress\/ -->\n<title>Digitale Teilhabe - Digitales B\u00fcrgernetz<\/title>\n<meta name=\"description\" content=\"Das Projekt Digitale D\u00f6rfer Niedersachsen verbessert die Teilhabem\u00f6glichkeiten im l\u00e4ndlichen Raum. Jetzt gibt es ein Schulungskonzept f\u00fcr Engagierte.\" \/>\n<meta name=\"robots\" content=\"index, follow, max-snippet:-1, max-image-preview:large, max-video-preview:-1\" \/>\n<link rel=\"canonical\" href=\"https:\/\/www.deutsche-glasfaser.de\/blog\/niedersachsen-wie-digitale-dorfheldinnen-die-teilhabe-fordern\/\" \/>\n<meta property=\"og:locale\" content=\"de_DE\" \/>\n<meta property=\"og:type\" content=\"article\" \/>\n<meta property=\"og:title\" content=\"Digitale Teilhabe - Digitales B\u00fcrgernetz\" \/>\n<meta property=\"og:description\" content=\"Das Projekt Digitale D\u00f6rfer Niedersachsen verbessert die Teilhabem\u00f6glichkeiten im l\u00e4ndlichen Raum. Jetzt gibt es ein Schulungskonzept f\u00fcr Engagierte.\" \/>\n<meta property=\"og:url\" content=\"https:\/\/www.deutsche-glasfaser.de\/blog\/niedersachsen-wie-digitale-dorfheldinnen-die-teilhabe-fordern\/\" \/>\n<meta property=\"og:site_name\" content=\"Digitales B\u00fcrgernetz\" \/>\n<meta property=\"article:published_time\" content=\"2024-07-10T07:01:27+00:00\" \/>\n<meta property=\"article:modified_time\" content=\"2024-07-10T07:07:39+00:00\" \/>\n<meta property=\"og:image\" content=\"https:\/\/www.deutsche-glasfaser.de\/blog\/wp-content\/uploads\/2024\/07\/Titelbild_DorfheldInnen_FINAL.jpg\" \/>\n\t<meta property=\"og:image:width\" content=\"1500\" \/>\n\t<meta property=\"og:image:height\" content=\"705\" \/>\n\t<meta property=\"og:image:type\" content=\"image\/jpeg\" \/>\n<meta name=\"author\" content=\"Deutsche Glasfaser\" \/>\n<meta name=\"twitter:card\" content=\"summary_large_image\" \/>\n<meta name=\"twitter:label1\" content=\"Verfasst von\" \/>\n\t<meta name=\"twitter:data1\" content=\"Deutsche Glasfaser\" \/>\n\t<meta name=\"twitter:label2\" content=\"Gesch\u00e4tzte Lesezeit\" \/>\n\t<meta name=\"twitter:data2\" content=\"6\u00a0Minuten\" \/>\n<script type=\"application\/ld+json\" class=\"yoast-schema-graph\">{\"@context\":\"https:\\\/\\\/schema.org\",\"@graph\":[{\"@type\":\"Article\",\"@id\":\"https:\\\/\\\/www.deutsche-glasfaser.de\\\/blog\\\/niedersachsen-wie-digitale-dorfheldinnen-die-teilhabe-fordern\\\/#article\",\"isPartOf\":{\"@id\":\"https:\\\/\\\/www.deutsche-glasfaser.de\\\/blog\\\/niedersachsen-wie-digitale-dorfheldinnen-die-teilhabe-fordern\\\/\"},\"author\":{\"name\":\"Deutsche Glasfaser\",\"@id\":\"https:\\\/\\\/www.deutsche-glasfaser.de\\\/blog\\\/#\\\/schema\\\/person\\\/9380a6dc7443d77143d0c66c409f574b\"},\"headline\":\"Niedersachsen: Wie Digitale Dorfheld*innen die Teilhabe f\u00f6rdern\",\"datePublished\":\"2024-07-10T07:01:27+00:00\",\"dateModified\":\"2024-07-10T07:07:39+00:00\",\"mainEntityOfPage\":{\"@id\":\"https:\\\/\\\/www.deutsche-glasfaser.de\\\/blog\\\/niedersachsen-wie-digitale-dorfheldinnen-die-teilhabe-fordern\\\/\"},\"wordCount\":1104,\"commentCount\":0,\"publisher\":{\"@id\":\"https:\\\/\\\/www.deutsche-glasfaser.de\\\/blog\\\/#organization\"},\"image\":{\"@id\":\"https:\\\/\\\/www.deutsche-glasfaser.de\\\/blog\\\/niedersachsen-wie-digitale-dorfheldinnen-die-teilhabe-fordern\\\/#primaryimage\"},\"thumbnailUrl\":\"https:\\\/\\\/www.deutsche-glasfaser.de\\\/blog\\\/wp-content\\\/uploads\\\/2024\\\/07\\\/Titelbild_DorfheldInnen_FINAL.jpg\",\"articleSection\":[\"#Gemeinschaft\"],\"inLanguage\":\"de\",\"potentialAction\":[{\"@type\":\"CommentAction\",\"name\":\"Comment\",\"target\":[\"https:\\\/\\\/www.deutsche-glasfaser.de\\\/blog\\\/niedersachsen-wie-digitale-dorfheldinnen-die-teilhabe-fordern\\\/#respond\"]}]},{\"@type\":\"WebPage\",\"@id\":\"https:\\\/\\\/www.deutsche-glasfaser.de\\\/blog\\\/niedersachsen-wie-digitale-dorfheldinnen-die-teilhabe-fordern\\\/\",\"url\":\"https:\\\/\\\/www.deutsche-glasfaser.de\\\/blog\\\/niedersachsen-wie-digitale-dorfheldinnen-die-teilhabe-fordern\\\/\",\"name\":\"Digitale Teilhabe - Digitales B\u00fcrgernetz\",\"isPartOf\":{\"@id\":\"https:\\\/\\\/www.deutsche-glasfaser.de\\\/blog\\\/#website\"},\"primaryImageOfPage\":{\"@id\":\"https:\\\/\\\/www.deutsche-glasfaser.de\\\/blog\\\/niedersachsen-wie-digitale-dorfheldinnen-die-teilhabe-fordern\\\/#primaryimage\"},\"image\":{\"@id\":\"https:\\\/\\\/www.deutsche-glasfaser.de\\\/blog\\\/niedersachsen-wie-digitale-dorfheldinnen-die-teilhabe-fordern\\\/#primaryimage\"},\"thumbnailUrl\":\"https:\\\/\\\/www.deutsche-glasfaser.de\\\/blog\\\/wp-content\\\/uploads\\\/2024\\\/07\\\/Titelbild_DorfheldInnen_FINAL.jpg\",\"datePublished\":\"2024-07-10T07:01:27+00:00\",\"dateModified\":\"2024-07-10T07:07:39+00:00\",\"description\":\"Das Projekt Digitale D\u00f6rfer Niedersachsen verbessert die Teilhabem\u00f6glichkeiten im l\u00e4ndlichen Raum. Jetzt gibt es ein Schulungskonzept f\u00fcr Engagierte.\",\"inLanguage\":\"de\",\"potentialAction\":[{\"@type\":\"ReadAction\",\"target\":[\"https:\\\/\\\/www.deutsche-glasfaser.de\\\/blog\\\/niedersachsen-wie-digitale-dorfheldinnen-die-teilhabe-fordern\\\/\"]}]},{\"@type\":\"ImageObject\",\"inLanguage\":\"de\",\"@id\":\"https:\\\/\\\/www.deutsche-glasfaser.de\\\/blog\\\/niedersachsen-wie-digitale-dorfheldinnen-die-teilhabe-fordern\\\/#primaryimage\",\"url\":\"https:\\\/\\\/www.deutsche-glasfaser.de\\\/blog\\\/wp-content\\\/uploads\\\/2024\\\/07\\\/Titelbild_DorfheldInnen_FINAL.jpg\",\"contentUrl\":\"https:\\\/\\\/www.deutsche-glasfaser.de\\\/blog\\\/wp-content\\\/uploads\\\/2024\\\/07\\\/Titelbild_DorfheldInnen_FINAL.jpg\",\"width\":1500,\"height\":705,\"caption\":\"Digitale D\u00f6rfer Niedersachsen hat ein neues Schulungskonzept, das digitale Kompetenzen vermittelt. \u00a9 Fraunhofer IESE\\\/Stiftung Digitale Chancen\"},{\"@type\":\"WebSite\",\"@id\":\"https:\\\/\\\/www.deutsche-glasfaser.de\\\/blog\\\/#website\",\"url\":\"https:\\\/\\\/www.deutsche-glasfaser.de\\\/blog\\\/\",\"name\":\"Digitales B\u00fcrgernetz\",\"description\":\"Deutsche Glasfaser Blog\",\"publisher\":{\"@id\":\"https:\\\/\\\/www.deutsche-glasfaser.de\\\/blog\\\/#organization\"},\"potentialAction\":[{\"@type\":\"SearchAction\",\"target\":{\"@type\":\"EntryPoint\",\"urlTemplate\":\"https:\\\/\\\/www.deutsche-glasfaser.de\\\/blog\\\/?s={search_term_string}\"},\"query-input\":{\"@type\":\"PropertyValueSpecification\",\"valueRequired\":true,\"valueName\":\"search_term_string\"}}],\"inLanguage\":\"de\"},{\"@type\":\"Organization\",\"@id\":\"https:\\\/\\\/www.deutsche-glasfaser.de\\\/blog\\\/#organization\",\"name\":\"Digitales B\u00fcrgernetz\",\"url\":\"https:\\\/\\\/www.deutsche-glasfaser.de\\\/blog\\\/\",\"logo\":{\"@type\":\"ImageObject\",\"inLanguage\":\"de\",\"@id\":\"https:\\\/\\\/www.deutsche-glasfaser.de\\\/blog\\\/#\\\/schema\\\/logo\\\/image\\\/\",\"url\":\"https:\\\/\\\/www.deutsche-glasfaser.de\\\/blog\\\/wp-content\\\/uploads\\\/2021\\\/08\\\/DGF_Logo_Basis_RGB-Large@2x.png\",\"contentUrl\":\"https:\\\/\\\/www.deutsche-glasfaser.de\\\/blog\\\/wp-content\\\/uploads\\\/2021\\\/08\\\/DGF_Logo_Basis_RGB-Large@2x.png\",\"width\":312,\"height\":104,\"caption\":\"Digitales B\u00fcrgernetz\"},\"image\":{\"@id\":\"https:\\\/\\\/www.deutsche-glasfaser.de\\\/blog\\\/#\\\/schema\\\/logo\\\/image\\\/\"}},{\"@type\":\"Person\",\"@id\":\"https:\\\/\\\/www.deutsche-glasfaser.de\\\/blog\\\/#\\\/schema\\\/person\\\/9380a6dc7443d77143d0c66c409f574b\",\"name\":\"Deutsche Glasfaser\"}]}<\/script>\n<!-- \/ Yoast SEO plugin. -->","yoast_head_json":{"title":"Digitale Teilhabe - Digitales B\u00fcrgernetz","description":"Das Projekt Digitale D\u00f6rfer Niedersachsen verbessert die Teilhabem\u00f6glichkeiten im l\u00e4ndlichen Raum. Jetzt gibt es ein Schulungskonzept f\u00fcr Engagierte.","robots":{"index":"index","follow":"follow","max-snippet":"max-snippet:-1","max-image-preview":"max-image-preview:large","max-video-preview":"max-video-preview:-1"},"canonical":"https:\/\/www.deutsche-glasfaser.de\/blog\/niedersachsen-wie-digitale-dorfheldinnen-die-teilhabe-fordern\/","og_locale":"de_DE","og_type":"article","og_title":"Digitale Teilhabe - Digitales B\u00fcrgernetz","og_description":"Das Projekt Digitale D\u00f6rfer Niedersachsen verbessert die Teilhabem\u00f6glichkeiten im l\u00e4ndlichen Raum. Jetzt gibt es ein Schulungskonzept f\u00fcr Engagierte.","og_url":"https:\/\/www.deutsche-glasfaser.de\/blog\/niedersachsen-wie-digitale-dorfheldinnen-die-teilhabe-fordern\/","og_site_name":"Digitales B\u00fcrgernetz","article_published_time":"2024-07-10T07:01:27+00:00","article_modified_time":"2024-07-10T07:07:39+00:00","og_image":[{"width":1500,"height":705,"url":"https:\/\/www.deutsche-glasfaser.de\/blog\/wp-content\/uploads\/2024\/07\/Titelbild_DorfheldInnen_FINAL.jpg","type":"image\/jpeg"}],"author":"Deutsche Glasfaser","twitter_card":"summary_large_image","twitter_misc":{"Verfasst von":"Deutsche Glasfaser","Gesch\u00e4tzte Lesezeit":"6\u00a0Minuten"},"schema":{"@context":"https:\/\/schema.org","@graph":[{"@type":"Article","@id":"https:\/\/www.deutsche-glasfaser.de\/blog\/niedersachsen-wie-digitale-dorfheldinnen-die-teilhabe-fordern\/#article","isPartOf":{"@id":"https:\/\/www.deutsche-glasfaser.de\/blog\/niedersachsen-wie-digitale-dorfheldinnen-die-teilhabe-fordern\/"},"author":{"name":"Deutsche Glasfaser","@id":"https:\/\/www.deutsche-glasfaser.de\/blog\/#\/schema\/person\/9380a6dc7443d77143d0c66c409f574b"},"headline":"Niedersachsen: Wie Digitale Dorfheld*innen die Teilhabe f\u00f6rdern","datePublished":"2024-07-10T07:01:27+00:00","dateModified":"2024-07-10T07:07:39+00:00","mainEntityOfPage":{"@id":"https:\/\/www.deutsche-glasfaser.de\/blog\/niedersachsen-wie-digitale-dorfheldinnen-die-teilhabe-fordern\/"},"wordCount":1104,"commentCount":0,"publisher":{"@id":"https:\/\/www.deutsche-glasfaser.de\/blog\/#organization"},"image":{"@id":"https:\/\/www.deutsche-glasfaser.de\/blog\/niedersachsen-wie-digitale-dorfheldinnen-die-teilhabe-fordern\/#primaryimage"},"thumbnailUrl":"https:\/\/www.deutsche-glasfaser.de\/blog\/wp-content\/uploads\/2024\/07\/Titelbild_DorfheldInnen_FINAL.jpg","articleSection":["#Gemeinschaft"],"inLanguage":"de","potentialAction":[{"@type":"CommentAction","name":"Comment","target":["https:\/\/www.deutsche-glasfaser.de\/blog\/niedersachsen-wie-digitale-dorfheldinnen-die-teilhabe-fordern\/#respond"]}]},{"@type":"WebPage","@id":"https:\/\/www.deutsche-glasfaser.de\/blog\/niedersachsen-wie-digitale-dorfheldinnen-die-teilhabe-fordern\/","url":"https:\/\/www.deutsche-glasfaser.de\/blog\/niedersachsen-wie-digitale-dorfheldinnen-die-teilhabe-fordern\/","name":"Digitale Teilhabe - Digitales B\u00fcrgernetz","isPartOf":{"@id":"https:\/\/www.deutsche-glasfaser.de\/blog\/#website"},"primaryImageOfPage":{"@id":"https:\/\/www.deutsche-glasfaser.de\/blog\/niedersachsen-wie-digitale-dorfheldinnen-die-teilhabe-fordern\/#primaryimage"},"image":{"@id":"https:\/\/www.deutsche-glasfaser.de\/blog\/niedersachsen-wie-digitale-dorfheldinnen-die-teilhabe-fordern\/#primaryimage"},"thumbnailUrl":"https:\/\/www.deutsche-glasfaser.de\/blog\/wp-content\/uploads\/2024\/07\/Titelbild_DorfheldInnen_FINAL.jpg","datePublished":"2024-07-10T07:01:27+00:00","dateModified":"2024-07-10T07:07:39+00:00","description":"Das Projekt Digitale D\u00f6rfer Niedersachsen verbessert die Teilhabem\u00f6glichkeiten im l\u00e4ndlichen Raum. Jetzt gibt es ein Schulungskonzept f\u00fcr Engagierte.","inLanguage":"de","potentialAction":[{"@type":"ReadAction","target":["https:\/\/www.deutsche-glasfaser.de\/blog\/niedersachsen-wie-digitale-dorfheldinnen-die-teilhabe-fordern\/"]}]},{"@type":"ImageObject","inLanguage":"de","@id":"https:\/\/www.deutsche-glasfaser.de\/blog\/niedersachsen-wie-digitale-dorfheldinnen-die-teilhabe-fordern\/#primaryimage","url":"https:\/\/www.deutsche-glasfaser.de\/blog\/wp-content\/uploads\/2024\/07\/Titelbild_DorfheldInnen_FINAL.jpg","contentUrl":"https:\/\/www.deutsche-glasfaser.de\/blog\/wp-content\/uploads\/2024\/07\/Titelbild_DorfheldInnen_FINAL.jpg","width":1500,"height":705,"caption":"Digitale D\u00f6rfer Niedersachsen hat ein neues Schulungskonzept, das digitale Kompetenzen vermittelt. \u00a9 Fraunhofer IESE\/Stiftung Digitale Chancen"},{"@type":"WebSite","@id":"https:\/\/www.deutsche-glasfaser.de\/blog\/#website","url":"https:\/\/www.deutsche-glasfaser.de\/blog\/","name":"Digitales B\u00fcrgernetz","description":"Deutsche Glasfaser Blog","publisher":{"@id":"https:\/\/www.deutsche-glasfaser.de\/blog\/#organization"},"potentialAction":[{"@type":"SearchAction","target":{"@type":"EntryPoint","urlTemplate":"https:\/\/www.deutsche-glasfaser.de\/blog\/?s={search_term_string}"},"query-input":{"@type":"PropertyValueSpecification","valueRequired":true,"valueName":"search_term_string"}}],"inLanguage":"de"},{"@type":"Organization","@id":"https:\/\/www.deutsche-glasfaser.de\/blog\/#organization","name":"Digitales B\u00fcrgernetz","url":"https:\/\/www.deutsche-glasfaser.de\/blog\/","logo":{"@type":"ImageObject","inLanguage":"de","@id":"https:\/\/www.deutsche-glasfaser.de\/blog\/#\/schema\/logo\/image\/","url":"https:\/\/www.deutsche-glasfaser.de\/blog\/wp-content\/uploads\/2021\/08\/DGF_Logo_Basis_RGB-Large@2x.png","contentUrl":"https:\/\/www.deutsche-glasfaser.de\/blog\/wp-content\/uploads\/2021\/08\/DGF_Logo_Basis_RGB-Large@2x.png","width":312,"height":104,"caption":"Digitales B\u00fcrgernetz"},"image":{"@id":"https:\/\/www.deutsche-glasfaser.de\/blog\/#\/schema\/logo\/image\/"}},{"@type":"Person","@id":"https:\/\/www.deutsche-glasfaser.de\/blog\/#\/schema\/person\/9380a6dc7443d77143d0c66c409f574b","name":"Deutsche Glasfaser"}]}},"_links":{"self":[{"href":"https:\/\/www.deutsche-glasfaser.de\/blog\/wp-json\/wp\/v2\/posts\/14334","targetHints":{"allow":["GET"]}}],"collection":[{"href":"https:\/\/www.deutsche-glasfaser.de\/blog\/wp-json\/wp\/v2\/posts"}],"about":[{"href":"https:\/\/www.deutsche-glasfaser.de\/blog\/wp-json\/wp\/v2\/types\/post"}],"author":[{"embeddable":true,"href":"https:\/\/www.deutsche-glasfaser.de\/blog\/wp-json\/wp\/v2\/users\/5"}],"replies":[{"embeddable":true,"href":"https:\/\/www.deutsche-glasfaser.de\/blog\/wp-json\/wp\/v2\/comments?post=14334"}],"version-history":[{"count":4,"href":"https:\/\/www.deutsche-glasfaser.de\/blog\/wp-json\/wp\/v2\/posts\/14334\/revisions"}],"predecessor-version":[{"id":14340,"href":"https:\/\/www.deutsche-glasfaser.de\/blog\/wp-json\/wp\/v2\/posts\/14334\/revisions\/14340"}],"wp:featuredmedia":[{"embeddable":true,"href":"https:\/\/www.deutsche-glasfaser.de\/blog\/wp-json\/wp\/v2\/media\/14336"}],"wp:attachment":[{"href":"https:\/\/www.deutsche-glasfaser.de\/blog\/wp-json\/wp\/v2\/media?parent=14334"}],"wp:term":[{"taxonomy":"category","embeddable":true,"href":"https:\/\/www.deutsche-glasfaser.de\/blog\/wp-json\/wp\/v2\/categories?post=14334"},{"taxonomy":"post_tag","embeddable":true,"href":"https:\/\/www.deutsche-glasfaser.de\/blog\/wp-json\/wp\/v2\/tags?post=14334"}],"curies":[{"name":"wp","href":"https:\/\/api.w.org\/{rel}","templated":true}]}}