{"id":14319,"date":"2024-07-02T08:15:11","date_gmt":"2024-07-02T06:15:11","guid":{"rendered":"https:\/\/www.deutsche-glasfaser.de\/blog\/?p=14319"},"modified":"2024-07-02T08:40:15","modified_gmt":"2024-07-02T06:40:15","slug":"katastrophenschutz-fruhe-warnung-vor-dem-nachsten-starkregen","status":"publish","type":"post","link":"https:\/\/www.deutsche-glasfaser.de\/blog\/katastrophenschutz-fruhe-warnung-vor-dem-nachsten-starkregen\/","title":{"rendered":"Katastrophenschutz: Fr\u00fche Warnung vor dem n\u00e4chsten Starkregen"},"content":{"rendered":"\t\t<div data-elementor-type=\"wp-post\" data-elementor-id=\"14319\" class=\"elementor elementor-14319\">\n\t\t\t\t\t\t<section class=\"elementor-section elementor-top-section elementor-element elementor-element-58a5316 elementor-section-boxed elementor-section-height-default elementor-section-height-default\" data-id=\"58a5316\" data-element_type=\"section\" data-e-type=\"section\">\n\t\t\t\t\t\t<div class=\"elementor-container elementor-column-gap-default\">\n\t\t\t\t\t<div class=\"elementor-column elementor-col-100 elementor-top-column elementor-element elementor-element-e62b84a\" data-id=\"e62b84a\" data-element_type=\"column\" data-e-type=\"column\">\n\t\t\t<div class=\"elementor-widget-wrap elementor-element-populated\">\n\t\t\t\t\t\t<div class=\"elementor-element elementor-element-d3607b3 elementor-widget elementor-widget-text-editor\" data-id=\"d3607b3\" data-element_type=\"widget\" data-e-type=\"widget\" data-widget_type=\"text-editor.default\">\n\t\t\t\t<div class=\"elementor-widget-container\">\n\t\t\t\t\t\t\t\t\t<p>Digitale Tools melden steigende Flusspegel in gef\u00e4hrdeten Regionen \u00a9 unsplash\/Nazrin Babashova<\/p>\t\t\t\t\t\t\t\t<\/div>\n\t\t\t\t<\/div>\n\t\t\t\t\t<\/div>\n\t\t<\/div>\n\t\t\t\t\t<\/div>\n\t\t<\/section>\n\t\t\t\t<section class=\"elementor-section elementor-top-section elementor-element elementor-element-9b1f75d elementor-section-boxed elementor-section-height-default elementor-section-height-default\" data-id=\"9b1f75d\" data-element_type=\"section\" data-e-type=\"section\">\n\t\t\t\t\t\t<div class=\"elementor-container elementor-column-gap-default\">\n\t\t\t\t\t<div class=\"elementor-column elementor-col-100 elementor-top-column elementor-element elementor-element-6a03169\" data-id=\"6a03169\" data-element_type=\"column\" data-e-type=\"column\">\n\t\t\t<div class=\"elementor-widget-wrap elementor-element-populated\">\n\t\t\t\t\t\t<div class=\"elementor-element elementor-element-206fda8 elementor-widget elementor-widget-text-editor\" data-id=\"206fda8\" data-element_type=\"widget\" data-e-type=\"widget\" data-widget_type=\"text-editor.default\">\n\t\t\t\t<div class=\"elementor-widget-container\">\n\t\t\t\t\t\t\t\t\t<p>In den vergangenen Jahren haben einige Regionen in Deutschland erlebt, was Regen und Hochwasser anrichten k\u00f6nnen. Besonders stark betroffen waren 2021 das rheinland-pf\u00e4lzische Ahrtal und das s\u00fcdliche Nordrhein-Westfalen; vor wenigen Wochen, im Fr\u00fchjahr 2024, traf es vor allem Bayern und Baden-W\u00fcrttemberg. Doch auch viele andere Regionen in Deutschland sind <a href=\"https:\/\/geoportal.bafg.de\/karten\/HWRM_Aktuell\/\"><u>Risikogebiete<\/u><\/a>: Vor allem an der K\u00fcste oder l\u00e4ngs der gro\u00dfen Fl\u00fcsse Elbe, Donau oder Rhein gibt es regelm\u00e4\u00dfig Hochwasser \u2013 und mit dem Klimawandel kommen solche Ereignisse sogar noch h\u00e4ufiger vor.<\/p>\t\t\t\t\t\t\t\t<\/div>\n\t\t\t\t<\/div>\n\t\t\t\t<div class=\"elementor-element elementor-element-0d5dfbd elementor-widget elementor-widget-spacer\" data-id=\"0d5dfbd\" data-element_type=\"widget\" data-e-type=\"widget\" data-widget_type=\"spacer.default\">\n\t\t\t\t<div class=\"elementor-widget-container\">\n\t\t\t\t\t\t\t<div class=\"elementor-spacer\">\n\t\t\t<div class=\"elementor-spacer-inner\"><\/div>\n\t\t<\/div>\n\t\t\t\t\t\t<\/div>\n\t\t\t\t<\/div>\n\t\t\t\t<div class=\"elementor-element elementor-element-8fab37a elementor-widget elementor-widget-heading\" data-id=\"8fab37a\" data-element_type=\"widget\" data-e-type=\"widget\" data-widget_type=\"heading.default\">\n\t\t\t\t<div class=\"elementor-widget-container\">\n\t\t\t\t\t<h2 class=\"elementor-heading-title elementor-size-default\">Katastrophenschutz braucht lokale Datennetze<\/h2>\t\t\t\t<\/div>\n\t\t\t\t<\/div>\n\t\t\t\t<div class=\"elementor-element elementor-element-722cc6e elementor-widget elementor-widget-spacer\" data-id=\"722cc6e\" data-element_type=\"widget\" data-e-type=\"widget\" data-widget_type=\"spacer.default\">\n\t\t\t\t<div class=\"elementor-widget-container\">\n\t\t\t\t\t\t\t<div class=\"elementor-spacer\">\n\t\t\t<div class=\"elementor-spacer-inner\"><\/div>\n\t\t<\/div>\n\t\t\t\t\t\t<\/div>\n\t\t\t\t<\/div>\n\t\t\t\t<div class=\"elementor-element elementor-element-0d33880 elementor-widget elementor-widget-text-editor\" data-id=\"0d33880\" data-element_type=\"widget\" data-e-type=\"widget\" data-widget_type=\"text-editor.default\">\n\t\t\t\t<div class=\"elementor-widget-container\">\n\t\t\t\t\t\t\t\t\t<p>Das T\u00fcckische: Lokaler Starkregen, Unwetter und \u00dcberflutungen lassen sich oft nicht einfach mit dem Blick auf die Wettervorhersage prognostizieren. Deswegen haben in den vergangenen Jahren viele Kommunen angefangen, sensorgest\u00fctzte Fr\u00fchwarnsysteme zu installieren. Ein Beispiel: das <a href=\"https:\/\/www.deutsche-glasfaser.de\/blog\/neues-forschungsprojekt-besserer-hochwasserschutz-dank-kuenstlicher-intelligenz\/\"><u>Hochwasserschutzsystem 4.0 im Bergischen Land<\/u><\/a>, wo der Wupperverband mit seinem umfangreichen Messnetz die Situation im gesamten Wuppereinzugsgebiet erfasst. \u201eWir wissen, dass Hochwasserereignisse und urbane Sturzfluten immer h\u00e4ufiger auf uns zukommen werden. Wir m\u00fcssen also schneller und besser reagieren, unter anderem indem wir die Meldesysteme verbessern und ausbauen\u201c, erkl\u00e4rt Christian F\u00f6rster, Leiter Fachinformationssysteme &amp; Datenanalytik beim Wupperverband, das Projekt, bei dem eine KI die Daten analysieren und Warnungen geben soll. \u201eWir brauchen eine L\u00f6sung, die zum Beispiel ganz gezielt die Anwohner in der Kohlfurth, einem Stadtbezirk entlang der Wupper in Wuppertal informiert, dass die Pegelst\u00e4nde dort in kurzer Zeit stark steigen werden \u2013 und zwar am besten mit mehr Vorlaufzeit, als wir es heute k\u00f6nnen. Wichtig w\u00e4re auch die Anbindung an die Krisenst\u00e4be, um beispielsweise das Stromnetz abzuschalten oder Bezirke zu evakuieren.\u201c<\/p><p>\u00a0<\/p><p>Eine solche L\u00f6sung gibt es im kleineren Ma\u00dfstab bereits im bayerischen Markt Ergoldsbach. Die Gemeinde hatte im vergangenen Jahr ein smartes Hochwasser-Fr\u00fchwarnsystem erprobt und mittlerweile durch Bodenfeuchtesensoren und Wetterstationen erg\u00e4nzt: K\u00fcnstliche Intelligenz analysiert lokal erhobene Wetterdaten und alarmiert bei \u00dcberschreitung kritischer Messwerte automatisch die Bev\u00f6lkerung und Einsatzkr\u00e4fte. Zu dem verwendeten Starkregen-Fr\u00fchalarmsystem (FAS) des Unternehmens Spekter geh\u00f6rt eine App. Gewarnt werden kann jedoch auch via E-Mail, SMS, Messengerdienst oder automatisiertem Anruf. Das bayerische Digitalministerium f\u00f6rdert die Entwicklung im Rahmen des Projektes \u201eKommunal? Digital!\u201c \u2013 das bedeutet: Im Anschluss soll das System anderen Kommunen als Best-Practice-Beispiel zur Verf\u00fcgung stehen.<\/p>\t\t\t\t\t\t\t\t<\/div>\n\t\t\t\t<\/div>\n\t\t\t\t<div class=\"elementor-element elementor-element-8b01ce5 elementor-widget elementor-widget-image\" data-id=\"8b01ce5\" data-element_type=\"widget\" data-e-type=\"widget\" data-widget_type=\"image.default\">\n\t\t\t\t<div class=\"elementor-widget-container\">\n\t\t\t\t\t\t\t\t\t\t\t\t<figure class=\"wp-caption\">\n\t\t\t\t\t\t\t\t\t\t<img fetchpriority=\"high\" decoding=\"async\" width=\"768\" height=\"595\" src=\"https:\/\/www.deutsche-glasfaser.de\/blog\/wp-content\/uploads\/2024\/07\/Beitragsbild_thom-holmes-Lrfw0U_o9I0-unsplash_FINAL.jpg\" class=\"attachment-medium_large size-medium_large wp-image-14320\" alt=\"Mann steht mit dem R\u00fccken zum Fenster und schaut auf sein Mobiltelefon.\" srcset=\"https:\/\/www.deutsche-glasfaser.de\/blog\/wp-content\/uploads\/2024\/07\/Beitragsbild_thom-holmes-Lrfw0U_o9I0-unsplash_FINAL.jpg 768w, https:\/\/www.deutsche-glasfaser.de\/blog\/wp-content\/uploads\/2024\/07\/Beitragsbild_thom-holmes-Lrfw0U_o9I0-unsplash_FINAL-300x232.jpg 300w\" sizes=\"(max-width: 768px) 100vw, 768px\" \/>\t\t\t\t\t\t\t\t\t\t\t<figcaption class=\"widget-image-caption wp-caption-text\">Warnung aufs Handy: Die Fr\u00fchwarnsysteme nutzen viele unterschiedliche Kan\u00e4le, um Betroffene zu erreichen. \u00a9 unsplash\/Thom Holmes<\/figcaption>\n\t\t\t\t\t\t\t\t\t\t<\/figure>\n\t\t\t\t\t\t\t\t\t<\/div>\n\t\t\t\t<\/div>\n\t\t\t\t<div class=\"elementor-element elementor-element-9e6b2d1 elementor-widget elementor-widget-spacer\" data-id=\"9e6b2d1\" data-element_type=\"widget\" data-e-type=\"widget\" data-widget_type=\"spacer.default\">\n\t\t\t\t<div class=\"elementor-widget-container\">\n\t\t\t\t\t\t\t<div class=\"elementor-spacer\">\n\t\t\t<div class=\"elementor-spacer-inner\"><\/div>\n\t\t<\/div>\n\t\t\t\t\t\t<\/div>\n\t\t\t\t<\/div>\n\t\t\t\t<div class=\"elementor-element elementor-element-c0f2488 elementor-widget elementor-widget-text-editor\" data-id=\"c0f2488\" data-element_type=\"widget\" data-e-type=\"widget\" data-widget_type=\"text-editor.default\">\n\t\t\t\t<div class=\"elementor-widget-container\">\n\t\t\t\t\t\t\t\t\t<p>\u201eDigitalisierung ist kein Selbstzweck, sondern f\u00fcr die Menschen da. In Ergoldsbach nutzen wir innovative Zukunftstechnologien wie K\u00fcnstliche Intelligenz, um die Bev\u00f6lkerung besser zu sch\u00fctzen und die Kommunen resilienter gegen Extremwetter zu machen\u201c, sagte der bayerische Digitalminister Fabian Mehring bei einem Besuch in Ergoldsbach.<\/p><p>Das neue KI-Warnsystem f\u00fcr Unwetter nutzt Daten von 35 \u00f6rtlichen Wetter- und Pegelsensoren im Gemeindegebiet, um lokale Extremwettersituationen k\u00fcnftig besser und ortsgenau vorhersagen zu k\u00f6nnen. Dabei werden beispielsweise Niederschlagsmenge, Feuchtigkeit, Temperatur, und Windrichtung sowie die Pegelst\u00e4nde an Gew\u00e4ssern gemessen. F\u00fcr die Vorhersage k\u00fcnftiger Wetterentwicklungen flie\u00dfen zudem meteorologische Daten des Deutschen Wetterdienstes in das System ein und werden in Echtzeit ausgewertet.<\/p>\t\t\t\t\t\t\t\t<\/div>\n\t\t\t\t<\/div>\n\t\t\t\t<div class=\"elementor-element elementor-element-2656ea4 elementor-widget elementor-widget-spacer\" data-id=\"2656ea4\" data-element_type=\"widget\" data-e-type=\"widget\" data-widget_type=\"spacer.default\">\n\t\t\t\t<div class=\"elementor-widget-container\">\n\t\t\t\t\t\t\t<div class=\"elementor-spacer\">\n\t\t\t<div class=\"elementor-spacer-inner\"><\/div>\n\t\t<\/div>\n\t\t\t\t\t\t<\/div>\n\t\t\t\t<\/div>\n\t\t\t\t<div class=\"elementor-element elementor-element-c9247f2 elementor-widget elementor-widget-heading\" data-id=\"c9247f2\" data-element_type=\"widget\" data-e-type=\"widget\" data-widget_type=\"heading.default\">\n\t\t\t\t<div class=\"elementor-widget-container\">\n\t\t\t\t\t<h2 class=\"elementor-heading-title elementor-size-default\">Digitale Zwillinge helfen bei der Prognose<\/h2>\t\t\t\t<\/div>\n\t\t\t\t<\/div>\n\t\t\t\t<div class=\"elementor-element elementor-element-c50a97c elementor-widget elementor-widget-spacer\" data-id=\"c50a97c\" data-element_type=\"widget\" data-e-type=\"widget\" data-widget_type=\"spacer.default\">\n\t\t\t\t<div class=\"elementor-widget-container\">\n\t\t\t\t\t\t\t<div class=\"elementor-spacer\">\n\t\t\t<div class=\"elementor-spacer-inner\"><\/div>\n\t\t<\/div>\n\t\t\t\t\t\t<\/div>\n\t\t\t\t<\/div>\n\t\t\t\t<div class=\"elementor-element elementor-element-a5e674f elementor-widget elementor-widget-text-editor\" data-id=\"a5e674f\" data-element_type=\"widget\" data-e-type=\"widget\" data-widget_type=\"text-editor.default\">\n\t\t\t\t<div class=\"elementor-widget-container\">\n\t\t\t\t\t\t\t\t\t<p>Andere Kommunen nutzen digitale Zwillinge, um ihre Prognosen zu verbessern. So hat beispielsweise das bayerische Schwabach j\u00fcngst ein Modell vorgestellt, mit dem sich Hochwasser innerhalb der Ortschaft simulieren l\u00e4sst und so Risikogebiete sichtbar werden. Der Schwabacher digitale Zwilling soll auch bei der Erstellung von Evakuierungspl\u00e4nen helfen, damit die Gemeinde schnell reagieren kann.<\/p><p>\u201eWir k\u00f6nnen sehen, wo tendenziell Keller oder Stra\u00dfen unter Wasser stehen werden, wo die Schwabach ihr Flussbett erweitern wird, um dementsprechend auch baulich vorsorgen zu k\u00f6nnen\u201c, erkl\u00e4rt Digital-Lotse Jan M\u00fcller-Kaderschafka dem <a href=\"https:\/\/www.br.de\/nachrichten\/wissen\/wie-schwabachs-digitaler-zwilling-vor-katastrophen-schuetzt,UDm1HAp\"><u>Bayerischen Rundfunk<\/u><\/a>.<\/p><p>Neben Hochwasserrisiken zeigt das Modell an, wo sich Hitze staut und Begr\u00fcnungsma\u00dfnahmen Abhilfe schaffen k\u00f6nnten. Die Stadtplanung soll solche Hitzeinseln k\u00fcnftig vermeiden, indem Frischluftschneisen, Gr\u00fcnfl\u00e4chen und Dachbegr\u00fcnungen integriert werden.<\/p>\t\t\t\t\t\t\t\t<\/div>\n\t\t\t\t<\/div>\n\t\t\t\t<div class=\"elementor-element elementor-element-5202f47 elementor-widget elementor-widget-spacer\" data-id=\"5202f47\" data-element_type=\"widget\" data-e-type=\"widget\" data-widget_type=\"spacer.default\">\n\t\t\t\t<div class=\"elementor-widget-container\">\n\t\t\t\t\t\t\t<div class=\"elementor-spacer\">\n\t\t\t<div class=\"elementor-spacer-inner\"><\/div>\n\t\t<\/div>\n\t\t\t\t\t\t<\/div>\n\t\t\t\t<\/div>\n\t\t\t\t<div class=\"elementor-element elementor-element-46b4b9a elementor-widget elementor-widget-heading\" data-id=\"46b4b9a\" data-element_type=\"widget\" data-e-type=\"widget\" data-widget_type=\"heading.default\">\n\t\t\t\t<div class=\"elementor-widget-container\">\n\t\t\t\t\t<h2 class=\"elementor-heading-title elementor-size-default\">Digitale Vernetzung von Einsatzkr\u00e4ften<\/h2>\t\t\t\t<\/div>\n\t\t\t\t<\/div>\n\t\t\t\t<div class=\"elementor-element elementor-element-924648e elementor-widget elementor-widget-spacer\" data-id=\"924648e\" data-element_type=\"widget\" data-e-type=\"widget\" data-widget_type=\"spacer.default\">\n\t\t\t\t<div class=\"elementor-widget-container\">\n\t\t\t\t\t\t\t<div class=\"elementor-spacer\">\n\t\t\t<div class=\"elementor-spacer-inner\"><\/div>\n\t\t<\/div>\n\t\t\t\t\t\t<\/div>\n\t\t\t\t<\/div>\n\t\t\t\t<div class=\"elementor-element elementor-element-4ad6123 elementor-widget elementor-widget-text-editor\" data-id=\"4ad6123\" data-element_type=\"widget\" data-e-type=\"widget\" data-widget_type=\"text-editor.default\">\n\t\t\t\t<div class=\"elementor-widget-container\">\n\t\t\t\t\t\t\t\t\t<p>Die fr\u00fche Warnung reicht jedoch nicht aus, damit Kommunen im Katastrophenfall schnell reagieren k\u00f6nnen \u2013 auch bei der Koordination der Einsatzkr\u00e4fte sind digitale Dienste gefragt.<\/p><p>So hat beispielsweise die Stadt Bamberg eine digitale Lagekarte und ein digitales Dashboard entwickelt, das alle Organisationen \u2013 darunter z. B. Feuerwehr, Polizei, Rettungsdienste, das Technische Hilfswerk, Leitstellen und die Kreisverwaltungsbeh\u00f6rden \u2013 miteinander verbindet und einsatzrelevante Informationen anbietet. \u201eDas k\u00f6nnen je nach Situation Pegelst\u00e4nde von Gew\u00e4ssern, Wetterdaten, Verkehrsstr\u00f6me oder auch die Auslastung der Krankenh\u00e4user sein. Dabei soll jede Stelle das Dashboard so anpassen k\u00f6nnen, wie es den jeweiligen Anforderungen und Nutzerrelevanz entspricht\u201c, sagt Jochen D\u00fcrst, ehrenamtlich im Katastrophenschutz der Stadt Bamberg t\u00e4tig, <span style=\"text-decoration: underline;\"><strong><a href=\"https:\/\/www.deutsche-glasfaser.de\/blog\/katastrophenschutz-schneller-und-effizienter-durch-digitale-koordination\/\">im Interview mit Digitales B\u00fcrgernetz<\/a><\/strong><\/span>.<\/p><p>Auch einer der aktuellen Gewinner des Wettbewerbs Digitale Orte hat eine solche Einsatzsoftware umgesetzt: Firemon 112 unterst\u00fctzt die Freiwillige Feuerwehr im l\u00e4ndlichen Raum bei der Vorbereitung auf Eins\u00e4tze, zeigt Einsatzdepeschen an und erg\u00e4nzt Informationen zum Einsatzort. \u201eDigitale Hilfsmittel erm\u00f6glichen es den Feuerwehren, schneller und besser koordiniert zu arbeiten. Dies f\u00fchrt zu k\u00fcrzeren Reaktionszeiten und einer effektiveren Hilfe f\u00fcr Menschen in Notlagen\u201c, sagt <a href=\"https:\/\/www.deutsche-glasfaser.de\/blog\/rueckblick-gemeinschaft-initiativen-profitieren-von-der-digitalisierung\/\"><u>Projektinitiator Patrick Moldenhauer<\/u><\/a>. \u201eFiremon 112 adressiert das Problem des Informationsdefizits, dem Einsatzkr\u00e4fte in kritischen Momenten ausgesetzt sind. Statt auf die nur groben Einsatzinformationen angewiesen zu sein, die erst auf dem Feuerwehrfahrzeug im Ger\u00e4tehaus \u00fcber Funk bei der Leitstelle eingeholt werden k\u00f6nnen, erhalten Kameradinnen und Kameraden schon bei der Alarmierung sofort alle bisher verf\u00fcgbaren Informationen.\u201c<\/p><p>Mit diesem Konzept ist seine Software erfolgreich: Firemon 112 wird mittlerweile von einigen anderen Feuerwehren genutzt und verbessert so die Koordination beim Einsatz.<\/p>\t\t\t\t\t\t\t\t<\/div>\n\t\t\t\t<\/div>\n\t\t\t\t<div class=\"elementor-element elementor-element-fa23b6b elementor-widget elementor-widget-spacer\" data-id=\"fa23b6b\" data-element_type=\"widget\" data-e-type=\"widget\" data-widget_type=\"spacer.default\">\n\t\t\t\t<div class=\"elementor-widget-container\">\n\t\t\t\t\t\t\t<div class=\"elementor-spacer\">\n\t\t\t<div class=\"elementor-spacer-inner\"><\/div>\n\t\t<\/div>\n\t\t\t\t\t\t<\/div>\n\t\t\t\t<\/div>\n\t\t\t\t<div class=\"elementor-element elementor-element-c4e4821 eael-infobox-icon-bg-shape-none eael-infobox-icon-hover-bg-shape-none elementor-widget elementor-widget-eael-info-box\" data-id=\"c4e4821\" data-element_type=\"widget\" data-e-type=\"widget\" data-widget_type=\"eael-info-box.default\">\n\t\t\t\t<div class=\"elementor-widget-container\">\n\t\t\t\t\t        <div class=\"eael-infobox icon-on-left\">\n\t            <div class=\"infobox-icon eael-icon-only\">\n\n            \n                            <div class=\"infobox-icon-wrap\">\n                    <i aria-hidden=\"true\" class=\"fas fa-info-circle\"><\/i>                <\/div>\n            \n            \n        <\/div>\n            <div class=\"infobox-content eael-icon-only\">\n                    <div class=\"infobox-title-section\">\n                <h2 class=\"title\">Fr\u00fchwarnsysteme<\/h2>            <\/div>\n            <div><p>Neben lokalen Fr\u00fchwarnungen f\u00fcr bestimmte Regionen gibt es auch deutschlandweite Alarmsysteme. So warnt beispielsweise Cell Broadcast \u00fcber die Mobiltelefone vor Katastrophen und Notf\u00e4llen und erreicht damit die meisten Menschen in Deutschland.<\/p><p>Ebenfalls weit verbreitet ist die Warn-App NINA: Sie zeigt Warnmeldungen des Bev\u00f6lkerungsschutzes, aber auch Meldungen des Deutschen Wetterdienstes und Informationen \u00fcber Hochwasser.<\/p><ul><li><a href=\"https:\/\/www.bbk.bund.de\/DE\/Warnung-Vorsorge\/Warnung-in-Deutschland\/So-werden-Sie-gewarnt\/Cell-Broadcast\/cell-broadcast_node.html\"><u>Cell Broadcast<\/u><\/a><\/li><li><a href=\"https:\/\/www.bbk.bund.de\/DE\/Warnung-Vorsorge\/Warn-App-NINA\/NINA-Download\/nina-download_node.html\"><u>NINA<\/u><\/a><\/li><\/ul><\/div>        <\/div>\n            <\/div>\n\n\t\t\t\t\t\t<\/div>\n\t\t\t\t<\/div>\n\t\t\t\t\t<\/div>\n\t\t<\/div>\n\t\t\t\t\t<\/div>\n\t\t<\/section>\n\t\t\t\t<\/div>\n\t\t","protected":false},"excerpt":{"rendered":"<p>Sensoren, Apps und Fr\u00fchwarnsysteme halten den Regen zwar nicht auf \u2013 Anwohner:innen k\u00f6nnen sich jedoch besser vorbereiten und bei Alarm schnell reagieren. Kommunen und Landkreise setzen dabei verst\u00e4rkt auf digitale Tools.<\/p>\n","protected":false},"author":5,"featured_media":14321,"comment_status":"open","ping_status":"open","sticky":false,"template":"","format":"standard","meta":{"footnotes":""},"categories":[71],"tags":[],"class_list":["post-14319","post","type-post","status-publish","format-standard","has-post-thumbnail","hentry","category-gemeinschaft"],"yoast_head":"<!-- This site is optimized with the Yoast SEO plugin v27.5 - https:\/\/yoast.com\/product\/yoast-seo-wordpress\/ -->\n<title>Bessere Vorhersagen bei Unwetter - Digitales B\u00fcrgernetz<\/title>\n<meta name=\"description\" content=\"Mit Sensoren, digitalen Zwillingen und KI-Analyse wollen Kommunen den Katastrophenschutz verbessern. Das System greift vor allem bei Hochwasser und Starkregen.\" \/>\n<meta name=\"robots\" content=\"index, follow, max-snippet:-1, max-image-preview:large, max-video-preview:-1\" \/>\n<link rel=\"canonical\" href=\"https:\/\/www.deutsche-glasfaser.de\/blog\/katastrophenschutz-fruhe-warnung-vor-dem-nachsten-starkregen\/\" \/>\n<meta property=\"og:locale\" content=\"de_DE\" \/>\n<meta property=\"og:type\" content=\"article\" \/>\n<meta property=\"og:title\" content=\"Bessere Vorhersagen bei Unwetter - Digitales B\u00fcrgernetz\" \/>\n<meta property=\"og:description\" content=\"Mit Sensoren, digitalen Zwillingen und KI-Analyse wollen Kommunen den Katastrophenschutz verbessern. Das System greift vor allem bei Hochwasser und Starkregen.\" \/>\n<meta property=\"og:url\" content=\"https:\/\/www.deutsche-glasfaser.de\/blog\/katastrophenschutz-fruhe-warnung-vor-dem-nachsten-starkregen\/\" \/>\n<meta property=\"og:site_name\" content=\"Digitales B\u00fcrgernetz\" \/>\n<meta property=\"article:published_time\" content=\"2024-07-02T06:15:11+00:00\" \/>\n<meta property=\"article:modified_time\" content=\"2024-07-02T06:40:15+00:00\" \/>\n<meta property=\"og:image\" content=\"https:\/\/www.deutsche-glasfaser.de\/blog\/wp-content\/uploads\/2024\/07\/Titelbild_nazrin-babashova-Z3epzHjVbQA-unsplash_FINAL.jpg\" \/>\n\t<meta property=\"og:image:width\" content=\"1200\" \/>\n\t<meta property=\"og:image:height\" content=\"564\" \/>\n\t<meta property=\"og:image:type\" content=\"image\/jpeg\" \/>\n<meta name=\"author\" content=\"Deutsche Glasfaser\" \/>\n<meta name=\"twitter:card\" content=\"summary_large_image\" \/>\n<meta name=\"twitter:label1\" content=\"Verfasst von\" \/>\n\t<meta name=\"twitter:data1\" content=\"Deutsche Glasfaser\" \/>\n\t<meta name=\"twitter:label2\" content=\"Gesch\u00e4tzte Lesezeit\" \/>\n\t<meta name=\"twitter:data2\" content=\"6\u00a0Minuten\" \/>\n<script type=\"application\/ld+json\" class=\"yoast-schema-graph\">{\"@context\":\"https:\\\/\\\/schema.org\",\"@graph\":[{\"@type\":\"Article\",\"@id\":\"https:\\\/\\\/www.deutsche-glasfaser.de\\\/blog\\\/katastrophenschutz-fruhe-warnung-vor-dem-nachsten-starkregen\\\/#article\",\"isPartOf\":{\"@id\":\"https:\\\/\\\/www.deutsche-glasfaser.de\\\/blog\\\/katastrophenschutz-fruhe-warnung-vor-dem-nachsten-starkregen\\\/\"},\"author\":{\"name\":\"Deutsche Glasfaser\",\"@id\":\"https:\\\/\\\/www.deutsche-glasfaser.de\\\/blog\\\/#\\\/schema\\\/person\\\/9380a6dc7443d77143d0c66c409f574b\"},\"headline\":\"Katastrophenschutz: Fr\u00fche Warnung vor dem n\u00e4chsten Starkregen\",\"datePublished\":\"2024-07-02T06:15:11+00:00\",\"dateModified\":\"2024-07-02T06:40:15+00:00\",\"mainEntityOfPage\":{\"@id\":\"https:\\\/\\\/www.deutsche-glasfaser.de\\\/blog\\\/katastrophenschutz-fruhe-warnung-vor-dem-nachsten-starkregen\\\/\"},\"wordCount\":1000,\"commentCount\":0,\"publisher\":{\"@id\":\"https:\\\/\\\/www.deutsche-glasfaser.de\\\/blog\\\/#organization\"},\"image\":{\"@id\":\"https:\\\/\\\/www.deutsche-glasfaser.de\\\/blog\\\/katastrophenschutz-fruhe-warnung-vor-dem-nachsten-starkregen\\\/#primaryimage\"},\"thumbnailUrl\":\"https:\\\/\\\/www.deutsche-glasfaser.de\\\/blog\\\/wp-content\\\/uploads\\\/2024\\\/07\\\/Titelbild_nazrin-babashova-Z3epzHjVbQA-unsplash_FINAL.jpg\",\"articleSection\":[\"#Gemeinschaft\"],\"inLanguage\":\"de\",\"potentialAction\":[{\"@type\":\"CommentAction\",\"name\":\"Comment\",\"target\":[\"https:\\\/\\\/www.deutsche-glasfaser.de\\\/blog\\\/katastrophenschutz-fruhe-warnung-vor-dem-nachsten-starkregen\\\/#respond\"]}]},{\"@type\":\"WebPage\",\"@id\":\"https:\\\/\\\/www.deutsche-glasfaser.de\\\/blog\\\/katastrophenschutz-fruhe-warnung-vor-dem-nachsten-starkregen\\\/\",\"url\":\"https:\\\/\\\/www.deutsche-glasfaser.de\\\/blog\\\/katastrophenschutz-fruhe-warnung-vor-dem-nachsten-starkregen\\\/\",\"name\":\"Bessere Vorhersagen bei Unwetter - Digitales B\u00fcrgernetz\",\"isPartOf\":{\"@id\":\"https:\\\/\\\/www.deutsche-glasfaser.de\\\/blog\\\/#website\"},\"primaryImageOfPage\":{\"@id\":\"https:\\\/\\\/www.deutsche-glasfaser.de\\\/blog\\\/katastrophenschutz-fruhe-warnung-vor-dem-nachsten-starkregen\\\/#primaryimage\"},\"image\":{\"@id\":\"https:\\\/\\\/www.deutsche-glasfaser.de\\\/blog\\\/katastrophenschutz-fruhe-warnung-vor-dem-nachsten-starkregen\\\/#primaryimage\"},\"thumbnailUrl\":\"https:\\\/\\\/www.deutsche-glasfaser.de\\\/blog\\\/wp-content\\\/uploads\\\/2024\\\/07\\\/Titelbild_nazrin-babashova-Z3epzHjVbQA-unsplash_FINAL.jpg\",\"datePublished\":\"2024-07-02T06:15:11+00:00\",\"dateModified\":\"2024-07-02T06:40:15+00:00\",\"description\":\"Mit Sensoren, digitalen Zwillingen und KI-Analyse wollen Kommunen den Katastrophenschutz verbessern. Das System greift vor allem bei Hochwasser und Starkregen.\",\"inLanguage\":\"de\",\"potentialAction\":[{\"@type\":\"ReadAction\",\"target\":[\"https:\\\/\\\/www.deutsche-glasfaser.de\\\/blog\\\/katastrophenschutz-fruhe-warnung-vor-dem-nachsten-starkregen\\\/\"]}]},{\"@type\":\"ImageObject\",\"inLanguage\":\"de\",\"@id\":\"https:\\\/\\\/www.deutsche-glasfaser.de\\\/blog\\\/katastrophenschutz-fruhe-warnung-vor-dem-nachsten-starkregen\\\/#primaryimage\",\"url\":\"https:\\\/\\\/www.deutsche-glasfaser.de\\\/blog\\\/wp-content\\\/uploads\\\/2024\\\/07\\\/Titelbild_nazrin-babashova-Z3epzHjVbQA-unsplash_FINAL.jpg\",\"contentUrl\":\"https:\\\/\\\/www.deutsche-glasfaser.de\\\/blog\\\/wp-content\\\/uploads\\\/2024\\\/07\\\/Titelbild_nazrin-babashova-Z3epzHjVbQA-unsplash_FINAL.jpg\",\"width\":1200,\"height\":564,\"caption\":\"Digitale Tools melden steigende Flusspegel in gef\u00e4hrdeten Regionen \u00a9 unsplash\\\/Nazrin Babashova\"},{\"@type\":\"WebSite\",\"@id\":\"https:\\\/\\\/www.deutsche-glasfaser.de\\\/blog\\\/#website\",\"url\":\"https:\\\/\\\/www.deutsche-glasfaser.de\\\/blog\\\/\",\"name\":\"Digitales B\u00fcrgernetz\",\"description\":\"Deutsche Glasfaser Blog\",\"publisher\":{\"@id\":\"https:\\\/\\\/www.deutsche-glasfaser.de\\\/blog\\\/#organization\"},\"potentialAction\":[{\"@type\":\"SearchAction\",\"target\":{\"@type\":\"EntryPoint\",\"urlTemplate\":\"https:\\\/\\\/www.deutsche-glasfaser.de\\\/blog\\\/?s={search_term_string}\"},\"query-input\":{\"@type\":\"PropertyValueSpecification\",\"valueRequired\":true,\"valueName\":\"search_term_string\"}}],\"inLanguage\":\"de\"},{\"@type\":\"Organization\",\"@id\":\"https:\\\/\\\/www.deutsche-glasfaser.de\\\/blog\\\/#organization\",\"name\":\"Digitales B\u00fcrgernetz\",\"url\":\"https:\\\/\\\/www.deutsche-glasfaser.de\\\/blog\\\/\",\"logo\":{\"@type\":\"ImageObject\",\"inLanguage\":\"de\",\"@id\":\"https:\\\/\\\/www.deutsche-glasfaser.de\\\/blog\\\/#\\\/schema\\\/logo\\\/image\\\/\",\"url\":\"https:\\\/\\\/www.deutsche-glasfaser.de\\\/blog\\\/wp-content\\\/uploads\\\/2021\\\/08\\\/DGF_Logo_Basis_RGB-Large@2x.png\",\"contentUrl\":\"https:\\\/\\\/www.deutsche-glasfaser.de\\\/blog\\\/wp-content\\\/uploads\\\/2021\\\/08\\\/DGF_Logo_Basis_RGB-Large@2x.png\",\"width\":312,\"height\":104,\"caption\":\"Digitales B\u00fcrgernetz\"},\"image\":{\"@id\":\"https:\\\/\\\/www.deutsche-glasfaser.de\\\/blog\\\/#\\\/schema\\\/logo\\\/image\\\/\"}},{\"@type\":\"Person\",\"@id\":\"https:\\\/\\\/www.deutsche-glasfaser.de\\\/blog\\\/#\\\/schema\\\/person\\\/9380a6dc7443d77143d0c66c409f574b\",\"name\":\"Deutsche Glasfaser\"}]}<\/script>\n<!-- \/ Yoast SEO plugin. -->","yoast_head_json":{"title":"Bessere Vorhersagen bei Unwetter - Digitales B\u00fcrgernetz","description":"Mit Sensoren, digitalen Zwillingen und KI-Analyse wollen Kommunen den Katastrophenschutz verbessern. Das System greift vor allem bei Hochwasser und Starkregen.","robots":{"index":"index","follow":"follow","max-snippet":"max-snippet:-1","max-image-preview":"max-image-preview:large","max-video-preview":"max-video-preview:-1"},"canonical":"https:\/\/www.deutsche-glasfaser.de\/blog\/katastrophenschutz-fruhe-warnung-vor-dem-nachsten-starkregen\/","og_locale":"de_DE","og_type":"article","og_title":"Bessere Vorhersagen bei Unwetter - Digitales B\u00fcrgernetz","og_description":"Mit Sensoren, digitalen Zwillingen und KI-Analyse wollen Kommunen den Katastrophenschutz verbessern. Das System greift vor allem bei Hochwasser und Starkregen.","og_url":"https:\/\/www.deutsche-glasfaser.de\/blog\/katastrophenschutz-fruhe-warnung-vor-dem-nachsten-starkregen\/","og_site_name":"Digitales B\u00fcrgernetz","article_published_time":"2024-07-02T06:15:11+00:00","article_modified_time":"2024-07-02T06:40:15+00:00","og_image":[{"width":1200,"height":564,"url":"https:\/\/www.deutsche-glasfaser.de\/blog\/wp-content\/uploads\/2024\/07\/Titelbild_nazrin-babashova-Z3epzHjVbQA-unsplash_FINAL.jpg","type":"image\/jpeg"}],"author":"Deutsche Glasfaser","twitter_card":"summary_large_image","twitter_misc":{"Verfasst von":"Deutsche Glasfaser","Gesch\u00e4tzte Lesezeit":"6\u00a0Minuten"},"schema":{"@context":"https:\/\/schema.org","@graph":[{"@type":"Article","@id":"https:\/\/www.deutsche-glasfaser.de\/blog\/katastrophenschutz-fruhe-warnung-vor-dem-nachsten-starkregen\/#article","isPartOf":{"@id":"https:\/\/www.deutsche-glasfaser.de\/blog\/katastrophenschutz-fruhe-warnung-vor-dem-nachsten-starkregen\/"},"author":{"name":"Deutsche Glasfaser","@id":"https:\/\/www.deutsche-glasfaser.de\/blog\/#\/schema\/person\/9380a6dc7443d77143d0c66c409f574b"},"headline":"Katastrophenschutz: Fr\u00fche Warnung vor dem n\u00e4chsten Starkregen","datePublished":"2024-07-02T06:15:11+00:00","dateModified":"2024-07-02T06:40:15+00:00","mainEntityOfPage":{"@id":"https:\/\/www.deutsche-glasfaser.de\/blog\/katastrophenschutz-fruhe-warnung-vor-dem-nachsten-starkregen\/"},"wordCount":1000,"commentCount":0,"publisher":{"@id":"https:\/\/www.deutsche-glasfaser.de\/blog\/#organization"},"image":{"@id":"https:\/\/www.deutsche-glasfaser.de\/blog\/katastrophenschutz-fruhe-warnung-vor-dem-nachsten-starkregen\/#primaryimage"},"thumbnailUrl":"https:\/\/www.deutsche-glasfaser.de\/blog\/wp-content\/uploads\/2024\/07\/Titelbild_nazrin-babashova-Z3epzHjVbQA-unsplash_FINAL.jpg","articleSection":["#Gemeinschaft"],"inLanguage":"de","potentialAction":[{"@type":"CommentAction","name":"Comment","target":["https:\/\/www.deutsche-glasfaser.de\/blog\/katastrophenschutz-fruhe-warnung-vor-dem-nachsten-starkregen\/#respond"]}]},{"@type":"WebPage","@id":"https:\/\/www.deutsche-glasfaser.de\/blog\/katastrophenschutz-fruhe-warnung-vor-dem-nachsten-starkregen\/","url":"https:\/\/www.deutsche-glasfaser.de\/blog\/katastrophenschutz-fruhe-warnung-vor-dem-nachsten-starkregen\/","name":"Bessere Vorhersagen bei Unwetter - Digitales B\u00fcrgernetz","isPartOf":{"@id":"https:\/\/www.deutsche-glasfaser.de\/blog\/#website"},"primaryImageOfPage":{"@id":"https:\/\/www.deutsche-glasfaser.de\/blog\/katastrophenschutz-fruhe-warnung-vor-dem-nachsten-starkregen\/#primaryimage"},"image":{"@id":"https:\/\/www.deutsche-glasfaser.de\/blog\/katastrophenschutz-fruhe-warnung-vor-dem-nachsten-starkregen\/#primaryimage"},"thumbnailUrl":"https:\/\/www.deutsche-glasfaser.de\/blog\/wp-content\/uploads\/2024\/07\/Titelbild_nazrin-babashova-Z3epzHjVbQA-unsplash_FINAL.jpg","datePublished":"2024-07-02T06:15:11+00:00","dateModified":"2024-07-02T06:40:15+00:00","description":"Mit Sensoren, digitalen Zwillingen und KI-Analyse wollen Kommunen den Katastrophenschutz verbessern. Das System greift vor allem bei Hochwasser und Starkregen.","inLanguage":"de","potentialAction":[{"@type":"ReadAction","target":["https:\/\/www.deutsche-glasfaser.de\/blog\/katastrophenschutz-fruhe-warnung-vor-dem-nachsten-starkregen\/"]}]},{"@type":"ImageObject","inLanguage":"de","@id":"https:\/\/www.deutsche-glasfaser.de\/blog\/katastrophenschutz-fruhe-warnung-vor-dem-nachsten-starkregen\/#primaryimage","url":"https:\/\/www.deutsche-glasfaser.de\/blog\/wp-content\/uploads\/2024\/07\/Titelbild_nazrin-babashova-Z3epzHjVbQA-unsplash_FINAL.jpg","contentUrl":"https:\/\/www.deutsche-glasfaser.de\/blog\/wp-content\/uploads\/2024\/07\/Titelbild_nazrin-babashova-Z3epzHjVbQA-unsplash_FINAL.jpg","width":1200,"height":564,"caption":"Digitale Tools melden steigende Flusspegel in gef\u00e4hrdeten Regionen \u00a9 unsplash\/Nazrin Babashova"},{"@type":"WebSite","@id":"https:\/\/www.deutsche-glasfaser.de\/blog\/#website","url":"https:\/\/www.deutsche-glasfaser.de\/blog\/","name":"Digitales B\u00fcrgernetz","description":"Deutsche Glasfaser Blog","publisher":{"@id":"https:\/\/www.deutsche-glasfaser.de\/blog\/#organization"},"potentialAction":[{"@type":"SearchAction","target":{"@type":"EntryPoint","urlTemplate":"https:\/\/www.deutsche-glasfaser.de\/blog\/?s={search_term_string}"},"query-input":{"@type":"PropertyValueSpecification","valueRequired":true,"valueName":"search_term_string"}}],"inLanguage":"de"},{"@type":"Organization","@id":"https:\/\/www.deutsche-glasfaser.de\/blog\/#organization","name":"Digitales B\u00fcrgernetz","url":"https:\/\/www.deutsche-glasfaser.de\/blog\/","logo":{"@type":"ImageObject","inLanguage":"de","@id":"https:\/\/www.deutsche-glasfaser.de\/blog\/#\/schema\/logo\/image\/","url":"https:\/\/www.deutsche-glasfaser.de\/blog\/wp-content\/uploads\/2021\/08\/DGF_Logo_Basis_RGB-Large@2x.png","contentUrl":"https:\/\/www.deutsche-glasfaser.de\/blog\/wp-content\/uploads\/2021\/08\/DGF_Logo_Basis_RGB-Large@2x.png","width":312,"height":104,"caption":"Digitales B\u00fcrgernetz"},"image":{"@id":"https:\/\/www.deutsche-glasfaser.de\/blog\/#\/schema\/logo\/image\/"}},{"@type":"Person","@id":"https:\/\/www.deutsche-glasfaser.de\/blog\/#\/schema\/person\/9380a6dc7443d77143d0c66c409f574b","name":"Deutsche Glasfaser"}]}},"_links":{"self":[{"href":"https:\/\/www.deutsche-glasfaser.de\/blog\/wp-json\/wp\/v2\/posts\/14319","targetHints":{"allow":["GET"]}}],"collection":[{"href":"https:\/\/www.deutsche-glasfaser.de\/blog\/wp-json\/wp\/v2\/posts"}],"about":[{"href":"https:\/\/www.deutsche-glasfaser.de\/blog\/wp-json\/wp\/v2\/types\/post"}],"author":[{"embeddable":true,"href":"https:\/\/www.deutsche-glasfaser.de\/blog\/wp-json\/wp\/v2\/users\/5"}],"replies":[{"embeddable":true,"href":"https:\/\/www.deutsche-glasfaser.de\/blog\/wp-json\/wp\/v2\/comments?post=14319"}],"version-history":[{"count":5,"href":"https:\/\/www.deutsche-glasfaser.de\/blog\/wp-json\/wp\/v2\/posts\/14319\/revisions"}],"predecessor-version":[{"id":14327,"href":"https:\/\/www.deutsche-glasfaser.de\/blog\/wp-json\/wp\/v2\/posts\/14319\/revisions\/14327"}],"wp:featuredmedia":[{"embeddable":true,"href":"https:\/\/www.deutsche-glasfaser.de\/blog\/wp-json\/wp\/v2\/media\/14321"}],"wp:attachment":[{"href":"https:\/\/www.deutsche-glasfaser.de\/blog\/wp-json\/wp\/v2\/media?parent=14319"}],"wp:term":[{"taxonomy":"category","embeddable":true,"href":"https:\/\/www.deutsche-glasfaser.de\/blog\/wp-json\/wp\/v2\/categories?post=14319"},{"taxonomy":"post_tag","embeddable":true,"href":"https:\/\/www.deutsche-glasfaser.de\/blog\/wp-json\/wp\/v2\/tags?post=14319"}],"curies":[{"name":"wp","href":"https:\/\/api.w.org\/{rel}","templated":true}]}}