{"id":14173,"date":"2024-06-12T10:30:09","date_gmt":"2024-06-12T08:30:09","guid":{"rendered":"https:\/\/www.deutsche-glasfaser.de\/blog\/?p=14173"},"modified":"2025-12-11T11:54:12","modified_gmt":"2025-12-11T10:54:12","slug":"berufe-mit-zukunft","status":"publish","type":"post","link":"https:\/\/www.deutsche-glasfaser.de\/blog\/berufe-mit-zukunft\/","title":{"rendered":"Berufe mit Zukunft"},"content":{"rendered":"\n<p>In einer Welt, die sich rasant weiterentwickelt, ist es wichtiger denn je, einen Blick auf die Berufe zu werfen, die die Zukunft pr\u00e4gen werden. Die anhaltende Digitalisierung, fortschreitende Technologien und neue Umst\u00e4nde und Bed\u00fcrfnisse verursachen einen Wandel der Arbeitswelt. Dadurch er\u00f6ffnen sich spannende Perspektiven in den verschiedensten Bereichen. Denn anders als oft bef\u00fcrchtet, sorgt der technische und digitale Fortschritt nicht daf\u00fcr, dass der Mensch keine Arbeit mehr hat. Vielmehr schichtet und gestaltet er vorhandene Arbeitspl\u00e4tze um und schafft mitunter sogar neue. &nbsp;<\/p>\n\n\n\n<p>In diesem Beitrag stellen wir uns den wichtigsten Fragen zur Arbeitswelt von morgen: Was zeichnet sie aus? Welche Felder bleiben unverzichtbar und welche gewinnen an Relevanz f\u00fcr die Gesellschaft? Und nicht zuletzt: Welche spezifischen Berufe werden in Zukunft besonders gefragt sein \u2013 und wie lassen sie sich erlernen? Wir beleuchten einige zukunftssichere Arbeitsfelder, die vielversprechende Karrierewege bereithalten, gesellschaftlichen Entwicklungen mit Innovation begegnen und f\u00fcr unser Leben und Arbeiten unverzichtbar sind \u2013 oder sogar das Potenzial haben, die Welt nachhaltig zu ver\u00e4ndern.<\/p>\n\n\n\n<p>Eins sei vorab aber noch klargestellt: Auch \u00fcber die hier vorgestellten Berufe hinaus gibt es unz\u00e4hlig viele wichtige Jobs, die \u2013 um es mit einfachen Worten zu sagen \u2013 gemacht werden m\u00fcssen, damit der Laden l\u00e4uft. Es handelt sich also um einen Einblick in nennenswerte Zukunftsberufe, nicht um eine vollst\u00e4ndige Liste.&nbsp;<\/p>\n\n\n\n<hr class=\"wp-block-separator has-alpha-channel-opacity\"\/>\n\n\n\n<p style=\"font-size: 24px\">Inhaltsverzeichnis<\/p>\n<p><a href=\"#it-ki-cybersicherheit\" style=\"color: black; font-weight: bold;\">1. IT, KI und Cybersicherheit<\/a><\/p>\n<p><a href=\"#gesundheit-medizin-pflege-pharma\" style=\"color: black; font-weight: bold;\">2. Gesundheit, Medizin, Pflege und Pharma<\/a><\/p>\n<p><a href=\"#bildung-erziehung-soziales\" style=\"color: black; font-weight: bold;\">3. Bildung, Erziehung und Soziales<\/a><\/p>\n<p><a href=\"#maschinenbau-elektronik-technik\" style=\"color: black; font-weight: bold;\">4. Maschinenbau, Elektronik und Technik<\/a><\/p>\n<p><a href=\"#handwerk-bau\" style=\"color: black; font-weight: bold;\">5. Handwerk und Bau<\/a><\/p>\n<p><a href=\"#handel-marketing-transport\" style=\"color: black; font-weight: bold;\">6. (Online-)Handel, Marketing und Transport<\/a><\/p>\n<p><a href=\"#nachhaltigkeit\" style=\"color: black; font-weight: bold;\">7. Nachhaltigkeit und Umweltschutz<\/a><\/p>\n<p><a href=\"#ausblick\" style=\"color: black; font-weight: bold;\">8. Ausblick in die Zukunft der Arbeit<\/a><\/p>\n\n\n\n<hr class=\"wp-block-separator has-alpha-channel-opacity\"\/>\n\n\n\n<div style=\"height:48px\" aria-hidden=\"true\" class=\"wp-block-spacer\"><\/div>\n\n\n\n<h2 class=\"wp-block-heading\" id=\"it-ki-cybersicherheit\">IT, KI und Cybersicherheit<\/h2>\n\n\n\n<p>Das Smartphone, die digitalen Medien und das Internet allgemein sind aus unserem Alltag l\u00e4ngst nicht mehr wegzudenken. Egal, ob zu Hause, bei der Arbeit oder unterwegs: Irgendwie sind wir nahezu immer online. Ein gewisser <strong>Umgang mit digitalen Medien<\/strong> und Ger\u00e4ten ist inzwischen in allen Arbeitsbereichen unverzichtbar. F\u00fcr j\u00fcngere Generationen, die als Digital Natives von klein auf digitale Kompetenzen entwickeln, stellt das kaum eine Herausforderung dar, sondern l\u00e4uft vielmehr intuitiv ab.<\/p>\n\n\n\n<p>Umso wichtiger sind Arbeitskr\u00e4fte, die ein <strong>breites, tiefgreifendes Fachwissen<\/strong> in ebendiesen Bereichen mitbringen: Programmierer und Anwendungsentwickler, Elektrotechniker, Informatiker und Co. z\u00e4hlen deshalb definitiv zu den Berufen mit dem gr\u00f6\u00dften Zukunftspotenzial.<\/p>\n\n\n\n<p>Neben IT-Experten braucht es au\u00dferdem Menschen mit Know-how in den Bereichen <strong>K\u00fcnstliche Intelligenz (KI), Datenschutz und Cybersicherheit<\/strong>. Nur so lassen sich neue Technologien sicher und effizient in die Arbeitsabl\u00e4ufe von Unternehmen einbinden, ohne dabei ein Risiko f\u00fcr sensible Daten und Arbeitspl\u00e4tze darzustellen.&nbsp;<\/p>\n\n\n\n<p>Ein <strong>ausgepr\u00e4gtes Verst\u00e4ndnis und pers\u00f6nliches Interesse<\/strong> f\u00fcr Technologie, Informationstechnik und Datensicherheit legen den Grundstein f\u00fcr gute Karrierechancen in diesem Gebiet. Um sich das n\u00f6tige Fachwissen und die dazugeh\u00f6rigen F\u00e4higkeiten anzueignen, k\u00f6nnen technik-affine Berufseinsteiger aus verschiedenen Ausbildungsberufen und Studieng\u00e4ngen w\u00e4hlen. Dazu z\u00e4hlen:<\/p>\n\n\n\n<ul class=\"wp-block-list\">\n<li><strong>Ausbildung:<\/strong> Fachinformatiker f\u00fcr Systemintegration, IT-Systemelektroniker, Kaufmann f\u00fcr IT-System-Management u. v. m.<\/li>\n\n\n\n<li><strong>Studium: <\/strong>Informatik, K\u00fcnstliche Intelligenz, Digitale Technologien, Data Science, IT-Sicherheit, Cyber Security u. v. m.<\/li>\n<\/ul>\n\n\n\n<div style=\"height:48px\" aria-hidden=\"true\" class=\"wp-block-spacer\"><\/div>\n\n\n\n<h2 class=\"wp-block-heading\" id=\"gesundheit-medizin-pflege-pharma\">Gesundheit, Medizin, Pflege und Pharma<\/h2>\n\n\n\n<p>Das Gesundheitswesen ist seit jeher ein wichtiges Berufsfeld f\u00fcr die. Gerade im medizinischen Bereich und in der Pflege wird der <strong>Fachkr\u00e4ftemangel<\/strong> immer deutlicher sp\u00fcrbar. Das ist in erster Linie auf die fordernden Arbeitsbedingungen und die meist niedrigen Geh\u00e4lter zur\u00fcckzuf\u00fchren. Dennoch <strong>w\u00e4chst der Pflegebedarf stetig<\/strong> \u2013 sei es durch Krankheiten oder altersbedingt \u2013 und so wird auch der Bedarf an Fachpersonal in Zukunft weiter ansteigen.<\/p>\n\n\n\n<p>Neben Pflegern, Apothekern und \u00c4rzten, von Allgemeinmedizinern bis hin zu den verschiedensten Spezialisten, sind auch Fachkr\u00e4fte n\u00f6tig, die Medizin und Pharmazeutik <strong>durch Innovationen vorantreiben<\/strong>. Das k\u00f6nnen neue medizinische Ger\u00e4te, Therapieformen und Medikamente oder auch Impfstoffe sein. Der Gesundheitssektor braucht also nicht nur <strong>praktizierende Mitarbeiter<\/strong>, sondern auch <strong>Fachleute in Wissenschaften<\/strong> wie Biologie, Chemie, Biotechnologie, Virologie und Pharmazie. Hinzu kommen au\u00dferdem s\u00e4mtliche Berufe, die \u00fcber die allgemeine Humanmedizin nicht abgedeckt sind \u2013 darunter zum Beispiel Ergotherapie und Logop\u00e4die.<\/p>\n\n\n\n<p>Nicht zuletzt spielt auch die <strong>psychische Gesundheit<\/strong> eine immense Rolle f\u00fcr das menschliche Wohlbefinden und die Lebensqualit\u00e4t. Auch Psychologen, Psychiater und Psychoanalytiker sind mehr gefragt denn je und werden es mit hoher Wahrscheinlichkeit auch in Zukunft sein.<\/p>\n\n\n\n<p>Sie sehen: Die Berufsbilder und spezifischen Fachrichtungen im Gesundheitsbereich sind vielseitig. Entsprechend viele Wege k\u00f6nnen auch in den Beruf f\u00fchren. Hier einige Beispiele:<\/p>\n\n\n\n<ul class=\"wp-block-list\">\n<li><strong>Ausbildung:<\/strong> Medizinisch-technischer Assistent, pharmazeutisch-technischer Assistent, Alten- oder Krankenpfleger, Chemie- oder Biolaborant, medizinischer Technologe f\u00fcr Radiologie, H\u00f6rakustiker, Augenoptiker, Physiotherapeut u. v. m.<\/li>\n\n\n\n<li><strong>Studium:<\/strong> Humanmedizin, Pharmazie, Biomedizin, Biotechnologie, Gesundheitswissenschaften, Gesundheitsmanagement, Psychologie, Logop\u00e4die, Ergotherapie, Medizintechnik, Virologie u. v. m.<\/li>\n<\/ul>\n\n\n\n<p>Mit der Gesundheit Hand in Hand geht \u00fcbrigens auch die <strong>Ern\u00e4hrung<\/strong>. Fachkr\u00e4fte f\u00fcr Lebensmitteltechnik, Ern\u00e4hrungswissenschaftler sowie Landwirte und Agrarwissenschaftler werden in der Zukunft genauso ben\u00f6tigt wie seit jeher.<\/p>\n\n\n<div class=\"wp-block-image\">\n<figure class=\"aligncenter size-full is-resized\"><img fetchpriority=\"high\" decoding=\"async\" width=\"1024\" height=\"683\" src=\"https:\/\/www.deutsche-glasfaser.de\/blog\/wp-content\/uploads\/2024\/06\/Medizinische-Berufe-edited.jpg\" alt=\"\" class=\"wp-image-14179\" style=\"width:717px;height:auto\" srcset=\"https:\/\/www.deutsche-glasfaser.de\/blog\/wp-content\/uploads\/2024\/06\/Medizinische-Berufe-edited.jpg 1024w, https:\/\/www.deutsche-glasfaser.de\/blog\/wp-content\/uploads\/2024\/06\/Medizinische-Berufe-edited-300x200.jpg 300w, https:\/\/www.deutsche-glasfaser.de\/blog\/wp-content\/uploads\/2024\/06\/Medizinische-Berufe-edited-768x512.jpg 768w\" sizes=\"(max-width: 1024px) 100vw, 1024px\" \/><\/figure>\n<\/div>\n\n\n<div style=\"height:48px\" aria-hidden=\"true\" class=\"wp-block-spacer\"><\/div>\n\n\n\n<h2 class=\"wp-block-heading\" id=\"bildung-erziehung-soziales\">Bildung, Erziehung und Soziales<\/h2>\n\n\n\n<p>Dass der Bereich Bildung und Erziehung beziehungsweise soziale und p\u00e4dagogische Berufe im Allgemeinen wichtig f\u00fcr die Gesellschaft sind, steht au\u00dfer Frage. Hierbei ist nicht nur die Schule pr\u00e4gend. Auch die fr\u00fchkindliche Erziehung, beispielsweise im Kindergarten ist wichtig. Das gilt gleicherma\u00dfen f\u00fcr die Kinder wie f\u00fcr die <strong>Eltern, die dadurch entlastet werden<\/strong> und die M\u00f6glichkeit bekommen, selbst arbeiten zu gehen.<\/p>\n\n\n\n<p>Im Bildungssektor er\u00f6ffnen sich durch <strong>digitale Plattformen und neue Lernmethoden<\/strong> zahlreiche M\u00f6glichkeiten. Au\u00dferdem sorgt die Affinit\u00e4t der Kinder f\u00fcr digitale Medien daf\u00fcr, dass Unterrichtsmodelle neu gedacht werden m\u00fcssen. Um innovative Lernkonzepte zu entwickeln und umzusetzen, sind Lehrkr\u00e4fte, P\u00e4dagogen und Bildungstechnologen gefragt. Anstelle von Frontalunterricht r\u00fccken <strong>personalisiertes Lernen, kollaboratives, selbstst\u00e4ndiges Arbeiten und die<\/strong> <strong>verantwortungsvolle Nutzung digitaler Tools<\/strong> in den Fokus. Nur so kann Bildung zeitgem\u00e4\u00df und zug\u00e4nglich bleiben und langfristig Wirkung zeigen.<\/p>\n\n\n\n<p>Die Ausbildungsberufe und Studieng\u00e4nge sind im p\u00e4dagogischen und sozialen Bereich recht klassisch. Umso wichtiger sind <strong>Spezialisierungen in Richtung digitale Medien<\/strong>, allem voran in Form von Fort- und Weiterbildungen. Als Einstieg kommen f\u00fcr Erzieher, Lehrer und Co. folgende Optionen infrage: &nbsp;<\/p>\n\n\n\n<ul class=\"wp-block-list\">\n<li><strong>Ausbildung:<\/strong> Erzieher, Sozialassistenz, Kinderpfleger o. \u00c4.<\/li>\n\n\n\n<li><strong>Studium: <\/strong>P\u00e4dagogik, Lehramt (f\u00fcr verschiedene Schulformen), Bildungswissenschaften, Erwachsenenbildung, Soziale Arbeit, Erziehungswissenschaften, Sonderp\u00e4dagogik, Bildungsmanagement o. \u00c4.<\/li>\n<\/ul>\n\n\n\n<div style=\"height:48px\" aria-hidden=\"true\" class=\"wp-block-spacer\"><\/div>\n\n\n\n<h2 class=\"wp-block-heading\" id=\"maschinenbau-elektronik-technik\">Maschinenbau, Elektronik und Technik<\/h2>\n\n\n\n<p>Zu den vielversprechenden Zukunftsberufen z\u00e4hlen auch technische Jobs wie der des Ingenieurs, Elektrotechnikers oder Maschinenbauers. Technik und Maschinen werden von Faktoren wie Digitalisierung, Globalisierung und Klimawandel massiv beeinflusst und <strong>entwickeln sich daher rasant<\/strong> weiter. Im Maschinenbau und verwandten Bereichen treibt kompetentes Fachpersonal die technologische Entwicklung voran und entwirft oder verbessert <strong>Ger\u00e4te, die unser t\u00e4gliches Leben in allen Belangen bereichern<\/strong> und erleichtern. Auch Installation, Wartung und Reparatur sind dabei nicht zu vernachl\u00e4ssigen. Die Herausforderungen, denen die Technik-Experten von morgen begegnen werden, reichen von der <strong>Automatisierung<\/strong> in der Produktion bis hin zur Entwicklung <strong>nachhaltiger Systeme<\/strong>, beispielsweise in Sachen Energiegewinnung und -verbrauch.<\/p>\n\n\n\n<p>Zu den konkreten Berufen im Bereich Maschinenbau, Elektronik und Technik z\u00e4hlen unter anderem:<\/p>\n\n\n\n<ul class=\"wp-block-list\">\n<li><strong>Ausbildung:<\/strong> Industriemechaniker, Mechatroniker, Elektroniker f\u00fcr Betriebstechnik oder Energie- und Geb\u00e4udetechnik, Industrietechnologe, Anlagenmechaniker, Energie- und Geb\u00e4udetechniker, Elektriker (z. B. f\u00fcr Photovoltaik-Service) etc.<\/li>\n\n\n\n<li><strong>Studium: <\/strong>Maschinenbau, Elektrotechnik, Mechatronik, Automatisierungstechnik, Ingenieurwesen, Elektromobilit\u00e4t, Sensorik, Umweltingenieurwesen, Robotik etc.<\/li>\n<\/ul>\n\n\n\n<div style=\"height:48px\" aria-hidden=\"true\" class=\"wp-block-spacer\"><\/div>\n\n\n\n<h2 class=\"wp-block-heading\" id=\"handwerk-bau\">Handwerk und Bau<\/h2>\n\n\n\n<p>Praktisch-handwerkliche Berufe geraten h\u00e4ufig in Vergessenheit oder werden zumindest nicht als klassische Zukunftsberufe angesehen. Sie bieten aber weiterhin <strong>solide Karrierechancen <\/strong>\u2013 denn Handwerker jeder Art sind unverzichtbar f\u00fcr die Gestaltung unserer Lebensr\u00e4ume und tragen damit massiv zu einer <strong>Verbesserung unserer Lebensqualit\u00e4t<\/strong> bei. Egal, ob traditioneller Handwerksberuf, moderne Bautechnik oder konzeptionelle Arbeit im Sinne von Architektur, Statik und Infrastruktur: Sie alle spielen auch zuk\u00fcnftig eine tragende Rolle f\u00fcr Gesellschaft und Wirtschaft.<\/p>\n\n\n\n<p>F\u00fcr Interessenten kommt zum Beispiel ein Ausbildungs- oder Studienplatz in folgenden Berufen und Fachrichtungen infrage:<\/p>\n\n\n\n<ul class=\"wp-block-list\">\n<li><strong>Ausbildung:<\/strong> Maurer, Zimmerer, Tischler, Dachdecker, Stra\u00dfenbauer, Bautechniker u. v. m.<\/li>\n\n\n\n<li><strong>Studium:<\/strong> Bauingenieurwesen, Architektur, Geb\u00e4udetechnik, Baumanagement, Bautechnik u. v. m.<\/li>\n<\/ul>\n\n\n<div class=\"wp-block-image\">\n<figure class=\"aligncenter size-full is-resized\"><img decoding=\"async\" width=\"1024\" height=\"768\" src=\"https:\/\/www.deutsche-glasfaser.de\/blog\/wp-content\/uploads\/2024\/06\/Tischler-edited.jpg\" alt=\"\" class=\"wp-image-14181\" style=\"width:709px;height:auto\" srcset=\"https:\/\/www.deutsche-glasfaser.de\/blog\/wp-content\/uploads\/2024\/06\/Tischler-edited.jpg 1024w, https:\/\/www.deutsche-glasfaser.de\/blog\/wp-content\/uploads\/2024\/06\/Tischler-edited-300x225.jpg 300w, https:\/\/www.deutsche-glasfaser.de\/blog\/wp-content\/uploads\/2024\/06\/Tischler-edited-768x576.jpg 768w\" sizes=\"(max-width: 1024px) 100vw, 1024px\" \/><\/figure>\n<\/div>\n\n\n<div style=\"height:48px\" aria-hidden=\"true\" class=\"wp-block-spacer\"><\/div>\n\n\n\n<h2 class=\"wp-block-heading\" id=\"handel-marketing-transport\">(Online-)Handel, Marketing und Transport<\/h2>\n\n\n\n<p>Dass der Handel fester Bestandteil \u2013 um nicht zu sagen Tr\u00e4ger \u2013 unserer Wirtschaft ist und bleibt, steht wohl au\u00dfer Frage. Anderenfalls k\u00f6nnten viele der bereits genannten zukunftsf\u00e4higen Berufsgruppen ihrer Arbeit aus Mangel an Materialien und Produkten gar nicht erst nachgehen. Aber: Dieser Wirtschaftszweig ist mit all seinen Facetten nicht nur unverzichtbar, sondern auch spannend und dynamisch. Denn um den <strong>globalen Handel und Transport<\/strong> fit f\u00fcr die Zukunft zu machen, m\u00fcssen <strong>Digitalisierung und Nachhaltigkeit <\/strong>von vorn bis hinten mitgedacht und -eingebunden werden. Daf\u00fcr hei\u00dft es: Lieferketten optimieren, intelligente Transportsysteme entwickeln, lokale Produktionsst\u00e4tten schaffen, passende Marketingkan\u00e4le strategisch bespielen und digitale Plattformen gezielt einsetzen, um den Unternehmenserfolg zu sichern.<\/p>\n\n\n\n<p>Am Arbeitsmarkt gefragt sind zum Beispiel Fachkr\u00e4fte und Absolventen aus folgenden Fachrichtungen:<\/p>\n\n\n\n<ul class=\"wp-block-list\">\n<li><strong>Ausbildung: <\/strong>Kaufmann f\u00fcr Spedition und Logistikdienstleistung, Fachkraft f\u00fcr Lagerlogistik, Kaufmann f\u00fcr Gro\u00df- und Au\u00dfenhandelsmanagement, Kaufmann im E-Commerce, Kaufmann f\u00fcr Marketingkommunikation etc.<\/li>\n\n\n\n<li><strong>Studium:<\/strong> Logistikmanagement, Verkehrsbetriebswirtschaft, Supply Chain Management (Lieferkettenmanagement), Mobilit\u00e4tsmanagement, Betriebswirtschaftslehre (BWL) mit Schwerpunkt Marketing, Digitales Marketing, E-Commerce, Medien- und Kommunikationswissenschaften, Mediendesign, Webdesign etc.<\/li>\n<\/ul>\n\n\n\n<div style=\"height:48px\" aria-hidden=\"true\" class=\"wp-block-spacer\"><\/div>\n\n\n\n<h2 class=\"wp-block-heading\" id=\"nachhaltigkeit\">Nachhaltigkeit und Umweltschutz<\/h2>\n\n\n\n<p>Anders als die bisher genannten Bereiche sind Nachhaltigkeit und Umweltschutz kein klassisches Arbeitsfeld. Vielmehr handelt es sich hierbei um zwei der zentralen Faktoren, die die Zukunft pr\u00e4gen und die Arbeitswelt von morgen mitbestimmen \u2013 weil sie im Grunde die Voraussetzung daf\u00fcr sind, dass das Leben, wie wir es kennen, \u00fcberhaupt langfristig weitergehen kann. Aus diesem Grund sind in den vergangenen Jahren einige Berufe entstanden oder neu gedeutet und ausgerichtet worden, die Nachhaltigkeit und Umweltschutz als oberste Priorit\u00e4t behandeln und vorantreiben sollen \u2013 und zwar in den verschiedensten Bereichen von Wirtschaft und Gesellschaft. Dazu z\u00e4hlen beispielsweise:<\/p>\n\n\n\n<ul class=\"wp-block-list\">\n<li><strong>Ausbildung:<\/strong> Fachkraft f\u00fcr Kreislauf- und Abfallwirtschaft, Fachkraft f\u00fcr Wasserwirtschaft, Umweltschutztechnischer Assistent<\/li>\n\n\n\n<li><strong>Studium:<\/strong> Umwelttechnik, Nachhaltige Entwicklung, Erneuerbare Energien, Umweltwissenschaften<\/li>\n<\/ul>\n\n\n\n<div style=\"height:48px\" aria-hidden=\"true\" class=\"wp-block-spacer\"><\/div>\n\n\n\n<h2 class=\"wp-block-heading\" id=\"ausblick\">Ausblick in die Zukunft der Arbeit<\/h2>\n\n\n\n<p>Wenn sich eins mit Sicherheit \u00fcber die Zukunft sagen l\u00e4sst, dann dass sie nicht vorhersehbar ist. Trotzdem lassen sich aus der Vergangenheit und den aktuellen Entwicklungen gewisse Tendenzen ableiten \u2013 allem voran, dass digitale Technologien, intelligente Systeme, erneuerbare Energien und nachhaltige Infrastrukturen die Zukunft der Arbeit massiv pr\u00e4gen werden. Was es also braucht, sind motivierte, kompetente Fachkr\u00e4fte, die den sich wandelnden Anforderungen und Umst\u00e4nden mit Flexibilit\u00e4t und innovativen Ans\u00e4tzen begegnen. Im Grunde kann n\u00e4mlich jeder Job ein Beruf mit guten Zukunftsaussichten sein \u2013 solange:<\/p>\n\n\n\n<ul class=\"wp-block-list\">\n<li><strong>Unternehmen<\/strong> attraktive, sichere Arbeitspl\u00e4tze mit fairen Geh\u00e4ltern schaffen und bereit sind, umzudenken und alte Strukturen aufzubrechen.<\/li>\n\n\n\n<li><strong>Universit\u00e4ten<\/strong> Studienpl\u00e4tze anbieten und zeitgem\u00e4\u00dfe bzw. zukunftstr\u00e4chtige Spezialisierungen in den verschiedensten Fachbereichen erm\u00f6glichen.<\/li>\n\n\n\n<li><strong>diejenigen, die den Beruf aus\u00fcben<\/strong>, bereit sind, mitzudenken, sich anzupassen und effiziente Arbeitsprozesse umzusetzen oder gar proaktiv zu etablieren.<\/li>\n<\/ul>\n","protected":false},"excerpt":{"rendered":"<p>In einer Welt, die sich rasant weiterentwickelt, ist es wichtiger denn je, einen Blick auf die Berufe zu werfen, die die Zukunft pr\u00e4gen werden. Die anhaltende Digitalisierung, fortschreitende Technologien und neue Umst\u00e4nde und Bed\u00fcrfnisse verursachen einen Wandel der Arbeitswelt. Dadurch [&hellip;]<\/p>\n","protected":false},"author":11,"featured_media":14177,"comment_status":"open","ping_status":"open","sticky":false,"template":"","format":"standard","meta":{"footnotes":""},"categories":[1],"tags":[],"class_list":["post-14173","post","type-post","status-publish","format-standard","has-post-thumbnail","hentry","category-service"],"yoast_head":"<!-- This site is optimized with the Yoast SEO plugin v27.5 - https:\/\/yoast.com\/product\/yoast-seo-wordpress\/ -->\n<title>Berufe mit Zukunft: Top Jobs mit sicheren Perspektiven<\/title>\n<meta name=\"description\" content=\"Berufe mit Zukunft bieten sichere Karrierechancen in der Arbeitswelt von morgen. Entdecken Sie Jobs in \u2713IT \u2713Medizin \u2713Bildung \u2713Umwelt &amp; Co..\" \/>\n<meta name=\"robots\" content=\"index, follow, max-snippet:-1, max-image-preview:large, max-video-preview:-1\" \/>\n<link rel=\"canonical\" href=\"https:\/\/www.deutsche-glasfaser.de\/blog\/berufe-mit-zukunft\/\" \/>\n<meta property=\"og:locale\" content=\"de_DE\" \/>\n<meta property=\"og:type\" content=\"article\" \/>\n<meta property=\"og:title\" content=\"Berufe mit Zukunft: Top Jobs mit sicheren Perspektiven\" \/>\n<meta property=\"og:description\" content=\"Berufe mit Zukunft bieten sichere Karrierechancen in der Arbeitswelt von morgen. Entdecken Sie Jobs in \u2713IT \u2713Medizin \u2713Bildung \u2713Umwelt &amp; Co..\" \/>\n<meta property=\"og:url\" content=\"https:\/\/www.deutsche-glasfaser.de\/blog\/berufe-mit-zukunft\/\" \/>\n<meta property=\"og:site_name\" content=\"Digitales B\u00fcrgernetz\" \/>\n<meta property=\"article:published_time\" content=\"2024-06-12T08:30:09+00:00\" \/>\n<meta property=\"article:modified_time\" content=\"2025-12-11T10:54:12+00:00\" \/>\n<meta property=\"og:image\" content=\"https:\/\/www.deutsche-glasfaser.de\/blog\/wp-content\/uploads\/2024\/06\/man-working-e1717747941918.jpg\" \/>\n\t<meta property=\"og:image:width\" content=\"1024\" \/>\n\t<meta property=\"og:image:height\" content=\"575\" \/>\n\t<meta property=\"og:image:type\" content=\"image\/jpeg\" \/>\n<meta name=\"author\" content=\"Emma Arndt\" \/>\n<meta name=\"twitter:card\" content=\"summary_large_image\" \/>\n<meta name=\"twitter:label1\" content=\"Verfasst von\" \/>\n\t<meta name=\"twitter:data1\" content=\"Emma Arndt\" \/>\n\t<meta name=\"twitter:label2\" content=\"Gesch\u00e4tzte Lesezeit\" \/>\n\t<meta name=\"twitter:data2\" content=\"10\u00a0Minuten\" \/>\n<script type=\"application\/ld+json\" class=\"yoast-schema-graph\">{\"@context\":\"https:\\\/\\\/schema.org\",\"@graph\":[{\"@type\":\"Article\",\"@id\":\"https:\\\/\\\/www.deutsche-glasfaser.de\\\/blog\\\/berufe-mit-zukunft\\\/#article\",\"isPartOf\":{\"@id\":\"https:\\\/\\\/www.deutsche-glasfaser.de\\\/blog\\\/berufe-mit-zukunft\\\/\"},\"author\":{\"name\":\"Emma Arndt\",\"@id\":\"https:\\\/\\\/www.deutsche-glasfaser.de\\\/blog\\\/#\\\/schema\\\/person\\\/2e9325719655ab414a05fae22f8502f1\"},\"headline\":\"Berufe mit Zukunft\",\"datePublished\":\"2024-06-12T08:30:09+00:00\",\"dateModified\":\"2025-12-11T10:54:12+00:00\",\"mainEntityOfPage\":{\"@id\":\"https:\\\/\\\/www.deutsche-glasfaser.de\\\/blog\\\/berufe-mit-zukunft\\\/\"},\"wordCount\":1743,\"commentCount\":0,\"publisher\":{\"@id\":\"https:\\\/\\\/www.deutsche-glasfaser.de\\\/blog\\\/#organization\"},\"image\":{\"@id\":\"https:\\\/\\\/www.deutsche-glasfaser.de\\\/blog\\\/berufe-mit-zukunft\\\/#primaryimage\"},\"thumbnailUrl\":\"https:\\\/\\\/www.deutsche-glasfaser.de\\\/blog\\\/wp-content\\\/uploads\\\/2024\\\/06\\\/man-working-e1717747941918.jpg\",\"articleSection\":[\"Service\"],\"inLanguage\":\"de\",\"potentialAction\":[{\"@type\":\"CommentAction\",\"name\":\"Comment\",\"target\":[\"https:\\\/\\\/www.deutsche-glasfaser.de\\\/blog\\\/berufe-mit-zukunft\\\/#respond\"]}]},{\"@type\":\"WebPage\",\"@id\":\"https:\\\/\\\/www.deutsche-glasfaser.de\\\/blog\\\/berufe-mit-zukunft\\\/\",\"url\":\"https:\\\/\\\/www.deutsche-glasfaser.de\\\/blog\\\/berufe-mit-zukunft\\\/\",\"name\":\"Berufe mit Zukunft: Top Jobs mit sicheren Perspektiven\",\"isPartOf\":{\"@id\":\"https:\\\/\\\/www.deutsche-glasfaser.de\\\/blog\\\/#website\"},\"primaryImageOfPage\":{\"@id\":\"https:\\\/\\\/www.deutsche-glasfaser.de\\\/blog\\\/berufe-mit-zukunft\\\/#primaryimage\"},\"image\":{\"@id\":\"https:\\\/\\\/www.deutsche-glasfaser.de\\\/blog\\\/berufe-mit-zukunft\\\/#primaryimage\"},\"thumbnailUrl\":\"https:\\\/\\\/www.deutsche-glasfaser.de\\\/blog\\\/wp-content\\\/uploads\\\/2024\\\/06\\\/man-working-e1717747941918.jpg\",\"datePublished\":\"2024-06-12T08:30:09+00:00\",\"dateModified\":\"2025-12-11T10:54:12+00:00\",\"description\":\"Berufe mit Zukunft bieten sichere Karrierechancen in der Arbeitswelt von morgen. Entdecken Sie Jobs in \u2713IT \u2713Medizin \u2713Bildung \u2713Umwelt & Co..\",\"inLanguage\":\"de\",\"potentialAction\":[{\"@type\":\"ReadAction\",\"target\":[\"https:\\\/\\\/www.deutsche-glasfaser.de\\\/blog\\\/berufe-mit-zukunft\\\/\"]}]},{\"@type\":\"ImageObject\",\"inLanguage\":\"de\",\"@id\":\"https:\\\/\\\/www.deutsche-glasfaser.de\\\/blog\\\/berufe-mit-zukunft\\\/#primaryimage\",\"url\":\"https:\\\/\\\/www.deutsche-glasfaser.de\\\/blog\\\/wp-content\\\/uploads\\\/2024\\\/06\\\/man-working-e1717747941918.jpg\",\"contentUrl\":\"https:\\\/\\\/www.deutsche-glasfaser.de\\\/blog\\\/wp-content\\\/uploads\\\/2024\\\/06\\\/man-working-e1717747941918.jpg\",\"width\":1024,\"height\":575},{\"@type\":\"WebSite\",\"@id\":\"https:\\\/\\\/www.deutsche-glasfaser.de\\\/blog\\\/#website\",\"url\":\"https:\\\/\\\/www.deutsche-glasfaser.de\\\/blog\\\/\",\"name\":\"Digitales B\u00fcrgernetz\",\"description\":\"Deutsche Glasfaser Blog\",\"publisher\":{\"@id\":\"https:\\\/\\\/www.deutsche-glasfaser.de\\\/blog\\\/#organization\"},\"potentialAction\":[{\"@type\":\"SearchAction\",\"target\":{\"@type\":\"EntryPoint\",\"urlTemplate\":\"https:\\\/\\\/www.deutsche-glasfaser.de\\\/blog\\\/?s={search_term_string}\"},\"query-input\":{\"@type\":\"PropertyValueSpecification\",\"valueRequired\":true,\"valueName\":\"search_term_string\"}}],\"inLanguage\":\"de\"},{\"@type\":\"Organization\",\"@id\":\"https:\\\/\\\/www.deutsche-glasfaser.de\\\/blog\\\/#organization\",\"name\":\"Digitales B\u00fcrgernetz\",\"url\":\"https:\\\/\\\/www.deutsche-glasfaser.de\\\/blog\\\/\",\"logo\":{\"@type\":\"ImageObject\",\"inLanguage\":\"de\",\"@id\":\"https:\\\/\\\/www.deutsche-glasfaser.de\\\/blog\\\/#\\\/schema\\\/logo\\\/image\\\/\",\"url\":\"https:\\\/\\\/www.deutsche-glasfaser.de\\\/blog\\\/wp-content\\\/uploads\\\/2021\\\/08\\\/DGF_Logo_Basis_RGB-Large@2x.png\",\"contentUrl\":\"https:\\\/\\\/www.deutsche-glasfaser.de\\\/blog\\\/wp-content\\\/uploads\\\/2021\\\/08\\\/DGF_Logo_Basis_RGB-Large@2x.png\",\"width\":312,\"height\":104,\"caption\":\"Digitales B\u00fcrgernetz\"},\"image\":{\"@id\":\"https:\\\/\\\/www.deutsche-glasfaser.de\\\/blog\\\/#\\\/schema\\\/logo\\\/image\\\/\"}},{\"@type\":\"Person\",\"@id\":\"https:\\\/\\\/www.deutsche-glasfaser.de\\\/blog\\\/#\\\/schema\\\/person\\\/2e9325719655ab414a05fae22f8502f1\",\"name\":\"Emma Arndt\"}]}<\/script>\n<!-- \/ Yoast SEO plugin. -->","yoast_head_json":{"title":"Berufe mit Zukunft: Top Jobs mit sicheren Perspektiven","description":"Berufe mit Zukunft bieten sichere Karrierechancen in der Arbeitswelt von morgen. Entdecken Sie Jobs in \u2713IT \u2713Medizin \u2713Bildung \u2713Umwelt & Co..","robots":{"index":"index","follow":"follow","max-snippet":"max-snippet:-1","max-image-preview":"max-image-preview:large","max-video-preview":"max-video-preview:-1"},"canonical":"https:\/\/www.deutsche-glasfaser.de\/blog\/berufe-mit-zukunft\/","og_locale":"de_DE","og_type":"article","og_title":"Berufe mit Zukunft: Top Jobs mit sicheren Perspektiven","og_description":"Berufe mit Zukunft bieten sichere Karrierechancen in der Arbeitswelt von morgen. Entdecken Sie Jobs in \u2713IT \u2713Medizin \u2713Bildung \u2713Umwelt & Co..","og_url":"https:\/\/www.deutsche-glasfaser.de\/blog\/berufe-mit-zukunft\/","og_site_name":"Digitales B\u00fcrgernetz","article_published_time":"2024-06-12T08:30:09+00:00","article_modified_time":"2025-12-11T10:54:12+00:00","og_image":[{"width":1024,"height":575,"url":"https:\/\/www.deutsche-glasfaser.de\/blog\/wp-content\/uploads\/2024\/06\/man-working-e1717747941918.jpg","type":"image\/jpeg"}],"author":"Emma Arndt","twitter_card":"summary_large_image","twitter_misc":{"Verfasst von":"Emma Arndt","Gesch\u00e4tzte Lesezeit":"10\u00a0Minuten"},"schema":{"@context":"https:\/\/schema.org","@graph":[{"@type":"Article","@id":"https:\/\/www.deutsche-glasfaser.de\/blog\/berufe-mit-zukunft\/#article","isPartOf":{"@id":"https:\/\/www.deutsche-glasfaser.de\/blog\/berufe-mit-zukunft\/"},"author":{"name":"Emma Arndt","@id":"https:\/\/www.deutsche-glasfaser.de\/blog\/#\/schema\/person\/2e9325719655ab414a05fae22f8502f1"},"headline":"Berufe mit Zukunft","datePublished":"2024-06-12T08:30:09+00:00","dateModified":"2025-12-11T10:54:12+00:00","mainEntityOfPage":{"@id":"https:\/\/www.deutsche-glasfaser.de\/blog\/berufe-mit-zukunft\/"},"wordCount":1743,"commentCount":0,"publisher":{"@id":"https:\/\/www.deutsche-glasfaser.de\/blog\/#organization"},"image":{"@id":"https:\/\/www.deutsche-glasfaser.de\/blog\/berufe-mit-zukunft\/#primaryimage"},"thumbnailUrl":"https:\/\/www.deutsche-glasfaser.de\/blog\/wp-content\/uploads\/2024\/06\/man-working-e1717747941918.jpg","articleSection":["Service"],"inLanguage":"de","potentialAction":[{"@type":"CommentAction","name":"Comment","target":["https:\/\/www.deutsche-glasfaser.de\/blog\/berufe-mit-zukunft\/#respond"]}]},{"@type":"WebPage","@id":"https:\/\/www.deutsche-glasfaser.de\/blog\/berufe-mit-zukunft\/","url":"https:\/\/www.deutsche-glasfaser.de\/blog\/berufe-mit-zukunft\/","name":"Berufe mit Zukunft: Top Jobs mit sicheren Perspektiven","isPartOf":{"@id":"https:\/\/www.deutsche-glasfaser.de\/blog\/#website"},"primaryImageOfPage":{"@id":"https:\/\/www.deutsche-glasfaser.de\/blog\/berufe-mit-zukunft\/#primaryimage"},"image":{"@id":"https:\/\/www.deutsche-glasfaser.de\/blog\/berufe-mit-zukunft\/#primaryimage"},"thumbnailUrl":"https:\/\/www.deutsche-glasfaser.de\/blog\/wp-content\/uploads\/2024\/06\/man-working-e1717747941918.jpg","datePublished":"2024-06-12T08:30:09+00:00","dateModified":"2025-12-11T10:54:12+00:00","description":"Berufe mit Zukunft bieten sichere Karrierechancen in der Arbeitswelt von morgen. Entdecken Sie Jobs in \u2713IT \u2713Medizin \u2713Bildung \u2713Umwelt & Co..","inLanguage":"de","potentialAction":[{"@type":"ReadAction","target":["https:\/\/www.deutsche-glasfaser.de\/blog\/berufe-mit-zukunft\/"]}]},{"@type":"ImageObject","inLanguage":"de","@id":"https:\/\/www.deutsche-glasfaser.de\/blog\/berufe-mit-zukunft\/#primaryimage","url":"https:\/\/www.deutsche-glasfaser.de\/blog\/wp-content\/uploads\/2024\/06\/man-working-e1717747941918.jpg","contentUrl":"https:\/\/www.deutsche-glasfaser.de\/blog\/wp-content\/uploads\/2024\/06\/man-working-e1717747941918.jpg","width":1024,"height":575},{"@type":"WebSite","@id":"https:\/\/www.deutsche-glasfaser.de\/blog\/#website","url":"https:\/\/www.deutsche-glasfaser.de\/blog\/","name":"Digitales B\u00fcrgernetz","description":"Deutsche Glasfaser Blog","publisher":{"@id":"https:\/\/www.deutsche-glasfaser.de\/blog\/#organization"},"potentialAction":[{"@type":"SearchAction","target":{"@type":"EntryPoint","urlTemplate":"https:\/\/www.deutsche-glasfaser.de\/blog\/?s={search_term_string}"},"query-input":{"@type":"PropertyValueSpecification","valueRequired":true,"valueName":"search_term_string"}}],"inLanguage":"de"},{"@type":"Organization","@id":"https:\/\/www.deutsche-glasfaser.de\/blog\/#organization","name":"Digitales B\u00fcrgernetz","url":"https:\/\/www.deutsche-glasfaser.de\/blog\/","logo":{"@type":"ImageObject","inLanguage":"de","@id":"https:\/\/www.deutsche-glasfaser.de\/blog\/#\/schema\/logo\/image\/","url":"https:\/\/www.deutsche-glasfaser.de\/blog\/wp-content\/uploads\/2021\/08\/DGF_Logo_Basis_RGB-Large@2x.png","contentUrl":"https:\/\/www.deutsche-glasfaser.de\/blog\/wp-content\/uploads\/2021\/08\/DGF_Logo_Basis_RGB-Large@2x.png","width":312,"height":104,"caption":"Digitales B\u00fcrgernetz"},"image":{"@id":"https:\/\/www.deutsche-glasfaser.de\/blog\/#\/schema\/logo\/image\/"}},{"@type":"Person","@id":"https:\/\/www.deutsche-glasfaser.de\/blog\/#\/schema\/person\/2e9325719655ab414a05fae22f8502f1","name":"Emma Arndt"}]}},"_links":{"self":[{"href":"https:\/\/www.deutsche-glasfaser.de\/blog\/wp-json\/wp\/v2\/posts\/14173","targetHints":{"allow":["GET"]}}],"collection":[{"href":"https:\/\/www.deutsche-glasfaser.de\/blog\/wp-json\/wp\/v2\/posts"}],"about":[{"href":"https:\/\/www.deutsche-glasfaser.de\/blog\/wp-json\/wp\/v2\/types\/post"}],"author":[{"embeddable":true,"href":"https:\/\/www.deutsche-glasfaser.de\/blog\/wp-json\/wp\/v2\/users\/11"}],"replies":[{"embeddable":true,"href":"https:\/\/www.deutsche-glasfaser.de\/blog\/wp-json\/wp\/v2\/comments?post=14173"}],"version-history":[{"count":5,"href":"https:\/\/www.deutsche-glasfaser.de\/blog\/wp-json\/wp\/v2\/posts\/14173\/revisions"}],"predecessor-version":[{"id":14184,"href":"https:\/\/www.deutsche-glasfaser.de\/blog\/wp-json\/wp\/v2\/posts\/14173\/revisions\/14184"}],"wp:featuredmedia":[{"embeddable":true,"href":"https:\/\/www.deutsche-glasfaser.de\/blog\/wp-json\/wp\/v2\/media\/14177"}],"wp:attachment":[{"href":"https:\/\/www.deutsche-glasfaser.de\/blog\/wp-json\/wp\/v2\/media?parent=14173"}],"wp:term":[{"taxonomy":"category","embeddable":true,"href":"https:\/\/www.deutsche-glasfaser.de\/blog\/wp-json\/wp\/v2\/categories?post=14173"},{"taxonomy":"post_tag","embeddable":true,"href":"https:\/\/www.deutsche-glasfaser.de\/blog\/wp-json\/wp\/v2\/tags?post=14173"}],"curies":[{"name":"wp","href":"https:\/\/api.w.org\/{rel}","templated":true}]}}