{"id":14129,"date":"2024-06-12T10:40:23","date_gmt":"2024-06-12T08:40:23","guid":{"rendered":"https:\/\/www.deutsche-glasfaser.de\/blog\/?p=14129"},"modified":"2025-12-11T13:05:18","modified_gmt":"2025-12-11T12:05:18","slug":"new-work","status":"publish","type":"post","link":"https:\/\/www.deutsche-glasfaser.de\/blog\/new-work\/","title":{"rendered":"New Work \u2013 der Weg zur zukunftsf\u00e4higen Unternehmenskultur im digitalen Zeitalter"},"content":{"rendered":"\n<p>Im Zuge der technologischen Entwicklung und der sich wandelnden gesellschaftlichen Anspr\u00fcche erlebt die Arbeitswelt derzeit eine grundlegende Transformation. Der Megatrend \u201eNew Work\u201c steht im Zentrum dieser Ver\u00e4nderung und verspricht, die Art und Weise, wie wir arbeiten, neu zu definieren. Es geht dabei nicht nur um flexible Arbeitszeiten oder die M\u00f6glichkeit, von \u00fcberall aus zu arbeiten, sondern um eine tiefgreifende Neugestaltung der Arbeitskultur. Ziel ist es, Arbeit nicht mehr nur als Mittel zur Bestreitung des Lebensunterhalts zu sehen, sondern sie mit individuellen Bed\u00fcrfnissen, pers\u00f6nlicher Entwicklung und gesellschaftlicher Teilhabe in Einklang zu bringen. Im Folgenden erkl\u00e4ren wir die Prinzipien von New Work und schauen, welche Herausforderungen und Chancen das Konzept mit sich bringt.<\/p>\n\n\n\n<hr class=\"wp-block-separator has-alpha-channel-opacity\"\/>\n\n\n\n<p style=\"font-size: 24px\">Inhaltsverzeichnis<\/p>\n<p><a href=\"#arbeit4.0\" style=\"color: black; font-weight: bold;\">1. Arbeit 4.0: flexible Arbeitszeiten und Remote Work<\/a><\/p>\n<p><a href=\"#einf\u00fchren\" style=\"color: black; font-weight: bold;\">2. New Work einf\u00fchren: Darauf kommt es an<\/a><\/p>\n<p><a href=\"#technik\" style=\"color: black; font-weight: bold;\">3. Digitale Transformation: Technik f\u00fcr New Work<\/a><\/p>\n<p><a href=\"#tools\" style=\"color: black; font-weight: bold;\">4. Kollaborative Tools f\u00fcr New Work Konzepte<\/a><\/p>\n<p><a href=\"#herausforderungen\" style=\"color: black; font-weight: bold;\">5. New Work: Herausforderungen der neuen Arbeitsweise<\/a><\/p>\n<p><a href=\"#vorteile\" style=\"color: black; font-weight: bold;\">6. Chancen und Vorteile von New Work<\/a><\/p>\n<p><a href=\"#fazit\" style=\"color: black; font-weight: bold;\">7. Fazit: die Zukunft der Arbeitswelt<\/a><\/p>\n\n\n\n<hr class=\"wp-block-separator has-alpha-channel-opacity\"\/>\n\n\n\n<div style=\"height:48px\" aria-hidden=\"true\" class=\"wp-block-spacer\"><\/div>\n\n\n\n<h2 class=\"wp-block-heading\" id=\"arbeit4.0\">Arbeit 4.0: flexible Arbeitszeiten und Remote Work<\/h2>\n\n\n\n<p>In der modernen Arbeitswelt r\u00fccken flexible Arbeitszeiten und die M\u00f6glichkeit, remote zu arbeiten, immer st\u00e4rker in den Fokus. Diese beiden Aspekte sind die zentralen S\u00e4ulen des New Work Konzepts und spielen eine entscheidende Rolle dabei, wie Arbeitnehmer ihre Work-Life-Balance gestalten. <strong>Flexible Arbeitszeiten<\/strong> erm\u00f6glichen es Mitarbeitern, ihren Arbeitstag so zu strukturieren, dass er sowohl den beruflichen Anforderungen als auch den pers\u00f6nlichen Bed\u00fcrfnissen gerecht wird. Ob fr\u00fcher Beginn, um den Nachmittag mit der Familie zu verbringen, oder ein sp\u00e4terer Start, um morgendlichen Verpflichtungen nachkommen zu k\u00f6nnen \u2013 <strong>Flexibilit\u00e4t f\u00f6rdert die Zufriedenheit und Produktivit\u00e4t<\/strong>.<\/p>\n\n\n\n<p><strong>Remote Work<\/strong>, sprich die M\u00f6glichkeit, von zu Hause oder einem beliebigen Ort aus zu arbeiten, hat sich besonders in der j\u00fcngsten Vergangenheit als unverzichtbar erwiesen. Diese Arbeitsform unterst\u00fctzt nicht nur die <strong>individuelle Freiheit und Flexibilit\u00e4t<\/strong>, sondern tr\u00e4gt auch dazu bei, lange Pendelzeiten zu vermeiden und somit mehr Zeit f\u00fcr pers\u00f6nliche Interessen zur Verf\u00fcgung zu haben. Unternehmen, die Remote Work erm\u00f6glichen, k\u00f6nnen so von einer erh\u00f6hten <strong>Mitarbeiterzufriedenheit<\/strong> und einer st\u00e4rkeren <strong>Bindung<\/strong> an das Unternehmen profitieren.<\/p>\n\n\n\n<p>F\u00fcr <strong>Arbeitgeber<\/strong> bedeutet die Einf\u00fchrung flexibler Arbeitszeiten und -orte, dass sie sich an die sich <strong>wandelnden Erwartungen der Arbeitswelt<\/strong> anpassen und als attraktive Arbeitgeber positionieren k\u00f6nnen. Durch die Bereitstellung dieser flexiblen Arbeitsmodelle k\u00f6nnen Unternehmen talentierte Fachkr\u00e4fte gewinnen und halten, die Wert auf eine ausgewogene <strong>Work-Life-Balance<\/strong> legen. Zudem f\u00f6rdern New Work Modelle eine Kultur der Eigenverantwortung und des Vertrauens, welche wiederum zu einer positiven Unternehmenskultur beitr\u00e4gt. Mit diesen Arbeitsmodellen k\u00f6nnen Unternehmen beispielsweise zum New Work Konzept beitragen:<\/p>\n\n\n\n<ul class=\"wp-block-list\">\n<li><strong>Gleitzeitmodelle:<\/strong> Gleitzeitmodelle erlauben es den Mitarbeitern, innerhalb eines bestimmten Zeitrahmens (z. B. zwischen 7:00 und 10:00 Uhr) mit der Arbeit zu beginnen und dementsprechend fr\u00fcher oder sp\u00e4ter zu enden. Das erh\u00f6ht die Flexibilit\u00e4t der Arbeitnehmer und unterst\u00fctzt eine individuelle Lebensgestaltung.<\/li>\n\n\n\n<li><strong>Vertrauensarbeitszeit:<\/strong> Bei diesem Modell wird weniger Wert auf die genaue Arbeitszeit gelegt, sondern mehr auf die erbrachte Leistung. Mitarbeiter k\u00f6nnen ihre Arbeitszeit selbst einteilen, solange die Arbeit erledigt wird und die Ergebnisse stimmen. Dies f\u00f6rdert Eigenverantwortung und Vertrauen.<\/li>\n\n\n\n<li><strong>Remote-First-Policy:<\/strong> Unternehmen k\u00f6nnen auch von einer Remote-First-Policy profitieren, bei der das Arbeiten von zu Hause die Regel und nicht die Ausnahme ist. B\u00fcros dienen hier eher als Treffpunkt f\u00fcr Meetings oder kreative Workshops.<\/li>\n\n\n\n<li><strong>Co-Working Spaces<\/strong>: An speziell eingerichteten Arbeitsorten kommen verschiedene Menschen zusammen, um hier zu arbeiten. Mitarbeiter profitieren vom interdisziplin\u00e4ren Austausch und agilen R\u00e4umlichkeiten.<\/li>\n\n\n\n<li><strong>Job Sharing:<\/strong> Zwei oder mehr Personen teilen sich eine Vollzeitstelle. Dies erm\u00f6glicht eine flexible Arbeitszeitgestaltung und bietet Spielraum f\u00fcr pers\u00f6nliche Bed\u00fcrfnisse wie Kinderbetreuung oder Weiterbildung.<\/li>\n<\/ul>\n\n\n\n<div style=\"height:20px\" aria-hidden=\"true\" class=\"wp-block-spacer\"><\/div>\n\n\n<div class=\"wp-block-image\">\n<figure class=\"aligncenter size-full is-resized\"><img fetchpriority=\"high\" decoding=\"async\" width=\"1024\" height=\"683\" src=\"https:\/\/www.deutsche-glasfaser.de\/blog\/wp-content\/uploads\/2024\/05\/consmidjourney_coworking_space_Photography_style_with_a_high_re_e1f15fc4-375c-4f98-985a-52057eaf7ded-edited.jpg\" alt=\"\" class=\"wp-image-14135\" style=\"width:708px;height:auto\" srcset=\"https:\/\/www.deutsche-glasfaser.de\/blog\/wp-content\/uploads\/2024\/05\/consmidjourney_coworking_space_Photography_style_with_a_high_re_e1f15fc4-375c-4f98-985a-52057eaf7ded-edited.jpg 1024w, https:\/\/www.deutsche-glasfaser.de\/blog\/wp-content\/uploads\/2024\/05\/consmidjourney_coworking_space_Photography_style_with_a_high_re_e1f15fc4-375c-4f98-985a-52057eaf7ded-edited-300x200.jpg 300w, https:\/\/www.deutsche-glasfaser.de\/blog\/wp-content\/uploads\/2024\/05\/consmidjourney_coworking_space_Photography_style_with_a_high_re_e1f15fc4-375c-4f98-985a-52057eaf7ded-edited-768x512.jpg 768w\" sizes=\"(max-width: 1024px) 100vw, 1024px\" \/><\/figure>\n<\/div>\n\n\n<div style=\"height:48px\" aria-hidden=\"true\" class=\"wp-block-spacer\"><\/div>\n\n\n\n<h2 class=\"wp-block-heading\" id=\"einf\u00fchren\">New Work einf\u00fchren: Darauf kommt es an<\/h2>\n\n\n\n<p>Im Mittelpunkt des New Work Konzepts steht der Wandel der Unternehmenskultur: Eine <strong>positive und offene Unternehmenskultur<\/strong> f\u00f6rdert nicht nur die Zufriedenheit und Produktivit\u00e4t der Mitarbeiter, sondern bildet auch die Grundlage f\u00fcr die Einf\u00fchrung flexibler Arbeitsmodelle, die Nutzung kollaborativer Tools und die allgemeine Akzeptanz von Ver\u00e4nderungen innerhalb der Organisation. Das sind die Grundlagen einer New Work-Unternehmenskultur:<\/p>\n\n\n\n<ul class=\"wp-block-list\">\n<li><strong>Vertrauen und Transparenz:<\/strong> Eine Kultur des Vertrauens ist essenziell, damit Mitarbeiter sich in flexiblen und selbstbestimmten Arbeitsmodellen entfalten k\u00f6nnen. Transparenz in Bezug auf Entscheidungen, Unternehmensziele und Feedback f\u00f6rdert das Vertrauen und die Bindung der Mitarbeiter an das Unternehmen.<\/li>\n\n\n\n<li><strong>Autonomie und Verantwortlichkeit:<\/strong> Mitarbeitern Autonomie zu gew\u00e4hren, bedeutet, ihnen die Freiheit zu geben, ihre Arbeit selbst zu gestalten und Entscheidungen zu treffen. Das erh\u00f6ht nicht nur die Motivation, sondern auch das Verantwortungsbewusstsein f\u00fcr die eigenen Aufgaben und Ergebnisse.<\/li>\n\n\n\n<li><strong>F\u00f6rderung von Innovation und Kreativit\u00e4t:<\/strong> Eine offene Kultur, die Fehler zul\u00e4sst und dem Unternehmen die M\u00f6glichkeit gibt, aus ihnen zu lernen, f\u00f6rdert Innovation. Mitarbeiter werden ermutigt, neue Ideen einzubringen und kreative L\u00f6sungen f\u00fcr Herausforderungen zu finden.<\/li>\n\n\n\n<li><strong>Diversit\u00e4t und Inklusion:<\/strong> Eine inklusive Kultur, die Vielfalt sch\u00e4tzt und f\u00f6rdert, tr\u00e4gt zu einer reichhaltigeren Perspektive bei der Probleml\u00f6sung bei und kann die Teamleistung verbessern.<\/li>\n<\/ul>\n\n\n\n<div style=\"height:48px\" aria-hidden=\"true\" class=\"wp-block-spacer\"><\/div>\n\n\n\n<h2 class=\"wp-block-heading\" id=\"technik\">Digitale Transformation: Technik f\u00fcr New Work<\/h2>\n\n\n\n<p>Die digitale Transformation umfasst nicht nur einen Wandel in der Unternehmenskultur sowie der Art und Weise, wie Arbeit generell verstanden wird, sondern auch die Einf\u00fchrung neuer Technologien im Unternehmen. Dieser Wandel erm\u00f6glicht es Unternehmen und Mitarbeitern, flexibler, effizienter und zufriedenstellender zu arbeiten, und tr\u00e4gt entsprechend zur Realisierung der Arbeitswelt 4.0 bei. Verschiedene technische Aspekte bilden dabei die Grundlage f\u00fcr eine gelungene Umsetzung des New Work Konzepts:<\/p>\n\n\n\n<ul class=\"wp-block-list\">\n<li><strong>Technologische Infrastruktur:<\/strong> Grundvoraussetzung f\u00fcr flexible Arbeitsformen wie Remote Work ist eine solide technologische Basis. Schnelles Internet, Cloud-Computing und sichere VPN-Verbindungen sind hierbei nur einige Beispiele, die das Arbeiten von \u00fcberall aus erm\u00f6glichen.<\/li>\n\n\n\n<li><strong>Digitale Tools und Plattformen:<\/strong> Digitale Technologien wie k\u00fcnstliche Intelligenz, Automatisierung und Big Data Analyse erm\u00f6glichen Ver\u00e4nderungen in Arbeitsprozessen, indem sie Routineaufgaben automatisieren und datengest\u00fctzte Entscheidungen erm\u00f6glichen.<\/li>\n\n\n\n<li><strong>Digitale Kompetenzen:<\/strong> Die digitale Transformation im Hinblick auf New Work erfordert auch, dass Mitarbeiter \u00fcber die notwendigen digitalen Kompetenzen verf\u00fcgen, um mit den neuen Technologien effektiv umgehen zu k\u00f6nnen. Weiterbildungs- und Schulungsprogramme k\u00f6nnen dabei helfen, die Belegschaft auf diese Ver\u00e4nderungen vorzubereiten.<\/li>\n<\/ul>\n\n\n\n<div style=\"height:48px\" aria-hidden=\"true\" class=\"wp-block-spacer\"><\/div>\n\n\n\n<h2 class=\"wp-block-heading\" id=\"tools\">Kollaborative Tools f\u00fcr New Work Konzepte<\/h2>\n\n\n\n<p>Kollaborative Tools spielen eine entscheidende Rolle bei der Implementierung von New Work Konzepten, indem sie es Teams erm\u00f6glichen, unabh\u00e4ngig von ihrem physischen Standort effizient zusammenzuarbeiten.<\/p>\n\n\n\n<p>Zu diesen kollaborativen Tools z\u00e4hlen beispielsweise<strong> Kommunikationstools<\/strong> wie Slack, Microsoft Teams oder Zoom, die es den Teams erm\u00f6glichen, in Echtzeit zu kommunizieren, Meetings abzuhalten und wichtige Informationen schnell und einfach auszutauschen. Sie bieten Funktionen wie Chat-R\u00e4ume und Videoanrufe sowie die M\u00f6glichkeit, Bildschirme zu teilen, was die Zusammenarbeit \u00fcber Distanzen hinweg erleichtert.<\/p>\n\n\n\n<p><strong>Projektmanagement-Tools<\/strong> wie Asana, Trello oder Jira helfen Teams, ihre Projekte zu organisieren und den \u00dcberblick \u00fcber Aufgaben, Fristen und Zust\u00e4ndigkeiten zu behalten. Diese Tools erm\u00f6glichen eine hohe Agilit\u00e4t sowie eine transparente Planung und Fortschritts\u00fcberwachung, was essenziell ist, um Teams in Remote Work auf dem gleichen Stand zu halten.<\/p>\n\n\n\n<p>Mit <strong>Dokumentenmanagement- und Kollaborationstools<\/strong> wie Google Drive, Microsoft OneDrive und Notion k\u00f6nnen Mitarbeiter Dokumente erstellen, bearbeiten und gemeinsam nutzen, ohne dass mehrere Versionen eines Dokuments zirkulieren m\u00fcssen. Dies f\u00f6rdert eine effiziente Zusammenarbeit an Dokumenten und Projekten.<\/p>\n\n\n\n<div style=\"height:48px\" aria-hidden=\"true\" class=\"wp-block-spacer\"><\/div>\n\n\n\n<h2 class=\"wp-block-heading\" id=\"herausforderungen\">New Work: Herausforderungen der neuen Arbeitsweise<\/h2>\n\n\n\n<p>New Work bringt sowohl f\u00fcr Mitarbeiter als auch f\u00fcr Unternehmen einige Herausforderungen und Chancen mit sich. Zu den <strong>Herausforderungen <\/strong>von New Work geh\u00f6rt zun\u00e4chst vor allem die<strong> Anpassung der Unternehmenskultur<\/strong>. Die Einf\u00fchrung von New Work Prinzipien kann mitunter starke Ver\u00e4nderungen in der Unternehmenskultur erfordern. Traditionelle Hierarchien und Arbeitsweisen m\u00fcssen \u00fcberdacht und gegebenenfalls angepasst werden, was zu Widerst\u00e4nden unter Angestellten f\u00fchren kann \u2013 denn Ver\u00e4nderungen k\u00f6nnen schnell mit Anstrengung verbunden werden und \u00c4ngste hervorrufen.<\/p>\n\n\n\n<p>Zudem erfordern die digitale Transformation sowie die damit einhergehenden neuen Arbeitsformen spezifische <strong>Kompetenzen<\/strong> und eine kontinuierliche <strong>Weiterbildung<\/strong> der Mitarbeiter. F\u00fcr die n\u00f6tige Qualifikation aller Angestellten und F\u00fchrungskr\u00e4fte hinsichtlich neuer Arbeitskonzepte zu sorgen, kann zun\u00e4chst zeit- und verwaltungsaufwendig sein.<\/p>\n\n\n\n<p>Dar\u00fcber hinaus werden f\u00fcr dieF\u00fchrung von Teams, die teilweise oder vollst\u00e4ndig remote arbeiten, neue <strong>Managementf\u00e4higkeiten<\/strong> und -methoden erforderlich. F\u00fchrungskr\u00e4fte m\u00fcssen lernen, Vertrauen aufzubauen, die Kommunikation zu f\u00f6rdern und die Produktivit\u00e4t im Blick zu behalten, ohne dabei die Mitarbeiter zu \u00fcberwachen.<\/p>\n\n\n\n<p>Obwohl New Work eine bessere Work-Life-Balance f\u00f6rdert, kann die zunehmende Verschmelzung von Arbeit und Privatleben auch zu Problemen f\u00fchren. Durch Remote Arbeit k\u00f6nnen Angestellte wie auch F\u00fchrungskr\u00e4fte beispielsweise das Gef\u00fchl bekommen, <strong>st\u00e4ndig erreichbar<\/strong> sein zu m\u00fcssen. Hier gilt es, eindeutige Regeln zu erschaffen, die genau definieren, wann die Mitarbeiter inwiefern erreichbar sein m\u00fcssen.<\/p>\n\n\n\n<div style=\"height:48px\" aria-hidden=\"true\" class=\"wp-block-spacer\"><\/div>\n\n\n\n<h2 class=\"wp-block-heading\" id=\"vorteile\">Chancen und Vorteile von New Work<\/h2>\n\n\n\n<p>Neben den Herausforderungen, die es bei der Implementierung neuer Arbeitskonzepte f\u00fcr Unternehmen und Mitarbeiter zun\u00e4chst zu bew\u00e4ltigen gilt, ergeben sich auch viele positive Aspekte und Chancen, sodass sich die Umstellung durchaus lohnen kann. Vor allem die Steigerung der <strong>Mitarbeiterzufriedenheit<\/strong> ist ein gro\u00dfer Vorteil von New Work. So k\u00f6nnen flexible Arbeitsmodelle und eine positive Unternehmenskultur die Zufriedenheit und die Bindung der Mitarbeiter an das Unternehmen erh\u00f6hen. Au\u00dferdem kann die <strong>Motivation und Produktivit\u00e4t<\/strong> der Mitarbeiter durch die Anpassung der Arbeitsbedingungen an die individuellen Bed\u00fcrfnisse gesteigert werden. Unternehmen, die New Work Prinzipien erfolgreich umsetzen, positionieren sich als attraktive Arbeitgeber, die talentierte und innovative Mitarbeiter anziehen. Das tr\u00e4gt auch dazu bei, die <strong>Innovationskraft<\/strong> zu steigern und das Unternehmen nachhaltig f\u00fcr <strong>zuk\u00fcnftige Herausforderungen<\/strong> aufzustellen.<\/p>\n\n\n\n<p>New Work bietet insgesamt also gro\u00dfes Potenzial, die Arbeitswelt positiv zu gestalten und auf die Anforderungen der Zukunft auszurichten. Die erfolgreiche Umsetzung erfordert jedoch ein Umdenken auf allen Ebenen des Unternehmens und eine offene Haltung gegen\u00fcber Ver\u00e4nderungen.<\/p>\n\n\n<div class=\"wp-block-image\">\n<figure class=\"aligncenter size-full is-resized\"><img decoding=\"async\" width=\"1024\" height=\"683\" src=\"https:\/\/www.deutsche-glasfaser.de\/blog\/wp-content\/uploads\/2024\/05\/consmidjourney_photorealistic_and_showing_the_face_a_person_wor_6b3c7d03-f902-4c5a-895b-ca119810f2b3-1-edited.jpg\" alt=\"\" class=\"wp-image-14137\" style=\"width:715px;height:auto\" srcset=\"https:\/\/www.deutsche-glasfaser.de\/blog\/wp-content\/uploads\/2024\/05\/consmidjourney_photorealistic_and_showing_the_face_a_person_wor_6b3c7d03-f902-4c5a-895b-ca119810f2b3-1-edited.jpg 1024w, https:\/\/www.deutsche-glasfaser.de\/blog\/wp-content\/uploads\/2024\/05\/consmidjourney_photorealistic_and_showing_the_face_a_person_wor_6b3c7d03-f902-4c5a-895b-ca119810f2b3-1-edited-300x200.jpg 300w, https:\/\/www.deutsche-glasfaser.de\/blog\/wp-content\/uploads\/2024\/05\/consmidjourney_photorealistic_and_showing_the_face_a_person_wor_6b3c7d03-f902-4c5a-895b-ca119810f2b3-1-edited-768x512.jpg 768w\" sizes=\"(max-width: 1024px) 100vw, 1024px\" \/><\/figure>\n<\/div>\n\n\n<div style=\"height:48px\" aria-hidden=\"true\" class=\"wp-block-spacer\"><\/div>\n\n\n\n<h2 class=\"wp-block-heading\" id=\"fazit\">Fazit: die Zukunft der Arbeitswelt<\/h2>\n\n\n\n<p>New Work ist ein umfassendes Konzept, das darauf abzielt, Arbeit neu zu denken und zu gestalten. Indem es Flexibilit\u00e4t, Autonomie und eine positive Unternehmenskultur in den Vordergrund stellt, bietet New Work die Chance, die <strong>Arbeitswelt an die Bed\u00fcrfnisse und Herausforderungen des 21. Jahrhunderts anzupassen<\/strong>. Die digitale Transformation spielt dabei eine bedeutende Rolle, indem sie die notwendigen Werkzeuge und Technologien bereitstellt, um diese Ver\u00e4nderungen zu erm\u00f6glichen und zu unterst\u00fctzen.<\/p>\n\n\n\n<p>F\u00fcr Unternehmen und Mitarbeiter er\u00f6ffnen sich durch New Work neue Perspektiven. Unternehmen k\u00f6nnen ihre Attraktivit\u00e4t als Arbeitgeber steigern, ihre Innovationskraft f\u00f6rdern und eine nachhaltige Entwicklung sicherstellen. Mitarbeiter profitieren von einer besseren Work-Life-Balance, einer gesteigerten Zufriedenheit und der M\u00f6glichkeit, ihre Arbeit autonomer zu gestalten.<\/p>\n\n\n\n<p>Dennoch ist der Weg zu einer erfolgreichen Implementierung von New Work mit Herausforderungen verbunden. Die Anpassung der Unternehmenskultur, die Qualifizierung der Mitarbeiter und das Management von Remote Teams erfordern Engagement, Offenheit f\u00fcr Ver\u00e4nderungen und eine kontinuierliche Weiterentwicklung aller Beteiligten.<\/p>\n\n\n\n<p>Die Zukunft der Arbeit mit New Work zu gestalten, bedeutet, proaktiv auf die sich wandelnde Welt zu reagieren und Arbeitsmodelle zu schaffen, die sowohl den Bed\u00fcrfnissen der Mitarbeiter als auch den Anforderungen des Marktes gerecht werden. Es ist eine Investition in eine zukunftsf\u00e4hige, motivierende und zufriedenstellende Arbeitsumgebung, von der letztendlich alle profitieren.<\/p>\n","protected":false},"excerpt":{"rendered":"<p>Im Zuge der technologischen Entwicklung und der sich wandelnden gesellschaftlichen Anspr\u00fcche erlebt die Arbeitswelt derzeit eine grundlegende Transformation. Der Megatrend \u201eNew Work\u201c steht im Zentrum dieser Ver\u00e4nderung und verspricht, die Art und Weise, wie wir arbeiten, neu zu definieren. Es [&hellip;]<\/p>\n","protected":false},"author":11,"featured_media":14130,"comment_status":"open","ping_status":"open","sticky":false,"template":"","format":"standard","meta":{"footnotes":""},"categories":[1],"tags":[],"class_list":["post-14129","post","type-post","status-publish","format-standard","has-post-thumbnail","hentry","category-service"],"yoast_head":"<!-- This site is optimized with the Yoast SEO plugin v27.5 - https:\/\/yoast.com\/product\/yoast-seo-wordpress\/ -->\n<title>New Work: Zukunft der Arbeit flexibel und digital gestalten<\/title>\n<meta name=\"description\" content=\"Was ist New Work? Welche Chancen sowie Herausforderungen bringt die Arbeitswelt 4.0 f\u00fcr Unternehmen und Arbeitnehmer mit sich? \u00bb Jetzt lesen\" \/>\n<meta name=\"robots\" content=\"index, follow, max-snippet:-1, max-image-preview:large, max-video-preview:-1\" \/>\n<link rel=\"canonical\" href=\"https:\/\/www.deutsche-glasfaser.de\/blog\/new-work\/\" \/>\n<meta property=\"og:locale\" content=\"de_DE\" \/>\n<meta property=\"og:type\" content=\"article\" \/>\n<meta property=\"og:title\" content=\"New Work: Zukunft der Arbeit flexibel und digital gestalten\" \/>\n<meta property=\"og:description\" content=\"Was ist New Work? Welche Chancen sowie Herausforderungen bringt die Arbeitswelt 4.0 f\u00fcr Unternehmen und Arbeitnehmer mit sich? \u00bb Jetzt lesen\" \/>\n<meta property=\"og:url\" content=\"https:\/\/www.deutsche-glasfaser.de\/blog\/new-work\/\" \/>\n<meta property=\"og:site_name\" content=\"Digitales B\u00fcrgernetz\" \/>\n<meta property=\"article:published_time\" content=\"2024-06-12T08:40:23+00:00\" \/>\n<meta property=\"article:modified_time\" content=\"2025-12-11T12:05:18+00:00\" \/>\n<meta property=\"og:image\" content=\"https:\/\/www.deutsche-glasfaser.de\/blog\/wp-content\/uploads\/2024\/05\/new-work.jpg\" \/>\n\t<meta property=\"og:image:width\" content=\"1456\" \/>\n\t<meta property=\"og:image:height\" content=\"816\" \/>\n\t<meta property=\"og:image:type\" content=\"image\/jpeg\" \/>\n<meta name=\"author\" content=\"Emma Arndt\" \/>\n<meta name=\"twitter:card\" content=\"summary_large_image\" \/>\n<meta name=\"twitter:label1\" content=\"Verfasst von\" \/>\n\t<meta name=\"twitter:data1\" content=\"Emma Arndt\" \/>\n\t<meta name=\"twitter:label2\" content=\"Gesch\u00e4tzte Lesezeit\" \/>\n\t<meta name=\"twitter:data2\" content=\"10\u00a0Minuten\" \/>\n<script type=\"application\/ld+json\" class=\"yoast-schema-graph\">{\"@context\":\"https:\\\/\\\/schema.org\",\"@graph\":[{\"@type\":\"Article\",\"@id\":\"https:\\\/\\\/www.deutsche-glasfaser.de\\\/blog\\\/new-work\\\/#article\",\"isPartOf\":{\"@id\":\"https:\\\/\\\/www.deutsche-glasfaser.de\\\/blog\\\/new-work\\\/\"},\"author\":{\"name\":\"Emma Arndt\",\"@id\":\"https:\\\/\\\/www.deutsche-glasfaser.de\\\/blog\\\/#\\\/schema\\\/person\\\/2e9325719655ab414a05fae22f8502f1\"},\"headline\":\"New Work \u2013 der Weg zur zukunftsf\u00e4higen Unternehmenskultur im digitalen Zeitalter\",\"datePublished\":\"2024-06-12T08:40:23+00:00\",\"dateModified\":\"2025-12-11T12:05:18+00:00\",\"mainEntityOfPage\":{\"@id\":\"https:\\\/\\\/www.deutsche-glasfaser.de\\\/blog\\\/new-work\\\/\"},\"wordCount\":1855,\"commentCount\":0,\"publisher\":{\"@id\":\"https:\\\/\\\/www.deutsche-glasfaser.de\\\/blog\\\/#organization\"},\"image\":{\"@id\":\"https:\\\/\\\/www.deutsche-glasfaser.de\\\/blog\\\/new-work\\\/#primaryimage\"},\"thumbnailUrl\":\"https:\\\/\\\/www.deutsche-glasfaser.de\\\/blog\\\/wp-content\\\/uploads\\\/2024\\\/05\\\/new-work.jpg\",\"articleSection\":[\"Service\"],\"inLanguage\":\"de\",\"potentialAction\":[{\"@type\":\"CommentAction\",\"name\":\"Comment\",\"target\":[\"https:\\\/\\\/www.deutsche-glasfaser.de\\\/blog\\\/new-work\\\/#respond\"]}]},{\"@type\":\"WebPage\",\"@id\":\"https:\\\/\\\/www.deutsche-glasfaser.de\\\/blog\\\/new-work\\\/\",\"url\":\"https:\\\/\\\/www.deutsche-glasfaser.de\\\/blog\\\/new-work\\\/\",\"name\":\"New Work: Zukunft der Arbeit flexibel und digital gestalten\",\"isPartOf\":{\"@id\":\"https:\\\/\\\/www.deutsche-glasfaser.de\\\/blog\\\/#website\"},\"primaryImageOfPage\":{\"@id\":\"https:\\\/\\\/www.deutsche-glasfaser.de\\\/blog\\\/new-work\\\/#primaryimage\"},\"image\":{\"@id\":\"https:\\\/\\\/www.deutsche-glasfaser.de\\\/blog\\\/new-work\\\/#primaryimage\"},\"thumbnailUrl\":\"https:\\\/\\\/www.deutsche-glasfaser.de\\\/blog\\\/wp-content\\\/uploads\\\/2024\\\/05\\\/new-work.jpg\",\"datePublished\":\"2024-06-12T08:40:23+00:00\",\"dateModified\":\"2025-12-11T12:05:18+00:00\",\"description\":\"Was ist New Work? Welche Chancen sowie Herausforderungen bringt die Arbeitswelt 4.0 f\u00fcr Unternehmen und Arbeitnehmer mit sich? \u00bb Jetzt lesen\",\"inLanguage\":\"de\",\"potentialAction\":[{\"@type\":\"ReadAction\",\"target\":[\"https:\\\/\\\/www.deutsche-glasfaser.de\\\/blog\\\/new-work\\\/\"]}]},{\"@type\":\"ImageObject\",\"inLanguage\":\"de\",\"@id\":\"https:\\\/\\\/www.deutsche-glasfaser.de\\\/blog\\\/new-work\\\/#primaryimage\",\"url\":\"https:\\\/\\\/www.deutsche-glasfaser.de\\\/blog\\\/wp-content\\\/uploads\\\/2024\\\/05\\\/new-work.jpg\",\"contentUrl\":\"https:\\\/\\\/www.deutsche-glasfaser.de\\\/blog\\\/wp-content\\\/uploads\\\/2024\\\/05\\\/new-work.jpg\",\"width\":1456,\"height\":816},{\"@type\":\"WebSite\",\"@id\":\"https:\\\/\\\/www.deutsche-glasfaser.de\\\/blog\\\/#website\",\"url\":\"https:\\\/\\\/www.deutsche-glasfaser.de\\\/blog\\\/\",\"name\":\"Digitales B\u00fcrgernetz\",\"description\":\"Deutsche Glasfaser Blog\",\"publisher\":{\"@id\":\"https:\\\/\\\/www.deutsche-glasfaser.de\\\/blog\\\/#organization\"},\"potentialAction\":[{\"@type\":\"SearchAction\",\"target\":{\"@type\":\"EntryPoint\",\"urlTemplate\":\"https:\\\/\\\/www.deutsche-glasfaser.de\\\/blog\\\/?s={search_term_string}\"},\"query-input\":{\"@type\":\"PropertyValueSpecification\",\"valueRequired\":true,\"valueName\":\"search_term_string\"}}],\"inLanguage\":\"de\"},{\"@type\":\"Organization\",\"@id\":\"https:\\\/\\\/www.deutsche-glasfaser.de\\\/blog\\\/#organization\",\"name\":\"Digitales B\u00fcrgernetz\",\"url\":\"https:\\\/\\\/www.deutsche-glasfaser.de\\\/blog\\\/\",\"logo\":{\"@type\":\"ImageObject\",\"inLanguage\":\"de\",\"@id\":\"https:\\\/\\\/www.deutsche-glasfaser.de\\\/blog\\\/#\\\/schema\\\/logo\\\/image\\\/\",\"url\":\"https:\\\/\\\/www.deutsche-glasfaser.de\\\/blog\\\/wp-content\\\/uploads\\\/2021\\\/08\\\/DGF_Logo_Basis_RGB-Large@2x.png\",\"contentUrl\":\"https:\\\/\\\/www.deutsche-glasfaser.de\\\/blog\\\/wp-content\\\/uploads\\\/2021\\\/08\\\/DGF_Logo_Basis_RGB-Large@2x.png\",\"width\":312,\"height\":104,\"caption\":\"Digitales B\u00fcrgernetz\"},\"image\":{\"@id\":\"https:\\\/\\\/www.deutsche-glasfaser.de\\\/blog\\\/#\\\/schema\\\/logo\\\/image\\\/\"}},{\"@type\":\"Person\",\"@id\":\"https:\\\/\\\/www.deutsche-glasfaser.de\\\/blog\\\/#\\\/schema\\\/person\\\/2e9325719655ab414a05fae22f8502f1\",\"name\":\"Emma Arndt\"}]}<\/script>\n<!-- \/ Yoast SEO plugin. -->","yoast_head_json":{"title":"New Work: Zukunft der Arbeit flexibel und digital gestalten","description":"Was ist New Work? Welche Chancen sowie Herausforderungen bringt die Arbeitswelt 4.0 f\u00fcr Unternehmen und Arbeitnehmer mit sich? \u00bb Jetzt lesen","robots":{"index":"index","follow":"follow","max-snippet":"max-snippet:-1","max-image-preview":"max-image-preview:large","max-video-preview":"max-video-preview:-1"},"canonical":"https:\/\/www.deutsche-glasfaser.de\/blog\/new-work\/","og_locale":"de_DE","og_type":"article","og_title":"New Work: Zukunft der Arbeit flexibel und digital gestalten","og_description":"Was ist New Work? Welche Chancen sowie Herausforderungen bringt die Arbeitswelt 4.0 f\u00fcr Unternehmen und Arbeitnehmer mit sich? \u00bb Jetzt lesen","og_url":"https:\/\/www.deutsche-glasfaser.de\/blog\/new-work\/","og_site_name":"Digitales B\u00fcrgernetz","article_published_time":"2024-06-12T08:40:23+00:00","article_modified_time":"2025-12-11T12:05:18+00:00","og_image":[{"width":1456,"height":816,"url":"https:\/\/www.deutsche-glasfaser.de\/blog\/wp-content\/uploads\/2024\/05\/new-work.jpg","type":"image\/jpeg"}],"author":"Emma Arndt","twitter_card":"summary_large_image","twitter_misc":{"Verfasst von":"Emma Arndt","Gesch\u00e4tzte Lesezeit":"10\u00a0Minuten"},"schema":{"@context":"https:\/\/schema.org","@graph":[{"@type":"Article","@id":"https:\/\/www.deutsche-glasfaser.de\/blog\/new-work\/#article","isPartOf":{"@id":"https:\/\/www.deutsche-glasfaser.de\/blog\/new-work\/"},"author":{"name":"Emma Arndt","@id":"https:\/\/www.deutsche-glasfaser.de\/blog\/#\/schema\/person\/2e9325719655ab414a05fae22f8502f1"},"headline":"New Work \u2013 der Weg zur zukunftsf\u00e4higen Unternehmenskultur im digitalen Zeitalter","datePublished":"2024-06-12T08:40:23+00:00","dateModified":"2025-12-11T12:05:18+00:00","mainEntityOfPage":{"@id":"https:\/\/www.deutsche-glasfaser.de\/blog\/new-work\/"},"wordCount":1855,"commentCount":0,"publisher":{"@id":"https:\/\/www.deutsche-glasfaser.de\/blog\/#organization"},"image":{"@id":"https:\/\/www.deutsche-glasfaser.de\/blog\/new-work\/#primaryimage"},"thumbnailUrl":"https:\/\/www.deutsche-glasfaser.de\/blog\/wp-content\/uploads\/2024\/05\/new-work.jpg","articleSection":["Service"],"inLanguage":"de","potentialAction":[{"@type":"CommentAction","name":"Comment","target":["https:\/\/www.deutsche-glasfaser.de\/blog\/new-work\/#respond"]}]},{"@type":"WebPage","@id":"https:\/\/www.deutsche-glasfaser.de\/blog\/new-work\/","url":"https:\/\/www.deutsche-glasfaser.de\/blog\/new-work\/","name":"New Work: Zukunft der Arbeit flexibel und digital gestalten","isPartOf":{"@id":"https:\/\/www.deutsche-glasfaser.de\/blog\/#website"},"primaryImageOfPage":{"@id":"https:\/\/www.deutsche-glasfaser.de\/blog\/new-work\/#primaryimage"},"image":{"@id":"https:\/\/www.deutsche-glasfaser.de\/blog\/new-work\/#primaryimage"},"thumbnailUrl":"https:\/\/www.deutsche-glasfaser.de\/blog\/wp-content\/uploads\/2024\/05\/new-work.jpg","datePublished":"2024-06-12T08:40:23+00:00","dateModified":"2025-12-11T12:05:18+00:00","description":"Was ist New Work? Welche Chancen sowie Herausforderungen bringt die Arbeitswelt 4.0 f\u00fcr Unternehmen und Arbeitnehmer mit sich? \u00bb Jetzt lesen","inLanguage":"de","potentialAction":[{"@type":"ReadAction","target":["https:\/\/www.deutsche-glasfaser.de\/blog\/new-work\/"]}]},{"@type":"ImageObject","inLanguage":"de","@id":"https:\/\/www.deutsche-glasfaser.de\/blog\/new-work\/#primaryimage","url":"https:\/\/www.deutsche-glasfaser.de\/blog\/wp-content\/uploads\/2024\/05\/new-work.jpg","contentUrl":"https:\/\/www.deutsche-glasfaser.de\/blog\/wp-content\/uploads\/2024\/05\/new-work.jpg","width":1456,"height":816},{"@type":"WebSite","@id":"https:\/\/www.deutsche-glasfaser.de\/blog\/#website","url":"https:\/\/www.deutsche-glasfaser.de\/blog\/","name":"Digitales B\u00fcrgernetz","description":"Deutsche Glasfaser Blog","publisher":{"@id":"https:\/\/www.deutsche-glasfaser.de\/blog\/#organization"},"potentialAction":[{"@type":"SearchAction","target":{"@type":"EntryPoint","urlTemplate":"https:\/\/www.deutsche-glasfaser.de\/blog\/?s={search_term_string}"},"query-input":{"@type":"PropertyValueSpecification","valueRequired":true,"valueName":"search_term_string"}}],"inLanguage":"de"},{"@type":"Organization","@id":"https:\/\/www.deutsche-glasfaser.de\/blog\/#organization","name":"Digitales B\u00fcrgernetz","url":"https:\/\/www.deutsche-glasfaser.de\/blog\/","logo":{"@type":"ImageObject","inLanguage":"de","@id":"https:\/\/www.deutsche-glasfaser.de\/blog\/#\/schema\/logo\/image\/","url":"https:\/\/www.deutsche-glasfaser.de\/blog\/wp-content\/uploads\/2021\/08\/DGF_Logo_Basis_RGB-Large@2x.png","contentUrl":"https:\/\/www.deutsche-glasfaser.de\/blog\/wp-content\/uploads\/2021\/08\/DGF_Logo_Basis_RGB-Large@2x.png","width":312,"height":104,"caption":"Digitales B\u00fcrgernetz"},"image":{"@id":"https:\/\/www.deutsche-glasfaser.de\/blog\/#\/schema\/logo\/image\/"}},{"@type":"Person","@id":"https:\/\/www.deutsche-glasfaser.de\/blog\/#\/schema\/person\/2e9325719655ab414a05fae22f8502f1","name":"Emma Arndt"}]}},"_links":{"self":[{"href":"https:\/\/www.deutsche-glasfaser.de\/blog\/wp-json\/wp\/v2\/posts\/14129","targetHints":{"allow":["GET"]}}],"collection":[{"href":"https:\/\/www.deutsche-glasfaser.de\/blog\/wp-json\/wp\/v2\/posts"}],"about":[{"href":"https:\/\/www.deutsche-glasfaser.de\/blog\/wp-json\/wp\/v2\/types\/post"}],"author":[{"embeddable":true,"href":"https:\/\/www.deutsche-glasfaser.de\/blog\/wp-json\/wp\/v2\/users\/11"}],"replies":[{"embeddable":true,"href":"https:\/\/www.deutsche-glasfaser.de\/blog\/wp-json\/wp\/v2\/comments?post=14129"}],"version-history":[{"count":3,"href":"https:\/\/www.deutsche-glasfaser.de\/blog\/wp-json\/wp\/v2\/posts\/14129\/revisions"}],"predecessor-version":[{"id":15632,"href":"https:\/\/www.deutsche-glasfaser.de\/blog\/wp-json\/wp\/v2\/posts\/14129\/revisions\/15632"}],"wp:featuredmedia":[{"embeddable":true,"href":"https:\/\/www.deutsche-glasfaser.de\/blog\/wp-json\/wp\/v2\/media\/14130"}],"wp:attachment":[{"href":"https:\/\/www.deutsche-glasfaser.de\/blog\/wp-json\/wp\/v2\/media?parent=14129"}],"wp:term":[{"taxonomy":"category","embeddable":true,"href":"https:\/\/www.deutsche-glasfaser.de\/blog\/wp-json\/wp\/v2\/categories?post=14129"},{"taxonomy":"post_tag","embeddable":true,"href":"https:\/\/www.deutsche-glasfaser.de\/blog\/wp-json\/wp\/v2\/tags?post=14129"}],"curies":[{"name":"wp","href":"https:\/\/api.w.org\/{rel}","templated":true}]}}