{"id":14120,"date":"2024-06-12T10:36:10","date_gmt":"2024-06-12T08:36:10","guid":{"rendered":"https:\/\/www.deutsche-glasfaser.de\/blog\/?p=14120"},"modified":"2025-12-11T13:48:31","modified_gmt":"2025-12-11T12:48:31","slug":"augmented-reality-vs-virtual-reality","status":"publish","type":"post","link":"https:\/\/www.deutsche-glasfaser.de\/blog\/augmented-reality-vs-virtual-reality\/","title":{"rendered":"Augmented Reality vs. Virtual Reality: Zukunftstechnologien im Vergleich"},"content":{"rendered":"\n<p>In unserer zunehmend digitalisierten Welt verschwimmen immer h\u00e4ufiger die Grenzen zwischen Realit\u00e4t und virtueller Welt. In kaum einem anderen Bereich ist das eindr\u00fccklicher als bei immersiven Technologien wie Augmented Reality und Virtual Reality \u2013 oder kurz: AR und VR. Doch was genau verbirgt sich hinter diesen Technologien? Worin unterscheiden sie sich? Wie lassen sie sich einsetzen und welche Chancen bieten sie? Diesen Fragen gehen wir in diesem Blogartikel nach.<\/p>\n\n\n\n<hr class=\"wp-block-separator has-alpha-channel-opacity\"\/>\n\n\n\n<p style=\"font-size: 24px\">Inhaltsverzeichnis<\/p>\n<p><a href=\"#unterschied\" style=\"color: black; font-weight: bold;\">1. Augmented Reality vs. Virtual Reality: Was sind die Unterschiede?<\/a><\/p>\n<p><a href=\"#definition-ar\" style=\"color: black; font-weight: bold;\">1.2 Definition und Funktion von Augmented Reality<\/a><\/p>\n<p><a href=\"#definition-vr\" style=\"color: black; font-weight: bold;\">1.3 Definition und Funktion von Virtual Reality<\/a><\/p>\n<p><a href=\"#ar-vs-vr\" style=\"color: black; font-weight: bold;\">1.4 Augmented Reality vs. Virtual Reality: Unterschiede und Zwischenformen<\/a><\/p>\n<p><a href=\"#vorteile-anwendungsf\u00e4lle\" style=\"color: black; font-weight: bold;\">2. Vorteile und Anwendungsf\u00e4lle von AR und VR<\/a><\/p>\n<p><a href=\"#ar-vorteile\" style=\"color: black; font-weight: bold;\">2.1 Augmented Reality \u2013 Vorteile und Anwendungsformen<\/a><\/p>\n<p><a href=\"#vr-vorteile\" style=\"color: black; font-weight: bold;\">2.2 Virtual Reality \u2013 Vorteile und Anwendungsformen<\/a><\/p>\n<p><a href=\"#zukunft\" style=\"color: black; font-weight: bold;\">3. Zukunft von Augmented und Virtual Reality<\/a><\/p>\n\n\n\n<hr class=\"wp-block-separator has-alpha-channel-opacity\"\/>\n\n\n\n<div style=\"height:48px\" aria-hidden=\"true\" class=\"wp-block-spacer\"><\/div>\n\n\n\n<h2 class=\"wp-block-heading\" id=\"unterschied\">Augmented Reality vs. Virtual Reality: Was sind die Unterschiede?<\/h2>\n\n\n\n<p>Augmented Reality und Virtual Reality sind zwei faszinierende Technologien. Waren sie <a href=\"https:\/\/www.deutsche-glasfaser.de\/blog\/technik-der-zukunft-6-visionen-die-es-schon-heute-gibt\/\">bis vor wenigen Jahren nur in Science-Fiction-Filmen zu sehen<\/a>, werden sie in der heutigen digitalen Welt immer pr\u00e4senter. Doch worin genau liegen die Unterschiede? Bei einem genaueren Blick auf die beiden Technologien wird das gut deutlich.<\/p>\n\n\n\n<div style=\"height:48px\" aria-hidden=\"true\" class=\"wp-block-spacer\"><\/div>\n\n\n\n<h3 class=\"wp-block-heading\" id=\"definition-ar\">Definition und Funktion von Augmented Reality<\/h3>\n\n\n\n<p>Augmented Reality, kurz AR, bedeutet \u00fcbersetzt so viel wie <strong>erweiterte Realit\u00e4t<\/strong>. Dieser Begriff umschreibt sehr gut, was Augmented Reality leistet. Die <strong>Realit\u00e4t<\/strong> wird visuell <strong>mit digitalen Elementen angereichert<\/strong>. Als technische Grundausstattung reicht f\u00fcr viele Anwendungen bereits ein aktuelles Smartphone mit Kamera. In der Praxis funktioniert Augmented Reality meist folgenderma\u00dfen: Die Nutzer nehmen mit der Kamera ihres Smartphones in Echtzeit die Umgebung auf. Auf dem Display werden <strong>neben dem Bild weitere Elemente eingeblendet<\/strong>.<\/p>\n\n\n\n<p>In einer fortgeschrittenen Variante kommen statt Smartphones oder Tablets spezielle <strong>Datenbrillen f\u00fcr AR<\/strong> zum Einsatz. Dabei handelt es sich um Brillen, durch die der Nutzer seine <strong>Umwelt real wahrnimmt<\/strong>. In das Gestell der Datenbrille verbaute Kameras fangen die Umgebung ein und registrieren, was der Tr\u00e4ger sieht. \u00dcber die Gl\u00e4ser k\u00f6nnen <strong>zus\u00e4tzliche Elemente direkt in das Sichtfeld eingeblendet<\/strong> werden. Das reale Bild wird so mit erg\u00e4nzenden Informationen angereichert.<\/p>\n\n\n\n<div style=\"height:48px\" aria-hidden=\"true\" class=\"wp-block-spacer\"><\/div>\n\n\n\n<h3 class=\"wp-block-heading\" id=\"definition-vr\">Definition und Funktion von Virtual Reality<\/h3>\n\n\n\n<p>Analog zu Augmented Reality wird Virtual Reality h\u00e4ufig mit VR abgek\u00fcrzt. Anders als bei Augmented Reality wird bei Virtual Reality eine <strong>vollst\u00e4ndig virtuelle Welt erzeugt<\/strong>, in die die Nutzer eintauchen. Um Virtual Reality nutzen zu k\u00f6nnen, sind in der Regel spezielle VR-Brillen notwendig. Dabei handelt es sich um Datenbrillen, die das Sichtfeld komplett abschlie\u00dfen, etwa wie eine Ski- oder Taucherbrille. Statt eines Glases ist ein <strong>Micro-Display verbaut<\/strong>.<\/p>\n\n\n\n<p>Der Nutzer nimmt auf diese Weise nur noch die gezeigten Bilder wahr. Es entsteht der <strong>Eindruck, sich tats\u00e4chlich in der digital erzeugten Welt aufzuhalten<\/strong>. Das Bild folgt dabei der Blickrichtung und Bewegung des Kopfes. Zus\u00e4tzlich k\u00f6nnen zur Steuerung Handkontroller eingesetzt werden. Diese Kontroller reagieren auf Bewegung. So lassen sich im gesehenen Bild beispielsweise <strong>Gegenst\u00e4nde bewegen und wie Werkzeuge steuern<\/strong>. Die Nutzer erhalten das Gef\u00fchl, mit diesem Gegenstand in der gezeigten Umgebung zu hantieren. Optische und inzwischen auch taktile Reize k\u00f6nnen diese Eindr\u00fccke weiter verst\u00e4rken und ein absolut realistisches Gef\u00fchl vermitteln.<\/p>\n\n\n\n<div style=\"height:48px\" aria-hidden=\"true\" class=\"wp-block-spacer\"><\/div>\n\n\n\n<h3 class=\"wp-block-heading\" id=\"ar-vs-vr\">Augmented Reality vs. Virtual Reality: Unterschiede und Zwischenformen<\/h3>\n\n\n\n<p>Neben einer Reihe technischer Details gibt es einen weiteren entscheidenden Unterschied zwischen Augmented und Virtual Reality: den <strong>Grad der Immersion<\/strong>. Unter Immersion versteht man das <strong>Eintauchen in die virtuelle Welt<\/strong>, auch als <strong>Virtualit\u00e4t<\/strong> oder Virtuality bezeichnet. Bei <strong>Virtual Reality<\/strong> ist die <strong>Immersion sehr hoch<\/strong> und die Nutzer tauchen vollst\u00e4ndig in die Welt ein. Die virtuelle Welt wird als real wahrgenommen. <strong>Augmented Reality<\/strong> ist <strong>deutlich weniger immersiv<\/strong>. Der Bezug zur Realit\u00e4t bleibt immer ersichtlich. Kurzum: W\u00e4hrend AR die Realit\u00e4t erweitert, erschafft VR eine neue Realit\u00e4t.<\/p>\n\n\n\n<p>In der Praxis sind die Grenzen zwischen AR und VR nicht immer ganz eindeutig. Als <strong>Mischform<\/strong> zwischen beiden Technologien gibt es auch noch die <strong>Mixed Reality<\/strong>. Diese Form ist gewisserma\u00dfen eine Erweiterung der Augmented Reality. Die virtuell eingeblendeten Elemente reagieren auf die Realit\u00e4t und es ist m\u00f6glich, mit den Elementen zu interagieren \u2013 auch mit einer Gruppe von Nutzern, die gleichzeitig auf die erzeugte Mixed Reality zugreifen.<\/p>\n\n\n\n<p>Experten sprechen in diesem Zusammenhang auch von einem Kontinuum von Realit\u00e4t und Virtualit\u00e4t, dem sogenannten <strong>Realit\u00e4ts-Virtualit\u00e4ts-Kontinuum<\/strong>. Es beschreibt den <strong>flie\u00dfenden \u00dcbergang<\/strong> zwischen realer und virtueller Welt. Damit lassen sich die verschiedenen Technologien in Bezug zueinander setzen, abstufen und vergleichen.<\/p>\n\n\n<div class=\"wp-block-image\">\n<figure class=\"aligncenter size-full is-resized\"><img fetchpriority=\"high\" decoding=\"async\" width=\"1024\" height=\"768\" src=\"https:\/\/www.deutsche-glasfaser.de\/blog\/wp-content\/uploads\/2024\/05\/Augmented-Reality-edited.jpg\" alt=\"\" class=\"wp-image-14126\" style=\"width:715px;height:auto\" srcset=\"https:\/\/www.deutsche-glasfaser.de\/blog\/wp-content\/uploads\/2024\/05\/Augmented-Reality-edited.jpg 1024w, https:\/\/www.deutsche-glasfaser.de\/blog\/wp-content\/uploads\/2024\/05\/Augmented-Reality-edited-300x225.jpg 300w, https:\/\/www.deutsche-glasfaser.de\/blog\/wp-content\/uploads\/2024\/05\/Augmented-Reality-edited-768x576.jpg 768w\" sizes=\"(max-width: 1024px) 100vw, 1024px\" \/><\/figure>\n<\/div>\n\n\n<div style=\"height:48px\" aria-hidden=\"true\" class=\"wp-block-spacer\"><\/div>\n\n\n\n<h2 class=\"wp-block-heading\" id=\"vorteile-anwendungsf\u00e4lle\">Vorteile und Anwendungsf\u00e4lle von AR und VR<\/h2>\n\n\n\n<p>Augmented Reality und Virtual Reality bieten eine Reihe von Vorteilen und werden bereits <strong>in verschiedenen Bereichen eingesetzt<\/strong>, darunter insbesondere: Bildung, Navigation, Ausbildung, Training, Simulation und Unterhaltung. Aufgrund ihrer unterschiedlichen Eigenschaften und Vorteile eignen sich die beiden Technologien jeweils f\u00fcr verschiedene Einsatzgebiete und Anwendungsf\u00e4lle besonders gut.<\/p>\n\n\n\n<div style=\"height:48px\" aria-hidden=\"true\" class=\"wp-block-spacer\"><\/div>\n\n\n\n<h3 class=\"wp-block-heading\" id=\"ar-vorteile\">Augmented Reality \u2013 Vorteile und Anwendungsformen<\/h3>\n\n\n\n<p>Der <strong>Vorteil der Augmented Reality<\/strong> besteht darin, dass sie die Realit\u00e4t nur teilweise mit virtuellen Objekten und zus\u00e4tzlichen Informationen \u00fcberlagert und so erg\u00e4nzt. Damit eignet sich diese Technologie besonders gut zur <strong>Visualisierung<\/strong>, etwa in der Architektur, Raumgestaltung oder Stadtplanung sowie f\u00fcr Produktpr\u00e4sentationen. Auch zur <strong>Wissensvermittlung <\/strong>in der Schule sowie anderen Einrichtungen im Bereich Bildung und Ausbildung erm\u00f6glicht Augmented Reality <a href=\"https:\/\/www.deutsche-glasfaser.de\/blog\/digitales-lernen-bildung-und-lernmethoden-der-zukunft\/\">neue digitale Lernmethoden<\/a>. Im Alltag l\u00e4sst sich die Technologie zur <strong>Navigation<\/strong> nutzen.<\/p>\n\n\n\n<p>Neben der Visualisierung und dem Wissenstransfer wird Augmented Reality in vielen Einsatzgebieten zur <strong>Assistenz<\/strong> verwendet. So kann AR im Gesundheitswesen mit erg\u00e4nzenden Informationen bei <strong>Operationen oder Diagnosen<\/strong> assistieren. \u00c4hnlich verh\u00e4lt es sich bei <strong>Wartungs- und Inspektionsarbeiten<\/strong>. Hier k\u00f6nnen zus\u00e4tzliche kontextualisierte Informationen ebenfalls zu besseren Ergebnissen f\u00fchren. Dadurch lassen sich <strong>viele Arbeiten<\/strong> <strong>schneller, sicherer und oft auch gefahrloser<\/strong> durchf\u00fchren.&nbsp;&nbsp;&nbsp;&nbsp;<\/p>\n\n\n\n<div style=\"height:48px\" aria-hidden=\"true\" class=\"wp-block-spacer\"><\/div>\n\n\n\n<h3 class=\"wp-block-heading\" id=\"vr-vorteile\">Virtual Reality \u2013 Vorteile und Einsatzm\u00f6glichkeiten<\/h3>\n\n\n\n<p>Der <strong>Vorteil von Virtual Reality<\/strong> liegt in der Schaffung komplett neuer Umgebungen. Typische Anwendungsf\u00e4lle f\u00fcr Virtual Reality sind damit jegliche Art von <strong>Simulationen<\/strong> und komplexen <strong>Entw\u00fcrfen<\/strong>. Einsatzgebiete sind beispielsweise <strong>Bildung und Training, Medizin, soziale Vernetzung und Teilhabe<\/strong> oder <a href=\"https:\/\/www.deutsche-glasfaser.de\/blog\/virtuelle-reisen-apps-und-websites-um-die-welt-digital-zu-erkunden\/\">virtuelle Reisen<\/a>. Im Grunde sind die Anwendungsbereiche damit \u00e4hnlich wie bei der Augmented Reality.<\/p>\n\n\n\n<p>Virtual Reality geht dabei meist jedoch noch ein St\u00fcck weiter. So lassen sich beispielsweise komplexe <strong>Trainingssimulationen<\/strong> erschaffen, mit denen sich komplizierte, gef\u00e4hrliche oder auch sehr kostenintensive Aufgaben realit\u00e4tsnah trainieren lassen, ohne dass die Trainierenden m\u00f6glichen Gefahren ausgesetzt werden oder durch Fehlschl\u00e4ge hohe finanzielle Verluste entstehen.<\/p>\n\n\n\n<p>Ein weiterer<strong> Einsatzbereich von Virtual Reality ist die Unterhaltung<\/strong>. Das immersive Spielerlebnis mit VR gilt als revolution\u00e4r und setzt sich auch dank erschwinglicher Technik immer st\u00e4rker durch.&nbsp;<\/p>\n\n\n<div class=\"wp-block-image\">\n<figure class=\"aligncenter size-full is-resized\"><img decoding=\"async\" width=\"1024\" height=\"683\" src=\"https:\/\/www.deutsche-glasfaser.de\/blog\/wp-content\/uploads\/2024\/05\/Virtual-Travelling-edited.jpg\" alt=\"\" class=\"wp-image-14124\" style=\"width:756px;height:auto\" srcset=\"https:\/\/www.deutsche-glasfaser.de\/blog\/wp-content\/uploads\/2024\/05\/Virtual-Travelling-edited.jpg 1024w, https:\/\/www.deutsche-glasfaser.de\/blog\/wp-content\/uploads\/2024\/05\/Virtual-Travelling-edited-300x200.jpg 300w, https:\/\/www.deutsche-glasfaser.de\/blog\/wp-content\/uploads\/2024\/05\/Virtual-Travelling-edited-768x512.jpg 768w\" sizes=\"(max-width: 1024px) 100vw, 1024px\" \/><\/figure>\n<\/div>\n\n\n<div style=\"height:48px\" aria-hidden=\"true\" class=\"wp-block-spacer\"><\/div>\n\n\n\n<h2 class=\"wp-block-heading\" id=\"zukunft\">Zukunft von Augmented und Virtual Reality<\/h2>\n\n\n\n<p>Immersive Technologien wie Augmented und Virtual Reality sind noch vergleichsweise jung und stehen <strong>am Anfang ihrer Entwicklung<\/strong>. Sie sind erst in den vergangenen Jahren marktreif und einer gro\u00dfen Anwenderschaft zug\u00e4nglich geworden. Anders gestaltet es sich zum Beispiel in der Industrie: Hier ist die Computertechnik bereits in vielen verschiedenen Bereichen weit verbreitet.<\/p>\n\n\n\n<p>F\u00fcr die n\u00e4here Zukunft ist daher vor allem mit einer <strong>zunehmenden Entwicklung und Verbreitung<\/strong> in immer mehr Lebens- und Arbeitsbereichen zu rechnen. Eine wichtige Rolle f\u00fcr die weitere Entwicklung spielen dabei unter anderem die Weiterentwicklung der Technologien und die sinkenden Kosten:<\/p>\n\n\n\n<ul class=\"wp-block-list\">\n<li><strong>Technologische Fortschritte<\/strong> bei der Weiterentwicklung der Computertechnik lassen leistungsf\u00e4higere, realistischere und benutzerfreundlichere Anwendungen f\u00fcr AR und VR erwarten.<\/li>\n\n\n\n<li><strong>Eine Verbesserung der Kosteneffizienz bei AR- und VR-Ger\u00e4ten<\/strong> d\u00fcrfte voraussichtlich f\u00fcr sinkende Preise bei der erforderlichen Technik und so f\u00fcr eine immer st\u00e4rkere Verbreitung sorgen.<\/li>\n<\/ul>\n\n\n\n<p>Bereits heute gibt es eine <strong>breite Palette von Anwendungsf\u00e4llen<\/strong> in den verschiedensten Bereichen \u2013 von der Bildung \u00fcber Industrie, Marketing und Gaming bis hin zum Gesundheitswesen. Diese Vielseitigkeit zeigt, wie hoch das Potenzial von AR und VR schon jetzt ist. Mit zunehmender Verbreitung und verbesserten Technologien sind hier noch mehr Anwendungsm\u00f6glichkeiten zu erwarten.<\/p>\n","protected":false},"excerpt":{"rendered":"<p>In unserer zunehmend digitalisierten Welt verschwimmen immer h\u00e4ufiger die Grenzen zwischen Realit\u00e4t und virtueller Welt. In kaum einem anderen Bereich ist das eindr\u00fccklicher als bei immersiven Technologien wie Augmented Reality und Virtual Reality \u2013 oder kurz: AR und VR. Doch [&hellip;]<\/p>\n","protected":false},"author":11,"featured_media":14122,"comment_status":"open","ping_status":"open","sticky":false,"template":"","format":"standard","meta":{"footnotes":""},"categories":[1],"tags":[],"class_list":["post-14120","post","type-post","status-publish","format-standard","has-post-thumbnail","hentry","category-service"],"yoast_head":"<!-- This site is optimized with the Yoast SEO plugin v27.5 - https:\/\/yoast.com\/product\/yoast-seo-wordpress\/ -->\n<title>Augmented Reality vs Virtual Reality: Die Unterschiede<\/title>\n<meta name=\"description\" content=\"Zukunftstechnologien im Vergleich \u2013 Augmented Reality vs. Virtual Reality: \u2713Unterschiede \u2713Einsatzm\u00f6glichkeiten \u2713Chancen. \u00bb Mehr erfahren\" \/>\n<meta name=\"robots\" content=\"index, follow, max-snippet:-1, max-image-preview:large, max-video-preview:-1\" \/>\n<link rel=\"canonical\" href=\"https:\/\/www.deutsche-glasfaser.de\/blog\/augmented-reality-vs-virtual-reality\/\" \/>\n<meta property=\"og:locale\" content=\"de_DE\" \/>\n<meta property=\"og:type\" content=\"article\" \/>\n<meta property=\"og:title\" content=\"Augmented Reality vs Virtual Reality: Die Unterschiede\" \/>\n<meta property=\"og:description\" content=\"Zukunftstechnologien im Vergleich \u2013 Augmented Reality vs. Virtual Reality: \u2713Unterschiede \u2713Einsatzm\u00f6glichkeiten \u2713Chancen. \u00bb Mehr erfahren\" \/>\n<meta property=\"og:url\" content=\"https:\/\/www.deutsche-glasfaser.de\/blog\/augmented-reality-vs-virtual-reality\/\" \/>\n<meta property=\"og:site_name\" content=\"Digitales B\u00fcrgernetz\" \/>\n<meta property=\"article:published_time\" content=\"2024-06-12T08:36:10+00:00\" \/>\n<meta property=\"article:modified_time\" content=\"2025-12-11T12:48:31+00:00\" \/>\n<meta property=\"og:image\" content=\"https:\/\/www.deutsche-glasfaser.de\/blog\/wp-content\/uploads\/2024\/05\/virtual-reality.jpg\" \/>\n\t<meta property=\"og:image:width\" content=\"1456\" \/>\n\t<meta property=\"og:image:height\" content=\"816\" \/>\n\t<meta property=\"og:image:type\" content=\"image\/jpeg\" \/>\n<meta name=\"author\" content=\"Emma Arndt\" \/>\n<meta name=\"twitter:card\" content=\"summary_large_image\" \/>\n<meta name=\"twitter:label1\" content=\"Verfasst von\" \/>\n\t<meta name=\"twitter:data1\" content=\"Emma Arndt\" \/>\n\t<meta name=\"twitter:label2\" content=\"Gesch\u00e4tzte Lesezeit\" \/>\n\t<meta name=\"twitter:data2\" content=\"8\u00a0Minuten\" \/>\n<script type=\"application\/ld+json\" class=\"yoast-schema-graph\">{\"@context\":\"https:\\\/\\\/schema.org\",\"@graph\":[{\"@type\":\"Article\",\"@id\":\"https:\\\/\\\/www.deutsche-glasfaser.de\\\/blog\\\/augmented-reality-vs-virtual-reality\\\/#article\",\"isPartOf\":{\"@id\":\"https:\\\/\\\/www.deutsche-glasfaser.de\\\/blog\\\/augmented-reality-vs-virtual-reality\\\/\"},\"author\":{\"name\":\"Emma Arndt\",\"@id\":\"https:\\\/\\\/www.deutsche-glasfaser.de\\\/blog\\\/#\\\/schema\\\/person\\\/2e9325719655ab414a05fae22f8502f1\"},\"headline\":\"Augmented Reality vs. Virtual Reality: Zukunftstechnologien im Vergleich\",\"datePublished\":\"2024-06-12T08:36:10+00:00\",\"dateModified\":\"2025-12-11T12:48:31+00:00\",\"mainEntityOfPage\":{\"@id\":\"https:\\\/\\\/www.deutsche-glasfaser.de\\\/blog\\\/augmented-reality-vs-virtual-reality\\\/\"},\"wordCount\":1287,\"commentCount\":0,\"publisher\":{\"@id\":\"https:\\\/\\\/www.deutsche-glasfaser.de\\\/blog\\\/#organization\"},\"image\":{\"@id\":\"https:\\\/\\\/www.deutsche-glasfaser.de\\\/blog\\\/augmented-reality-vs-virtual-reality\\\/#primaryimage\"},\"thumbnailUrl\":\"https:\\\/\\\/www.deutsche-glasfaser.de\\\/blog\\\/wp-content\\\/uploads\\\/2024\\\/05\\\/virtual-reality.jpg\",\"articleSection\":[\"Service\"],\"inLanguage\":\"de\",\"potentialAction\":[{\"@type\":\"CommentAction\",\"name\":\"Comment\",\"target\":[\"https:\\\/\\\/www.deutsche-glasfaser.de\\\/blog\\\/augmented-reality-vs-virtual-reality\\\/#respond\"]}]},{\"@type\":\"WebPage\",\"@id\":\"https:\\\/\\\/www.deutsche-glasfaser.de\\\/blog\\\/augmented-reality-vs-virtual-reality\\\/\",\"url\":\"https:\\\/\\\/www.deutsche-glasfaser.de\\\/blog\\\/augmented-reality-vs-virtual-reality\\\/\",\"name\":\"Augmented Reality vs Virtual Reality: Die Unterschiede\",\"isPartOf\":{\"@id\":\"https:\\\/\\\/www.deutsche-glasfaser.de\\\/blog\\\/#website\"},\"primaryImageOfPage\":{\"@id\":\"https:\\\/\\\/www.deutsche-glasfaser.de\\\/blog\\\/augmented-reality-vs-virtual-reality\\\/#primaryimage\"},\"image\":{\"@id\":\"https:\\\/\\\/www.deutsche-glasfaser.de\\\/blog\\\/augmented-reality-vs-virtual-reality\\\/#primaryimage\"},\"thumbnailUrl\":\"https:\\\/\\\/www.deutsche-glasfaser.de\\\/blog\\\/wp-content\\\/uploads\\\/2024\\\/05\\\/virtual-reality.jpg\",\"datePublished\":\"2024-06-12T08:36:10+00:00\",\"dateModified\":\"2025-12-11T12:48:31+00:00\",\"description\":\"Zukunftstechnologien im Vergleich \u2013 Augmented Reality vs. Virtual Reality: \u2713Unterschiede \u2713Einsatzm\u00f6glichkeiten \u2713Chancen. \u00bb Mehr erfahren\",\"inLanguage\":\"de\",\"potentialAction\":[{\"@type\":\"ReadAction\",\"target\":[\"https:\\\/\\\/www.deutsche-glasfaser.de\\\/blog\\\/augmented-reality-vs-virtual-reality\\\/\"]}]},{\"@type\":\"ImageObject\",\"inLanguage\":\"de\",\"@id\":\"https:\\\/\\\/www.deutsche-glasfaser.de\\\/blog\\\/augmented-reality-vs-virtual-reality\\\/#primaryimage\",\"url\":\"https:\\\/\\\/www.deutsche-glasfaser.de\\\/blog\\\/wp-content\\\/uploads\\\/2024\\\/05\\\/virtual-reality.jpg\",\"contentUrl\":\"https:\\\/\\\/www.deutsche-glasfaser.de\\\/blog\\\/wp-content\\\/uploads\\\/2024\\\/05\\\/virtual-reality.jpg\",\"width\":1456,\"height\":816},{\"@type\":\"WebSite\",\"@id\":\"https:\\\/\\\/www.deutsche-glasfaser.de\\\/blog\\\/#website\",\"url\":\"https:\\\/\\\/www.deutsche-glasfaser.de\\\/blog\\\/\",\"name\":\"Digitales B\u00fcrgernetz\",\"description\":\"Deutsche Glasfaser Blog\",\"publisher\":{\"@id\":\"https:\\\/\\\/www.deutsche-glasfaser.de\\\/blog\\\/#organization\"},\"potentialAction\":[{\"@type\":\"SearchAction\",\"target\":{\"@type\":\"EntryPoint\",\"urlTemplate\":\"https:\\\/\\\/www.deutsche-glasfaser.de\\\/blog\\\/?s={search_term_string}\"},\"query-input\":{\"@type\":\"PropertyValueSpecification\",\"valueRequired\":true,\"valueName\":\"search_term_string\"}}],\"inLanguage\":\"de\"},{\"@type\":\"Organization\",\"@id\":\"https:\\\/\\\/www.deutsche-glasfaser.de\\\/blog\\\/#organization\",\"name\":\"Digitales B\u00fcrgernetz\",\"url\":\"https:\\\/\\\/www.deutsche-glasfaser.de\\\/blog\\\/\",\"logo\":{\"@type\":\"ImageObject\",\"inLanguage\":\"de\",\"@id\":\"https:\\\/\\\/www.deutsche-glasfaser.de\\\/blog\\\/#\\\/schema\\\/logo\\\/image\\\/\",\"url\":\"https:\\\/\\\/www.deutsche-glasfaser.de\\\/blog\\\/wp-content\\\/uploads\\\/2021\\\/08\\\/DGF_Logo_Basis_RGB-Large@2x.png\",\"contentUrl\":\"https:\\\/\\\/www.deutsche-glasfaser.de\\\/blog\\\/wp-content\\\/uploads\\\/2021\\\/08\\\/DGF_Logo_Basis_RGB-Large@2x.png\",\"width\":312,\"height\":104,\"caption\":\"Digitales B\u00fcrgernetz\"},\"image\":{\"@id\":\"https:\\\/\\\/www.deutsche-glasfaser.de\\\/blog\\\/#\\\/schema\\\/logo\\\/image\\\/\"}},{\"@type\":\"Person\",\"@id\":\"https:\\\/\\\/www.deutsche-glasfaser.de\\\/blog\\\/#\\\/schema\\\/person\\\/2e9325719655ab414a05fae22f8502f1\",\"name\":\"Emma Arndt\"}]}<\/script>\n<!-- \/ Yoast SEO plugin. -->","yoast_head_json":{"title":"Augmented Reality vs Virtual Reality: Die Unterschiede","description":"Zukunftstechnologien im Vergleich \u2013 Augmented Reality vs. Virtual Reality: \u2713Unterschiede \u2713Einsatzm\u00f6glichkeiten \u2713Chancen. \u00bb Mehr erfahren","robots":{"index":"index","follow":"follow","max-snippet":"max-snippet:-1","max-image-preview":"max-image-preview:large","max-video-preview":"max-video-preview:-1"},"canonical":"https:\/\/www.deutsche-glasfaser.de\/blog\/augmented-reality-vs-virtual-reality\/","og_locale":"de_DE","og_type":"article","og_title":"Augmented Reality vs Virtual Reality: Die Unterschiede","og_description":"Zukunftstechnologien im Vergleich \u2013 Augmented Reality vs. Virtual Reality: \u2713Unterschiede \u2713Einsatzm\u00f6glichkeiten \u2713Chancen. \u00bb Mehr erfahren","og_url":"https:\/\/www.deutsche-glasfaser.de\/blog\/augmented-reality-vs-virtual-reality\/","og_site_name":"Digitales B\u00fcrgernetz","article_published_time":"2024-06-12T08:36:10+00:00","article_modified_time":"2025-12-11T12:48:31+00:00","og_image":[{"width":1456,"height":816,"url":"https:\/\/www.deutsche-glasfaser.de\/blog\/wp-content\/uploads\/2024\/05\/virtual-reality.jpg","type":"image\/jpeg"}],"author":"Emma Arndt","twitter_card":"summary_large_image","twitter_misc":{"Verfasst von":"Emma Arndt","Gesch\u00e4tzte Lesezeit":"8\u00a0Minuten"},"schema":{"@context":"https:\/\/schema.org","@graph":[{"@type":"Article","@id":"https:\/\/www.deutsche-glasfaser.de\/blog\/augmented-reality-vs-virtual-reality\/#article","isPartOf":{"@id":"https:\/\/www.deutsche-glasfaser.de\/blog\/augmented-reality-vs-virtual-reality\/"},"author":{"name":"Emma Arndt","@id":"https:\/\/www.deutsche-glasfaser.de\/blog\/#\/schema\/person\/2e9325719655ab414a05fae22f8502f1"},"headline":"Augmented Reality vs. Virtual Reality: Zukunftstechnologien im Vergleich","datePublished":"2024-06-12T08:36:10+00:00","dateModified":"2025-12-11T12:48:31+00:00","mainEntityOfPage":{"@id":"https:\/\/www.deutsche-glasfaser.de\/blog\/augmented-reality-vs-virtual-reality\/"},"wordCount":1287,"commentCount":0,"publisher":{"@id":"https:\/\/www.deutsche-glasfaser.de\/blog\/#organization"},"image":{"@id":"https:\/\/www.deutsche-glasfaser.de\/blog\/augmented-reality-vs-virtual-reality\/#primaryimage"},"thumbnailUrl":"https:\/\/www.deutsche-glasfaser.de\/blog\/wp-content\/uploads\/2024\/05\/virtual-reality.jpg","articleSection":["Service"],"inLanguage":"de","potentialAction":[{"@type":"CommentAction","name":"Comment","target":["https:\/\/www.deutsche-glasfaser.de\/blog\/augmented-reality-vs-virtual-reality\/#respond"]}]},{"@type":"WebPage","@id":"https:\/\/www.deutsche-glasfaser.de\/blog\/augmented-reality-vs-virtual-reality\/","url":"https:\/\/www.deutsche-glasfaser.de\/blog\/augmented-reality-vs-virtual-reality\/","name":"Augmented Reality vs Virtual Reality: Die Unterschiede","isPartOf":{"@id":"https:\/\/www.deutsche-glasfaser.de\/blog\/#website"},"primaryImageOfPage":{"@id":"https:\/\/www.deutsche-glasfaser.de\/blog\/augmented-reality-vs-virtual-reality\/#primaryimage"},"image":{"@id":"https:\/\/www.deutsche-glasfaser.de\/blog\/augmented-reality-vs-virtual-reality\/#primaryimage"},"thumbnailUrl":"https:\/\/www.deutsche-glasfaser.de\/blog\/wp-content\/uploads\/2024\/05\/virtual-reality.jpg","datePublished":"2024-06-12T08:36:10+00:00","dateModified":"2025-12-11T12:48:31+00:00","description":"Zukunftstechnologien im Vergleich \u2013 Augmented Reality vs. Virtual Reality: \u2713Unterschiede \u2713Einsatzm\u00f6glichkeiten \u2713Chancen. \u00bb Mehr erfahren","inLanguage":"de","potentialAction":[{"@type":"ReadAction","target":["https:\/\/www.deutsche-glasfaser.de\/blog\/augmented-reality-vs-virtual-reality\/"]}]},{"@type":"ImageObject","inLanguage":"de","@id":"https:\/\/www.deutsche-glasfaser.de\/blog\/augmented-reality-vs-virtual-reality\/#primaryimage","url":"https:\/\/www.deutsche-glasfaser.de\/blog\/wp-content\/uploads\/2024\/05\/virtual-reality.jpg","contentUrl":"https:\/\/www.deutsche-glasfaser.de\/blog\/wp-content\/uploads\/2024\/05\/virtual-reality.jpg","width":1456,"height":816},{"@type":"WebSite","@id":"https:\/\/www.deutsche-glasfaser.de\/blog\/#website","url":"https:\/\/www.deutsche-glasfaser.de\/blog\/","name":"Digitales B\u00fcrgernetz","description":"Deutsche Glasfaser Blog","publisher":{"@id":"https:\/\/www.deutsche-glasfaser.de\/blog\/#organization"},"potentialAction":[{"@type":"SearchAction","target":{"@type":"EntryPoint","urlTemplate":"https:\/\/www.deutsche-glasfaser.de\/blog\/?s={search_term_string}"},"query-input":{"@type":"PropertyValueSpecification","valueRequired":true,"valueName":"search_term_string"}}],"inLanguage":"de"},{"@type":"Organization","@id":"https:\/\/www.deutsche-glasfaser.de\/blog\/#organization","name":"Digitales B\u00fcrgernetz","url":"https:\/\/www.deutsche-glasfaser.de\/blog\/","logo":{"@type":"ImageObject","inLanguage":"de","@id":"https:\/\/www.deutsche-glasfaser.de\/blog\/#\/schema\/logo\/image\/","url":"https:\/\/www.deutsche-glasfaser.de\/blog\/wp-content\/uploads\/2021\/08\/DGF_Logo_Basis_RGB-Large@2x.png","contentUrl":"https:\/\/www.deutsche-glasfaser.de\/blog\/wp-content\/uploads\/2021\/08\/DGF_Logo_Basis_RGB-Large@2x.png","width":312,"height":104,"caption":"Digitales B\u00fcrgernetz"},"image":{"@id":"https:\/\/www.deutsche-glasfaser.de\/blog\/#\/schema\/logo\/image\/"}},{"@type":"Person","@id":"https:\/\/www.deutsche-glasfaser.de\/blog\/#\/schema\/person\/2e9325719655ab414a05fae22f8502f1","name":"Emma Arndt"}]}},"_links":{"self":[{"href":"https:\/\/www.deutsche-glasfaser.de\/blog\/wp-json\/wp\/v2\/posts\/14120","targetHints":{"allow":["GET"]}}],"collection":[{"href":"https:\/\/www.deutsche-glasfaser.de\/blog\/wp-json\/wp\/v2\/posts"}],"about":[{"href":"https:\/\/www.deutsche-glasfaser.de\/blog\/wp-json\/wp\/v2\/types\/post"}],"author":[{"embeddable":true,"href":"https:\/\/www.deutsche-glasfaser.de\/blog\/wp-json\/wp\/v2\/users\/11"}],"replies":[{"embeddable":true,"href":"https:\/\/www.deutsche-glasfaser.de\/blog\/wp-json\/wp\/v2\/comments?post=14120"}],"version-history":[{"count":2,"href":"https:\/\/www.deutsche-glasfaser.de\/blog\/wp-json\/wp\/v2\/posts\/14120\/revisions"}],"predecessor-version":[{"id":14128,"href":"https:\/\/www.deutsche-glasfaser.de\/blog\/wp-json\/wp\/v2\/posts\/14120\/revisions\/14128"}],"wp:featuredmedia":[{"embeddable":true,"href":"https:\/\/www.deutsche-glasfaser.de\/blog\/wp-json\/wp\/v2\/media\/14122"}],"wp:attachment":[{"href":"https:\/\/www.deutsche-glasfaser.de\/blog\/wp-json\/wp\/v2\/media?parent=14120"}],"wp:term":[{"taxonomy":"category","embeddable":true,"href":"https:\/\/www.deutsche-glasfaser.de\/blog\/wp-json\/wp\/v2\/categories?post=14120"},{"taxonomy":"post_tag","embeddable":true,"href":"https:\/\/www.deutsche-glasfaser.de\/blog\/wp-json\/wp\/v2\/tags?post=14120"}],"curies":[{"name":"wp","href":"https:\/\/api.w.org\/{rel}","templated":true}]}}