{"id":14028,"date":"2024-05-23T08:35:49","date_gmt":"2024-05-23T06:35:49","guid":{"rendered":"https:\/\/www.deutsche-glasfaser.de\/blog\/?p=14028"},"modified":"2024-05-23T08:36:03","modified_gmt":"2024-05-23T06:36:03","slug":"branchentreffen-das-ringen-um-die-digitale-zukunft-deutschlands-auf-der-anga-com-2024","status":"publish","type":"post","link":"https:\/\/www.deutsche-glasfaser.de\/blog\/branchentreffen-das-ringen-um-die-digitale-zukunft-deutschlands-auf-der-anga-com-2024\/","title":{"rendered":"Branchentreffen: Das Ringen um die Digitale Zukunft Deutschlands auf der Anga Com 2024"},"content":{"rendered":"\t\t<div data-elementor-type=\"wp-post\" data-elementor-id=\"14028\" class=\"elementor elementor-14028\">\n\t\t\t\t\t\t<section class=\"elementor-section elementor-top-section elementor-element elementor-element-c414b79 elementor-section-boxed elementor-section-height-default elementor-section-height-default\" data-id=\"c414b79\" data-element_type=\"section\" data-e-type=\"section\">\n\t\t\t\t\t\t<div class=\"elementor-container elementor-column-gap-default\">\n\t\t\t\t\t<div class=\"elementor-column elementor-col-100 elementor-top-column elementor-element elementor-element-bf23354\" data-id=\"bf23354\" data-element_type=\"column\" data-e-type=\"column\">\n\t\t\t<div class=\"elementor-widget-wrap elementor-element-populated\">\n\t\t\t\t\t\t<div class=\"elementor-element elementor-element-2e18b03 elementor-widget elementor-widget-text-editor\" data-id=\"2e18b03\" data-element_type=\"widget\" data-e-type=\"widget\" data-widget_type=\"text-editor.default\">\n\t\t\t\t<div class=\"elementor-widget-container\">\n\t\t\t\t\t\t\t\t\t<p>Reger Austausch &#8211; nicht nur auf den St\u00e4nden. Die ANGA COM 2024 konnte einen Besucherrekord aufstellen. @DG\/Vollmers<\/p>\t\t\t\t\t\t\t\t<\/div>\n\t\t\t\t<\/div>\n\t\t\t\t\t<\/div>\n\t\t<\/div>\n\t\t\t\t\t<\/div>\n\t\t<\/section>\n\t\t\t\t<section class=\"elementor-section elementor-top-section elementor-element elementor-element-60736ef elementor-section-boxed elementor-section-height-default elementor-section-height-default\" data-id=\"60736ef\" data-element_type=\"section\" data-e-type=\"section\">\n\t\t\t\t\t\t<div class=\"elementor-container elementor-column-gap-default\">\n\t\t\t\t\t<div class=\"elementor-column elementor-col-100 elementor-top-column elementor-element elementor-element-45ef884\" data-id=\"45ef884\" data-element_type=\"column\" data-e-type=\"column\">\n\t\t\t<div class=\"elementor-widget-wrap elementor-element-populated\">\n\t\t\t\t\t\t<div class=\"elementor-element elementor-element-ce845a3 elementor-widget elementor-widget-text-editor\" data-id=\"ce845a3\" data-element_type=\"widget\" data-e-type=\"widget\" data-widget_type=\"text-editor.default\">\n\t\t\t\t<div class=\"elementor-widget-container\">\n\t\t\t\t\t\t\t\t\t<p>Warum ist die ANGA COM f\u00fcr uns ein wichtiger Termin im Kalender? Nicht nur, dass sich die gesamte Telekommunikationsbranche trifft und sich damit zahlreiche Gelegenheiten ergeben, wichtige PartnerInnen, unsere KundInnen, DienstleisterInnen, Baufirmen und der Presse sowie politische Entscheidungstr\u00e4gerInnen zu sprechen. Auf den Panels wird \u00fcber die wichtigsten Branchenthemen gestritten und Impulse gesetzt f\u00fcr die Fortentwicklung des gesamten Marktes. Ob Open-Access-Kooperationen, Take-up-Raten, Kupfer-Abschaltung oder \u2013 wie es Klaus M\u00fcller, Pr\u00e4sident der BNetzA, es nennt \u2013 \u201edas gro\u00dfe \u00dc-Wort\u201c (\u00dcberbau); die Themen der Infrastrukturbranche werden leidenschaftlich von den VertreterInnen der Unternehmen diskutiert. Wo stehen wir bei den wichtigsten Branchenthemen und was ist besonders wichtig?<\/p><p>Klar ist, dass das Kupfer-Netz in Deutschland veraltet ist und auf mittlere Sicht abgeschaltet werden muss. Damit dies nicht ausschlie\u00dflich zum Vorteil des marktm\u00e4chtigen Unternehmens Telekom geschieht, wird branchenweit von einer \u201ediskriminierungsfreien Kupfer-Abschaltung\u201c gesprochen. Hier wurden die Forderungen an die BNetzA laut: die Regulierungsbeh\u00f6rde solle \u2013 im \u00dcbrigen nicht nur hier &#8211; nicht nur als Moderator in die Diskussion, sondern als Schiedsrichter und Regelvorgeber auftreten. \u201eEs ist dringend notwendig, dass sie aus dem St\u00fcckwerk an Ma\u00dfnahmen in der Gigabitstrategie ein \u00fcbergreifendes, ordnungspolitisches Zielbild f\u00fcr die Digitalisierung in Deutschland entwickelt\u201c, erl\u00e4utert CEO Andreas Pfisterer die Situation aus Sicht von Deutsche Glasfaser. Die Migration auf Glasfaser wurde \u00fcber alle B\u00fchnen hinweg einstimmig als unausweichlich angesehen \u2013 die Glasfaser-Infrastruktur ist die Zukunft, um unsere k\u00fcnftigen Bedarfe langfristig decken zu k\u00f6nnen und hinter anderen europ\u00e4ischen L\u00e4ndern nicht noch weiter zur\u00fcckzufallen.<\/p>\t\t\t\t\t\t\t\t<\/div>\n\t\t\t\t<\/div>\n\t\t\t\t<div class=\"elementor-element elementor-element-121d721 elementor-widget elementor-widget-spacer\" data-id=\"121d721\" data-element_type=\"widget\" data-e-type=\"widget\" data-widget_type=\"spacer.default\">\n\t\t\t\t<div class=\"elementor-widget-container\">\n\t\t\t\t\t\t\t<div class=\"elementor-spacer\">\n\t\t\t<div class=\"elementor-spacer-inner\"><\/div>\n\t\t<\/div>\n\t\t\t\t\t\t<\/div>\n\t\t\t\t<\/div>\n\t\t\t\t<div class=\"elementor-element elementor-element-a77b4c3 elementor-widget elementor-widget-image\" data-id=\"a77b4c3\" data-element_type=\"widget\" data-e-type=\"widget\" data-widget_type=\"image.default\">\n\t\t\t\t<div class=\"elementor-widget-container\">\n\t\t\t\t\t\t\t\t\t\t\t\t<figure class=\"wp-caption\">\n\t\t\t\t\t\t\t\t\t\t<img fetchpriority=\"high\" decoding=\"async\" width=\"768\" height=\"687\" src=\"https:\/\/www.deutsche-glasfaser.de\/blog\/wp-content\/uploads\/2024\/05\/Unbenannt-3-768x687.jpg\" class=\"attachment-medium_large size-medium_large wp-image-14032\" alt=\"Podiumsdiskussion auf der Angacom2024\" srcset=\"https:\/\/www.deutsche-glasfaser.de\/blog\/wp-content\/uploads\/2024\/05\/Unbenannt-3-768x687.jpg 768w, https:\/\/www.deutsche-glasfaser.de\/blog\/wp-content\/uploads\/2024\/05\/Unbenannt-3-300x268.jpg 300w, https:\/\/www.deutsche-glasfaser.de\/blog\/wp-content\/uploads\/2024\/05\/Unbenannt-3.jpg 788w\" sizes=\"(max-width: 768px) 100vw, 768px\" \/>\t\t\t\t\t\t\t\t\t\t\t<figcaption class=\"widget-image-caption wp-caption-text\">Andreas Pfisterer, CEO von Deutsche Glasfaser, beim \"Gigabitgipfel: Kooperation oder Konsolidierung \u2013 Wie entwickelt sich die Anbieterstruktur bis 2030?\" <\/figcaption>\n\t\t\t\t\t\t\t\t\t\t<\/figure>\n\t\t\t\t\t\t\t\t\t<\/div>\n\t\t\t\t<\/div>\n\t\t\t\t<div class=\"elementor-element elementor-element-06fb511 elementor-widget elementor-widget-spacer\" data-id=\"06fb511\" data-element_type=\"widget\" data-e-type=\"widget\" data-widget_type=\"spacer.default\">\n\t\t\t\t<div class=\"elementor-widget-container\">\n\t\t\t\t\t\t\t<div class=\"elementor-spacer\">\n\t\t\t<div class=\"elementor-spacer-inner\"><\/div>\n\t\t<\/div>\n\t\t\t\t\t\t<\/div>\n\t\t\t\t<\/div>\n\t\t\t\t<div class=\"elementor-element elementor-element-2c17627 elementor-widget elementor-widget-text-editor\" data-id=\"2c17627\" data-element_type=\"widget\" data-e-type=\"widget\" data-widget_type=\"text-editor.default\">\n\t\t\t\t<div class=\"elementor-widget-container\">\n\t\t\t\t\t\t\t\t\t<p>In Deutschland sind viele Orte noch nicht mit Glasfaser versorgt \u2013 \u201ewir haben viel Platz und m\u00fcssen zusammenarbeiten, um die Gebiete schnellstm\u00f6glich anzuschlie\u00dfen\u201c, sagte Ruben Queimano, CCO Deutsche Glasfaser, auf dem Panel \u00fcber Take-up-Raten. Diese messen, wie viele Menschen, denen die M\u00f6glichkeit f\u00fcr einen Glasfaseranschluss geboten wird, diese auch annehmen. Die auch in Deutschland jetzt angekommene Diskussion um die richtige Vorgehensweise bei der Abschaltung des Kupfernetzes macht eines deutlich: Die Ewigkeitsoption \u201eMeinen Kupferanschluss wird es immer geben\u201c gibt es nicht mehr. Wir sehen ja auch:\u00a0 Dort, wo z.B. durch intensive Aufkl\u00e4rungsarbeit vor Ort und mit Unterst\u00fctzung kommunaler Vertreter ein Ausbau angegangen wurde, ist auch die Take-up-Rate signifikant h\u00f6her. Und wer einmal aufgrund der Leistungsf\u00e4higkeit des Glasfasernetzes dort Produkte genossen hat, ver\u00e4ndert sein Nutzungsverhalten und damit seinen Bedarf.<\/p><p>Ein anderer Themenstrang besch\u00e4ftigte sich mit Kooperationen, denn inzwischen setzen zahlreiche Unternehmen setzen auf Wholesale-Kooperationen. Das bedeutet, dass sich Anbieter auf bestehenden Netzen zusammenschlie\u00dfen und damit a) diese Netze besser auslasten und b) den KundInnen eine Auswahl des Anbieters erm\u00f6glicht. So, wie es heute im Stromnetz ganz normal ist: ein Netz und Wahlfreiheit des Anbieters.<\/p><p>\u201eDaher werden wir auch k\u00fcnftig einen starken Wettbewerb der Angebote und Leistungen sehen &#8211; zum Vorteil der Kundinnen und Kunden. Wir\u00a0setzen dabei weiter einen Fokus auf den Anschluss unserer zahlreichen Kunden: als zweitgr\u00f6\u00dfter Player im Markt sind wir solide aufgestellt, um die Digitalisierung weiter voranzutreiben.\u201c, sagte Andreas Pfisterer beim Gigabitgipfel am ersten Tag der ANGA COM.<\/p>\t\t\t\t\t\t\t\t<\/div>\n\t\t\t\t<\/div>\n\t\t\t\t\t<\/div>\n\t\t<\/div>\n\t\t\t\t\t<\/div>\n\t\t<\/section>\n\t\t\t\t<section class=\"elementor-section elementor-top-section elementor-element elementor-element-54a6c58 elementor-section-boxed elementor-section-height-default elementor-section-height-default\" data-id=\"54a6c58\" data-element_type=\"section\" data-e-type=\"section\">\n\t\t\t\t\t\t<div class=\"elementor-container elementor-column-gap-default\">\n\t\t\t\t\t<div class=\"elementor-column elementor-col-100 elementor-top-column elementor-element elementor-element-003a275\" data-id=\"003a275\" data-element_type=\"column\" data-e-type=\"column\">\n\t\t\t<div class=\"elementor-widget-wrap elementor-element-populated\">\n\t\t\t\t\t\t<div class=\"elementor-element elementor-element-90c87e6 elementor-widget elementor-widget-heading\" data-id=\"90c87e6\" data-element_type=\"widget\" data-e-type=\"widget\" data-widget_type=\"heading.default\">\n\t\t\t\t<div class=\"elementor-widget-container\">\n\t\t\t\t\t<h2 class=\"elementor-heading-title elementor-size-default\">Standards: Mehr Sicherheit f\u00fcr Kommunen und Kunden<\/h2>\t\t\t\t<\/div>\n\t\t\t\t<\/div>\n\t\t\t\t<div class=\"elementor-element elementor-element-60ce0a9 elementor-widget elementor-widget-spacer\" data-id=\"60ce0a9\" data-element_type=\"widget\" data-e-type=\"widget\" data-widget_type=\"spacer.default\">\n\t\t\t\t<div class=\"elementor-widget-container\">\n\t\t\t\t\t\t\t<div class=\"elementor-spacer\">\n\t\t\t<div class=\"elementor-spacer-inner\"><\/div>\n\t\t<\/div>\n\t\t\t\t\t\t<\/div>\n\t\t\t\t<\/div>\n\t\t\t\t<div class=\"elementor-element elementor-element-95c9bc9 elementor-widget elementor-widget-text-editor\" data-id=\"95c9bc9\" data-element_type=\"widget\" data-e-type=\"widget\" data-widget_type=\"text-editor.default\">\n\t\t\t\t<div class=\"elementor-widget-container\">\n\t\t\t\t\t\t\t\t\t<p>Um die Take-up-Rate zu erh\u00f6hen ist es auch wichtig, weiter Vertrauen zu schaffen. Deutsche Glasfaser engagiert sich daher aktiv in der Etablierung des sogenannten Haust\u00fcrkodex, der einen Qualit\u00e4tsstandard im Haust\u00fcrvertrieb setzt. So stellen wir den Vorsitzend des Steuerungskreises, einem Kontrollgremium, der die Operationalisierung des Kodex bespricht und \u00fcberwacht und sind stets an der Einhaltung und weiteren Gestaltung des Kodex beteiligt.<\/p><p>Ein weiteres Thema war die Beschleunigung des Ausbaus. So ist es bei der Verlegung der Glasfaserkabel wichtig, auch hier Qualit\u00e4tsstandards zu setzen. Aus diesem Grund hat sich Deutsche Glasfaser in der Erstellung einer DIN-Normierung f\u00fcr die Verlegemethoden von Glasfaser engagiert. Die DIN 18220 ist seit August 2023 offiziell in Kraft getreten und gilt als wichtiger Meilenstein in der Branche. Doch auch hier gibt es noch Wege zu gehen, damit diese nicht nur in Theorie sondern auch in Praxis zu dem wegweisenden Dokument des Glasfaserausbaus werden kann. Peter K\u00f6nig, Abteilungsleiter State Aid Rollout bei Deutsche Glasfaser, erkl\u00e4rte beim Panel zum Thema B\u00fcrokratieabbau: Das Vertrauen in und das Wissen um die wichtige DIN18220 muss auf Seiten der Kommune steigen. Mit dieser wird das Genehmigungsverfahren f\u00fcr die Ausbaumethoden der Glasfaser-Industrie beschleunigt.<\/p><p>Alles in Allem zeigt sich auch auf der diesj\u00e4hrigen Messe wieder eine Konstante: Viel Bewegung in bewegenden Themen auf dem bewegten deutschen Telekommunikationsmarkt. Sowohl die Wirtschaft als auch die Politik auf allen Ebenen sind hier gefordert, um aus den gemeinsamen Gespr\u00e4chen auch Handlungen abzuleiten und die vielfachen Herausforderungen auch anzugehen. Denn am Ende treiben wir alle \u2013 mehr oder weniger \u2013 die Aufholjagd Deutschlands in Fragen der Digitalisierung im internationalen Vergleich voran.\u00a0<\/p>\t\t\t\t\t\t\t\t<\/div>\n\t\t\t\t<\/div>\n\t\t\t\t\t<\/div>\n\t\t<\/div>\n\t\t\t\t\t<\/div>\n\t\t<\/section>\n\t\t\t\t<section class=\"elementor-section elementor-top-section elementor-element elementor-element-9596c15 elementor-section-boxed elementor-section-height-default elementor-section-height-default\" data-id=\"9596c15\" data-element_type=\"section\" data-e-type=\"section\">\n\t\t\t\t\t\t<div class=\"elementor-container elementor-column-gap-default\">\n\t\t\t\t\t<div class=\"elementor-column elementor-col-100 elementor-top-column elementor-element elementor-element-a5744e1\" data-id=\"a5744e1\" data-element_type=\"column\" data-e-type=\"column\">\n\t\t\t<div class=\"elementor-widget-wrap\">\n\t\t\t\t\t\t\t<\/div>\n\t\t<\/div>\n\t\t\t\t\t<\/div>\n\t\t<\/section>\n\t\t\t\t<\/div>\n\t\t","protected":false},"excerpt":{"rendered":"<p>Die Kongressmesse ANGA COM ist mit einem Besucherrekord von mehr als 23.000 Teilnehmerinnen und Teilnehmern zu Ende gegangen. Um welche Themen es der Branche geht und wie Deutsche Glasfaser sich positioniert, jetzt im Blog.<\/p>\n","protected":false},"author":5,"featured_media":14029,"comment_status":"open","ping_status":"open","sticky":false,"template":"","format":"standard","meta":{"footnotes":""},"categories":[83],"tags":[],"class_list":["post-14028","post","type-post","status-publish","format-standard","has-post-thumbnail","hentry","category-glasfaser"],"yoast_head":"<!-- This site is optimized with the Yoast SEO plugin v27.5 - https:\/\/yoast.com\/product\/yoast-seo-wordpress\/ -->\n<title>Zusammenfassung der ANGA COM 2024 - Digitales B\u00fcrgernetz<\/title>\n<meta name=\"description\" content=\"Welche Themen besch\u00e4ftigen uns auf der ANGA COM 2024? Das Digitale B\u00fcrgernetz gibt einen \u00dcberblick \u00fcber die Brancheninhalte.\" \/>\n<meta name=\"robots\" content=\"index, follow, max-snippet:-1, max-image-preview:large, max-video-preview:-1\" \/>\n<link rel=\"canonical\" href=\"https:\/\/www.deutsche-glasfaser.de\/blog\/branchentreffen-das-ringen-um-die-digitale-zukunft-deutschlands-auf-der-anga-com-2024\/\" \/>\n<meta property=\"og:locale\" content=\"de_DE\" \/>\n<meta property=\"og:type\" content=\"article\" \/>\n<meta property=\"og:title\" content=\"Zusammenfassung der ANGA COM 2024 - Digitales B\u00fcrgernetz\" \/>\n<meta property=\"og:description\" content=\"Welche Themen besch\u00e4ftigen uns auf der ANGA COM 2024? Das Digitale B\u00fcrgernetz gibt einen \u00dcberblick \u00fcber die Brancheninhalte.\" \/>\n<meta property=\"og:url\" content=\"https:\/\/www.deutsche-glasfaser.de\/blog\/branchentreffen-das-ringen-um-die-digitale-zukunft-deutschlands-auf-der-anga-com-2024\/\" \/>\n<meta property=\"og:site_name\" content=\"Digitales B\u00fcrgernetz\" \/>\n<meta property=\"article:published_time\" content=\"2024-05-23T06:35:49+00:00\" \/>\n<meta property=\"article:modified_time\" content=\"2024-05-23T06:36:03+00:00\" \/>\n<meta property=\"og:image\" content=\"https:\/\/www.deutsche-glasfaser.de\/blog\/wp-content\/uploads\/2024\/05\/Unbenannt-2.jpg\" \/>\n\t<meta property=\"og:image:width\" content=\"1095\" \/>\n\t<meta property=\"og:image:height\" content=\"615\" \/>\n\t<meta property=\"og:image:type\" content=\"image\/jpeg\" \/>\n<meta name=\"author\" content=\"Deutsche Glasfaser\" \/>\n<meta name=\"twitter:card\" content=\"summary_large_image\" \/>\n<meta name=\"twitter:label1\" content=\"Verfasst von\" \/>\n\t<meta name=\"twitter:data1\" content=\"Deutsche Glasfaser\" \/>\n\t<meta name=\"twitter:label2\" content=\"Gesch\u00e4tzte Lesezeit\" \/>\n\t<meta name=\"twitter:data2\" content=\"5\u00a0Minuten\" \/>\n<script type=\"application\/ld+json\" class=\"yoast-schema-graph\">{\"@context\":\"https:\\\/\\\/schema.org\",\"@graph\":[{\"@type\":\"Article\",\"@id\":\"https:\\\/\\\/www.deutsche-glasfaser.de\\\/blog\\\/branchentreffen-das-ringen-um-die-digitale-zukunft-deutschlands-auf-der-anga-com-2024\\\/#article\",\"isPartOf\":{\"@id\":\"https:\\\/\\\/www.deutsche-glasfaser.de\\\/blog\\\/branchentreffen-das-ringen-um-die-digitale-zukunft-deutschlands-auf-der-anga-com-2024\\\/\"},\"author\":{\"name\":\"Deutsche Glasfaser\",\"@id\":\"https:\\\/\\\/www.deutsche-glasfaser.de\\\/blog\\\/#\\\/schema\\\/person\\\/9380a6dc7443d77143d0c66c409f574b\"},\"headline\":\"Branchentreffen: Das Ringen um die Digitale Zukunft Deutschlands auf der Anga Com 2024\",\"datePublished\":\"2024-05-23T06:35:49+00:00\",\"dateModified\":\"2024-05-23T06:36:03+00:00\",\"mainEntityOfPage\":{\"@id\":\"https:\\\/\\\/www.deutsche-glasfaser.de\\\/blog\\\/branchentreffen-das-ringen-um-die-digitale-zukunft-deutschlands-auf-der-anga-com-2024\\\/\"},\"wordCount\":830,\"commentCount\":0,\"publisher\":{\"@id\":\"https:\\\/\\\/www.deutsche-glasfaser.de\\\/blog\\\/#organization\"},\"image\":{\"@id\":\"https:\\\/\\\/www.deutsche-glasfaser.de\\\/blog\\\/branchentreffen-das-ringen-um-die-digitale-zukunft-deutschlands-auf-der-anga-com-2024\\\/#primaryimage\"},\"thumbnailUrl\":\"https:\\\/\\\/www.deutsche-glasfaser.de\\\/blog\\\/wp-content\\\/uploads\\\/2024\\\/05\\\/Unbenannt-2.jpg\",\"articleSection\":[\"#Glasfaser\"],\"inLanguage\":\"de\",\"potentialAction\":[{\"@type\":\"CommentAction\",\"name\":\"Comment\",\"target\":[\"https:\\\/\\\/www.deutsche-glasfaser.de\\\/blog\\\/branchentreffen-das-ringen-um-die-digitale-zukunft-deutschlands-auf-der-anga-com-2024\\\/#respond\"]}]},{\"@type\":\"WebPage\",\"@id\":\"https:\\\/\\\/www.deutsche-glasfaser.de\\\/blog\\\/branchentreffen-das-ringen-um-die-digitale-zukunft-deutschlands-auf-der-anga-com-2024\\\/\",\"url\":\"https:\\\/\\\/www.deutsche-glasfaser.de\\\/blog\\\/branchentreffen-das-ringen-um-die-digitale-zukunft-deutschlands-auf-der-anga-com-2024\\\/\",\"name\":\"Zusammenfassung der ANGA COM 2024 - Digitales B\u00fcrgernetz\",\"isPartOf\":{\"@id\":\"https:\\\/\\\/www.deutsche-glasfaser.de\\\/blog\\\/#website\"},\"primaryImageOfPage\":{\"@id\":\"https:\\\/\\\/www.deutsche-glasfaser.de\\\/blog\\\/branchentreffen-das-ringen-um-die-digitale-zukunft-deutschlands-auf-der-anga-com-2024\\\/#primaryimage\"},\"image\":{\"@id\":\"https:\\\/\\\/www.deutsche-glasfaser.de\\\/blog\\\/branchentreffen-das-ringen-um-die-digitale-zukunft-deutschlands-auf-der-anga-com-2024\\\/#primaryimage\"},\"thumbnailUrl\":\"https:\\\/\\\/www.deutsche-glasfaser.de\\\/blog\\\/wp-content\\\/uploads\\\/2024\\\/05\\\/Unbenannt-2.jpg\",\"datePublished\":\"2024-05-23T06:35:49+00:00\",\"dateModified\":\"2024-05-23T06:36:03+00:00\",\"description\":\"Welche Themen besch\u00e4ftigen uns auf der ANGA COM 2024? Das Digitale B\u00fcrgernetz gibt einen \u00dcberblick \u00fcber die Brancheninhalte.\",\"inLanguage\":\"de\",\"potentialAction\":[{\"@type\":\"ReadAction\",\"target\":[\"https:\\\/\\\/www.deutsche-glasfaser.de\\\/blog\\\/branchentreffen-das-ringen-um-die-digitale-zukunft-deutschlands-auf-der-anga-com-2024\\\/\"]}]},{\"@type\":\"ImageObject\",\"inLanguage\":\"de\",\"@id\":\"https:\\\/\\\/www.deutsche-glasfaser.de\\\/blog\\\/branchentreffen-das-ringen-um-die-digitale-zukunft-deutschlands-auf-der-anga-com-2024\\\/#primaryimage\",\"url\":\"https:\\\/\\\/www.deutsche-glasfaser.de\\\/blog\\\/wp-content\\\/uploads\\\/2024\\\/05\\\/Unbenannt-2.jpg\",\"contentUrl\":\"https:\\\/\\\/www.deutsche-glasfaser.de\\\/blog\\\/wp-content\\\/uploads\\\/2024\\\/05\\\/Unbenannt-2.jpg\",\"width\":1095,\"height\":615,\"caption\":\"Reger Austausch - nicht nur auf den St\u00e4nden. Die ANGA COM 2024 konnte einen Besucherrekord aufstellen. @DG\\\/Vollmers\"},{\"@type\":\"WebSite\",\"@id\":\"https:\\\/\\\/www.deutsche-glasfaser.de\\\/blog\\\/#website\",\"url\":\"https:\\\/\\\/www.deutsche-glasfaser.de\\\/blog\\\/\",\"name\":\"Digitales B\u00fcrgernetz\",\"description\":\"Deutsche Glasfaser Blog\",\"publisher\":{\"@id\":\"https:\\\/\\\/www.deutsche-glasfaser.de\\\/blog\\\/#organization\"},\"potentialAction\":[{\"@type\":\"SearchAction\",\"target\":{\"@type\":\"EntryPoint\",\"urlTemplate\":\"https:\\\/\\\/www.deutsche-glasfaser.de\\\/blog\\\/?s={search_term_string}\"},\"query-input\":{\"@type\":\"PropertyValueSpecification\",\"valueRequired\":true,\"valueName\":\"search_term_string\"}}],\"inLanguage\":\"de\"},{\"@type\":\"Organization\",\"@id\":\"https:\\\/\\\/www.deutsche-glasfaser.de\\\/blog\\\/#organization\",\"name\":\"Digitales B\u00fcrgernetz\",\"url\":\"https:\\\/\\\/www.deutsche-glasfaser.de\\\/blog\\\/\",\"logo\":{\"@type\":\"ImageObject\",\"inLanguage\":\"de\",\"@id\":\"https:\\\/\\\/www.deutsche-glasfaser.de\\\/blog\\\/#\\\/schema\\\/logo\\\/image\\\/\",\"url\":\"https:\\\/\\\/www.deutsche-glasfaser.de\\\/blog\\\/wp-content\\\/uploads\\\/2021\\\/08\\\/DGF_Logo_Basis_RGB-Large@2x.png\",\"contentUrl\":\"https:\\\/\\\/www.deutsche-glasfaser.de\\\/blog\\\/wp-content\\\/uploads\\\/2021\\\/08\\\/DGF_Logo_Basis_RGB-Large@2x.png\",\"width\":312,\"height\":104,\"caption\":\"Digitales B\u00fcrgernetz\"},\"image\":{\"@id\":\"https:\\\/\\\/www.deutsche-glasfaser.de\\\/blog\\\/#\\\/schema\\\/logo\\\/image\\\/\"}},{\"@type\":\"Person\",\"@id\":\"https:\\\/\\\/www.deutsche-glasfaser.de\\\/blog\\\/#\\\/schema\\\/person\\\/9380a6dc7443d77143d0c66c409f574b\",\"name\":\"Deutsche Glasfaser\"}]}<\/script>\n<!-- \/ Yoast SEO plugin. -->","yoast_head_json":{"title":"Zusammenfassung der ANGA COM 2024 - Digitales B\u00fcrgernetz","description":"Welche Themen besch\u00e4ftigen uns auf der ANGA COM 2024? Das Digitale B\u00fcrgernetz gibt einen \u00dcberblick \u00fcber die Brancheninhalte.","robots":{"index":"index","follow":"follow","max-snippet":"max-snippet:-1","max-image-preview":"max-image-preview:large","max-video-preview":"max-video-preview:-1"},"canonical":"https:\/\/www.deutsche-glasfaser.de\/blog\/branchentreffen-das-ringen-um-die-digitale-zukunft-deutschlands-auf-der-anga-com-2024\/","og_locale":"de_DE","og_type":"article","og_title":"Zusammenfassung der ANGA COM 2024 - Digitales B\u00fcrgernetz","og_description":"Welche Themen besch\u00e4ftigen uns auf der ANGA COM 2024? Das Digitale B\u00fcrgernetz gibt einen \u00dcberblick \u00fcber die Brancheninhalte.","og_url":"https:\/\/www.deutsche-glasfaser.de\/blog\/branchentreffen-das-ringen-um-die-digitale-zukunft-deutschlands-auf-der-anga-com-2024\/","og_site_name":"Digitales B\u00fcrgernetz","article_published_time":"2024-05-23T06:35:49+00:00","article_modified_time":"2024-05-23T06:36:03+00:00","og_image":[{"width":1095,"height":615,"url":"https:\/\/www.deutsche-glasfaser.de\/blog\/wp-content\/uploads\/2024\/05\/Unbenannt-2.jpg","type":"image\/jpeg"}],"author":"Deutsche Glasfaser","twitter_card":"summary_large_image","twitter_misc":{"Verfasst von":"Deutsche Glasfaser","Gesch\u00e4tzte Lesezeit":"5\u00a0Minuten"},"schema":{"@context":"https:\/\/schema.org","@graph":[{"@type":"Article","@id":"https:\/\/www.deutsche-glasfaser.de\/blog\/branchentreffen-das-ringen-um-die-digitale-zukunft-deutschlands-auf-der-anga-com-2024\/#article","isPartOf":{"@id":"https:\/\/www.deutsche-glasfaser.de\/blog\/branchentreffen-das-ringen-um-die-digitale-zukunft-deutschlands-auf-der-anga-com-2024\/"},"author":{"name":"Deutsche Glasfaser","@id":"https:\/\/www.deutsche-glasfaser.de\/blog\/#\/schema\/person\/9380a6dc7443d77143d0c66c409f574b"},"headline":"Branchentreffen: Das Ringen um die Digitale Zukunft Deutschlands auf der Anga Com 2024","datePublished":"2024-05-23T06:35:49+00:00","dateModified":"2024-05-23T06:36:03+00:00","mainEntityOfPage":{"@id":"https:\/\/www.deutsche-glasfaser.de\/blog\/branchentreffen-das-ringen-um-die-digitale-zukunft-deutschlands-auf-der-anga-com-2024\/"},"wordCount":830,"commentCount":0,"publisher":{"@id":"https:\/\/www.deutsche-glasfaser.de\/blog\/#organization"},"image":{"@id":"https:\/\/www.deutsche-glasfaser.de\/blog\/branchentreffen-das-ringen-um-die-digitale-zukunft-deutschlands-auf-der-anga-com-2024\/#primaryimage"},"thumbnailUrl":"https:\/\/www.deutsche-glasfaser.de\/blog\/wp-content\/uploads\/2024\/05\/Unbenannt-2.jpg","articleSection":["#Glasfaser"],"inLanguage":"de","potentialAction":[{"@type":"CommentAction","name":"Comment","target":["https:\/\/www.deutsche-glasfaser.de\/blog\/branchentreffen-das-ringen-um-die-digitale-zukunft-deutschlands-auf-der-anga-com-2024\/#respond"]}]},{"@type":"WebPage","@id":"https:\/\/www.deutsche-glasfaser.de\/blog\/branchentreffen-das-ringen-um-die-digitale-zukunft-deutschlands-auf-der-anga-com-2024\/","url":"https:\/\/www.deutsche-glasfaser.de\/blog\/branchentreffen-das-ringen-um-die-digitale-zukunft-deutschlands-auf-der-anga-com-2024\/","name":"Zusammenfassung der ANGA COM 2024 - Digitales B\u00fcrgernetz","isPartOf":{"@id":"https:\/\/www.deutsche-glasfaser.de\/blog\/#website"},"primaryImageOfPage":{"@id":"https:\/\/www.deutsche-glasfaser.de\/blog\/branchentreffen-das-ringen-um-die-digitale-zukunft-deutschlands-auf-der-anga-com-2024\/#primaryimage"},"image":{"@id":"https:\/\/www.deutsche-glasfaser.de\/blog\/branchentreffen-das-ringen-um-die-digitale-zukunft-deutschlands-auf-der-anga-com-2024\/#primaryimage"},"thumbnailUrl":"https:\/\/www.deutsche-glasfaser.de\/blog\/wp-content\/uploads\/2024\/05\/Unbenannt-2.jpg","datePublished":"2024-05-23T06:35:49+00:00","dateModified":"2024-05-23T06:36:03+00:00","description":"Welche Themen besch\u00e4ftigen uns auf der ANGA COM 2024? Das Digitale B\u00fcrgernetz gibt einen \u00dcberblick \u00fcber die Brancheninhalte.","inLanguage":"de","potentialAction":[{"@type":"ReadAction","target":["https:\/\/www.deutsche-glasfaser.de\/blog\/branchentreffen-das-ringen-um-die-digitale-zukunft-deutschlands-auf-der-anga-com-2024\/"]}]},{"@type":"ImageObject","inLanguage":"de","@id":"https:\/\/www.deutsche-glasfaser.de\/blog\/branchentreffen-das-ringen-um-die-digitale-zukunft-deutschlands-auf-der-anga-com-2024\/#primaryimage","url":"https:\/\/www.deutsche-glasfaser.de\/blog\/wp-content\/uploads\/2024\/05\/Unbenannt-2.jpg","contentUrl":"https:\/\/www.deutsche-glasfaser.de\/blog\/wp-content\/uploads\/2024\/05\/Unbenannt-2.jpg","width":1095,"height":615,"caption":"Reger Austausch - nicht nur auf den St\u00e4nden. Die ANGA COM 2024 konnte einen Besucherrekord aufstellen. @DG\/Vollmers"},{"@type":"WebSite","@id":"https:\/\/www.deutsche-glasfaser.de\/blog\/#website","url":"https:\/\/www.deutsche-glasfaser.de\/blog\/","name":"Digitales B\u00fcrgernetz","description":"Deutsche Glasfaser Blog","publisher":{"@id":"https:\/\/www.deutsche-glasfaser.de\/blog\/#organization"},"potentialAction":[{"@type":"SearchAction","target":{"@type":"EntryPoint","urlTemplate":"https:\/\/www.deutsche-glasfaser.de\/blog\/?s={search_term_string}"},"query-input":{"@type":"PropertyValueSpecification","valueRequired":true,"valueName":"search_term_string"}}],"inLanguage":"de"},{"@type":"Organization","@id":"https:\/\/www.deutsche-glasfaser.de\/blog\/#organization","name":"Digitales B\u00fcrgernetz","url":"https:\/\/www.deutsche-glasfaser.de\/blog\/","logo":{"@type":"ImageObject","inLanguage":"de","@id":"https:\/\/www.deutsche-glasfaser.de\/blog\/#\/schema\/logo\/image\/","url":"https:\/\/www.deutsche-glasfaser.de\/blog\/wp-content\/uploads\/2021\/08\/DGF_Logo_Basis_RGB-Large@2x.png","contentUrl":"https:\/\/www.deutsche-glasfaser.de\/blog\/wp-content\/uploads\/2021\/08\/DGF_Logo_Basis_RGB-Large@2x.png","width":312,"height":104,"caption":"Digitales B\u00fcrgernetz"},"image":{"@id":"https:\/\/www.deutsche-glasfaser.de\/blog\/#\/schema\/logo\/image\/"}},{"@type":"Person","@id":"https:\/\/www.deutsche-glasfaser.de\/blog\/#\/schema\/person\/9380a6dc7443d77143d0c66c409f574b","name":"Deutsche Glasfaser"}]}},"_links":{"self":[{"href":"https:\/\/www.deutsche-glasfaser.de\/blog\/wp-json\/wp\/v2\/posts\/14028","targetHints":{"allow":["GET"]}}],"collection":[{"href":"https:\/\/www.deutsche-glasfaser.de\/blog\/wp-json\/wp\/v2\/posts"}],"about":[{"href":"https:\/\/www.deutsche-glasfaser.de\/blog\/wp-json\/wp\/v2\/types\/post"}],"author":[{"embeddable":true,"href":"https:\/\/www.deutsche-glasfaser.de\/blog\/wp-json\/wp\/v2\/users\/5"}],"replies":[{"embeddable":true,"href":"https:\/\/www.deutsche-glasfaser.de\/blog\/wp-json\/wp\/v2\/comments?post=14028"}],"version-history":[{"count":11,"href":"https:\/\/www.deutsche-glasfaser.de\/blog\/wp-json\/wp\/v2\/posts\/14028\/revisions"}],"predecessor-version":[{"id":14043,"href":"https:\/\/www.deutsche-glasfaser.de\/blog\/wp-json\/wp\/v2\/posts\/14028\/revisions\/14043"}],"wp:featuredmedia":[{"embeddable":true,"href":"https:\/\/www.deutsche-glasfaser.de\/blog\/wp-json\/wp\/v2\/media\/14029"}],"wp:attachment":[{"href":"https:\/\/www.deutsche-glasfaser.de\/blog\/wp-json\/wp\/v2\/media?parent=14028"}],"wp:term":[{"taxonomy":"category","embeddable":true,"href":"https:\/\/www.deutsche-glasfaser.de\/blog\/wp-json\/wp\/v2\/categories?post=14028"},{"taxonomy":"post_tag","embeddable":true,"href":"https:\/\/www.deutsche-glasfaser.de\/blog\/wp-json\/wp\/v2\/tags?post=14028"}],"curies":[{"name":"wp","href":"https:\/\/api.w.org\/{rel}","templated":true}]}}