{"id":13994,"date":"2024-05-14T10:00:00","date_gmt":"2024-05-14T08:00:00","guid":{"rendered":"https:\/\/www.deutsche-glasfaser.de\/blog\/?p=13994"},"modified":"2024-05-14T07:21:44","modified_gmt":"2024-05-14T05:21:44","slug":"digitale-orte-2024-wettbewerb-geht-in-die-nachste-runde","status":"publish","type":"post","link":"https:\/\/www.deutsche-glasfaser.de\/blog\/digitale-orte-2024-wettbewerb-geht-in-die-nachste-runde\/","title":{"rendered":"Digitale Orte 2024: Wettbewerb geht in die n\u00e4chste Runde"},"content":{"rendered":"\t\t<div data-elementor-type=\"wp-post\" data-elementor-id=\"13994\" class=\"elementor elementor-13994\">\n\t\t\t\t\t\t<section class=\"elementor-section elementor-top-section elementor-element elementor-element-430bc88 elementor-section-boxed elementor-section-height-default elementor-section-height-default\" data-id=\"430bc88\" data-element_type=\"section\" data-e-type=\"section\">\n\t\t\t\t\t\t<div class=\"elementor-container elementor-column-gap-default\">\n\t\t\t\t\t<div class=\"elementor-column elementor-col-100 elementor-top-column elementor-element elementor-element-cc86d6c\" data-id=\"cc86d6c\" data-element_type=\"column\" data-e-type=\"column\">\n\t\t\t<div class=\"elementor-widget-wrap elementor-element-populated\">\n\t\t\t\t\t\t<div class=\"elementor-element elementor-element-d974887 elementor-widget elementor-widget-text-editor\" data-id=\"d974887\" data-element_type=\"widget\" data-e-type=\"widget\" data-widget_type=\"text-editor.default\">\n\t\t\t\t<div class=\"elementor-widget-container\">\n\t\t\t\t\t\t\t\t\t<p>Gesucht werden Digitalprojekte, die den l\u00e4ndlichen Raum lebenswerter machen.<\/p>\t\t\t\t\t\t\t\t<\/div>\n\t\t\t\t<\/div>\n\t\t\t\t\t<\/div>\n\t\t<\/div>\n\t\t\t\t\t<\/div>\n\t\t<\/section>\n\t\t\t\t<section class=\"elementor-section elementor-top-section elementor-element elementor-element-ed722fc elementor-section-boxed elementor-section-height-default elementor-section-height-default\" data-id=\"ed722fc\" data-element_type=\"section\" data-e-type=\"section\">\n\t\t\t\t\t\t<div class=\"elementor-container elementor-column-gap-default\">\n\t\t\t\t\t<div class=\"elementor-column elementor-col-100 elementor-top-column elementor-element elementor-element-7ccdd85\" data-id=\"7ccdd85\" data-element_type=\"column\" data-e-type=\"column\">\n\t\t\t<div class=\"elementor-widget-wrap elementor-element-populated\">\n\t\t\t\t\t\t<div class=\"elementor-element elementor-element-f9f12da elementor-widget elementor-widget-text-editor\" data-id=\"f9f12da\" data-element_type=\"widget\" data-e-type=\"widget\" data-widget_type=\"text-editor.default\">\n\t\t\t\t<div class=\"elementor-widget-container\">\n\t\t\t\t\t\t\t\t\t<p>Der l\u00e4ndliche Raum steht vor einer Reihe von Herausforderungen: \u00dcberalterung, Leerstand in den Orts- und Dorfzentren und eine sinkende Zahl von Gesundheitseinrichtungen sowie \u00f6ffentlichen und privaten Versorgungsangeboten. Die \u201edigitale Kluft\u201c, die unterschiedliche digitale Versorgung von st\u00e4dtischem und l\u00e4ndlichem Raum, hat diesen Trend noch weiter versch\u00e4rft. Doch es gibt zahlreiche L\u00f6sungen, die sich diesen Problemen widmen \u2013 und sie erfolgreich l\u00f6sen. Damit diese aber keine Insell\u00f6sungen bleiben und die Projekte und ihre Macherinnen und Macher die Aufmerksamkeit bekommen, die ihnen geb\u00fchrt, loben Deutsche Glasfaser \u00a0und Deutschland \u2013 Land der Ideen ab sofort wieder den Wettbewerb \u201eDigitale Orte\u201d aus. Dieser pr\u00e4miert nun bereits zum dritten Mal solche Projekte und Innovationen, die die Chancen und Potentiale der Digitalisierung im l\u00e4ndlichen Raum nutzen. Gefragt sind dabei gute Ideen aus ganz Deutschland.<\/p><p><strong>\u201e<\/strong>Der Wettbewerb zeigte, dass es in unserem Land einen beeindruckenden Innovationsgeist und ein hohes Ma\u00df an Engagement gibt. Die Vielzahl von fast 170 eingereichten Projekten verdeutlicht, dass viele Menschen bereit sind, sich f\u00fcr gemeinn\u00fctzige Initiativen und die L\u00f6sung gesellschaftlicher Herausforderungen einzusetzen\u201c, kommentierte im vergangenen Jahr einer der Gewinner, Patrick Moldenhauer von <span style=\"text-decoration: underline;\"><a href=\"https:\/\/land-der-ideen.de\/wettbewerbe\/digitale-orte\/preistraegerinnen\/alle-gewinner\/firemon-112\">Firemon112<\/a><\/span>.<\/p><p>Projekte aus dem l\u00e4ndlichen Raum stehen h\u00e4ufig im Schatten besser ausgestatteter Programme in st\u00e4dtischen Ballungsr\u00e4umen \u2013 dabei leben \u00fcber der H\u00e4lfte der Menschen in Deutschland in D\u00f6rfern, Klein- und Mittelst\u00e4dten mit weniger als 20.000 Einwohnern. Die geschaffenen L\u00f6sungen haben also nicht nur f\u00fcr die Menschen vor Ort gro\u00dfe Bedeutung \u2013 sie k\u00f6nnten es auch in anderen Orten haben.<\/p>\t\t\t\t\t\t\t\t<\/div>\n\t\t\t\t<\/div>\n\t\t\t\t<div class=\"elementor-element elementor-element-5f308e9 elementor-widget elementor-widget-text-editor\" data-id=\"5f308e9\" data-element_type=\"widget\" data-e-type=\"widget\" data-widget_type=\"text-editor.default\">\n\t\t\t\t<div class=\"elementor-widget-container\">\n\t\t\t\t\t\t\t\t\t<p>\u201eAls Unternehmen sorgen wir f\u00fcr eine zukunftsgerichtete Glasfaserinfrastruktur im l\u00e4ndlichen Raum, wollen uns aber auch dar\u00fcber hinaus nachhaltig f\u00fcr und in diesen Regionen engagieren\u201c, sagt <strong>Andreas Pfisterer, CEO von Deutsche Glasfaser<\/strong>. \u201eMit der Initiative Digitale Orte 2024 machen wir die Pers\u00f6nlichkeiten hinter den digitalen Innovationen sichtbar und w\u00fcrdigen deren Engagement f\u00fcr die Menschen und deren digitale Teilhabe. Die Beispiele der Finalistinnen und Finalisten der vergangenen Jahre zeigen, wie kreativ Menschen den digitalen Wandel positiv vorantreiben. Beispiele, die Mut machen und Vorbild im besten Wortsinn sind, wie wir gemeinsam Gro\u00dfes gestalten k\u00f6nnen.\u201c\u00a0<\/p><p>Und <strong>Dr. Philipp Mehne<\/strong>, Gesch\u00e4ftsf\u00fchrer von Deutschland Land der Ideen, erg\u00e4nzt: \u201eDie Digitalisierung endet nicht an der Stadtgrenze. Es gibt zahlreiche engagierte und innovative Projekte im l\u00e4ndlichen Raum, die die Digitalisierung nutzen, um Antworten auf dr\u00e4ngende Herausforderungen zu finden.\u201c<\/p>\t\t\t\t\t\t\t\t<\/div>\n\t\t\t\t<\/div>\n\t\t\t\t<div class=\"elementor-element elementor-element-0878746 elementor-widget elementor-widget-video\" data-id=\"0878746\" data-element_type=\"widget\" data-e-type=\"widget\" data-settings=\"{&quot;youtube_url&quot;:&quot;https:\\\/\\\/youtu.be\\\/e88NzDhan8Q&quot;,&quot;video_type&quot;:&quot;youtube&quot;,&quot;controls&quot;:&quot;yes&quot;}\" data-widget_type=\"video.default\">\n\t\t\t\t<div class=\"elementor-widget-container\">\n\t\t\t\t\t\t\t<div class=\"elementor-wrapper elementor-open-inline\">\n\t\t\t<div class=\"elementor-video\"><\/div>\t\t<\/div>\n\t\t\t\t\t\t<\/div>\n\t\t\t\t<\/div>\n\t\t\t\t<div class=\"elementor-element elementor-element-c02323b elementor-widget elementor-widget-spacer\" data-id=\"c02323b\" data-element_type=\"widget\" data-e-type=\"widget\" data-widget_type=\"spacer.default\">\n\t\t\t\t<div class=\"elementor-widget-container\">\n\t\t\t\t\t\t\t<div class=\"elementor-spacer\">\n\t\t\t<div class=\"elementor-spacer-inner\"><\/div>\n\t\t<\/div>\n\t\t\t\t\t\t<\/div>\n\t\t\t\t<\/div>\n\t\t\t\t<div class=\"elementor-element elementor-element-21af367 elementor-widget elementor-widget-text-editor\" data-id=\"21af367\" data-element_type=\"widget\" data-e-type=\"widget\" data-widget_type=\"text-editor.default\">\n\t\t\t\t<div class=\"elementor-widget-container\">\n\t\t\t\t\t\t\t\t\t<p>Der Wettbewerb nominiert Ideen in den f\u00fcnf Kategorien Bildung, Kultur &amp; Soziales, Gesundheit, Mobilit\u00e4t &amp; Infrastruktur, Verwaltung und smarte Kommune. Eine <a href=\"https:\/\/land-der-ideen.de\/wettbewerbe\/digitale-orte\/jury\">hochkar\u00e4tig besetzte Jury<\/a> bestimmt anschlie\u00dfend die Gewinnerprojekte. Bei der Preisverleihung selbst geht es jedoch nicht nur um die Auszeichnungen. Sie soll auch ein physischer Ort sein, an dem sich die Teilnehmenden und Vertreter:innen aus Politik, Wissenschaft und Wirtschaft vernetzen k\u00f6nnen.\u00a0<\/p><p>Zudem k\u00f6nnen die Finalistinnen und Finalisten von der Expertise der namhaften Partner und derer Netzwerke profitieren.<\/p><p>Jetzt sind erneut Vordenker:innen aus l\u00e4ndlichen Regionen aufgerufen, ihre besten digitalen Projekte einzureichen. Die Bewerbungsfrist f\u00fcr 2024 l\u00e4uft noch bis zum 2. Juli 2024. Sie haben ein Projekt, das in Frage kommt: <span style=\"text-decoration: underline;\"><strong><a href=\"https:\/\/land-der-ideen.de\/wettbewerbe\/digitale-orte\">Ab<\/a> jetzt bis zum 2. Juli bewerben<\/strong><\/span>!<\/p>\t\t\t\t\t\t\t\t<\/div>\n\t\t\t\t<\/div>\n\t\t\t\t<div class=\"elementor-element elementor-element-e9e1501 elementor-widget elementor-widget-spacer\" data-id=\"e9e1501\" data-element_type=\"widget\" data-e-type=\"widget\" data-widget_type=\"spacer.default\">\n\t\t\t\t<div class=\"elementor-widget-container\">\n\t\t\t\t\t\t\t<div class=\"elementor-spacer\">\n\t\t\t<div class=\"elementor-spacer-inner\"><\/div>\n\t\t<\/div>\n\t\t\t\t\t\t<\/div>\n\t\t\t\t<\/div>\n\t\t\t\t<div class=\"elementor-element elementor-element-e2a9f2b elementor-widget elementor-widget-heading\" data-id=\"e2a9f2b\" data-element_type=\"widget\" data-e-type=\"widget\" data-widget_type=\"heading.default\">\n\t\t\t\t<div class=\"elementor-widget-container\">\n\t\t\t\t\t<h2 class=\"elementor-heading-title elementor-size-default\">Das waren die Gewinnerprojekte 2023<\/h2>\t\t\t\t<\/div>\n\t\t\t\t<\/div>\n\t\t\t\t<div class=\"elementor-element elementor-element-bc50e8d elementor-widget elementor-widget-spacer\" data-id=\"bc50e8d\" data-element_type=\"widget\" data-e-type=\"widget\" data-widget_type=\"spacer.default\">\n\t\t\t\t<div class=\"elementor-widget-container\">\n\t\t\t\t\t\t\t<div class=\"elementor-spacer\">\n\t\t\t<div class=\"elementor-spacer-inner\"><\/div>\n\t\t<\/div>\n\t\t\t\t\t\t<\/div>\n\t\t\t\t<\/div>\n\t\t\t\t<div class=\"elementor-element elementor-element-73b86dc elementor-widget elementor-widget-text-editor\" data-id=\"73b86dc\" data-element_type=\"widget\" data-e-type=\"widget\" data-widget_type=\"text-editor.default\">\n\t\t\t\t<div class=\"elementor-widget-container\">\n\t\t\t\t\t\t\t\t\t<p><strong>Kategorie Bildung: Fabmobil<br \/><\/strong>Das fahrende Kunst-, Kultur und Zukunftslabor Fabmobil ist vor allem in Sachsen unterwegs. Der Doppeldeckerbus besucht Schulen, Jugendzentren und Begegnungsorte, um Jugendlichen Digitaltechnik nahezubringen. <a href=\"https:\/\/www.deutsche-glasfaser.de\/blog\/digitale-bildung-so-bringen-projekte-digitalisierungswissen-auch-aufs-land\/\">Mehr dazu<\/a><\/p><p><strong>Kategorie Gemeinschaft: Firemon 112<br \/><\/strong>Patrick Moldenhauer, Feuerwehrmann aus S\u00fcderbrarup in Schleswig-Holstein, hat f\u00fcr die Einsatzplanung der Freiwilligen Feuerwehr eine digitale L\u00f6sung entwickelt. Einige Feuerwehren haben das Open-Source-System bereits \u00fcbernommen. <a href=\"https:\/\/www.deutsche-glasfaser.de\/blog\/rueckblick-gemeinschaft-initiativen-profitieren-von-der-digitalisierung\/\">Mehr dazu<\/a><\/p><p><strong>Kategorie Gesundheit: DECIDE<br \/><\/strong>Die Universit\u00e4tsmedizin Mainz hat ein Telemedizin-Tool f\u00fcr Bewegungstherapie entwickelt. Zielgruppe sind von Krebs oder Depression Betroffene, insbesondere im l\u00e4ndlichen Raum, wo der Weg zur n\u00e4chsten Einrichtung lang sein kann. <a href=\"https:\/\/www.deutsche-glasfaser.de\/blog\/e-health-fuer-eine-bessere-gesundheitsversorgung-auf-dem-land\/\">Mehr dazu<\/a><\/p><p><strong>Kategorie Mobilit\u00e4t: Vialytics<br \/><\/strong>Die Smartphone-App Vialytics hat das Stra\u00dfenmanagement im Visier: Bei Fahrten mit dem Fahrrad oder Auto erfasst die App den Zustand von Fahrbahnen und Wegen. Das System wertet KI-gest\u00fctzt die Bilder aus, um Sch\u00e4den zu erkennen und eine Meldung zu machen. <a href=\"https:\/\/www.deutsche-glasfaser.de\/blog\/ki-trifft-schlagloch-wie-ein-start-up-die-arbeit-der-strassenbauaemter-revolutioniert\/\">Mehr dazu<\/a><\/p><p><strong>Kategorie Smarte Kommune: SMARTinfeld<br \/><\/strong>Smart Village statt Smart City: Die th\u00fcringische Gemeinde Martinsfeld setzt auf IoT-Anwendungen, um die Stra\u00dfenbeleuchtung zu steuern oder die Luftqualit\u00e4t zu messen. Daf\u00fcr betreibt der Ort gemeinsam mit dem Partner Alpha-Omega Technology ein sensorbasiertes LoRaWAN-Netzwerk. <a href=\"https:\/\/www.deutsche-glasfaser.de\/blog\/aufgabe-geloest-diese-projekte-gehen-smarte-kommunen-aktuell-an\/\">Mehr dazu<\/a><\/p>\t\t\t\t\t\t\t\t<\/div>\n\t\t\t\t<\/div>\n\t\t\t\t<div class=\"elementor-element elementor-element-c21dd4e elementor-widget elementor-widget-spacer\" data-id=\"c21dd4e\" data-element_type=\"widget\" data-e-type=\"widget\" data-widget_type=\"spacer.default\">\n\t\t\t\t<div class=\"elementor-widget-container\">\n\t\t\t\t\t\t\t<div class=\"elementor-spacer\">\n\t\t\t<div class=\"elementor-spacer-inner\"><\/div>\n\t\t<\/div>\n\t\t\t\t\t\t<\/div>\n\t\t\t\t<\/div>\n\t\t\t\t<div class=\"elementor-element elementor-element-1596efc elementor-widget elementor-widget-image\" data-id=\"1596efc\" data-element_type=\"widget\" data-e-type=\"widget\" data-widget_type=\"image.default\">\n\t\t\t\t<div class=\"elementor-widget-container\">\n\t\t\t\t\t\t\t\t\t\t\t\t<figure class=\"wp-caption\">\n\t\t\t\t\t\t\t\t\t\t<img fetchpriority=\"high\" decoding=\"async\" width=\"768\" height=\"512\" src=\"https:\/\/www.deutsche-glasfaser.de\/blog\/wp-content\/uploads\/2023\/11\/231114-deutsche-glasfaser-249-768x512.jpg\" class=\"attachment-medium_large size-medium_large wp-image-13390\" alt=\"zahlreiche Menschen stehen auf einer B\u00fchne und halten Urkunden in den H\u00e4nden\" srcset=\"https:\/\/www.deutsche-glasfaser.de\/blog\/wp-content\/uploads\/2023\/11\/231114-deutsche-glasfaser-249-768x512.jpg 768w, https:\/\/www.deutsche-glasfaser.de\/blog\/wp-content\/uploads\/2023\/11\/231114-deutsche-glasfaser-249-300x200.jpg 300w, https:\/\/www.deutsche-glasfaser.de\/blog\/wp-content\/uploads\/2023\/11\/231114-deutsche-glasfaser-249-1024x683.jpg 1024w, https:\/\/www.deutsche-glasfaser.de\/blog\/wp-content\/uploads\/2023\/11\/231114-deutsche-glasfaser-249-1536x1024.jpg 1536w, https:\/\/www.deutsche-glasfaser.de\/blog\/wp-content\/uploads\/2023\/11\/231114-deutsche-glasfaser-249-2048x1365.jpg 2048w\" sizes=\"(max-width: 768px) 100vw, 768px\" \/>\t\t\t\t\t\t\t\t\t\t\t<figcaption class=\"widget-image-caption wp-caption-text\">Preisverleihung f\u00fcr Digitale Orte 2023: Ausgezeichnete Projekte und Laudator:innen im Spreespeicher Berlin. \u00a9 Deutsche Glasfaser \/ Laurin Schmid <\/figcaption>\n\t\t\t\t\t\t\t\t\t\t<\/figure>\n\t\t\t\t\t\t\t\t\t<\/div>\n\t\t\t\t<\/div>\n\t\t\t\t<div class=\"elementor-element elementor-element-d67b187 elementor-widget elementor-widget-spacer\" data-id=\"d67b187\" data-element_type=\"widget\" data-e-type=\"widget\" data-widget_type=\"spacer.default\">\n\t\t\t\t<div class=\"elementor-widget-container\">\n\t\t\t\t\t\t\t<div class=\"elementor-spacer\">\n\t\t\t<div class=\"elementor-spacer-inner\"><\/div>\n\t\t<\/div>\n\t\t\t\t\t\t<\/div>\n\t\t\t\t<\/div>\n\t\t\t\t<div class=\"elementor-element elementor-element-d9f8f75 eael-infobox-icon-bg-shape-none eael-infobox-icon-hover-bg-shape-none elementor-widget elementor-widget-eael-info-box\" data-id=\"d9f8f75\" data-element_type=\"widget\" data-e-type=\"widget\" data-widget_type=\"eael-info-box.default\">\n\t\t\t\t<div class=\"elementor-widget-container\">\n\t\t\t\t\t        <div class=\"eael-infobox icon-on-left\">\n\t            <div class=\"infobox-icon eael-icon-only\">\n\n            \n                            <div class=\"infobox-icon-wrap\">\n                    <i aria-hidden=\"true\" class=\"fas fa-info\"><\/i>                <\/div>\n            \n            \n        <\/div>\n            <div class=\"infobox-content eael-icon-only\">\n                    <div class=\"infobox-title-section\">\n                <h2 class=\"title\">Wettbewerb: Jetzt noch bis zum 2. Juli bei Digitale Orte bewerben!<\/h2>            <\/div>\n            <div><p>Seit 2022 vergeben Deutsche Glasfaser und Deutschland \u2013 Land der Ideen Preise f\u00fcr Digitalprojekte aus dem l\u00e4ndlichen Raum. Der Wettbewerb Digitale Orte zeichnet Initiativen, Projekte oder Kommunen in f\u00fcnf verschiedenen Kategorien aus: Bildung, Kultur &amp; Soziales, Gesundheit, Mobilit\u00e4t &amp; Infrastruktur, Verwaltung und smarte Kommune.<\/p><p>Gemeinsam ist den Erfolgsgeschichten, dass sie die Vorteile der Digitalisierung zu nutzen wissen und damit das Leben der Menschen vor Ort verbessern.<\/p><p>Weitere Partner des Wettbewerbs sind das Alexander von Humboldt Institut f\u00fcr Internet und Gesellschaft, die Carl Zeiss Stiftung, der Deutsche Landkreistag, Fraunhofer IESE, das Gigabitb\u00fcro des Bundes, das Netzwerk junge B\u00fcrgermeister*innen TLGG, der Verband VATM.<\/p><p>Informationen \u00fcber den Wettbewerb und die Bewerbung gibt es hier:<\/p><p><span style=\"text-decoration: underline\"><a href=\"http:\/\/www.digitale-orte.de\">www.digitale-orte.de<\/a><\/span><\/p><p>\u00a0<\/p><\/div>        <div class=\"infobox-button\">\n            <a class=\"eael-infobox-button\" href=\"https:\/\/land-der-ideen.de\/wettbewerbe\/digitale-orte\">\n                                                                            <i aria-hidden=\"true\" class=\"eael_infobox_button_icon_left far fa-hand-pointer\"><\/i>                                                    <span class=\"infobox-button-text\">Jetzt bewerben!<\/span>\n                            <\/a>\n        <\/div>\n            <\/div>\n            <\/div>\n\n\t\t\t\t\t\t<\/div>\n\t\t\t\t<\/div>\n\t\t\t\t\t<\/div>\n\t\t<\/div>\n\t\t\t\t\t<\/div>\n\t\t<\/section>\n\t\t\t\t<\/div>\n\t\t","protected":false},"excerpt":{"rendered":"<p>Bereits zum dritten Mal machen sich Deutsche Glasfaser und \u201eDeutschland \u2013 Land der Ideen\u201c auf die Suche nach innovativen Digitalprojekten aus dem l\u00e4ndlichen Raum. Die Bewerbungsfrist l\u00e4uft noch bis zum 2. Juli 2024.<\/p>\n","protected":false},"author":5,"featured_media":13995,"comment_status":"open","ping_status":"open","sticky":false,"template":"","format":"standard","meta":{"footnotes":""},"categories":[71],"tags":[],"class_list":["post-13994","post","type-post","status-publish","format-standard","has-post-thumbnail","hentry","category-gemeinschaft"],"yoast_head":"<!-- This site is optimized with the Yoast SEO plugin v27.5 - https:\/\/yoast.com\/product\/yoast-seo-wordpress\/ -->\n<title>Innovationswettbewerb Digitale Orte 2024 - Digitales B\u00fcrgernetz<\/title>\n<meta name=\"description\" content=\"Der Wettbewerb Digitale Orte von Deutsche Glasfaser und Deutschland \u2013 Land der Ideen geht in die n\u00e4chste Runde. Ausgezeichnet werden digitale Projekte aus l\u00e4ndlichen Regionen.\" \/>\n<meta name=\"robots\" content=\"index, follow, max-snippet:-1, max-image-preview:large, max-video-preview:-1\" \/>\n<link rel=\"canonical\" href=\"https:\/\/www.deutsche-glasfaser.de\/blog\/digitale-orte-2024-wettbewerb-geht-in-die-nachste-runde\/\" \/>\n<meta property=\"og:locale\" content=\"de_DE\" \/>\n<meta property=\"og:type\" content=\"article\" \/>\n<meta property=\"og:title\" content=\"Innovationswettbewerb Digitale Orte 2024 - Digitales B\u00fcrgernetz\" \/>\n<meta property=\"og:description\" content=\"Der Wettbewerb Digitale Orte von Deutsche Glasfaser und Deutschland \u2013 Land der Ideen geht in die n\u00e4chste Runde. Ausgezeichnet werden digitale Projekte aus l\u00e4ndlichen Regionen.\" \/>\n<meta property=\"og:url\" content=\"https:\/\/www.deutsche-glasfaser.de\/blog\/digitale-orte-2024-wettbewerb-geht-in-die-nachste-runde\/\" \/>\n<meta property=\"og:site_name\" content=\"Digitales B\u00fcrgernetz\" \/>\n<meta property=\"article:published_time\" content=\"2024-05-14T08:00:00+00:00\" \/>\n<meta property=\"og:image\" content=\"https:\/\/www.deutsche-glasfaser.de\/blog\/wp-content\/uploads\/2024\/05\/Blogbeitrag-Aufruf-Titelbild.png\" \/>\n\t<meta property=\"og:image:width\" content=\"1920\" \/>\n\t<meta property=\"og:image:height\" content=\"1080\" \/>\n\t<meta property=\"og:image:type\" content=\"image\/png\" \/>\n<meta name=\"author\" content=\"Deutsche Glasfaser\" \/>\n<meta name=\"twitter:card\" content=\"summary_large_image\" \/>\n<meta name=\"twitter:label1\" content=\"Verfasst von\" \/>\n\t<meta name=\"twitter:data1\" content=\"Deutsche Glasfaser\" \/>\n\t<meta name=\"twitter:label2\" content=\"Gesch\u00e4tzte Lesezeit\" \/>\n\t<meta name=\"twitter:data2\" content=\"5\u00a0Minuten\" \/>\n<script type=\"application\/ld+json\" class=\"yoast-schema-graph\">{\"@context\":\"https:\\\/\\\/schema.org\",\"@graph\":[{\"@type\":\"Article\",\"@id\":\"https:\\\/\\\/www.deutsche-glasfaser.de\\\/blog\\\/digitale-orte-2024-wettbewerb-geht-in-die-nachste-runde\\\/#article\",\"isPartOf\":{\"@id\":\"https:\\\/\\\/www.deutsche-glasfaser.de\\\/blog\\\/digitale-orte-2024-wettbewerb-geht-in-die-nachste-runde\\\/\"},\"author\":{\"name\":\"Deutsche Glasfaser\",\"@id\":\"https:\\\/\\\/www.deutsche-glasfaser.de\\\/blog\\\/#\\\/schema\\\/person\\\/9380a6dc7443d77143d0c66c409f574b\"},\"headline\":\"Digitale Orte 2024: Wettbewerb geht in die n\u00e4chste Runde\",\"datePublished\":\"2024-05-14T08:00:00+00:00\",\"mainEntityOfPage\":{\"@id\":\"https:\\\/\\\/www.deutsche-glasfaser.de\\\/blog\\\/digitale-orte-2024-wettbewerb-geht-in-die-nachste-runde\\\/\"},\"wordCount\":893,\"commentCount\":0,\"publisher\":{\"@id\":\"https:\\\/\\\/www.deutsche-glasfaser.de\\\/blog\\\/#organization\"},\"image\":{\"@id\":\"https:\\\/\\\/www.deutsche-glasfaser.de\\\/blog\\\/digitale-orte-2024-wettbewerb-geht-in-die-nachste-runde\\\/#primaryimage\"},\"thumbnailUrl\":\"https:\\\/\\\/www.deutsche-glasfaser.de\\\/blog\\\/wp-content\\\/uploads\\\/2024\\\/05\\\/Blogbeitrag-Aufruf-Titelbild.png\",\"articleSection\":[\"#Gemeinschaft\"],\"inLanguage\":\"de\",\"potentialAction\":[{\"@type\":\"CommentAction\",\"name\":\"Comment\",\"target\":[\"https:\\\/\\\/www.deutsche-glasfaser.de\\\/blog\\\/digitale-orte-2024-wettbewerb-geht-in-die-nachste-runde\\\/#respond\"]}]},{\"@type\":\"WebPage\",\"@id\":\"https:\\\/\\\/www.deutsche-glasfaser.de\\\/blog\\\/digitale-orte-2024-wettbewerb-geht-in-die-nachste-runde\\\/\",\"url\":\"https:\\\/\\\/www.deutsche-glasfaser.de\\\/blog\\\/digitale-orte-2024-wettbewerb-geht-in-die-nachste-runde\\\/\",\"name\":\"Innovationswettbewerb Digitale Orte 2024 - Digitales B\u00fcrgernetz\",\"isPartOf\":{\"@id\":\"https:\\\/\\\/www.deutsche-glasfaser.de\\\/blog\\\/#website\"},\"primaryImageOfPage\":{\"@id\":\"https:\\\/\\\/www.deutsche-glasfaser.de\\\/blog\\\/digitale-orte-2024-wettbewerb-geht-in-die-nachste-runde\\\/#primaryimage\"},\"image\":{\"@id\":\"https:\\\/\\\/www.deutsche-glasfaser.de\\\/blog\\\/digitale-orte-2024-wettbewerb-geht-in-die-nachste-runde\\\/#primaryimage\"},\"thumbnailUrl\":\"https:\\\/\\\/www.deutsche-glasfaser.de\\\/blog\\\/wp-content\\\/uploads\\\/2024\\\/05\\\/Blogbeitrag-Aufruf-Titelbild.png\",\"datePublished\":\"2024-05-14T08:00:00+00:00\",\"description\":\"Der Wettbewerb Digitale Orte von Deutsche Glasfaser und Deutschland \u2013 Land der Ideen geht in die n\u00e4chste Runde. Ausgezeichnet werden digitale Projekte aus l\u00e4ndlichen Regionen.\",\"inLanguage\":\"de\",\"potentialAction\":[{\"@type\":\"ReadAction\",\"target\":[\"https:\\\/\\\/www.deutsche-glasfaser.de\\\/blog\\\/digitale-orte-2024-wettbewerb-geht-in-die-nachste-runde\\\/\"]}]},{\"@type\":\"ImageObject\",\"inLanguage\":\"de\",\"@id\":\"https:\\\/\\\/www.deutsche-glasfaser.de\\\/blog\\\/digitale-orte-2024-wettbewerb-geht-in-die-nachste-runde\\\/#primaryimage\",\"url\":\"https:\\\/\\\/www.deutsche-glasfaser.de\\\/blog\\\/wp-content\\\/uploads\\\/2024\\\/05\\\/Blogbeitrag-Aufruf-Titelbild.png\",\"contentUrl\":\"https:\\\/\\\/www.deutsche-glasfaser.de\\\/blog\\\/wp-content\\\/uploads\\\/2024\\\/05\\\/Blogbeitrag-Aufruf-Titelbild.png\",\"width\":1920,\"height\":1080,\"caption\":\"Gesucht werden Digitalprojekte, die den l\u00e4ndlichen Raum lebenswerter machen.\"},{\"@type\":\"WebSite\",\"@id\":\"https:\\\/\\\/www.deutsche-glasfaser.de\\\/blog\\\/#website\",\"url\":\"https:\\\/\\\/www.deutsche-glasfaser.de\\\/blog\\\/\",\"name\":\"Digitales B\u00fcrgernetz\",\"description\":\"Deutsche Glasfaser Blog\",\"publisher\":{\"@id\":\"https:\\\/\\\/www.deutsche-glasfaser.de\\\/blog\\\/#organization\"},\"potentialAction\":[{\"@type\":\"SearchAction\",\"target\":{\"@type\":\"EntryPoint\",\"urlTemplate\":\"https:\\\/\\\/www.deutsche-glasfaser.de\\\/blog\\\/?s={search_term_string}\"},\"query-input\":{\"@type\":\"PropertyValueSpecification\",\"valueRequired\":true,\"valueName\":\"search_term_string\"}}],\"inLanguage\":\"de\"},{\"@type\":\"Organization\",\"@id\":\"https:\\\/\\\/www.deutsche-glasfaser.de\\\/blog\\\/#organization\",\"name\":\"Digitales B\u00fcrgernetz\",\"url\":\"https:\\\/\\\/www.deutsche-glasfaser.de\\\/blog\\\/\",\"logo\":{\"@type\":\"ImageObject\",\"inLanguage\":\"de\",\"@id\":\"https:\\\/\\\/www.deutsche-glasfaser.de\\\/blog\\\/#\\\/schema\\\/logo\\\/image\\\/\",\"url\":\"https:\\\/\\\/www.deutsche-glasfaser.de\\\/blog\\\/wp-content\\\/uploads\\\/2021\\\/08\\\/DGF_Logo_Basis_RGB-Large@2x.png\",\"contentUrl\":\"https:\\\/\\\/www.deutsche-glasfaser.de\\\/blog\\\/wp-content\\\/uploads\\\/2021\\\/08\\\/DGF_Logo_Basis_RGB-Large@2x.png\",\"width\":312,\"height\":104,\"caption\":\"Digitales B\u00fcrgernetz\"},\"image\":{\"@id\":\"https:\\\/\\\/www.deutsche-glasfaser.de\\\/blog\\\/#\\\/schema\\\/logo\\\/image\\\/\"}},{\"@type\":\"Person\",\"@id\":\"https:\\\/\\\/www.deutsche-glasfaser.de\\\/blog\\\/#\\\/schema\\\/person\\\/9380a6dc7443d77143d0c66c409f574b\",\"name\":\"Deutsche Glasfaser\"}]}<\/script>\n<!-- \/ Yoast SEO plugin. -->","yoast_head_json":{"title":"Innovationswettbewerb Digitale Orte 2024 - Digitales B\u00fcrgernetz","description":"Der Wettbewerb Digitale Orte von Deutsche Glasfaser und Deutschland \u2013 Land der Ideen geht in die n\u00e4chste Runde. Ausgezeichnet werden digitale Projekte aus l\u00e4ndlichen Regionen.","robots":{"index":"index","follow":"follow","max-snippet":"max-snippet:-1","max-image-preview":"max-image-preview:large","max-video-preview":"max-video-preview:-1"},"canonical":"https:\/\/www.deutsche-glasfaser.de\/blog\/digitale-orte-2024-wettbewerb-geht-in-die-nachste-runde\/","og_locale":"de_DE","og_type":"article","og_title":"Innovationswettbewerb Digitale Orte 2024 - Digitales B\u00fcrgernetz","og_description":"Der Wettbewerb Digitale Orte von Deutsche Glasfaser und Deutschland \u2013 Land der Ideen geht in die n\u00e4chste Runde. Ausgezeichnet werden digitale Projekte aus l\u00e4ndlichen Regionen.","og_url":"https:\/\/www.deutsche-glasfaser.de\/blog\/digitale-orte-2024-wettbewerb-geht-in-die-nachste-runde\/","og_site_name":"Digitales B\u00fcrgernetz","article_published_time":"2024-05-14T08:00:00+00:00","og_image":[{"width":1920,"height":1080,"url":"https:\/\/www.deutsche-glasfaser.de\/blog\/wp-content\/uploads\/2024\/05\/Blogbeitrag-Aufruf-Titelbild.png","type":"image\/png"}],"author":"Deutsche Glasfaser","twitter_card":"summary_large_image","twitter_misc":{"Verfasst von":"Deutsche Glasfaser","Gesch\u00e4tzte Lesezeit":"5\u00a0Minuten"},"schema":{"@context":"https:\/\/schema.org","@graph":[{"@type":"Article","@id":"https:\/\/www.deutsche-glasfaser.de\/blog\/digitale-orte-2024-wettbewerb-geht-in-die-nachste-runde\/#article","isPartOf":{"@id":"https:\/\/www.deutsche-glasfaser.de\/blog\/digitale-orte-2024-wettbewerb-geht-in-die-nachste-runde\/"},"author":{"name":"Deutsche Glasfaser","@id":"https:\/\/www.deutsche-glasfaser.de\/blog\/#\/schema\/person\/9380a6dc7443d77143d0c66c409f574b"},"headline":"Digitale Orte 2024: Wettbewerb geht in die n\u00e4chste Runde","datePublished":"2024-05-14T08:00:00+00:00","mainEntityOfPage":{"@id":"https:\/\/www.deutsche-glasfaser.de\/blog\/digitale-orte-2024-wettbewerb-geht-in-die-nachste-runde\/"},"wordCount":893,"commentCount":0,"publisher":{"@id":"https:\/\/www.deutsche-glasfaser.de\/blog\/#organization"},"image":{"@id":"https:\/\/www.deutsche-glasfaser.de\/blog\/digitale-orte-2024-wettbewerb-geht-in-die-nachste-runde\/#primaryimage"},"thumbnailUrl":"https:\/\/www.deutsche-glasfaser.de\/blog\/wp-content\/uploads\/2024\/05\/Blogbeitrag-Aufruf-Titelbild.png","articleSection":["#Gemeinschaft"],"inLanguage":"de","potentialAction":[{"@type":"CommentAction","name":"Comment","target":["https:\/\/www.deutsche-glasfaser.de\/blog\/digitale-orte-2024-wettbewerb-geht-in-die-nachste-runde\/#respond"]}]},{"@type":"WebPage","@id":"https:\/\/www.deutsche-glasfaser.de\/blog\/digitale-orte-2024-wettbewerb-geht-in-die-nachste-runde\/","url":"https:\/\/www.deutsche-glasfaser.de\/blog\/digitale-orte-2024-wettbewerb-geht-in-die-nachste-runde\/","name":"Innovationswettbewerb Digitale Orte 2024 - Digitales B\u00fcrgernetz","isPartOf":{"@id":"https:\/\/www.deutsche-glasfaser.de\/blog\/#website"},"primaryImageOfPage":{"@id":"https:\/\/www.deutsche-glasfaser.de\/blog\/digitale-orte-2024-wettbewerb-geht-in-die-nachste-runde\/#primaryimage"},"image":{"@id":"https:\/\/www.deutsche-glasfaser.de\/blog\/digitale-orte-2024-wettbewerb-geht-in-die-nachste-runde\/#primaryimage"},"thumbnailUrl":"https:\/\/www.deutsche-glasfaser.de\/blog\/wp-content\/uploads\/2024\/05\/Blogbeitrag-Aufruf-Titelbild.png","datePublished":"2024-05-14T08:00:00+00:00","description":"Der Wettbewerb Digitale Orte von Deutsche Glasfaser und Deutschland \u2013 Land der Ideen geht in die n\u00e4chste Runde. Ausgezeichnet werden digitale Projekte aus l\u00e4ndlichen Regionen.","inLanguage":"de","potentialAction":[{"@type":"ReadAction","target":["https:\/\/www.deutsche-glasfaser.de\/blog\/digitale-orte-2024-wettbewerb-geht-in-die-nachste-runde\/"]}]},{"@type":"ImageObject","inLanguage":"de","@id":"https:\/\/www.deutsche-glasfaser.de\/blog\/digitale-orte-2024-wettbewerb-geht-in-die-nachste-runde\/#primaryimage","url":"https:\/\/www.deutsche-glasfaser.de\/blog\/wp-content\/uploads\/2024\/05\/Blogbeitrag-Aufruf-Titelbild.png","contentUrl":"https:\/\/www.deutsche-glasfaser.de\/blog\/wp-content\/uploads\/2024\/05\/Blogbeitrag-Aufruf-Titelbild.png","width":1920,"height":1080,"caption":"Gesucht werden Digitalprojekte, die den l\u00e4ndlichen Raum lebenswerter machen."},{"@type":"WebSite","@id":"https:\/\/www.deutsche-glasfaser.de\/blog\/#website","url":"https:\/\/www.deutsche-glasfaser.de\/blog\/","name":"Digitales B\u00fcrgernetz","description":"Deutsche Glasfaser Blog","publisher":{"@id":"https:\/\/www.deutsche-glasfaser.de\/blog\/#organization"},"potentialAction":[{"@type":"SearchAction","target":{"@type":"EntryPoint","urlTemplate":"https:\/\/www.deutsche-glasfaser.de\/blog\/?s={search_term_string}"},"query-input":{"@type":"PropertyValueSpecification","valueRequired":true,"valueName":"search_term_string"}}],"inLanguage":"de"},{"@type":"Organization","@id":"https:\/\/www.deutsche-glasfaser.de\/blog\/#organization","name":"Digitales B\u00fcrgernetz","url":"https:\/\/www.deutsche-glasfaser.de\/blog\/","logo":{"@type":"ImageObject","inLanguage":"de","@id":"https:\/\/www.deutsche-glasfaser.de\/blog\/#\/schema\/logo\/image\/","url":"https:\/\/www.deutsche-glasfaser.de\/blog\/wp-content\/uploads\/2021\/08\/DGF_Logo_Basis_RGB-Large@2x.png","contentUrl":"https:\/\/www.deutsche-glasfaser.de\/blog\/wp-content\/uploads\/2021\/08\/DGF_Logo_Basis_RGB-Large@2x.png","width":312,"height":104,"caption":"Digitales B\u00fcrgernetz"},"image":{"@id":"https:\/\/www.deutsche-glasfaser.de\/blog\/#\/schema\/logo\/image\/"}},{"@type":"Person","@id":"https:\/\/www.deutsche-glasfaser.de\/blog\/#\/schema\/person\/9380a6dc7443d77143d0c66c409f574b","name":"Deutsche Glasfaser"}]}},"_links":{"self":[{"href":"https:\/\/www.deutsche-glasfaser.de\/blog\/wp-json\/wp\/v2\/posts\/13994","targetHints":{"allow":["GET"]}}],"collection":[{"href":"https:\/\/www.deutsche-glasfaser.de\/blog\/wp-json\/wp\/v2\/posts"}],"about":[{"href":"https:\/\/www.deutsche-glasfaser.de\/blog\/wp-json\/wp\/v2\/types\/post"}],"author":[{"embeddable":true,"href":"https:\/\/www.deutsche-glasfaser.de\/blog\/wp-json\/wp\/v2\/users\/5"}],"replies":[{"embeddable":true,"href":"https:\/\/www.deutsche-glasfaser.de\/blog\/wp-json\/wp\/v2\/comments?post=13994"}],"version-history":[{"count":8,"href":"https:\/\/www.deutsche-glasfaser.de\/blog\/wp-json\/wp\/v2\/posts\/13994\/revisions"}],"predecessor-version":[{"id":14003,"href":"https:\/\/www.deutsche-glasfaser.de\/blog\/wp-json\/wp\/v2\/posts\/13994\/revisions\/14003"}],"wp:featuredmedia":[{"embeddable":true,"href":"https:\/\/www.deutsche-glasfaser.de\/blog\/wp-json\/wp\/v2\/media\/13995"}],"wp:attachment":[{"href":"https:\/\/www.deutsche-glasfaser.de\/blog\/wp-json\/wp\/v2\/media?parent=13994"}],"wp:term":[{"taxonomy":"category","embeddable":true,"href":"https:\/\/www.deutsche-glasfaser.de\/blog\/wp-json\/wp\/v2\/categories?post=13994"},{"taxonomy":"post_tag","embeddable":true,"href":"https:\/\/www.deutsche-glasfaser.de\/blog\/wp-json\/wp\/v2\/tags?post=13994"}],"curies":[{"name":"wp","href":"https:\/\/api.w.org\/{rel}","templated":true}]}}