{"id":13911,"date":"2024-03-12T07:00:00","date_gmt":"2024-03-12T06:00:00","guid":{"rendered":"https:\/\/www.deutsche-glasfaser.de\/blog\/?p=13911"},"modified":"2024-03-12T08:27:30","modified_gmt":"2024-03-12T07:27:30","slug":"e-rezept-so-will-die-anwendung-den-alltag-erleichtern","status":"publish","type":"post","link":"https:\/\/www.deutsche-glasfaser.de\/blog\/e-rezept-so-will-die-anwendung-den-alltag-erleichtern\/","title":{"rendered":"E-Rezept: So will die Anwendung den Alltag erleichtern"},"content":{"rendered":"\t\t<div data-elementor-type=\"wp-post\" data-elementor-id=\"13911\" class=\"elementor elementor-13911\">\n\t\t\t\t\t\t<section class=\"elementor-section elementor-top-section elementor-element elementor-element-f18f8fa elementor-section-boxed elementor-section-height-default elementor-section-height-default\" data-id=\"f18f8fa\" data-element_type=\"section\" data-e-type=\"section\">\n\t\t\t\t\t\t<div class=\"elementor-container elementor-column-gap-default\">\n\t\t\t\t\t<div class=\"elementor-column elementor-col-100 elementor-top-column elementor-element elementor-element-62d07d9\" data-id=\"62d07d9\" data-element_type=\"column\" data-e-type=\"column\">\n\t\t\t<div class=\"elementor-widget-wrap elementor-element-populated\">\n\t\t\t\t\t\t<div class=\"elementor-element elementor-element-f3e87a2 elementor-widget elementor-widget-text-editor\" data-id=\"f3e87a2\" data-element_type=\"widget\" data-e-type=\"widget\" data-widget_type=\"text-editor.default\">\n\t\t\t\t<div class=\"elementor-widget-container\">\n\t\t\t\t\t\t\t\t\t<p>Das e-Rezept ist seit 1.1.2024 Pflicht f\u00fcr alle gesetzlich Versicherten. \u00a9iStock<\/p>\t\t\t\t\t\t\t\t<\/div>\n\t\t\t\t<\/div>\n\t\t\t\t<div class=\"elementor-element elementor-element-5786529 elementor-widget elementor-widget-spacer\" data-id=\"5786529\" data-element_type=\"widget\" data-e-type=\"widget\" data-widget_type=\"spacer.default\">\n\t\t\t\t<div class=\"elementor-widget-container\">\n\t\t\t\t\t\t\t<div class=\"elementor-spacer\">\n\t\t\t<div class=\"elementor-spacer-inner\"><\/div>\n\t\t<\/div>\n\t\t\t\t\t\t<\/div>\n\t\t\t\t<\/div>\n\t\t\t\t<div class=\"elementor-element elementor-element-e2d89c1 elementor-widget elementor-widget-text-editor\" data-id=\"e2d89c1\" data-element_type=\"widget\" data-e-type=\"widget\" data-widget_type=\"text-editor.default\">\n\t\t\t\t<div class=\"elementor-widget-container\">\n\t\t\t\t\t\t\t\t\t<p>Seit Januar 2024 ist die Ausstellung von E-Rezepten f\u00fcr gesetzlich Versicherte Pflicht \u2013 das digitale Verfahren gab es allerdings bereits zuvor. Doch erst mit der gesetzlich verordneten Umstellung ist die Zahl der ausgestellten E-Rezepte in die H\u00f6he geschossen: Allein im ersten Monat des Jahres wurden 36 Millionen E-Rezepte eingel\u00f6st. Der Graph auf dem mit aktuellen Daten gef\u00fctterten <a href=\"https:\/\/www.gematik.de\/telematikinfrastruktur\/ti-dashboard\">Dashboard der Gematik<\/a>\u00a0zeigt steil nach oben.<\/p><p>Der gesetzlichen Pflicht zum E-Rezept waren lange Testzeiten vorangegangen. Das System war auch bereits seit Monaten zug\u00e4nglich. In einem Interview im <a href=\"https:\/\/www.zdf.de\/nachrichten\/zdf-morgenmagazin\/topthema-gesundheit-hausaerzte-lauterbach-100.html\">ZDF-Morgenmagazin<\/a>\u00a0Anfang Januar zeigte sich Bundesgesundheitsminister Karl Lauterbach zuversichtlich, was die technische Umsetzung angeht: \u201eEs wird ein paar Wochen dauern, bis sich das zurechtgeruckelt hat, aber die ganze Technik steht ja. Wir haben das jetzt millionenfach eingesetzt und es funktioniert.\u201c<\/p>\t\t\t\t\t\t\t\t<\/div>\n\t\t\t\t<\/div>\n\t\t\t\t<div class=\"elementor-element elementor-element-814c015 elementor-widget elementor-widget-image\" data-id=\"814c015\" data-element_type=\"widget\" data-e-type=\"widget\" data-widget_type=\"image.default\">\n\t\t\t\t<div class=\"elementor-widget-container\">\n\t\t\t\t\t\t\t\t\t\t\t\t<figure class=\"wp-caption\">\n\t\t\t\t\t\t\t\t\t\t<img fetchpriority=\"high\" decoding=\"async\" width=\"768\" height=\"524\" src=\"https:\/\/www.deutsche-glasfaser.de\/blog\/wp-content\/uploads\/2024\/03\/Beitragsbild_gettyimages-1398244492-_FINAL-768x524.jpg\" class=\"attachment-medium_large size-medium_large wp-image-13921\" alt=\"Mann zeigt Frau in wei\u00dfem Kittel in einer Apotheke sein Smartphone.\" srcset=\"https:\/\/www.deutsche-glasfaser.de\/blog\/wp-content\/uploads\/2024\/03\/Beitragsbild_gettyimages-1398244492-_FINAL-768x524.jpg 768w, https:\/\/www.deutsche-glasfaser.de\/blog\/wp-content\/uploads\/2024\/03\/Beitragsbild_gettyimages-1398244492-_FINAL-300x205.jpg 300w, https:\/\/www.deutsche-glasfaser.de\/blog\/wp-content\/uploads\/2024\/03\/Beitragsbild_gettyimages-1398244492-_FINAL.jpg 788w\" sizes=\"(max-width: 768px) 100vw, 768px\" \/>\t\t\t\t\t\t\t\t\t\t\t<figcaption class=\"widget-image-caption wp-caption-text\">In der Apotheke kann das e-Rezept ganz einfach \u00fcber die App oder auch die elektronische Gesundheitskarte eingel\u00f6st werden. \u00a9gettyimages<\/figcaption>\n\t\t\t\t\t\t\t\t\t\t<\/figure>\n\t\t\t\t\t\t\t\t\t<\/div>\n\t\t\t\t<\/div>\n\t\t\t\t<div class=\"elementor-element elementor-element-2ea09ae elementor-widget elementor-widget-spacer\" data-id=\"2ea09ae\" data-element_type=\"widget\" data-e-type=\"widget\" data-widget_type=\"spacer.default\">\n\t\t\t\t<div class=\"elementor-widget-container\">\n\t\t\t\t\t\t\t<div class=\"elementor-spacer\">\n\t\t\t<div class=\"elementor-spacer-inner\"><\/div>\n\t\t<\/div>\n\t\t\t\t\t\t<\/div>\n\t\t\t\t<\/div>\n\t\t\t\t<div class=\"elementor-element elementor-element-36ce1e2 elementor-widget elementor-widget-heading\" data-id=\"36ce1e2\" data-element_type=\"widget\" data-e-type=\"widget\" data-widget_type=\"heading.default\">\n\t\t\t\t<div class=\"elementor-widget-container\">\n\t\t\t\t\t<h2 class=\"elementor-heading-title elementor-size-default\">Neuer Standard der Medikamentenverschreibung<\/h2>\t\t\t\t<\/div>\n\t\t\t\t<\/div>\n\t\t\t\t<div class=\"elementor-element elementor-element-148cf5b elementor-widget elementor-widget-spacer\" data-id=\"148cf5b\" data-element_type=\"widget\" data-e-type=\"widget\" data-widget_type=\"spacer.default\">\n\t\t\t\t<div class=\"elementor-widget-container\">\n\t\t\t\t\t\t\t<div class=\"elementor-spacer\">\n\t\t\t<div class=\"elementor-spacer-inner\"><\/div>\n\t\t<\/div>\n\t\t\t\t\t\t<\/div>\n\t\t\t\t<\/div>\n\t\t\t\t<div class=\"elementor-element elementor-element-834996d elementor-widget elementor-widget-text-editor\" data-id=\"834996d\" data-element_type=\"widget\" data-e-type=\"widget\" data-widget_type=\"text-editor.default\">\n\t\t\t\t<div class=\"elementor-widget-container\">\n\t\t\t\t\t\t\t\t\t<p>Das E-Rezept ist Teil der Telematikinfrastuktur, f\u00fcr die in Deutschland die Nationale Agentur f\u00fcr Digitale Medizin gematik verantwortlich ist. Sie schafft die Rahmenbedingungen f\u00fcr Anwendungen wie die digitale Patientenakte ePA, die Notfalldatenspeicherung auf der Gesundheitskarte oder den Standard KIM, mit dem Befunde und Arztbriefe zwischen Diagnoseeinrichtungen und Arztpraxen sicher versendet werden k\u00f6nnen.<\/p><p>Auch das E-Rezept ist ein Standard, der jetzt f\u00fcr gesetzlich Versicherte verpflichtend geworden ist. Privatversicherte k\u00f6nnen den Service nutzen, wenn ihre Krankenkasse sie mit einer Gesundheits-ID und einem Online-Check-in versorgt.<\/p><p>Das neue E-Rezept wird nicht mehr auf einem Rezeptvordruck erstellt und unterschrieben, sondern liegt digital vor. Die Patientinnen und Patienten l\u00f6sen die Verschreibung in der Regel mit ihrer elektronischen Gesundheitskarte in der Apotheke ein \u2013 das ist nach Angaben der gematik die g\u00e4ngigste Methode. Es ist jedoch auch m\u00f6glich, sich in der Praxis das E-Rezept ausdrucken zu lassen: Die Apotheke scannt dann den darauf befindlichen QR-Code. Digital am fortschrittlichsten ist die E-Rezept-App, die sich Patientinnen und Patienten auf das Smartphone laden k\u00f6nnen.<\/p>\t\t\t\t\t\t\t\t<\/div>\n\t\t\t\t<\/div>\n\t\t\t\t<div class=\"elementor-element elementor-element-39803be elementor-widget elementor-widget-spacer\" data-id=\"39803be\" data-element_type=\"widget\" data-e-type=\"widget\" data-widget_type=\"spacer.default\">\n\t\t\t\t<div class=\"elementor-widget-container\">\n\t\t\t\t\t\t\t<div class=\"elementor-spacer\">\n\t\t\t<div class=\"elementor-spacer-inner\"><\/div>\n\t\t<\/div>\n\t\t\t\t\t\t<\/div>\n\t\t\t\t<\/div>\n\t\t\t\t<div class=\"elementor-element elementor-element-2569b94 elementor-widget elementor-widget-heading\" data-id=\"2569b94\" data-element_type=\"widget\" data-e-type=\"widget\" data-widget_type=\"heading.default\">\n\t\t\t\t<div class=\"elementor-widget-container\">\n\t\t\t\t\t<h2 class=\"elementor-heading-title elementor-size-default\">Mehr M\u00f6glichkeiten durch mehr Digitalisierung<\/h2>\t\t\t\t<\/div>\n\t\t\t\t<\/div>\n\t\t\t\t<div class=\"elementor-element elementor-element-977a2be elementor-widget elementor-widget-spacer\" data-id=\"977a2be\" data-element_type=\"widget\" data-e-type=\"widget\" data-widget_type=\"spacer.default\">\n\t\t\t\t<div class=\"elementor-widget-container\">\n\t\t\t\t\t\t\t<div class=\"elementor-spacer\">\n\t\t\t<div class=\"elementor-spacer-inner\"><\/div>\n\t\t<\/div>\n\t\t\t\t\t\t<\/div>\n\t\t\t\t<\/div>\n\t\t\t\t<div class=\"elementor-element elementor-element-8eca899 elementor-widget elementor-widget-text-editor\" data-id=\"8eca899\" data-element_type=\"widget\" data-e-type=\"widget\" data-widget_type=\"text-editor.default\">\n\t\t\t\t<div class=\"elementor-widget-container\">\n\t\t\t\t\t\t\t\t\t<p>Die drei Wege, mit den neuen E-Rezept an die Medikamente zu kommen, sind nicht gleichwertig. Denn mit dem Grad der Digitalisierung \u2013 vom Ausdruck mit QR-Code \u00fcber die elektronische Gesundheitskarte bis zur App \u2013 steigt auch die Zahl der M\u00f6glichkeiten. W\u00e4hrend beim Ausdruck immerhin noch die Daten sicher in der Telematikinfrastruktur gespeichert sind und kaum noch Fehler beim Lesen auftreten sollten, sparen Nutzer:innen der Gesundheitskarte Papier und k\u00f6nnen Folgeverschreibungen erhalten, ohne in die Praxis zu kommen. Die App schlie\u00dflich macht weitere Features zug\u00e4nglich: bei der Apotheke direkt online zu bestellen, die Rezepte von Angeh\u00f6rigen zu verwalten und die Rezepte der vergangenen 100 Tage einzusehen.<\/p><p>In einem Interview mit der Zeitung <a href=\"https:\/\/www.apotheken-umschau.de\/gesundheitspolitik\/interview-gematik-chef-leyck-dieken-daten-nicht-zu-nutzen-kostet-leben-1025955.html\">Apotheken Umschau<\/a> im November vergangenen Jahres betonte Dr. Markus Leyck Dieken, bis Ende 2023 Gesch\u00e4ftsf\u00fchrer der gematik: \u201eBereits jetzt wird das E-Rezept am h\u00e4ufigsten mit der elektronischen Gesundheitskarte eingel\u00f6st. Danach folgt der Ausdruck. Die App ist noch schwer zug\u00e4nglich.\u201c Das k\u00f6nnte sich bald \u00e4ndern: Rund eine Million Nutzer:innen haben die E-Rezept-App in den ersten Wochen des Jahres 2024 heruntergeladen und best\u00e4tigen damit vielleicht eine Vermutung des ehemaligen gematik-Gesch\u00e4ftsf\u00fchrers: \u201eDie meisten B\u00fcrger wissen, dass sie von einem besseren digitalen Gesundheitswesen profitieren k\u00f6nnen: Ein E-Rezept zu Hause zu empfangen, ohne in die Arztpraxis zu gehen, ist bequem. Mithilfe der elektronischen Patientenakte k\u00f6nnen \u00c4rzte und Apotheker Wechselwirkungen von Medikamenten einfach feststellen. Und die Gemeinschaft kann von den Daten ebenfalls profitieren. Ich glaube, viele sp\u00fcren inzwischen, dass ihnen durch die mangelnde Digitalisierung einiges entgeht.\u201c<\/p><p>Organisationen wie der Digitalverband Bitkom jedenfalls begr\u00fc\u00dfen, dass es mit E-Rezept und digitaler Patientenakte in Deutschland vorangeht. Deren Hauptgesch\u00e4ftsf\u00fchrer <a href=\"https:\/\/www.bitkom.org\/Presse\/Presseinformation\/Bitkom-zu-Beschluss-von-E-Rezept-und-ePA\">Dr. Bernhard Rohleder<\/a>\u00a0dazu: \u201eEin digitalisiertes Gesundheitssystem macht die Menschen informierter, souver\u00e4ner und versetzt sie in die Lage, sich besser um ihre eigene Gesundheit zu k\u00fcmmern. Wichtig ist jetzt, dass auch Praxen und Kliniken den Hebel auf digital umlegen.\u201c<\/p>\t\t\t\t\t\t\t\t<\/div>\n\t\t\t\t<\/div>\n\t\t\t\t<div class=\"elementor-element elementor-element-3e510c2 elementor-widget elementor-widget-spacer\" data-id=\"3e510c2\" data-element_type=\"widget\" data-e-type=\"widget\" data-widget_type=\"spacer.default\">\n\t\t\t\t<div class=\"elementor-widget-container\">\n\t\t\t\t\t\t\t<div class=\"elementor-spacer\">\n\t\t\t<div class=\"elementor-spacer-inner\"><\/div>\n\t\t<\/div>\n\t\t\t\t\t\t<\/div>\n\t\t\t\t<\/div>\n\t\t\t\t<div class=\"elementor-element elementor-element-7ac9f85 eael-infobox-icon-bg-shape-none eael-infobox-icon-hover-bg-shape-none elementor-widget elementor-widget-eael-info-box\" data-id=\"7ac9f85\" data-element_type=\"widget\" data-e-type=\"widget\" data-widget_type=\"eael-info-box.default\">\n\t\t\t\t<div class=\"elementor-widget-container\">\n\t\t\t\t\t        <div class=\"eael-infobox icon-on-left\">\n\t            <div class=\"infobox-icon eael-icon-only\">\n\n            \n                            <div class=\"infobox-icon-wrap\">\n                    <i aria-hidden=\"true\" class=\"fas fa-info\"><\/i>                <\/div>\n            \n            \n        <\/div>\n            <div class=\"infobox-content eael-icon-only\">\n                    <div class=\"infobox-title-section\">\n                <h2 class=\"title\">Telematikinfrastruktur TI<\/h2>            <\/div>\n            <div><p>Mit diesem Begriff bezeichnet die Nationale Agentur f\u00fcr Digitale Medizin gematik ihre Plattform f\u00fcr Gesundheitsanwendungen. Sie baut eine zeitgem\u00e4\u00dfe Infrastruktur auf, betreibt sie und entwickelt sie weiter \u2013 immer im engen Austausch mit Praxen, Apotheken und Patient:innen, die dar\u00fcber Gesundheitsdaten standardisiert und strukturiert austauschen k\u00f6nnen.<\/p><p>Bekannte Anwendungen sind das E-Rezept und die digitale Patientenakte ePA, die die Kommunikation im Gesundheitssystem vereinfachen soll. Ihre Digitalisierungsauftr\u00e4ge erh\u00e4lt die gematik vom Bundestag.<\/p><p><a href=\"https:\/\/www.gematik.de\">https:\/\/www.gematik.de<\/a>\/<\/p><\/div>        <\/div>\n            <\/div>\n\n\t\t\t\t\t\t<\/div>\n\t\t\t\t<\/div>\n\t\t\t\t\t<\/div>\n\t\t<\/div>\n\t\t\t\t\t<\/div>\n\t\t<\/section>\n\t\t\t\t<\/div>\n\t\t","protected":false},"excerpt":{"rendered":"<p>Seit Januar erhalten gesetzlich Versicherte ihre apothekenpflichtigen Medikamente nur noch als E-Rezept. Einl\u00f6sen k\u00f6nnen Patient:innen das Rezept via Gesundheitskarte, per App \u2013 oder \u00fcber den QR-Code auf einem Ausdruck. Was bringt die Umstellung?<\/p>\n","protected":false},"author":5,"featured_media":13912,"comment_status":"open","ping_status":"open","sticky":false,"template":"","format":"standard","meta":{"footnotes":""},"categories":[66],"tags":[],"class_list":["post-13911","post","type-post","status-publish","format-standard","has-post-thumbnail","hentry","category-gesundheit"],"yoast_head":"<!-- This site is optimized with the Yoast SEO plugin v27.5 - https:\/\/yoast.com\/product\/yoast-seo-wordpress\/ -->\n<title>Digitalisierung in der Medizin: E-Rezept - Digitales B\u00fcrgernetz<\/title>\n<meta name=\"description\" content=\"Das E-Rezept ist seit Januar 2024 f\u00fcr gesetzlich Versicherte in Deutschland verpflichtend. So lief die Einf\u00fchrung.\" \/>\n<meta name=\"robots\" content=\"index, follow, max-snippet:-1, max-image-preview:large, max-video-preview:-1\" \/>\n<link rel=\"canonical\" href=\"https:\/\/www.deutsche-glasfaser.de\/blog\/e-rezept-so-will-die-anwendung-den-alltag-erleichtern\/\" \/>\n<meta property=\"og:locale\" content=\"de_DE\" \/>\n<meta property=\"og:type\" content=\"article\" \/>\n<meta property=\"og:title\" content=\"Digitalisierung in der Medizin: E-Rezept - Digitales B\u00fcrgernetz\" \/>\n<meta property=\"og:description\" content=\"Das E-Rezept ist seit Januar 2024 f\u00fcr gesetzlich Versicherte in Deutschland verpflichtend. So lief die Einf\u00fchrung.\" \/>\n<meta property=\"og:url\" content=\"https:\/\/www.deutsche-glasfaser.de\/blog\/e-rezept-so-will-die-anwendung-den-alltag-erleichtern\/\" \/>\n<meta property=\"og:site_name\" content=\"Digitales B\u00fcrgernetz\" \/>\n<meta property=\"article:published_time\" content=\"2024-03-12T06:00:00+00:00\" \/>\n<meta property=\"article:modified_time\" content=\"2024-03-12T07:27:30+00:00\" \/>\n<meta property=\"og:image\" content=\"https:\/\/www.deutsche-glasfaser.de\/blog\/wp-content\/uploads\/2024\/03\/Titelbild_iStock-1413766045.jpg\" \/>\n\t<meta property=\"og:image:width\" content=\"1500\" \/>\n\t<meta property=\"og:image:height\" content=\"705\" \/>\n\t<meta property=\"og:image:type\" content=\"image\/jpeg\" \/>\n<meta name=\"author\" content=\"Deutsche Glasfaser\" \/>\n<meta name=\"twitter:card\" content=\"summary_large_image\" \/>\n<meta name=\"twitter:label1\" content=\"Verfasst von\" \/>\n\t<meta name=\"twitter:data1\" content=\"Deutsche Glasfaser\" \/>\n\t<meta name=\"twitter:label2\" content=\"Gesch\u00e4tzte Lesezeit\" \/>\n\t<meta name=\"twitter:data2\" content=\"5\u00a0Minuten\" \/>\n<script type=\"application\/ld+json\" class=\"yoast-schema-graph\">{\"@context\":\"https:\\\/\\\/schema.org\",\"@graph\":[{\"@type\":\"Article\",\"@id\":\"https:\\\/\\\/www.deutsche-glasfaser.de\\\/blog\\\/e-rezept-so-will-die-anwendung-den-alltag-erleichtern\\\/#article\",\"isPartOf\":{\"@id\":\"https:\\\/\\\/www.deutsche-glasfaser.de\\\/blog\\\/e-rezept-so-will-die-anwendung-den-alltag-erleichtern\\\/\"},\"author\":{\"name\":\"Deutsche Glasfaser\",\"@id\":\"https:\\\/\\\/www.deutsche-glasfaser.de\\\/blog\\\/#\\\/schema\\\/person\\\/9380a6dc7443d77143d0c66c409f574b\"},\"headline\":\"E-Rezept: So will die Anwendung den Alltag erleichtern\",\"datePublished\":\"2024-03-12T06:00:00+00:00\",\"dateModified\":\"2024-03-12T07:27:30+00:00\",\"mainEntityOfPage\":{\"@id\":\"https:\\\/\\\/www.deutsche-glasfaser.de\\\/blog\\\/e-rezept-so-will-die-anwendung-den-alltag-erleichtern\\\/\"},\"wordCount\":750,\"commentCount\":0,\"publisher\":{\"@id\":\"https:\\\/\\\/www.deutsche-glasfaser.de\\\/blog\\\/#organization\"},\"image\":{\"@id\":\"https:\\\/\\\/www.deutsche-glasfaser.de\\\/blog\\\/e-rezept-so-will-die-anwendung-den-alltag-erleichtern\\\/#primaryimage\"},\"thumbnailUrl\":\"https:\\\/\\\/www.deutsche-glasfaser.de\\\/blog\\\/wp-content\\\/uploads\\\/2024\\\/03\\\/Titelbild_iStock-1413766045.jpg\",\"articleSection\":[\"#Gesundheit\"],\"inLanguage\":\"de\",\"potentialAction\":[{\"@type\":\"CommentAction\",\"name\":\"Comment\",\"target\":[\"https:\\\/\\\/www.deutsche-glasfaser.de\\\/blog\\\/e-rezept-so-will-die-anwendung-den-alltag-erleichtern\\\/#respond\"]}]},{\"@type\":\"WebPage\",\"@id\":\"https:\\\/\\\/www.deutsche-glasfaser.de\\\/blog\\\/e-rezept-so-will-die-anwendung-den-alltag-erleichtern\\\/\",\"url\":\"https:\\\/\\\/www.deutsche-glasfaser.de\\\/blog\\\/e-rezept-so-will-die-anwendung-den-alltag-erleichtern\\\/\",\"name\":\"Digitalisierung in der Medizin: E-Rezept - Digitales B\u00fcrgernetz\",\"isPartOf\":{\"@id\":\"https:\\\/\\\/www.deutsche-glasfaser.de\\\/blog\\\/#website\"},\"primaryImageOfPage\":{\"@id\":\"https:\\\/\\\/www.deutsche-glasfaser.de\\\/blog\\\/e-rezept-so-will-die-anwendung-den-alltag-erleichtern\\\/#primaryimage\"},\"image\":{\"@id\":\"https:\\\/\\\/www.deutsche-glasfaser.de\\\/blog\\\/e-rezept-so-will-die-anwendung-den-alltag-erleichtern\\\/#primaryimage\"},\"thumbnailUrl\":\"https:\\\/\\\/www.deutsche-glasfaser.de\\\/blog\\\/wp-content\\\/uploads\\\/2024\\\/03\\\/Titelbild_iStock-1413766045.jpg\",\"datePublished\":\"2024-03-12T06:00:00+00:00\",\"dateModified\":\"2024-03-12T07:27:30+00:00\",\"description\":\"Das E-Rezept ist seit Januar 2024 f\u00fcr gesetzlich Versicherte in Deutschland verpflichtend. So lief die Einf\u00fchrung.\",\"inLanguage\":\"de\",\"potentialAction\":[{\"@type\":\"ReadAction\",\"target\":[\"https:\\\/\\\/www.deutsche-glasfaser.de\\\/blog\\\/e-rezept-so-will-die-anwendung-den-alltag-erleichtern\\\/\"]}]},{\"@type\":\"ImageObject\",\"inLanguage\":\"de\",\"@id\":\"https:\\\/\\\/www.deutsche-glasfaser.de\\\/blog\\\/e-rezept-so-will-die-anwendung-den-alltag-erleichtern\\\/#primaryimage\",\"url\":\"https:\\\/\\\/www.deutsche-glasfaser.de\\\/blog\\\/wp-content\\\/uploads\\\/2024\\\/03\\\/Titelbild_iStock-1413766045.jpg\",\"contentUrl\":\"https:\\\/\\\/www.deutsche-glasfaser.de\\\/blog\\\/wp-content\\\/uploads\\\/2024\\\/03\\\/Titelbild_iStock-1413766045.jpg\",\"width\":1500,\"height\":705,\"caption\":\"Smartphone mit symbolischem e-Rezept Schriftzug in blau auf dem Bildschirm vor Holztisch mit Kuchenst\u00fcck und Kaffeetasse\"},{\"@type\":\"WebSite\",\"@id\":\"https:\\\/\\\/www.deutsche-glasfaser.de\\\/blog\\\/#website\",\"url\":\"https:\\\/\\\/www.deutsche-glasfaser.de\\\/blog\\\/\",\"name\":\"Digitales B\u00fcrgernetz\",\"description\":\"Deutsche Glasfaser Blog\",\"publisher\":{\"@id\":\"https:\\\/\\\/www.deutsche-glasfaser.de\\\/blog\\\/#organization\"},\"potentialAction\":[{\"@type\":\"SearchAction\",\"target\":{\"@type\":\"EntryPoint\",\"urlTemplate\":\"https:\\\/\\\/www.deutsche-glasfaser.de\\\/blog\\\/?s={search_term_string}\"},\"query-input\":{\"@type\":\"PropertyValueSpecification\",\"valueRequired\":true,\"valueName\":\"search_term_string\"}}],\"inLanguage\":\"de\"},{\"@type\":\"Organization\",\"@id\":\"https:\\\/\\\/www.deutsche-glasfaser.de\\\/blog\\\/#organization\",\"name\":\"Digitales B\u00fcrgernetz\",\"url\":\"https:\\\/\\\/www.deutsche-glasfaser.de\\\/blog\\\/\",\"logo\":{\"@type\":\"ImageObject\",\"inLanguage\":\"de\",\"@id\":\"https:\\\/\\\/www.deutsche-glasfaser.de\\\/blog\\\/#\\\/schema\\\/logo\\\/image\\\/\",\"url\":\"https:\\\/\\\/www.deutsche-glasfaser.de\\\/blog\\\/wp-content\\\/uploads\\\/2021\\\/08\\\/DGF_Logo_Basis_RGB-Large@2x.png\",\"contentUrl\":\"https:\\\/\\\/www.deutsche-glasfaser.de\\\/blog\\\/wp-content\\\/uploads\\\/2021\\\/08\\\/DGF_Logo_Basis_RGB-Large@2x.png\",\"width\":312,\"height\":104,\"caption\":\"Digitales B\u00fcrgernetz\"},\"image\":{\"@id\":\"https:\\\/\\\/www.deutsche-glasfaser.de\\\/blog\\\/#\\\/schema\\\/logo\\\/image\\\/\"}},{\"@type\":\"Person\",\"@id\":\"https:\\\/\\\/www.deutsche-glasfaser.de\\\/blog\\\/#\\\/schema\\\/person\\\/9380a6dc7443d77143d0c66c409f574b\",\"name\":\"Deutsche Glasfaser\"}]}<\/script>\n<!-- \/ Yoast SEO plugin. -->","yoast_head_json":{"title":"Digitalisierung in der Medizin: E-Rezept - Digitales B\u00fcrgernetz","description":"Das E-Rezept ist seit Januar 2024 f\u00fcr gesetzlich Versicherte in Deutschland verpflichtend. So lief die Einf\u00fchrung.","robots":{"index":"index","follow":"follow","max-snippet":"max-snippet:-1","max-image-preview":"max-image-preview:large","max-video-preview":"max-video-preview:-1"},"canonical":"https:\/\/www.deutsche-glasfaser.de\/blog\/e-rezept-so-will-die-anwendung-den-alltag-erleichtern\/","og_locale":"de_DE","og_type":"article","og_title":"Digitalisierung in der Medizin: E-Rezept - Digitales B\u00fcrgernetz","og_description":"Das E-Rezept ist seit Januar 2024 f\u00fcr gesetzlich Versicherte in Deutschland verpflichtend. So lief die Einf\u00fchrung.","og_url":"https:\/\/www.deutsche-glasfaser.de\/blog\/e-rezept-so-will-die-anwendung-den-alltag-erleichtern\/","og_site_name":"Digitales B\u00fcrgernetz","article_published_time":"2024-03-12T06:00:00+00:00","article_modified_time":"2024-03-12T07:27:30+00:00","og_image":[{"width":1500,"height":705,"url":"https:\/\/www.deutsche-glasfaser.de\/blog\/wp-content\/uploads\/2024\/03\/Titelbild_iStock-1413766045.jpg","type":"image\/jpeg"}],"author":"Deutsche Glasfaser","twitter_card":"summary_large_image","twitter_misc":{"Verfasst von":"Deutsche Glasfaser","Gesch\u00e4tzte Lesezeit":"5\u00a0Minuten"},"schema":{"@context":"https:\/\/schema.org","@graph":[{"@type":"Article","@id":"https:\/\/www.deutsche-glasfaser.de\/blog\/e-rezept-so-will-die-anwendung-den-alltag-erleichtern\/#article","isPartOf":{"@id":"https:\/\/www.deutsche-glasfaser.de\/blog\/e-rezept-so-will-die-anwendung-den-alltag-erleichtern\/"},"author":{"name":"Deutsche Glasfaser","@id":"https:\/\/www.deutsche-glasfaser.de\/blog\/#\/schema\/person\/9380a6dc7443d77143d0c66c409f574b"},"headline":"E-Rezept: So will die Anwendung den Alltag erleichtern","datePublished":"2024-03-12T06:00:00+00:00","dateModified":"2024-03-12T07:27:30+00:00","mainEntityOfPage":{"@id":"https:\/\/www.deutsche-glasfaser.de\/blog\/e-rezept-so-will-die-anwendung-den-alltag-erleichtern\/"},"wordCount":750,"commentCount":0,"publisher":{"@id":"https:\/\/www.deutsche-glasfaser.de\/blog\/#organization"},"image":{"@id":"https:\/\/www.deutsche-glasfaser.de\/blog\/e-rezept-so-will-die-anwendung-den-alltag-erleichtern\/#primaryimage"},"thumbnailUrl":"https:\/\/www.deutsche-glasfaser.de\/blog\/wp-content\/uploads\/2024\/03\/Titelbild_iStock-1413766045.jpg","articleSection":["#Gesundheit"],"inLanguage":"de","potentialAction":[{"@type":"CommentAction","name":"Comment","target":["https:\/\/www.deutsche-glasfaser.de\/blog\/e-rezept-so-will-die-anwendung-den-alltag-erleichtern\/#respond"]}]},{"@type":"WebPage","@id":"https:\/\/www.deutsche-glasfaser.de\/blog\/e-rezept-so-will-die-anwendung-den-alltag-erleichtern\/","url":"https:\/\/www.deutsche-glasfaser.de\/blog\/e-rezept-so-will-die-anwendung-den-alltag-erleichtern\/","name":"Digitalisierung in der Medizin: E-Rezept - Digitales B\u00fcrgernetz","isPartOf":{"@id":"https:\/\/www.deutsche-glasfaser.de\/blog\/#website"},"primaryImageOfPage":{"@id":"https:\/\/www.deutsche-glasfaser.de\/blog\/e-rezept-so-will-die-anwendung-den-alltag-erleichtern\/#primaryimage"},"image":{"@id":"https:\/\/www.deutsche-glasfaser.de\/blog\/e-rezept-so-will-die-anwendung-den-alltag-erleichtern\/#primaryimage"},"thumbnailUrl":"https:\/\/www.deutsche-glasfaser.de\/blog\/wp-content\/uploads\/2024\/03\/Titelbild_iStock-1413766045.jpg","datePublished":"2024-03-12T06:00:00+00:00","dateModified":"2024-03-12T07:27:30+00:00","description":"Das E-Rezept ist seit Januar 2024 f\u00fcr gesetzlich Versicherte in Deutschland verpflichtend. So lief die Einf\u00fchrung.","inLanguage":"de","potentialAction":[{"@type":"ReadAction","target":["https:\/\/www.deutsche-glasfaser.de\/blog\/e-rezept-so-will-die-anwendung-den-alltag-erleichtern\/"]}]},{"@type":"ImageObject","inLanguage":"de","@id":"https:\/\/www.deutsche-glasfaser.de\/blog\/e-rezept-so-will-die-anwendung-den-alltag-erleichtern\/#primaryimage","url":"https:\/\/www.deutsche-glasfaser.de\/blog\/wp-content\/uploads\/2024\/03\/Titelbild_iStock-1413766045.jpg","contentUrl":"https:\/\/www.deutsche-glasfaser.de\/blog\/wp-content\/uploads\/2024\/03\/Titelbild_iStock-1413766045.jpg","width":1500,"height":705,"caption":"Smartphone mit symbolischem e-Rezept Schriftzug in blau auf dem Bildschirm vor Holztisch mit Kuchenst\u00fcck und Kaffeetasse"},{"@type":"WebSite","@id":"https:\/\/www.deutsche-glasfaser.de\/blog\/#website","url":"https:\/\/www.deutsche-glasfaser.de\/blog\/","name":"Digitales B\u00fcrgernetz","description":"Deutsche Glasfaser Blog","publisher":{"@id":"https:\/\/www.deutsche-glasfaser.de\/blog\/#organization"},"potentialAction":[{"@type":"SearchAction","target":{"@type":"EntryPoint","urlTemplate":"https:\/\/www.deutsche-glasfaser.de\/blog\/?s={search_term_string}"},"query-input":{"@type":"PropertyValueSpecification","valueRequired":true,"valueName":"search_term_string"}}],"inLanguage":"de"},{"@type":"Organization","@id":"https:\/\/www.deutsche-glasfaser.de\/blog\/#organization","name":"Digitales B\u00fcrgernetz","url":"https:\/\/www.deutsche-glasfaser.de\/blog\/","logo":{"@type":"ImageObject","inLanguage":"de","@id":"https:\/\/www.deutsche-glasfaser.de\/blog\/#\/schema\/logo\/image\/","url":"https:\/\/www.deutsche-glasfaser.de\/blog\/wp-content\/uploads\/2021\/08\/DGF_Logo_Basis_RGB-Large@2x.png","contentUrl":"https:\/\/www.deutsche-glasfaser.de\/blog\/wp-content\/uploads\/2021\/08\/DGF_Logo_Basis_RGB-Large@2x.png","width":312,"height":104,"caption":"Digitales B\u00fcrgernetz"},"image":{"@id":"https:\/\/www.deutsche-glasfaser.de\/blog\/#\/schema\/logo\/image\/"}},{"@type":"Person","@id":"https:\/\/www.deutsche-glasfaser.de\/blog\/#\/schema\/person\/9380a6dc7443d77143d0c66c409f574b","name":"Deutsche Glasfaser"}]}},"_links":{"self":[{"href":"https:\/\/www.deutsche-glasfaser.de\/blog\/wp-json\/wp\/v2\/posts\/13911","targetHints":{"allow":["GET"]}}],"collection":[{"href":"https:\/\/www.deutsche-glasfaser.de\/blog\/wp-json\/wp\/v2\/posts"}],"about":[{"href":"https:\/\/www.deutsche-glasfaser.de\/blog\/wp-json\/wp\/v2\/types\/post"}],"author":[{"embeddable":true,"href":"https:\/\/www.deutsche-glasfaser.de\/blog\/wp-json\/wp\/v2\/users\/5"}],"replies":[{"embeddable":true,"href":"https:\/\/www.deutsche-glasfaser.de\/blog\/wp-json\/wp\/v2\/comments?post=13911"}],"version-history":[{"count":10,"href":"https:\/\/www.deutsche-glasfaser.de\/blog\/wp-json\/wp\/v2\/posts\/13911\/revisions"}],"predecessor-version":[{"id":13924,"href":"https:\/\/www.deutsche-glasfaser.de\/blog\/wp-json\/wp\/v2\/posts\/13911\/revisions\/13924"}],"wp:featuredmedia":[{"embeddable":true,"href":"https:\/\/www.deutsche-glasfaser.de\/blog\/wp-json\/wp\/v2\/media\/13912"}],"wp:attachment":[{"href":"https:\/\/www.deutsche-glasfaser.de\/blog\/wp-json\/wp\/v2\/media?parent=13911"}],"wp:term":[{"taxonomy":"category","embeddable":true,"href":"https:\/\/www.deutsche-glasfaser.de\/blog\/wp-json\/wp\/v2\/categories?post=13911"},{"taxonomy":"post_tag","embeddable":true,"href":"https:\/\/www.deutsche-glasfaser.de\/blog\/wp-json\/wp\/v2\/tags?post=13911"}],"curies":[{"name":"wp","href":"https:\/\/api.w.org\/{rel}","templated":true}]}}